{"id":12698,"date":"2025-02-17T10:07:27","date_gmt":"2025-02-17T09:07:27","guid":{"rendered":"https:\/\/www.panoramamarbella.com\/?p=12698"},"modified":"2025-06-05T12:30:10","modified_gmt":"2025-06-05T10:30:10","slug":"karnevalszeit-in-andalusien","status":"publish","type":"post","link":"https:\/\/www.panoramamarbella.com\/de\/news\/karnevalszeit-in-andalusien","title":{"rendered":"Karnevalszeit in Andalusien \u2013 Die besten Ereignisse f\u00fcr deinen Kalender 2025"},"content":{"rendered":"\n\n<h2 class=\"wp-block-heading\">Erlebe die Magie des Karnevals!<\/h2>\n\n\n<div class=\"lead\"><p>Es ist Karnevalszeit in Spanien! Hier sind die wichtigsten Ereignisse, die in Andalusien im Februar und M\u00e4rz 2025 stattfinden werden.<\/p>\n<p>Spanien, mit seinen tief verwurzelten katholischen Traditionen, feiert den Karneval als eine Zeit der Festlichkeiten, bevor die 40-t\u00e4gige Fastenzeit beginnt. Es ist eine Gelegenheit f\u00fcr die Menschen, sich zu vergn\u00fcgen und zu feiern, bevor die Einschr\u00e4nkungen der religi\u00f6sen Saison beginnen. In vielen St\u00e4dten in Andalusien beinhalten die Festlichkeiten lebendige Stra\u00dfenparaden, die als Calbagatas bekannt sind, lebhafte T\u00e4nze, Wettbewerbe wie die Wahl einer &#8222;Karnevals-K\u00f6nigin&#8220; und verschiedene Gesangswettbewerbe. In den kleineren St\u00e4dten und D\u00f6rfern gibt es ebenfalls einzigartige Festlichkeiten zu entdecken, bei denen jede Gemeinde ihre eigenen Traditionen und lokale Geschichte feiert, die sich in ihren j\u00e4hrlichen Auff\u00fchrungen von Gesang, Tanz, Stra\u00dfenparaden, Kost\u00fcmen, Aktivit\u00e4ten und gastronomischen Angeboten widerspiegelt.<\/p>\n<\/div>\n\n\n<ul class=\"table-index list-unstyled p-4 p-lg-5 ms-0 bg-light\"><li class=\"text-uppercase fw-bold mb-3\">Inhaltsverzeichnis<\/li><li><a href=\"#erlebe+die+magie+des+karnevals\">\nErlebe die Magie des Karnevals!\n<\/a><\/li>\n<li><a href=\"#malaga+220225++020325\">\nM\u00e1laga: 22\/02\/25 \u2013 02\/03\/25\n<\/a><\/li>\n<li><a href=\"#cadiz+270225++090325\">\nC\u00e1diz: 27\/02\/25 \u2013 09\/03\/25\n<\/a><\/li>\n<li><a href=\"#tarifa140325++160325\">\nTarifa:14\/03\/25 - 16\/03\/25\n<\/a><\/li>\n<li><a href=\"#isla+cristina+020325++090325\">\nIsla Cristina: 02\/03\/25 - 09\/03\/25\n<\/a><\/li><\/ul>\n\n\n\n<h2 class=\"wp-block-heading\">M\u00e1laga: 22\/02\/25 \u2013 02\/03\/25<\/h2>\n\n\n\t<figure class=\"wp-caption aligncenter wp-block-acf-wpimage\">\n\t<picture><source width=\"900\" height=\"472\" srcset=\"https:\/\/media.panoramamarbella.com\/imgV1\/B95mbh8olwFQm~uCT2wPZMb8hll4wghQQQq6YWg0~c~U_DrmgY8pGP8pqaDzA6mvjyI_OPtcrHD_aKxDZZGzdM_GgL~LSaqrWhQA5aw4XNAE3joK92IBn4zBVXh89p6M_ijs8pqmtTyuHNzKPVgzvdOSKKxRt4Kn9CQYP6uog3XMPg3wFlK9SDDkC6RHPjYgZEnFmNVeEe6t.webp 900w\" type=\"image\/webp\"><img decoding=\"async\" class=\"img-fluid\" loading=\"lazy\" width=\"900\" height=\"472\" alt=\"Bild eines Karnevalsplakats aus Malaga. Das Bild hat einen rosa Hintergrund und der wei\u00dfe Schriftzug \u201eCrbaval Malaga\u201c steht darauf.\" src=\"https:\/\/media.panoramamarbella.com\/imgV1\/B95mbh8olwFQm~uCT2wPZMb8hll4wghQQQq6YWg0~c~U_DrmgY8pGP8pqaDzA6mvjyI_OPtcrHD_aKxDZZGzdM_GgL~LSaqrWhQA5aw4XNAE3joK92IBn4zBVXh89p6M_ijs8pqmtTyuHNzKPVgzvdOSKKxRqcouIO7OPPZqnpgDskbI7BY-.jpg\"><\/picture>\t\t<\/figure>\n\t\n\n\n<p>Der Karneval von M\u00e1laga ist ein lebendiges und multikulturelles Festival, das in diesem Jahr vom 22. Februar bis zum 2. M\u00e4rz auf die Stra\u00dfen geht. Besucher k\u00f6nnen Paraden, Konzerte und die lebhafte &#8222;<em>Blumen-Battle<\/em>&#8220; genie\u00dfen, bei der das Stadtzentrum mit Musikdarbietungen und Konfettiregen erweckt wird. Vor dem Beginn des Karnevals finden jedes Wochenende Veranstaltungen statt. Um auf dem Laufenden zu bleiben, besuchen Sie: <a href=\"https:\/\/carnavaldemalaga.es\/\" target=\"_blank\" rel=\"noreferrer noopener nofollow\">carnavaldemalaga.es<\/a> und gehen Sie zur Seite &#8222;Agenda 2025&#8220;.<\/p>\n\n\n\t<figure class=\"wp-caption aligncenter wp-block-acf-wpimage\">\n\t<picture><source width=\"900\" height=\"600\" srcset=\"https:\/\/media.panoramamarbella.com\/imgV1\/B95mbh8olwFQm~uCT2wPZMb8hll4wghQQQq6YWg0~c~U_DrmgY8pGP8pqaDzA6mvjyI_OPtcrHD_aKxDZZGzdM_GgL~LSaqrWhQA5aw4XNAE3joK92IBn48butTeI0GiizSFhYfixVxO3NK3zUpXbZ4NOJH0YSvRYK1D~X2nGnE43ahHA0UnRwdzdemAA~9A9Hky2Gvbrd02.webp 900w\" type=\"image\/webp\"><img decoding=\"async\" class=\"img-fluid\" loading=\"lazy\" width=\"900\" height=\"600\" alt=\"Frauenparade beim Karneval in M\u00e1laga. Die Frauen tragen ein Kleid und einen extravaganten Hut mit Federn.\" src=\"https:\/\/media.panoramamarbella.com\/imgV1\/B95mbh8olwFQm~uCT2wPZMb8hll4wghQQQq6YWg0~c~U_DrmgY8pGP8pqaDzA6mvjyI_OPtcrHD_aKxDZZGzdM_GgL~LSaqrWhQA5aw4XNAE3joK92IBn48butTeI0GiizSFhYfixVxO3NK3zUpXbZ4NOJH0f5tBv428r5xy5nUd9B2DI8E-.jpg\"><\/picture>\t\t<\/figure>\n\t\n\n\n<p>Erwarten Sie verschiedene Musikgruppen, darunter s\u00e4nger, <em>chirigotas<\/em>, <em>comparsas<\/em>, <em>murgas<\/em>, troupen, Quartette und Ch\u00f6re aus ganz Andalusien, die an Orten wie dem Cervantes-Theater auftreten. Die K\u00fcnstler beginnen etwa 8 Monate vor dem Karneval mit den Proben und pr\u00e4sentieren ihre ersten Auftritte Anfang Februar. Die Gruppen k\u00e4mpfen um einen Platz im &#8222;Finale&#8220;, das am Abend des letzten Tages vor Beginn der Karnevals-Woche stattfindet.<br><br>Am Sonntag, den 2. M\u00e4rz, kulminieren die Feierlichkeiten mit der &#8222;<em>Gran Boqueron\u00e1<\/em>&#8222;, bei der ab Mittag auf der Plaza de la Constituci\u00f3n kostenlose frittierte Anchovis angeboten werden. Es folgt das traditionelle &#8222;Begr\u00e4bnis des Boquer\u00f3n&#8220;. Bei diesem Event wird eine riesige Anchovis-Effigie durch die Stadt bis zum Strand von La Malagueta getragen, wo sie feierlich auf einem gro\u00dfen Lagerfeuer verbrannt wird, was das Ende des Karnevals und den Beginn der Fastenzeit symbolisiert.<\/p>\n\n\n\n<h2 class=\"wp-block-heading\">C\u00e1diz: 27\/02\/25 \u2013 09\/03\/25<\/h2>\n\n\n\n<p>Der Karneval von C\u00e1diz gilt als international von touristischem Interesse und findet in diesem Jahr vom 27. Februar bis zum 3. M\u00e4rz statt. Das vollst\u00e4ndige Programm wurde noch nicht ver\u00f6ffentlicht, wird jedoch Stra\u00dfenfeste, Paraden und Wettbewerbe f\u00fcr Karnevalsgruppen beinhalten, wobei das am meisten erwartete Ereignis der <a href=\"https:\/\/www.guiadecadiz.com\/es\/agenda\/enero\/2025\/concurso-oficial-agrupaciones-carnavalescas-coac-2025\" target=\"_blank\" rel=\"noreferrer noopener nofollow\">COAC-Gesangswettbewerb<\/a> im Gran Teatro Falla ist. F\u00fcr diejenigen, die nicht teilnehmen k\u00f6nnen, aber dennoch die Show sehen m\u00f6chten, ist dies auf ihrem <a href=\"https:\/\/www.youtube.com\/@ONDACADIZCARNAVAL\" target=\"_blank\" rel=\"noreferrer noopener nofollow\">YouTube<\/a>-Kanal m\u00f6glich \u2013 die Vorrunden haben bereits begonnen!<br><\/p>\n\n\n\t<figure class=\"wp-caption aligncenter wp-block-acf-wpimage\">\n\t<picture><source width=\"900\" height=\"600\" srcset=\"https:\/\/media.panoramamarbella.com\/imgV1\/B95mbh8olwFQm~uCT2wPZMb8hll4wghQQQq6YWg0~c~U_DrmgY8pGP8pqaDzA6mvjyI_OPtcrHD_aKxDZZGzdM_GgL~LSaqrWhQA5aw4XNAE3joK92IBn47LtNCihrpe7D5rRPy3WzD9nEmLB2UnzWaPIi9J0CSGGbPlOEA303aUESvffkwP7ugymQr6zlnOFM3rkOJ15Ku8.webp 900w\" type=\"image\/webp\"><img decoding=\"async\" class=\"img-fluid\" loading=\"lazy\" width=\"900\" height=\"600\" alt=\"Chirigota von Cadiz. Eine Gruppe von Frauen singt in C\u00e1diz eine Chirigota.\" src=\"https:\/\/media.panoramamarbella.com\/imgV1\/B95mbh8olwFQm~uCT2wPZMb8hll4wghQQQq6YWg0~c~U_DrmgY8pGP8pqaDzA6mvjyI_OPtcrHD_aKxDZZGzdM_GgL~LSaqrWhQA5aw4XNAE3joK92IBn47LtNCihrpe7D5rRPy3WzD9nEmLB2UnzWaPIi9JztwHHfzHxMmZje2G7k7AUDY-.jpg\"><\/picture>\t\t<\/figure>\n\t\n\n\n<p>Jede der Gruppen im COAC hat ihre eigenen Kost\u00fcme, die als &#8222;<em>tipos<\/em>&#8220; bekannt sind, und f\u00fchrt originale Lieder auf, deren Themen aktuelle Ereignisse und Nachrichten des Vorjahres in Form von sozialer Satire und politischer Kritik widerspiegeln. Es ist eine einzigartige musikalische Talentshow, die reich an Kultur und zukunftsweisendem Humor ist. Die Texte k\u00f6nnen selbst f\u00fcr fortgeschrittene Spanischsprecher schwer zu folgen sein, da der Kontext nuanciert und tief in der lokalen \u00dcberlieferung verwurzelt ist, aber es bleibt eine fantastische Show, auch wenn man nicht alles versteht, was passiert.<\/p>\n\n\n\n<h3 class=\"wp-block-heading\">Austern, Coplas und Tradition: &#8222;Die Ostionada von San Antonio&#8220;.<\/h3>\n\n\n\n<p>Am Sonntag, den 2. Februar, fand die beliebte <em>Ostionada<\/em> auf der Plaza de San Antonio statt, einem der gr\u00f6\u00dften Pl\u00e4tze der Stadt. Dieses Ereignis ist im Wesentlichen eine Ausrede, um kostenlose Austern zu essen und Coplas zu h\u00f6ren, die Musik auf den Stra\u00dfen spielen. Die Karnevalsauff\u00fchrungen gehen weiter, w\u00e4hrend Bier, guter Wein, Manzanilla de Sanl\u00facar oder Muskatwein genossen wird.<\/p>\n\n\n\t<figure class=\"wp-caption aligncenter wp-block-acf-wpimage\">\n\t<picture><source width=\"900\" height=\"596\" srcset=\"https:\/\/media.panoramamarbella.com\/imgV1\/B95mbh8olwFQm~uCT2wPZMb8hll4wghQQQq6YWg0~c~U_DrmgY8pGP8pqaDzA6mvjyI_OPtcrHD_aKxDZZGzdM_GgL~LSaqrWhQA5aw4XNAE3joK92IBn4l1EMwkxTtQeWYdit8y2w95X6ZNhFz1VVXfEdHNhnID83eTnPxDrpxqqnuYtdeHB5YXJeWVe5Su9x1qxEQcnpMA.webp 900w\" type=\"image\/webp\"><img decoding=\"async\" class=\"img-fluid\" loading=\"lazy\" width=\"900\" height=\"596\" alt=\"Brighelle, sehr weiches, s\u00fc\u00dfes frittiertes Geb\u00e4ck, typisch f\u00fcr den Karneval und gef\u00fcllt mit verschiedenen Cremes\" src=\"https:\/\/media.panoramamarbella.com\/imgV1\/B95mbh8olwFQm~uCT2wPZMb8hll4wghQQQq6YWg0~c~U_DrmgY8pGP8pqaDzA6mvjyI_OPtcrHD_aKxDZZGzdM_GgL~LSaqrWhQA5aw4XNAE3joK92IBn4l1EMwkxTtQeWYdit8y2w95X6ZNhFz1VVXfEdHNmG2a8fMhywtghBRR9MUvniY-.jpg\"><\/picture>\t\t\t<figcaption class=\"wp-caption-text\">\n\t\tBrighelle, sehr weiche, s\u00fc\u00dfe frittierte Geb\u00e4ckst\u00fccke, die typisch f\u00fcr den Karneval sind und mit verschiedenen Cremes gef\u00fcllt werden\t\t<\/figcaption>\n\t\t\t<\/figure>\n\t\n\n\n<p>Neben den kostenlosen Austern werden rund 12.000 s\u00fc\u00dfe frittierte Geb\u00e4ckst\u00fccke zusammen mit dem traditionellen Glas Anisette verteilt. Die erw\u00e4hnte Austernparty beinhaltete insgesamt 1.500 kg Austern, ganz zu schweigen von all den anderen gastronomischen Angeboten, die noch stattfinden werden.<\/p>\n\n\n\n<p>Am 3. M\u00e4rz findet die Gro\u00dfe Parade des Karnevals von C\u00e1diz 2025 statt. Dies ist die Haupt-<em>Cabalgata<\/em> und wohl die beeindruckendste in Andalusien. Sitzplatzkarten werden ab 10:00 Uhr am 7. Februar bis 10:00 Uhr am 14. Februar zum Verkauf angeboten, sie k\u00f6nnen hier gekauft <a href=\"https:\/\/www.enterticket.es\/eventos\/gran-cabalgata-del-carnaval-de-cadiz-2025-946537\" target=\"_blank\" rel=\"noreferrer noopener nofollow\">werden<\/a>; alternativ k\u00f6nnen Tickets an der Kasse oder am Tag selbst bei den Platzanweisern erworben werden.<\/p>\n\n\n\n<h2 class=\"wp-block-heading\">Tarifa:14\/03\/25 &#8211; 16\/03\/25<\/h2>\n\n\n\t<figure class=\"wp-caption alignright wp-block-acf-wpimage\">\n\t<picture><source width=\"646\" height=\"900\" srcset=\"https:\/\/media.panoramamarbella.com\/imgV1\/B95mbh8olwFQm~uCT2wPZMb8hll4wghQQQq6YWg0~c~U_DrmgY8pGP8pqaDzA6mvjyI_OPtcrHD_aKxDZZGzdM_GgL~LSaqrWhQA5aw4XNAE3joK92IBn4hMBF_ZiXuFeSLGRUAfE5m~HebRu7xwuwJyiFcLY2_XAAUvBYMeoG~IcJoJFmxutNuzXv4_ST9OLOd1QbtSMfTK.webp 646w\" type=\"image\/webp\"><img decoding=\"async\" class=\"img-fluid\" loading=\"lazy\" width=\"646\" height=\"900\" alt=\"Das offizielle Plakat zum Karneval in Tarifa 2025\" src=\"https:\/\/media.panoramamarbella.com\/imgV1\/B95mbh8olwFQm~uCT2wPZMb8hll4wghQQQq6YWg0~c~U_DrmgY8pGP8pqaDzA6mvjyI_OPtcrHD_aKxDZZGzdM_GgL~LSaqrWhQA5aw4XNAE3joK92IBn4hMBF_ZiXuFeSLGRUAfE5m~HebRu7xwuwJyiFcLfT32KwLVqWZJT~dffHfd9MI-.jpg\"><\/picture>\t\t\t<figcaption class=\"wp-caption-text\">\n\t\tDas offizielle Poster f\u00fcr den Karneval von Tarifa 2025\t\t<\/figcaption>\n\t\t\t<\/figure>\n\t\n\n\n<p>Die faszinierende historische Stadt Tarifa liegt in der Provinz C\u00e1diz an der Costa de la Luz, nur eine Stunde westlich von Marbella. Bekannt als die \u201eKitesurf-Hauptstadt Europas\u201c, machen ihre unber\u00fchrten Str\u00e4nde und Gebiete von au\u00dfergew\u00f6hnlicher Sch\u00f6nheit sie zu einem beliebten Urlaubsziel, besonders f\u00fcr Einheimische, die entlang der Costa del Sol leben. Wenn du den Karneval noch nie erlebt hast, wird Tarifa der perfekte Ort sein, um dich mit der Tradition vertraut zu machen, ohne dich mit der Intensit\u00e4t einer Gro\u00dfstadt auseinandersetzen zu m\u00fcssen, aber dennoch die volle Bandbreite der Feierlichkeiten zu erleben.<\/p>\n\n\n\n<p>Vom 14. bis 16. M\u00e4rz werden die Festlichkeiten mit lebhaften Paraden, Kost\u00fcmwettbewerben und musikalischen Darbietungen die Stra\u00dfen von Tarifa in eine lebendige Feier der andalusischen Kultur verwandeln. Jedes Jahr w\u00e4hlt Tarifa ein neues zentrales Thema, das haupts\u00e4chlich den Ton f\u00fcr das Kost\u00fcmdesign angibt. Letztes Jahr war ihr Thema \u201eBrasilien\u201c und das Jahr davor \u201eChinatown\u201c. In diesem Jahr ist das zentrale Thema \u201eKino\u201c. Die Teilnehmer werden ermutigt, das Thema in ihren Kost\u00fcmen aufzugreifen und sich von verschiedenen Filmgenres und -epochen inspirieren zu lassen.<\/p>\n\n\n\n<p>Der Karneval von Tarifa 2025 hat nun ein offizielles Poster, das vom in C\u00e1diz geborenen K\u00fcnstler Pablo Fern\u00e1ndez-Pujol entworfen wurde, der sein Werk gro\u00dfz\u00fcgig der Gemeinde Tarifa gespendet hat. In Aquarell gemalt, zeigt das Kunstwerk wundersch\u00f6n eine Meereslandschaft mit der Insel und einem Leuchtturm-Projektor, der dem Kino-Thema des diesj\u00e4hrigen Karnevals huldigt.<\/p>\n\n\n\n<h3 class=\"wp-block-heading\">Empfehlungen, um sicherzustellen, dass du nichts verpasst.<\/h3>\n\n\n\n<p class=\"clearfix\">Um \u00fcber das diesj\u00e4hrige Ereignis informiert zu bleiben, empfehlen wir die Facebook-Gruppe <a href=\"https:\/\/www.facebook.com\/groups\/149187470538857\/posts\/876935891097341\/\" target=\"_blank\" rel=\"noreferrer noopener nofollow\">Tarifa Info &amp; Chat | Carnival 2025 Tarifa<\/a>. Sie posten aktuelle Informationen, beantworten Fragen und geben Empfehlungen von Anwohnern und Personen, die bereits zuvor besucht haben.<\/p>\n\n\n\n<h2 class=\"wp-block-heading\">Isla Cristina: 02\/03\/25 &#8211; 09\/03\/25<\/h2>\n\n\n\n<p>Isla Cristina ist eine Stadt und Gemeinde in der Provinz Huelva, im westlichen Teil Andalusiens. Der Karneval von Isla Cristina ist einer der \u00e4ltesten in Spanien und wurde in der Region als Festival von touristischem Interesse erkl\u00e4rt. Dieses Festival hat die Vorrunden f\u00fcr sein musikalisches Talent, die am 17. Februar im <a href=\"https:\/\/www.tickentradas.com\/lugar\/teatro-municipal-horacio-noguera-isla-cristina-huelva\" target=\"_blank\" rel=\"noreferrer noopener nofollow\">Horacio Noguera Municipal Theater<\/a> beginnen, mit dem Finale des Gesangswettbewerbs am Samstag, den 1. M\u00e4rz. Bleiben Sie auf dem Laufenden mit ihrem Karnevals-Kalender hier.<br><\/p>\n\n\n\t<figure class=\"wp-caption aligncenter wp-block-acf-wpimage\">\n\t<picture><source width=\"900\" height=\"563\" srcset=\"https:\/\/media.panoramamarbella.com\/imgV1\/B95mbh8olwFQm~uCT2wPZMb8hll4wghQQQq6YWg0~c~U_DrmgY8pGP8pqaDzA6mvjyI_OPtcrHD_aKxDZZGzdM_GgL~LSaqrWhQA5aw4XNAE3joK92IBn4v8I0ZsEcBiEIthragsQLKNcRQ~360XoKQV09mA790LDx_UwqRk5Vqodqq~V9lVgb0drlf4FePqequQhHIa88bV.webp 900w\" type=\"image\/webp\"><img decoding=\"async\" class=\"img-fluid\" loading=\"lazy\" width=\"900\" height=\"563\" alt=\"Eine Gruppe singender Chirigoteros\" src=\"https:\/\/media.panoramamarbella.com\/imgV1\/B95mbh8olwFQm~uCT2wPZMb8hll4wghQQQq6YWg0~c~U_DrmgY8pGP8pqaDzA6mvjyI_OPtcrHD_aKxDZZGzdM_GgL~LSaqrWhQA5aw4XNAE3joK92IBn4v8I0ZsEcBiEIthragsQLKNcRQ~360XoKQV09mA8YNjFUipJAJerUzQAG~WP2s-.jpg\"><\/picture>\t\t<\/figure>\n\t\n\n\n<p>Der Hauptstra\u00dfenzug (<em>Cabalgata<\/em>), der die meisten Besucher anzieht, findet am Sonntag, den 2. M\u00e4rz, statt, wobei die ganze folgende Woche \u00fcber Kost\u00fcmfeste und Feiern stattfinden. Der letzte Karnevalstag endet am 9. M\u00e4rz mit dem <em>Domingo de Pi\u00f1ata<\/em> (Pi\u00f1ata-Sonntag) von 12:00 bis 13:00 Uhr. Das Besondere an dieser Festivit\u00e4t ist die Pi\u00f1ata, die zur Tradition wurde, als die Einheimischen die Pi\u00f1ata bei dem Tanz aufstellten, der an diesem Tag stattfand und von Musikern mit Akkordeons, <em>Bandurrias<\/em> und Gitarren begleitet wurde.<\/p>\n\n\n\n<h3 class=\"wp-block-heading\">Der Karneval, der die Pr\u00fcfung der Zeit \u00fcberstanden hat.<\/h3>\n\n\n\n<p>Die Tradition war hier so stark, dass die Menschen, selbst als Franco das Land regierte und diese Art von Festen landesweit verbot, diesen Karneval heimlich weiter feierten. Wenn du in diese lokale Tradition eintauchen und den Karneval in Isla Cristina genie\u00dfen m\u00f6chtest, solltest du unbedingt die unber\u00fchrten Str\u00e4nde von El Rompido besuchen, eine atemberaubende Gegend an der M\u00fcndung des R\u00edo Piedras.<\/p>\n\n\n\n<p>F\u00fcr Besucher, die ihre Reise zu einem der Karnevals in der Region planen, denken Sie daran, dass, obwohl die Hauptveranstaltungen an den hervorgehobenen Terminen stattfinden, viele St\u00e4dte ihre vorl\u00e4ufigen Feierlichkeiten bereits Wochen im Voraus beginnen. Ob Sie zum ersten Mal besuchen oder ein erfahrener Karnevalsbesucher sind, diese Festlichkeiten bieten einen authentischen Einblick in die spanische Kultur und eine unvergessliche M\u00f6glichkeit, die W\u00e4rme und Freude Andalusiens zu erleben. Genie\u00dfen Sie die Karnevalszeit!<\/p>\n\n\n<article class=\"col w-100 position-relative wp-block-acf-banner\">\n    <div class=\"d-flex flex-wrap flex-column flex-xl-row align-items-start align-items-xl-end gap-4 w-100 bg-secondary text-white p-4\">\n        <div class=\"d-flex flex-column\">\n\t\t\t            <a href=\"https:\/\/www.panoramamarbella.com\/de\/newsletter-fur-immobilien-zum-verkauf\" class=\"stretched-link text-white text-decoration-none\" title=\"Gef\u00e4llt dir, was du gelesen hast?\">\n\t\t\t\t<h2 class=\"text-white mb-3\">Gef\u00e4llt dir, was du gelesen hast?<\/h2>            <\/a>\n\t\t\t            <p class=\"mb-0\">\n                Abonniere unseren Newsletter f\u00fcr spannende Artikel, exklusiven Inhalt und die neuesten Updates.            <\/p>\n\t\t\t        <\/div>\n\t\t        <span class=\"btn btn-outline-light ms-xl-auto\">Panorama-Newsletter<\/span>\n\t\t    <\/div>\n<\/article>\n\n\n","protected":false},"excerpt":{"rendered":"<p>Es ist Karnevalszeit in Spanien! Hier sind die wichtigsten Ereignisse, die in Andalusien im Februar und M\u00e4rz 2025 stattfinden werden.<\/p>\n","protected":false},"author":7,"featured_media":12492,"comment_status":"closed","ping_status":"closed","sticky":false,"template":"","format":"standard","meta":{"_acf_changed":false,"footnotes":""},"categories":[39],"tags":[32],"class_list":["post-12698","post","type-post","status-publish","format-standard","has-post-thumbnail","hentry","category-marbella-lifestyle-de","tag-cpt"],"acf":[],"_links":{"self":[{"href":"https:\/\/www.panoramamarbella.com\/de\/wp-json\/wp\/v2\/posts\/12698","targetHints":{"allow":["GET"]}}],"collection":[{"href":"https:\/\/www.panoramamarbella.com\/de\/wp-json\/wp\/v2\/posts"}],"about":[{"href":"https:\/\/www.panoramamarbella.com\/de\/wp-json\/wp\/v2\/types\/post"}],"author":[{"embeddable":true,"href":"https:\/\/www.panoramamarbella.com\/de\/wp-json\/wp\/v2\/users\/7"}],"replies":[{"embeddable":true,"href":"https:\/\/www.panoramamarbella.com\/de\/wp-json\/wp\/v2\/comments?post=12698"}],"version-history":[{"count":1,"href":"https:\/\/www.panoramamarbella.com\/de\/wp-json\/wp\/v2\/posts\/12698\/revisions"}],"predecessor-version":[{"id":17616,"href":"https:\/\/www.panoramamarbella.com\/de\/wp-json\/wp\/v2\/posts\/12698\/revisions\/17616"}],"wp:featuredmedia":[{"embeddable":true,"href":"https:\/\/www.panoramamarbella.com\/de\/wp-json\/wp\/v2\/media\/12492"}],"wp:attachment":[{"href":"https:\/\/www.panoramamarbella.com\/de\/wp-json\/wp\/v2\/media?parent=12698"}],"wp:term":[{"taxonomy":"category","embeddable":true,"href":"https:\/\/www.panoramamarbella.com\/de\/wp-json\/wp\/v2\/categories?post=12698"},{"taxonomy":"post_tag","embeddable":true,"href":"https:\/\/www.panoramamarbella.com\/de\/wp-json\/wp\/v2\/tags?post=12698"}],"curies":[{"name":"wp","href":"https:\/\/api.w.org\/{rel}","templated":true}]}}