{"id":17275,"date":"2025-05-23T12:08:25","date_gmt":"2025-05-23T10:08:25","guid":{"rendered":"https:\/\/www.panoramamarbella.com\/?p=17275"},"modified":"2025-05-23T12:11:13","modified_gmt":"2025-05-23T10:11:13","slug":"top-orte-zum-essen-in-marbella","status":"publish","type":"post","link":"https:\/\/www.panoramamarbella.com\/de\/news\/top-orte-zum-essen-in-marbella","title":{"rendered":"Die besten Orte f\u00fcr das Essen im Freien in Marbella"},"content":{"rendered":"\n\n<h2 class=\"wp-block-heading\">Die besten Orte in Marbella f\u00fcr ein Essen im Freien in diesem Sommer<\/h2>\n\n\n<div class=\"lead\"><p>Es ist erw\u00e4hnenswert, dass die meisten Restaurants in Marbella irgendeine Form von Essen im Freien anbieten \u2013 sei es ein paar Stra\u00dfentische vor dem Caf\u00e9 an der Ecke oder eine extravagante Dachterrasse in einem mit <a href=\"https:\/\/www.panoramamarbella.com\/news\/marbellas-michelin-star-restaurants\">Michelin-Stern ausgezeichneten Restaurant<\/a>. In Marbella spielt sich das Leben bekanntlich drau\u00dfen ab, daher ist es nicht \u00fcberraschend, dass die Auswahl an Sitzpl\u00e4tzen im Freien in diesem K\u00fcstenparadies nahezu unbegrenzt ist. Ob Sie nun einen Panoramablick auf das Meer, den Charme der Altstadt oder das ikonische Bergpanorama der La Concha suchen \u2013 Marbellas beste Orte f\u00fcr das Essen im Freien versprechen exquisite K\u00fcche und ein unvergleichliches Sommerflair.<\/p>\n<\/div>\n\n\n<ul class=\"table-index list-unstyled p-4 p-lg-5 ms-0 bg-light\"><li class=\"text-uppercase fw-bold mb-3\">Inhaltsverzeichnis<\/li><li><a href=\"#die+besten+orte+in+marbella+fur+ein+essen+im+freien+in+diesem+sommer\">\nDie besten Orte in Marbella f\u00fcr ein Essen im Freien in diesem Sommer\n<\/a><\/li>\n<li><a href=\"#strandnahe+chiringuitos\">\nStrandnahe Chiringuitos\n<\/a><\/li>\n<li><a href=\"#resortterrassen+und+gourmetrestaurants\">\nResort-Terrassen und Gourmetrestaurants\n<\/a><\/li>\n<li><a href=\"#altstadtjuwelen++versteckte+ruckzugsorte\">\nAltstadt-Juwelen &amp; versteckte R\u00fcckzugsorte\n<\/a><\/li>\n<li><a href=\"#den+sommer+in+marbella+in+vollen+zugen+geniessen\">\nDen Sommer in Marbella in vollen Z\u00fcgen genie\u00dfen\n<\/a><\/li><\/ul>\n\n\n\n<h2 class=\"wp-block-heading\">Strandnahe Chiringuitos<\/h2>\n\n\n\t<figure class=\"wp-caption aligncenter wp-block-acf-wpimage\">\n\t<picture><source width=\"900\" height=\"519\" srcset=\"https:\/\/media.panoramamarbella.com\/imgV1\/B95mbh8olwFQm~uCT2wPZMb8hll4wghQQQq6YWg0~c~U_DrmgY8pGP8pqaDzA6mvjyI_OPtcrHD_aKxDZZG0LHa50tA2o~j8vLMihKB~jMZPzO1ow0V5uWbhluVF_zkuJX5QuB2cuOhmY6dr1D9rEfr86s53lbJb~21Yx_amk79RSa9Xcuwkjv9qg6ZsUaJzfw--.webp 900w\" type=\"image\/webp\"><img decoding=\"async\" class=\"img-fluid\" loading=\"lazy\" width=\"900\" height=\"519\" alt=\"Essbereich im Freien am Strand im Chiringuito Puente Romano mit einem gro\u00dfen runden Holztisch mit Tellern, Gl\u00e4sern und Besteck, umgeben von Holzst\u00fchlen, mit einem Sandstrand und ruhigem Meer im Hintergrund.\" src=\"https:\/\/media.panoramamarbella.com\/imgV1\/B95mbh8olwFQm~uCT2wPZMb8hll4wghQQQq6YWg0~c~U_DrmgY8pGP8pqaDzA6mvjyI_OPtcrHD_aKxDZZG0LHa50tA2o~j8vLMihKB~jMZPzO1ow0V5uWbhluVF_zkuJX5QuB2cuOhmY6dr1CF9pLHivcThUlxHANY37P8L.jpg\"><\/picture>\t\t\t<figcaption class=\"wp-caption-text\">\n\t\tChiringuito Puente Romano\t\t<\/figcaption>\n\t\t\t<\/figure>\n\t\n\n\n<h3 class=\"wp-block-heading\"><a href=\"https:\/\/www.puenteromano.com\/dining-drinks\/chiringuito\/?utm_source=google&amp;utm_medium=local&amp;utm_campaign=restaurant-chiringuitopuenteromano\" target=\"_blank\" rel=\"noreferrer noopener nofollow\">Chiringuito Puente Romano<\/a>.<\/h3>\n\n\n\n<p>Im Puente Romano Beach Resort gelegen, vereint das Chiringuito Puente Romano boho-chices Design mit traditioneller Eleganz und bietet ein entspanntes Men\u00fc zum Fr\u00fchst\u00fcck, Mittag- und Abendessen. Als einer der Top-Orte zum Essen in Marbella besticht diese stilvolle, von Fendi gestaltete Terrasse mit Blick auf das Mittelmeer \u2013 ideal f\u00fcr entspanntes Dining in Marbella, besonders f\u00fcr Abendessen direkt am Meer. Zu den Highlights der Speisekarte z\u00e4hlen Espetos (Sardinen am Spie\u00df), Paellas, schwarzer Reis, frischer Thunfisch vom Holzgrill sowie Wolfsbarsch oder Nebraska-Entrec\u00f4te in einer Kruste aus Meersalz gegart. Auch ein gesunder Start in den Tag ist hier m\u00f6glich, etwa mit Ricotta-Zitronen-Pfannkuchen oder ger\u00f6steten Kichererbsen und Avocadop\u00fcree auf Proteinbrot.<\/p>\n\n\n\t<figure class=\"wp-caption aligncenter wp-block-acf-wpimage\">\n\t<picture><source width=\"900\" height=\"456\" srcset=\"https:\/\/media.panoramamarbella.com\/imgV1\/B95mbh8olwFQm~uCT2wPZMb8hll4wghQQQq6YWg0~c~U_DrmgY8pGP8pqaDzA6mvjyI_OPtcrHD_aKxDZZG0LHX3Q6MUycvnkvQaWa~lX9tHBSdVwPLtNR8tshVqMPXFdeBGRgVr6CG2M~ARWAlRgL4UwFVsQp49CMFaSyd~lbfpWQ_faCQnV6e5yiQnq_rfAw--.webp 900w\" type=\"image\/webp\"><img decoding=\"async\" class=\"img-fluid\" loading=\"lazy\" width=\"900\" height=\"456\" alt=\"top-orte zum essen in marbella. Terrassenbereich des Sea Grill Restaurants im Puente Romano Beach Resort, mit wei\u00df gedeckten Tischen, violetten Gl\u00e4sern und Besteck, mit Blick auf das Meer, umgeben von Palmen und unter strahlend blauem Himmel.\" src=\"https:\/\/media.panoramamarbella.com\/imgV1\/B95mbh8olwFQm~uCT2wPZMb8hll4wghQQQq6YWg0~c~U_DrmgY8pGP8pqaDzA6mvjyI_OPtcrHD_aKxDZZG0LHX3Q6MUycvnkvQaWa~lX9tHBSdVwPLtNR8tshVqMPXFdeBGRgVr6CG2M~ARWBdLrBabM1ckpq5GAnbV~pMH.jpg\"><\/picture>\t\t\t<figcaption class=\"wp-caption-text\">\n\t\tRestaurant Sea Grill im Puente Romano\t\t<\/figcaption>\n\t\t\t<\/figure>\n\t\n\n\n<h3 class=\"wp-block-heading\"><a href=\"https:\/\/www.puenteromano.com\/dining-drinks\/sea-grill\/\" target=\"_blank\" rel=\"noreferrer noopener nofollow\">Sea Grill im Puente Romano<\/a>.<\/h3>\n\n\n\n<p>Sea Grill ist ein weiteres Restaurant direkt am Meer im Puente Romano Beach Resort, nur einen Steinwurf vom Chiringuito entfernt. Es verf\u00fcgt \u00fcber eine stilvolle Terrasse mit unverbautem Blick auf das Mittelmeer und bietet bei Einbruch der D\u00e4mmerung Live-Musik. Die Speisekarte umfasst frische Salate, Tapas und erstklassige Meeresfr\u00fcchtegerichte \u2013 ideal f\u00fcr entspannte Mittagessen ebenso wie f\u00fcr romantische Abendessen bei Kerzenschein unter dem Sternenhimmel.<\/p>\n\n\n\t<figure class=\"wp-caption aligncenter wp-block-acf-wpimage\">\n\t<picture><source width=\"900\" height=\"469\" srcset=\"https:\/\/media.panoramamarbella.com\/imgV1\/B95mbh8olwFQm~uCT2wPZMb8hll4wghQQQq6YWg0~c~U_DrmgY8pGP8pqaDzA6mvjyI_OPtcrHD_aKxDZZG0LHQVKWFHybR9aXjrKpC0wSok1nMhyvA1DZ5_fkqGie3zouOxtRM6BKyMt6YjMRnhN4hrDfZsVcN8~WfzdIgf73L0tVzdJDeAd0r8j2cWl__FmA--.webp 900w\" type=\"image\/webp\"><img decoding=\"async\" class=\"img-fluid\" loading=\"lazy\" width=\"900\" height=\"469\" alt=\"Innenbereich des Le Casanis Beach Club in Marbella mit rustikalen Holztischen und -st\u00fchlen, gedeckt mit Weingl\u00e4sern und Servietten, und gro\u00dfen Fenstern mit Blick auf das Meer und den Sandstrand.\" src=\"https:\/\/media.panoramamarbella.com\/imgV1\/B95mbh8olwFQm~uCT2wPZMb8hll4wghQQQq6YWg0~c~U_DrmgY8pGP8pqaDzA6mvjyI_OPtcrHD_aKxDZZG0LHQVKWFHybR9aXjrKpC0wSok1nMhyvA1DZ5_fkqGie3zouOxtRM6BKyMt6YjMQcTO6bV6XNLE0f5lceS9Yqk.jpg\"><\/picture>\t\t\t<figcaption class=\"wp-caption-text\">\n\t\tLe Casanis Beach Club\t\t<\/figcaption>\n\t\t\t<\/figure>\n\t\n\n\n<h3 class=\"wp-block-heading\"><a href=\"https:\/\/laplagecasanis.com\/\" target=\"_blank\" rel=\"noreferrer noopener nofollow\">La Plage Casanis<\/a>.<\/h3>\n\n\n\n<p>La Plage Casanis ist ein schicker Beach Club, in dem mediterrane Eleganz auf entspannten Barfu\u00df-Luxus trifft \u2013 gelegen an einem der sch\u00f6nsten Strandabschnitte Marbellas, der Playa Real de Zaragoza. Ideal zum Essen in Marbella, vereint die Speisekarte franz\u00f6sische und spanische Einfl\u00fcsse und bietet frische Meeresfr\u00fcchte, Fleisch vom Holzfeuergrill und eisgek\u00fchlten Ros\u00e9, der am Meer reichlich flie\u00dft. Mit strohgedeckten Cabanas, sanften DJ-Beats und einer entspannten, aber stilvollen Atmosph\u00e4re ist dies der perfekte Ort, an dem ein Mittagessen nahtlos in Sundowner-Cocktails \u00fcbergeht. Aufmerksamer Service und ein elegantes Publikum machen ihn zu einem der attraktivsten Ganztages-Hotspots an der K\u00fcste.<\/p>\n\n\n\n<h2 class=\"wp-block-heading\">Resort-Terrassen und Gourmetrestaurants<\/h2>\n\n\n\t<figure class=\"wp-caption aligncenter wp-block-acf-wpimage\">\n\t<picture><source width=\"900\" height=\"450\" srcset=\"https:\/\/media.panoramamarbella.com\/imgV1\/B95mbh8olwFQm~uCT2wPZMb8hll4wghQQQq6YWg0~c~U_DrmgY8pGP8pqaDzA6mvjyI_OPtcrHD_aKxDZZG0LHMmvKa9YAOiAoRaMrAOhJFi0Zb5ZRqZJ0NCLZUrWh~K5HiC~RnkruSrB96iPOMjUnffFJNpGw_AESgPe8nIbREZIJZm7M14EPjtQLi2QHRttA--.webp 900w\" type=\"image\/webp\"><img decoding=\"async\" class=\"img-fluid\" loading=\"lazy\" width=\"900\" height=\"450\" alt=\"Abendliches Essen im Freien im Grill-Restaurant des Marbella Club, mit elegant gedeckten Tischen mit wei\u00dfen Tischdecken, Weingl\u00e4sern und Lampen, umgeben von \u00fcppigem Gr\u00fcn und B\u00e4umen.\" src=\"https:\/\/media.panoramamarbella.com\/imgV1\/B95mbh8olwFQm~uCT2wPZMb8hll4wghQQQq6YWg0~c~U_DrmgY8pGP8pqaDzA6mvjyI_OPtcrHD_aKxDZZG0LHMmvKa9YAOiAoRaMrAOhJFi0Zb5ZRqZJ0NCLZUrWh~K5HiC~RnkruSrB96iPP2O5xsWV0fGdkAk1ml3fmCh.jpg\"><\/picture>\t\t\t<figcaption class=\"wp-caption-text\">\n\t\tEl Grill im Marbella Club\t\t<\/figcaption>\n\t\t\t<\/figure>\n\t\n\n\n<h3 class=\"wp-block-heading\"><a href=\"https:\/\/www.marbellaclub.com\/eat-and-drink\/the-grill\" target=\"_blank\" rel=\"noreferrer noopener nofollow\">El Grill de Marbella Club<\/a>.<\/h3>\n\n\n\n<p>El Grill des Marbella Club, Teil des historischen Marbella Club Hotels, verf\u00fcgt \u00fcber eine elegante Gartenterrasse, umgeben von \u00fcppigem Gr\u00fcn und eindrucksvollen Ambiente-Kerzen, die seit Jahrzehnten dort stehen und eine einzigartige Dekoration aus Wachsrelikten bilden. Das Restaurant ist bekannt f\u00fcr seinen klassischen Silber-Service und mediterrane Grillgerichte, darunter T-Bone-Steak und lokale Meeresfr\u00fcchte, die \u00fcber Holzkohle zubereitet werden \u2013 f\u00fcr ein authentisches Geschmackserlebnis.<\/p>\n\n\n\t<figure class=\"wp-caption aligncenter wp-block-acf-wpimage\">\n\t<picture><source width=\"900\" height=\"545\" srcset=\"https:\/\/media.panoramamarbella.com\/imgV1\/B95mbh8olwFQm~uCT2wPZMb8hll4wghQQQq6YWg0~c~U_DrmgY8pGP8pqaDzA6mvjyI_OPtcrHD_aKxDZZG0LHJm3snI_Mc9IVNcnaKs1c6SDlF3Q_6ZpXSEYx7LyA7jAJ3b0uhUApYIEgHydBnKTKLGRbO3dDvhRGEHD4liy2~wnjjMydpIWRl5~1jqLT42Xg--.webp 900w\" type=\"image\/webp\"><img decoding=\"async\" class=\"img-fluid\" loading=\"lazy\" width=\"900\" height=\"545\" alt=\"Au\u00dfenbereich des Cipriani-Restaurants im Hotel Puente Romano, mit Holztischen und -st\u00fchlen mit blauen Polstern, umgeben von \u00fcppigen tropischen Pflanzen und beschattet von einer Pergola.\" src=\"https:\/\/media.panoramamarbella.com\/imgV1\/B95mbh8olwFQm~uCT2wPZMb8hll4wghQQQq6YWg0~c~U_DrmgY8pGP8pqaDzA6mvjyI_OPtcrHD_aKxDZZG0LHJm3snI_Mc9IVNcnaKs1c6SDlF3Q_6ZpXSEYx7LyA7jAJ3b0uhUApYIEgHydAfrBtT2F50I_XM5Ht3l_jT3.jpg\"><\/picture>\t\t\t<figcaption class=\"wp-caption-text\">\n\t\tRestaurant Cipriani Marbella im Puente Romano\t\t<\/figcaption>\n\t\t\t<\/figure>\n\t\n\n\n<h3 class=\"wp-block-heading\"><a href=\"https:\/\/www.cipriani.com\/cipriani-marbella\" target=\"_blank\" rel=\"noreferrer noopener nofollow\">Cipriani im Puente Romano<\/a>.<\/h3>\n\n\n\n<p>Das legend\u00e4re Cipriani bringt einen Hauch venezianischen Glamours auf seine \u00fcppige Terrasse in den G\u00e4rten des Puente Romano. Perfekt zum Essen in Marbella, spiegeln der makellose Service und das zeitlose Design das Erbe der Marke wider und machen das Restaurant zu einem ebenso stilvollen wie entspannten kulinarischen Ziel. Zu den Highlights z\u00e4hlen das Carpaccio alla Cipriani, Tagliolini al forno und klassische italienische Desserts \u2013 alles serviert in einem eleganten Au\u00dfenbereich, der das Gef\u00fchl vermittelt, sich auf einer abgelegenen privaten Insel irgendwo auf der Welt zu befinden.<\/p>\n\n\n\t<figure class=\"wp-caption aligncenter wp-block-acf-wpimage\">\n\t<picture><source width=\"900\" height=\"600\" srcset=\"https:\/\/media.panoramamarbella.com\/imgV1\/B95mbh8olwFQm~uCT2wPZMb8hll4wghQQQq6YWg0~c~U_DrmgY8pGP8pqaDzA6mvjyI_OPtcrHD_aKxDZZG0LHFyA8SYqahOcCg9Iaxb089steoQD22Ibcx63UUNu08Kbqn9f8741SP5jWp6_blK3HCi48JVBM7POxjc27wg4HKXn3sZJR7rRCU_zd7Q31OwtA--.webp 900w\" type=\"image\/webp\"><img decoding=\"async\" class=\"img-fluid\" loading=\"lazy\" width=\"900\" height=\"600\" alt=\"Innenbereich des Restaurants Coya Marbella im Puente Romano, mit elegant gedeckten Tischen mit Glaswaren und Tellern, umgeben von warmem Licht, \u00fcppigem Gr\u00fcn und kunstvollen Dekorationselementen unter einer Decke aus Holzgittern.\" src=\"https:\/\/media.panoramamarbella.com\/imgV1\/B95mbh8olwFQm~uCT2wPZMb8hll4wghQQQq6YWg0~c~U_DrmgY8pGP8pqaDzA6mvjyI_OPtcrHD_aKxDZZG0LHFyA8SYqahOcCg9Iaxb089steoQD22Ibcx63UUNu08Kbqn9f8741SP5jWp6_aflO5BQ5ocIs7B4rSIXaRbu.jpg\"><\/picture>\t\t\t<figcaption class=\"wp-caption-text\">\n\t\tCoya Marbella im Puente Romano\t\t<\/figcaption>\n\t\t\t<\/figure>\n\t\n\n\n<h3 class=\"wp-block-heading\"><a href=\"https:\/\/coyarestaurant.com\/marbella\/en\/home\" target=\"_blank\" rel=\"noreferrer noopener nofollow\">Coya Marbella im Puente Romano<\/a>.<\/h3>\n\n\n\n<p>Coya Marbella bringt die peruanische K\u00fcche an die Goldene Meile mit lebendigen Ceviches, Gerichten im Chifa-Stil und charakteristischen Cocktails. Die Terrasse ist mit farbenfroher Dekoration und lebhafter Musik gestaltet und schafft eine festliche Atmosph\u00e4re \u2013 ideal f\u00fcr ein Abendessen bei Sonnenuntergang. Inspiriert vom Geist der bohemischen Kultur Limas, verbindet die Speisekarte kr\u00e4ftige Aromen mit k\u00fcnstlerischer Pr\u00e4sentation. Die G\u00e4ste erwartet ein ganzheitliches Erlebnis, das kulinarische Kreativit\u00e4t mit einer lebendigen, sozialen Stimmung vereint \u2013 perfekt f\u00fcr lange Sommerabende.<\/p>\n\n\n\t<figure class=\"wp-caption aligncenter wp-block-acf-wpimage\">\n\t<picture><source width=\"900\" height=\"640\" srcset=\"https:\/\/media.panoramamarbella.com\/imgV1\/B95mbh8olwFQm~uCT2wPZMb8hll4wghQQQq6YWg0~c~U_DrmgY8pGP8pqaDzA6mvjyI_OPtcrHD_aKxDZZG0LHBy5WvAcOoAQ4BBmqN3YH1seBvu7HZ4Ae4flImSNZ5gJGLNlaqyR4xIfNfqMlcjJqdWBJkzOT6t5iwwDKd6rGiHTmI0UFhcf7yurqX6EoQ9SA--.webp 900w\" type=\"image\/webp\"><img decoding=\"async\" class=\"img-fluid\" loading=\"lazy\" width=\"900\" height=\"640\" alt=\"Au\u00dfenterrasse des Restaurants Florentine im The Forum Marbella, mit wei\u00dfen Sonnenschirmen \u00fcber runden Tischen und dekorativen St\u00fchlen, umgeben von Gr\u00fcnpflanzen und Palmen, w\u00e4hrend eine Frau im schwarzen Kleid durch den Bereich geht.\" src=\"https:\/\/media.panoramamarbella.com\/imgV1\/B95mbh8olwFQm~uCT2wPZMb8hll4wghQQQq6YWg0~c~U_DrmgY8pGP8pqaDzA6mvjyI_OPtcrHD_aKxDZZG0LHBy5WvAcOoAQ4BBmqN3YH1seBvu7HZ4Ae4flImSNZ5gJGLNlaqyR4xIfNfqMklXIzQLakw558~897VRZffe.jpg\"><\/picture>\t\t\t<figcaption class=\"wp-caption-text\">\n\t\tFlorentine im The Forum\t\t<\/figcaption>\n\t\t\t<\/figure>\n\t\n\n\n<h3 class=\"wp-block-heading\"><a href=\"https:\/\/en.florentinerestaurants.com\/marbella\" target=\"_blank\" rel=\"noreferrer noopener nofollow\">Florentine im The Forum<\/a>.<\/h3>\n\n\n\n<p>Florentine befindet sich auf der Plaza-Ebene des Forum Marbella und bietet einen Hauch von Italien der 1970er Jahre mit einem extravaganten Trattoria-Ambiente, das Glamour und Eleganz mit herausragender Gastronomie vereint. Die moderne Au\u00dfenterrasse ist liebevoll dekoriert und nahezu perfekt f\u00fcr festliche Sommerabende. Demn\u00e4chst er\u00f6ffnet au\u00dferdem die Dachterrasse von Florentine mit 150 Sitzpl\u00e4tzen, einer 360-Grad-Cocktailbar und einem unschlagbaren Blick auf den Berg La Concha. Dazu gibt es Live-DJ-Sessions und handgemachte Cocktails.<\/p>\n\n\n\t<figure class=\"wp-caption aligncenter wp-block-acf-wpimage\">\n\t<picture><source width=\"900\" height=\"600\" srcset=\"https:\/\/media.panoramamarbella.com\/imgV1\/B95mbh8olwFQm~uCT2wPZMb8hll4wghQQQq6YWg0~c~U_DrmgY8pGP8pqaDzA6mvjyI_OPtcrHD_aKxDZZG0LH~ib3z8CymdaPYoz6qWFLyzrubEA9Uh_4wJDBnrtEsmHng3LsuQZrRKZTT2KLTjLZ~xoEW93tYOX5_sIfmONaps6D0OMEkxJ7bo4y6ZKPLsfg--.webp 900w\" type=\"image\/webp\"><img decoding=\"async\" class=\"img-fluid\" loading=\"lazy\" width=\"900\" height=\"600\" alt=\"Abendansicht der Dachterrasse des Restaurants Edge by Paco P\u00e9rez, mit modernem Au\u00dfenmobiliar, G\u00e4sten beim Essen, Glasgel\u00e4ndern und einer Kulisse aus Bergen und Stadtlichtern unter einem Himmel in der D\u00e4mmerung.\" src=\"https:\/\/media.panoramamarbella.com\/imgV1\/B95mbh8olwFQm~uCT2wPZMb8hll4wghQQQq6YWg0~c~U_DrmgY8pGP8pqaDzA6mvjyI_OPtcrHD_aKxDZZG0LH~ib3z8CymdaPYoz6qWFLyzrubEA9Uh_4wJDBnrtEsmHng3LsuQZrRKZTT2KKqz5I2DdMMSEC5L0xvamGtD.jpg\"><\/picture>\t\t\t<figcaption class=\"wp-caption-text\">\n\t\tRestaurant Edge by Paco P\u00e9rez<br \/>\r\n<br \/>\r\n<br \/>\r\n<br \/>\r\n<br \/>\r\n<br \/>\r\n<br \/>\r\n<br \/>\r\n<br \/>\r\n\t\t<\/figcaption>\n\t\t\t<\/figure>\n\t\n\n\n<h3 class=\"wp-block-heading\"><a href=\"https:\/\/www.elfuertemarbella.com\/de\/edge-by-paco-perez\/?_gl=1*1gx2i67*_up*MQ..*_ga*MTU5NjUyMTEyNi4xNzQ3OTAyODI4*_ga_HYWX90K7BJ*czE3NDc5MDI4MjYkbzEkZzAkdDE3NDc5MDI4MjYkajAkbDAkaDAkZG91WURlZnNjUlFTQmxEb0RBUUxneU1uRzczSFR1N3JNeHc.*_ga_KYWCC6HEVV*czE3NDc5MDI4MjYkbzEkZzAkdDE3NDc5MDI4MjYkajAkbDAkaDA.*_ga_66VJDGEWNP*czE3NDc5MDI4MjYkbzEkZzAkdDE3NDc5MDI4MjYkajAkbDAkaDgzMjk2NzExNCRkTnBfVXZXbGZmdkZaNWNYdFp0bm5lUXROeWgxaG5RQktIQQ..\" target=\"_blank\" rel=\"noreferrer noopener nofollow\">Edge by Paco P\u00e9rez<\/a>.<\/h3>\n\n\n\n<p>Edge by Paco P\u00e9rez ist ein Rooftop-Restaurant im Hotel El Fuerte, nur eine Minute zu Fu\u00df vom historischen Zentrum Marbellas entfernt. Die beeindruckende Dachterrasse bietet einen Panoramablick auf das Mittelmeer, den Berg La Concha und die Altstadt. Unter der Leitung des mit f\u00fcnf Michelin-Sternen ausgezeichneten K\u00fcchenchefs Paco P\u00e9rez hebt die Speisekarte die Essenz des Mittelmeers hervor \u2013 mit regionalen Produkten, Nachhaltigkeit und innovativen Konzepten des \u201ecasual fine dining\u201c, die sich auf Gem\u00fcse und Meeresfr\u00fcchte konzentrieren. Die luftige Terrasse rundet das Erlebnis mit einem Infinity-Pool und eleganten Lounge-Bereichen ab.<\/p>\n\n\n\n<h2 class=\"wp-block-heading\">Altstadt-Juwelen &amp; versteckte R\u00fcckzugsorte<\/h2>\n\n\n\t<figure class=\"wp-caption aligncenter wp-block-acf-wpimage\">\n\t<picture><source width=\"900\" height=\"554\" srcset=\"https:\/\/media.panoramamarbella.com\/imgV1\/B95mbh8olwFQm~uCT2wPZMb8hll4wghQQQq6YWg0~c~U_DrmgY8pGP8pqaDzA6mvjyI_OPtcrHD_aKxDZZG0LH5ukpRutJYbQ69ENX1BqO3zJ3SRWubQGvAL4FfFMTnCtc37rEAqhb2abs0_WZy3w1jMG~PfYKh2a7b82pa6tGqnfU0KBO6SvLvsiST4DfHlFg--.webp 900w\" type=\"image\/webp\"><img decoding=\"async\" class=\"img-fluid\" loading=\"lazy\" width=\"900\" height=\"554\" alt=\"Ein Paar speist im Freien im Restaurant Casanis Bistrot, an einem kleinen Holztisch auf einer Kopfsteinpflasterstra\u00dfe sitzend, mit wei\u00dfen W\u00e4nden und roten Blumen, die an der Fassade des Geb\u00e4udes emporranken, im Hintergrund.\" src=\"https:\/\/media.panoramamarbella.com\/imgV1\/B95mbh8olwFQm~uCT2wPZMb8hll4wghQQQq6YWg0~c~U_DrmgY8pGP8pqaDzA6mvjyI_OPtcrHD_aKxDZZG0LH5ukpRutJYbQ69ENX1BqO3zJ3SRWubQGvAL4FfFMTnCtc37rEAqhb2abs0_WYIViji4ig7zy2~DpR2AWvef.jpg\"><\/picture>\t\t\t<figcaption class=\"wp-caption-text\">\n\t\tRestaurant Casanis Bistrot\t\t<\/figcaption>\n\t\t\t<\/figure>\n\t\n\n\n<h3 class=\"wp-block-heading\"><a href=\"https:\/\/casanisbistrot.com\/\" target=\"_blank\" rel=\"noreferrer noopener nofollow\">Casanis Bistrot<\/a>.<\/h3>\n\n\n\n<p>Casanis Bistrot, untergebracht in einem 150 Jahre alten Geb\u00e4ude in der Calle Ancha, bietet franz\u00f6sisch-mediterrane K\u00fcche in einem malerischen Ambiente auf Kopfsteinpflasterstra\u00dfen. Die Reihe von Au\u00dfentischen ist mit Blumen und Wandmalereien geschm\u00fcckt und schafft einen intimen Ort, um bei kreativen Gerichten und einer umfangreichen Weinkarte das Treiben zu beobachten.<\/p>\n\n\n\t<figure class=\"wp-caption aligncenter wp-block-acf-wpimage\">\n\t<picture><source width=\"900\" height=\"620\" srcset=\"https:\/\/media.panoramamarbella.com\/imgV1\/B95mbh8olwFQm~uCT2wPZMb8hll4wghQQQq6YWg0~c~U_DrmgY8pGP8pqaDzA6mvjyI_OPtcrHD_aKxDZZG0LHakSEyDK8X9fCGFdegHIoZfpQ8Rfs702P6UO14x7QDzEh4V_YXCCvkEu0CHzxr5WfJjuojSzZaSiM~6yBVbTxtDEC7ZItdaYvXZEc2qySvesys-.webp 900w\" type=\"image\/webp\"><img decoding=\"async\" class=\"img-fluid\" loading=\"lazy\" width=\"900\" height=\"620\" alt=\"H\u00f6lzernes H\u00e4ngeschild des Restaurants El Patio de Mariscal, einer Tapas-Bar und einem Restaurant, das die Richtung zum Innenhof anzeigt, montiert an einer wei\u00dfen Wand, umgeben von Gr\u00fcnpflanzen.\" src=\"https:\/\/media.panoramamarbella.com\/imgV1\/B95mbh8olwFQm~uCT2wPZMb8hll4wghQQQq6YWg0~c~U_DrmgY8pGP8pqaDzA6mvjyI_OPtcrHD_aKxDZZG0LHakSEyDK8X9fCGFdegHIoZfpQ8Rfs702P6UO14x7QDzEh4V_YXCCvkEu0CHzxrnIzb~BvAF1g~vKxuUgHuixw--.jpg\"><\/picture>\t\t\t<figcaption class=\"wp-caption-text\">\n\t\tEl Patio de Mariscal\t\t<\/figcaption>\n\t\t\t<\/figure>\n\t\n\n\n<h3 class=\"wp-block-heading\">El Patio de Mariscal.<\/h3>\n\n\n\n<p>El Patio de Mariscal ist ein charmantes andalusisches Patio-Restaurant in der Altstadt von Marbella, untergebracht in einem 200 Jahre alten Innenhof mit mit Weinreben bewachsenen W\u00e4nden, Springbrunnen und von Laternen beleuchteten Tischen. Ideal zum Essen in Marbella \u2013 zu den Highlights z\u00e4hlen die schwarze Paella, Thunfischtatar und weitere Meeresfr\u00fcchtegerichte sowie die hauseigenen Desserts. Einzigartige Kellnerinnen und Kellner, die Opern singen, k\u00f6nnen Ihren Tisch besuchen und sorgen f\u00fcr eine authentische, gesellige Atmosph\u00e4re; gelegentliche Live-Auftritte runden das bezaubernde kulinarische Erlebnis ab.<\/p>\n\n\n\n<p>Adresse: Calle Virgen de los Dolores, 3, BAJO, 29601 Marbella<br>Telefon: +34 952 86 77 01<\/p>\n\n\n\t<figure class=\"wp-caption aligncenter wp-block-acf-wpimage\">\n\t<picture><source width=\"900\" height=\"525\" srcset=\"https:\/\/media.panoramamarbella.com\/imgV1\/B95mbh8olwFQm~uCT2wPZMb8hll4wghQQQq6YWg0~c~U_DrmgY8pGP8pqaDzA6mvjyI_OPtcrHD_aKxDZZG0LHaleegaWL7XXnnetEhdayLVwizHrdcYSWE5GJlpTS6AH1ck~onq4H3vwXR4CwMP4xZ37YpBR6djCElUl3eiPNCJG_UZgjLOvOuZA8Ig8DZPFL0-.webp 900w\" type=\"image\/webp\"><img decoding=\"async\" class=\"img-fluid\" loading=\"lazy\" width=\"900\" height=\"525\" alt=\"Au\u00dfenbereich von Le Patio by Cascada Marbella, mit G\u00e4sten an bunten Tischen, umgeben von \u00fcppigem Gr\u00fcn, Lichterketten und einer Steinbr\u00fccke \u00fcber einem kleinen Teich im Vordergrund.\" src=\"https:\/\/media.panoramamarbella.com\/imgV1\/B95mbh8olwFQm~uCT2wPZMb8hll4wghQQQq6YWg0~c~U_DrmgY8pGP8pqaDzA6mvjyI_OPtcrHD_aKxDZZG0LHaleegaWL7XXnnetEhdayLVwizHrdcYSWE5GJlpTS6AH1ck~onq4H3vwXR4CwMRlr9arIYCO5Pw_aeUbTN0~w--.jpg\"><\/picture>\t\t\t<figcaption class=\"wp-caption-text\">\n\t\tLe Patio by Cascada Marbella\t\t<\/figcaption>\n\t\t\t<\/figure>\n\t\n\n\n<h3 class=\"wp-block-heading\"><a href=\"https:\/\/cascadamarbella.com\/\" target=\"_blank\" rel=\"noreferrer noopener nofollow\">Le Patio by Cascada Marbella<\/a>.<\/h3>\n\n\n\n<p>In den Ausl\u00e4ufern hinter dem Stadtzentrum von Marbella gelegen, ist Cascada ein Bistro-Restaurant neben einem pl\u00e4tschernden Wasserfall und Fluss. Die rustikale Au\u00dfenterrasse bietet eine ruhige Zuflucht abseits der K\u00fcste und serviert franz\u00f6sische K\u00fcche mit einem spanischen Einschlag in einer einzigartigen, nat\u00fcrlichen Umgebung, verborgen vor Hektik und Trubel.<\/p>\n\n\n<article class=\"col w-100 position-relative wp-block-acf-banner\">\n    <div class=\"d-flex flex-wrap flex-column flex-xl-row align-items-start align-items-xl-end gap-4 w-100 bg-secondary text-white p-4\">\n        <div class=\"d-flex flex-column\">\n\t\t\t            <a href=\"https:\/\/www.panoramamarbella.com\/de\/newsletter-fur-immobilien-zum-verkauf\" class=\"stretched-link text-white text-decoration-none\" title=\"Gef\u00e4llt dir, was du gelesen hast?\">\n\t\t\t\t<h2 class=\"text-white mb-3\">Gef\u00e4llt dir, was du gelesen hast?<\/h2>            <\/a>\n\t\t\t            <p class=\"mb-0\">\n                Abonniere unseren Newsletter f\u00fcr spannende Artikel, exklusiven Inhalt und die neuesten Updates.            <\/p>\n\t\t\t        <\/div>\n\t\t        <span class=\"btn btn-outline-light ms-xl-auto\">Panorama-Newsletter<\/span>\n\t\t    <\/div>\n<\/article>\n\n\n\n\n<h2 class=\"wp-block-heading\">Den Sommer in Marbella in vollen Z\u00fcgen genie\u00dfen<\/h2>\n\n\n\n<p>Um sich einen erstklassigen Platz im Freien in diesen beliebten Lokalen zu sichern, wird eine fr\u00fchzeitige Reservierung dringend empfohlen \u2013 am besten mit dem Hinweis auf den Wunsch nach einem Au\u00dfentisch. Viele Restaurants, die Essen in Marbella anbieten, haben spezielle Sommermen\u00fcs und veranstalten Live-Musik oder Themenabende. Informieren Sie sich daher auf den jeweiligen Webseiten \u00fcber die aktuellen Eventprogramme.<\/p>\n\n\n\n<p><strong>Sie lieben den Lebensstil in Marbella und m\u00f6chten langfristig bleiben? <a href=\"https:\/\/www.panoramamarbella.com\/de\/kontakt\">Kontaktieren Sie noch heute unser Team<\/a> \u2013 wir helfen Ihnen, Ihr Traumhaus in Marbella zu finden.<\/strong><\/p>\n\n\n\n\n\t\t<section class=\"container wp-block-acf-inmpropselection\">\n\t\t\t<h2>Entdecken Sie das Beste von Marbella<\/h2>\t\t\t<div class=\"row row-cols-1 row-cols-lg-3 gy-5 g-xxl-5\">\n\t\t\t\t\n<article class=\"col card-properties position-relative d-flex flex-column\">\n\t<div id=\"carouselCardProperties-1-0\" class=\"card-properties-images carousel slide carousel-fade lazy\" data-bs-ride=\"carousel\" data-bs-interval=\"200000\" data-id=\"698664\">\n\t\t<div class=\"carousel-inner\">\n\t\t\t<figure class=\"carousel-item mb-0 active ratio ratio-4x3\">\n\t\t\t\t<picture><source sizes=\"(max-width: 575px) calc(100vw - 24px), (max-width: 767px) 516px, (max-width: 991px) 696px, (max-width: 1199px) 296px, (max-width: 1399px) 356px, 400px\" width=\"696\" height=\"522\" srcset=\"https:\/\/media.panoramamarbella.com\/imgV1\/B95mbh8olwFQm~uCUaVOI2kQT0hb0a8sZ9turUNfnwtvuccYCzs0YVPfPbfkc2VnnN1JFDpkYaGfw1gJsS~5hOu8ClA27V6xVP6zyKoKPS1Mn7WRHYZMLWv_YHD73v3wTA8HWCCOpMnXwN2uAr5VSPiSO7karRIMiZTPqCu_dZ5fuWR0YCW6_1pG5Bl~Hp5WroeZ3HQAZ5bJuMGEOv79bl9k214P5Nw2k7gr9ANpozAASAFpx51KqYb~IgRpbC3Nm7LGaJqZPuy9KH5g7qzcuC2cvd8aXgZUiX05nn3MiVFBu3_R0uApWqg0GDDTU7GVpDHN0uiwmWHOPGRGcV19lVB5JeSIN5bWCc0XpEoi3uZ0T3eXN37TL0i518tYi19KAllVsHHd0sbTDHyPO_Nw~4KnnSNcB9zdZy_Falf9Nm2Qd8UylRZPY3Up0552~WYpYFfMu6~cQQhix6~xJmlu.webp 696w,https:\/\/media.panoramamarbella.com\/imgV1\/B95mbh8olwFQm~uCUaVOI2kQT0hb0a8sZ9turUNfnwtvuccYCzs0YVPfPbfkc2VnnN1JFDpkYaGfw1gJsS~5hOu8ClA27V6xVP6zyKoKPS1Mn7WRHYZMLWv_YHD73v3wTA8HWCCOpMnXwN2uAr5VSPiSO7karRIMiZTPqCu_dxsgwbeNJ3yUNRGy~HNlq7dkSM2WX~69OJOJ5Rf_OC19ofiiJFxHjWv2u3u0P4hi6O0xoN_eKF2nSgtPXKVIDb6vkB7sMfUcYSFaA8MkPym_Gpt83~i_ztzET0MbhzNjsKTdK5NbqRNgl5yWC5YxwwmAj1QP7QCWT0mNwDbjKvcT6HKFDihRXrRi~rK1hGgEsn~KGSB8yKC8a2ZAlw1Y0g7iH3vxsT0JHikRupGzmmtHsrKXqc6p8M2~T5e5ifxWDLJfJRqdDdAaQRy8mbVTKnDv_ya2ucuiMT0AMrtAXM~J.webp 400w\" type=\"image\/webp\"><img decoding=\"async\" class=\"position-absolute w-100 h-100 object-fit-cover\" alt=\"Einzigartiges Erdgeschossapartment mit Meerblick in den Japanischen G\u00e4rten von Marina Puente Romano\" loading=\"lazy\" width=\"696\" height=\"522\" src=\"https:\/\/media.panoramamarbella.com\/imgV1\/B95mbh8olwFQm~uCUaVOI2kQT0hb0a8sZ9turUNfnwtvuccYCzs0YVPfPbfkc2VnnN1JFDpkYaGfw1gJsS~5hOu8ClA27V6xVP6zyKoKPS1Mn7WRHYZMLWv_YHD73v3wTA8HWCCOpMnXwN2uAr5VSPiSO7karRIMiZTPqCu_dZ5fuWR0YCW6_1pG5Bl~AOWCKsfURyq35vm55dIauvG9uVaSivcgS4ajblndO75z1CH0f2jKmqCp4xxFvz8SGfsGZsvJDXqx_1ZOdq6C3Ciw5BdH3mBMTlmpWiwr03l4R5h6rIkh70WK8PZkn3TMc7aMyNa5IHcJVNmTEhV8AxRljU0iGmAWvH9H8Jc12IGx0P0jWsreOMhWj1MxEo9KATyoLWCUe5JwyP7SYClFp7YUmD7e40GOUqwrJuzlqrEiOyMmHv7XqSzouqYV54M-.jpg\"><\/picture>\t\t\t<\/figure>\n\t\t\t\t\t\t<span class=\"card-properties-tag position-absolute z-2 top-0 start-0 bg-secondary text-white py-1 px-3 ms-3\">\n\t\t\t\tEmpfohlen\t\t\t<\/span>\n\t\t\t\t\t\t<span class=\"card-properties-ref position-absolute z-2 bottom-0 end-0 bg-white text-primary py-1 px-3 me-3\">\n\t\t\t\tPANR-16359\t\t\t<\/span>\n\t\t\t<button class=\"card-properties-portfolio d-flex align-items-center justify-content-center position-absolute z-3 end-0 text-white bg-primary me-3 border-0 px-0\" data-pfl-id=\"698664\" data-pfl-filter=\"sale\" aria-label=\"Add to portfolio\">\n\t\t\t\t<svg width=\"18\" fill=\"currentColor\" viewBox=\"0 0 512 512\">\n\t\t\t\t\t<use href=\"https:\/\/www.panoramamarbella.com\/wp-content\/themes\/panoramamarbella\/dist\/src\/images\/icons.svg#svgHeart\"><\/use>\n\t\t\t\t<\/svg>\n\t\t\t\t<svg width=\"18\" fill=\"currentColor\" viewBox=\"0 0 512 512\">\n\t\t\t\t\t<use href=\"https:\/\/www.panoramamarbella.com\/wp-content\/themes\/panoramamarbella\/dist\/src\/images\/icons.svg#svgHeartIn\"><\/use>\n\t\t\t\t<\/svg>\n\t\t\t<\/button>\n\t\t<\/div>\n\t\t\t\t<button\n\t\t\tclass=\"carousel-control-prev\"\n\t\t\ttype=\"button\"\n\t\t\tdata-bs-target=\"#carouselCardProperties-1-0\"\n\t\t\tdata-bs-slide=\"prev\">\n\t\t\t<span class=\"carousel-control-prev-icon\" aria-hidden=\"true\"><\/span>\n\t\t\t<span class=\"visually-hidden\">Vorherige<\/span>\n\t\t<\/button>\n\t\t<button\n\t\t\tclass=\"carousel-control-next\"\n\t\t\ttype=\"button\"\n\t\t\tdata-bs-target=\"#carouselCardProperties-1-0\"\n\t\t\tdata-bs-slide=\"next\">\n\t\t\t<span class=\"carousel-control-next-icon\" aria-hidden=\"true\"><\/span>\n\t\t\t<span class=\"visually-hidden\">N\u00e4chste<\/span>\n\t\t<\/button>\n\t\t\t<\/div>\n\t<div class=\"d-flex flex-column h-100 px-3 py-4 shadow\">\n\t\t\t\t<h3 class=\"card-properties-title mb-3\">\n\t\t\t<a class=\"stretched-link\" href=\"\/de\/immobilien\/marbella\/marbella-goldene-meile\/marina-puente-romano\/wohnungen\/PANR-16359\">\n\t\t\t\tEinzigartiges Erdgeschossapartment mit Meerblick in den Japanischen G\u00e4rten von Marina Puente Romano\t\t\t<\/a>\n\t\t<\/h3>\n\t\t<p class=\"mb-3 text-black-dark\">Marina Puente Romano, Marbella Goldene Meile<\/p>\n\t\t\t\t\t\t<p class=\"card-properties-description mb-3\">\n\t\t\tEntdecken Sie das Inbild m\u00fchelosen Luxuslebens in diesem exquisiten, nach S\u00fcdwesten ausgerichteten, erh\u00f6hten Erdgeschossapartment, eingebettet in das ikonische Puente Romano Beach Resort &amp; Spa \u2013 eine der prestigetr\u00e4chtigsten und begehrtesten Adressen der Goldenen Meile von&#8230;\t\t<\/p>\n\t\t\t\t<span class=\"card-properties-price mt-auto\">\n\t\t\t\n\t\t\t<span class=\"card-properties-price mt-auto\" data-original-price=\"4950000\">4.950.000\u00a0\u20ac<\/span>\n\t\t\t\t<\/span>\n\t\t\t\t<ul class=\"card-properties-features list-unstyled d-flex flex-wrap align-items-center gap-3 pt-3 border-top mt-3 mb-0\">\n\t\t\t<li class=\"d-flex align-items-center\">3 Schlafzimmer<\/li><li class=\"d-flex align-items-center\">3 B\u00e4der<\/li>\t\t\t\t<li class=\"d-flex align-items-center\">\n\t\t\t\t\t <span class=\"me-1\" data-original-value=\"180\" data-original-unit=\"m&#038;sup2\">180 m&sup2;<\/span>Gesamt\t\t\t\t<\/li>\n\t\t\t\t\t\t\t<li class=\"d-flex align-items-center\">\n\t\t\t\t\t <span class=\"me-1\" data-original-value=\"140\" data-original-unit=\"m&#038;sup2\">140 m&sup2;<\/span>Gebaut\t\t\t\t<\/li>\n\t\t\t\t\t\t\t<li class=\"d-flex align-items-center\">\n\t\t\t\t\t <span class=\"me-1\" data-original-value=\"40\" data-original-unit=\"m&#038;sup2\">40 m&sup2;<\/span>Terrassen\t\t\t\t<\/li>\n\t\t\t\t\t<\/ul>\n\t\t\t<\/div>\n<\/article>\n\n\n<article class=\"col card-properties position-relative d-flex flex-column\">\n\t<div id=\"carouselCardProperties-1-1\" class=\"card-properties-images carousel slide carousel-fade lazy\" data-bs-ride=\"carousel\" data-bs-interval=\"200000\" data-id=\"697691\">\n\t\t<div class=\"carousel-inner\">\n\t\t\t<figure class=\"carousel-item mb-0 active ratio ratio-4x3\">\n\t\t\t\t<picture><source sizes=\"(max-width: 575px) calc(100vw - 24px), (max-width: 767px) 516px, (max-width: 991px) 696px, (max-width: 1199px) 296px, (max-width: 1399px) 356px, 400px\" width=\"696\" height=\"522\" srcset=\"https:\/\/media.panoramamarbella.com\/imgV1\/B95mbh8olwFQm~uCUaVOI2kQT0hb0a8sZ9turUNfnwtvuccYCzs0YVPfPbfkc2VnnN1JFDpkYaGfw1gJsS~5hOu9X5J_GGESH79I62csjOueuTbhRLPEQEkioevvhdrpjaWZvyQirO9yl0pilvxoweqB_Ivhe0U_Jy8EpEUkkIerqgeQoKU1mQB5R7jXZ4z2~yGHtb6~CBhi84a2F0raVYWLu7HUrDtit56FaP4OzvluUMGSwtGFlSJjr8yarAflGi10pMdlOSw4pYbz1aqK6iIVhkYwfTShqk4tM8jcl3NydxgqIaQ5Hr3LCHJIjKmxTaM1YMrEvaemAODXyC~Axri4wdZFcJwZbcVOP6nZFqFub0gDbEaJ8ewY0NDjqGgCUFpu9RkXt5X2GSkuGu1KRN9zum7V9133uqsztpj3Tuu9VQfPyxoXd8UjT0SxZc5xix8YhCigEA3G9dEBKBQ2.webp 696w,https:\/\/media.panoramamarbella.com\/imgV1\/B95mbh8olwFQm~uCUaVOI2kQT0hb0a8sZ9turUNfnwtvuccYCzs0YVPfPbfkc2VnnN1JFDpkYaGfw1gJsS~5hOu9X5J_GGESH79I62csjOueuTbhRLPEQEkioevvhdrpjaWZvyQirO9yl0pilvxoweqB_Ivhe0U_Jy8EpEUkko1a78AnfDVp7Xlsgx3km_Rd47QqHGmTwbNqdRjMS62fS8JkHMlnjYi2Wtt450XydYXva8FoZJ25irlVO5Ob7WT2ai1w6Lt5Xskty6pLQlJxFmgZgJeqWTkfUbXDR1VHOqoNnqF4XSbRybXd4uMgVBoJgOCP8Pclw0gYC8Q12nBtMMEN1IEFdpKdFxHfuKC25RIEs5LT1WXuLWTNQdbX6ZFeI5ljV9FbJzAQWoXuA3_2bpay0lG_RdcVguU4wa~kZ90i1jVqD~4CMzTkUDnsFBpBXUK49EKzkx6U2GFqJIdV.webp 400w\" type=\"image\/webp\"><img decoding=\"async\" class=\"position-absolute w-100 h-100 object-fit-cover\" alt=\"Elegantes und gro\u00dfz\u00fcgiges Apartment in Monte Para\u00edso, Marbella Goldene Meile\" loading=\"lazy\" width=\"696\" height=\"522\" src=\"https:\/\/media.panoramamarbella.com\/imgV1\/B95mbh8olwFQm~uCUaVOI2kQT0hb0a8sZ9turUNfnwtvuccYCzs0YVPfPbfkc2VnnN1JFDpkYaGfw1gJsS~5hOu9X5J_GGESH79I62csjOueuTbhRLPEQEkioevvhdrpjaWZvyQirO9yl0pilvxoweqB_Ivhe0U_Jy8EpEUkkIerqgeQoKU1mQB5R7jXeWxKG4WFc0r0jyU19QwVg7FsBvsfoxVA5XgamVQrf_jARna9MwfGJ_sIy1TKvV_QvlsFKBbK~zX3vf_~yOuUhkGrWmJzk8aU07AVE9I41NTOfjcdfUJtORtzA_2sDztu73S3KXN9Rtr2rbiH_L2c4QOcSN1mofbCoiWIzmfLY6aEGmmMTYaeRyhsYnHOtCu1fX~dj5QBcJYiVpHwfmSiIlKruSq2F76orZwAj9Dx_4UUWOealiWClosu_VCJtYs-.jpg\"><\/picture>\t\t\t<\/figure>\n\t\t\t\t\t\t<span class=\"card-properties-ref position-absolute z-2 bottom-0 end-0 bg-white text-primary py-1 px-3 me-3\">\n\t\t\t\tPANR-16340\t\t\t<\/span>\n\t\t\t<button class=\"card-properties-portfolio d-flex align-items-center justify-content-center position-absolute z-3 end-0 text-white bg-primary me-3 border-0 px-0\" data-pfl-id=\"697691\" data-pfl-filter=\"sale\" aria-label=\"Add to portfolio\">\n\t\t\t\t<svg width=\"18\" fill=\"currentColor\" viewBox=\"0 0 512 512\">\n\t\t\t\t\t<use href=\"https:\/\/www.panoramamarbella.com\/wp-content\/themes\/panoramamarbella\/dist\/src\/images\/icons.svg#svgHeart\"><\/use>\n\t\t\t\t<\/svg>\n\t\t\t\t<svg width=\"18\" fill=\"currentColor\" viewBox=\"0 0 512 512\">\n\t\t\t\t\t<use href=\"https:\/\/www.panoramamarbella.com\/wp-content\/themes\/panoramamarbella\/dist\/src\/images\/icons.svg#svgHeartIn\"><\/use>\n\t\t\t\t<\/svg>\n\t\t\t<\/button>\n\t\t<\/div>\n\t\t\t\t<button\n\t\t\tclass=\"carousel-control-prev\"\n\t\t\ttype=\"button\"\n\t\t\tdata-bs-target=\"#carouselCardProperties-1-1\"\n\t\t\tdata-bs-slide=\"prev\">\n\t\t\t<span class=\"carousel-control-prev-icon\" aria-hidden=\"true\"><\/span>\n\t\t\t<span class=\"visually-hidden\">Vorherige<\/span>\n\t\t<\/button>\n\t\t<button\n\t\t\tclass=\"carousel-control-next\"\n\t\t\ttype=\"button\"\n\t\t\tdata-bs-target=\"#carouselCardProperties-1-1\"\n\t\t\tdata-bs-slide=\"next\">\n\t\t\t<span class=\"carousel-control-next-icon\" aria-hidden=\"true\"><\/span>\n\t\t\t<span class=\"visually-hidden\">N\u00e4chste<\/span>\n\t\t<\/button>\n\t\t\t<\/div>\n\t<div class=\"d-flex flex-column h-100 px-3 py-4 shadow\">\n\t\t\t\t<h3 class=\"card-properties-title mb-3\">\n\t\t\t<a class=\"stretched-link\" href=\"\/de\/immobilien\/marbella\/marbella-goldene-meile\/monte-paraiso\/wohnungen\/PANR-16340\">\n\t\t\t\tElegantes und gro\u00dfz\u00fcgiges Apartment in Monte Para\u00edso, Marbella Goldene Meile\t\t\t<\/a>\n\t\t<\/h3>\n\t\t<p class=\"mb-3 text-black-dark\">Monte Paraiso, Marbella Goldene Meile<\/p>\n\t\t\t\t\t\t<p class=\"card-properties-description mb-3\">\n\t\t\tDieses wundersch\u00f6n renovierte Apartment befindet sich in der renommierten Wohnanlage Monte Para\u00edso an der Goldenen Meile von Marbella, einer der begehrtesten Adressen an der Costa del Sol. In bester Lage gelegen, sind es nur wenige&#8230;\t\t<\/p>\n\t\t\t\t<span class=\"card-properties-price mt-auto\">\n\t\t\t\n\t\t\t<span class=\"card-properties-price mt-auto\" data-original-price=\"2450000\">2.450.000\u00a0\u20ac<\/span>\n\t\t\t\t<\/span>\n\t\t\t\t<ul class=\"card-properties-features list-unstyled d-flex flex-wrap align-items-center gap-3 pt-3 border-top mt-3 mb-0\">\n\t\t\t<li class=\"d-flex align-items-center\">4 Schlafzimmer<\/li><li class=\"d-flex align-items-center\">4 B\u00e4der<\/li>\t\t\t\t<li class=\"d-flex align-items-center\">\n\t\t\t\t\t <span class=\"me-1\" data-original-value=\"210\" data-original-unit=\"m&#038;sup2\">210 m&sup2;<\/span>Gesamt\t\t\t\t<\/li>\n\t\t\t\t\t\t\t<li class=\"d-flex align-items-center\">\n\t\t\t\t\t <span class=\"me-1\" data-original-value=\"169\" data-original-unit=\"m&#038;sup2\">169 m&sup2;<\/span>Gebaut\t\t\t\t<\/li>\n\t\t\t\t\t\t\t<li class=\"d-flex align-items-center\">\n\t\t\t\t\t <span class=\"me-1\" data-original-value=\"41\" data-original-unit=\"m&#038;sup2\">41 m&sup2;<\/span>Terrassen\t\t\t\t<\/li>\n\t\t\t\t\t<\/ul>\n\t\t\t<\/div>\n<\/article>\n\n\n<article class=\"col card-properties position-relative d-flex flex-column\">\n\t<div id=\"carouselCardProperties-1-2\" class=\"card-properties-images carousel slide carousel-fade lazy\" data-bs-ride=\"carousel\" data-bs-interval=\"200000\" data-id=\"695118\">\n\t\t<div class=\"carousel-inner\">\n\t\t\t<figure class=\"carousel-item mb-0 active ratio ratio-4x3\">\n\t\t\t\t<picture><source sizes=\"(max-width: 575px) calc(100vw - 24px), (max-width: 767px) 516px, (max-width: 991px) 696px, (max-width: 1199px) 296px, (max-width: 1399px) 356px, 400px\" width=\"696\" height=\"522\" srcset=\"https:\/\/media.panoramamarbella.com\/imgV1\/B95mbh8olwFQm~uCUaVOI2kQT0hb0a8sZ9turUNfnwtvuccYCzs0YVPfPbfkc2VnnN1JFDpkYaGfw1gJsS~5hOu4DEBG602B7yC1Jdp3y4TeOLY1Z1ydnyCUtrZ_cg55b9oh_lBvgazy5O2g1_gcM1Mn1Ow5PKX57OmbI4LX9N1iZovDKdS7h2NKdCmu5rv2j3N5kmwyemzDviQCpZfh8oYiiycDfthWmsViL7m2SGu22dk3pYQwmonTGBVTMPnpok2iLA1s~Ez31zUif6YQ_T1RuoX8YUYJ0hQjxiqdRuucVt_OV_0Tl11ziS7D3b0Qd5l9W7j8Z4YL392tHHQG2gq1L1DgtsKT8tHn77MvpaJlRCzlgLMcCKysTnNdVP9IFQrByMRnnF4eaC3bt86MY2cYZuOXeqBkzJ2Ev9TcMExrVWMRzqF5ThzENfAa_I4hfSoSfqyAk0wmYOg1NDJy.webp 696w,https:\/\/media.panoramamarbella.com\/imgV1\/B95mbh8olwFQm~uCUaVOI2kQT0hb0a8sZ9turUNfnwtvuccYCzs0YVPfPbfkc2VnnN1JFDpkYaGfw1gJsS~5hOu4DEBG602B7yC1Jdp3y4TeOLY1Z1ydnyCUtrZ_cg55b9oh_lBvgazy5O2g1_gcM1Mn1Ow5PKX57OmbI4LX9vV4DQRVSkKDaK19Ew4ElBmV0iOMk_NmyAmobpJPaFYwCu3B5bDun3QbHKzcYLvzSIuDZ3g98DrfEuIwz21OE2ZEymoJg8jIcw2xyI2zCddCF3qd_N~1h7kTkFJcvqprSbJHgOvrGVPnj1PIbpSCoyLlpuM3oUYQYVg0QWDoSF34Wglv94UbOb08lyB5qtaSpaPoEAdU~gdcy_Bvah5MHGMC9bs2ibOaPQNoru87QTYhswDc540iAW~w89r1Ohcmgp~06Qj7bqMU_2qMaIPt~uP6jOM3GQjIAQ4evOsAaWJt.webp 400w\" type=\"image\/webp\"><img decoding=\"async\" class=\"position-absolute w-100 h-100 object-fit-cover\" alt=\"Moderne Villa mit spektakul\u00e4rem Meer- und Bergblick in La Finca de Marbella\" loading=\"lazy\" width=\"696\" height=\"522\" src=\"https:\/\/media.panoramamarbella.com\/imgV1\/B95mbh8olwFQm~uCUaVOI2kQT0hb0a8sZ9turUNfnwtvuccYCzs0YVPfPbfkc2VnnN1JFDpkYaGfw1gJsS~5hOu4DEBG602B7yC1Jdp3y4TeOLY1Z1ydnyCUtrZ_cg55b9oh_lBvgazy5O2g1_gcM1Mn1Ow5PKX57OmbI4LX9N1iZovDKdS7h2NKdCmu_IcCCbamB32OI8CN8lT5QSl0X~nNxhFpfCwovvgWNQudb7Q2RN5O2Ue2kLBWgvuDn_tZS1ODfuw~1DW3x0aSvYWwofvNJMZmUSD~oV~HuQFMu_Ch8UCZyJhUQ0qAb6W4nOpxht4ph2ixgaTIBXNYtZtZIIoxHHJpTe2~AXkZNfZPNT559CE_jHvDjrElZuXHkXdKkoSVl7bOp0ygRdmxuoIfkV~_j2Dwr_yQ1MoO1ryTQV2aTqeJxTeLv3cFgV8-.jpg\"><\/picture>\t\t\t<\/figure>\n\t\t\t\t\t\t<span class=\"card-properties-ref position-absolute z-2 bottom-0 end-0 bg-white text-primary py-1 px-3 me-3\">\n\t\t\t\tPANR-16316\t\t\t<\/span>\n\t\t\t<button class=\"card-properties-portfolio d-flex align-items-center justify-content-center position-absolute z-3 end-0 text-white bg-primary me-3 border-0 px-0\" data-pfl-id=\"695118\" data-pfl-filter=\"sale\" aria-label=\"Add to portfolio\">\n\t\t\t\t<svg width=\"18\" fill=\"currentColor\" viewBox=\"0 0 512 512\">\n\t\t\t\t\t<use href=\"https:\/\/www.panoramamarbella.com\/wp-content\/themes\/panoramamarbella\/dist\/src\/images\/icons.svg#svgHeart\"><\/use>\n\t\t\t\t<\/svg>\n\t\t\t\t<svg width=\"18\" fill=\"currentColor\" viewBox=\"0 0 512 512\">\n\t\t\t\t\t<use href=\"https:\/\/www.panoramamarbella.com\/wp-content\/themes\/panoramamarbella\/dist\/src\/images\/icons.svg#svgHeartIn\"><\/use>\n\t\t\t\t<\/svg>\n\t\t\t<\/button>\n\t\t<\/div>\n\t\t\t\t<button\n\t\t\tclass=\"carousel-control-prev\"\n\t\t\ttype=\"button\"\n\t\t\tdata-bs-target=\"#carouselCardProperties-1-2\"\n\t\t\tdata-bs-slide=\"prev\">\n\t\t\t<span class=\"carousel-control-prev-icon\" aria-hidden=\"true\"><\/span>\n\t\t\t<span class=\"visually-hidden\">Vorherige<\/span>\n\t\t<\/button>\n\t\t<button\n\t\t\tclass=\"carousel-control-next\"\n\t\t\ttype=\"button\"\n\t\t\tdata-bs-target=\"#carouselCardProperties-1-2\"\n\t\t\tdata-bs-slide=\"next\">\n\t\t\t<span class=\"carousel-control-next-icon\" aria-hidden=\"true\"><\/span>\n\t\t\t<span class=\"visually-hidden\">N\u00e4chste<\/span>\n\t\t<\/button>\n\t\t\t<\/div>\n\t<div class=\"d-flex flex-column h-100 px-3 py-4 shadow\">\n\t\t\t\t<h3 class=\"card-properties-title mb-3\">\n\t\t\t<a class=\"stretched-link\" href=\"\/de\/immobilien\/marbella\/marbella-ost\/la-finca-de-marbella\/villen\/PANR-16316\">\n\t\t\t\tModerne Villa mit spektakul\u00e4rem Meer- und Bergblick in La Finca de Marbella\t\t\t<\/a>\n\t\t<\/h3>\n\t\t<p class=\"mb-3 text-black-dark\">La Finca de Marbella, Marbella Ost<\/p>\n\t\t\t\t\t\t<p class=\"card-properties-description mb-3\">\n\t\t\tBeeindruckende Villa im zeitgen\u00f6ssischen Design, gelegen in La Finca de Marbella, einer exklusiven, geschlossenen Wohnanlage in Marbella Ost mit n\u00e4chtlicher \u00dcberwachung. Die Immobilie bietet 609 m\u00b2 Wohnfl\u00e4che auf einem 652 m\u00b2 gro\u00dfen Grundst\u00fcck und vereint&#8230;\t\t<\/p>\n\t\t\t\t<span class=\"card-properties-price mt-auto\">\n\t\t\t\n\t\t\t<span class=\"card-properties-price mt-auto\" data-original-price=\"3095000\">3.095.000\u00a0\u20ac<\/span>\n\t\t\t\t<\/span>\n\t\t\t\t<ul class=\"card-properties-features list-unstyled d-flex flex-wrap align-items-center gap-3 pt-3 border-top mt-3 mb-0\">\n\t\t\t<li class=\"d-flex align-items-center\">5 Schlafzimmer<\/li><li class=\"d-flex align-items-center\">5 B\u00e4der<\/li>\t\t\t\t<li class=\"d-flex align-items-center\">\n\t\t\t\t\t <span class=\"me-1\" data-original-value=\"609\" data-original-unit=\"m&#038;sup2\">609 m&sup2;<\/span>Gesamt\t\t\t\t<\/li>\n\t\t\t\t\t\t\t<li class=\"d-flex align-items-center\">\n\t\t\t\t\t <span class=\"me-1\" data-original-value=\"652\" data-original-unit=\"m&#038;sup2\">652 m&sup2;<\/span>Grundst\u00fcck\t\t\t\t<\/li>\n\t\t\t\t\t\t\t\t<li class=\"d-flex align-items-center\">\n\t\t\t\t\t <span class=\"me-1\" data-original-value=\"400\" data-original-unit=\"m&#038;sup2\">400 m&sup2;<\/span>Gebaut\t\t\t\t<\/li>\n\t\t\t\t\t\t\t<li class=\"d-flex align-items-center\">\n\t\t\t\t\t <span class=\"me-1\" data-original-value=\"209\" data-original-unit=\"m&#038;sup2\">209 m&sup2;<\/span>Terrassen\t\t\t\t<\/li>\n\t\t\t\t\t<\/ul>\n\t\t\t<\/div>\n<\/article>\n\t\t\t<\/div>\n\t\t\t<ul class=\"mw-100 d-flex flex-column flex-lg-row flex-lg-wrap justify-content-center gap-3 list-unstyled mt-5 mb-0\">\n    <li><a class=\"btn btn-primary w-100 px-4 py-2\" href=\"https:\/\/www.panoramamarbella.com\/de\/immobilien\/marbella\">Immobilien zum Verkauf in Marbella<\/a><\/li><\/ul>\n\t\t<\/section>\n\t\t\n","protected":false},"excerpt":{"rendered":"<p>Die besten Orte f\u00fcr das Essen im Freien in Marbella versprechen exquisite K\u00fcche und ein herausragendes Sommerflair.<\/p>\n","protected":false},"author":3,"featured_media":17096,"comment_status":"closed","ping_status":"closed","sticky":false,"template":"","format":"standard","meta":{"_acf_changed":false,"footnotes":""},"categories":[39],"tags":[],"class_list":["post-17275","post","type-post","status-publish","format-standard","has-post-thumbnail","hentry","category-marbella-lifestyle-de"],"acf":[],"_links":{"self":[{"href":"https:\/\/www.panoramamarbella.com\/de\/wp-json\/wp\/v2\/posts\/17275","targetHints":{"allow":["GET"]}}],"collection":[{"href":"https:\/\/www.panoramamarbella.com\/de\/wp-json\/wp\/v2\/posts"}],"about":[{"href":"https:\/\/www.panoramamarbella.com\/de\/wp-json\/wp\/v2\/types\/post"}],"author":[{"embeddable":true,"href":"https:\/\/www.panoramamarbella.com\/de\/wp-json\/wp\/v2\/users\/3"}],"replies":[{"embeddable":true,"href":"https:\/\/www.panoramamarbella.com\/de\/wp-json\/wp\/v2\/comments?post=17275"}],"version-history":[{"count":1,"href":"https:\/\/www.panoramamarbella.com\/de\/wp-json\/wp\/v2\/posts\/17275\/revisions"}],"predecessor-version":[{"id":17655,"href":"https:\/\/www.panoramamarbella.com\/de\/wp-json\/wp\/v2\/posts\/17275\/revisions\/17655"}],"wp:featuredmedia":[{"embeddable":true,"href":"https:\/\/www.panoramamarbella.com\/de\/wp-json\/wp\/v2\/media\/17096"}],"wp:attachment":[{"href":"https:\/\/www.panoramamarbella.com\/de\/wp-json\/wp\/v2\/media?parent=17275"}],"wp:term":[{"taxonomy":"category","embeddable":true,"href":"https:\/\/www.panoramamarbella.com\/de\/wp-json\/wp\/v2\/categories?post=17275"},{"taxonomy":"post_tag","embeddable":true,"href":"https:\/\/www.panoramamarbella.com\/de\/wp-json\/wp\/v2\/tags?post=17275"}],"curies":[{"name":"wp","href":"https:\/\/api.w.org\/{rel}","templated":true}]}}