{"id":18315,"date":"2025-06-23T09:30:59","date_gmt":"2025-06-23T07:30:59","guid":{"rendered":"https:\/\/www.panoramamarbella.com\/?p=18315"},"modified":"2025-06-23T09:31:47","modified_gmt":"2025-06-23T07:31:47","slug":"5-malerische-ausflugsziele","status":"publish","type":"post","link":"https:\/\/www.panoramamarbella.com\/de\/news\/5-malerische-ausflugsziele","title":{"rendered":"5 malerische ausflugsziele weniger als 2 Stunden von Marbella entfernt"},"content":{"rendered":"\n\n<h2 class=\"wp-block-heading\">5 zauberhafte Reiseziele weniger als 2 Stunden von Marbella entfernt<\/h2>\n\n\n<div class=\"lead\"><p>Einer der vielen Vorteile des Lebens an der Costa del Sol ist die Vielzahl an traumhaften Ausflugszielen direkt vor der Haust\u00fcr. Man muss kein Flugzeug besteigen, um das Gef\u00fchl zu haben, an einem karibischen Strand zu entspannen, durch die Schweizer Alpen zu wandern oder mit dem Kajak durch Karsth\u00f6hlen in einem Nationalpark irgendwo in S\u00fcdostasien zu paddeln.<\/p>\n<\/div>\n\n\n<ul class=\"table-index list-unstyled p-4 p-lg-5 ms-0 bg-light\"><li class=\"text-uppercase fw-bold mb-3\">Inhaltsverzeichnis<\/li><li><a href=\"#5+zauberhafte+reiseziele+weniger+als+2+stunden+von+marbella+entfernt\">\n5 zauberhafte Reiseziele weniger als 2 Stunden von Marbella entfernt\n<\/a><\/li>\n<li><a href=\"#tarifa\">\nTarifa\n<\/a><\/li>\n<li><a href=\"#casares\">\nCasares\n<\/a><\/li>\n<li><a href=\"#nerja\">\nNerja\n<\/a><\/li>\n<li><a href=\"#benaojan\">\nBenaoj\u00e1n\n<\/a><\/li>\n<li><a href=\"#cortes+de+la+frontera\">\nCortes de la Frontera\n<\/a><\/li>\n<li><a href=\"#funf+moglichkeiten+dem+alltag+zu+entfliehen++ohne+andalusien+zu+verlassen\">\nF\u00fcnf M\u00f6glichkeiten, dem Alltag zu entfliehen \u2013 ohne Andalusien zu verlassen\n<\/a><\/li><\/ul>\n\n\n\t<figure class=\"wp-caption aligncenter wp-block-acf-wpimage\">\n\t<picture><source width=\"900\" height=\"675\" srcset=\"https:\/\/media.panoramamarbella.com\/imgV1\/B95mbh8olwFQm~uCT2wPZMb8hll4wghQQQq6YWg0~c~U_DrmgY8pGP8pqaDzA6mvjyI_OPtcrHD_aKxDZZG3IGMWNWDgREJh0UYh7pPLVhRtpsUXXO79xbw0lyXj~Xfqrn1zKqmBYMiKU8~5DwDd2SdMWh58rCwZYAHxADx17ps9VF9xfa8f67DSMdPyfndkJs4ttZuHIfNPJ9ZbaASWNJbJ8araXA--.webp 900w\" type=\"image\/webp\"><img decoding=\"async\" class=\"img-fluid\" loading=\"lazy\" width=\"900\" height=\"675\" alt=\"Ein Feld mit gelben Wildblumen und vereinzelten roten Mohnblumen, \u00fcbers\u00e4t mit alten Olivenb\u00e4umen unter einem klaren blauen Himmel. Im Hintergrund rundet ein felsiger Hang mit zwischen den B\u00e4umen eingebetteten Geb\u00e4uden die Naturkulisse ab.\" src=\"https:\/\/media.panoramamarbella.com\/imgV1\/B95mbh8olwFQm~uCT2wPZMb8hll4wghQQQq6YWg0~c~U_DrmgY8pGP8pqaDzA6mvjyI_OPtcrHD_aKxDZZG3IGMWNWDgREJh0UYh7pPLVhRtpsUXXO79xbw0lyXj~Xfqrn1zKqmBYMiKU8~5DwDd2SdMWh58rCwZYAHxADx17ps9VEEqBHDhv6XzY40n8J1OlizC.jpg\"><\/picture>\t\t<\/figure>\n\t\n\n\n<h2 class=\"wp-block-heading\">Tarifa<\/h2>\n\n\n\n<p>Ein K\u00fcstenwunder in der Provinz C\u00e1diz und eines der eindrucksvollsten malerische ausflugsziele an der Costa de la Luz, wo das Mittelmeer und der Atlantik aufeinandertreffen.<\/p>\n\n\n\t<figure class=\"wp-caption aligncenter wp-block-acf-wpimage\">\n\t<picture><source width=\"900\" height=\"600\" srcset=\"https:\/\/media.panoramamarbella.com\/imgV1\/B95mbh8olwFQm~uCT2wPZMb8hll4wghQQQq6YWg0~c~U_DrmgY8pGP8pqaDzA6mvjyI_OPtcrHD_aKxDZZG3IGADgopOgr4ZzBOu0Nysk436Zqui0pGO1f6KhyMHern4N_w87skDe~2GiSncAHDNm~TYl72inhFPqTUYm_PhgBEdm7Lf9hcP4WuSL0k1W2xyyr4orUt27~TGL4jrHW_TD2sNJHym~g--.webp 900w\" type=\"image\/webp\"><img decoding=\"async\" class=\"img-fluid\" loading=\"lazy\" width=\"900\" height=\"600\" alt=\"Malerische ausflugsziele. Blickt man Richtung Tarifa, erstreckt sich ein langer, gepflasterter Gehweg, ges\u00e4umt von Betonb\u00e4nken, in die Ferne. Rechts der Stra\u00dfe erstreckt sich das Mittelmeer, links der Atlantik. Im Hintergrund erheben sich die K\u00fcste, die Stadtgeb\u00e4ude und die H\u00fcgel unter einem klaren, blauen Himmel.\" src=\"https:\/\/media.panoramamarbella.com\/imgV1\/B95mbh8olwFQm~uCT2wPZMb8hll4wghQQQq6YWg0~c~U_DrmgY8pGP8pqaDzA6mvjyI_OPtcrHD_aKxDZZG3IGADgopOgr4ZzBOu0Nysk436Zqui0pGO1f6KhyMHern4N_w87skDe~2GiSncAHDNm~TYl72inhFPqTUYm_PhgBEdm6zmbSic4Jk1If2JU4RxMpym.jpg\"><\/picture>\t\t\t<figcaption class=\"wp-caption-text\">\n\t\tWenn man in Richtung Tarifa f\u00e4hrt, liegt auf der rechten Stra\u00dfenseite das Mittelmeer und auf der linken der Atlantik\t\t<\/figcaption>\n\t\t\t<\/figure>\n\t\n\n\n<p>Tarifa, bekannt als die \u201eKitesurf-Hauptstadt Europas\u201c, liegt etwa 70 km westlich von Marbella \u2013 rund 75 Autominuten \u00fcber die AP-7 und N-340. Es gilt als eines der weltweit besten Ziele f\u00fcr Kitesurfen und Windsurfen, insbesondere an den Str\u00e4nden <a href=\"https:\/\/www.google.com\/maps\/place\/Playa+Valdevaqueros\/@36.0648412,-5.6854112,3641m\/data=!3m1!1e3!4m15!1m8!3m7!1s0xd0c8bb6f417f43d:0xb3f2d035ff4cd963!2s11380+Valdevaqueros,+C%C3%A1diz!3b1!8m2!3d36.0663956!4d-5.6773011!16s%2Fm%2F0r4kmvf!3m5!1s0xd0c8a4c70db6539:0xc4cf800a81b036b6!8m2!3d36.0689622!4d-5.6912931!16s%2Fg%2F11c57nfnfm?entry=ttu&amp;g_ep=EgoyMDI1MDYxNi4wIKXMDSoASAFQAw%3D%3D\" target=\"_blank\" rel=\"noreferrer noopener nofollow\">Valdevaqueros<\/a> und <a href=\"https:\/\/www.google.com\/maps\/place\/Playa+de+Los+Lances\/@36.0359405,-5.6258145,3643m\/data=!3m2!1e3!4b1!4m6!3m5!1s0xd0c8e9f30ec9259:0xdc406a749980f1ea!8m2!3d36.0351695!4d-5.623453!16s%2Fm%2F0r4pnxx?entry=ttu&amp;g_ep=EgoyMDI1MDYxNi4wIKXMDSoASAFQAw%3D%3D\" target=\"_blank\" rel=\"noreferrer noopener nofollow\">Los Lances<\/a>. Dort befinden sich mehrere renommierte Surfschulen, die sowohl f\u00fcr Anf\u00e4nger als auch f\u00fcr erfahrene Surfer geeignet sind. Am Ende des Strandes von Valdevaqueros kann man beeindruckende Sandd\u00fcnen erklimmen \u2013 oder sogar <a href=\"https:\/\/www.google.com\/maps\/place\/Duna+De+Valdevaqueros\/@36.0673197,-5.6988508,910m\/data=!3m2!1e3!4b1!4m6!3m5!1s0xd0c8a4f13a69ad7:0x69faa2f7279c19c2!8m2!3d36.0673197!4d-5.6988508!16s%2Fg%2F11bxdzn4hg?entry=ttu&amp;g_ep=EgoyMDI1MDYxNi4wIKXMDSoASAFQAw%3D%3D\" target=\"_blank\" rel=\"noreferrer noopener nofollow\">mit dem Auto \u00fcber die<\/a> A-2325 durchfahren. Ein weiterer gro\u00dfartiger Strand mit mehr Privatsph\u00e4re und eigenen D\u00fcnen ist der <a href=\"https:\/\/www.google.com\/maps\/place\/Bolonia+Beach\/@36.082836,-5.7671712,1820m\/data=!3m2!1e3!4b1!4m6!3m5!1s0xd0c60536b4b02b5:0xb17c1122f1f629c5!8m2!3d36.084097!4d-5.7666869!16s%2Fg%2F1q5bn77n7?entry=ttu&amp;g_ep=EgoyMDI1MDYxNi4wIKXMDSoASAFQAw%3D%3D\" target=\"_blank\" rel=\"noreferrer noopener nofollow\">Strand von Bolonia<\/a>. Hinter dem Strand von Bolonia befinden sich zudem beeindruckende <a href=\"https:\/\/www.google.com\/maps\/place\/Baelo+Claudia\/@36.0905816,-5.773402,1820m\/data=!3m2!1e3!4b1!4m6!3m5!1s0xd0c605252ca33af:0xc5fb01af4f247b2c!8m2!3d36.088828!4d-5.7727096!16zL20vMGJyNW55?entry=ttu&amp;g_ep=EgoyMDI1MDYxNi4wIKXMDSoASAFQAw%3D%3D\" target=\"_blank\" rel=\"noreferrer noopener nofollow\">r\u00f6mische Ruinen<\/a>, darunter ein r\u00f6misches Theater, S\u00e4ulen und ein Aqu\u00e4dukt.<\/p>\n\n\n\t<figure class=\"wp-caption aligncenter wp-block-acf-wpimage\">\n\t<picture><source width=\"900\" height=\"532\" srcset=\"https:\/\/media.panoramamarbella.com\/imgV1\/B95mbh8olwFQm~uCT2wPZMb8hll4wghQQQq6YWg0~c~U_DrmgY8pGP8pqaDzA6mvjyI_OPtcrHD_aKxDZZG3IGE2_1KTEKeWbP0viU824egxagNcz0e7iaUsReCMKQ0Zz2VqeHu6r_vzlUOBBNlQDaBSmrBe4sFxjhdznxr1LJDns1Qvm21BDX936pEpWLoyLbUVyWsAPo2ejKIQZ5s1F256pCz6lg--.webp 900w\" type=\"image\/webp\"><img decoding=\"async\" class=\"img-fluid\" loading=\"lazy\" width=\"900\" height=\"532\" alt=\"Reiter und ein Hund durchqueren goldene Sandd\u00fcnen unter einem klaren blauen Himmel, mit Berggipfeln im Hintergrund. Eine friedliche K\u00fcstenlandschaft in der N\u00e4he von Tarifa, in der Meer, Sand und Natur verschmelzen.\" src=\"https:\/\/media.panoramamarbella.com\/imgV1\/B95mbh8olwFQm~uCT2wPZMb8hll4wghQQQq6YWg0~c~U_DrmgY8pGP8pqaDzA6mvjyI_OPtcrHD_aKxDZZG3IGE2_1KTEKeWbP0viU824egxagNcz0e7iaUsReCMKQ0Zz2VqeHu6r_vzlUOBBNlQDaBSmrBe4sFxjhdznxr1LJDns0rbL3p0NC6Hrds07JSSg1Yw.jpg\"><\/picture>\t\t\t<figcaption class=\"wp-caption-text\">\n\t\tPferde reiten die D\u00fcnen in Tarifa hinauf\t\t<\/figcaption>\n\t\t\t<\/figure>\n\t\n\n\n<p>Schwimmen Sie im kristallklaren t\u00fcrkisfarbenen Wasser, erklimmen Sie wei\u00dfgoldene Sandd\u00fcnen, beobachten Sie Wale in der Stra\u00dfe von Gibraltar und reiten Sie bei Sonnenuntergang durch die Brandung. \u00dcbernachten Sie in luxuri\u00f6sen, entspannten Hotels wie dem Hurricane Hotel oder Punta Sur oder erleben Sie Ihren Urlaub im echten Surfer-Stil auf den verschiedenen Campingpl\u00e4tzen.<\/p>\n\n\n\n<h2 class=\"wp-block-heading\">Casares<\/h2>\n\n\n\n<p>Nur 45 Minuten von Marbella entfernt, ins Landesinnere von Estepona \u00fcber die AP7 und MA8300, liegt dieses atemberaubende Bergdorf \u2013 ein \u201epueblo blanco\u201c mit einem m\u00e4rchenhaften Panorama \u00fcber das Genal-Tal. Wer beeindruckende Ausblicke und einen perfekten Ort zur Beobachtung von Greifv\u00f6geln sucht, ist am <a href=\"https:\/\/www.google.com\/maps\/place\/Mirador+del+Tajo+de+la+Plan%C3%A1\/@36.4425161,-5.2744163,3a,75y,90t\/data=!3m8!1e2!3m6!1sCIHM0ogKEICAgIDk1YDDBw!2e10!3e12!6shttps:%2F%2Flh3.googleusercontent.com%2Fgeougc-cs%2FAB3l90BK3Et8f6phRZsGVT__Yg0Tgzbxjyp_HSbgxj0IyuhvmNXrAc2AOthyFXwzbzL1jKo-Nl_TIhYJvm_JWU70K19WiJGmLOt-shPIO4uDmIn-MK3bc3fdaKylgrZvgxzi2b0YCaDS!7i4032!8i3024!4m7!3m6!1s0xd0cd960e1c18167:0x2c37bb3f57262bc0!8m2!3d36.4425161!4d-5.2744163!10e5!16s%2Fg%2F11g0dh4_nk?entry=ttu&amp;g_ep=EgoyMDI1MDYxNi4wIKXMDSoASAFQAw%3D%3D\" target=\"_blank\" rel=\"noreferrer noopener nofollow\">Aussichtspunkt ganz oben<\/a> genau richtig! Hoch an einem steilen Hang gelegen, verk\u00f6rpert Casares das klassische Bild eines wei\u00dfen Dorfes \u2013 jedoch mit besonderem Charme. Aus der Ferne wirken die wei\u00df get\u00fcnchten H\u00e4user wie gestapelte Zuckerw\u00fcrfel, eingerahmt von der Kirche Iglesia de la Encarnaci\u00f3n aus dem Jahr 1505 und den Ruinen einer arabischen Burg auf dem H\u00fcgelkamm.<\/p>\n\n\n\t<figure class=\"wp-caption aligncenter wp-block-acf-wpimage\">\n\t<picture><source width=\"900\" height=\"486\" srcset=\"https:\/\/media.panoramamarbella.com\/imgV1\/B95mbh8olwFQm~uCT2wPZMb8hll4wghQQQq6YWg0~c~U_DrmgY8pGP8pqaDzA6mvjyI_OPtcrHD_aKxDZZG3IGaVy6zWPxjrPh9kcMYZUNN8fRYEGiiltOR8LYhhXqQsFoiIJkFYQP0oYfU8eG0r76Tqha9zD9guKMciojUNH6jIz_mJhumrwfDvQYqHZPZDrBxTJMkgqjWJoWo~kZE0XQgFVuXBTA--.webp 900w\" type=\"image\/webp\"><img decoding=\"async\" class=\"img-fluid\" loading=\"lazy\" width=\"900\" height=\"486\" alt=\"Panoramablick auf ein traditionelles andalusisches wei\u00dfes Dorf auf einem H\u00fcgel mit einem Kirchturm und Burgruinen auf dem Gipfel. Sanfte gr\u00fcne H\u00fcgel und ferne Windr\u00e4der erstrecken sich unter einem teilweise bew\u00f6lkten Himmel \u00fcber den Horizont.\" src=\"https:\/\/media.panoramamarbella.com\/imgV1\/B95mbh8olwFQm~uCT2wPZMb8hll4wghQQQq6YWg0~c~U_DrmgY8pGP8pqaDzA6mvjyI_OPtcrHD_aKxDZZG3IGaVy6zWPxjrPh9kcMYZUNN8fRYEGiiltOR8LYhhXqQsFoiIJkFYQP0oYfU8eG0r76Tqha9zD9guKMciojUNH6jIz~cMDgGK0krI5NDN0~ZXzQ~S.jpg\"><\/picture>\t\t\t<figcaption class=\"wp-caption-text\">\n\t\tEin Spaziergang durch das Dorf Casares bietet wundervolle Ausblicke, andalusische B\u00f6gen, verwunschene G\u00e4rten und charmante kleine L\u00e4den\t\t<\/figcaption>\n\t\t\t<\/figure>\n\t\n\n\n<p>Die steilen, labyrinthartigen Gassen des Dorfes sind nichts f\u00fcr schwache Nerven \u2013 aber der Aufstieg lohnt sich auf jeden Fall. Casares gilt als einer der sch\u00f6nsten Spazierg\u00e4nge durch ein spanisches Dorf, mit seinen andalusischen B\u00f6gen, verwunschenen G\u00e4rten und charmanten kleinen L\u00e4den. Doch es ist vor allem der Ausblick vom h\u00f6chsten Punkt, der diesen Ort so besonders macht.<\/p>\n\n\n\n<p>Nachdem man das Dorf in aller Ruhe erkundet hat (inklusive einem Abstecher zu den Burgruinen), gibt es in der Umgebung noch weitere Wunder zu entdecken. Unten im Tal, am R\u00edo de Manilva, etwa <a href=\"https:\/\/www.google.com\/maps\/dir\/Casares,+29690,+M%C3%A1laga,+Spain\/Ba%C3%B1os+de+la+Hedionda+de+Casares+-+Espacio+Natural,+29690+Casares,+M%C3%A1laga,+Spain\/@36.4163685,-5.3171906,14500m\/data=!3m2!1e3!4b1!4m14!4m13!1m5!1m1!1s0xd0cd9014e5a8eb7:0xbcbfd387f8fc960a!2m2!1d-5.2730149!2d36.4439273!1m5!1m1!1s0xd0cdbae65ff1c89:0xfdd0775b477e9e31!2m2!1d-5.2615082!2d36.3964828!3e0?entry=ttu&amp;g_ep=EgoyMDI1MDYxNi4wIKXMDSoASAFQAw%3D%3D\" target=\"_blank\" rel=\"noreferrer noopener nofollow\">20 Autominuten<\/a> von Casares entfernt, befinden sich schwefelhaltige Thermalquellen \u2013 einer Legende nach soll hier sogar Julius C\u00e4sar gebadet haben. Die Quellen sind \u00f6ffentlich zug\u00e4nglich: Man kann entweder selbst ein Bad nehmen (wenn man den schwefeligen Geruch ertr\u00e4gt) oder einfach die r\u00f6mische Br\u00fccke \u2013 die <em>Puente Romano<\/em> \u2013 und das nahegelegene Aqu\u00e4dukt bewundern<\/p>\n\n\n\n<h2 class=\"wp-block-heading\">Nerja<\/h2>\n\n\n\n<p>Auf einem Felssporn gelegen, bietet Nerja spektakul\u00e4re Ausblicke auf die mediterrane Landschaft am \u00f6stlichen Rand der Costa del Sol. Man kann in kristallklaren Buchten Kajak fahren und schnorcheln \u2013 und die H\u00f6hlen von Nerja besuchen, ein geologisches Wunder mit kathedralenartigen Stalaktiten und pr\u00e4historischen Malereien.<\/p>\n\n\n\t<figure class=\"wp-caption aligncenter wp-block-acf-wpimage\">\n\t<picture><source width=\"900\" height=\"600\" srcset=\"https:\/\/media.panoramamarbella.com\/imgV1\/B95mbh8olwFQm~uCT2wPZMb8hll4wghQQQq6YWg0~c~U_DrmgY8pGP8pqaDzA6mvjyI_OPtcrHD_aKxDZZG3IGeECFL4mGUqTy0Abl89mDdeQsWgq6tflfQ6Z6qFr3chfyj97k4GPU7hwkPj8FQ23XIflr_ch2G6k~LmRu4LSty0~gziwxmthunNSANDN4xAuHu4xTL09GCS7ywX8HV9HQfou6F70w--.webp 900w\" type=\"image\/webp\"><img decoding=\"async\" class=\"img-fluid\" loading=\"lazy\" width=\"900\" height=\"600\" alt=\"Innenansicht einer beleuchteten H\u00f6hle mit beeindruckenden Stalaktiten und Stalagmiten. Besucher wandern auf einem ausgewiesenen Weg und wirken dabei winzig angesichts der massiven Felsformationen dieses unterirdischen Naturwunders.\" src=\"https:\/\/media.panoramamarbella.com\/imgV1\/B95mbh8olwFQm~uCT2wPZMb8hll4wghQQQq6YWg0~c~U_DrmgY8pGP8pqaDzA6mvjyI_OPtcrHD_aKxDZZG3IGeECFL4mGUqTy0Abl89mDdeQsWgq6tflfQ6Z6qFr3chfyj97k4GPU7hwkPj8FQ23XIflr_ch2G6k~LmRu4LSty0~hKbexUKi~pNv~g_IV2LBi6l.jpg\"><\/picture>\t\t\t<figcaption class=\"wp-caption-text\">\n\t\tDie H\u00f6hlen von Nerja sind auf jeden Fall einen Besuch wert\t\t<\/figcaption>\n\t\t\t<\/figure>\n\t\n\n\n<p>Eine malerische K\u00fcstenfahrt von etwa 60 Minuten \u00f6stlich von Marbella f\u00fchrt nach Nerja \u2013 Heimat des ber\u00fchmten <a href=\"https:\/\/www.google.com\/maps\/place\/Pl.+Balc%C3%B3n+de+Europa,+29780,+M%C3%A1laga\/@36.7447025,-3.8758226,902m\/data=!3m2!1e3!4b1!4m6!3m5!1s0xd7225120c94fca9:0xf21d1914dd392ab9!8m2!3d36.7447025!4d-3.8758226!16s%2Fg%2F11x9m1w51?entry=ttu&amp;g_ep=EgoyMDI1MDYxNi4wIKXMDSoASAFQAw%3D%3D\" target=\"_blank\" rel=\"noreferrer noopener nofollow\">Balc\u00f3n de Europa<\/a>, einem Aussichtspunkt mit atemberaubendem Blick auf das Mittelmeer bis zum Horizont. Vom Aussichtspunkt gelangt man hinunter zum Sandstrand Playa Burriana, wo Chiringuitos, Kajakverleih und eine lebhafte Promenade auf Besucher warten.<\/p>\n\n\n\n<p>F\u00fcr eine besondere Leckerei lohnt sich ein Besuch in der beliebten B\u00e4ckerei NYABAKAT, die frische schwedische Backwaren und Spezialit\u00e4tenkaffee anbietet \u2013 ideal gelegen an der Strandpromenade in der <em>Camino de Burrian<\/em>a Stra\u00dfe. \u00d6stlich davon befinden sich die ber\u00fchmten H\u00f6hlen von Nerja, ein weit verzweigtes H\u00f6hlensystem von rund 5 Kilometern L\u00e4nge, das f\u00fcr seine 42.000 Jahre alten pal\u00e4olithischen H\u00f6hlenmalereien bekannt ist \u2013 direkt auf riesige Stalaktiten gemalt. Nach dem unterirdischen Abenteuer kann man in einer Bodega im <a href=\"https:\/\/www.google.com\/maps\/dir\/Nerja,+29780,+M%C3%A1laga,+Spain\/Frigiliana,+29788,+M%C3%A1laga,+Spain\/@36.7754408,-3.9078679,7216m\/data=!3m1!1e3!4m14!4m13!1m5!1m1!1s0xd72251226dc9a3d:0xe8a542008b9b37b8!2m2!1d-3.8727496!2d36.756395!1m5!1m1!1s0xd7224b09423f143:0x907177a88feb8605!2m2!1d-3.8947061!2d36.7908751!3e0?entry=ttu&amp;g_ep=EgoyMDI1MDYxNi4wIKXMDSoASAFQAw%3D%3D\" target=\"_blank\" rel=\"noreferrer noopener nofollow\">nahegelegenen Frigiliana<\/a> den s\u00fc\u00dfen lokalen Muskatellerwein probieren, bevor man auf der landschaftlich reizvollen K\u00fcstenstra\u00dfe zur\u00fcckf\u00e4hrt. Wer l\u00e4nger bleibt, kann eine fantastische <a href=\"https:\/\/www.malaga.es\/en\/laprovincia\/naturaleza\/lis_cd-6606\/great-malaga-path-gr-249-stage-05-nerja-frigiliana\" target=\"_blank\" rel=\"noreferrer noopener nofollow\">15 km lange Wanderung von Frigiliana zu den Nerja-H\u00f6hlen<\/a> unternehmen \u2013 ein Abschnitt der GR249-Route, bei dem auch der Fluss Chillar \u00fcberquert wird.<\/p>\n\n\n\n<h2 class=\"wp-block-heading\">Benaoj\u00e1n<\/h2>\n\n\n\n<p>Benaoj\u00e1n liegt am n\u00f6rdlichen Rand der Sierra de L\u00edbar und besteht aus zwei deutlich voneinander getrennten Ortsteilen: dem urspr\u00fcnglichen Dorf, das sich an einen steilen Berghang schmiegt, und der tiefer gelegenen Siedlung rund um den Bahnhof im Guadiaro-Tal.<\/p>\n\n\n\t<figure class=\"wp-caption aligncenter wp-block-acf-wpimage\">\n\t<picture><source width=\"900\" height=\"593\" srcset=\"https:\/\/media.panoramamarbella.com\/imgV1\/B95mbh8olwFQm~uCT2wPZMb8hll4wghQQQq6YWg0~c~U_DrmgY8pGP8pqaDzA6mvjyI_OPtcrHD_aKxDZZG3IGSIjvD81kVa7N0kbVFIKKjay7WVqI6heuL9JJZR~yzTUAQ8xKiJVg_VIzl7BZ7ryC3r_kJnzv~_PpsCeLCHHjXCDxq0BfDFijOcNIVODILeGq6YhCclUeP~Hb~581Gg7mdkvk2xyw--.webp 900w\" type=\"image\/webp\"><img decoding=\"async\" class=\"img-fluid\" loading=\"lazy\" width=\"900\" height=\"593\" alt=\"Malerische Aussicht auf ein \u00fcppig gr\u00fcnes Tal, umgeben von schroffen Bergen unter einem strahlend blauen Himmel, mit wei\u00df get\u00fcnchten H\u00e4usern eines kleinen andalusischen Dorfes, eingebettet in die H\u00fcgel.\" src=\"https:\/\/media.panoramamarbella.com\/imgV1\/B95mbh8olwFQm~uCT2wPZMb8hll4wghQQQq6YWg0~c~U_DrmgY8pGP8pqaDzA6mvjyI_OPtcrHD_aKxDZZG3IGSIjvD81kVa7N0kbVFIKKjay7WVqI6heuL9JJZR~yzTUAQ8xKiJVg_VIzl7BZ7ryC3r_kJnzv~_PpsCeLCHHjXCDwSwTw~zu97gYwKt8w0x__m~.jpg\"><\/picture>\t\t\t<figcaption class=\"wp-caption-text\">\n\t\tLinks liegt Benaoj\u00e1n und rechts der kleinere Ortsteil \u201eEstaci\u00f3n de Benaoj\u00e1n\u201c\t\t<\/figcaption>\n\t\t\t<\/figure>\n\t\n\n\n<p>Am Fu\u00dfe einer beeindruckenden Karstlandschaft aus Kalkstein gelegen, rund 1 Stunde und 45 Minuten von Marbella ins Landesinnere, ist Benaoj\u00e1n ein wahres Paradies f\u00fcr Wanderfreunde. Die Wanderwege f\u00fchren durch dramatische, geschichtete Felsformationen, weite Wiesen mit hohem Gras, gr\u00fcne Olivenhaine an bl\u00fchenden H\u00e4ngen und vorbei an t\u00fcrkisfarbenen Fl\u00fcssen. Manchmal f\u00fchlt man sich wie in der Schweiz \u2013 und manchmal meint man, auf einem anderen Planeten zu sein.<\/p>\n\n\n\n<p>Direkt unterhalb des Dorfes verl\u00e4uft eine legend\u00e4re Eisenbahnstrecke, f\u00fcr die die Region vielleicht am bekanntesten ist: die Algeciras\u2013Ronda-Bahn, liebevoll \u201eMr. Henderson\u2019s Railway\u201c genannt \u2013 benannt nach dem britischen Ingenieur, der ihren Bau in den 1890er-Jahren vorantrieb. Diese romantische Bahnlinie l\u00e4sst sich auf Wanderwegen entlang eines 7,5 km langen Abschnitts erkunden, der an der alten Station beginnt und bis nach Jimera de L\u00edbar f\u00fchrt \u2013 eine mittelschwere Wanderung von etwa dreieinhalb Stunden. Ebenfalls sehr empfehlenswert ist die Wanderung von der Station Benaoj\u00e1n zur <a href=\"https:\/\/www.cuevadelapileta.es\/\" target=\"_blank\" rel=\"noreferrer noopener nofollow\">Cueva de la Pileta<\/a>: ein 7 km langer Rundweg zu pr\u00e4historischer H\u00f6hlenkunst, unterirdischen Kammern und den beeindruckenden Karstformationen des Tals.<\/p>\n\n\n\t<figure class=\"wp-caption aligncenter wp-block-acf-wpimage\">\n\t<picture><source width=\"900\" height=\"627\" srcset=\"https:\/\/media.panoramamarbella.com\/imgV1\/B95mbh8olwFQm~uCT2wPZMb8hll4wghQQQq6YWg0~c~U_DrmgY8pGP8pqaDzA6mvjyI_OPtcrHD_aKxDZZG3IGWbp9mfyA9iOLVB2vJwrJx4FwsC0yrHS2cAkKnMq8bErbpvzhw40m4SZGJfvV7Sd4vqi9QxfnSlWZPeaV4qNtvIaltE5TjkvPA4fkRiD~fmoEZ3bco9XcSnPQgkl0UGFLBK5W4d9w--.webp 900w\" type=\"image\/webp\"><img decoding=\"async\" class=\"img-fluid\" loading=\"lazy\" width=\"900\" height=\"627\" alt=\"Ein gewundener Bergpfad, umgeben von schroffen Kalksteingipfeln und vereinzelter Vegetation unter einem klaren blauen Himmel. In der Ferne sind Wanderer zu sehen, die der dramatischen Landschaft eine gewisse Gr\u00f6\u00dfe verleihen.\" src=\"https:\/\/media.panoramamarbella.com\/imgV1\/B95mbh8olwFQm~uCT2wPZMb8hll4wghQQQq6YWg0~c~U_DrmgY8pGP8pqaDzA6mvjyI_OPtcrHD_aKxDZZG3IGWbp9mfyA9iOLVB2vJwrJx4FwsC0yrHS2cAkKnMq8bErbpvzhw40m4SZGJfvV7Sd4vqi9QxfnSlWZPeaV4qNtvIakWJTzFjYeJ6lfsg_9lX0Ab~.jpg\"><\/picture>\t\t\t<figcaption class=\"wp-caption-text\">\n\t\tDie beeindruckende Karstlandschaft aus Kalkstein\t\t<\/figcaption>\n\t\t\t<\/figure>\n\t\n\n\n<p>Ein absolutes Highlight bei einem Besuch in Benaoj\u00e1n ist das au\u00dfergew\u00f6hnliche Restaurant und Hotel <a href=\"https:\/\/www.molinodelsanto.com\/\" target=\"_blank\" rel=\"noreferrer noopener nofollow\">Molino del Santo<\/a> \u2013 eine liebevoll restaurierte Wasserm\u00fchle aus dem 18. Jahrhundert. Hier genie\u00dft man kreative andalusische K\u00fcche in idyllischer Flusslage, begleitet vom Rauschen der Stromschnellen. Die charmante Terrasse im Freien, geschm\u00fcckt mit Blumen und mit Blick auf die umliegenden Olivenhaine, bietet eine traumhafte Kulisse f\u00fcr ein Mittag- oder Abendessen.<\/p>\n\n\n\n<h2 class=\"wp-block-heading\">Cortes de la Frontera<\/h2>\n\n\n\n<p>Cortes de la Frontera liegt am Rand des <a href=\"https:\/\/www.google.com\/search?sca_esv=e293ca8d199e0e1f&amp;hl=en&amp;gl=uk&amp;output=search&amp;kgmid=\/m\/0279rkl&amp;q=Parque+Natural+Los+Alcornocales&amp;shndl=30&amp;shem=lcuae,lspt16,uaasie&amp;source=sh\/x\/loc\/uni\/m1\/1&amp;kgs=f82b4f1dec19d636\" target=\"_blank\" rel=\"noreferrer noopener nofollow\">Naturparks Los Alcornocales<\/a>, der die gr\u00f6\u00dfte Korkeichenwaldfl\u00e4che Europas beherbergt. Mit \u00fcber 170 km\u00b2 Fl\u00e4che geh\u00f6rt die Gemeinde zu den gr\u00f6\u00dften in der Provinz M\u00e1laga.<\/p>\n\n\n\t<figure class=\"wp-caption aligncenter wp-block-acf-wpimage\">\n\t<picture><source width=\"900\" height=\"486\" srcset=\"https:\/\/media.panoramamarbella.com\/imgV1\/B95mbh8olwFQm~uCT2wPZMb8hll4wghQQQq6YWg0~c~U_DrmgY8pGP8pqaDzA6mvjyI_OPtcrHD_aKxDZZG3IGaVy6zWPxjrPh9kcMYZUNN8fRYEGiiltOR8LYhhXqQsFoiIJkFYQP0oYfU8eG0r76Tqha9zD9guKMciojUNH6jIz_mJhumrwfDvQYqHZPZDrBxTJMkgqjWJoWo~kZE0XQgFVuXBTA--.webp 900w\" type=\"image\/webp\"><img decoding=\"async\" class=\"img-fluid\" loading=\"lazy\" width=\"900\" height=\"486\" alt=\"Panoramablick auf ein traditionelles andalusisches wei\u00dfes Dorf auf einem H\u00fcgel mit einem Kirchturm und Burgruinen auf dem Gipfel. Sanfte gr\u00fcne H\u00fcgel und ferne Windr\u00e4der erstrecken sich unter einem teilweise bew\u00f6lkten Himmel \u00fcber den Horizont.\" src=\"https:\/\/media.panoramamarbella.com\/imgV1\/B95mbh8olwFQm~uCT2wPZMb8hll4wghQQQq6YWg0~c~U_DrmgY8pGP8pqaDzA6mvjyI_OPtcrHD_aKxDZZG3IGaVy6zWPxjrPh9kcMYZUNN8fRYEGiiltOR8LYhhXqQsFoiIJkFYQP0oYfU8eG0r76Tqha9zD9guKMciojUNH6jIz~cMDgGK0krI5NDN0~ZXzQ~S.jpg\"><\/picture>\t\t\t<figcaption class=\"wp-caption-text\">\n\t\tDie atemberaubende Umgebung rund um Cortes de la Frontera\t\t<\/figcaption>\n\t\t\t<\/figure>\n\t\n\n\n<p>Nur <a href=\"https:\/\/www.google.com\/maps\/dir\/Benaoj%C3%A1n,+29370,+M%C3%A1laga,+Spain\/29380+Cortes+de+la+Frontera,+M%C3%A1laga,+Spain\/@36.6598353,-5.2924843,28909m\/data=!3m1!1e3!4m14!4m13!1m5!1m1!1s0xd0d3a4340d74f67:0xe7345d0b6a34aa5f!2m2!1d-5.2508157!2d36.7209221!1m5!1m1!1s0xd0d23a8749946ed:0x76c16dc50cce8751!2m2!1d-5.3422793!2d36.6173439!3e0?entry=ttu&amp;g_ep=EgoyMDI1MDYxNi4wIKXMDSoASAFQAw%3D%3D\" target=\"_blank\" rel=\"noreferrer noopener nofollow\">25 Autominuten von Benaoj\u00e1n entfernt<\/a> \u2013 entlang der MA-8041, die dem Verlauf des Flusses Guadiaro folgt und rechts an der <em>Cueva de la Pileta<\/em> vorbeif\u00fchrt \u2013 erreicht man bald den Ort Cortes de la Frontera. Das Gemeindegebiet liegt fast vollst\u00e4ndig im Naturpark Los Alcornocales, einem 1.677 km\u00b2 gro\u00dfen Biosph\u00e4renreservat, das f\u00fcr einen der weltweit gr\u00f6\u00dften und artenreichsten Korkeichenw\u00e4lder bekannt ist.<\/p>\n\n\n\t<figure class=\"wp-caption aligncenter wp-block-acf-wpimage\">\n\t<picture><source width=\"900\" height=\"600\" srcset=\"https:\/\/media.panoramamarbella.com\/imgV1\/B95mbh8olwFQm~uCT2wPZMb8hll4wghQQQq6YWg0~c~U_DrmgY8pGP8pqaDzA6mvjyI_OPtcrHD_aKxDZZG3IGtW3i6J5vlRcrOOnwLwJT~OIWq~MuwiEnQVAfX8QlYLpCbtpwB~wHTdbKmeyd9dZGmGABsr4yBxRMcj~9GuEjIge1cqkPkTemnkCkK6vL9MluDd5StX4uuKehnzyK3V_EHE1c0SYQ--.webp 900w\" type=\"image\/webp\"><img decoding=\"async\" class=\"img-fluid\" loading=\"lazy\" width=\"900\" height=\"600\" alt=\"Nahaufnahme einer Gruppe kleiner r\u00f6tlich-brauner Pilze, die auf einem moosigen Ast wachsen, vor einem leicht verschwommenen Waldhintergrund.\" src=\"https:\/\/media.panoramamarbella.com\/imgV1\/B95mbh8olwFQm~uCT2wPZMb8hll4wghQQQq6YWg0~c~U_DrmgY8pGP8pqaDzA6mvjyI_OPtcrHD_aKxDZZG3IGtW3i6J5vlRcrOOnwLwJT~OIWq~MuwiEnQVAfX8QlYLpCbtpwB~wHTdbKmeyd9dZGmGABsr4yBxRMcj~9GuEjIge0kKuT3RKPpgXLw4YBb9h6F4.jpg\"><\/picture>\t\t\t<figcaption class=\"wp-caption-text\">\n\t\tIn den W\u00e4ldern gibt es zahlreiche Pilzarten zu entdecken\t\t<\/figcaption>\n\t\t\t<\/figure>\n\t\n\n\n<p>Der Naturpark bietet ein Wegenetz f\u00fcr alle Schwierigkeitsgrade \u2013 von sanften Waldpfaden mit imposanten Korkeichen bis hin zu anspruchsvolleren Aufstiegen auf den <em>Pico del Aljibe<\/em> (1.092 m). Im Ort selbst ist das Rathaus aus dem 18. Jahrhundert ein beeindruckendes Beispiel neoklassizistischer Architektur. Die Kirche <em>Iglesia de Nuestra Se\u00f1ora del Rosario<\/em> bildet das Zentrum eines ruhigen Platzes, ges\u00e4umt von familiengef\u00fchrten Restaurants \u2013 ideal, um nach einer Wanderung lokale Wildschmorgerichte oder Pilzgerichte aus der Region zu probieren.<\/p>\n\n\n<article class=\"col w-100 position-relative wp-block-acf-banner\">\n    <div class=\"d-flex flex-wrap flex-column flex-xl-row align-items-start align-items-xl-end gap-4 w-100 bg-secondary text-white p-4\">\n        <div class=\"d-flex flex-column\">\n\t\t\t            <a href=\"https:\/\/www.panoramamarbella.com\/de\/newsletter-fur-immobilien-zum-verkauf\" class=\"stretched-link text-white text-decoration-none\" title=\"Gef\u00e4llt dir, was du gelesen hast?\">\n\t\t\t\t<h2 class=\"text-white mb-3\">Gef\u00e4llt dir, was du gelesen hast?<\/h2>            <\/a>\n\t\t\t            <p class=\"mb-0\">\n                Abonniere unseren Newsletter f\u00fcr spannende Artikel, exklusiven Inhalt und die neuesten Updates.            <\/p>\n\t\t\t        <\/div>\n\t\t        <span class=\"btn btn-outline-light ms-xl-auto\">Panorama-Newsletter<\/span>\n\t\t    <\/div>\n<\/article>\n\n\n\n\n<h2 class=\"wp-block-heading\">F\u00fcnf M\u00f6glichkeiten, dem Alltag zu entfliehen \u2013 ohne Andalusien zu verlassen<\/h2>\n\n\n\n<p>Jedes dieser Reiseziele eignet sich perfekt f\u00fcr einen Tagesausflug oder ein erholsames Wochenende \u2013 und zeigt die beeindruckende Vielfalt, die diese Region Andalusiens so besonders macht. Von mediterranen Str\u00e4nden bis zu Berggipfeln, von pr\u00e4historischen H\u00f6hlen bis zu r\u00f6mischen Ruinen \u2013 das nat\u00fcrliche und kulturelle Erbe der Region bietet unendlich viele M\u00f6glichkeiten zum Entdecken.<\/p>\n\n\n\n<p>Wenn du also das n\u00e4chste Mal dem Glanz der K\u00fcste Marbellas entfliehen m\u00f6chtest, denke daran: Das Abenteuer wartet nur eine kurze Autofahrt entfernt. Pack deinen Picknickkorb, schn\u00fcr deine Wanderschuhe oder schnapp dir die Badesachen \u2013 die einzige Frage ist: Welches dieser malerischen Ausflugsziele wirst du zuerst erkunden?<br><\/p>\n\n\n\n<p>Wenn Sie eine Immobilie an der Costa del Sol kaufen m\u00f6chten, ist Panorama mit \u00fcber 55 Jahren Markterfahrung der ideale Partner, um Ihnen bei der Suche nach Ihrem Traumhaus zu helfen. <a href=\"https:\/\/www.panoramamarbella.com\/de\/ausgewaehltes-portfolio\">Entdecken Sie unsere Auswahl an Luxusimmobilien <\/a>oder<a href=\"https:\/\/www.panoramamarbella.com\/de\/kontakt\"> kontaktieren Sie uns<\/a> f\u00fcr pers\u00f6nliche Beratung und Unterst\u00fctzung.<\/p>\n\n\n\n\n\t\t<section class=\"container wp-block-acf-inmpropselection\">\n\t\t\t<h2>Entdecken Sie das Beste von Panorama<\/h2>\t\t\t<div class=\"row row-cols-1 row-cols-lg-3 gy-5 g-xxl-5\">\n\t\t\t\t\n<article class=\"col card-properties position-relative d-flex flex-column\">\n\t<div id=\"carouselCardProperties-1-0\" class=\"card-properties-images carousel slide carousel-fade lazy\" data-bs-ride=\"carousel\" data-bs-interval=\"200000\" data-id=\"698664\">\n\t\t<div class=\"carousel-inner\">\n\t\t\t<figure class=\"carousel-item mb-0 active ratio ratio-4x3\">\n\t\t\t\t<picture><source sizes=\"(max-width: 575px) calc(100vw - 24px), (max-width: 767px) 516px, (max-width: 991px) 696px, (max-width: 1199px) 296px, (max-width: 1399px) 356px, 400px\" width=\"696\" height=\"522\" srcset=\"https:\/\/media.panoramamarbella.com\/imgV1\/B95mbh8olwFQm~uCUaVOI2kQT0hb0a8sZ9turUNfnwtvuccYCzs0YVPfPbfkc2VnnN1JFDpkYaGfw1gJsS~5hOu8ClA27V6xVP6zyKoKPS1Mn7WRHYZMLWv_YHD73v3wTA8HWCCOpMnXwN2uAr5VSPiSO7karRIMiZTPqCu_dZ5fuWR0YCW6_1pG5Bl~Hp5WroeZ3HQAZ5bJuMGEOv79bl9k214P5Nw2k7gr9ANpozAASAFpx51KqYb~IgRpbC3Nm7LGaJqZPuy9KH5g7qzcuC2cvd8aXgZUiX05nn3MiVFBu3_R0uApWqg0GDDTU7GVpDHN0uiwmWHOPGRGcV19lVB5JeSIN5bWCc0XpEoi3uZ0T3eXN37TL0i518tYi19KAllVsHHd0sbTDHyPO_Nw~4KnnSNcB9zdZy_Falf9Nm2Qd8UylRZPY3Up0552~WYpYFfMu6~cQQhix6~xJmlu.webp 696w,https:\/\/media.panoramamarbella.com\/imgV1\/B95mbh8olwFQm~uCUaVOI2kQT0hb0a8sZ9turUNfnwtvuccYCzs0YVPfPbfkc2VnnN1JFDpkYaGfw1gJsS~5hOu8ClA27V6xVP6zyKoKPS1Mn7WRHYZMLWv_YHD73v3wTA8HWCCOpMnXwN2uAr5VSPiSO7karRIMiZTPqCu_dxsgwbeNJ3yUNRGy~HNlq7dkSM2WX~69OJOJ5Rf_OC19ofiiJFxHjWv2u3u0P4hi6O0xoN_eKF2nSgtPXKVIDb6vkB7sMfUcYSFaA8MkPym_Gpt83~i_ztzET0MbhzNjsKTdK5NbqRNgl5yWC5YxwwmAj1QP7QCWT0mNwDbjKvcT6HKFDihRXrRi~rK1hGgEsn~KGSB8yKC8a2ZAlw1Y0g7iH3vxsT0JHikRupGzmmtHsrKXqc6p8M2~T5e5ifxWDLJfJRqdDdAaQRy8mbVTKnDv_ya2ucuiMT0AMrtAXM~J.webp 400w\" type=\"image\/webp\"><img decoding=\"async\" class=\"position-absolute w-100 h-100 object-fit-cover\" alt=\"Einzigartiges Erdgeschossapartment mit Meerblick in den Japanischen G\u00e4rten von Marina Puente Romano\" loading=\"lazy\" width=\"696\" height=\"522\" src=\"https:\/\/media.panoramamarbella.com\/imgV1\/B95mbh8olwFQm~uCUaVOI2kQT0hb0a8sZ9turUNfnwtvuccYCzs0YVPfPbfkc2VnnN1JFDpkYaGfw1gJsS~5hOu8ClA27V6xVP6zyKoKPS1Mn7WRHYZMLWv_YHD73v3wTA8HWCCOpMnXwN2uAr5VSPiSO7karRIMiZTPqCu_dZ5fuWR0YCW6_1pG5Bl~AOWCKsfURyq35vm55dIauvG9uVaSivcgS4ajblndO75z1CH0f2jKmqCp4xxFvz8SGfsGZsvJDXqx_1ZOdq6C3Ciw5BdH3mBMTlmpWiwr03l4R5h6rIkh70WK8PZkn3TMc7aMyNa5IHcJVNmTEhV8AxRljU0iGmAWvH9H8Jc12IGx0P0jWsreOMhWj1MxEo9KATyoLWCUe5JwyP7SYClFp7YUmD7e40GOUqwrJuzlqrEiOyMmHv7XqSzouqYV54M-.jpg\"><\/picture>\t\t\t<\/figure>\n\t\t\t\t\t\t<span class=\"card-properties-tag position-absolute z-2 top-0 start-0 bg-secondary text-white py-1 px-3 ms-3\">\n\t\t\t\tEmpfohlen\t\t\t<\/span>\n\t\t\t\t\t\t<span class=\"card-properties-ref position-absolute z-2 bottom-0 end-0 bg-white text-primary py-1 px-3 me-3\">\n\t\t\t\tPANR-16359\t\t\t<\/span>\n\t\t\t<button class=\"card-properties-portfolio d-flex align-items-center justify-content-center position-absolute z-3 end-0 text-white bg-primary me-3 border-0 px-0\" data-pfl-id=\"698664\" data-pfl-filter=\"sale\" aria-label=\"Add to portfolio\">\n\t\t\t\t<svg width=\"18\" fill=\"currentColor\" viewBox=\"0 0 512 512\">\n\t\t\t\t\t<use href=\"https:\/\/www.panoramamarbella.com\/wp-content\/themes\/panoramamarbella\/dist\/src\/images\/icons.svg#svgHeart\"><\/use>\n\t\t\t\t<\/svg>\n\t\t\t\t<svg width=\"18\" fill=\"currentColor\" viewBox=\"0 0 512 512\">\n\t\t\t\t\t<use href=\"https:\/\/www.panoramamarbella.com\/wp-content\/themes\/panoramamarbella\/dist\/src\/images\/icons.svg#svgHeartIn\"><\/use>\n\t\t\t\t<\/svg>\n\t\t\t<\/button>\n\t\t<\/div>\n\t\t\t\t<button\n\t\t\tclass=\"carousel-control-prev\"\n\t\t\ttype=\"button\"\n\t\t\tdata-bs-target=\"#carouselCardProperties-1-0\"\n\t\t\tdata-bs-slide=\"prev\">\n\t\t\t<span class=\"carousel-control-prev-icon\" aria-hidden=\"true\"><\/span>\n\t\t\t<span class=\"visually-hidden\">Vorherige<\/span>\n\t\t<\/button>\n\t\t<button\n\t\t\tclass=\"carousel-control-next\"\n\t\t\ttype=\"button\"\n\t\t\tdata-bs-target=\"#carouselCardProperties-1-0\"\n\t\t\tdata-bs-slide=\"next\">\n\t\t\t<span class=\"carousel-control-next-icon\" aria-hidden=\"true\"><\/span>\n\t\t\t<span class=\"visually-hidden\">N\u00e4chste<\/span>\n\t\t<\/button>\n\t\t\t<\/div>\n\t<div class=\"d-flex flex-column h-100 px-3 py-4 shadow\">\n\t\t\t\t<h3 class=\"card-properties-title mb-3\">\n\t\t\t<a class=\"stretched-link\" href=\"\/de\/immobilien\/marbella\/marbella-goldene-meile\/marina-puente-romano\/wohnungen\/PANR-16359\">\n\t\t\t\tEinzigartiges Erdgeschossapartment mit Meerblick in den Japanischen G\u00e4rten von Marina Puente Romano\t\t\t<\/a>\n\t\t<\/h3>\n\t\t<p class=\"mb-3 text-black-dark\">Marina Puente Romano, Marbella Goldene Meile<\/p>\n\t\t\t\t\t\t<p class=\"card-properties-description mb-3\">\n\t\t\tEntdecken Sie das Inbild m\u00fchelosen Luxuslebens in diesem exquisiten, nach S\u00fcdwesten ausgerichteten, erh\u00f6hten Erdgeschossapartment, eingebettet in das ikonische Puente Romano Beach Resort &amp; Spa \u2013 eine der prestigetr\u00e4chtigsten und begehrtesten Adressen der Goldenen Meile von&#8230;\t\t<\/p>\n\t\t\t\t<span class=\"card-properties-price mt-auto\">\n\t\t\t\n\t\t\t<span class=\"card-properties-price mt-auto\" data-original-price=\"4950000\">4.950.000\u00a0\u20ac<\/span>\n\t\t\t\t<\/span>\n\t\t\t\t<ul class=\"card-properties-features list-unstyled d-flex flex-wrap align-items-center gap-3 pt-3 border-top mt-3 mb-0\">\n\t\t\t<li class=\"d-flex align-items-center\">3 Schlafzimmer<\/li><li class=\"d-flex align-items-center\">3 B\u00e4der<\/li>\t\t\t\t<li class=\"d-flex align-items-center\">\n\t\t\t\t\t <span class=\"me-1\" data-original-value=\"180\" data-original-unit=\"m&#038;sup2\">180 m&sup2;<\/span>Gesamt\t\t\t\t<\/li>\n\t\t\t\t\t\t\t<li class=\"d-flex align-items-center\">\n\t\t\t\t\t <span class=\"me-1\" data-original-value=\"140\" data-original-unit=\"m&#038;sup2\">140 m&sup2;<\/span>Gebaut\t\t\t\t<\/li>\n\t\t\t\t\t\t\t<li class=\"d-flex align-items-center\">\n\t\t\t\t\t <span class=\"me-1\" data-original-value=\"40\" data-original-unit=\"m&#038;sup2\">40 m&sup2;<\/span>Terrassen\t\t\t\t<\/li>\n\t\t\t\t\t<\/ul>\n\t\t\t<\/div>\n<\/article>\n\n\n<article class=\"col card-properties position-relative d-flex flex-column\">\n\t<div id=\"carouselCardProperties-1-1\" class=\"card-properties-images carousel slide carousel-fade lazy\" data-bs-ride=\"carousel\" data-bs-interval=\"200000\" data-id=\"697691\">\n\t\t<div class=\"carousel-inner\">\n\t\t\t<figure class=\"carousel-item mb-0 active ratio ratio-4x3\">\n\t\t\t\t<picture><source sizes=\"(max-width: 575px) calc(100vw - 24px), (max-width: 767px) 516px, (max-width: 991px) 696px, (max-width: 1199px) 296px, (max-width: 1399px) 356px, 400px\" width=\"696\" height=\"522\" srcset=\"https:\/\/media.panoramamarbella.com\/imgV1\/B95mbh8olwFQm~uCUaVOI2kQT0hb0a8sZ9turUNfnwtvuccYCzs0YVPfPbfkc2VnnN1JFDpkYaGfw1gJsS~5hOu9X5J_GGESH79I62csjOueuTbhRLPEQEkioevvhdrpjaWZvyQirO9yl0pilvxoweqB_Ivhe0U_Jy8EpEUkkIerqgeQoKU1mQB5R7jXZ4z2~yGHtb6~CBhi84a2F0raVYWLu7HUrDtit56FaP4OzvluUMGSwtGFlSJjr8yarAflGi10pMdlOSw4pYbz1aqK6iIVhkYwfTShqk4tM8jcl3NydxgqIaQ5Hr3LCHJIjKmxTaM1YMrEvaemAODXyC~Axri4wdZFcJwZbcVOP6nZFqFub0gDbEaJ8ewY0NDjqGgCUFpu9RkXt5X2GSkuGu1KRN9zum7V9133uqsztpj3Tuu9VQfPyxoXd8UjT0SxZc5xix8YhCigEA3G9dEBKBQ2.webp 696w,https:\/\/media.panoramamarbella.com\/imgV1\/B95mbh8olwFQm~uCUaVOI2kQT0hb0a8sZ9turUNfnwtvuccYCzs0YVPfPbfkc2VnnN1JFDpkYaGfw1gJsS~5hOu9X5J_GGESH79I62csjOueuTbhRLPEQEkioevvhdrpjaWZvyQirO9yl0pilvxoweqB_Ivhe0U_Jy8EpEUkko1a78AnfDVp7Xlsgx3km_Rd47QqHGmTwbNqdRjMS62fS8JkHMlnjYi2Wtt450XydYXva8FoZJ25irlVO5Ob7WT2ai1w6Lt5Xskty6pLQlJxFmgZgJeqWTkfUbXDR1VHOqoNnqF4XSbRybXd4uMgVBoJgOCP8Pclw0gYC8Q12nBtMMEN1IEFdpKdFxHfuKC25RIEs5LT1WXuLWTNQdbX6ZFeI5ljV9FbJzAQWoXuA3_2bpay0lG_RdcVguU4wa~kZ90i1jVqD~4CMzTkUDnsFBpBXUK49EKzkx6U2GFqJIdV.webp 400w\" type=\"image\/webp\"><img decoding=\"async\" class=\"position-absolute w-100 h-100 object-fit-cover\" alt=\"Elegantes und gro\u00dfz\u00fcgiges Apartment in Monte Para\u00edso, Marbella Goldene Meile\" loading=\"lazy\" width=\"696\" height=\"522\" src=\"https:\/\/media.panoramamarbella.com\/imgV1\/B95mbh8olwFQm~uCUaVOI2kQT0hb0a8sZ9turUNfnwtvuccYCzs0YVPfPbfkc2VnnN1JFDpkYaGfw1gJsS~5hOu9X5J_GGESH79I62csjOueuTbhRLPEQEkioevvhdrpjaWZvyQirO9yl0pilvxoweqB_Ivhe0U_Jy8EpEUkkIerqgeQoKU1mQB5R7jXeWxKG4WFc0r0jyU19QwVg7FsBvsfoxVA5XgamVQrf_jARna9MwfGJ_sIy1TKvV_QvlsFKBbK~zX3vf_~yOuUhkGrWmJzk8aU07AVE9I41NTOfjcdfUJtORtzA_2sDztu73S3KXN9Rtr2rbiH_L2c4QOcSN1mofbCoiWIzmfLY6aEGmmMTYaeRyhsYnHOtCu1fX~dj5QBcJYiVpHwfmSiIlKruSq2F76orZwAj9Dx_4UUWOealiWClosu_VCJtYs-.jpg\"><\/picture>\t\t\t<\/figure>\n\t\t\t\t\t\t<span class=\"card-properties-ref position-absolute z-2 bottom-0 end-0 bg-white text-primary py-1 px-3 me-3\">\n\t\t\t\tPANR-16340\t\t\t<\/span>\n\t\t\t<button class=\"card-properties-portfolio d-flex align-items-center justify-content-center position-absolute z-3 end-0 text-white bg-primary me-3 border-0 px-0\" data-pfl-id=\"697691\" data-pfl-filter=\"sale\" aria-label=\"Add to portfolio\">\n\t\t\t\t<svg width=\"18\" fill=\"currentColor\" viewBox=\"0 0 512 512\">\n\t\t\t\t\t<use href=\"https:\/\/www.panoramamarbella.com\/wp-content\/themes\/panoramamarbella\/dist\/src\/images\/icons.svg#svgHeart\"><\/use>\n\t\t\t\t<\/svg>\n\t\t\t\t<svg width=\"18\" fill=\"currentColor\" viewBox=\"0 0 512 512\">\n\t\t\t\t\t<use href=\"https:\/\/www.panoramamarbella.com\/wp-content\/themes\/panoramamarbella\/dist\/src\/images\/icons.svg#svgHeartIn\"><\/use>\n\t\t\t\t<\/svg>\n\t\t\t<\/button>\n\t\t<\/div>\n\t\t\t\t<button\n\t\t\tclass=\"carousel-control-prev\"\n\t\t\ttype=\"button\"\n\t\t\tdata-bs-target=\"#carouselCardProperties-1-1\"\n\t\t\tdata-bs-slide=\"prev\">\n\t\t\t<span class=\"carousel-control-prev-icon\" aria-hidden=\"true\"><\/span>\n\t\t\t<span class=\"visually-hidden\">Vorherige<\/span>\n\t\t<\/button>\n\t\t<button\n\t\t\tclass=\"carousel-control-next\"\n\t\t\ttype=\"button\"\n\t\t\tdata-bs-target=\"#carouselCardProperties-1-1\"\n\t\t\tdata-bs-slide=\"next\">\n\t\t\t<span class=\"carousel-control-next-icon\" aria-hidden=\"true\"><\/span>\n\t\t\t<span class=\"visually-hidden\">N\u00e4chste<\/span>\n\t\t<\/button>\n\t\t\t<\/div>\n\t<div class=\"d-flex flex-column h-100 px-3 py-4 shadow\">\n\t\t\t\t<h3 class=\"card-properties-title mb-3\">\n\t\t\t<a class=\"stretched-link\" href=\"\/de\/immobilien\/marbella\/marbella-goldene-meile\/monte-paraiso\/wohnungen\/PANR-16340\">\n\t\t\t\tElegantes und gro\u00dfz\u00fcgiges Apartment in Monte Para\u00edso, Marbella Goldene Meile\t\t\t<\/a>\n\t\t<\/h3>\n\t\t<p class=\"mb-3 text-black-dark\">Monte Paraiso, Marbella Goldene Meile<\/p>\n\t\t\t\t\t\t<p class=\"card-properties-description mb-3\">\n\t\t\tDieses wundersch\u00f6n renovierte Apartment befindet sich in der renommierten Wohnanlage Monte Para\u00edso an der Goldenen Meile von Marbella, einer der begehrtesten Adressen an der Costa del Sol. In bester Lage gelegen, sind es nur wenige&#8230;\t\t<\/p>\n\t\t\t\t<span class=\"card-properties-price mt-auto\">\n\t\t\t\n\t\t\t<span class=\"card-properties-price mt-auto\" data-original-price=\"2450000\">2.450.000\u00a0\u20ac<\/span>\n\t\t\t\t<\/span>\n\t\t\t\t<ul class=\"card-properties-features list-unstyled d-flex flex-wrap align-items-center gap-3 pt-3 border-top mt-3 mb-0\">\n\t\t\t<li class=\"d-flex align-items-center\">4 Schlafzimmer<\/li><li class=\"d-flex align-items-center\">4 B\u00e4der<\/li>\t\t\t\t<li class=\"d-flex align-items-center\">\n\t\t\t\t\t <span class=\"me-1\" data-original-value=\"210\" data-original-unit=\"m&#038;sup2\">210 m&sup2;<\/span>Gesamt\t\t\t\t<\/li>\n\t\t\t\t\t\t\t<li class=\"d-flex align-items-center\">\n\t\t\t\t\t <span class=\"me-1\" data-original-value=\"169\" data-original-unit=\"m&#038;sup2\">169 m&sup2;<\/span>Gebaut\t\t\t\t<\/li>\n\t\t\t\t\t\t\t<li class=\"d-flex align-items-center\">\n\t\t\t\t\t <span class=\"me-1\" data-original-value=\"41\" data-original-unit=\"m&#038;sup2\">41 m&sup2;<\/span>Terrassen\t\t\t\t<\/li>\n\t\t\t\t\t<\/ul>\n\t\t\t<\/div>\n<\/article>\n\n\n<article class=\"col card-properties position-relative d-flex flex-column\">\n\t<div id=\"carouselCardProperties-1-2\" class=\"card-properties-images carousel slide carousel-fade lazy\" data-bs-ride=\"carousel\" data-bs-interval=\"200000\" data-id=\"695118\">\n\t\t<div class=\"carousel-inner\">\n\t\t\t<figure class=\"carousel-item mb-0 active ratio ratio-4x3\">\n\t\t\t\t<picture><source sizes=\"(max-width: 575px) calc(100vw - 24px), (max-width: 767px) 516px, (max-width: 991px) 696px, (max-width: 1199px) 296px, (max-width: 1399px) 356px, 400px\" width=\"696\" height=\"522\" srcset=\"https:\/\/media.panoramamarbella.com\/imgV1\/B95mbh8olwFQm~uCUaVOI2kQT0hb0a8sZ9turUNfnwtvuccYCzs0YVPfPbfkc2VnnN1JFDpkYaGfw1gJsS~5hOu4DEBG602B7yC1Jdp3y4TeOLY1Z1ydnyCUtrZ_cg55b9oh_lBvgazy5O2g1_gcM1Mn1Ow5PKX57OmbI4LX9N1iZovDKdS7h2NKdCmu5rv2j3N5kmwyemzDviQCpZfh8oYiiycDfthWmsViL7m2SGu22dk3pYQwmonTGBVTMPnpok2iLA1s~Ez31zUif6YQ_T1RuoX8YUYJ0hQjxiqdRuucVt_OV_0Tl11ziS7D3b0Qd5l9W7j8Z4YL392tHHQG2gq1L1DgtsKT8tHn77MvpaJlRCzlgLMcCKysTnNdVP9IFQrByMRnnF4eaC3bt86MY2cYZuOXeqBkzJ2Ev9TcMExrVWMRzqF5ThzENfAa_I4hfSoSfqyAk0wmYOg1NDJy.webp 696w,https:\/\/media.panoramamarbella.com\/imgV1\/B95mbh8olwFQm~uCUaVOI2kQT0hb0a8sZ9turUNfnwtvuccYCzs0YVPfPbfkc2VnnN1JFDpkYaGfw1gJsS~5hOu4DEBG602B7yC1Jdp3y4TeOLY1Z1ydnyCUtrZ_cg55b9oh_lBvgazy5O2g1_gcM1Mn1Ow5PKX57OmbI4LX9vV4DQRVSkKDaK19Ew4ElBmV0iOMk_NmyAmobpJPaFYwCu3B5bDun3QbHKzcYLvzSIuDZ3g98DrfEuIwz21OE2ZEymoJg8jIcw2xyI2zCddCF3qd_N~1h7kTkFJcvqprSbJHgOvrGVPnj1PIbpSCoyLlpuM3oUYQYVg0QWDoSF34Wglv94UbOb08lyB5qtaSpaPoEAdU~gdcy_Bvah5MHGMC9bs2ibOaPQNoru87QTYhswDc540iAW~w89r1Ohcmgp~06Qj7bqMU_2qMaIPt~uP6jOM3GQjIAQ4evOsAaWJt.webp 400w\" type=\"image\/webp\"><img decoding=\"async\" class=\"position-absolute w-100 h-100 object-fit-cover\" alt=\"Moderne Villa mit spektakul\u00e4rem Meer- und Bergblick in La Finca de Marbella\" loading=\"lazy\" width=\"696\" height=\"522\" src=\"https:\/\/media.panoramamarbella.com\/imgV1\/B95mbh8olwFQm~uCUaVOI2kQT0hb0a8sZ9turUNfnwtvuccYCzs0YVPfPbfkc2VnnN1JFDpkYaGfw1gJsS~5hOu4DEBG602B7yC1Jdp3y4TeOLY1Z1ydnyCUtrZ_cg55b9oh_lBvgazy5O2g1_gcM1Mn1Ow5PKX57OmbI4LX9N1iZovDKdS7h2NKdCmu_IcCCbamB32OI8CN8lT5QSl0X~nNxhFpfCwovvgWNQudb7Q2RN5O2Ue2kLBWgvuDn_tZS1ODfuw~1DW3x0aSvYWwofvNJMZmUSD~oV~HuQFMu_Ch8UCZyJhUQ0qAb6W4nOpxht4ph2ixgaTIBXNYtZtZIIoxHHJpTe2~AXkZNfZPNT559CE_jHvDjrElZuXHkXdKkoSVl7bOp0ygRdmxuoIfkV~_j2Dwr_yQ1MoO1ryTQV2aTqeJxTeLv3cFgV8-.jpg\"><\/picture>\t\t\t<\/figure>\n\t\t\t\t\t\t<span class=\"card-properties-ref position-absolute z-2 bottom-0 end-0 bg-white text-primary py-1 px-3 me-3\">\n\t\t\t\tPANR-16316\t\t\t<\/span>\n\t\t\t<button class=\"card-properties-portfolio d-flex align-items-center justify-content-center position-absolute z-3 end-0 text-white bg-primary me-3 border-0 px-0\" data-pfl-id=\"695118\" data-pfl-filter=\"sale\" aria-label=\"Add to portfolio\">\n\t\t\t\t<svg width=\"18\" fill=\"currentColor\" viewBox=\"0 0 512 512\">\n\t\t\t\t\t<use href=\"https:\/\/www.panoramamarbella.com\/wp-content\/themes\/panoramamarbella\/dist\/src\/images\/icons.svg#svgHeart\"><\/use>\n\t\t\t\t<\/svg>\n\t\t\t\t<svg width=\"18\" fill=\"currentColor\" viewBox=\"0 0 512 512\">\n\t\t\t\t\t<use href=\"https:\/\/www.panoramamarbella.com\/wp-content\/themes\/panoramamarbella\/dist\/src\/images\/icons.svg#svgHeartIn\"><\/use>\n\t\t\t\t<\/svg>\n\t\t\t<\/button>\n\t\t<\/div>\n\t\t\t\t<button\n\t\t\tclass=\"carousel-control-prev\"\n\t\t\ttype=\"button\"\n\t\t\tdata-bs-target=\"#carouselCardProperties-1-2\"\n\t\t\tdata-bs-slide=\"prev\">\n\t\t\t<span class=\"carousel-control-prev-icon\" aria-hidden=\"true\"><\/span>\n\t\t\t<span class=\"visually-hidden\">Vorherige<\/span>\n\t\t<\/button>\n\t\t<button\n\t\t\tclass=\"carousel-control-next\"\n\t\t\ttype=\"button\"\n\t\t\tdata-bs-target=\"#carouselCardProperties-1-2\"\n\t\t\tdata-bs-slide=\"next\">\n\t\t\t<span class=\"carousel-control-next-icon\" aria-hidden=\"true\"><\/span>\n\t\t\t<span class=\"visually-hidden\">N\u00e4chste<\/span>\n\t\t<\/button>\n\t\t\t<\/div>\n\t<div class=\"d-flex flex-column h-100 px-3 py-4 shadow\">\n\t\t\t\t<h3 class=\"card-properties-title mb-3\">\n\t\t\t<a class=\"stretched-link\" href=\"\/de\/immobilien\/marbella\/marbella-ost\/la-finca-de-marbella\/villen\/PANR-16316\">\n\t\t\t\tModerne Villa mit spektakul\u00e4rem Meer- und Bergblick in La Finca de Marbella\t\t\t<\/a>\n\t\t<\/h3>\n\t\t<p class=\"mb-3 text-black-dark\">La Finca de Marbella, Marbella Ost<\/p>\n\t\t\t\t\t\t<p class=\"card-properties-description mb-3\">\n\t\t\tBeeindruckende Villa im zeitgen\u00f6ssischen Design, gelegen in La Finca de Marbella, einer exklusiven, geschlossenen Wohnanlage in Marbella Ost mit n\u00e4chtlicher \u00dcberwachung. Die Immobilie bietet 609 m\u00b2 Wohnfl\u00e4che auf einem 652 m\u00b2 gro\u00dfen Grundst\u00fcck und vereint&#8230;\t\t<\/p>\n\t\t\t\t<span class=\"card-properties-price mt-auto\">\n\t\t\t\n\t\t\t<span class=\"card-properties-price mt-auto\" data-original-price=\"3095000\">3.095.000\u00a0\u20ac<\/span>\n\t\t\t\t<\/span>\n\t\t\t\t<ul class=\"card-properties-features list-unstyled d-flex flex-wrap align-items-center gap-3 pt-3 border-top mt-3 mb-0\">\n\t\t\t<li class=\"d-flex align-items-center\">5 Schlafzimmer<\/li><li class=\"d-flex align-items-center\">5 B\u00e4der<\/li>\t\t\t\t<li class=\"d-flex align-items-center\">\n\t\t\t\t\t <span class=\"me-1\" data-original-value=\"609\" data-original-unit=\"m&#038;sup2\">609 m&sup2;<\/span>Gesamt\t\t\t\t<\/li>\n\t\t\t\t\t\t\t<li class=\"d-flex align-items-center\">\n\t\t\t\t\t <span class=\"me-1\" data-original-value=\"652\" data-original-unit=\"m&#038;sup2\">652 m&sup2;<\/span>Grundst\u00fcck\t\t\t\t<\/li>\n\t\t\t\t\t\t\t\t<li class=\"d-flex align-items-center\">\n\t\t\t\t\t <span class=\"me-1\" data-original-value=\"400\" data-original-unit=\"m&#038;sup2\">400 m&sup2;<\/span>Gebaut\t\t\t\t<\/li>\n\t\t\t\t\t\t\t<li class=\"d-flex align-items-center\">\n\t\t\t\t\t <span class=\"me-1\" data-original-value=\"209\" data-original-unit=\"m&#038;sup2\">209 m&sup2;<\/span>Terrassen\t\t\t\t<\/li>\n\t\t\t\t\t<\/ul>\n\t\t\t<\/div>\n<\/article>\n\t\t\t<\/div>\n\t\t\t<ul class=\"mw-100 d-flex flex-column flex-lg-row flex-lg-wrap justify-content-center gap-3 list-unstyled mt-5 mb-0\">\n    <li><a class=\"btn btn-primary w-100 px-4 py-2\" href=\"https:\/\/www.panoramamarbella.com\/de\/immobilien\">Immobilien zum Verkauf<\/a><\/li><\/ul>\n\t\t<\/section>\n\t\t\n","protected":false},"excerpt":{"rendered":"<p>Einer der vielen Vorteile des Lebens in Marbella ist die Vielzahl traumhafter Ausflugsziele direkt vor der Haust\u00fcr.<\/p>\n","protected":false},"author":3,"featured_media":17944,"comment_status":"closed","ping_status":"closed","sticky":false,"template":"","format":"standard","meta":{"_acf_changed":false,"footnotes":""},"categories":[39],"tags":[],"class_list":["post-18315","post","type-post","status-publish","format-standard","has-post-thumbnail","hentry","category-marbella-lifestyle-de"],"acf":[],"_links":{"self":[{"href":"https:\/\/www.panoramamarbella.com\/de\/wp-json\/wp\/v2\/posts\/18315","targetHints":{"allow":["GET"]}}],"collection":[{"href":"https:\/\/www.panoramamarbella.com\/de\/wp-json\/wp\/v2\/posts"}],"about":[{"href":"https:\/\/www.panoramamarbella.com\/de\/wp-json\/wp\/v2\/types\/post"}],"author":[{"embeddable":true,"href":"https:\/\/www.panoramamarbella.com\/de\/wp-json\/wp\/v2\/users\/3"}],"replies":[{"embeddable":true,"href":"https:\/\/www.panoramamarbella.com\/de\/wp-json\/wp\/v2\/comments?post=18315"}],"version-history":[{"count":1,"href":"https:\/\/www.panoramamarbella.com\/de\/wp-json\/wp\/v2\/posts\/18315\/revisions"}],"predecessor-version":[{"id":18638,"href":"https:\/\/www.panoramamarbella.com\/de\/wp-json\/wp\/v2\/posts\/18315\/revisions\/18638"}],"wp:featuredmedia":[{"embeddable":true,"href":"https:\/\/www.panoramamarbella.com\/de\/wp-json\/wp\/v2\/media\/17944"}],"wp:attachment":[{"href":"https:\/\/www.panoramamarbella.com\/de\/wp-json\/wp\/v2\/media?parent=18315"}],"wp:term":[{"taxonomy":"category","embeddable":true,"href":"https:\/\/www.panoramamarbella.com\/de\/wp-json\/wp\/v2\/categories?post=18315"},{"taxonomy":"post_tag","embeddable":true,"href":"https:\/\/www.panoramamarbella.com\/de\/wp-json\/wp\/v2\/tags?post=18315"}],"curies":[{"name":"wp","href":"https:\/\/api.w.org\/{rel}","templated":true}]}}