{"id":23996,"date":"2025-09-23T15:27:00","date_gmt":"2025-09-23T13:27:00","guid":{"rendered":"https:\/\/www.panoramamarbella.com\/?p=23996"},"modified":"2025-10-02T14:28:51","modified_gmt":"2025-10-02T12:28:51","slug":"marbella-die-meistgesuchte-gegend","status":"publish","type":"post","link":"https:\/\/www.panoramamarbella.com\/de\/news\/marbella-die-meistgesuchte-gegend","title":{"rendered":"Marbella geh\u00f6rt 2025 zu den Top 5 der meistgesuchten Gegenden Spaniens"},"content":{"rendered":"\n\n<h2 class=\"wp-block-heading\">Marbella f\u00fchrt die Top 5 der meistgesuchten Gegenden Spaniens an<\/h2>\n\n\n<div class=\"lead\"><p>Marbella verzaubert weiterhin. Laut<a href=\"https:\/\/www.aplaceinthesun.com\/\" target=\"_blank\" rel=\"nofollow noopener\"> A Place in the Sun<\/a> geh\u00f6rt es 2025 zu den f\u00fcnf meistgesuchten Gegenden Spaniens, zusammen mit Torrevieja, Estepona, Villamart\u00edn und Orihuela Costa.<\/p>\n<p>Noch aufschlussreicher ist, dass Spanien selbst seine Position als das gefragteste Land unter britischen K\u00e4ufern von Auslandsimmobilien im Jahr 2025 behauptet. Seine Anziehungskraft liegt im Resort-Lebensstil, dem sonnigen Klima, der guten Erreichbarkeit und der Vielfalt an Standorten.<\/p>\n<\/div>\n\n\n<ul class=\"table-index list-unstyled p-4 p-lg-5 ms-0 bg-light\"><li class=\"text-uppercase fw-bold mb-3\">Inhaltsverzeichnis<\/li><li><a href=\"#marbella+fuhrt+die+top+5+der+meistgesuchten+gegenden+spaniens+an\">\nMarbella f\u00fchrt die Top 5 der meistgesuchten Gegenden Spaniens an\n<\/a><\/li>\n<li><a href=\"#warum+marbella+immobilienkaufer+fasziniert\">\nWarum Marbella Immobilienk\u00e4ufer fasziniert\n<\/a><\/li>\n<li><a href=\"#die+steigende+nachfrage+in+marbella+im+jahr+2025\">\nDie steigende Nachfrage in Marbella im Jahr 2025\n<\/a><\/li>\n<li><a href=\"#die+nachfrage+ubersteigt+das+angebot\">\nDie Nachfrage \u00fcbersteigt das Angebot\n<\/a><\/li><\/ul>\n\n\n\t<figure class=\"wp-caption aligncenter wp-block-acf-wpimage\">\n\t<picture><source width=\"900\" height=\"484\" srcset=\"https:\/\/media.panoramamarbella.com\/imgV1\/B95mbh8olwFQm~uCT2wPZMb8hll4wghQQQq6YWg0~c~U_DrmgY8pGP8pqaDzA6mvjyI_OPtcrHD_aKxDZZG4tfKTcrToSJqjB3Kt6mkDqpxXrxaJFa3XgscXWvPT1l4bTxn~2BEHX_nCkClvloxYK~bK_D_dbm8w5rY7igpIG1W4Vr28dmO3r6CziEK0uxHRxIsGHB59AAMjVeHwP5xigQbH.webp 900w\" type=\"image\/webp\"><img decoding=\"async\" class=\"img-fluid\" loading=\"lazy\" width=\"900\" height=\"484\" alt=\"Spanische Flagge mit Finanzwachstumsdiagrammen, digitaler Weltkugel und rotem Aufw\u00e4rtspfeil, der das Wirtschaftswachstum symbolisiert.\" src=\"https:\/\/media.panoramamarbella.com\/imgV1\/B95mbh8olwFQm~uCT2wPZMb8hll4wghQQQq6YWg0~c~U_DrmgY8pGP8pqaDzA6mvjyI_OPtcrHD_aKxDZZG4tfKTcrToSJqjB3Kt6mkDqpxXrxaJFa3XgscXWvPT1l4bTxn~2BEHX_nCkClvloxYK~bK_D_dbm8w5rY7igpIBX57BsJdm_FBfujrZCgvVc0-.jpg\"><\/picture>\t\t<\/figure>\n\t\n\n\n<ul class=\"table-index list-unstyled p-4 p-lg-5 ms-0 bg-light\"><li class=\"text-uppercase fw-bold mb-3\">Inhaltsverzeichnis<\/li><li><a href=\"#marbella+fuhrt+die+top+5+der+meistgesuchten+gegenden+spaniens+an\">\nMarbella f\u00fchrt die Top 5 der meistgesuchten Gegenden Spaniens an\n<\/a><\/li>\n<li><a href=\"#warum+marbella+immobilienkaufer+fasziniert\">\nWarum Marbella Immobilienk\u00e4ufer fasziniert\n<\/a><\/li>\n<li><a href=\"#die+steigende+nachfrage+in+marbella+im+jahr+2025\">\nDie steigende Nachfrage in Marbella im Jahr 2025\n<\/a><\/li>\n<li><a href=\"#die+nachfrage+ubersteigt+das+angebot\">\nDie Nachfrage \u00fcbersteigt das Angebot\n<\/a><\/li><\/ul>\n\n\n\n<h2 class=\"wp-block-heading\">Warum Marbella Immobilienk\u00e4ufer fasziniert<\/h2>\n\n\n\n<h3 class=\"wp-block-heading\">Zeitlose Luxus + Lifestyle-Attraktivit\u00e4t.<\/h3>\n\n\n\n<p>Der Reiz Marbellas beruht auf Jahrzehnten gepflegter Eleganz. Einst ein Fischerdorf, hat es sich seit den 1950er-Jahren in Spaniens glamour\u00f6sestes K\u00fcstenziel verwandelt. Als meistgesuchte Gegend Spaniens ziehen Marbellas exklusive Strandclubs, F\u00fcnf-Sterne-Hotels, luxuri\u00f6se Villen und seine ber\u00fchmte Atmosph\u00e4re internationale K\u00e4ufer in immer st\u00e4rkerem Ma\u00dfe an.<\/p>\n\n\n\t<figure class=\"wp-caption aligncenter wp-block-acf-wpimage\">\n\t<picture><source width=\"900\" height=\"668\" srcset=\"https:\/\/media.panoramamarbella.com\/imgV1\/B95mbh8olwFQm~uCT2wPZMb8hll4wghQQQq6YWg0~c~U_DrmgY8pGP8pqaDzA6mvjyI_OPtcrHD_aKxDZZG4tfFGBgJl57JO18RnyeTPZI~zCFF~rP_YqhiMB~V0w1qAH~aFx1SOSFSbKhivespf1pnRJOtPfntOZ_9UnFtqSmryRGfs901whegnK6AlWNvQFlf6fVirEMXUvcAb8RFTguLo.webp 900w\" type=\"image\/webp\"><img decoding=\"async\" class=\"img-fluid\" loading=\"lazy\" width=\"900\" height=\"668\" alt=\"Luxuri\u00f6ser Beachclub in Marbella mit Sonnenliegen, Sonnenschirmen, Palmen und Meerblick.\" src=\"https:\/\/media.panoramamarbella.com\/imgV1\/B95mbh8olwFQm~uCT2wPZMb8hll4wghQQQq6YWg0~c~U_DrmgY8pGP8pqaDzA6mvjyI_OPtcrHD_aKxDZZG4tfFGBgJl57JO18RnyeTPZI~zCFF~rP_YqhiMB~V0w1qAH~aFx1SOSFSbKhivespf1pnRJOtPfntOZ_9UnFtqVIE~UfdmRwHzwh8LBn_DCWY-.jpg\"><\/picture>\t\t\t<figcaption class=\"wp-caption-text\">\n\t\tDer ber\u00fchmte Nikki Beach in Ostmarbella\t\t<\/figcaption>\n\t\t\t<\/figure>\n\t\n\n\n<h3 class=\"wp-block-heading\">Klima + Bequemlichkeit.<\/h3>\n\n\n\n<p>Die milden Winter und die hervorragende Anbindung \u00fcber den Flughafen M\u00e1laga machen Marbella zu einem ganzj\u00e4hrigen Reiseziel mit hohem Komfort. Die Region bietet alles, was man sich w\u00fcnschen kann \u2013 vom Inbegriff des Luxus bis hin zu erstaunlich erschwinglichen Angeboten. Eine F\u00fclle von Golfpl\u00e4tzen von Weltklasse, Gourmetrestaurants, Einkaufsm\u00f6glichkeiten und familienfreundlichen Attraktionen machen Marbella sowohl zu einem Traumwohnsitz als auch zu einer klugen Investition.<\/p>\n\n\n\n<h3 class=\"wp-block-heading\">Vielseitige Wohngegenden.<\/h3>\n\n\n\n<ul class=\"wp-block-list\">\n<li><strong>Altstadt<\/strong> mit ihrer sonnenverw\u00f6hnten Plaza de los Naranjos und den charmanten Gassen.<\/li>\n\n\n\n<li><strong>Goldene Meile<\/strong>, der Inbegriff mediterranen Prestiges, mit Wahrzeichen wie dem Marbella Club und Puente Romano.<\/li>\n\n\n\n<li><strong>Sierra Blanca<\/strong>, mit erhabener Exklusivit\u00e4t, angelegten Grundst\u00fccken, abgeschlossener Privatsph\u00e4re und weitem Meerblick.<\/li>\n<\/ul>\n\n\n\t<figure class=\"wp-caption aligncenter wp-block-acf-wpimage\">\n\t<picture><source width=\"900\" height=\"600\" srcset=\"https:\/\/media.panoramamarbella.com\/imgV1\/B95mbh8olwFQm~uCT2wPZMb8hll4wghQQQq6YWg0~c~U_DrmgY8pGP8pqaDzA6mvjyI_OPtcrHD_aKxDZZG4tfBKL1SZ0zHojfut5m56uhoKej7s0qfiZbcuwjdFDtJZYY9RW~n~6EonBjfv1hD3m7hJHeSFWy~YOK8Q2XlMRXlVx2gpQML_O_RM1xhM6HRFVHky08PRbivbTyB~S9YGGnEW.webp 900w\" type=\"image\/webp\"><img decoding=\"async\" class=\"img-fluid\" loading=\"lazy\" width=\"900\" height=\"600\" alt=\"Luftaufnahme von Marbella mit \u00fcppigen Golfpl\u00e4tzen, Wohngebieten und dem Berg La Concha.\" src=\"https:\/\/media.panoramamarbella.com\/imgV1\/B95mbh8olwFQm~uCT2wPZMb8hll4wghQQQq6YWg0~c~U_DrmgY8pGP8pqaDzA6mvjyI_OPtcrHD_aKxDZZG4tfBKL1SZ0zHojfut5m56uhoKej7s0qfiZbcuwjdFDtJZYY9RW~n~6EonBjfv1hD3m7hJHeSFWy~YOK8Q2XlMW8~mY_TkcFn1WbaIakCuFRw-.jpg\"><\/picture>\t\t\t<figcaption class=\"wp-caption-text\">\n\t\tLuftaufnahme von Marbella mit gr\u00fcnen Golfpl\u00e4tzen, Wohngebieten und dem Berg La Concha\t\t<\/figcaption>\n\t\t\t<\/figure>\n\t\n\n\n<ul class=\"wp-block-list\">\n<li><strong>Nueva Andaluc\u00eda<\/strong>, auch bekannt als das Golftal, mit starker Mietnachfrage f\u00fcr Villen und Stadth\u00e4user dank der N\u00e4he zu Puerto Ban\u00fas.<\/li>\n\n\n\n<li><strong>Marbella Ost<\/strong>, zunehmend beliebt bei Investoren f\u00fcr hochwertige Renovierungsprojekte. Dieses Gebiet bietet einige der besten Str\u00e4nde der K\u00fcste, exklusive Beachclubs wie Nikki Beach und La Cabane, zahlreiche Golfpl\u00e4tze, ausgezeichnete Restaurants, internationale Schulen und die N\u00e4he zur Stadt Marbella.<\/li>\n\n\n\n<li><strong>Benahav\u00eds<\/strong>, ber\u00fchmt f\u00fcr seinen luxuri\u00f6sen Lebensstil in den H\u00fcgeln, seine gehobene Gastronomie und geschlossenen Wohnanlagen, bietet Ruhe und Privatsph\u00e4re in unmittelbarer N\u00e4he zu Marbella und Puerto Ban\u00fas.<\/li>\n\n\n\n<li><strong>Estepona<\/strong>, eine lebendige Stadt westlich von Marbella, die in den letzten Jahren eine gro\u00dfe Erneuerung erfahren hat. Mit seiner attraktiven Altstadt, modernen Annehmlichkeiten und wachsenden Luxusprojekten entwickelt sich Estepona zu einer starken Alternative f\u00fcr internationale K\u00e4ufer.<\/li>\n\n\n\n<li>Weitere Gegenden mit gro\u00dfer Attraktivit\u00e4t f\u00fcr Familien oder Ruhest\u00e4ndler sind <strong>San Pedro de Alc\u00e1ntara und Guadalmina.<\/strong><\/li>\n<\/ul>\n\n\n\t<figure class=\"wp-caption aligncenter wp-block-acf-wpimage\">\n\t<picture><source width=\"900\" height=\"600\" srcset=\"https:\/\/media.panoramamarbella.com\/imgV1\/B95mbh8olwFQm~uCT2wPZMb8hll4wghQQQq6YWg0~c~U_DrmgY8pGP8pqaDzA6mvjyI_OPtcrHD_aKxDZZG4tfcWRjO9vioJJhgP~LApPiCZMS18g1l7gNE4~DFkFPEkk1poi8X7T~HrRcGlpUOLH_pFseWI6jeJiy0rxHwNXSqRofB0C_ZkWEUTfhhkUeSQguWKrvMVNAYLqTrd39EOfOrj.webp 900w\" type=\"image\/webp\"><img decoding=\"async\" class=\"img-fluid\" loading=\"lazy\" width=\"900\" height=\"600\" alt=\"Frau im schwarzen Badeanzug entspannt auf einer Luxusyacht vor dem ruhigen blauen Meer.\" src=\"https:\/\/media.panoramamarbella.com\/imgV1\/B95mbh8olwFQm~uCT2wPZMb8hll4wghQQQq6YWg0~c~U_DrmgY8pGP8pqaDzA6mvjyI_OPtcrHD_aKxDZZG4tfcWRjO9vioJJhgP~LApPiCZMS18g1l7gNE4~DFkFPEkk1poi8X7T~HrRcGlpUOLH_pFseWI6jeJiy0rxHwNQ6aDO0HTHHF0vP56VzspDUA-.jpg\"><\/picture>\t\t\t<figcaption class=\"wp-caption-text\">\n\t\tDer Lifestyle Marbellas ist der Motor der steigenden Nachfrage\t\t<\/figcaption>\n\t\t\t<\/figure>\n\t\n\n\n<h2 class=\"wp-block-heading\">Die steigende Nachfrage in Marbella im Jahr 2025<\/h2>\n\n\n\n<p>Aktuelle Berichte zeigen, dass Marbella nicht nur bei Online-Suchen beliebt ist, sondern auch bei den tats\u00e4chlichen Verk\u00e4ufen f\u00fchrend. Im ersten Quartal 2025 gab es einen Anstieg von 25 % im Vergleich zum gleichen Zeitraum 2024 und 48 % im Vergleich zum gleichen Zeitraum 2019. Dies ist eine direkte Folge des Anstiegs des Tourismus und der Aktivit\u00e4t in den Wintermonaten, der anhaltend starken internationalen Nachfrage, des begrenzten Angebots an erstklassigen Immobilien und des Reizes Marbellas als globales Luxusziel.<\/p>\n\n\n\t<figure class=\"wp-caption aligncenter wp-block-acf-wpimage\">\n\t<picture><source width=\"900\" height=\"483\" srcset=\"https:\/\/media.panoramamarbella.com\/imgV1\/B95mbh8olwFQm~uCT2wPZMb8hll4wghQQQq6YWg0~c~U_DrmgY8pGP8pqaDzA6mvjyI_OPtcrHD_aKxDZZG4tfbY~8sLyJhffeuPs~zTXTvQhdL8WJdBGUolufBXPnfOVFhM6kFNncixTIvtBjPTkOKvusMS5dnVCF2O9QrIjbDwErhRDpPqZ8F6gIrq3iXXCDREbGE865oJaR8oDOlHod9v.webp 900w\" type=\"image\/webp\"><img decoding=\"async\" class=\"img-fluid\" loading=\"lazy\" width=\"900\" height=\"483\" alt=\"Jachthafen von Puerto Ban\u00fas bei Sonnenuntergang mit Yachten, ruhigem Wasser und wei\u00dfen mediterranen Geb\u00e4uden.\" src=\"https:\/\/media.panoramamarbella.com\/imgV1\/B95mbh8olwFQm~uCT2wPZMb8hll4wghQQQq6YWg0~c~U_DrmgY8pGP8pqaDzA6mvjyI_OPtcrHD_aKxDZZG4tfbY~8sLyJhffeuPs~zTXTvQhdL8WJdBGUolufBXPnfOVFhM6kFNncixTIvtBjPTkOKvusMS5dnVCF2O9QrIk4A0zEZwKylhSTwuXnx0Chc-.jpg\"><\/picture>\t\t\t<figcaption class=\"wp-caption-text\">\n\t\tPuerto Ban\u00fas bei Sonnenuntergang\t\t<\/figcaption>\n\t\t\t<\/figure>\n\t\n\n\n<h2 class=\"wp-block-heading\">Die Nachfrage \u00fcbersteigt das Angebot<\/h2>\n\n\n\n<p>Die durchschnittlichen Angebotspreise in Marbella sind von 4.812 \u20ac pro Quadratmeter im Juni 2024 auf 5.213 \u20ac pro Quadratmeter im Juni 2025 gestiegen, was einem Anstieg von rund 8,3 % im Jahresvergleich entspricht \u2013 trotz bereits neuer H\u00f6chstst\u00e4nde nur 12 Monate zuvor mit einem Anstieg von 13,7 % von Juni 2023 bis Juni 2024. Diese Zahlen unterstreichen Marbellas Status als Premiummarkt, in dem die internationale Nachfrage das Angebot weiterhin \u00fcbersteigt.<\/p>\n\n\n<article class=\"col w-100 position-relative wp-block-acf-banner\">\n    <div class=\"d-flex flex-wrap flex-column flex-xl-row align-items-start align-items-xl-end gap-4 w-100 bg-secondary text-white p-4\">\n        <div class=\"d-flex flex-column\">\n\t\t\t            <a href=\"https:\/\/www.panoramamarbella.com\/de\/newsletter-fur-immobilien-zum-verkauf\" class=\"stretched-link text-white text-decoration-none\" title=\"Gef\u00e4llt dir, was du gelesen hast?\">\n\t\t\t\t<h2 class=\"text-white mb-3\">Gef\u00e4llt dir, was du gelesen hast?<\/h2>            <\/a>\n\t\t\t            <p class=\"mb-0\">\n                Abonniere unseren Newsletter f\u00fcr spannende Artikel, exklusiven Inhalt und die neuesten Updates.            <\/p>\n\t\t\t        <\/div>\n\t\t        <span class=\"btn btn-outline-light ms-xl-auto\">Panorama-Newsletter<\/span>\n\t\t    <\/div>\n<\/article>\n\n\n\n\n<p>Es l\u00e4sst sich mit Sicherheit sagen, dass Marbella einer der dynamischsten und leistungsst\u00e4rksten Immobilienm\u00e4rkte Europas ist.<\/p>\n\n\n\n<p>Wenn Sie eine Immobilie in Marbella oder an der Costa del Sol kaufen m\u00f6chten, verf\u00fcgt Panorama \u00fcber mehr als 55 Jahre Markterfahrung und kann Ihnen helfen, Ihr Traumhaus zu finden. <a href=\"https:\/\/www.panoramamarbella.com\/de\/kontakt\">Kontaktieren Sie uns f\u00fcr Unterst\u00fctzung und Beratung.<\/a><\/p>\n\n\n\t\t<section class=\"container wp-block-acf-inmpropselection\">\n\t\t\t<h2>Besuchen Sie unsere Auswahl an Luxusimmobilien<\/h2>\t\t\t<div class=\"row row-cols-1 row-cols-lg-3 gy-5 g-xxl-5\">\n\t\t\t\t\n<article class=\"col card-properties position-relative d-flex flex-column\">\n\t<div id=\"carouselCardProperties-1-0\" class=\"card-properties-images carousel slide carousel-fade lazy\" data-bs-ride=\"carousel\" data-bs-interval=\"200000\" data-id=\"698664\">\n\t\t<div class=\"carousel-inner\">\n\t\t\t<figure class=\"carousel-item mb-0 active ratio ratio-4x3\">\n\t\t\t\t<picture><source sizes=\"(max-width: 575px) calc(100vw - 24px), (max-width: 767px) 516px, (max-width: 991px) 696px, (max-width: 1199px) 296px, (max-width: 1399px) 356px, 400px\" width=\"696\" height=\"522\" srcset=\"https:\/\/media.panoramamarbella.com\/imgV1\/B95mbh8olwFQm~uCUaVOI2kQT0hb0a8sZ9turUNfnwtvuccYCzs0YVPfPbfkc2VnnN1JFDpkYaGfw1gJsS~5hOu8ClA27V6xVP6zyKoKPS1Mn7WRHYZMLWv_YHD73v3wTA8HWCCOpMnXwN2uAr5VSPiSO7karRIMiZTPqCu_dZ5fuWR0YCW6_1pG5Bl~Hp5WroeZ3HQAZ5bJuMGEOv79bl9k214P5Nw2k7gr9ANpozAASAFpx51KqYb~IgRpbC3Nm7LGaJqZPuy9KH5g7qzcuC2cvd8aXgZUiX05nn3MiVFBu3_R0uApWqg0GDDTU7GVpDHN0uiwmWHOPGRGcV19lVB5JeSIN5bWCc0XpEoi3uZ0T3eXN37TL0i518tYi19KAllVsHHd0sbTDHyPO_Nw~4KnnSNcB9zdZy_Falf9Nm2Qd8UylRZPY3Up0552~WYpYFfMu6~cQQhix6~xJmlu.webp 696w,https:\/\/media.panoramamarbella.com\/imgV1\/B95mbh8olwFQm~uCUaVOI2kQT0hb0a8sZ9turUNfnwtvuccYCzs0YVPfPbfkc2VnnN1JFDpkYaGfw1gJsS~5hOu8ClA27V6xVP6zyKoKPS1Mn7WRHYZMLWv_YHD73v3wTA8HWCCOpMnXwN2uAr5VSPiSO7karRIMiZTPqCu_dxsgwbeNJ3yUNRGy~HNlq7dkSM2WX~69OJOJ5Rf_OC19ofiiJFxHjWv2u3u0P4hi6O0xoN_eKF2nSgtPXKVIDb6vkB7sMfUcYSFaA8MkPym_Gpt83~i_ztzET0MbhzNjsKTdK5NbqRNgl5yWC5YxwwmAj1QP7QCWT0mNwDbjKvcT6HKFDihRXrRi~rK1hGgEsn~KGSB8yKC8a2ZAlw1Y0g7iH3vxsT0JHikRupGzmmtHsrKXqc6p8M2~T5e5ifxWDLJfJRqdDdAaQRy8mbVTKnDv_ya2ucuiMT0AMrtAXM~J.webp 400w\" type=\"image\/webp\"><img decoding=\"async\" class=\"position-absolute w-100 h-100 object-fit-cover\" alt=\"Einzigartiges Erdgeschossapartment mit Meerblick in den Japanischen G\u00e4rten von Marina Puente Romano\" loading=\"lazy\" width=\"696\" height=\"522\" src=\"https:\/\/media.panoramamarbella.com\/imgV1\/B95mbh8olwFQm~uCUaVOI2kQT0hb0a8sZ9turUNfnwtvuccYCzs0YVPfPbfkc2VnnN1JFDpkYaGfw1gJsS~5hOu8ClA27V6xVP6zyKoKPS1Mn7WRHYZMLWv_YHD73v3wTA8HWCCOpMnXwN2uAr5VSPiSO7karRIMiZTPqCu_dZ5fuWR0YCW6_1pG5Bl~AOWCKsfURyq35vm55dIauvG9uVaSivcgS4ajblndO75z1CH0f2jKmqCp4xxFvz8SGfsGZsvJDXqx_1ZOdq6C3Ciw5BdH3mBMTlmpWiwr03l4R5h6rIkh70WK8PZkn3TMc7aMyNa5IHcJVNmTEhV8AxRljU0iGmAWvH9H8Jc12IGx0P0jWsreOMhWj1MxEo9KATyoLWCUe5JwyP7SYClFp7YUmD7e40GOUqwrJuzlqrEiOyMmHv7XqSzouqYV54M-.jpg\"><\/picture>\t\t\t<\/figure>\n\t\t\t\t\t\t<span class=\"card-properties-tag position-absolute z-2 top-0 start-0 bg-secondary text-white py-1 px-3 ms-3\">\n\t\t\t\tEmpfohlen\t\t\t<\/span>\n\t\t\t\t\t\t<span class=\"card-properties-ref position-absolute z-2 bottom-0 end-0 bg-white text-primary py-1 px-3 me-3\">\n\t\t\t\tPANR-16359\t\t\t<\/span>\n\t\t\t<button class=\"card-properties-portfolio d-flex align-items-center justify-content-center position-absolute z-3 end-0 text-white bg-primary me-3 border-0 px-0\" data-pfl-id=\"698664\" data-pfl-filter=\"sale\" aria-label=\"Add to portfolio\">\n\t\t\t\t<svg width=\"18\" fill=\"currentColor\" viewBox=\"0 0 512 512\">\n\t\t\t\t\t<use href=\"https:\/\/www.panoramamarbella.com\/wp-content\/themes\/panoramamarbella\/dist\/src\/images\/icons.svg#svgHeart\"><\/use>\n\t\t\t\t<\/svg>\n\t\t\t\t<svg width=\"18\" fill=\"currentColor\" viewBox=\"0 0 512 512\">\n\t\t\t\t\t<use href=\"https:\/\/www.panoramamarbella.com\/wp-content\/themes\/panoramamarbella\/dist\/src\/images\/icons.svg#svgHeartIn\"><\/use>\n\t\t\t\t<\/svg>\n\t\t\t<\/button>\n\t\t<\/div>\n\t\t\t\t<button\n\t\t\tclass=\"carousel-control-prev\"\n\t\t\ttype=\"button\"\n\t\t\tdata-bs-target=\"#carouselCardProperties-1-0\"\n\t\t\tdata-bs-slide=\"prev\">\n\t\t\t<span class=\"carousel-control-prev-icon\" aria-hidden=\"true\"><\/span>\n\t\t\t<span class=\"visually-hidden\">Vorherige<\/span>\n\t\t<\/button>\n\t\t<button\n\t\t\tclass=\"carousel-control-next\"\n\t\t\ttype=\"button\"\n\t\t\tdata-bs-target=\"#carouselCardProperties-1-0\"\n\t\t\tdata-bs-slide=\"next\">\n\t\t\t<span class=\"carousel-control-next-icon\" aria-hidden=\"true\"><\/span>\n\t\t\t<span class=\"visually-hidden\">N\u00e4chste<\/span>\n\t\t<\/button>\n\t\t\t<\/div>\n\t<div class=\"d-flex flex-column h-100 px-3 py-4 shadow\">\n\t\t\t\t<h3 class=\"card-properties-title mb-3\">\n\t\t\t<a class=\"stretched-link\" href=\"\/de\/immobilien\/marbella\/marbella-goldene-meile\/marina-puente-romano\/wohnungen\/PANR-16359\">\n\t\t\t\tEinzigartiges Erdgeschossapartment mit Meerblick in den Japanischen G\u00e4rten von Marina Puente Romano\t\t\t<\/a>\n\t\t<\/h3>\n\t\t<p class=\"mb-3 text-black-dark\">Marina Puente Romano, Marbella Goldene Meile<\/p>\n\t\t\t\t\t\t<p class=\"card-properties-description mb-3\">\n\t\t\tEntdecken Sie das Inbild m\u00fchelosen Luxuslebens in diesem exquisiten, nach S\u00fcdwesten ausgerichteten, erh\u00f6hten Erdgeschossapartment, eingebettet in das ikonische Puente Romano Beach Resort &amp; Spa \u2013 eine der prestigetr\u00e4chtigsten und begehrtesten Adressen der Goldenen Meile von&#8230;\t\t<\/p>\n\t\t\t\t<span class=\"card-properties-price mt-auto\">\n\t\t\t\n\t\t\t<span class=\"card-properties-price mt-auto\" data-original-price=\"4950000\">4.950.000\u00a0\u20ac<\/span>\n\t\t\t\t<\/span>\n\t\t\t\t<ul class=\"card-properties-features list-unstyled d-flex flex-wrap align-items-center gap-3 pt-3 border-top mt-3 mb-0\">\n\t\t\t<li class=\"d-flex align-items-center\">3 Schlafzimmer<\/li><li class=\"d-flex align-items-center\">3 B\u00e4der<\/li>\t\t\t\t<li class=\"d-flex align-items-center\">\n\t\t\t\t\t <span class=\"me-1\" data-original-value=\"180\" data-original-unit=\"m&#038;sup2\">180 m&sup2;<\/span>Gesamt\t\t\t\t<\/li>\n\t\t\t\t\t\t\t<li class=\"d-flex align-items-center\">\n\t\t\t\t\t <span class=\"me-1\" data-original-value=\"140\" data-original-unit=\"m&#038;sup2\">140 m&sup2;<\/span>Gebaut\t\t\t\t<\/li>\n\t\t\t\t\t\t\t<li class=\"d-flex align-items-center\">\n\t\t\t\t\t <span class=\"me-1\" data-original-value=\"40\" data-original-unit=\"m&#038;sup2\">40 m&sup2;<\/span>Terrassen\t\t\t\t<\/li>\n\t\t\t\t\t<\/ul>\n\t\t\t<\/div>\n<\/article>\n\n\n<article class=\"col card-properties position-relative d-flex flex-column\">\n\t<div id=\"carouselCardProperties-1-1\" class=\"card-properties-images carousel slide carousel-fade lazy\" data-bs-ride=\"carousel\" data-bs-interval=\"200000\" data-id=\"698452\">\n\t\t<div class=\"carousel-inner\">\n\t\t\t<figure class=\"carousel-item mb-0 active ratio ratio-4x3\">\n\t\t\t\t<picture><source sizes=\"(max-width: 575px) calc(100vw - 24px), (max-width: 767px) 516px, (max-width: 991px) 696px, (max-width: 1199px) 296px, (max-width: 1399px) 356px, 400px\" width=\"696\" height=\"522\" srcset=\"https:\/\/media.panoramamarbella.com\/imgV1\/B95mbh8olwFQm~uCUaVOI2kQT0hb0a8sZ9turUNfnwtvuccYCzs0YVPfPbfkc2VnnN1JFDpkYaGfw1gJsS~5hOu8AUZEQTHg7CLRX_1curmO2wUT0oMrRL1uiJLedOIKDN8v93fz93HwFQv7mvDjXTJ7lOrU4l83PE~Y7~g4uSwzq7fwptUkt8il_H0dUfDMbhzRCHO11LkysK_bxmVac4BLYh_a2hSE6xc4RNhtWQy0GnsnoQrJccDe7cp8t7Ce6UlO1DWqwXSJYUCDuwP7QwoWCJkTw27ijwwwpB98FcoNDGs~dLIP7I2GDa3nOd4g1SjhL97WDkXGdj2aFX5fwQPpaxEz9JYPNAHCS8LI6VPreTQIillN_1gkADuMHYT2CJSd5rwzlKJJZqM2B1EGJzPLGXSc9ooOUU7qL2ig99dCjaK189Pp7TsIOGVaDX9oXhEFrF_Ia4RltvugvjBP.webp 696w,https:\/\/media.panoramamarbella.com\/imgV1\/B95mbh8olwFQm~uCUaVOI2kQT0hb0a8sZ9turUNfnwtvuccYCzs0YVPfPbfkc2VnnN1JFDpkYaGfw1gJsS~5hOu8AUZEQTHg7CLRX_1curmO2wUT0oMrRL1uiJLedOIKDN8v93fz93HwFQv7mvDjXTJ7lOrU4l83PE~Y7~g4u~df~Tano1nt9Ue6uk~XBWFCGo8b5uz9KD25B9Qw7evRA8SqFZq34AgCn5JX6EuhbeRrvvPVHMrvFUE2AO7h4SlLQw6ob~_m94R0S7sqNgkVrMEquSzkE9nasFMmps2VzAHYdSAQ2wTz4HwlOQKPdZH_kxNfiyNr1LkWz6W0SPGJz_J5jSuIrO8m9wUmUgBw7W4bVwwlZXewN8w4PgVWe867xysmy5y9aWPRh5yB7zWFKCmqm7usE_2JL120Zpd5k0n~nRNSy0VF9XmSJWinpqt3IAb2BAerv9YNOwzXXZg6.webp 400w\" type=\"image\/webp\"><img decoding=\"async\" class=\"position-absolute w-100 h-100 object-fit-cover\" alt=\"Makelloses Apartment mit Meerblick in Bahia del Velerin, Estepona\" loading=\"lazy\" width=\"696\" height=\"522\" src=\"https:\/\/media.panoramamarbella.com\/imgV1\/B95mbh8olwFQm~uCUaVOI2kQT0hb0a8sZ9turUNfnwtvuccYCzs0YVPfPbfkc2VnnN1JFDpkYaGfw1gJsS~5hOu8AUZEQTHg7CLRX_1curmO2wUT0oMrRL1uiJLedOIKDN8v93fz93HwFQv7mvDjXTJ7lOrU4l83PE~Y7~g4uSwzq7fwptUkt8il_H0dT~d80FU6rzBEPKVvi7_9uKyowpu_WM6HzT2BejtGMxY4Ue4yJKg6tygbAbOs4O2zuBdhFbcIhyEehd0GrogCmXKavWLN_n86mIIQdIrcaS0D4WN6WOtwoDECcJPnCoGASy5m1KGKXUks15kVrhZufydUhekpIBkQZbMRjCpoPPH~gROlE7YzRlNm41NdY7EbPR9x5kL9_LwgSvVMZ6RHdRXrOZjwX9fLz9QxqTZ1Osni6X7J~ihA36h0OX6JJb8-.jpg\"><\/picture>\t\t\t<\/figure>\n\t\t\t\t\t\t<span class=\"card-properties-ref position-absolute z-2 bottom-0 end-0 bg-white text-primary py-1 px-3 me-3\">\n\t\t\t\tPANR-16352\t\t\t<\/span>\n\t\t\t<button class=\"card-properties-portfolio d-flex align-items-center justify-content-center position-absolute z-3 end-0 text-white bg-primary me-3 border-0 px-0\" data-pfl-id=\"698452\" data-pfl-filter=\"sale\" aria-label=\"Add to portfolio\">\n\t\t\t\t<svg width=\"18\" fill=\"currentColor\" viewBox=\"0 0 512 512\">\n\t\t\t\t\t<use href=\"https:\/\/www.panoramamarbella.com\/wp-content\/themes\/panoramamarbella\/dist\/src\/images\/icons.svg#svgHeart\"><\/use>\n\t\t\t\t<\/svg>\n\t\t\t\t<svg width=\"18\" fill=\"currentColor\" viewBox=\"0 0 512 512\">\n\t\t\t\t\t<use href=\"https:\/\/www.panoramamarbella.com\/wp-content\/themes\/panoramamarbella\/dist\/src\/images\/icons.svg#svgHeartIn\"><\/use>\n\t\t\t\t<\/svg>\n\t\t\t<\/button>\n\t\t<\/div>\n\t\t\t\t<button\n\t\t\tclass=\"carousel-control-prev\"\n\t\t\ttype=\"button\"\n\t\t\tdata-bs-target=\"#carouselCardProperties-1-1\"\n\t\t\tdata-bs-slide=\"prev\">\n\t\t\t<span class=\"carousel-control-prev-icon\" aria-hidden=\"true\"><\/span>\n\t\t\t<span class=\"visually-hidden\">Vorherige<\/span>\n\t\t<\/button>\n\t\t<button\n\t\t\tclass=\"carousel-control-next\"\n\t\t\ttype=\"button\"\n\t\t\tdata-bs-target=\"#carouselCardProperties-1-1\"\n\t\t\tdata-bs-slide=\"next\">\n\t\t\t<span class=\"carousel-control-next-icon\" aria-hidden=\"true\"><\/span>\n\t\t\t<span class=\"visually-hidden\">N\u00e4chste<\/span>\n\t\t<\/button>\n\t\t\t<\/div>\n\t<div class=\"d-flex flex-column h-100 px-3 py-4 shadow\">\n\t\t\t\t<h3 class=\"card-properties-title mb-3\">\n\t\t\t<a class=\"stretched-link\" href=\"\/de\/immobilien\/estepona\/estepona-ost\/bahia-del-velerin\/wohnungen\/PANR-16352\">\n\t\t\t\tMakelloses Apartment mit Meerblick in Bahia del Velerin, Estepona\t\t\t<\/a>\n\t\t<\/h3>\n\t\t<p class=\"mb-3 text-black-dark\">Bah\u00eda del Veler\u00edn, Estepona Ost<\/p>\n\t\t\t\t\t\t<p class=\"card-properties-description mb-3\">\n\t\t\tDieses erstklassige Apartment in erster Meereslinie wurde vollst\u00e4ndig renoviert und in eine au\u00dfergew\u00f6hnliche Residenz verwandelt. Es wurde mit Materialien h\u00f6chster Qualit\u00e4t und einem anspruchsvollen, zeitgen\u00f6ssischen Design ausgestattet. Das Objekt befindet sich in einer der exklusivsten&#8230;\t\t<\/p>\n\t\t\t\t<span class=\"card-properties-price mt-auto\">\n\t\t\t\n\t\t\t<span class=\"card-properties-price mt-auto\" data-original-price=\"1895000\">1.895.000\u00a0\u20ac<\/span>\n\t\t\t\t<\/span>\n\t\t\t\t<ul class=\"card-properties-features list-unstyled d-flex flex-wrap align-items-center gap-3 pt-3 border-top mt-3 mb-0\">\n\t\t\t<li class=\"d-flex align-items-center\">3 Schlafzimmer<\/li><li class=\"d-flex align-items-center\">2 B\u00e4der<\/li>\t\t\t\t<li class=\"d-flex align-items-center\">\n\t\t\t\t\t <span class=\"me-1\" data-original-value=\"145\" data-original-unit=\"m&#038;sup2\">145 m&sup2;<\/span>Gesamt\t\t\t\t<\/li>\n\t\t\t\t\t\t\t<li class=\"d-flex align-items-center\">\n\t\t\t\t\t <span class=\"me-1\" data-original-value=\"122\" data-original-unit=\"m&#038;sup2\">122 m&sup2;<\/span>Gebaut\t\t\t\t<\/li>\n\t\t\t\t\t\t\t<li class=\"d-flex align-items-center\">\n\t\t\t\t\t <span class=\"me-1\" data-original-value=\"23\" data-original-unit=\"m&#038;sup2\">23 m&sup2;<\/span>Terrassen\t\t\t\t<\/li>\n\t\t\t\t\t<\/ul>\n\t\t\t<\/div>\n<\/article>\n\n\n<article class=\"col card-properties position-relative d-flex flex-column\">\n\t<div id=\"carouselCardProperties-1-2\" class=\"card-properties-images carousel slide carousel-fade lazy\" data-bs-ride=\"carousel\" data-bs-interval=\"200000\" data-id=\"697054\">\n\t\t<div class=\"carousel-inner\">\n\t\t\t<figure class=\"carousel-item mb-0 active ratio ratio-4x3\">\n\t\t\t\t<picture><source sizes=\"(max-width: 575px) calc(100vw - 24px), (max-width: 767px) 516px, (max-width: 991px) 696px, (max-width: 1199px) 296px, (max-width: 1399px) 356px, 400px\" width=\"696\" height=\"522\" srcset=\"https:\/\/media.panoramamarbella.com\/imgV1\/B95mbh8olwFQm~uCUaVOI2kQT0hb0a8sZ9turUNfnwtvuccYCzs0YVPfPbfkc2VnnN1JFDpkYaGfw1gJsS~5hOu6YifurfJ25badRj49cT~wgCU8gA88h_E73Y1xGOY4iEqZKXXXhu8yWQ~e84UtvlD9epiouKwXC3d1VOy8eEjq2IfeIKMMymyfY4Xj5bRCilik~QKhvoRAy6cBaqTXa8wyypq39Kqm5zzScwS5A6GNcTX8CFB_yK1~KOdtt78StZUHwguqN8XODG9qYWsY8MdvqJnToWcBJ6coBfHLqH98SffC2r72xnFRJaPHOd0fCoU8EJuhotljZIpTUPLFkY9oVG1aggQWae46sULFGQBIRjigtogjCoFPzHNex_FQ_d8Hq~0Ly7i~3XyKEGNfo1EGP7WN_csPp6~p2_hXsouUkL83MNgfgysLsUyuhy3f_h4NHVw5TK7koPK05OH9.webp 696w,https:\/\/media.panoramamarbella.com\/imgV1\/B95mbh8olwFQm~uCUaVOI2kQT0hb0a8sZ9turUNfnwtvuccYCzs0YVPfPbfkc2VnnN1JFDpkYaGfw1gJsS~5hOu6YifurfJ25badRj49cT~wgCU8gA88h_E73Y1xGOY4iEqZKXXXhu8yWQ~e84UtvlD9epiouKwXC3d1VOy8egV7qxq67Oy0cUZHL07oA9s_0zKiKGJNORdErts5_xL5XksUR~CM9qut1BNtuWEBe3c0o2TadF7cjEfDVu4I_oZECgxMK492O9~9NHHsIJHrhE8D6eMeXjuRg~vkRAM5OwAZTGxfBprZGXV9NZ3c0WC8FHyvU137d3K20O1_By~z8sEL1rPRtcT0eaegl1t9fiPnMISXVnnV3nbVteQRofPDokmvLhadVNNQrXOSXpOqWy8C~8KvXw1NrKIgaXeyoZVzIEqNORklDsaCOmdSC0XU~It4phrLx7ik_Qs_WQJ8.webp 400w\" type=\"image\/webp\"><img decoding=\"async\" class=\"position-absolute w-100 h-100 object-fit-cover\" alt=\"Exklusive neue Villen in der N\u00e4he des El Campanario Golf in Estepona Ost\" loading=\"lazy\" width=\"696\" height=\"522\" src=\"https:\/\/media.panoramamarbella.com\/imgV1\/B95mbh8olwFQm~uCUaVOI2kQT0hb0a8sZ9turUNfnwtvuccYCzs0YVPfPbfkc2VnnN1JFDpkYaGfw1gJsS~5hOu6YifurfJ25badRj49cT~wgCU8gA88h_E73Y1xGOY4iEqZKXXXhu8yWQ~e84UtvlD9epiouKwXC3d1VOy8eEjq2IfeIKMMymyfY4Xj_85Ks_~wdV6y7mC83I4fQ3fH3Q5Filo7arkekjyc5~PqEOc7HcSplU1wVVSxN2WKotAXTG301Hc6NYMbJrr0BTrh0_RumqcSNxvOSxQPkU3SD_N_9XqtlfvArCVN8hok0XXhzW8fZ2nuP47Nbc2jSfnrajBsrhOIaLswkarQmg5l4RhmrwypsfwLPJox6cgcIpXa43QrKRZHpFiGMy9KIbwm8hiixzlkB4AZsEl2G2Sytz~y1W2qwi~4iPzkQNI-.jpg\"><\/picture>\t\t\t<\/figure>\n\t\t\t\t\t\t<span class=\"card-properties-ref position-absolute z-2 bottom-0 end-0 bg-white text-primary py-1 px-3 me-3\">\n\t\t\t\tPANR-16332\t\t\t<\/span>\n\t\t\t<button class=\"card-properties-portfolio d-flex align-items-center justify-content-center position-absolute z-3 end-0 text-white bg-primary me-3 border-0 px-0\" data-pfl-id=\"697054\" data-pfl-filter=\"sale\" aria-label=\"Add to portfolio\">\n\t\t\t\t<svg width=\"18\" fill=\"currentColor\" viewBox=\"0 0 512 512\">\n\t\t\t\t\t<use href=\"https:\/\/www.panoramamarbella.com\/wp-content\/themes\/panoramamarbella\/dist\/src\/images\/icons.svg#svgHeart\"><\/use>\n\t\t\t\t<\/svg>\n\t\t\t\t<svg width=\"18\" fill=\"currentColor\" viewBox=\"0 0 512 512\">\n\t\t\t\t\t<use href=\"https:\/\/www.panoramamarbella.com\/wp-content\/themes\/panoramamarbella\/dist\/src\/images\/icons.svg#svgHeartIn\"><\/use>\n\t\t\t\t<\/svg>\n\t\t\t<\/button>\n\t\t<\/div>\n\t\t\t\t<button\n\t\t\tclass=\"carousel-control-prev\"\n\t\t\ttype=\"button\"\n\t\t\tdata-bs-target=\"#carouselCardProperties-1-2\"\n\t\t\tdata-bs-slide=\"prev\">\n\t\t\t<span class=\"carousel-control-prev-icon\" aria-hidden=\"true\"><\/span>\n\t\t\t<span class=\"visually-hidden\">Vorherige<\/span>\n\t\t<\/button>\n\t\t<button\n\t\t\tclass=\"carousel-control-next\"\n\t\t\ttype=\"button\"\n\t\t\tdata-bs-target=\"#carouselCardProperties-1-2\"\n\t\t\tdata-bs-slide=\"next\">\n\t\t\t<span class=\"carousel-control-next-icon\" aria-hidden=\"true\"><\/span>\n\t\t\t<span class=\"visually-hidden\">N\u00e4chste<\/span>\n\t\t<\/button>\n\t\t\t<\/div>\n\t<div class=\"d-flex flex-column h-100 px-3 py-4 shadow\">\n\t\t\t\t<h3 class=\"card-properties-title mb-3\">\n\t\t\t<a class=\"stretched-link\" href=\"\/de\/immobilien\/estepona\/estepona-ost\/monte-biarritz\/villen\/PANR-16332\">\n\t\t\t\tExklusive neue Villen in der N\u00e4he des El Campanario Golf in Estepona Ost\t\t\t<\/a>\n\t\t<\/h3>\n\t\t<p class=\"mb-3 text-black-dark\">Monte Biarritz, Estepona Ost<\/p>\n\t\t\t\t\t\t<p class=\"card-properties-description mb-3\">\n\t\t\tPerfekt gelegen zwischen Estepona und San Pedro de Alc\u00e1ntara, repr\u00e4sentiert diese exklusive Entwicklung von zwei zeitgen\u00f6ssischen Villen in Monte Biarritz ein wahres Refugium f\u00fcr anspruchsvolles Wohnen an der Costa del Sol.\r\n\r\nMit zeitloser Eleganz und tiefem&#8230;\t\t<\/p>\n\t\t\t\t<span class=\"card-properties-price mt-auto\">\n\t\t\t\n\t\t\t<span class=\"card-properties-price mt-auto\" data-original-price=\"1850000\">1.850.000\u00a0\u20ac<\/span>\n\t\t\t\t<\/span>\n\t\t\t\t<ul class=\"card-properties-features list-unstyled d-flex flex-wrap align-items-center gap-3 pt-3 border-top mt-3 mb-0\">\n\t\t\t<li class=\"d-flex align-items-center\">5 Schlafzimmer<\/li><li class=\"d-flex align-items-center\">4 B\u00e4der<\/li>\t\t\t\t<li class=\"d-flex align-items-center\">\n\t\t\t\t\t <span class=\"me-1\" data-original-value=\"599\" data-original-unit=\"m&#038;sup2\">599 m&sup2;<\/span>Gesamt\t\t\t\t<\/li>\n\t\t\t\t\t\t\t<li class=\"d-flex align-items-center\">\n\t\t\t\t\t <span class=\"me-1\" data-original-value=\"556\" data-original-unit=\"m&#038;sup2\">556 m&sup2;<\/span>Grundst\u00fcck\t\t\t\t<\/li>\n\t\t\t\t\t\t\t\t<li class=\"d-flex align-items-center\">\n\t\t\t\t\t <span class=\"me-1\" data-original-value=\"330\" data-original-unit=\"m&#038;sup2\">330 m&sup2;<\/span>Gebaut\t\t\t\t<\/li>\n\t\t\t\t\t\t\t<li class=\"d-flex align-items-center\">\n\t\t\t\t\t <span class=\"me-1\" data-original-value=\"269\" data-original-unit=\"m&#038;sup2\">269 m&sup2;<\/span>Terrassen\t\t\t\t<\/li>\n\t\t\t\t\t<\/ul>\n\t\t\t<\/div>\n<\/article>\n\t\t\t<\/div>\n\t\t\t<ul class=\"mw-100 d-flex flex-column flex-lg-row flex-lg-wrap justify-content-center gap-3 list-unstyled mt-5 mb-0\">\n    <li><a class=\"btn btn-primary w-100 px-4 py-2\" href=\"https:\/\/www.panoramamarbella.com\/de\/immobilien\">Immobilien zum Verkauf<\/a><\/li><\/ul>\n\t\t<\/section>\n\t\t\n","protected":false},"excerpt":{"rendered":"<p>Marbella sichert sich 2025 einen Platz in den Top F\u00fcnf der meistgesuchten Gegenden Spaniens und vereint Lebensstil, Glamour und Investitionswert.<\/p>\n","protected":false},"author":7,"featured_media":23874,"comment_status":"closed","ping_status":"closed","sticky":false,"template":"","format":"standard","meta":{"_acf_changed":false,"footnotes":""},"categories":[46],"tags":[],"class_list":["post-23996","post","type-post","status-publish","format-standard","has-post-thumbnail","hentry","category-immobiliensektor"],"acf":[],"_links":{"self":[{"href":"https:\/\/www.panoramamarbella.com\/de\/wp-json\/wp\/v2\/posts\/23996","targetHints":{"allow":["GET"]}}],"collection":[{"href":"https:\/\/www.panoramamarbella.com\/de\/wp-json\/wp\/v2\/posts"}],"about":[{"href":"https:\/\/www.panoramamarbella.com\/de\/wp-json\/wp\/v2\/types\/post"}],"author":[{"embeddable":true,"href":"https:\/\/www.panoramamarbella.com\/de\/wp-json\/wp\/v2\/users\/7"}],"replies":[{"embeddable":true,"href":"https:\/\/www.panoramamarbella.com\/de\/wp-json\/wp\/v2\/comments?post=23996"}],"version-history":[{"count":1,"href":"https:\/\/www.panoramamarbella.com\/de\/wp-json\/wp\/v2\/posts\/23996\/revisions"}],"predecessor-version":[{"id":25003,"href":"https:\/\/www.panoramamarbella.com\/de\/wp-json\/wp\/v2\/posts\/23996\/revisions\/25003"}],"wp:featuredmedia":[{"embeddable":true,"href":"https:\/\/www.panoramamarbella.com\/de\/wp-json\/wp\/v2\/media\/23874"}],"wp:attachment":[{"href":"https:\/\/www.panoramamarbella.com\/de\/wp-json\/wp\/v2\/media?parent=23996"}],"wp:term":[{"taxonomy":"category","embeddable":true,"href":"https:\/\/www.panoramamarbella.com\/de\/wp-json\/wp\/v2\/categories?post=23996"},{"taxonomy":"post_tag","embeddable":true,"href":"https:\/\/www.panoramamarbella.com\/de\/wp-json\/wp\/v2\/tags?post=23996"}],"curies":[{"name":"wp","href":"https:\/\/api.w.org\/{rel}","templated":true}]}}