{"id":30840,"date":"2025-12-09T17:25:05","date_gmt":"2025-12-09T16:25:05","guid":{"rendered":"https:\/\/www.panoramamarbella.com\/?p=30840"},"modified":"2025-12-09T17:24:36","modified_gmt":"2025-12-09T16:24:36","slug":"weihnachten-in-spanien","status":"publish","type":"post","link":"https:\/\/www.panoramamarbella.com\/de\/news\/weihnachten-in-spanien","title":{"rendered":"Wie Spanien Weihnachten feiert: 10 Traditionen"},"content":{"rendered":"\n\n<h2 class=\"wp-block-heading\">10 in Spanien an Weihnachten gefeierte Traditionen<\/h2>\n\n\n<div class=\"lead\"><p data-start=\"0\" data-end=\"396\">In Spanien ist Weihnachten keine blo\u00dfe Vorbereitungszeit auf einen bestimmten Tag, sondern eher eine lange, stimmungsvolle Saison, die sich von den letzten Novembertagen bis in die erste Januarwoche hineinzieht. Alles beginnt mit der feierlichen Einschaltung der Weihnachtsbeleuchtung in den Stra\u00dfen und kulminiert am 6. Januar des folgenden Jahres mit den prachtvollen Umz\u00fcgen zum Dreik\u00f6nigstag.<\/p>\n<p data-start=\"398\" data-end=\"838\" data-is-last-node=\"\" data-is-only-node=\"\">Hier an der Costa del Sol sind St\u00e4dte wie M\u00e1laga und Marbella perfekte Beispiele daf\u00fcr, wie spanische Traditionen Altes und Neues verbinden \u2013 von den kulturell bedeutenden <em data-start=\"570\" data-end=\"581\">zambombas<\/em>, die in ganz Andalusien stattfinden, und den landesweit gefeierten Dreik\u00f6nigsfesten bis hin zu vergleichsweise neuen Br\u00e4uchen wie dem Auftauchen von Pap\u00e1 Noel (dem Weihnachtsmann) und seinen Grotten, die auf gro\u00dfen Pl\u00e4tzen und in Einkaufszentren entstehen.<\/p>\n<\/div>\n\n\n<ul class=\"table-index list-unstyled p-4 p-lg-5 ms-0 bg-light\"><li class=\"text-uppercase fw-bold mb-3\">Inhaltsverzeichnis<\/li><li><a href=\"#10+in+spanien+an+weihnachten+gefeierte+traditionen\">\n10 in Spanien an Weihnachten gefeierte Traditionen\n<\/a><\/li>\n<li><a href=\"#eine+saison+von+ende+november+bis+anfang+januar\">\nEine Saison von Ende November bis Anfang Januar\n<\/a><\/li>\n<li><a href=\"#1zambombas+der+klang+einer+andalusischen+weihnacht\">\n1.Zambombas: Der Klang einer andalusischen Weihnacht\n<\/a><\/li>\n<li><a href=\"#2krippen+spaniens+liebste+weihnachtstradition\">\n2.Krippen: Spaniens liebste Weihnachtstradition\n<\/a><\/li>\n<li><a href=\"#3papa+noel+eine+moderne+erganzung+der+spanischen+festzeit\">\n3.Pap\u00e1 Noel: Eine moderne Erg\u00e4nzung der spanischen Festzeit\n<\/a><\/li>\n<li><a href=\"#4weihnachtsbeleuchtung+in+ganz+spanien\">\n4.Weihnachtsbeleuchtung in ganz Spanien\n<\/a><\/li>\n<li><a href=\"#5weihnachtsbaume+auf+jedem+platz\">\n5.Weihnachtsb\u00e4ume auf jedem Platz\n<\/a><\/li>\n<li><a href=\"#6nochebuena+und+die+aromen+der+spanischen+weihnacht\">\n6.Nochebuena und die Aromen der spanischen Weihnacht\n<\/a><\/li>\n<li><a href=\"#7el+gordo+die+lotterie+die+den+beginn+der+weihnachtszeit+einlautet\">\n7.El Gordo: Die Lotterie, die den Beginn der Weihnachtszeit einl\u00e4utet\n<\/a><\/li>\n<li><a href=\"#828+dezember+tag+der+unschuldigen+kinder\">\n8.28 Dezember: Tag der Unschuldigen Kinder\n<\/a><\/li>\n<li><a href=\"#9nochevieja+zwolf+trauben+fur+das+gluck\">\n9.Nochevieja: Zw\u00f6lf Trauben f\u00fcr das Gl\u00fcck\n<\/a><\/li>\n<li><a href=\"#10die+heiligen+drei+konige++dia+de+los+reyes+magos+die+zauberhafteste+nacht+des+jahres\">\n10.Die Heiligen Drei K\u00f6nige | D\u00eda de los Reyes Magos: Die zauberhafteste Nacht des Jahres\n<\/a><\/li>\n<li><a href=\"#eine+festliche+jahreszeit+die+von+der+ganzen+gemeinschaft+getragen+wird\">\nEine festliche Jahreszeit, die von der ganzen Gemeinschaft getragen wird\n<\/a><\/li><\/ul>\n\n\n\t<figure class=\"wp-caption aligncenter wp-block-acf-wpimage\">\n\t<picture><source width=\"900\" height=\"600\" srcset=\"https:\/\/media.panoramamarbella.com\/imgV1\/B95mbh8olwFQm~uCT2wPZMb8hll4wghQQQq6YWg0~c~U_DrmgY8pGP8pqaDzA6mvjyI_OPtcrHD_aKxDZZC5gXpRq0NBUukQFmfF9kaqehNO4Tw5rvwHMWPbTfw~BZzIQCEGWy5W0qUeMcii9tmu7eKBNXZhJsoridAi8x0zDQH7j_7Crom8Rs8c_dqhSViFc~r2wqsYXxkZsgBwPSfmwgvs.webp 900w\" type=\"image\/webp\"><img decoding=\"async\" class=\"img-fluid\" loading=\"lazy\" width=\"900\" height=\"600\" alt=\"Weihnachten. L\u00e4chelndes Paar in Winterkleidung, das gemeinsam ein Hei\u00dfgetr\u00e4nk auf einem Weihnachtsmarkt im Freien mit festlichen Lichterketten genie\u00dft.\" src=\"https:\/\/media.panoramamarbella.com\/imgV1\/B95mbh8olwFQm~uCT2wPZMb8hll4wghQQQq6YWg0~c~U_DrmgY8pGP8pqaDzA6mvjyI_OPtcrHD_aKxDZZC5gXpRq0NBUukQFmfF9kaqehNO4Tw5rvwHMWPbTfw~BZzIQCEGWy5W0qUeMcii9tmu7eKBNXZhJsoridAi8x0zE8zDCOOzmOIMdn4imjoJHNM-.jpg\"><\/picture>\t\t<\/figure>\n\t\n\n\n<h2 class=\"wp-block-heading\">Eine Saison von Ende November bis Anfang Januar<\/h2>\n\n\n\n<p>Die spanische Weihnachtssaison beginnt richtig, wenn Ende November in jeder Stadt und jedem Ort die Lichter eingeschaltet werden \u2013 und endet im Grunde erst nach dem Dreik\u00f6nigstag am 6. Januar.<\/p>\n\n\n\n<p>Wichtige Daten, die die meisten spanischen Familien feiern, sind:<\/p>\n\n\n\n<ul class=\"wp-block-list\">\n<li><strong>Nochebuena (Heiligabend) \u2013 24. Dezember<\/strong><br>Das gro\u00dfe Familienzusammenkommen. Viele Spanier betrachten diesen Abend als den wichtigsten der gesamten Festzeit, mit einem langen Abendessen zu Hause und in vielen Orten einer Mitternachtsmesse.<\/li>\n\n\n\n<li><strong>Navidad (Weihnachtstag) \u2013 25. Dezember<\/strong><br>Ein ruhigerer Familientag. Immer h\u00e4ufiger wachen Kinder zu Geschenken von Pap\u00e1 Noel auf, obwohl in vielen Haushalten die Hauptbescherung weiterhin im Januar stattfindet.<\/li>\n\n\n\n<li><strong>Nochevieja (Silvester) \u2013 31. Dezember<\/strong><br>Wird mit Partys und den ber\u00fchmten \u201ezw\u00f6lf Trauben\u201c um Mitternacht gefeiert \u2013 eine Traube zu jedem Glockenschlag.<\/li>\n\n\n\n<li><strong>Cabalgata de Reyes und D\u00eda de Reyes \u2013 5. und 6. Januar<\/strong><br>Die spektakul\u00e4ren Umz\u00fcge der Heiligen Drei K\u00f6nige und der Morgen, an dem viele Kinder ihre Hauptgeschenke auspacken.<\/li>\n<\/ul>\n\n\n\n<h2 class=\"wp-block-heading\">1.<em>Zambombas<\/em>: Der Klang einer andalusischen Weihnacht<\/h2>\n\n\n\t<figure class=\"wp-caption aligncenter wp-block-acf-wpimage\">\n\t<picture><source width=\"900\" height=\"602\" srcset=\"https:\/\/media.panoramamarbella.com\/imgV1\/B95mbh8olwFQm~uCT2wPZMb8hll4wghQQQq6YWg0~c~U_DrmgY8pGP8pqaDzA6mvjyI_OPtcrHD_aKxDZZC5gXmAAfa68T~cWzXft9ktqMIZZr6fPyUnUtBaz3EpHY3~_DWgC_RsBX6OO8bPx3UQfU_rzSVOb9gAhX1IxDEidcYshYUiPSKu2c85gsWzSqcP~p9nn9V5hzQ_7f~KlPE1dU__.webp 900w\" type=\"image\/webp\"><img decoding=\"async\" class=\"img-fluid\" loading=\"lazy\" width=\"900\" height=\"602\" alt=\"Reihe kleiner Tont\u00f6pfe, gef\u00fcllt mit buntem Seidenpapier und Holzst\u00e4ben, als Teil farbenfroher traditioneller Weihnachtsdekorationen in Spanien.\" src=\"https:\/\/media.panoramamarbella.com\/imgV1\/B95mbh8olwFQm~uCT2wPZMb8hll4wghQQQq6YWg0~c~U_DrmgY8pGP8pqaDzA6mvjyI_OPtcrHD_aKxDZZC5gXmAAfa68T~cWzXft9ktqMIZZr6fPyUnUtBaz3EpHY3~_DWgC_RsBX6OO8bPx3UQfU_rzSVOb9gAhX1IxDEia2W8qQCmkWNeCsSdgqSAk7I-.jpg\"><\/picture>\t\t\t<figcaption class=\"wp-caption-text\">\n\t\tDie Zambomba ist eine der beliebtesten andalusischen Traditionen\t\t<\/figcaption>\n\t\t\t<\/figure>\n\t\n\n\n<p>Im S\u00fcden Spaniens hat Weihnachten seine eigene Klangkulisse. Die Zambomba ist eine der beliebtesten andalusischen Traditionen, besonders in St\u00e4dten wie Jerez. Gemeinschaften kommen in Innenh\u00f6fen oder auf kleinen Pl\u00e4tzen zusammen, um Weihnachtslieder im Flamenco-Stil zu singen, begleitet von Gitarren, Tamburinen, H\u00e4ndeklatschen und dem vollen, resonanten Rhythmus des Zambomba-Instruments. Diese Zusammenk\u00fcnfte wirken spontan, lebendig und einladend und bringen Nachbarn und Besucher unter dem winterlichen Himmel zusammen.<\/p>\n\n\n\n<p>Auch Marbella hat diese Tradition \u00fcbernommen. Den ganzen Dezember \u00fcber finden in der ganzen Stadt flamenco-gepr\u00e4gte Zambombas statt, die der Saison einen authentischen andalusischen Charakter verleihen.<\/p>\n\n\n\n<h2 class=\"wp-block-heading\">2.<em>Krippen<\/em>: Spaniens liebste Weihnachtstradition<\/h2>\n\n\n\t<figure class=\"wp-caption aligncenter wp-block-acf-wpimage\">\n\t<picture><source width=\"900\" height=\"600\" srcset=\"https:\/\/media.panoramamarbella.com\/imgV1\/B95mbh8olwFQm~uCT2wPZMb8hll4wghQQQq6YWg0~c~U_DrmgY8pGP8pqaDzA6mvjyI_OPtcrHD_aKxDZZC5gXhXAbakQIBqoFgJstlisbCe6Jnsc88MfVDynKz7QzYBU6GuD8jqcAMt_USbv_4CrE8uqdOOUkArabsw2mX0WA~CkTHr~RkIcX6HXhrIkF2hYKGnBAMpFqVK8~m8P4HO5L3B.webp 900w\" type=\"image\/webp\"><img decoding=\"async\" class=\"img-fluid\" loading=\"lazy\" width=\"900\" height=\"600\" alt=\"Traditionelle Krippenszene mit Maria, Josef und dem Jesuskind, umgeben von einem Engel, Hirten und Tieren in einem warm beleuchteten Stall.\" src=\"https:\/\/media.panoramamarbella.com\/imgV1\/B95mbh8olwFQm~uCT2wPZMb8hll4wghQQQq6YWg0~c~U_DrmgY8pGP8pqaDzA6mvjyI_OPtcrHD_aKxDZZC5gXhXAbakQIBqoFgJstlisbCe6Jnsc88MfVDynKz7QzYBU6GuD8jqcAMt_USbv_4CrE8uqdOOUkArabsw2mX0RqjDeArOpCZAklXYde2v8tI-.jpg\"><\/picture>\t\t\t<figcaption class=\"wp-caption-text\">\n\t\tDie Krippe, auf Spanisch Bel\u00e9n, stand schon immer im Mittelpunkt der spanischen Weihnachtsdekoration\t\t<\/figcaption>\n\t\t\t<\/figure>\n\t\n\n\n<p>W\u00e4hrend Weihnachtsb\u00e4ume inzwischen \u00fcberall in Spanien zu finden sind, ist es der <em>Bel\u00e9n<\/em>, also die Krippe, die seit Langem das Herz der spanischen Weihnachtsdekoration bildet.<\/p>\n\n\n\n<p>Familien bauen zu Hause h\u00e4ufig liebevoll gestaltete Krippenlandschaften, manchmal ganze Miniaturd\u00f6rfer mit Fl\u00fcssen, Hirten und funktionierenden Wasserr\u00e4dern. Auch Rath\u00e4user, Kirchen und Kulturvereine errichten gro\u00dfe \u00f6ffentliche Krippen. In vielen St\u00e4dten wird der Rundgang zu den verschiedenen <em>belenes<\/em> zu einem festlichen Ritual f\u00fcr sich.<\/p>\n\n\n\n<p>In Marbella werden jedes Jahr mehrere \u00f6ffentliche Krippen rund um die Altstadt aufgebaut, unter anderem auf der Plaza de los Naranjos, im Parque de la Alameda und in den Verwaltungsgeb\u00e4uden der Altstadt.<\/p>\n\n\n\n<h2 class=\"wp-block-heading\">3.<em>Pap\u00e1 Noel<\/em>: Eine moderne Erg\u00e4nzung der spanischen Festzeit<\/h2>\n\n\n\t<figure class=\"wp-caption aligncenter wp-block-acf-wpimage\">\n\t<picture><source width=\"900\" height=\"601\" srcset=\"https:\/\/media.panoramamarbella.com\/imgV1\/B95mbh8olwFQm~uCT2wPZMb8hll4wghQQQq6YWg0~c~U_DrmgY8pGP8pqaDzA6mvjyI_OPtcrHD_aKxDZZC5gX_yXTVIKfba8z5t~yvB5x0XbZc6VaO_mST4XZCWL48AmJSbIs2X_gSX1oYPxU6at6KSu4O8EEnbpBshL~~HF6jkvDrphUWk5FmamEz8~aKwWd7UBcriiOvORft2IZpXL7Fb.webp 900w\" type=\"image\/webp\"><img decoding=\"async\" class=\"img-fluid\" loading=\"lazy\" width=\"900\" height=\"601\" alt=\"Der Weihnachtsmann h\u00e4lt einen Stapel gold- und rotverpackter Weihnachtsgeschenke in einem gem\u00fctlichen, festlich geschm\u00fcckten Zimmer.\" src=\"https:\/\/media.panoramamarbella.com\/imgV1\/B95mbh8olwFQm~uCT2wPZMb8hll4wghQQQq6YWg0~c~U_DrmgY8pGP8pqaDzA6mvjyI_OPtcrHD_aKxDZZC5gX_yXTVIKfba8z5t~yvB5x0XbZc6VaO_mST4XZCWL48AmJSbIs2X_gSX1oYPxU6at6KSu4O8EEnbpBshL~~HCY0C7oDiSEGFGWa~oaytldk-.jpg\"><\/picture>\t\t<\/figure>\n\t\n\n\n<p>Obwohl sich der Weihnachtsmann heute fast \u00fcberall auf der Welt selbstverst\u00e4ndlich anf\u00fchlt, ist Pap\u00e1 Noel in der spanischen Tradition ein relativ neuer Protagonist. W\u00e4hrend des gr\u00f6\u00dften Teils des 20. Jahrhunderts bekamen Kinder ihre Geschenke ausschlie\u00dflich am 6. Januar von den Heiligen Drei K\u00f6nigen.<\/p>\n\n\n\n<p>Der Weihnachtsmann gewann in Spanien vor allem durch Kino und internationale Werbung in der zweiten H\u00e4lfte des 20. Jahrhunderts an Bekanntheit. In den 1990er-Jahren war er dann eine vertraute Figur in Einkaufszentren \u2013 inklusive Fotokulissen und Wunschzettel-Aktionen f\u00fcr Kinder. Heute ist er fest Teil der Saison. Viele Familien genie\u00dfen am 25. Dezember eine kleine Geschenkerunde, behalten aber die Heiligen Drei K\u00f6nige im Januar als wichtigste Geschenkbringer bei.<\/p>\n\n\n\n<h2 class=\"wp-block-heading\">4.Weihnachtsbeleuchtung in ganz Spanien<\/h2>\n\n\n\n<blockquote class=\"instagram-media\" data-instgrm-captioned data-instgrm-permalink=\"https:\/\/www.instagram.com\/reel\/DRt6tYyjNQ2\/?utm_source=ig_embed&amp;utm_campaign=loading\" data-instgrm-version=\"14\" style=\" background:#FFF; border:0; border-radius:3px; box-shadow:0 0 1px 0 rgba(0,0,0,0.5),0 1px 10px 0 rgba(0,0,0,0.15); margin: 1px; max-width:540px; min-width:326px; padding:0; width:99.375%; width:-webkit-calc(100% - 2px); width:calc(100% - 2px);\"><div style=\"padding:16px;\"> <a href=\"https:\/\/www.instagram.com\/reel\/DRt6tYyjNQ2\/?utm_source=ig_embed&amp;utm_campaign=loading\" style=\" background:#FFFFFF; line-height:0; padding:0 0; text-align:center; text-decoration:none; width:100%;\" target=\"_blank\" rel=\"noopener\"> <div style=\" display: flex; flex-direction: row; align-items: center;\"> <div style=\"background-color: #F4F4F4; border-radius: 50%; flex-grow: 0; height: 40px; margin-right: 14px; width: 40px;\"><\/div> <div style=\"display: flex; flex-direction: column; flex-grow: 1; justify-content: center;\"> <div style=\" background-color: #F4F4F4; border-radius: 4px; flex-grow: 0; height: 14px; margin-bottom: 6px; width: 100px;\"><\/div> <div style=\" background-color: #F4F4F4; border-radius: 4px; flex-grow: 0; height: 14px; width: 60px;\"><\/div><\/div><\/div><div style=\"padding: 19% 0;\"><\/div> <div style=\"display:block; height:50px; margin:0 auto 12px; width:50px;\"><svg width=\"50px\" height=\"50px\" viewBox=\"0 0 60 60\" version=\"1.1\" xmlns=\"https:\/\/www.w3.org\/2000\/svg\" xmlns:xlink=\"https:\/\/www.w3.org\/1999\/xlink\"><g stroke=\"none\" stroke-width=\"1\" fill=\"none\" fill-rule=\"evenodd\"><g transform=\"translate(-511.000000, -20.000000)\" fill=\"#000000\"><g><path d=\"M556.869,30.41 C554.814,30.41 553.148,32.076 553.148,34.131 C553.148,36.186 554.814,37.852 556.869,37.852 C558.924,37.852 560.59,36.186 560.59,34.131 C560.59,32.076 558.924,30.41 556.869,30.41 M541,60.657 C535.114,60.657 530.342,55.887 530.342,50 C530.342,44.114 535.114,39.342 541,39.342 C546.887,39.342 551.658,44.114 551.658,50 C551.658,55.887 546.887,60.657 541,60.657 M541,33.886 C532.1,33.886 524.886,41.1 524.886,50 C524.886,58.899 532.1,66.113 541,66.113 C549.9,66.113 557.115,58.899 557.115,50 C557.115,41.1 549.9,33.886 541,33.886 M565.378,62.101 C565.244,65.022 564.756,66.606 564.346,67.663 C563.803,69.06 563.154,70.057 562.106,71.106 C561.058,72.155 560.06,72.803 558.662,73.347 C557.607,73.757 556.021,74.244 553.102,74.378 C549.944,74.521 548.997,74.552 541,74.552 C533.003,74.552 532.056,74.521 528.898,74.378 C525.979,74.244 524.393,73.757 523.338,73.347 C521.94,72.803 520.942,72.155 519.894,71.106 C518.846,70.057 518.197,69.06 517.654,67.663 C517.244,66.606 516.755,65.022 516.623,62.101 C516.479,58.943 516.448,57.996 516.448,50 C516.448,42.003 516.479,41.056 516.623,37.899 C516.755,34.978 517.244,33.391 517.654,32.338 C518.197,30.938 518.846,29.942 519.894,28.894 C520.942,27.846 521.94,27.196 523.338,26.654 C524.393,26.244 525.979,25.756 528.898,25.623 C532.057,25.479 533.004,25.448 541,25.448 C548.997,25.448 549.943,25.479 553.102,25.623 C556.021,25.756 557.607,26.244 558.662,26.654 C560.06,27.196 561.058,27.846 562.106,28.894 C563.154,29.942 563.803,30.938 564.346,32.338 C564.756,33.391 565.244,34.978 565.378,37.899 C565.522,41.056 565.552,42.003 565.552,50 C565.552,57.996 565.522,58.943 565.378,62.101 M570.82,37.631 C570.674,34.438 570.167,32.258 569.425,30.349 C568.659,28.377 567.633,26.702 565.965,25.035 C564.297,23.368 562.623,22.342 560.652,21.575 C558.743,20.834 556.562,20.326 553.369,20.18 C550.169,20.033 549.148,20 541,20 C532.853,20 531.831,20.033 528.631,20.18 C525.438,20.326 523.257,20.834 521.349,21.575 C519.376,22.342 517.703,23.368 516.035,25.035 C514.368,26.702 513.342,28.377 512.574,30.349 C511.834,32.258 511.326,34.438 511.181,37.631 C511.035,40.831 511,41.851 511,50 C511,58.147 511.035,59.17 511.181,62.369 C511.326,65.562 511.834,67.743 512.574,69.651 C513.342,71.625 514.368,73.296 516.035,74.965 C517.703,76.634 519.376,77.658 521.349,78.425 C523.257,79.167 525.438,79.673 528.631,79.82 C531.831,79.965 532.853,80.001 541,80.001 C549.148,80.001 550.169,79.965 553.369,79.82 C556.562,79.673 558.743,79.167 560.652,78.425 C562.623,77.658 564.297,76.634 565.965,74.965 C567.633,73.296 568.659,71.625 569.425,69.651 C570.167,67.743 570.674,65.562 570.82,62.369 C570.966,59.17 571,58.147 571,50 C571,41.851 570.966,40.831 570.82,37.631\"><\/path><\/g><\/g><\/g><\/svg><\/div><div style=\"padding-top: 8px;\"> <div style=\" color:#3897f0; font-family:Arial,sans-serif; font-size:14px; font-style:normal; font-weight:550; line-height:18px;\">View this post on Instagram<\/div><\/div><div style=\"padding: 12.5% 0;\"><\/div> <div style=\"display: flex; flex-direction: row; margin-bottom: 14px; align-items: center;\"><div> <div style=\"background-color: #F4F4F4; border-radius: 50%; height: 12.5px; width: 12.5px; transform: translateX(0px) translateY(7px);\"><\/div> <div style=\"background-color: #F4F4F4; height: 12.5px; transform: rotate(-45deg) translateX(3px) translateY(1px); width: 12.5px; flex-grow: 0; margin-right: 14px; margin-left: 2px;\"><\/div> <div style=\"background-color: #F4F4F4; border-radius: 50%; height: 12.5px; width: 12.5px; transform: translateX(9px) translateY(-18px);\"><\/div><\/div><div style=\"margin-left: 8px;\"> <div style=\" background-color: #F4F4F4; border-radius: 50%; flex-grow: 0; height: 20px; width: 20px;\"><\/div> <div style=\" width: 0; height: 0; border-top: 2px solid transparent; border-left: 6px solid #f4f4f4; border-bottom: 2px solid transparent; transform: translateX(16px) translateY(-4px) rotate(30deg)\"><\/div><\/div><div style=\"margin-left: auto;\"> <div style=\" width: 0px; border-top: 8px solid #F4F4F4; border-right: 8px solid transparent; transform: translateY(16px);\"><\/div> <div style=\" background-color: #F4F4F4; flex-grow: 0; height: 12px; width: 16px; transform: translateY(-4px);\"><\/div> <div style=\" width: 0; height: 0; border-top: 8px solid #F4F4F4; border-left: 8px solid transparent; transform: translateY(-4px) translateX(8px);\"><\/div><\/div><\/div> <div style=\"display: flex; flex-direction: column; flex-grow: 1; justify-content: center; margin-bottom: 24px;\"> <div style=\" background-color: #F4F4F4; border-radius: 4px; flex-grow: 0; height: 14px; margin-bottom: 6px; width: 224px;\"><\/div> <div style=\" background-color: #F4F4F4; border-radius: 4px; flex-grow: 0; height: 14px; width: 144px;\"><\/div><\/div><\/a><p style=\" color:#c9c8cd; font-family:Arial,sans-serif; font-size:14px; line-height:17px; margin-bottom:0; margin-top:8px; overflow:hidden; padding:8px 0 7px; text-align:center; text-overflow:ellipsis; white-space:nowrap;\"><a href=\"https:\/\/www.instagram.com\/reel\/DRt6tYyjNQ2\/?utm_source=ig_embed&amp;utm_campaign=loading\" style=\" color:#c9c8cd; font-family:Arial,sans-serif; font-size:14px; font-style:normal; font-weight:normal; line-height:17px; text-decoration:none;\" target=\"_blank\" rel=\"noopener\">A post shared by Panorama Properties Marbella (@panoramamarbella)<\/a><\/p><\/div><\/blockquote>\n<script async src=\"\/\/www.instagram.com\/embed.js\"><\/script>\n\n\n\n<p>Einer der am sehnlichsten erwarteten Momente der Saison ist das Einschalten der Weihnachtsbeleuchtung, meist in den letzten Novembertagen. M\u00e1laga ist bekannt f\u00fcr seine beeindruckende Lichtshow in der Calle Larios, wo \u00fcber 2,5 Millionen LEDs einen leuchtenden Durchgang durch das historische Zentrum bilden. Marbella er\u00f6ffnet seine Feierlichkeiten am selben Wochenende mit einem lebhaften Abend aus Musik, Umz\u00fcgen und der ersten offiziellen Einschaltzeremonie.<\/p>\n\n\n\n<p>Diese \u201eSwitch-on\u201c-Events geben die Stimmung f\u00fcr die kommenden Wochen vor. Von kleinen Fischerh\u00e4fen bis zu gro\u00dfen Boulevards schm\u00fcckt Spanien seine Stra\u00dfen, Laternen, B\u00e4ume und Pl\u00e4tze mit Lichtern, die jede Stadt in ein Open-Air-Fest verwandeln.<\/p>\n\n\n\n<h2 class=\"wp-block-heading\">5.Weihnachtsb\u00e4ume auf jedem Platz<\/h2>\n\n\n\t<figure class=\"wp-caption aligncenter wp-block-acf-wpimage\">\n\t<picture><source width=\"900\" height=\"600\" srcset=\"https:\/\/media.panoramamarbella.com\/imgV1\/B95mbh8olwFQm~uCT2wPZMb8hll4wghQQQq6YWg0~c~U_DrmgY8pGP8pqaDzA6mvjyI_OPtcrHD_aKxDZZC5gX7WzQguTphg8jlP14OFMPOaJLiBTGljptA4KvyqKdf5r7srtHwyRmo0TezjF3aNkPtmokisvt9lhiAK0a2ym6YuuwAPFOZ2joZh3phn8JPfUjcDYIlCeHyHXHgw15zWb3jQ.webp 900w\" type=\"image\/webp\"><img decoding=\"async\" class=\"img-fluid\" loading=\"lazy\" width=\"900\" height=\"600\" alt=\"Beleuchtete Weihnachtsbaum-Skulptur, \u00fcberzogen mit goldenen Lichtern vor dem Nachthimmel, umrahmt von Orangenb\u00e4umen auf einem spanischen Platz.\" src=\"https:\/\/media.panoramamarbella.com\/imgV1\/B95mbh8olwFQm~uCT2wPZMb8hll4wghQQQq6YWg0~c~U_DrmgY8pGP8pqaDzA6mvjyI_OPtcrHD_aKxDZZC5gX7WzQguTphg8jlP14OFMPOaJLiBTGljptA4KvyqKdf5r7srtHwyRmo0TezjF3aNkPtmokisvt9lhiAK0a2yhcpJiwTrpS4h4dYlDF30BTY-.jpg\"><\/picture>\t\t\t<figcaption class=\"wp-caption-text\">\n\t\tDer Weihnachtsbaum auf der Plaza de la Constituci\u00f3n in M\u00e1laga\t\t<\/figcaption>\n\t\t\t<\/figure>\n\t\n\n\n<p>Obwohl der Weihnachtsbaum heute in ganz Spanien verbreitet ist, ist er \u00fcberraschend modern. Viele Jahrzehnte lang galt die Krippe als zentrales Weihnachtssymbol und hat bis heute in den meisten Haushalten einen besonderen Stellenwert. \u00d6ffentliche Weihnachtsb\u00e4ume tauchten in gr\u00f6\u00dferer Zahl erst gegen Ende des 20. Jahrhunderts auf.<\/p>\n\n\n\n<p>Heute stehen sie stolz auf Pl\u00e4tzen jeder Gr\u00f6\u00dfe. In Marbella zeigt der Forum-Komplex einen der bekanntesten B\u00e4ume der Gegend, sogar mit einer kleinen Eislaufbahn. In der N\u00e4he schm\u00fccken Hotels wie das Puente Romano und das Marbella Club ihre G\u00e4rten und Terrassen mit Lichtern, Workshops, Dinners und ganzen festlichen Programmen. Selbst kleine Viertel machen mit, h\u00e4ngen Lichter an ihre Balkone und gestalten eigene Stra\u00dfendekorationen \u2013 so entstehen an jeder Ecke kleine Inseln weihnachtlicher Stimmung.<\/p>\n\n\n\n<h2 class=\"wp-block-heading\">6.Nochebuena und die Aromen der spanischen Weihnacht<\/h2>\n\n\n\t<figure class=\"wp-caption aligncenter wp-block-acf-wpimage\">\n\t<picture><source width=\"900\" height=\"599\" srcset=\"https:\/\/media.panoramamarbella.com\/imgV1\/B95mbh8olwFQm~uCT2wPZMb8hll4wghQQQq6YWg0~c~U_DrmgY8pGP8pqaDzA6mvjyI_OPtcrHD_aKxDZZC5gX36sT4~npEnlJPm~gzJ31_1uYIqFQFPAcAMQ3aZmOhKj4MR6K0q~W0xMpKn8nC2ZxTmPh8179A~jmuZWsD69d4gdr1Am_UoQHz7zrHxf5WBQXsN8EHfY2gUhRdk1S1iTcSX.webp 900w\" type=\"image\/webp\"><img decoding=\"async\" class=\"img-fluid\" loading=\"lazy\" width=\"900\" height=\"599\" alt=\"Bunte sternf\u00f6rmige Weihnachts-Pi\u00f1ata, verziert mit gl\u00e4nzender Folie, farbigen Papierkegeln und einem roten Weihnachtsstern-Motiv.\" src=\"https:\/\/media.panoramamarbella.com\/imgV1\/B95mbh8olwFQm~uCT2wPZMb8hll4wghQQQq6YWg0~c~U_DrmgY8pGP8pqaDzA6mvjyI_OPtcrHD_aKxDZZC5gX36sT4~npEnlJPm~gzJ31_1uYIqFQFPAcAMQ3aZmOhKj4MR6K0q~W0xMpKn8nC2ZxTmPh8179A~jmuZWsD662ery30xREbXP3fm5VCjPvA-.jpg\"><\/picture>\t\t\t<figcaption class=\"wp-caption-text\">\n\t\tEine festliche Pi\u00f1ata\t\t<\/figcaption>\n\t\t\t<\/figure>\n\t\n\n\n<p>In Spanien findet das wichtigste Familientreffen an Nochebuena, dem Heiligabend, statt. Familien kommen zu einem langen Abendessen zusammen, das h\u00e4ufig aus Meeresfr\u00fcchten, Braten und traditionellen andalusischen Gerichten besteht.<\/p>\n\n\n\n<p>Danach folgt eine Auswahl saisonaler S\u00fc\u00dfigkeiten. Die Tische f\u00fcllen sich mit Turr\u00f3n, Polvorones, Mantecados, Marzipan und zitronig duftendem Geb\u00e4ck. In den meisten Haushalten steht w\u00e4hrend der gesamten Saison eine Schachtel mit gemischten Weihnachtss\u00fc\u00dfigkeiten bereit \u2013 jederzeit griffbereit f\u00fcr G\u00e4ste.<\/p>\n\n\n\n<p>In vielen spanischen Familien mit kleinen Kindern endet der Abend mit einer festlichen Pi\u00f1ata, einer modernen Erg\u00e4nzung der Nochebuena-Feier. Obwohl urspr\u00fcnglich kein spanischer Weihnachtsbrauch, ist die Pi\u00f1ata zu einer beliebten Art geworden, dem Abend nach dem Essen einen Moment voller Spa\u00df und Spannung hinzuzuf\u00fcgen. Gef\u00fcllt mit S\u00fc\u00dfigkeiten und kleinen \u00dcberraschungen, h\u00e4lt sie die Kinder bei Laune, w\u00e4hrend die Erwachsenen weiterplaudern, und bringt dieser ohnehin besonderen Nacht eine zus\u00e4tzliche Portion Freude.<\/p>\n\n\n\n<h2 class=\"wp-block-heading\">7.<em>El Gordo<\/em>: Die Lotterie, die den Beginn der Weihnachtszeit einl\u00e4utet<\/h2>\n\n\n\t<figure class=\"wp-caption aligncenter wp-block-acf-wpimage\">\n\t<picture><source width=\"900\" height=\"507\" srcset=\"https:\/\/media.panoramamarbella.com\/imgV1\/B95mbh8olwFQm~uCT2wPZMb8hll4wghQQQq6YWg0~c~U_DrmgY8pGP8pqaDzA6mvjyI_OPtcrHD_aKxDZZC5gXxVZfRDdnbF_CRFyw4ylKLu55kvr7YRi65o8QtuIbhALstBeB9fw6I4ojh64wO0W0r5qfDUW_WyzWwWRgbqDcTVR~Q9fbTmC2Q_iouKpcKSngyiKyvXhimicM7JhmobIb_r.webp 900w\" type=\"image\/webp\"><img decoding=\"async\" class=\"img-fluid\" loading=\"lazy\" width=\"900\" height=\"507\" alt=\"Spanisches Weihnachtslotterielos (\u201eLoter\u00eda de Navidad\u201c) auf einem Holztisch.\" src=\"https:\/\/media.panoramamarbella.com\/imgV1\/B95mbh8olwFQm~uCT2wPZMb8hll4wghQQQq6YWg0~c~U_DrmgY8pGP8pqaDzA6mvjyI_OPtcrHD_aKxDZZC5gXxVZfRDdnbF_CRFyw4ylKLu55kvr7YRi65o8QtuIbhALstBeB9fw6I4ojh64wO0W0r5qfDUW_WyzWwWRgbqEwa5J6P57qsL0n7c3O5~oX8-.jpg\"><\/picture>\t\t\t<figcaption class=\"wp-caption-text\">\n\t\tEin Los f\u00fcr die El-Gordo-Lotterie\t\t<\/figcaption>\n\t\t\t<\/figure>\n\t\n\n\n<p>Am 22. Dezember richtet das ganze Land seine Aufmerksamkeit auf die j\u00e4hrliche Weihnachtslotterie, bekannt als <em>El Gordo<\/em>. Sie ist eine der \u00e4ltesten und gr\u00f6\u00dften Lotterien der Welt und eine ganz typisch spanische Tradition. Familien, Freunde und Kollegen teilen sich oft Lose, sodass im Gewinnfall ganze Gruppen gemeinsam feiern.<\/p>\n\n\n\n<p>Die Ziehung wird live im Fernsehen \u00fcbertragen, wobei Schulkinder die Gewinnzahlen singend verk\u00fcnden \u2013 ein Singsang, den in Spanien jeder kennt und der als inoffizieller Start der Weihnachtszeit gilt.<\/p>\n\n\n\n<h2 class=\"wp-block-heading\">8.<em>28 Dezember:<\/em> Tag der Unschuldigen Kinder<\/h2>\n\n\n\t<figure class=\"wp-caption aligncenter wp-block-acf-wpimage\">\n\t<picture><source width=\"900\" height=\"601\" srcset=\"https:\/\/media.panoramamarbella.com\/imgV1\/B95mbh8olwFQm~uCT2wPZMb8hll4wghQQQq6YWg0~c~U_DrmgY8pGP8pqaDzA6mvjyI_OPtcrHD_aKxDZZC5gXPoyynWDi1p9koPcmItYNqktnF_09UvyYC4xDAlVQKFUpWfMDuZV8up~WIFeIE92oXXVyKsAadb0t5pexvoDAcQFBcP1Fiv_6d0QDzUZ326LXs2uW89tAEscuNJl1lilHkN.webp 900w\" type=\"image\/webp\"><img decoding=\"async\" class=\"img-fluid\" loading=\"lazy\" width=\"900\" height=\"601\" alt=\"Mann in schwarzer Jacke in einer Stadtstra\u00dfe, dem als scherzhafter Streich eine Papier-Strichfigur auf den R\u00fccken geklebt wurde.\" src=\"https:\/\/media.panoramamarbella.com\/imgV1\/B95mbh8olwFQm~uCT2wPZMb8hll4wghQQQq6YWg0~c~U_DrmgY8pGP8pqaDzA6mvjyI_OPtcrHD_aKxDZZC5gXPoyynWDi1p9koPcmItYNqktnF_09UvyYC4xDAlVQKFUpWfMDuZV8up~WIFeIE92oXXVyKsAadb0t5pexvoEvY_3hRipwAY3_UqF~7UBc8-.jpg\"><\/picture>\t\t\t<figcaption class=\"wp-caption-text\">\n\t\tMann in schwarzer Jacke in einer Stadtstra\u00dfe, dem als scherzhafter Streich eine Papier-Strichfigur auf den R\u00fccken geklebt wurde\t\t<\/figcaption>\n\t\t\t<\/figure>\n\t\n\n\n<p>Mitten in die Festtage f\u00e4llt der D\u00eda de los <em>Santos Inocentes<\/em>, die spanische Version des 1. April. Am 28. Dezember spielt man sich harmlose Streiche, Zeitungen ver\u00f6ffentlichen scherzhafte Meldungen und das Lachen wird Teil der festlichen Stimmung. Obwohl das Datum auf ein ernstes biblisches Ereignis zur\u00fcckgeht (die von K\u00f6nig Herodes angeordnete Ermordung der Unschuldigen), ist der moderne spanische Brauch v\u00f6llig humorvoll und fr\u00f6hlich.<\/p>\n\n\n\n<p>Der klassische Kinderstreich besteht darin, ahnungslosen Erwachsenen Papierfiguren, sogenannte \u201emonigotes\u201c, auf den R\u00fccken zu kleben. Oft h\u00f6rt man dann \u201e\u00a1Inocente, inocente!\u201c, wenn jemand auf einen Streich hereinf\u00e4llt.<\/p>\n\n\n\n<h2 class=\"wp-block-heading\">9.<em>Nochevieja<\/em>: Zw\u00f6lf Trauben f\u00fcr das Gl\u00fcck<\/h2>\n\n\n\t<figure class=\"wp-caption aligncenter wp-block-acf-wpimage\">\n\t<picture><source width=\"900\" height=\"600\" srcset=\"https:\/\/media.panoramamarbella.com\/imgV1\/B95mbh8olwFQm~uCT2wPZMb8hll4wghQQQq6YWg0~c~U_DrmgY8pGP8pqaDzA6mvjyI_OPtcrHD_aKxDZZC5gXL8Gkk6Db79cANFIKxbGvlZReu9h209LMYduyjbVqvKhnMgMoBhxkiTgeoelwfuknAF4Kx~o6XvTNDj3xdfFkxCu2Eaoe2yGFCb2hmSE7OSJ~A8gT7UsMkZR15QwIFnkdI7.webp 900w\" type=\"image\/webp\"><img decoding=\"async\" class=\"img-fluid\" loading=\"lazy\" width=\"900\" height=\"600\" alt=\"Zwei lachende Kinder, in Weihnachtslametta eingewickelt, essen Trauben aus kleinen Schalen vor festlichen Lichterketten.\" src=\"https:\/\/media.panoramamarbella.com\/imgV1\/B95mbh8olwFQm~uCT2wPZMb8hll4wghQQQq6YWg0~c~U_DrmgY8pGP8pqaDzA6mvjyI_OPtcrHD_aKxDZZC5gXL8Gkk6Db79cANFIKxbGvlZReu9h209LMYduyjbVqvKhnMgMoBhxkiTgeoelwfuknAF4Kx~o6XvTNDj3xdfCNYiO2omIxhe7hQ~wK4jzoc-.jpg\"><\/picture>\t\t\t<figcaption class=\"wp-caption-text\">\n\t\tEs ist fast unm\u00f6glich, nicht zu lachen, wenn man versucht, die 12 Trauben zu essen, w\u00e4hrend die Glocken um Mitternacht schlagen\t\t<\/figcaption>\n\t\t\t<\/figure>\n\t\n\n\n<p>In Spanien ist der Silvesterabend mit einem zauberhaften Ritual verbunden. Um Mitternacht ist es Tradition, zw\u00f6lf Trauben zu essen \u2013 eine zu jedem Glockenschlag. Dieser Brauch soll Gl\u00fcck f\u00fcr das kommende Jahr bringen. Die meisten Menschen im Land verfolgen den Countdown, der aus der Puerta del Sol in Madrid \u00fcbertragen wird, die Trauben in der Hand und in der Hoffnung, keinen einzigen Schlag zu verpassen.<\/p>\n\n\n\n<h2 class=\"wp-block-heading\">10.<em>Die Heiligen Drei K\u00f6nige | D\u00eda de los Reyes Magos<\/em>: Die zauberhafteste Nacht des Jahres<\/h2>\n\n\n\t<figure class=\"wp-caption aligncenter wp-block-acf-wpimage\">\n\t<picture><source width=\"900\" height=\"600\" srcset=\"https:\/\/media.panoramamarbella.com\/imgV1\/B95mbh8olwFQm~uCT2wPZMb8hll4wghQQQq6YWg0~c~U_DrmgY8pGP8pqaDzA6mvjyI_OPtcrHD_aKxDZZC5gXpM5dHZyCFBtkfAp1SWs~GdFPd8efPjZzYWPolwErsyU4kUCSYZVIXm_~RWRfpdbqmJfUYhv0VuVkmF0L2Utukc_V_D_LEFaGhzGqZxIu4IWn5_9y3SX3hzoynpun5d0BcJXQ--.webp 900w\" type=\"image\/webp\"><img decoding=\"async\" class=\"img-fluid\" loading=\"lazy\" width=\"900\" height=\"600\" alt=\"Die Heiligen Drei K\u00f6nige reiten zu Pferd in einer spanischen Weihnachtsparade bei Nacht unter funkelnder Festbeleuchtung.\" src=\"https:\/\/media.panoramamarbella.com\/imgV1\/B95mbh8olwFQm~uCT2wPZMb8hll4wghQQQq6YWg0~c~U_DrmgY8pGP8pqaDzA6mvjyI_OPtcrHD_aKxDZZC5gXpM5dHZyCFBtkfAp1SWs~GdFPd8efPjZzYWPolwErsyU4kUCSYZVIXm_~RWRfpdbqmJfUYhv0VuVkmF0L2UtvforERZG9IKjg3zfLmZix2k.jpg\"><\/picture>\t\t\t<figcaption class=\"wp-caption-text\">\n\t\tAm 5. Januar f\u00fcllen die Umz\u00fcge der Heiligen Drei K\u00f6nige, die Cabalgata de Reyes, die Stra\u00dfen Spaniens\t\t<\/figcaption>\n\t\t\t<\/figure>\n\t\n\n\n<p>Obwohl Pap\u00e1 Noel inzwischen viele Haushalte besucht, bleiben die Heiligen Drei K\u00f6nige die wahren Stars der spanischen Weihnacht. Am 5. Januar f\u00fcllen gro\u00dfe Umz\u00fcge, die <em>Cabalgata de Reyes<\/em>, die Stra\u00dfen \u2013 mit Festwagen, T\u00e4nzern, Musikern und den drei k\u00f6niglichen Gestalten, die S\u00fc\u00dfigkeiten in die Menge werfen.<\/p>\n\n\n\n<p>Am n\u00e4chsten Morgen wachen die Kinder zu den Geschenken auf, die Melchior, Caspar und Balthasar gebracht haben. Familien teilen sich St\u00fccke des traditionellen <em>rosc\u00f3n de Reyes<\/em>, gef\u00fcllt mit Sahne oder Pudding und mit kleinen versteckten Figuren im Inneren.<\/p>\n\n\n\n<p>F\u00fcr einen genaueren Blick auf diese liebenswerte Tradition lesen Sie unseren Artikel: \u201e<a href=\"https:\/\/www.panoramamarbella.com\/de\/news\/die-heiligen-drei-koenige-marbella\">Die Heiligen Drei K\u00f6nige: In Spanien geht die Festzeit \u00fcber den 25. Dezember hinaus weiter<\/a>\u201c.<\/p>\n\n\n<article class=\"col w-100 position-relative wp-block-acf-banner\">\n    <div class=\"d-flex flex-wrap flex-column flex-xl-row align-items-start align-items-xl-end gap-4 w-100 bg-secondary text-white p-4\">\n        <div class=\"d-flex flex-column\">\n\t\t\t            <a href=\"https:\/\/www.panoramamarbella.com\/de\/newsletter-fur-immobilien-zum-verkauf\" class=\"stretched-link text-white text-decoration-none\" title=\"Gef\u00e4llt dir, was du gelesen hast?\">\n\t\t\t\t<h2 class=\"text-white mb-3\">Gef\u00e4llt dir, was du gelesen hast?<\/h2>            <\/a>\n\t\t\t            <p class=\"mb-0\">\n                Abonniere unseren Newsletter f\u00fcr spannende Artikel, exklusiven Inhalt und die neuesten Updates.            <\/p>\n\t\t\t        <\/div>\n\t\t        <span class=\"btn btn-outline-light ms-xl-auto\">Panorama-Newsletter<\/span>\n\t\t    <\/div>\n<\/article>\n\n\n\n\n<h2 class=\"wp-block-heading\">Eine festliche Jahreszeit, die von der ganzen Gemeinschaft getragen wird<\/h2>\n\n\n\n<p>In ganz Spanien ist Weihnachten eine Zeit, in der die Gemeinschaften zum Leben erwachen. Von Zambombas und Krippen \u00fcber das Lachen am <em>D\u00eda de los Santos Inocentes<\/em> bis zur Majest\u00e4t der Heiligen Drei K\u00f6nige verbindet diese Zeit Tradition, Feier und Miteinander. Ob Sie sie als Besucher oder als langj\u00e4hriger Bewohner erleben \u2013 das spanische Weihnachten l\u00e4dt dazu ein, zur Ruhe zu kommen, sich mit anderen zu versammeln und eine der fr\u00f6hlichsten Zeiten des Jahres zu genie\u00dfen.<\/p>\n\n","protected":false},"excerpt":{"rendered":"<p>Entdecken Sie 10 spanische Weihnachtstraditionen \u2013 von Zambombas und Krippen \u00fcber El Gordo und den Heiligen Abend bis hin zu den magischen Heiligen Drei K\u00f6nigen.<\/p>\n","protected":false},"author":7,"featured_media":30481,"comment_status":"closed","ping_status":"closed","sticky":false,"template":"","format":"standard","meta":{"_acf_changed":false,"footnotes":""},"categories":[39],"tags":[],"class_list":["post-30840","post","type-post","status-publish","format-standard","has-post-thumbnail","hentry","category-marbella-lifestyle-de"],"acf":[],"_links":{"self":[{"href":"https:\/\/www.panoramamarbella.com\/de\/wp-json\/wp\/v2\/posts\/30840","targetHints":{"allow":["GET"]}}],"collection":[{"href":"https:\/\/www.panoramamarbella.com\/de\/wp-json\/wp\/v2\/posts"}],"about":[{"href":"https:\/\/www.panoramamarbella.com\/de\/wp-json\/wp\/v2\/types\/post"}],"author":[{"embeddable":true,"href":"https:\/\/www.panoramamarbella.com\/de\/wp-json\/wp\/v2\/users\/7"}],"replies":[{"embeddable":true,"href":"https:\/\/www.panoramamarbella.com\/de\/wp-json\/wp\/v2\/comments?post=30840"}],"version-history":[{"count":1,"href":"https:\/\/www.panoramamarbella.com\/de\/wp-json\/wp\/v2\/posts\/30840\/revisions"}],"predecessor-version":[{"id":30926,"href":"https:\/\/www.panoramamarbella.com\/de\/wp-json\/wp\/v2\/posts\/30840\/revisions\/30926"}],"wp:featuredmedia":[{"embeddable":true,"href":"https:\/\/www.panoramamarbella.com\/de\/wp-json\/wp\/v2\/media\/30481"}],"wp:attachment":[{"href":"https:\/\/www.panoramamarbella.com\/de\/wp-json\/wp\/v2\/media?parent=30840"}],"wp:term":[{"taxonomy":"category","embeddable":true,"href":"https:\/\/www.panoramamarbella.com\/de\/wp-json\/wp\/v2\/categories?post=30840"},{"taxonomy":"post_tag","embeddable":true,"href":"https:\/\/www.panoramamarbella.com\/de\/wp-json\/wp\/v2\/tags?post=30840"}],"curies":[{"name":"wp","href":"https:\/\/api.w.org\/{rel}","templated":true}]}}