{"id":32800,"date":"2026-01-12T14:39:40","date_gmt":"2026-01-12T13:39:40","guid":{"rendered":"https:\/\/www.panoramamarbella.com\/?p=32800"},"modified":"2026-01-12T16:28:08","modified_gmt":"2026-01-12T15:28:08","slug":"christopher-clover-bei-radio-cope","status":"publish","type":"post","link":"https:\/\/www.panoramamarbella.com\/de\/news\/christopher-clover-bei-radio-cope","title":{"rendered":"Christopher Clover \u00fcber den Immobilienmarkt in Marbella | Radio COPE"},"content":{"rendered":"\n\n<h2 class=\"wp-block-heading\">Christopher Clover bei Radio COPE: f\u00fcnf Jahrzehnte Erfahrung und Perspektive auf den Immobilienmarkt in Marbella<\/h2>\n\n\n<div class=\"lead\"><p data-start=\"0\" data-end=\"397\">Christopher Clover, Managing Director und Vorstandsvorsitzender von Panorama, war k\u00fcrzlich zu Gast bei Moderatorin Raquel Tapia in einer Live-Sendung des Radiosenders <a href=\"https:\/\/copemarbella.es\/\" target=\"_blank\" rel=\"nofollow noopener\">COPE<\/a> 102,2 FM <em data-start=\"181\" data-end=\"204\">La Ma\u00f1ana de la Costa<\/em>. W\u00e4hrend des <a href=\"https:\/\/copemarbella.es\/2025\/11\/24\/la-manana-de-la-costa-24-de-noviembre-2025\/\" target=\"_blank\" rel=\"nofollow noopener\">Interviews<\/a> teilte Chris seine Einsch\u00e4tzungen zur Entwicklung Marbellas, zu seiner internationalen Anziehungskraft sowie zu den Herausforderungen, die die Zukunft der Stadt pr\u00e4gen.<\/p>\n<p data-start=\"399\" data-end=\"728\" data-is-last-node=\"\" data-is-only-node=\"\">Aufbauend auf mehr als f\u00fcnf Jahrzehnten Erfahrung im Immobiliensektor Marbellas gab Clover den Zuh\u00f6rern einen fundierten \u00dcberblick dar\u00fcber, wie sich die Stadt entwickelt hat, warum die Nachfrage weiterhin so stark ist und welche Aspekte angegangen werden m\u00fcssen, um Marbellas Erfolg in den kommenden Jahren nachhaltig zu sichern.<\/p>\n<\/div>\n\n\n<ul class=\"table-index list-unstyled p-4 p-lg-5 ms-0 bg-light\"><li class=\"text-uppercase fw-bold mb-3\">Inhaltsverzeichnis<\/li><li><a href=\"#christopher+clover+bei+radio+cope+funf+jahrzehnte+erfahrung+und+perspektive+auf+den+immobilienmarkt+in+marbella\">\nChristopher Clover bei Radio COPE: f\u00fcnf Jahrzehnte Erfahrung und Perspektive auf den Immobilienmarkt in Marbella\n<\/a><\/li>\n<li><a href=\"#marbella+damals+und+heute\">\nMarbella damals und heute\n<\/a><\/li>\n<li><a href=\"#der+wandel+zu+einem+ganzjahrigen+reiseziel\">\nDer Wandel zu einem ganzj\u00e4hrigen Reiseziel\n<\/a><\/li>\n<li><a href=\"#zentrale+kennzahlen+des+marktes\">\nZentrale Kennzahlen des Marktes\n<\/a><\/li>\n<li><a href=\"#wohnungsangebot+und+reale+einschrankungen\">\nWohnungsangebot und reale Einschr\u00e4nkungen\n<\/a><\/li>\n<li><a href=\"#luxusnachfrage+und+globaler+vergleich\">\nLuxusnachfrage und globaler Vergleich\n<\/a><\/li>\n<li><a href=\"#infrastruktur+und+zukunftsambitionen\">\nInfrastruktur und Zukunftsambitionen\n<\/a><\/li>\n<li><a href=\"#mit+zuversicht+in+die+zukunft\">\nMit Zuversicht in die Zukunft\n<\/a><\/li><\/ul>\n\n\n\t<figure class=\"wp-caption aligncenter wp-block-acf-wpimage\">\n\t<picture><source width=\"900\" height=\"563\" srcset=\"https:\/\/media.panoramamarbella.com\/imgV1\/B95mbh8olwFQm~uCT2wPZMb8hll4wghQQQq6YWg0~c~U_DrmgY8pGP8pqaDzA6mvjyI_OPtcrHD_aKxAUQWyHixzcvbalNfwHEHPoyB_1FqhSzQHqup2vxyFQP6vOUQx5Pohm2padzF2pgy3fap81waYIFMHw3GR4oZBFiOCDprmsthhkRi9BGFJrZpkyOaCkO332ztBW3WjPy4J.webp 900w\" type=\"image\/webp\"><img decoding=\"async\" class=\"img-fluid\" loading=\"lazy\" width=\"900\" height=\"563\" alt=\"Radio COPE. Werbebanner f\u00fcr \u201eLa Ma\u00f1ana de la Costa\u201c auf COPE Marbella mit einem K\u00fcstengolfplatz und einer Strandpromenade, einschlie\u00dflich Sendeinformationen und Moderatorin Raquel Tapia.\" src=\"https:\/\/media.panoramamarbella.com\/imgV1\/B95mbh8olwFQm~uCT2wPZMb8hll4wghQQQq6YWg0~c~U_DrmgY8pGP8pqaDzA6mvjyI_OPtcrHD_aKxAUQWyHixzcvbalNfwHEHPoyB_1FqhSzQHqup2vxyFQP6vOUQx5Pohm2padzF2pgy3fap81waYIFMHw3GR~Ga_KQg2nTkSNMyBzsveEtI-.jpg\"><\/picture>\t\t<\/figure>\n\t\n\n\n<h2 class=\"wp-block-heading\">Marbella damals und heute<\/h2>\n\n\n\n<p>Zu Beginn des Gespr\u00e4chs blickt Raquel Tapia auf ihre j\u00fcngsten Reisen durch Europa zur\u00fcck und betont, dass diese sie nur in ihrer \u00dcberzeugung best\u00e4rkt h\u00e4tten, dass Marbella weiterhin zu den besten Wohnorten der Welt z\u00e4hlt. Die von Panorama Properties ver\u00f6ffentlichten Marktdaten, so Tapia, untermauern diese Einsch\u00e4tzung und best\u00e4tigen Marbellas anhaltende St\u00e4rke im Segment der Luxusimmobilien.<\/p>\n\n\n\n<p>Christopher Clover ist seit 1973 pers\u00f6nlich im Immobilienmarkt von Marbella t\u00e4tig, wobei Panorama Properties seit nunmehr 55 Jahren in der Stadt etabliert ist. In der Live-Sendung erinnerte er sich an seine Ankunft in einem Marbella, das bereits als Luxusdestination bekannt war \u2013 allerdings in deutlich kleinerem Rahmen.<\/p>\n\n\n\n<p>In den 1960er-Jahren lag die Einwohnerzahl Marbellas bei nur 12.000. Bis 1970, als Panorama begann, Besichtigungsreisen aus den Vereinigten Staaten zu organisieren, war diese Zahl bereits auf fast 29.000 angewachsen. Wie Clover im Interview erkl\u00e4rte, markierte diese Phase den Beginn von Marbellas Wandel zu dem internationalen Reiseziel, das es heute ist.<\/p>\n\n\n\n<p>Schon damals war er \u00fcberzeugt, dass Marbella \u00fcber einzigartige Qualit\u00e4ten verf\u00fcgt, die seine langfristige Attraktivit\u00e4t sichern w\u00fcrden \u2013 vom Klima und Lebensstil \u00fcber Sicherheit und Gastfreundschaft bis hin zu seinem internationalen Charakter.<\/p>\n\n\n<blockquote class=\"testimonial bg-secondary bg-opacity-10 text-dark wp-block-acf-blockquote\">\n    <p>\u201eWas Marbella einzigartig macht, sind nicht nur das Klima oder der Lebensstil, sondern die Art und Weise, wie Menschen aus 152 Nationalit\u00e4ten hier harmonisch zusammenleben.\u201c<\/p>\n    \n<\/blockquote>\n\n\n\n<h2 class=\"wp-block-heading\">Der Wandel zu einem ganzj\u00e4hrigen Reiseziel<\/h2>\n\n\n\n<p>Ein zentrales Thema des Radiogespr\u00e4chs war Marbellas Entwicklung von einem saisonalen Ferienort zu einem echten Ganzjahresziel.<\/p>\n\n\n\n<p>Clover erl\u00e4uterte, dass Marbella Mitte der 1990er-Jahre eine kritische Masse von rund 100.000 gemeldeten Einwohnern erreicht hatte. Dadurch konnten Restaurants, Hotels und Dienstleistungen auch w\u00e4hrend der Wintermonate ge\u00f6ffnet bleiben, selbst wenn das Gesch\u00e4ft ruhiger war.<\/p>\n\n\n\n<p>Der entscheidende Wandel erfolgte jedoch nach der Pandemie. Wie in der Sendung besprochen, hat das Arbeiten aus der Ferne grundlegend ver\u00e4ndert, wie Menschen ihren Wohnort w\u00e4hlen. Sobald Arbeit nicht mehr an einen festen Standort gebunden war, wurde Marbellas Attraktivit\u00e4t noch \u00fcberzeugender.<\/p>\n\n\n\n<p>Wenn Menschen von \u00fcberall auf der Welt arbeiten k\u00f6nnen, so Clover, r\u00fcckt Marbella ganz selbstverst\u00e4ndlich an die Spitze der Wunschliste.<\/p>\n\n\n<blockquote class=\"testimonial bg-secondary bg-opacity-10 text-dark wp-block-acf-blockquote\">\n    <p>\u201eDie Nachfrage bleibt stark, insbesondere seitens internationaler K\u00e4ufer, die Marbella als langfristige Lebensstilentscheidung sehen.\u201c<\/p>\n    \n<\/blockquote>\n\n\n\n<h2 class=\"wp-block-heading\">Zentrale Kennzahlen des Marktes<\/h2>\n\n\n\n<p>W\u00e4hrend der Sendung hob Raquel Tapia mehrere Zahlen aus den neuesten Markteinblicken von Panorama hervor, die Chris im Interview weiter erl\u00e4uterte:<\/p>\n\n\n\n<ul class=\"wp-block-list\">\n<li>Ein durchschnittlicher realer Kaufpreis von rund 4.500 \u20ac pro Quadratmeter<\/li>\n\n\n\n<li>Etwa 8.700 Immobilientransaktionen im Jahr 2024 im gesamten Goldenen Dreieck<\/li>\n\n\n\n<li>Ein durchschnittlicher Immobilienpreis von 711.000 \u20ac<\/li>\n\n\n\n<li>Preise, die mehr als dreimal so hoch sind wie der spanische Landesdurchschnitt<\/li>\n<\/ul>\n\n\n\n<p>Die offiziell gemeldete Einwohnerzahl Marbellas liegt inzwischen bei rund 172.000 Personen, davon etwa ein Drittel ausl\u00e4ndische Staatsangeh\u00f6rige. Dar\u00fcber hinaus verzeichnet die Stadt eine bedeutende sogenannte \u201eschwebende\u201c Bev\u00f6lkerung, insbesondere in den Wintermonaten, die auf zwischen 50.000 und 75.000 Menschen gesch\u00e4tzt wird.<\/p>\n\n\n\n<p>Was Marbella laut Clover wirklich auszeichnet, ist die Vielfalt hinter diesen Zahlen. Einwohner aus 152 verschiedenen Nationalit\u00e4ten leben hier Seite an Seite in einer au\u00dfergew\u00f6hnlich harmonischen internationalen Gemeinschaft \u2013 etwas, das andernorts nur selten zu finden ist. Einen Gro\u00dfteil dieses Zusammenhalts f\u00fchrte er im Interview auf die andalusische Gastfreundschaft und die lokalen Werte zur\u00fcck.<\/p>\n\n\n<blockquote class=\"testimonial bg-secondary bg-opacity-10 text-dark wp-block-acf-blockquote\">\n    <p>\u201eIm Vergleich zu M\u00e4rkten wie Dubai oder Miami bleibt Marbella \u00e4u\u00dferst wettbewerbsf\u00e4hig.\u201c<\/p>\n    \n<\/blockquote>\n\n\n\n<h2 class=\"wp-block-heading\">Wohnungsangebot und reale Einschr\u00e4nkungen<\/h2>\n\n\n\n<p>Auf die Frage, ob der Markt in Marbella eine Obergrenze erreichen k\u00f6nne, gab Clover eine differenzierte Antwort und unterschied dabei klar zwischen den verschiedenen Marktsegmenten.<\/p>\n\n\n\n<p>F\u00fcr dauerhaft ans\u00e4ssige Bewohner und lokale Arbeitskr\u00e4fte bleibt die Verf\u00fcgbarkeit von Wohnraum die gr\u00f6\u00dfte Herausforderung. Der Mangel an Kauf- und Mietobjekten ist kein ausschlie\u00dfliches Problem Marbellas, zeigt sich jedoch besonders deutlich in stark nachgefragten Gebieten. W\u00e4hrend des Interviews zitierte Daten belegen, dass das Wohnungsangebot in ganz Spanien im Jahr bis Juni um rund 20 Prozent zur\u00fcckgegangen ist.<\/p>\n\n\n\n<p>J\u00fcngste gesetzliche \u00c4nderungen der andalusischen Regionalregierung sollen diesen Druck mindern, indem auf bestimmten kommunalen Grundst\u00fccken der Bau von Wohnraum f\u00fcr Arbeitskr\u00e4fte erm\u00f6glicht wird. Mehrere Projekte sto\u00dfen bereits auf Interesse, doch die begrenzte Verf\u00fcgbarkeit bleibt ein hemmender Faktor f\u00fcr ein nachhaltiges Wachstum.<\/p>\n\n\n<blockquote class=\"testimonial bg-secondary bg-opacity-10 text-dark wp-block-acf-blockquote\">\n    <p>\u201eDie Infrastruktur muss im gleichen Tempo wachsen wie Marbellas internationaler Ruf.\u201c<\/p>\n    \n<\/blockquote>\n\n\n\n<h2 class=\"wp-block-heading\">Luxusnachfrage und globaler Vergleich<\/h2>\n\n\n\n<p>F\u00fcr den Luxus- und Nichtresidentenmarkt erkl\u00e4rte Clover, dass Marbella weiterhin Wachstumspotenzial besitzt. Zwar sind die Preise hoch, im Vergleich zu anderen internationalen Zweitwohnsitz-Destinationen wie Dubai, Miami und f\u00fchrenden Mittelmeerstandorten bleiben sie jedoch wettbewerbsf\u00e4hig.<\/p>\n\n\n\n<p>W\u00e4hrend des Interviews stellten sowohl Clover als auch Tapia fest, dass Marbella inzwischen regelm\u00e4\u00dfig in einem Atemzug mit diesen internationalen Orten genannt wird, insbesondere nach der j\u00fcngsten Anerkennung als f\u00fchrendes globales Reiseziel.<\/p>\n\n\n\n<p>Gleichzeitig betonte Clover, dass Prestige und Beliebtheit durch entsprechende Investitionen in die Infrastruktur begleitet werden m\u00fcssen, wenn Marbella diese Position langfristig behaupten will.<\/p>\n\n\n<blockquote class=\"testimonial bg-secondary bg-opacity-10 text-dark wp-block-acf-blockquote\">\n    <p>\u201eMit den richtigen Investitionen und der entsprechenden Zusammenarbeit kann Marbella mit den besten Reisezielen Europas mithalten.\u201c<\/p>\n    \n<\/blockquote>\n\n\n\n<h2 class=\"wp-block-heading\">Infrastruktur und Zukunftsambitionen<\/h2>\n\n\n\n<p>Mobilit\u00e4t und Infrastruktur wurden w\u00e4hrend der Sendung als das zweitgr\u00f6\u00dfte Hindernis f\u00fcr Marbellas weiteres Wachstum benannt. Zwar seien bereits Fortschritte erzielt worden, doch Clover machte deutlich, dass weitere Investitionen unerl\u00e4sslich sind.<\/p>\n\n\n\n<p>Er pl\u00e4dierte f\u00fcr einen Mentalit\u00e4tswechsel und rief dazu auf, Ehrgeiz \u00fcber Resignation zu stellen. Zugleich betonte er die Bedeutung einer engen Zusammenarbeit zwischen lokalen, regionalen und nationalen Beh\u00f6rden sowie einer verst\u00e4rkten Kooperation zwischen \u00f6ffentlichem und privatem Sektor.<\/p>\n\n\n\n<p>Infrastruktur sei letztlich eine Frage der Planung, des Managements und der Finanzierung, so Clover, und die Herausforderungen, vor denen Marbella stehe, seien l\u00f6sbar.<\/p>\n\n\n<blockquote class=\"testimonial bg-secondary bg-opacity-10 text-dark wp-block-acf-blockquote\">\n    <p>\u201eNach mehr als f\u00fcnf Jahrzehnten hier ist mein Vertrauen in die Zukunft Marbellas st\u00e4rker denn je.\u201c<\/p>\n    \n<\/blockquote>\n\n\n<article class=\"col w-100 position-relative wp-block-acf-banner\">\n    <div class=\"d-flex flex-wrap flex-column flex-xl-row align-items-start align-items-xl-end gap-4 w-100 bg-secondary text-white p-4\">\n        <div class=\"d-flex flex-column\">\n\t\t\t            <a href=\"https:\/\/www.panoramamarbella.com\/de\/newsletter-fur-immobilien-zum-verkauf\" class=\"stretched-link text-white text-decoration-none\" title=\"Gef\u00e4llt dir, was du gelesen hast?\">\n\t\t\t\t<h2 class=\"text-white mb-3\">Gef\u00e4llt dir, was du gelesen hast?<\/h2>            <\/a>\n\t\t\t            <p class=\"mb-0\">\n                Abonniere unseren Newsletter f\u00fcr spannende Artikel, exklusiven Inhalt und die neuesten Updates.            <\/p>\n\t\t\t        <\/div>\n\t\t        <span class=\"btn btn-outline-light ms-xl-auto\">Panorama-Newsletter<\/span>\n\t\t    <\/div>\n<\/article>\n\n\n\n\n<h2 class=\"wp-block-heading\">Mit Zuversicht in die Zukunft<\/h2>\n\n\n\n<p>Zum Abschluss des Interviews \u00e4u\u00dferte Christopher einen klaren Optimismus hinsichtlich der Zukunft Marbellas. Nach mehr als f\u00fcnf Jahrzehnten, in denen er die Entwicklung der Stadt aus n\u00e4chster N\u00e4he miterlebt hat, beruht sein Vertrauen auf fundierter Erfahrung.<\/p>\n\n\n\n<p>Der Erfolg Marbellas wurde \u00fcber viele Jahre hinweg kontinuierlich aufgebaut. Auch wenn weiterhin Herausforderungen bestehen, hat die Stadt ihre F\u00e4higkeit zur Anpassung und Weiterentwicklung immer wieder unter Beweis gestellt. Mit der richtigen F\u00fchrung und einer langfristigen Vision ist Clover \u00fcberzeugt, dass Marbella Infrastrukturniveaus erreichen kann, die mit jenen der etabliertesten Destinationen Europas vergleichbar sind.<\/p>\n\n\n\n<p>F\u00fcr die Zuh\u00f6rer von <em><a href=\"https:\/\/copemarbella.es\/la-manana-de-la-costa\/\" target=\"_blank\" rel=\"noreferrer noopener nofollow\">La Ma\u00f1ana de la Costa<\/a><\/em> war die Botschaft eindeutig: Die Geschichte Marbellas ist noch lange nicht zu Ende.<\/p>\n\n\n\n<p>Lesen Sie den <strong><a href=\"https:\/\/www.panoramamarbella.com\/de\/marbella-immobilienmarktbericht\">Marbella-Marktbericht 2026<\/a> <\/strong>von Christopher Clover, um weitere Einblicke in dieses Thema zu erhalten.<\/p>\n\n","protected":false},"excerpt":{"rendered":"<p>W\u00e4hrend eines Live-Radiointerviews bei COPE Marbella reflektiert Christopher Clover \u00fcber Marbellas Entwicklung, den Immobilienmarkt und die Herausforderungen der Zukunft.<\/p>\n","protected":false},"author":3,"featured_media":32649,"comment_status":"closed","ping_status":"closed","sticky":false,"template":"","format":"standard","meta":{"_acf_changed":false,"footnotes":""},"categories":[2],"tags":[],"class_list":["post-32800","post","type-post","status-publish","format-standard","has-post-thumbnail","hentry","category-panorama-de"],"acf":[],"_links":{"self":[{"href":"https:\/\/www.panoramamarbella.com\/de\/wp-json\/wp\/v2\/posts\/32800","targetHints":{"allow":["GET"]}}],"collection":[{"href":"https:\/\/www.panoramamarbella.com\/de\/wp-json\/wp\/v2\/posts"}],"about":[{"href":"https:\/\/www.panoramamarbella.com\/de\/wp-json\/wp\/v2\/types\/post"}],"author":[{"embeddable":true,"href":"https:\/\/www.panoramamarbella.com\/de\/wp-json\/wp\/v2\/users\/3"}],"replies":[{"embeddable":true,"href":"https:\/\/www.panoramamarbella.com\/de\/wp-json\/wp\/v2\/comments?post=32800"}],"version-history":[{"count":1,"href":"https:\/\/www.panoramamarbella.com\/de\/wp-json\/wp\/v2\/posts\/32800\/revisions"}],"predecessor-version":[{"id":33034,"href":"https:\/\/www.panoramamarbella.com\/de\/wp-json\/wp\/v2\/posts\/32800\/revisions\/33034"}],"wp:featuredmedia":[{"embeddable":true,"href":"https:\/\/www.panoramamarbella.com\/de\/wp-json\/wp\/v2\/media\/32649"}],"wp:attachment":[{"href":"https:\/\/www.panoramamarbella.com\/de\/wp-json\/wp\/v2\/media?parent=32800"}],"wp:term":[{"taxonomy":"category","embeddable":true,"href":"https:\/\/www.panoramamarbella.com\/de\/wp-json\/wp\/v2\/categories?post=32800"},{"taxonomy":"post_tag","embeddable":true,"href":"https:\/\/www.panoramamarbella.com\/de\/wp-json\/wp\/v2\/tags?post=32800"}],"curies":[{"name":"wp","href":"https:\/\/api.w.org\/{rel}","templated":true}]}}