{"id":37807,"date":"2026-03-11T10:00:00","date_gmt":"2026-03-11T09:00:00","guid":{"rendered":"https:\/\/www.panoramamarbella.com\/?p=37807"},"modified":"2026-03-19T13:15:23","modified_gmt":"2026-03-19T12:15:23","slug":"marbella-fur-remote-arbeit","status":"publish","type":"post","link":"https:\/\/www.panoramamarbella.com\/de\/news\/marbella-fur-remote-arbeit","title":{"rendered":"Warum Marbella ideal f\u00fcr Remote-Arbeit in Europa ist"},"content":{"rendered":"\n\n<h2 class=\"wp-block-heading\">Wenn Sie von \u00fcberall aus arbeiten k\u00f6nnen, warum dann Marbella?<\/h2>\n\n\n<div class=\"lead\"><p>Ohne in der N\u00e4he traditioneller B\u00fcrozentren leben zu m\u00fcssen, stehen Remote-Arbeitende vor einer privilegierten Entscheidung, und Spanien hat diese Wahl leicht gemacht.<\/p>\n<p>In den vergangenen Jahren haben wir einen allm\u00e4hlichen Anstieg von Remote-Arbeitenden beobachtet, die in Marbella ans\u00e4ssig sind. Immer mehr Berufst\u00e4tige sind nicht l\u00e4nger an einen einzigen B\u00fcrostandort gebunden, ihre Unternehmen agieren grenz\u00fcberschreitend, ihre Teams sind verteilt, und hybrides oder vollst\u00e4ndig ortsunabh\u00e4ngiges Arbeiten ist in ganz Europa Teil der g\u00e4ngigen Praxis geworden.<\/p>\n<\/div>\n\n\n<ul class=\"table-index list-unstyled p-4 p-lg-5 ms-0 bg-light\"><li class=\"text-uppercase fw-bold mb-3\">Inhaltsverzeichnis<\/li><li><a href=\"#wenn+sie+von+uberall+aus+arbeiten+konnen+warum+dann+marbella\">\nWenn Sie von \u00fcberall aus arbeiten k\u00f6nnen, warum dann Marbella?\n<\/a><\/li>\n<li><a href=\"#die+neuesten+daten\">\nDie neuesten Daten\n<\/a><\/li>\n<li><a href=\"#spanien+hat+es+einfach+gemacht\">\nSpanien hat es einfach gemacht\n<\/a><\/li>\n<li><a href=\"#marbella+ist+eine+praktische+europaische+basis+in+einem+traumhaften+mediterranen+umfeld\">\nMarbella ist eine praktische europ\u00e4ische Basis in einem traumhaften mediterranen Umfeld\n<\/a><\/li>\n<li><a href=\"#denken+sie+daruber+nach+nach+marbella+zu+ziehen\">\nDenken Sie dar\u00fcber nach, nach Marbella zu ziehen?\n<\/a><\/li><\/ul>\n\n\n\t<figure class=\"wp-caption aligncenter wp-block-acf-wpimage\">\n\t<picture><source width=\"900\" height=\"600\" srcset=\"https:\/\/media.panoramamarbella.com\/imgV1\/B95mbh8olwFQm~uCT2wPZMb8hll4wghQQQq6YWg0~c~U_DrmgY8pGP8pqaDzA6mvjyI_OPtcrHD_aKxAUQWwUa3uDFYpJKRNHwc45ztfp_OK01SO7KJ_HDPnINEa5rTDCiTOo6hGpxGEApYOWRld~w2Tbky9gV01qzqNmwxPUL7NgXtX1jJhP3rd3BUG3xxbIFQ~_5WhiGZYZe9cXnejmrg-.webp 900w\" type=\"image\/webp\"><img decoding=\"async\" class=\"img-fluid\" loading=\"lazy\" width=\"900\" height=\"600\" alt=\"Eine Frau, die bei Sonnenaufgang auf einer Terrasse mit Meerblick einen Kaffee genie\u00dft, neben einem Laptop, und so Marbellas entspannten Lebensstil des Arbeitens von \u00fcberall aus einf\u00e4ngt.\" src=\"https:\/\/media.panoramamarbella.com\/imgV1\/B95mbh8olwFQm~uCT2wPZMb8hll4wghQQQq6YWg0~c~U_DrmgY8pGP8pqaDzA6mvjyI_OPtcrHD_aKxAUQWwUa3uDFYpJKRNHwc45ztfp_OK01SO7KJ_HDPnINEa5rTDCiTOo6hGpxGEApYOWRld~w2Tbky9gV01qzqNmwxRhByIKRh~Nn01w162H7iB6g--.jpg\"><\/picture>\t\t\t<figcaption class=\"wp-caption-text\">\n\t\tSpanien hat es einfach gemacht, sich als Remote-Arbeitende oder \u201edigitaler Nomade\u201c niederzulassen\t\t<\/figcaption>\n\t\t\t<\/figure>\n\t\n\n\n<h2 class=\"wp-block-heading\">Die neuesten Daten<\/h2>\n\n\n\n<p>In der Europ\u00e4ischen Union arbeiteten im Jahr 2023 rund 22 % der Erwerbst\u00e4tigen zumindest einen Teil der Zeit von zu Hause aus, laut den <a href=\"https:\/\/ec.europa.eu\/eurostat\/databrowser\/view\/lfsa_ehomp__custom_12158505\/default\/table?utm\" target=\"_blank\" rel=\"noreferrer noopener nofollow\">neuesten Eurostat-Daten<\/a> zu Erwerbst\u00e4tigen im Homeoffice nach beruflichem Status.<\/p>\n\n\n\n<p>In Spanien zeigen die offiziellen Statistiken des <a href=\"https:\/\/www.ine.es\/dynt3\/inebase\/en\/index.htm?padre=8335&amp;utm\" target=\"_blank\" rel=\"noreferrer noopener nofollow\">INE<\/a> zur Remote-Arbeit, dass Telearbeit weiterhin ein fester Bestandteil des Arbeitsmarktes ist, mit detaillierten Aufschl\u00fcsselungen nach demografischen Merkmalen und Arbeitsform.<\/p>\n\n\n\n<p>Die Zahlen des britischen <a href=\"https:\/\/www.ons.gov.uk\/employmentandlabourmarket\/peopleinwork\/employmentandemployeetypes\/articles\/whohasaccesstohybridworkingreatbritain\/2025-06-11?utm\" target=\"_blank\" rel=\"noreferrer noopener nofollow\">Office for National Statistics<\/a> zeigen, dass hybrides Arbeiten weiterhin fest in den Arbeitsmustern verankert ist, wobei Anfang 2025 mehr als ein Viertel der Besch\u00e4ftigten in hybriden Arbeitsmodellen t\u00e4tig war.<\/p>\n\n\n\t<figure class=\"wp-caption aligncenter wp-block-acf-wpimage\">\n\t<picture><source width=\"900\" height=\"545\" srcset=\"https:\/\/media.panoramamarbella.com\/imgV1\/B95mbh8olwFQm~uCT2wPZMb8hll4wghQQQq6YWg0~c~U_DrmgY8pGP8pqaDzA6mvjyI_OPtcrHD_aKxAUQWwUa4ymleJao9Z3HPbthT7FIs96fHaV14oOYSi3UyUI~cVURm74NLBg59AHiVrjfPw5ou9jQqR~XwZCdTeMUXXDWeVbW6C12Jw7tBX8g5WrxeA659ht64XNE1_MIPuh71wejs-.webp 900w\" type=\"image\/webp\"><img decoding=\"async\" class=\"img-fluid\" loading=\"lazy\" width=\"900\" height=\"545\" alt=\"Illustration eines globalen digitalen Netzwerks mit verbundenen Benutzersymbolen \u00fcber einer Weltkarte, das Remote-Arbeit, internationale Konnektivit\u00e4t und standortunabh\u00e4ngige Gesch\u00e4ftst\u00e4tigkeit darstellt.\" src=\"https:\/\/media.panoramamarbella.com\/imgV1\/B95mbh8olwFQm~uCT2wPZMb8hll4wghQQQq6YWg0~c~U_DrmgY8pGP8pqaDzA6mvjyI_OPtcrHD_aKxAUQWwUa4ymleJao9Z3HPbthT7FIs96fHaV14oOYSi3UyUI~cVURm74NLBg59AHiVrjfPw5ou9jQqR~XwZCdTeMUXJ37sTeQQ_29mCEMa1TiHIHw--.jpg\"><\/picture>\t\t\t<figcaption class=\"wp-caption-text\">\n\t\tIn der Europ\u00e4ischen Union arbeiten mehr als 22 % der Besch\u00e4ftigten remote\t\t<\/figcaption>\n\t\t\t<\/figure>\n\t\n\n\n<h2 class=\"wp-block-heading\">Spanien hat es einfach gemacht<\/h2>\n\n\n\n<p>Neben den umfassenderen Ver\u00e4nderungen der Arbeitsgewohnheiten in ganz Europa hat Spanien im Jahr 2023 einen klaren rechtlichen Rahmen f\u00fcr Remote-Fachkr\u00e4fte geschaffen: das Visum f\u00fcr digitale Nomaden. Im Rahmen seines Start-up-Gesetzes erlaubt dieses Visum Nicht-EU-B\u00fcrgern, die remote f\u00fcr Unternehmen mit Sitz au\u00dferhalb Spaniens arbeiten, im Land zu leben.<\/p>\n\n\n\n<p>Das Visum formalisiert eine Entwicklung, die sich bereits auf nat\u00fcrliche Weise abgezeichnet hatte. Berufst\u00e4tige trennten zunehmend den Ort, an dem sie ihr Einkommen erzielen, von dem Ort, an dem sie leben, und Spanien hat sich darauf eingestellt, dieser Struktur gerecht zu werden.<\/p>\n\n\n\n<p>F\u00fcr EU-B\u00fcrger macht die Freiz\u00fcgigkeit einen Umzug bereits unkompliziert. F\u00fcr Nicht-EU-B\u00fcrger hat das Visum f\u00fcr digitale Nomaden Sicherheit und Klarheit geschaffen. Das Ergebnis ist keine Welle vor\u00fcberziehender Nomaden, sondern eine stetige Integration international mobiler Fachkr\u00e4fte in etablierte M\u00e4rkte wie Marbella.<\/p>\n\n\n\t<figure class=\"wp-caption aligncenter wp-block-acf-wpimage\">\n\t<picture><source width=\"900\" height=\"600\" srcset=\"https:\/\/media.panoramamarbella.com\/imgV1\/B95mbh8olwFQm~uCT2wPZMb8hll4wghQQQq6YWg0~c~U_DrmgY8pGP8pqaDzA6mvjyI_OPtcrHD_aKxAUQWwUa_KxxG60KGW8xfS6j1ToXi15sEW23joJgGkpR2LuGT6Lox3BXb~RRvQL8pGpev2VXvrUTXRlbULHQqFcl9nQz9iDAGtQzeDX1RFrDTNWCCKdMv7bHMlghXq2Gv95D8VYm4-.webp 900w\" type=\"image\/webp\"><img decoding=\"async\" class=\"img-fluid\" loading=\"lazy\" width=\"900\" height=\"600\" alt=\"Blick aus einem Flugzeugfenster bei Sonnenuntergang, mit dem Fl\u00fcgel \u00fcber der K\u00fcstenlinie, als Sinnbild f\u00fcr unkompliziertes internationales Reisen und Marbellas globale Erreichbarkeit.\" src=\"https:\/\/media.panoramamarbella.com\/imgV1\/B95mbh8olwFQm~uCT2wPZMb8hll4wghQQQq6YWg0~c~U_DrmgY8pGP8pqaDzA6mvjyI_OPtcrHD_aKxAUQWwUa_KxxG60KGW8xfS6j1ToXi15sEW23joJgGkpR2LuGT6Lox3BXb~RRvQL8pGpev2VXvrUTXRlbULHQqFcl95JzWvPENSoKx45IB0uq1nRw--.jpg\"><\/picture>\t\t\t<figcaption class=\"wp-caption-text\">\n\t\tMit dem \u201eVisum f\u00fcr digitale Nomaden\u201c wird der Umzug sowohl f\u00fcr Nicht-EU-B\u00fcrger als auch f\u00fcr EU-B\u00fcrger unkompliziert\t\t<\/figcaption>\n\t\t\t<\/figure>\n\t\n\n<article class=\"col w-100 position-relative wp-block-acf-banner\">\n    <div class=\"d-flex flex-wrap flex-column flex-xl-row align-items-start align-items-xl-end gap-4 w-100 bg-secondary text-white p-4\">\n        <div class=\"d-flex flex-column\">\n\t\t\t            <a href=\"https:\/\/www.panoramamarbella.com\/de\/newsletter-fur-immobilien-zum-verkauf\" class=\"stretched-link text-white text-decoration-none\" title=\"Gef\u00e4llt dir, was du gelesen hast?\">\n\t\t\t\t<h2 class=\"text-white mb-3\">Gef\u00e4llt dir, was du gelesen hast?<\/h2>            <\/a>\n\t\t\t            <p class=\"mb-0\">\n                Abonniere unseren Newsletter f\u00fcr spannende Artikel, exklusiven Inhalt und die neuesten Updates.            <\/p>\n\t\t\t        <\/div>\n\t\t        <span class=\"btn btn-outline-light ms-xl-auto\">Panorama-Newsletter<\/span>\n\t\t    <\/div>\n<\/article>\n\n\n\n\n<h2 class=\"wp-block-heading\">Marbella ist eine praktische europ\u00e4ische Basis in einem traumhaften mediterranen Umfeld<\/h2>\n\n\n\n<p>Marbella verzeichnet im Durchschnitt rund 320 Sonnentage im Jahr, mit winterlichen Tagestemperaturen, die normalerweise zwischen 17 und 19 \u00b0C liegen. S\u00fcdspanien geh\u00f6rt weiterhin zu den sonnenreichsten Regionen Europas, und Marbella ist dank seines einzigartigen Mikroklimas besonders attraktiv, das durch den Schutz der Sierra Blanca entsteht, die die Kulisse der Stadt pr\u00e4gt.<\/p>\n\n\n\n<p>Nat\u00fcrlich h\u00e4ngt die Entscheidung f\u00fcr einen Umzug nicht nur davon ab, welches Gef\u00fchl ein Ort vermittelt, sondern auch davon, wie praktisch es ist, dort zu leben und zu arbeiten. Spanien erzielt in internationalen Rankings zu Gesundheitsversorgung und Lebenserwartung regelm\u00e4ssig sehr gute Ergebnisse. An der Costa del Sol sind sowohl \u00f6ffentliche als auch private medizinische Dienstleistungen gut etabliert. (Weitere Informationen zur <a href=\"https:\/\/www.panoramamarbella.com\/de\/news\/krankenhauser-in-marbella\" data-type=\"post\" data-id=\"39930\">Krankenh\u00e4usern in Marbella und an der Costa del Sol<\/a>).<\/p>\n\n\n\t<figure class=\"wp-caption aligncenter wp-block-acf-wpimage\">\n\t<picture><source width=\"900\" height=\"600\" srcset=\"https:\/\/media.panoramamarbella.com\/imgV1\/B95mbh8olwFQm~uCT2wPZMb8hll4wghQQQq6YWg0~c~U_DrmgY8pGP8pqaDzA6mvjyI_OPtcrHD_aKxAUQWwUah50APKguZf46qWm4VguLW9RJi5n0S5gfZxwTsDD2NHE4J~Aig3~ns7rlolxG52yuw4Q8nFFVbLxTz4f3_9YLgCIY_pUPc3RqeqvewAoqoJgucatxnEgtNvEkLJBIkkDQY-.webp 900w\" type=\"image\/webp\"><img decoding=\"async\" class=\"img-fluid\" loading=\"lazy\" width=\"900\" height=\"600\" alt=\"Eine Frau, die sich auf einer sonnigen Terrasse neben einem Laptop und Palmen entspannt und Marbellas ausgewogene Verbindung von Remote-Arbeit und Lebensstil im Freien widerspiegelt.\" src=\"https:\/\/media.panoramamarbella.com\/imgV1\/B95mbh8olwFQm~uCT2wPZMb8hll4wghQQQq6YWg0~c~U_DrmgY8pGP8pqaDzA6mvjyI_OPtcrHD_aKxAUQWwUah50APKguZf46qWm4VguLW9RJi5n0S5gfZxwTsDD2NHE4J~Aig3~ns7rlolxG52yuw4Q8nFFVbLxTz4f3_jjrPZIcj5PQaCQ2ss31LE1g--.jpg\"><\/picture>\t\t\t<figcaption class=\"wp-caption-text\">\n\t\tHochgeschwindigkeits-Glasfasernetze in Marbella erf\u00fcllen die praktischen Anforderungen der Remote-Arbeit\t\t<\/figcaption>\n\t\t\t<\/figure>\n\t\n\n\n<p>Auch die digitale Infrastruktur ist \u00e4u\u00dferst zuverl\u00e4ssig. Hochgeschwindigkeits-Glasfasernetze sind in ganz Marbella breit verf\u00fcgbar und erf\u00fcllen die praktischen Anforderungen hybrider und vollst\u00e4ndig ortsunabh\u00e4ngiger Arbeit. Der <a href=\"https:\/\/www.aena.es\/de\/malaga-costa-del-sol.html\" target=\"_blank\" rel=\"noreferrer noopener nofollow\">Flughafen M\u00e1laga-Costa del Sol<\/a>, nur 45 Minuten von Marbella entfernt, bietet weiterhin eine ausgezeichnete europ\u00e4ische Anbindung, sodass Berufst\u00e4tige eng mit den wichtigsten Gesch\u00e4ftszentren verbunden bleiben k\u00f6nnen und zugleich eine hohe Lebensqualit\u00e4t an der Mittelmeerk\u00fcste genie\u00dfen.<\/p>\n\n\n\n<p>F\u00fcr viele Fachkr\u00e4fte mit echter geografischer Flexibilit\u00e4t ist das nicht nur eine Frage des Lebensstils, sondern eine bewusste Entscheidung.<\/p>\n\n\n\n<p>Wenn Sie mehr dar\u00fcber erfahren m\u00f6chten, warum Marbella der perfekte Ort f\u00fcr Remote-Arbeit ist, klicken Sie <a href=\"https:\/\/www.panoramamarbella.com\/de\/news\/marbella-standort-remote-arbeit\">hier<\/a>.<\/p>\n\n\n\n<h2 class=\"wp-block-heading\">Denken Sie dar\u00fcber nach, nach Marbella zu ziehen?<\/h2>\n\n\n\n<p>PANORAMA ber\u00e4t seit mehr als 55 Jahren internationale K\u00e4ufer an der Costa del Sol. Von erstklassigen Mietobjekten bis hin zum Immobilienerwerb bieten wir fundierte Beratung, die auf Ihre Pl\u00e4ne zugeschnitten ist.<\/p>\n\n\n\n<p>Kontaktieren Sie uns noch heute per WhatsApp: (+34) 952 822 111 oder senden Sie uns eine E-Mail an: info@panorama.es<\/p>\n\n\n\n<div class=\"contact-only bg-light wp-block-acf-contactform\">\n\t\t<div class=\"position-relative\">\n\t\t<span id=\"inm-contact-form\" class=\"position-absolute\" style=\"top:-130px\"><\/span>\n\t<\/div>\n\t\t\n\t\t<script src=\"https:\/\/www.google.com\/recaptcha\/api.js?render=6LeWOaYZAAAAAGZM7q40J51QMau9I_gs19mp9lZJ&#038;hl=de\"><\/script>\n\t\n<form id=\"contact_form_1\" class=\"needs-validation h-100 d-flex flex-column p-4 p-md-5\" data-contact=\"contact_form_1\" action=\"localhost\" method=\"POST\" novalidate>\n\t<strong class=\"h3 align-self-start\">Ihr neues Zuhause wartet auf Sie. Kontaktieren Sie uns noch heute<\/strong><p class=\"mb-5\">Marbella bietet eine neue Generation von Wohnimmobilien. Wenn Sie am Erwerb einer Immobilie interessiert sind, steht Ihnen unser Team gerne zur Seite.<\/p>\t<span id=\"contact_form_1-result\" data-stext=\"source\" data-source=\"contact\"><\/span>\n\t<input type=\"hidden\" name=\"success\" value=\"\/de\/success?source=info\" \/>\n\t<input type=\"hidden\" name=\"lang\" value=\"de\" \/>\n\t<input type=\"hidden\" name=\"agency\" value=\"399\" \/>\n\t<input type=\"hidden\" name=\"recipient\" value=\"info\" \/>\n\t<input type=\"hidden\" name=\"source\" value=\"https:\/\/www.panoramamarbella.com\/de\/wp-json\/wp\/v2\/posts\/37807\" \/>\n\t<input type=\"hidden\" name=\"subject\" value=\"Information Request (DE)\" \/>\n\t\t\t<input type=\"hidden\" name=\"origin\" value=\"Warum Marbella ideal f\u00fcr Remote-Arbeit in Europa ist\" \/>\n\t\t<div class=\"row g-3\">\n\t\t<div class=\"col-md-6\">\n\t\t\t<label class=\"form-label\" for=\"name\">Vorname*<\/label>\n\t\t\t<input id=\"name\" name=\"name\" type=\"text\" class=\"form-control\" autocomplete=\"off\" required data-error=\"Name erforderlich\">\n\t\t<\/div>\n\t\t<div class=\"col-md-6\">\n\t\t\t<label class=\"form-label\" for=\"name\">Nachname*<\/label>\n\t\t\t<input id=\"lastname\" name=\"lastname\" type=\"text\" class=\"form-control\" autocomplete=\"off\" required data-error=\"Nachname\">\n\t\t<\/div>\n\t\t<div class=\"col-12\">\n\t\t\t<label class=\"form-label\" for=\"email\">E-Mail*<\/label>\n\t\t\t<input id=\"email\" name=\"email\" type=\"email\" class=\"form-control\" autocomplete=\"off\" required data-error=\"E-Mail erforderlich\">\n\t\t<\/div>\n\t\t\t\t<div class=\"col-md-6\">\n\t\t\t<label class=\"form-label\" for=\"phone\">Telefonnummer <small><\/small><\/label>\n\t\t\t<input id=\"phone\" name=\"intphone\" type=\"tel\" class=\"form-control\" autocomplete=\"off\" placeholder=\"Telefon\" required data-error=\"Telefonnummern m\u00fcssen zwischen 8 und 20 Ziffern haben\" pattern=\"(?:\\d\\s*){4,}\">\n\t\t<\/div>\n\t\t<div class=\"col-md-6\">\n\t\t\t<label class=\"form-label\">Beste Zeit zum Anrufen <small><\/small><\/label>\n\t\t\t<select class=\"form-select\" name=\"time\">\n\t\t\t\t<option selected>Jederzeit<\/option>\n\t\t\t\t<option value=\"1\">Am Morgen<\/option>\n\t\t\t\t<option value=\"2\">Am Nachmittag<\/option>\n\t\t\t\t<option value=\"3\">Abends<\/option>\n\t\t\t<\/select>\n\t\t<\/div>\n\t\t<div class=\"col-12\">\n\t\t\t<label for=\"address\" class=\"form-label\">Adresse <small><\/small><\/label>\n\t\t\t<input id=\"address\" name=\"address\" type=\"text\" class=\"form-control\" \/>\n\t\t<\/div>\n\t\t<div class=\"col-12\">\n\t\t\t<label for=\"formComment\" class=\"form-label\">Nachricht<\/label>\n\t\t\t<textarea class=\"form-control\" placeholder=\"Hinterlassen Sie hier einen Kommentar\" name=\"comment\" id=\"formComment\" maxlength=\"8000\" rows=\"5\"><\/textarea>\n\t\t<\/div>\n\t\t\t\t<div class=\"col-12\">\n\t\t\t<div class=\"form-check\">\n\t\t\t\t<input type=\"checkbox\" class=\"form-check-input\" id=\"contact_form_1-customCheck1\" name=\"privacy_policy\" required data-error=\"Pflichtfeld\">\n\t\t\t\t<label class=\"form-check-label\" for=\"contact_form_1-customCheck1\">Ich akzeptiere die <a target=\"_blank\" class=\"text-decoration-none\" href=\"https:\/\/www.panoramamarbella.com\/privacy-policy\">Bedingungen und Konditionen<\/a><\/label>\n\t\t\t<\/div>\n\t\t\t<div class=\"form-check\">\n\t\t\t\t<input type=\"checkbox\" class=\"form-check-input\" id=\"contact_form_1-customCheck2\" name=\"commercial_information\">\n\t\t\t\t<label class=\"form-check-label\" for=\"contact_form_1-customCheck2\">Ich stimme zu, Mitteilungen von Panorama zu erhalten<\/label>\n\t\t\t<\/div>\n\t\t<\/div>\n\t<\/div>\n\t<button data-ids=\"contact_form_1\" data-lang=\"de\" data-sitekey=\"6LeWOaYZAAAAAGZM7q40J51QMau9I_gs19mp9lZJ\" class=\"align-self-start btn btn-primary px-4 py-2 mt-4 g-recaptcha\" role=\"button\" aria-label=\"Send\">Senden<\/button>\n<\/form><\/div>\n\n\n\n\n\t\t<section class=\"container wp-block-acf-inmpropselection\">\n\t\t\t<h2>Find the perfect place in Marbella to live and work<\/h2>\t\t\t<div class=\"row row-cols-1 row-cols-lg-3 gy-5 g-xxl-5\">\n\t\t\t\t\n<article class=\"col card-properties position-relative d-flex flex-column\">\n\t<div id=\"carouselCardProperties-1-0\" class=\"card-properties-images carousel slide carousel-fade lazy\" data-bs-ride=\"carousel\" data-bs-interval=\"200000\" data-id=\"698664\">\n\t\t<div class=\"carousel-inner\">\n\t\t\t<figure class=\"carousel-item mb-0 active ratio ratio-4x3\">\n\t\t\t\t<picture><source sizes=\"(max-width: 575px) calc(100vw - 24px), (max-width: 767px) 516px, (max-width: 991px) 696px, (max-width: 1199px) 296px, (max-width: 1399px) 356px, 400px\" width=\"696\" height=\"522\" srcset=\"https:\/\/media.panoramamarbella.com\/imgV1\/B95mbh8olwFQm~uCUaVOI2kQT0hb0a8sZ9turUNfnwtvuccYCzs0YVPfPbfkc2VnnN1JFDpkYaGfw1gJsS~5hOu8ClA27V6xVP6zyKoKPS1Mn7WRHYZMLWv_YHD73v3wTA8HWCCOpMnXwN2uAr5VSPiSO7karRIMiZTPqCu_dZ5fuWR0YCW6_1pG5Bl~Hp5WroeZ3HQAZ5bJuMGEOv79bl9k214P5Nw2k7gr9ANpozAASAFpx51KqYb~IgRpbC3Nm7LGaJqZPuy9KH5g7qzcuC2cvd8aXgZUiX05nn3MiVFBu3_R0uApWqg0GDDTU7GVpDHN0uiwmWHOPGRGcV19lVB5JeSIN5bWCc0XpEoi3uZ0T3eXN37TL0i518tYi19KAllVsHHd0sbTDHyPO_Nw~4KnnSNcB9zdZy_Falf9Nm2Qd8UylRZPY3Up0552~WYpYFfMu6~cQQhix6~xJmlu.webp 696w,https:\/\/media.panoramamarbella.com\/imgV1\/B95mbh8olwFQm~uCUaVOI2kQT0hb0a8sZ9turUNfnwtvuccYCzs0YVPfPbfkc2VnnN1JFDpkYaGfw1gJsS~5hOu8ClA27V6xVP6zyKoKPS1Mn7WRHYZMLWv_YHD73v3wTA8HWCCOpMnXwN2uAr5VSPiSO7karRIMiZTPqCu_dxsgwbeNJ3yUNRGy~HNlq7dkSM2WX~69OJOJ5Rf_OC19ofiiJFxHjWv2u3u0P4hi6O0xoN_eKF2nSgtPXKVIDb6vkB7sMfUcYSFaA8MkPym_Gpt83~i_ztzET0MbhzNjsKTdK5NbqRNgl5yWC5YxwwmAj1QP7QCWT0mNwDbjKvcT6HKFDihRXrRi~rK1hGgEsn~KGSB8yKC8a2ZAlw1Y0g7iH3vxsT0JHikRupGzmmtHsrKXqc6p8M2~T5e5ifxWDLJfJRqdDdAaQRy8mbVTKnDv_ya2ucuiMT0AMrtAXM~J.webp 400w\" type=\"image\/webp\"><img decoding=\"async\" class=\"position-absolute w-100 h-100 object-fit-cover\" alt=\"Einzigartiges Erdgeschossapartment mit Meerblick in den Japanischen G\u00e4rten von Marina Puente Romano\" loading=\"lazy\" width=\"696\" height=\"522\" src=\"https:\/\/media.panoramamarbella.com\/imgV1\/B95mbh8olwFQm~uCUaVOI2kQT0hb0a8sZ9turUNfnwtvuccYCzs0YVPfPbfkc2VnnN1JFDpkYaGfw1gJsS~5hOu8ClA27V6xVP6zyKoKPS1Mn7WRHYZMLWv_YHD73v3wTA8HWCCOpMnXwN2uAr5VSPiSO7karRIMiZTPqCu_dZ5fuWR0YCW6_1pG5Bl~AOWCKsfURyq35vm55dIauvG9uVaSivcgS4ajblndO75z1CH0f2jKmqCp4xxFvz8SGfsGZsvJDXqx_1ZOdq6C3Ciw5BdH3mBMTlmpWiwr03l4R5h6rIkh70WK8PZkn3TMc7aMyNa5IHcJVNmTEhV8AxRljU0iGmAWvH9H8Jc12IGx0P0jWsreOMhWj1MxEo9KATyoLWCUe5JwyP7SYClFp7YUmD7e40GOUqwrJuzlqrEiOyMmHv7XqSzouqYV54M-.jpg\"><\/picture>\t\t\t<\/figure>\n\t\t\t\t\t\t<span class=\"card-properties-tag position-absolute z-2 top-0 start-0 bg-secondary text-white py-1 px-3 ms-3\">\n\t\t\t\tEmpfohlen\t\t\t<\/span>\n\t\t\t\t\t\t<span class=\"card-properties-ref position-absolute z-2 bottom-0 end-0 bg-white text-primary py-1 px-3 me-3\">\n\t\t\t\tPANR-16359\t\t\t<\/span>\n\t\t\t<button class=\"card-properties-portfolio d-flex align-items-center justify-content-center position-absolute z-3 end-0 text-white bg-primary me-3 border-0 px-0\" data-pfl-id=\"698664\" data-pfl-filter=\"sale\" aria-label=\"Add to portfolio\">\n\t\t\t\t<svg width=\"18\" fill=\"currentColor\" viewBox=\"0 0 512 512\">\n\t\t\t\t\t<use href=\"https:\/\/www.panoramamarbella.com\/wp-content\/themes\/panoramamarbella\/dist\/src\/images\/icons.svg#svgHeart\"><\/use>\n\t\t\t\t<\/svg>\n\t\t\t\t<svg width=\"18\" fill=\"currentColor\" viewBox=\"0 0 512 512\">\n\t\t\t\t\t<use href=\"https:\/\/www.panoramamarbella.com\/wp-content\/themes\/panoramamarbella\/dist\/src\/images\/icons.svg#svgHeartIn\"><\/use>\n\t\t\t\t<\/svg>\n\t\t\t<\/button>\n\t\t<\/div>\n\t\t\t\t<button\n\t\t\tclass=\"carousel-control-prev\"\n\t\t\ttype=\"button\"\n\t\t\tdata-bs-target=\"#carouselCardProperties-1-0\"\n\t\t\tdata-bs-slide=\"prev\">\n\t\t\t<span class=\"carousel-control-prev-icon\" aria-hidden=\"true\"><\/span>\n\t\t\t<span class=\"visually-hidden\">Vorherige<\/span>\n\t\t<\/button>\n\t\t<button\n\t\t\tclass=\"carousel-control-next\"\n\t\t\ttype=\"button\"\n\t\t\tdata-bs-target=\"#carouselCardProperties-1-0\"\n\t\t\tdata-bs-slide=\"next\">\n\t\t\t<span class=\"carousel-control-next-icon\" aria-hidden=\"true\"><\/span>\n\t\t\t<span class=\"visually-hidden\">N\u00e4chste<\/span>\n\t\t<\/button>\n\t\t\t<\/div>\n\t<div class=\"d-flex flex-column h-100 px-3 py-4 shadow\">\n\t\t\t\t<h3 class=\"card-properties-title mb-3\">\n\t\t\t<a class=\"stretched-link\" href=\"\/de\/immobilien\/marbella\/marbella-goldene-meile\/marina-puente-romano\/wohnungen\/PANR-16359\">\n\t\t\t\tEinzigartiges Erdgeschossapartment mit Meerblick in den Japanischen G\u00e4rten von Marina Puente Romano\t\t\t<\/a>\n\t\t<\/h3>\n\t\t<p class=\"mb-3 text-black-dark\">Marina Puente Romano, Marbella Goldene Meile<\/p>\n\t\t\t\t\t\t<p class=\"card-properties-description mb-3\">\n\t\t\tEntdecken Sie das Inbild m\u00fchelosen Luxuslebens in diesem exquisiten, nach S\u00fcdwesten ausgerichteten, erh\u00f6hten Erdgeschossapartment, eingebettet in das ikonische Puente Romano Beach Resort &amp; Spa \u2013 eine der prestigetr\u00e4chtigsten und begehrtesten Adressen der Goldenen Meile von&#8230;\t\t<\/p>\n\t\t\t\t<span class=\"card-properties-price mt-auto\">\n\t\t\t\n\t\t\t<span class=\"card-properties-price mt-auto\" data-original-price=\"4950000\">4.950.000\u00a0\u20ac<\/span>\n\t\t\t\t<\/span>\n\t\t\t\t<ul class=\"card-properties-features list-unstyled d-flex flex-wrap align-items-center gap-3 pt-3 border-top mt-3 mb-0\">\n\t\t\t<li class=\"d-flex align-items-center\">3 Schlafzimmer<\/li><li class=\"d-flex align-items-center\">3 B\u00e4der<\/li>\t\t\t\t<li class=\"d-flex align-items-center\">\n\t\t\t\t\t <span class=\"me-1\" data-original-value=\"180\" data-original-unit=\"m&#038;sup2\">180 m&sup2;<\/span>Gesamt\t\t\t\t<\/li>\n\t\t\t\t\t\t\t<li class=\"d-flex align-items-center\">\n\t\t\t\t\t <span class=\"me-1\" data-original-value=\"140\" data-original-unit=\"m&#038;sup2\">140 m&sup2;<\/span>Gebaut\t\t\t\t<\/li>\n\t\t\t\t\t\t\t<li class=\"d-flex align-items-center\">\n\t\t\t\t\t <span class=\"me-1\" data-original-value=\"40\" data-original-unit=\"m&#038;sup2\">40 m&sup2;<\/span>Terrassen\t\t\t\t<\/li>\n\t\t\t\t\t<\/ul>\n\t\t\t<\/div>\n<\/article>\n\n\n<article class=\"col card-properties position-relative d-flex flex-column\">\n\t<div id=\"carouselCardProperties-1-1\" class=\"card-properties-images carousel slide carousel-fade lazy\" data-bs-ride=\"carousel\" data-bs-interval=\"200000\" data-id=\"697691\">\n\t\t<div class=\"carousel-inner\">\n\t\t\t<figure class=\"carousel-item mb-0 active ratio ratio-4x3\">\n\t\t\t\t<picture><source sizes=\"(max-width: 575px) calc(100vw - 24px), (max-width: 767px) 516px, (max-width: 991px) 696px, (max-width: 1199px) 296px, (max-width: 1399px) 356px, 400px\" width=\"696\" height=\"522\" srcset=\"https:\/\/media.panoramamarbella.com\/imgV1\/B95mbh8olwFQm~uCUaVOI2kQT0hb0a8sZ9turUNfnwtvuccYCzs0YVPfPbfkc2VnnN1JFDpkYaGfw1gJsS~5hOu9X5J_GGESH79I62csjOueuTbhRLPEQEkioevvhdrpjaWZvyQirO9yl0pilvxoweqB_Ivhe0U_Jy8EpEUkkIerqgeQoKU1mQB5R7jXZ4z2~yGHtb6~CBhi84a2F0raVYWLu7HUrDtit56FaP4OzvluUMGSwtGFlSJjr8yarAflGi10pMdlOSw4pYbz1aqK6iIVhkYwfTShqk4tM8jcl3NydxgqIaQ5Hr3LCHJIjKmxTaM1YMrEvaemAODXyC~Axri4wdZFcJwZbcVOP6nZFqFub0gDbEaJ8ewY0NDjqGgCUFpu9RkXt5X2GSkuGu1KRN9zum7V9133uqsztpj3Tuu9VQfPyxoXd8UjT0SxZc5xix8YhCigEA3G9dEBKBQ2.webp 696w,https:\/\/media.panoramamarbella.com\/imgV1\/B95mbh8olwFQm~uCUaVOI2kQT0hb0a8sZ9turUNfnwtvuccYCzs0YVPfPbfkc2VnnN1JFDpkYaGfw1gJsS~5hOu9X5J_GGESH79I62csjOueuTbhRLPEQEkioevvhdrpjaWZvyQirO9yl0pilvxoweqB_Ivhe0U_Jy8EpEUkko1a78AnfDVp7Xlsgx3km_Rd47QqHGmTwbNqdRjMS62fS8JkHMlnjYi2Wtt450XydYXva8FoZJ25irlVO5Ob7WT2ai1w6Lt5Xskty6pLQlJxFmgZgJeqWTkfUbXDR1VHOqoNnqF4XSbRybXd4uMgVBoJgOCP8Pclw0gYC8Q12nBtMMEN1IEFdpKdFxHfuKC25RIEs5LT1WXuLWTNQdbX6ZFeI5ljV9FbJzAQWoXuA3_2bpay0lG_RdcVguU4wa~kZ90i1jVqD~4CMzTkUDnsFBpBXUK49EKzkx6U2GFqJIdV.webp 400w\" type=\"image\/webp\"><img decoding=\"async\" class=\"position-absolute w-100 h-100 object-fit-cover\" alt=\"Elegantes und gro\u00dfz\u00fcgiges Apartment in Monte Para\u00edso, Marbella Goldene Meile\" loading=\"lazy\" width=\"696\" height=\"522\" src=\"https:\/\/media.panoramamarbella.com\/imgV1\/B95mbh8olwFQm~uCUaVOI2kQT0hb0a8sZ9turUNfnwtvuccYCzs0YVPfPbfkc2VnnN1JFDpkYaGfw1gJsS~5hOu9X5J_GGESH79I62csjOueuTbhRLPEQEkioevvhdrpjaWZvyQirO9yl0pilvxoweqB_Ivhe0U_Jy8EpEUkkIerqgeQoKU1mQB5R7jXeWxKG4WFc0r0jyU19QwVg7FsBvsfoxVA5XgamVQrf_jARna9MwfGJ_sIy1TKvV_QvlsFKBbK~zX3vf_~yOuUhkGrWmJzk8aU07AVE9I41NTOfjcdfUJtORtzA_2sDztu73S3KXN9Rtr2rbiH_L2c4QOcSN1mofbCoiWIzmfLY6aEGmmMTYaeRyhsYnHOtCu1fX~dj5QBcJYiVpHwfmSiIlKruSq2F76orZwAj9Dx_4UUWOealiWClosu_VCJtYs-.jpg\"><\/picture>\t\t\t<\/figure>\n\t\t\t\t\t\t<span class=\"card-properties-ref position-absolute z-2 bottom-0 end-0 bg-white text-primary py-1 px-3 me-3\">\n\t\t\t\tPANR-16340\t\t\t<\/span>\n\t\t\t<button class=\"card-properties-portfolio d-flex align-items-center justify-content-center position-absolute z-3 end-0 text-white bg-primary me-3 border-0 px-0\" data-pfl-id=\"697691\" data-pfl-filter=\"sale\" aria-label=\"Add to portfolio\">\n\t\t\t\t<svg width=\"18\" fill=\"currentColor\" viewBox=\"0 0 512 512\">\n\t\t\t\t\t<use href=\"https:\/\/www.panoramamarbella.com\/wp-content\/themes\/panoramamarbella\/dist\/src\/images\/icons.svg#svgHeart\"><\/use>\n\t\t\t\t<\/svg>\n\t\t\t\t<svg width=\"18\" fill=\"currentColor\" viewBox=\"0 0 512 512\">\n\t\t\t\t\t<use href=\"https:\/\/www.panoramamarbella.com\/wp-content\/themes\/panoramamarbella\/dist\/src\/images\/icons.svg#svgHeartIn\"><\/use>\n\t\t\t\t<\/svg>\n\t\t\t<\/button>\n\t\t<\/div>\n\t\t\t\t<button\n\t\t\tclass=\"carousel-control-prev\"\n\t\t\ttype=\"button\"\n\t\t\tdata-bs-target=\"#carouselCardProperties-1-1\"\n\t\t\tdata-bs-slide=\"prev\">\n\t\t\t<span class=\"carousel-control-prev-icon\" aria-hidden=\"true\"><\/span>\n\t\t\t<span class=\"visually-hidden\">Vorherige<\/span>\n\t\t<\/button>\n\t\t<button\n\t\t\tclass=\"carousel-control-next\"\n\t\t\ttype=\"button\"\n\t\t\tdata-bs-target=\"#carouselCardProperties-1-1\"\n\t\t\tdata-bs-slide=\"next\">\n\t\t\t<span class=\"carousel-control-next-icon\" aria-hidden=\"true\"><\/span>\n\t\t\t<span class=\"visually-hidden\">N\u00e4chste<\/span>\n\t\t<\/button>\n\t\t\t<\/div>\n\t<div class=\"d-flex flex-column h-100 px-3 py-4 shadow\">\n\t\t\t\t<h3 class=\"card-properties-title mb-3\">\n\t\t\t<a class=\"stretched-link\" href=\"\/de\/immobilien\/marbella\/marbella-goldene-meile\/monte-paraiso\/wohnungen\/PANR-16340\">\n\t\t\t\tElegantes und gro\u00dfz\u00fcgiges Apartment in Monte Para\u00edso, Marbella Goldene Meile\t\t\t<\/a>\n\t\t<\/h3>\n\t\t<p class=\"mb-3 text-black-dark\">Monte Paraiso, Marbella Goldene Meile<\/p>\n\t\t\t\t\t\t<p class=\"card-properties-description mb-3\">\n\t\t\tDieses wundersch\u00f6n renovierte Apartment befindet sich in der renommierten Wohnanlage Monte Para\u00edso an der Goldenen Meile von Marbella, einer der begehrtesten Adressen an der Costa del Sol. In bester Lage gelegen, sind es nur wenige&#8230;\t\t<\/p>\n\t\t\t\t<span class=\"card-properties-price mt-auto\">\n\t\t\t\n\t\t\t<span class=\"card-properties-price mt-auto\" data-original-price=\"2450000\">2.450.000\u00a0\u20ac<\/span>\n\t\t\t\t<\/span>\n\t\t\t\t<ul class=\"card-properties-features list-unstyled d-flex flex-wrap align-items-center gap-3 pt-3 border-top mt-3 mb-0\">\n\t\t\t<li class=\"d-flex align-items-center\">4 Schlafzimmer<\/li><li class=\"d-flex align-items-center\">4 B\u00e4der<\/li>\t\t\t\t<li class=\"d-flex align-items-center\">\n\t\t\t\t\t <span class=\"me-1\" data-original-value=\"210\" data-original-unit=\"m&#038;sup2\">210 m&sup2;<\/span>Gesamt\t\t\t\t<\/li>\n\t\t\t\t\t\t\t<li class=\"d-flex align-items-center\">\n\t\t\t\t\t <span class=\"me-1\" data-original-value=\"169\" data-original-unit=\"m&#038;sup2\">169 m&sup2;<\/span>Gebaut\t\t\t\t<\/li>\n\t\t\t\t\t\t\t<li class=\"d-flex align-items-center\">\n\t\t\t\t\t <span class=\"me-1\" data-original-value=\"41\" data-original-unit=\"m&#038;sup2\">41 m&sup2;<\/span>Terrassen\t\t\t\t<\/li>\n\t\t\t\t\t<\/ul>\n\t\t\t<\/div>\n<\/article>\n\n\n<article class=\"col card-properties position-relative d-flex flex-column\">\n\t<div id=\"carouselCardProperties-1-2\" class=\"card-properties-images carousel slide carousel-fade lazy\" data-bs-ride=\"carousel\" data-bs-interval=\"200000\" data-id=\"695118\">\n\t\t<div class=\"carousel-inner\">\n\t\t\t<figure class=\"carousel-item mb-0 active ratio ratio-4x3\">\n\t\t\t\t<picture><source sizes=\"(max-width: 575px) calc(100vw - 24px), (max-width: 767px) 516px, (max-width: 991px) 696px, (max-width: 1199px) 296px, (max-width: 1399px) 356px, 400px\" width=\"696\" height=\"522\" srcset=\"https:\/\/media.panoramamarbella.com\/imgV1\/B95mbh8olwFQm~uCUaVOI2kQT0hb0a8sZ9turUNfnwtvuccYCzs0YVPfPbfkc2VnnN1JFDpkYaGfw1gJsS~5hOu4DEBG602B7yC1Jdp3y4TeOLY1Z1ydnyCUtrZ_cg55b9oh_lBvgazy5O2g1_gcM1Mn1Ow5PKX57OmbI4LX9N1iZovDKdS7h2NKdCmu5rv2j3N5kmwyemzDviQCpZfh8oYiiycDfthWmsViL7m2SGu22dk3pYQwmonTGBVTMPnpok2iLA1s~Ez31zUif6YQ_T1RuoX8YUYJ0hQjxiqdRuucVt_OV_0Tl11ziS7D3b0Qd5l9W7j8Z4YL392tHHQG2gq1L1DgtsKT8tHn77MvpaJlRCzlgLMcCKysTnNdVP9IFQrByMRnnF4eaC3bt86MY2cYZuOXeqBkzJ2Ev9TcMExrVWMRzqF5ThzENfAa_I4hfSoSfqyAk0wmYOg1NDJy.webp 696w,https:\/\/media.panoramamarbella.com\/imgV1\/B95mbh8olwFQm~uCUaVOI2kQT0hb0a8sZ9turUNfnwtvuccYCzs0YVPfPbfkc2VnnN1JFDpkYaGfw1gJsS~5hOu4DEBG602B7yC1Jdp3y4TeOLY1Z1ydnyCUtrZ_cg55b9oh_lBvgazy5O2g1_gcM1Mn1Ow5PKX57OmbI4LX9vV4DQRVSkKDaK19Ew4ElBmV0iOMk_NmyAmobpJPaFYwCu3B5bDun3QbHKzcYLvzSIuDZ3g98DrfEuIwz21OE2ZEymoJg8jIcw2xyI2zCddCF3qd_N~1h7kTkFJcvqprSbJHgOvrGVPnj1PIbpSCoyLlpuM3oUYQYVg0QWDoSF34Wglv94UbOb08lyB5qtaSpaPoEAdU~gdcy_Bvah5MHGMC9bs2ibOaPQNoru87QTYhswDc540iAW~w89r1Ohcmgp~06Qj7bqMU_2qMaIPt~uP6jOM3GQjIAQ4evOsAaWJt.webp 400w\" type=\"image\/webp\"><img decoding=\"async\" class=\"position-absolute w-100 h-100 object-fit-cover\" alt=\"Moderne Villa mit spektakul\u00e4rem Meer- und Bergblick in La Finca de Marbella\" loading=\"lazy\" width=\"696\" height=\"522\" src=\"https:\/\/media.panoramamarbella.com\/imgV1\/B95mbh8olwFQm~uCUaVOI2kQT0hb0a8sZ9turUNfnwtvuccYCzs0YVPfPbfkc2VnnN1JFDpkYaGfw1gJsS~5hOu4DEBG602B7yC1Jdp3y4TeOLY1Z1ydnyCUtrZ_cg55b9oh_lBvgazy5O2g1_gcM1Mn1Ow5PKX57OmbI4LX9N1iZovDKdS7h2NKdCmu_IcCCbamB32OI8CN8lT5QSl0X~nNxhFpfCwovvgWNQudb7Q2RN5O2Ue2kLBWgvuDn_tZS1ODfuw~1DW3x0aSvYWwofvNJMZmUSD~oV~HuQFMu_Ch8UCZyJhUQ0qAb6W4nOpxht4ph2ixgaTIBXNYtZtZIIoxHHJpTe2~AXkZNfZPNT559CE_jHvDjrElZuXHkXdKkoSVl7bOp0ygRdmxuoIfkV~_j2Dwr_yQ1MoO1ryTQV2aTqeJxTeLv3cFgV8-.jpg\"><\/picture>\t\t\t<\/figure>\n\t\t\t\t\t\t<span class=\"card-properties-ref position-absolute z-2 bottom-0 end-0 bg-white text-primary py-1 px-3 me-3\">\n\t\t\t\tPANR-16316\t\t\t<\/span>\n\t\t\t<button class=\"card-properties-portfolio d-flex align-items-center justify-content-center position-absolute z-3 end-0 text-white bg-primary me-3 border-0 px-0\" data-pfl-id=\"695118\" data-pfl-filter=\"sale\" aria-label=\"Add to portfolio\">\n\t\t\t\t<svg width=\"18\" fill=\"currentColor\" viewBox=\"0 0 512 512\">\n\t\t\t\t\t<use href=\"https:\/\/www.panoramamarbella.com\/wp-content\/themes\/panoramamarbella\/dist\/src\/images\/icons.svg#svgHeart\"><\/use>\n\t\t\t\t<\/svg>\n\t\t\t\t<svg width=\"18\" fill=\"currentColor\" viewBox=\"0 0 512 512\">\n\t\t\t\t\t<use href=\"https:\/\/www.panoramamarbella.com\/wp-content\/themes\/panoramamarbella\/dist\/src\/images\/icons.svg#svgHeartIn\"><\/use>\n\t\t\t\t<\/svg>\n\t\t\t<\/button>\n\t\t<\/div>\n\t\t\t\t<button\n\t\t\tclass=\"carousel-control-prev\"\n\t\t\ttype=\"button\"\n\t\t\tdata-bs-target=\"#carouselCardProperties-1-2\"\n\t\t\tdata-bs-slide=\"prev\">\n\t\t\t<span class=\"carousel-control-prev-icon\" aria-hidden=\"true\"><\/span>\n\t\t\t<span class=\"visually-hidden\">Vorherige<\/span>\n\t\t<\/button>\n\t\t<button\n\t\t\tclass=\"carousel-control-next\"\n\t\t\ttype=\"button\"\n\t\t\tdata-bs-target=\"#carouselCardProperties-1-2\"\n\t\t\tdata-bs-slide=\"next\">\n\t\t\t<span class=\"carousel-control-next-icon\" aria-hidden=\"true\"><\/span>\n\t\t\t<span class=\"visually-hidden\">N\u00e4chste<\/span>\n\t\t<\/button>\n\t\t\t<\/div>\n\t<div class=\"d-flex flex-column h-100 px-3 py-4 shadow\">\n\t\t\t\t<h3 class=\"card-properties-title mb-3\">\n\t\t\t<a class=\"stretched-link\" href=\"\/de\/immobilien\/marbella\/marbella-ost\/la-finca-de-marbella\/villen\/PANR-16316\">\n\t\t\t\tModerne Villa mit spektakul\u00e4rem Meer- und Bergblick in La Finca de Marbella\t\t\t<\/a>\n\t\t<\/h3>\n\t\t<p class=\"mb-3 text-black-dark\">La Finca de Marbella, Marbella Ost<\/p>\n\t\t\t\t\t\t<p class=\"card-properties-description mb-3\">\n\t\t\tBeeindruckende Villa im zeitgen\u00f6ssischen Design, gelegen in La Finca de Marbella, einer exklusiven, geschlossenen Wohnanlage in Marbella Ost mit n\u00e4chtlicher \u00dcberwachung. Die Immobilie bietet 609 m\u00b2 Wohnfl\u00e4che auf einem 652 m\u00b2 gro\u00dfen Grundst\u00fcck und vereint&#8230;\t\t<\/p>\n\t\t\t\t<span class=\"card-properties-price mt-auto\">\n\t\t\t\n\t\t\t<span class=\"card-properties-price mt-auto\" data-original-price=\"3095000\">3.095.000\u00a0\u20ac<\/span>\n\t\t\t\t<\/span>\n\t\t\t\t<ul class=\"card-properties-features list-unstyled d-flex flex-wrap align-items-center gap-3 pt-3 border-top mt-3 mb-0\">\n\t\t\t<li class=\"d-flex align-items-center\">5 Schlafzimmer<\/li><li class=\"d-flex align-items-center\">5 B\u00e4der<\/li>\t\t\t\t<li class=\"d-flex align-items-center\">\n\t\t\t\t\t <span class=\"me-1\" data-original-value=\"609\" data-original-unit=\"m&#038;sup2\">609 m&sup2;<\/span>Gesamt\t\t\t\t<\/li>\n\t\t\t\t\t\t\t<li class=\"d-flex align-items-center\">\n\t\t\t\t\t <span class=\"me-1\" data-original-value=\"652\" data-original-unit=\"m&#038;sup2\">652 m&sup2;<\/span>Grundst\u00fcck\t\t\t\t<\/li>\n\t\t\t\t\t\t\t\t<li class=\"d-flex align-items-center\">\n\t\t\t\t\t <span class=\"me-1\" data-original-value=\"400\" data-original-unit=\"m&#038;sup2\">400 m&sup2;<\/span>Gebaut\t\t\t\t<\/li>\n\t\t\t\t\t\t\t<li class=\"d-flex align-items-center\">\n\t\t\t\t\t <span class=\"me-1\" data-original-value=\"209\" data-original-unit=\"m&#038;sup2\">209 m&sup2;<\/span>Terrassen\t\t\t\t<\/li>\n\t\t\t\t\t<\/ul>\n\t\t\t<\/div>\n<\/article>\n\t\t\t<\/div>\n\t\t\t<ul class=\"mw-100 d-flex flex-column flex-lg-row flex-lg-wrap justify-content-center gap-3 list-unstyled mt-5 mb-0\">\n    <li><a class=\"btn btn-primary w-100 px-4 py-2\" href=\"https:\/\/www.panoramamarbella.com\/de\/immobilien\/marbella\">Immobilien zum Verkauf<\/a><\/li><\/ul>\n\t\t<\/section>\n\t\t\n","protected":false},"excerpt":{"rendered":"<p>Remote- und Hybridarbeit ver\u00e4ndern, wo Berufst\u00e4tige leben. Entdecken Sie, warum Marbella eine stabile und hervorragend angebundene europ\u00e4ische Basis bietet.<\/p>\n","protected":false},"author":3,"featured_media":37256,"comment_status":"closed","ping_status":"closed","sticky":false,"template":"","format":"standard","meta":{"_acf_changed":false,"footnotes":""},"categories":[39],"tags":[],"class_list":["post-37807","post","type-post","status-publish","format-standard","has-post-thumbnail","hentry","category-marbella-lifestyle-de"],"acf":[],"_links":{"self":[{"href":"https:\/\/www.panoramamarbella.com\/de\/wp-json\/wp\/v2\/posts\/37807","targetHints":{"allow":["GET"]}}],"collection":[{"href":"https:\/\/www.panoramamarbella.com\/de\/wp-json\/wp\/v2\/posts"}],"about":[{"href":"https:\/\/www.panoramamarbella.com\/de\/wp-json\/wp\/v2\/types\/post"}],"author":[{"embeddable":true,"href":"https:\/\/www.panoramamarbella.com\/de\/wp-json\/wp\/v2\/users\/3"}],"replies":[{"embeddable":true,"href":"https:\/\/www.panoramamarbella.com\/de\/wp-json\/wp\/v2\/comments?post=37807"}],"version-history":[{"count":1,"href":"https:\/\/www.panoramamarbella.com\/de\/wp-json\/wp\/v2\/posts\/37807\/revisions"}],"predecessor-version":[{"id":40178,"href":"https:\/\/www.panoramamarbella.com\/de\/wp-json\/wp\/v2\/posts\/37807\/revisions\/40178"}],"wp:featuredmedia":[{"embeddable":true,"href":"https:\/\/www.panoramamarbella.com\/de\/wp-json\/wp\/v2\/media\/37256"}],"wp:attachment":[{"href":"https:\/\/www.panoramamarbella.com\/de\/wp-json\/wp\/v2\/media?parent=37807"}],"wp:term":[{"taxonomy":"category","embeddable":true,"href":"https:\/\/www.panoramamarbella.com\/de\/wp-json\/wp\/v2\/categories?post=37807"},{"taxonomy":"post_tag","embeddable":true,"href":"https:\/\/www.panoramamarbella.com\/de\/wp-json\/wp\/v2\/tags?post=37807"}],"curies":[{"name":"wp","href":"https:\/\/api.w.org\/{rel}","templated":true}]}}