{"id":37927,"date":"2025-03-19T10:00:00","date_gmt":"2025-03-19T09:00:00","guid":{"rendered":"https:\/\/www.panoramamarbella.com\/news\/marbellas-michelin-star-restaurants"},"modified":"2026-03-11T10:33:24","modified_gmt":"2026-03-11T09:33:24","slug":"restaurants-mit-michelin-stern","status":"publish","type":"post","link":"https:\/\/www.panoramamarbella.com\/de\/news\/restaurants-mit-michelin-stern","title":{"rendered":"Entdecken Sie Marbellas Haute Cuisine: 5 Restaurants mit Michelin-Stern"},"content":{"rendered":"\n\n<h2 class=\"wp-block-heading\">Genuss auf h\u00f6chstem Niveau: Entdecken Sie Marbellas Restaurants mit Michelin-Stern<\/h2>\n\n\n<div class=\"lead\"><p>Marbella ist ein kulinarisches Top-Reiseziel und Heimat einer Vielzahl von Restaurants mit Michelin-Stern. Ob Sie innovative Degustationsmen\u00fcs bevorzugen, traditionelle andalusische Aromen sch\u00e4tzen, die auf ein neues Niveau gehoben werden, oder immersive kulinarische Erlebnisse von weltweit gefeierten K\u00fcchenchefs suchen \u2013 die Michelin-pr\u00e4mierten H\u00e4user Marbellas versprechen eine unvergessliche Reise f\u00fcr alle Sinne.<\/p>\n<p>In diesem Guide stellen wir einige der besten Restaurants mit Michelin-Stern der Stadt vor, in denen makellose Technik, exquisite Zutaten und kunstvolle Pr\u00e4sentation zusammenkommen, um etwas wirklich Au\u00dfergew\u00f6hnliches zu schaffen.<\/p>\n<\/div>\n\n\n<ul class=\"table-index list-unstyled p-4 p-lg-5 ms-0 bg-light\"><li class=\"text-uppercase fw-bold mb-3\">Inhaltsverzeichnis<\/li><li><a href=\"#genuss+auf+hochstem+niveau+entdecken+sie+marbellas+restaurants+mit+michelinstern\">\nGenuss auf h\u00f6chstem Niveau: Entdecken Sie Marbellas Restaurants mit Michelin-Stern\n<\/a><\/li>\n<li><a href=\"#skina\">\nSkina\n<\/a><\/li>\n<li><a href=\"#nintai\">\nNintai\n<\/a><\/li>\n<li><a href=\"#el+lago\">\nEl Lago\n<\/a><\/li>\n<li><a href=\"#messina\">\nMessina\n<\/a><\/li>\n<li><a href=\"#back\">\nBack\n<\/a><\/li><\/ul>\n\n\n\n<h2 class=\"wp-block-heading\">Skina<\/h2>\n\n\n\t<figure class=\"wp-caption aligncenter wp-block-acf-wpimage\">\n\t<picture><source width=\"900\" height=\"628\" srcset=\"https:\/\/media.panoramamarbella.com\/imgV1\/B95mbh8olwFQm~uCT2wPZMb8hll4wghQQQq6YWg0~c~U_DrmgY8pGP8pqaDzA6mvjyI_OPtcrHD_aKxDZZGyEbKtaTlrCas~tapfr~YEGba45Ee3~8EuePctPM9XI4m~8LZG1FEQw8GJBRH_RFVo8rIQNwxQiMvjdzY121jqZhiEQsot2C8Lfpeafs~5A8co~VxpAceQkdgDXn0AZ3QEbHI4hvurPPHm.webp 900w\" type=\"image\/webp\"><img decoding=\"async\" class=\"img-fluid\" loading=\"lazy\" width=\"900\" height=\"628\" alt=\"Restaurants mit Michelin-Stern in Marbella: Ein Fine-Dining-Gericht, sorgf\u00e4ltig auf einer eleganten wei\u00dfen Unterlage angerichtet. Das Gericht zeigt ein St\u00fcck Fleisch, begleitet von Saucen in kr\u00e4ftigen Farben wie Rot, Gelb und Gr\u00fcn sowie einem wei\u00dfen Schaum. Eine Hand gie\u00dft mit einem L\u00f6ffel Sauce dar\u00fcber und setzt damit den letzten Akzent der Komposition. In der oberen linken Ecke ist ein kleines Gef\u00e4\u00df mit einem dekorativen Detail zu sehen. Der dunkle Hintergrund unterstreicht die Raffinesse und Feinheit des Gerichts und spiegelt ein luxuri\u00f6ses kulinarisches Erlebnis wider.\" src=\"https:\/\/media.panoramamarbella.com\/imgV1\/B95mbh8olwFQm~uCT2wPZMb8hll4wghQQQq6YWg0~c~U_DrmgY8pGP8pqaDzA6mvjyI_OPtcrHD_aKxDZZGyEbKtaTlrCas~tapfr~YEGba45Ee3~8EuePctPM9XI4m~8LZG1FEQw8GJBRH_RFVo8rIQNwxQiMvjdzY121jqZhiEQsotxkGVyrmICySDRoMq3pEc8ic-.jpg\"><\/picture>\t\t<\/figure>\n\t\n\n\n<p>Versteckt in Marbellas historischer Altstadt gl\u00e4nzt Skina mit zwei Michelin-Sternen und einer beeindruckenden Weinkarte mit mehr als 6.000 verschiedenen Weinen. Dieses intime Restaurant verbindet traditionelle andalusische Zutaten gekonnt mit modernen K\u00fcchentechniken. G\u00e4ste d\u00fcrfen sich auf exquisit pr\u00e4sentierte Gerichte, subtile Aromen zur Feier lokaler Produkte und ein Ambiente freuen, das zugleich raffiniert und einladend wirkt.<\/p>\n\n\n\n<ul class=\"wp-block-list\">\n<li><strong>Website<\/strong>: <a href=\"https:\/\/www.restauranteskina.com\/en\/\" data-type=\"link\" data-id=\"https:\/\/www.restauranteskina.com\/en\/\" target=\"_blank\" rel=\"noreferrer noopener nofollow\">restauranteskina.com<\/a><\/li>\n\n\n\n<li><strong>Adresse<\/strong>: Avda. C\u00e1novas del Castillo, 9, 29601, Marbella, M\u00e1laga<\/li>\n\n\n\n<li><strong>Telefon<\/strong>: +34 952 76 52 77 | +34 604 48 63 03<\/li>\n\n\n\n<li><strong>E-Mail<\/strong>: info@restauranteskina.com<\/li>\n<\/ul>\n\n\n\n<iframe src=\"https:\/\/www.google.com\/maps\/embed?pb=!1m18!1m12!1m3!1d3206.7648735061707!2d-4.9039716240001505!3d36.51153747233078!2m3!1f0!2f0!3f0!3m2!1i1024!2i768!4f13.1!3m3!1m2!1s0xd72d807a75e0ff9%3A0x42f4357a98ca3369!2sRestaurante%20Skina!5e0!3m2!1sen!2ses!4v1741969004458!5m2!1sen!2ses\" width=\"600\" height=\"450\" style=\"width:100%;height:350px;border:0;\" allowfullscreen=\"\" loading=\"lazy\" referrerpolicy=\"no-referrer-when-downgrade\"><\/iframe>\n\n\n\n<h2 class=\"wp-block-heading\">Nintai<\/h2>\n\n\n\n<p>Nintai versetzt Sie direkt nach Japan, ohne dass Sie Marbella verlassen m\u00fcssen. Dieses Restaurant schafft mit minimalistischer Einrichtung eine ruhige Atmosph\u00e4re, die sein Bekenntnis zur authentischen japanischen K\u00fcche perfekt erg\u00e4nzt.<\/p>\n\n\n\t<figure class=\"wp-caption aligncenter wp-block-acf-wpimage\">\n\t<picture><source width=\"900\" height=\"600\" srcset=\"https:\/\/media.panoramamarbella.com\/imgV1\/B95mbh8olwFQm~uCT2wPZMb8hll4wghQQQq6YWg0~c~U_DrmgY8pGP8pqaDzA6mvjyI_OPtcrHD_aKxDZZGyEbKtaTlrCas~tapfr~YEGba45Ee3~8EuePctPM9XI4m~8LZG1FEQw8Lrn14FAuHXJQ828pNhcLzsRcApy7s8dPB~jlGIBORmJE6TsYlZcSncI6EksXDlf9x4Guj0tl5iRpmVaVI70hn_.webp 900w\" type=\"image\/webp\"><img decoding=\"async\" class=\"img-fluid\" loading=\"lazy\" width=\"900\" height=\"600\" alt=\"Restaurants mit Michelin-Stern in Marbella. Restaurant Nintai. Das Bild zeigt ein modernes und elegantes Restaurant mit einer hellen Holztheke und grauen St\u00fchlen. Das Logo \u201eNINTAI Omakase Marbella\u201c ist an der Wand zu sehen. Das minimalistische Design wird durch ged\u00e4mpftes Licht und eine offene K\u00fcche im Hintergrund erg\u00e4nzt und schafft ein stilvolles und einladendes Ambiente f\u00fcr die G\u00e4ste.\" src=\"https:\/\/media.panoramamarbella.com\/imgV1\/B95mbh8olwFQm~uCT2wPZMb8hll4wghQQQq6YWg0~c~U_DrmgY8pGP8pqaDzA6mvjyI_OPtcrHD_aKxDZZGyEbKtaTlrCas~tapfr~YEGba45Ee3~8EuePctPM9XI4m~8LZG1FEQw8Lrn14FAuHXJQ828pNhcLzsRcApy7s8dPB~jlGIGmVUyjmWFuVxceAWjoyb2lM-.jpg\"><\/picture>\t\t<\/figure>\n\t\n\n\n<p>Der Gr\u00fcnder und Sommelier Marcos Granda hat Sake und Champagner meisterhaft mit sorgf\u00e4ltig zubereitetem Sushi und feinen Gerichten kombiniert, die Tradition und modernen Akzent ausbalancieren. So entsteht ein kulinarisches Erlebnis, bei dem jeder Bissen eine Lektion in kulinarischer Pr\u00e4zision ist.<\/p>\n\n\n\t<figure class=\"wp-caption aligncenter wp-block-acf-wpimage\">\n\t<picture><source width=\"900\" height=\"599\" srcset=\"https:\/\/media.panoramamarbella.com\/imgV1\/B95mbh8olwFQm~uCT2wPZMb8hll4wghQQQq6YWg0~c~U_DrmgY8pGP8pqaDzA6mvjyI_OPtcrHD_aKxDZZGyEbKtaTlrCas~tapfr~YEGba45Ee3~8EuePctPM9XI4m~8LZG1FEQw8N6m5gNfGHasAGY_Q3Mcyum_xUMGxeZdF~ZHP7ysEpsLfxnIAVXbxK_Or7H3W~86EcOf3gIjgCPqW8hHCRrgPtM.webp 900w\" type=\"image\/webp\"><img decoding=\"async\" class=\"img-fluid\" loading=\"lazy\" width=\"900\" height=\"599\" alt=\"Restaurants mit Michelin-Stern in Marbella. Restaurant Nintai. Das Bild zeigt einen Koch, der mit einem Messer sorgf\u00e4ltig ein St\u00fcck frischen Thunfisch schneidet, w\u00e4hrend er den Fisch in der Hand h\u00e4lt. Das ged\u00e4mpfte Licht betont die Pr\u00e4zision und das handwerkliche K\u00f6nnen bei der Zubereitung und spiegelt die Liebe zum Detail und die Fertigkeit in der K\u00fcche wider.\" src=\"https:\/\/media.panoramamarbella.com\/imgV1\/B95mbh8olwFQm~uCT2wPZMb8hll4wghQQQq6YWg0~c~U_DrmgY8pGP8pqaDzA6mvjyI_OPtcrHD_aKxDZZGyEbKtaTlrCas~tapfr~YEGba45Ee3~8EuePctPM9XI4m~8LZG1FEQw8N6m5gNfGHasAGY_Q3Mcyum_xUMGxeZdF~ZHP7yrlCddKxehiIplqyMTNu8skA-.jpg\"><\/picture>\t\t<\/figure>\n\t\n\n\n<ul class=\"wp-block-list\">\n<li><strong>Website<\/strong>: <a href=\"https:\/\/www.restaurantenintai.com\/en\/\" data-type=\"link\" data-id=\"https:\/\/www.restaurantenintai.com\/en\/\" target=\"_blank\" rel=\"noreferrer noopener nofollow\">restaurantenintai.com<\/a><\/li>\n\n\n\n<li><strong>Adresse<\/strong>: Street Ram\u00f3n G\u00f3mez de la Serna, 18, B, 29602 Marbella, M\u00e1laga<\/li>\n\n\n\n<li><strong>Telefon<\/strong>: + 34 952 777 817<\/li>\n\n\n\n<li><strong>E-Mail<\/strong>: info@restaurantenintai.com<\/li>\n<\/ul>\n\n\n\n<iframe src=\"https:\/\/www.google.com\/maps\/embed?pb=!1m18!1m12!1m3!1d3206.836392026397!2d-4.902179224000274!3d36.50981127233124!2m3!1f0!2f0!3f0!3m2!1i1024!2i768!4f13.1!3m3!1m2!1s0xd72d73c0bff0877%3A0x3235b06b492f596d!2sRestaurante%20Japon%C3%A9s%20-%20NINTAI!5e0!3m2!1sen!2ses!4v1741969113651!5m2!1sen!2ses\" width=\"600\" height=\"450\" style=\"width:100%;height:350px;border:0;\" allowfullscreen=\"\" loading=\"lazy\" referrerpolicy=\"no-referrer-when-downgrade\"><\/iframe>\n\n\n\n<h2 class=\"wp-block-heading\">El Lago<\/h2>\n\n\n\t<figure class=\"wp-caption aligncenter wp-block-acf-wpimage\">\n\t<picture><source width=\"900\" height=\"503\" srcset=\"https:\/\/media.panoramamarbella.com\/imgV1\/B95mbh8olwFQm~uCT2wPZMb8hll4wghQQQq6YWg0~c~U_DrmgY8pGP8pqaDzA6mvjyI_OPtcrHD_aKxDZZGyEbKtaTlrCas~tapfr~YEGba45Ee3~8EuePctPM9XI4m~8LZG1FEQw8RnooWuunrRPVM3_YIkbSOKmZolnKnnpE89xf4EyXH~ptFu7oYpt1KQ2m15NXHk2o1ZV0MOXvTvJnUXP1jygZYD.webp 900w\" type=\"image\/webp\"><img decoding=\"async\" class=\"img-fluid\" loading=\"lazy\" width=\"900\" height=\"503\" alt=\"Restaurants mit Michelin-Stern in Marbella. Restaurant El Lago: Das Bild zeigt eine Luftaufnahme eines eleganten Restaurants am See, umgeben von G\u00e4rten und B\u00e4umen. Das sanfte Licht der Abendd\u00e4mmerung schafft eine ruhige und entspannte Atmosph\u00e4re und unterstreicht die nat\u00fcrliche und architektonische Sch\u00f6nheit des Ortes.\" src=\"https:\/\/media.panoramamarbella.com\/imgV1\/B95mbh8olwFQm~uCT2wPZMb8hll4wghQQQq6YWg0~c~U_DrmgY8pGP8pqaDzA6mvjyI_OPtcrHD_aKxDZZGyEbKtaTlrCas~tapfr~YEGba45Ee3~8EuePctPM9XI4m~8LZG1FEQw8RnooWuunrRPVM3_YIkbSOKmZolnKnnpE89xf4E11oDGqgprbQtrj6Ahni6ye8-.jpg\"><\/picture>\t\t<\/figure>\n\t\n\n\n<p>Im malerischen Stadtteil Elviria in Marbella Ost gelegen, ist El Lago weit mehr als nur ein Ort zum Essen \u2013 es ist ein Erlebnis, das alle Sinne anspricht. Direkt an einem See gelegen und von gr\u00fcnen H\u00fcgeln umgeben, erg\u00e4nzt die nat\u00fcrliche Landschaft das kreative Men\u00fc, das sich auf lokale Zutaten konzentriert. Hier werden traditionelle andalusische Aromen mit innovativen Techniken neu interpretiert, sodass jedes Gericht zu einem visuellen und kulinarischen Genuss wird.<\/p>\n\n\n\n<ul class=\"wp-block-list\">\n<li><strong>Website<\/strong>: <a href=\"https:\/\/www.restauranteellago.com\/en\" data-type=\"link\" data-id=\"https:\/\/www.restauranteellago.com\/en\" target=\"_blank\" rel=\"noreferrer noopener nofollow\">restauranteellago.com<\/a><\/li>\n\n\n\n<li><strong>Adresse<\/strong>: Avenida Marco Polo, s\/n, 29604 Marbella, M\u00e1laga, Spain<\/li>\n\n\n\n<li><strong>Telefon<\/strong>: +34 952 83 23 71<\/li>\n\n\n\n<li><strong>E-Mail:<\/strong> restaurante@restauranteellago.com<\/li>\n<\/ul>\n\n\n\n<iframe src=\"https:\/\/www.google.com\/maps\/embed?pb=!1m18!1m12!1m3!1d3206.99963129268!2d-4.7792753!3d36.505871!2m3!1f0!2f0!3f0!3m2!1i1024!2i768!4f13.1!3m3!1m2!1s0xd7320907c9654b3%3A0xf99d974d5b7ae3db!2sRestaurante%20El%20Lago%20Marbella!5e0!3m2!1sen!2ses!4v1741969221197!5m2!1sen!2ses\" width=\"600\" height=\"450\" style=\"width:100%;height:350px;border:0;\" allowfullscreen=\"\" loading=\"lazy\" referrerpolicy=\"no-referrer-when-downgrade\"><\/iframe>\n\n\n\n<h2 class=\"wp-block-heading\">Messina<\/h2>\n\n\n\t<figure class=\"wp-caption aligncenter wp-block-acf-wpimage\">\n\t<picture><source width=\"900\" height=\"480\" srcset=\"https:\/\/media.panoramamarbella.com\/imgV1\/B95mbh8olwFQm~uCT2wPZMb8hll4wghQQQq6YWg0~c~U_DrmgY8pGP8pqaDzA6mvjyI_OPtcrHD_aKxDZZGyEbKtaTlrCas~tapfr~YEGba45Ee3~8EuePctPM9XI4m~8LZG1FEQw8VO6H1Bw1UzssyqP~5s8wWYI_Lub6YGFhTFmyU9EP_zkFXWiMnUx12SrjYLJnmFuGWia9y_9j2CL8FlQgjWg1Rt.webp 900w\" type=\"image\/webp\"><img decoding=\"async\" class=\"img-fluid\" loading=\"lazy\" width=\"900\" height=\"480\" alt=\"Restaurants mit Michelin-Stern in Marbella. Restaurant Messina: Das Bild zeigt den Speisesaal des Restaurants Messina mit runden Tischen mit wei\u00dfen Tischdecken, modernen St\u00fchlen und sorgf\u00e4ltig arrangiertem Glasgeschirr.\" src=\"https:\/\/media.panoramamarbella.com\/imgV1\/B95mbh8olwFQm~uCT2wPZMb8hll4wghQQQq6YWg0~c~U_DrmgY8pGP8pqaDzA6mvjyI_OPtcrHD_aKxDZZGyEbKtaTlrCas~tapfr~YEGba45Ee3~8EuePctPM9XI4m~8LZG1FEQw8VO6H1Bw1UzssyqP~5s8wWYI_Lub6YGFhTFmyU9DkZGGUM4J2sbNrbKlThqK0U-.jpg\"><\/picture>\t\t<\/figure>\n\t\n\n\n<p>Im pulsierenden Herzen Marbellas gelegen, bleibt Messina ein lokaler Schatz. Gegr\u00fcndet wurde es 2003 von seinen Inhabern, dem Chef-Patron Mauricio Giovanini und der Ma\u00eetre d\u2019 P\u00eda Ninci. Das Restaurant bietet mit seinen dynamischen Degustationsmen\u00fcs, die sich mit den Jahreszeiten weiterentwickeln, eine internationale Interpretation der mediterranen K\u00fcche und pr\u00e4sentiert dabei mutige und erfrischende Geschmackskombinationen. Das moderne und elegante Ambiente erg\u00e4nzt die Gerichte perfekt, die sowohl f\u00fcr das Auge als auch f\u00fcr den Gaumen ein Fest sind.<\/p>\n\n\n\n<ul class=\"wp-block-list\">\n<li><strong>Website<\/strong>: <a href=\"https:\/\/restaurantemessina.com\/en\/home-eng\/\" data-type=\"link\" data-id=\"https:\/\/restaurantemessina.com\/en\/home-eng\/\" target=\"_blank\" rel=\"noreferrer noopener nofollow\">restaurantemessina.com<\/a><\/li>\n\n\n\n<li><strong>Adresse<\/strong>: Avenida Severo Ochoa, 12, 29603 Marbella, M\u00e1laga, Spain<\/li>\n\n\n\n<li><strong>Telefon<\/strong>: +34 952 864 895 | +34 679 770 062<\/li>\n\n\n\n<li><strong>E-Mail<\/strong>: info@restaurantemessina.com<\/li>\n<\/ul>\n\n\n\n<iframe src=\"https:\/\/www.google.com\/maps\/embed?pb=!1m18!1m12!1m3!1d3206.8950925170075!2d-4.885460414220933!3d36.50839440099138!2m3!1f0!2f0!3f0!3m2!1i1024!2i768!4f13.1!3m3!1m2!1s0xd7327f636f76155%3A0xb7c6592bebc2de61!2sMessina%20Restaurante!5e0!3m2!1sen!2ses!4v1741969318178!5m2!1sen!2ses\" width=\"600\" height=\"450\" style=\"width:100%;height:350px;border:0;\" allowfullscreen=\"\" loading=\"lazy\" referrerpolicy=\"no-referrer-when-downgrade\"><\/iframe>\n\n\n\n<h2 class=\"wp-block-heading\">Back<\/h2>\n\n\n\t<figure class=\"wp-caption aligncenter wp-block-acf-wpimage\">\n\t<picture><source width=\"900\" height=\"600\" srcset=\"https:\/\/media.panoramamarbella.com\/imgV1\/B95mbh8olwFQm~uCT2wPZMb8hll4wghQQQq6YWg0~c~U_DrmgY8pGP8pqaDzA6mvjyI_OPtcrHD_aKxDZZGyEbKtaTlrCas~tapfr~YEGba45Ee3~8EuePctPM9XI4m~8LZG1FEQw8anov8MUG5tfRpSBZCYsqBxqeQo7l9Q_8XpJcAK9rzYpGf101vcxfg2L~RpNDT18pmbFELqFFgk0CUNDYIh_GCa.webp 900w\" type=\"image\/webp\"><img decoding=\"async\" class=\"img-fluid\" loading=\"lazy\" width=\"900\" height=\"600\" alt=\"Restaurants mit Michelin-Stern in Marbella. Restaurant Back: Das Bild zeigt eine k\u00f6stliche gastronomische Kreation mit Kaviar und einer Mischung aus Zutaten auf einer gelierten Basis, begleitet von goldbraunem Toast. Ein Messer schneidet behutsam durch das Gericht und hebt seine Textur und Detailarbeit hervor.\" src=\"https:\/\/media.panoramamarbella.com\/imgV1\/B95mbh8olwFQm~uCT2wPZMb8hll4wghQQQq6YWg0~c~U_DrmgY8pGP8pqaDzA6mvjyI_OPtcrHD_aKxDZZGyEbKtaTlrCas~tapfr~YEGba45Ee3~8EuePctPM9XI4m~8LZG1FEQw8anov8MUG5tfRpSBZCYsqBxqeQo7l9Q_8XpJcAK6D_~6H0wD~kUNO6l8p8H38w-.jpg\"><\/picture>\t\t<\/figure>\n\t\n\n\n<p>Back ist Marbellas neuestes Restaurant mit Michelin-Stern und wird vom Chef-Patron David Olivas gef\u00fchrt. Im <a href=\"https:\/\/www.surinenglish.com\/lifestyle\/food-drink\/back-creative-local-cuisine-marbella-20250217120757-nt.html\" data-type=\"link\" data-id=\"https:\/\/www.surinenglish.com\/lifestyle\/food-drink\/back-creative-local-cuisine-marbella-20250217120757-nt.html\" target=\"_blank\" rel=\"noopener\">Sur in <\/a><a href=\"https:\/\/www.surinenglish.com\/lifestyle\/food-drink\/back-creative-local-cuisine-marbella-20250217120757-nt.html\" target=\"_blank\" data-type=\"link\" data-id=\"https:\/\/www.surinenglish.com\/lifestyle\/food-drink\/back-creative-local-cuisine-marbella-20250217120757-nt.html\" rel=\"noreferrer noopener nofollow\">English<\/a> treffend beschrieben als \u201eGerichte, die \u00fcber die globalisierte K\u00fcche des 21. Jahrhunderts hinausgehen\u201c, bringt dieses Restaurant eine lebendige, spielerische Energie auf den Tisch. Wenn Sie auf der Suche nach einer abenteuerlichen Interpretation klassischer andalusischer Gerichte sind, sollten Sie diesen Ort unbedingt besuchen.<\/p>\n\n\n\t<figure class=\"wp-caption aligncenter wp-block-acf-wpimage\">\n\t<picture><source width=\"900\" height=\"600\" srcset=\"https:\/\/media.panoramamarbella.com\/imgV1\/B95mbh8olwFQm~uCT2wPZMb8hll4wghQQQq6YWg0~c~U_DrmgY8pGP8pqaDzA6mvjyI_OPtcrHD_aKxDZZGyEbKtaTlrCas~tapfr~YEGba45Ee3~8EuePctPM9XI4m~8LZG1FEQw8fy~ReHnf~BkjG~iRn3EL7Pwn9LQba9l4H~qVOrZA4hujTExnfIS73LNh0pHKBGdYftNpvh7YfwMgsZIawl6HCy.webp 900w\" type=\"image\/webp\"><img decoding=\"async\" class=\"img-fluid\" loading=\"lazy\" width=\"900\" height=\"600\" alt=\"Restaurants mit Michelin-Stern in Marbella. Restaurant Back: Das Bild zeigt ein elegantes Tablett mit einer Vielfalt fein arrangierter S\u00fc\u00dfigkeiten. Dazu geh\u00f6ren Lutscher mit Spiralen, Pralinen, Macarons und dekorative Figuren in Totenkopfform. Alles ist auf einer Basis aus Kakaobohnen pr\u00e4sentiert, was einen attraktiven und raffinierten visuellen Kontrast schafft.\" src=\"https:\/\/media.panoramamarbella.com\/imgV1\/B95mbh8olwFQm~uCT2wPZMb8hll4wghQQQq6YWg0~c~U_DrmgY8pGP8pqaDzA6mvjyI_OPtcrHD_aKxDZZGyEbKtaTlrCas~tapfr~YEGba45Ee3~8EuePctPM9XI4m~8LZG1FEQw8fy~ReHnf~BkjG~iRn3EL7Pwn9LQba9l4H~qVOrem0rtskJxkgJJWaNAUb7Px8-.jpg\"><\/picture>\t\t<\/figure>\n\t\n\n\n<p>Freuen Sie sich auf eine lebhafte Atmosph\u00e4re, erg\u00e4nzt durch Besonderheiten wie einen alternativen Weinkeller, ausgew\u00e4hlt vom Miteigent\u00fcmer und Sommelier Fabi\u00e1n Villar, sowie einen innovativen Lik\u00f6rwagen und eine au\u00dfergew\u00f6hnliche K\u00e4seauswahl.<\/p>\n\n\n\n<ul class=\"wp-block-list\">\n<li><strong>Website<\/strong>: <a href=\"https:\/\/www.backrestaurante.com\/\" data-type=\"link\" data-id=\"https:\/\/www.backrestaurante.com\/\" target=\"_blank\" rel=\"noreferrer noopener nofollow\">backrestaurante.com<\/a><\/li>\n\n\n\n<li><strong>Adresse<\/strong>: Pablo Casals Street, 8 Marbella, Malaga<\/li>\n\n\n\n<li><strong>Telefon<\/strong>: +34 951 55 00 45 | +34 615 99 31 20<\/li>\n\n\n\n<li><strong>E-Mail<\/strong>: rrpp@backrestaurant.com<\/li>\n<\/ul>\n\n\n\n<iframe src=\"https:\/\/www.google.com\/maps\/embed?pb=!1m18!1m12!1m3!1d3206.8638642746605!2d-4.897158924000303!3d36.50914817233159!2m3!1f0!2f0!3f0!3m2!1i1024!2i768!4f13.1!3m3!1m2!1s0xd73280003d69261%3A0xad5e5077cd2204d0!2sRestaurante%20BACK!5e0!3m2!1sen!2ses!4v1741969434465!5m2!1sen!2ses\" width=\"600\" height=\"450\" style=\"width:100%;height:350px;border:0;\" allowfullscreen=\"\" loading=\"lazy\" referrerpolicy=\"no-referrer-when-downgrade\"><\/iframe>\n\n\n\n<p>Marbellas Restaurants mit Michelin-Stern sind weit mehr als nur Orte zum Essen \u2013 sie sind selbst ein Reiseziel, an dem Leidenschaft, Kreativit\u00e4t und Tradition zusammenkommen, um ein unvergleichliches gastronomisches Erlebnis zu bieten, bei dem jeder Bissen eine Geschichte erz\u00e4hlt. Wenn Sie also das n\u00e4chste Mal in Marbella sind, lassen Sie sich von Ihrem Gaumen leiten und genie\u00dfen Sie die au\u00dfergew\u00f6hnlichen Aromen, die von einigen der talentiertesten K\u00fcchenchefs der Welt in <a href=\"https:\/\/www.panoramamarbella.com\/de\/news\/marbella-beste-europaische-reiseziel\" data-type=\"link\" data-id=\"https:\/\/www.panoramamarbella.com\/de\/news\/marbella-beste-europaische-reiseziel\">Marbella, Europas bestem Reiseziel 2024<\/a>, geschaffen werden.<\/p>\n\n\n<article class=\"col w-100 position-relative wp-block-acf-banner\">\n    <div class=\"d-flex flex-wrap flex-column flex-xl-row align-items-start align-items-xl-end gap-4 w-100 bg-secondary text-white p-4\">\n        <div class=\"d-flex flex-column\">\n\t\t\t            <a href=\"https:\/\/www.panoramamarbella.com\/de\/newsletter-fur-immobilien-zum-verkauf\" class=\"stretched-link text-white text-decoration-none\" title=\"Hat Ihnen der Artikel gefallen?\">\n\t\t\t\t<h2 class=\"text-white mb-3\">Hat Ihnen der Artikel gefallen?<\/h2>            <\/a>\n\t\t\t            <p class=\"mb-0\">\n                Abonnieren Sie unseren Newsletter f\u00fcr spannende Artikel, exklusive Inhalte und die neuesten Updates.            <\/p>\n\t\t\t        <\/div>\n\t\t        <span class=\"btn btn-outline-light ms-xl-auto\">Panorama newsletter<\/span>\n\t\t    <\/div>\n<\/article>\n\n\n\n\n\n\t\t<section class=\"container wp-block-acf-inmpropselection\">\n\t\t\t<h2>Genie\u00dfen Sie Luxus und entdecken Sie unsere exquisiten Immobilien in Marbella<\/h2>\t\t\t<div class=\"row row-cols-1 row-cols-lg-3 gy-5 g-xxl-5\">\n\t\t\t\t\n<article class=\"col card-properties position-relative d-flex flex-column\">\n\t<div id=\"carouselCardProperties-1-0\" class=\"card-properties-images carousel slide carousel-fade lazy\" data-bs-ride=\"carousel\" data-bs-interval=\"200000\" data-id=\"698664\">\n\t\t<div class=\"carousel-inner\">\n\t\t\t<figure class=\"carousel-item mb-0 active ratio ratio-4x3\">\n\t\t\t\t<picture><source sizes=\"(max-width: 575px) calc(100vw - 24px), (max-width: 767px) 516px, (max-width: 991px) 696px, (max-width: 1199px) 296px, (max-width: 1399px) 356px, 400px\" width=\"696\" height=\"522\" srcset=\"https:\/\/media.panoramamarbella.com\/imgV1\/B95mbh8olwFQm~uCUaVOI2kQT0hb0a8sZ9turUNfnwtvuccYCzs0YVPfPbfkc2VnnN1JFDpkYaGfw1gJsS~5hOu8ClA27V6xVP6zyKoKPS1Mn7WRHYZMLWv_YHD73v3wTA8HWCCOpMnXwN2uAr5VSPiSO7karRIMiZTPqCu_dZ5fuWR0YCW6_1pG5Bl~Hp5WroeZ3HQAZ5bJuMGEOv79bl9k214P5Nw2k7gr9ANpozAASAFpx51KqYb~IgRpbC3Nm7LGaJqZPuy9KH5g7qzcuC2cvd8aXgZUiX05nn3MiVFBu3_R0uApWqg0GDDTU7GVpDHN0uiwmWHOPGRGcV19lVB5JeSIN5bWCc0XpEoi3uZ0T3eXN37TL0i518tYi19KAllVsHHd0sbTDHyPO_Nw~4KnnSNcB9zdZy_Falf9Nm2Qd8UylRZPY3Up0552~WYpYFfMu6~cQQhix6~xJmlu.webp 696w,https:\/\/media.panoramamarbella.com\/imgV1\/B95mbh8olwFQm~uCUaVOI2kQT0hb0a8sZ9turUNfnwtvuccYCzs0YVPfPbfkc2VnnN1JFDpkYaGfw1gJsS~5hOu8ClA27V6xVP6zyKoKPS1Mn7WRHYZMLWv_YHD73v3wTA8HWCCOpMnXwN2uAr5VSPiSO7karRIMiZTPqCu_dxsgwbeNJ3yUNRGy~HNlq7dkSM2WX~69OJOJ5Rf_OC19ofiiJFxHjWv2u3u0P4hi6O0xoN_eKF2nSgtPXKVIDb6vkB7sMfUcYSFaA8MkPym_Gpt83~i_ztzET0MbhzNjsKTdK5NbqRNgl5yWC5YxwwmAj1QP7QCWT0mNwDbjKvcT6HKFDihRXrRi~rK1hGgEsn~KGSB8yKC8a2ZAlw1Y0g7iH3vxsT0JHikRupGzmmtHsrKXqc6p8M2~T5e5ifxWDLJfJRqdDdAaQRy8mbVTKnDv_ya2ucuiMT0AMrtAXM~J.webp 400w\" type=\"image\/webp\"><img decoding=\"async\" class=\"position-absolute w-100 h-100 object-fit-cover\" alt=\"Einzigartiges Erdgeschossapartment mit Meerblick in den Japanischen G\u00e4rten von Marina Puente Romano\" loading=\"lazy\" width=\"696\" height=\"522\" src=\"https:\/\/media.panoramamarbella.com\/imgV1\/B95mbh8olwFQm~uCUaVOI2kQT0hb0a8sZ9turUNfnwtvuccYCzs0YVPfPbfkc2VnnN1JFDpkYaGfw1gJsS~5hOu8ClA27V6xVP6zyKoKPS1Mn7WRHYZMLWv_YHD73v3wTA8HWCCOpMnXwN2uAr5VSPiSO7karRIMiZTPqCu_dZ5fuWR0YCW6_1pG5Bl~AOWCKsfURyq35vm55dIauvG9uVaSivcgS4ajblndO75z1CH0f2jKmqCp4xxFvz8SGfsGZsvJDXqx_1ZOdq6C3Ciw5BdH3mBMTlmpWiwr03l4R5h6rIkh70WK8PZkn3TMc7aMyNa5IHcJVNmTEhV8AxRljU0iGmAWvH9H8Jc12IGx0P0jWsreOMhWj1MxEo9KATyoLWCUe5JwyP7SYClFp7YUmD7e40GOUqwrJuzlqrEiOyMmHv7XqSzouqYV54M-.jpg\"><\/picture>\t\t\t<\/figure>\n\t\t\t\t\t\t<span class=\"card-properties-tag position-absolute z-2 top-0 start-0 bg-secondary text-white py-1 px-3 ms-3\">\n\t\t\t\tEmpfohlen\t\t\t<\/span>\n\t\t\t\t\t\t<span class=\"card-properties-ref position-absolute z-2 bottom-0 end-0 bg-white text-primary py-1 px-3 me-3\">\n\t\t\t\tPANR-16359\t\t\t<\/span>\n\t\t\t<button class=\"card-properties-portfolio d-flex align-items-center justify-content-center position-absolute z-3 end-0 text-white bg-primary me-3 border-0 px-0\" data-pfl-id=\"698664\" data-pfl-filter=\"sale\" aria-label=\"Add to portfolio\">\n\t\t\t\t<svg width=\"18\" fill=\"currentColor\" viewBox=\"0 0 512 512\">\n\t\t\t\t\t<use href=\"https:\/\/www.panoramamarbella.com\/wp-content\/themes\/panoramamarbella\/dist\/src\/images\/icons.svg#svgHeart\"><\/use>\n\t\t\t\t<\/svg>\n\t\t\t\t<svg width=\"18\" fill=\"currentColor\" viewBox=\"0 0 512 512\">\n\t\t\t\t\t<use href=\"https:\/\/www.panoramamarbella.com\/wp-content\/themes\/panoramamarbella\/dist\/src\/images\/icons.svg#svgHeartIn\"><\/use>\n\t\t\t\t<\/svg>\n\t\t\t<\/button>\n\t\t<\/div>\n\t\t\t\t<button\n\t\t\tclass=\"carousel-control-prev\"\n\t\t\ttype=\"button\"\n\t\t\tdata-bs-target=\"#carouselCardProperties-1-0\"\n\t\t\tdata-bs-slide=\"prev\">\n\t\t\t<span class=\"carousel-control-prev-icon\" aria-hidden=\"true\"><\/span>\n\t\t\t<span class=\"visually-hidden\">Vorherige<\/span>\n\t\t<\/button>\n\t\t<button\n\t\t\tclass=\"carousel-control-next\"\n\t\t\ttype=\"button\"\n\t\t\tdata-bs-target=\"#carouselCardProperties-1-0\"\n\t\t\tdata-bs-slide=\"next\">\n\t\t\t<span class=\"carousel-control-next-icon\" aria-hidden=\"true\"><\/span>\n\t\t\t<span class=\"visually-hidden\">N\u00e4chste<\/span>\n\t\t<\/button>\n\t\t\t<\/div>\n\t<div class=\"d-flex flex-column h-100 px-3 py-4 shadow\">\n\t\t\t\t<h3 class=\"card-properties-title mb-3\">\n\t\t\t<a class=\"stretched-link\" href=\"\/de\/immobilien\/marbella\/marbella-goldene-meile\/marina-puente-romano\/wohnungen\/PANR-16359\">\n\t\t\t\tEinzigartiges Erdgeschossapartment mit Meerblick in den Japanischen G\u00e4rten von Marina Puente Romano\t\t\t<\/a>\n\t\t<\/h3>\n\t\t<p class=\"mb-3 text-black-dark\">Marina Puente Romano, Marbella Goldene Meile<\/p>\n\t\t\t\t\t\t<p class=\"card-properties-description mb-3\">\n\t\t\tEntdecken Sie das Inbild m\u00fchelosen Luxuslebens in diesem exquisiten, nach S\u00fcdwesten ausgerichteten, erh\u00f6hten Erdgeschossapartment, eingebettet in das ikonische Puente Romano Beach Resort &amp; Spa \u2013 eine der prestigetr\u00e4chtigsten und begehrtesten Adressen der Goldenen Meile von&#8230;\t\t<\/p>\n\t\t\t\t<span class=\"card-properties-price mt-auto\">\n\t\t\t\n\t\t\t<span class=\"card-properties-price mt-auto\" data-original-price=\"4950000\">4.950.000\u00a0\u20ac<\/span>\n\t\t\t\t<\/span>\n\t\t\t\t<ul class=\"card-properties-features list-unstyled d-flex flex-wrap align-items-center gap-3 pt-3 border-top mt-3 mb-0\">\n\t\t\t<li class=\"d-flex align-items-center\">3 Schlafzimmer<\/li><li class=\"d-flex align-items-center\">3 B\u00e4der<\/li>\t\t\t\t<li class=\"d-flex align-items-center\">\n\t\t\t\t\t <span class=\"me-1\" data-original-value=\"180\" data-original-unit=\"m&#038;sup2\">180 m&sup2;<\/span>Gesamt\t\t\t\t<\/li>\n\t\t\t\t\t\t\t<li class=\"d-flex align-items-center\">\n\t\t\t\t\t <span class=\"me-1\" data-original-value=\"140\" data-original-unit=\"m&#038;sup2\">140 m&sup2;<\/span>Gebaut\t\t\t\t<\/li>\n\t\t\t\t\t\t\t<li class=\"d-flex align-items-center\">\n\t\t\t\t\t <span class=\"me-1\" data-original-value=\"40\" data-original-unit=\"m&#038;sup2\">40 m&sup2;<\/span>Terrassen\t\t\t\t<\/li>\n\t\t\t\t\t<\/ul>\n\t\t\t<\/div>\n<\/article>\n\n\n<article class=\"col card-properties position-relative d-flex flex-column\">\n\t<div id=\"carouselCardProperties-1-1\" class=\"card-properties-images carousel slide carousel-fade lazy\" data-bs-ride=\"carousel\" data-bs-interval=\"200000\" data-id=\"695118\">\n\t\t<div class=\"carousel-inner\">\n\t\t\t<figure class=\"carousel-item mb-0 active ratio ratio-4x3\">\n\t\t\t\t<picture><source sizes=\"(max-width: 575px) calc(100vw - 24px), (max-width: 767px) 516px, (max-width: 991px) 696px, (max-width: 1199px) 296px, (max-width: 1399px) 356px, 400px\" width=\"696\" height=\"522\" srcset=\"https:\/\/media.panoramamarbella.com\/imgV1\/B95mbh8olwFQm~uCUaVOI2kQT0hb0a8sZ9turUNfnwtvuccYCzs0YVPfPbfkc2VnnN1JFDpkYaGfw1gJsS~5hOu4DEBG602B7yC1Jdp3y4TeOLY1Z1ydnyCUtrZ_cg55b9oh_lBvgazy5O2g1_gcM1Mn1Ow5PKX57OmbI4LX9N1iZovDKdS7h2NKdCmu5rv2j3N5kmwyemzDviQCpZfh8oYiiycDfthWmsViL7m2SGu22dk3pYQwmonTGBVTMPnpok2iLA1s~Ez31zUif6YQ_T1RuoX8YUYJ0hQjxiqdRuucVt_OV_0Tl11ziS7D3b0Qd5l9W7j8Z4YL392tHHQG2gq1L1DgtsKT8tHn77MvpaJlRCzlgLMcCKysTnNdVP9IFQrByMRnnF4eaC3bt86MY2cYZuOXeqBkzJ2Ev9TcMExrVWMRzqF5ThzENfAa_I4hfSoSfqyAk0wmYOg1NDJy.webp 696w,https:\/\/media.panoramamarbella.com\/imgV1\/B95mbh8olwFQm~uCUaVOI2kQT0hb0a8sZ9turUNfnwtvuccYCzs0YVPfPbfkc2VnnN1JFDpkYaGfw1gJsS~5hOu4DEBG602B7yC1Jdp3y4TeOLY1Z1ydnyCUtrZ_cg55b9oh_lBvgazy5O2g1_gcM1Mn1Ow5PKX57OmbI4LX9vV4DQRVSkKDaK19Ew4ElBmV0iOMk_NmyAmobpJPaFYwCu3B5bDun3QbHKzcYLvzSIuDZ3g98DrfEuIwz21OE2ZEymoJg8jIcw2xyI2zCddCF3qd_N~1h7kTkFJcvqprSbJHgOvrGVPnj1PIbpSCoyLlpuM3oUYQYVg0QWDoSF34Wglv94UbOb08lyB5qtaSpaPoEAdU~gdcy_Bvah5MHGMC9bs2ibOaPQNoru87QTYhswDc540iAW~w89r1Ohcmgp~06Qj7bqMU_2qMaIPt~uP6jOM3GQjIAQ4evOsAaWJt.webp 400w\" type=\"image\/webp\"><img decoding=\"async\" class=\"position-absolute w-100 h-100 object-fit-cover\" alt=\"Moderne Villa mit spektakul\u00e4rem Meer- und Bergblick in La Finca de Marbella\" loading=\"lazy\" width=\"696\" height=\"522\" src=\"https:\/\/media.panoramamarbella.com\/imgV1\/B95mbh8olwFQm~uCUaVOI2kQT0hb0a8sZ9turUNfnwtvuccYCzs0YVPfPbfkc2VnnN1JFDpkYaGfw1gJsS~5hOu4DEBG602B7yC1Jdp3y4TeOLY1Z1ydnyCUtrZ_cg55b9oh_lBvgazy5O2g1_gcM1Mn1Ow5PKX57OmbI4LX9N1iZovDKdS7h2NKdCmu_IcCCbamB32OI8CN8lT5QSl0X~nNxhFpfCwovvgWNQudb7Q2RN5O2Ue2kLBWgvuDn_tZS1ODfuw~1DW3x0aSvYWwofvNJMZmUSD~oV~HuQFMu_Ch8UCZyJhUQ0qAb6W4nOpxht4ph2ixgaTIBXNYtZtZIIoxHHJpTe2~AXkZNfZPNT559CE_jHvDjrElZuXHkXdKkoSVl7bOp0ygRdmxuoIfkV~_j2Dwr_yQ1MoO1ryTQV2aTqeJxTeLv3cFgV8-.jpg\"><\/picture>\t\t\t<\/figure>\n\t\t\t\t\t\t<span class=\"card-properties-ref position-absolute z-2 bottom-0 end-0 bg-white text-primary py-1 px-3 me-3\">\n\t\t\t\tPANR-16316\t\t\t<\/span>\n\t\t\t<button class=\"card-properties-portfolio d-flex align-items-center justify-content-center position-absolute z-3 end-0 text-white bg-primary me-3 border-0 px-0\" data-pfl-id=\"695118\" data-pfl-filter=\"sale\" aria-label=\"Add to portfolio\">\n\t\t\t\t<svg width=\"18\" fill=\"currentColor\" viewBox=\"0 0 512 512\">\n\t\t\t\t\t<use href=\"https:\/\/www.panoramamarbella.com\/wp-content\/themes\/panoramamarbella\/dist\/src\/images\/icons.svg#svgHeart\"><\/use>\n\t\t\t\t<\/svg>\n\t\t\t\t<svg width=\"18\" fill=\"currentColor\" viewBox=\"0 0 512 512\">\n\t\t\t\t\t<use href=\"https:\/\/www.panoramamarbella.com\/wp-content\/themes\/panoramamarbella\/dist\/src\/images\/icons.svg#svgHeartIn\"><\/use>\n\t\t\t\t<\/svg>\n\t\t\t<\/button>\n\t\t<\/div>\n\t\t\t\t<button\n\t\t\tclass=\"carousel-control-prev\"\n\t\t\ttype=\"button\"\n\t\t\tdata-bs-target=\"#carouselCardProperties-1-1\"\n\t\t\tdata-bs-slide=\"prev\">\n\t\t\t<span class=\"carousel-control-prev-icon\" aria-hidden=\"true\"><\/span>\n\t\t\t<span class=\"visually-hidden\">Vorherige<\/span>\n\t\t<\/button>\n\t\t<button\n\t\t\tclass=\"carousel-control-next\"\n\t\t\ttype=\"button\"\n\t\t\tdata-bs-target=\"#carouselCardProperties-1-1\"\n\t\t\tdata-bs-slide=\"next\">\n\t\t\t<span class=\"carousel-control-next-icon\" aria-hidden=\"true\"><\/span>\n\t\t\t<span class=\"visually-hidden\">N\u00e4chste<\/span>\n\t\t<\/button>\n\t\t\t<\/div>\n\t<div class=\"d-flex flex-column h-100 px-3 py-4 shadow\">\n\t\t\t\t<h3 class=\"card-properties-title mb-3\">\n\t\t\t<a class=\"stretched-link\" href=\"\/de\/immobilien\/marbella\/marbella-ost\/la-finca-de-marbella\/villen\/PANR-16316\">\n\t\t\t\tModerne Villa mit spektakul\u00e4rem Meer- und Bergblick in La Finca de Marbella\t\t\t<\/a>\n\t\t<\/h3>\n\t\t<p class=\"mb-3 text-black-dark\">La Finca de Marbella, Marbella Ost<\/p>\n\t\t\t\t\t\t<p class=\"card-properties-description mb-3\">\n\t\t\tBeeindruckende Villa im zeitgen\u00f6ssischen Design, gelegen in La Finca de Marbella, einer exklusiven, geschlossenen Wohnanlage in Marbella Ost mit n\u00e4chtlicher \u00dcberwachung. Die Immobilie bietet 609 m\u00b2 Wohnfl\u00e4che auf einem 652 m\u00b2 gro\u00dfen Grundst\u00fcck und vereint&#8230;\t\t<\/p>\n\t\t\t\t<span class=\"card-properties-price mt-auto\">\n\t\t\t\n\t\t\t<span class=\"card-properties-price mt-auto\" data-original-price=\"3095000\">3.095.000\u00a0\u20ac<\/span>\n\t\t\t\t<\/span>\n\t\t\t\t<ul class=\"card-properties-features list-unstyled d-flex flex-wrap align-items-center gap-3 pt-3 border-top mt-3 mb-0\">\n\t\t\t<li class=\"d-flex align-items-center\">5 Schlafzimmer<\/li><li class=\"d-flex align-items-center\">5 B\u00e4der<\/li>\t\t\t\t<li class=\"d-flex align-items-center\">\n\t\t\t\t\t <span class=\"me-1\" data-original-value=\"609\" data-original-unit=\"m&#038;sup2\">609 m&sup2;<\/span>Gesamt\t\t\t\t<\/li>\n\t\t\t\t\t\t\t<li class=\"d-flex align-items-center\">\n\t\t\t\t\t <span class=\"me-1\" data-original-value=\"652\" data-original-unit=\"m&#038;sup2\">652 m&sup2;<\/span>Grundst\u00fcck\t\t\t\t<\/li>\n\t\t\t\t\t\t\t\t<li class=\"d-flex align-items-center\">\n\t\t\t\t\t <span class=\"me-1\" data-original-value=\"400\" data-original-unit=\"m&#038;sup2\">400 m&sup2;<\/span>Gebaut\t\t\t\t<\/li>\n\t\t\t\t\t\t\t<li class=\"d-flex align-items-center\">\n\t\t\t\t\t <span class=\"me-1\" data-original-value=\"209\" data-original-unit=\"m&#038;sup2\">209 m&sup2;<\/span>Terrassen\t\t\t\t<\/li>\n\t\t\t\t\t<\/ul>\n\t\t\t<\/div>\n<\/article>\n\n\n<article class=\"col card-properties position-relative d-flex flex-column\">\n\t<div id=\"carouselCardProperties-1-2\" class=\"card-properties-images carousel slide carousel-fade lazy\" data-bs-ride=\"carousel\" data-bs-interval=\"200000\" data-id=\"693005\">\n\t\t<div class=\"carousel-inner\">\n\t\t\t<figure class=\"carousel-item mb-0 active ratio ratio-4x3\">\n\t\t\t\t<picture><source sizes=\"(max-width: 575px) calc(100vw - 24px), (max-width: 767px) 516px, (max-width: 991px) 696px, (max-width: 1199px) 296px, (max-width: 1399px) 356px, 400px\" width=\"696\" height=\"522\" srcset=\"https:\/\/media.panoramamarbella.com\/imgV1\/B95mbh8olwFQm~uCUaVOI2kQT0hb0a8sZ9turUNfnwtvuccYCzs0YVPfPbfkc2VnnN1JFDpkYaGfw1gJsS~5hOp6Va7l8qiXSigRxLaNuxD6YlUNlb9CuZrq~AQx7pYPCFVPBNpyX378yd_NQq5xkYxdsiQfxKXbyr0ytrL6Q4RI4FVuFoI3gpz_s1htrTYxZufXidr0_DOej0dHrGOWGSDCBuQcoWSih5CzeI32T8Yx~OKmgDSXoJEF8G~TRYIuU_nYqaxc7AtEvGkZy8YMB3MwWR3nT4tXFJb8whYQOb69PFlblwBNb0Q0fFEe41uRSgKnxV67MlooAvX~Kd58_60eF_5hSWx8g~fPUmKz0PAV06ao86uTISAmUe4zd7MyGVHD3TOaDy4Aa6MotadfbBNm2SGYE~JjU3vKI32KVN2WmqsV0BMSOmESmv4Sgn3m9MrVioV17LJu2m9FWFOC.webp 696w,https:\/\/media.panoramamarbella.com\/imgV1\/B95mbh8olwFQm~uCUaVOI2kQT0hb0a8sZ9turUNfnwtvuccYCzs0YVPfPbfkc2VnnN1JFDpkYaGfw1gJsS~5hOp6Va7l8qiXSigRxLaNuxD6YlUNlb9CuZrq~AQx7pYPCFVPBNpyX378yd_NQq5xkYxdsiQfxKXbyr0ytrL6QQ2eHZ3fEkH4dLMi6bnpwUQ0zgRpGhsH5Vh8ibDYM6oOcvfByVrHNQaWEqPTXPdNAisGlNTzMt5sl5t2fwaSDjmrWqkdNDGVwQ0b5cNwirkwt3~Ev~qEV9GyuZ1Gn1yfT~O6gZDC2dX8plIJRCZlf0k4LI_ijBWAMR0YIRXwL~HSt86w9zLnqxIlxR61Nl80HModbRJRviLuSqsDtvvKy2VhtYTAYtVj~5PD~JfhS0LrQD1pCjmVvYzPmodyPyoiKId4m5h9kHaORV7_WDvzEcj8u2WRLhihIISI8wrGplw4.webp 400w\" type=\"image\/webp\"><img decoding=\"async\" class=\"position-absolute w-100 h-100 object-fit-cover\" alt=\"Triplex-Wohnung mit privatem Pool und Meerblick in Benal\u00fas an der Goldenen Meile\" loading=\"lazy\" width=\"696\" height=\"522\" src=\"https:\/\/media.panoramamarbella.com\/imgV1\/B95mbh8olwFQm~uCUaVOI2kQT0hb0a8sZ9turUNfnwtvuccYCzs0YVPfPbfkc2VnnN1JFDpkYaGfw1gJsS~5hOp6Va7l8qiXSigRxLaNuxD6YlUNlb9CuZrq~AQx7pYPCFVPBNpyX378yd_NQq5xkYxdsiQfxKXbyr0ytrL6Q4RI4FVuFoI3gpz_s1hts5WnJWOpQZ4c7tAi72BINNZvISz491l04SlHZf5tQfBP9PpCt5CQSPkrqCd6jsoDQQDz8GXao_8yCVVr83~ZlZ5KVpdWgTm7YVsg6YFCKkbtTat96mlsGHbDXvFeLVU8tW7bLt02ZgppVC9RLQAWpSPdU~WPPLyPAdSP3CZ6issdhoSK32iJJyGCZjPw44vGx9A1oTvwmniLcczJ6IfP0BwhsBcGA~3YDPzEF6jOyTPmGtjQeD2pZztdtyOw6kI-.jpg\"><\/picture>\t\t\t<\/figure>\n\t\t\t\t\t\t<span class=\"card-properties-ref position-absolute z-2 bottom-0 end-0 bg-white text-primary py-1 px-3 me-3\">\n\t\t\t\tPANR-16292\t\t\t<\/span>\n\t\t\t<button class=\"card-properties-portfolio d-flex align-items-center justify-content-center position-absolute z-3 end-0 text-white bg-primary me-3 border-0 px-0\" data-pfl-id=\"693005\" data-pfl-filter=\"sale\" aria-label=\"Add to portfolio\">\n\t\t\t\t<svg width=\"18\" fill=\"currentColor\" viewBox=\"0 0 512 512\">\n\t\t\t\t\t<use href=\"https:\/\/www.panoramamarbella.com\/wp-content\/themes\/panoramamarbella\/dist\/src\/images\/icons.svg#svgHeart\"><\/use>\n\t\t\t\t<\/svg>\n\t\t\t\t<svg width=\"18\" fill=\"currentColor\" viewBox=\"0 0 512 512\">\n\t\t\t\t\t<use href=\"https:\/\/www.panoramamarbella.com\/wp-content\/themes\/panoramamarbella\/dist\/src\/images\/icons.svg#svgHeartIn\"><\/use>\n\t\t\t\t<\/svg>\n\t\t\t<\/button>\n\t\t<\/div>\n\t\t\t\t<button\n\t\t\tclass=\"carousel-control-prev\"\n\t\t\ttype=\"button\"\n\t\t\tdata-bs-target=\"#carouselCardProperties-1-2\"\n\t\t\tdata-bs-slide=\"prev\">\n\t\t\t<span class=\"carousel-control-prev-icon\" aria-hidden=\"true\"><\/span>\n\t\t\t<span class=\"visually-hidden\">Vorherige<\/span>\n\t\t<\/button>\n\t\t<button\n\t\t\tclass=\"carousel-control-next\"\n\t\t\ttype=\"button\"\n\t\t\tdata-bs-target=\"#carouselCardProperties-1-2\"\n\t\t\tdata-bs-slide=\"next\">\n\t\t\t<span class=\"carousel-control-next-icon\" aria-hidden=\"true\"><\/span>\n\t\t\t<span class=\"visually-hidden\">N\u00e4chste<\/span>\n\t\t<\/button>\n\t\t\t<\/div>\n\t<div class=\"d-flex flex-column h-100 px-3 py-4 shadow\">\n\t\t\t\t<h3 class=\"card-properties-title mb-3\">\n\t\t\t<a class=\"stretched-link\" href=\"\/de\/immobilien\/marbella\/marbella-goldene-meile\/benalus\/wohnungen\/PANR-16292\">\n\t\t\t\tTriplex-Wohnung mit privatem Pool und Meerblick in Benal\u00fas an der Goldenen Meile\t\t\t<\/a>\n\t\t<\/h3>\n\t\t<p class=\"mb-3 text-black-dark\">Benal\u00fas, Marbella Goldene Meile<\/p>\n\t\t\t\t\t\t<p class=\"card-properties-description mb-3\">\n\t\t\tEntlang der ikonischen Goldenen Meile Marbellas gelegen, ist Benal\u00fas eine exklusive Wohnanlage, die zeitgen\u00f6ssische architektonische Eleganz perfekt mit einer au\u00dfergew\u00f6hnlichen Lage neben dem renommierten Puente Romano-Gebiet vereint. Die Boutique-Residenz umfasst nur 28 Wohnungen und bietet&#8230;\t\t<\/p>\n\t\t\t\t<span class=\"card-properties-price mt-auto\">\n\t\t\t\n\t\t\t<span class=\"card-properties-price mt-auto\" data-original-price=\"4450000\">4.450.000\u00a0\u20ac<\/span>\n\t\t\t\t<\/span>\n\t\t\t\t<ul class=\"card-properties-features list-unstyled d-flex flex-wrap align-items-center gap-3 pt-3 border-top mt-3 mb-0\">\n\t\t\t<li class=\"d-flex align-items-center\">4 Schlafzimmer<\/li><li class=\"d-flex align-items-center\">4 B\u00e4der<\/li>\t\t\t\t<li class=\"d-flex align-items-center\">\n\t\t\t\t\t <span class=\"me-1\" data-original-value=\"748\" data-original-unit=\"m&#038;sup2\">748 m&sup2;<\/span>Gesamt\t\t\t\t<\/li>\n\t\t\t\t\t\t\t<li class=\"d-flex align-items-center\">\n\t\t\t\t\t <span class=\"me-1\" data-original-value=\"157\" data-original-unit=\"m&#038;sup2\">157 m&sup2;<\/span>Grundst\u00fcck\t\t\t\t<\/li>\n\t\t\t\t\t\t\t\t<li class=\"d-flex align-items-center\">\n\t\t\t\t\t <span class=\"me-1\" data-original-value=\"482\" data-original-unit=\"m&#038;sup2\">482 m&sup2;<\/span>Gebaut\t\t\t\t<\/li>\n\t\t\t\t\t\t\t<li class=\"d-flex align-items-center\">\n\t\t\t\t\t <span class=\"me-1\" data-original-value=\"266\" data-original-unit=\"m&#038;sup2\">266 m&sup2;<\/span>Terrassen\t\t\t\t<\/li>\n\t\t\t\t\t<\/ul>\n\t\t\t<\/div>\n<\/article>\n\t\t\t<\/div>\n\t\t\t<ul class=\"mw-100 d-flex flex-column flex-lg-row flex-lg-wrap justify-content-center gap-3 list-unstyled mt-5 mb-0\">\n    <li><a class=\"btn btn-primary w-100 px-4 py-2\" href=\"https:\/\/www.panoramamarbella.com\/de\/immobilien\/marbella\">Immobilien zum Verkauf in Marbella<\/a><\/li><\/ul>\n\t\t<\/section>\n\t\t\n","protected":false},"excerpt":{"rendered":"<p>Lassen Sie sich von Ihrem Gaumen leiten und entdecken Sie die au\u00dfergew\u00f6hnlichsten Aromen der Restaurants mit Michelin-Stern in Marbella.<\/p>\n","protected":false},"author":3,"featured_media":14131,"comment_status":"closed","ping_status":"closed","sticky":false,"template":"","format":"standard","meta":{"_acf_changed":false,"footnotes":""},"categories":[39],"tags":[],"class_list":["post-37927","post","type-post","status-publish","format-standard","has-post-thumbnail","hentry","category-marbella-lifestyle-de"],"acf":[],"_links":{"self":[{"href":"https:\/\/www.panoramamarbella.com\/de\/wp-json\/wp\/v2\/posts\/37927","targetHints":{"allow":["GET"]}}],"collection":[{"href":"https:\/\/www.panoramamarbella.com\/de\/wp-json\/wp\/v2\/posts"}],"about":[{"href":"https:\/\/www.panoramamarbella.com\/de\/wp-json\/wp\/v2\/types\/post"}],"author":[{"embeddable":true,"href":"https:\/\/www.panoramamarbella.com\/de\/wp-json\/wp\/v2\/users\/3"}],"replies":[{"embeddable":true,"href":"https:\/\/www.panoramamarbella.com\/de\/wp-json\/wp\/v2\/comments?post=37927"}],"version-history":[{"count":1,"href":"https:\/\/www.panoramamarbella.com\/de\/wp-json\/wp\/v2\/posts\/37927\/revisions"}],"predecessor-version":[{"id":38154,"href":"https:\/\/www.panoramamarbella.com\/de\/wp-json\/wp\/v2\/posts\/37927\/revisions\/38154"}],"wp:featuredmedia":[{"embeddable":true,"href":"https:\/\/www.panoramamarbella.com\/de\/wp-json\/wp\/v2\/media\/14131"}],"wp:attachment":[{"href":"https:\/\/www.panoramamarbella.com\/de\/wp-json\/wp\/v2\/media?parent=37927"}],"wp:term":[{"taxonomy":"category","embeddable":true,"href":"https:\/\/www.panoramamarbella.com\/de\/wp-json\/wp\/v2\/categories?post=37927"},{"taxonomy":"post_tag","embeddable":true,"href":"https:\/\/www.panoramamarbella.com\/de\/wp-json\/wp\/v2\/tags?post=37927"}],"curies":[{"name":"wp","href":"https:\/\/api.w.org\/{rel}","templated":true}]}}