{"id":38347,"date":"2026-03-11T16:52:26","date_gmt":"2026-03-11T15:52:26","guid":{"rendered":"https:\/\/www.panoramamarbella.com\/?p=38347"},"modified":"2026-03-12T13:21:00","modified_gmt":"2026-03-12T12:21:00","slug":"grune-hypotheken-in-spanien","status":"publish","type":"post","link":"https:\/\/www.panoramamarbella.com\/de\/news\/grune-hypotheken-in-spanien","title":{"rendered":"Gr\u00fcne Hypotheken und nachhaltige Immobilien in Spanien"},"content":{"rendered":"\n\n<h2 class=\"wp-block-heading\">Gr\u00fcne Hypotheken und der Aufstieg nachhaltiger Immobilien in Spanien<\/h2>\n\n\n<div class=\"lead\"><p>W\u00e4hrend eines Gro\u00dfteils der vergangenen zwei Jahrzehnte wurde Nachhaltigkeit im Immobilienbereich als zus\u00e4tzlicher Vorteil betrachtet. Eine positive Eigenschaft, vielleicht sogar ein Verkaufsargument, aber nur selten der Ausgangspunkt eines Gespr\u00e4chs. Das hat sich ge\u00e4ndert.<\/p>\n<p>In ganz Europa und zunehmend auch in Spanien wird Nachhaltigkeit im Immobiliensektor zum neuen Standard. Projektentwickler planen anders, und K\u00e4ufer suchen nach zukunftssicheren, umweltbewussten H\u00e4usern. Auch Banken beginnen, die Energieeffizienz bei der Finanzierung von Wohnimmobilien zu ber\u00fccksichtigen, was zum j\u00fcngsten Aufstieg der sogenannten gr\u00fcnen Hypotheken gef\u00fchrt hat.<\/p>\n<\/div>\n\n\n<ul class=\"table-index list-unstyled p-4 p-lg-5 ms-0 bg-light\"><li class=\"text-uppercase fw-bold mb-3\">Inhaltsverzeichnis<\/li><li><a href=\"#grune+hypotheken+und+der+aufstieg+nachhaltiger+immobilien+in+spanien\">\nGr\u00fcne Hypotheken und der Aufstieg nachhaltiger Immobilien in Spanien\n<\/a><\/li>\n<li><a href=\"#was+genau+ist+eine+grune+hypothek\">\nWas genau ist eine gr\u00fcne Hypothek?\n<\/a><\/li>\n<li><a href=\"#warum+energieeffizienz+zu+einem+wertfaktor+wird\">\nWarum Energieeffizienz zu einem Wertfaktor wird\n<\/a><\/li>\n<li><a href=\"#wie+nachhaltigkeit+in+das+anforderungsprofil+im+luxussegment+einzieht\">\nWie Nachhaltigkeit in das Anforderungsprofil im Luxussegment einzieht\n<\/a><\/li>\n<li><a href=\"#der+regulatorische+rahmen\">\nDer regulatorische Rahmen\n<\/a><\/li>\n<li><a href=\"#nachhaltige+entwicklung+ist+die+zukunft\">\nNachhaltige Entwicklung ist die Zukunft\n<\/a><\/li>\n<li><a href=\"#nachhaltige+hauser+in+marbella\">\nNachhaltige H\u00e4user in Marbella\n<\/a><\/li><\/ul>\n\n\n\t<figure class=\"wp-caption aligncenter wp-block-acf-wpimage\">\n\t<picture><source width=\"900\" height=\"600\" srcset=\"https:\/\/media.panoramamarbella.com\/imgV1\/B95mbh8olwFQm~uCT2wPZMb8hll4wghQQQq6YWg0~c~U_DrmgY8pGP8pqaDzA6mvjyI_OPtcrHD_aKxAUQWwUa3uHDJ5ltjq2pkb2OlsCN_JPCTWD20t4SlmMlxi25eMRsd7RoXjjt8iKSZ9yr3M6Xu14~g1hMGGy8nQNItKiGiBp0FH_~Efp5gSLEcUGqLuiNrfZUeobbjg9ru6NEM32AmkpqWULMxICDmLQQ--.webp 900w\" type=\"image\/webp\"><img decoding=\"async\" class=\"img-fluid\" loading=\"lazy\" width=\"900\" height=\"600\" alt=\"Gr\u00fcne Hypotheken. Nahaufnahme der Fassade eines traditionellen Bankgeb\u00e4udes mit goldener Beschriftung und klassischen S\u00e4ulen, als Sinnbild f\u00fcr Hypothekenvergabe und Immobilienfinanzierung.\" src=\"https:\/\/media.panoramamarbella.com\/imgV1\/B95mbh8olwFQm~uCT2wPZMb8hll4wghQQQq6YWg0~c~U_DrmgY8pGP8pqaDzA6mvjyI_OPtcrHD_aKxAUQWwUa3uHDJ5ltjq2pkb2OlsCN_JPCTWD20t4SlmMlxi25eMRsd7RoXjjt8iKSZ9yr3M6Xu14~g1hMGGy8nQNItKiGiBp0FH_~Efp4b9UPGrU9P05FEALVzc1kPp.jpg\"><\/picture>\t\t\t<figcaption class=\"wp-caption-text\">\n\t\tBanken in Spanien beginnen, die Energieeffizienz bei der Finanzierung von Wohnimmobilien zu ber\u00fccksichtigen\t\t<\/figcaption>\n\t\t\t<\/figure>\n\t\n\n\n<h2 class=\"wp-block-heading\">Was genau ist eine gr\u00fcne Hypothek?<\/h2>\n\n\n\n<p>Vereinfacht gesagt ist eine gr\u00fcne Hypothek ein Immobiliendarlehen f\u00fcr Objekte, die bestimmte Standards der Energieeffizienz erf\u00fcllen, oder f\u00fcr Eigent\u00fcmer, die die Energieeffizienz einer Immobilie verbessern m\u00f6chten.<\/p>\n\n\n\n<p>Je nach Kreditinstitut kann dies leicht g\u00fcnstigere Hypothekenkonditionen f\u00fcr H\u00e4user mit hoher Energieeffizienz bedeuten oder eine Finanzierung, die es K\u00e4ufern erm\u00f6glicht, nachhaltige Modernisierungen direkt in den Kauf einzubeziehen.<\/p>\n\n\n\n<p>Mehrere gro\u00dfe spanische Banken bieten inzwischen Varianten dieser Produkte an. Die \u201eHipoteca Eficiente\u201c von CaixaBank erm\u00f6glicht es K\u00e4ufern beispielsweise, Renovierungsarbeiten in die Hypothek einzubeziehen, sofern diese Ma\u00dfnahmen die Energieeffizienz der Immobilie deutlich verbessern. Auch Santander, BBVA und Bankinter haben gr\u00fcne Finanzierungsprodukte eingef\u00fchrt, die an H\u00e4user mit hoher Energieeffizienz gekoppelt sind.<\/p>\n\n\n\t<figure class=\"wp-caption aligncenter wp-block-acf-wpimage\">\n\t<picture><source width=\"900\" height=\"600\" srcset=\"https:\/\/media.panoramamarbella.com\/imgV1\/B95mbh8olwFQm~uCT2wPZMb8hll4wghQQQq6YWg0~c~U_DrmgY8pGP8pqaDzA6mvjyI_OPtcrHD_aKxAUQWwUa4yiqIpNCZExYmzDhKmQJPlkFMv20exyd58WffvvDzVVa4iMj3fZH0kPkRL5Uq2i8v1quKecunCWZ057NmhWSefBRMD6bE6U_KUQQJ2lDgLmlWMcZ2il8k0lYIKTNsPy8lvz17POnRI~GNEIA--.webp 900w\" type=\"image\/webp\"><img decoding=\"async\" class=\"img-fluid\" loading=\"lazy\" width=\"900\" height=\"600\" alt=\"Holzbl\u00f6cke mit kleinen gr\u00fcnen Bl\u00e4ttern und einem nach oben gerichteten Pfeil, die den steigenden Wert nachhaltiger und energieeffizienter H\u00e4user symbolisieren.\" src=\"https:\/\/media.panoramamarbella.com\/imgV1\/B95mbh8olwFQm~uCT2wPZMb8hll4wghQQQq6YWg0~c~U_DrmgY8pGP8pqaDzA6mvjyI_OPtcrHD_aKxAUQWwUa4yiqIpNCZExYmzDhKmQJPlkFMv20exyd58WffvvDzVVa4iMj3fZH0kPkRL5Uq2i8v1quKecunCWZ057NmhWSefBRMD6bE6U~yx6alSd2xbEUeID_GsZV9T.jpg\"><\/picture>\t\t\t<figcaption class=\"wp-caption-text\">\n\t\tH\u00e4user mit hoher Energieeffizienz werden zu h\u00f6heren Preisen verkauft\t\t<\/figcaption>\n\t\t\t<\/figure>\n\t\n\n\n<h2 class=\"wp-block-heading\">Warum Energieeffizienz zu einem Wertfaktor wird<\/h2>\n\n\n\n<p>F\u00fcr den Luxusimmobilienmarkt geht die Bedeutung dieses Trends \u00fcber die Hypotheken selbst hinaus.<\/p>\n\n\n\n<p>Viele K\u00e4ufer von Premium-Immobilien an der Costa del Sol erwerben eine Immobilie, ohne in gro\u00dfem Ma\u00dfe auf eine Finanzierung angewiesen zu sein, sodass eine gr\u00fcne Hypothek nicht zwangsl\u00e4ufig ein entscheidender Faktor ist. Finanzprodukte zeigen jedoch oft, wohin sich der Markt entwickelt.<\/p>\n\n\n\n<p>Wenn Banken beginnen, Effizienz zu belohnen, deutet das auf einen umfassenderen Wandel bei der Bewertung von Immobilienqualit\u00e4t hin.<\/p>\n\n\n\n<p>Eine <a href=\"https:\/\/www.bde.es\/wbe\/en\/publicaciones\/analisis-economico-investigacion\/documentos-ocasionales\/influye-la-eficiencia-energetica-en-el-precio-de-la-vivienda-en-espana.html?utm_source=chatgpt.com\" target=\"_blank\" rel=\"noreferrer noopener nofollow\">Studie<\/a> der Banco de Espa\u00f1a hat diesen Zusammenhang bereits hervorgehoben. Eine Untersuchung von mehr als einer Million Wohnimmobilienverk\u00e4ufen ergab, dass H\u00e4user mit besserer Energieeffizienz Preise erzielten, die bis zu 9,7 % h\u00f6her lagen als bei den am wenigsten effizienten Immobilien. Dieser Aufschlag ist in den vergangenen Jahren mit dem wachsenden Energiebewusstsein gestiegen.<\/p>\n\n\n\t<figure class=\"wp-caption aligncenter wp-block-acf-wpimage\">\n\t<picture><source width=\"900\" height=\"600\" srcset=\"https:\/\/media.panoramamarbella.com\/imgV1\/B95mbh8olwFQm~uCT2wPZMb8hll4wghQQQq6YWg0~c~U_DrmgY8pGP8pqaDzA6mvjyI_OPtcrHD_aKxAUQWwUa_K14uNo0T90VsnHUoAUhHDoDFDhekzK78XOLL7yNNxHaNtCYGfWBbe7LepagN2eRSaVz4ouI40aXtfVGATYvfbhaTC_euqDUVhvBl_gTTUZXigGpgU313dqYQZGnUSknPU3zVTJnj_TrPr~g--.webp 900w\" type=\"image\/webp\"><img decoding=\"async\" class=\"img-fluid\" loading=\"lazy\" width=\"900\" height=\"600\" alt=\"Auf einem Hausdach im Sonnenlicht installierte Solarmodule, die erneuerbare Energie und nachhaltiges Wohndesign hervorheben.\" src=\"https:\/\/media.panoramamarbella.com\/imgV1\/B95mbh8olwFQm~uCT2wPZMb8hll4wghQQQq6YWg0~c~U_DrmgY8pGP8pqaDzA6mvjyI_OPtcrHD_aKxAUQWwUa_K14uNo0T90VsnHUoAUhHDoDFDhekzK78XOLL7yNNxHaNtCYGfWBbe7LepagN2eRSaVz4ouI40aXtfVGATYvfbhaTC_euqDVukF0Ev1J~bGXhdgOig_7tb.jpg\"><\/picture>\t\t\t<figcaption class=\"wp-caption-text\">\n\t\tEin geringerer Energieverbrauch ist heute ein ganz normaler Teil des Gespr\u00e4chs \u00fcber Immobilien\t\t<\/figcaption>\n\t\t\t<\/figure>\n\t\n\n\n<h2 class=\"wp-block-heading\">Wie Nachhaltigkeit in das Anforderungsprofil im Luxussegment einzieht<\/h2>\n\n\n\n<p>Luxusimmobilien haben sich schon immer im Einklang mit den Erwartungen an den Lebensstil weiterentwickelt. K\u00e4ufer von heute w\u00fcnschen sich nach wie vor sch\u00f6ne Architektur, Privatsph\u00e4re, Ausblicke und eine hervorragende Lage, achten aber auch zunehmend darauf, wie gut ein Zuhause funktioniert.<\/p>\n\n\n\n<p>Die Qualit\u00e4t der D\u00e4mmung, Verglasungssysteme, erneuerbare Energien, intelligente Klimasteuerung und Bauweise werden immer mehr Teil des Gespr\u00e4chs. Dabei geht es nicht nur um Umweltverantwortung, sondern auch um Komfort und Alltagstauglichkeit.<\/p>\n\n\n\n<p>Ein gut geplantes Zuhause, das w\u00e4hrend der langen Sommer in Marbella angenehm k\u00fchl bleibt, das ganze Jahr \u00fcber stabile Temperaturen h\u00e4lt und im Hintergrund effizient funktioniert, f\u00fchlt sich einfach besser zum Leben an. Ein geringerer Energieverbrauch, ruhigere Innenr\u00e4ume und intelligentere Klimasysteme sind praktische Vorteile, die Bewohner jeden Tag sp\u00fcren.<\/p>\n\n\n\t<figure class=\"wp-caption aligncenter wp-block-acf-wpimage\">\n\t<picture><source width=\"900\" height=\"520\" srcset=\"https:\/\/media.panoramamarbella.com\/imgV1\/B95mbh8olwFQm~uCT2wPZMb8hll4wghQQQq6YWg0~c~U_DrmgY8pGP8pqaDzA6mvjyI_OPtcrHD_aKxAUQWwUah5wP9Bgt80ssqN89jX1N1c3FB1J51FPqBhseTiFFHcv_JNBCj7wC3leVgHVtTsPzU~Fih0ZMQDbE_mERYaS9HPc5c2IQeKkRtolE0TkK8XuRBfM9nCAytnoKQd7vKspDIBtdqyO9mGkvykDw--.webp 900w\" type=\"image\/webp\"><img decoding=\"async\" class=\"img-fluid\" loading=\"lazy\" width=\"900\" height=\"520\" alt=\"Hausf\u00f6rmige Strukturen, die mit gr\u00fcnem Laub bedeckt sind und auf einer Wiese unter blauem Himmel stehen, als Sinnbild f\u00fcr umweltfreundliche H\u00e4user und eine nachhaltige Wohnbebauung.\" src=\"https:\/\/media.panoramamarbella.com\/imgV1\/B95mbh8olwFQm~uCT2wPZMb8hll4wghQQQq6YWg0~c~U_DrmgY8pGP8pqaDzA6mvjyI_OPtcrHD_aKxAUQWwUah5wP9Bgt80ssqN89jX1N1c3FB1J51FPqBhseTiFFHcv_JNBCj7wC3leVgHVtTsPzU~Fih0ZMQDbE_mERYaS9HPc5c2IQeKkQWP8yAwmFcNh29FCGRBSomb.jpg\"><\/picture>\t\t\t<figcaption class=\"wp-caption-text\">\n\t\tF\u00fcr Projektentwickler und Investoren ist Nachhaltigkeit heute eine strukturelle Anforderung\t\t<\/figcaption>\n\t\t\t<\/figure>\n\t\n\n\n<h2 class=\"wp-block-heading\">Der regulatorische Rahmen<\/h2>\n\n\n\n<p>Ein Teil dieses Wandels wird auch durch eine breiter angelegte europ\u00e4ische Politik vorangetrieben.<\/p>\n\n\n\n<p>Die <a href=\"https:\/\/energy.ec.europa.eu\/topics\/energy-efficiency\/energy-performance-buildings\/energy-performance-buildings-directive_en#:~:text=sustainable%20and%20affordable.-,Revised%20Energy%20Performance%20of%20Buildings%20Directive,laws%20by%2029%20May%202026.\" target=\"_blank\" rel=\"noreferrer noopener nofollow\">\u00fcberarbeitete EU-Richtlinie \u00fcber die Gesamtenergieeffizienz von Geb\u00e4uden<\/a> trat 2024 in Kraft und setzt das langfristige Ziel, den europ\u00e4ischen Geb\u00e4udebestand bis 2050 vollst\u00e4ndig zu dekarbonisieren. Die Mitgliedstaaten m\u00fcssen die Richtlinie bis 2026 in nationales Recht umsetzen.<\/p>\n\n\n\n<p>Auch wenn sich die vollst\u00e4ndigen Auswirkungen nur schrittweise entfalten werden, beeinflusst diese Richtung bereits jetzt die Entwicklungskultur, Baustandards und Sanierungsstrategien in ganz Europa.<\/p>\n\n\n\n<p>Auch der spanische Planungsrahmen entwickelt sich weiter. In Andalusien hat das <a href=\"https:\/\/www.juntadeandalucia.es\/organismos\/fomentoarticulaciondelterritorioyvivienda\/areas\/ordenacion\/ley-sostenibilidad.html\" target=\"_blank\" rel=\"noreferrer noopener nofollow\">Stadtplanungsgesetz LISTA<\/a> strengere Umweltaspekte in die Raumplanung und Stadtentwicklung eingef\u00fchrt, was einen breiteren Fokus auf nachhaltiges Wachstum widerspiegelt.<\/p>\n\n\n\n<p>F\u00fcr Projektentwickler und Investoren wird Nachhaltigkeit immer weniger zu einem Trend und immer mehr zu einer strukturellen Anforderung.<\/p>\n\n\n\t<figure class=\"wp-caption aligncenter wp-block-acf-wpimage\">\n\t<picture><source width=\"900\" height=\"600\" srcset=\"https:\/\/media.panoramamarbella.com\/imgV1\/B95mbh8olwFQm~uCT2wPZMb8hll4wghQQQq6YWg0~c~U_DrmgY8pGP8pqaDzA6mvjyI_OPtcrHD_aKxAUQWwUalj4~DimKd0OvY16kiPshFZp0Pwl~AqpbrfD4A4pLeET6RK2zqvl5ycakN5RyZpqipPGz3ZyaM9kt6RInefQjvwfIz5CNJAcPfYGkFItXutyhJd9SIZCTrQsRJCZ40VTsYzVs7WozlS4jR9lg--.webp 900w\" type=\"image\/webp\"><img decoding=\"async\" class=\"img-fluid\" loading=\"lazy\" width=\"900\" height=\"600\" alt=\"Person, die einen Laptop mit einer digitalen Benutzeroberfl\u00e4che zur Energieeffizienz nutzt, auf der Energieklassen von Wohnimmobilien und Nachhaltigkeitssymbole angezeigt werden, als Sinnbild f\u00fcr eine intelligente und umweltbewusste Immobilienbewertung.\" src=\"https:\/\/media.panoramamarbella.com\/imgV1\/B95mbh8olwFQm~uCT2wPZMb8hll4wghQQQq6YWg0~c~U_DrmgY8pGP8pqaDzA6mvjyI_OPtcrHD_aKxAUQWwUalj4~DimKd0OvY16kiPshFZp0Pwl~AqpbrfD4A4pLeET6RK2zqvl5ycakN5RyZpqipPGz3ZyaM9kt6RInefQjvwfIz5CNJAcOlvHGKunq4hCD~ukFXvRLVI.jpg\"><\/picture>\t\t\t<figcaption class=\"wp-caption-text\">\n\t\tEnergieausweise in Spanien sollen K\u00e4ufer informieren und nicht Transaktionen einschr\u00e4nken\t\t<\/figcaption>\n\t\t\t<\/figure>\n\t\n\n\n<h2 class=\"wp-block-heading\">Nachhaltige Entwicklung ist die Zukunft<\/h2>\n\n\n\n<p>Neue Bauprojekte integrieren zunehmend Solarsysteme, fortschrittliche D\u00e4mmung, Ma\u00dfnahmen zur Wassereffizienz und intelligente Klimasteuerung als Standardmerkmale. K\u00e4ufer achten au\u00dferdem immer st\u00e4rker auf Energieausweise, Betriebskosten und darauf, wie sich ein Zuhause langfristig bew\u00e4hren wird.<\/p>\n\n\n\n<p>Eine niedrige Energieeffizienzklasse verhindert in Spanien nicht den Verkauf einer Immobilie. Energieausweise sollen K\u00e4ufer informieren und nicht Transaktionen einschr\u00e4nken.<\/p>\n\n\n\n<p>Doch Information ver\u00e4ndert Verhalten. Je leichter Effizienz messbar wird, desto einfacher l\u00e4sst sie sich auch vergleichen.<\/p>\n\n\n\n<p>Gr\u00fcne Hypotheken sind ein Zeichen daf\u00fcr, dass der Markt beginnt, nicht nur darauf zu achten, wie ein Zuhause aussieht, sondern auch darauf, wie gut es funktioniert \u2013 ein Aspekt, der in den kommenden Jahren wahrscheinlich immer wichtiger werden wird.<\/p>\n\n\n\t<figure class=\"wp-caption aligncenter wp-block-acf-wpimage\">\n\t<picture><source width=\"900\" height=\"600\" srcset=\"https:\/\/media.panoramamarbella.com\/imgV1\/B95mbh8olwFQm~uCT2wPZMb8hll4wghQQQq6YWg0~c~U_DrmgY8pGP8pqaDzA6mvjyI_OPtcrHD_aKxAUQWwUaqizg99bTNQu3pgA9xpKMhgVD~egsGddhdLcLbgJnJNiW40yAPHVoflPtENqtFxjrqTBgv524CDz0XYWCpJxZwBkTnFd_GUFTI7MJgUGPe2vC9vwMri75E_PqlP9ry59qnyqBNGD5RHs434FQ--.webp 900w\" type=\"image\/webp\"><img decoding=\"async\" class=\"img-fluid\" loading=\"lazy\" width=\"900\" height=\"600\" alt=\"Hausschl\u00fcssel in Form eines Hauses, der in einem modernen T\u00fcrschloss vor einem sanften gr\u00fcnen Hintergrund h\u00e4ngt, als Sinnbild f\u00fcr den Zugang zu nachhaltigen H\u00e4usern und umweltfreundlichem Wohneigentum.\" src=\"https:\/\/media.panoramamarbella.com\/imgV1\/B95mbh8olwFQm~uCT2wPZMb8hll4wghQQQq6YWg0~c~U_DrmgY8pGP8pqaDzA6mvjyI_OPtcrHD_aKxAUQWwUaqizg99bTNQu3pgA9xpKMhgVD~egsGddhdLcLbgJnJNiW40yAPHVoflPtENqtFxjrqTBgv524CDz0XYWCpJxZwBkTnFd_GUFSxy_eXtUAeTO_OhpAnj4t7j.jpg\"><\/picture>\t\t\t<figcaption class=\"wp-caption-text\">\n\t\tNachhaltige H\u00e4user sind die Zukunft \u2013 um sie in Marbella zu entdecken, nehmen Sie Kontakt mit Panorama auf\t\t<\/figcaption>\n\t\t\t<\/figure>\n\t\n\n<article class=\"col w-100 position-relative wp-block-acf-banner\">\n    <div class=\"d-flex flex-wrap flex-column flex-xl-row align-items-start align-items-xl-end gap-4 w-100 bg-secondary text-white p-4\">\n        <div class=\"d-flex flex-column\">\n\t\t\t            <a href=\"https:\/\/www.panoramamarbella.com\/de\/newsletter-fur-immobilien-zum-verkauf\" class=\"stretched-link text-white text-decoration-none\" title=\"Gef\u00e4llt dir, was du gelesen hast?\">\n\t\t\t\t<h2 class=\"text-white mb-3\">Gef\u00e4llt dir, was du gelesen hast?<\/h2>            <\/a>\n\t\t\t            <p class=\"mb-0\">\n                Abonniere unseren Newsletter f\u00fcr spannende Artikel, exklusiven Inhalt und die neuesten Updates.            <\/p>\n\t\t\t        <\/div>\n\t\t        <span class=\"btn btn-outline-light ms-xl-auto\">Panorama-Newsletter<\/span>\n\t\t    <\/div>\n<\/article>\n\n\n\n\n<h2 class=\"wp-block-heading\">Nachhaltige H\u00e4user in Marbella<\/h2>\n\n\n\n<p>F\u00fcr alle, die heute den Immobilienmarkt in Marbella erkunden, kann das Verst\u00e4ndnis dieser sich wandelnden Faktoren dabei helfen, fundiertere Entscheidungen zu treffen \u2013 sei es beim Kauf einer neu gebauten Villa, bei der Renovierung einer bestehenden Immobilie oder bei der Planung einer langfristigen Investition an der Costa del Sol.<\/p>\n\n\n\n<div class=\"contact-only bg-light wp-block-acf-contactform\">\n\t\t<div class=\"position-relative\">\n\t\t<span id=\"inm-contact-form\" class=\"position-absolute\" style=\"top:-130px\"><\/span>\n\t<\/div>\n\t\t\n\t\t<script src=\"https:\/\/www.google.com\/recaptcha\/api.js?render=6LeWOaYZAAAAAGZM7q40J51QMau9I_gs19mp9lZJ&#038;hl=de\"><\/script>\n\t\n<form id=\"contact_form_1\" class=\"needs-validation h-100 d-flex flex-column p-4 p-md-5\" data-contact=\"contact_form_1\" action=\"localhost\" method=\"POST\" novalidate>\n\t<strong class=\"h3 align-self-start\">Entdecken Sie nachhaltige Neubauprojekte und umweltfreundliche Villen in Marbella und Umgebung<\/strong><p class=\"mb-5\">Kontaktieren Sie uns! Wir halten Sie gerne \u00fcber die neuesten Immobilien auf dem Laufenden, die perfekt zu Ihren Suchkriterien passen.<\/p>\t<span id=\"contact_form_1-result\" data-stext=\"source\" data-source=\"contact\"><\/span>\n\t<input type=\"hidden\" name=\"success\" value=\"\/de\/success?source=info\" \/>\n\t<input type=\"hidden\" name=\"lang\" value=\"de\" \/>\n\t<input type=\"hidden\" name=\"agency\" value=\"399\" \/>\n\t<input type=\"hidden\" name=\"recipient\" value=\"info\" \/>\n\t<input type=\"hidden\" name=\"source\" value=\"https:\/\/www.panoramamarbella.com\/de\/wp-json\/wp\/v2\/posts\/38347\" \/>\n\t<input type=\"hidden\" name=\"subject\" value=\"Information Request (DE)\" \/>\n\t\t\t<input type=\"hidden\" name=\"origin\" value=\"Gr\u00fcne Hypotheken und nachhaltige Immobilien in Spanien\" \/>\n\t\t<div class=\"row g-3\">\n\t\t<div class=\"col-md-6\">\n\t\t\t<label class=\"form-label\" for=\"name\">Vorname*<\/label>\n\t\t\t<input id=\"name\" name=\"name\" type=\"text\" class=\"form-control\" autocomplete=\"off\" required data-error=\"Name erforderlich\">\n\t\t<\/div>\n\t\t<div class=\"col-md-6\">\n\t\t\t<label class=\"form-label\" for=\"name\">Nachname*<\/label>\n\t\t\t<input id=\"lastname\" name=\"lastname\" type=\"text\" class=\"form-control\" autocomplete=\"off\" required data-error=\"Nachname\">\n\t\t<\/div>\n\t\t<div class=\"col-12\">\n\t\t\t<label class=\"form-label\" for=\"email\">E-Mail*<\/label>\n\t\t\t<input id=\"email\" name=\"email\" type=\"email\" class=\"form-control\" autocomplete=\"off\" required data-error=\"E-Mail erforderlich\">\n\t\t<\/div>\n\t\t\t\t<div class=\"col-md-6\">\n\t\t\t<label class=\"form-label\" for=\"phone\">Telefonnummer <small><\/small><\/label>\n\t\t\t<input id=\"phone\" name=\"intphone\" type=\"tel\" class=\"form-control\" autocomplete=\"off\" placeholder=\"Telefon\" required data-error=\"Telefonnummern m\u00fcssen zwischen 8 und 20 Ziffern haben\" pattern=\"(?:\\d\\s*){4,}\">\n\t\t<\/div>\n\t\t<div class=\"col-md-6\">\n\t\t\t<label class=\"form-label\">Beste Zeit zum Anrufen <small><\/small><\/label>\n\t\t\t<select class=\"form-select\" name=\"time\">\n\t\t\t\t<option selected>Jederzeit<\/option>\n\t\t\t\t<option value=\"1\">Am Morgen<\/option>\n\t\t\t\t<option value=\"2\">Am Nachmittag<\/option>\n\t\t\t\t<option value=\"3\">Abends<\/option>\n\t\t\t<\/select>\n\t\t<\/div>\n\t\t<div class=\"col-12\">\n\t\t\t<label for=\"address\" class=\"form-label\">Adresse <small><\/small><\/label>\n\t\t\t<input id=\"address\" name=\"address\" type=\"text\" class=\"form-control\" \/>\n\t\t<\/div>\n\t\t<div class=\"col-12\">\n\t\t\t<label for=\"formComment\" class=\"form-label\">Nachricht<\/label>\n\t\t\t<textarea class=\"form-control\" placeholder=\"Hinterlassen Sie hier einen Kommentar\" name=\"comment\" id=\"formComment\" maxlength=\"8000\" rows=\"5\"><\/textarea>\n\t\t<\/div>\n\t\t\t\t<div class=\"col-12\">\n\t\t\t<div class=\"form-check\">\n\t\t\t\t<input type=\"checkbox\" class=\"form-check-input\" id=\"contact_form_1-customCheck1\" name=\"privacy_policy\" required data-error=\"Pflichtfeld\">\n\t\t\t\t<label class=\"form-check-label\" for=\"contact_form_1-customCheck1\">Ich akzeptiere die <a target=\"_blank\" class=\"text-decoration-none\" href=\"https:\/\/www.panoramamarbella.com\/privacy-policy\">Bedingungen und Konditionen<\/a><\/label>\n\t\t\t<\/div>\n\t\t\t<div class=\"form-check\">\n\t\t\t\t<input type=\"checkbox\" class=\"form-check-input\" id=\"contact_form_1-customCheck2\" name=\"commercial_information\">\n\t\t\t\t<label class=\"form-check-label\" for=\"contact_form_1-customCheck2\">Ich stimme zu, Mitteilungen von Panorama zu erhalten<\/label>\n\t\t\t<\/div>\n\t\t<\/div>\n\t<\/div>\n\t<button data-ids=\"contact_form_1\" data-lang=\"de\" data-sitekey=\"6LeWOaYZAAAAAGZM7q40J51QMau9I_gs19mp9lZJ\" class=\"align-self-start btn btn-primary px-4 py-2 mt-4 g-recaptcha\" role=\"button\" aria-label=\"Send\">Senden<\/button>\n<\/form><\/div>\n\n\n\n<p><br>.<\/p>\n\n\n\n\n\t\t<section class=\"container wp-block-acf-inmpropselection\">\n\t\t\t<h2>Entdecken Sie diese nachhaltigen H\u00e4user<\/h2>\t\t\t<div class=\"row row-cols-1 row-cols-lg-3 gy-5 g-xxl-5\">\n\t\t\t\t\n\n<article class=\"col card-properties position-relative d-flex flex-column\">\n\t<div id=\"carouselCardProperties-1-0\" class=\"card-properties-images carousel slide carousel-fade lazy\" data-bs-ride=\"carousel\" data-bs-interval=\"200000\" data-id=\"619453\">\n\t\t<div class=\"carousel-inner\">\n\t\t\t<figure class=\"carousel-item mb-0 active ratio ratio-4x3\">\n\t\t\t\t<picture><source sizes=\"(max-width: 575px) calc(100vw - 24px), (max-width: 767px) 516px, (max-width: 991px) 696px, (max-width: 1199px) 296px, (max-width: 1399px) 356px, 400px\" width=\"696\" height=\"522\" srcset=\"https:\/\/media.panoramamarbella.com\/imgV1\/B95mbh8olwFQm~uCUaVOI2kQT0hb0a8sZ9turUNfnwtvuccYCzs0YVPfPbfkc2VnnN1JFDpkYaGfw1gJsS~5h5Zv7TdkMtqIWATbSTsgAFwlcJALRRYVKJBFO3vHXmLdrvM7QvKS5p7eQSSocA_3KN3N2wP7XiVEzryxHv3NbTyUYktN10nzScSiG~gUv_INKYDbupR7jUQ655fslVtt9ZMAfArml8fyPi_7XU41pf6ZHXjXYZ0BnKS3ObQkuxbQ1oQkHOTUHxCw6t6tFXRpagInj4A6Bl96ymFUwQKAB35gZpJJHMoCfvzQehoB7sNdHovV3GupzCENUHT~uq3ZZasXGTnde1pfuR7donkY_9OAVSAr_IJa0sSsyejCJ~UP4C_H15_U6f4QVL4UKH9ZmxT2NiPbRhrKADP6INvdZZibaOMs6c5fITg__11tGl4689BCCFX34JMCAf1lLmdY.webp 696w,https:\/\/media.panoramamarbella.com\/imgV1\/B95mbh8olwFQm~uCUaVOI2kQT0hb0a8sZ9turUNfnwtvuccYCzs0YVPfPbfkc2VnnN1JFDpkYaGfw1gJsS~5h5Zv7TdkMtqIWATbSTsgAFwlcJALRRYVKJBFO3vHXmLdrvM7QvKS5p7eQSSocA_3KN3N2wP7XiVEzryxHv3Nb5ySW8gxE5mtiBz9CBo6cQzUfbZzZzNuZo~9vX3rqFoVxTaYD26U1GbOCzMWSGVldE9AwWIsUuYHw9nV2EimzPB_rMRLgpyAqILNzU9WmVUK3KeSesJ6y_fIuDkM3uSj3B05BmD6EzcLGXbvyji6IBm83yA9F~qVrPzHfCh6VDmHgXPX9qVnjYJy_a3zOVNxWF4lbeFcUXrPufBk6ul12bSo6qhpfUome7woIQVLy6LglQ7yH6ciGxo7h0Jx8fjewE7yHkEL5rckQcpsZMl0XPpzyez03tF9Rz_idGc5cCxY.webp 400w\" type=\"image\/webp\"><img decoding=\"async\" class=\"position-absolute w-100 h-100 object-fit-cover\" alt=\"Luxuri\u00f6se, autarke Villa in Fuente del Espanto, Benahav\u00eds\" loading=\"lazy\" width=\"696\" height=\"522\" src=\"https:\/\/media.panoramamarbella.com\/imgV1\/B95mbh8olwFQm~uCUaVOI2kQT0hb0a8sZ9turUNfnwtvuccYCzs0YVPfPbfkc2VnnN1JFDpkYaGfw1gJsS~5h5Zv7TdkMtqIWATbSTsgAFwlcJALRRYVKJBFO3vHXmLdrvM7QvKS5p7eQSSocA_3KN3N2wP7XiVEzryxHv3NbTyUYktN10nzScSiG~gUoYNUTM2XzLOzPEafr4nQq0KV3ghNy6EdN_dcm73PEsgbGliJmW4JttxuqKLk9d3xlV8dBrrOaXqtCXbJX84gOLbiByv8pDpM70VOXw6WrBNpDPFIkcpQ9CzSsGnvjUM~HnyA7A0IDRqi5RsXeGGYaH6b5I3jwTxrF76~EerH7SPXnA5xR5W6HiUsBaIe4edTpSjhzBP595Kbq50mEo1_EqoO_2e7D3VebIEenXf5LmxJx~fUsKtAW05DpjJ212g-.jpg\"><\/picture>\t\t\t<\/figure>\n\t\t\t\t\t\t<span class=\"card-properties-ref position-absolute z-2 bottom-0 end-0 bg-white text-primary py-1 px-3 me-3\">\n\t\t\t\tPANR-15648\t\t\t<\/span>\n\t\t\t<button class=\"card-properties-portfolio d-flex align-items-center justify-content-center position-absolute z-3 end-0 text-white bg-primary me-3 border-0 px-0\" data-pfl-id=\"619453\" data-pfl-filter=\"sale\" aria-label=\"Add to portfolio\">\n\t\t\t\t<svg width=\"18\" fill=\"currentColor\" viewBox=\"0 0 512 512\">\n\t\t\t\t\t<use href=\"https:\/\/www.panoramamarbella.com\/wp-content\/themes\/panoramamarbella\/dist\/src\/images\/icons.svg#svgHeart\"><\/use>\n\t\t\t\t<\/svg>\n\t\t\t\t<svg width=\"18\" fill=\"currentColor\" viewBox=\"0 0 512 512\">\n\t\t\t\t\t<use href=\"https:\/\/www.panoramamarbella.com\/wp-content\/themes\/panoramamarbella\/dist\/src\/images\/icons.svg#svgHeartIn\"><\/use>\n\t\t\t\t<\/svg>\n\t\t\t<\/button>\n\t\t<\/div>\n\t\t\t\t<button\n\t\t\tclass=\"carousel-control-prev\"\n\t\t\ttype=\"button\"\n\t\t\tdata-bs-target=\"#carouselCardProperties-1-0\"\n\t\t\tdata-bs-slide=\"prev\">\n\t\t\t<span class=\"carousel-control-prev-icon\" aria-hidden=\"true\"><\/span>\n\t\t\t<span class=\"visually-hidden\">Vorherige<\/span>\n\t\t<\/button>\n\t\t<button\n\t\t\tclass=\"carousel-control-next\"\n\t\t\ttype=\"button\"\n\t\t\tdata-bs-target=\"#carouselCardProperties-1-0\"\n\t\t\tdata-bs-slide=\"next\">\n\t\t\t<span class=\"carousel-control-next-icon\" aria-hidden=\"true\"><\/span>\n\t\t\t<span class=\"visually-hidden\">N\u00e4chste<\/span>\n\t\t<\/button>\n\t\t\t<\/div>\n\t<div class=\"d-flex flex-column h-100 px-3 py-4 shadow\">\n\t\t\t\t<h3 class=\"card-properties-title mb-3\">\n\t\t\t<a class=\"stretched-link\" href=\"\/de\/immobilien\/benahavis\/fuente-del-espanto\/villen\/PANR-15648\">\n\t\t\t\tLuxuri\u00f6se, autarke Villa in Fuente del Espanto, Benahav\u00eds\t\t\t<\/a>\n\t\t<\/h3>\n\t\t<p class=\"mb-3 text-black-dark\">Fuente del Espanto, Benahavis<\/p>\n\t\t\t\t\t\t<p class=\"card-properties-description mb-3\">\n\t\t\tDiese spektakul\u00e4re, autarke Villa liegt eingebettet in den Bergen oberhalb von San Pedro, in einer etablierten und ruhigen Wohngegend. Nur 10 Minuten von Puerto Ban\u00fas entfernt und mit direktem Zugang zur Autobahn, vereint diese Immobilie&#8230;\t\t<\/p>\n\t\t\t\t<span class=\"card-properties-price mt-auto\">\n\t\t\t\n\t\t\t<span class=\"card-properties-price mt-auto\" data-original-price=\"3950000\">3.950.000\u00a0\u20ac<\/span>\n\t\t\t\t<\/span>\n\t\t\t\t<ul class=\"card-properties-features list-unstyled d-flex flex-wrap align-items-center gap-3 pt-3 border-top mt-3 mb-0\">\n\t\t\t<li class=\"d-flex align-items-center\">5 Schlafzimmer<\/li><li class=\"d-flex align-items-center\">5 B\u00e4der<\/li>\t\t\t\t<li class=\"d-flex align-items-center\">\n\t\t\t\t\t <span class=\"me-1\" data-original-value=\"543\" data-original-unit=\"m&#038;sup2\">543 m&sup2;<\/span>Gesamt\t\t\t\t<\/li>\n\t\t\t\t\t\t\t<li class=\"d-flex align-items-center\">\n\t\t\t\t\t <span class=\"me-1\" data-original-value=\"2116\" data-original-unit=\"m&#038;sup2\">2.116 m&sup2;<\/span>Grundst\u00fcck\t\t\t\t<\/li>\n\t\t\t\t\t\t<\/ul>\n\t\t\t<\/div>\n<\/article>\n\n\n\n<article class=\"col card-properties position-relative d-flex flex-column\">\n\t<div id=\"carouselCardProperties-1-1\" class=\"card-properties-images carousel slide carousel-fade lazy\" data-bs-ride=\"carousel\" data-bs-interval=\"200000\" data-id=\"641825\">\n\t\t<div class=\"carousel-inner\">\n\t\t\t<figure class=\"carousel-item mb-0 active ratio ratio-4x3\">\n\t\t\t\t<picture><source sizes=\"(max-width: 575px) calc(100vw - 24px), (max-width: 767px) 516px, (max-width: 991px) 696px, (max-width: 1199px) 296px, (max-width: 1399px) 356px, 400px\" width=\"696\" height=\"522\" srcset=\"https:\/\/media.panoramamarbella.com\/imgV1\/B95mbh8olwFQm~uCUaVOI2kQT0hb0a8sZ9turUNfnwtvuccYCzs0YVPfPbfkc2VnnN1JFDpkYaGfw1gJsS~5h5io4A4eHwxajPn5xAMYGPolWCJSZyrfMiB0wL6J4u_nW2gF3w5ot_vWpXKCKEZfgecNDPeQzU64jdr0C7BaNTYyjlGCPwe7Fg34CGu9zfkykHVetFHaAjukVV_EXkp2zCS2mcRCr80EYs3ZBNKv9UEwdiqK27B735VD6GNGiumWGTH53Txhut2NYs3MptA9Jjsvn36n~PP_oz0PJ_TBONvzymIXSrcmmOs_zgy6EdhZJUbonrXjAR6Kj7~1Wu28wrsra~MRuNEw5h~kKnSytd65r0pgjslKGNhGXOg4CBbV86cYpNl_Y5n3VwcnNP3V6joXzvbDG8w7O0vB~0O4F74pO24IMHY9ijipzit~sZYfRCRHdft5awOrivCT9XMz.webp 696w,https:\/\/media.panoramamarbella.com\/imgV1\/B95mbh8olwFQm~uCUaVOI2kQT0hb0a8sZ9turUNfnwtvuccYCzs0YVPfPbfkc2VnnN1JFDpkYaGfw1gJsS~5h5io4A4eHwxajPn5xAMYGPolWCJSZyrfMiB0wL6J4u_nW2gF3w5ot_vWpXKCKEZfgecNDPeQzU64jdr0C7BaN7MEyGMxPmgx31cPLmudpJgHCbCQzQLFMfEN6DoC7dbzruLiJNPbHFegQsicgsVWCkz20Z77dgHlMXu1BHee3~owQGrtIvBys14PavsneLLdEFshrjuPciUNFTDhY1T5I5G94KfbDJrpvJuXoJ0YPnQZ6yMJGWsOKvZsT7563WdeLyzMm2wQw6tXxR0rpGdPg26b8OlqSKVcX~k8dU5uGvP8iAVVz1Q1gQt4orl_LwOnHU3Kk7dyKFR0ZMO77THmf~wN_AfC7LHUcDD4hQte_ugu3YtkIfyJnNxE74bG3owN.webp 400w\" type=\"image\/webp\"><img decoding=\"async\" class=\"position-absolute w-100 h-100 object-fit-cover\" alt=\"Wundersch\u00f6n ausgestattete Wohnung mit Panoramablick auf das Meer, die Landschaft und den Istan-See\" loading=\"lazy\" width=\"696\" height=\"522\" src=\"https:\/\/media.panoramamarbella.com\/imgV1\/B95mbh8olwFQm~uCUaVOI2kQT0hb0a8sZ9turUNfnwtvuccYCzs0YVPfPbfkc2VnnN1JFDpkYaGfw1gJsS~5h5io4A4eHwxajPn5xAMYGPolWCJSZyrfMiB0wL6J4u_nW2gF3w5ot_vWpXKCKEZfgecNDPeQzU64jdr0C7BaNTYyjlGCPwe7Fg34CGu90_xCgWXUOOlGrr1RHKqU3VEN9LG1jrcRho~k91K_lrFG7pNUi3O8z1wXkuEadmZS0ZUa3i8enPa~vFwqZ_BRdl7SWIa0ksXPTjydcbcIbbuWIbM2TtLoUEkVmGhR5x7bSrfuGCMxGT89ML0sYv0ry2JkNIgixOdzuZjEI_Hi8OU5SQ4CzsOcpx96Z1ozWvOuor553J_N3eIZRU~5L_6rT7qdYyYIhoURqtd8DWjpxr4T5zaxst0mA7hjqQtw0Ho-.jpg\"><\/picture>\t\t\t<\/figure>\n\t\t\t\t\t\t<span class=\"card-properties-ref position-absolute z-2 bottom-0 end-0 bg-white text-primary py-1 px-3 me-3\">\n\t\t\t\tPANR-15851\t\t\t<\/span>\n\t\t\t<button class=\"card-properties-portfolio d-flex align-items-center justify-content-center position-absolute z-3 end-0 text-white bg-primary me-3 border-0 px-0\" data-pfl-id=\"641825\" data-pfl-filter=\"sale\" aria-label=\"Add to portfolio\">\n\t\t\t\t<svg width=\"18\" fill=\"currentColor\" viewBox=\"0 0 512 512\">\n\t\t\t\t\t<use href=\"https:\/\/www.panoramamarbella.com\/wp-content\/themes\/panoramamarbella\/dist\/src\/images\/icons.svg#svgHeart\"><\/use>\n\t\t\t\t<\/svg>\n\t\t\t\t<svg width=\"18\" fill=\"currentColor\" viewBox=\"0 0 512 512\">\n\t\t\t\t\t<use href=\"https:\/\/www.panoramamarbella.com\/wp-content\/themes\/panoramamarbella\/dist\/src\/images\/icons.svg#svgHeartIn\"><\/use>\n\t\t\t\t<\/svg>\n\t\t\t<\/button>\n\t\t<\/div>\n\t\t\t\t<button\n\t\t\tclass=\"carousel-control-prev\"\n\t\t\ttype=\"button\"\n\t\t\tdata-bs-target=\"#carouselCardProperties-1-1\"\n\t\t\tdata-bs-slide=\"prev\">\n\t\t\t<span class=\"carousel-control-prev-icon\" aria-hidden=\"true\"><\/span>\n\t\t\t<span class=\"visually-hidden\">Vorherige<\/span>\n\t\t<\/button>\n\t\t<button\n\t\t\tclass=\"carousel-control-next\"\n\t\t\ttype=\"button\"\n\t\t\tdata-bs-target=\"#carouselCardProperties-1-1\"\n\t\t\tdata-bs-slide=\"next\">\n\t\t\t<span class=\"carousel-control-next-icon\" aria-hidden=\"true\"><\/span>\n\t\t\t<span class=\"visually-hidden\">N\u00e4chste<\/span>\n\t\t<\/button>\n\t\t\t<\/div>\n\t<div class=\"d-flex flex-column h-100 px-3 py-4 shadow\">\n\t\t\t\t<h3 class=\"card-properties-title mb-3\">\n\t\t\t<a class=\"stretched-link\" href=\"\/de\/immobilien\/istan\/almazara-hills\/wohnungen\/PANR-15851\">\n\t\t\t\tWundersch\u00f6n ausgestattete Wohnung mit Panoramablick auf das Meer, die Landschaft und den Istan-See\t\t\t<\/a>\n\t\t<\/h3>\n\t\t<p class=\"mb-3 text-black-dark\">Almazara Hills, Istan<\/p>\n\t\t\t\t\t\t<p class=\"card-properties-description mb-3\">\n\t\t\tDiese au\u00dfergew\u00f6hnliche Wohnung befindet sich in den ruhigen H\u00fcgeln oberhalb von Marbella, direkt neben dem renommierten Sierra Blanca Country Club. Sie bietet einige der atemberaubendsten Panoramablicke der Region und f\u00e4ngt die Sch\u00f6nheit des Mittelmeers, des&#8230;\t\t<\/p>\n\t\t\t\t<span class=\"card-properties-price mt-auto\">\n\t\t\t\n\t\t\t<span class=\"card-properties-price mt-auto\" data-original-price=\"1195000\">1.195.000\u00a0\u20ac<\/span>\n\t\t\t\t<\/span>\n\t\t\t\t<ul class=\"card-properties-features list-unstyled d-flex flex-wrap align-items-center gap-3 pt-3 border-top mt-3 mb-0\">\n\t\t\t<li class=\"d-flex align-items-center\">3 Schlafzimmer<\/li><li class=\"d-flex align-items-center\">2 B\u00e4der<\/li>\t\t\t\t<li class=\"d-flex align-items-center\">\n\t\t\t\t\t <span class=\"me-1\" data-original-value=\"203\" data-original-unit=\"m&#038;sup2\">203 m&sup2;<\/span>Gesamt\t\t\t\t<\/li>\n\t\t\t\t\t\t\t<li class=\"d-flex align-items-center\">\n\t\t\t\t\t <span class=\"me-1\" data-original-value=\"108\" data-original-unit=\"m&#038;sup2\">108 m&sup2;<\/span>Gebaut\t\t\t\t<\/li>\n\t\t\t\t\t\t\t<li class=\"d-flex align-items-center\">\n\t\t\t\t\t <span class=\"me-1\" data-original-value=\"95\" data-original-unit=\"m&#038;sup2\">95 m&sup2;<\/span>Terrassen\t\t\t\t<\/li>\n\t\t\t\t\t<\/ul>\n\t\t\t<\/div>\n<\/article>\n\t\t\t<\/div>\n\t\t\t\t\t<\/section>\n\t\t\n","protected":false},"excerpt":{"rendered":"<p>Gr\u00fcne Hypotheken verdeutlichen die wachsende Bedeutung von Nachhaltigkeit und Energieeffizienz auf dem spanischen Immobilienmarkt.<\/p>\n","protected":false},"author":7,"featured_media":37986,"comment_status":"closed","ping_status":"closed","sticky":false,"template":"","format":"standard","meta":{"_acf_changed":false,"footnotes":""},"categories":[46],"tags":[],"class_list":["post-38347","post","type-post","status-publish","format-standard","has-post-thumbnail","hentry","category-immobiliensektor"],"acf":[],"_links":{"self":[{"href":"https:\/\/www.panoramamarbella.com\/de\/wp-json\/wp\/v2\/posts\/38347","targetHints":{"allow":["GET"]}}],"collection":[{"href":"https:\/\/www.panoramamarbella.com\/de\/wp-json\/wp\/v2\/posts"}],"about":[{"href":"https:\/\/www.panoramamarbella.com\/de\/wp-json\/wp\/v2\/types\/post"}],"author":[{"embeddable":true,"href":"https:\/\/www.panoramamarbella.com\/de\/wp-json\/wp\/v2\/users\/7"}],"replies":[{"embeddable":true,"href":"https:\/\/www.panoramamarbella.com\/de\/wp-json\/wp\/v2\/comments?post=38347"}],"version-history":[{"count":1,"href":"https:\/\/www.panoramamarbella.com\/de\/wp-json\/wp\/v2\/posts\/38347\/revisions"}],"predecessor-version":[{"id":38547,"href":"https:\/\/www.panoramamarbella.com\/de\/wp-json\/wp\/v2\/posts\/38347\/revisions\/38547"}],"wp:featuredmedia":[{"embeddable":true,"href":"https:\/\/www.panoramamarbella.com\/de\/wp-json\/wp\/v2\/media\/37986"}],"wp:attachment":[{"href":"https:\/\/www.panoramamarbella.com\/de\/wp-json\/wp\/v2\/media?parent=38347"}],"wp:term":[{"taxonomy":"category","embeddable":true,"href":"https:\/\/www.panoramamarbella.com\/de\/wp-json\/wp\/v2\/categories?post=38347"},{"taxonomy":"post_tag","embeddable":true,"href":"https:\/\/www.panoramamarbella.com\/de\/wp-json\/wp\/v2\/tags?post=38347"}],"curies":[{"name":"wp","href":"https:\/\/api.w.org\/{rel}","templated":true}]}}