{"id":39599,"date":"2020-12-11T18:07:00","date_gmt":"2020-12-11T17:07:00","guid":{"rendered":"https:\/\/www.panoramamarbella.com\/news\/puente-romano-flagship-inauguration"},"modified":"2026-04-22T17:27:46","modified_gmt":"2026-04-22T15:27:46","slug":"buro-in-puente-romano-marbella","status":"publish","type":"post","link":"https:\/\/www.panoramamarbella.com\/de\/news\/buro-in-puente-romano-marbella","title":{"rendered":"Panorama er\u00f6ffnet sein Flagship-B\u00fcro in Puente Romano und markiert damit 50 Jahre Exzellenz"},"content":{"rendered":"\n\n<h2 class=\"wp-block-heading\">Er\u00f6ffnung von Panoramas neuem B\u00fcro in Puente Romano<\/h2>\n\n\n\n<h3 class=\"wp-block-heading\">Er\u00f6ffnung und Kontext<\/h3>\n\n\n<div class=\"lead\"><p>Die Er\u00f6ffnung der neu renovierten Flagship-R\u00e4umlichkeiten von Panorama in Puente Romano war ein passender Moment im halben Jahrhundert der Unternehmensgeschichte in Marbella.<\/p>\n<\/div>\n\n\n<p>Am 11. Dezember 2020 er\u00f6ffnete die B\u00fcrgermeisterin von Marbella, \u00c1ngeles Mu\u00f1oz, das B\u00fcro offiziell und w\u00fcrdigte dabei Panoramas durchgehende T\u00e4tigkeit seit 1970 sowie die Rolle des Unternehmens bei der Pr\u00e4gung des modernen Prime-Immobilienmarkts entlang der Goldenen Meile.<\/p>\n\n\n\t<figure class=\"wp-caption aligncenter wp-block-acf-wpimage\">\n\t<picture><source width=\"900\" height=\"600\" srcset=\"https:\/\/media.panoramamarbella.com\/imgV1\/B95mbh8olwFQm~uCT2wPZMb8hll4wghQQQq6YWg0~c~U_DrmgY8pGP8pqaDzA6mvjyI_OPtcrHD_aKxGDYdR9g2dY12KR8WIwrVw5AmhEjtBMmHT4PmGVj~uuKXAgi~2m21PBBruwmorDBIqIFFk1Ki_cN0cKzi0Y5SnL~Kck6DrsP~_vH2aQMC1H6oq910UxscIGV~mjqA-.webp 900w\" type=\"image\/webp\"><img decoding=\"async\" class=\"img-fluid\" loading=\"lazy\" width=\"900\" height=\"600\" alt=\"B\u00fcro in Puente Romano. Christopher Clover und die B\u00fcrgermeisterin von Marbella, \u00c1ngeles Mu\u00f1oz, 11. Dezember 2020\" src=\"https:\/\/media.panoramamarbella.com\/imgV1\/B95mbh8olwFQm~uCT2wPZMb8hll4wghQQQq6YWg0~c~U_DrmgY8pGP8pqaDzA6mvjyI_OPtcrHD_aKxGDYdR9g2dY12KR8WIwrVw5AmhEjtBMmHT4PmGVj~uuKXAgi~2m21PBBruwmorDBIqIFFk1Ki_cN0CpPXyvKMb~XpuVY0_bvwWNQ--.jpg\"><\/picture>\t\t\t<figcaption class=\"wp-caption-text\">\n\t\tChristopher Clover und die B\u00fcrgermeisterin von Marbella, \u00c1ngeles Mu\u00f1oz, 11. Dezember 2020\t\t<\/figcaption>\n\t\t\t<\/figure>\n\t\n\n\n<ul class=\"table-index list-unstyled p-4 p-lg-5 ms-0 bg-light\"><li class=\"text-uppercase fw-bold mb-3\">Inhaltsverzeichnis<\/li><li><a href=\"#eroffnung+von+panoramas+neuem+buro+in+puente+romano\">\nEr\u00f6ffnung von Panoramas neuem B\u00fcro in Puente Romano\n<\/a><\/li>\n<li><a href=\"#design+ausfuhrung+und+technologie\">\nDesign, Ausf\u00fchrung und Technologie\n<\/a><\/li>\n<li><a href=\"#strategische+standorte+im+herzen+von+marbellas+ultraprimelage\">\nStrategische Standorte im Herzen von Marbellas Ultra-Prime-Lage\n<\/a><\/li><\/ul>\n\n\n\n<h2 class=\"wp-block-heading\">Design, Ausf\u00fchrung und Technologie<\/h2>\n\n\n\n<p>Das B\u00fcro wurde als ruhiger, zeitgen\u00f6ssischer Raum f\u00fcr anspruchsvolle Immobiliengespr\u00e4che konzipiert und von <a href=\"https:\/\/www.mp-ac.es\/about-us.html\" target=\"_blank\" data-type=\"link\" data-id=\"https:\/\/www.mp-ac.es\/about-us.html\" rel=\"noreferrer noopener nofollow\">Jean Pierre Martel<\/a> entworfen, demselben Luxusdesigner, der hinter vielen der ikonischen R\u00e4ume im Puente Romano Marbella und Nobu Marbella steht. Das Projekt wurde mit h\u00f6chsten Anspr\u00fcchen von <a href=\"https:\/\/amconstrucciones.com\/\" target=\"_blank\" data-type=\"link\" data-id=\"https:\/\/amconstrucciones.com\/\" rel=\"noreferrer noopener nofollow\">AM Construcciones<\/a> umgesetzt und unter der Leitung von <a href=\"https:\/\/www.panoramamarbella.com\/de\/ueber-uns\/team\/alex-clover\" data-type=\"link\" data-id=\"https:\/\/www.panoramamarbella.com\/de\/ueber-uns\/team\/alex-clover\">Alex Clover<\/a> realisiert. Technologie ist dezent in das Erlebnis eingebunden: Digitale Schaufensterkarten in Retail-Qualit\u00e4t zeigen Immobilien und Marktinformationen und aktualisieren sich alle paar Sekunden \u2014 Panorama ist die einzige Immobilienagentur in Marbella, die dieses Format einsetzt.<\/p>\n\n\n\n<p>Im Zentrum des B\u00fcros befindet sich ein einzigartiges, acht Meter langes, hinterleuchtetes Wandbild der K\u00fcste von Marbella \u2014 eine massgefertigte Arbeit aus mehr als achtzig zusammengesetzten Luftaufnahmen \u2014 das zugleich Kunstwerk und Orientierungspunkt ist und Gespr\u00e4che \u00fcber Lage, Topografie und Ausblicke verankert.<\/p>\n\n\n\n<h3 class=\"wp-block-heading\">Bildergalerie<\/h3>\n\n\n \n\t<div class=\"wp-gallery row row-cols-2 row-cols-lg-3 row-cols-xxl-4 g-3 mb-4\">\n\t\t\t\t<div class=\"col\">\n\t\t\t\t\t\t<a data-fancybox=\"wp-gallery\" href=\"https:\/\/media.panoramamarbella.com\/imgV1\/B95mbh8olwFQm~uCT2wPZMb8hll4wghQQQq6YWg0~c~U_DrmgY8pGP8pqaDzA6mvjyI_OPtcrHD_aKxGDYdR9l7tutT1eIMW3GTXWBWCwh2wnL38kMwTPkCBAYFsIlTyjkvhgMPuWDvSkKfVOn0TZM85MmP8~0O9rQ--.jpg\">\n\t\t\t\t<figure class=\"ratio ratio-1x1 mb-0\">\n\t\t\t\t\t<picture><source width=\"500\" height=\"500\" srcset=\"https:\/\/media.panoramamarbella.com\/imgV1\/B95mbh8olwFQm~uCT2wPZMb8hll4wghQQQq6YWg0~c~U_DrmgY8pGP8pqaDzA6mvjyI_OPtcrHD_aKxGDYdR9l7tutT1eIMW3GTXWBWCwh2wnL38kMwTOmnMNDLb~ExCo5wdI9AeCal8sKgE0fWQNj784E~2putSHZrYNHcbPQIrNJCJxPOM0Nfb.webp 500w,https:\/\/media.panoramamarbella.com\/imgV1\/B95mbh8olwFQm~uCT2wPZMb8hll4wghQQQq6YWg0~c~U_DrmgY8pGP8pqaDzA6mvjyI_OPtcrHD_aKxGDYdR9l7tutT1eIMW3GTXWBWCwh2wnL38kMwTPRmxVZSCCCW6l2p~~nZkNGH~tfUR7EKsB2whqzCm_iaMoF7JXbPU94Y0r_4_5HTEJb2T.webp 225w\" type=\"image\/webp\"><img loading=\"lazy\" decoding=\"async\" class=\"position-absolute w-100 h-100 object-fit-cover\" alt=\"Christoper Clover, Katinka, Alex \" width=\"500\" height=\"500\" src=\"https:\/\/media.panoramamarbella.com\/imgV1\/B95mbh8olwFQm~uCT2wPZMb8hll4wghQQQq6YWg0~c~U_DrmgY8pGP8pqaDzA6mvjyI_OPtcrHD_aKxGDYdR9l7tutT1eIMW3GTXWBWCwh2wnL38kMwTOmnMNDLb~ExCo5wdI9AeFy9Hlr62XtgJJmo32JfNeHU-.jpg\"><\/picture>\t\t\t\t<\/figure>\n\t\t\t<\/a>\n\t\t\t\t\t<\/div>\n\t\t\t\t<div class=\"col\">\n\t\t\t\t\t\t<a data-fancybox=\"wp-gallery\" href=\"https:\/\/media.panoramamarbella.com\/imgV1\/B95mbh8olwFQm~uCT2wPZMb8hll4wghQQQq6YWg0~c~U_DrmgY8pGP8pqaDzA6mvjyI_OPtcrHD_aKxGDYdR9g2dY12KR8WIwrVw5AmhEjtBMmHT4PmGVj~uuKXAgi~2m21PBA6FIZmnJ1de~Jxn6hvgu10eZCvY7jDjQa7ZtVrT1Gm~vkWTsxmrOGl9IUeXfg--.jpg\">\n\t\t\t\t<figure class=\"ratio ratio-1x1 mb-0\">\n\t\t\t\t\t<picture><source width=\"500\" height=\"500\" srcset=\"https:\/\/media.panoramamarbella.com\/imgV1\/B95mbh8olwFQm~uCT2wPZMb8hll4wghQQQq6YWg0~c~U_DrmgY8pGP8pqaDzA6mvjyI_OPtcrHD_aKxGDYdR9g2dY12KR8WIwrVw5AmhEjtBMmHT4PmGVj~uuKXAgi~2m21PBA6FIZmnJ1de~Jxn7kHyiIab3wyoDiJKfsvA3F0SrnhW0XEuBe~BkqtkPQjDmNc8h0fPzsuzPkaKq~ZaGcpa.webp 500w,https:\/\/media.panoramamarbella.com\/imgV1\/B95mbh8olwFQm~uCT2wPZMb8hll4wghQQQq6YWg0~c~U_DrmgY8pGP8pqaDzA6mvjyI_OPtcrHD_aKxGDYdR9g2dY12KR8WIwrVw5AmhEjtBMmHT4PmGVj~uuKXAgi~2m21PBA6FIZmnJ1de~Jxn6fP7ZB4TGFfvNG8UKOg7mhlHqke9x6cpNNjv6DuNZuXnw3ehmQj9~YNmmO2mouFFWlOv.webp 225w\" type=\"image\/webp\"><img loading=\"lazy\" decoding=\"async\" class=\"position-absolute w-100 h-100 object-fit-cover\" alt=\"B\u00fcro in Puente Romano. Christopher Clover und die B\u00fcrgermeisterin von Marbella, \u00c1ngeles Mu\u00f1oz, 11. Dezember 2020\" width=\"500\" height=\"500\" src=\"https:\/\/media.panoramamarbella.com\/imgV1\/B95mbh8olwFQm~uCT2wPZMb8hll4wghQQQq6YWg0~c~U_DrmgY8pGP8pqaDzA6mvjyI_OPtcrHD_aKxGDYdR9g2dY12KR8WIwrVw5AmhEjtBMmHT4PmGVj~uuKXAgi~2m21PBA6FIZmnJ1de~Jxn7kHyiIab3wyoDiJKfsvAwimFBACibRMKt0oT20AEAUM-.jpg\"><\/picture>\t\t\t\t<\/figure>\n\t\t\t<\/a>\n\t\t\t\t\t<\/div>\n\t\t\t\t<div class=\"col\">\n\t\t\t\t\t\t<a data-fancybox=\"wp-gallery\" href=\"https:\/\/media.panoramamarbella.com\/imgV1\/B95mbh8olwFQm~uCT2wPZMb8hll4wghQQQq6YWg0~c~U_DrmgY8pGP8pqaDzA6mvjyI_OPtcrHD_aKxGDYdR9l7viURMQKseg8pt_ngJXOqZaQ0Qe5JL0FXwvhesS2pGhJ_Mab13ZkngPhM5bz979OC5z2N6t7EDYQ--.jpg\">\n\t\t\t\t<figure class=\"ratio ratio-1x1 mb-0\">\n\t\t\t\t\t<picture><source width=\"500\" height=\"500\" srcset=\"https:\/\/media.panoramamarbella.com\/imgV1\/B95mbh8olwFQm~uCT2wPZMb8hll4wghQQQq6YWg0~c~U_DrmgY8pGP8pqaDzA6mvjyI_OPtcrHD_aKxGDYdR9l7viURMQKseg8pt_ngJXOqZaQ0Qe5JL1KT40hnkBXtTP~r0fbWuHZ0gufuu3JDekcoglQXN5MdJNgM5Ig91oYkPQ7YIZL~wqc6K.webp 500w,https:\/\/media.panoramamarbella.com\/imgV1\/B95mbh8olwFQm~uCT2wPZMb8hll4wghQQQq6YWg0~c~U_DrmgY8pGP8pqaDzA6mvjyI_OPtcrHD_aKxGDYdR9l7viURMQKseg8pt_ngJXOqZaQ0Qe5JL09s~1uaRbzD2vg~nrOC9zYQmwHEWcirD0nRBzkrIw9oqBSIBre3QvmWQqcZ6PVErTFAZ.webp 225w\" type=\"image\/webp\"><img loading=\"lazy\" decoding=\"async\" class=\"position-absolute w-100 h-100 object-fit-cover\" alt=\"B\u00fcro in Puente Romano. Christopher, Katinka und Alex Clover mit der B\u00fcrgermeisterin von Marbella, \u00c1ngeles Mu\u00f1oz, am Eingang des neuen B\u00fcros.\" width=\"500\" height=\"500\" src=\"https:\/\/media.panoramamarbella.com\/imgV1\/B95mbh8olwFQm~uCT2wPZMb8hll4wghQQQq6YWg0~c~U_DrmgY8pGP8pqaDzA6mvjyI_OPtcrHD_aKxGDYdR9l7viURMQKseg8pt_ngJXOqZaQ0Qe5JL1KT40hnkBXtTP~r0fbWuA45utBdoc1zgwQgNN6WVyE0-.jpg\"><\/picture>\t\t\t\t<\/figure>\n\t\t\t<\/a>\n\t\t\t\t\t<\/div>\n\t\t\t\t<div class=\"col\">\n\t\t\t\t\t\t<a data-fancybox=\"wp-gallery\" href=\"https:\/\/media.panoramamarbella.com\/imgV1\/B95mbh8olwFQm~uCT2wPZMb8hll4wghQQQq6YWg0~c~U_DrmgY8pGP8pqaDzA6mvjyI_OPtcrHD_aKxGDYdR9l7uuTU1RX5TvO5yYKR_NmnwKq4GbTZagP2pUOR7fhiuBJBub0XgCplSqAZI8l6yQc2mvIk~y_ggKw--.jpg\">\n\t\t\t\t<figure class=\"ratio ratio-1x1 mb-0\">\n\t\t\t\t\t<picture><source width=\"500\" height=\"500\" srcset=\"https:\/\/media.panoramamarbella.com\/imgV1\/B95mbh8olwFQm~uCT2wPZMb8hll4wghQQQq6YWg0~c~U_DrmgY8pGP8pqaDzA6mvjyI_OPtcrHD_aKxGDYdR9l7uuTU1RX5TvO5yYKR_NmnwKq4GbTZahJFbIXLywql1vwa7aT6bnJabBNRZoZHXcSM33CewN7dZIsfYRujDQ0IGF9LiXOBQdKmC.webp 500w,https:\/\/media.panoramamarbella.com\/imgV1\/B95mbh8olwFQm~uCT2wPZMb8hll4wghQQQq6YWg0~c~U_DrmgY8pGP8pqaDzA6mvjyI_OPtcrHD_aKxGDYdR9l7uuTU1RX5TvO5yYKR_NmnwKq4GbTZagzMxsxR6fMA4RnapS~g6zUiGrKwSXahcvzWqmt3SjSjqRB32EcyHzqAnwUNc0G2p_Lnk.webp 225w\" type=\"image\/webp\"><img loading=\"lazy\" decoding=\"async\" class=\"position-absolute w-100 h-100 object-fit-cover\" alt=\"B\u00fcro in Puente Romano. Lokale und internationale Presse am Tag der Er\u00f6ffnung von Panoramas B\u00fcro in Puente Romano\" width=\"500\" height=\"500\" src=\"https:\/\/media.panoramamarbella.com\/imgV1\/B95mbh8olwFQm~uCT2wPZMb8hll4wghQQQq6YWg0~c~U_DrmgY8pGP8pqaDzA6mvjyI_OPtcrHD_aKxGDYdR9l7uuTU1RX5TvO5yYKR_NmnwKq4GbTZahJFbIXLywql1vwa7aT6bgn~4LHo~cVdhyETPQg77hHU-.jpg\"><\/picture>\t\t\t\t<\/figure>\n\t\t\t<\/a>\n\t\t\t\t\t<\/div>\n\t\t\t<\/div>\n\n\n\n<h2 class=\"wp-block-heading\">Strategische Standorte im Herzen von Marbellas Ultra-Prime-Lage<\/h2>\n\n\n\n<p>Das Flagship-B\u00fcro in Puente Romano, direkt neben der Rezeption des Nobu Marbella gelegen, bietet sowohl Resort- als auch Strassenzugang f\u00fcr Hotelg\u00e4ste, langj\u00e4hrige lokale Kunden und internationale Besucher. Erg\u00e4nzt wird es durch ein zweites Panorama-B\u00fcro gegen\u00fcber dem Marbella Club Hotel.<\/p>\n\n\n\n<p>Die Absicht ist ebenso praktisch wie repr\u00e4sentativ: ein Umfeld, das dem Niveau der betreuten Immobilien entspricht, ein privater Besprechungsraum f\u00fcr komplexe Transaktionen, unmittelbarer Zugang f\u00fcr qualifizierte Anfragen und ein Governance-orientierter Ansatz \u2014 <a href=\"https:\/\/www.panoramamarbella.com\/de\/news\/unabhaengigkeitspolitik-panorama\" data-type=\"post\" data-id=\"39464\">unabh\u00e4ngig im Eigentum<\/a> und durch <a href=\"https:\/\/www.panoramamarbella.com\/de\/news\/agentur-panorama-reguliert-rics\" data-type=\"link\" data-id=\"https:\/\/www.panoramamarbella.com\/de\/news\/agentur-panorama-reguliert-rics\">RICS reguliert<\/a> \u2014 im Einklang mit den Standards, die private Familien, Family Offices und Institutionen in europ\u00e4ischen Prime-M\u00e4rkten erwarten.<\/p>\n\n\n\n<p>Erfahren Sie mehr \u00fcber die <a href=\"https:\/\/www.panoramamarbella.com\/de\/ueber-uns\/panorama-bueros\" data-type=\"link\" data-id=\"https:\/\/www.panoramamarbella.com\/de\/ueber-uns\/panorama-bueros\">Panorama-B\u00fcros in Marbella.<\/a><\/p>\n\n","protected":false},"excerpt":{"rendered":"<p>B\u00fcro in Puente Romano: Panoramas Flagship-B\u00fcro, er\u00f6ffnet im Jahr 2020, steht f\u00fcr 50 Jahre Exzellenz im Immobilienmarkt von Marbella.<\/p>\n","protected":false},"author":7,"featured_media":1514,"comment_status":"closed","ping_status":"closed","sticky":false,"template":"","format":"standard","meta":{"_acf_changed":false,"footnotes":""},"categories":[210],"tags":[],"class_list":["post-39599","post","type-post","status-publish","format-standard","has-post-thumbnail","hentry","category-panorama-auszeichnungen"],"acf":[],"_links":{"self":[{"href":"https:\/\/www.panoramamarbella.com\/de\/wp-json\/wp\/v2\/posts\/39599","targetHints":{"allow":["GET"]}}],"collection":[{"href":"https:\/\/www.panoramamarbella.com\/de\/wp-json\/wp\/v2\/posts"}],"about":[{"href":"https:\/\/www.panoramamarbella.com\/de\/wp-json\/wp\/v2\/types\/post"}],"author":[{"embeddable":true,"href":"https:\/\/www.panoramamarbella.com\/de\/wp-json\/wp\/v2\/users\/7"}],"replies":[{"embeddable":true,"href":"https:\/\/www.panoramamarbella.com\/de\/wp-json\/wp\/v2\/comments?post=39599"}],"version-history":[{"count":2,"href":"https:\/\/www.panoramamarbella.com\/de\/wp-json\/wp\/v2\/posts\/39599\/revisions"}],"predecessor-version":[{"id":43871,"href":"https:\/\/www.panoramamarbella.com\/de\/wp-json\/wp\/v2\/posts\/39599\/revisions\/43871"}],"wp:featuredmedia":[{"embeddable":true,"href":"https:\/\/www.panoramamarbella.com\/de\/wp-json\/wp\/v2\/media\/1514"}],"wp:attachment":[{"href":"https:\/\/www.panoramamarbella.com\/de\/wp-json\/wp\/v2\/media?parent=39599"}],"wp:term":[{"taxonomy":"category","embeddable":true,"href":"https:\/\/www.panoramamarbella.com\/de\/wp-json\/wp\/v2\/categories?post=39599"},{"taxonomy":"post_tag","embeddable":true,"href":"https:\/\/www.panoramamarbella.com\/de\/wp-json\/wp\/v2\/tags?post=39599"}],"curies":[{"name":"wp","href":"https:\/\/api.w.org\/{rel}","templated":true}]}}