{"id":40233,"date":"2025-01-02T14:10:55","date_gmt":"2025-01-02T13:10:55","guid":{"rendered":"https:\/\/www.panoramamarbella.com\/news\/the-three-kings-celebration"},"modified":"2026-03-19T16:57:58","modified_gmt":"2026-03-19T15:57:58","slug":"die-heiligen-drei-koenige-marbella","status":"publish","type":"post","link":"https:\/\/www.panoramamarbella.com\/de\/news\/die-heiligen-drei-koenige-marbella","title":{"rendered":"Die Heiligen Drei K\u00f6nige: In Spanien geht die Weihnachtszeit \u00fcber den 25. Dezember hinaus"},"content":{"rendered":"\n\n<h2 class=\"wp-block-heading\">Marbellas verl\u00e4ngerte Weihnacht: die Feier der Heiligen Drei K\u00f6nige<\/h2>\n\n\n<div class=\"lead\"><p>In Spanien dauert die Weihnachtszeit weit \u00fcber den 25. Dezember hinaus an, mit der Parade der Heiligen Drei K\u00f6nige, der \u201eCabalgata de Reyes\u201c, am 5. Januar, gefolgt vom Tag der Heiligen Drei K\u00f6nige, \u201eD\u00eda de los Reyes Magos\u201c, einem landesweiten Feiertag am 6. Januar.<\/p>\n<\/div>\n\n\n<p>In Regionen wie Marbella und der Costa del Sol sind die Feierlichkeiten besonders eindrucksvoll, da sie alte Br\u00e4uche mit dem modernen, kosmopolitischen Flair der Gegend verbinden. Von zauberhaften Umz\u00fcgen bis hin zu innigen Familientraditionen bietet diese Jahreszeit einen einzigartigen Einblick in den lebendigen Geist spanischer Festtage.<\/p>\n\n\n\n<ul class=\"table-index list-unstyled p-4 p-lg-5 ms-0 bg-light\"><li class=\"text-uppercase fw-bold mb-3\">Inhaltsverzeichnis<\/li><li><a href=\"#marbellas+verlangerte+weihnacht+die+feier+der+heiligen+drei+konige\">\nMarbellas verl\u00e4ngerte Weihnacht: die Feier der Heiligen Drei K\u00f6nige\n<\/a><\/li>\n<li><a href=\"#4+januar+eine+spektakulare+ankunft+in+marbella\">\n4. Januar: eine spektakul\u00e4re Ankunft in Marbella\n<\/a><\/li>\n<li><a href=\"#5+januar+die+parade+der+heiligen+drei+konige\">\n5. Januar: die Parade der Heiligen Drei K\u00f6nige\n<\/a><\/li>\n<li><a href=\"#6+januar+dreikonigstag++ein+landesweiter+feiertag\">\n6. Januar: Dreik\u00f6nigstag \u2013 ein landesweiter Feiertag\n<\/a><\/li>\n<li><a href=\"#briefe+an+den+weihnachtsmann+und+die+heiligen+drei+konige\">\nBriefe an den Weihnachtsmann und die Heiligen Drei K\u00f6nige\n<\/a><\/li>\n<li><a href=\"#die+geschichte+des+dreikonigstages+in+spanien\">\nDie Geschichte des Dreik\u00f6nigstages in Spanien\n<\/a><\/li><\/ul>\n\n\n\n<h2 class=\"wp-block-heading\">4. Januar: eine spektakul\u00e4re Ankunft in Marbella<\/h2>\n\n\n\n<p>Die Feierlichkeiten beginnen am 4. Januar auf spektakul\u00e4re Weise mit einer besonderen lokalen Tradition: Die Heiligen Drei K\u00f6nige kommen um 17:00 Uhr mit dem Boot im Puerto Deportivo von Marbella an, wo sie offiziell von der B\u00fcrgermeisterin empfangen werden, bevor sie in offenen Oldtimern durch die Stadt fahren. Diese Fahrt f\u00fchrt sie bis zum historischen Rathaus in Marbellas Altstadt und sorgt f\u00fcr ein aufregendes Schauspiel f\u00fcr Einheimische und Besucher. Wenn sie gemeinsam mit der K\u00f6niglichen Garde die Plaza de la Iglesia erreichen, \u00fcberreichen die \u00f6rtlichen Beh\u00f6rden den Heiligen Drei K\u00f6nigen feierlich die Schl\u00fcssel der Stadt. Anschliessend verbringen sie die Nacht in der Burg von Marbella, um sich auf den Umzug des n\u00e4chsten Tages vorzubereiten.<\/p>\n\n\n\n<h2 class=\"wp-block-heading\">5. Januar: die Parade der Heiligen Drei K\u00f6nige<\/h2>\n\n\n\n<ol start=\"5\" class=\"wp-block-list\">\n<li><\/li>\n<\/ol>\n\n\n\n<p>Am 5. Januar erwachen Marbellas Strassen mit der spektakul\u00e4ren Parade der Heiligen Drei K\u00f6nige zum Leben. Sie beginnt um 18:00 Uhr auf der Avenida Ricardo Soriano. Der Umzug startet am Pirul\u00ed \u2014 einem ikonischen Bronzeturm nahe dem Kongresspalast \u2014 und zieht entlang der Hauptstrasse bis zur Avenida Severo Ochoa beim Quir\u00f3n-Krankenhaus.<\/p>\n\n\n\t<figure class=\"wp-caption aligncenter wp-block-acf-wpimage\">\n\t<picture><source width=\"900\" height=\"504\" srcset=\"https:\/\/media.panoramamarbella.com\/imgV1\/B95mbh8olwFQm~uCT2wPZMb8hll4wghQQQq6YWg0~c~U_DrmgY8pGP8pqaDzA6mvjyI_OPtcrHD_aKxDZZGw8oamJk0U2vdChkcEiw9tZ6qitKj1UTX2AgVQ4nER6DFoTKlJe~MPOWxlnhJsH5NsBN__Chk0iQbjc8AJr9wwGuCXQZw1gk8b4rB1U25O7iSwy19vWIGp7w--.webp 900w\" type=\"image\/webp\"><img decoding=\"async\" class=\"img-fluid\" loading=\"lazy\" width=\"900\" height=\"504\" alt=\"M\u00e4dchen beobachtet die Parade der Heiligen Drei K\u00f6nige in Marbella\" src=\"https:\/\/media.panoramamarbella.com\/imgV1\/B95mbh8olwFQm~uCT2wPZMb8hll4wghQQQq6YWg0~c~U_DrmgY8pGP8pqaDzA6mvjyI_OPtcrHD_aKxDZZGw8oamJk0U2vdChkcEiw9tZ6qitKj1UTX2AgVQ4nER6DFoTKlJe~MPOWxlnhJsH5NsBN__Cge1oEgH3yw8fDLAYqA5xB2x.jpg\"><\/picture>\t\t\t<figcaption class=\"wp-caption-text\">\n\t\tDie Parade der Heiligen Drei K\u00f6nige\t\t<\/figcaption>\n\t\t\t<\/figure>\n\t\n\n\n<p>Mit aufwendig gestalteten Festwagen, kost\u00fcmierten Darstellern und der Musikgruppe von Marbella verwandelt der Umzug die Stadt in ein Fest voller Begeisterung. Die Heiligen Drei K\u00f6nige \u2014 Melchior, Kaspar und Balthasar \u2014 f\u00fchren die Prozession an und \u00fcbersch\u00fctten die Menschen mit S\u00fcssigkeiten und kleinen Geschenken. Familien versammeln sich fr\u00fch entlang der Strecke, um sich gute Pl\u00e4tze zu sichern, und bringen zus\u00e4tzliche Taschen mit, um die Bonbons und Spielzeuge aufzusammeln, die von den Wagen geworfen werden. Zum bequemen Parken ist die Calle Jacinto Benavente bei Einheimischen besonders beliebt.<\/p>\n\n\n\n<h2 class=\"wp-block-heading\">6. Januar: Dreik\u00f6nigstag \u2013 ein landesweiter Feiertag<\/h2>\n\n\n\n<ol start=\"6\" class=\"wp-block-list\">\n<li><\/li>\n<\/ol>\n\n\n\n<p>Am 6. Januar setzen spanische Familien die Feierlichkeiten fort, indem sie die Geschenke \u00f6ffnen, die von den Heiligen Drei K\u00f6nigen gebracht wurden. Eine besondere Tradition ist der Rosc\u00f3n de Reyes, ein ringf\u00f6rmiges Hefegeb\u00e4ck mit einer versteckten \u00dcberraschung \u2014 meist einer kleinen Jesusfigur. Wer diese Figur findet, wird f\u00fcr einen Tag zum \u201eK\u00f6nig des Hauses\u201c. Da es sich um einen landesweiten Feiertag handelt, bleiben die Gesch\u00e4fte geschlossen, sodass Familien ihre Traditionen in Ruhe geniessen k\u00f6nnen.<\/p>\n\n\n\t<figure class=\"wp-caption aligncenter wp-block-acf-wpimage\">\n\t<picture><source width=\"900\" height=\"600\" srcset=\"https:\/\/media.panoramamarbella.com\/imgV1\/B95mbh8olwFQm~uCT2wPZMb8hll4wghQQQq6YWg0~c~U_DrmgY8pGP8pqaDzA6mvjyI_OPtcrHD_aKxDZZGw8oBZcIvDoPxIXK2Y9YjcV9Emk0dPp_ki8KtcBGH_ZcyME~eVKEE_RUeCnKhB6YI09NLB55SkUDBJ0QW4JEbF6k9PW4GiC5GWCBp_BhPk.webp 900w\" type=\"image\/webp\"><img decoding=\"async\" class=\"img-fluid\" loading=\"lazy\" width=\"900\" height=\"600\" alt=\"die Heiligen Drei K\u00f6nige + Rosc\u00f3n de Reyes, traditioneller Kuchen\" src=\"https:\/\/media.panoramamarbella.com\/imgV1\/B95mbh8olwFQm~uCT2wPZMb8hll4wghQQQq6YWg0~c~U_DrmgY8pGP8pqaDzA6mvjyI_OPtcrHD_aKxDZZGw8oBZcIvDoPxIXK2Y9YjcV9Emk0dPp_ki8KtcBGH_ZcyME~eVKEE_RUeCguhdfKdZYcQzYlWJaosyXm8-.jpg\"><\/picture>\t\t\t<figcaption class=\"wp-caption-text\">\n\t\tRoscon de Reyes\t\t<\/figcaption>\n\t\t\t<\/figure>\n\t\n\n\n<p>Interessanterweise hat der Zeitpunkt dieses Feiertags zu einer besonderen modernen Anpassung gef\u00fchrt. Da der 7. Januar oft die R\u00fcckkehr in die Schule markiert und Kinder nur wenig Zeit haben, ihre neuen Spielsachen zu geniessen, verteilen viele spanische Familien die Bescherung inzwischen auf den 25. Dezember und den 6. Januar. Wie Einheimische gern sagen: Das ist nur einer der vielen Vorteile des Lebens in Marbella \u2014 eine Flexibilit\u00e4t, die verl\u00e4ngerte Feiertagsfreude m\u00f6glich macht.<\/p>\n\n\n\t<figure class=\"wp-caption alignright wp-block-acf-wpimage\">\n\t<picture><source width=\"900\" height=\"1270\" srcset=\"https:\/\/media.panoramamarbella.com\/imgV1\/B95mbh8olwFQm~uCT2wPZMb8hll4wghQQQq6YWg0~c~U_DrmgY8pGP8pqaDzA6mvjyI_OPtcrHD_aKxDZZGw8pGfir2FO2DGS2lmoiK6bhqsdUpYmqlmAbTCViN5L5781eSNlhlVAUtXUq9rqYdxdQOOpBiAJ6fknwNFku0u~NW7P51l0RwhF_nn.webp 900w\" type=\"image\/webp\"><img decoding=\"async\" class=\"img-fluid\" loading=\"lazy\" width=\"900\" height=\"1270\" alt=\"Cartero Real\" src=\"https:\/\/media.panoramamarbella.com\/imgV1\/B95mbh8olwFQm~uCT2wPZMb8hll4wghQQQq6YWg0~c~U_DrmgY8pGP8pqaDzA6mvjyI_OPtcrHD_aKxDZZGw8pGfir2FO2DGS2lmoiK6bhqsdUpYmqlmAbTCViN5L5781eSNlhlVH9QIX73GocUiHGnk4HHQ_ro-.jpg\"><\/picture>\t\t\t<figcaption class=\"wp-caption-text\">\n\t\tk\u00f6niglicher Postbote\t\t<\/figcaption>\n\t\t\t<\/figure>\n\t\n\n\n<h2 class=\"wp-block-heading\">Briefe an den Weihnachtsmann und die Heiligen Drei K\u00f6nige<\/h2>\n\n\n\n<p>So wie Kinder in anderen Teilen der Welt Briefe an den Weihnachtsmann schreiben, verfassen spanische Kinder Briefe an die Heiligen Drei K\u00f6nige. Marbella macht diese Tradition mit der \u201eCasa del Cartero Real\u201c, dem Haus des k\u00f6niglichen Brieftr\u00e4gers im Parque de la Alameda, noch besonderer.<\/p>\n\n\n\n<p>Hier k\u00f6nnen Kinder ihre Briefe einwerfen und ihre Weihnachtsw\u00fcnsche sowie ihre Hoffnungen f\u00fcr den Dreik\u00f6nigstag mitteilen. Es ist ein magisches Erlebnis, das die Vorfreude auf die Festtage noch verst\u00e4rkt.<\/p>\n\n\n\n<h2 class=\"wp-block-heading\">Die Geschichte des Dreik\u00f6nigstages in Spanien<\/h2>\n\n\n\n<p>Die Urspr\u00fcnge des Dreik\u00f6nigstages gehen auf die biblische Erz\u00e4hlung der Weisen aus dem Morgenland zur\u00fcck, die nach Bethlehem reisten und dem neugeborenen Jesus Gold, Weihrauch und Myrrhe brachten. Diese Geschichte inspirierte die mittelalterlichen Gemeinschaften auf der Iberischen Halbinsel dazu, das Fest der Epiphanie mit religi\u00f6sen Feiern zu begehen.<\/p>\n\n\n\t<figure class=\"wp-caption aligncenter wp-block-acf-wpimage\">\n\t<picture><source width=\"900\" height=\"504\" srcset=\"https:\/\/media.panoramamarbella.com\/imgV1\/B95mbh8olwFQm~uCT2wPZMb8hll4wghQQQq6YWg0~c~U_DrmgY8pGP8pqaDzA6mvjyI_OPtcrHD_aKxDZZGw8oamJk0U2vdChkcEiw9tZ6q8zZvIKEMHKkmN8zIjjSXATrHptHsx_Ar~n5gQ9QnuRWATMPoQaDTp_9RI_b1DOSTZDjM8dHO1BEHQr~tUhfTiLqHf.webp 900w\" type=\"image\/webp\"><img decoding=\"async\" class=\"img-fluid\" loading=\"lazy\" width=\"900\" height=\"504\" alt=\"Die Heiligen Drei K\u00f6nige und das Christkind\" src=\"https:\/\/media.panoramamarbella.com\/imgV1\/B95mbh8olwFQm~uCT2wPZMb8hll4wghQQQq6YWg0~c~U_DrmgY8pGP8pqaDzA6mvjyI_OPtcrHD_aKxDZZGw8oamJk0U2vdChkcEiw9tZ6q8zZvIKEMHKkmN8zIjjSXATrHptHsx_Ar~n5gQ9QnuW8SvCrn41mH685UfhpSPQKU-.jpg\"><\/picture>\t\t\t<figcaption class=\"wp-caption-text\">\n\t\tThe Three Kings and Christ child\t\t<\/figcaption>\n\t\t\t<\/figure>\n\t\n\n\n<p>Was als rein religi\u00f6se Feier begann, entwickelte sich nach und nach zu einem breiteren kulturellen Fest, das die Fantasie spanischer Gemeinschaften eroberte. Im 19. Jahrhundert hatte die Feier bereits markante Merkmale wie grosse Strassenumz\u00fcge, die Tradition des Briefeschreibens und gemeinschaftliches Schenken angenommen.<\/p>\n\n\n\n<p>Im modernen Spanien steht der Dreik\u00f6nigstag f\u00fcr weit mehr als nur einen Feiertag. Er ist ein tief verwurzelter Ausdruck kultureller Identit\u00e4t, der historische religi\u00f6se Traditionen mit heutigen Familienfeiern verbindet. Der Tag symbolisiert Grossz\u00fcgigkeit, Zusammenhalt in der Gemeinschaft und die Fortf\u00fchrung langj\u00e4hriger kultureller Br\u00e4uche, die f\u00fcr die spanische Gesellschaft typisch sind.<\/p>\n\n\n\n<p>F\u00fcr Regionen wie Marbella und die Costa del Sol bleibt diese Feier ein lebendiges Zeichen kultureller Kontinuit\u00e4t. Sie verwandelt eine alte biblische Erz\u00e4hlung in ein gegenw\u00e4rtiges, integratives Erlebnis, das Generationen durch gemeinsame Traditionen von Freude, Erwartung und festlichem Miteinander verbindet.<\/p>\n\n\n<article class=\"col w-100 position-relative wp-block-acf-banner\">\n    <div class=\"d-flex flex-wrap flex-column flex-xl-row align-items-start align-items-xl-end gap-4 w-100 bg-secondary text-white p-4\">\n        <div class=\"d-flex flex-column\">\n\t\t\t            <a href=\"https:\/\/www.panoramamarbella.com\/de\/newsletter-fur-immobilien-zum-verkauf\" class=\"stretched-link text-white text-decoration-none\" title=\"Gef\u00e4llt Ihnen, was Sie lesen?\">\n\t\t\t\t<h2 class=\"text-white mb-3\">Gef\u00e4llt Ihnen, was Sie lesen?<\/h2>            <\/a>\n\t\t\t            <p class=\"mb-0\">\n                Abonnieren Sie unseren Newsletter f\u00fcr interessante Artikel, exklusive Inhalte und die neuesten Neuigkeiten.            <\/p>\n\t\t\t        <\/div>\n\t\t        <span class=\"btn btn-outline-light ms-xl-auto\">Panorama newsletter<\/span>\n\t\t    <\/div>\n<\/article>\n\n\n\n\n<p><a href=\"https:\/\/www.panoramamarbella.com\/holiday-rentals\"><br><strong><br><\/strong><\/a><\/p>\n\n\n\n","protected":false},"excerpt":{"rendered":"<p>Wir werfen einen Blick auf die traditionellen Feiern der Epiphanie und der Heiligen Drei K\u00f6nige.<\/p>\n","protected":false},"author":3,"featured_media":9883,"comment_status":"closed","ping_status":"closed","sticky":false,"template":"","format":"standard","meta":{"_acf_changed":false,"footnotes":""},"categories":[39],"tags":[],"class_list":["post-40233","post","type-post","status-publish","format-standard","has-post-thumbnail","hentry","category-marbella-lifestyle-de"],"acf":[],"_links":{"self":[{"href":"https:\/\/www.panoramamarbella.com\/de\/wp-json\/wp\/v2\/posts\/40233","targetHints":{"allow":["GET"]}}],"collection":[{"href":"https:\/\/www.panoramamarbella.com\/de\/wp-json\/wp\/v2\/posts"}],"about":[{"href":"https:\/\/www.panoramamarbella.com\/de\/wp-json\/wp\/v2\/types\/post"}],"author":[{"embeddable":true,"href":"https:\/\/www.panoramamarbella.com\/de\/wp-json\/wp\/v2\/users\/3"}],"replies":[{"embeddable":true,"href":"https:\/\/www.panoramamarbella.com\/de\/wp-json\/wp\/v2\/comments?post=40233"}],"version-history":[{"count":1,"href":"https:\/\/www.panoramamarbella.com\/de\/wp-json\/wp\/v2\/posts\/40233\/revisions"}],"predecessor-version":[{"id":40255,"href":"https:\/\/www.panoramamarbella.com\/de\/wp-json\/wp\/v2\/posts\/40233\/revisions\/40255"}],"wp:featuredmedia":[{"embeddable":true,"href":"https:\/\/www.panoramamarbella.com\/de\/wp-json\/wp\/v2\/media\/9883"}],"wp:attachment":[{"href":"https:\/\/www.panoramamarbella.com\/de\/wp-json\/wp\/v2\/media?parent=40233"}],"wp:term":[{"taxonomy":"category","embeddable":true,"href":"https:\/\/www.panoramamarbella.com\/de\/wp-json\/wp\/v2\/categories?post=40233"},{"taxonomy":"post_tag","embeddable":true,"href":"https:\/\/www.panoramamarbella.com\/de\/wp-json\/wp\/v2\/tags?post=40233"}],"curies":[{"name":"wp","href":"https:\/\/api.w.org\/{rel}","templated":true}]}}