{"id":44517,"date":"2026-04-27T10:49:46","date_gmt":"2026-04-27T08:49:46","guid":{"rendered":"https:\/\/www.panoramamarbella.com\/?p=44517"},"modified":"2026-04-27T16:53:15","modified_gmt":"2026-04-27T14:53:15","slug":"neu-in-marbella","status":"publish","type":"post","link":"https:\/\/www.panoramamarbella.com\/de\/news\/neu-in-marbella","title":{"rendered":"Neu in Marbella: die neuesten Er\u00f6ffnungen, die man kennen sollte"},"content":{"rendered":"\n\n<h2 class=\"wp-block-heading\">Neu in Marbella: Restaurants, Beach Clubs und die Wiederer\u00f6ffnung eines legend\u00e4ren Hotels<\/h2>\n\n\n<div class=\"lead\"><p>In Marbella ist dieses Jahr viel los. Neue Restaurants, neue Beach Clubs und die Wiederer\u00f6ffnung eines beliebten Hotels pr\u00e4gen bereits die Saison.<\/p>\n<\/div>\n\n\n<ul class=\"table-index list-unstyled p-4 p-lg-5 ms-0 bg-light\"><li class=\"text-uppercase fw-bold mb-3\">Inhaltsverzeichnis<\/li><li><a href=\"#neu+in+marbella+restaurants+beach+clubs+und+die+wiedereroffnung+eines+legendaren+hotels\">\nNeu in Marbella: Restaurants, Beach Clubs und die Wiederer\u00f6ffnung eines legend\u00e4ren Hotels\n<\/a><\/li>\n<li><a href=\"#neu+in+marbella+die+neuesten+eroffnungen+die+man+kennen+sollte\">\nNeu in Marbella: die neuesten Er\u00f6ffnungen, die man kennen sollte\n<\/a><\/li>\n<li><a href=\"#bleiben+sie+mit+panorama+uber+die+neuigkeiten+auf+dem+immobilienmarkt+von+marbella+auf+dem+laufenden\">\nBleiben Sie mit Panorama \u00fcber die Neuigkeiten auf dem Immobilienmarkt von Marbella auf dem Laufenden\n<\/a><\/li>\n<li><a href=\"#haufig+gestellte+fragen+zu+neuen+eroffnungen+in+marbella\">\nH\u00e4ufig gestellte Fragen zu neuen Er\u00f6ffnungen in Marbella\n<\/a><\/li><\/ul>\n\n\n\n<h2 class=\"wp-block-heading\">Neu in Marbella: die neuesten Er\u00f6ffnungen, die man kennen sollte<\/h2>\n\n\n\n<h3 class=\"wp-block-heading\">La Petite Maison | Restaurant<\/h3>\n\n\n\t<figure class=\"wp-caption aligncenter wp-block-acf-wpimage\">\n\t<picture><source width=\"900\" height=\"353\" srcset=\"https:\/\/media.panoramamarbella.com\/imgV1\/B95mbh8olwFQm~uCT2wPZMb8hll4wghQQQq6YWg0~c~U_DrmgY8pGP8pqaDzA6mvjyI_OPtcrHD_aKxAUQW30SOrqLQdYOBdc9Tm54n3zjtcWqw4_gQ7XAg8RyKPWOo~JV_dVe_XB~ikNZ_nTHxIEVJq9SmrZcq4uEuLtBdpSKXE1XM1Fa03awZuD5fQpgxiSA--.webp 900w\" type=\"image\/webp\"><img decoding=\"async\" class=\"img-fluid\" loading=\"lazy\" width=\"900\" height=\"353\" alt=\"Neu in Marbella. Elegantes Restaurantinterieur direkt am Strand mit runden, wei\u00df gedeckten Tischen, weichen Sitzgelegenheiten in neutralen T\u00f6nen, Tischdekoration bei Kerzenschein und Meerblick durch gro\u00dfe Glasfenster, mit Palmen im Au\u00dfenbereich.\" src=\"https:\/\/media.panoramamarbella.com\/imgV1\/B95mbh8olwFQm~uCT2wPZMb8hll4wghQQQq6YWg0~c~U_DrmgY8pGP8pqaDzA6mvjyI_OPtcrHD_aKxAUQW30SOrqLQdYOBdc9Tm54n3zjtcWqw4_gQ7XAg8RyKPWOo~JV_dVe_XB~ikNZ_nTGI6vY0tQwtAvg7Cia3ezzyY.jpg\"><\/picture>\t\t\t<figcaption class=\"wp-caption-text\">\n\t\tGastronomie wie an der Franz\u00f6sischen Riviera an der Goldenen Meile\t\t<\/figcaption>\n\t\t\t<\/figure>\n\t\n\n\n<p>Inmitten der G\u00e4rten von Puente Romano bringt La Petite Maison seinen charakteristischen franz\u00f6sisch-mediterranen Stil nach Marbella, mit Schwerpunkt auf der K\u00fcche Nizzas und der C\u00f4te d\u2019Azur. Die Speisekarte basiert auf frischen, hochwertigen Zutaten, mit besonderem Fokus auf leichten Gerichten zum Teilen, von aromatischen Vorspeisen bis hin zu gegrilltem Fleisch und Fisch.<\/p>\n\n\n\n<p>Das Ambiente folgt der bekannten \u00c4sthetik der Marke: hell, elegant und entspannt, mit einem starken Indoor-Outdoor-Gef\u00fchl, das perfekt zum Klima Marbellas passt. Es ist eine nat\u00fcrliche Erg\u00e4nzung der Gastronomieszene von Puente Romano und bietet ein raffiniertes, aber unkompliziertes Konzept, das sehr gut zur hiesigen Art des Genie\u00dfens passt.<\/p>\n\n\n\n<p>Reservierungen m\u00f6glich: <a href=\"https:\/\/www.puenteromano.com\/dining-drinks\/la-petite-maison\/\" target=\"_blank\" rel=\"noreferrer noopener nofollow\">La Petite Maison<\/a>.<\/p>\n\n\n\n<h3 class=\"wp-block-heading\">TATEL Marbella | Restaurant<\/h3>\n\n\n\t<figure class=\"wp-caption aligncenter wp-block-acf-wpimage\">\n\t<picture><source width=\"900\" height=\"416\" srcset=\"https:\/\/media.panoramamarbella.com\/imgV1\/B95mbh8olwFQm~uCT2wPZMb8hll4wghQQQq6YWg0~c~U_DrmgY8pGP8pqaDzA6mvjyI_OPtcrHD_aKxAUQW30SCN2qkhLNg1B81N3lE1O~PSUcU7Y9NeARdpWPa2XOhKWH_1soK7N5xtW~cG9co62ssnJUGAip~88vW9O7mPPDGi~N_OMHNalu2eV5ewfac-.webp 900w\" type=\"image\/webp\"><img decoding=\"async\" class=\"img-fluid\" loading=\"lazy\" width=\"900\" height=\"416\" alt=\"Au\u00dfenwand-Schild von TATEL Marbella mit dem Logo des Restaurants und der Aufschrift \u201eComing soon\u201c, eingerahmt von Gr\u00fcnpflanzen und rosa Blumen.\" src=\"https:\/\/media.panoramamarbella.com\/imgV1\/B95mbh8olwFQm~uCT2wPZMb8hll4wghQQQq6YWg0~c~U_DrmgY8pGP8pqaDzA6mvjyI_OPtcrHD_aKxAUQW30SCN2qkhLNg1B81N3lE1O~PSUcU7Y9NeARdpWPa2XOhKWH_1soK7N5xtW~cYR11ppszb9qnFksJWbBc4NQ--.jpg\"><\/picture>\t\t\t<figcaption class=\"wp-caption-text\">\n\t\tDieses spanische Restaurant mit prominenten Wurzeln wird bald er\u00f6ffnen\t\t<\/figcaption>\n\t\t\t<\/figure>\n\t\n\n\n<p>TATEL soll demn\u00e4chst in Marbella in der historischen Villa Tiberio an der Goldenen Meile er\u00f6ffnen und bringt einen etablierten internationalen Ruf in der gehobenen K\u00fcche mit. Urspr\u00fcnglich im Jahr 2014 gegr\u00fcndet, geh\u00f6rt TATEL einer Partnerschaft, zu der Rafa Nadal und Pau Gasol ebenso z\u00e4hlen wie S\u00e4nger Enrique Iglesias und Fu\u00dfballstar Cristiano Ronaldo.<\/p>\n\n\n\n<p>Als Teil von Mabel Hospitality hat diese prominent besetzte Gruppe ihre spanische K\u00fcche auf die internationale B\u00fchne gebracht, mit Restaurants an bedeutenden Standorten wie Dubai, Riad, Mexiko, Ibiza, Madrid und Beverly Hills.<\/p>\n\n\n\n<p>Das Erlebnis ist so konzipiert, dass es sich im Laufe des Tages weiterentwickelt: Tags\u00fcber funktioniert es als entspannteres Ambiente im Pool- und Beach-Club-Stil, bevor es sich abends in ein vollwertiges Restaurant und eine Location f\u00fcr den Abend verwandelt.<br><br>Demn\u00e4chst verf\u00fcgbar, erfahren Sie mehr: <a href=\"https:\/\/tatelrestaurants.com\/en\/\" target=\"_blank\" rel=\"noreferrer noopener nofollow\">TATEL Restaurants<\/a><\/p>\n\n\n\n<h3 class=\"wp-block-heading\">Sabine Beach | Beach Club<\/h3>\n\n\n\t<figure class=\"wp-caption aligncenter wp-block-acf-wpimage\">\n\t<picture><source width=\"900\" height=\"600\" srcset=\"https:\/\/media.panoramamarbella.com\/imgV1\/B95mbh8olwFQm~uCT2wPZMb8hll4wghQQQq6YWg0~c~U_DrmgY8pGP8pqaDzA6mvjyI_OPtcrHD_aKxAUQW30SGKCwO_uJJGd~TJzudHt3a9SP68hAaXc3BLTGfTnoadreQYmLF4j2mrUhVjx_3GfuAN4mplEci9d~c516S4nmypX8WT6NOT60bv9c3ur7A-.webp 900w\" type=\"image\/webp\"><img decoding=\"async\" class=\"img-fluid\" loading=\"lazy\" width=\"900\" height=\"600\" alt=\"Luxuri\u00f6se Sonnenliegen eines Beach Clubs auf dem Sand unter strohgedeckten Sonnenschirmen, direkt am Meer, mit ruhigen Wellen und klarem blauem Himmel.\" src=\"https:\/\/media.panoramamarbella.com\/imgV1\/B95mbh8olwFQm~uCT2wPZMb8hll4wghQQQq6YWg0~c~U_DrmgY8pGP8pqaDzA6mvjyI_OPtcrHD_aKxAUQW30SGKCwO_uJJGd~TJzudHt3a9SP68hAaXc3BLTGfTnoadreQYmLF4j2mrUhV9eKIq5wmMxkgUdmEz66xV~g--.jpg\"><\/picture>\t\t\t<figcaption class=\"wp-caption-text\">\n\t\tEin ruhigeres, sorgf\u00e4ltig durchdachtes Konzept f\u00fcr Gastronomie direkt am Strand\t\t<\/figcaption>\n\t\t\t<\/figure>\n\t\n\n\n<p>Sabine Beach ist auf ein ruhigeres Tempo ausgelegt und verbindet Restaurant, Bar und Strandliegen auf ganz nat\u00fcrliche Weise miteinander. Das Ambiente ist schlicht und stimmig, mit offenem Ausblick, nat\u00fcrlichem Licht und einer engen Verbindung zum Meer.<\/p>\n\n\n\n<p>Die Speisekarte konzentriert sich auf frische, leichte mediterrane Gerichte, bei denen Fisch und Meeresfr\u00fcchte im Mittelpunkt stehen \u2013 ideal f\u00fcr lange Mittagessen und entspannte Abende. Eine dezente musikalische Begleitung durch Live-DJs unterstreicht die Atmosph\u00e4re, ohne sich in den Vordergrund zu dr\u00e4ngen, und schafft einen Ort, der entspannt, gesellig und einladend wirkt.<\/p>\n\n\n\n<p>Reservieren Sie Ihren Platz am Meer: <a href=\"https:\/\/www.sabinebeachmarbella.com\/\" target=\"_blank\" rel=\"noreferrer noopener nofollow\">Sabine Beach<\/a>.<\/p>\n\n\n\n<h3 class=\"wp-block-heading\">Don Carlos Marbella | 5-Sterne-Hotel<\/h3>\n\n\n\t<figure class=\"wp-caption aligncenter wp-block-acf-wpimage\">\n\t<picture><source width=\"900\" height=\"571\" srcset=\"https:\/\/media.panoramamarbella.com\/imgV1\/B95mbh8olwFQm~uCT2wPZMb8hll4wghQQQq6YWg0~c~U_DrmgY8pGP8pqaDzA6mvjyI_OPtcrHD_aKxAUQW30SY2~9nzj0IgYK5hgsjgRJYf0VWVTPeyT_FJkYHRCc4MaZc6sZwWFmdKwbLSXQHjX4CmSY8qA67Rom6URXdLehTARvyHs~h1V4hBAOnoU0g-.webp 900w\" type=\"image\/webp\"><img decoding=\"async\" class=\"img-fluid\" loading=\"lazy\" width=\"900\" height=\"571\" alt=\"Helle und elegante Restaurantterrasse mit Rattanst\u00fchlen, runden Marmortischen, gelb gestreiften Sonnenschirmen und Blick auf den Pool in einem stilvollen Resort-Ambiente.\" src=\"https:\/\/media.panoramamarbella.com\/imgV1\/B95mbh8olwFQm~uCT2wPZMb8hll4wghQQQq6YWg0~c~U_DrmgY8pGP8pqaDzA6mvjyI_OPtcrHD_aKxAUQW30SY2~9nzj0IgYK5hgsjgRJYf0VWVTPeyT_FJkYHRCc4MaZc6sZwWFmdKwbLMelt_KQThvudvn6DrdwXt8w--.jpg\"><\/picture>\t\t\t<figcaption class=\"wp-caption-text\">\n\t\tEin traditionsreiches Hotel kehrt mit einer neuen Ausrichtung zur\u00fcck\t\t<\/figcaption>\n\t\t\t<\/figure>\n\t\n\n\n<p>Das Don Carlos Hotel, das 1969 erstmals er\u00f6ffnet wurde, entwickelte sich schnell zu einem der pr\u00e4genden H\u00e4user Marbellas, eingebettet in weitl\u00e4ufige Anlagen direkt am Strand von Elviria. \u00dcber Jahrzehnte hinweg war es ein Bezugspunkt f\u00fcr internationale Besucher, bekannt f\u00fcr seine Gr\u00f6\u00dfe, seine G\u00e4rten und seine langj\u00e4hrige Pr\u00e4senz an der K\u00fcste.<\/p>\n\n\n\n<p>Nach seiner Schlie\u00dfung im Jahr 2022 f\u00fcr eine umfassende Neugestaltung mit Investitionen von mehr als 43 Millionen Euro ist das Hotel nun wiederer\u00f6ffnet und mit einem erneuerten Fokus auf Design, Service und Gesamterlebnis neu positioniert. Die Modernisierung bringt es auf den Stand heutiger Erwartungen, w\u00e4hrend es zugleich das Ambiente bewahrt, das es urspr\u00fcnglich so bekannt gemacht hat.<\/p>\n\n\n\n<p>Seine R\u00fcckkehr st\u00e4rkt zudem Marbella Ost, wo die Investitionen in Hotels und Infrastruktur stetig zugenommen haben. Mehr als nur eine Renovierung markiert sie die Wiederbelebung eines der traditionsreichen Namen Marbellas, nun bereit f\u00fcr eine neue Generation von Besuchern.<\/p>\n\n\n\n<p>Entdecken Sie die Einrichtungen: <a href=\"https:\/\/doncarlosresort.com\/en\/\" target=\"_blank\" rel=\"noreferrer noopener nofollow\">Don Carlos Resort<\/a>.<\/p>\n\n\n\n<h3 class=\"wp-block-heading\">Nube | Beach Club<\/h3>\n\n\n\t<figure class=\"wp-caption aligncenter wp-block-acf-wpimage\">\n\t<picture><source width=\"900\" height=\"600\" srcset=\"https:\/\/media.panoramamarbella.com\/imgV1\/B95mbh8olwFQm~uCT2wPZMb8hll4wghQQQq6YWg0~c~U_DrmgY8pGP8pqaDzA6mvjyI_OPtcrHD_aKxAUQW30SfwTlbgkfI6fkEXvXIBhyDQ6mCHcaRF9HnMZTGxSO1mfvJzcOoa6Ara6SJd~5q357tcPgVIPB19YrzCDzujXPdjx0GUU98FjkKnzmpSo~Y-.webp 900w\" type=\"image\/webp\"><img decoding=\"async\" class=\"img-fluid\" loading=\"lazy\" width=\"900\" height=\"600\" alt=\"Stilvoller Poolbereich eines Beach Clubs mit gepolsterten Liegen, Sonnenschirmen mit Fransen, Palmen und ruhigem Meerblick in einem luxuri\u00f6sen Ambiente direkt am Wasser.\" src=\"https:\/\/media.panoramamarbella.com\/imgV1\/B95mbh8olwFQm~uCT2wPZMb8hll4wghQQQq6YWg0~c~U_DrmgY8pGP8pqaDzA6mvjyI_OPtcrHD_aKxAUQW30SfwTlbgkfI6fkEXvXIBhyDQ6mCHcaRF9HnMZTGxSO1mfvJzcOoa6Ara6SJDJ~mvX_O1Ap84iIwOkiScfg--.jpg\"><\/picture>\t\t\t<figcaption class=\"wp-caption-text\">\n\t\tSoft Opening am 1. Mai 2026\t\t<\/figcaption>\n\t\t\t<\/figure>\n\t\n\n\n<p>Direkt an der K\u00fcste in Estepona gelegen, bringt Nube ein neues Gesicht und einen frischen Ansatz in die Beach-Club-Szene. Der Ort ist gepr\u00e4gt von nat\u00fcrlichen Texturen, sanften Farbt\u00f6nen und offenen, luftigen Bereichen, die vom ersten Moment an eine ruhige und angenehme Atmosph\u00e4re schaffen. Der Club umfasst ein mediterranes Restaurant, einen Beach Club, einen Pool und Strand-Loungebereiche, eine Terrasse, eine Karaoke-Lounge und einen Nachtclub.<\/p>\n\n\n\n<p>Das Konzept setzt auf ein ganzt\u00e4giges Erlebnis, wobei jeder Bereich seine eigene Stimmung bietet. Die Vormittage und fr\u00fchen Nachmittage sind entspannt, mit Sonnenliegen, Meerblick und einer Speisekarte, die sich auf frische Meeresfr\u00fcchte, Grillgerichte und leichtere Speisen konzentriert. Im Laufe des Tages steigt die Energie, mit Musik, Cocktails und einer geselligeren Atmosph\u00e4re bis in den Abend hinein.<\/p>\n\n\n\n<p>Buchen Sie Ihr Erlebnis: <a href=\"https:\/\/nubeestepona.es\/\" target=\"_blank\" rel=\"noreferrer noopener nofollow\">Nube Estepona<\/a>.<\/p>\n\n\n<article class=\"col w-100 position-relative mb-5 wp-block-acf-banner\">\n    <div class=\"d-flex flex-wrap flex-column flex-xl-row align-items-start align-items-xl-end gap-4 w-100 bg-secondary text-white p-4\">\n        <div class=\"d-flex flex-column\">\n\t\t\t            <a href=\"https:\/\/www.panoramamarbella.com\/de\/newsletter-fur-immobilien-zum-verkauf\" class=\"stretched-link text-white text-decoration-none\" title=\"Gef\u00e4llt Ihnen, was Sie lesen?\">\n\t\t\t\t<h2 class=\"text-white mb-3\">Gef\u00e4llt Ihnen, was Sie lesen?<\/h2>            <\/a>\n\t\t\t            <p class=\"mb-0\">\n                Abonnieren Sie unseren Newsletter f\u00fcr interessante Artikel, exklusive Inhalte und die neuesten Neuigkeiten.            <\/p>\n\t\t\t        <\/div>\n\t\t        <span class=\"btn btn-outline-light ms-xl-auto\">Panorama newsletter<\/span>\n\t\t    <\/div>\n<\/article>\n\n\n\n\n<h2 class=\"wp-block-heading\">Bleiben Sie mit Panorama \u00fcber die Neuigkeiten auf dem Immobilienmarkt von Marbella auf dem Laufenden<\/h2>\n\n\n\n<p>Ob Sie sich f\u00fcr <a href=\"https:\/\/www.panoramamarbella.com\/de\/news\/markenresidenzen-in-marbella\">Markenresidenzen<\/a> interessieren, aufstrebende Wohnlagen entdecken m\u00f6chten oder sich f\u00fcr hochmoderne, <a href=\"https:\/\/www.panoramamarbella.com\/de\/news\/nachhaltiger-luxusprojekte\" target=\"_blank\" rel=\"noreferrer noopener nofollow\">nachhaltige Neubauvillen<\/a> begeistern \u2013 wir helfen Ihnen dabei, eine Immobilie zu finden, die zu Ihrem idealen Lebensstil in Marbella passt.<\/p>\n\n\n\n<h2 class=\"wp-block-heading\">H\u00e4ufig gestellte Fragen zu neuen Er\u00f6ffnungen in Marbella<\/h2>\n\n\n\t<div class=\"position-relative\">\n\t\t\t\t\t<h3>Was ist neu in Marbella im Jahr 2026?<\/h3>\n\t\t\t<p>Marbellas neueste Er\u00f6ffnungen f\u00fcr 2026 umfassen neue Restaurants, Beach Clubs und die Wiederer\u00f6ffnung des legend\u00e4ren Don Carlos Marbella. Zu den Highlights geh\u00f6ren La Petite Maison im Puente Romano, TATEL Marbella an der Goldenen Meile, Sabine Beach und das k\u00fcrzlich wiederer\u00f6ffnete Don Carlos in Elviria.<\/p>\n\t\t\t\t\t<h3>Welche neuen Restaurants er\u00f6ffnen in Marbella?<\/h3>\n\t\t\t<p>Zu den bemerkenswertesten Restauranter\u00f6ffnungen z\u00e4hlen La Petite Maison, das sein franz\u00f6sisch-mediterranes Konzept nach Puente Romano bringt, sowie TATEL Marbella, das in der Villa Tiberio an der Goldenen Meile er\u00f6ffnen soll.<\/p>\n\t\t\t\t\t<h3>Was ist das Besondere an Sabine Beach?<\/h3>\n\t\t\t<p>Sabine Beach bietet ein entspannteres und sorgf\u00e4ltig durchdachtes Erlebnis direkt am Strand, das Restaurant, Bar und Strandliegen in einem einzigen Ambiente vereint. Die mediterrane Speisekarte, der Meerblick und die dezente Atmosph\u00e4re machen es ideal f\u00fcr lange Mittagessen und entspannte Nachmittage an der K\u00fcste.<\/p>\n\t\t\t\t\t<h3>Hat Don Carlos Marbella wiederer\u00f6ffnet?<\/h3>\n\t\t\t<p>Ja, Don Carlos Marbella hat nach seiner Schlie\u00dfung im Jahr 2022 f\u00fcr eine umfassende Neugestaltung wiederer\u00f6ffnet. Das Hotel, das urspr\u00fcnglich 1969 er\u00f6ffnet wurde, ist mit einem erneuerten Fokus auf Design, Service und G\u00e4steerlebnis zur\u00fcckgekehrt, beh\u00e4lt dabei jedoch seine Lage direkt am Strand bei, die es so bekannt gemacht hat.<\/p>\n\t\t\t\t\t<h3>Warum ist die Wiederer\u00f6ffnung des Don Carlos f\u00fcr Marbella Ost wichtig?<\/h3>\n\t\t\t<p>Die R\u00fcckkehr des Don Carlos st\u00e4rkt die Position von Marbella Ost als Gebiet, das von wachsenden Investitionen in Hotels und Infrastruktur profitiert. Es handelt sich nicht nur um die Wiederer\u00f6ffnung eines traditionsreichen Hotels, sondern auch um ein Zeichen anhaltenden Vertrauens in diesen Teil der K\u00fcste.<\/p>\n\t\t\t<\/div>\n\n\n\n\n\t\t<section class=\"container wp-block-acf-inmpropselection\">\n\t\t\t<h2>Marbella pr\u00e4sentiert neue Er\u00f6ffnungen und unwiderstehliche Immobilien<\/h2>\t\t\t<div class=\"row row-cols-1 row-cols-lg-3 gy-5 g-xxl-5\">\n\t\t\t\t\n<article class=\"col card-properties position-relative d-flex flex-column\">\n\t<div id=\"carouselCardProperties-1-0\" class=\"card-properties-images carousel slide carousel-fade lazy\" data-bs-ride=\"carousel\" data-bs-interval=\"200000\" data-id=\"698664\">\n\t\t<div class=\"carousel-inner\">\n\t\t\t<figure class=\"carousel-item mb-0 active ratio ratio-4x3\">\n\t\t\t\t<picture><source sizes=\"(max-width: 575px) calc(100vw - 24px), (max-width: 767px) 516px, (max-width: 991px) 696px, (max-width: 1199px) 296px, (max-width: 1399px) 356px, 400px\" width=\"696\" height=\"522\" srcset=\"https:\/\/media.panoramamarbella.com\/imgV1\/B95mbh8olwFQm~uCUaVOI2kQT0hb0a8sZ9turUNfnwtvuccYCzs0YVPfPbfkc2VnnN1JFDpkYaGfw1gJsS~5hOu8ClA27V6xVP6zyKoKPS1Mn7WRHYZMLWv_YHD73v3wTA8HWCCOpMnXwN2uAr5VSPiSO7karRIMiZTPqCu_dZ5fuWR0YCW6_1pG5Bl~Hp5WroeZ3HQAZ5bJuMGEOv79bl9k214P5Nw2k7gr9ANpozAASAFpx51KqYb~IgRpbC3Nm7LGaJqZPuy9KH5g7qzcuC2cvd8aXgZUiX05nn3MiVFBu3_R0uApWqg0GDDTU7GVpDHN0uiwmWHOPGRGcV19lVB5JeSIN5bWCc0XpEoi3uZ0T3eXN37TL0i518tYi19KAllVsHHd0sbTDHyPO_Nw~4KnnSNcB9zdZy_Falf9Nm2Qd8UylRZPY3Up0552~WYpYFfMu6~cQQhix6~xJmlu.webp 696w,https:\/\/media.panoramamarbella.com\/imgV1\/B95mbh8olwFQm~uCUaVOI2kQT0hb0a8sZ9turUNfnwtvuccYCzs0YVPfPbfkc2VnnN1JFDpkYaGfw1gJsS~5hOu8ClA27V6xVP6zyKoKPS1Mn7WRHYZMLWv_YHD73v3wTA8HWCCOpMnXwN2uAr5VSPiSO7karRIMiZTPqCu_dxsgwbeNJ3yUNRGy~HNlq7dkSM2WX~69OJOJ5Rf_OC19ofiiJFxHjWv2u3u0P4hi6O0xoN_eKF2nSgtPXKVIDb6vkB7sMfUcYSFaA8MkPym_Gpt83~i_ztzET0MbhzNjsKTdK5NbqRNgl5yWC5YxwwmAj1QP7QCWT0mNwDbjKvcT6HKFDihRXrRi~rK1hGgEsn~KGSB8yKC8a2ZAlw1Y0g7iH3vxsT0JHikRupGzmmtHsrKXqc6p8M2~T5e5ifxWDLJfJRqdDdAaQRy8mbVTKnDv_ya2ucuiMT0AMrtAXM~J.webp 400w\" type=\"image\/webp\"><img decoding=\"async\" class=\"position-absolute w-100 h-100 object-fit-cover\" alt=\"Einzigartiges Erdgeschossapartment mit Meerblick in den Japanischen G\u00e4rten von Marina Puente Romano\" loading=\"lazy\" width=\"696\" height=\"522\" src=\"https:\/\/media.panoramamarbella.com\/imgV1\/B95mbh8olwFQm~uCUaVOI2kQT0hb0a8sZ9turUNfnwtvuccYCzs0YVPfPbfkc2VnnN1JFDpkYaGfw1gJsS~5hOu8ClA27V6xVP6zyKoKPS1Mn7WRHYZMLWv_YHD73v3wTA8HWCCOpMnXwN2uAr5VSPiSO7karRIMiZTPqCu_dZ5fuWR0YCW6_1pG5Bl~AOWCKsfURyq35vm55dIauvG9uVaSivcgS4ajblndO75z1CH0f2jKmqCp4xxFvz8SGfsGZsvJDXqx_1ZOdq6C3Ciw5BdH3mBMTlmpWiwr03l4R5h6rIkh70WK8PZkn3TMc7aMyNa5IHcJVNmTEhV8AxRljU0iGmAWvH9H8Jc12IGx0P0jWsreOMhWj1MxEo9KATyoLWCUe5JwyP7SYClFp7YUmD7e40GOUqwrJuzlqrEiOyMmHv7XqSzouqYV54M-.jpg\"><\/picture>\t\t\t<\/figure>\n\t\t\t\t\t\t<span class=\"card-properties-tag position-absolute z-2 top-0 start-0 bg-secondary text-white py-1 px-3 ms-3\">\n\t\t\t\tEmpfohlen\t\t\t<\/span>\n\t\t\t\t\t\t<span class=\"card-properties-ref position-absolute z-2 bottom-0 end-0 bg-white text-primary py-1 px-3 me-3\">\n\t\t\t\tPANR-16359\t\t\t<\/span>\n\t\t\t<button class=\"card-properties-portfolio d-flex align-items-center justify-content-center position-absolute z-3 end-0 text-white bg-primary me-3 border-0 px-0\" data-pfl-id=\"698664\" data-pfl-filter=\"sale\" aria-label=\"Add to portfolio\">\n\t\t\t\t<svg width=\"18\" fill=\"currentColor\" viewBox=\"0 0 512 512\">\n\t\t\t\t\t<use href=\"https:\/\/www.panoramamarbella.com\/wp-content\/themes\/panoramamarbella\/dist\/src\/images\/icons.svg#svgHeart\"><\/use>\n\t\t\t\t<\/svg>\n\t\t\t\t<svg width=\"18\" fill=\"currentColor\" viewBox=\"0 0 512 512\">\n\t\t\t\t\t<use href=\"https:\/\/www.panoramamarbella.com\/wp-content\/themes\/panoramamarbella\/dist\/src\/images\/icons.svg#svgHeartIn\"><\/use>\n\t\t\t\t<\/svg>\n\t\t\t<\/button>\n\t\t<\/div>\n\t\t\t\t<button\n\t\t\tclass=\"carousel-control-prev\"\n\t\t\ttype=\"button\"\n\t\t\tdata-bs-target=\"#carouselCardProperties-1-0\"\n\t\t\tdata-bs-slide=\"prev\">\n\t\t\t<span class=\"carousel-control-prev-icon\" aria-hidden=\"true\"><\/span>\n\t\t\t<span class=\"visually-hidden\">Vorherige<\/span>\n\t\t<\/button>\n\t\t<button\n\t\t\tclass=\"carousel-control-next\"\n\t\t\ttype=\"button\"\n\t\t\tdata-bs-target=\"#carouselCardProperties-1-0\"\n\t\t\tdata-bs-slide=\"next\">\n\t\t\t<span class=\"carousel-control-next-icon\" aria-hidden=\"true\"><\/span>\n\t\t\t<span class=\"visually-hidden\">N\u00e4chste<\/span>\n\t\t<\/button>\n\t\t\t<\/div>\n\t<div class=\"d-flex flex-column h-100 px-3 py-4 shadow\">\n\t\t\t\t<h3 class=\"card-properties-title mb-3\">\n\t\t\t<a class=\"stretched-link\" href=\"\/de\/immobilien\/marbella\/marbella-goldene-meile\/marina-puente-romano\/wohnungen\/PANR-16359\">\n\t\t\t\tEinzigartiges Erdgeschossapartment mit Meerblick in den Japanischen G\u00e4rten von Marina Puente Romano\t\t\t<\/a>\n\t\t<\/h3>\n\t\t<p class=\"mb-3 text-black-dark\">Marina Puente Romano, Marbella Goldene Meile<\/p>\n\t\t\t\t\t\t<p class=\"card-properties-description mb-3\">\n\t\t\tEntdecken Sie das Inbild m\u00fchelosen Luxuslebens in diesem exquisiten, nach S\u00fcdwesten ausgerichteten, erh\u00f6hten Erdgeschossapartment, eingebettet in das ikonische Puente Romano Beach Resort &amp; Spa \u2013 eine der prestigetr\u00e4chtigsten und begehrtesten Adressen der Goldenen Meile von&#8230;\t\t<\/p>\n\t\t\t\t<span class=\"card-properties-price mt-auto\">\n\t\t\t\n\t\t\t<span class=\"card-properties-price mt-auto\" data-original-price=\"4950000\">4.950.000\u00a0\u20ac<\/span>\n\t\t\t\t<\/span>\n\t\t\t\t<ul class=\"card-properties-features list-unstyled d-flex flex-wrap align-items-center gap-3 pt-3 border-top mt-3 mb-0\">\n\t\t\t<li class=\"d-flex align-items-center\">3 Schlafzimmer<\/li><li class=\"d-flex align-items-center\">3 B\u00e4der<\/li>\t\t\t\t<li class=\"d-flex align-items-center\">\n\t\t\t\t\t <span class=\"me-1\" data-original-value=\"180\" data-original-unit=\"m&#038;sup2\">180 m&sup2;<\/span>Gesamt\t\t\t\t<\/li>\n\t\t\t\t\t\t\t<li class=\"d-flex align-items-center\">\n\t\t\t\t\t <span class=\"me-1\" data-original-value=\"140\" data-original-unit=\"m&#038;sup2\">140 m&sup2;<\/span>Gebaut\t\t\t\t<\/li>\n\t\t\t\t\t\t\t<li class=\"d-flex align-items-center\">\n\t\t\t\t\t <span class=\"me-1\" data-original-value=\"40\" data-original-unit=\"m&#038;sup2\">40 m&sup2;<\/span>Terrassen\t\t\t\t<\/li>\n\t\t\t\t\t<\/ul>\n\t\t\t<\/div>\n<\/article>\n\n\n<article class=\"col card-properties position-relative d-flex flex-column\">\n\t<div id=\"carouselCardProperties-1-1\" class=\"card-properties-images carousel slide carousel-fade lazy\" data-bs-ride=\"carousel\" data-bs-interval=\"200000\" data-id=\"698452\">\n\t\t<div class=\"carousel-inner\">\n\t\t\t<figure class=\"carousel-item mb-0 active ratio ratio-4x3\">\n\t\t\t\t<picture><source sizes=\"(max-width: 575px) calc(100vw - 24px), (max-width: 767px) 516px, (max-width: 991px) 696px, (max-width: 1199px) 296px, (max-width: 1399px) 356px, 400px\" width=\"696\" height=\"522\" srcset=\"https:\/\/media.panoramamarbella.com\/imgV1\/B95mbh8olwFQm~uCUaVOI2kQT0hb0a8sZ9turUNfnwtvuccYCzs0YVPfPbfkc2VnnN1JFDpkYaGfw1gJsS~5hOu8AUZEQTHg7CLRX_1curmO2wUT0oMrRL1uiJLedOIKDN8v93fz93HwFQv7mvDjXTJ7lOrU4l83PE~Y7~g4uSwzq7fwptUkt8il_H0dUfDMbhzRCHO11LkysK_bxmVac4BLYh_a2hSE6xc4RNhtWQy0GnsnoQrJccDe7cp8t7Ce6UlO1DWqwXSJYUCDuwP7QwoWCJkTw27ijwwwpB98FcoNDGs~dLIP7I2GDa3nOd4g1SjhL97WDkXGdj2aFX5fwQPpaxEz9JYPNAHCS8LI6VPreTQIillN_1gkADuMHYT2CJSd5rwzlKJJZqM2B1EGJzPLGXSc9ooOUU7qL2ig99dCjaK189Pp7TsIOGVaDX9oXhEFrF_Ia4RltvugvjBP.webp 696w,https:\/\/media.panoramamarbella.com\/imgV1\/B95mbh8olwFQm~uCUaVOI2kQT0hb0a8sZ9turUNfnwtvuccYCzs0YVPfPbfkc2VnnN1JFDpkYaGfw1gJsS~5hOu8AUZEQTHg7CLRX_1curmO2wUT0oMrRL1uiJLedOIKDN8v93fz93HwFQv7mvDjXTJ7lOrU4l83PE~Y7~g4u~df~Tano1nt9Ue6uk~XBWFCGo8b5uz9KD25B9Qw7evRA8SqFZq34AgCn5JX6EuhbeRrvvPVHMrvFUE2AO7h4SlLQw6ob~_m94R0S7sqNgkVrMEquSzkE9nasFMmps2VzAHYdSAQ2wTz4HwlOQKPdZH_kxNfiyNr1LkWz6W0SPGJz_J5jSuIrO8m9wUmUgBw7W4bVwwlZXewN8w4PgVWe867xysmy5y9aWPRh5yB7zWFKCmqm7usE_2JL120Zpd5k0n~nRNSy0VF9XmSJWinpqt3IAb2BAerv9YNOwzXXZg6.webp 400w\" type=\"image\/webp\"><img decoding=\"async\" class=\"position-absolute w-100 h-100 object-fit-cover\" alt=\"Makelloses Apartment mit Meerblick in Bahia del Velerin, Estepona\" loading=\"lazy\" width=\"696\" height=\"522\" src=\"https:\/\/media.panoramamarbella.com\/imgV1\/B95mbh8olwFQm~uCUaVOI2kQT0hb0a8sZ9turUNfnwtvuccYCzs0YVPfPbfkc2VnnN1JFDpkYaGfw1gJsS~5hOu8AUZEQTHg7CLRX_1curmO2wUT0oMrRL1uiJLedOIKDN8v93fz93HwFQv7mvDjXTJ7lOrU4l83PE~Y7~g4uSwzq7fwptUkt8il_H0dT~d80FU6rzBEPKVvi7_9uKyowpu_WM6HzT2BejtGMxY4Ue4yJKg6tygbAbOs4O2zuBdhFbcIhyEehd0GrogCmXKavWLN_n86mIIQdIrcaS0D4WN6WOtwoDECcJPnCoGASy5m1KGKXUks15kVrhZufydUhekpIBkQZbMRjCpoPPH~gROlE7YzRlNm41NdY7EbPR9x5kL9_LwgSvVMZ6RHdRXrOZjwX9fLz9QxqTZ1Osni6X7J~ihA36h0OX6JJb8-.jpg\"><\/picture>\t\t\t<\/figure>\n\t\t\t\t\t\t<span class=\"card-properties-ref position-absolute z-2 bottom-0 end-0 bg-white text-primary py-1 px-3 me-3\">\n\t\t\t\tPANR-16352\t\t\t<\/span>\n\t\t\t<button class=\"card-properties-portfolio d-flex align-items-center justify-content-center position-absolute z-3 end-0 text-white bg-primary me-3 border-0 px-0\" data-pfl-id=\"698452\" data-pfl-filter=\"sale\" aria-label=\"Add to portfolio\">\n\t\t\t\t<svg width=\"18\" fill=\"currentColor\" viewBox=\"0 0 512 512\">\n\t\t\t\t\t<use href=\"https:\/\/www.panoramamarbella.com\/wp-content\/themes\/panoramamarbella\/dist\/src\/images\/icons.svg#svgHeart\"><\/use>\n\t\t\t\t<\/svg>\n\t\t\t\t<svg width=\"18\" fill=\"currentColor\" viewBox=\"0 0 512 512\">\n\t\t\t\t\t<use href=\"https:\/\/www.panoramamarbella.com\/wp-content\/themes\/panoramamarbella\/dist\/src\/images\/icons.svg#svgHeartIn\"><\/use>\n\t\t\t\t<\/svg>\n\t\t\t<\/button>\n\t\t<\/div>\n\t\t\t\t<button\n\t\t\tclass=\"carousel-control-prev\"\n\t\t\ttype=\"button\"\n\t\t\tdata-bs-target=\"#carouselCardProperties-1-1\"\n\t\t\tdata-bs-slide=\"prev\">\n\t\t\t<span class=\"carousel-control-prev-icon\" aria-hidden=\"true\"><\/span>\n\t\t\t<span class=\"visually-hidden\">Vorherige<\/span>\n\t\t<\/button>\n\t\t<button\n\t\t\tclass=\"carousel-control-next\"\n\t\t\ttype=\"button\"\n\t\t\tdata-bs-target=\"#carouselCardProperties-1-1\"\n\t\t\tdata-bs-slide=\"next\">\n\t\t\t<span class=\"carousel-control-next-icon\" aria-hidden=\"true\"><\/span>\n\t\t\t<span class=\"visually-hidden\">N\u00e4chste<\/span>\n\t\t<\/button>\n\t\t\t<\/div>\n\t<div class=\"d-flex flex-column h-100 px-3 py-4 shadow\">\n\t\t\t\t<h3 class=\"card-properties-title mb-3\">\n\t\t\t<a class=\"stretched-link\" href=\"\/de\/immobilien\/estepona\/estepona-ost\/bahia-del-velerin\/wohnungen\/PANR-16352\">\n\t\t\t\tMakelloses Apartment mit Meerblick in Bahia del Velerin, Estepona\t\t\t<\/a>\n\t\t<\/h3>\n\t\t<p class=\"mb-3 text-black-dark\">Bah\u00eda del Veler\u00edn, Estepona Ost<\/p>\n\t\t\t\t\t\t<p class=\"card-properties-description mb-3\">\n\t\t\tDieses erstklassige Apartment in erster Meereslinie wurde vollst\u00e4ndig renoviert und in eine au\u00dfergew\u00f6hnliche Residenz verwandelt. Es wurde mit Materialien h\u00f6chster Qualit\u00e4t und einem anspruchsvollen, zeitgen\u00f6ssischen Design ausgestattet. Das Objekt befindet sich in einer der exklusivsten&#8230;\t\t<\/p>\n\t\t\t\t<span class=\"card-properties-price mt-auto\">\n\t\t\t\n\t\t\t<span class=\"card-properties-price mt-auto\" data-original-price=\"1895000\">1.895.000\u00a0\u20ac<\/span>\n\t\t\t\t<\/span>\n\t\t\t\t<ul class=\"card-properties-features list-unstyled d-flex flex-wrap align-items-center gap-3 pt-3 border-top mt-3 mb-0\">\n\t\t\t<li class=\"d-flex align-items-center\">3 Schlafzimmer<\/li><li class=\"d-flex align-items-center\">2 B\u00e4der<\/li>\t\t\t\t<li class=\"d-flex align-items-center\">\n\t\t\t\t\t <span class=\"me-1\" data-original-value=\"145\" data-original-unit=\"m&#038;sup2\">145 m&sup2;<\/span>Gesamt\t\t\t\t<\/li>\n\t\t\t\t\t\t\t<li class=\"d-flex align-items-center\">\n\t\t\t\t\t <span class=\"me-1\" data-original-value=\"122\" data-original-unit=\"m&#038;sup2\">122 m&sup2;<\/span>Gebaut\t\t\t\t<\/li>\n\t\t\t\t\t\t\t<li class=\"d-flex align-items-center\">\n\t\t\t\t\t <span class=\"me-1\" data-original-value=\"23\" data-original-unit=\"m&#038;sup2\">23 m&sup2;<\/span>Terrassen\t\t\t\t<\/li>\n\t\t\t\t\t<\/ul>\n\t\t\t<\/div>\n<\/article>\n\n\n<article class=\"col card-properties position-relative d-flex flex-column\">\n\t<div id=\"carouselCardProperties-1-2\" class=\"card-properties-images carousel slide carousel-fade lazy\" data-bs-ride=\"carousel\" data-bs-interval=\"200000\" data-id=\"697691\">\n\t\t<div class=\"carousel-inner\">\n\t\t\t<figure class=\"carousel-item mb-0 active ratio ratio-4x3\">\n\t\t\t\t<picture><source sizes=\"(max-width: 575px) calc(100vw - 24px), (max-width: 767px) 516px, (max-width: 991px) 696px, (max-width: 1199px) 296px, (max-width: 1399px) 356px, 400px\" width=\"696\" height=\"522\" srcset=\"https:\/\/media.panoramamarbella.com\/imgV1\/B95mbh8olwFQm~uCUaVOI2kQT0hb0a8sZ9turUNfnwtvuccYCzs0YVPfPbfkc2VnnN1JFDpkYaGfw1gJsS~5hOu9X5J_GGESH79I62csjOueuTbhRLPEQEkioevvhdrpjaWZvyQirO9yl0pilvxoweqB_Ivhe0U_Jy8EpEUkkIerqgeQoKU1mQB5R7jXZ4z2~yGHtb6~CBhi84a2F0raVYWLu7HUrDtit56FaP4OzvluUMGSwtGFlSJjr8yarAflGi10pMdlOSw4pYbz1aqK6iIVhkYwfTShqk4tM8jcl3NydxgqIaQ5Hr3LCHJIjKmxTaM1YMrEvaemAODXyC~Axri4wdZFcJwZbcVOP6nZFqFub0gDbEaJ8ewY0NDjqGgCUFpu9RkXt5X2GSkuGu1KRN9zum7V9133uqsztpj3Tuu9VQfPyxoXd8UjT0SxZc5xix8YhCigEA3G9dEBKBQ2.webp 696w,https:\/\/media.panoramamarbella.com\/imgV1\/B95mbh8olwFQm~uCUaVOI2kQT0hb0a8sZ9turUNfnwtvuccYCzs0YVPfPbfkc2VnnN1JFDpkYaGfw1gJsS~5hOu9X5J_GGESH79I62csjOueuTbhRLPEQEkioevvhdrpjaWZvyQirO9yl0pilvxoweqB_Ivhe0U_Jy8EpEUkko1a78AnfDVp7Xlsgx3km_Rd47QqHGmTwbNqdRjMS62fS8JkHMlnjYi2Wtt450XydYXva8FoZJ25irlVO5Ob7WT2ai1w6Lt5Xskty6pLQlJxFmgZgJeqWTkfUbXDR1VHOqoNnqF4XSbRybXd4uMgVBoJgOCP8Pclw0gYC8Q12nBtMMEN1IEFdpKdFxHfuKC25RIEs5LT1WXuLWTNQdbX6ZFeI5ljV9FbJzAQWoXuA3_2bpay0lG_RdcVguU4wa~kZ90i1jVqD~4CMzTkUDnsFBpBXUK49EKzkx6U2GFqJIdV.webp 400w\" type=\"image\/webp\"><img decoding=\"async\" class=\"position-absolute w-100 h-100 object-fit-cover\" alt=\"Elegantes und gro\u00dfz\u00fcgiges Apartment in Monte Para\u00edso, Marbella Goldene Meile\" loading=\"lazy\" width=\"696\" height=\"522\" src=\"https:\/\/media.panoramamarbella.com\/imgV1\/B95mbh8olwFQm~uCUaVOI2kQT0hb0a8sZ9turUNfnwtvuccYCzs0YVPfPbfkc2VnnN1JFDpkYaGfw1gJsS~5hOu9X5J_GGESH79I62csjOueuTbhRLPEQEkioevvhdrpjaWZvyQirO9yl0pilvxoweqB_Ivhe0U_Jy8EpEUkkIerqgeQoKU1mQB5R7jXeWxKG4WFc0r0jyU19QwVg7FsBvsfoxVA5XgamVQrf_jARna9MwfGJ_sIy1TKvV_QvlsFKBbK~zX3vf_~yOuUhkGrWmJzk8aU07AVE9I41NTOfjcdfUJtORtzA_2sDztu73S3KXN9Rtr2rbiH_L2c4QOcSN1mofbCoiWIzmfLY6aEGmmMTYaeRyhsYnHOtCu1fX~dj5QBcJYiVpHwfmSiIlKruSq2F76orZwAj9Dx_4UUWOealiWClosu_VCJtYs-.jpg\"><\/picture>\t\t\t<\/figure>\n\t\t\t\t\t\t<span class=\"card-properties-ref position-absolute z-2 bottom-0 end-0 bg-white text-primary py-1 px-3 me-3\">\n\t\t\t\tPANR-16340\t\t\t<\/span>\n\t\t\t<button class=\"card-properties-portfolio d-flex align-items-center justify-content-center position-absolute z-3 end-0 text-white bg-primary me-3 border-0 px-0\" data-pfl-id=\"697691\" data-pfl-filter=\"sale\" aria-label=\"Add to portfolio\">\n\t\t\t\t<svg width=\"18\" fill=\"currentColor\" viewBox=\"0 0 512 512\">\n\t\t\t\t\t<use href=\"https:\/\/www.panoramamarbella.com\/wp-content\/themes\/panoramamarbella\/dist\/src\/images\/icons.svg#svgHeart\"><\/use>\n\t\t\t\t<\/svg>\n\t\t\t\t<svg width=\"18\" fill=\"currentColor\" viewBox=\"0 0 512 512\">\n\t\t\t\t\t<use href=\"https:\/\/www.panoramamarbella.com\/wp-content\/themes\/panoramamarbella\/dist\/src\/images\/icons.svg#svgHeartIn\"><\/use>\n\t\t\t\t<\/svg>\n\t\t\t<\/button>\n\t\t<\/div>\n\t\t\t\t<button\n\t\t\tclass=\"carousel-control-prev\"\n\t\t\ttype=\"button\"\n\t\t\tdata-bs-target=\"#carouselCardProperties-1-2\"\n\t\t\tdata-bs-slide=\"prev\">\n\t\t\t<span class=\"carousel-control-prev-icon\" aria-hidden=\"true\"><\/span>\n\t\t\t<span class=\"visually-hidden\">Vorherige<\/span>\n\t\t<\/button>\n\t\t<button\n\t\t\tclass=\"carousel-control-next\"\n\t\t\ttype=\"button\"\n\t\t\tdata-bs-target=\"#carouselCardProperties-1-2\"\n\t\t\tdata-bs-slide=\"next\">\n\t\t\t<span class=\"carousel-control-next-icon\" aria-hidden=\"true\"><\/span>\n\t\t\t<span class=\"visually-hidden\">N\u00e4chste<\/span>\n\t\t<\/button>\n\t\t\t<\/div>\n\t<div class=\"d-flex flex-column h-100 px-3 py-4 shadow\">\n\t\t\t\t<h3 class=\"card-properties-title mb-3\">\n\t\t\t<a class=\"stretched-link\" href=\"\/de\/immobilien\/marbella\/marbella-goldene-meile\/monte-paraiso\/wohnungen\/PANR-16340\">\n\t\t\t\tElegantes und gro\u00dfz\u00fcgiges Apartment in Monte Para\u00edso, Marbella Goldene Meile\t\t\t<\/a>\n\t\t<\/h3>\n\t\t<p class=\"mb-3 text-black-dark\">Monte Paraiso, Marbella Goldene Meile<\/p>\n\t\t\t\t\t\t<p class=\"card-properties-description mb-3\">\n\t\t\tDieses wundersch\u00f6n renovierte Apartment befindet sich in der renommierten Wohnanlage Monte Para\u00edso an der Goldenen Meile von Marbella, einer der begehrtesten Adressen an der Costa del Sol. In bester Lage gelegen, sind es nur wenige&#8230;\t\t<\/p>\n\t\t\t\t<span class=\"card-properties-price mt-auto\">\n\t\t\t\n\t\t\t<span class=\"card-properties-price mt-auto\" data-original-price=\"2450000\">2.450.000\u00a0\u20ac<\/span>\n\t\t\t\t<\/span>\n\t\t\t\t<ul class=\"card-properties-features list-unstyled d-flex flex-wrap align-items-center gap-3 pt-3 border-top mt-3 mb-0\">\n\t\t\t<li class=\"d-flex align-items-center\">4 Schlafzimmer<\/li><li class=\"d-flex align-items-center\">4 B\u00e4der<\/li>\t\t\t\t<li class=\"d-flex align-items-center\">\n\t\t\t\t\t <span class=\"me-1\" data-original-value=\"210\" data-original-unit=\"m&#038;sup2\">210 m&sup2;<\/span>Gesamt\t\t\t\t<\/li>\n\t\t\t\t\t\t\t<li class=\"d-flex align-items-center\">\n\t\t\t\t\t <span class=\"me-1\" data-original-value=\"169\" data-original-unit=\"m&#038;sup2\">169 m&sup2;<\/span>Gebaut\t\t\t\t<\/li>\n\t\t\t\t\t\t\t<li class=\"d-flex align-items-center\">\n\t\t\t\t\t <span class=\"me-1\" data-original-value=\"41\" data-original-unit=\"m&#038;sup2\">41 m&sup2;<\/span>Terrassen\t\t\t\t<\/li>\n\t\t\t\t\t<\/ul>\n\t\t\t<\/div>\n<\/article>\n\t\t\t<\/div>\n\t\t\t<ul class=\"mw-100 d-flex flex-column flex-lg-row flex-lg-wrap justify-content-center gap-3 list-unstyled mt-5 mb-0\">\n    <li><a class=\"btn btn-primary w-100 px-4 py-2\" href=\"https:\/\/www.panoramamarbella.com\/de\/immobilien\">Immobilien zum Verkauf<\/a><\/li><\/ul>\n\t\t<\/section>\n\t\t\n","protected":false},"excerpt":{"rendered":"<p>Entdecken Sie Marbellas neueste Er\u00f6ffnungen f\u00fcr 2026, von Restaurants und Beach Clubs bis zur R\u00fcckkehr des Don Carlos.<\/p>\n","protected":false},"author":7,"featured_media":44080,"comment_status":"closed","ping_status":"closed","sticky":false,"template":"","format":"standard","meta":{"_acf_changed":false,"footnotes":""},"categories":[39],"tags":[],"class_list":["post-44517","post","type-post","status-publish","format-standard","has-post-thumbnail","hentry","category-marbella-lifestyle-de"],"acf":[],"_links":{"self":[{"href":"https:\/\/www.panoramamarbella.com\/de\/wp-json\/wp\/v2\/posts\/44517","targetHints":{"allow":["GET"]}}],"collection":[{"href":"https:\/\/www.panoramamarbella.com\/de\/wp-json\/wp\/v2\/posts"}],"about":[{"href":"https:\/\/www.panoramamarbella.com\/de\/wp-json\/wp\/v2\/types\/post"}],"author":[{"embeddable":true,"href":"https:\/\/www.panoramamarbella.com\/de\/wp-json\/wp\/v2\/users\/7"}],"replies":[{"embeddable":true,"href":"https:\/\/www.panoramamarbella.com\/de\/wp-json\/wp\/v2\/comments?post=44517"}],"version-history":[{"count":44,"href":"https:\/\/www.panoramamarbella.com\/de\/wp-json\/wp\/v2\/posts\/44517\/revisions"}],"predecessor-version":[{"id":44967,"href":"https:\/\/www.panoramamarbella.com\/de\/wp-json\/wp\/v2\/posts\/44517\/revisions\/44967"}],"wp:featuredmedia":[{"embeddable":true,"href":"https:\/\/www.panoramamarbella.com\/de\/wp-json\/wp\/v2\/media\/44080"}],"wp:attachment":[{"href":"https:\/\/www.panoramamarbella.com\/de\/wp-json\/wp\/v2\/media?parent=44517"}],"wp:term":[{"taxonomy":"category","embeddable":true,"href":"https:\/\/www.panoramamarbella.com\/de\/wp-json\/wp\/v2\/categories?post=44517"},{"taxonomy":"post_tag","embeddable":true,"href":"https:\/\/www.panoramamarbella.com\/de\/wp-json\/wp\/v2\/tags?post=44517"}],"curies":[{"name":"wp","href":"https:\/\/api.w.org\/{rel}","templated":true}]}}