{"id":54259,"date":"2026-09-03T14:19:54","date_gmt":"2026-09-03T12:19:54","guid":{"rendered":"https:\/\/www.panoramamarbella.com\/?p=54259"},"modified":"2026-09-03T14:20:43","modified_gmt":"2026-09-03T12:20:43","slug":"beste-straende-marbella","status":"publish","type":"post","link":"https:\/\/www.panoramamarbella.com\/de\/news\/beste-straende-marbella","title":{"rendered":"Beste Str\u00e4nde in Marbella: Panoramas Auswahl"},"content":{"rendered":"\n\n<h2 class=\"wp-block-heading\">Welche sind die besten Str\u00e4nde im Raum Marbella?<\/h2>\n\n\n<div class=\"lead\"><p>Mit 24 Str\u00e4nden entlang einer 27 Kilometer langen K\u00fcste bietet Marbella f\u00fcr nahezu jede Art von Tag am Mittelmeer den passenden Strand.<\/p>\n<\/div>\n\n\n<p class=\"wp-block-paragraph\">Marbellas K\u00fcste ver\u00e4ndert ihren Charakter \u00fcberraschend schnell. Rund um Puerto Ban\u00fas und die Golden Mile sind die Str\u00e4nde eng mit Hotels, Restaurants und Beach Clubs verbunden; im Zentrum von Marbella sind die Strandpromenade und die Altstadt nie weit entfernt; weiter \u00f6stlich \u00f6ffnet sich die K\u00fcste dann zu l\u00e4ngeren Sandstr\u00e4nden, D\u00fcnen und ruhigeren Wohngegenden.<\/p>\n\n\n\n<p class=\"wp-block-paragraph\">Frag f\u00fcnf Menschen in Marbella nach ihrem Lieblingsstrand und du bekommst wahrscheinlich f\u00fcnf verschiedene Antworten. Unsere Auswahl der besten Str\u00e4nde in Marbella folgt der K\u00fcste von Westen nach Osten und stellt die Orte vor, die sich durch Lage, Atmosph\u00e4re, Einrichtungen und Umgebung besonders auszeichnen.<\/p>\n\n\n\n<ul class=\"table-index list-unstyled p-4 p-lg-5 ms-0 bg-light\"><li class=\"text-uppercase fw-bold mb-3\">Inhaltsverzeichnis<\/li><li><a href=\"#welche+sind+die+besten+strande+im+raum+marbella\">\nWelche sind die besten Str\u00e4nde im Raum Marbella?\n<\/a><\/li>\n<li><a href=\"#karte+der+strande\">\nKarte der Str\u00e4nde\n<\/a><\/li>\n<li><a href=\"#das+beste+an+jedem+strand\">\nDas Beste an jedem Strand\n<\/a><\/li>\n<li><a href=\"#panoramas+top+6+strande+in+marbella\">\nPanoramas Top 6 Str\u00e4nde in Marbella\n<\/a><\/li>\n<li><a href=\"#wo+kann+man+in+marbella+wassersport+betreiben\">\nWo kann man in Marbella Wassersport betreiben?\n<\/a><\/li>\n<li><a href=\"#strandhauser+zum+verkauf+in+marbella\">\nStrandh\u00e4user zum Verkauf in Marbella\n<\/a><\/li>\n<li><a href=\"#faqs+zu+den+besten+stranden+in+marbella\">\nFAQs zu den besten Str\u00e4nden in Marbella\n<\/a><\/li><\/ul>\n\n\n\n<h2 class=\"wp-block-heading\">Karte der Str\u00e4nde<\/h2>\n\n\n\n<iframe loading=\"lazy\" src=\"https:\/\/www.google.com\/maps\/d\/u\/0\/embed?mid=1oXbc0qWQNgAMP74lnbRDvaID4RMLM10&#038;ehbc=2E312F&#038;noprof=1\" width=\"100%\" height=\"480\"><\/iframe>\n\n\n\n<h2 class=\"wp-block-heading\">Das Beste an jedem Strand<\/h2>\n\n\n\n<table class=\"table table-bordered table-striped\"><thead><tr><th>Strand<\/th><th>Besonders geeignet f\u00fcr<\/th><\/tr><\/thead><tbody><tr><td>Puerto Ban\u00fas<\/td><td>Ban\u00fas-Lifestyle, ruhiges Wasser und Ausblicke<\/td><\/tr><tr><td>Nag\u00fceles<\/td><td>Die Golden Mile und luxuri\u00f6ses Strandleben<\/td><\/tr><tr><td>Venus<\/td><td>N\u00e4he zur Altstadt von Marbella<\/td><\/tr><tr><td>Los Monteros<\/td><td>Viel Platz und Beach Clubs in Marbella Ost<\/td><\/tr><tr><td>Real de Zaragoza<\/td><td>Lange Strandtage und Restaurants direkt am Meer<\/td><\/tr><tr><td>Artola-Cabopino<\/td><td>Natur, Familien und Landschaft<\/td><\/tr><\/tbody><\/table>\n\n\n\n<h2 class=\"wp-block-heading\">Panoramas Top 6 Str\u00e4nde in Marbella<\/h2>\n\n\n\n<p class=\"wp-block-paragraph\">Unsere Auswahl basiert darauf, was jeden Strand besonders macht. Dabei ber\u00fccksichtigen wir Faktoren wie Lage, Atmosph\u00e4re, Erreichbarkeit, nahe gelegene Einrichtungen und Gastronomie, Platzangebot, nat\u00fcrliche Umgebung und die Art des Stranderlebnisses.<\/p>\n\n\n\n<h3 class=\"wp-block-heading\">1. Strand von Puerto Ban\u00fas<\/h3>\n\n\n\n<p class=\"wp-block-paragraph\"><em>Bester Strand in Marbella f\u00fcr den Ban\u00fas-Lifestyle<\/em><\/p>\n\n\n\t<figure class=\"wp-caption aligncenter wp-block-acf-wpimage\">\n\t<picture><source width=\"900\" height=\"675\" srcset=\"https:\/\/media.panoramamarbella.com\/imgV1\/B95mbh8olwFQm~uCT2wPZMb8hll4wghQQQq6YWg0~c~U_DrmgY8pGP8pqaDzA6mvjyI_OPtcrHD_aKxAUQW6tHwW9wepwDe6pOL0rlLEqmq9S9QkGyPABxnEk0XdAKx36VEMGYDl~rCOiVx8v2ZR9gIuuHndWWq65YgOC0FFElYi15pt_6xuxH_eUNhcRcjbUVk072v~pvwY7g--.webp 900w\" type=\"image\/webp\"><img decoding=\"async\" class=\"img-fluid\" loading=\"lazy\" width=\"900\" height=\"675\" alt=\"Einer der besten Str\u00e4nde in Marbella mit goldenem Sand, traditionellen Sonnenschirmen, klarem blauem Wasser und Blick auf den Berg La Concha.\" src=\"https:\/\/media.panoramamarbella.com\/imgV1\/B95mbh8olwFQm~uCT2wPZMb8hll4wghQQQq6YWg0~c~U_DrmgY8pGP8pqaDzA6mvjyI_OPtcrHD_aKxAUQW6tHwW9wepwDe6pOL0rlLEqmq9S9QkGyPABxnEk0XdAKx36VEMGYDl~rCOiVx8v2ZR9gIuuHndWXQD0dAHGT2LaiAP_3IwGmtW.jpg\"><\/picture>\t\t<\/figure>\n\t\n\n\n<p class=\"wp-block-paragraph\"><strong>Der Strand von Puerto Ban\u00fas<\/strong> liegt unmittelbar \u00f6stlich des Yachthafens und ist einer der bekanntesten Str\u00e4nde Marbellas. Das Wasser ist ruhig und gesch\u00fctzt, und der Blick auf La Concha ist frei.<\/p>\n\n\n\n<p class=\"wp-block-paragraph\">Der Strand tr\u00e4gt die Auszeichnung Q f\u00fcr Tourismusqualit\u00e4t, und dank seiner Lage lassen sich Schwimmen und Sonnenbaden besonders einfach mit einem Besuch in <a href=\"https:\/\/www.panoramamarbella.com\/de\/gegenden\/puerto-banus\" data-type=\"areas\" data-id=\"7507\">Puerto Ban\u00fas<\/a> verbinden.<\/p>\n\n\n\n<p class=\"wp-block-paragraph\">Restaurants, Gesch\u00e4fte, Wassersportangebote und der ber\u00fchmte Luxusyachthafen sind nur einen kurzen Spaziergang entfernt. Damit geh\u00f6rt er zu den besten Str\u00e4nden, um den Ban\u00fas-Lifestyle in seiner ganzen Vielfalt zu erleben.<\/p>\n\n\n\n<p class=\"mkt-link wp-block-paragraph\">Entdecke unsere Auswahl an <a href=\"https:\/\/www.panoramamarbella.com\/de\/immobilien\/marbella\/puerto-banus\/strand\">Immobilien direkt am Strand zum Verkauf in Puerto Ban\u00fas<\/a>.<\/p>\n\n\n\n<h3 class=\"wp-block-heading\">2. Strand von Nag\u00fceles<\/h3>\n\n\n\n<p class=\"wp-block-paragraph\"><em>Bester Strandabschnitt an Marbellas Golden Mile<\/em><\/p>\n\n\n\t<figure class=\"wp-caption aligncenter wp-block-acf-wpimage\">\n\t<picture><source width=\"900\" height=\"855\" srcset=\"https:\/\/media.panoramamarbella.com\/imgV1\/B95mbh8olwFQm~uCT2wPZMb8hll4wghQQQq6YWg0~c~U_DrmgY8pGP8pqaDzA6mvjyI_OPtcrHD_aKxAUQW6tH9GiYYpCfO3TBDg7~tgnuUO4g2MCLsmVRVuNsSauYhlUDbzY6u31MIOnpYW~BH7dLsP~8F2jOh0Q71QsTIb~2nBt90tTL3z7u8Ud7Bv3FM0dKNCFZtwTtgicQ--.webp 900w\" type=\"image\/webp\"><img decoding=\"async\" class=\"img-fluid\" loading=\"lazy\" width=\"900\" height=\"855\" alt=\"Luftpanorama eines Strandes in Marbella mit Yachthafen, t\u00fcrkisfarbenem Mittelmeer und dem Berg La Concha \u00fcber der K\u00fcste.\" src=\"https:\/\/media.panoramamarbella.com\/imgV1\/B95mbh8olwFQm~uCT2wPZMb8hll4wghQQQq6YWg0~c~U_DrmgY8pGP8pqaDzA6mvjyI_OPtcrHD_aKxAUQW6tH9GiYYpCfO3TBDg7~tgnuUO4g2MCLsmVRVuNsSauYhlUDbzY6u31MIOnpYW~BH7dLsP~8F2jPaqWSWDvezTkw_HwP7k~8pC.jpg\"><\/picture>\t\t\t<figcaption class=\"wp-caption-text\">\n\t\tNag\u00fceles Beach an Marbellas Golden Mile, mit dem flach gebauten Resort Puente Romano hinter dem Strand und La Concha, das sich hinter der K\u00fcste erhebt\t\t<\/figcaption>\n\t\t\t<\/figure>\n\t\n\n\n<p class=\"wp-block-paragraph\">F\u00fcr das klassische Stranderlebnis an der <a href=\"https:\/\/www.panoramamarbella.com\/de\/gegenden\/marbella-goldene-meile\">Marbella Golden Mile<\/a> sind die direkt aneinandergrenzenden Str\u00e4nde von <strong>Nag\u00fceles und Casablanca<\/strong> kaum zu \u00fcbertreffen. Der Strand von Nag\u00fceles verl\u00e4uft direkt vor <a href=\"https:\/\/www.panoramamarbella.com\/de\/gegenden\/marbella-goldene-meile\/puente-romano\">Puente Romano<\/a>, w\u00e4hrend sich der benachbarte Strand Casablanca vor dem <a href=\"https:\/\/www.marbellaclub.com\/\" target=\"_blank\" rel=\"noreferrer noopener nofollow\">Marbella Club<\/a> fortsetzt.<\/p>\n\n\n\n<p class=\"wp-block-paragraph\">Beide Str\u00e4nde sind gemeinsam mit der <a href=\"https:\/\/www.panoramamarbella.com\/de\/gegenden\/puerto-banus\" data-type=\"areas\" data-id=\"7507\">Blauen Flagge<\/a> ausgezeichnet und tragen zudem jeweils die Auszeichnung Q f\u00fcr Tourismusqualit\u00e4t. Nag\u00fceles bietet saisonal au\u00dferdem unterst\u00fctztes Baden f\u00fcr Menschen mit eingeschr\u00e4nkter Mobilit\u00e4t.<\/p>\n\n\n\n<p class=\"wp-block-paragraph\">Dieser K\u00fcstenabschnitt bietet auch direkten Zugang zum Paseo Mar\u00edtimo sowie eine gro\u00dfe Auswahl hervorragender Bars und Restaurants direkt am Strand.<\/p>\n\n\n\n<p class=\"wp-block-paragraph\">Von hier aus kannst du nach Osten in Richtung Zentrum von Marbella oder nach Westen in Richtung<\/p>\n\n\n\n<p class=\"mkt-link wp-block-paragraph\">Entdecke unsere Auswahl an <a href=\"https:\/\/www.panoramamarbella.com\/de\/immobilien\/marbella\/marbella-goldene-meile\/strand\">Immobilien direkt am Strand an der Golden Mile<\/a>.<\/p>\n\n\n\n<h3 class=\"wp-block-heading\">3. Strand von Venus<\/h3>\n\n\n\n<p class=\"wp-block-paragraph\"><em>Bester Strand nahe der Altstadt von Marbella<\/em><\/p>\n\n\n\t<figure class=\"wp-caption aligncenter wp-block-acf-wpimage\">\n\t<picture><source width=\"900\" height=\"600\" srcset=\"https:\/\/media.panoramamarbella.com\/imgV1\/B95mbh8olwFQm~uCT2wPZMb8hll4wghQQQq6YWg0~c~U_DrmgY8pGP8pqaDzA6mvjyI_OPtcrHD_aKxAUQW6tH554oNzoELtiV0Ti6RNaYZFOwspmepN6TdKU5vMZAZiMompYTXCLcxfZm31uAHQL887emc6EqvFlS8OFbTo6njLv41XJ4r6wIA9U1jthRPtfw_9HEuaop4vBw--.webp 900w\" type=\"image\/webp\"><img decoding=\"async\" class=\"img-fluid\" loading=\"lazy\" width=\"900\" height=\"600\" alt=\"Blick auf Marbellas Strandpromenade, Sandstrand, Yachthafen, Palmen und die Mittelmeerk\u00fcste unter klarem Himmel.\" src=\"https:\/\/media.panoramamarbella.com\/imgV1\/B95mbh8olwFQm~uCT2wPZMb8hll4wghQQQq6YWg0~c~U_DrmgY8pGP8pqaDzA6mvjyI_OPtcrHD_aKxAUQW6tH554oNzoELtiV0Ti6RNaYZFOwspmepN6TdKU5vMZAZiMompYTXCLcxfZm31uAHQL887emc6ErWEAha0nFU9ZbUHCauyRw92.jpg\"><\/picture>\t\t\t<figcaption class=\"wp-caption-text\">\n\t\tVenus Beach im Zentrum von Marbella, direkt neben dem Yachthafen Puerto Deportivo. Nur einen kurzen Spaziergang von der Avenida del Mar und der Altstadt entfernt\t\t<\/figcaption>\n\t\t\t<\/figure>\n\t\n\n\n<p class=\"wp-block-paragraph\">Direkt \u00f6stlich von Marbellas zentralem Yachthafen liegt der Strand von <strong>Venus<\/strong>, einer der am einfachsten erreichbaren Str\u00e4nde vom Herzen der Stadt aus.<\/p>\n\n\n\n<p class=\"wp-block-paragraph\">Der Strand liegt direkt unterhalb der Avenida del Mar, der mit Marmor gepflasterten Allee, die von Bronzeskulpturen Salvador Dal\u00eds ges\u00e4umt wird. Folge ihr durch den Parque de la Alameda, \u00fcberquere die Stra\u00dfe und du stehst am Eingang zur Altstadt von Marbella.<\/p>\n\n\n\n<p class=\"wp-block-paragraph\">Venus teilt sich die Auszeichnung mit der Blauen Flagge mit dem benachbarten Strand La Bajadilla und tr\u00e4gt zudem die Auszeichnung Q f\u00fcr Tourismusqualit\u00e4t.<\/p>\n\n\n\n<p class=\"wp-block-paragraph\">Dank seiner zentralen Lage lassen sich Strand, Altstadt, Restaurants und Strandpromenade besonders einfach an einem Tag miteinander verbinden.<\/p>\n\n\n\n<p class=\"mkt-link wp-block-paragraph\">Besuchst du Marbella? <a href=\"https:\/\/www.panoramamarbella.com\/de\/news\/sehenswuerdigkeiten-in-marbella\">Dann verpasse nicht Marbellas beste Sehensw\u00fcrdigkeiten<\/a>.<\/p>\n\n\n\n<h3 class=\"wp-block-heading\">4. Strand von Los Monteros<\/h3>\n\n\n\n<p class=\"wp-block-paragraph\"><em>Bester Strand in Marbella f\u00fcr viel Freiraum<\/em><\/p>\n\n\n\t<figure class=\"wp-caption aligncenter wp-block-acf-wpimage\">\n\t<picture><source width=\"900\" height=\"681\" srcset=\"https:\/\/media.panoramamarbella.com\/imgV1\/B95mbh8olwFQm~uCT2wPZMb8hll4wghQQQq6YWg0~c~U_DrmgY8pGP8pqaDzA6mvjyI_OPtcrHD_aKxAUQW6tHnc3WXpXR2US~gwyV~LJhlOkMS3FNGlnxDslHQmL0a5UM5LuCMHnJghcxIGSFkb4RNk6Lfd7yFYBZYwOnxGd8Ay~qwPbgGwUDbF~VbCD_FVe7EdjHON5g1D9w--.webp 900w\" type=\"image\/webp\"><img decoding=\"async\" class=\"img-fluid\" loading=\"lazy\" width=\"900\" height=\"681\" alt=\"Langer Sandstrand in Marbella mit D\u00fcnen, ruhigen Wellen und malerischem Bergblick entlang der Costa del Sol.\" src=\"https:\/\/media.panoramamarbella.com\/imgV1\/B95mbh8olwFQm~uCT2wPZMb8hll4wghQQQq6YWg0~c~U_DrmgY8pGP8pqaDzA6mvjyI_OPtcrHD_aKxAUQW6tHnc3WXpXR2US~gwyV~LJhlOkMS3FNGlnxDslHQmL0a5UM5LuCMHnJghcxIGSFkb4RNk6Lfd7z~59HiYuh08EDZbkZxk4bDD.jpg\"><\/picture>\t\t\t<figcaption class=\"wp-caption-text\">\n\t\tLos Monteros Beach in Marbella Ost, wo eine breite Sandk\u00fcste auf gesch\u00fctzte D\u00fcnen trifft\t\t<\/figcaption>\n\t\t\t<\/figure>\n\t\n\n\n<p class=\"wp-block-paragraph\">\u00d6stlich des Zentrums von Marbella \u00f6ffnet sich die K\u00fcste, und <strong>Los Monteros<\/strong> bietet ein sp\u00fcrbar gro\u00dfz\u00fcgigeres Stranderlebnis.<\/p>\n\n\n\n<p class=\"wp-block-paragraph\">Hinter dem Strand liegt eine der etabliertesten luxuri\u00f6sen Wohngegenden von Marbella Ost, zusammen mit dem <a href=\"https:\/\/www.kimptonlosmonterosmarbella.com\/en\/\" target=\"_blank\" rel=\"noreferrer noopener nofollow\">Kimpton Los Monteros<\/a> Marbella und dem legend\u00e4ren <a href=\"https:\/\/lacabanemarbella.com\/en\/\" target=\"_blank\" rel=\"noreferrer noopener nofollow\">Beach Club La Cabane<\/a>, der in Zusammenarbeit mit Dolce &amp; Gabbana neu gestaltet wurde und K\u00fcche von Dani Garc\u00eda bietet.<\/p>\n\n\n\n<p class=\"wp-block-paragraph\">Weiter \u00f6stlich wird der angrenzende Strandabschnitt rund um <strong>La Adelfa<\/strong> nat\u00fcrlicher. Hier liegt hinter dem Strand die gesch\u00fctzte <strong>Duna La Adelfa<\/strong>, die Teil von Marbellas \u00f6kologischem D\u00fcnenreservat ist.<\/p>\n\n\n\n<p class=\"wp-block-paragraph\">Die beiden benachbarten Abschnitte werden unter der gemeinsamen Blauen-Flagge-Auszeichnung <strong>Los Monteros-Las Adelfas<\/strong> gef\u00fchrt und bilden damit einen der offensten und abwechslungsreichsten Bereiche von Marbella Ost. Die Gegend tr\u00e4gt au\u00dferdem die Auszeichnung Q f\u00fcr Tourismusqualit\u00e4t.<\/p>\n\n\n\n<p class=\"mkt-link wp-block-paragraph\">Die Beach Clubs in dieser Gegend sind weltweit bekannt. Sieh dir unseren Guide zu den <a href=\"https:\/\/www.panoramamarbella.com\/de\/news\/beste-beach-clubs-in-marbella-ost\" data-type=\"post\" data-id=\"49376\">besten Beach Clubs in Marbella Ost <\/a>an.<\/p>\n\n\n\n<h3 class=\"wp-block-heading\">5. Strand Real de Zaragoza<\/h3>\n\n\n\n<p class=\"wp-block-paragraph\"><em>Bester Strand in Marbella f\u00fcr vollkommene Entspannung<\/em><\/p>\n\n\n\t<figure class=\"wp-caption aligncenter wp-block-acf-wpimage\">\n\t<picture><source width=\"900\" height=\"599\" srcset=\"https:\/\/media.panoramamarbella.com\/imgV1\/B95mbh8olwFQm~uCT2wPZMb8hll4wghQQQq6YWg0~c~U_DrmgY8pGP8pqaDzA6mvjyI_OPtcrHD_aKxAUQW6tHh8MZWIZux5Ct7g7fJ2L2Su3bJyE9vmdJ0z_eMAtK~96sb_zEv1jTdd5OK6QDbWmbPIKUivnvE32LoZEMOLQgfQ3yPKxyOKQAEKoVBDzk7lYALqyel7OxGvJA--.webp 900w\" type=\"image\/webp\"><img decoding=\"async\" class=\"img-fluid\" loading=\"lazy\" width=\"900\" height=\"599\" alt=\"Die besten Str\u00e4nde in Marbella bieten beeindruckende Ausblicke auf den Berg La Concha, goldenen Sand, Palmen und kristallklares Mittelmeerwasser.\" src=\"https:\/\/media.panoramamarbella.com\/imgV1\/B95mbh8olwFQm~uCT2wPZMb8hll4wghQQQq6YWg0~c~U_DrmgY8pGP8pqaDzA6mvjyI_OPtcrHD_aKxAUQW6tHh8MZWIZux5Ct7g7fJ2L2Su3bJyE9vmdJ0z_eMAtK~96sb_zEv1jTdd5OK6QDbWmbPIKUivnu9TpusldWpSRvAJSDzN5DmX.jpg\"><\/picture>\t\t<\/figure>\n\t\n\n\n<p class=\"wp-block-paragraph\"><strong>Der Strand Real de Zaragoza<\/strong> f\u00fchlt sich wie die Entdeckung eines geheimen Juwels an. Wenn f\u00fcr dich ein guter Strandtag bedeutet, morgens anzukommen und erst nach dem Abendessen wieder zu gehen, ist dieser Strand nur schwer zu \u00fcbertreffen.<\/p>\n\n\n\n<p class=\"wp-block-paragraph\">Am weichen Sand und den lebhaften Wellen gibt es eine ungew\u00f6hnlich gute Auswahl an M\u00f6glichkeiten zum Essen und Trinken. <a href=\"https:\/\/laplagecasanis.com\/\" target=\"_blank\" rel=\"noreferrer noopener nofollow\">La Plage Casanis<\/a>, <a href=\"https:\/\/www.beachhousemarbella.com\/\" target=\"_blank\" rel=\"noreferrer noopener nofollow\">The Beach House<\/a>, <a href=\"https:\/\/sirokobeach.com\/\" target=\"_blank\" rel=\"noreferrer noopener nofollow\">Siroko Beach<\/a>, <a href=\"https:\/\/www.sabinebeachmarbella.com\/\" target=\"_blank\" rel=\"noreferrer noopener nofollow\">Sabine Beach<\/a> und <a href=\"https:\/\/syltmarbella.com\/en.html#top\" target=\"_blank\" rel=\"noreferrer noopener nofollow\">SYLT Beach<\/a> Bar sind nur einige der hervorragenden Adressen f\u00fcr Essen und Sonnenliegen entlang dieses Strandabschnitts..<\/p>\n\n\n\n<p class=\"wp-block-paragraph\">Er ist ein gutes Beispiel f\u00fcr das, was Marbella Ost besonders gut kann: gro\u00dfz\u00fcgige Str\u00e4nde, dahinterliegende Wohnviertel und hervorragende Gastronomie direkt am Meer, ohne daf\u00fcr in stark frequentierte Gegenden fahren zu m\u00fcssen.<\/p>\n\n\n\n<p class=\"wp-block-paragraph\">Der Strand Real de Zaragoza tr\u00e4gt die Auszeichnung Q f\u00fcr Tourismusqualit\u00e4t und bietet saisonal unterst\u00fctztes Baden.<\/p>\n\n\n\n<p class=\"mkt-link wp-block-paragraph\">Sieh dir unsere Auswahl an erstklassigen <a href=\"https:\/\/www.panoramamarbella.com\/de\/immobilien\/marbella\/marbella-ost\/strand\">Immobilien direkt am Strand in Marbella Ost an<\/a>.<\/p>\n\n\n\n<h3 class=\"wp-block-heading\">6. Strand von Artola-Cabopino<\/h3>\n\n\n\n<p class=\"wp-block-paragraph\"><em>Bester Strand in Marbella f\u00fcr Natur<\/em><\/p>\n\n\n\t<figure class=\"wp-caption aligncenter wp-block-acf-wpimage\">\n\t<picture><source width=\"900\" height=\"506\" srcset=\"https:\/\/media.panoramamarbella.com\/imgV1\/B95mbh8olwFQm~uCT2wPZMb8hll4wghQQQq6YWg0~c~U_DrmgY8pGP8pqaDzA6mvjyI_OPtcrHD_aKxAUQW6tHvTwx_lnx5bCQEGniGa94719sJTKeJf3JB~4OjQuYK5E8MdGNwsKCgTFK4VZe3pASyvkvWpAkqsvfsi3N7TG5oqGbjkxxKn_plylsJ3sqaO_hiCe1uhFhE0CQ--.webp 900w\" type=\"image\/webp\"><img decoding=\"async\" class=\"img-fluid\" loading=\"lazy\" width=\"900\" height=\"506\" alt=\"Luftaufnahme der K\u00fcste von Marbella mit Sandstr\u00e4nden, t\u00fcrkisfarbenem Wasser und den Bergen der Sierra Blanca im Hintergrund.\" src=\"https:\/\/media.panoramamarbella.com\/imgV1\/B95mbh8olwFQm~uCT2wPZMb8hll4wghQQQq6YWg0~c~U_DrmgY8pGP8pqaDzA6mvjyI_OPtcrHD_aKxAUQW6tHvTwx_lnx5bCQEGniGa94719sJTKeJf3JB~4OjQuYK5E8MdGNwsKCgTFK4VZe3pASyvkvWpAlScmyeyplw6Wk8jczXpb8xb.jpg\"><\/picture>\t\t\t<figcaption class=\"wp-caption-text\">\n\t\tLuftaufnahme des Cabopino Beach in Marbella Ost, eingerahmt von den D\u00fcnen von Artola, Torre Ladrones und den dahinterliegenden Bergen\t\t<\/figcaption>\n\t\t\t<\/figure>\n\t\n\n\n<p class=\"wp-block-paragraph\">Am \u00f6stlichsten Ende Marbellas \u00f6ffnet sich Artola-Cabopino zu weiteren D\u00fcnen und breiten Sandfl\u00e4chen.<\/p>\n\n\n\n<p class=\"wp-block-paragraph\">Direkt hinter dem Strand liegen die Dunas de Artola, ein gesch\u00fctztes Naturdenkmal und eines der letzten bedeutenden erhaltenen D\u00fcnensysteme dieser Art in der Provinz M\u00e1laga.<\/p>\n\n\n\n<p class=\"wp-block-paragraph\">Holzstege f\u00fchren durch die D\u00fcnen in Richtung Meer, w\u00e4hrend der Wachturm Torre Ladrones und der Yachthafen von Cabopino auch abseits des Sandes einiges zu entdecken bieten.<\/p>\n\n\n\n<p class=\"wp-block-paragraph\">Der Strand tr\u00e4gt die Blaue Flagge und bietet saisonal au\u00dferdem unterst\u00fctztes Baden, darunter <a href=\"https:\/\/www.surinenglish.com\/malaga\/marbella-san-pedro\/the-beaches-marbella-have-nine-assisted-bathing-20260421102058-nt.html\" target=\"_blank\" rel=\"noreferrer noopener nofollow\">Amphibienst\u00fchle<\/a> und Einrichtungen, die Menschen mit eingeschr\u00e4nkter Mobilit\u00e4t den Zugang zum Wasser erleichtern.<\/p>\n\n\n\n<p class=\"wp-block-paragraph\">Er ist ein passender letzter Halt auf der Route nach Osten, wo Marbellas bebaute K\u00fcste in D\u00fcnen, Waldfl\u00e4chen und eine nat\u00fcrlichere Umgebung \u00fcbergeht.<\/p>\n\n\n\n<p class=\"mkt-link wp-block-paragraph\"><a href=\"https:\/\/www.panoramamarbella.com\/de\/news\/resort-investment-marbella-ost\">Marbella Ost erlebt eine neue Investitionswelle<\/a>. Erfahre mehr \u00fcber die wichtigsten Projekte.<\/p>\n\n\n<article class=\"col w-100 position-relative wp-block-acf-banner\">\n    <div class=\"d-flex flex-wrap flex-column flex-xl-row align-items-start align-items-xl-end gap-4 w-100 bg-secondary text-white p-4\">\n        <div class=\"d-flex flex-column\">\n\t\t\t            <a href=\"https:\/\/www.panoramamarbella.com\/de\/newsletter-fur-immobilien-zum-verkauf\" class=\"stretched-link text-white text-decoration-none\" title=\"Gef\u00e4llt dir, was du gelesen hast?\">\n\t\t\t\t<h2 class=\"text-white mb-3\">Gef\u00e4llt dir, was du gelesen hast?<\/h2>            <\/a>\n\t\t\t            <p class=\"mb-0\">\n                Abonniere unseren Newsletter f\u00fcr interessante Artikel, exklusive Inhalte und die neuesten Updates.            <\/p>\n\t\t\t        <\/div>\n\t\t        <span class=\"btn btn-outline-light ms-xl-auto\">Panorama newsletter<\/span>\n\t\t    <\/div>\n<\/article>\n\n\n\n\n<h2 class=\"wp-block-heading\">Wo kann man in Marbella Wassersport betreiben?<\/h2>\n\n\n\t<figure class=\"wp-caption aligncenter wp-block-acf-wpimage\">\n\t<picture><source width=\"900\" height=\"353\" srcset=\"https:\/\/media.panoramamarbella.com\/imgV1\/B95mbh8olwFQm~uCT2wPZMb8hll4wghQQQq6YWg0~c~U_DrmgY8pGP8pqaDzA6mvjyI_OPtcrHD_aKxAUQW6tHoOheFPqMFmTHemu8Gdsb_jY86aHEuYX2N7_8zUd421esrazv~MBEYBwiLcajRH672swUSnz~KFpHBU3V9V1gVqOt69rh9bP3p83Mad3ctxv2IwogUoOg8YOA--.webp 900w\" type=\"image\/webp\"><img decoding=\"async\" class=\"img-fluid\" loading=\"lazy\" width=\"900\" height=\"353\" alt=\"Schnellboot und Parasailing \u00fcber dem Mittelmeer mit Marbellas K\u00fcste und Bergen in der Ferne.\" src=\"https:\/\/media.panoramamarbella.com\/imgV1\/B95mbh8olwFQm~uCT2wPZMb8hll4wghQQQq6YWg0~c~U_DrmgY8pGP8pqaDzA6mvjyI_OPtcrHD_aKxAUQW6tHoOheFPqMFmTHemu8Gdsb_jY86aHEuYX2N7_8zUd421esrazv~MBEYBwiLcajRH672swUSnz_zBOhON6mzsFNUK4xQknei4.jpg\"><\/picture>\t\t\t<figcaption class=\"wp-caption-text\">\n\t\tParasailing ab Puente Romano\t\t<\/figcaption>\n\t\t\t<\/figure>\n\t\n\n\n<p class=\"wp-block-paragraph\">Manchmal braucht ein Strandtag ein wenig mehr Action. Marbella bietet alles von Stand-up-Paddling und Kajakfahren bis hin zu Jetski, Parasailing, Segeln und Bootsausfl\u00fcgen.<\/p>\n\n\n\n<p class=\"wp-block-paragraph\">In Puerto Ban\u00fas ist <a href=\"https:\/\/www.watersportsbanus.com\/\" target=\"_blank\" rel=\"noreferrer noopener nofollow\">Water Sports Ban\u00fas<\/a> eine gute Option, die direkt vom Strand aus operiert. Im Zentrum von Marbella ist <a href=\"https:\/\/www.marbellasportsboat.com\/en\/\" target=\"_blank\" rel=\"noreferrer noopener nofollow\">Marbella Sport Boats<\/a> vom wichtigsten Yachthafen (Puerto Deportivo) aus erreichbar und bietet Jetskis und Bootsvermietung.<\/p>\n\n\n\n<p class=\"wp-block-paragraph\">Viele Beach Clubs und Resorts direkt am Meer in Marbella bieten in der Hochsaison ebenfalls Wassersport an, von Tretbooten mit Wasserrutschen und Bananenbooten bis hin zu Jetskis und Kajaks.<\/p>\n\n\n\n<p class=\"wp-block-paragraph\">Resorts wie Puente Romano bieten au\u00dferdem E-Foiling, Parasailing und Stand-up-Paddling an, w\u00e4hrend Marbella Club \u00fcber eine eigene Wassersportstation mit eFoils und elektrischen Jetboards verf\u00fcgt.<\/p>\n\n\n\n<p class=\"wp-block-paragraph\">F\u00fcr einen l\u00e4ngeren Tag auf dem Meer sind Puerto Ban\u00fas und der Yachthafen von Marbella bequeme Ausgangspunkte f\u00fcr Segelt\u00f6rns, private Yachtcharter und Ausfl\u00fcge entlang der K\u00fcste.<\/p>\n\n\n\n<article class=\"banner-2x position-relative col w-100\">\n\t<div class=\"position-relative z-1 d-flex flex-wrap flex-column justify-content-center align-items-center gap-4 w-100 text-white p-6\">\n\t\t\t\t\t<a href=\"https:\/\/www.panoramamarbella.com\/de\/news\/marbellas-yacht-erlebnisse\" class=\"stretched-link text-white text-decoration-none\" title=\"Private Yachtcharter und Segeln in Marbella.\">\n\t\t\t\t<h2 class=\"h1 text-white text-center mb-0\">Private Yachtcharter und Segeln in Marbella.<\/h2>\t\t\t<\/a>\n\t\t\t\t\t<p class=\"lead text-center mb-0\">\n\t\t\t\tMarbellas Mittelmeerk\u00fcste erlebt man am besten vom Wasser aus.\t\t\t<\/p>\n\t\t\t\t<span class=\"btn btn-lg px-4 btn-primary\">Vollst\u00e4ndigen Guide lesen<\/span>\n\t<\/div>\n\t\t<figure class='position-absolute top-0 h-100 z-0'>\n\t\t<picture><source width=\"1296\" height=\"729\" srcset=\"https:\/\/media.panoramamarbella.com\/imgV1\/B95mbh8olwFQm~uCT2wPZMb8hll4wghQQQq6YWg0~c~U_DrmgY8pGP8pqaDzA6mvjyI_OPtcrHD_aKxDZZG4taWcE5usyFv7Mt1AMuyW8e3Xc1MlXnAWLD2fs5sHCCb1OuCPhd_PG98zw9_lN7deN606D~EVtStbHPXs07pFxHzTOaL0C6jvqST461gJjw--.webp 1296w\" type=\"image\/webp\"><img decoding=\"async\" class=\"w-100 h-100 object-fit-cover\" title=\"Private Yachtcharter und Segeln in Marbella.\" alt=\"Luftaufnahme einer Luxusyacht, die mit hoher Geschwindigkeit durch das tiefblaue Meer f\u00e4hrt und eine wei\u00dfe Heckwelle hinter sich l\u00e4sst.\" width=\"1296\" src=\"https:\/\/media.panoramamarbella.com\/imgV1\/B95mbh8olwFQm~uCT2wPZMb8hll4wghQQQq6YWg0~c~U_DrmgY8pGP8pqaDzA6mvjyI_OPtcrHD_aKxDZZG4taWcE5usyFv7Mt1AMuyW8e3Xc1MlXnAWLD2fs5sHCCb1OuCPhd_PG98zw8EepaMAN8~jHY2Vo26yzu9Z.jpg\"><\/picture>\t<\/figure>\n\t<\/article>\n\n\n\n\n<h2 class=\"wp-block-heading\">Strandh\u00e4user zum Verkauf in Marbella<\/h2>\n\n\n\t\t<section class=\"container wp-block-acf-inmpropselection\">\n\t\t\t\t\t\t<div class=\"row row-cols-1 row-cols-lg-3 gy-5 g-xxl-5\">\n\t\t\t\t\n<article class=\"col card-properties position-relative d-flex flex-column\">\n\t<div id=\"carouselCardProperties-1-0\" class=\"card-properties-images carousel slide carousel-fade lazy\" data-bs-ride=\"carousel\" data-bs-interval=\"200000\" data-id=\"721804\">\n\t\t<div class=\"carousel-inner\">\n\t\t\t<figure class=\"carousel-item mb-0 active ratio ratio-4x3\">\n\t\t\t\t<picture><source sizes=\"(max-width: 575px) calc(100vw - 24px), (max-width: 767px) 516px, (max-width: 991px) 696px, (max-width: 1199px) 296px, (max-width: 1399px) 356px, 400px\" width=\"696\" height=\"522\" srcset=\"https:\/\/media.panoramamarbella.com\/imgV1\/B95mbh8olwFQm~uCUaVOI2kQT0hb0a8sZ9turUNfnwtvuccYCzs0YVPfPbfkc2VnnN1JFDpkYaGfw1gJsS~5hO3BSyw8UUMY5dBraGXTBaxF6BxC9QGTZpblCCcS7Cq33W77y5OZkio0nnNpk0o8AFZuizj7Qtfvlof_fWeYwukesHFh6osnx2J334wDRQobRYhUP6Og4vv80zWi5TPG8TYK2BqBLIH4Mqb8~ewql~rpaf68Dy9rIzOEt8kXJqLuYczbYmbhdGo__3EbiQn1~nD2_tD7_2gJMDBlRUiPlNTH1sz0~jnPbBfiRuoMgKy2r8FC1NCdvpaIANoFC7~ebaMokTr1PnuINj9rU4DO42KVFqCvM3_xTVMwSVWvyVWea5R35ZPTeC5v5jEYpquzi_odzX~r_y433KyTcSny6ZXgHAHyPYtJE2GPRHUKrYDKdfE1ulv31wu5ID39cC~N.webp 696w,https:\/\/media.panoramamarbella.com\/imgV1\/B95mbh8olwFQm~uCUaVOI2kQT0hb0a8sZ9turUNfnwtvuccYCzs0YVPfPbfkc2VnnN1JFDpkYaGfw1gJsS~5hO3BSyw8UUMY5dBraGXTBaxF6BxC9QGTZpblCCcS7Cq33W77y5OZkio0nnNpk0o8AFZuizj7Qtfvlof_fWeYwFOfd6McyOhmuoDmf4lZLAHM3yjNB42_~o5w4r3TvSfJyOJB7vBTIHYwJ4Xm_w7BU6Nx2~hpj9xzZxKRWtHI6j~VgFQzMX7bynaguoO5bi2f4qJoEOU3EkODjqBs1BC9yoYB5EZke1xyVIhW~vbdCpVzmOomrAYbELaqXsyodvDuSQrDjJxBVCVmFMtjkCVRnzsCiDQ0RAZg5VlKzyuPh8OQ5LtjNZ4zWwTf7MpsSHj~ZWe7xcxKEErbKrzhpyoL5_YN3JcFuo2FcLg5OqhMj1qGoclgzYY~YFvmENYzg74E.webp 400w\" type=\"image\/webp\"><img decoding=\"async\" class=\"position-absolute w-100 h-100 object-fit-cover\" alt=\"Elegante Villa in Strandn\u00e4he in Guadalmina Baja mit au\u00dfergew\u00f6hnlicher Privatsph\u00e4re und zeitgen\u00f6ssischem Design\" loading=\"lazy\" width=\"696\" height=\"522\" src=\"https:\/\/media.panoramamarbella.com\/imgV1\/B95mbh8olwFQm~uCUaVOI2kQT0hb0a8sZ9turUNfnwtvuccYCzs0YVPfPbfkc2VnnN1JFDpkYaGfw1gJsS~5hO3BSyw8UUMY5dBraGXTBaxF6BxC9QGTZpblCCcS7Cq33W77y5OZkio0nnNpk0o8AFZuizj7Qtfvlof_fWeYwukesHFh6osnx2J334wDWw8JVtE4NzI0Rnp2Nwrl9J9naEYjUeI4bVeI4dsGVxDf1j9bpuyI3CyP5gQfVgq8uAX21TWXdW6TyjQac_P1A_B9wketyY2cwVrzAJMb2E0lP9BrDYX8~F~CEvrygIfNIdfq4DN1QwpZXa0O8JmKE~pxPn5Se4pbAZ5j2KiJUhPeAkyFvw8pgkCveRp_Ae~XxYFabLkSPD3QLaDFkRZo8Ruo1DwWt0WVvO24EnuAzGmQrw8yNy5UxpdQA3tqEtA-.jpg\"><\/picture>\t\t\t<\/figure>\n\t\t\t\t\t\t<span class=\"card-properties-ref position-absolute z-2 bottom-0 end-0 bg-white text-primary py-1 px-3 me-3\">\n\t\t\t\tPANR-16538\t\t\t<\/span>\n\t\t\t<button class=\"card-properties-portfolio d-flex align-items-center justify-content-center position-absolute z-3 end-0 text-white bg-primary me-3 border-0 px-0\" data-pfl-id=\"721804\" data-pfl-filter=\"sale\" aria-label=\"Add to portfolio\">\n\t\t\t\t<svg width=\"18\" fill=\"currentColor\" viewBox=\"0 0 512 512\">\n\t\t\t\t\t<use href=\"https:\/\/www.panoramamarbella.com\/wp-content\/themes\/panoramamarbella\/dist\/src\/images\/icons.svg#svgHeart\"><\/use>\n\t\t\t\t<\/svg>\n\t\t\t\t<svg width=\"18\" fill=\"currentColor\" viewBox=\"0 0 512 512\">\n\t\t\t\t\t<use href=\"https:\/\/www.panoramamarbella.com\/wp-content\/themes\/panoramamarbella\/dist\/src\/images\/icons.svg#svgHeartIn\"><\/use>\n\t\t\t\t<\/svg>\n\t\t\t<\/button>\n\t\t<\/div>\n\t\t\t\t<button\n\t\t\tclass=\"carousel-control-prev\"\n\t\t\ttype=\"button\"\n\t\t\tdata-bs-target=\"#carouselCardProperties-1-0\"\n\t\t\tdata-bs-slide=\"prev\">\n\t\t\t<span class=\"carousel-control-prev-icon\" aria-hidden=\"true\"><\/span>\n\t\t\t<span class=\"visually-hidden\">Vorherige<\/span>\n\t\t<\/button>\n\t\t<button\n\t\t\tclass=\"carousel-control-next\"\n\t\t\ttype=\"button\"\n\t\t\tdata-bs-target=\"#carouselCardProperties-1-0\"\n\t\t\tdata-bs-slide=\"next\">\n\t\t\t<span class=\"carousel-control-next-icon\" aria-hidden=\"true\"><\/span>\n\t\t\t<span class=\"visually-hidden\">N\u00e4chste<\/span>\n\t\t<\/button>\n\t\t\t<\/div>\n\t<div class=\"d-flex flex-column h-100 px-3 py-4 shadow\">\n\t\t\t\t<a class=\"h5 mt-0 stretched-link text-decoration-none\" href=\"\/de\/immobilien\/san-pedro-de-alcantara\/guadalmina-baja\/villen\/PANR-16538\" style=\"margin-top: 0!important;margin-bottom: 1rem!important; font-size: 1.25rem!important;\">\n\t\t\tGuadalmina Baja, San Pedro de Alcantara\t\t<\/a>\n\t\t\t\t\t\t<span class=\"card-properties-price mt-auto\" style=\"font-size: 1rem;\">\n\t\t\t\n\t\t\t<span class=\"card-properties-price mt-auto\" data-original-price=\"8750000\">8.750.000\u00a0\u20ac<\/span>\n\t\t\t\t<\/span>\n\t\t\t<\/div>\n<\/article>\n\n\n<article class=\"col card-properties position-relative d-flex flex-column\">\n\t<div id=\"carouselCardProperties-1-1\" class=\"card-properties-images carousel slide carousel-fade lazy\" data-bs-ride=\"carousel\" data-bs-interval=\"200000\" data-id=\"704174\">\n\t\t<div class=\"carousel-inner\">\n\t\t\t<figure class=\"carousel-item mb-0 active ratio ratio-4x3\">\n\t\t\t\t<picture><source sizes=\"(max-width: 575px) calc(100vw - 24px), (max-width: 767px) 516px, (max-width: 991px) 696px, (max-width: 1199px) 296px, (max-width: 1399px) 356px, 400px\" width=\"696\" height=\"522\" srcset=\"https:\/\/media.panoramamarbella.com\/imgV1\/B95mbh8olwFQm~uCUaVOI2kQT0hb0a8sZ9turUNfnwtvuccYCzs0YVPfPbfkc2VnnN1JFDpkYaGfw1gJsS~5hOzeCYN1CJowUyBmENRFJHocC~UIRIGZdhiuoaeLWEXvXh~CKp3KycygRDXox6Ke_CBonRSdL3LNKPtmVYEsyz8VcCVMBvsyg4sklyICAmyM_~rbxjdonAChH3DL2RsoA47aoCLUe1ynHAhsRWu1lYp8PxvCmPIfSM1~dZq6kBldojD6KyLbCDKZzPAdZKNTy~YmdAIZyIau~APQG4xHflZYYpQpiMonTYlNYewGl0W4IJEnSqjj5EsbJJR3dq75ZMXP8Vhq8enVmOZOGxPC4hp1SqXefk69aChkXRvfMGiweaM7gc1LncHM1e1wX_uVrbhgGYoNTjPLxGZSJJ92TeUNoEd6h1M4GoD~iZKXgcJZsPg_mxizfHSZK40mWHQ_.webp 696w,https:\/\/media.panoramamarbella.com\/imgV1\/B95mbh8olwFQm~uCUaVOI2kQT0hb0a8sZ9turUNfnwtvuccYCzs0YVPfPbfkc2VnnN1JFDpkYaGfw1gJsS~5hOzeCYN1CJowUyBmENRFJHocC~UIRIGZdhiuoaeLWEXvXh~CKp3KycygRDXox6Ke_CBonRSdL3LNKPtmVYEsyeTgEC_zPBiEpY~YsjNNcBrMCRjPZOBGqsiv9I26z9vx2y0F5oLSdxlQb_nO1JoYOxBYrE85_3mmZJjSsOVaeMPMZEaMvmlfN7LvB53708Ts2ic_GjxD~yIG0ti64sqUF6igsJb~YHGwlZ24Rh_MkzhZKQBb9haTTeoe1f~4s8KZ4rk2x5RP_YJLIiF6ixUu71lyruheNFkyS5JVcGIGuOdihBt__ALrZ0JMXReOUCGEvrXmGqyLqgqOecW4JAlgR6~MxmRUwhvPCetZo0NRaTS6dKe6M1v3FhP81eCVd81I.webp 400w\" type=\"image\/webp\"><img decoding=\"async\" class=\"position-absolute w-100 h-100 object-fit-cover\" alt=\"Gro\u00dfz\u00fcgige Villa mit au\u00dfergew\u00f6hnlichem Renovierungspotenzial am Strand von Cancelada\" loading=\"lazy\" width=\"696\" height=\"522\" src=\"https:\/\/media.panoramamarbella.com\/imgV1\/B95mbh8olwFQm~uCUaVOI2kQT0hb0a8sZ9turUNfnwtvuccYCzs0YVPfPbfkc2VnnN1JFDpkYaGfw1gJsS~5hOzeCYN1CJowUyBmENRFJHocC~UIRIGZdhiuoaeLWEXvXh~CKp3KycygRDXox6Ke_CBonRSdL3LNKPtmVYEsyz8VcCVMBvsyg4sklyICHErd0rJu04rdmQhk3VkRk_P1lNON29gcwglWDfEKsQK8g8aChvSOMtrsP~7CV5I~xdJNDeyHwxwBq43TOJNP~ZcQxum_ayi7Y4IW8Hg~dkYSOBZnJ8F0DE9~zQ6ntYT7E0s2AYy5_R9bUfCgsc_6KzIX1ZrbG6eUeEy~TNMDxS4w8EPDFvCHoGQgjvIuVYdlV2ej1uRRwsr2sYLF~JTlJ2egPpHzDg6uUZUgc6HuNWhkriB9P2U2z_BEjYoDXRQ-.jpg\"><\/picture>\t\t\t<\/figure>\n\t\t\t\t\t\t<span class=\"card-properties-ref position-absolute z-2 bottom-0 end-0 bg-white text-primary py-1 px-3 me-3\">\n\t\t\t\tPANR-16404\t\t\t<\/span>\n\t\t\t<button class=\"card-properties-portfolio d-flex align-items-center justify-content-center position-absolute z-3 end-0 text-white bg-primary me-3 border-0 px-0\" data-pfl-id=\"704174\" data-pfl-filter=\"sale\" aria-label=\"Add to portfolio\">\n\t\t\t\t<svg width=\"18\" fill=\"currentColor\" viewBox=\"0 0 512 512\">\n\t\t\t\t\t<use href=\"https:\/\/www.panoramamarbella.com\/wp-content\/themes\/panoramamarbella\/dist\/src\/images\/icons.svg#svgHeart\"><\/use>\n\t\t\t\t<\/svg>\n\t\t\t\t<svg width=\"18\" fill=\"currentColor\" viewBox=\"0 0 512 512\">\n\t\t\t\t\t<use href=\"https:\/\/www.panoramamarbella.com\/wp-content\/themes\/panoramamarbella\/dist\/src\/images\/icons.svg#svgHeartIn\"><\/use>\n\t\t\t\t<\/svg>\n\t\t\t<\/button>\n\t\t<\/div>\n\t\t\t\t<button\n\t\t\tclass=\"carousel-control-prev\"\n\t\t\ttype=\"button\"\n\t\t\tdata-bs-target=\"#carouselCardProperties-1-1\"\n\t\t\tdata-bs-slide=\"prev\">\n\t\t\t<span class=\"carousel-control-prev-icon\" aria-hidden=\"true\"><\/span>\n\t\t\t<span class=\"visually-hidden\">Vorherige<\/span>\n\t\t<\/button>\n\t\t<button\n\t\t\tclass=\"carousel-control-next\"\n\t\t\ttype=\"button\"\n\t\t\tdata-bs-target=\"#carouselCardProperties-1-1\"\n\t\t\tdata-bs-slide=\"next\">\n\t\t\t<span class=\"carousel-control-next-icon\" aria-hidden=\"true\"><\/span>\n\t\t\t<span class=\"visually-hidden\">N\u00e4chste<\/span>\n\t\t<\/button>\n\t\t\t<\/div>\n\t<div class=\"d-flex flex-column h-100 px-3 py-4 shadow\">\n\t\t\t\t<a class=\"h5 mt-0 stretched-link text-decoration-none\" href=\"\/de\/immobilien\/estepona\/estepona-ost\/cancelada\/villen\/PANR-16404\" style=\"margin-top: 0!important;margin-bottom: 1rem!important; font-size: 1.25rem!important;\">\n\t\t\tCancelada, Estepona Ost\t\t<\/a>\n\t\t\t\t\t\t<span class=\"card-properties-price mt-auto\" style=\"font-size: 1rem;\">\n\t\t\t\n\t\t\t<span class=\"card-properties-price mt-auto\" data-original-price=\"2400000\">2.400.000\u00a0\u20ac<\/span>\n\t\t\t\t<\/span>\n\t\t\t<\/div>\n<\/article>\n\n\n<article class=\"col card-properties position-relative d-flex flex-column\">\n\t<div id=\"carouselCardProperties-1-2\" class=\"card-properties-images carousel slide carousel-fade lazy\" data-bs-ride=\"carousel\" data-bs-interval=\"200000\" data-id=\"702531\">\n\t\t<div class=\"carousel-inner\">\n\t\t\t<figure class=\"carousel-item mb-0 active ratio ratio-4x3\">\n\t\t\t\t<picture><source sizes=\"(max-width: 575px) calc(100vw - 24px), (max-width: 767px) 516px, (max-width: 991px) 696px, (max-width: 1199px) 296px, (max-width: 1399px) 356px, 400px\" width=\"696\" height=\"522\" srcset=\"https:\/\/media.panoramamarbella.com\/imgV1\/B95mbh8olwFQm~uCUaVOI2kQT0hb0a8sZ9turUNfnwtvuccYCzs0YVPfPbfkc2VnnN1JFDpkYaGfw1gJsS~5hOuwZT3X1w9E08wOjg8eXpXhsqC6dI2SiEN9R7rvtzZF1AiYOHHV4xmV5OGjj97oGkwvoICHOebZnLF0ysLnDedNoK2Qiu7VAKx6S0oENOUJKoT1~uOxYwe4sJGKDgCUq48EZ~eYcLgRop8Q9wN4Wi0xHMg4t7lNfuswJ4UPHFTQvnb0VkoxiypCyBy85sReOMSmjMGz0Dfzmz4Y_DKyLoOy9~vzMkD1EqLxQ2RSbKQfw2zOZ_OXK8zTBl61siOR2HMa8rUDPEM7Ud3ZIIRus5F7L3SpFj9lxJJ0~48vaEYUBKxJpXo0DlfWhMFQDLHT7J_hrGaVsmMuzx1t8jZay7gBzWAxFCxjU2zTmYWb29PF1pJ08fDOX2WIV33518vk.webp 696w,https:\/\/media.panoramamarbella.com\/imgV1\/B95mbh8olwFQm~uCUaVOI2kQT0hb0a8sZ9turUNfnwtvuccYCzs0YVPfPbfkc2VnnN1JFDpkYaGfw1gJsS~5hOuwZT3X1w9E08wOjg8eXpXhsqC6dI2SiEN9R7rvtzZF1AiYOHHV4xmV5OGjj97oGkwvoICHOebZnLF0ysLnD1fegWO7YYp7rmDasxZyYGZpvsyrp8r9ykJ~SuP6iB8Scaszy6eViks0nsRO77G_jtRSDTYMi69352FpEgmbDjcQg1RaQ8si_uxP~ztzq6XmG7oQBgMvlodX8xtqRYIq2V7vWA9nQ0edIIFROZw7MTNFaq6FgUhHC9ffdDXVOwXpWxWMQ59J0TsAsysErBiOGjf8qdn1MdGpp5r1UEVxiXxXR2FtwC3l1Tl357HJWYpyyUfWCBjYmpMcxqXz6W1XMQJytyuGFG7lxDsrspRHilpv9uS35TCdaHpmdGN8jXZF.webp 400w\" type=\"image\/webp\"><img decoding=\"async\" class=\"position-absolute w-100 h-100 object-fit-cover\" alt=\"Strandnahes Projekt mit 3 modernen Villen in der prestigetr\u00e4chtigen Wohngegend Cortijo Blanco\" loading=\"lazy\" width=\"696\" height=\"522\" src=\"https:\/\/media.panoramamarbella.com\/imgV1\/B95mbh8olwFQm~uCUaVOI2kQT0hb0a8sZ9turUNfnwtvuccYCzs0YVPfPbfkc2VnnN1JFDpkYaGfw1gJsS~5hOuwZT3X1w9E08wOjg8eXpXhsqC6dI2SiEN9R7rvtzZF1AiYOHHV4xmV5OGjj97oGkwvoICHOebZnLF0ysLnDedNoK2Qiu7VAKx6S0oEKuLlsu4VPoX9wzlwb6TTsSuuc30MquATO4tSPkaZenErkkiBBtupYbxhS_GEqDmXOa_4uvAPhm26lEMKAFd4pol~wRkCnvcUy8PVr2~_hbADCUBYuhYtOfmaXcC4OotXzzRRqXn_gC8uGwzjwX4pcU0M_6FVAMiOCNYQQLrtPJQC~vbHDcE1j7Q25LbikBppRrd~RgguVuHIJZ~E_YYbwPP6JtlQtbWteJ_38d6CyZBtnKsHDAqE2AaNFPM4FHs-.jpg\"><\/picture>\t\t\t<\/figure>\n\t\t\t\t\t\t<span class=\"card-properties-ref position-absolute z-2 bottom-0 end-0 bg-white text-primary py-1 px-3 me-3\">\n\t\t\t\tPANR-16391\t\t\t<\/span>\n\t\t\t<button class=\"card-properties-portfolio d-flex align-items-center justify-content-center position-absolute z-3 end-0 text-white bg-primary me-3 border-0 px-0\" data-pfl-id=\"702531\" data-pfl-filter=\"sale\" aria-label=\"Add to portfolio\">\n\t\t\t\t<svg width=\"18\" fill=\"currentColor\" viewBox=\"0 0 512 512\">\n\t\t\t\t\t<use href=\"https:\/\/www.panoramamarbella.com\/wp-content\/themes\/panoramamarbella\/dist\/src\/images\/icons.svg#svgHeart\"><\/use>\n\t\t\t\t<\/svg>\n\t\t\t\t<svg width=\"18\" fill=\"currentColor\" viewBox=\"0 0 512 512\">\n\t\t\t\t\t<use href=\"https:\/\/www.panoramamarbella.com\/wp-content\/themes\/panoramamarbella\/dist\/src\/images\/icons.svg#svgHeartIn\"><\/use>\n\t\t\t\t<\/svg>\n\t\t\t<\/button>\n\t\t<\/div>\n\t\t\t\t<button\n\t\t\tclass=\"carousel-control-prev\"\n\t\t\ttype=\"button\"\n\t\t\tdata-bs-target=\"#carouselCardProperties-1-2\"\n\t\t\tdata-bs-slide=\"prev\">\n\t\t\t<span class=\"carousel-control-prev-icon\" aria-hidden=\"true\"><\/span>\n\t\t\t<span class=\"visually-hidden\">Vorherige<\/span>\n\t\t<\/button>\n\t\t<button\n\t\t\tclass=\"carousel-control-next\"\n\t\t\ttype=\"button\"\n\t\t\tdata-bs-target=\"#carouselCardProperties-1-2\"\n\t\t\tdata-bs-slide=\"next\">\n\t\t\t<span class=\"carousel-control-next-icon\" aria-hidden=\"true\"><\/span>\n\t\t\t<span class=\"visually-hidden\">N\u00e4chste<\/span>\n\t\t<\/button>\n\t\t\t<\/div>\n\t<div class=\"d-flex flex-column h-100 px-3 py-4 shadow\">\n\t\t\t\t<a class=\"h5 mt-0 stretched-link text-decoration-none\" href=\"\/de\/immobilien\/san-pedro-de-alcantara\/cortijo-blanco\/villen\/PANR-16391\" style=\"margin-top: 0!important;margin-bottom: 1rem!important; font-size: 1.25rem!important;\">\n\t\t\tCortijo Blanco, San Pedro de Alcantara\t\t<\/a>\n\t\t\t\t\t\t<span class=\"card-properties-price mt-auto\" style=\"font-size: 1rem;\">\n\t\t\t\n\t\t\t<span class=\"card-properties-price mt-auto\" data-original-price=\"4290000\">4.290.000\u00a0\u20ac<\/span>\n\t\t\t\t<\/span>\n\t\t\t<\/div>\n<\/article>\n\t\t\t<\/div>\n\t\t\t<ul class=\"mw-100 d-flex flex-column flex-lg-row flex-lg-wrap justify-content-center gap-3 list-unstyled mt-5 mb-0\">\n    <li><a class=\"btn btn-primary w-100 px-4 py-2\" href=\"https:\/\/www.panoramamarbella.com\/de\/immobilien\/strand\">Strandh\u00e4user zum Verkauf in Marbella<\/a><\/li><\/ul>\n\t\t<\/section>\n\t\t\n\n\n<h2 class=\"wp-block-heading\">FAQs zu den besten Str\u00e4nden in Marbella<\/h2>\n\n\n\t<div class=\"position-relative\">\n\t\t\t\t\t<h3>Welcher ist der beste Strand in Marbella f\u00fcr Familien?<\/h3>\n\t\t\t<p>Cabopino, Puerto Ban\u00fas und Nag\u00fceles sind allesamt sehr gute Optionen. Sie bieten eine Kombination aus ruhigem Wasser, Sandfl\u00e4chen, nahe gelegenen Einrichtungen und einfachem Zugang zu Restaurants und Promenaden.<\/p>\n\t\t\t\t\t<h3>Gibt es hundefreundliche Str\u00e4nde in Marbella?<\/h3>\n\t\t\t<p>Ja. W\u00e4hrend der Hochsaison sind Hunde in den ausgewiesenen Bereichen von El Pinillo und Ventura del Mar erlaubt. Au\u00dferhalb der sommerlichen Badesaison sind Hunde in der Regel auch an allen anderen Str\u00e4nden Marbellas erlaubt.<\/p>\n\t\t\t\t\t<h3>Wo kann man f\u00fcr einen Strandbesuch in Marbella am einfachsten parken?<\/h3>\n\t\t\t<p>In Marbella Ost ist das Parken in der Regel einfacher. \u00d6ffentliche Parkpl\u00e4tze gibt es unter anderem in Real de Zaragoza und Cabopino. Im Zentrum von Marbella und in Puerto Ban\u00fas gibt es mehr kostenpflichtige \u00f6ffentliche und private Parkm\u00f6glichkeiten.<\/p>\n\t\t\t\t\t<h3>Welcher Strand in Marbella hat das ruhigste Wasser?<\/h3>\n\t\t\t<p>Der Strand von Puerto Ban\u00fas geh\u00f6rt dank seiner gesch\u00fctzten Bucht zu den ruhigsten.<\/p>\n\t\t\t\t\t<h3>Welcher ist der beste Strand nahe der Altstadt von Marbella?<\/h3>\n\t\t\t<p>Venus Beach ist einer der n\u00e4chstgelegenen und liegt direkt unterhalb der Avenida del Mar.<\/p>\n\t\t\t\t\t<h3>Wo befinden sich die besten Str\u00e4nde in Marbella Ost?<\/h3>\n\t\t\t<p>Los Monteros, La Adelfa, Real de Zaragoza und Cabopino z\u00e4hlen zu den besten Str\u00e4nden in Marbella Ost.<\/p>\n\t\t\t\t\t<h3>Welcher Strand in Marbella eignet sich am besten f\u00fcr Restaurants?<\/h3>\n\t\t\t<p>Real de Zaragoza eignet sich besonders gut f\u00fcr Restaurants direkt am Meer, w\u00e4hrend Nag\u00fceles hervorragende Restaurants der Golden Mile in der N\u00e4he bietet, darunter Chiringuito at Puente Romano.<\/p>\n\t\t\t\t\t<h3>Kann man von Puerto Ban\u00fas entlang der K\u00fcste nach Marbella laufen?<\/h3>\n\t\t\t<p>Ja. Der Paseo Mar\u00edtimo verbindet Puerto Ban\u00fas mit der Golden Mile und dem Zentrum von Marbella.<\/p>\n\t\t\t\t\t<h3>Welche Str\u00e4nde in Marbella tragen die Blaue Flagge?<\/h3>\n\t\t\t<p>Cabopino, El Cable, El Faro, La Fontanilla, Nag\u00fceles-Casablanca, Los Monteros-Las Adelfas, San Pedro Alc\u00e1ntara-Guadalmina und Venus-Bajadilla.<\/p>\n\t\t\t<\/div>\n\n","protected":false},"excerpt":{"rendered":"<p>Von gesch\u00fctzten D\u00fcnen und langen Sandstr\u00e4nden bis zu zentralen Str\u00e4nden und Restaurants am Meer: Das sind einige der besten Str\u00e4nde in Marbella.<\/p>\n","protected":false},"author":7,"featured_media":54160,"comment_status":"closed","ping_status":"closed","sticky":false,"template":"","format":"standard","meta":{"_acf_changed":false,"footnotes":""},"categories":[39],"tags":[],"class_list":["post-54259","post","type-post","status-publish","format-standard","has-post-thumbnail","hentry","category-marbella-lifestyle-de"],"acf":[],"_links":{"self":[{"href":"https:\/\/www.panoramamarbella.com\/de\/wp-json\/wp\/v2\/posts\/54259","targetHints":{"allow":["GET"]}}],"collection":[{"href":"https:\/\/www.panoramamarbella.com\/de\/wp-json\/wp\/v2\/posts"}],"about":[{"href":"https:\/\/www.panoramamarbella.com\/de\/wp-json\/wp\/v2\/types\/post"}],"author":[{"embeddable":true,"href":"https:\/\/www.panoramamarbella.com\/de\/wp-json\/wp\/v2\/users\/7"}],"replies":[{"embeddable":true,"href":"https:\/\/www.panoramamarbella.com\/de\/wp-json\/wp\/v2\/comments?post=54259"}],"version-history":[{"count":6,"href":"https:\/\/www.panoramamarbella.com\/de\/wp-json\/wp\/v2\/posts\/54259\/revisions"}],"predecessor-version":[{"id":54292,"href":"https:\/\/www.panoramamarbella.com\/de\/wp-json\/wp\/v2\/posts\/54259\/revisions\/54292"}],"wp:featuredmedia":[{"embeddable":true,"href":"https:\/\/www.panoramamarbella.com\/de\/wp-json\/wp\/v2\/media\/54160"}],"wp:attachment":[{"href":"https:\/\/www.panoramamarbella.com\/de\/wp-json\/wp\/v2\/media?parent=54259"}],"wp:term":[{"taxonomy":"category","embeddable":true,"href":"https:\/\/www.panoramamarbella.com\/de\/wp-json\/wp\/v2\/categories?post=54259"},{"taxonomy":"post_tag","embeddable":true,"href":"https:\/\/www.panoramamarbella.com\/de\/wp-json\/wp\/v2\/tags?post=54259"}],"curies":[{"name":"wp","href":"https:\/\/api.w.org\/{rel}","templated":true}]}}