{"id":684,"date":"2023-11-24T14:18:00","date_gmt":"2023-11-24T13:18:00","guid":{"rendered":"https:\/\/www.panoramamarbella.com\/?p=684"},"modified":"2024-09-30T15:16:29","modified_gmt":"2024-09-30T13:16:29","slug":"malaga-beste-stadt-leben-arbeiten","status":"publish","type":"post","link":"https:\/\/www.panoramamarbella.com\/de\/news\/malaga-beste-stadt-leben-arbeiten","title":{"rendered":"Malaga beste Stadt zum Leben und Arbeiten im Jahr 2023"},"content":{"rendered":"\n<h2 class=\"wp-block-heading\">Malaga ist laut Expats die beste Stadt zum Leben und Arbeiten im Jahr 2023<\/h2>\n\n\n\n<p>InterNations hat unsere Hauptstadt als &#8222;Malaga beste Stadt zum Arbeiten und Leben im Jahr 2023&#8220; eingestuft. Diese Auszeichnung kr\u00f6nt M\u00e1laga nicht nur als erstklassiges Reiseziel zum Leben, sondern unterstreicht auch seine un\u00fcbertroffene Attraktivit\u00e4t als florierendes Zentrum f\u00fcr Arbeit und Produktivit\u00e4t.<\/p>\n\n\n\n<ul class=\"table-index list-unstyled p-4 p-lg-5 ms-0 bg-light\"><li class=\"text-uppercase fw-bold mb-3\">Inhaltsverzeichnis<\/li><li><a href=\"#malaga+ist+laut+expats+die+beste+stadt+zum+leben+und+arbeiten+im+jahr+2023\">\nMalaga ist laut Expats die beste Stadt zum Leben und Arbeiten im Jahr 2023\n<\/a><\/li>\n<li><a href=\"#malaga+ein+privilegierter+ort+zum+leben+und+arbeiten\">\nMalaga, ein privilegierter Ort zum Leben und Arbeiten\n<\/a><\/li>\n<li><a href=\"#nachhaltigkeit+und+lebensqualitat+malagas+engagement+fur+das+wohlbefinden\">\nNachhaltigkeit und Lebensqualit\u00e4t: Malagas Engagement f\u00fcr das Wohlbefinden\n<\/a><\/li><\/ul>\n\n\n\n<h2 class=\"wp-block-heading\">Malaga, ein privilegierter Ort zum Leben und Arbeiten<\/h2>\n\n\n\n<p>An der malerischen Costa del Sol gelegen, verbindet M\u00e1laga sein reiches kulturelles Erbe mit modernen Annehmlichkeiten und schafft so ein bezauberndes Gesamtbild, das den unterschiedlichen Bed\u00fcrfnissen seiner Bewohner gerecht wird. Von der historischen Alcazaba mit Blick auf das Mittelmeer bis hin zur zeitgen\u00f6ssischen Kunstszene, die in den Stra\u00dfen der Stadt bl\u00fcht, bietet M\u00e1laga ein harmonisches Nebeneinander von Tradition und Innovation.<\/p>\n\n\n\n<h3 class=\"wp-block-heading\">Tradition und Innovation: Der bezaubernde Wandteppich von Malaga<\/h3>\n\n\n\n<p>Der Charme der Stadt geht \u00fcber ihren \u00e4sthetischen Reiz hinaus, denn sie verf\u00fcgt \u00fcber eine starke Wirtschaft und eine einladende Atmosph\u00e4re. Die Gesch\u00e4ftsszene M\u00e1lagas ist durch eine dynamische Verschmelzung von Branchen gekennzeichnet, die ein Klima schafft, in dem Kreativit\u00e4t und Unternehmertum gedeihen.<\/p>\n\n\n\t<figure class=\"wp-caption aligncenter wp-block-acf-wpimage\">\n\t<picture><source width=\"500\" height=\"254\" srcset=\"https:\/\/media.panoramamarbella.com\/imgV1\/B95mbh8olwFQm~uCT2wPZMb8hll4wghQQQq6YWg0~c~U_DrmgY8pGP8pqaDzA6mvjyI_OPtcrHD_aKxCvYKLjbWY_x1XFrKD~wtUitt82zVEYQSoIZMS6qmwNthh_IydnAMEeLOqCnhGtMHLUfMpwpniqRSQuh1P1ndXFdGRxP4ZZ7hMo2tTTkihqgaoAtemzHRhDFIqWw--.webp 500w\" type=\"image\/webp\"><img decoding=\"async\" class=\"img-fluid\" loading=\"lazy\" width=\"500\" height=\"254\" alt=\"Malaga beste Stadt zum Leben und Arbeiten im Jahr 2023\" src=\"https:\/\/media.panoramamarbella.com\/imgV1\/B95mbh8olwFQm~uCT2wPZMb8hll4wghQQQq6YWg0~c~U_DrmgY8pGP8pqaDzA6mvjyI_OPtcrHD_aKxCvYKLjbWY_x1XFrKD~wtUitt82zVEYQSoIZMS6qmwNthh_IydnAMEeLOqCnhGtMHLUfMpwpniqQqz1x5_zrTOjsCJ6bZd1~gg.webp\"><\/picture>\t\t\t<figcaption class=\"wp-caption-text\">\n\t\tPanoramablick auf Malaga\t\t<\/figcaption>\n\t\t\t<\/figure>\n\t\n\n\n<h3 class=\"wp-block-heading\">Bl\u00fchende Wirtschaft in Malaga: eine starke Wirtschaft und ein einladendes Umfeld<\/h3>\n\n\n\n<p>M\u00e1lagas Engagement f\u00fcr Nachhaltigkeit und Lebensqualit\u00e4t ist nicht unbemerkt geblieben, da die Stadt kontinuierlich in Gr\u00fcnfl\u00e4chen, effiziente \u00f6ffentliche Verkehrsmittel und Initiativen zur F\u00f6rderung des Wohlbefindens der Bev\u00f6lkerung investiert. Das Engagement f\u00fcr einen ausgewogenen Lebensstil, gepaart mit einem mediterranen Klima, das das ganze Jahr \u00fcber zu Aktivit\u00e4ten im Freien einl\u00e4dt, tr\u00e4gt dazu bei, dass die Stadt ein idyllischer Ort ist, an dem man sich wohlf\u00fchlt.<\/p>\n\n\n\n<h2 class=\"wp-block-heading\">Nachhaltigkeit und Lebensqualit\u00e4t: Malagas Engagement f\u00fcr das Wohlbefinden<\/h2>\n\n\n\n<p>Der Aufstieg M\u00e1lagas an die Spitze der Liste der weltbesten St\u00e4dte zum Leben und Arbeiten wird weltweit anerkannt. Die Stadt ist eine perfekte Verbindung von Geschichte und Fortschritt und damit ein weltweites Beispiel f\u00fcr alle, die ein erf\u00fclltes und erfolgreiches Leben suchen.<\/p>\n\n\n\n<p>Urspr\u00fcngliche Quelle: <a href=\"https:\/\/www.forbes.com\/sites\/laurabegleybloom\/2023\/11\/19\/ranked-the-worlds-20-best-cities-to-live-according-to-expats\/\" data-type=\"link\" data-id=\"https:\/\/www.forbes.com\/sites\/laurabegleybloom\/2023\/11\/19\/ranked-the-worlds-20-best-cities-to-live-according-to-expats\/\" target=\"_blank\" rel=\"noopener\">Lesen Sie den vollst\u00e4ndigen Artikel<\/a>, der am 19. November 2023 von Forbes ver\u00f6ffentlicht wurde, hier.<\/p>\n","protected":false},"excerpt":{"rendered":"<p>InterNations &#8211; die gr\u00f6\u00dfte globale Gemeinschaft f\u00fcr Menschen, die im Ausland leben und arbeiten &#8211; hat gerade ihren Jahresbericht ver\u00f6ffentlicht, in dem M\u00e1laga, Spanien, als die beste Stadt zum Arbeiten und Leben im Jahr 2023 eingestuft wird. Lesen Sie einige der Tipps, die diese ber\u00fchmte Gemeinschaft dazu bewogen haben, M\u00e1laga zu w\u00e4hlen.<\/p>\n","protected":false},"author":8,"featured_media":670,"comment_status":"closed","ping_status":"closed","sticky":false,"template":"","format":"standard","meta":{"_acf_changed":false,"footnotes":""},"categories":[2],"tags":[32],"class_list":["post-684","post","type-post","status-publish","format-standard","has-post-thumbnail","hentry","category-panorama-de","tag-cpt"],"acf":[],"_links":{"self":[{"href":"https:\/\/www.panoramamarbella.com\/de\/wp-json\/wp\/v2\/posts\/684","targetHints":{"allow":["GET"]}}],"collection":[{"href":"https:\/\/www.panoramamarbella.com\/de\/wp-json\/wp\/v2\/posts"}],"about":[{"href":"https:\/\/www.panoramamarbella.com\/de\/wp-json\/wp\/v2\/types\/post"}],"author":[{"embeddable":true,"href":"https:\/\/www.panoramamarbella.com\/de\/wp-json\/wp\/v2\/users\/8"}],"replies":[{"embeddable":true,"href":"https:\/\/www.panoramamarbella.com\/de\/wp-json\/wp\/v2\/comments?post=684"}],"version-history":[{"count":1,"href":"https:\/\/www.panoramamarbella.com\/de\/wp-json\/wp\/v2\/posts\/684\/revisions"}],"predecessor-version":[{"id":7352,"href":"https:\/\/www.panoramamarbella.com\/de\/wp-json\/wp\/v2\/posts\/684\/revisions\/7352"}],"wp:featuredmedia":[{"embeddable":true,"href":"https:\/\/www.panoramamarbella.com\/de\/wp-json\/wp\/v2\/media\/670"}],"wp:attachment":[{"href":"https:\/\/www.panoramamarbella.com\/de\/wp-json\/wp\/v2\/media?parent=684"}],"wp:term":[{"taxonomy":"category","embeddable":true,"href":"https:\/\/www.panoramamarbella.com\/de\/wp-json\/wp\/v2\/categories?post=684"},{"taxonomy":"post_tag","embeddable":true,"href":"https:\/\/www.panoramamarbella.com\/de\/wp-json\/wp\/v2\/tags?post=684"}],"curies":[{"name":"wp","href":"https:\/\/api.w.org\/{rel}","templated":true}]}}