{"id":8903,"date":"2024-11-18T15:09:28","date_gmt":"2024-11-18T14:09:28","guid":{"rendered":"https:\/\/www.panoramamarbella.com\/news\/marbellas-best-winter-sun-spots"},"modified":"2024-11-19T15:36:22","modified_gmt":"2024-11-19T14:36:22","slug":"marbellas-besten-winter-sonnenplatzen","status":"publish","type":"post","link":"https:\/\/www.panoramamarbella.com\/de\/news\/marbellas-besten-winter-sonnenplatzen","title":{"rendered":"Ein Insider-Guide zu Marbellas besten Winter-Sonnenpl\u00e4tzen"},"content":{"rendered":"\n\n<h2 class=\"wp-block-heading\">Winter in Marbella<\/h2>\n\n\n<div class=\"lead\"><p>Der Winter in Marbella ist eine Jahreszeit wie keine andere. Wenn du die besten Orte suchst, um die Wintersonne zu genie\u00dfen, bist du hier genau richtig. W\u00e4hrend der Gro\u00dfteil Europas mit frostigen Temperaturen und grauen Wolken k\u00e4mpft, verw\u00f6hnt Marbella dich mit einem milden Klima und reichlich Sonnenschein.<\/p>\n<\/div>\n\n\n<ul class=\"table-index list-unstyled p-4 p-lg-5 ms-0 bg-light\"><li class=\"text-uppercase fw-bold mb-3\">Inhaltsverzeichnis<\/li><li><a href=\"#winter+in+marbella\">\nWinter in Marbella\n<\/a><\/li>\n<li><a href=\"#das+winterwetter+in+marbella+was+erwartet+dich\">\nDas Winterwetter in Marbella: Was erwartet dich?\n<\/a><\/li>\n<li><a href=\"#marbellas+schatze+unter+freiem+himmel\">\nMarbellas Sch\u00e4tze unter freiem Himmel\n<\/a><\/li>\n<li><a href=\"#tipps+um+die+wintersonne+in+marbella+zu+geniessen\">\nTipps, um die Wintersonne in Marbella zu genie\u00dfen\n<\/a><\/li>\n<li><a href=\"#restaurants+in+marbella+perfekt+fur+die+wintersonne\">\nRestaurants in Marbella, perfekt f\u00fcr die Wintersonne\n<\/a><\/li>\n<li><a href=\"#fazit\">\nFazit\n<\/a><\/li><\/ul>\n\n\n\n<h2 class=\"wp-block-heading\">Das Winterwetter in Marbella: Was erwartet dich?<\/h2>\n\n\n\t<figure class=\"wp-caption alignright wp-block-acf-wpimage\">\n\t<picture><source width=\"600\" height=\"467\" srcset=\"https:\/\/media.panoramamarbella.com\/imgV1\/B95mbh8olwFQm~uCT2wPZMb8hll4wghQQQq6YWg0~c~U_DrmgY8pGP8pqaDzA6mvjyI_OPtcrHD_aKxCvYPlv4tXSOxIeHKfwn3Aaw~_IPTqFpCLuTKXoIh17gXniN~1tikFtzapjksZdiSPlVkrVMa6_CnuPHBRcAY5qkBho0FpWpoiAc~uIvo_wVIPVxQ-.webp 600w\" type=\"image\/webp\"><img decoding=\"async\" class=\"img-fluid\" loading=\"lazy\" width=\"600\" height=\"467\" alt=\"Einen Kaffee in der Wintersonne von Marbella trinken\" src=\"https:\/\/media.panoramamarbella.com\/imgV1\/B95mbh8olwFQm~uCT2wPZMb8hll4wghQQQq6YWg0~c~U_DrmgY8pGP8pqaDzA6mvjyI_OPtcrHD_aKxCvYPlv4tXSOxIeHKfwn3Aaw~_IPTqFpCLuTKXoIh17gXniN~1tikFtzapjksZdiSRojd_1VcBBClsH~2jwkLN4A--.jpg\"><\/picture>\t\t<\/figure>\n\t\n\n\n<p><br>Das Winterklima in Marbella ist bekannt f\u00fcr seine Milde, mit durchschnittlichen Tagestemperaturen von 16 \u00b0C bis 19 \u00b0C (60 \u00b0F bis 66 \u00b0F) von Dezember bis Februar. Dank des vielen Sonnenscheins und des einzigartigen Mikroklimas der Stadt, das durch die sch\u00fctzenden Berge der Sierra Blanca geschaffen wird, f\u00fchlt es sich oft sogar noch w\u00e4rmer an.<\/p>\n\n\n\n<p class=\"clearfix\">Diese nat\u00fcrliche Barriere sch\u00fctzt Marbella vor den kalten Nordwinden und sorgt f\u00fcr stabilere und angenehmere Temperaturen.<\/p>\n\n\n\n<h3 class=\"wp-block-heading\">Sonnenstunden.<\/h3>\n\n\n\n<p><br>Marbella genie\u00dft im Winter durchschnittlich 5-6 Stunden Sonnenschein pro Tag \u2013 weit mehr als die meisten St\u00e4dte in Nordeuropa. An den meisten Tagen strahlt die Sonne von sp\u00e4t am Morgen bis in den Nachmittag hinein und l\u00e4sst selbst den tiefsten Winter wie Fr\u00fchling wirken.<\/p>\n\n\n\n<h3 class=\"wp-block-heading\">Die Wirkung von Wind und Mikroklima.<\/h3>\n\n\n\n<p><br>Einer der besten Aspekte des Winters in Marbella ist, dass an windstillen Tagen die W\u00e4rme der Sonne das Sonnenbaden angenehm macht. Sogar im Januar, wenn es in Europa am k\u00e4ltesten ist, kann sich die K\u00fcste Marbellas angenehm warm anf\u00fchlen. Diese Milde nimmt zwar etwas ab, je weiter man ins Landesinnere geht, aber selbst die Regionen um Marbella sind immer noch deutlich w\u00e4rmer als die durchschnittlichen europ\u00e4ischen Wintertemperaturen.<\/p>\n\n\n\n<h5 class=\"wp-block-heading\">Unten siehst du eine Grafik, die die durchschnittlichen Wintertemperaturen in Marbella zeigt und die Unterschiede zwischen den K\u00fcstengebieten und den etwas weiter im Landesinneren liegenden Orten veranschaulicht.<\/h5>\n\n\n\t<figure class=\"wp-caption aligncenter wp-block-acf-wpimage\">\n\t<picture><source width=\"900\" height=\"602\" srcset=\"https:\/\/media.panoramamarbella.com\/imgV1\/B95mbh8olwFQm~uCT2wPZMb8hll4wghQQQq6YWg0~c~U_DrmgY8pGP8pqaDzA6mvjyI_OPtcrHD_aKxCvYPlv4_LowXOkdHrxjpJK_3chacz2s4FHa8Kgdim2ULVChRVUZS3KhN9ro0Ryep9HK~Yf7l_fzEkjCR5AzHfecI1sHJuIAm98_a4_YRmFyjd4Q--.webp 900w\" type=\"image\/webp\"><img decoding=\"async\" class=\"img-fluid\" loading=\"lazy\" width=\"900\" height=\"602\" alt=\"Winterklima in Marbella: Durchschnittliche H\u00f6chsttemperaturen\" src=\"https:\/\/media.panoramamarbella.com\/imgV1\/B95mbh8olwFQm~uCT2wPZMb8hll4wghQQQq6YWg0~c~U_DrmgY8pGP8pqaDzA6mvjyI_OPtcrHD_aKxCvYPlv4_LowXOkdHrxjpJK_3chacz2s4FHa8Kgdim2ULVChRVUZS3KhN9ro0RyfTPQX5PsANlYUhM83msEXPW.jpg\"><\/picture>\t\t\t<figcaption class=\"wp-caption-text\">\n\t\tWinterklima in Marbella: Durchschnittliche H\u00f6chsttemperaturen\t\t<\/figcaption>\n\t\t\t<\/figure>\n\t\n\n\n<h2 class=\"wp-block-heading\">Marbellas Sch\u00e4tze unter freiem Himmel<\/h2>\n\n\n\n<p>Hier ist ein Insider-Guide, um die Freiluft-Sch\u00e4tze Marbellas zu genie\u00dfen \u2013 von malerischen Orten bis hin zu kulinarischen Erlebnissen mit Aussicht.<\/p>\n\n\n\t<figure class=\"wp-caption aligncenter wp-block-acf-wpimage\">\n\t<picture><source width=\"900\" height=\"600\" srcset=\"https:\/\/media.panoramamarbella.com\/imgV1\/B95mbh8olwFQm~uCT2wPZMb8hll4wghQQQq6YWg0~c~U_DrmgY8pGP8pqaDzA6mvjyI_OPtcrHD_aKxCvYPlv4RXr5ZaC9DirchfAXJrPHdexBLtWqGd8r2_MtITdGHjlrYZc7RZnmOv2YfJlBZDf2~0Puuao9qCBQ83Ka~~rB_Z5Dx5dBw9TyS_ebej8xBJ.webp 900w\" type=\"image\/webp\"><img decoding=\"async\" class=\"img-fluid\" loading=\"lazy\" width=\"900\" height=\"600\" alt=\"Der Berg La Concha in Marbella\" src=\"https:\/\/media.panoramamarbella.com\/imgV1\/B95mbh8olwFQm~uCT2wPZMb8hll4wghQQQq6YWg0~c~U_DrmgY8pGP8pqaDzA6mvjyI_OPtcrHD_aKxCvYPlv4RXr5ZaC9DirchfAXJrPHdexBLtWqGd8r2_MtITdGHjlrYZc7RZnmOv2YfJioS2VSMLOOwJey8y7V8VkWM-.jpg\"><\/picture>\t\t<\/figure>\n\t\n\n\n<h3 class=\"wp-block-heading\">1. La Concha Berg.<\/h3>\n\n\n\n<p>Eines der bekanntesten Wahrzeichen Marbellas, der La Concha Berg, bietet unvergleichliche Ausblicke und Sonnenschein, selbst im Winter. Die Wanderung zum Gipfel geh\u00f6rt zu den Lieblingsaktivit\u00e4ten von Einheimischen und Besuchern gleicherma\u00dfen. Der Aufstieg wird mit spektakul\u00e4ren Panoramablicken auf die K\u00fcste belohnt. F\u00fcr ein entspannteres Erlebnis laden die sanften H\u00e4nge und umliegenden Pfade dazu ein, die Sonne und die beeindruckende Landschaft in vollen Z\u00fcgen zu genie\u00dfen.<\/p>\n\n\n\n<h3 class=\"wp-block-heading\">2. Plaza de los Naranjos (Orangenplatz).<\/h3>\n\n\n\n<p>Im Herzen der Altstadt von Marbella liegt die Plaza de los Naranjos, ein bezaubernder Platz mit Orangenb\u00e4umen und lebhaften Caf\u00e9s. Im Winter taucht die Sonne den Platz in ein angenehmes, warmes Licht \u2013 perfekt, um einen Kaffee oder eine Mahlzeit unter freiem Himmel zu genie\u00dfen, umgeben von traditioneller spanischer Architektur. Entdecken Sie die engen Gassen rund um den Platz, wo Sie Boutique-L\u00e4den, Kunstgalerien und einen Hauch von Marbellas Geschichte finden.<\/p>\n\n\n\t<figure class=\"wp-caption aligncenter wp-block-acf-wpimage\">\n\t<picture><source width=\"900\" height=\"600\" srcset=\"https:\/\/media.panoramamarbella.com\/imgV1\/B95mbh8olwFQm~uCT2wPZMb8hll4wghQQQq6YWg0~c~U_DrmgY8pGP8pqaDzA6mvjyI_OPtcrHD_aKxCvYPlv5h_YubcEHod8d2Uy~JOLyqAey1ciFJXtMuLR~nfKA_ifp70zpiElJcsZPXMCGT9eSzDhUFBNkTRGxXlNhoumzrUnWoa3fM0ZUnecUb~5QBN.webp 900w\" type=\"image\/webp\"><img decoding=\"async\" class=\"img-fluid\" loading=\"lazy\" width=\"900\" height=\"600\" alt=\"Puerto Ban\u00fas Strand\" src=\"https:\/\/media.panoramamarbella.com\/imgV1\/B95mbh8olwFQm~uCT2wPZMb8hll4wghQQQq6YWg0~c~U_DrmgY8pGP8pqaDzA6mvjyI_OPtcrHD_aKxCvYPlv5h_YubcEHod8d2Uy~JOLyqAey1ciFJXtMuLR~nfKA_ifp70zpiElJcsZPXMFg429nRZGmDFQ2Cr8Me1jys-.jpg\"><\/picture>\t\t<\/figure>\n\t\n\n\n<h3 class=\"wp-block-heading\">3. Puerto Ban\u00fas Marina.<\/h3>\n\n\n\n<p><a href=\"https:\/\/www.panoramamarbella.com\/de\/gegenden\/puerto-banus\">Puerto Ban\u00fas<\/a> ist bekannt f\u00fcr seine luxuri\u00f6sen Yachten und das Nachtleben, aber auch tags\u00fcber im Winter ein fantastischer Ort. Die Marina besticht durch eine sch\u00f6ne Promenade, ges\u00e4umt von Gesch\u00e4ften, Restaurants und Caf\u00e9s \u2013 ideal, um die Sonne zu genie\u00dfen und das Treiben zu beobachten. Die entspannte Atmosph\u00e4re und die funkelnde Marina schaffen eine perfekte Kulisse f\u00fcr eine Pause am Mittag.<\/p>\n\n\n\n<h3 class=\"wp-block-heading\">4. Dunas de Artola (Cabopino-Strand).<\/h3>\n\n\n\n<p>Der Cabopino-Strand und die angrenzenden Artola-D\u00fcnen sind nat\u00fcrliche Juwelen, gesch\u00fctzt vor Bebauung und ideal f\u00fcr einen Winterausflug an den Strand. Der breite Sandstrand und die ruhige Atmosph\u00e4re machen diesen Ort zu einem Favoriten f\u00fcr Sonnenanbeter, selbst im Winter. Die D\u00fcnen sind von Holzstegen durchzogen, die zu einem sonnigen und malerischen Spaziergang am Meer einladen.<\/p>\n\n\n\n<p>Besuchen Sie eines der Chiringuitos, die das ganze Jahr \u00fcber ge\u00f6ffnet sind und fantastische, frische Meeresfr\u00fcchte anbieten.<\/p>\n\n\n\t<figure class=\"wp-caption aligncenter wp-block-acf-wpimage\">\n\t<picture><source width=\"900\" height=\"490\" srcset=\"https:\/\/media.panoramamarbella.com\/imgV1\/B95mbh8olwFQm~uCT2wPZMb8hll4wghQQQq6YWg0~c~U_DrmgY8pGP8pqaDzA6mvjyI_OPtcrHD_aKxCvYPlv4USTiHxTv3ssr1KQzX_uNF82Eo77Ja2VYnw6phPXMHBKYAYyoMaGWzOloCjE0aGGu4BcxrsuoM3Y79j9aKWxzFaxna9ulr~M~CZW2D2KiIMapg-.webp 900w\" type=\"image\/webp\"><img decoding=\"async\" class=\"img-fluid\" loading=\"lazy\" width=\"900\" height=\"490\" alt=\"Marbella Goldene Meile Bereich\" src=\"https:\/\/media.panoramamarbella.com\/imgV1\/B95mbh8olwFQm~uCT2wPZMb8hll4wghQQQq6YWg0~c~U_DrmgY8pGP8pqaDzA6mvjyI_OPtcrHD_aKxCvYPlv4USTiHxTv3ssr1KQzX_uNF82Eo77Ja2VYnw6phPXMHBKYAYyoMaGWzOloCjE0aYYCNUhDYL3l_1snmVeQ_atg--.jpg\"><\/picture>\t\t<\/figure>\n\t\n\n\n<h3 class=\"wp-block-heading\">5. Die Goldene Meile von Marbella.<\/h3>\n\n\n\n<p>Die <a href=\"https:\/\/www.panoramamarbella.com\/de\/gegenden\/marbella-goldene-meile\">Goldene Meile von Marbella<\/a>, die Marbella mit <a href=\"https:\/\/www.panoramamarbella.com\/de\/gegenden\/puerto-banus\">Puerto Ban\u00fas<\/a> verbindet, ist ges\u00e4umt von Palmen, <a href=\"https:\/\/www.panoramamarbella.com\/de\/immobilien\/villen\/luxus\">luxuri\u00f6sen Villen<\/a> und Meerblick. Ein Spaziergang entlang der Promenade ist eine perfekte M\u00f6glichkeit, die Wintersonne Marbellas zu genie\u00dfen. Zahlreiche Caf\u00e9s und Restaurants entlang der Route bieten Sitzpl\u00e4tze im Freien, ideal zum Entspannen und Sonnenbaden. Besuchen Sie einen der exklusiven Beach Clubs wie das ber\u00fchmte <a href=\"https:\/\/www.panoramamarbella.com\/de\/gegenden\/marbella-goldene-meile\/puente-romano\">Puente Romano<\/a> oder das Marbella Club Hotel f\u00fcr ein k\u00f6stliches Mittagessen mit Aussicht. Ihre sonnigen Terrassen sind ideal f\u00fcr Wintertage und bieten W\u00e4rme und spektakul\u00e4re Landschaften.<\/p>\n\n\n\t<figure class=\"wp-caption aligncenter wp-block-acf-wpimage\">\n\t<picture><source width=\"900\" height=\"600\" srcset=\"https:\/\/media.panoramamarbella.com\/imgV1\/B95mbh8olwFQm~uCT2wPZMb8hll4wghQQQq6YWg0~c~U_DrmgY8pGP8pqaDzA6mvjyI_OPtcrHD_aKxCvYPlv5uRS2OB~u5u5HlofnQHZ3yBjPvv~ry7eDHu0wM6YgQDxFwuNWNMMmchKC8Ndpd2tJfAShstxC~vLubMBmDLPA5wlrIOCDunGXpjeeX719o-.webp 900w\" type=\"image\/webp\"><img decoding=\"async\" class=\"img-fluid\" loading=\"lazy\" width=\"900\" height=\"600\" alt=\"Bulevar in San Pedro de Alc\u00e1ntara\" src=\"https:\/\/media.panoramamarbella.com\/imgV1\/B95mbh8olwFQm~uCT2wPZMb8hll4wghQQQq6YWg0~c~U_DrmgY8pGP8pqaDzA6mvjyI_OPtcrHD_aKxCvYPlv5uRS2OB~u5u5HlofnQHZ3yBjPvv~ry7eDHu0wM6YgQDxFwuNWNMMmchKC8TohpKnlApJhlOmBfIC_uLVw--.jpg\"><\/picture>\t\t<\/figure>\n\t\n\n\n<h3 class=\"wp-block-heading\">6. Bulevar San Pedro Alc\u00e1ntara.<\/h3>\n\n\n\n<p>Die Stadt <a href=\"https:\/\/www.panoramamarbella.com\/de\/gegenden\/san-pedro-de-alcantara\">San Pedro Alc\u00e1ntara<\/a>, nur eine kurze Autofahrt von Marbella entfernt, hat ihren ganz eigenen Charme, besonders entlang des Bulevar San Pedro. Diese fu\u00dfg\u00e4ngerfreundliche Promenade ist ideal f\u00fcr einen familienfreundlichen Tagesausflug, mit Caf\u00e9s und Spielpl\u00e4tzen entlang des Weges. Die sonnigen, offenen R\u00e4ume laden dazu ein, zu spazieren, sich zu entspannen und die Winterw\u00e4rme Marbellas zu genie\u00dfen. Zahlreiche Caf\u00e9s mit Au\u00dfenbereichen bieten Eltern die M\u00f6glichkeit, einen Kaffee zu genie\u00dfen, w\u00e4hrend Kinder in einem der nahegelegenen Spielpl\u00e4tze spielen.<\/p>\n\n\n\t<figure class=\"wp-caption aligncenter wp-block-acf-wpimage\">\n\t<picture><source width=\"900\" height=\"601\" srcset=\"https:\/\/media.panoramamarbella.com\/imgV1\/B95mbh8olwFQm~uCT2wPZMb8hll4wghQQQq6YWg0~c~U_DrmgY8pGP8pqaDzA6mvjyI_OPtcrHD_aKxCvYPlv4USTiHxTv3ssrhA_anfOLvzzlXEVW_lA~Qaqv63AiBQkifvIezRX_Y6HMjEj8z4VRPDq6qTq_WIdKpF8nSVSpPB6O7m92WQnIlkAMs-.webp 900w\" type=\"image\/webp\"><img decoding=\"async\" class=\"img-fluid\" loading=\"lazy\" width=\"900\" height=\"601\" alt=\"Genie\u00dfen Sie den Strand von Marbella im Winter\" src=\"https:\/\/media.panoramamarbella.com\/imgV1\/B95mbh8olwFQm~uCT2wPZMb8hll4wghQQQq6YWg0~c~U_DrmgY8pGP8pqaDzA6mvjyI_OPtcrHD_aKxCvYPlv4USTiHxTv3ssrhA_anfOLvzzlXEVW_lA~Qaqv63AiBQkifvIezRX_YkVuRUIEgijdfpZLaWNfyHUA--.jpg\"><\/picture>\t\t<\/figure>\n\t\n\n\n<h3 class=\"wp-block-heading\">7. Los Monteros Beach.<\/h3>\n\n\n\n<p>F\u00fcr ein ruhiges und entspanntes Stranderlebnis besuchen Sie den Los Monteros Beach. Weniger bekannt als andere Str\u00e4nde in Marbella, bietet er einen friedlichen R\u00fcckzugsort f\u00fcr Wintersonnenliebhaber. Mit atemberaubenden Ausblicken auf die Berge und das Meer ist dieser Strand perfekt f\u00fcr einen entspannten Tag mit einem Buch oder einen sanften Spaziergang entlang des Wassers. Der luxuri\u00f6se La Cabane Beach Club bei Los Monteros bietet k\u00f6stliche Mahlzeiten am Pool oder Drinks, falls Sie sich etwas g\u00f6nnen m\u00f6chten.<\/p>\n\n\n\n<h2 class=\"wp-block-heading\">Tipps, um die Wintersonne in Marbella zu genie\u00dfen<\/h2>\n\n\n\n<h3 class=\"wp-block-heading\">Ziehen Sie sich in Schichten an.<\/h3>\n\n\n\n<p>Obwohl die Sonne warm ist, k\u00f6nnen die Morgen und Abende k\u00fchl sein. Packen Sie daher eine leichte Jacke oder einen Pullover ein. \u201eZwiebellook\u201c ist das Geheimnis, um sich gut zu kleiden und sich in Marbellas Wintermonaten wohlzuf\u00fchlen.<\/p>\n\n\n\n<h3 class=\"wp-block-heading\">Essen im Freien.<\/h3>\n\n\n\n<p>Vergessen Sie nicht, dass viele Restaurants beheizte Terrassen haben, sodass das Essen im Freien auch nach Sonnenuntergang angenehm bleibt.<\/p>\n\n\n\n<h3 class=\"wp-block-heading\">Sonnenuntergangszeiten pr\u00fcfen.<\/h3>\n\n\n\n<p>Die Tage sind im Winter k\u00fcrzer, planen Sie also Ihre Aktivit\u00e4ten, um das Beste aus dem Tageslicht herauszuholen.<\/p>\n\n\n\t<figure class=\"wp-caption aligncenter wp-block-acf-wpimage\">\n\t<picture><source width=\"900\" height=\"601\" srcset=\"https:\/\/media.panoramamarbella.com\/imgV1\/B95mbh8olwFQm~uCT2wPZMb8hll4wghQQQq6YWg0~c~U_DrmgY8pGP8pqaDzA6mvjyI_OPtcrHD_aKxCvYPlv4wgv7xH5hxFooHs9GBHEjlOlEXgDSf_pHOwjbftPESMgW~LaS5S4jbWQXOzNV6ab4HcLUVdIXacjQR6BvuOPjbVqk3sTC44~4QPFKoFoAC3dg--.webp 900w\" type=\"image\/webp\"><img decoding=\"async\" class=\"img-fluid\" loading=\"lazy\" width=\"900\" height=\"601\" alt=\"Dining in Marbella Beach\" src=\"https:\/\/media.panoramamarbella.com\/imgV1\/B95mbh8olwFQm~uCT2wPZMb8hll4wghQQQq6YWg0~c~U_DrmgY8pGP8pqaDzA6mvjyI_OPtcrHD_aKxCvYPlv4wgv7xH5hxFooHs9GBHEjlOlEXgDSf_pHOwjbftPESMgW~LaS5S4jbWQXOzNUDUPEUCMvfjIf9KGaU2PBCY.jpg\"><\/picture>\t\t<\/figure>\n\t\n\n\n<h2 class=\"wp-block-heading\">Restaurants in Marbella, perfekt f\u00fcr die Wintersonne<\/h2>\n\n\n\n<p>Diese Restaurants bieten nicht nur hervorragendes Essen, sondern auch einige der besten Aussichten in Marbella. Sie erm\u00f6glichen es Ihnen, die sonnigen Wintertage optimal zu nutzen. Genie\u00dfen Sie die Sonne, lassen Sie sich das Essen schmecken und bewundern Sie die Aussicht \u2013 es gibt keinen besseren Weg, um die Wintermagie Marbellas zu erleben!<\/p>\n\n\n\n<h3 class=\"wp-block-heading\">The Beach House Marbella.<\/h3>\n\n\n\t<figure class=\"wp-caption alignleft wp-block-acf-wpimage\">\n\t<picture><source width=\"600\" height=\"600\" srcset=\"https:\/\/media.panoramamarbella.com\/imgV1\/B95mbh8olwFQm~uCT2wPZMb8hll4wghQQQq6YWg0~c~U_DrmgY8pGP8pqaDzA6mvjyI_OPtcrHD_aKxCvYPlv5y6tBOSCFw0MW2GReL6lBmhlEXcJPyDYmfUf1ZQIaapsGyENcjym8lnaGhJv_KdZRRhGD1ZeuDRmSMwXoQYV0TTaqIh3yFG5Rtlbm23.webp 600w\" type=\"image\/webp\"><img decoding=\"async\" class=\"img-fluid\" loading=\"lazy\" width=\"600\" height=\"600\" alt=\"The Beach House\" src=\"https:\/\/media.panoramamarbella.com\/imgV1\/B95mbh8olwFQm~uCT2wPZMb8hll4wghQQQq6YWg0~c~U_DrmgY8pGP8pqaDzA6mvjyI_OPtcrHD_aKxCvYPlv5y6tBOSCFw0MW2GReL6lBmhlEXcJPyDYmfUf1ZQIaapsGyENcjym8lndjvgMp7MlnJVzxJ6Vs7cttg-.jpg\"><\/picture>\t\t<\/figure>\n\t\n\n\n<p><strong>Standort:<\/strong> Strand von Elviria.<\/p>\n\n\n\n<p><strong>Stimmung:<\/strong> Legere Eleganz direkt am Strand.<\/p>\n\n\n\n<p><strong>Unbedingt probieren:<\/strong> Gegrillter Wolfsbarsch und Signature-Cocktails.<\/p>\n\n\n\n<p class=\"clearfix\"><strong>Besonderheiten:<\/strong> Dieses Restaurant am Strand ist bekannt f\u00fcr seine entspannte Atmosph\u00e4re und die atemberaubende Aussicht auf das Mittelmeer. Mit Sitzpl\u00e4tzen direkt im Sand ist es der perfekte Ort, um die Wintersonne zu genie\u00dfen. Und wenn die Sonne untergeht und es k\u00fchler wird, l\u00e4dt drinnen ein gem\u00fctlicher Kamin zum Verweilen ein.<\/p>\n\n\n\n<p><br>The Beach House bietet eine Vielfalt an mediterranen und internationalen Gerichten, mit einem besonderen Fokus auf frische Meeresfr\u00fcchte.<\/p>\n\n\n\n<h3 class=\"wp-block-heading\">Puente Romano Beach Resort \u2013 Sea Grill.<\/h3>\n\n\n\t<figure class=\"wp-caption alignleft wp-block-acf-wpimage\">\n\t<picture><source width=\"600\" height=\"600\" srcset=\"https:\/\/media.panoramamarbella.com\/imgV1\/B95mbh8olwFQm~uCT2wPZMb8hll4wghQQQq6YWg0~c~U_DrmgY8pGP8pqaDzA6mvjyI_OPtcrHD_aKxCvYPlv5uVu3sLGkZB_UlxJSzxav_TkvP_3LtcU~RXo4~T0WfZk6s044DBBMBhiX3eTqj4grFbbXVECuGA5F9tnF4nEULcbo2Fhg65.webp 600w\" type=\"image\/webp\"><img decoding=\"async\" class=\"img-fluid\" loading=\"lazy\" width=\"600\" height=\"600\" alt=\"Sea Grill Puente Romano\" src=\"https:\/\/media.panoramamarbella.com\/imgV1\/B95mbh8olwFQm~uCT2wPZMb8hll4wghQQQq6YWg0~c~U_DrmgY8pGP8pqaDzA6mvjyI_OPtcrHD_aKxCvYPlv5uVu3sLGkZB_UlxJSzxav_TkvP_3LtcU~RXo4~T0WfZk6s0~faddNnKO4Q2IXqt0ylh9lQ-.jpg\"><\/picture>\t\t<\/figure>\n\t\n\n\n<p><strong>Standort:<\/strong> Im Zentrum der <a href=\"https:\/\/www.panoramamarbella.com\/de\/gegenden\/marbella-goldene-meile\">Goldenen Meile von Marbella<\/a>.<\/p>\n\n\n\n<p><strong>Stimmung:<\/strong> Luxuri\u00f6s und stilvoll.<\/p>\n\n\n\n<p><strong>Unbedingt probieren:<\/strong> Austern, Paella und die frischen Meeresfr\u00fcchte-Platten.<\/p>\n\n\n\n<p class=\"clearfix\"><strong>Besonderheiten:<\/strong> Im renommierten <a href=\"https:\/\/www.panoramamarbella.com\/de\/gegenden\/marbella-goldene-meile\/puente-romano\">Puente Romano<\/a> Beach Resort gelegen, bietet der Sea Grill ein gehobenes Outdoor-Dining-Erlebnis mit spektakul\u00e4rem Meerblick. Die elegante Atmosph\u00e4re mit beheizten Terrassen und stilvollem Design macht es ideal f\u00fcr ein sonniges Mittag- oder Abendessen im Winter.<\/p>\n\n\n\n<p><br>Der Sea Grill ist ber\u00fchmt f\u00fcr seine Meeresfr\u00fcchte, insbesondere f\u00fcr die \u00fcber Holzkohle gegrillten Fische.<\/p>\n\n\n\n<h3 class=\"wp-block-heading\">Trocadero Playa.<\/h3>\n\n\n\t<figure class=\"wp-caption alignleft wp-block-acf-wpimage\">\n\t<picture><source width=\"600\" height=\"600\" srcset=\"https:\/\/media.panoramamarbella.com\/imgV1\/B95mbh8olwFQm~uCT2wPZMb8hll4wghQQQq6YWg0~c~U_DrmgY8pGP8pqaDzA6mvjyI_OPtcrHD_aKxCvYPlv5ygSBYUIq3t1rbZXps4pj~abLmdHdfGGqvvz8ZGnh~ExRRRHFRGimYCPAdURpXTCz~JWN2biDAvjzRkDrf8PdZzy4XSLvXLsbvb9JQB.webp 600w\" type=\"image\/webp\"><img decoding=\"async\" class=\"img-fluid\" loading=\"lazy\" width=\"600\" height=\"600\" alt=\"Trocadero Playa\" src=\"https:\/\/media.panoramamarbella.com\/imgV1\/B95mbh8olwFQm~uCT2wPZMb8hll4wghQQQq6YWg0~c~U_DrmgY8pGP8pqaDzA6mvjyI_OPtcrHD_aKxCvYPlv5ygSBYUIq3t1rbZXps4pj~abLmdHdfGGqvvz8ZGnh~ExRRRHFRGimYCIgmYX7B9veT~HiuMdTJwecM-.jpg\"><\/picture>\t\t<\/figure>\n\t\n\n\n<p><strong>Standort:<\/strong> Marbella Ost.<\/p>\n\n\n\n<p><strong>Stimmung:<\/strong> Rustikal-schicker Beachclub.<\/p>\n\n\n\n<p><strong>Unbedingt probieren:<\/strong> Thunfisch-Tataki, gegrillten Oktopus und Signature-Cocktails.<\/p>\n\n\n\n<p class=\"clearfix\"><strong>Besonderheiten:<\/strong> Trocadero Playa ist ein beliebter Ort direkt am Meer, der mediterrane und tropische Vibes verbindet. Mit Strohd\u00e4chern, bequemen Sofas und einer traumhaften Aussicht auf das Meer ist es der perfekte Ort f\u00fcr ein entspanntes Essen im Freien.<\/p>\n\n\n\n<p><br>Die K\u00fcche bietet mediterrane Gerichte mit einem asiatischen Twist in einer warmen, einladenden Atmosph\u00e4re.<\/p>\n\n\n\n<h3 class=\"wp-block-heading\">La Milla Marbella.<\/h3>\n\n\n\t<figure class=\"wp-caption alignleft wp-block-acf-wpimage\">\n\t<picture><source width=\"600\" height=\"600\" srcset=\"https:\/\/media.panoramamarbella.com\/imgV1\/B95mbh8olwFQm~uCT2wPZMb8hll4wghQQQq6YWg0~c~U_DrmgY8pGP8pqaDzA6mvjyI_OPtcrHD_aKxCvYPlv4RXr5jnKzXnb0927S8oLRs3qoxQsDMj12WLcxDqVsoXbdnO_xO04aNzSZOZ0LewBPaMRUgLWOKB9NL9DP4Oho4qCcU3KUc6ixyaWmgmu20-.webp 600w\" type=\"image\/webp\"><img decoding=\"async\" class=\"img-fluid\" loading=\"lazy\" width=\"600\" height=\"600\" alt=\"La Milla Marbella\" src=\"https:\/\/media.panoramamarbella.com\/imgV1\/B95mbh8olwFQm~uCT2wPZMb8hll4wghQQQq6YWg0~c~U_DrmgY8pGP8pqaDzA6mvjyI_OPtcrHD_aKxCvYPlv4RXr5jnKzXnb0927S8oLRs3qoxQsDMj12WLcxDqVsoXbdnO_xO04aNzSZOHf29PFY0UvuPqcnCbilSrEA--.jpg\"><\/picture>\t\t<\/figure>\n\t\n\n\n<p><strong>Standort:<\/strong> Zwischen dem Marbella Club und dem <a href=\"https:\/\/www.panoramamarbella.com\/de\/gegenden\/marbella-goldene-meile\/puente-romano\">Puente Romano<\/a>.<\/p>\n\n\n\n<p><strong>Stimmung:<\/strong> Trendig und chic direkt am Strand.<\/p>\n\n\n\n<p><strong>Unbedingt probieren:<\/strong> Rote Garnelen aus Garrucha, Ceviche und saisonale Fischgerichte.<\/p>\n\n\n\n<p class=\"clearfix\"><strong>Besonderheiten:<\/strong> La Milla ist ein stilvolles Strandrestaurant und eine Bar mit atemberaubendem Meerblick und einer entspannten, schicken Atmosph\u00e4re. Perfekt f\u00fcr einen sonnigen Wintertag bietet es ein umfangreiches Men\u00fc mit frischen Meeresfr\u00fcchten und andalusischen Spezialit\u00e4ten. Die Terrasse hat direkten Zugang zum Strand \u2013 ideal zum Essen und Entspannen.<\/p>\n\n\n\n<h3 class=\"wp-block-heading\">La Sala by the Sea (\u00f6ffnet f\u00fcr die neue Saison am 23. April 2025).<\/h3>\n\n\n\t<figure class=\"wp-caption alignleft wp-block-acf-wpimage\">\n\t<picture><source width=\"600\" height=\"600\" srcset=\"https:\/\/media.panoramamarbella.com\/imgV1\/B95mbh8olwFQm~uCT2wPZMb8hll4wghQQQq6YWg0~c~U_DrmgY8pGP8pqaDzA6mvjyI_OPtcrHD_aKxCvYPlv4RXr4YcIVEcVoaosb818QgLRfKCykmyHlt~4Q_ciIbKepV81gxd18_k7qHACtdIUD0WszxEW6to3odrcWN_aJWiw7NSK~J~Bz1emWCCVzaA.webp 600w\" type=\"image\/webp\"><img decoding=\"async\" class=\"img-fluid\" loading=\"lazy\" width=\"600\" height=\"600\" alt=\"La Sala by the Sea\" src=\"https:\/\/media.panoramamarbella.com\/imgV1\/B95mbh8olwFQm~uCT2wPZMb8hll4wghQQQq6YWg0~c~U_DrmgY8pGP8pqaDzA6mvjyI_OPtcrHD_aKxCvYPlv4RXr4YcIVEcVoaosb818QgLRfKCykmyHlt~4Q_ciIbKepV81gxd18_k7qHAFB2Z9cAERvYkk1DPG1V2eaQ-.jpg\"><\/picture>\t\t<\/figure>\n\t\n\n\n<p><strong>Standort:<\/strong> Strand von <a href=\"https:\/\/www.panoramamarbella.com\/de\/gegenden\/puerto-banus\">Puerto Ban\u00fas<\/a>.<\/p>\n\n\n\n<p><strong>Stimmung:<\/strong> Lebhafter Beachclub mit thail\u00e4ndisch inspiriertem Design.<\/p>\n\n\n\n<p><strong>Unbedingt probieren:<\/strong> Thail\u00e4ndisches Gr\u00fcnes Curry, Sushi und Signature-Cocktails.<\/p>\n\n\n\n<p class=\"clearfix\"><strong>Besonderheiten:<\/strong> La Sala by the Sea bringt einen Hauch von Tropen nach Marbella, mit thail\u00e4ndisch inspiriertem Dekor, Strandblick und lebhafter Atmosph\u00e4re.<\/p>\n\n\n\n<p><br>Dieser Beachclub ist bekannt f\u00fcr seine dynamische Stimmung \u2013 ideal f\u00fcr alle, die ein energiegeladenes Ambiente bevorzugen. Die Au\u00dfenpl\u00e4tze bieten direkten Blick auf den Strand, und das Men\u00fc umfasst eine Vielzahl internationaler Gerichte.<\/p>\n\n\n\n<h3 class=\"wp-block-heading\">Los Monteros Beach Club \u2013 La Cabane.<\/h3>\n\n\n\t<figure class=\"wp-caption alignleft wp-block-acf-wpimage\">\n\t<picture><source width=\"600\" height=\"600\" srcset=\"https:\/\/media.panoramamarbella.com\/imgV1\/B95mbh8olwFQm~uCT2wPZMb8hll4wghQQQq6YWg0~c~U_DrmgY8pGP8pqaDzA6mvjyI_OPtcrHD_aKxCvYPlv4RXr5ZUZNV8OQpagLR444Jl66Z5XLNueuFF5lNlqCzfYP0GaJDHyGt41ZPTDrXiENx~F3GOf_Cs8sEe5AgjyCzxNIKUZLLSukUt_fNZI1x5ECOZHA--.webp 600w\" type=\"image\/webp\"><img decoding=\"async\" class=\"img-fluid\" loading=\"lazy\" width=\"600\" height=\"600\" alt=\"La Cabane, Los Monteros, Marbella\" src=\"https:\/\/media.panoramamarbella.com\/imgV1\/B95mbh8olwFQm~uCT2wPZMb8hll4wghQQQq6YWg0~c~U_DrmgY8pGP8pqaDzA6mvjyI_OPtcrHD_aKxCvYPlv4RXr5ZUZNV8OQpagLR444Jl66Z5XLNueuFF5lNlqCzfYP0GaJDHyGt41ZPTDrXiEMLPTVShwfcARC503u6Si7hr.jpg\"><\/picture>\t\t<\/figure>\n\t\n\n\n<p><strong>Standort:<\/strong> Strand von Los Monteros.<\/p>\n\n\n\n<p><strong>Stimmung:<\/strong> Exklusiver und luxuri\u00f6ser Beachclub.<\/p>\n\n\n\n<p><strong>Unbedingt probieren:<\/strong> Das Meeresfr\u00fcchte-Buffet mit Austern und Hummer.<\/p>\n\n\n\n<p class=\"clearfix\"><strong>Besonderheiten:<\/strong> La Cabane ist ein gehobener Beachclub im Hotel Los Monteros mit einer beeindruckenden Terrasse, die Ihnen die sch\u00f6nsten Ausblicke auf das Mittelmeer bietet. In den Wintermonaten ist es eine ruhigere und noch exklusivere Option.<\/p>\n\n\n\n<p><br>Der Club serviert mediterrane K\u00fcche mit Schwerpunkt auf Meeresfr\u00fcchten, und der Au\u00dfenbereich ist der ideale Ort, um die Wintersonne zu genie\u00dfen.<\/p>\n\n\n\n<h2 class=\"wp-block-heading\">Fazit<\/h2>\n\n\n\n<p>Der Winter in Marbella ist ein besonderes Erlebnis \u2013 warm genug, um die Natur zu genie\u00dfen, und friedlich genug, um den Massen zu entkommen.<br>Diese sonnigen Orte laden Sie ein, die Sch\u00f6nheit der Costa del Sol das ganze Jahr \u00fcber zu erleben. S<\/p>\n\n\n\n<p>onnenbrille auf, ein sonniges Pl\u00e4tzchen suchen und die W\u00e4rme des Winters in Marbella genie\u00dfen!<\/p>\n\n\n<hr class=\"w-75 mt-3 mt-md-5 mb-3 mb-md-6 mx-auto border-2 border-secondary opacity-50\">\n\n\n\n\n\n<section class=\"bg-secondary bg-opacity-10 py-6 mt-7 mb-0 wp-block-acf-inmgridselection\">\n\t<div class=\"container\">\n\t\t<div class=\"d-flex flex-wrap align-items-end justify-content-between gy-3 mb-4\">\n\t\t\t<h2 class=\"mb-0\">Area information<\/h2>\t\t<\/div>\n\t\t\t\t<div class=\"row row-cols-1 row-cols-lg-3 gy-5 g-xxl-5\">\n\t\t\t<article class=\"col card-area\">\n    \t<figure class=\"d-flex flex-column align-items-start position-relative\">\n\t\t<picture><source width=\"368\" height=\"490\" srcset=\"https:\/\/media.panoramamarbella.com\/imgV1\/B95mbh8olwFQm~uCT2wPZMb8hll4wghQQQq6YWg0~c~U_DrmgY8pGP8pqaDzA6mvjyI_OPtcrHD_aKxCvYPlv4USTiHxTv3ssr1KQzX_uNF82Eo77Ja2VYnw6phPXNVUOTYgKveA2ytiqKsxlfAz82xgyuCxfkdsl_C2oD7MKxnOhTxVdwU6Z8Y~WMb842rBKiNWShlMpS~UXxo_.webp 368w\" type=\"image\/webp\"><img loading=\"lazy\" decoding=\"async\" class=\"position-absolute w-100 h-100 top-0 start-0 object-fit-cover\" alt=\"Marbella Goldene Meile Bereich\" width=\"368\" height=\"490\" src=\"https:\/\/media.panoramamarbella.com\/imgV1\/B95mbh8olwFQm~uCT2wPZMb8hll4wghQQQq6YWg0~c~U_DrmgY8pGP8pqaDzA6mvjyI_OPtcrHD_aKxCvYPlv4USTiHxTv3ssr1KQzX_uNF82Eo77Ja2VYnw6phPXNVUOTYgKveA2ytiqKsxlfAz82xgyuCxfkdsiZXea4vxO9O6D6BSavsXMuY-.jpg\"><\/picture>\t\t<figcaption class=\"bg-primary text-white fs-6 fw-semibold shadow py-3 px-5 bottom-0 top-100 mt-n4 ms-0 ms-sm-n2 ms-md-n3 z-2\">\n\t\t\t<a\n\t\t\t\thref=\"https:\/\/www.panoramamarbella.com\/de\/gegenden\/marbella-goldene-meile\"\n\t\t\t\ttitle=\"Marbella Goldene Meile\"\n\t\t\t\tclass=\"stretched-link\">Marbella Goldene Meile\t\t\t<\/a>\n\t\t<\/figcaption>\n\t\t\t<\/figure>\n    <\/article>\n<article class=\"col card-area\">\n    \t<figure class=\"d-flex flex-column align-items-start position-relative\">\n\t\t<picture><source width=\"376\" height=\"500\" srcset=\"https:\/\/media.panoramamarbella.com\/imgV1\/B95mbh8olwFQm~uCT2wPZMb8hll4wghQQQq6YWg0~c~U_DrmgY8pGP8pqaDzA6mvjyI_OPtcrHD_aKxCvYPkzEmcNO8lTuUB_5MGKQoW1Af2mi1kgoJsd14vcHariBp7jeQx1hZFU35kVizrJuXC~X1m~e6M27JsMCiA7DLoWCTDvaid4k~ArHvQHCIPDnHRfSIMne0xX4OF9UgACqOBfdvb.webp 376w\" type=\"image\/webp\"><img loading=\"lazy\" decoding=\"async\" class=\"position-absolute w-100 h-100 top-0 start-0 object-fit-cover\" alt=\"Nachtansicht von Puerto Ban\u00fas\" width=\"376\" height=\"500\" src=\"https:\/\/media.panoramamarbella.com\/imgV1\/B95mbh8olwFQm~uCT2wPZMb8hll4wghQQQq6YWg0~c~U_DrmgY8pGP8pqaDzA6mvjyI_OPtcrHD_aKxCvYPkzEmcNO8lTuUB_5MGKQoW1Af2mi1kgoJsd14vcHariBp7jeQx1hZFU35kVizrJuXC~X1m~e6M27JsMCiA7DLoRup1CTZ7K_9NCejn0fMNT2o-.jpg\"><\/picture>\t\t<figcaption class=\"bg-primary text-white fs-6 fw-semibold shadow py-3 px-5 bottom-0 top-100 mt-n4 ms-0 ms-sm-n2 ms-md-n3 z-2\">\n\t\t\t<a\n\t\t\t\thref=\"https:\/\/www.panoramamarbella.com\/de\/gegenden\/puerto-banus\"\n\t\t\t\ttitle=\"Puerto Ban\u00fas\"\n\t\t\t\tclass=\"stretched-link\">Puerto Ban\u00fas\t\t\t<\/a>\n\t\t<\/figcaption>\n\t\t\t<\/figure>\n    <\/article>\n<article class=\"col card-area\">\n    \t<figure class=\"d-flex flex-column align-items-start position-relative\">\n\t\t<picture><source width=\"400\" height=\"533\" srcset=\"https:\/\/media.panoramamarbella.com\/imgV1\/B95mbh8olwFQm~uCT2wPZMb8hll4wghQQQq6YWg0~c~U_DrmgY8pGP8pqaDzA6mvjyI_OPtcrHD_aKxCvYKHZCOsJOGHd~kuHC47z1YxJaNKkMhvo~Gs3D2SuF9qkTxvnfqnz0v~PoYvzRxBFV5UnlTaFUpAp6hg8r_8x~UdwJ~_ZdtFVDTMZ1uYqdpcP4J_wuPnyfGS1BEG2i9bvjAigrf7.webp 400w\" type=\"image\/webp\"><img loading=\"lazy\" decoding=\"async\" class=\"position-absolute w-100 h-100 top-0 start-0 object-fit-cover\" alt=\"Puente Romano in Marbella. Ein \u00dcberblick \u00fcber die au\u00dfergew\u00f6hnliche Architektur.\" width=\"400\" height=\"533\" src=\"https:\/\/media.panoramamarbella.com\/imgV1\/B95mbh8olwFQm~uCT2wPZMb8hll4wghQQQq6YWg0~c~U_DrmgY8pGP8pqaDzA6mvjyI_OPtcrHD_aKxCvYKHZCOsJOGHd~kuHC47z1YxJaNKkMhvo~Gs3D2SuF9qkTxvnfqnz0v~PoYvzRxBFV5UnlTaFUpAp6hg8r_8x~Ud3rl6b5TQB2Zb9A2axUuOfHs-.jpg\"><\/picture>\t\t<figcaption class=\"bg-primary text-white fs-6 fw-semibold shadow py-3 px-5 bottom-0 top-100 mt-n4 ms-0 ms-sm-n2 ms-md-n3 z-2\">\n\t\t\t<a\n\t\t\t\thref=\"https:\/\/www.panoramamarbella.com\/de\/gegenden\/marbella-goldene-meile\/puente-romano\"\n\t\t\t\ttitle=\"Puente Romano\"\n\t\t\t\tclass=\"stretched-link\">Puente Romano\t\t\t<\/a>\n\t\t<\/figcaption>\n\t\t\t<\/figure>\n    <\/article>\n<article class=\"col card-area\">\n    \t<figure class=\"d-flex flex-column align-items-start position-relative\">\n\t\t<picture><source width=\"400\" height=\"533\" srcset=\"https:\/\/media.panoramamarbella.com\/imgV1\/B95mbh8olwFQm~uCT2wPZMb8hll4wghQQQq6YWg0~c~U_DrmgY8pGP8pqaDzA6mvjyI_OPtcrHD_aKxCvYKLjbbjAzmJTTrWRZEeHb1hsBeeP8~KViRPIj0BmB9Y8L2U5edCWhHfYsjeSwgxNXK7hUqrTqdJ9GLOoqYznbiHj8h7~Z9~xl_P~wO62CYamji40nfWSHPvEfrOgqzWC8TdPEHG5PU-.webp 400w\" type=\"image\/webp\"><img loading=\"lazy\" decoding=\"async\" class=\"position-absolute w-100 h-100 top-0 start-0 object-fit-cover\" alt=\"Luftaufnahme des Strandes von San Pedro de Alc\u00e1ntara\" width=\"400\" height=\"533\" src=\"https:\/\/media.panoramamarbella.com\/imgV1\/B95mbh8olwFQm~uCT2wPZMb8hll4wghQQQq6YWg0~c~U_DrmgY8pGP8pqaDzA6mvjyI_OPtcrHD_aKxCvYKLjbbjAzmJTTrWRZEeHb1hsBeeP8~KViRPIj0BmB9Y8L2U5edCWhHfYsjeSwgxNXK7hUqrTqdJ9GLOoqYznbiHj8hlawfBXqdMAotNsx4MpsTe2g--.jpg\"><\/picture>\t\t<figcaption class=\"bg-primary text-white fs-6 fw-semibold shadow py-3 px-5 bottom-0 top-100 mt-n4 ms-0 ms-sm-n2 ms-md-n3 z-2\">\n\t\t\t<a\n\t\t\t\thref=\"https:\/\/www.panoramamarbella.com\/de\/gegenden\/san-pedro-de-alcantara\"\n\t\t\t\ttitle=\"San Pedro de Alc\u00e1ntara\"\n\t\t\t\tclass=\"stretched-link\">San Pedro de Alc\u00e1ntara\t\t\t<\/a>\n\t\t<\/figcaption>\n\t\t\t<\/figure>\n    <\/article>\n\t\t<\/div>\n\t\t\t<\/div>\n<\/section>\n\n","protected":false},"excerpt":{"rendered":"<p>Lust auf ein bisschen Wintersonne? Schnapp dir deine Sonnenbrille, such dir ein sonniges Pl\u00e4tzchen und lass dich von Marbellas Winterw\u00e4rme verw\u00f6hnen!<\/p>\n","protected":false},"author":11,"featured_media":8640,"comment_status":"closed","ping_status":"closed","sticky":false,"template":"","format":"standard","meta":{"_acf_changed":false,"footnotes":""},"categories":[39],"tags":[],"class_list":["post-8903","post","type-post","status-publish","format-standard","has-post-thumbnail","hentry","category-marbella-lifestyle-de"],"acf":[],"_links":{"self":[{"href":"https:\/\/www.panoramamarbella.com\/de\/wp-json\/wp\/v2\/posts\/8903","targetHints":{"allow":["GET"]}}],"collection":[{"href":"https:\/\/www.panoramamarbella.com\/de\/wp-json\/wp\/v2\/posts"}],"about":[{"href":"https:\/\/www.panoramamarbella.com\/de\/wp-json\/wp\/v2\/types\/post"}],"author":[{"embeddable":true,"href":"https:\/\/www.panoramamarbella.com\/de\/wp-json\/wp\/v2\/users\/11"}],"replies":[{"embeddable":true,"href":"https:\/\/www.panoramamarbella.com\/de\/wp-json\/wp\/v2\/comments?post=8903"}],"version-history":[{"count":1,"href":"https:\/\/www.panoramamarbella.com\/de\/wp-json\/wp\/v2\/posts\/8903\/revisions"}],"predecessor-version":[{"id":8925,"href":"https:\/\/www.panoramamarbella.com\/de\/wp-json\/wp\/v2\/posts\/8903\/revisions\/8925"}],"wp:featuredmedia":[{"embeddable":true,"href":"https:\/\/www.panoramamarbella.com\/de\/wp-json\/wp\/v2\/media\/8640"}],"wp:attachment":[{"href":"https:\/\/www.panoramamarbella.com\/de\/wp-json\/wp\/v2\/media?parent=8903"}],"wp:term":[{"taxonomy":"category","embeddable":true,"href":"https:\/\/www.panoramamarbella.com\/de\/wp-json\/wp\/v2\/categories?post=8903"},{"taxonomy":"post_tag","embeddable":true,"href":"https:\/\/www.panoramamarbella.com\/de\/wp-json\/wp\/v2\/tags?post=8903"}],"curies":[{"name":"wp","href":"https:\/\/api.w.org\/{rel}","templated":true}]}}