{"id":23885,"date":"2025-09-23T15:27:00","date_gmt":"2025-09-23T13:27:00","guid":{"rendered":"https:\/\/www.panoramamarbella.com\/?p=23885"},"modified":"2025-10-02T14:28:12","modified_gmt":"2025-10-02T12:28:12","slug":"marbella-es-la-zona-mas-buscada","status":"publish","type":"post","link":"https:\/\/www.panoramamarbella.com\/es\/news\/marbella-es-la-zona-mas-buscada","title":{"rendered":"Marbella se sit\u00faa en el Top 5 de las zonas m\u00e1s buscadas de Espa\u00f1a 2025"},"content":{"rendered":"\n\n<h2 class=\"wp-block-heading\">Marbella reina en el Top 5 de las zonas m\u00e1s buscadas de Espa\u00f1a<\/h2>\n\n\n<div class=\"lead\"><p>Marbella sigue encantando. Seg\u00fan <a href=\"https:\/\/www.aplaceinthesun.com\/\" target=\"_blank\" rel=\"nofollow noopener\">A Place in the Sun<\/a>, figura entre las cinco zonas m\u00e1s buscadas de Espa\u00f1a en 2025, junto a Torrevieja, Estepona, Villamart\u00edn y Orihuela Costa.<\/p>\n<p>A\u00fan m\u00e1s revelador es que la propia Espa\u00f1a mantiene su posici\u00f3n como el pa\u00eds m\u00e1s demandado entre los compradores brit\u00e1nicos que buscan vivienda en el extranjero en 2025. Su atractivo radica en el estilo de vida vacacional, el clima soleado, la facilidad de acceso y la variedad de localizaciones.<\/p>\n<\/div>\n\n\n<ul class=\"table-index list-unstyled p-4 p-lg-5 ms-0 bg-light\"><li class=\"text-uppercase fw-bold mb-3\">Tabla de contenidos<\/li><li><a href=\"#marbella+reina+en+el+top+5+de+las+zonas+mas+buscadas+de+espana\">\nMarbella reina en el Top 5 de las zonas m\u00e1s buscadas de Espa\u00f1a\n<\/a><\/li>\n<li><a href=\"#por+que+marbella+cautiva+a+los+compradores+de+propiedades\">\nPor qu\u00e9 Marbella cautiva a los compradores de propiedades\n<\/a><\/li>\n<li><a href=\"#la+creciente+demanda+de+marbella+en+2025\">\nLa creciente demanda de Marbella en 2025\n<\/a><\/li>\n<li><a href=\"#la+demanda+supera+a+la+oferta\">\nLa demanda supera a la oferta\n<\/a><\/li><\/ul>\n\n\n\t<figure class=\"wp-caption aligncenter wp-block-acf-wpimage\">\n\t<picture><source width=\"900\" height=\"484\" srcset=\"https:\/\/media.panoramamarbella.com\/imgV1\/B95mbh8olwFQm~uCT2wPZMb8hll4wghQQQq6YWg0~c~U_DrmgY8pGP8pqaDzA6mvjyI_OPtcrHD_aKxDZZG4tfKTcrToSJqjB3Kt6mkDqpxXrxaJFa3XgscXWvPT1l4bTxn~2BEHX_nCkClvloxYK~bK_D_dbm8w5rY7igpIG1W4Vr28dmO3r6CziEK0uxHRxIsGHB59AAMjVeHwP5xigQbH.webp 900w\" type=\"image\/webp\"><img decoding=\"async\" class=\"img-fluid\" loading=\"lazy\" width=\"900\" height=\"484\" alt=\"Bandera de Espa\u00f1a con gr\u00e1ficos de crecimiento financiero, globo digital y flecha roja ascendente que simboliza el crecimiento econ\u00f3mico.\" src=\"https:\/\/media.panoramamarbella.com\/imgV1\/B95mbh8olwFQm~uCT2wPZMb8hll4wghQQQq6YWg0~c~U_DrmgY8pGP8pqaDzA6mvjyI_OPtcrHD_aKxDZZG4tfKTcrToSJqjB3Kt6mkDqpxXrxaJFa3XgscXWvPT1l4bTxn~2BEHX_nCkClvloxYK~bK_D_dbm8w5rY7igpIBX57BsJdm_FBfujrZCgvVc0-.jpg\"><\/picture>\t\t<\/figure>\n\t\n\n\n<ul class=\"table-index list-unstyled p-4 p-lg-5 ms-0 bg-light\"><li class=\"text-uppercase fw-bold mb-3\">Tabla de contenidos<\/li><li><a href=\"#marbella+reina+en+el+top+5+de+las+zonas+mas+buscadas+de+espana\">\nMarbella reina en el Top 5 de las zonas m\u00e1s buscadas de Espa\u00f1a\n<\/a><\/li>\n<li><a href=\"#por+que+marbella+cautiva+a+los+compradores+de+propiedades\">\nPor qu\u00e9 Marbella cautiva a los compradores de propiedades\n<\/a><\/li>\n<li><a href=\"#la+creciente+demanda+de+marbella+en+2025\">\nLa creciente demanda de Marbella en 2025\n<\/a><\/li>\n<li><a href=\"#la+demanda+supera+a+la+oferta\">\nLa demanda supera a la oferta\n<\/a><\/li><\/ul>\n\n\n\n<h2 class=\"wp-block-heading\">Por qu\u00e9 Marbella cautiva a los compradores de propiedades<\/h2>\n\n\n\n<h3 class=\"wp-block-heading\">Lujo atemporal + atractivo de estilo de vida.<\/h3>\n\n\n\n<p>El atractivo de Marbella se apoya en d\u00e9cadas de elegancia cultivada. Lo que una vez fue un pueblo pesquero, desde la d\u00e9cada de 1950 se ha transformado en el destino costero m\u00e1s glamuroso de Espa\u00f1a. Marbella es la zona m\u00e1s buscada de Espa\u00f1a, con sus lujosos clubes de playa, hoteles de cinco estrellas, villas de lujo y su c\u00e9lebre ambiente, contin\u00faa cautivando a compradores internacionales a un ritmo cada vez mayor.<\/p>\n\n\n\t<figure class=\"wp-caption aligncenter wp-block-acf-wpimage\">\n\t<picture><source width=\"900\" height=\"668\" srcset=\"https:\/\/media.panoramamarbella.com\/imgV1\/B95mbh8olwFQm~uCT2wPZMb8hll4wghQQQq6YWg0~c~U_DrmgY8pGP8pqaDzA6mvjyI_OPtcrHD_aKxDZZG4tfFGBgJl57JO18RnyeTPZI~zCFF~rP_YqhiMB~V0w1qAH~aFx1SOSFSbKhivespf1pnRJOtPfntOZ_9UnFtqSmryRGfs901whegnK6AlWNvQFlf6fVirEMXUvcAb8RFTguLo.webp 900w\" type=\"image\/webp\"><img decoding=\"async\" class=\"img-fluid\" loading=\"lazy\" width=\"900\" height=\"668\" alt=\"Marbella es la zona m\u00e1s buscada. Club de playa de lujo en Marbella con tumbonas, sombrillas, palmeras y vistas al mar.\" src=\"https:\/\/media.panoramamarbella.com\/imgV1\/B95mbh8olwFQm~uCT2wPZMb8hll4wghQQQq6YWg0~c~U_DrmgY8pGP8pqaDzA6mvjyI_OPtcrHD_aKxDZZG4tfFGBgJl57JO18RnyeTPZI~zCFF~rP_YqhiMB~V0w1qAH~aFx1SOSFSbKhivespf1pnRJOtPfntOZ_9UnFtqVIE~UfdmRwHzwh8LBn_DCWY-.jpg\"><\/picture>\t\t\t<figcaption class=\"wp-caption-text\">\n\t\tEl famoso Nikki Beach en Marbella Este\t\t<\/figcaption>\n\t\t\t<\/figure>\n\t\n\n\n<h3 class=\"wp-block-heading\">Clima + comodidad.<\/h3>\n\n\n\n<p>Sus suaves inviernos y la excelente conectividad a trav\u00e9s del aeropuerto de M\u00e1laga convierten a Marbella en un destino c\u00f3modo durante todo el a\u00f1o. La zona ofrece todo lo que se pueda desear en cuanto a servicios, desde el m\u00e1ximo lujo hasta lo m\u00e1s asequible, con una abundancia de campos de golf de primera categor\u00eda, alta gastronom\u00eda, comercios y atracciones familiares que la convierten tanto en un hogar so\u00f1ado como en una inversi\u00f3n inteligente.<\/p>\n\n\n\n<h3 class=\"wp-block-heading\">Diversidad de vecindarios.<\/h3>\n\n\n\n<ul class=\"wp-block-list\">\n<li><strong>Casco Antiguo, <\/strong>con su soleada Plaza de los Naranjos y encantadoras callejuelas.<\/li>\n\n\n\n<li><strong>Milla de Oro,<\/strong> la encarnaci\u00f3n del prestigio mediterr\u00e1neo, con emblemas como el Marbella Club y Puente Romano.<\/li>\n\n\n\n<li><strong>Sierra Blanca, <\/strong>que ofrece una exclusividad elevada, parcelas ajardinadas, privacidad en urbanizaciones cerradas y amplias vistas al mar.<\/li>\n<\/ul>\n\n\n\t<figure class=\"wp-caption aligncenter wp-block-acf-wpimage\">\n\t<picture><source width=\"900\" height=\"600\" srcset=\"https:\/\/media.panoramamarbella.com\/imgV1\/B95mbh8olwFQm~uCT2wPZMb8hll4wghQQQq6YWg0~c~U_DrmgY8pGP8pqaDzA6mvjyI_OPtcrHD_aKxDZZG4tfBKL1SZ0zHojfut5m56uhoKej7s0qfiZbcuwjdFDtJZYY9RW~n~6EonBjfv1hD3m7hJHeSFWy~YOK8Q2XlMRXlVx2gpQML_O_RM1xhM6HRFVHky08PRbivbTyB~S9YGGnEW.webp 900w\" type=\"image\/webp\"><img decoding=\"async\" class=\"img-fluid\" loading=\"lazy\" width=\"900\" height=\"600\" alt=\"Vista a\u00e9rea de Marbella con frondosos campos de golf, zonas residenciales y la monta\u00f1a de La Concha\" src=\"https:\/\/media.panoramamarbella.com\/imgV1\/B95mbh8olwFQm~uCT2wPZMb8hll4wghQQQq6YWg0~c~U_DrmgY8pGP8pqaDzA6mvjyI_OPtcrHD_aKxDZZG4tfBKL1SZ0zHojfut5m56uhoKej7s0qfiZbcuwjdFDtJZYY9RW~n~6EonBjfv1hD3m7hJHeSFWy~YOK8Q2XlMW8~mY_TkcFn1WbaIakCuFRw-.jpg\"><\/picture>\t\t\t<figcaption class=\"wp-caption-text\">\n\t\tVista a\u00e9rea de Marbella con verdes campos de golf, zonas residenciales y la monta\u00f1a de La Concha\t\t<\/figcaption>\n\t\t\t<\/figure>\n\t\n\n\n<ul class=\"wp-block-list\">\n<li><strong>Nueva Andaluc\u00eda, <\/strong>tambi\u00e9n conocida como El Valle del Golf, con gran atractivo de alquiler para villas y adosados gracias a su proximidad a Puerto Ban\u00fas.<\/li>\n\n\n\n<li><strong>Marbella Este, <\/strong>cada vez m\u00e1s popular entre los inversores para proyectos de renovaci\u00f3n de alta gama. Esta zona presume de algunas de las mejores playas de la costa, exclusivos clubes de playa como Nikki Beach y La Cabane, numerosos campos de golf, excelentes restaurantes, colegios internacionales y cercan\u00eda al centro de Marbella.<\/li>\n\n\n\n<li><strong>Benahav\u00eds, <\/strong>famoso por su lujo en la ladera, su alta gastronom\u00eda y urbanizaciones cerradas, que ofrecen tranquilidad y privacidad a poca distancia de Marbella y Puerto Ban\u00fas.<\/li>\n\n\n\n<li><strong>Estepona,<\/strong> una ciudad vibrante al oeste de Marbella que ha experimentado una gran regeneraci\u00f3n en los \u00faltimos a\u00f1os. Con su atractivo casco antiguo, modernas infraestructuras y en expansi\u00f3n desarrollos de lujo, Estepona se est\u00e1 consolidando como una fuerte alternativa para compradores internacionales.<\/li>\n\n\n\n<li>Otras zonas con gran atractivo para familias o jubilados incluyen<strong> San Pedro de Alc\u00e1ntara y Guadalmina.<\/strong><\/li>\n<\/ul>\n\n\n\t<figure class=\"wp-caption aligncenter wp-block-acf-wpimage\">\n\t<picture><source width=\"900\" height=\"600\" srcset=\"https:\/\/media.panoramamarbella.com\/imgV1\/B95mbh8olwFQm~uCT2wPZMb8hll4wghQQQq6YWg0~c~U_DrmgY8pGP8pqaDzA6mvjyI_OPtcrHD_aKxDZZG4tfcWRjO9vioJJhgP~LApPiCZMS18g1l7gNE4~DFkFPEkk1poi8X7T~HrRcGlpUOLH_pFseWI6jeJiy0rxHwNXSqRofB0C_ZkWEUTfhhkUeSQguWKrvMVNAYLqTrd39EOfOrj.webp 900w\" type=\"image\/webp\"><img decoding=\"async\" class=\"img-fluid\" loading=\"lazy\" width=\"900\" height=\"600\" alt=\"Mujer en traje de ba\u00f1o negro relaj\u00e1ndose en un yate de lujo con el mar azul tranquilo de fondo.\" src=\"https:\/\/media.panoramamarbella.com\/imgV1\/B95mbh8olwFQm~uCT2wPZMb8hll4wghQQQq6YWg0~c~U_DrmgY8pGP8pqaDzA6mvjyI_OPtcrHD_aKxDZZG4tfcWRjO9vioJJhgP~LApPiCZMS18g1l7gNE4~DFkFPEkk1poi8X7T~HrRcGlpUOLH_pFseWI6jeJiy0rxHwNQ6aDO0HTHHF0vP56VzspDUA-.jpg\"><\/picture>\t\t\t<figcaption class=\"wp-caption-text\">\n\t\tEl estilo de vida de Marbella es el motor de la creciente demanda\t\t<\/figcaption>\n\t\t\t<\/figure>\n\t\n\n\n<h2 class=\"wp-block-heading\">La creciente demanda de Marbella en 2025<\/h2>\n\n\n\n<p>Informes recientes muestran que Marbella no solo es popular en las b\u00fasquedas online, sino tambi\u00e9n l\u00edder en ventas reales. En el primer trimestre de 2025 se registr\u00f3 un incremento del 25% respecto al mismo periodo de 2024 y del 48% en comparaci\u00f3n con el mismo periodo de 2019, como resultado directo del aumento del turismo y la actividad en los meses de invierno, una demanda internacional que sigue siendo fuerte, la oferta limitada de propiedades prime y el atractivo de Marbella como destino global de lujo.<\/p>\n\n\n\t<figure class=\"wp-caption aligncenter wp-block-acf-wpimage\">\n\t<picture><source width=\"900\" height=\"483\" srcset=\"https:\/\/media.panoramamarbella.com\/imgV1\/B95mbh8olwFQm~uCT2wPZMb8hll4wghQQQq6YWg0~c~U_DrmgY8pGP8pqaDzA6mvjyI_OPtcrHD_aKxDZZG4tfbY~8sLyJhffeuPs~zTXTvQhdL8WJdBGUolufBXPnfOVFhM6kFNncixTIvtBjPTkOKvusMS5dnVCF2O9QrIjbDwErhRDpPqZ8F6gIrq3iXXCDREbGE865oJaR8oDOlHod9v.webp 900w\" type=\"image\/webp\"><img decoding=\"async\" class=\"img-fluid\" loading=\"lazy\" width=\"900\" height=\"483\" alt=\"Puerto Ban\u00fas al atardecer con yates, aguas tranquilas y edificios blancos de estilo mediterr\u00e1neo.\" src=\"https:\/\/media.panoramamarbella.com\/imgV1\/B95mbh8olwFQm~uCT2wPZMb8hll4wghQQQq6YWg0~c~U_DrmgY8pGP8pqaDzA6mvjyI_OPtcrHD_aKxDZZG4tfbY~8sLyJhffeuPs~zTXTvQhdL8WJdBGUolufBXPnfOVFhM6kFNncixTIvtBjPTkOKvusMS5dnVCF2O9QrIk4A0zEZwKylhSTwuXnx0Chc-.jpg\"><\/picture>\t\t\t<figcaption class=\"wp-caption-text\">\n\t\tPuerto Ban\u00fas al atardecer\t\t<\/figcaption>\n\t\t\t<\/figure>\n\t\n\n\n<h2 class=\"wp-block-heading\">La demanda supera a la oferta<\/h2>\n\n\n\n<p>Los precios medios de oferta en Marbella han pasado de 4.812 \u20ac\/m\u00b2 en junio de 2024 a 5.213 \u20ac\/m\u00b2 en junio de 2025, lo que supone un incremento aproximado del 8,3% interanual, a pesar de haber alcanzado ya nuevos m\u00e1ximos apenas 12 meses antes con una subida del 13,7% entre junio de 2023 y junio de 2024. Estas cifras subrayan el estatus de Marbella como un mercado premium, donde la demanda internacional sigue superando a la oferta.<\/p>\n\n\n<article class=\"col w-100 position-relative mb-5 wp-block-acf-banner\">\n    <div class=\"d-flex flex-wrap flex-column flex-xl-row align-items-start align-items-xl-end gap-4 w-100 bg-secondary text-white p-4\">\n        <div class=\"d-flex flex-column\">\n\t\t\t            <a href=\"https:\/\/www.panoramamarbella.com\/newsletter\" class=\"stretched-link text-white text-decoration-none\" title=\"\u00bfTe gusta este art\u00edculo?\">\n\t\t\t\t<h2 class=\"text-white mb-3\">\u00bfTe gusta este art\u00edculo?<\/h2>            <\/a>\n\t\t\t            <p class=\"mb-0\">\n                Suscr\u00edbete a nuestro bolet\u00edn para recibir art\u00edculos interesantes, contenidos exclusivos y las \u00faltimas actualizaciones.            <\/p>\n\t\t\t        <\/div>\n\t\t        <span class=\"btn btn-outline-light ms-xl-auto\">Panorama newsletter<\/span>\n\t\t    <\/div>\n<\/article>\n\n\n\n\n<p>Se puede afirmar con seguridad que Marbella es uno de los mercados inmobiliarios m\u00e1s din\u00e1micos y de mejor rendimiento de Europa.<\/p>\n\n\n\n<p>Si est\u00e1s buscando comprar una propiedad en Marbella o en la Costa del Sol, Panorama cuenta con m\u00e1s de 55 a\u00f1os de experiencia en el mercado y puede ayudarte a encontrar la casa de tus sue\u00f1os. <a href=\"https:\/\/www.panoramamarbella.com\/es\/contacto\">Cont\u00e1ctanos para recibir ayuda y asesoramiento.<\/a><\/p>\n\n\n\t\t<section class=\"container wp-block-acf-inmpropselection\">\n\t\t\t<h2>Visita nuestra selecci\u00f3n de propiedades de lujo<\/h2>\t\t\t<div class=\"row row-cols-1 row-cols-lg-3 gy-5 g-xxl-5\">\n\t\t\t\t\n<article class=\"col card-properties position-relative d-flex flex-column\">\n\t<div id=\"carouselCardProperties-1-0\" class=\"card-properties-images carousel slide carousel-fade lazy\" data-bs-ride=\"carousel\" data-bs-interval=\"200000\" data-id=\"698664\">\n\t\t<div class=\"carousel-inner\">\n\t\t\t<figure class=\"carousel-item mb-0 active ratio ratio-4x3\">\n\t\t\t\t<picture><source sizes=\"(max-width: 575px) calc(100vw - 24px), (max-width: 767px) 516px, (max-width: 991px) 696px, (max-width: 1199px) 296px, (max-width: 1399px) 356px, 400px\" width=\"696\" height=\"522\" srcset=\"https:\/\/media.panoramamarbella.com\/imgV1\/B95mbh8olwFQm~uCUaVOI2kQT0hb0a8sZ9turUNfnwtvuccYCzs0YVPfPbfkc2VnnN1JFDpkYaGfw1gJsS~5hOu8ClA27V6xVP6zyKoKPS1Mn7WRHYZMLWv_YHD73v3wTA8HWCCOpMnXwN2uAr5VSPiSO7karRIMiZTPqCu_dZ5fuWR0YCW6_1pG5Bl~Hp5WroeZ3HQAZ5bJuMGEOv79bl9k214P5Nw2k7gr9ANpozAASAFpx51KqYb~IgRpbC3Nm7LGaJqZPuy9KH5g7qzcuC2cvd8aXgZUiX05nn3MiVFBu3_R0uApWqg0GDDTU7GVpDHN0uiwmWHOPGRGcV19lVB5JeSIN5bWCc0XpEoi3uZ0T3eXN37TL0i518tYi19KAllVsHHd0sbTDHyPO_Nw~4KnnSNcB9zdZy_Falf9Nm2Qd8UylRZPY3Up0552~WYpYFfMu6~cQQhix6~xJmlu.webp 696w,https:\/\/media.panoramamarbella.com\/imgV1\/B95mbh8olwFQm~uCUaVOI2kQT0hb0a8sZ9turUNfnwtvuccYCzs0YVPfPbfkc2VnnN1JFDpkYaGfw1gJsS~5hOu8ClA27V6xVP6zyKoKPS1Mn7WRHYZMLWv_YHD73v3wTA8HWCCOpMnXwN2uAr5VSPiSO7karRIMiZTPqCu_dxsgwbeNJ3yUNRGy~HNlq7dkSM2WX~69OJOJ5Rf_OC19ofiiJFxHjWv2u3u0P4hi6O0xoN_eKF2nSgtPXKVIDb6vkB7sMfUcYSFaA8MkPym_Gpt83~i_ztzET0MbhzNjsKTdK5NbqRNgl5yWC5YxwwmAj1QP7QCWT0mNwDbjKvcT6HKFDihRXrRi~rK1hGgEsn~KGSB8yKC8a2ZAlw1Y0g7iH3vxsT0JHikRupGzmmtHsrKXqc6p8M2~T5e5ifxWDLJfJRqdDdAaQRy8mbVTKnDv_ya2ucuiMT0AMrtAXM~J.webp 400w\" type=\"image\/webp\"><img decoding=\"async\" class=\"position-absolute w-100 h-100 object-fit-cover\" alt=\"Exclusivo apartamento en planta baja con vistas al mar en los Jardines Japoneses de Marina Puente Romano\" loading=\"lazy\" width=\"696\" height=\"522\" src=\"https:\/\/media.panoramamarbella.com\/imgV1\/B95mbh8olwFQm~uCUaVOI2kQT0hb0a8sZ9turUNfnwtvuccYCzs0YVPfPbfkc2VnnN1JFDpkYaGfw1gJsS~5hOu8ClA27V6xVP6zyKoKPS1Mn7WRHYZMLWv_YHD73v3wTA8HWCCOpMnXwN2uAr5VSPiSO7karRIMiZTPqCu_dZ5fuWR0YCW6_1pG5Bl~AOWCKsfURyq35vm55dIauvG9uVaSivcgS4ajblndO75z1CH0f2jKmqCp4xxFvz8SGfsGZsvJDXqx_1ZOdq6C3Ciw5BdH3mBMTlmpWiwr03l4R5h6rIkh70WK8PZkn3TMc7aMyNa5IHcJVNmTEhV8AxRljU0iGmAWvH9H8Jc12IGx0P0jWsreOMhWj1MxEo9KATyoLWCUe5JwyP7SYClFp7YUmD7e40GOUqwrJuzlqrEiOyMmHv7XqSzouqYV54M-.jpg\"><\/picture>\t\t\t<\/figure>\n\t\t\t\t\t\t<span class=\"card-properties-tag position-absolute z-2 top-0 start-0 bg-secondary text-white py-1 px-3 ms-3\">\n\t\t\t\tDestacado\t\t\t<\/span>\n\t\t\t\t\t\t<span class=\"card-properties-ref position-absolute z-2 bottom-0 end-0 bg-white text-primary py-1 px-3 me-3\">\n\t\t\t\tPANR-16359\t\t\t<\/span>\n\t\t\t<button class=\"card-properties-portfolio d-flex align-items-center justify-content-center position-absolute z-3 end-0 text-white bg-primary me-3 border-0 px-0\" data-pfl-id=\"698664\" data-pfl-filter=\"sale\" aria-label=\"Add to portfolio\">\n\t\t\t\t<svg width=\"18\" fill=\"currentColor\" viewBox=\"0 0 512 512\">\n\t\t\t\t\t<use href=\"https:\/\/www.panoramamarbella.com\/wp-content\/themes\/panoramamarbella\/dist\/src\/images\/icons.svg#svgHeart\"><\/use>\n\t\t\t\t<\/svg>\n\t\t\t\t<svg width=\"18\" fill=\"currentColor\" viewBox=\"0 0 512 512\">\n\t\t\t\t\t<use href=\"https:\/\/www.panoramamarbella.com\/wp-content\/themes\/panoramamarbella\/dist\/src\/images\/icons.svg#svgHeartIn\"><\/use>\n\t\t\t\t<\/svg>\n\t\t\t<\/button>\n\t\t<\/div>\n\t\t\t\t<button\n\t\t\tclass=\"carousel-control-prev\"\n\t\t\ttype=\"button\"\n\t\t\tdata-bs-target=\"#carouselCardProperties-1-0\"\n\t\t\tdata-bs-slide=\"prev\">\n\t\t\t<span class=\"carousel-control-prev-icon\" aria-hidden=\"true\"><\/span>\n\t\t\t<span class=\"visually-hidden\">Anterior<\/span>\n\t\t<\/button>\n\t\t<button\n\t\t\tclass=\"carousel-control-next\"\n\t\t\ttype=\"button\"\n\t\t\tdata-bs-target=\"#carouselCardProperties-1-0\"\n\t\t\tdata-bs-slide=\"next\">\n\t\t\t<span class=\"carousel-control-next-icon\" aria-hidden=\"true\"><\/span>\n\t\t\t<span class=\"visually-hidden\">Siguiente<\/span>\n\t\t<\/button>\n\t\t\t<\/div>\n\t<div class=\"d-flex flex-column h-100 px-3 py-4 shadow\">\n\t\t\t\t<h3 class=\"card-properties-title mb-3\">\n\t\t\t<a class=\"stretched-link\" href=\"\/es\/propiedades\/marbella\/marbella-golden-mile\/marina-puente-romano\/apartamentos-y-pisos\/PANR-16359\">\n\t\t\t\tExclusivo apartamento en planta baja con vistas al mar en los Jardines Japoneses de Marina Puente Romano\t\t\t<\/a>\n\t\t<\/h3>\n\t\t<p class=\"mb-3 text-black-dark\">Marina Puente Romano, Marbella Golden Mile<\/p>\n\t\t\t\t\t\t<p class=\"card-properties-description mb-3\">\n\t\t\tDescubra el ep\u00edtome del lujo sin esfuerzo en este exquisito apartamento elevado en planta baja, orientado al suroeste, ubicado en el emblem\u00e1tico Puente Romano Beach Resort &amp; Spa, una de las direcciones m\u00e1s prestigiosas y&#8230;\t\t<\/p>\n\t\t\t\t<span class=\"card-properties-price mt-auto\">\n\t\t\t\n\t\t\t<span class=\"card-properties-price mt-auto\" data-original-price=\"4950000\">4.950.000\u00a0\u20ac<\/span>\n\t\t\t\t<\/span>\n\t\t\t\t<ul class=\"card-properties-features list-unstyled d-flex flex-wrap align-items-center gap-3 pt-3 border-top mt-3 mb-0\">\n\t\t\t<li class=\"d-flex align-items-center\">3 Dorms.<\/li><li class=\"d-flex align-items-center\">3 Ba\u00f1os<\/li>\t\t\t\t<li class=\"d-flex align-items-center\">\n\t\t\t\t\t <span class=\"me-1\" data-original-value=\"180\" data-original-unit=\"m&#038;sup2\">180 m&sup2;<\/span>Total\t\t\t\t<\/li>\n\t\t\t\t\t\t\t<li class=\"d-flex align-items-center\">\n\t\t\t\t\t <span class=\"me-1\" data-original-value=\"140\" data-original-unit=\"m&#038;sup2\">140 m&sup2;<\/span>Construido\t\t\t\t<\/li>\n\t\t\t\t\t\t\t<li class=\"d-flex align-items-center\">\n\t\t\t\t\t <span class=\"me-1\" data-original-value=\"40\" data-original-unit=\"m&#038;sup2\">40 m&sup2;<\/span>Terrazas\t\t\t\t<\/li>\n\t\t\t\t\t<\/ul>\n\t\t\t<\/div>\n<\/article>\n\n\n<article class=\"col card-properties position-relative d-flex flex-column\">\n\t<div id=\"carouselCardProperties-1-1\" class=\"card-properties-images carousel slide carousel-fade lazy\" data-bs-ride=\"carousel\" data-bs-interval=\"200000\" data-id=\"698452\">\n\t\t<div class=\"carousel-inner\">\n\t\t\t<figure class=\"carousel-item mb-0 active ratio ratio-4x3\">\n\t\t\t\t<picture><source sizes=\"(max-width: 575px) calc(100vw - 24px), (max-width: 767px) 516px, (max-width: 991px) 696px, (max-width: 1199px) 296px, (max-width: 1399px) 356px, 400px\" width=\"696\" height=\"522\" srcset=\"https:\/\/media.panoramamarbella.com\/imgV1\/B95mbh8olwFQm~uCUaVOI2kQT0hb0a8sZ9turUNfnwtvuccYCzs0YVPfPbfkc2VnnN1JFDpkYaGfw1gJsS~5hOu8AUZEQTHg7CLRX_1curmO2wUT0oMrRL1uiJLedOIKDN8v93fz93HwFQv7mvDjXTJ7lOrU4l83PE~Y7~g4uSwzq7fwptUkt8il_H0dUfDMbhzRCHO11LkysK_bxmVac4BLYh_a2hSE6xc4RNhtWQy0GnsnoQrJccDe7cp8t7Ce6UlO1DWqwXSJYUCDuwP7QwoWCJkTw27ijwwwpB98FcoNDGs~dLIP7I2GDa3nOd4g1SjhL97WDkXGdj2aFX5fwQPpaxEz9JYPNAHCS8LI6VPreTQIillN_1gkADuMHYT2CJSd5rwzlKJJZqM2B1EGJzPLGXSc9ooOUU7qL2ig99dCjaK189Pp7TsIOGVaDX9oXhEFrF_Ia4RltvugvjBP.webp 696w,https:\/\/media.panoramamarbella.com\/imgV1\/B95mbh8olwFQm~uCUaVOI2kQT0hb0a8sZ9turUNfnwtvuccYCzs0YVPfPbfkc2VnnN1JFDpkYaGfw1gJsS~5hOu8AUZEQTHg7CLRX_1curmO2wUT0oMrRL1uiJLedOIKDN8v93fz93HwFQv7mvDjXTJ7lOrU4l83PE~Y7~g4u~df~Tano1nt9Ue6uk~XBWFCGo8b5uz9KD25B9Qw7evRA8SqFZq34AgCn5JX6EuhbeRrvvPVHMrvFUE2AO7h4SlLQw6ob~_m94R0S7sqNgkVrMEquSzkE9nasFMmps2VzAHYdSAQ2wTz4HwlOQKPdZH_kxNfiyNr1LkWz6W0SPGJz_J5jSuIrO8m9wUmUgBw7W4bVwwlZXewN8w4PgVWe867xysmy5y9aWPRh5yB7zWFKCmqm7usE_2JL120Zpd5k0n~nRNSy0VF9XmSJWinpqt3IAb2BAerv9YNOwzXXZg6.webp 400w\" type=\"image\/webp\"><img decoding=\"async\" class=\"position-absolute w-100 h-100 object-fit-cover\" alt=\"Impecable apartamento con vistas al mar en Bah\u00eda del Veler\u00edn, Estepona\" loading=\"lazy\" width=\"696\" height=\"522\" src=\"https:\/\/media.panoramamarbella.com\/imgV1\/B95mbh8olwFQm~uCUaVOI2kQT0hb0a8sZ9turUNfnwtvuccYCzs0YVPfPbfkc2VnnN1JFDpkYaGfw1gJsS~5hOu8AUZEQTHg7CLRX_1curmO2wUT0oMrRL1uiJLedOIKDN8v93fz93HwFQv7mvDjXTJ7lOrU4l83PE~Y7~g4uSwzq7fwptUkt8il_H0dT~d80FU6rzBEPKVvi7_9uKyowpu_WM6HzT2BejtGMxY4Ue4yJKg6tygbAbOs4O2zuBdhFbcIhyEehd0GrogCmXKavWLN_n86mIIQdIrcaS0D4WN6WOtwoDECcJPnCoGASy5m1KGKXUks15kVrhZufydUhekpIBkQZbMRjCpoPPH~gROlE7YzRlNm41NdY7EbPR9x5kL9_LwgSvVMZ6RHdRXrOZjwX9fLz9QxqTZ1Osni6X7J~ihA36h0OX6JJb8-.jpg\"><\/picture>\t\t\t<\/figure>\n\t\t\t\t\t\t<span class=\"card-properties-ref position-absolute z-2 bottom-0 end-0 bg-white text-primary py-1 px-3 me-3\">\n\t\t\t\tPANR-16352\t\t\t<\/span>\n\t\t\t<button class=\"card-properties-portfolio d-flex align-items-center justify-content-center position-absolute z-3 end-0 text-white bg-primary me-3 border-0 px-0\" data-pfl-id=\"698452\" data-pfl-filter=\"sale\" aria-label=\"Add to portfolio\">\n\t\t\t\t<svg width=\"18\" fill=\"currentColor\" viewBox=\"0 0 512 512\">\n\t\t\t\t\t<use href=\"https:\/\/www.panoramamarbella.com\/wp-content\/themes\/panoramamarbella\/dist\/src\/images\/icons.svg#svgHeart\"><\/use>\n\t\t\t\t<\/svg>\n\t\t\t\t<svg width=\"18\" fill=\"currentColor\" viewBox=\"0 0 512 512\">\n\t\t\t\t\t<use href=\"https:\/\/www.panoramamarbella.com\/wp-content\/themes\/panoramamarbella\/dist\/src\/images\/icons.svg#svgHeartIn\"><\/use>\n\t\t\t\t<\/svg>\n\t\t\t<\/button>\n\t\t<\/div>\n\t\t\t\t<button\n\t\t\tclass=\"carousel-control-prev\"\n\t\t\ttype=\"button\"\n\t\t\tdata-bs-target=\"#carouselCardProperties-1-1\"\n\t\t\tdata-bs-slide=\"prev\">\n\t\t\t<span class=\"carousel-control-prev-icon\" aria-hidden=\"true\"><\/span>\n\t\t\t<span class=\"visually-hidden\">Anterior<\/span>\n\t\t<\/button>\n\t\t<button\n\t\t\tclass=\"carousel-control-next\"\n\t\t\ttype=\"button\"\n\t\t\tdata-bs-target=\"#carouselCardProperties-1-1\"\n\t\t\tdata-bs-slide=\"next\">\n\t\t\t<span class=\"carousel-control-next-icon\" aria-hidden=\"true\"><\/span>\n\t\t\t<span class=\"visually-hidden\">Siguiente<\/span>\n\t\t<\/button>\n\t\t\t<\/div>\n\t<div class=\"d-flex flex-column h-100 px-3 py-4 shadow\">\n\t\t\t\t<h3 class=\"card-properties-title mb-3\">\n\t\t\t<a class=\"stretched-link\" href=\"\/es\/propiedades\/estepona\/estepona-este\/bahia-del-velerin\/apartamentos-y-pisos\/PANR-16352\">\n\t\t\t\tImpecable apartamento con vistas al mar en Bah\u00eda del Veler\u00edn, Estepona\t\t\t<\/a>\n\t\t<\/h3>\n\t\t<p class=\"mb-3 text-black-dark\">Bah\u00eda del Veler\u00edn, Estepona Este<\/p>\n\t\t\t\t\t\t<p class=\"card-properties-description mb-3\">\n\t\t\tEste apartamento en primera l\u00ednea de playa ha sido completamente renovado y transformado en una residencia excepcional, terminada con materiales de la m\u00e1s alta calidad y un dise\u00f1o contempor\u00e1neo refinado. Ubicado en una de las&#8230;\t\t<\/p>\n\t\t\t\t<span class=\"card-properties-price mt-auto\">\n\t\t\t\n\t\t\t<span class=\"card-properties-price mt-auto\" data-original-price=\"1895000\">1.895.000\u00a0\u20ac<\/span>\n\t\t\t\t<\/span>\n\t\t\t\t<ul class=\"card-properties-features list-unstyled d-flex flex-wrap align-items-center gap-3 pt-3 border-top mt-3 mb-0\">\n\t\t\t<li class=\"d-flex align-items-center\">3 Dorms.<\/li><li class=\"d-flex align-items-center\">2 Ba\u00f1os<\/li>\t\t\t\t<li class=\"d-flex align-items-center\">\n\t\t\t\t\t <span class=\"me-1\" data-original-value=\"145\" data-original-unit=\"m&#038;sup2\">145 m&sup2;<\/span>Total\t\t\t\t<\/li>\n\t\t\t\t\t\t\t<li class=\"d-flex align-items-center\">\n\t\t\t\t\t <span class=\"me-1\" data-original-value=\"122\" data-original-unit=\"m&#038;sup2\">122 m&sup2;<\/span>Construido\t\t\t\t<\/li>\n\t\t\t\t\t\t\t<li class=\"d-flex align-items-center\">\n\t\t\t\t\t <span class=\"me-1\" data-original-value=\"23\" data-original-unit=\"m&#038;sup2\">23 m&sup2;<\/span>Terrazas\t\t\t\t<\/li>\n\t\t\t\t\t<\/ul>\n\t\t\t<\/div>\n<\/article>\n\n\n<article class=\"col card-properties position-relative d-flex flex-column\">\n\t<div id=\"carouselCardProperties-1-2\" class=\"card-properties-images carousel slide carousel-fade lazy\" data-bs-ride=\"carousel\" data-bs-interval=\"200000\" data-id=\"697054\">\n\t\t<div class=\"carousel-inner\">\n\t\t\t<figure class=\"carousel-item mb-0 active ratio ratio-4x3\">\n\t\t\t\t<picture><source sizes=\"(max-width: 575px) calc(100vw - 24px), (max-width: 767px) 516px, (max-width: 991px) 696px, (max-width: 1199px) 296px, (max-width: 1399px) 356px, 400px\" width=\"696\" height=\"522\" srcset=\"https:\/\/media.panoramamarbella.com\/imgV1\/B95mbh8olwFQm~uCUaVOI2kQT0hb0a8sZ9turUNfnwtvuccYCzs0YVPfPbfkc2VnnN1JFDpkYaGfw1gJsS~5hOu6YifurfJ25badRj49cT~wgCU8gA88h_E73Y1xGOY4iEqZKXXXhu8yWQ~e84UtvlD9epiouKwXC3d1VOy8eEjq2IfeIKMMymyfY4Xj5bRCilik~QKhvoRAy6cBaqTXa8wyypq39Kqm5zzScwS5A6GNcTX8CFB_yK1~KOdtt78StZUHwguqN8XODG9qYWsY8MdvqJnToWcBJ6coBfHLqH98SffC2r72xnFRJaPHOd0fCoU8EJuhotljZIpTUPLFkY9oVG1aggQWae46sULFGQBIRjigtogjCoFPzHNex_FQ_d8Hq~0Ly7i~3XyKEGNfo1EGP7WN_csPp6~p2_hXsouUkL83MNgfgysLsUyuhy3f_h4NHVw5TK7koPK05OH9.webp 696w,https:\/\/media.panoramamarbella.com\/imgV1\/B95mbh8olwFQm~uCUaVOI2kQT0hb0a8sZ9turUNfnwtvuccYCzs0YVPfPbfkc2VnnN1JFDpkYaGfw1gJsS~5hOu6YifurfJ25badRj49cT~wgCU8gA88h_E73Y1xGOY4iEqZKXXXhu8yWQ~e84UtvlD9epiouKwXC3d1VOy8egV7qxq67Oy0cUZHL07oA9s_0zKiKGJNORdErts5_xL5XksUR~CM9qut1BNtuWEBe3c0o2TadF7cjEfDVu4I_oZECgxMK492O9~9NHHsIJHrhE8D6eMeXjuRg~vkRAM5OwAZTGxfBprZGXV9NZ3c0WC8FHyvU137d3K20O1_By~z8sEL1rPRtcT0eaegl1t9fiPnMISXVnnV3nbVteQRofPDokmvLhadVNNQrXOSXpOqWy8C~8KvXw1NrKIgaXeyoZVzIEqNORklDsaCOmdSC0XU~It4phrLx7ik_Qs_WQJ8.webp 400w\" type=\"image\/webp\"><img decoding=\"async\" class=\"position-absolute w-100 h-100 object-fit-cover\" alt=\"Exclusivas villas nuevas cerca de El Campanario Golf en Estepona Este\" loading=\"lazy\" width=\"696\" height=\"522\" src=\"https:\/\/media.panoramamarbella.com\/imgV1\/B95mbh8olwFQm~uCUaVOI2kQT0hb0a8sZ9turUNfnwtvuccYCzs0YVPfPbfkc2VnnN1JFDpkYaGfw1gJsS~5hOu6YifurfJ25badRj49cT~wgCU8gA88h_E73Y1xGOY4iEqZKXXXhu8yWQ~e84UtvlD9epiouKwXC3d1VOy8eEjq2IfeIKMMymyfY4Xj_85Ks_~wdV6y7mC83I4fQ3fH3Q5Filo7arkekjyc5~PqEOc7HcSplU1wVVSxN2WKotAXTG301Hc6NYMbJrr0BTrh0_RumqcSNxvOSxQPkU3SD_N_9XqtlfvArCVN8hok0XXhzW8fZ2nuP47Nbc2jSfnrajBsrhOIaLswkarQmg5l4RhmrwypsfwLPJox6cgcIpXa43QrKRZHpFiGMy9KIbwm8hiixzlkB4AZsEl2G2Sytz~y1W2qwi~4iPzkQNI-.jpg\"><\/picture>\t\t\t<\/figure>\n\t\t\t\t\t\t<span class=\"card-properties-ref position-absolute z-2 bottom-0 end-0 bg-white text-primary py-1 px-3 me-3\">\n\t\t\t\tPANR-16332\t\t\t<\/span>\n\t\t\t<button class=\"card-properties-portfolio d-flex align-items-center justify-content-center position-absolute z-3 end-0 text-white bg-primary me-3 border-0 px-0\" data-pfl-id=\"697054\" data-pfl-filter=\"sale\" aria-label=\"Add to portfolio\">\n\t\t\t\t<svg width=\"18\" fill=\"currentColor\" viewBox=\"0 0 512 512\">\n\t\t\t\t\t<use href=\"https:\/\/www.panoramamarbella.com\/wp-content\/themes\/panoramamarbella\/dist\/src\/images\/icons.svg#svgHeart\"><\/use>\n\t\t\t\t<\/svg>\n\t\t\t\t<svg width=\"18\" fill=\"currentColor\" viewBox=\"0 0 512 512\">\n\t\t\t\t\t<use href=\"https:\/\/www.panoramamarbella.com\/wp-content\/themes\/panoramamarbella\/dist\/src\/images\/icons.svg#svgHeartIn\"><\/use>\n\t\t\t\t<\/svg>\n\t\t\t<\/button>\n\t\t<\/div>\n\t\t\t\t<button\n\t\t\tclass=\"carousel-control-prev\"\n\t\t\ttype=\"button\"\n\t\t\tdata-bs-target=\"#carouselCardProperties-1-2\"\n\t\t\tdata-bs-slide=\"prev\">\n\t\t\t<span class=\"carousel-control-prev-icon\" aria-hidden=\"true\"><\/span>\n\t\t\t<span class=\"visually-hidden\">Anterior<\/span>\n\t\t<\/button>\n\t\t<button\n\t\t\tclass=\"carousel-control-next\"\n\t\t\ttype=\"button\"\n\t\t\tdata-bs-target=\"#carouselCardProperties-1-2\"\n\t\t\tdata-bs-slide=\"next\">\n\t\t\t<span class=\"carousel-control-next-icon\" aria-hidden=\"true\"><\/span>\n\t\t\t<span class=\"visually-hidden\">Siguiente<\/span>\n\t\t<\/button>\n\t\t\t<\/div>\n\t<div class=\"d-flex flex-column h-100 px-3 py-4 shadow\">\n\t\t\t\t<h3 class=\"card-properties-title mb-3\">\n\t\t\t<a class=\"stretched-link\" href=\"\/es\/propiedades\/estepona\/estepona-este\/monte-biarritz\/villas-y-chalets\/PANR-16332\">\n\t\t\t\tExclusivas villas nuevas cerca de El Campanario Golf en Estepona Este\t\t\t<\/a>\n\t\t<\/h3>\n\t\t<p class=\"mb-3 text-black-dark\">Monte Biarritz, Estepona Este<\/p>\n\t\t\t\t\t\t<p class=\"card-properties-description mb-3\">\n\t\t\tPerfectamente situadas entre Estepona y San Pedro de Alc\u00e1ntara, esta exclusiva promoci\u00f3n de dos villas contempor\u00e1neas en Monte Biarritz representa un verdadero santuario de vida refinada en la Costa del Sol.\r\n\r\nDise\u00f1adas cuidadosamente con una elegancia&#8230;\t\t<\/p>\n\t\t\t\t<span class=\"card-properties-price mt-auto\">\n\t\t\t\n\t\t\t<span class=\"card-properties-price mt-auto\" data-original-price=\"1850000\">1.850.000\u00a0\u20ac<\/span>\n\t\t\t\t<\/span>\n\t\t\t\t<ul class=\"card-properties-features list-unstyled d-flex flex-wrap align-items-center gap-3 pt-3 border-top mt-3 mb-0\">\n\t\t\t<li class=\"d-flex align-items-center\">5 Dorms.<\/li><li class=\"d-flex align-items-center\">4 Ba\u00f1os<\/li>\t\t\t\t<li class=\"d-flex align-items-center\">\n\t\t\t\t\t <span class=\"me-1\" data-original-value=\"599\" data-original-unit=\"m&#038;sup2\">599 m&sup2;<\/span>Total\t\t\t\t<\/li>\n\t\t\t\t\t\t\t<li class=\"d-flex align-items-center\">\n\t\t\t\t\t <span class=\"me-1\" data-original-value=\"556\" data-original-unit=\"m&#038;sup2\">556 m&sup2;<\/span>Parcela\t\t\t\t<\/li>\n\t\t\t\t\t\t\t\t<li class=\"d-flex align-items-center\">\n\t\t\t\t\t <span class=\"me-1\" data-original-value=\"330\" data-original-unit=\"m&#038;sup2\">330 m&sup2;<\/span>Construido\t\t\t\t<\/li>\n\t\t\t\t\t\t\t<li class=\"d-flex align-items-center\">\n\t\t\t\t\t <span class=\"me-1\" data-original-value=\"269\" data-original-unit=\"m&#038;sup2\">269 m&sup2;<\/span>Terrazas\t\t\t\t<\/li>\n\t\t\t\t\t<\/ul>\n\t\t\t<\/div>\n<\/article>\n\t\t\t<\/div>\n\t\t\t<ul class=\"mw-100 d-flex flex-column flex-lg-row flex-lg-wrap justify-content-center gap-3 list-unstyled mt-5 mb-0\">\n    <li><a class=\"btn btn-primary w-100 px-4 py-2\" href=\"https:\/\/www.panoramamarbella.com\/es\/propiedades\">Propiedades en venta<\/a><\/li><\/ul>\n\t\t<\/section>\n\t\t\n","protected":false},"excerpt":{"rendered":"<p>Marbella asegura un puesto en el Top 5 de las zonas m\u00e1s buscadas de Espa\u00f1a en 2025, combinando estilo de vida, glamour y valor de inversi\u00f3n.<\/p>\n","protected":false},"author":7,"featured_media":23875,"comment_status":"closed","ping_status":"closed","sticky":false,"template":"","format":"standard","meta":{"_acf_changed":false,"footnotes":""},"categories":[44],"tags":[],"class_list":["post-23885","post","type-post","status-publish","format-standard","has-post-thumbnail","hentry","category-noticias-sector-inmobiliario"],"acf":[],"_links":{"self":[{"href":"https:\/\/www.panoramamarbella.com\/es\/wp-json\/wp\/v2\/posts\/23885","targetHints":{"allow":["GET"]}}],"collection":[{"href":"https:\/\/www.panoramamarbella.com\/es\/wp-json\/wp\/v2\/posts"}],"about":[{"href":"https:\/\/www.panoramamarbella.com\/es\/wp-json\/wp\/v2\/types\/post"}],"author":[{"embeddable":true,"href":"https:\/\/www.panoramamarbella.com\/es\/wp-json\/wp\/v2\/users\/7"}],"replies":[{"embeddable":true,"href":"https:\/\/www.panoramamarbella.com\/es\/wp-json\/wp\/v2\/comments?post=23885"}],"version-history":[{"count":1,"href":"https:\/\/www.panoramamarbella.com\/es\/wp-json\/wp\/v2\/posts\/23885\/revisions"}],"predecessor-version":[{"id":25000,"href":"https:\/\/www.panoramamarbella.com\/es\/wp-json\/wp\/v2\/posts\/23885\/revisions\/25000"}],"wp:featuredmedia":[{"embeddable":true,"href":"https:\/\/www.panoramamarbella.com\/es\/wp-json\/wp\/v2\/media\/23875"}],"wp:attachment":[{"href":"https:\/\/www.panoramamarbella.com\/es\/wp-json\/wp\/v2\/media?parent=23885"}],"wp:term":[{"taxonomy":"category","embeddable":true,"href":"https:\/\/www.panoramamarbella.com\/es\/wp-json\/wp\/v2\/categories?post=23885"},{"taxonomy":"post_tag","embeddable":true,"href":"https:\/\/www.panoramamarbella.com\/es\/wp-json\/wp\/v2\/tags?post=23885"}],"curies":[{"name":"wp","href":"https:\/\/api.w.org\/{rel}","templated":true}]}}