{"id":30689,"date":"2025-12-09T17:25:05","date_gmt":"2025-12-09T16:25:05","guid":{"rendered":"https:\/\/www.panoramamarbella.com\/?p=30689"},"modified":"2025-12-10T11:57:15","modified_gmt":"2025-12-10T10:57:15","slug":"navidad-en-espana-10-tradiciones","status":"publish","type":"post","link":"https:\/\/www.panoramamarbella.com\/es\/news\/navidad-en-espana-10-tradiciones","title":{"rendered":"De belenes a zambombas: 10 tradiciones de la Navidad en Espa\u00f1a"},"content":{"rendered":"\n\n<h2 class=\"wp-block-heading\">Navidad en Espa\u00f1a: las 10 tradiciones que tienes que conocer<\/h2>\n\n\n<div class=\"lead\"><p data-start=\"0\" data-end=\"363\">En Espa\u00f1a, la Navidad no es simplemente la antesala de un d\u00eda concreto, sino una larga y luminosa temporada que se extiende desde los \u00faltimos d\u00edas de noviembre hasta la primera semana de enero. Todo comienza con el encendido oficial de las luces de Navidad en las calles y culmina con las magn\u00edficas cabalgatas del D\u00eda de Reyes, el 6 de enero del a\u00f1o siguiente.<\/p>\n<p data-start=\"365\" data-end=\"811\">Aqu\u00ed, en la Costa del Sol, ciudades como M\u00e1laga y Marbella son un ejemplo perfecto de c\u00f3mo las tradiciones espa\u00f1olas combinan lo antiguo con lo moderno: desde las zambombas, tan arraigadas en la cultura del sur de Espa\u00f1a, y las celebraciones del D\u00eda de Reyes que tienen lugar en todo el pa\u00eds, hasta costumbres relativamente m\u00e1s recientes, como la llegada de Pap\u00e1 Noel y sus casas navide\u00f1as, que aparecen en las plazas principales y centros comerciales.<\/p>\n<\/div>\n\n\n<ul class=\"table-index list-unstyled p-4 p-lg-5 ms-0 bg-light\"><li class=\"text-uppercase fw-bold mb-3\">Tabla de contenidos<\/li><li><a href=\"#navidad+en+espana+las+10+tradiciones+que+tienes+que+conocer\">\nNavidad en Espa\u00f1a: las 10 tradiciones que tienes que conocer\n<\/a><\/li>\n<li><a href=\"#una+temporada+que+va+desde+finales+de+noviembre+hasta+principios+de+enero\">\nUna temporada que va desde finales de noviembre hasta principios de enero\n<\/a><\/li>\n<li><a href=\"#1zambomba+zambombada+y+zambomba+el+sonido+de+la+navidad+andaluza\">\n1.Zambomba, zambombada y zambomb\u00e1: el sonido de la Navidad andaluza\n<\/a><\/li>\n<li><a href=\"#2belenes+la+tradicion+navidena+favorita+de+espana\">\n2.Belenes: la tradici\u00f3n navide\u00f1a favorita de Espa\u00f1a\n<\/a><\/li>\n<li><a href=\"#3papa+noel+una+incorporacion+moderna+a+la+navidad+espanola\">\n3.Pap\u00e1 Noel: una incorporaci\u00f3n moderna a la Navidad espa\u00f1ola\n<\/a><\/li>\n<li><a href=\"#4luces+de+navidad+por+toda+espana\">\n4.Luces de Navidad por toda Espa\u00f1a\n<\/a><\/li>\n<li><a href=\"#5arboles+de+navidad+en+cada+plaza\">\n5.\u00c1rboles de Navidad en cada plaza\n<\/a><\/li>\n<li><a href=\"#6nochebuena+y+los+sabores+de+la+navidad+espanola\">\n6.Nochebuena y los sabores de la Navidad espa\u00f1ola\n<\/a><\/li>\n<li><a href=\"#7el+gordo+la+loteria+que+anuncia+que+la+navidad+ha+comenzado\">\n7.El Gordo: la loter\u00eda que anuncia que la Navidad ha comenzado\n<\/a><\/li>\n<li><a href=\"#828+de+diciembre+dia+de+los+santos+inocentes\">\n8.28 de diciembre: D\u00eda de los Santos Inocentes\n<\/a><\/li>\n<li><a href=\"#9nochevieja+doce+uvas+para+la+buena+suerte\">\n9.Nochevieja: doce uvas para la buena suerte\n<\/a><\/li>\n<li><a href=\"#10los+reyes+magos++dia+de+reyes+la+noche+mas+magica+del+ano\">\n10.Los Reyes Magos | D\u00eda de Reyes: la noche m\u00e1s m\u00e1gica del a\u00f1o\n<\/a><\/li>\n<li><a href=\"#una+temporada+festiva+construida+entre+todos\">\nUna temporada festiva construida entre todos\n<\/a><\/li><\/ul>\n\n\n\t<figure class=\"wp-caption aligncenter wp-block-acf-wpimage\">\n\t<picture><source width=\"900\" height=\"600\" srcset=\"https:\/\/media.panoramamarbella.com\/imgV1\/B95mbh8olwFQm~uCT2wPZMb8hll4wghQQQq6YWg0~c~U_DrmgY8pGP8pqaDzA6mvjyI_OPtcrHD_aKxDZZC5gXpRq0NBUukQFmfF9kaqehNO4Tw5rvwHMWPbTfw~BZzIQCEGWy5W0qUeMcii9tmu7eKBNXZhJsoridAi8x0zDQH7j_7Crom8Rs8c_dqhSViFc~r2wqsYXxkZsgBwPSfmwgvs.webp 900w\" type=\"image\/webp\"><img decoding=\"async\" class=\"img-fluid\" loading=\"lazy\" width=\"900\" height=\"600\" alt=\"Una pareja sonriente con ropa de invierno disfruta de una bebida caliente juntos en un mercado navide\u00f1o al aire libre con luces festivas.\" src=\"https:\/\/media.panoramamarbella.com\/imgV1\/B95mbh8olwFQm~uCT2wPZMb8hll4wghQQQq6YWg0~c~U_DrmgY8pGP8pqaDzA6mvjyI_OPtcrHD_aKxDZZC5gXpRq0NBUukQFmfF9kaqehNO4Tw5rvwHMWPbTfw~BZzIQCEGWy5W0qUeMcii9tmu7eKBNXZhJsoridAi8x0zE8zDCOOzmOIMdn4imjoJHNM-.jpg\"><\/picture>\t\t<\/figure>\n\t\n\n\n<h2 class=\"wp-block-heading\">Una temporada que va desde finales de noviembre hasta principios de enero<\/h2>\n\n\n\n<p>La Navidad en Espa\u00f1a comienza realmente cuando se encienden las luces en cada pueblo o ciudad, a finales de noviembre, y no termina de verdad hasta despu\u00e9s del D\u00eda de Reyes, el 6 de enero.<\/p>\n\n\n\n<p>Las fechas clave que la mayor\u00eda de las familias espa\u00f1olas celebran son:<\/p>\n\n\n\n<ul class=\"wp-block-list\">\n<li><strong>Nochebuena (24 de diciembre)<\/strong><br>La gran reuni\u00f3n familiar. Muchos espa\u00f1oles consideran esta noche como la m\u00e1s importante de las fiestas, con una larga cena en casa y, en muchos lugares, la tradicional misa del gallo a medianoche.<\/li>\n\n\n\n<li><strong>Navidad (25 de diciembre)<\/strong><br>Un d\u00eda m\u00e1s tranquilo en familia. Cada vez m\u00e1s ni\u00f1os se despiertan con regalos de Pap\u00e1 Noel, aunque en muchos hogares el gran d\u00eda de los regalos sigue siendo enero.<\/li>\n\n\n\n<li><strong>Nochevieja (31 de diciembre)<\/strong><br>Se celebra con fiestas y las famosas \u201cdoce uvas\u201d a medianoche, una con cada campanada del reloj.<\/li>\n\n\n\n<li><strong>Cabalgata de Reyes y D\u00eda de Reyes (5 y 6 de enero)<\/strong><br>Las espectaculares cabalgatas de los Reyes Magos y la ma\u00f1ana en la que muchos ni\u00f1os abren sus regalos principales.<\/li>\n<\/ul>\n\n\n\n<h2 class=\"wp-block-heading\">1.<em>Zambomba,<\/em> <em>zambombada<\/em> y <em>zambomb\u00e1<\/em>: el sonido de la Navidad andaluza<\/h2>\n\n\n\t<figure class=\"wp-caption aligncenter wp-block-acf-wpimage\">\n\t<picture><source width=\"900\" height=\"602\" srcset=\"https:\/\/media.panoramamarbella.com\/imgV1\/B95mbh8olwFQm~uCT2wPZMb8hll4wghQQQq6YWg0~c~U_DrmgY8pGP8pqaDzA6mvjyI_OPtcrHD_aKxDZZC5gXmAAfa68T~cWzXft9ktqMIZZr6fPyUnUtBaz3EpHY3~_DWgC_RsBX6OO8bPx3UQfU_rzSVOb9gAhX1IxDEidcYshYUiPSKu2c85gsWzSqcP~p9nn9V5hzQ_7f~KlPE1dU__.webp 900w\" type=\"image\/webp\"><img decoding=\"async\" class=\"img-fluid\" loading=\"lazy\" width=\"900\" height=\"602\" alt=\"Fila de peque\u00f1as zambombas de barro rellenas de papel de seda brillante y palitos de madera, parte de las coloridas decoraciones navide\u00f1as tradicionales en Espa\u00f1a.\" src=\"https:\/\/media.panoramamarbella.com\/imgV1\/B95mbh8olwFQm~uCT2wPZMb8hll4wghQQQq6YWg0~c~U_DrmgY8pGP8pqaDzA6mvjyI_OPtcrHD_aKxDZZC5gXmAAfa68T~cWzXft9ktqMIZZr6fPyUnUtBaz3EpHY3~_DWgC_RsBX6OO8bPx3UQfU_rzSVOb9gAhX1IxDEia2W8qQCmkWNeCsSdgqSAk7I-.jpg\"><\/picture>\t\t\t<figcaption class=\"wp-caption-text\">\n\t\tLa zambomb\u00e1 es una de las tradiciones andaluzas m\u00e1s queridas\t\t<\/figcaption>\n\t\t\t<\/figure>\n\t\n\n\n<p>En el sur de Espa\u00f1a, la Navidad tiene banda sonora. La zambomb\u00e1 es una de las tradiciones andaluzas m\u00e1s queridas, especialmente en localidades como Jerez. Las comunidades se re\u00fanen en patios o peque\u00f1as plazas para cantar villancicos al estilo flamenco, acompa\u00f1ados de guitarras, panderetas, palmas y el ritmo profundo y resonante de la propia zambomba. Estos encuentros se sienten espont\u00e1neos, animados e inclusivos, y re\u00fanen a vecinos y visitantes bajo el cielo invernal.<\/p>\n\n\n\n<p>Marbella tambi\u00e9n ha hecho suya esta tradici\u00f3n. A lo largo de diciembre, las zambombas flamencas se celebran por toda la ciudad, aportando un toque andaluz aut\u00e9ntico a la temporada navide\u00f1a.<\/p>\n\n\n\n<h2 class=\"wp-block-heading\">2.<em>Belenes<\/em>: la tradici\u00f3n navide\u00f1a favorita de Espa\u00f1a<\/h2>\n\n\n\t<figure class=\"wp-caption aligncenter wp-block-acf-wpimage\">\n\t<picture><source width=\"900\" height=\"600\" srcset=\"https:\/\/media.panoramamarbella.com\/imgV1\/B95mbh8olwFQm~uCT2wPZMb8hll4wghQQQq6YWg0~c~U_DrmgY8pGP8pqaDzA6mvjyI_OPtcrHD_aKxDZZC5gXhXAbakQIBqoFgJstlisbCe6Jnsc88MfVDynKz7QzYBU6GuD8jqcAMt_USbv_4CrE8uqdOOUkArabsw2mX0WA~CkTHr~RkIcX6HXhrIkF2hYKGnBAMpFqVK8~m8P4HO5L3B.webp 900w\" type=\"image\/webp\"><img decoding=\"async\" class=\"img-fluid\" loading=\"lazy\" width=\"900\" height=\"600\" alt=\"Bel\u00e9n tradicional con Mar\u00eda, Jos\u00e9 y el Ni\u00f1o Jes\u00fas rodeados de un \u00e1ngel, pastores y animales en un establo c\u00e1lidamente iluminado.\" src=\"https:\/\/media.panoramamarbella.com\/imgV1\/B95mbh8olwFQm~uCT2wPZMb8hll4wghQQQq6YWg0~c~U_DrmgY8pGP8pqaDzA6mvjyI_OPtcrHD_aKxDZZC5gXhXAbakQIBqoFgJstlisbCe6Jnsc88MfVDynKz7QzYBU6GuD8jqcAMt_USbv_4CrE8uqdOOUkArabsw2mX0RqjDeArOpCZAklXYde2v8tI-.jpg\"><\/picture>\t\t\t<figcaption class=\"wp-caption-text\">\n\t\tEl Bel\u00e9n, o Nacimiento, siempre ha estado en el centro de la decoraci\u00f3n navide\u00f1a en Espa\u00f1a\t\t<\/figcaption>\n\t\t\t<\/figure>\n\t\n\n\n<p>Aunque hoy en d\u00eda los \u00e1rboles de Navidad est\u00e1n por todas partes en Espa\u00f1a, el <em>Bel\u00e9n<\/em>, o <em>Nacimiento<\/em>, ha sido durante mucho tiempo el coraz\u00f3n de la decoraci\u00f3n navide\u00f1a espa\u00f1ola.<\/p>\n\n\n\n<p>Las familias suelen montar escenas muy elaboradas en casa, a veces aut\u00e9nticos pueblos en miniatura con r\u00edos, pastores y norias en funcionamiento. Los ayuntamientos, iglesias y asociaciones culturales tambi\u00e9n crean grandes belenes p\u00fablicos. En muchas localidades, ir de belenes se convierte en un plan navide\u00f1o en s\u00ed mismo.<\/p>\n\n\n\n<p>En Marbella, cada a\u00f1o se instalan varios belenes p\u00fablicos en distintos puntos del casco antiguo, como la Plaza de los Naranjos, el Parque de la Alameda y diversos edificios municipales del centro hist\u00f3rico.<\/p>\n\n\n\n<h2 class=\"wp-block-heading\">3.<em>Pap\u00e1 Noel<\/em>: una incorporaci\u00f3n moderna a la Navidad espa\u00f1ola<\/h2>\n\n\n\t<figure class=\"wp-caption aligncenter wp-block-acf-wpimage\">\n\t<picture><source width=\"900\" height=\"601\" srcset=\"https:\/\/media.panoramamarbella.com\/imgV1\/B95mbh8olwFQm~uCT2wPZMb8hll4wghQQQq6YWg0~c~U_DrmgY8pGP8pqaDzA6mvjyI_OPtcrHD_aKxDZZC5gX_yXTVIKfba8z5t~yvB5x0XbZc6VaO_mST4XZCWL48AmJSbIs2X_gSX1oYPxU6at6KSu4O8EEnbpBshL~~HF6jkvDrphUWk5FmamEz8~aKwWd7UBcriiOvORft2IZpXL7Fb.webp 900w\" type=\"image\/webp\"><img decoding=\"async\" class=\"img-fluid\" loading=\"lazy\" width=\"900\" height=\"601\" alt=\"Pap\u00e1 Noel sosteniendo una pila de regalos de Navidad envueltos en dorado y rojo, en una habitaci\u00f3n acogedora decorada de forma festiva.\" src=\"https:\/\/media.panoramamarbella.com\/imgV1\/B95mbh8olwFQm~uCT2wPZMb8hll4wghQQQq6YWg0~c~U_DrmgY8pGP8pqaDzA6mvjyI_OPtcrHD_aKxDZZC5gX_yXTVIKfba8z5t~yvB5x0XbZc6VaO_mST4XZCWL48AmJSbIs2X_gSX1oYPxU6at6KSu4O8EEnbpBshL~~HCY0C7oDiSEGFGWa~oaytldk-.jpg\"><\/picture>\t\t<\/figure>\n\t\n\n\n<p>Aunque hoy Pap\u00e1 Noel nos parezca una figura universal, en la tradici\u00f3n espa\u00f1ola es una incorporaci\u00f3n relativamente reciente. Durante buena parte del siglo XX, los ni\u00f1os recib\u00edan regalos \u00fanicamente el 6 de enero, de manos de los Reyes Magos.<\/p>\n\n\n\n<p>Pap\u00e1 Noel empez\u00f3 a ganar visibilidad en Espa\u00f1a a trav\u00e9s del cine y de la publicidad internacional a finales del siglo XX. Para la d\u00e9cada de 1990 ya era una figura habitual en los centros comerciales, con cabinas de fotos y cartas de deseos para los ni\u00f1os. Hoy forma parte estable de la Navidad: muchas familias disfrutan de una peque\u00f1a ronda de regalos el 25 de diciembre, manteniendo a la vez a los Reyes Magos como los principales portadores de regalos en enero.<\/p>\n\n\n\n<h2 class=\"wp-block-heading\">4.Luces de Navidad por toda Espa\u00f1a<\/h2>\n\n\n\n<blockquote class=\"instagram-media\" data-instgrm-captioned data-instgrm-permalink=\"https:\/\/www.instagram.com\/reel\/DRt6tYyjNQ2\/?utm_source=ig_embed&amp;utm_campaign=loading\" data-instgrm-version=\"14\" style=\" background:#FFF; border:0; border-radius:3px; box-shadow:0 0 1px 0 rgba(0,0,0,0.5),0 1px 10px 0 rgba(0,0,0,0.15); margin: 1px; max-width:540px; min-width:326px; padding:0; width:99.375%; width:-webkit-calc(100% - 2px); width:calc(100% - 2px);\"><div style=\"padding:16px;\"> <a href=\"https:\/\/www.instagram.com\/reel\/DRt6tYyjNQ2\/?utm_source=ig_embed&amp;utm_campaign=loading\" style=\" background:#FFFFFF; line-height:0; padding:0 0; text-align:center; text-decoration:none; width:100%;\" target=\"_blank\" rel=\"noopener\"> <div style=\" display: flex; flex-direction: row; align-items: center;\"> <div style=\"background-color: #F4F4F4; border-radius: 50%; flex-grow: 0; height: 40px; margin-right: 14px; width: 40px;\"><\/div> <div style=\"display: flex; flex-direction: column; flex-grow: 1; justify-content: center;\"> <div style=\" background-color: #F4F4F4; border-radius: 4px; flex-grow: 0; height: 14px; margin-bottom: 6px; width: 100px;\"><\/div> <div style=\" background-color: #F4F4F4; border-radius: 4px; flex-grow: 0; height: 14px; width: 60px;\"><\/div><\/div><\/div><div style=\"padding: 19% 0;\"><\/div> <div style=\"display:block; height:50px; margin:0 auto 12px; width:50px;\"><svg width=\"50px\" height=\"50px\" viewBox=\"0 0 60 60\" version=\"1.1\" xmlns=\"https:\/\/www.w3.org\/2000\/svg\" xmlns:xlink=\"https:\/\/www.w3.org\/1999\/xlink\"><g stroke=\"none\" stroke-width=\"1\" fill=\"none\" fill-rule=\"evenodd\"><g transform=\"translate(-511.000000, -20.000000)\" fill=\"#000000\"><g><path d=\"M556.869,30.41 C554.814,30.41 553.148,32.076 553.148,34.131 C553.148,36.186 554.814,37.852 556.869,37.852 C558.924,37.852 560.59,36.186 560.59,34.131 C560.59,32.076 558.924,30.41 556.869,30.41 M541,60.657 C535.114,60.657 530.342,55.887 530.342,50 C530.342,44.114 535.114,39.342 541,39.342 C546.887,39.342 551.658,44.114 551.658,50 C551.658,55.887 546.887,60.657 541,60.657 M541,33.886 C532.1,33.886 524.886,41.1 524.886,50 C524.886,58.899 532.1,66.113 541,66.113 C549.9,66.113 557.115,58.899 557.115,50 C557.115,41.1 549.9,33.886 541,33.886 M565.378,62.101 C565.244,65.022 564.756,66.606 564.346,67.663 C563.803,69.06 563.154,70.057 562.106,71.106 C561.058,72.155 560.06,72.803 558.662,73.347 C557.607,73.757 556.021,74.244 553.102,74.378 C549.944,74.521 548.997,74.552 541,74.552 C533.003,74.552 532.056,74.521 528.898,74.378 C525.979,74.244 524.393,73.757 523.338,73.347 C521.94,72.803 520.942,72.155 519.894,71.106 C518.846,70.057 518.197,69.06 517.654,67.663 C517.244,66.606 516.755,65.022 516.623,62.101 C516.479,58.943 516.448,57.996 516.448,50 C516.448,42.003 516.479,41.056 516.623,37.899 C516.755,34.978 517.244,33.391 517.654,32.338 C518.197,30.938 518.846,29.942 519.894,28.894 C520.942,27.846 521.94,27.196 523.338,26.654 C524.393,26.244 525.979,25.756 528.898,25.623 C532.057,25.479 533.004,25.448 541,25.448 C548.997,25.448 549.943,25.479 553.102,25.623 C556.021,25.756 557.607,26.244 558.662,26.654 C560.06,27.196 561.058,27.846 562.106,28.894 C563.154,29.942 563.803,30.938 564.346,32.338 C564.756,33.391 565.244,34.978 565.378,37.899 C565.522,41.056 565.552,42.003 565.552,50 C565.552,57.996 565.522,58.943 565.378,62.101 M570.82,37.631 C570.674,34.438 570.167,32.258 569.425,30.349 C568.659,28.377 567.633,26.702 565.965,25.035 C564.297,23.368 562.623,22.342 560.652,21.575 C558.743,20.834 556.562,20.326 553.369,20.18 C550.169,20.033 549.148,20 541,20 C532.853,20 531.831,20.033 528.631,20.18 C525.438,20.326 523.257,20.834 521.349,21.575 C519.376,22.342 517.703,23.368 516.035,25.035 C514.368,26.702 513.342,28.377 512.574,30.349 C511.834,32.258 511.326,34.438 511.181,37.631 C511.035,40.831 511,41.851 511,50 C511,58.147 511.035,59.17 511.181,62.369 C511.326,65.562 511.834,67.743 512.574,69.651 C513.342,71.625 514.368,73.296 516.035,74.965 C517.703,76.634 519.376,77.658 521.349,78.425 C523.257,79.167 525.438,79.673 528.631,79.82 C531.831,79.965 532.853,80.001 541,80.001 C549.148,80.001 550.169,79.965 553.369,79.82 C556.562,79.673 558.743,79.167 560.652,78.425 C562.623,77.658 564.297,76.634 565.965,74.965 C567.633,73.296 568.659,71.625 569.425,69.651 C570.167,67.743 570.674,65.562 570.82,62.369 C570.966,59.17 571,58.147 571,50 C571,41.851 570.966,40.831 570.82,37.631\"><\/path><\/g><\/g><\/g><\/svg><\/div><div style=\"padding-top: 8px;\"> <div style=\" color:#3897f0; font-family:Arial,sans-serif; font-size:14px; font-style:normal; font-weight:550; line-height:18px;\">View this post on Instagram<\/div><\/div><div style=\"padding: 12.5% 0;\"><\/div> <div style=\"display: flex; flex-direction: row; margin-bottom: 14px; align-items: center;\"><div> <div style=\"background-color: #F4F4F4; border-radius: 50%; height: 12.5px; width: 12.5px; transform: translateX(0px) translateY(7px);\"><\/div> <div style=\"background-color: #F4F4F4; height: 12.5px; transform: rotate(-45deg) translateX(3px) translateY(1px); width: 12.5px; flex-grow: 0; margin-right: 14px; margin-left: 2px;\"><\/div> <div style=\"background-color: #F4F4F4; border-radius: 50%; height: 12.5px; width: 12.5px; transform: translateX(9px) translateY(-18px);\"><\/div><\/div><div style=\"margin-left: 8px;\"> <div style=\" background-color: #F4F4F4; border-radius: 50%; flex-grow: 0; height: 20px; width: 20px;\"><\/div> <div style=\" width: 0; height: 0; border-top: 2px solid transparent; border-left: 6px solid #f4f4f4; border-bottom: 2px solid transparent; transform: translateX(16px) translateY(-4px) rotate(30deg)\"><\/div><\/div><div style=\"margin-left: auto;\"> <div style=\" width: 0px; border-top: 8px solid #F4F4F4; border-right: 8px solid transparent; transform: translateY(16px);\"><\/div> <div style=\" background-color: #F4F4F4; flex-grow: 0; height: 12px; width: 16px; transform: translateY(-4px);\"><\/div> <div style=\" width: 0; height: 0; border-top: 8px solid #F4F4F4; border-left: 8px solid transparent; transform: translateY(-4px) translateX(8px);\"><\/div><\/div><\/div> <div style=\"display: flex; flex-direction: column; flex-grow: 1; justify-content: center; margin-bottom: 24px;\"> <div style=\" background-color: #F4F4F4; border-radius: 4px; flex-grow: 0; height: 14px; margin-bottom: 6px; width: 224px;\"><\/div> <div style=\" background-color: #F4F4F4; border-radius: 4px; flex-grow: 0; height: 14px; width: 144px;\"><\/div><\/div><\/a><p style=\" color:#c9c8cd; font-family:Arial,sans-serif; font-size:14px; line-height:17px; margin-bottom:0; margin-top:8px; overflow:hidden; padding:8px 0 7px; text-align:center; text-overflow:ellipsis; white-space:nowrap;\"><a href=\"https:\/\/www.instagram.com\/reel\/DRt6tYyjNQ2\/?utm_source=ig_embed&amp;utm_campaign=loading\" style=\" color:#c9c8cd; font-family:Arial,sans-serif; font-size:14px; font-style:normal; font-weight:normal; line-height:17px; text-decoration:none;\" target=\"_blank\" rel=\"noopener\">A post shared by Panorama Properties Marbella (@panoramamarbella)<\/a><\/p><\/div><\/blockquote>\n<script async src=\"\/\/www.instagram.com\/embed.js\"><\/script>\n\n\n\n<p>Uno de los momentos m\u00e1s esperados de la temporada es el encendido de las luces de Navidad, que suele tener lugar en los \u00faltimos d\u00edas de noviembre. M\u00e1laga es famosa por su impresionante despliegue en la calle Larios, donde m\u00e1s de 2,5 millones de luces LED crean un pasaje luminoso a trav\u00e9s del casco hist\u00f3rico. Marbella da inicio a sus fiestas el mismo fin de semana con una animada velada de m\u00fasica, pasacalles y su primer encendido oficial.<\/p>\n\n\n\n<p>Estos encendidos marcan el tono de las semanas siguientes. Desde peque\u00f1os puertos pesqueros hasta grandes avenidas, Espa\u00f1a decora sus calles, farolas, \u00e1rboles y plazas con luces que convierten cada localidad en una celebraci\u00f3n al aire libre.<\/p>\n\n\n\n<h2 class=\"wp-block-heading\">5.\u00c1rboles de Navidad en cada plaza<\/h2>\n\n\n\t<figure class=\"wp-caption aligncenter wp-block-acf-wpimage\">\n\t<picture><source width=\"900\" height=\"600\" srcset=\"https:\/\/media.panoramamarbella.com\/imgV1\/B95mbh8olwFQm~uCT2wPZMb8hll4wghQQQq6YWg0~c~U_DrmgY8pGP8pqaDzA6mvjyI_OPtcrHD_aKxDZZC5gX7WzQguTphg8jlP14OFMPOaJLiBTGljptA4KvyqKdf5r7srtHwyRmo0TezjF3aNkPtmokisvt9lhiAK0a2ym6YuuwAPFOZ2joZh3phn8JPfUjcDYIlCeHyHXHgw15zWb3jQ.webp 900w\" type=\"image\/webp\"><img decoding=\"async\" class=\"img-fluid\" loading=\"lazy\" width=\"900\" height=\"600\" alt=\"Escultura de \u00e1rbol de Navidad iluminado, cubierta de luces doradas contra el cielo nocturno, enmarcada por naranjos en una plaza espa\u00f1ola.\" src=\"https:\/\/media.panoramamarbella.com\/imgV1\/B95mbh8olwFQm~uCT2wPZMb8hll4wghQQQq6YWg0~c~U_DrmgY8pGP8pqaDzA6mvjyI_OPtcrHD_aKxDZZC5gX7WzQguTphg8jlP14OFMPOaJLiBTGljptA4KvyqKdf5r7srtHwyRmo0TezjF3aNkPtmokisvt9lhiAK0a2yhcpJiwTrpS4h4dYlDF30BTY-.jpg\"><\/picture>\t\t\t<figcaption class=\"wp-caption-text\">\n\t\tEl \u00e1rbol de Navidad en la Plaza de la Constituci\u00f3n de M\u00e1laga\t\t<\/figcaption>\n\t\t\t<\/figure>\n\t\n\n\n<p>Aunque hoy en d\u00eda el \u00e1rbol de Navidad es com\u00fan en toda Espa\u00f1a, en realidad es una incorporaci\u00f3n sorprendentemente moderna. Durante muchas d\u00e9cadas, el Bel\u00e9n se consideraba el s\u00edmbolo central de la Navidad y sigue ocupando un lugar especial en la mayor\u00eda de los hogares. Los \u00e1rboles de Navidad p\u00fablicos no empezaron a verse de forma generalizada hasta finales del siglo XX.<\/p>\n\n\n\n<p>Hoy lucen con orgullo en plazas de todos los tama\u00f1os. En Marbella, el complejo Forum exhibe uno de los \u00e1rboles m\u00e1s reconocibles de la zona, con una peque\u00f1a pista de hielo incluida. Muy cerca, hoteles como el Puente Romano y el Marbella Club adornan sus jardines y terrazas con luces, talleres, cenas e itinerarios navide\u00f1os completos. Incluso los barrios m\u00e1s peque\u00f1os se suman, colgando luces de los balcones y creando sus propias decoraciones callejeras, formando peque\u00f1os rincones de encanto navide\u00f1o en cada esquina.<\/p>\n\n\n\n<h2 class=\"wp-block-heading\">6.Nochebuena y los sabores de la Navidad espa\u00f1ola<\/h2>\n\n\n\t<figure class=\"wp-caption aligncenter wp-block-acf-wpimage\">\n\t<picture><source width=\"900\" height=\"599\" srcset=\"https:\/\/media.panoramamarbella.com\/imgV1\/B95mbh8olwFQm~uCT2wPZMb8hll4wghQQQq6YWg0~c~U_DrmgY8pGP8pqaDzA6mvjyI_OPtcrHD_aKxDZZC5gX36sT4~npEnlJPm~gzJ31_1uYIqFQFPAcAMQ3aZmOhKj4MR6K0q~W0xMpKn8nC2ZxTmPh8179A~jmuZWsD69d4gdr1Am_UoQHz7zrHxf5WBQXsN8EHfY2gUhRdk1S1iTcSX.webp 900w\" type=\"image\/webp\"><img decoding=\"async\" class=\"img-fluid\" loading=\"lazy\" width=\"900\" height=\"599\" alt=\"Colorida pi\u00f1ata de Navidad en forma de estrella, decorada con papel brillante, conos de colores vivos y un motivo de flor de Pascua roja.\" src=\"https:\/\/media.panoramamarbella.com\/imgV1\/B95mbh8olwFQm~uCT2wPZMb8hll4wghQQQq6YWg0~c~U_DrmgY8pGP8pqaDzA6mvjyI_OPtcrHD_aKxDZZC5gX36sT4~npEnlJPm~gzJ31_1uYIqFQFPAcAMQ3aZmOhKj4MR6K0q~W0xMpKn8nC2ZxTmPh8179A~jmuZWsD662ery30xREbXP3fm5VCjPvA-.jpg\"><\/picture>\t\t\t<figcaption class=\"wp-caption-text\">\n\t\tUna pi\u00f1ata festiva\t\t<\/figcaption>\n\t\t\t<\/figure>\n\t\n\n\n<p>En Espa\u00f1a, la reuni\u00f3n familiar m\u00e1s importante tiene lugar en Nochebuena. Las familias se juntan para una larga cena que suele incluir marisco, asados y platos tradicionales andaluces.<\/p>\n\n\n\n<p>Despu\u00e9s llega el turno de los dulces de temporada. Las mesas se llenan de turr\u00f3n, polvorones, mantecados, mazap\u00e1n y dulces aromatizados con c\u00edtricos. En la mayor\u00eda de las casas siempre hay una caja de surtido navide\u00f1o abierta durante todas las fiestas, lista para ofrecer a las visitas.<\/p>\n\n\n\n<p>En muchos hogares espa\u00f1oles con ni\u00f1os peque\u00f1os, la velada termina con una pi\u00f1ata festiva, una incorporaci\u00f3n moderna a las celebraciones de Nochebuena. Aunque no es una costumbre navide\u00f1a espa\u00f1ola de origen, la pi\u00f1ata se ha convertido en una forma popular de a\u00f1adir un momento de diversi\u00f3n y emoci\u00f3n despu\u00e9s de la cena. Llena de caramelos y peque\u00f1as sorpresas, mantiene entretenidos a los ni\u00f1os mientras los adultos siguen conversando y aporta un toque extra de alegr\u00eda a una noche ya de por s\u00ed especial.<\/p>\n\n\n\n<h2 class=\"wp-block-heading\">7.<em>El Gordo:<\/em> la loter\u00eda que anuncia que la Navidad ha comenzado<\/h2>\n\n\n\t<figure class=\"wp-caption aligncenter wp-block-acf-wpimage\">\n\t<picture><source width=\"900\" height=\"507\" srcset=\"https:\/\/media.panoramamarbella.com\/imgV1\/B95mbh8olwFQm~uCT2wPZMb8hll4wghQQQq6YWg0~c~U_DrmgY8pGP8pqaDzA6mvjyI_OPtcrHD_aKxDZZC5gXxVZfRDdnbF_CRFyw4ylKLu55kvr7YRi65o8QtuIbhALstBeB9fw6I4ojh64wO0W0r5qfDUW_WyzWwWRgbqDcTVR~Q9fbTmC2Q_iouKpcKSngyiKyvXhimicM7JhmobIb_r.webp 900w\" type=\"image\/webp\"><img decoding=\"async\" class=\"img-fluid\" loading=\"lazy\" width=\"900\" height=\"507\" alt=\"D\u00e9cimo de la Loter\u00eda de Navidad (\u201cLoter\u00eda de Navidad\u201d) sobre una mesa de madera.\" src=\"https:\/\/media.panoramamarbella.com\/imgV1\/B95mbh8olwFQm~uCT2wPZMb8hll4wghQQQq6YWg0~c~U_DrmgY8pGP8pqaDzA6mvjyI_OPtcrHD_aKxDZZC5gXxVZfRDdnbF_CRFyw4ylKLu55kvr7YRi65o8QtuIbhALstBeB9fw6I4ojh64wO0W0r5qfDUW_WyzWwWRgbqEwa5J6P57qsL0n7c3O5~oX8-.jpg\"><\/picture>\t\t\t<figcaption class=\"wp-caption-text\">\n\t\tUn d\u00e9cimo para el sorteo de El Gordo\t\t<\/figcaption>\n\t\t\t<\/figure>\n\t\n\n\n<p>El 22 de diciembre, el pa\u00eds entero vuelve la mirada al tradicional sorteo de Navidad, conocido como El Gordo. Es una de las loter\u00edas m\u00e1s antiguas y grandes del mundo, y una costumbre muy espa\u00f1ola. Familias, amigos y compa\u00f1eros de trabajo suelen compartir d\u00e9cimos, de modo que, cuando toca, celebran todos juntos.<\/p>\n\n\n\n<p>El sorteo se retransmite en directo por televisi\u00f3n, con los ni\u00f1os de San Ildefonso cantando los n\u00fameros premiados en un tono que todos en Espa\u00f1a reconocen como el inicio extraoficial de la Navidad.<\/p>\n\n\n\n<h2 class=\"wp-block-heading\">8.<em>28 de diciembre<\/em>: D\u00eda de los Santos Inocentes<\/h2>\n\n\n\t<figure class=\"wp-caption aligncenter wp-block-acf-wpimage\">\n\t<picture><source width=\"900\" height=\"601\" srcset=\"https:\/\/media.panoramamarbella.com\/imgV1\/B95mbh8olwFQm~uCT2wPZMb8hll4wghQQQq6YWg0~c~U_DrmgY8pGP8pqaDzA6mvjyI_OPtcrHD_aKxDZZC5gXPoyynWDi1p9koPcmItYNqktnF_09UvyYC4xDAlVQKFUpWfMDuZV8up~WIFeIE92oXXVyKsAadb0t5pexvoDAcQFBcP1Fiv_6d0QDzUZ326LXs2uW89tAEscuNJl1lilHkN.webp 900w\" type=\"image\/webp\"><img decoding=\"async\" class=\"img-fluid\" loading=\"lazy\" width=\"900\" height=\"601\" alt=\"Hombre con chaqueta negra en una calle de ciudad, con un monigote de papel pegado en la espalda como broma.\" src=\"https:\/\/media.panoramamarbella.com\/imgV1\/B95mbh8olwFQm~uCT2wPZMb8hll4wghQQQq6YWg0~c~U_DrmgY8pGP8pqaDzA6mvjyI_OPtcrHD_aKxDZZC5gXPoyynWDi1p9koPcmItYNqktnF_09UvyYC4xDAlVQKFUpWfMDuZV8up~WIFeIE92oXXVyKsAadb0t5pexvoEvY_3hRipwAY3_UqF~7UBc8-.jpg\"><\/picture>\t\t\t<figcaption class=\"wp-caption-text\">\n\t\tHombre con chaqueta negra en una calle de ciudad, con un monigote de papel pegado en la espalda como broma\t\t<\/figcaption>\n\t\t\t<\/figure>\n\t\n\n\n<p>En medio de las fiestas llega el D\u00eda de los Santos Inocentes, la versi\u00f3n espa\u00f1ola del April Fools\u2019 Day. El 28 de diciembre la gente se gasta bromas ligeras, los peri\u00f3dicos publican noticias en tono jocoso y la risa pasa a formar parte del esp\u00edritu de la temporada. Aunque la fecha tiene su origen en un episodio b\u00edblico solemne (la matanza de los inocentes ordenada por el rey Herodes), la tradici\u00f3n espa\u00f1ola moderna es completamente humor\u00edstica y festiva.<\/p>\n\n\n\n<p>La broma cl\u00e1sica para los ni\u00f1os consiste en pegar mu\u00f1equitos de papel, llamados \u201cmonigotes\u201d, en la espalda de adultos desprevenidos. Es muy posible que oigas un \u201c\u00a1Inocente, inocente!\u201d dirigido a cualquiera que caiga en la trampa.<\/p>\n\n\n\n<h2 class=\"wp-block-heading\">9.<em>Nochevieja<\/em>: doce uvas para la buena suerte<\/h2>\n\n\n\t<figure class=\"wp-caption aligncenter wp-block-acf-wpimage\">\n\t<picture><source width=\"900\" height=\"600\" srcset=\"https:\/\/media.panoramamarbella.com\/imgV1\/B95mbh8olwFQm~uCT2wPZMb8hll4wghQQQq6YWg0~c~U_DrmgY8pGP8pqaDzA6mvjyI_OPtcrHD_aKxDZZC5gXL8Gkk6Db79cANFIKxbGvlZReu9h209LMYduyjbVqvKhnMgMoBhxkiTgeoelwfuknAF4Kx~o6XvTNDj3xdfFkxCu2Eaoe2yGFCb2hmSE7OSJ~A8gT7UsMkZR15QwIFnkdI7.webp 900w\" type=\"image\/webp\"><img decoding=\"async\" class=\"img-fluid\" loading=\"lazy\" width=\"900\" height=\"600\" alt=\"Dos ni\u00f1os riendo, envueltos en espumill\u00f3n navide\u00f1o, comiendo uvas de peque\u00f1os cuencos frente a luces festivas.\" src=\"https:\/\/media.panoramamarbella.com\/imgV1\/B95mbh8olwFQm~uCT2wPZMb8hll4wghQQQq6YWg0~c~U_DrmgY8pGP8pqaDzA6mvjyI_OPtcrHD_aKxDZZC5gXL8Gkk6Db79cANFIKxbGvlZReu9h209LMYduyjbVqvKhnMgMoBhxkiTgeoelwfuknAF4Kx~o6XvTNDj3xdfCNYiO2omIxhe7hQ~wK4jzoc-.jpg\"><\/picture>\t\t\t<figcaption class=\"wp-caption-text\">\n\t\tEs casi imposible no re\u00edrse al intentar comerse las 12 uvas mientras suenan las campanadas de medianoche\t\t<\/figcaption>\n\t\t\t<\/figure>\n\t\n\n\n<p>La Nochevieja en Espa\u00f1a viene acompa\u00f1ada de un ritual entra\u00f1able. A medianoche, es tradici\u00f3n comer doce uvas, una por cada campanada del reloj. Se cree que esta costumbre trae buena suerte para el a\u00f1o que comienza. Casi todo el pa\u00eds sigue la cuenta atr\u00e1s retransmitida desde la Puerta del Sol de Madrid, uvas en mano, esperando no perder el ritmo de las campanadas.<\/p>\n\n\n\n<h2 class=\"wp-block-heading\">10.<em>Los Reyes Magos | D\u00eda de Reyes<\/em>: la noche m\u00e1s m\u00e1gica del a\u00f1o<\/h2>\n\n\n\t<figure class=\"wp-caption aligncenter wp-block-acf-wpimage\">\n\t<picture><source width=\"900\" height=\"600\" srcset=\"https:\/\/media.panoramamarbella.com\/imgV1\/B95mbh8olwFQm~uCT2wPZMb8hll4wghQQQq6YWg0~c~U_DrmgY8pGP8pqaDzA6mvjyI_OPtcrHD_aKxDZZC5gXpM5dHZyCFBtkfAp1SWs~GdFPd8efPjZzYWPolwErsyU4kUCSYZVIXm_~RWRfpdbqmJfUYhv0VuVkmF0L2Utukc_V_D_LEFaGhzGqZxIu4IWn5_9y3SX3hzoynpun5d0BcJXQ--.webp 900w\" type=\"image\/webp\"><img decoding=\"async\" class=\"img-fluid\" loading=\"lazy\" width=\"900\" height=\"600\" alt=\"Tres Reyes Magos a caballo en un desfile navide\u00f1o espa\u00f1ol nocturno bajo luces festivas centelleantes.\" src=\"https:\/\/media.panoramamarbella.com\/imgV1\/B95mbh8olwFQm~uCT2wPZMb8hll4wghQQQq6YWg0~c~U_DrmgY8pGP8pqaDzA6mvjyI_OPtcrHD_aKxDZZC5gXpM5dHZyCFBtkfAp1SWs~GdFPd8efPjZzYWPolwErsyU4kUCSYZVIXm_~RWRfpdbqmJfUYhv0VuVkmF0L2UtvforERZG9IKjg3zfLmZix2k.jpg\"><\/picture>\t\t\t<figcaption class=\"wp-caption-text\">\n\t\tLas cabalgatas de Reyes Magos llenan las calles de Espa\u00f1a cada 5 de enero\t\t<\/figcaption>\n\t\t\t<\/figure>\n\t\n\n\n<p>Aunque Pap\u00e1 Noel visita ahora muchos hogares, los Reyes Magos siguen siendo las verdaderas estrellas de la Navidad en Espa\u00f1a. El 5 de enero, grandes desfiles llamados cabalgatas de Reyes llenan las calles con carrozas, bailarines, m\u00fasicos y las tres figuras reales, que lanzan caramelos a la multitud.<\/p>\n\n\n\n<p>A la ma\u00f1ana siguiente, los ni\u00f1os se despiertan con los regalos que les han dejado Melchor, Gaspar y Baltasar. Las familias comparten porciones del tradicional rosc\u00f3n de Reyes, relleno de nata o crema pastelera y que esconde peque\u00f1as figuras en su interior.<\/p>\n\n\n\n<p>Si quieres profundizar en esta querida tradici\u00f3n, puedes leer m\u00e1s en nuestro art\u00edculo: \u00ab<a href=\"https:\/\/www.panoramamarbella.com\/es\/news\/los-tres-reyes-magos\">Los Reyes Magos: en Espa\u00f1a, las fiestas contin\u00faan m\u00e1s all\u00e1 del 25 de diciembre<\/a>\u00bb.<\/p>\n\n\n<article class=\"col w-100 position-relative mb-5 wp-block-acf-banner\">\n    <div class=\"d-flex flex-wrap flex-column flex-xl-row align-items-start align-items-xl-end gap-4 w-100 bg-secondary text-white p-4\">\n        <div class=\"d-flex flex-column\">\n\t\t\t            <a href=\"https:\/\/www.panoramamarbella.com\/newsletter\" class=\"stretched-link text-white text-decoration-none\" title=\"\u00bfTe gusta este art\u00edculo?\">\n\t\t\t\t<h2 class=\"text-white mb-3\">\u00bfTe gusta este art\u00edculo?<\/h2>            <\/a>\n\t\t\t            <p class=\"mb-0\">\n                Suscr\u00edbete a nuestro bolet\u00edn para recibir art\u00edculos interesantes, contenidos exclusivos y las \u00faltimas actualizaciones.            <\/p>\n\t\t\t        <\/div>\n\t\t        <span class=\"btn btn-outline-light ms-xl-auto\">Panorama newsletter<\/span>\n\t\t    <\/div>\n<\/article>\n\n\n\n\n<h2 class=\"wp-block-heading\">Una temporada festiva construida entre todos<\/h2>\n\n\n\n<p>En toda Espa\u00f1a, la Navidad es un momento en el que las comunidades cobran vida. Desde las <em>zambombas<\/em> y los <em>belenes<\/em> hasta las risas de los <em>Santos Inocentes<\/em> y la majestuosidad de los <em>Reyes Magos<\/em>, estas fechas combinan tradici\u00f3n, celebraci\u00f3n y uni\u00f3n. Tanto si la vives como visitante como si eres residente desde hace a\u00f1os, la Navidad espa\u00f1ola te invita a bajar el ritmo, reunirte con los dem\u00e1s y disfrutar de uno de los momentos m\u00e1s alegres del a\u00f1o.<\/p>\n\n","protected":false},"excerpt":{"rendered":"<p>Descubre 10 tradiciones navide\u00f1as espa\u00f1olas, desde las zambombas y los belenes hasta El Gordo, la Nochebuena y los m\u00e1gicos Reyes Magos.<\/p>\n","protected":false},"author":7,"featured_media":30482,"comment_status":"closed","ping_status":"closed","sticky":false,"template":"","format":"standard","meta":{"_acf_changed":false,"footnotes":""},"categories":[40],"tags":[],"class_list":["post-30689","post","type-post","status-publish","format-standard","has-post-thumbnail","hentry","category-estilo-de-vida-en-marbella"],"acf":[],"_links":{"self":[{"href":"https:\/\/www.panoramamarbella.com\/es\/wp-json\/wp\/v2\/posts\/30689","targetHints":{"allow":["GET"]}}],"collection":[{"href":"https:\/\/www.panoramamarbella.com\/es\/wp-json\/wp\/v2\/posts"}],"about":[{"href":"https:\/\/www.panoramamarbella.com\/es\/wp-json\/wp\/v2\/types\/post"}],"author":[{"embeddable":true,"href":"https:\/\/www.panoramamarbella.com\/es\/wp-json\/wp\/v2\/users\/7"}],"replies":[{"embeddable":true,"href":"https:\/\/www.panoramamarbella.com\/es\/wp-json\/wp\/v2\/comments?post=30689"}],"version-history":[{"count":1,"href":"https:\/\/www.panoramamarbella.com\/es\/wp-json\/wp\/v2\/posts\/30689\/revisions"}],"predecessor-version":[{"id":31178,"href":"https:\/\/www.panoramamarbella.com\/es\/wp-json\/wp\/v2\/posts\/30689\/revisions\/31178"}],"wp:featuredmedia":[{"embeddable":true,"href":"https:\/\/www.panoramamarbella.com\/es\/wp-json\/wp\/v2\/media\/30482"}],"wp:attachment":[{"href":"https:\/\/www.panoramamarbella.com\/es\/wp-json\/wp\/v2\/media?parent=30689"}],"wp:term":[{"taxonomy":"category","embeddable":true,"href":"https:\/\/www.panoramamarbella.com\/es\/wp-json\/wp\/v2\/categories?post=30689"},{"taxonomy":"post_tag","embeddable":true,"href":"https:\/\/www.panoramamarbella.com\/es\/wp-json\/wp\/v2\/tags?post=30689"}],"curies":[{"name":"wp","href":"https:\/\/api.w.org\/{rel}","templated":true}]}}