{"id":33187,"date":"2026-01-20T16:15:53","date_gmt":"2026-01-20T15:15:53","guid":{"rendered":"https:\/\/www.panoramamarbella.com\/?p=33187"},"modified":"2026-01-23T10:08:47","modified_gmt":"2026-01-23T09:08:47","slug":"andalucia-lidera-turismo-europeo","status":"publish","type":"post","link":"https:\/\/www.panoramamarbella.com\/es\/news\/andalucia-lidera-turismo-europeo","title":{"rendered":"Andaluc\u00eda lidera la demanda tur\u00edstica en Europa"},"content":{"rendered":"\n\n<h2 class=\"wp-block-heading\">Andaluc\u00eda consolida su liderazgo en la demanda tur\u00edstica europea<\/h2>\n\n\n<div class=\"lead\"><p>En 2025, m\u00e1s personas pernoctaron en Andaluc\u00eda que en otras regiones, y durante m\u00e1s noches.<\/p>\n<p>Los nuevos datos publicados por <a href=\"https:\/\/ec.europa.eu\/eurostat\/en\/web\/products-eurostat-news\/w\/ddn-20260108-1?etrans=es\" target=\"_blank\" rel=\"nofollow noopener\">Eurostat<\/a> confirman que la demanda tur\u00edstica en Andaluc\u00eda durante 2025 fue la m\u00e1s alta de Europa. Mientras el sur de Europa continuaba dominando las reservas de alojamiento tur\u00edstico en toda la UE, Espa\u00f1a se situ\u00f3 entre los destinos l\u00edderes, con la comunidad aut\u00f3noma de Andaluc\u00eda consolid\u00e1ndose como la regi\u00f3n m\u00e1s visitada del pa\u00eds.<\/p>\n<\/div>\n\n\n<ul class=\"table-index list-unstyled p-4 p-lg-5 ms-0 bg-light\"><li class=\"text-uppercase fw-bold mb-3\">Tabla de contenidos<\/li><li><a href=\"#andalucia+consolida+su+liderazgo+en+la+demanda+turistica+europea\">\nAndaluc\u00eda consolida su liderazgo en la demanda tur\u00edstica europea\n<\/a><\/li>\n<li><a href=\"#mas+datos+sobre+las+estadisticas\">\nM\u00e1s datos sobre las estad\u00edsticas\n<\/a><\/li>\n<li><a href=\"#por+que+andalucia+lidera+espana\">\nPor qu\u00e9 Andaluc\u00eda lidera Espa\u00f1a\n<\/a><\/li>\n<li><a href=\"#mas+alla+del+turismo+una+senal+clara+para+la+costa+del+sol\">\nM\u00e1s all\u00e1 del turismo, una se\u00f1al clara para la Costa del Sol\n<\/a><\/li><\/ul>\n\n\n\n<p>En este contexto, la <em>demanda tur\u00edstica<\/em> se refiere al n\u00famero de noches pasadas en alojamientos tur\u00edsticos registrados, una m\u00e9trica que refleja reservas y estancias reales, y no b\u00fasquedas online o inter\u00e9s general. Seg\u00fan este indicador, Andaluc\u00eda super\u00f3 a todas las dem\u00e1s regiones espa\u00f1olas.<\/p>\n\n\n\t<figure class=\"wp-caption aligncenter wp-block-acf-wpimage\">\n\t<picture><source width=\"900\" height=\"600\" srcset=\"https:\/\/media.panoramamarbella.com\/imgV1\/B95mbh8olwFQm~uCT2wPZMb8hll4wghQQQq6YWg0~c~U_DrmgY8pGP8pqaDzA6mvjyI_OPtcrHD_aKxAUQWyHixzcLtgclMlPsBAxxTfGYZI2AuTc8K3zmj93tzRIUAYU_NnJhttIdChFkSUOI~vC7bmI8H4D6owZ54gfYGOUn8FDaIMT0oucgKwgpL3SHk7RQHPk3wP~BbssMhb9eNzzkiB8~osIRFMzoY-.webp 900w\" type=\"image\/webp\"><img decoding=\"async\" class=\"img-fluid\" loading=\"lazy\" width=\"900\" height=\"600\" alt=\"La torre de la Giralda de la Catedral de Sevilla enmarcada por ramas de naranjo con naranjas maduras bajo un cielo azul despejado.\" src=\"https:\/\/media.panoramamarbella.com\/imgV1\/B95mbh8olwFQm~uCT2wPZMb8hll4wghQQQq6YWg0~c~U_DrmgY8pGP8pqaDzA6mvjyI_OPtcrHD_aKxAUQWyHixzcLtgclMlPsBAxxTfGYZI2AuTc8K3zmj93tzRIUAYU_NnJhttIdChFkSUOI~vC7bmI8H4D6owZ54gfYGOUn8FDaIMT0ow5OoiDCXqWuwd2pdK0gLLog--.jpg\"><\/picture>\t\t\t<figcaption class=\"wp-caption-text\">\n\t\tNaranjo con la torre de la Giralda de la Catedral de Sevilla, al fondo\t\t<\/figcaption>\n\t\t\t<\/figure>\n\t\n\n\n<h2 class=\"wp-block-heading\">M\u00e1s datos sobre las estad\u00edsticas<\/h2>\n\n\n\n<p>Seg\u00fan <a href=\"https:\/\/ec.europa.eu\/eurostat\/?etrans=es\" target=\"_blank\" rel=\"noreferrer noopener nofollow\">Eurostat<\/a>, Andaluc\u00eda fue la regi\u00f3n m\u00e1s popular de Europa en alojamientos tur\u00edsticos de corta estancia reservados a trav\u00e9s de plataformas online durante el segundo trimestre de 2025, con un total de 13,3 millones de pernoctaciones. Le siguieron la costa adri\u00e1tica de Croacia, Jadranska Hrvatska, con 9,6 millones de noches, y la regi\u00f3n francesa de \u00cele-de-France, con 9,0 millones.<\/p>\n\n\n\n<p>Los datos tambi\u00e9n ponen de relieve hasta qu\u00e9 punto la demanda se concentra en destinos del sur y orientados al estilo de vida. Las 20 regiones tur\u00edsticas m\u00e1s populares de la UE se localizaron en solo cinco pa\u00edses: Espa\u00f1a y Francia aportaron seis regiones cada una, Italia cinco, Portugal dos y Croacia una. Esta concentraci\u00f3n refuerza la solidez de los grandes polos tur\u00edsticos consolidados, con Andaluc\u00eda claramente a la cabeza.<\/p>\n\n\n\t<figure class=\"wp-caption aligncenter wp-block-acf-wpimage\">\n\t<picture><source width=\"900\" height=\"675\" srcset=\"https:\/\/media.panoramamarbella.com\/imgV1\/B95mbh8olwFQm~uCT2wPZMb8hll4wghQQQq6YWg0~c~U_DrmgY8pGP8pqaDzA6mvjyI_OPtcrHD_aKxAUQWyHi_x0vFAULxmpZLCdFZT2nmirzgPX_UkcnqiG0Plr99XW8CJmvRzmR_x6lxkNrX~4BUNN4MYoZxtkGkdoQjHqMLuNMVLlLSNUBiAGCQ944VmxqelR5~Ki~3HFVZypE8dIHdFtjU~lJCt0w4-.webp 900w\" type=\"image\/webp\"><img decoding=\"async\" class=\"img-fluid\" loading=\"lazy\" width=\"900\" height=\"675\" alt=\"Calle andaluza estrecha con casas encaladas, macetas azules en flor y visitantes paseando bajo la torre de una iglesia hist\u00f3rica.\" src=\"https:\/\/media.panoramamarbella.com\/imgV1\/B95mbh8olwFQm~uCT2wPZMb8hll4wghQQQq6YWg0~c~U_DrmgY8pGP8pqaDzA6mvjyI_OPtcrHD_aKxAUQWyHi_x0vFAULxmpZLCdFZT2nmirzgPX_UkcnqiG0Plr99XW8CJmvRzmR_x6lxkNrX~4BUNN4MYoZxtkGkdoQjHqMLuNMVLlLSTCJGxLiCzY5UVPSjtYpJtZg--.jpg\"><\/picture>\t\t\t<figcaption class=\"wp-caption-text\">\n\t\tLa Calleja de las Flores, una popular calle estrecha de C\u00f3rdoba, durante la tradicional fiesta de los Patios\t\t<\/figcaption>\n\t\t\t<\/figure>\n\t\n\n\n<h2 class=\"wp-block-heading\">Por qu\u00e9 Andaluc\u00eda lidera Espa\u00f1a<\/h2>\n\n\n\n<p>La posici\u00f3n de Andaluc\u00eda como la regi\u00f3n m\u00e1s visitada de Espa\u00f1a refleja una combinaci\u00f3n de diversidad, accesibilidad y atractivo durante todo el a\u00f1o. Desde la costa atl\u00e1ntica hasta el Mediterr\u00e1neo, la regi\u00f3n abarca ciudades hist\u00f3ricas, parques naturales, playas y consolidados destinos tur\u00edsticos costeros.<\/p>\n\n\n\n<p>Dentro de Andaluc\u00eda, la Costa del Sol desempe\u00f1a un papel clave en el impulso de las cifras de visitantes. Sus excelentes conexiones a\u00e9reas internacionales, un sector tur\u00edstico maduro y un clima que permite viajar durante todo el a\u00f1o contribuyen decisivamente a su popularidad.<\/p>\n\n\n\n<p>En destinos como Marbella, la fuerte demanda tur\u00edstica se traduce en niveles de ocupaci\u00f3n elevados y constantes en una amplia variedad de tipolog\u00edas de alojamiento. Muchos visitantes regresan de forma recurrente, prolongan sus estancias o viajan fuera de los periodos vacacionales tradicionales, lo que diferencia a la zona de otros destinos m\u00e1s dependientes del turismo puntual o de corta duraci\u00f3n.<\/p>\n\n\n\t<figure class=\"wp-caption aligncenter wp-block-acf-wpimage\">\n\t<picture><source width=\"900\" height=\"600\" srcset=\"https:\/\/media.panoramamarbella.com\/imgV1\/B95mbh8olwFQm~uCT2wPZMb8hll4wghQQQq6YWg0~c~U_DrmgY8pGP8pqaDzA6mvjyI_OPtcrHD_aKxAUQWyHi5n9SYTPpWnbbUSQwlqsLE6yACvQX3V7MgCJl14nc4GLgBQ23SRppDf~aA3kV~PjMVBP2s3~G_nH3_Jl78S2zR6CO_GxsAcO0uWf~Kz_pm0~lkBxr8KmUknE6rqnDroIJvqnB~~jHy2Xto-.webp 900w\" type=\"image\/webp\"><img decoding=\"async\" class=\"img-fluid\" loading=\"lazy\" width=\"900\" height=\"600\" alt=\"Dos visitantes con sombreros de paja admiran un patio andaluz encalado, decorado con macetas azules, bajo una luz solar intensa.\" src=\"https:\/\/media.panoramamarbella.com\/imgV1\/B95mbh8olwFQm~uCT2wPZMb8hll4wghQQQq6YWg0~c~U_DrmgY8pGP8pqaDzA6mvjyI_OPtcrHD_aKxAUQWyHi5n9SYTPpWnbbUSQwlqsLE6yACvQX3V7MgCJl14nc4GLgBQ23SRppDf~aA3kV~PjMVBP2s3~G_nH3_Jl78S2zR6CO_GxsACeLLOCgRju3uFExVr0zsf8g--.jpg\"><\/picture>\t\t\t<figcaption class=\"wp-caption-text\">\n\t\tTuristas admirando los patios florales\t\t<\/figcaption>\n\t\t\t<\/figure>\n\t\n\n\n<h2 class=\"wp-block-heading\">M\u00e1s all\u00e1 del turismo, una se\u00f1al clara para la Costa del Sol<\/h2>\n\n\n\n<p>Aunque los datos de Eurostat se centran en el turismo y no en el mercado inmobiliario, sus implicaciones van m\u00e1s all\u00e1 del sector hotelero. El elevado volumen de reservas de alojamiento tur\u00edstico respalda las econom\u00edas locales, refuerza la demanda de alquiler y, a menudo, act\u00faa como puente hacia relaciones m\u00e1s duraderas con la regi\u00f3n.<\/p>\n\n\n\n<p>Para muchos compradores internacionales, la Costa del Sol se descubre inicialmente a trav\u00e9s de los viajes. Con el tiempo, las visitas frecuentes y las estancias m\u00e1s largas pueden evolucionar hacia una residencia semipermanente o la compra de una propiedad, especialmente en regiones que ofrecen s\u00f3lidas infraestructuras y estabilidad en el estilo de vida.<\/p>\n\n\n\n<p>En este sentido, el turismo sostenido en Andaluc\u00eda refleja algo m\u00e1s que una popularidad a corto plazo. Apunta a una confianza a largo plazo en la regi\u00f3n como lugar para pasar tiempo, regresar y, eventualmente, invertir.<\/p>\n\n\n\t<figure class=\"wp-caption aligncenter wp-block-acf-wpimage\">\n\t<picture><source width=\"900\" height=\"506\" srcset=\"https:\/\/media.panoramamarbella.com\/imgV1\/B95mbh8olwFQm~uCT2wPZMb8hll4wghQQQq6YWg0~c~U_DrmgY8pGP8pqaDzA6mvjyI_OPtcrHD_aKxAUQWyHik5ZHVtAqW7Gq4WPz_Ek1wYFpGXT7UW4dtWgUTbRHtYO9PMpAWTYh5y48Nqvm96QRD~faYq_G2XYe11QZoWEX8uNBk57K2HM8SXViLpJWDpnyOka9_3C0I4dfzicFW_ukHFX4Uu2dHc7xs-.webp 900w\" type=\"image\/webp\"><img decoding=\"async\" class=\"img-fluid\" loading=\"lazy\" width=\"900\" height=\"506\" alt=\"Vista a\u00e9rea de la costa de Marbella con un muelle de madera que se adentra en aguas turquesas, playa de arena, paseo mar\u00edtimo bordeado de palmeras y la monta\u00f1a de La Concha al fondo.\" src=\"https:\/\/media.panoramamarbella.com\/imgV1\/B95mbh8olwFQm~uCT2wPZMb8hll4wghQQQq6YWg0~c~U_DrmgY8pGP8pqaDzA6mvjyI_OPtcrHD_aKxAUQWyHik5ZHVtAqW7Gq4WPz_Ek1wYFpGXT7UW4dtWgUTbRHtYO9PMpAWTYh5y48Nqvm96QRD~faYq_G2XYe11QZoWEX8uNBk57K2ZcSFvT0iQZwj4L22UjQ8_tw--.jpg\"><\/picture>\t\t\t<figcaption class=\"wp-caption-text\">\n\t\tEl muelle del Marbella Club, a solo unos cientos de metros de la oficina principal de Panorama\t\t<\/figcaption>\n\t\t\t<\/figure>\n\t\n\n<article class=\"col w-100 position-relative mb-5 wp-block-acf-banner\">\n    <div class=\"d-flex flex-wrap flex-column flex-xl-row align-items-start align-items-xl-end gap-4 w-100 bg-secondary text-white p-4\">\n        <div class=\"d-flex flex-column\">\n\t\t\t            <a href=\"https:\/\/www.panoramamarbella.com\/es\/boletin-de-viviendas-en-venta\" class=\"stretched-link text-white text-decoration-none\" title=\"\u00bfTe gusta este art\u00edculo?\">\n\t\t\t\t<h2 class=\"text-white mb-3\">\u00bfTe gusta este art\u00edculo?<\/h2>            <\/a>\n\t\t\t            <p class=\"mb-0\">\n                Suscr\u00edbete a nuestro bolet\u00edn para recibir art\u00edculos interesantes, contenidos exclusivos y las \u00faltimas actualizaciones.            <\/p>\n\t\t\t        <\/div>\n\t\t        <span class=\"btn btn-outline-light ms-xl-auto\">Bolet\u00edn Panorama<\/span>\n\t\t    <\/div>\n<\/article>\n\n\n\n\n<p>Para nosotros en Panorama, estos datos refuerzan una realidad bien conocida: se trata de una regi\u00f3n cuyo atractivo es inmediato y duradero, definido por su estilo de vida, accesibilidad y una demanda internacional sostenida.<\/p>\n\n\n\n<p>Encuentre su lugar en la Costa del Sol con Panorama. Desde la primera b\u00fasqueda hasta la firma final, la agencia inmobiliaria m\u00e1s veterana de Marbella est\u00e1 aqu\u00ed para acompa\u00f1arle. <a href=\"https:\/\/www.panoramamarbella.com\/es\/contacto\">Contacte con nosotros a trav\u00e9s de nuestra web<\/a> o env\u00edenos un WhatsApp al (+34) 952 822 111.<\/p>\n\n\n\n\n\t\t<section class=\"container wp-block-acf-inmpropselection\">\n\t\t\t<h2>Tu propiedad perfecta en Marbella y alrededores<\/h2>\t\t\t<div class=\"row row-cols-1 row-cols-lg-3 gy-5 g-xxl-5\">\n\t\t\t\t\n<article class=\"col card-properties position-relative d-flex flex-column\">\n\t<div id=\"carouselCardProperties-1-0\" class=\"card-properties-images carousel slide carousel-fade lazy\" data-bs-ride=\"carousel\" data-bs-interval=\"200000\" data-id=\"698664\">\n\t\t<div class=\"carousel-inner\">\n\t\t\t<figure class=\"carousel-item mb-0 active ratio ratio-4x3\">\n\t\t\t\t<picture><source sizes=\"(max-width: 575px) calc(100vw - 24px), (max-width: 767px) 516px, (max-width: 991px) 696px, (max-width: 1199px) 296px, (max-width: 1399px) 356px, 400px\" width=\"696\" height=\"522\" srcset=\"https:\/\/media.panoramamarbella.com\/imgV1\/B95mbh8olwFQm~uCUaVOI2kQT0hb0a8sZ9turUNfnwtvuccYCzs0YVPfPbfkc2VnnN1JFDpkYaGfw1gJsS~5hOu8ClA27V6xVP6zyKoKPS1Mn7WRHYZMLWv_YHD73v3wTA8HWCCOpMnXwN2uAr5VSPiSO7karRIMiZTPqCu_dZ5fuWR0YCW6_1pG5Bl~Hp5WroeZ3HQAZ5bJuMGEOv79bl9k214P5Nw2k7gr9ANpozAASAFpx51KqYb~IgRpbC3Nm7LGaJqZPuy9KH5g7qzcuC2cvd8aXgZUiX05nn3MiVFBu3_R0uApWqg0GDDTU7GVpDHN0uiwmWHOPGRGcV19lVB5JeSIN5bWCc0XpEoi3uZ0T3eXN37TL0i518tYi19KAllVsHHd0sbTDHyPO_Nw~4KnnSNcB9zdZy_Falf9Nm2Qd8UylRZPY3Up0552~WYpYFfMu6~cQQhix6~xJmlu.webp 696w,https:\/\/media.panoramamarbella.com\/imgV1\/B95mbh8olwFQm~uCUaVOI2kQT0hb0a8sZ9turUNfnwtvuccYCzs0YVPfPbfkc2VnnN1JFDpkYaGfw1gJsS~5hOu8ClA27V6xVP6zyKoKPS1Mn7WRHYZMLWv_YHD73v3wTA8HWCCOpMnXwN2uAr5VSPiSO7karRIMiZTPqCu_dxsgwbeNJ3yUNRGy~HNlq7dkSM2WX~69OJOJ5Rf_OC19ofiiJFxHjWv2u3u0P4hi6O0xoN_eKF2nSgtPXKVIDb6vkB7sMfUcYSFaA8MkPym_Gpt83~i_ztzET0MbhzNjsKTdK5NbqRNgl5yWC5YxwwmAj1QP7QCWT0mNwDbjKvcT6HKFDihRXrRi~rK1hGgEsn~KGSB8yKC8a2ZAlw1Y0g7iH3vxsT0JHikRupGzmmtHsrKXqc6p8M2~T5e5ifxWDLJfJRqdDdAaQRy8mbVTKnDv_ya2ucuiMT0AMrtAXM~J.webp 400w\" type=\"image\/webp\"><img decoding=\"async\" class=\"position-absolute w-100 h-100 object-fit-cover\" alt=\"Exclusivo apartamento en planta baja con vistas al mar en los Jardines Japoneses de Marina Puente Romano\" loading=\"lazy\" width=\"696\" height=\"522\" src=\"https:\/\/media.panoramamarbella.com\/imgV1\/B95mbh8olwFQm~uCUaVOI2kQT0hb0a8sZ9turUNfnwtvuccYCzs0YVPfPbfkc2VnnN1JFDpkYaGfw1gJsS~5hOu8ClA27V6xVP6zyKoKPS1Mn7WRHYZMLWv_YHD73v3wTA8HWCCOpMnXwN2uAr5VSPiSO7karRIMiZTPqCu_dZ5fuWR0YCW6_1pG5Bl~AOWCKsfURyq35vm55dIauvG9uVaSivcgS4ajblndO75z1CH0f2jKmqCp4xxFvz8SGfsGZsvJDXqx_1ZOdq6C3Ciw5BdH3mBMTlmpWiwr03l4R5h6rIkh70WK8PZkn3TMc7aMyNa5IHcJVNmTEhV8AxRljU0iGmAWvH9H8Jc12IGx0P0jWsreOMhWj1MxEo9KATyoLWCUe5JwyP7SYClFp7YUmD7e40GOUqwrJuzlqrEiOyMmHv7XqSzouqYV54M-.jpg\"><\/picture>\t\t\t<\/figure>\n\t\t\t\t\t\t<span class=\"card-properties-tag position-absolute z-2 top-0 start-0 bg-secondary text-white py-1 px-3 ms-3\">\n\t\t\t\tDestacado\t\t\t<\/span>\n\t\t\t\t\t\t<span class=\"card-properties-ref position-absolute z-2 bottom-0 end-0 bg-white text-primary py-1 px-3 me-3\">\n\t\t\t\tPANR-16359\t\t\t<\/span>\n\t\t\t<button class=\"card-properties-portfolio d-flex align-items-center justify-content-center position-absolute z-3 end-0 text-white bg-primary me-3 border-0 px-0\" data-pfl-id=\"698664\" data-pfl-filter=\"sale\" aria-label=\"Add to portfolio\">\n\t\t\t\t<svg width=\"18\" fill=\"currentColor\" viewBox=\"0 0 512 512\">\n\t\t\t\t\t<use href=\"https:\/\/www.panoramamarbella.com\/wp-content\/themes\/panoramamarbella\/dist\/src\/images\/icons.svg#svgHeart\"><\/use>\n\t\t\t\t<\/svg>\n\t\t\t\t<svg width=\"18\" fill=\"currentColor\" viewBox=\"0 0 512 512\">\n\t\t\t\t\t<use href=\"https:\/\/www.panoramamarbella.com\/wp-content\/themes\/panoramamarbella\/dist\/src\/images\/icons.svg#svgHeartIn\"><\/use>\n\t\t\t\t<\/svg>\n\t\t\t<\/button>\n\t\t<\/div>\n\t\t\t\t<button\n\t\t\tclass=\"carousel-control-prev\"\n\t\t\ttype=\"button\"\n\t\t\tdata-bs-target=\"#carouselCardProperties-1-0\"\n\t\t\tdata-bs-slide=\"prev\">\n\t\t\t<span class=\"carousel-control-prev-icon\" aria-hidden=\"true\"><\/span>\n\t\t\t<span class=\"visually-hidden\">Anterior<\/span>\n\t\t<\/button>\n\t\t<button\n\t\t\tclass=\"carousel-control-next\"\n\t\t\ttype=\"button\"\n\t\t\tdata-bs-target=\"#carouselCardProperties-1-0\"\n\t\t\tdata-bs-slide=\"next\">\n\t\t\t<span class=\"carousel-control-next-icon\" aria-hidden=\"true\"><\/span>\n\t\t\t<span class=\"visually-hidden\">Siguiente<\/span>\n\t\t<\/button>\n\t\t\t<\/div>\n\t<div class=\"d-flex flex-column h-100 px-3 py-4 shadow\">\n\t\t\t\t<h3 class=\"card-properties-title mb-3\">\n\t\t\t<a class=\"stretched-link\" href=\"\/es\/propiedades\/marbella\/marbella-golden-mile\/marina-puente-romano\/apartamentos-y-pisos\/PANR-16359\">\n\t\t\t\tExclusivo apartamento en planta baja con vistas al mar en los Jardines Japoneses de Marina Puente Romano\t\t\t<\/a>\n\t\t<\/h3>\n\t\t<p class=\"mb-3 text-black-dark\">Marina Puente Romano, Marbella Golden Mile<\/p>\n\t\t\t\t\t\t<p class=\"card-properties-description mb-3\">\n\t\t\tDescubra el ep\u00edtome del lujo sin esfuerzo en este exquisito apartamento elevado en planta baja, orientado al suroeste, ubicado en el emblem\u00e1tico Puente Romano Beach Resort &amp; Spa, una de las direcciones m\u00e1s prestigiosas y&#8230;\t\t<\/p>\n\t\t\t\t<span class=\"card-properties-price mt-auto\">\n\t\t\t\n\t\t\t<span class=\"card-properties-price mt-auto\" data-original-price=\"4950000\">4.950.000\u00a0\u20ac<\/span>\n\t\t\t\t<\/span>\n\t\t\t\t<ul class=\"card-properties-features list-unstyled d-flex flex-wrap align-items-center gap-3 pt-3 border-top mt-3 mb-0\">\n\t\t\t<li class=\"d-flex align-items-center\">3 Dorms.<\/li><li class=\"d-flex align-items-center\">3 Ba\u00f1os<\/li>\t\t\t\t<li class=\"d-flex align-items-center\">\n\t\t\t\t\t <span class=\"me-1\" data-original-value=\"180\" data-original-unit=\"m&#038;sup2\">180 m&sup2;<\/span>Total\t\t\t\t<\/li>\n\t\t\t\t\t\t\t<li class=\"d-flex align-items-center\">\n\t\t\t\t\t <span class=\"me-1\" data-original-value=\"140\" data-original-unit=\"m&#038;sup2\">140 m&sup2;<\/span>Construido\t\t\t\t<\/li>\n\t\t\t\t\t\t\t<li class=\"d-flex align-items-center\">\n\t\t\t\t\t <span class=\"me-1\" data-original-value=\"40\" data-original-unit=\"m&#038;sup2\">40 m&sup2;<\/span>Terrazas\t\t\t\t<\/li>\n\t\t\t\t\t<\/ul>\n\t\t\t<\/div>\n<\/article>\n\n\n<article class=\"col card-properties position-relative d-flex flex-column\">\n\t<div id=\"carouselCardProperties-1-1\" class=\"card-properties-images carousel slide carousel-fade lazy\" data-bs-ride=\"carousel\" data-bs-interval=\"200000\" data-id=\"698452\">\n\t\t<div class=\"carousel-inner\">\n\t\t\t<figure class=\"carousel-item mb-0 active ratio ratio-4x3\">\n\t\t\t\t<picture><source sizes=\"(max-width: 575px) calc(100vw - 24px), (max-width: 767px) 516px, (max-width: 991px) 696px, (max-width: 1199px) 296px, (max-width: 1399px) 356px, 400px\" width=\"696\" height=\"522\" srcset=\"https:\/\/media.panoramamarbella.com\/imgV1\/B95mbh8olwFQm~uCUaVOI2kQT0hb0a8sZ9turUNfnwtvuccYCzs0YVPfPbfkc2VnnN1JFDpkYaGfw1gJsS~5hOu8AUZEQTHg7CLRX_1curmO2wUT0oMrRL1uiJLedOIKDN8v93fz93HwFQv7mvDjXTJ7lOrU4l83PE~Y7~g4uSwzq7fwptUkt8il_H0dUfDMbhzRCHO11LkysK_bxmVac4BLYh_a2hSE6xc4RNhtWQy0GnsnoQrJccDe7cp8t7Ce6UlO1DWqwXSJYUCDuwP7QwoWCJkTw27ijwwwpB98FcoNDGs~dLIP7I2GDa3nOd4g1SjhL97WDkXGdj2aFX5fwQPpaxEz9JYPNAHCS8LI6VPreTQIillN_1gkADuMHYT2CJSd5rwzlKJJZqM2B1EGJzPLGXSc9ooOUU7qL2ig99dCjaK189Pp7TsIOGVaDX9oXhEFrF_Ia4RltvugvjBP.webp 696w,https:\/\/media.panoramamarbella.com\/imgV1\/B95mbh8olwFQm~uCUaVOI2kQT0hb0a8sZ9turUNfnwtvuccYCzs0YVPfPbfkc2VnnN1JFDpkYaGfw1gJsS~5hOu8AUZEQTHg7CLRX_1curmO2wUT0oMrRL1uiJLedOIKDN8v93fz93HwFQv7mvDjXTJ7lOrU4l83PE~Y7~g4u~df~Tano1nt9Ue6uk~XBWFCGo8b5uz9KD25B9Qw7evRA8SqFZq34AgCn5JX6EuhbeRrvvPVHMrvFUE2AO7h4SlLQw6ob~_m94R0S7sqNgkVrMEquSzkE9nasFMmps2VzAHYdSAQ2wTz4HwlOQKPdZH_kxNfiyNr1LkWz6W0SPGJz_J5jSuIrO8m9wUmUgBw7W4bVwwlZXewN8w4PgVWe867xysmy5y9aWPRh5yB7zWFKCmqm7usE_2JL120Zpd5k0n~nRNSy0VF9XmSJWinpqt3IAb2BAerv9YNOwzXXZg6.webp 400w\" type=\"image\/webp\"><img decoding=\"async\" class=\"position-absolute w-100 h-100 object-fit-cover\" alt=\"Impecable apartamento con vistas al mar en Bah\u00eda del Veler\u00edn, Estepona\" loading=\"lazy\" width=\"696\" height=\"522\" src=\"https:\/\/media.panoramamarbella.com\/imgV1\/B95mbh8olwFQm~uCUaVOI2kQT0hb0a8sZ9turUNfnwtvuccYCzs0YVPfPbfkc2VnnN1JFDpkYaGfw1gJsS~5hOu8AUZEQTHg7CLRX_1curmO2wUT0oMrRL1uiJLedOIKDN8v93fz93HwFQv7mvDjXTJ7lOrU4l83PE~Y7~g4uSwzq7fwptUkt8il_H0dT~d80FU6rzBEPKVvi7_9uKyowpu_WM6HzT2BejtGMxY4Ue4yJKg6tygbAbOs4O2zuBdhFbcIhyEehd0GrogCmXKavWLN_n86mIIQdIrcaS0D4WN6WOtwoDECcJPnCoGASy5m1KGKXUks15kVrhZufydUhekpIBkQZbMRjCpoPPH~gROlE7YzRlNm41NdY7EbPR9x5kL9_LwgSvVMZ6RHdRXrOZjwX9fLz9QxqTZ1Osni6X7J~ihA36h0OX6JJb8-.jpg\"><\/picture>\t\t\t<\/figure>\n\t\t\t\t\t\t<span class=\"card-properties-ref position-absolute z-2 bottom-0 end-0 bg-white text-primary py-1 px-3 me-3\">\n\t\t\t\tPANR-16352\t\t\t<\/span>\n\t\t\t<button class=\"card-properties-portfolio d-flex align-items-center justify-content-center position-absolute z-3 end-0 text-white bg-primary me-3 border-0 px-0\" data-pfl-id=\"698452\" data-pfl-filter=\"sale\" aria-label=\"Add to portfolio\">\n\t\t\t\t<svg width=\"18\" fill=\"currentColor\" viewBox=\"0 0 512 512\">\n\t\t\t\t\t<use href=\"https:\/\/www.panoramamarbella.com\/wp-content\/themes\/panoramamarbella\/dist\/src\/images\/icons.svg#svgHeart\"><\/use>\n\t\t\t\t<\/svg>\n\t\t\t\t<svg width=\"18\" fill=\"currentColor\" viewBox=\"0 0 512 512\">\n\t\t\t\t\t<use href=\"https:\/\/www.panoramamarbella.com\/wp-content\/themes\/panoramamarbella\/dist\/src\/images\/icons.svg#svgHeartIn\"><\/use>\n\t\t\t\t<\/svg>\n\t\t\t<\/button>\n\t\t<\/div>\n\t\t\t\t<button\n\t\t\tclass=\"carousel-control-prev\"\n\t\t\ttype=\"button\"\n\t\t\tdata-bs-target=\"#carouselCardProperties-1-1\"\n\t\t\tdata-bs-slide=\"prev\">\n\t\t\t<span class=\"carousel-control-prev-icon\" aria-hidden=\"true\"><\/span>\n\t\t\t<span class=\"visually-hidden\">Anterior<\/span>\n\t\t<\/button>\n\t\t<button\n\t\t\tclass=\"carousel-control-next\"\n\t\t\ttype=\"button\"\n\t\t\tdata-bs-target=\"#carouselCardProperties-1-1\"\n\t\t\tdata-bs-slide=\"next\">\n\t\t\t<span class=\"carousel-control-next-icon\" aria-hidden=\"true\"><\/span>\n\t\t\t<span class=\"visually-hidden\">Siguiente<\/span>\n\t\t<\/button>\n\t\t\t<\/div>\n\t<div class=\"d-flex flex-column h-100 px-3 py-4 shadow\">\n\t\t\t\t<h3 class=\"card-properties-title mb-3\">\n\t\t\t<a class=\"stretched-link\" href=\"\/es\/propiedades\/estepona\/estepona-este\/bahia-del-velerin\/apartamentos-y-pisos\/PANR-16352\">\n\t\t\t\tImpecable apartamento con vistas al mar en Bah\u00eda del Veler\u00edn, Estepona\t\t\t<\/a>\n\t\t<\/h3>\n\t\t<p class=\"mb-3 text-black-dark\">Bah\u00eda del Veler\u00edn, Estepona Este<\/p>\n\t\t\t\t\t\t<p class=\"card-properties-description mb-3\">\n\t\t\tEste apartamento en primera l\u00ednea de playa ha sido completamente renovado y transformado en una residencia excepcional, terminada con materiales de la m\u00e1s alta calidad y un dise\u00f1o contempor\u00e1neo refinado. Ubicado en una de las&#8230;\t\t<\/p>\n\t\t\t\t<span class=\"card-properties-price mt-auto\">\n\t\t\t\n\t\t\t<span class=\"card-properties-price mt-auto\" data-original-price=\"1895000\">1.895.000\u00a0\u20ac<\/span>\n\t\t\t\t<\/span>\n\t\t\t\t<ul class=\"card-properties-features list-unstyled d-flex flex-wrap align-items-center gap-3 pt-3 border-top mt-3 mb-0\">\n\t\t\t<li class=\"d-flex align-items-center\">3 Dorms.<\/li><li class=\"d-flex align-items-center\">2 Ba\u00f1os<\/li>\t\t\t\t<li class=\"d-flex align-items-center\">\n\t\t\t\t\t <span class=\"me-1\" data-original-value=\"145\" data-original-unit=\"m&#038;sup2\">145 m&sup2;<\/span>Total\t\t\t\t<\/li>\n\t\t\t\t\t\t\t<li class=\"d-flex align-items-center\">\n\t\t\t\t\t <span class=\"me-1\" data-original-value=\"122\" data-original-unit=\"m&#038;sup2\">122 m&sup2;<\/span>Construido\t\t\t\t<\/li>\n\t\t\t\t\t\t\t<li class=\"d-flex align-items-center\">\n\t\t\t\t\t <span class=\"me-1\" data-original-value=\"23\" data-original-unit=\"m&#038;sup2\">23 m&sup2;<\/span>Terrazas\t\t\t\t<\/li>\n\t\t\t\t\t<\/ul>\n\t\t\t<\/div>\n<\/article>\n\n\n<article class=\"col card-properties position-relative d-flex flex-column\">\n\t<div id=\"carouselCardProperties-1-2\" class=\"card-properties-images carousel slide carousel-fade lazy\" data-bs-ride=\"carousel\" data-bs-interval=\"200000\" data-id=\"697054\">\n\t\t<div class=\"carousel-inner\">\n\t\t\t<figure class=\"carousel-item mb-0 active ratio ratio-4x3\">\n\t\t\t\t<picture><source sizes=\"(max-width: 575px) calc(100vw - 24px), (max-width: 767px) 516px, (max-width: 991px) 696px, (max-width: 1199px) 296px, (max-width: 1399px) 356px, 400px\" width=\"696\" height=\"522\" srcset=\"https:\/\/media.panoramamarbella.com\/imgV1\/B95mbh8olwFQm~uCUaVOI2kQT0hb0a8sZ9turUNfnwtvuccYCzs0YVPfPbfkc2VnnN1JFDpkYaGfw1gJsS~5hOu6YifurfJ25badRj49cT~wgCU8gA88h_E73Y1xGOY4iEqZKXXXhu8yWQ~e84UtvlD9epiouKwXC3d1VOy8eEjq2IfeIKMMymyfY4Xj5bRCilik~QKhvoRAy6cBaqTXa8wyypq39Kqm5zzScwS5A6GNcTX8CFB_yK1~KOdtt78StZUHwguqN8XODG9qYWsY8MdvqJnToWcBJ6coBfHLqH98SffC2r72xnFRJaPHOd0fCoU8EJuhotljZIpTUPLFkY9oVG1aggQWae46sULFGQBIRjigtogjCoFPzHNex_FQ_d8Hq~0Ly7i~3XyKEGNfo1EGP7WN_csPp6~p2_hXsouUkL83MNgfgysLsUyuhy3f_h4NHVw5TK7koPK05OH9.webp 696w,https:\/\/media.panoramamarbella.com\/imgV1\/B95mbh8olwFQm~uCUaVOI2kQT0hb0a8sZ9turUNfnwtvuccYCzs0YVPfPbfkc2VnnN1JFDpkYaGfw1gJsS~5hOu6YifurfJ25badRj49cT~wgCU8gA88h_E73Y1xGOY4iEqZKXXXhu8yWQ~e84UtvlD9epiouKwXC3d1VOy8egV7qxq67Oy0cUZHL07oA9s_0zKiKGJNORdErts5_xL5XksUR~CM9qut1BNtuWEBe3c0o2TadF7cjEfDVu4I_oZECgxMK492O9~9NHHsIJHrhE8D6eMeXjuRg~vkRAM5OwAZTGxfBprZGXV9NZ3c0WC8FHyvU137d3K20O1_By~z8sEL1rPRtcT0eaegl1t9fiPnMISXVnnV3nbVteQRofPDokmvLhadVNNQrXOSXpOqWy8C~8KvXw1NrKIgaXeyoZVzIEqNORklDsaCOmdSC0XU~It4phrLx7ik_Qs_WQJ8.webp 400w\" type=\"image\/webp\"><img decoding=\"async\" class=\"position-absolute w-100 h-100 object-fit-cover\" alt=\"Exclusivas villas nuevas cerca de El Campanario Golf en Estepona Este\" loading=\"lazy\" width=\"696\" height=\"522\" src=\"https:\/\/media.panoramamarbella.com\/imgV1\/B95mbh8olwFQm~uCUaVOI2kQT0hb0a8sZ9turUNfnwtvuccYCzs0YVPfPbfkc2VnnN1JFDpkYaGfw1gJsS~5hOu6YifurfJ25badRj49cT~wgCU8gA88h_E73Y1xGOY4iEqZKXXXhu8yWQ~e84UtvlD9epiouKwXC3d1VOy8eEjq2IfeIKMMymyfY4Xj_85Ks_~wdV6y7mC83I4fQ3fH3Q5Filo7arkekjyc5~PqEOc7HcSplU1wVVSxN2WKotAXTG301Hc6NYMbJrr0BTrh0_RumqcSNxvOSxQPkU3SD_N_9XqtlfvArCVN8hok0XXhzW8fZ2nuP47Nbc2jSfnrajBsrhOIaLswkarQmg5l4RhmrwypsfwLPJox6cgcIpXa43QrKRZHpFiGMy9KIbwm8hiixzlkB4AZsEl2G2Sytz~y1W2qwi~4iPzkQNI-.jpg\"><\/picture>\t\t\t<\/figure>\n\t\t\t\t\t\t<span class=\"card-properties-ref position-absolute z-2 bottom-0 end-0 bg-white text-primary py-1 px-3 me-3\">\n\t\t\t\tPANR-16332\t\t\t<\/span>\n\t\t\t<button class=\"card-properties-portfolio d-flex align-items-center justify-content-center position-absolute z-3 end-0 text-white bg-primary me-3 border-0 px-0\" data-pfl-id=\"697054\" data-pfl-filter=\"sale\" aria-label=\"Add to portfolio\">\n\t\t\t\t<svg width=\"18\" fill=\"currentColor\" viewBox=\"0 0 512 512\">\n\t\t\t\t\t<use href=\"https:\/\/www.panoramamarbella.com\/wp-content\/themes\/panoramamarbella\/dist\/src\/images\/icons.svg#svgHeart\"><\/use>\n\t\t\t\t<\/svg>\n\t\t\t\t<svg width=\"18\" fill=\"currentColor\" viewBox=\"0 0 512 512\">\n\t\t\t\t\t<use href=\"https:\/\/www.panoramamarbella.com\/wp-content\/themes\/panoramamarbella\/dist\/src\/images\/icons.svg#svgHeartIn\"><\/use>\n\t\t\t\t<\/svg>\n\t\t\t<\/button>\n\t\t<\/div>\n\t\t\t\t<button\n\t\t\tclass=\"carousel-control-prev\"\n\t\t\ttype=\"button\"\n\t\t\tdata-bs-target=\"#carouselCardProperties-1-2\"\n\t\t\tdata-bs-slide=\"prev\">\n\t\t\t<span class=\"carousel-control-prev-icon\" aria-hidden=\"true\"><\/span>\n\t\t\t<span class=\"visually-hidden\">Anterior<\/span>\n\t\t<\/button>\n\t\t<button\n\t\t\tclass=\"carousel-control-next\"\n\t\t\ttype=\"button\"\n\t\t\tdata-bs-target=\"#carouselCardProperties-1-2\"\n\t\t\tdata-bs-slide=\"next\">\n\t\t\t<span class=\"carousel-control-next-icon\" aria-hidden=\"true\"><\/span>\n\t\t\t<span class=\"visually-hidden\">Siguiente<\/span>\n\t\t<\/button>\n\t\t\t<\/div>\n\t<div class=\"d-flex flex-column h-100 px-3 py-4 shadow\">\n\t\t\t\t<h3 class=\"card-properties-title mb-3\">\n\t\t\t<a class=\"stretched-link\" href=\"\/es\/propiedades\/estepona\/estepona-este\/monte-biarritz\/villas-y-chalets\/PANR-16332\">\n\t\t\t\tExclusivas villas nuevas cerca de El Campanario Golf en Estepona Este\t\t\t<\/a>\n\t\t<\/h3>\n\t\t<p class=\"mb-3 text-black-dark\">Monte Biarritz, Estepona Este<\/p>\n\t\t\t\t\t\t<p class=\"card-properties-description mb-3\">\n\t\t\tPerfectamente situadas entre Estepona y San Pedro de Alc\u00e1ntara, esta exclusiva promoci\u00f3n de dos villas contempor\u00e1neas en Monte Biarritz representa un verdadero santuario de vida refinada en la Costa del Sol.\r\n\r\nDise\u00f1adas cuidadosamente con una elegancia&#8230;\t\t<\/p>\n\t\t\t\t<span class=\"card-properties-price mt-auto\">\n\t\t\t\n\t\t\t<span class=\"card-properties-price mt-auto\" data-original-price=\"1850000\">1.850.000\u00a0\u20ac<\/span>\n\t\t\t\t<\/span>\n\t\t\t\t<ul class=\"card-properties-features list-unstyled d-flex flex-wrap align-items-center gap-3 pt-3 border-top mt-3 mb-0\">\n\t\t\t<li class=\"d-flex align-items-center\">5 Dorms.<\/li><li class=\"d-flex align-items-center\">4 Ba\u00f1os<\/li>\t\t\t\t<li class=\"d-flex align-items-center\">\n\t\t\t\t\t <span class=\"me-1\" data-original-value=\"599\" data-original-unit=\"m&#038;sup2\">599 m&sup2;<\/span>Total\t\t\t\t<\/li>\n\t\t\t\t\t\t\t<li class=\"d-flex align-items-center\">\n\t\t\t\t\t <span class=\"me-1\" data-original-value=\"556\" data-original-unit=\"m&#038;sup2\">556 m&sup2;<\/span>Parcela\t\t\t\t<\/li>\n\t\t\t\t\t\t\t\t<li class=\"d-flex align-items-center\">\n\t\t\t\t\t <span class=\"me-1\" data-original-value=\"330\" data-original-unit=\"m&#038;sup2\">330 m&sup2;<\/span>Construido\t\t\t\t<\/li>\n\t\t\t\t\t\t\t<li class=\"d-flex align-items-center\">\n\t\t\t\t\t <span class=\"me-1\" data-original-value=\"269\" data-original-unit=\"m&#038;sup2\">269 m&sup2;<\/span>Terrazas\t\t\t\t<\/li>\n\t\t\t\t\t<\/ul>\n\t\t\t<\/div>\n<\/article>\n\t\t\t<\/div>\n\t\t\t<ul class=\"mw-100 d-flex flex-column flex-lg-row flex-lg-wrap justify-content-center gap-3 list-unstyled mt-5 mb-0\">\n    <li><a class=\"btn btn-primary w-100 px-4 py-2\" href=\"https:\/\/www.panoramamarbella.com\/es\/propiedades\">Propiedades en venta<\/a><\/li><\/ul>\n\t\t<\/section>\n\t\t\n","protected":false},"excerpt":{"rendered":"<p>Nuevos datos de Eurostat sit\u00faan a Andaluc\u00eda como l\u00edder de la demanda tur\u00edstica en Europa, reforzando el atractivo duradero de la Costa del Sol para visitantes y compradores a largo plazo.<\/p>\n","protected":false},"author":7,"featured_media":33149,"comment_status":"closed","ping_status":"closed","sticky":false,"template":"","format":"standard","meta":{"_acf_changed":false,"footnotes":""},"categories":[44],"tags":[],"class_list":["post-33187","post","type-post","status-publish","format-standard","has-post-thumbnail","hentry","category-noticias-sector-inmobiliario"],"acf":[],"_links":{"self":[{"href":"https:\/\/www.panoramamarbella.com\/es\/wp-json\/wp\/v2\/posts\/33187","targetHints":{"allow":["GET"]}}],"collection":[{"href":"https:\/\/www.panoramamarbella.com\/es\/wp-json\/wp\/v2\/posts"}],"about":[{"href":"https:\/\/www.panoramamarbella.com\/es\/wp-json\/wp\/v2\/types\/post"}],"author":[{"embeddable":true,"href":"https:\/\/www.panoramamarbella.com\/es\/wp-json\/wp\/v2\/users\/7"}],"replies":[{"embeddable":true,"href":"https:\/\/www.panoramamarbella.com\/es\/wp-json\/wp\/v2\/comments?post=33187"}],"version-history":[{"count":1,"href":"https:\/\/www.panoramamarbella.com\/es\/wp-json\/wp\/v2\/posts\/33187\/revisions"}],"predecessor-version":[{"id":33368,"href":"https:\/\/www.panoramamarbella.com\/es\/wp-json\/wp\/v2\/posts\/33187\/revisions\/33368"}],"wp:featuredmedia":[{"embeddable":true,"href":"https:\/\/www.panoramamarbella.com\/es\/wp-json\/wp\/v2\/media\/33149"}],"wp:attachment":[{"href":"https:\/\/www.panoramamarbella.com\/es\/wp-json\/wp\/v2\/media?parent=33187"}],"wp:term":[{"taxonomy":"category","embeddable":true,"href":"https:\/\/www.panoramamarbella.com\/es\/wp-json\/wp\/v2\/categories?post=33187"},{"taxonomy":"post_tag","embeddable":true,"href":"https:\/\/www.panoramamarbella.com\/es\/wp-json\/wp\/v2\/tags?post=33187"}],"curies":[{"name":"wp","href":"https:\/\/api.w.org\/{rel}","templated":true}]}}