{"id":33625,"date":"2026-01-26T16:50:37","date_gmt":"2026-01-26T15:50:37","guid":{"rendered":"https:\/\/www.panoramamarbella.com\/?p=33625"},"modified":"2026-01-26T16:50:31","modified_gmt":"2026-01-26T15:50:31","slug":"analisis-comparativo-de-mercado","status":"publish","type":"post","link":"https:\/\/www.panoramamarbella.com\/es\/news\/analisis-comparativo-de-mercado","title":{"rendered":"\u00bfQu\u00e9 es un An\u00e1lisis Comparativo de Mercado (CMA)?"},"content":{"rendered":"\n\n<h2 class=\"wp-block-heading\">Un CMA es una de las herramientas m\u00e1s valiosas a la hora de vender su propiedad<\/h2>\n\n\n<div class=\"lead\"><p>Al vender una propiedad, una de las preguntas m\u00e1s habituales que se hacen los propietarios es: \u00bfc\u00f3mo s\u00e9 cu\u00e1l es realmente el valor de mi vivienda?<\/p>\n<p>No lo que consigui\u00f3 un vecino hace tres a\u00f1os, ni lo que sugiere una herramienta de valoraci\u00f3n online, ni lo que pueda indicar un precio de salida optimista en otra propiedad, sino su posici\u00f3n real en el mercado actual.<\/p>\n<p>Aqu\u00ed es donde un An\u00e1lisis Comparativo de Mercado, m\u00e1s conocido como CMA, se convierte en una de las herramientas m\u00e1s valiosas del proceso de venta.<\/p>\n<\/div>\n\n\n<p>En Panorama Properties, elaboramos un CMA para cada propietario como parte est\u00e1ndar de nuestro servicio. Constituye la base para una fijaci\u00f3n de precios precisa, una estrategia de marketing eficaz y, en \u00faltima instancia, una venta exitosa.<\/p>\n\n\n\n<ul class=\"table-index list-unstyled p-4 p-lg-5 ms-0 bg-light\"><li class=\"text-uppercase fw-bold mb-3\">Tabla de contenidos<\/li><li><a href=\"#un+cma+es+una+de+las+herramientas+mas+valiosas+a+la+hora+de+vender+su+propiedad\">\nUn CMA es una de las herramientas m\u00e1s valiosas a la hora de vender su propiedad\n<\/a><\/li>\n<li><a href=\"#que+es+un+analisis+comparativo+de+mercado\">\n\u00bfQu\u00e9 es un An\u00e1lisis Comparativo de Mercado?\n<\/a><\/li>\n<li><a href=\"#por+que+un+cma+es+clave+al+vender+en+marbella\">\nPor qu\u00e9 un CMA es clave al vender en Marbella\n<\/a><\/li>\n<li><a href=\"#como+panorama+prepara+un+cma\">\nC\u00f3mo Panorama prepara un CMA\n<\/a><\/li>\n<li><a href=\"#sentar+las+bases+para+una+venta+exitosa\">\nSentar las bases para una venta exitosa\n<\/a><\/li><\/ul>\n\n\n\t<figure class=\"wp-caption aligncenter wp-block-acf-wpimage\">\n\t<picture><source width=\"900\" height=\"613\" srcset=\"https:\/\/media.panoramamarbella.com\/imgV1\/B95mbh8olwFQm~uCT2wPZMb8hll4wghQQQq6YWg0~c~U_DrmgY8pGP8pqaDzA6mvjyI_OPtcrHD_aKxAUQWyHixzcvP2sYrvvvqWCPiOlPZsuu5LB7iLlwH2356EvUF3HAjM7sOreYRAvD23spUVkPHD1AG63gV4mz9YUo7rK9QwsOhIblsEzh_doJluQwkyDNvA7RDgoPNIRA--.webp 900w\" type=\"image\/webp\"><img decoding=\"async\" class=\"img-fluid\" loading=\"lazy\" width=\"900\" height=\"613\" alt=\"Lupa destacando el icono de una vivienda sobre c\u00e9sped verde, que simboliza la b\u00fasqueda de propiedades, la valoraci\u00f3n y el an\u00e1lisis inmobiliario. An\u00e1lisis Comparativo de Mercado\" src=\"https:\/\/media.panoramamarbella.com\/imgV1\/B95mbh8olwFQm~uCT2wPZMb8hll4wghQQQq6YWg0~c~U_DrmgY8pGP8pqaDzA6mvjyI_OPtcrHD_aKxAUQWyHixzcvP2sYrvvvqWCPiOlPZsuu5LB7iLlwH2356EvUF3HAjM7sOreYRAvD23spUVkPHD1AG63hvCC~e1uJs08PkljqtazRWv.jpg\"><\/picture>\t\t\t<figcaption class=\"wp-caption-text\">\n\t\tEn Panorama, se elabora un CMA para cada propietario\t\t<\/figcaption>\n\t\t\t<\/figure>\n\t\n\n\n<h2 class=\"wp-block-heading\">\u00bfQu\u00e9 es un An\u00e1lisis Comparativo de Mercado?<\/h2>\n\n\n\n<p>Un An\u00e1lisis Comparativo de Mercado (CMA, por sus siglas en ingl\u00e9s) es una evaluaci\u00f3n detallada del valor de su propiedad basada en datos reales y actuales del mercado. En lugar de apoyarse en precios de salida o tendencias generales, un CMA analiza propiedades que son verdaderamente comparables a la suya y que se han vendido recientemente, est\u00e1n actualmente en el mercado o no han logrado venderse.<\/p>\n\n\n\n<p>El objetivo es sencillo: entender cu\u00e1l es la posici\u00f3n real de su vivienda en el mercado en este momento, no en teor\u00eda, sino en la pr\u00e1ctica. Un CMA bien elaborado tiene en cuenta factores como la ubicaci\u00f3n, el tama\u00f1o de la parcela, la superficie construida, el estado de la propiedad, la orientaci\u00f3n, las vistas, las comodidades y el comportamiento reciente de los compradores. Va mucho m\u00e1s all\u00e1 de un simple c\u00e1lculo del precio por metro cuadrado, que por s\u00ed solo rara vez refleja toda la complejidad del mercado inmobiliario de Marbella.<\/p>\n\n\n\t<figure class=\"wp-caption aligncenter wp-block-acf-wpimage\">\n\t<picture><source width=\"900\" height=\"600\" srcset=\"https:\/\/media.panoramamarbella.com\/imgV1\/B95mbh8olwFQm~uCT2wPZMb8hll4wghQQQq6YWg0~c~U_DrmgY8pGP8pqaDzA6mvjyI_OPtcrHD_aKxAUQWyHi_x0OHU9Jwpe6sYsYRaiH8vK_bnyllhKpPBPQ1USoUhuao1cCad9XuhFEIaT1kzpN0hegqGlZEIIvch0Yx~xinBLzUOlIkQsKor0oaLLIdMJvdAZ5R9pK69Jw--.webp 900w\" type=\"image\/webp\"><img decoding=\"async\" class=\"img-fluid\" loading=\"lazy\" width=\"900\" height=\"600\" alt=\"Mano dibujando el esquema de una vivienda en un cuaderno titulado \u00abProperty Value\u00bb, destacando factores como la ubicaci\u00f3n, el estado, el mercado, el entorno, la antig\u00fcedad y la eficiencia energ\u00e9tica.\" src=\"https:\/\/media.panoramamarbella.com\/imgV1\/B95mbh8olwFQm~uCT2wPZMb8hll4wghQQQq6YWg0~c~U_DrmgY8pGP8pqaDzA6mvjyI_OPtcrHD_aKxAUQWyHi_x0OHU9Jwpe6sYsYRaiH8vK_bnyllhKpPBPQ1USoUhuao1cCad9XuhFEIaT1kzpN0hegqGlY_mu4a~iYMmKEkeUACGrOyk.jpg\"><\/picture>\t\t\t<figcaption class=\"wp-caption-text\">\n\t\tUn CMA bien elaborado va mucho m\u00e1s all\u00e1 de un simple c\u00e1lculo del precio por metro cuadrado\t\t<\/figcaption>\n\t\t\t<\/figure>\n\t\n\n\n<h2 class=\"wp-block-heading\">Por qu\u00e9 un CMA es clave al vender en Marbella<\/h2>\n\n\n\n<p>Marbella no es un mercado homog\u00e9neo. Dos propiedades de tama\u00f1o similar pueden alcanzar precios muy distintos en funci\u00f3n de la microubicaci\u00f3n, la altura, la privacidad, las vistas o incluso el estilo arquitect\u00f3nico. Por eso, fijar el precio bas\u00e1ndose \u00fanicamente en la intuici\u00f3n o en cifras generales puede resultar enga\u00f1oso.<\/p>\n\n\n\n<p>Un CMA elaborado con precisi\u00f3n ayuda a evitar dos errores habituales.<\/p>\n\n\n\n<p>La sobrevaloraci\u00f3n puede provocar que una propiedad permanezca demasiado tiempo en el mercado, perdiendo impulso y dando lugar, a menudo, a bajadas de precio que debilitan su valor percibido. La infravaloraci\u00f3n, aunque pueda generar inter\u00e9s inicial, implica el riesgo de dejar dinero sobre la mesa. Un CMA permite posicionar la propiedad correctamente desde el principio, atrayendo a los compradores adecuados en el momento oportuno y maximizando las posibilidades de una venta s\u00f3lida y eficiente.<\/p>\n\n\n\t<figure class=\"wp-caption aligncenter wp-block-acf-wpimage\">\n\t<picture><source width=\"900\" height=\"563\" srcset=\"https:\/\/media.panoramamarbella.com\/imgV1\/B95mbh8olwFQm~uCT2wPZMb8hll4wghQQQq6YWg0~c~U_DrmgY8pGP8pqaDzA6mvjyI_OPtcrHD_aKxAUQWyHi5n95RQXXJQkLV_~KG~LcJ2Xt5Dkj6kTWGNKKed42QNoYHR5g30WJY9VPgbjPMNbv2MJVFw~Zg0dXYbvMmKt8VpIlMfgHT~ljOR8wtXmER1A~zY~KWWOb_NXg--.webp 900w\" type=\"image\/webp\"><img decoding=\"async\" class=\"img-fluid\" loading=\"lazy\" width=\"900\" height=\"563\" alt=\"Ilustraci\u00f3n que compara el precio y el valor de una propiedad, mostrando dos viviendas etiquetadas como \u00abPrice\u00bb y \u00abValue\u00bb con un signo de interrogaci\u00f3n entre ellas, representando decisiones de valoraci\u00f3n inmobiliaria.\" src=\"https:\/\/media.panoramamarbella.com\/imgV1\/B95mbh8olwFQm~uCT2wPZMb8hll4wghQQQq6YWg0~c~U_DrmgY8pGP8pqaDzA6mvjyI_OPtcrHD_aKxAUQWyHi5n95RQXXJQkLV_~KG~LcJ2Xt5Dkj6kTWGNKKed42QNoYHR5g30WJY9VPgbjPMNbv2MJVFw~YbMGeYdgT2Hrf8FUwB~nfBq.jpg\"><\/picture>\t\t\t<figcaption class=\"wp-caption-text\">\n\t\tTanto la sobrevaloraci\u00f3n como la infravaloraci\u00f3n son problem\u00e1ticas a la hora de valorar una propiedad\t\t<\/figcaption>\n\t\t\t<\/figure>\n\t\n\n\n<h2 class=\"wp-block-heading\">C\u00f3mo Panorama prepara un CMA<\/h2>\n\n\n\n<p>En Panorama, un CMA nunca es un documento gen\u00e9rico. Se adapta a cada propiedad en particular y se apoya en d\u00e9cadas de experiencia real y directa en el mercado.<\/p>\n\n\n\n<p>Nuestro an\u00e1lisis se elabora a partir de:<\/p>\n\n\n\n<ul class=\"wp-block-list\">\n<li>Ventas recientes verificadas, no solo precios de salida<\/li>\n\n\n\n<li>Propiedades comparables actualmente en el mercado y su comportamiento<\/li>\n\n\n\n<li>Propiedades retiradas o no vendidas y las lecciones que aportan<\/li>\n\n\n\n<li>Tendencias de demanda local y perfiles de compradores<\/li>\n\n\n\n<li>Fortalezas y limitaciones espec\u00edficas de cada propiedad<\/li>\n<\/ul>\n\n\n\t<figure class=\"wp-caption aligncenter wp-block-acf-wpimage\">\n\t<picture><source width=\"900\" height=\"601\" srcset=\"https:\/\/media.panoramamarbella.com\/imgV1\/B95mbh8olwFQm~uCT2wPZMb8hll4wghQQQq6YWg0~c~U_DrmgY8pGP8pqaDzA6mvjyI_OPtcrHD_aKxAUQWyHik5ZvQuxLk31F_7GXr~pX7ZTwjqmwQmrDsHtD55oaAAoaKsBU0Ik7GsCT0uiYzwqQspjJAYn~O30fBi_LObD7vgDS8kWIJKRyl5R99xo~II0~KpRdLKdWZ0vA--.webp 900w\" type=\"image\/webp\"><img decoding=\"async\" class=\"img-fluid\" loading=\"lazy\" width=\"900\" height=\"601\" alt=\"Documento de contrato de compraventa con una calculadora, un bol\u00edgrafo, una maqueta de vivienda y planos arquitect\u00f3nicos, que representan la fijaci\u00f3n de precios, el an\u00e1lisis financiero y las transacciones inmobiliarias.\" src=\"https:\/\/media.panoramamarbella.com\/imgV1\/B95mbh8olwFQm~uCT2wPZMb8hll4wghQQQq6YWg0~c~U_DrmgY8pGP8pqaDzA6mvjyI_OPtcrHD_aKxAUQWyHik5ZvQuxLk31F_7GXr~pX7ZTwjqmwQmrDsHtD55oaAAoaKsBU0Ik7GsCT0uiYzwqQspjJAYn_3ngsqLnBe7O1VxX9~SECOQ.jpg\"><\/picture>\t\t\t<figcaption class=\"wp-caption-text\">\n\t\tPanorama elabora un CMA para todos sus clientes, garantizando el mejor resultado para cada propiedad\t\t<\/figcaption>\n\t\t\t<\/figure>\n\t\n\n<article class=\"col w-100 position-relative mb-5 wp-block-acf-banner\">\n    <div class=\"d-flex flex-wrap flex-column flex-xl-row align-items-start align-items-xl-end gap-4 w-100 bg-secondary text-white p-4\">\n        <div class=\"d-flex flex-column\">\n\t\t\t            <a href=\"https:\/\/www.panoramamarbella.com\/es\/boletin-de-viviendas-en-venta\" class=\"stretched-link text-white text-decoration-none\" title=\"\u00bfTe gusta este art\u00edculo?\">\n\t\t\t\t<h2 class=\"text-white mb-3\">\u00bfTe gusta este art\u00edculo?<\/h2>            <\/a>\n\t\t\t            <p class=\"mb-0\">\n                Suscr\u00edbete a nuestro bolet\u00edn para recibir art\u00edculos interesantes, contenidos exclusivos y las \u00faltimas actualizaciones.            <\/p>\n\t\t\t        <\/div>\n\t\t        <span class=\"btn btn-outline-light ms-xl-auto\">Bolet\u00edn Panorama<\/span>\n\t\t    <\/div>\n<\/article>\n\n\n\n\n<h2 class=\"wp-block-heading\">Sentar las bases para una venta exitosa<\/h2>\n\n\n\n<p>Las ventas m\u00e1s s\u00f3lidas comienzan con la mejor preparaci\u00f3n. Al fundamentar las decisiones de precio en datos de mercado precisos y actuales, un CMA reduce la incertidumbre y aumenta la confianza, tanto para los vendedores como para los compradores.<\/p>\n\n\n\n<p>Por este motivo, Panorama elabora un An\u00e1lisis Comparativo de Mercado para todos sus clientes. De este modo, cada propiedad sale al mercado con claridad, credibilidad y una estrategia dise\u00f1ada para lograr el mejor resultado posible.<\/p>\n\n\n\n<p>Si est\u00e1 pensando en <a href=\"https:\/\/www.panoramamarbella.com\/es\/vender\">vender su propiedad<\/a> y desea una <a href=\"https:\/\/www.panoramamarbella.com\/es\/vender\/valoraciones-tasaciones-propiedades\">evaluaci\u00f3n clara y profesional<\/a> de su posici\u00f3n actual en el mercado, un CMA bien elaborado es el punto de partida ideal. <strong>En Panorama llevamos vendiendo propiedades en Marbella desde 1970, y nuestras d\u00e9cadas de experiencia directa en el mercado estar\u00e1n a su favor. <a href=\"https:\/\/www.panoramamarbella.com\/es\/contacto\">Contacte con nosotros a trav\u00e9s de nuestra web<\/a> o directamente por WhatsApp en el (+34) 952 822 111.<\/strong><\/p>\n\n\n\n\n\t\t<section class=\"container wp-block-acf-inmpropselection\">\n\t\t\t<h2>Su propiedad perfecta en Marbella y alrededores<\/h2>\t\t\t<div class=\"row row-cols-1 row-cols-lg-3 gy-5 g-xxl-5\">\n\t\t\t\t\n<article class=\"col card-properties position-relative d-flex flex-column\">\n\t<div id=\"carouselCardProperties-1-0\" class=\"card-properties-images carousel slide carousel-fade lazy\" data-bs-ride=\"carousel\" data-bs-interval=\"200000\" data-id=\"698664\">\n\t\t<div class=\"carousel-inner\">\n\t\t\t<figure class=\"carousel-item mb-0 active ratio ratio-4x3\">\n\t\t\t\t<picture><source sizes=\"(max-width: 575px) calc(100vw - 24px), (max-width: 767px) 516px, (max-width: 991px) 696px, (max-width: 1199px) 296px, (max-width: 1399px) 356px, 400px\" width=\"696\" height=\"522\" srcset=\"https:\/\/media.panoramamarbella.com\/imgV1\/B95mbh8olwFQm~uCUaVOI2kQT0hb0a8sZ9turUNfnwtvuccYCzs0YVPfPbfkc2VnnN1JFDpkYaGfw1gJsS~5hOu8ClA27V6xVP6zyKoKPS1Mn7WRHYZMLWv_YHD73v3wTA8HWCCOpMnXwN2uAr5VSPiSO7karRIMiZTPqCu_dZ5fuWR0YCW6_1pG5Bl~Hp5WroeZ3HQAZ5bJuMGEOv79bl9k214P5Nw2k7gr9ANpozAASAFpx51KqYb~IgRpbC3Nm7LGaJqZPuy9KH5g7qzcuC2cvd8aXgZUiX05nn3MiVFBu3_R0uApWqg0GDDTU7GVpDHN0uiwmWHOPGRGcV19lVB5JeSIN5bWCc0XpEoi3uZ0T3eXN37TL0i518tYi19KAllVsHHd0sbTDHyPO_Nw~4KnnSNcB9zdZy_Falf9Nm2Qd8UylRZPY3Up0552~WYpYFfMu6~cQQhix6~xJmlu.webp 696w,https:\/\/media.panoramamarbella.com\/imgV1\/B95mbh8olwFQm~uCUaVOI2kQT0hb0a8sZ9turUNfnwtvuccYCzs0YVPfPbfkc2VnnN1JFDpkYaGfw1gJsS~5hOu8ClA27V6xVP6zyKoKPS1Mn7WRHYZMLWv_YHD73v3wTA8HWCCOpMnXwN2uAr5VSPiSO7karRIMiZTPqCu_dxsgwbeNJ3yUNRGy~HNlq7dkSM2WX~69OJOJ5Rf_OC19ofiiJFxHjWv2u3u0P4hi6O0xoN_eKF2nSgtPXKVIDb6vkB7sMfUcYSFaA8MkPym_Gpt83~i_ztzET0MbhzNjsKTdK5NbqRNgl5yWC5YxwwmAj1QP7QCWT0mNwDbjKvcT6HKFDihRXrRi~rK1hGgEsn~KGSB8yKC8a2ZAlw1Y0g7iH3vxsT0JHikRupGzmmtHsrKXqc6p8M2~T5e5ifxWDLJfJRqdDdAaQRy8mbVTKnDv_ya2ucuiMT0AMrtAXM~J.webp 400w\" type=\"image\/webp\"><img decoding=\"async\" class=\"position-absolute w-100 h-100 object-fit-cover\" alt=\"Exclusivo apartamento en planta baja con vistas al mar en los Jardines Japoneses de Marina Puente Romano\" loading=\"lazy\" width=\"696\" height=\"522\" src=\"https:\/\/media.panoramamarbella.com\/imgV1\/B95mbh8olwFQm~uCUaVOI2kQT0hb0a8sZ9turUNfnwtvuccYCzs0YVPfPbfkc2VnnN1JFDpkYaGfw1gJsS~5hOu8ClA27V6xVP6zyKoKPS1Mn7WRHYZMLWv_YHD73v3wTA8HWCCOpMnXwN2uAr5VSPiSO7karRIMiZTPqCu_dZ5fuWR0YCW6_1pG5Bl~AOWCKsfURyq35vm55dIauvG9uVaSivcgS4ajblndO75z1CH0f2jKmqCp4xxFvz8SGfsGZsvJDXqx_1ZOdq6C3Ciw5BdH3mBMTlmpWiwr03l4R5h6rIkh70WK8PZkn3TMc7aMyNa5IHcJVNmTEhV8AxRljU0iGmAWvH9H8Jc12IGx0P0jWsreOMhWj1MxEo9KATyoLWCUe5JwyP7SYClFp7YUmD7e40GOUqwrJuzlqrEiOyMmHv7XqSzouqYV54M-.jpg\"><\/picture>\t\t\t<\/figure>\n\t\t\t\t\t\t<span class=\"card-properties-tag position-absolute z-2 top-0 start-0 bg-secondary text-white py-1 px-3 ms-3\">\n\t\t\t\tDestacado\t\t\t<\/span>\n\t\t\t\t\t\t<span class=\"card-properties-ref position-absolute z-2 bottom-0 end-0 bg-white text-primary py-1 px-3 me-3\">\n\t\t\t\tPANR-16359\t\t\t<\/span>\n\t\t\t<button class=\"card-properties-portfolio d-flex align-items-center justify-content-center position-absolute z-3 end-0 text-white bg-primary me-3 border-0 px-0\" data-pfl-id=\"698664\" data-pfl-filter=\"sale\" aria-label=\"Add to portfolio\">\n\t\t\t\t<svg width=\"18\" fill=\"currentColor\" viewBox=\"0 0 512 512\">\n\t\t\t\t\t<use href=\"https:\/\/www.panoramamarbella.com\/wp-content\/themes\/panoramamarbella\/dist\/src\/images\/icons.svg#svgHeart\"><\/use>\n\t\t\t\t<\/svg>\n\t\t\t\t<svg width=\"18\" fill=\"currentColor\" viewBox=\"0 0 512 512\">\n\t\t\t\t\t<use href=\"https:\/\/www.panoramamarbella.com\/wp-content\/themes\/panoramamarbella\/dist\/src\/images\/icons.svg#svgHeartIn\"><\/use>\n\t\t\t\t<\/svg>\n\t\t\t<\/button>\n\t\t<\/div>\n\t\t\t\t<button\n\t\t\tclass=\"carousel-control-prev\"\n\t\t\ttype=\"button\"\n\t\t\tdata-bs-target=\"#carouselCardProperties-1-0\"\n\t\t\tdata-bs-slide=\"prev\">\n\t\t\t<span class=\"carousel-control-prev-icon\" aria-hidden=\"true\"><\/span>\n\t\t\t<span class=\"visually-hidden\">Anterior<\/span>\n\t\t<\/button>\n\t\t<button\n\t\t\tclass=\"carousel-control-next\"\n\t\t\ttype=\"button\"\n\t\t\tdata-bs-target=\"#carouselCardProperties-1-0\"\n\t\t\tdata-bs-slide=\"next\">\n\t\t\t<span class=\"carousel-control-next-icon\" aria-hidden=\"true\"><\/span>\n\t\t\t<span class=\"visually-hidden\">Siguiente<\/span>\n\t\t<\/button>\n\t\t\t<\/div>\n\t<div class=\"d-flex flex-column h-100 px-3 py-4 shadow\">\n\t\t\t\t<h3 class=\"card-properties-title mb-3\">\n\t\t\t<a class=\"stretched-link\" href=\"\/es\/propiedades\/marbella\/marbella-golden-mile\/marina-puente-romano\/apartamentos-y-pisos\/PANR-16359\">\n\t\t\t\tExclusivo apartamento en planta baja con vistas al mar en los Jardines Japoneses de Marina Puente Romano\t\t\t<\/a>\n\t\t<\/h3>\n\t\t<p class=\"mb-3 text-black-dark\">Marina Puente Romano, Marbella Golden Mile<\/p>\n\t\t\t\t\t\t<p class=\"card-properties-description mb-3\">\n\t\t\tDescubra el ep\u00edtome del lujo sin esfuerzo en este exquisito apartamento elevado en planta baja, orientado al suroeste, ubicado en el emblem\u00e1tico Puente Romano Beach Resort &amp; Spa, una de las direcciones m\u00e1s prestigiosas y&#8230;\t\t<\/p>\n\t\t\t\t<span class=\"card-properties-price mt-auto\">\n\t\t\t\n\t\t\t<span class=\"card-properties-price mt-auto\" data-original-price=\"4950000\">4.950.000\u00a0\u20ac<\/span>\n\t\t\t\t<\/span>\n\t\t\t\t<ul class=\"card-properties-features list-unstyled d-flex flex-wrap align-items-center gap-3 pt-3 border-top mt-3 mb-0\">\n\t\t\t<li class=\"d-flex align-items-center\">3 Dorms.<\/li><li class=\"d-flex align-items-center\">3 Ba\u00f1os<\/li>\t\t\t\t<li class=\"d-flex align-items-center\">\n\t\t\t\t\t <span class=\"me-1\" data-original-value=\"180\" data-original-unit=\"m&#038;sup2\">180 m&sup2;<\/span>Total\t\t\t\t<\/li>\n\t\t\t\t\t\t\t<li class=\"d-flex align-items-center\">\n\t\t\t\t\t <span class=\"me-1\" data-original-value=\"140\" data-original-unit=\"m&#038;sup2\">140 m&sup2;<\/span>Construido\t\t\t\t<\/li>\n\t\t\t\t\t\t\t<li class=\"d-flex align-items-center\">\n\t\t\t\t\t <span class=\"me-1\" data-original-value=\"40\" data-original-unit=\"m&#038;sup2\">40 m&sup2;<\/span>Terrazas\t\t\t\t<\/li>\n\t\t\t\t\t<\/ul>\n\t\t\t<\/div>\n<\/article>\n\n\n<article class=\"col card-properties position-relative d-flex flex-column\">\n\t<div id=\"carouselCardProperties-1-1\" class=\"card-properties-images carousel slide carousel-fade lazy\" data-bs-ride=\"carousel\" data-bs-interval=\"200000\" data-id=\"698452\">\n\t\t<div class=\"carousel-inner\">\n\t\t\t<figure class=\"carousel-item mb-0 active ratio ratio-4x3\">\n\t\t\t\t<picture><source sizes=\"(max-width: 575px) calc(100vw - 24px), (max-width: 767px) 516px, (max-width: 991px) 696px, (max-width: 1199px) 296px, (max-width: 1399px) 356px, 400px\" width=\"696\" height=\"522\" srcset=\"https:\/\/media.panoramamarbella.com\/imgV1\/B95mbh8olwFQm~uCUaVOI2kQT0hb0a8sZ9turUNfnwtvuccYCzs0YVPfPbfkc2VnnN1JFDpkYaGfw1gJsS~5hOu8AUZEQTHg7CLRX_1curmO2wUT0oMrRL1uiJLedOIKDN8v93fz93HwFQv7mvDjXTJ7lOrU4l83PE~Y7~g4uSwzq7fwptUkt8il_H0dUfDMbhzRCHO11LkysK_bxmVac4BLYh_a2hSE6xc4RNhtWQy0GnsnoQrJccDe7cp8t7Ce6UlO1DWqwXSJYUCDuwP7QwoWCJkTw27ijwwwpB98FcoNDGs~dLIP7I2GDa3nOd4g1SjhL97WDkXGdj2aFX5fwQPpaxEz9JYPNAHCS8LI6VPreTQIillN_1gkADuMHYT2CJSd5rwzlKJJZqM2B1EGJzPLGXSc9ooOUU7qL2ig99dCjaK189Pp7TsIOGVaDX9oXhEFrF_Ia4RltvugvjBP.webp 696w,https:\/\/media.panoramamarbella.com\/imgV1\/B95mbh8olwFQm~uCUaVOI2kQT0hb0a8sZ9turUNfnwtvuccYCzs0YVPfPbfkc2VnnN1JFDpkYaGfw1gJsS~5hOu8AUZEQTHg7CLRX_1curmO2wUT0oMrRL1uiJLedOIKDN8v93fz93HwFQv7mvDjXTJ7lOrU4l83PE~Y7~g4u~df~Tano1nt9Ue6uk~XBWFCGo8b5uz9KD25B9Qw7evRA8SqFZq34AgCn5JX6EuhbeRrvvPVHMrvFUE2AO7h4SlLQw6ob~_m94R0S7sqNgkVrMEquSzkE9nasFMmps2VzAHYdSAQ2wTz4HwlOQKPdZH_kxNfiyNr1LkWz6W0SPGJz_J5jSuIrO8m9wUmUgBw7W4bVwwlZXewN8w4PgVWe867xysmy5y9aWPRh5yB7zWFKCmqm7usE_2JL120Zpd5k0n~nRNSy0VF9XmSJWinpqt3IAb2BAerv9YNOwzXXZg6.webp 400w\" type=\"image\/webp\"><img decoding=\"async\" class=\"position-absolute w-100 h-100 object-fit-cover\" alt=\"Impecable apartamento con vistas al mar en Bah\u00eda del Veler\u00edn, Estepona\" loading=\"lazy\" width=\"696\" height=\"522\" src=\"https:\/\/media.panoramamarbella.com\/imgV1\/B95mbh8olwFQm~uCUaVOI2kQT0hb0a8sZ9turUNfnwtvuccYCzs0YVPfPbfkc2VnnN1JFDpkYaGfw1gJsS~5hOu8AUZEQTHg7CLRX_1curmO2wUT0oMrRL1uiJLedOIKDN8v93fz93HwFQv7mvDjXTJ7lOrU4l83PE~Y7~g4uSwzq7fwptUkt8il_H0dT~d80FU6rzBEPKVvi7_9uKyowpu_WM6HzT2BejtGMxY4Ue4yJKg6tygbAbOs4O2zuBdhFbcIhyEehd0GrogCmXKavWLN_n86mIIQdIrcaS0D4WN6WOtwoDECcJPnCoGASy5m1KGKXUks15kVrhZufydUhekpIBkQZbMRjCpoPPH~gROlE7YzRlNm41NdY7EbPR9x5kL9_LwgSvVMZ6RHdRXrOZjwX9fLz9QxqTZ1Osni6X7J~ihA36h0OX6JJb8-.jpg\"><\/picture>\t\t\t<\/figure>\n\t\t\t\t\t\t<span class=\"card-properties-ref position-absolute z-2 bottom-0 end-0 bg-white text-primary py-1 px-3 me-3\">\n\t\t\t\tPANR-16352\t\t\t<\/span>\n\t\t\t<button class=\"card-properties-portfolio d-flex align-items-center justify-content-center position-absolute z-3 end-0 text-white bg-primary me-3 border-0 px-0\" data-pfl-id=\"698452\" data-pfl-filter=\"sale\" aria-label=\"Add to portfolio\">\n\t\t\t\t<svg width=\"18\" fill=\"currentColor\" viewBox=\"0 0 512 512\">\n\t\t\t\t\t<use href=\"https:\/\/www.panoramamarbella.com\/wp-content\/themes\/panoramamarbella\/dist\/src\/images\/icons.svg#svgHeart\"><\/use>\n\t\t\t\t<\/svg>\n\t\t\t\t<svg width=\"18\" fill=\"currentColor\" viewBox=\"0 0 512 512\">\n\t\t\t\t\t<use href=\"https:\/\/www.panoramamarbella.com\/wp-content\/themes\/panoramamarbella\/dist\/src\/images\/icons.svg#svgHeartIn\"><\/use>\n\t\t\t\t<\/svg>\n\t\t\t<\/button>\n\t\t<\/div>\n\t\t\t\t<button\n\t\t\tclass=\"carousel-control-prev\"\n\t\t\ttype=\"button\"\n\t\t\tdata-bs-target=\"#carouselCardProperties-1-1\"\n\t\t\tdata-bs-slide=\"prev\">\n\t\t\t<span class=\"carousel-control-prev-icon\" aria-hidden=\"true\"><\/span>\n\t\t\t<span class=\"visually-hidden\">Anterior<\/span>\n\t\t<\/button>\n\t\t<button\n\t\t\tclass=\"carousel-control-next\"\n\t\t\ttype=\"button\"\n\t\t\tdata-bs-target=\"#carouselCardProperties-1-1\"\n\t\t\tdata-bs-slide=\"next\">\n\t\t\t<span class=\"carousel-control-next-icon\" aria-hidden=\"true\"><\/span>\n\t\t\t<span class=\"visually-hidden\">Siguiente<\/span>\n\t\t<\/button>\n\t\t\t<\/div>\n\t<div class=\"d-flex flex-column h-100 px-3 py-4 shadow\">\n\t\t\t\t<h3 class=\"card-properties-title mb-3\">\n\t\t\t<a class=\"stretched-link\" href=\"\/es\/propiedades\/estepona\/estepona-este\/bahia-del-velerin\/apartamentos-y-pisos\/PANR-16352\">\n\t\t\t\tImpecable apartamento con vistas al mar en Bah\u00eda del Veler\u00edn, Estepona\t\t\t<\/a>\n\t\t<\/h3>\n\t\t<p class=\"mb-3 text-black-dark\">Bah\u00eda del Veler\u00edn, Estepona Este<\/p>\n\t\t\t\t\t\t<p class=\"card-properties-description mb-3\">\n\t\t\tEste apartamento en primera l\u00ednea de playa ha sido completamente renovado y transformado en una residencia excepcional, terminada con materiales de la m\u00e1s alta calidad y un dise\u00f1o contempor\u00e1neo refinado. Ubicado en una de las&#8230;\t\t<\/p>\n\t\t\t\t<span class=\"card-properties-price mt-auto\">\n\t\t\t\n\t\t\t<span class=\"card-properties-price mt-auto\" data-original-price=\"1895000\">1.895.000\u00a0\u20ac<\/span>\n\t\t\t\t<\/span>\n\t\t\t\t<ul class=\"card-properties-features list-unstyled d-flex flex-wrap align-items-center gap-3 pt-3 border-top mt-3 mb-0\">\n\t\t\t<li class=\"d-flex align-items-center\">3 Dorms.<\/li><li class=\"d-flex align-items-center\">2 Ba\u00f1os<\/li>\t\t\t\t<li class=\"d-flex align-items-center\">\n\t\t\t\t\t <span class=\"me-1\" data-original-value=\"145\" data-original-unit=\"m&#038;sup2\">145 m&sup2;<\/span>Total\t\t\t\t<\/li>\n\t\t\t\t\t\t\t<li class=\"d-flex align-items-center\">\n\t\t\t\t\t <span class=\"me-1\" data-original-value=\"122\" data-original-unit=\"m&#038;sup2\">122 m&sup2;<\/span>Construido\t\t\t\t<\/li>\n\t\t\t\t\t\t\t<li class=\"d-flex align-items-center\">\n\t\t\t\t\t <span class=\"me-1\" data-original-value=\"23\" data-original-unit=\"m&#038;sup2\">23 m&sup2;<\/span>Terrazas\t\t\t\t<\/li>\n\t\t\t\t\t<\/ul>\n\t\t\t<\/div>\n<\/article>\n\n\n<article class=\"col card-properties position-relative d-flex flex-column\">\n\t<div id=\"carouselCardProperties-1-2\" class=\"card-properties-images carousel slide carousel-fade lazy\" data-bs-ride=\"carousel\" data-bs-interval=\"200000\" data-id=\"697691\">\n\t\t<div class=\"carousel-inner\">\n\t\t\t<figure class=\"carousel-item mb-0 active ratio ratio-4x3\">\n\t\t\t\t<picture><source sizes=\"(max-width: 575px) calc(100vw - 24px), (max-width: 767px) 516px, (max-width: 991px) 696px, (max-width: 1199px) 296px, (max-width: 1399px) 356px, 400px\" width=\"696\" height=\"522\" srcset=\"https:\/\/media.panoramamarbella.com\/imgV1\/B95mbh8olwFQm~uCUaVOI2kQT0hb0a8sZ9turUNfnwtvuccYCzs0YVPfPbfkc2VnnN1JFDpkYaGfw1gJsS~5hOu9X5J_GGESH79I62csjOueuTbhRLPEQEkioevvhdrpjaWZvyQirO9yl0pilvxoweqB_Ivhe0U_Jy8EpEUkkIerqgeQoKU1mQB5R7jXZ4z2~yGHtb6~CBhi84a2F0raVYWLu7HUrDtit56FaP4OzvluUMGSwtGFlSJjr8yarAflGi10pMdlOSw4pYbz1aqK6iIVhkYwfTShqk4tM8jcl3NydxgqIaQ5Hr3LCHJIjKmxTaM1YMrEvaemAODXyC~Axri4wdZFcJwZbcVOP6nZFqFub0gDbEaJ8ewY0NDjqGgCUFpu9RkXt5X2GSkuGu1KRN9zum7V9133uqsztpj3Tuu9VQfPyxoXd8UjT0SxZc5xix8YhCigEA3G9dEBKBQ2.webp 696w,https:\/\/media.panoramamarbella.com\/imgV1\/B95mbh8olwFQm~uCUaVOI2kQT0hb0a8sZ9turUNfnwtvuccYCzs0YVPfPbfkc2VnnN1JFDpkYaGfw1gJsS~5hOu9X5J_GGESH79I62csjOueuTbhRLPEQEkioevvhdrpjaWZvyQirO9yl0pilvxoweqB_Ivhe0U_Jy8EpEUkko1a78AnfDVp7Xlsgx3km_Rd47QqHGmTwbNqdRjMS62fS8JkHMlnjYi2Wtt450XydYXva8FoZJ25irlVO5Ob7WT2ai1w6Lt5Xskty6pLQlJxFmgZgJeqWTkfUbXDR1VHOqoNnqF4XSbRybXd4uMgVBoJgOCP8Pclw0gYC8Q12nBtMMEN1IEFdpKdFxHfuKC25RIEs5LT1WXuLWTNQdbX6ZFeI5ljV9FbJzAQWoXuA3_2bpay0lG_RdcVguU4wa~kZ90i1jVqD~4CMzTkUDnsFBpBXUK49EKzkx6U2GFqJIdV.webp 400w\" type=\"image\/webp\"><img decoding=\"async\" class=\"position-absolute w-100 h-100 object-fit-cover\" alt=\"Elegante y amplio apartamento en Monte Para\u00edso en la Milla de Oro de Marbella\" loading=\"lazy\" width=\"696\" height=\"522\" src=\"https:\/\/media.panoramamarbella.com\/imgV1\/B95mbh8olwFQm~uCUaVOI2kQT0hb0a8sZ9turUNfnwtvuccYCzs0YVPfPbfkc2VnnN1JFDpkYaGfw1gJsS~5hOu9X5J_GGESH79I62csjOueuTbhRLPEQEkioevvhdrpjaWZvyQirO9yl0pilvxoweqB_Ivhe0U_Jy8EpEUkkIerqgeQoKU1mQB5R7jXeWxKG4WFc0r0jyU19QwVg7FsBvsfoxVA5XgamVQrf_jARna9MwfGJ_sIy1TKvV_QvlsFKBbK~zX3vf_~yOuUhkGrWmJzk8aU07AVE9I41NTOfjcdfUJtORtzA_2sDztu73S3KXN9Rtr2rbiH_L2c4QOcSN1mofbCoiWIzmfLY6aEGmmMTYaeRyhsYnHOtCu1fX~dj5QBcJYiVpHwfmSiIlKruSq2F76orZwAj9Dx_4UUWOealiWClosu_VCJtYs-.jpg\"><\/picture>\t\t\t<\/figure>\n\t\t\t\t\t\t<span class=\"card-properties-ref position-absolute z-2 bottom-0 end-0 bg-white text-primary py-1 px-3 me-3\">\n\t\t\t\tPANR-16340\t\t\t<\/span>\n\t\t\t<button class=\"card-properties-portfolio d-flex align-items-center justify-content-center position-absolute z-3 end-0 text-white bg-primary me-3 border-0 px-0\" data-pfl-id=\"697691\" data-pfl-filter=\"sale\" aria-label=\"Add to portfolio\">\n\t\t\t\t<svg width=\"18\" fill=\"currentColor\" viewBox=\"0 0 512 512\">\n\t\t\t\t\t<use href=\"https:\/\/www.panoramamarbella.com\/wp-content\/themes\/panoramamarbella\/dist\/src\/images\/icons.svg#svgHeart\"><\/use>\n\t\t\t\t<\/svg>\n\t\t\t\t<svg width=\"18\" fill=\"currentColor\" viewBox=\"0 0 512 512\">\n\t\t\t\t\t<use href=\"https:\/\/www.panoramamarbella.com\/wp-content\/themes\/panoramamarbella\/dist\/src\/images\/icons.svg#svgHeartIn\"><\/use>\n\t\t\t\t<\/svg>\n\t\t\t<\/button>\n\t\t<\/div>\n\t\t\t\t<button\n\t\t\tclass=\"carousel-control-prev\"\n\t\t\ttype=\"button\"\n\t\t\tdata-bs-target=\"#carouselCardProperties-1-2\"\n\t\t\tdata-bs-slide=\"prev\">\n\t\t\t<span class=\"carousel-control-prev-icon\" aria-hidden=\"true\"><\/span>\n\t\t\t<span class=\"visually-hidden\">Anterior<\/span>\n\t\t<\/button>\n\t\t<button\n\t\t\tclass=\"carousel-control-next\"\n\t\t\ttype=\"button\"\n\t\t\tdata-bs-target=\"#carouselCardProperties-1-2\"\n\t\t\tdata-bs-slide=\"next\">\n\t\t\t<span class=\"carousel-control-next-icon\" aria-hidden=\"true\"><\/span>\n\t\t\t<span class=\"visually-hidden\">Siguiente<\/span>\n\t\t<\/button>\n\t\t\t<\/div>\n\t<div class=\"d-flex flex-column h-100 px-3 py-4 shadow\">\n\t\t\t\t<h3 class=\"card-properties-title mb-3\">\n\t\t\t<a class=\"stretched-link\" href=\"\/es\/propiedades\/marbella\/marbella-golden-mile\/monte-paraiso\/apartamentos-y-pisos\/PANR-16340\">\n\t\t\t\tElegante y amplio apartamento en Monte Para\u00edso en la Milla de Oro de Marbella\t\t\t<\/a>\n\t\t<\/h3>\n\t\t<p class=\"mb-3 text-black-dark\">Monte Paraiso, Marbella Golden Mile<\/p>\n\t\t\t\t\t\t<p class=\"card-properties-description mb-3\">\n\t\t\tEste apartamento, bellamente reformado, se encuentra en la prestigiosa comunidad de Monte Para\u00edso en la Milla de Oro de Marbella, una de las zonas m\u00e1s cotizadas de la Costa del Sol. Ubicado en una posici\u00f3n&#8230;\t\t<\/p>\n\t\t\t\t<span class=\"card-properties-price mt-auto\">\n\t\t\t\n\t\t\t<span class=\"card-properties-price mt-auto\" data-original-price=\"2450000\">2.450.000\u00a0\u20ac<\/span>\n\t\t\t\t<\/span>\n\t\t\t\t<ul class=\"card-properties-features list-unstyled d-flex flex-wrap align-items-center gap-3 pt-3 border-top mt-3 mb-0\">\n\t\t\t<li class=\"d-flex align-items-center\">4 Dorms.<\/li><li class=\"d-flex align-items-center\">4 Ba\u00f1os<\/li>\t\t\t\t<li class=\"d-flex align-items-center\">\n\t\t\t\t\t <span class=\"me-1\" data-original-value=\"210\" data-original-unit=\"m&#038;sup2\">210 m&sup2;<\/span>Total\t\t\t\t<\/li>\n\t\t\t\t\t\t\t<li class=\"d-flex align-items-center\">\n\t\t\t\t\t <span class=\"me-1\" data-original-value=\"169\" data-original-unit=\"m&#038;sup2\">169 m&sup2;<\/span>Construido\t\t\t\t<\/li>\n\t\t\t\t\t\t\t<li class=\"d-flex align-items-center\">\n\t\t\t\t\t <span class=\"me-1\" data-original-value=\"41\" data-original-unit=\"m&#038;sup2\">41 m&sup2;<\/span>Terrazas\t\t\t\t<\/li>\n\t\t\t\t\t<\/ul>\n\t\t\t<\/div>\n<\/article>\n\t\t\t<\/div>\n\t\t\t<ul class=\"mw-100 d-flex flex-column flex-lg-row flex-lg-wrap justify-content-center gap-3 list-unstyled mt-5 mb-0\">\n    <li><a class=\"btn btn-primary w-100 px-4 py-2\" href=\"https:\/\/www.panoramamarbella.com\/es\/propiedades\">Propiedades en venta<\/a><\/li><\/ul>\n\t\t<\/section>\n\t\t\n","protected":false},"excerpt":{"rendered":"<p>Un CMA elimina las conjeturas y ayuda a los vendedores a fijar el precio de su propiedad con confianza y claridad.<\/p>\n","protected":false},"author":3,"featured_media":33580,"comment_status":"closed","ping_status":"closed","sticky":false,"template":"","format":"standard","meta":{"_acf_changed":false,"footnotes":""},"categories":[44],"tags":[],"class_list":["post-33625","post","type-post","status-publish","format-standard","has-post-thumbnail","hentry","category-noticias-sector-inmobiliario"],"acf":[],"_links":{"self":[{"href":"https:\/\/www.panoramamarbella.com\/es\/wp-json\/wp\/v2\/posts\/33625","targetHints":{"allow":["GET"]}}],"collection":[{"href":"https:\/\/www.panoramamarbella.com\/es\/wp-json\/wp\/v2\/posts"}],"about":[{"href":"https:\/\/www.panoramamarbella.com\/es\/wp-json\/wp\/v2\/types\/post"}],"author":[{"embeddable":true,"href":"https:\/\/www.panoramamarbella.com\/es\/wp-json\/wp\/v2\/users\/3"}],"replies":[{"embeddable":true,"href":"https:\/\/www.panoramamarbella.com\/es\/wp-json\/wp\/v2\/comments?post=33625"}],"version-history":[{"count":1,"href":"https:\/\/www.panoramamarbella.com\/es\/wp-json\/wp\/v2\/posts\/33625\/revisions"}],"predecessor-version":[{"id":33683,"href":"https:\/\/www.panoramamarbella.com\/es\/wp-json\/wp\/v2\/posts\/33625\/revisions\/33683"}],"wp:featuredmedia":[{"embeddable":true,"href":"https:\/\/www.panoramamarbella.com\/es\/wp-json\/wp\/v2\/media\/33580"}],"wp:attachment":[{"href":"https:\/\/www.panoramamarbella.com\/es\/wp-json\/wp\/v2\/media?parent=33625"}],"wp:term":[{"taxonomy":"category","embeddable":true,"href":"https:\/\/www.panoramamarbella.com\/es\/wp-json\/wp\/v2\/categories?post=33625"},{"taxonomy":"post_tag","embeddable":true,"href":"https:\/\/www.panoramamarbella.com\/es\/wp-json\/wp\/v2\/tags?post=33625"}],"curies":[{"name":"wp","href":"https:\/\/api.w.org\/{rel}","templated":true}]}}