{"id":39547,"date":"2020-12-11T18:07:00","date_gmt":"2020-12-11T17:07:00","guid":{"rendered":"https:\/\/www.panoramamarbella.com\/news\/puente-romano-flagship-inauguration"},"modified":"2026-04-22T17:31:40","modified_gmt":"2026-04-22T15:31:40","slug":"oficina-en-puente-romano-marbella","status":"publish","type":"post","link":"https:\/\/www.panoramamarbella.com\/es\/news\/oficina-en-puente-romano-marbella","title":{"rendered":"Panorama inaugura su oficina insignia en Puente Romano, marcando 50 a\u00f1os de excelencia"},"content":{"rendered":"\n\n<h2 class=\"wp-block-heading\">Inauguraci\u00f3n de la nueva oficina de Panorama en Puente Romano<\/h2>\n\n\n\n<h3 class=\"wp-block-heading\">Inauguraci\u00f3n y contexto<\/h3>\n\n\n<div class=\"lead\"><p>La inauguraci\u00f3n de la renovada oficina insignia de Panorama en Puente Romano marc\u00f3 un momento especialmente significativo en el medio siglo de trayectoria de la empresa en Marbella.<\/p>\n<\/div>\n\n\n<p>El 11 de diciembre de 2020, la alcaldesa de Marbella, \u00c1ngeles Mu\u00f1oz, inaugur\u00f3 oficialmente la oficina, reconociendo la actividad ininterrumpida de Panorama desde 1970 y el papel de la empresa en la configuraci\u00f3n del mercado inmobiliario prime moderno a lo largo de la Milla de Oro.<\/p>\n\n\n\t<figure class=\"wp-caption aligncenter wp-block-acf-wpimage\">\n\t<picture><source width=\"900\" height=\"600\" srcset=\"https:\/\/media.panoramamarbella.com\/imgV1\/B95mbh8olwFQm~uCT2wPZMb8hll4wghQQQq6YWg0~c~U_DrmgY8pGP8pqaDzA6mvjyI_OPtcrHD_aKxGDYdR9g2dY12KR8WIwrVw5AmhEjtBMmHT4PmGVj~uuKXAgi~2m21PBBruwmorDBIqIFFk1Ki_cN0cKzi0Y5SnL~Kck6DrsP~_vH2aQMC1H6oq910UxscIGV~mjqA-.webp 900w\" type=\"image\/webp\"><img decoding=\"async\" class=\"img-fluid\" loading=\"lazy\" width=\"900\" height=\"600\" alt=\"Oficina en Puente Romano. Christopher Clover y la alcaldesa de Marbella, \u00c1ngeles Mu\u00f1oz, 11 de diciembre de 2020\" src=\"https:\/\/media.panoramamarbella.com\/imgV1\/B95mbh8olwFQm~uCT2wPZMb8hll4wghQQQq6YWg0~c~U_DrmgY8pGP8pqaDzA6mvjyI_OPtcrHD_aKxGDYdR9g2dY12KR8WIwrVw5AmhEjtBMmHT4PmGVj~uuKXAgi~2m21PBBruwmorDBIqIFFk1Ki_cN0CpPXyvKMb~XpuVY0_bvwWNQ--.jpg\"><\/picture>\t\t\t<figcaption class=\"wp-caption-text\">\n\t\tChristopher Clover y la alcaldesa de Marbella, \u00c1ngeles Mu\u00f1oz, 11 de diciembre de 2020\t\t<\/figcaption>\n\t\t\t<\/figure>\n\t\n\n\n<ul class=\"table-index list-unstyled p-4 p-lg-5 ms-0 bg-light\"><li class=\"text-uppercase fw-bold mb-3\">Tabla de contenidos<\/li><li><a href=\"#inauguracion+de+la+nueva+oficina+de+panorama+en+puente+romano\">\nInauguraci\u00f3n de la nueva oficina de Panorama en Puente Romano\n<\/a><\/li>\n<li><a href=\"#diseno+ejecucion+y+tecnologia\">\nDise\u00f1o, ejecuci\u00f3n y tecnolog\u00eda\n<\/a><\/li>\n<li><a href=\"#ubicaciones+estrategicas+en+el+corazon+de+la+zona+mas+exclusiva+de+marbella\">\nUbicaciones estrat\u00e9gicas en el coraz\u00f3n de la zona m\u00e1s exclusiva de Marbella\n<\/a><\/li><\/ul>\n\n\n\n<h2 class=\"wp-block-heading\">Dise\u00f1o, ejecuci\u00f3n y tecnolog\u00eda<\/h2>\n\n\n\n<p>Concebida como un espacio sereno y contempor\u00e1neo para conversaciones inmobiliarias de alto nivel, la oficina fue dise\u00f1ada por <a href=\"https:\/\/www.mp-ac.es\/about-us.html\" target=\"_blank\" data-type=\"link\" data-id=\"https:\/\/www.mp-ac.es\/about-us.html\" rel=\"noreferrer noopener nofollow\">Jean Pierre Martel<\/a>, el mismo dise\u00f1ador de lujo responsable de muchos de los espacios emblem\u00e1ticos de Puente Romano Marbella y Nobu Marbella. El proyecto fue ejecutado con los m\u00e1s altos est\u00e1ndares por <a href=\"https:\/\/amconstrucciones.com\/\" target=\"_blank\" data-type=\"link\" data-id=\"https:\/\/amconstrucciones.com\/\" rel=\"noreferrer noopener nofollow\">AM Construcciones<\/a> y desarrollado bajo la supervisi\u00f3n de <a href=\"https:\/\/www.panoramamarbella.com\/es\/sobre-nosotros\/equipo\/alex-clover\" data-type=\"link\" data-id=\"https:\/\/www.panoramamarbella.com\/es\/sobre-nosotros\/equipo\/alex-clover\">Alex Clover.<\/a> La tecnolog\u00eda se integra de manera discreta en la experiencia: soportes digitales de escaparate, con calidad de retail, muestran propiedades e informaci\u00f3n de mercado y se actualizan cada pocos segundos; Panorama es la \u00fanica agencia inmobiliaria en Marbella que utiliza este formato.<\/p>\n\n\n\n<p>En el coraz\u00f3n de la oficina, un mural retroiluminado \u00fanico de ocho metros de la costa de Marbella \u2014 una creaci\u00f3n a medida compuesta por m\u00e1s de ochenta fotograf\u00edas a\u00e9reas unidas \u2014 funciona a la vez como obra de arte y como punto de orientaci\u00f3n, guiando las conversaciones sobre ubicaci\u00f3n, topograf\u00eda y vistas.<\/p>\n\n\n\n<h3 class=\"wp-block-heading\">Galer\u00eda de im\u00e1genes<\/h3>\n\n\n \n\t<div class=\"wp-gallery row row-cols-2 row-cols-lg-3 row-cols-xxl-4 g-3 mb-4\">\n\t\t\t\t<div class=\"col\">\n\t\t\t\t\t\t<a data-fancybox=\"wp-gallery\" href=\"https:\/\/media.panoramamarbella.com\/imgV1\/B95mbh8olwFQm~uCT2wPZMb8hll4wghQQQq6YWg0~c~U_DrmgY8pGP8pqaDzA6mvjyI_OPtcrHD_aKxGDYdR9l7tutT1eIMW3GTXWBWCwh2wnL38kMwTPkCBAYFsIlTyjkvhgMPuWDvSkKfVOn0TZM85MmP8~0O9rQ--.jpg\">\n\t\t\t\t<figure class=\"ratio ratio-1x1 mb-0\">\n\t\t\t\t\t<picture><source width=\"500\" height=\"500\" srcset=\"https:\/\/media.panoramamarbella.com\/imgV1\/B95mbh8olwFQm~uCT2wPZMb8hll4wghQQQq6YWg0~c~U_DrmgY8pGP8pqaDzA6mvjyI_OPtcrHD_aKxGDYdR9l7tutT1eIMW3GTXWBWCwh2wnL38kMwTOmnMNDLb~ExCo5wdI9AeCal8sKgE0fWQNj784E~2putSHZrYNHcbPQIrNJCJxPOM0Nfb.webp 500w,https:\/\/media.panoramamarbella.com\/imgV1\/B95mbh8olwFQm~uCT2wPZMb8hll4wghQQQq6YWg0~c~U_DrmgY8pGP8pqaDzA6mvjyI_OPtcrHD_aKxGDYdR9l7tutT1eIMW3GTXWBWCwh2wnL38kMwTPRmxVZSCCCW6l2p~~nZkNGH~tfUR7EKsB2whqzCm_iaMoF7JXbPU94Y0r_4_5HTEJb2T.webp 225w\" type=\"image\/webp\"><img loading=\"lazy\" decoding=\"async\" class=\"position-absolute w-100 h-100 object-fit-cover\" alt=\"Oficina en Puente Romano. Chris, Katinka y Alex Clover, junto con las personas responsables del dise\u00f1o y la ejecuci\u00f3n del proyecto de la oficina de Panorama en Puente Romano.\" width=\"500\" height=\"500\" src=\"https:\/\/media.panoramamarbella.com\/imgV1\/B95mbh8olwFQm~uCT2wPZMb8hll4wghQQQq6YWg0~c~U_DrmgY8pGP8pqaDzA6mvjyI_OPtcrHD_aKxGDYdR9l7tutT1eIMW3GTXWBWCwh2wnL38kMwTOmnMNDLb~ExCo5wdI9AeFy9Hlr62XtgJJmo32JfNeHU-.jpg\"><\/picture>\t\t\t\t<\/figure>\n\t\t\t<\/a>\n\t\t\t\t\t<\/div>\n\t\t\t\t<div class=\"col\">\n\t\t\t\t\t\t<a data-fancybox=\"wp-gallery\" href=\"https:\/\/media.panoramamarbella.com\/imgV1\/B95mbh8olwFQm~uCT2wPZMb8hll4wghQQQq6YWg0~c~U_DrmgY8pGP8pqaDzA6mvjyI_OPtcrHD_aKxGDYdR9g2dY12KR8WIwrVw5AmhEjtBMmHT4PmGVj~uuKXAgi~2m21PBA6FIZmnJ1de~Jxn6hvgu10eZCvY7jDjQa7ZtVrT1Gm~vkWTsxmrOGl9IUeXfg--.jpg\">\n\t\t\t\t<figure class=\"ratio ratio-1x1 mb-0\">\n\t\t\t\t\t<picture><source width=\"500\" height=\"500\" srcset=\"https:\/\/media.panoramamarbella.com\/imgV1\/B95mbh8olwFQm~uCT2wPZMb8hll4wghQQQq6YWg0~c~U_DrmgY8pGP8pqaDzA6mvjyI_OPtcrHD_aKxGDYdR9g2dY12KR8WIwrVw5AmhEjtBMmHT4PmGVj~uuKXAgi~2m21PBA6FIZmnJ1de~Jxn7kHyiIab3wyoDiJKfsvA3F0SrnhW0XEuBe~BkqtkPQjDmNc8h0fPzsuzPkaKq~ZaGcpa.webp 500w,https:\/\/media.panoramamarbella.com\/imgV1\/B95mbh8olwFQm~uCT2wPZMb8hll4wghQQQq6YWg0~c~U_DrmgY8pGP8pqaDzA6mvjyI_OPtcrHD_aKxGDYdR9g2dY12KR8WIwrVw5AmhEjtBMmHT4PmGVj~uuKXAgi~2m21PBA6FIZmnJ1de~Jxn6fP7ZB4TGFfvNG8UKOg7mhlHqke9x6cpNNjv6DuNZuXnw3ehmQj9~YNmmO2mouFFWlOv.webp 225w\" type=\"image\/webp\"><img loading=\"lazy\" decoding=\"async\" class=\"position-absolute w-100 h-100 object-fit-cover\" alt=\"Oficina en Puente Romano. Christopher Clover y la alcaldesa de Marbella, \u00c1ngeles Mu\u00f1oz, 11 de diciembre de 2020\" width=\"500\" height=\"500\" src=\"https:\/\/media.panoramamarbella.com\/imgV1\/B95mbh8olwFQm~uCT2wPZMb8hll4wghQQQq6YWg0~c~U_DrmgY8pGP8pqaDzA6mvjyI_OPtcrHD_aKxGDYdR9g2dY12KR8WIwrVw5AmhEjtBMmHT4PmGVj~uuKXAgi~2m21PBA6FIZmnJ1de~Jxn7kHyiIab3wyoDiJKfsvAwimFBACibRMKt0oT20AEAUM-.jpg\"><\/picture>\t\t\t\t<\/figure>\n\t\t\t<\/a>\n\t\t\t\t\t<\/div>\n\t\t\t\t<div class=\"col\">\n\t\t\t\t\t\t<a data-fancybox=\"wp-gallery\" href=\"https:\/\/media.panoramamarbella.com\/imgV1\/B95mbh8olwFQm~uCT2wPZMb8hll4wghQQQq6YWg0~c~U_DrmgY8pGP8pqaDzA6mvjyI_OPtcrHD_aKxGDYdR9l7viURMQKseg8pt_ngJXOqZaQ0Qe5JL0FXwvhesS2pGhJ_Mab13ZkngPhM5bz979OC5z2N6t7EDYQ--.jpg\">\n\t\t\t\t<figure class=\"ratio ratio-1x1 mb-0\">\n\t\t\t\t\t<picture><source width=\"500\" height=\"500\" srcset=\"https:\/\/media.panoramamarbella.com\/imgV1\/B95mbh8olwFQm~uCT2wPZMb8hll4wghQQQq6YWg0~c~U_DrmgY8pGP8pqaDzA6mvjyI_OPtcrHD_aKxGDYdR9l7viURMQKseg8pt_ngJXOqZaQ0Qe5JL1KT40hnkBXtTP~r0fbWuHZ0gufuu3JDekcoglQXN5MdJNgM5Ig91oYkPQ7YIZL~wqc6K.webp 500w,https:\/\/media.panoramamarbella.com\/imgV1\/B95mbh8olwFQm~uCT2wPZMb8hll4wghQQQq6YWg0~c~U_DrmgY8pGP8pqaDzA6mvjyI_OPtcrHD_aKxGDYdR9l7viURMQKseg8pt_ngJXOqZaQ0Qe5JL09s~1uaRbzD2vg~nrOC9zYQmwHEWcirD0nRBzkrIw9oqBSIBre3QvmWQqcZ6PVErTFAZ.webp 225w\" type=\"image\/webp\"><img loading=\"lazy\" decoding=\"async\" class=\"position-absolute w-100 h-100 object-fit-cover\" alt=\"Oficina en Puente Romano. Christopher, Katinka y Alex Clover con la alcaldesa de Marbella, \u00c1ngeles Mu\u00f1oz, en la entrada de la nueva oficina.\" width=\"500\" height=\"500\" src=\"https:\/\/media.panoramamarbella.com\/imgV1\/B95mbh8olwFQm~uCT2wPZMb8hll4wghQQQq6YWg0~c~U_DrmgY8pGP8pqaDzA6mvjyI_OPtcrHD_aKxGDYdR9l7viURMQKseg8pt_ngJXOqZaQ0Qe5JL1KT40hnkBXtTP~r0fbWuA45utBdoc1zgwQgNN6WVyE0-.jpg\"><\/picture>\t\t\t\t<\/figure>\n\t\t\t<\/a>\n\t\t\t\t\t<\/div>\n\t\t\t\t<div class=\"col\">\n\t\t\t\t\t\t<a data-fancybox=\"wp-gallery\" href=\"https:\/\/media.panoramamarbella.com\/imgV1\/B95mbh8olwFQm~uCT2wPZMb8hll4wghQQQq6YWg0~c~U_DrmgY8pGP8pqaDzA6mvjyI_OPtcrHD_aKxGDYdR9l7uuTU1RX5TvO5yYKR_NmnwKq4GbTZagP2pUOR7fhiuBJBub0XgCplSqAZI8l6yQc2mvIk~y_ggKw--.jpg\">\n\t\t\t\t<figure class=\"ratio ratio-1x1 mb-0\">\n\t\t\t\t\t<picture><source width=\"500\" height=\"500\" srcset=\"https:\/\/media.panoramamarbella.com\/imgV1\/B95mbh8olwFQm~uCT2wPZMb8hll4wghQQQq6YWg0~c~U_DrmgY8pGP8pqaDzA6mvjyI_OPtcrHD_aKxGDYdR9l7uuTU1RX5TvO5yYKR_NmnwKq4GbTZahJFbIXLywql1vwa7aT6bnJabBNRZoZHXcSM33CewN7dZIsfYRujDQ0IGF9LiXOBQdKmC.webp 500w,https:\/\/media.panoramamarbella.com\/imgV1\/B95mbh8olwFQm~uCT2wPZMb8hll4wghQQQq6YWg0~c~U_DrmgY8pGP8pqaDzA6mvjyI_OPtcrHD_aKxGDYdR9l7uuTU1RX5TvO5yYKR_NmnwKq4GbTZagzMxsxR6fMA4RnapS~g6zUiGrKwSXahcvzWqmt3SjSjqRB32EcyHzqAnwUNc0G2p_Lnk.webp 225w\" type=\"image\/webp\"><img loading=\"lazy\" decoding=\"async\" class=\"position-absolute w-100 h-100 object-fit-cover\" alt=\"Oficina en Puente Romano. Prensa local e internacional el d\u00eda de la inauguraci\u00f3n de la oficina de Panorama en Puente Romano\" width=\"500\" height=\"500\" src=\"https:\/\/media.panoramamarbella.com\/imgV1\/B95mbh8olwFQm~uCT2wPZMb8hll4wghQQQq6YWg0~c~U_DrmgY8pGP8pqaDzA6mvjyI_OPtcrHD_aKxGDYdR9l7uuTU1RX5TvO5yYKR_NmnwKq4GbTZahJFbIXLywql1vwa7aT6bgn~4LHo~cVdhyETPQg77hHU-.jpg\"><\/picture>\t\t\t\t<\/figure>\n\t\t\t<\/a>\n\t\t\t\t\t<\/div>\n\t\t\t<\/div>\n\n\n\n<h2 class=\"wp-block-heading\">Ubicaciones estrat\u00e9gicas en el coraz\u00f3n de la zona m\u00e1s exclusiva de Marbella<\/h2>\n\n\n\n<p>La oficina insignia en Puente Romano, situada junto a la recepci\u00f3n de Nobu Marbella, ofrece acceso tanto desde el resort como desde la calle para hu\u00e9spedes del hotel, clientes locales de larga trayectoria y visitantes internacionales, y se complementa con una segunda oficina de Panorama frente al Marbella Club Hotel.<\/p>\n\n\n\n<p>La intenci\u00f3n es tan pr\u00e1ctica como representativa: un entorno acorde al nivel de las propiedades que se gestionan, un espacio privado para reuniones sobre transacciones complejas, acceso inmediato para consultas cualificadas y un enfoque de gobernanza prioritario \u2014 de <a href=\"https:\/\/www.panoramamarbella.com\/es\/news\/politica-de-independencia-panorama\" data-type=\"post\" data-id=\"39393\">propiedad independiente<\/a> y <a href=\"https:\/\/www.panoramamarbella.com\/es\/news\/agencia-panorama-regulada-rics\" data-type=\"link\" data-id=\"https:\/\/www.panoramamarbella.com\/es\/news\/agencia-panorama-regulada-rics\">regulado por RICS<\/a> \u2014 alineado con los est\u00e1ndares que esperan familias privadas, family offices e instituciones activas en los mercados prime europeos.Conozca m\u00e1s sobre las <a href=\"https:\/\/www.panoramamarbella.com\/es\/sobre-nosotros\/oficinas-panorama\" data-type=\"link\" data-id=\"https:\/\/www.panoramamarbella.com\/es\/sobre-nosotros\/oficinas-panorama\">oficinas de Panorama en Marbella.<\/a><\/p>\n\n\n\n<p>Conozca m\u00e1s sobre las <a href=\"https:\/\/www.panoramamarbella.com\/es\/sobre-nosotros\/oficinas-panorama\" data-type=\"link\" data-id=\"https:\/\/www.panoramamarbella.com\/es\/sobre-nosotros\/oficinas-panorama\">oficinas de Panorama en Marbella.<\/a><\/p>\n\n","protected":false},"excerpt":{"rendered":"<p>La oficina insignia de Panorama, inaugurada en 2020, celebra 50 a\u00f1os de excelencia en el sector inmobiliario de Marbella.<\/p>\n","protected":false},"author":7,"featured_media":4793,"comment_status":"closed","ping_status":"closed","sticky":false,"template":"","format":"standard","meta":{"_acf_changed":false,"footnotes":""},"categories":[208],"tags":[],"class_list":["post-39547","post","type-post","status-publish","format-standard","has-post-thumbnail","hentry","category-distinciones-de-panorama"],"acf":[],"_links":{"self":[{"href":"https:\/\/www.panoramamarbella.com\/es\/wp-json\/wp\/v2\/posts\/39547","targetHints":{"allow":["GET"]}}],"collection":[{"href":"https:\/\/www.panoramamarbella.com\/es\/wp-json\/wp\/v2\/posts"}],"about":[{"href":"https:\/\/www.panoramamarbella.com\/es\/wp-json\/wp\/v2\/types\/post"}],"author":[{"embeddable":true,"href":"https:\/\/www.panoramamarbella.com\/es\/wp-json\/wp\/v2\/users\/7"}],"replies":[{"embeddable":true,"href":"https:\/\/www.panoramamarbella.com\/es\/wp-json\/wp\/v2\/comments?post=39547"}],"version-history":[{"count":3,"href":"https:\/\/www.panoramamarbella.com\/es\/wp-json\/wp\/v2\/posts\/39547\/revisions"}],"predecessor-version":[{"id":43874,"href":"https:\/\/www.panoramamarbella.com\/es\/wp-json\/wp\/v2\/posts\/39547\/revisions\/43874"}],"wp:featuredmedia":[{"embeddable":true,"href":"https:\/\/www.panoramamarbella.com\/es\/wp-json\/wp\/v2\/media\/4793"}],"wp:attachment":[{"href":"https:\/\/www.panoramamarbella.com\/es\/wp-json\/wp\/v2\/media?parent=39547"}],"wp:term":[{"taxonomy":"category","embeddable":true,"href":"https:\/\/www.panoramamarbella.com\/es\/wp-json\/wp\/v2\/categories?post=39547"},{"taxonomy":"post_tag","embeddable":true,"href":"https:\/\/www.panoramamarbella.com\/es\/wp-json\/wp\/v2\/tags?post=39547"}],"curies":[{"name":"wp","href":"https:\/\/api.w.org\/{rel}","templated":true}]}}