{"id":43187,"date":"2026-04-21T10:33:00","date_gmt":"2026-04-21T08:33:00","guid":{"rendered":"https:\/\/www.panoramamarbella.com\/?p=43187"},"modified":"2026-04-24T09:14:01","modified_gmt":"2026-04-24T07:14:01","slug":"aticos-duplex-en-la-costa-del-sol","status":"publish","type":"post","link":"https:\/\/www.panoramamarbella.com\/es\/news\/aticos-duplex-en-la-costa-del-sol","title":{"rendered":"5 excepcionales \u00e1ticos d\u00faplex en la Costa del Sol"},"content":{"rendered":"\n\n<h2 class=\"wp-block-heading\">\u00a1Vivir en lo m\u00e1s alto! 5 \u00e1ticos d\u00faplex de ensue\u00f1o<\/h2>\n\n\n<div class=\"lead\"><p>Hay algo especialmente atractivo y exquisitamente indulgente en un \u00e1tico d\u00faplex en una ubicaci\u00f3n privilegiada. En la Costa del Sol, no se trata solo de disfrutar de un nivel extra de espacio y mayor privacidad, sino tambi\u00e9n de contemplar impresionantes vistas al paisaje y de contar con terrazas excepcionales que acaban sinti\u00e9ndose como un segundo hogar.<\/p>\n<p>En estos momentos, algunos de <a href=\"https:\/\/www.panoramamarbella.com\/es\/propiedades\/aticos\">los \u00e1ticos d\u00faplex m\u00e1s impresionantes<\/a> est\u00e1n en el mercado, y cada uno ofrece una forma distinta de vivir en lo m\u00e1s alto, desde viviendas en primera l\u00ednea de playa hasta enclaves elevados en la ladera.<\/p>\n<\/div>\n\n\n<ul class=\"table-index list-unstyled p-4 p-lg-5 ms-0 bg-light\"><li class=\"text-uppercase fw-bold mb-3\">Tabla de contenidos<\/li><li><a href=\"#vivir+en+lo+mas+alto+5+aticos+duplex+de+ensueno\">\n\u00a1Vivir en lo m\u00e1s alto! 5 \u00e1ticos d\u00faplex de ensue\u00f1o\n<\/a><\/li>\n<li><a href=\"#1+milla+de+oro+un+atico+de+6+dormitorios+con+alma+de+villa\">\n1. Milla de Oro: un \u00e1tico de 6 dormitorios con alma de villa\n<\/a><\/li>\n<li><a href=\"#2+nueva+andalucia+un+diseno+excepcional+con+vistas+impresionantes+en+el+valle+del+golf+de+marbella\">\n2. Nueva Andaluc\u00eda: un dise\u00f1o excepcional con vistas impresionantes en el Valle del Golf de Marbella\n<\/a><\/li>\n<li><a href=\"#3+palo+alto+altura+luz+y+total+privacidad+sobre+marbella\">\n3. Palo Alto: altura, luz y total privacidad sobre Marbella\n<\/a><\/li>\n<li><a href=\"#4+epic+marbella+en+la+milla+de+oro+con+diseno+de+fendi+casa\">\n4. Epic Marbella en la Milla de Oro, con dise\u00f1o de FENDI Casa\n<\/a><\/li>\n<li><a href=\"#5+marina+puente+romano+un+estilo+de+vida+elevado+en+el+centro+de+todo\">\n5. Marina Puente Romano: un estilo de vida elevado en el centro de todo\n<\/a><\/li>\n<li><a href=\"#encuentre+su+lugar+en+lo+mas+alto+con+panorama\">\nEncuentre su lugar en lo m\u00e1s alto con PANORAMA\n<\/a><\/li><\/ul>\n\n\n\n<h2 class=\"wp-block-heading\">1. Milla de Oro: un \u00e1tico de 6 dormitorios con alma de villa<\/h2>\n\n\n\n<figure class=\"wp-caption position-relative wp-block-acf-propertyimage\">\n\t<div class=\"ratio ratio-16x9\">\n\t\t<picture><source width=\"1200\" srcset=\"https:\/\/media.panoramamarbella.com\/imgV1\/B95mbh8olwFQm~uCUaVOI2kQT0hb0a8sZ9turUNfnwtvuccYCzs0YVPfPbfkc2VnnN1JFDpkYaGfw1gJsS~5h5ZpaxlGvQdf_tirISVz6A8W8n_YOQy0fi4vK9IpL_mtLhInXHxkP9VDVq1WfmFbQSf_cYBxiGcjZnWrEbWOCP9rKOb~ink6W~idKgkvQMTcly6CmQd~DZqV_SY0xXaMAMCBo~dj5OQ7.webp 1200w\" type=\"image\/webp\"><img decoding=\"async\" class=\"image-fit position-absolute w-100 h-100\" alt=\"Atico Duplex en Marbella Golden Mile, Marbella PANR-15623\" width=\"1200\" src=\"https:\/\/media.panoramamarbella.com\/imgV1\/B95mbh8olwFQm~uCUaVOI2kQT0hb0a8sZ9turUNfnwtvuccYCzs0YVPfPbfkc2VnnN1JFDpkYaGfw1gJsS~5h5ZpaxlGvQdf_tirISVz6A8W8n_YOQy0fi4vK9IpL_mtLhInXHxkP9VDVq1WfmFbQSf_cYBxiGcjZnWrEbWOCP9rKOb~lD8XAqqNXgJgdp2ceU_Wmtk-.jpg\"><\/picture>\t\t\t<\/div>\n\t\t<figcaption class=\"wp-caption-text\">\n\t\tImagen: <a class=\"stretched-link\" href=\"\/es\/propiedades\/marbella\/marbella-golden-mile\/apartamentos-y-pisos\/PANR-15623\" title=\"M\u00e1s informaci\u00f3n sobre esta propiedad\">Atico Duplex en Marbella Golden Mile, Marbella PANR-15623<\/a>\n\t<\/figcaption>\n<\/figure>\n\n\n\n<p>En la Milla de Oro de Marbella, a solo unos pasos de Puerto Ban\u00fas, este \u00e1tico destaca por una escala diferente.<\/p>\n\n\n\n<p>Creado a partir de la uni\u00f3n de dos propiedades, ofrece m\u00e1s de 800 m\u00b2 de espacio total, con amplios interiores y varias terrazas abiertas al Mediterr\u00e1neo. La planta superior transforma por completo la vivienda, con zonas privadas en la azotea y piscinas climatizadas que se sienten apartadas del resto de la urbanizaci\u00f3n.<\/p>\n\n\n\n<p>Es un claro ejemplo de c\u00f3mo los \u00e1ticos d\u00faplex en Marbella se posicionan cada vez m\u00e1s como una alternativa a las villas, m\u00e1s que a los apartamentos.<\/p>\n\n\n\n<p class=\"mkt-link\">Descubra m\u00e1s sobre este <a href=\"https:\/\/www.panoramamarbella.com\/es\/propiedades\/marbella\/marbella-golden-mile\/apartamentos-y-pisos\/PANR-15623\">\u00e1tico excepcional en primera l\u00ednea de playa<\/a>, en el coraz\u00f3n de la Milla de Oro de Marbella y a solo unos pasos de Puerto Ban\u00fas.<\/p>\n\n\n\n<h2 class=\"wp-block-heading\">2. Nueva Andaluc\u00eda: un dise\u00f1o excepcional con vistas impresionantes en el Valle del Golf de Marbella<\/h2>\n\n\n\n<figure class=\"wp-caption position-relative wp-block-acf-propertyimage\">\n\t<div class=\"ratio ratio-16x9\">\n\t\t<picture><source width=\"1200\" srcset=\"https:\/\/media.panoramamarbella.com\/imgV1\/B95mbh8olwFQm~uCUaVOI2kQT0hb0a8sZ9turUNfnwtvuccYCzs0YVPfPbfkc2VnnN1JFDpkYaGfw1gJsS~5hOlgFrIcAXc9xc0u_aQblviXJ2oqoWXL9jc~OAk_8mvWU4vTOAF1mola_u_OWFlxdm8v7okTCjyJcnjWMFkEJQ4SCmqb2rp4~ylxoiHs0MP6Or52Vzf~uaShb9VcexP8tM1rXxwfdgdS.webp 1200w\" type=\"image\/webp\"><img decoding=\"async\" class=\"image-fit position-absolute w-100 h-100\" alt=\"Atico Duplex en Magna Marbella, Nueva Andalucia PANR-16170\" width=\"1200\" src=\"https:\/\/media.panoramamarbella.com\/imgV1\/B95mbh8olwFQm~uCUaVOI2kQT0hb0a8sZ9turUNfnwtvuccYCzs0YVPfPbfkc2VnnN1JFDpkYaGfw1gJsS~5hOlgFrIcAXc9xc0u_aQblviXJ2oqoWXL9jc~OAk_8mvWU4vTOAF1mola_u_OWFlxdm8v7okTCjyJcnjWMFkEJQ4SCmqbxNkAvhw9QNWYoZ7S5CKyIVU-.jpg\"><\/picture>\t\t\t<\/div>\n\t\t<figcaption class=\"wp-caption-text\">\n\t\tImagen: <a class=\"stretched-link\" href=\"\/es\/propiedades\/marbella\/nueva-andalucia\/magna-marbella\/apartamentos-y-pisos\/PANR-16170\" title=\"M\u00e1s informaci\u00f3n sobre esta propiedad\">Atico Duplex en Magna Marbella, Nueva Andalucia PANR-16170<\/a>\n\t<\/figcaption>\n<\/figure>\n\n\n\n<p>En Magna Marbella, el dise\u00f1o en altura es casi tan impresionante como las vistas desde la azotea.<br><br>Este \u00e1tico d\u00faplex, completamente renovado, gira en torno a su terraza, donde una piscina privada y las zonas de comedor y estar al aire libre crean un espacio de vida completo. Desde aqu\u00ed, las vistas se extienden sobre el Valle del Golf hasta el resplandeciente Mediterr\u00e1neo, con la monta\u00f1a de La Concha como gran protagonista.<\/p>\n\n\n\n<p class=\"mkt-link\">Mira este <a href=\"https:\/\/www.panoramamarbella.com\/es\/propiedades\/marbella\/nueva-andalucia\/magna-marbella\/apartamentos-y-pisos\/PANR-16170\">\u00e1tico de lujo en Magna Marbella<\/a>, con impresionante terraza en la azotea y vistas panor\u00e1micas al mar y a la monta\u00f1a.<\/p>\n\n\n\n<h2 class=\"wp-block-heading\">3. Palo Alto: altura, luz y total privacidad sobre Marbella<\/h2>\n\n\n\n<figure class=\"wp-caption position-relative wp-block-acf-propertyimage\">\n\t<div class=\"ratio ratio-16x9\">\n\t\t<picture><source width=\"1200\" srcset=\"https:\/\/media.panoramamarbella.com\/imgV1\/B95mbh8olwFQm~uCUaVOI2kQT0hb0a8sZ9turUNfnwtvuccYCzs0YVPfPbfkc2VnnN1JFDpkYaGfw1gJsS~5hOlkGy1TZAi_cqEs5fpNH3FXFiXq3EEMTN4o5_kkIHEWw4fXUozPA0BT0VzzsSAbeUW7UY6p3f9NRVIoJrx7M3RJRrFwMJDvi9LOoHyDQzpkJwTNQRRwKYw4FRp2fe2vu_iGStdYvV6S.webp 1200w\" type=\"image\/webp\"><img decoding=\"async\" class=\"image-fit position-absolute w-100 h-100\" alt=\"Atico Duplex en Palo Alto, Ojen PANR-16138\" width=\"1200\" src=\"https:\/\/media.panoramamarbella.com\/imgV1\/B95mbh8olwFQm~uCUaVOI2kQT0hb0a8sZ9turUNfnwtvuccYCzs0YVPfPbfkc2VnnN1JFDpkYaGfw1gJsS~5hOlkGy1TZAi_cqEs5fpNH3FXFiXq3EEMTN4o5_kkIHEWw4fXUozPA0BT0VzzsSAbeUW7UY6p3f9NRVIoJrx7M3RJRrFwLsVan9fmABylI~ODZLIuwFY-.jpg\"><\/picture>\t\t\t<\/div>\n\t\t<figcaption class=\"wp-caption-text\">\n\t\tImagen: <a class=\"stretched-link\" href=\"\/es\/propiedades\/ojen\/palo-alto\/apartamentos-y-pisos\/PANR-16138\" title=\"M\u00e1s informaci\u00f3n sobre esta propiedad\">Atico Duplex en Palo Alto, Ojen PANR-16138<\/a>\n\t<\/figcaption>\n<\/figure>\n\n\n\n<p>En lo alto de Marbella, en Palo Alto, el entorno cambia por completo.<\/p>\n\n\n\n<p>Situado en uno de los puntos m\u00e1s elevados de la urbanizaci\u00f3n, este \u00e1tico d\u00faplex de dise\u00f1o ofrece vistas panor\u00e1micas ininterrumpidas, ventanales de suelo a techo e interiores de planta abierta que integran el exterior, haciendo que el paisaje forme parte de la experiencia.<\/p>\n\n\n\n<p>A solo 10 minutos en coche del centro de Marbella, la ubicaci\u00f3n es m\u00e1s tranquila, m\u00e1s privada y est\u00e1 deliberadamente apartada de la costa, lo que atrae a compradores que buscan espacio y serenidad sin renunciar a la proximidad a los mejores servicios de la zona.<\/p>\n\n\n\n<p class=\"mkt-link\">Descubre este <a href=\"https:\/\/www.panoramamarbella.com\/es\/propiedades\/ojen\/palo-alto\/apartamentos-y-pisos\/PANR-16138\">\u00e1tico <a href=\"https:\/\/www.panoramamarbella.com\/es\/propiedades\/ojen\/palo-alto\/apartamentos-y-pisos\/PANR-16138\">d\u00faplex <\/a>con vistas panor\u00e1micas ininterrumpidas al mar<\/a>.<\/p>\n\n\n\n<h2 class=\"wp-block-heading\">4. Epic Marbella en la Milla de Oro, con dise\u00f1o de FENDI Casa<\/h2>\n\n\n\n<figure class=\"wp-caption position-relative wp-block-acf-propertyimage\">\n\t<div class=\"ratio ratio-16x9\">\n\t\t<picture><source width=\"1200\" srcset=\"https:\/\/media.panoramamarbella.com\/imgV1\/B95mbh8olwFQm~uCUaVOI2kQT0hb0a8sZ9turUNfnwtvuccYCzs0YVPfPbfkc2VnnN1JFDpkYaGfw1gJsS~5h5mx~L2TEjgvHXf~jz7gK5FFaJs6Ly9z7RDxEtxbg0fPC9rO4MNHNGOpFOzw1_HNmT8tG8uBZdNM6lIIF5WSX82h3RQogVsDhktoOwCwnQbfvr1JxxUyXFLHy9m2QIpGXcc1GTRV0qvM.webp 1200w\" type=\"image\/webp\"><img decoding=\"async\" class=\"image-fit position-absolute w-100 h-100\" alt=\"Atico Duplex en Epic Marbella, Marbella Golden Mile PANR-15992\" width=\"1200\" src=\"https:\/\/media.panoramamarbella.com\/imgV1\/B95mbh8olwFQm~uCUaVOI2kQT0hb0a8sZ9turUNfnwtvuccYCzs0YVPfPbfkc2VnnN1JFDpkYaGfw1gJsS~5h5mx~L2TEjgvHXf~jz7gK5FFaJs6Ly9z7RDxEtxbg0fPC9rO4MNHNGOpFOzw1_HNmT8tG8uBZdNM6lIIF5WSX82h3RQon4RYVreKSkUQPs8PADCyUDk-.jpg\"><\/picture>\t\t\t<\/div>\n\t\t<figcaption class=\"wp-caption-text\">\n\t\tImagen: <a class=\"stretched-link\" href=\"\/es\/propiedades\/marbella\/marbella-golden-mile\/epic-marbella\/apartamentos-y-pisos\/PANR-15992\" title=\"M\u00e1s informaci\u00f3n sobre esta propiedad\">Atico Duplex en Epic Marbella, Marbella Golden Mile PANR-15992<\/a>\n\t<\/figcaption>\n<\/figure>\n\n\n\n<p>Epic Marbella es una de las urbanizaciones ultramodernas m\u00e1s recientes de la Milla de Oro, que incorpora el dise\u00f1o de Fendi Casa en un enclave privilegiado y c\u00e9ntrico.<\/p>\n\n\n\n<p>Este \u00e1tico d\u00faplex combina arquitectura contempor\u00e1nea con acabados refinados, y presenta una distribuci\u00f3n pensada para aprovechar al m\u00e1ximo la vida interior-exterior. Las generosas terrazas se prolongan desde las principales zonas de estar, creando una conexi\u00f3n natural entre los espacios interiores y exteriores.<\/p>\n\n\n\n<p>Refleja la direcci\u00f3n que siguen los nuevos proyectos, donde el dise\u00f1o, la tecnolog\u00eda y el confort se integran desde el principio.<\/p>\n\n\n\n<p class=\"mkt-link\">Descubra m\u00e1s sobre este <a href=\"https:\/\/www.panoramamarbella.com\/es\/propiedades\/marbella\/marbella-golden-mile\/epic-marbella\/apartamentos-y-pisos\/PANR-15992\">\u00e1tico d\u00faplex de lujo dise\u00f1ado por Fendi Casa<\/a>.<\/p>\n\n\n<article class=\"col w-100 position-relative mb-5 wp-block-acf-banner\">\n    <div class=\"d-flex flex-wrap flex-column flex-xl-row align-items-start align-items-xl-end gap-4 w-100 bg-secondary text-white p-4\">\n        <div class=\"d-flex flex-column\">\n\t\t\t            <a href=\"https:\/\/www.panoramamarbella.com\/newsletter\" class=\"stretched-link text-white text-decoration-none\" title=\"\u00bfTe gusta lo que lees?\">\n\t\t\t\t<h2 class=\"text-white mb-3\">\u00bfTe gusta lo que lees?<\/h2>            <\/a>\n\t\t\t            <p class=\"mb-0\">\n                Suscr\u00edbete a nuestra newsletter para recibir art\u00edculos interesantes, contenido exclusivo y las \u00faltimas novedades.            <\/p>\n\t\t\t        <\/div>\n\t\t        <span class=\"btn btn-outline-light ms-xl-auto\">Panorama newsletter<\/span>\n\t\t    <\/div>\n<\/article>\n\n\n\n\n<h2 class=\"wp-block-heading\">5. Marina Puente Romano: un estilo de vida elevado en el centro de todo<\/h2>\n\n\n\n<figure class=\"wp-caption position-relative wp-block-acf-propertyimage\">\n\t<div class=\"ratio ratio-16x9\">\n\t\t<picture><source width=\"1200\" srcset=\"https:\/\/media.panoramamarbella.com\/imgV1\/B95mbh8olwFQm~uCUaVOI2kQT0hb0a8sZ9turUNfnwtvuccYCzs0YVPfPbfkc2VnnN1JFDpkYaGfw1gJsS~5hpp5o~eD6tsgh99Iox7_8KHQ~29Uc36A7nEvcvNMCNHHQicL_oOpuXjSxnzYtZAIiVcdiwgva0Qay39DaxSNr4PlDKcD2nMeKAfHfsrafpsbXfwXojB0_77N2odKLRV61jC8TbY1AP6p.webp 1200w\" type=\"image\/webp\"><img decoding=\"async\" class=\"image-fit position-absolute w-100 h-100\" alt=\"Atico Duplex en Marina Puente Romano, Marbella Golden Mile PANR-14907\" width=\"1200\" src=\"https:\/\/media.panoramamarbella.com\/imgV1\/B95mbh8olwFQm~uCUaVOI2kQT0hb0a8sZ9turUNfnwtvuccYCzs0YVPfPbfkc2VnnN1JFDpkYaGfw1gJsS~5hpp5o~eD6tsgh99Iox7_8KHQ~29Uc36A7nEvcvNMCNHHQicL_oOpuXjSxnzYtZAIiVcdiwgva0Qay39DaxSNr4PlDKcDxCN8MqIMCl1escy4g7ztvxg-.jpg\"><\/picture>\t\t\t<\/div>\n\t\t<figcaption class=\"wp-caption-text\">\n\t\tImagen: <a class=\"stretched-link\" href=\"\/es\/propiedades\/marbella\/marbella-golden-mile\/marina-puente-romano\/apartamentos-y-pisos\/PANR-14907\" title=\"M\u00e1s informaci\u00f3n sobre esta propiedad\">Atico Duplex en Marina Puente Romano, Marbella Golden Mile PANR-14907<\/a>\n\t<\/figcaption>\n<\/figure>\n\n\n\n<p>Esta lista no estar\u00eda completa sin incluir un excepcional  \u00e1tico en Puente Romano. Perfectamente situado en la direcci\u00f3n m\u00e1s codiciada de la Milla de Oro de Marbella, este d\u00faplex bellamente renovado es ideal para quienes valoran tenerlo todo cerca. Ubicado en Marina Puente Romano, ofrece una inusual sensaci\u00f3n de privacidad a pesar de encontrarse en una de las zonas mejor conectadas de Marbella.<\/p>\n\n\n\n<p>Fiel al atractivo cl\u00e1sico del resort, la propiedad est\u00e1 a solo unos pasos de la playa, con todo al alcance de un agradable paseo. Las terrazas se abren al verdor de los jardines andaluces, con destellos del Mediterr\u00e1neo que se filtran entre los \u00e1rboles.<\/p>\n\n\n\n<p class=\"mkt-link\">Descubra este <a href=\"https:\/\/www.panoramamarbella.com\/es\/propiedades\/marbella\/marbella-golden-mile\/marina-puente-romano\/apartamentos-y-pisos\/PANR-14907\">lujoso \u00e1tico d\u00faplex junto a la playa en Marina Puente Romano<\/a>. <\/p>\n\n\n\n<h2 class=\"wp-block-heading\">Encuentre su lugar en lo m\u00e1s alto con PANORAMA<\/h2>\n\n\n\n<p>Desde residencias junto a la playa hasta hogares elevados en la ladera, un \u00e1tico d\u00faplex en Marbella aporta un estilo de vida incomparable al d\u00eda a d\u00eda en el para\u00edso.<\/p>\n\n\n\n<p>Vea todos los <a href=\"https:\/\/www.panoramamarbella.com\/es\/propiedades\/apartamentos-y-pisos\">pisos en venta en Marbella<\/a>.<\/p>\n\n\n\n<div class=\"contact-only bg-light wp-block-acf-contactform\">\n\t\t<div class=\"position-relative\">\n\t\t<span id=\"inm-contact-form\" class=\"position-absolute\" style=\"top:-130px\"><\/span>\n\t<\/div>\n\t\t\n\t\t<script src=\"https:\/\/www.google.com\/recaptcha\/api.js?render=6LeWOaYZAAAAAGZM7q40J51QMau9I_gs19mp9lZJ&#038;hl=es\"><\/script>\n\t\n<form id=\"contact_form_1\" class=\"needs-validation h-100 d-flex flex-column p-4 p-md-5\" data-contact=\"contact_form_1\" action=\"localhost\" method=\"POST\" novalidate>\n\t<strong class=\"h3 align-self-start\">\u00a1Cont\u00e1ctenos hoy mismo!<\/strong><p class=\"mb-5\">PANORAMA lleva ayudando a los compradores a encontrar la casa de sus sue\u00f1os en la Costa del Sol desde 1970, y estaremos encantados de ayudarle a descubrir una propiedad que se adapte a la perfecci\u00f3n a su estilo de vida.<\/p>\t<span id=\"contact_form_1-result\" data-stext=\"source\" data-source=\"contact\"><\/span>\n\t<input type=\"hidden\" name=\"success\" value=\"\/es\/exito?source=info\" \/>\n\t<input type=\"hidden\" name=\"lang\" value=\"es\" \/>\n\t<input type=\"hidden\" name=\"agency\" value=\"399\" \/>\n\t<input type=\"hidden\" name=\"recipient\" value=\"info\" \/>\n\t<input type=\"hidden\" name=\"source\" value=\"https:\/\/www.panoramamarbella.com\/es\/wp-json\/wp\/v2\/posts\/43187\" \/>\n\t<input type=\"hidden\" name=\"subject\" value=\"Information Request (ES)\" \/>\n\t\t\t<input type=\"hidden\" name=\"origin\" value=\"5 excepcionales \u00e1ticos d\u00faplex en la Costa del Sol\" \/>\n\t\t<div class=\"row g-3\">\n\t\t<div class=\"col-md-6\">\n\t\t\t<label class=\"form-label\" for=\"name\">Nombre*<\/label>\n\t\t\t<input id=\"name\" name=\"name\" type=\"text\" class=\"form-control\" autocomplete=\"off\" required data-error=\"Nombre requerido\">\n\t\t<\/div>\n\t\t<div class=\"col-md-6\">\n\t\t\t<label class=\"form-label\" for=\"name\">Apellido*<\/label>\n\t\t\t<input id=\"lastname\" name=\"lastname\" type=\"text\" class=\"form-control\" autocomplete=\"off\" required data-error=\"Apellido\">\n\t\t<\/div>\n\t\t<div class=\"col-12\">\n\t\t\t<label class=\"form-label\" for=\"email\">Correo electr\u00f3nico*<\/label>\n\t\t\t<input id=\"email\" name=\"email\" type=\"email\" class=\"form-control\" autocomplete=\"off\" required data-error=\"Correo electr\u00f3nico requerido\">\n\t\t<\/div>\n\t\t\t\t<div class=\"col-md-6\">\n\t\t\t<label class=\"form-label\" for=\"phone\">N\u00famero de tel\u00e9fono <small><\/small><\/label>\n\t\t\t<input id=\"phone\" name=\"intphone\" type=\"tel\" class=\"form-control\" autocomplete=\"off\" placeholder=\"Tel\u00e9fono\" required data-error=\"Los n\u00fameros de tel\u00e9fono deben tener entre 8 y 20 d\u00edgitos\" pattern=\"(?:\\d\\s*){4,}\">\n\t\t<\/div>\n\t\t<div class=\"col-md-6\">\n\t\t\t<label class=\"form-label\">Mejor hora para llamar <small><\/small><\/label>\n\t\t\t<select class=\"form-select\" name=\"time\">\n\t\t\t\t<option selected>Cualquier momento<\/option>\n\t\t\t\t<option value=\"1\">Por la ma\u00f1ana<\/option>\n\t\t\t\t<option value=\"2\">Por la tarde<\/option>\n\t\t\t\t<option value=\"3\">Por la noche<\/option>\n\t\t\t<\/select>\n\t\t<\/div>\n\t\t<div class=\"col-12\">\n\t\t\t<label for=\"address\" class=\"form-label\">Direcci\u00f3n <small><\/small><\/label>\n\t\t\t<input id=\"address\" name=\"address\" type=\"text\" class=\"form-control\" \/>\n\t\t<\/div>\n\t\t<div class=\"col-12\">\n\t\t\t<label for=\"formComment\" class=\"form-label\">Mensaje<\/label>\n\t\t\t<textarea class=\"form-control\" placeholder=\"Deje su comentario aqu\u00ed\" name=\"comment\" id=\"formComment\" maxlength=\"8000\" rows=\"5\"><\/textarea>\n\t\t<\/div>\n\t\t\t\t<div class=\"col-12\">\n\t\t\t<div class=\"form-check\">\n\t\t\t\t<input type=\"checkbox\" class=\"form-check-input\" id=\"contact_form_1-customCheck1\" name=\"privacy_policy\" required data-error=\"Campo obligatorio\">\n\t\t\t\t<label class=\"form-check-label\" for=\"contact_form_1-customCheck1\">Acepto la <a target=\"_blank\" class=\"text-decoration-none\" href=\"https:\/\/www.panoramamarbella.com\/privacy-policy\">Condiciones generales<\/a><\/label>\n\t\t\t<\/div>\n\t\t\t<div class=\"form-check\">\n\t\t\t\t<input type=\"checkbox\" class=\"form-check-input\" id=\"contact_form_1-customCheck2\" name=\"commercial_information\">\n\t\t\t\t<label class=\"form-check-label\" for=\"contact_form_1-customCheck2\">Acepto recibir comunicaciones de Panorama<\/label>\n\t\t\t<\/div>\n\t\t<\/div>\n\t<\/div>\n\t<button data-ids=\"contact_form_1\" data-lang=\"es\" data-sitekey=\"6LeWOaYZAAAAAGZM7q40J51QMau9I_gs19mp9lZJ\" class=\"align-self-start btn btn-primary px-4 py-2 mt-4 g-recaptcha\" role=\"button\" aria-label=\"Send\">Enviar<\/button>\n<\/form><\/div>\n\n","protected":false},"excerpt":{"rendered":"<p>Te presentamos los 5 \u00e1ticos d\u00faplex m\u00e1s exclusivos del momento en la Costa del Sol, donde el espacio, las vistas y la vida en la azotea son de todo menos corrientes.<\/p>\n","protected":false},"author":3,"featured_media":43069,"comment_status":"closed","ping_status":"closed","sticky":false,"template":"","format":"standard","meta":{"_acf_changed":false,"footnotes":""},"categories":[44],"tags":[],"class_list":["post-43187","post","type-post","status-publish","format-standard","has-post-thumbnail","hentry","category-noticias-sector-inmobiliario"],"acf":[],"_links":{"self":[{"href":"https:\/\/www.panoramamarbella.com\/es\/wp-json\/wp\/v2\/posts\/43187","targetHints":{"allow":["GET"]}}],"collection":[{"href":"https:\/\/www.panoramamarbella.com\/es\/wp-json\/wp\/v2\/posts"}],"about":[{"href":"https:\/\/www.panoramamarbella.com\/es\/wp-json\/wp\/v2\/types\/post"}],"author":[{"embeddable":true,"href":"https:\/\/www.panoramamarbella.com\/es\/wp-json\/wp\/v2\/users\/3"}],"replies":[{"embeddable":true,"href":"https:\/\/www.panoramamarbella.com\/es\/wp-json\/wp\/v2\/comments?post=43187"}],"version-history":[{"count":33,"href":"https:\/\/www.panoramamarbella.com\/es\/wp-json\/wp\/v2\/posts\/43187\/revisions"}],"predecessor-version":[{"id":44210,"href":"https:\/\/www.panoramamarbella.com\/es\/wp-json\/wp\/v2\/posts\/43187\/revisions\/44210"}],"wp:featuredmedia":[{"embeddable":true,"href":"https:\/\/www.panoramamarbella.com\/es\/wp-json\/wp\/v2\/media\/43069"}],"wp:attachment":[{"href":"https:\/\/www.panoramamarbella.com\/es\/wp-json\/wp\/v2\/media?parent=43187"}],"wp:term":[{"taxonomy":"category","embeddable":true,"href":"https:\/\/www.panoramamarbella.com\/es\/wp-json\/wp\/v2\/categories?post=43187"},{"taxonomy":"post_tag","embeddable":true,"href":"https:\/\/www.panoramamarbella.com\/es\/wp-json\/wp\/v2\/tags?post=43187"}],"curies":[{"name":"wp","href":"https:\/\/api.w.org\/{rel}","templated":true}]}}