{"id":54224,"date":"2026-09-03T14:19:54","date_gmt":"2026-09-03T12:19:54","guid":{"rendered":"https:\/\/www.panoramamarbella.com\/?p=54224"},"modified":"2026-09-03T15:06:18","modified_gmt":"2026-09-03T13:06:18","slug":"mejores-playas-marbella","status":"publish","type":"post","link":"https:\/\/www.panoramamarbella.com\/es\/news\/mejores-playas-marbella","title":{"rendered":"Las mejores playas de Marbella: la selecci\u00f3n de Panorama"},"content":{"rendered":"\n\n<h2 class=\"wp-block-heading\">Cu\u00e1les son las mejores playas de la zona de Marbella<\/h2>\n\n\n<div class=\"lead\"><p>Con 24 playas repartidas a lo largo de 27 kil\u00f3metros de costa, Marbella tiene una playa para pr\u00e1cticamente cualquier tipo de d\u00eda junto al Mediterr\u00e1neo.<\/p>\n<\/div>\n\n\n<p class=\"wp-block-paragraph\">La costa de Marbella cambia de car\u00e1cter con sorprendente rapidez. En torno a Puerto Ban\u00fas y la Milla de Oro, las playas est\u00e1n estrechamente ligadas a hoteles, restaurantes y beach clubs; en el centro de Marbella, el paseo mar\u00edtimo y el Casco Antiguo nunca quedan lejos; y, m\u00e1s hacia el este, la costa se abre en largos arenales, dunas y zonas residenciales m\u00e1s tranquilas.<\/p>\n\n\n\n<p class=\"wp-block-paragraph\">Pregunta a cinco personas en Marbella cu\u00e1l es su playa favorita y es muy posible que obtengas cinco respuestas distintas. Nuestra selecci\u00f3n de las mejores playas de Marbella recorre la costa de oeste a este, destacando aquellos lugares que destacan por su ubicaci\u00f3n, ambiente, servicios y entorno.<\/p>\n\n\n\n<ul class=\"table-index list-unstyled p-4 p-lg-5 ms-0 bg-light\"><li class=\"text-uppercase fw-bold mb-3\">Tabla de contenidos<\/li><li><a href=\"#cuales+son+las+mejores+playas+de+la+zona+de+marbella\">\nCu\u00e1les son las mejores playas de la zona de Marbella\n<\/a><\/li>\n<li><a href=\"#mapa+de+las+playas\">\nMapa de las playas\n<\/a><\/li>\n<li><a href=\"#lo+mejor+de+cada+una\">\nLo mejor de cada una\n<\/a><\/li>\n<li><a href=\"#las+6+mejores+playas+de+marbella+segun+panorama\">\nLas 6 mejores playas de Marbella seg\u00fan Panorama\n<\/a><\/li>\n<li><a href=\"#donde+puedes+practicar+deportes+acuaticos+en+marbella\">\n\u00bfD\u00f3nde puedes practicar deportes acu\u00e1ticos en Marbella?\n<\/a><\/li>\n<li><a href=\"#casas+junto+a+la+playa+en+venta+en+marbella\">\nCasas junto a la playa en venta en Marbella\n<\/a><\/li>\n<li><a href=\"#preguntas+frecuentes+sobre+las+mejores+playas+de+marbella\">\nPreguntas frecuentes sobre las mejores playas de Marbella\n<\/a><\/li><\/ul>\n\n\n\n<h2 class=\"wp-block-heading\">Mapa de las playas<\/h2>\n\n\n\n<iframe loading=\"lazy\" src=\"https:\/\/www.google.com\/maps\/d\/u\/0\/embed?mid=1oXbc0qWQNgAMP74lnbRDvaID4RMLM10&#038;ehbc=2E312F&#038;noprof=1\" width=\"100%\" height=\"480\"><\/iframe>\n\n\n\n<h2 class=\"wp-block-heading\">Lo mejor de cada una<\/h2>\n\n\n\n<table class=\"table table-bordered table-striped\"><thead><tr><th>Playa<\/th><th>Lo mejor para<\/th><\/tr><\/thead><tbody><tr><td>Puerto Ban\u00fas<\/td><td>El estilo de vida de Ban\u00fas, aguas tranquilas y vistas<\/td><\/tr><tr><td>Nag\u00fceles<\/td><td>La Milla de Oro y la vida de playa de lujo<\/td><\/tr><tr><td>Venus<\/td><td>Cerca del Casco Antiguo de Marbella<\/td><\/tr><tr><td>Los Monteros<\/td><td>Espacio y beach clubs de Marbella Este<\/td><\/tr><tr><td>Real de Zaragoza<\/td><td>Largos d\u00edas de playa y restaurantes junto al mar<\/td><\/tr><tr><td>Artola-Cabopino<\/td><td>Naturaleza, familias y paisaje<\/td><\/tr><\/tbody><\/table>\n\n\n\n<h2 class=\"wp-block-heading\">Las 6 mejores playas de Marbella seg\u00fan Panorama<\/h2>\n\n\n\n<p class=\"wp-block-paragraph\">Nuestra selecci\u00f3n se basa en aquello que hace especialmente \u00fanica a cada playa, teniendo en cuenta factores como la ubicaci\u00f3n, el ambiente, la accesibilidad, los servicios y restaurantes cercanos, el espacio, el entorno natural y el tipo de experiencia de playa que ofrece.<\/p>\n\n\n\n<h3 class=\"wp-block-heading\">1. Playa de Puerto Ban\u00fas<\/h3>\n\n\n\n<p class=\"wp-block-paragraph\"><em>La mejor playa de Marbella para disfrutar del estilo de vida de Ban\u00fas<\/em><\/p>\n\n\n\t<figure class=\"wp-caption aligncenter wp-block-acf-wpimage\">\n\t<picture><source width=\"900\" height=\"675\" srcset=\"https:\/\/media.panoramamarbella.com\/imgV1\/B95mbh8olwFQm~uCT2wPZMb8hll4wghQQQq6YWg0~c~U_DrmgY8pGP8pqaDzA6mvjyI_OPtcrHD_aKxAUQW6tHwW9wepwDe6pOL0rlLEqmq9S9QkGyPABxnEk0XdAKx36VEMGYDl~rCOiVx8v2ZR9gIuuHndWWq65YgOC0FFElYi15pt_6xuxH_eUNhcRcjbUVk072v~pvwY7g--.webp 900w\" type=\"image\/webp\"><img decoding=\"async\" class=\"img-fluid\" loading=\"lazy\" width=\"900\" height=\"675\" alt=\"Una de las mejores playas de Marbella, con arena dorada, sombrillas tradicionales, aguas azules y transparentes y vistas a la monta\u00f1a de La Concha.\" src=\"https:\/\/media.panoramamarbella.com\/imgV1\/B95mbh8olwFQm~uCT2wPZMb8hll4wghQQQq6YWg0~c~U_DrmgY8pGP8pqaDzA6mvjyI_OPtcrHD_aKxAUQW6tHwW9wepwDe6pOL0rlLEqmq9S9QkGyPABxnEk0XdAKx36VEMGYDl~rCOiVx8v2ZR9gIuuHndWXQD0dAHGT2LaiAP_3IwGmtW.jpg\"><\/picture>\t\t<\/figure>\n\t\n\n\n<p class=\"wp-block-paragraph\"><strong>La playa de Puerto Ban\u00fas<\/strong> se encuentra justo al este del puerto deportivo y es una de las playas m\u00e1s reconocibles de Marbella, con aguas tranquilas y resguardadas y vistas abiertas hacia La Concha.<\/p>\n\n\n\n<p class=\"wp-block-paragraph\">La playa cuenta con el distintivo Q de Calidad Tur\u00edstica y su ubicaci\u00f3n permite combinar con especial facilidad un ba\u00f1o y unas horas al sol con una visita al propio <a href=\"https:\/\/www.panoramamarbella.com\/es\/zonas\/puerto-banus\" data-type=\"areas\" data-id=\"7497\">Puerto Ban\u00fas<\/a>.<\/p>\n\n\n\n<p class=\"wp-block-paragraph\">Restaurantes, tiendas, deportes acu\u00e1ticos y el famoso puerto deportivo de lujo se encuentran a pocos minutos a pie, lo que la convierte en una de las mejores playas para disfrutar plenamente del estilo de vida de Ban\u00fas.<\/p>\n\n\n\n<p class=\"mkt-link wp-block-paragraph\">Descubre nuestra <a href=\"https:\/\/www.panoramamarbella.com\/es\/propiedades\/marbella\/puerto-banus\/playa\">selecci\u00f3n de propiedades junto a la playa en venta en Puerto Ban\u00fas<\/a>.<\/p>\n\n\n\n<h3 class=\"wp-block-heading\">2. Playa de Nag\u00fceles<\/h3>\n\n\n\n<p class=\"wp-block-paragraph\"><em>El mejor tramo de playa de la Milla de Oro de Marbella<\/em><\/p>\n\n\n\t<figure class=\"wp-caption aligncenter wp-block-acf-wpimage\">\n\t<picture><source width=\"900\" height=\"855\" srcset=\"https:\/\/media.panoramamarbella.com\/imgV1\/B95mbh8olwFQm~uCT2wPZMb8hll4wghQQQq6YWg0~c~U_DrmgY8pGP8pqaDzA6mvjyI_OPtcrHD_aKxAUQW6tH9GiYYpCfO3TBDg7~tgnuUO4g2MCLsmVRVuNsSauYhlUDbzY6u31MIOnpYW~BH7dLsP~8F2jOh0Q71QsTIb~2nBt90tTL3z7u8Ud7Bv3FM0dKNCFZtwTtgicQ--.webp 900w\" type=\"image\/webp\"><img decoding=\"async\" class=\"img-fluid\" loading=\"lazy\" width=\"900\" height=\"855\" alt=\"Panor\u00e1mica a\u00e9rea de una playa de Marbella con un puerto deportivo, las aguas turquesas del Mediterr\u00e1neo y la monta\u00f1a de La Concha dominando la costa.\" src=\"https:\/\/media.panoramamarbella.com\/imgV1\/B95mbh8olwFQm~uCT2wPZMb8hll4wghQQQq6YWg0~c~U_DrmgY8pGP8pqaDzA6mvjyI_OPtcrHD_aKxAUQW6tH9GiYYpCfO3TBDg7~tgnuUO4g2MCLsmVRVuNsSauYhlUDbzY6u31MIOnpYW~BH7dLsP~8F2jPaqWSWDvezTkw_HwP7k~8pC.jpg\"><\/picture>\t\t\t<figcaption class=\"wp-caption-text\">\n\t\tPlaya de Nag\u00fceles en la Milla de Oro de Marbella, con el complejo de baja altura Puente Romano detr\u00e1s de la costa y La Concha elev\u00e1ndose al fondo\t\t<\/figcaption>\n\t\t\t<\/figure>\n\t\n\n\n<p class=\"wp-block-paragraph\">Para disfrutar de la cl\u00e1sica experiencia de playa en la <a href=\"https:\/\/www.panoramamarbella.com\/es\/zonas\/milla-de-oro-de-marbella\">Milla de Oro de Marbella<\/a>, es dif\u00edcil superar las playas contiguas de Nag\u00fceles y Casablanca. La playa de Nag\u00fceles discurre directamente frente a <a href=\"https:\/\/www.panoramamarbella.com\/es\/zonas\/milla-de-oro-de-marbella\/puente-romano\">Puente Romano<\/a>, mientras que la vecina playa de Casablanca contin\u00faa frente al <a href=\"https:\/\/www.marbellaclub.com\/\" target=\"_blank\" rel=\"noreferrer noopener nofollow\">Marbella Club<\/a>.<\/p>\n\n\n\n<p class=\"wp-block-paragraph\">Juntas, ambas playas cuentan con la certificaci\u00f3n <a href=\"https:\/\/www.panoramamarbella.com\/es\/news\/playas-con-bandera-azul-en-malaga\" data-type=\"post\" data-id=\"47267\">Bandera Azul<\/a> y las dos disponen tambi\u00e9n del distintivo Q de Calidad Tur\u00edstica. Nag\u00fceles tambi\u00e9n ofrece ba\u00f1o asistido de temporada para personas con movilidad reducida.<\/p>\n\n\n\n<p class=\"wp-block-paragraph\">Este tramo cuenta adem\u00e1s con acceso directo al Paseo Mar\u00edtimo y una amplia selecci\u00f3n de excelentes bares y restaurantes junto a la playa.<\/p>\n\n\n\n<p class=\"wp-block-paragraph\">Desde aqu\u00ed, puedes caminar hacia el este en direcci\u00f3n al centro de Marbella o hacia el oeste.<\/p>\n\n\n\n<p class=\"mkt-link wp-block-paragraph\">Consulta nuestra selecci\u00f3n de <a href=\"https:\/\/www.panoramamarbella.com\/es\/propiedades\/marbella\/marbella-golden-mile\/playa\">propiedades junto a la playa en la Milla de Oro<\/a>.<\/p>\n\n\n\n<h3 class=\"wp-block-heading\">3. Playa de Venus<\/h3>\n\n\n\n<p class=\"wp-block-paragraph\"><em>La mejor playa cerca del Casco Antiguo de Marbella<\/em><\/p>\n\n\n\t<figure class=\"wp-caption aligncenter wp-block-acf-wpimage\">\n\t<picture><source width=\"900\" height=\"600\" srcset=\"https:\/\/media.panoramamarbella.com\/imgV1\/B95mbh8olwFQm~uCT2wPZMb8hll4wghQQQq6YWg0~c~U_DrmgY8pGP8pqaDzA6mvjyI_OPtcrHD_aKxAUQW6tH554oNzoELtiV0Ti6RNaYZFOwspmepN6TdKU5vMZAZiMompYTXCLcxfZm31uAHQL887emc6EqvFlS8OFbTo6njLv41XJ4r6wIA9U1jthRPtfw_9HEuaop4vBw--.webp 900w\" type=\"image\/webp\"><img decoding=\"async\" class=\"img-fluid\" loading=\"lazy\" width=\"900\" height=\"600\" alt=\"Vista del paseo mar\u00edtimo de Marbella, la playa de arena, el puerto deportivo, las palmeras y la costa mediterr\u00e1nea bajo un cielo despejado.\" src=\"https:\/\/media.panoramamarbella.com\/imgV1\/B95mbh8olwFQm~uCT2wPZMb8hll4wghQQQq6YWg0~c~U_DrmgY8pGP8pqaDzA6mvjyI_OPtcrHD_aKxAUQW6tH554oNzoELtiV0Ti6RNaYZFOwspmepN6TdKU5vMZAZiMompYTXCLcxfZm31uAHQL887emc6ErWEAha0nFU9ZbUHCauyRw92.jpg\"><\/picture>\t\t\t<figcaption class=\"wp-caption-text\">\n\t\tPlaya de Venus en el centro de Marbella, junto al Puerto Deportivo. Situada a pocos minutos a pie de la Avenida del Mar y del Casco Antiguo\t\t<\/figcaption>\n\t\t\t<\/figure>\n\t\n\n\n<p class=\"wp-block-paragraph\">Justo al este del puerto deportivo del centro de Marbella, la <strong>playa de Venus<\/strong> es una de las playas m\u00e1s f\u00e1ciles de alcanzar desde el coraz\u00f3n de la ciudad.<\/p>\n\n\n\n<p class=\"wp-block-paragraph\">La playa se encuentra justo debajo de la <strong>Avenida del Mar<\/strong>, la avenida pavimentada en m\u00e1rmol y flanqueada por esculturas de bronce de Salvador Dal\u00ed. S\u00edguela a trav\u00e9s del Parque de la Alameda, cruza la carretera y llegar\u00e1s a la entrada del Casco Antiguo de Marbella.<\/p>\n\n\n\n<p class=\"wp-block-paragraph\">Venus comparte la distinci\u00f3n de Bandera Azul con la vecina playa de La Bajadilla y cuenta adem\u00e1s con el distintivo Q de Calidad Tur\u00edstica.<\/p>\n\n\n\n<p class=\"wp-block-paragraph\">Su ubicaci\u00f3n c\u00e9ntrica hace especialmente f\u00e1cil combinar la playa, el Casco Antiguo, los restaurantes y el paseo mar\u00edtimo en un mismo d\u00eda.<\/p>\n\n\n\n<p class=\"mkt-link wp-block-paragraph\">\u00bfVas a visitar Marbella? No te pierdas <a href=\"https:\/\/www.panoramamarbella.com\/es\/news\/atracciones-de-marbella\" data-type=\"post\" data-id=\"51344\">las mejores atracciones de Marbella<\/a>.<\/p>\n\n\n\n<h3 class=\"wp-block-heading\">4. Playa de Los Monteros<\/h3>\n\n\n\n<p class=\"wp-block-paragraph\"><em>La mejor playa de Marbella para disfrutar de espacios abiertos<\/em><\/p>\n\n\n\t<figure class=\"wp-caption aligncenter wp-block-acf-wpimage\">\n\t<picture><source width=\"900\" height=\"681\" srcset=\"https:\/\/media.panoramamarbella.com\/imgV1\/B95mbh8olwFQm~uCT2wPZMb8hll4wghQQQq6YWg0~c~U_DrmgY8pGP8pqaDzA6mvjyI_OPtcrHD_aKxAUQW6tHnc3WXpXR2US~gwyV~LJhlOkMS3FNGlnxDslHQmL0a5UM5LuCMHnJghcxIGSFkb4RNk6Lfd7yFYBZYwOnxGd8Ay~qwPbgGwUDbF~VbCD_FVe7EdjHON5g1D9w--.webp 900w\" type=\"image\/webp\"><img decoding=\"async\" class=\"img-fluid\" loading=\"lazy\" width=\"900\" height=\"681\" alt=\"Larga playa de arena en Marbella con dunas, olas tranquilas y vistas panor\u00e1micas de las monta\u00f1as de la Costa del Sol.\" src=\"https:\/\/media.panoramamarbella.com\/imgV1\/B95mbh8olwFQm~uCT2wPZMb8hll4wghQQQq6YWg0~c~U_DrmgY8pGP8pqaDzA6mvjyI_OPtcrHD_aKxAUQW6tHnc3WXpXR2US~gwyV~LJhlOkMS3FNGlnxDslHQmL0a5UM5LuCMHnJghcxIGSFkb4RNk6Lfd7z~59HiYuh08EDZbkZxk4bDD.jpg\"><\/picture>\t\t\t<figcaption class=\"wp-caption-text\">\n\t\tPlaya de Los Monteros en Marbella Este, donde una amplia costa de arena se encuentra con dunas protegidas\t\t<\/figcaption>\n\t\t\t<\/figure>\n\t\n\n\n<p class=\"wp-block-paragraph\">A medida que la costa se abre al este del centro de Marbella, <strong>Los Monteros<\/strong> ofrece una experiencia de playa notablemente m\u00e1s espaciosa.<\/p>\n\n\n\n<p class=\"wp-block-paragraph\">La zona est\u00e1 respaldada por una de las comunidades residenciales de lujo m\u00e1s consolidadas de Marbella Este, junto con <a href=\"https:\/\/www.kimptonlosmonterosmarbella.com\/en\/\" target=\"_blank\" rel=\"noreferrer noopener nofollow\">Kimpton Los Monteros<\/a> Marbella y el emblem\u00e1tico <a href=\"https:\/\/lacabanemarbella.com\/en\/\" target=\"_blank\" rel=\"noreferrer noopener nofollow\">beach club La Cabane<\/a>, redise\u00f1ado en colaboraci\u00f3n con Dolce &amp; Gabbana y con una propuesta gastron\u00f3mica de Dani Garc\u00eda.<\/p>\n\n\n\n<p class=\"wp-block-paragraph\">Si contin\u00faas hacia el este, el tramo de playa contiguo se vuelve m\u00e1s natural en torno a <strong>La Adelfa<\/strong>, donde la playa est\u00e1 respaldada por la protegida <strong>Duna La Adelfa<\/strong>, que forma parte de la reserva ecol\u00f3gica de dunas de Marbella.<\/p>\n\n\n\n<p class=\"wp-block-paragraph\">Los dos tramos vecinos se agrupan bajo la denominaci\u00f3n de Bandera Azul <strong>Los Monteros-Las Adelfas<\/strong>, creando una de las secciones m\u00e1s abiertas y variadas de Marbella Este. La zona tambi\u00e9n cuenta con el distintivo Q de Calidad Tur\u00edstica.<\/p>\n\n\n\n<p class=\"mkt-link wp-block-paragraph\">Los beach clubs de esta zona son mundialmente famosos; consulta nuestra gu\u00eda de los mejores <a href=\"https:\/\/www.panoramamarbella.com\/es\/news\/mejores-beach-clubs-marbella-este\">beach clubs de Marbella Este<\/a>.<\/p>\n\n\n\n<h3 class=\"wp-block-heading\">5. Playa Real de Zaragoza<\/h3>\n\n\n\n<p class=\"wp-block-paragraph\"><em>La mejor playa de Marbella para relajarse por completo<\/em><\/p>\n\n\n\t<figure class=\"wp-caption aligncenter wp-block-acf-wpimage\">\n\t<picture><source width=\"900\" height=\"599\" srcset=\"https:\/\/media.panoramamarbella.com\/imgV1\/B95mbh8olwFQm~uCT2wPZMb8hll4wghQQQq6YWg0~c~U_DrmgY8pGP8pqaDzA6mvjyI_OPtcrHD_aKxAUQW6tHh8MZWIZux5Ct7g7fJ2L2Su3bJyE9vmdJ0z_eMAtK~96sb_zEv1jTdd5OK6QDbWmbPIKUivnvE32LoZEMOLQgfQ3yPKxyOKQAEKoVBDzk7lYALqyel7OxGvJA--.webp 900w\" type=\"image\/webp\"><img decoding=\"async\" class=\"img-fluid\" loading=\"lazy\" width=\"900\" height=\"599\" alt=\"Las mejores playas de Marbella ofrecen impresionantes vistas de la monta\u00f1a de La Concha, arena dorada, palmeras y aguas cristalinas del Mediterr\u00e1neo.\" src=\"https:\/\/media.panoramamarbella.com\/imgV1\/B95mbh8olwFQm~uCT2wPZMb8hll4wghQQQq6YWg0~c~U_DrmgY8pGP8pqaDzA6mvjyI_OPtcrHD_aKxAUQW6tHh8MZWIZux5Ct7g7fJ2L2Su3bJyE9vmdJ0z_eMAtK~96sb_zEv1jTdd5OK6QDbWmbPIKUivnu9TpusldWpSRvAJSDzN5DmX.jpg\"><\/picture>\t\t<\/figure>\n\t\n\n\n<p class=\"wp-block-paragraph\"><strong>La playa Real de Zaragoza<\/strong> transmite la sensaci\u00f3n de haber descubierto una joya secreta. Si tu idea de un buen d\u00eda de playa consiste en llegar por la ma\u00f1ana y no marcharte hasta despu\u00e9s de cenar, es dif\u00edcil encontrar una opci\u00f3n mejor.<\/p>\n\n\n\n<p class=\"wp-block-paragraph\">La playa ofrece una concentraci\u00f3n especialmente buena de lugares donde comer y beber junto a la arena suave y las animadas olas. <a href=\"https:\/\/laplagecasanis.com\/\" target=\"_blank\" rel=\"noreferrer noopener nofollow\">La Plage Casanis<\/a>, <a href=\"https:\/\/www.beachhousemarbella.com\/\" target=\"_blank\" rel=\"noreferrer noopener nofollow\">The Beach House<\/a>, <a href=\"https:\/\/sirokobeach.com\/\" target=\"_blank\" rel=\"noreferrer noopener nofollow\">Siroko Beach<\/a>, <a href=\"https:\/\/www.sabinebeachmarbella.com\/\" target=\"_blank\" rel=\"noreferrer noopener nofollow\">Sabine Beach<\/a> y <a href=\"https:\/\/syltmarbella.com\/en.html#top\" target=\"_blank\" rel=\"noreferrer noopener nofollow\">SYLT Beach Bar<\/a> son solo algunas de las fant\u00e1sticas opciones para comer y disfrutar de tumbonas a lo largo de este tramo.<\/p>\n\n\n\n<p class=\"wp-block-paragraph\">Es un buen ejemplo de aquello que Marbella Este hace especialmente bien: playas amplias, barrios residenciales a sus espaldas y excelentes restaurantes junto al mar sin necesidad de desplazarse a zonas m\u00e1s concurridas.<\/p>\n\n\n\n<p class=\"wp-block-paragraph\">La playa Real de Zaragoza cuenta con el distintivo Q de Calidad Tur\u00edstica y ofrece ba\u00f1o asistido de temporada.<\/p>\n\n\n\n<p class=\"mkt-link wp-block-paragraph\">Descubre nuestra colecci\u00f3n de <a href=\"https:\/\/www.panoramamarbella.com\/es\/propiedades\/marbella\/marbella-este\/playa\">propiedades prime junto a la playa en Marbella Este<\/a>.<\/p>\n\n\n\n<h3 class=\"wp-block-heading\">6. Playa de Artola-Cabopino<\/h3>\n\n\n\n<p class=\"wp-block-paragraph\"><em>La mejor playa de Marbella para disfrutar de la naturaleza<\/em><\/p>\n\n\n\t<figure class=\"wp-caption aligncenter wp-block-acf-wpimage\">\n\t<picture><source width=\"900\" height=\"506\" srcset=\"https:\/\/media.panoramamarbella.com\/imgV1\/B95mbh8olwFQm~uCT2wPZMb8hll4wghQQQq6YWg0~c~U_DrmgY8pGP8pqaDzA6mvjyI_OPtcrHD_aKxAUQW6tHvTwx_lnx5bCQEGniGa94719sJTKeJf3JB~4OjQuYK5E8MdGNwsKCgTFK4VZe3pASyvkvWpAkqsvfsi3N7TG5oqGbjkxxKn_plylsJ3sqaO_hiCe1uhFhE0CQ--.webp 900w\" type=\"image\/webp\"><img decoding=\"async\" class=\"img-fluid\" loading=\"lazy\" width=\"900\" height=\"506\" alt=\"Vista a\u00e9rea de la costa de Marbella con playas de arena, aguas turquesas y las monta\u00f1as de Sierra Blanca al fondo.\" src=\"https:\/\/media.panoramamarbella.com\/imgV1\/B95mbh8olwFQm~uCT2wPZMb8hll4wghQQQq6YWg0~c~U_DrmgY8pGP8pqaDzA6mvjyI_OPtcrHD_aKxAUQW6tHvTwx_lnx5bCQEGniGa94719sJTKeJf3JB~4OjQuYK5E8MdGNwsKCgTFK4VZe3pASyvkvWpAlScmyeyplw6Wk8jczXpb8xb.jpg\"><\/picture>\t\t\t<figcaption class=\"wp-caption-text\">\n\t\tVista a\u00e9rea de la playa de Cabopino en Marbella Este, enmarcada por las dunas de Artola, la Torre Ladrones y las monta\u00f1as al fondo\t\t<\/figcaption>\n\t\t\t<\/figure>\n\t\n\n\n<p class=\"wp-block-paragraph\">En el extremo m\u00e1s oriental de Marbella, <strong>Artola-Cabopino<\/strong> se abre a una zona de m\u00e1s dunas y amplios bancos de arena.<\/p>\n\n\n\n<p class=\"wp-block-paragraph\">Justo detr\u00e1s de la playa se encuentran las <strong>Dunas de Artola<\/strong>, un monumento natural protegido y uno de los \u00faltimos sistemas dunares importantes de este tipo que se conservan en la provincia de M\u00e1laga.<\/p>\n\n\n\n<p class=\"wp-block-paragraph\">Pasarelas de madera atraviesan las dunas en direcci\u00f3n al mar, mientras que la torre vig\u00eda Torre Ladrones y el puerto deportivo de Cabopino ofrecen mucho por explorar m\u00e1s all\u00e1 de la arena.<\/p>\n\n\n\n<p class=\"wp-block-paragraph\">La playa cuenta con Bandera Azul y tambi\u00e9n ofrece ba\u00f1o asistido de temporada, incluidas <a href=\"https:\/\/www.surinenglish.com\/malaga\/marbella-san-pedro\/the-beaches-marbella-have-nine-assisted-bathing-20260421102058-nt.html\" target=\"_blank\" rel=\"noreferrer noopener nofollow\">sillas anfibias<\/a> y equipamientos para ayudar a las personas con movilidad reducida a acceder al agua.<\/p>\n\n\n\n<p class=\"wp-block-paragraph\">Es una \u00faltima parada muy apropiada en la ruta hacia el este, donde la costa urbanizada de Marbella da paso a dunas, zonas arboladas y un entorno m\u00e1s natural.<\/p>\n\n\n\n<p class=\"mkt-link wp-block-paragraph\"><a href=\"https:\/\/www.panoramamarbella.com\/es\/news\/inversion-resorts-en-marbella-este\">Marbella Este est\u00e1 viviendo una nueva ola de inversi\u00f3n<\/a>; conoce sus principales proyectos.<\/p>\n\n\n<article class=\"col w-100 position-relative wp-block-acf-banner\">\n    <div class=\"d-flex flex-wrap flex-column flex-xl-row align-items-start align-items-xl-end gap-4 w-100 bg-secondary text-white p-4\">\n        <div class=\"d-flex flex-column\">\n\t\t\t            <a href=\"https:\/\/www.panoramamarbella.com\/es\/boletin-de-viviendas-en-venta\" class=\"stretched-link text-white text-decoration-none\" title=\"\u00bfTe gusta lo que est\u00e1s leyendo?\">\n\t\t\t\t<h2 class=\"text-white mb-3\">\u00bfTe gusta lo que est\u00e1s leyendo?<\/h2>            <\/a>\n\t\t\t            <p class=\"mb-0\">\n                Suscr\u00edbete a nuestra newsletter para recibir art\u00edculos interesantes, contenido exclusivo y las \u00faltimas novedades.            <\/p>\n\t\t\t        <\/div>\n\t\t        <span class=\"btn btn-outline-light ms-xl-auto\">Panorama newsletter<\/span>\n\t\t    <\/div>\n<\/article>\n\n\n\n\n<h2 class=\"wp-block-heading\">\u00bfD\u00f3nde puedes practicar deportes acu\u00e1ticos en Marbella?<\/h2>\n\n\n\t<figure class=\"wp-caption aligncenter wp-block-acf-wpimage\">\n\t<picture><source width=\"900\" height=\"353\" srcset=\"https:\/\/media.panoramamarbella.com\/imgV1\/B95mbh8olwFQm~uCT2wPZMb8hll4wghQQQq6YWg0~c~U_DrmgY8pGP8pqaDzA6mvjyI_OPtcrHD_aKxAUQW6tHoOheFPqMFmTHemu8Gdsb_jY86aHEuYX2N7_8zUd421esrazv~MBEYBwiLcajRH672swUSnz~KFpHBU3V9V1gVqOt69rh9bP3p83Mad3ctxv2IwogUoOg8YOA--.webp 900w\" type=\"image\/webp\"><img decoding=\"async\" class=\"img-fluid\" loading=\"lazy\" width=\"900\" height=\"353\" alt=\"Lancha r\u00e1pida y actividad de parasailing sobre el mar Mediterr\u00e1neo, con la costa de Marbella y las monta\u00f1as a lo lejos.\" src=\"https:\/\/media.panoramamarbella.com\/imgV1\/B95mbh8olwFQm~uCT2wPZMb8hll4wghQQQq6YWg0~c~U_DrmgY8pGP8pqaDzA6mvjyI_OPtcrHD_aKxAUQW6tHoOheFPqMFmTHemu8Gdsb_jY86aHEuYX2N7_8zUd421esrazv~MBEYBwiLcajRH672swUSnz_zBOhON6mzsFNUK4xQknei4.jpg\"><\/picture>\t\t\t<figcaption class=\"wp-caption-text\">\n\t\tParasailing desde Puente Romano\t\t<\/figcaption>\n\t\t\t<\/figure>\n\t\n\n\n<p class=\"wp-block-paragraph\">A veces, un d\u00eda de playa necesita un poco de emoci\u00f3n. Marbella ofrece de todo, desde paddle surf y kayak hasta motos acu\u00e1ticas, parasailing, vela y excursiones en barco.<\/p>\n\n\n\n<p class=\"wp-block-paragraph\">En Puerto Ban\u00fas, <a href=\"https:\/\/www.watersportsbanus.com\/\" target=\"_blank\" rel=\"noreferrer noopener nofollow\">Water Sports Ban\u00fas<\/a> es una buena opci\u00f3n que opera directamente desde la playa. En el centro de Marbella, se puede acceder a <a href=\"https:\/\/www.marbellasportsboat.com\/en\/\" target=\"_blank\" rel=\"noreferrer noopener nofollow\">Marbella Sport Boats<\/a> desde el puerto deportivo principal (Puerto Deportivo), donde ofrecen motos acu\u00e1ticas y alquiler de embarcaciones.<\/p>\n\n\n\n<p class=\"wp-block-paragraph\">Muchos de los beach clubs y resorts frente al mar de Marbella tambi\u00e9n ofrecen deportes acu\u00e1ticos durante la temporada alta, desde hidropedales con toboganes acu\u00e1ticos y bananas hinchables hasta motos acu\u00e1ticas y kayaks.<\/p>\n\n\n\n<p class=\"wp-block-paragraph\">Resorts como <a href=\"https:\/\/www.puenteromano.com\/es\/experiencias-unicas\/deportes-acuaticos\/\" target=\"_blank\" rel=\"noreferrer noopener nofollow\">Puente Romano<\/a> tambi\u00e9n ofrecen e-foil, parasailing y paddle surf, mientras que <a href=\"https:\/\/www.marbellaclub.com\/explore\/water-sports\" target=\"_blank\" rel=\"noreferrer noopener nofollow\">Marbella Club<\/a> cuenta con su propia estaci\u00f3n de deportes acu\u00e1ticos con eFoils y tablas acu\u00e1ticas el\u00e9ctricas.<\/p>\n\n\n\n<p class=\"wp-block-paragraph\">Para pasar un d\u00eda m\u00e1s largo en el mar, Puerto Ban\u00fas y el Puerto Deportivo de Marbella son dos puntos de partida muy c\u00f3modos para excursiones a vela, alquiler privado de yates y rutas por la costa.<\/p>\n\n\n\n<article class=\"banner-2x position-relative col w-100\">\n\t<div class=\"position-relative z-1 d-flex flex-wrap flex-column justify-content-center align-items-center gap-4 w-100 text-white p-6\">\n\t\t\t\t\t<a href=\"https:\/\/www.panoramamarbella.com\/es\/news\/experiencias-en-yate-en-marbella\" class=\"stretched-link text-white text-decoration-none\" title=\"Alquiler privado de yates y navegaci\u00f3n en Marbella.\">\n\t\t\t\t<h2 class=\"h1 text-white text-center mb-0\">Alquiler privado de yates y navegaci\u00f3n en Marbella.<\/h2>\t\t\t<\/a>\n\t\t\t\t\t<p class=\"lead text-center mb-0\">\n\t\t\t\tLa costa mediterr\u00e1nea de Marbella se disfruta mejor desde el agua.\t\t\t<\/p>\n\t\t\t\t<span class=\"btn btn-lg px-4 btn-primary\">Lee la gu\u00eda completa<\/span>\n\t<\/div>\n\t\t<figure class='position-absolute top-0 h-100 z-0'>\n\t\t<picture><source width=\"1296\" height=\"729\" srcset=\"https:\/\/media.panoramamarbella.com\/imgV1\/B95mbh8olwFQm~uCT2wPZMb8hll4wghQQQq6YWg0~c~U_DrmgY8pGP8pqaDzA6mvjyI_OPtcrHD_aKxDZZG4taWcE5usyFv7Mt1AMuyW8e3Xc1MlXnAWLD2fs5sHCCb1OuCPhd_PG98zw9_lN7deN606D~EVtStbHPXs07pFxHzTOaL0C6jvqST461gJjw--.webp 1296w\" type=\"image\/webp\"><img decoding=\"async\" class=\"w-100 h-100 object-fit-cover\" title=\"Alquiler privado de yates y navegaci\u00f3n en Marbella.\" alt=\"Vista a\u00e9rea de un yate de lujo navegando a gran velocidad por el mar azul profundo, dejando tras de s\u00ed una estela blanca.\" width=\"1296\" src=\"https:\/\/media.panoramamarbella.com\/imgV1\/B95mbh8olwFQm~uCT2wPZMb8hll4wghQQQq6YWg0~c~U_DrmgY8pGP8pqaDzA6mvjyI_OPtcrHD_aKxDZZG4taWcE5usyFv7Mt1AMuyW8e3Xc1MlXnAWLD2fs5sHCCb1OuCPhd_PG98zw8EepaMAN8~jHY2Vo26yzu9Z.jpg\"><\/picture>\t<\/figure>\n\t<\/article>\n\n\n\n\n<h2 class=\"wp-block-heading\">Casas junto a la playa en venta en Marbella<\/h2>\n\n\n\t\t<section class=\"container wp-block-acf-inmpropselection\">\n\t\t\t\t\t\t<div class=\"row row-cols-1 row-cols-lg-3 gy-5 g-xxl-5\">\n\t\t\t\t\n<article class=\"col card-properties position-relative d-flex flex-column\">\n\t<div id=\"carouselCardProperties-1-0\" class=\"card-properties-images carousel slide carousel-fade lazy\" data-bs-ride=\"carousel\" data-bs-interval=\"200000\" data-id=\"721804\">\n\t\t<div class=\"carousel-inner\">\n\t\t\t<figure class=\"carousel-item mb-0 active ratio ratio-4x3\">\n\t\t\t\t<picture><source sizes=\"(max-width: 575px) calc(100vw - 24px), (max-width: 767px) 516px, (max-width: 991px) 696px, (max-width: 1199px) 296px, (max-width: 1399px) 356px, 400px\" width=\"696\" height=\"522\" srcset=\"https:\/\/media.panoramamarbella.com\/imgV1\/B95mbh8olwFQm~uCUaVOI2kQT0hb0a8sZ9turUNfnwtvuccYCzs0YVPfPbfkc2VnnN1JFDpkYaGfw1gJsS~5hO3BSyw8UUMY5dBraGXTBaxF6BxC9QGTZpblCCcS7Cq33W77y5OZkio0nnNpk0o8AFZuizj7Qtfvlof_fWeYwukesHFh6osnx2J334wDRQobRYhUP6Og4vv80zWi5TPG8TYK2BqBLIH4Mqb8~ewql~rpaf68Dy9rIzOEt8kXJqLuYczbYmbhdGo__3EbiQn1~nD2_tD7_2gJMDBlRUiPlNTH1sz0~jnPbBfiRuoMgKy2r8FC1NCdvpaIANoFC7~ebaMokTr1PnuINj9rU4DO42KVFqCvM3_xTVMwSVWvyVWea5R35ZPTeC5v5jEYpquzi_odzX~r_y433KyTcSny6ZXgHAHyPYtJE2GPRHUKrYDKdfE1ulv31wu5ID39cC~N.webp 696w,https:\/\/media.panoramamarbella.com\/imgV1\/B95mbh8olwFQm~uCUaVOI2kQT0hb0a8sZ9turUNfnwtvuccYCzs0YVPfPbfkc2VnnN1JFDpkYaGfw1gJsS~5hO3BSyw8UUMY5dBraGXTBaxF6BxC9QGTZpblCCcS7Cq33W77y5OZkio0nnNpk0o8AFZuizj7Qtfvlof_fWeYwFOfd6McyOhmuoDmf4lZLAHM3yjNB42_~o5w4r3TvSfJyOJB7vBTIHYwJ4Xm_w7BU6Nx2~hpj9xzZxKRWtHI6j~VgFQzMX7bynaguoO5bi2f4qJoEOU3EkODjqBs1BC9yoYB5EZke1xyVIhW~vbdCpVzmOomrAYbELaqXsyodvDuSQrDjJxBVCVmFMtjkCVRnzsCiDQ0RAZg5VlKzyuPh8OQ5LtjNZ4zWwTf7MpsSHj~ZWe7xcxKEErbKrzhpyoL5_YN3JcFuo2FcLg5OqhMj1qGoclgzYY~YFvmENYzg74E.webp 400w\" type=\"image\/webp\"><img decoding=\"async\" class=\"position-absolute w-100 h-100 object-fit-cover\" alt=\"Elegante villa junto a la playa en Guadalmina Baja con privacidad excepcional y dise\u00f1o contempor\u00e1neo\" loading=\"lazy\" width=\"696\" height=\"522\" src=\"https:\/\/media.panoramamarbella.com\/imgV1\/B95mbh8olwFQm~uCUaVOI2kQT0hb0a8sZ9turUNfnwtvuccYCzs0YVPfPbfkc2VnnN1JFDpkYaGfw1gJsS~5hO3BSyw8UUMY5dBraGXTBaxF6BxC9QGTZpblCCcS7Cq33W77y5OZkio0nnNpk0o8AFZuizj7Qtfvlof_fWeYwukesHFh6osnx2J334wDWw8JVtE4NzI0Rnp2Nwrl9J9naEYjUeI4bVeI4dsGVxDf1j9bpuyI3CyP5gQfVgq8uAX21TWXdW6TyjQac_P1A_B9wketyY2cwVrzAJMb2E0lP9BrDYX8~F~CEvrygIfNIdfq4DN1QwpZXa0O8JmKE~pxPn5Se4pbAZ5j2KiJUhPeAkyFvw8pgkCveRp_Ae~XxYFabLkSPD3QLaDFkRZo8Ruo1DwWt0WVvO24EnuAzGmQrw8yNy5UxpdQA3tqEtA-.jpg\"><\/picture>\t\t\t<\/figure>\n\t\t\t\t\t\t<span class=\"card-properties-ref position-absolute z-2 bottom-0 end-0 bg-white text-primary py-1 px-3 me-3\">\n\t\t\t\tPANR-16538\t\t\t<\/span>\n\t\t\t<button class=\"card-properties-portfolio d-flex align-items-center justify-content-center position-absolute z-3 end-0 text-white bg-primary me-3 border-0 px-0\" data-pfl-id=\"721804\" data-pfl-filter=\"sale\" aria-label=\"Add to portfolio\">\n\t\t\t\t<svg width=\"18\" fill=\"currentColor\" viewBox=\"0 0 512 512\">\n\t\t\t\t\t<use href=\"https:\/\/www.panoramamarbella.com\/wp-content\/themes\/panoramamarbella\/dist\/src\/images\/icons.svg#svgHeart\"><\/use>\n\t\t\t\t<\/svg>\n\t\t\t\t<svg width=\"18\" fill=\"currentColor\" viewBox=\"0 0 512 512\">\n\t\t\t\t\t<use href=\"https:\/\/www.panoramamarbella.com\/wp-content\/themes\/panoramamarbella\/dist\/src\/images\/icons.svg#svgHeartIn\"><\/use>\n\t\t\t\t<\/svg>\n\t\t\t<\/button>\n\t\t<\/div>\n\t\t\t\t<button\n\t\t\tclass=\"carousel-control-prev\"\n\t\t\ttype=\"button\"\n\t\t\tdata-bs-target=\"#carouselCardProperties-1-0\"\n\t\t\tdata-bs-slide=\"prev\">\n\t\t\t<span class=\"carousel-control-prev-icon\" aria-hidden=\"true\"><\/span>\n\t\t\t<span class=\"visually-hidden\">Anterior<\/span>\n\t\t<\/button>\n\t\t<button\n\t\t\tclass=\"carousel-control-next\"\n\t\t\ttype=\"button\"\n\t\t\tdata-bs-target=\"#carouselCardProperties-1-0\"\n\t\t\tdata-bs-slide=\"next\">\n\t\t\t<span class=\"carousel-control-next-icon\" aria-hidden=\"true\"><\/span>\n\t\t\t<span class=\"visually-hidden\">Siguiente<\/span>\n\t\t<\/button>\n\t\t\t<\/div>\n\t<div class=\"d-flex flex-column h-100 px-3 py-4 shadow\">\n\t\t\t\t<a class=\"h5 mt-0 stretched-link text-decoration-none\" href=\"\/es\/propiedades\/san-pedro-de-alcantara\/guadalmina-baja\/villas-y-chalets\/PANR-16538\" style=\"margin-top: 0!important;margin-bottom: 1rem!important; font-size: 1.25rem!important;\">\n\t\t\tGuadalmina Baja, San Pedro de Alcantara\t\t<\/a>\n\t\t\t\t\t\t<span class=\"card-properties-price mt-auto\" style=\"font-size: 1rem;\">\n\t\t\t\n\t\t\t<span class=\"card-properties-price mt-auto\" data-original-price=\"8750000\">8.750.000\u00a0\u20ac<\/span>\n\t\t\t\t<\/span>\n\t\t\t<\/div>\n<\/article>\n\n\n<article class=\"col card-properties position-relative d-flex flex-column\">\n\t<div id=\"carouselCardProperties-1-1\" class=\"card-properties-images carousel slide carousel-fade lazy\" data-bs-ride=\"carousel\" data-bs-interval=\"200000\" data-id=\"704174\">\n\t\t<div class=\"carousel-inner\">\n\t\t\t<figure class=\"carousel-item mb-0 active ratio ratio-4x3\">\n\t\t\t\t<picture><source sizes=\"(max-width: 575px) calc(100vw - 24px), (max-width: 767px) 516px, (max-width: 991px) 696px, (max-width: 1199px) 296px, (max-width: 1399px) 356px, 400px\" width=\"696\" height=\"522\" srcset=\"https:\/\/media.panoramamarbella.com\/imgV1\/B95mbh8olwFQm~uCUaVOI2kQT0hb0a8sZ9turUNfnwtvuccYCzs0YVPfPbfkc2VnnN1JFDpkYaGfw1gJsS~5hOzeCYN1CJowUyBmENRFJHocC~UIRIGZdhiuoaeLWEXvXh~CKp3KycygRDXox6Ke_CBonRSdL3LNKPtmVYEsyz8VcCVMBvsyg4sklyICAmyM_~rbxjdonAChH3DL2RsoA47aoCLUe1ynHAhsRWu1lYp8PxvCmPIfSM1~dZq6kBldojD6KyLbCDKZzPAdZKNTy~YmdAIZyIau~APQG4xHflZYYpQpiMonTYlNYewGl0W4IJEnSqjj5EsbJJR3dq75ZMXP8Vhq8enVmOZOGxPC4hp1SqXefk69aChkXRvfMGiweaM7gc1LncHM1e1wX_uVrbhgGYoNTjPLxGZSJJ92TeUNoEd6h1M4GoD~iZKXgcJZsPg_mxizfHSZK40mWHQ_.webp 696w,https:\/\/media.panoramamarbella.com\/imgV1\/B95mbh8olwFQm~uCUaVOI2kQT0hb0a8sZ9turUNfnwtvuccYCzs0YVPfPbfkc2VnnN1JFDpkYaGfw1gJsS~5hOzeCYN1CJowUyBmENRFJHocC~UIRIGZdhiuoaeLWEXvXh~CKp3KycygRDXox6Ke_CBonRSdL3LNKPtmVYEsyeTgEC_zPBiEpY~YsjNNcBrMCRjPZOBGqsiv9I26z9vx2y0F5oLSdxlQb_nO1JoYOxBYrE85_3mmZJjSsOVaeMPMZEaMvmlfN7LvB53708Ts2ic_GjxD~yIG0ti64sqUF6igsJb~YHGwlZ24Rh_MkzhZKQBb9haTTeoe1f~4s8KZ4rk2x5RP_YJLIiF6ixUu71lyruheNFkyS5JVcGIGuOdihBt__ALrZ0JMXReOUCGEvrXmGqyLqgqOecW4JAlgR6~MxmRUwhvPCetZo0NRaTS6dKe6M1v3FhP81eCVd81I.webp 400w\" type=\"image\/webp\"><img decoding=\"async\" class=\"position-absolute w-100 h-100 object-fit-cover\" alt=\"Amplia villa con excepcional potencial de renovaci\u00f3n en la playa de Cancelada\" loading=\"lazy\" width=\"696\" height=\"522\" src=\"https:\/\/media.panoramamarbella.com\/imgV1\/B95mbh8olwFQm~uCUaVOI2kQT0hb0a8sZ9turUNfnwtvuccYCzs0YVPfPbfkc2VnnN1JFDpkYaGfw1gJsS~5hOzeCYN1CJowUyBmENRFJHocC~UIRIGZdhiuoaeLWEXvXh~CKp3KycygRDXox6Ke_CBonRSdL3LNKPtmVYEsyz8VcCVMBvsyg4sklyICHErd0rJu04rdmQhk3VkRk_P1lNON29gcwglWDfEKsQK8g8aChvSOMtrsP~7CV5I~xdJNDeyHwxwBq43TOJNP~ZcQxum_ayi7Y4IW8Hg~dkYSOBZnJ8F0DE9~zQ6ntYT7E0s2AYy5_R9bUfCgsc_6KzIX1ZrbG6eUeEy~TNMDxS4w8EPDFvCHoGQgjvIuVYdlV2ej1uRRwsr2sYLF~JTlJ2egPpHzDg6uUZUgc6HuNWhkriB9P2U2z_BEjYoDXRQ-.jpg\"><\/picture>\t\t\t<\/figure>\n\t\t\t\t\t\t<span class=\"card-properties-ref position-absolute z-2 bottom-0 end-0 bg-white text-primary py-1 px-3 me-3\">\n\t\t\t\tPANR-16404\t\t\t<\/span>\n\t\t\t<button class=\"card-properties-portfolio d-flex align-items-center justify-content-center position-absolute z-3 end-0 text-white bg-primary me-3 border-0 px-0\" data-pfl-id=\"704174\" data-pfl-filter=\"sale\" aria-label=\"Add to portfolio\">\n\t\t\t\t<svg width=\"18\" fill=\"currentColor\" viewBox=\"0 0 512 512\">\n\t\t\t\t\t<use href=\"https:\/\/www.panoramamarbella.com\/wp-content\/themes\/panoramamarbella\/dist\/src\/images\/icons.svg#svgHeart\"><\/use>\n\t\t\t\t<\/svg>\n\t\t\t\t<svg width=\"18\" fill=\"currentColor\" viewBox=\"0 0 512 512\">\n\t\t\t\t\t<use href=\"https:\/\/www.panoramamarbella.com\/wp-content\/themes\/panoramamarbella\/dist\/src\/images\/icons.svg#svgHeartIn\"><\/use>\n\t\t\t\t<\/svg>\n\t\t\t<\/button>\n\t\t<\/div>\n\t\t\t\t<button\n\t\t\tclass=\"carousel-control-prev\"\n\t\t\ttype=\"button\"\n\t\t\tdata-bs-target=\"#carouselCardProperties-1-1\"\n\t\t\tdata-bs-slide=\"prev\">\n\t\t\t<span class=\"carousel-control-prev-icon\" aria-hidden=\"true\"><\/span>\n\t\t\t<span class=\"visually-hidden\">Anterior<\/span>\n\t\t<\/button>\n\t\t<button\n\t\t\tclass=\"carousel-control-next\"\n\t\t\ttype=\"button\"\n\t\t\tdata-bs-target=\"#carouselCardProperties-1-1\"\n\t\t\tdata-bs-slide=\"next\">\n\t\t\t<span class=\"carousel-control-next-icon\" aria-hidden=\"true\"><\/span>\n\t\t\t<span class=\"visually-hidden\">Siguiente<\/span>\n\t\t<\/button>\n\t\t\t<\/div>\n\t<div class=\"d-flex flex-column h-100 px-3 py-4 shadow\">\n\t\t\t\t<a class=\"h5 mt-0 stretched-link text-decoration-none\" href=\"\/es\/propiedades\/estepona\/estepona-este\/cancelada\/villas-y-chalets\/PANR-16404\" style=\"margin-top: 0!important;margin-bottom: 1rem!important; font-size: 1.25rem!important;\">\n\t\t\tCancelada, Estepona Este\t\t<\/a>\n\t\t\t\t\t\t<span class=\"card-properties-price mt-auto\" style=\"font-size: 1rem;\">\n\t\t\t\n\t\t\t<span class=\"card-properties-price mt-auto\" data-original-price=\"2400000\">2.400.000\u00a0\u20ac<\/span>\n\t\t\t\t<\/span>\n\t\t\t<\/div>\n<\/article>\n\n\n<article class=\"col card-properties position-relative d-flex flex-column\">\n\t<div id=\"carouselCardProperties-1-2\" class=\"card-properties-images carousel slide carousel-fade lazy\" data-bs-ride=\"carousel\" data-bs-interval=\"200000\" data-id=\"702531\">\n\t\t<div class=\"carousel-inner\">\n\t\t\t<figure class=\"carousel-item mb-0 active ratio ratio-4x3\">\n\t\t\t\t<picture><source sizes=\"(max-width: 575px) calc(100vw - 24px), (max-width: 767px) 516px, (max-width: 991px) 696px, (max-width: 1199px) 296px, (max-width: 1399px) 356px, 400px\" width=\"696\" height=\"522\" srcset=\"https:\/\/media.panoramamarbella.com\/imgV1\/B95mbh8olwFQm~uCUaVOI2kQT0hb0a8sZ9turUNfnwtvuccYCzs0YVPfPbfkc2VnnN1JFDpkYaGfw1gJsS~5hOuwZT3X1w9E08wOjg8eXpXhsqC6dI2SiEN9R7rvtzZF1AiYOHHV4xmV5OGjj97oGkwvoICHOebZnLF0ysLnDedNoK2Qiu7VAKx6S0oENOUJKoT1~uOxYwe4sJGKDgCUq48EZ~eYcLgRop8Q9wN4Wi0xHMg4t7lNfuswJ4UPHFTQvnb0VkoxiypCyBy85sReOMSmjMGz0Dfzmz4Y_DKyLoOy9~vzMkD1EqLxQ2RSbKQfw2zOZ_OXK8zTBl61siOR2HMa8rUDPEM7Ud3ZIIRus5F7L3SpFj9lxJJ0~48vaEYUBKxJpXo0DlfWhMFQDLHT7J_hrGaVsmMuzx1t8jZay7gBzWAxFCxjU2zTmYWb29PF1pJ08fDOX2WIV33518vk.webp 696w,https:\/\/media.panoramamarbella.com\/imgV1\/B95mbh8olwFQm~uCUaVOI2kQT0hb0a8sZ9turUNfnwtvuccYCzs0YVPfPbfkc2VnnN1JFDpkYaGfw1gJsS~5hOuwZT3X1w9E08wOjg8eXpXhsqC6dI2SiEN9R7rvtzZF1AiYOHHV4xmV5OGjj97oGkwvoICHOebZnLF0ysLnD1fegWO7YYp7rmDasxZyYGZpvsyrp8r9ykJ~SuP6iB8Scaszy6eViks0nsRO77G_jtRSDTYMi69352FpEgmbDjcQg1RaQ8si_uxP~ztzq6XmG7oQBgMvlodX8xtqRYIq2V7vWA9nQ0edIIFROZw7MTNFaq6FgUhHC9ffdDXVOwXpWxWMQ59J0TsAsysErBiOGjf8qdn1MdGpp5r1UEVxiXxXR2FtwC3l1Tl357HJWYpyyUfWCBjYmpMcxqXz6W1XMQJytyuGFG7lxDsrspRHilpv9uS35TCdaHpmdGN8jXZF.webp 400w\" type=\"image\/webp\"><img decoding=\"async\" class=\"position-absolute w-100 h-100 object-fit-cover\" alt=\"Proyecto junto a la playa de 3 villas modernas en la prestigiosa zona residencial de Cortijo Blanco\" loading=\"lazy\" width=\"696\" height=\"522\" src=\"https:\/\/media.panoramamarbella.com\/imgV1\/B95mbh8olwFQm~uCUaVOI2kQT0hb0a8sZ9turUNfnwtvuccYCzs0YVPfPbfkc2VnnN1JFDpkYaGfw1gJsS~5hOuwZT3X1w9E08wOjg8eXpXhsqC6dI2SiEN9R7rvtzZF1AiYOHHV4xmV5OGjj97oGkwvoICHOebZnLF0ysLnDedNoK2Qiu7VAKx6S0oEKuLlsu4VPoX9wzlwb6TTsSuuc30MquATO4tSPkaZenErkkiBBtupYbxhS_GEqDmXOa_4uvAPhm26lEMKAFd4pol~wRkCnvcUy8PVr2~_hbADCUBYuhYtOfmaXcC4OotXzzRRqXn_gC8uGwzjwX4pcU0M_6FVAMiOCNYQQLrtPJQC~vbHDcE1j7Q25LbikBppRrd~RgguVuHIJZ~E_YYbwPP6JtlQtbWteJ_38d6CyZBtnKsHDAqE2AaNFPM4FHs-.jpg\"><\/picture>\t\t\t<\/figure>\n\t\t\t\t\t\t<span class=\"card-properties-ref position-absolute z-2 bottom-0 end-0 bg-white text-primary py-1 px-3 me-3\">\n\t\t\t\tPANR-16391\t\t\t<\/span>\n\t\t\t<button class=\"card-properties-portfolio d-flex align-items-center justify-content-center position-absolute z-3 end-0 text-white bg-primary me-3 border-0 px-0\" data-pfl-id=\"702531\" data-pfl-filter=\"sale\" aria-label=\"Add to portfolio\">\n\t\t\t\t<svg width=\"18\" fill=\"currentColor\" viewBox=\"0 0 512 512\">\n\t\t\t\t\t<use href=\"https:\/\/www.panoramamarbella.com\/wp-content\/themes\/panoramamarbella\/dist\/src\/images\/icons.svg#svgHeart\"><\/use>\n\t\t\t\t<\/svg>\n\t\t\t\t<svg width=\"18\" fill=\"currentColor\" viewBox=\"0 0 512 512\">\n\t\t\t\t\t<use href=\"https:\/\/www.panoramamarbella.com\/wp-content\/themes\/panoramamarbella\/dist\/src\/images\/icons.svg#svgHeartIn\"><\/use>\n\t\t\t\t<\/svg>\n\t\t\t<\/button>\n\t\t<\/div>\n\t\t\t\t<button\n\t\t\tclass=\"carousel-control-prev\"\n\t\t\ttype=\"button\"\n\t\t\tdata-bs-target=\"#carouselCardProperties-1-2\"\n\t\t\tdata-bs-slide=\"prev\">\n\t\t\t<span class=\"carousel-control-prev-icon\" aria-hidden=\"true\"><\/span>\n\t\t\t<span class=\"visually-hidden\">Anterior<\/span>\n\t\t<\/button>\n\t\t<button\n\t\t\tclass=\"carousel-control-next\"\n\t\t\ttype=\"button\"\n\t\t\tdata-bs-target=\"#carouselCardProperties-1-2\"\n\t\t\tdata-bs-slide=\"next\">\n\t\t\t<span class=\"carousel-control-next-icon\" aria-hidden=\"true\"><\/span>\n\t\t\t<span class=\"visually-hidden\">Siguiente<\/span>\n\t\t<\/button>\n\t\t\t<\/div>\n\t<div class=\"d-flex flex-column h-100 px-3 py-4 shadow\">\n\t\t\t\t<a class=\"h5 mt-0 stretched-link text-decoration-none\" href=\"\/es\/propiedades\/san-pedro-de-alcantara\/cortijo-blanco\/villas-y-chalets\/PANR-16391\" style=\"margin-top: 0!important;margin-bottom: 1rem!important; font-size: 1.25rem!important;\">\n\t\t\tCortijo Blanco, San Pedro de Alcantara\t\t<\/a>\n\t\t\t\t\t\t<span class=\"card-properties-price mt-auto\" style=\"font-size: 1rem;\">\n\t\t\t\n\t\t\t<span class=\"card-properties-price mt-auto\" data-original-price=\"4290000\">4.290.000\u00a0\u20ac<\/span>\n\t\t\t\t<\/span>\n\t\t\t<\/div>\n<\/article>\n\t\t\t<\/div>\n\t\t\t<ul class=\"mw-100 d-flex flex-column flex-lg-row flex-lg-wrap justify-content-center gap-3 list-unstyled mt-5 mb-0\">\n    <li><a class=\"btn btn-primary w-100 px-4 py-2\" href=\"https:\/\/www.panoramamarbella.com\/es\/propiedades\/playahttps:\/\/www.panoramamarbella.com\/es\/propiedades\/playa\">Lee la gu\u00eda completa<\/a><\/li><\/ul>\n\t\t<\/section>\n\t\t\n\n\n<h2 class=\"wp-block-heading\">Preguntas frecuentes sobre las mejores playas de Marbella<\/h2>\n\n\n\t<div class=\"position-relative\">\n\t\t\t\t\t<h3>\u00bfCu\u00e1l es la mejor playa de Marbella para familias?<\/h3>\n\t\t\t<p>Cabopino, Puerto Ban\u00fas y Nag\u00fceles son excelentes opciones, ya que ofrecen una combinaci\u00f3n de aguas tranquilas, tramos de arena, servicios cercanos y f\u00e1cil acceso a restaurantes y paseos mar\u00edtimos.<\/p>\n\t\t\t\t\t<h3>\u00bfHay playas para perros en Marbella?<\/h3>\n\t\t\t<p>S\u00ed. Durante la temporada alta, los perros est\u00e1n permitidos en las zonas designadas de El Pinillo y Ventura del Mar. Fuera de la temporada estival de ba\u00f1o, por lo general tambi\u00e9n se permiten perros en el resto de playas de Marbella.<\/p>\n\t\t\t\t\t<h3>\u00bfD\u00f3nde es m\u00e1s f\u00e1cil aparcar para ir a la playa en Marbella?<\/h3>\n\t\t\t<p>En general, aparcar es m\u00e1s f\u00e1cil en Marbella Este, con aparcamientos p\u00fablicos disponibles en Real de Zaragoza y Cabopino. El centro de Marbella y Puerto Ban\u00fas disponen de m\u00e1s opciones de aparcamiento p\u00fablico y privado de pago.<\/p>\n\t\t\t\t\t<h3>\u00bfQu\u00e9 playa de Marbella tiene el agua m\u00e1s tranquila?<\/h3>\n\t\t\t<p>La playa de Puerto Ban\u00fas es una de las m\u00e1s tranquilas gracias a su bah\u00eda resguardada.<\/p>\n\t\t\t\t\t<h3>\u00bfCu\u00e1l es la mejor playa cerca del Casco Antiguo de Marbella?<\/h3>\n\t\t\t<p>La playa de Venus es una de las m\u00e1s cercanas y se encuentra justo debajo de la Avenida del Mar.<\/p>\n\t\t\t\t\t<h3>\u00bfD\u00f3nde est\u00e1n las mejores playas de Marbella Este?<\/h3>\n\t\t\t<p>Los Monteros, La Adelfa, Real de Zaragoza y Cabopino se encuentran entre las mejores playas de Marbella Este.<\/p>\n\t\t\t\t\t<h3>\u00bfQu\u00e9 playa de Marbella es la mejor para comer en restaurantes?<\/h3>\n\t\t\t<p>Real de Zaragoza es especialmente buena para disfrutar de restaurantes junto al mar, mientras que Nag\u00fceles cuenta con excelentes restaurantes de la Milla de Oro en las inmediaciones, como Chiringuito at Puente Romano.<\/p>\n\t\t\t\t\t<h3>\u00bfSe puede caminar desde Puerto Ban\u00fas hasta Marbella por la costa?<\/h3>\n\t\t\t<p>S\u00ed. El Paseo Mar\u00edtimo conecta Puerto Ban\u00fas con la Milla de Oro y el centro de Marbella.<\/p>\n\t\t\t\t\t<h3>\u00bfQu\u00e9 playas de Marbella tienen Bandera Azul?<\/h3>\n\t\t\t<p>Cabopino, El Cable, El Faro, La Fontanilla, Nag\u00fceles-Casablanca, Los Monteros-Las Adelfas, San Pedro Alc\u00e1ntara-Guadalmina y Venus-Bajadilla.<\/p>\n\t\t\t<\/div>\n\n","protected":false},"excerpt":{"rendered":"<p>Desde dunas protegidas y largos arenales hasta playas c\u00e9ntricas y restaurantes junto al mar, estas son algunas de las mejores playas de Marbella.<\/p>\n","protected":false},"author":7,"featured_media":54161,"comment_status":"closed","ping_status":"closed","sticky":false,"template":"","format":"standard","meta":{"_acf_changed":false,"footnotes":""},"categories":[40],"tags":[],"class_list":["post-54224","post","type-post","status-publish","format-standard","has-post-thumbnail","hentry","category-estilo-de-vida-en-marbella"],"acf":[],"_links":{"self":[{"href":"https:\/\/www.panoramamarbella.com\/es\/wp-json\/wp\/v2\/posts\/54224","targetHints":{"allow":["GET"]}}],"collection":[{"href":"https:\/\/www.panoramamarbella.com\/es\/wp-json\/wp\/v2\/posts"}],"about":[{"href":"https:\/\/www.panoramamarbella.com\/es\/wp-json\/wp\/v2\/types\/post"}],"author":[{"embeddable":true,"href":"https:\/\/www.panoramamarbella.com\/es\/wp-json\/wp\/v2\/users\/7"}],"replies":[{"embeddable":true,"href":"https:\/\/www.panoramamarbella.com\/es\/wp-json\/wp\/v2\/comments?post=54224"}],"version-history":[{"count":9,"href":"https:\/\/www.panoramamarbella.com\/es\/wp-json\/wp\/v2\/posts\/54224\/revisions"}],"predecessor-version":[{"id":54317,"href":"https:\/\/www.panoramamarbella.com\/es\/wp-json\/wp\/v2\/posts\/54224\/revisions\/54317"}],"wp:featuredmedia":[{"embeddable":true,"href":"https:\/\/www.panoramamarbella.com\/es\/wp-json\/wp\/v2\/media\/54161"}],"wp:attachment":[{"href":"https:\/\/www.panoramamarbella.com\/es\/wp-json\/wp\/v2\/media?parent=54224"}],"wp:term":[{"taxonomy":"category","embeddable":true,"href":"https:\/\/www.panoramamarbella.com\/es\/wp-json\/wp\/v2\/categories?post=54224"},{"taxonomy":"post_tag","embeddable":true,"href":"https:\/\/www.panoramamarbella.com\/es\/wp-json\/wp\/v2\/tags?post=54224"}],"curies":[{"name":"wp","href":"https:\/\/api.w.org\/{rel}","templated":true}]}}