{"id":6263,"date":"2019-04-13T11:30:00","date_gmt":"2019-04-13T09:30:00","guid":{"rendered":"https:\/\/www.panoramamarbella.com\/news\/the-four-seasons-resort-marbella"},"modified":"2026-08-06T13:24:28","modified_gmt":"2026-08-06T11:24:28","slug":"four-seasons-marbella","status":"publish","type":"post","link":"https:\/\/www.panoramamarbella.com\/es\/news\/four-seasons-marbella","title":{"rendered":"Four Seasons Marbella"},"content":{"rendered":"\n\n<h2 class=\"wp-block-heading\">Con la llegada del Four Seasons Hotel &amp; Resort, Marbella entra en una nueva era de lujo<\/h2>\n\n\n<div class=\"lead\"><p>Marbella, la joya de la corona de la Costa del Sol de Espa\u00f1a, est\u00e1 a punto de elevar su estatus como destino de lujo con la pr\u00f3xima incorporaci\u00f3n de un hotel Four Seasons. Este proyecto tan esperado promete combinar la elegancia reconocida de la marca con el encanto \u00fanico de la regi\u00f3n, creando una experiencia de hospitalidad sin igual. Situado en una de las ubicaciones m\u00e1s codiciadas de Marbella, el nuevo hotel Four Seasons ofrecer\u00e1 impresionantes vistas al mar Mediterr\u00e1neo, jardines exuberantes y el pintoresco paisaje andaluz.<\/p>\n<\/div>\n\n\n<h2 class=\"wp-block-heading\">Actualizaci\u00f3n &#8211; Mayo de 2026<\/h2>\n\n\n\n<p class=\"wp-block-paragraph\">Four Seasons Marbella ha alcanzado un nuevo hito clave tras la confirmaci\u00f3n de que Immobel y Fort Partners han consolidado el control total del terreno del proyecto. Seg\u00fan la \u00faltima informaci\u00f3n publicada, el empresario Ricardo Arranz ha llegado a un acuerdo para vender su participaci\u00f3n en el terreno del futuro complejo, lo que permite a Immobel y Fort Partners asumir el control del terreno y de la promoci\u00f3n.<\/p>\n\n\n\n<p class=\"wp-block-paragraph\">Este avance supone un paso importante para uno de los proyectos de lujo m\u00e1s esperados de Marbella, ya que refuerza la estructura de propiedad y ejecuci\u00f3n del complejo. Tras varios a\u00f1os de planificaci\u00f3n, coordinaci\u00f3n urban\u00edstica y retrasos, el proyecto entra ahora en una fase m\u00e1s clara, con los pr\u00f3ximos pasos centrados en la gesti\u00f3n final del terreno, la parcelaci\u00f3n, las licencias de obra, el desarrollo del proyecto de ejecuci\u00f3n y la ejecuci\u00f3n por fases.<\/p>\n\n\n\n<p class=\"wp-block-paragraph\">El proyecto se encuentra en una fase avanzada desde el punto de vista urban\u00edstico, con el Plan Parcial en vigor y el marco de urbanizaci\u00f3n sustancialmente desarrollado. Se prev\u00e9 que la comercializaci\u00f3n del programa residencial comience en 2027.<\/p>\n\n\n\n<p class=\"wp-block-paragraph\"><a href=\"#update\">Actualizaciones anteriores<\/a> &#8211; <a href=\"#register-interest\">Registre su inter\u00e9s<\/a><\/p>\n\n\n\n<h2 class=\"wp-block-heading\">Impacto estrat\u00e9gico para Marbella<\/h2>\n\n\n\n<p class=\"wp-block-paragraph\">La aprobaci\u00f3n del proyecto de urbanizaci\u00f3n confirma el avance estructural de uno de los desarrollos m\u00e1s ambiciosos de la Costa del Sol. Four Seasons Marbella no solo representa un nuevo resort de lujo, sino una transformaci\u00f3n urbana integral con impacto en infraestructuras, zonas verdes y equipamientos p\u00fablicos.<\/p>\n\n\n\n<h2 class=\"wp-block-heading\">Ficha t\u00e9cnica del proyecto<\/h2>\n\n\n\n<table class=\"table table-bordered table-striped\"><tbody><tr><td><strong>Direcci\u00f3n\/zona<\/strong><\/td><td>R\u00edo Real, El Pinar, Marbella Este,<br>Costa del Sol<\/td><\/tr><tr><td><strong>Superficie<\/strong><br><strong>(referencia p\u00fablica)<\/strong><\/td><td>220.000 m\u00b2 reservados para 166 viviendas<\/td><\/tr><tr><td><strong>Permisos<\/strong><\/td><td>Solicitados<\/td><\/tr><tr><td><strong>Art\u00edculos de sostenibilidad<\/strong><\/td><td>Elementos de energ\u00eda renovable y eficiencia mencionados p\u00fablicamente (geot\u00e9rmica\/solar, etc.)<\/td><\/tr><tr><td><strong>Concepto<\/strong><\/td><td>Complejo tur\u00edstico de lujo con residencias de marca y amplias instalaciones de ocio.<\/td><\/tr><tr><td><strong>Socios\/Desarrolladores<\/strong><\/td><td>Immobel y Fort Partners<br>(socios del proyecto seg\u00fan se ha comunicado p\u00fablicamente)<\/td><\/tr><tr><td><strong>Arquitecto<\/strong><\/td><td>Richard Meier<br>(seg\u00fan se ha comunicado p\u00fablicamente)<\/td><\/tr><tr><td><strong>Estado actual<\/strong><\/td><td>Fase de dise\u00f1o\/planificaci\u00f3n; permisos clave referenciados p\u00fablicamente seg\u00fan lo solicitado<\/td><\/tr><tr><td><strong>Informes de promotores\/inversores (m\u00e1s recientes)<\/strong><\/td><td>Segundo trimestre de 2027 \/ 2030+<\/td><\/tr><tr><td><strong>Lanzamiento de preventa estimado<\/strong><\/td><td>2027<\/td><\/tr><tr><td><strong>Primeras entregas estimadas<\/strong><\/td><td>2029<\/td><\/tr><tr><td><strong>Finalizaci\u00f3n completa prevista<\/strong><\/td><td>2031-2032 (Estimaci\u00f3n)<\/td><\/tr><tr><td><strong>Sostenibilidad<\/strong><\/td><td>Elementos de energ\u00eda renovable y eficiencia mencionados p\u00fablicamente (geot\u00e9rmica\/solar, etc.)<\/td><\/tr><tr><td><strong>\u00daltima actualizaci\u00f3n<\/strong><\/td><td>Mayo de 2026<\/td><\/tr><\/tbody><\/table>\n\n\n\n<h2 class=\"wp-block-heading\">Una ubicaci\u00f3n inmejorable en Marbella<\/h2>\n\n\n\n<p class=\"wp-block-paragraph\">El proyecto se sit\u00faa en la zona de R\u00edo Real \/ El Pinar, en Marbella Este, a ambos lados de la A-7, en una de las \u00faltimas grandes parcelas disponibles en primera l\u00ednea de mar en el t\u00e9rmino municipal.<\/p>\n\n\n\n<p class=\"wp-block-paragraph\">Four Seasons Marbella ofrecer\u00e1 impresionantes vistas al mar Mediterr\u00e1neo, jardines exuberantes y el pintoresco paisaje andaluz. Fundado en 1960, Four Seasons Hotels &amp; Resorts cuenta con m\u00e1s de 120 hoteles en 47 pa\u00edses, siendo una de las cadenas hoteleras de lujo m\u00e1s prestigiosas del mundo.<\/p>\n\n\n\n<iframe loading=\"lazy\" src=\"https:\/\/www.google.com\/maps\/d\/embed?mid=1r-k5gtwuSYuUPuUulvMwqUJdBv2KcmI&#038;hl=es&#038;ehbc=2E312F&#038;noprof=1\" width=\"100%\" height=\"360\"><\/iframe>\n\n\n\n<h2 class=\"wp-block-heading\">Proyecto de urbanizaci\u00f3n aprobado (2026)<\/h2>\n\n\n\n<p class=\"wp-block-paragraph\">El Ayuntamiento de Marbella ha aprobado el proyecto de urbanizaci\u00f3n que afecta a 34,70 hect\u00e1reas de terreno. Aproximadamente el 31,77 % del suelo (m\u00e1s de 103.000 m\u00b2) estar\u00e1 destinado a equipamientos.<\/p>\n\n\n\n<ul class=\"wp-block-list\">\n<li>El proyecto contempla:<\/li>\n\n\n\n<li>220.000 m\u00b2 reservados para 166 viviendas.<\/li>\n\n\n\n<li>65.032 m\u00b2 de parques y jardines.<\/li>\n\n\n\n<li>M\u00e1s de 23.000 m\u00b2 en equipamientos p\u00fablicos.<\/li>\n\n\n\n<li>6.220 m\u00b2 de \u00e1reas deportivas.<\/li>\n\n\n\n<li>1.800 m\u00b2 de equipamientos culturales.<\/li>\n\n\n\n<li>1.842 m\u00b2 de zonas comerciales.<\/li>\n<\/ul>\n\n\n\n<h3 class=\"wp-block-heading\">Infraestructuras y mejoras viarias<\/h3>\n\n\n\n<p class=\"wp-block-paragraph\">El proyecto incluye una profunda reordenaci\u00f3n de los accesos a la A-7 para mejorar la seguridad vial y la conectividad del \u00e1rea.<\/p>\n\n\n\n<p class=\"wp-block-paragraph\">Principales actuaciones:<\/p>\n\n\n\n<ul class=\"wp-block-list\">\n<li>Nueva v\u00eda de servicio de 1.275 metros.<\/li>\n\n\n\n<li>Eliminaci\u00f3n de accesos directos peligrosos en la A-7.<\/li>\n\n\n\n<li>Construcci\u00f3n de una rotonda.<\/li>\n\n\n\n<li>Nueva pasarela peatonal y paso inferior.<\/li>\n\n\n\n<li>Instalaci\u00f3n de pantallas ac\u00fasticas.<\/li>\n\n\n\n<li>Remodelaci\u00f3n de calles Naranjos e Incosol.<\/li>\n<\/ul>\n\n\n\n<p class=\"wp-block-paragraph\">La inversi\u00f3n estimada en infraestructuras supera los 9 millones de euros.<\/p>\n\n\n\n<h3 class=\"wp-block-heading\">Inversi\u00f3n y desarrollo de Four Seasons Marbella<\/h3>\n\n\n\n<p class=\"wp-block-paragraph\">Todo el proyecto representa una inversi\u00f3n de 700 millones de \u20ac y promete ser el m\u00e1s lujoso y grande de su tipo en Andaluc\u00eda. Location and developers. La parcela tiene una extensi\u00f3n aproximada de 320.000 m\u00b2 y est\u00e1 ubicada justo al este del centro de Marbella y al oeste de la zona de Torre Real a ambos lados de la carretera. <\/p>\n\n\n\n<p class=\"wp-block-paragraph\">Los promotores son un consorcio formado por la empresa Fort Partners con sede en Miami, la empresa belga de promoci\u00f3n inmobiliaria Immobel y el Grupo Villa Padierna, liderados por Ricardo Arranz de Miguel.<\/p>\n\n\n\n<h2 class=\"wp-block-heading\">Alojamiento exclusivo en Four Seasons Marbella<\/h2>\n\n\n\n<p class=\"wp-block-paragraph\">El proyecto tiene previsto incluir un hotel Four Seasons con aproximadamente 120 llaves, compuesto por 80 habitaciones y 40 suites, junto con una colecci\u00f3n preliminar de alrededor de 32 branded residences -residencias de marca- asociadas al hotel, aunque el n\u00famero final sigue sujeto a la revisi\u00f3n en curso del dise\u00f1o. Adem\u00e1s del alojamiento hotelero, se espera que estas residencias formen parte del programa de alquiler del hotel, de modo que los propietarios las pondr\u00e1n bajo la gesti\u00f3n de Four Seasons con fines de alquiler. No obstante, los propietarios conservar\u00e1n el derecho a disfrutar de su residencia hasta 60 d\u00edas al a\u00f1o, combinando as\u00ed el uso privado con las ventajas de una oferta hotelera de lujo gestionada profesionalmente.<\/p>\n\n\n\n<h3 class=\"wp-block-heading\">Residencias Four Seasons Marbella<\/h3>\n\n\n\n<p class=\"wp-block-paragraph\">Actualmente est\u00e1 previsto que el proyecto incluya hasta 166 residencias privadas, que se desarrollar\u00e1n en tres fases. La configuraci\u00f3n final de las branded residences seguir\u00e1 la estrategia de desarrollo por fases.<\/p>\n\n\n\n<h3 class=\"wp-block-heading\">Four Seasons Marbella \u2013 Lanzamiento de preventa previsto en 2027 | Primeras entregas en 2029 | Finalizaci\u00f3n total 2031\u20132032<\/h3>\n\n\n\n<p class=\"wp-block-paragraph\">Los promotores prev\u00e9n lanzar una campa\u00f1a de preventa durante el primer semestre de 2027, con la posibilidad de aceptar prerreservas. Se espera que las primeras licencias de obra se concedan hacia finales de ese mismo a\u00f1o y que la finalizaci\u00f3n de las primeras fases tenga lugar a finales de 2029. La finalizaci\u00f3n total del proyecto se sit\u00faa actualmente entre 2031 y 2032.<\/p>\n\n\n\n<p class=\"wp-block-paragraph\">Estos plazos son orientativos, ya que la \u00faltima fase del proceso de planificaci\u00f3n no se espera que concluya hasta el primer trimestre de 2027.<\/p>\n\n\n\t<figure class=\"wp-caption alignright wp-block-acf-wpimage\">\n\t<picture><source width=\"450\" height=\"246\" srcset=\"https:\/\/media.panoramamarbella.com\/imgV1\/B95mbh8olwFQm~uCT2wPZMb8hll4wghQQQq6YWg0~c~U_DrmgY8pGP8pqaDzA6mvjyI_OPtcrHD_aK8c7~H3eb3c3VRjOikXOSjpzuG4rYb80JWW6~18vRTvjMZpe9GoHl~QmWYrd9pWNNLg7BNwMd_~j2IwKBkNt_09W7TDEcRbUuriNZgSTJDKRTxH6YQ-.webp 450w\" type=\"image\/webp\"><img decoding=\"async\" class=\"img-fluid\" loading=\"lazy\" width=\"450\" height=\"246\" alt=\"Four Seasons Marbella. Logo de Four Seasons\" src=\"https:\/\/media.panoramamarbella.com\/imgV1\/B95mbh8olwFQm~uCT2wPZMb8hll4wghQQQq6YWg0~c~U_DrmgY8pGP8pqaDzA6mvjyI_OPtcrHD_aK8c7~H3eb3c3VRjOikXOSjpzuG4rYb80JWW6~18vRTvjMZpe9GoHl~QmWYrd9pWNNL_SisBAztFFuADjddUoOO7bw--.jpg\"><\/picture>\t\t<\/figure>\n\t\n\n\n<h3 class=\"wp-block-heading\">Dise\u00f1o meticuloso y vistas espectaculares.<\/h3>\n\n\n\n<p class=\"wp-block-paragraph\">Four Seasons Marbella aspira a ser un santuario de sofisticaci\u00f3n, con habitaciones y suites meticulosamente dise\u00f1adas que ofrecen una mezcla de estilo contempor\u00e1neo e influencias cl\u00e1sicas espa\u00f1olas.<\/p>\n\n\n\n<h2 class=\"wp-block-heading\">Galer\u00eda de im\u00e1genes conceptuales<\/h2>\n\n\n \n\t<div class=\"wp-gallery row row-cols-2 row-cols-lg-3 row-cols-xxl-4 g-3 mb-4\">\n\t\t\t\t<div class=\"col\">\n\t\t\t\t\t\t<a data-fancybox=\"wp-gallery\" href=\"https:\/\/media.panoramamarbella.com\/imgV1\/B95mbh8olwFQm~uCT2wPZMb8hll4wghQQQq6YWg0~c~U_DrmgY8pGP8pqaDzA6mvjyI_OPtcrHD_aK8c7~H3eevmWez2u0b8nkwUgEeob7gOtlsWvaDj0NBCa8WQduMT02suYBoIw1NdTiZ_7F1lkzgOhysj9GCkUCzI4oADDpYSIK5yn8RUCX~3XqwXOHo-.jpg\">\n\t\t\t\t<figure class=\"ratio ratio-1x1 mb-0\">\n\t\t\t\t\t<picture><source width=\"500\" height=\"500\" srcset=\"https:\/\/media.panoramamarbella.com\/imgV1\/B95mbh8olwFQm~uCT2wPZMb8hll4wghQQQq6YWg0~c~U_DrmgY8pGP8pqaDzA6mvjyI_OPtcrHD_aK8c7~H3eevmWez2u0b8nkwUgEeob7gOtlsWvaDj0NBCa8WQduMT02suYBoIw1NdTiZ_7FluX4QegW9ITn0Ho7nEejYAxeRB0FKeGQthSzW4eVed4g_lEO7tRsZ~dwTjelVCkUGyFg--.webp 500w,https:\/\/media.panoramamarbella.com\/imgV1\/B95mbh8olwFQm~uCT2wPZMb8hll4wghQQQq6YWg0~c~U_DrmgY8pGP8pqaDzA6mvjyI_OPtcrHD_aK8c7~H3eevmWez2u0b8nkwUgEeob7gOtlsWvaDj0NBCa8WQduMT02suYBoIw1NdTiZ_7F71vwM4js0GzYfO8yPHfNwoATeBUc8Ptr2vlEGNsScyA9auLzd76lU6RCV2HbWysjTgVw--.webp 225w\" type=\"image\/webp\"><img loading=\"lazy\" decoding=\"async\" class=\"position-absolute w-100 h-100 object-fit-cover\" alt=\"Una interpretaci\u00f3n visual del posible dise\u00f1o de las residencias del Four Seasons Marbella Resort.\" width=\"500\" height=\"500\" src=\"https:\/\/media.panoramamarbella.com\/imgV1\/B95mbh8olwFQm~uCT2wPZMb8hll4wghQQQq6YWg0~c~U_DrmgY8pGP8pqaDzA6mvjyI_OPtcrHD_aK8c7~H3eevmWez2u0b8nkwUgEeob7gOtlsWvaDj0NBCa8WQduMT02suYBoIw1NdTiZ_7FluX4QegW9ITn0Ho7nEeihiCZcCKRIjiYARDdT_OT6Z.jpg\"><\/picture>\t\t\t\t<\/figure>\n\t\t\t<\/a>\n\t\t\t\t\t<\/div>\n\t\t\t\t<div class=\"col\">\n\t\t\t\t\t\t<a data-fancybox=\"wp-gallery\" href=\"https:\/\/media.panoramamarbella.com\/imgV1\/B95mbh8olwFQm~uCT2wPZMb8hll4wghQQQq6YWg0~c~U_DrmgY8pGP8pqaDzA6mvjyI_OPtcrHD_aK8c7~H3eevlEXixOzmbaVwbpYkF~azQO8Hm8TYkPUuAQMus~TeUM3AR3h0G0VeMTEXZ1b2UjRu4JiQRWMZCeG6NyBTF_H6We8GvhQFaO0GTEb5Ge30-.jpg\">\n\t\t\t\t<figure class=\"ratio ratio-1x1 mb-0\">\n\t\t\t\t\t<picture><source width=\"500\" height=\"500\" srcset=\"https:\/\/media.panoramamarbella.com\/imgV1\/B95mbh8olwFQm~uCT2wPZMb8hll4wghQQQq6YWg0~c~U_DrmgY8pGP8pqaDzA6mvjyI_OPtcrHD_aK8c7~H3eevlEXixOzmbaVwbpYkF~azQO8Hm8TYkPUuAQMus~TeUM3AR3h0G0VeMTEXZ1bmsBRiBIEwgVk1AkIB7xeohwtf7wmg~gqsebx~MkWkexPIJa_1jyu1sON9xz0Je7bTRlg--.webp 500w,https:\/\/media.panoramamarbella.com\/imgV1\/B95mbh8olwFQm~uCT2wPZMb8hll4wghQQQq6YWg0~c~U_DrmgY8pGP8pqaDzA6mvjyI_OPtcrHD_aK8c7~H3eevlEXixOzmbaVwbpYkF~azQO8Hm8TYkPUuAQMus~TeUM3AR3h0G0VeMTEXZ1b51llXNz_HiJuZpYILx9zB7CqgCP3qvFKBm2pwO6QAzmJ_NrbS9hczcDqQlStJc_YRghw--.webp 225w\" type=\"image\/webp\"><img loading=\"lazy\" decoding=\"async\" class=\"position-absolute w-100 h-100 object-fit-cover\" alt=\"Una interpretaci\u00f3n visual del posible dise\u00f1o de las residencias del Four Seasons Marbella Resort.\" width=\"500\" height=\"500\" src=\"https:\/\/media.panoramamarbella.com\/imgV1\/B95mbh8olwFQm~uCT2wPZMb8hll4wghQQQq6YWg0~c~U_DrmgY8pGP8pqaDzA6mvjyI_OPtcrHD_aK8c7~H3eevlEXixOzmbaVwbpYkF~azQO8Hm8TYkPUuAQMus~TeUM3AR3h0G0VeMTEXZ1bmsBRiBIEwgVk1AkIB7xfTsJJmZ341xd2XRHttqJJyc.jpg\"><\/picture>\t\t\t\t<\/figure>\n\t\t\t<\/a>\n\t\t\t\t\t<\/div>\n\t\t\t\t<div class=\"col\">\n\t\t\t\t\t\t<a data-fancybox=\"wp-gallery\" href=\"https:\/\/media.panoramamarbella.com\/imgV1\/B95mbh8olwFQm~uCT2wPZMb8hll4wghQQQq6YWg0~c~U_DrmgY8pGP8pqaDzA6mvjyI_OPtcrHD_aK8c7~H3eevkm_cgg__vid9750ufBmJ7IQy8_aUc~rH6~YSMCRRI8Euv9wRQL4qLz27pNCi9AWHWHAXWa5Jbn1wKezHb1vAmzd8Sn~GKkAFUYLZV~~c-.jpg\">\n\t\t\t\t<figure class=\"ratio ratio-1x1 mb-0\">\n\t\t\t\t\t<picture><source width=\"500\" height=\"500\" srcset=\"https:\/\/media.panoramamarbella.com\/imgV1\/B95mbh8olwFQm~uCT2wPZMb8hll4wghQQQq6YWg0~c~U_DrmgY8pGP8pqaDzA6mvjyI_OPtcrHD_aK8c7~H3eevkm_cgg__vid9750ufBmJ7IQy8_aUc~rH6~YSMCRRI8Euv9wRQL4qLz27pNCxrpCw0dm~drG9BxZnGIlcu6PR1ugNi56oW2qAOc6Vbp9o~xZavkDxwKGQ9pBzmqb2O7Q--.webp 500w,https:\/\/media.panoramamarbella.com\/imgV1\/B95mbh8olwFQm~uCT2wPZMb8hll4wghQQQq6YWg0~c~U_DrmgY8pGP8pqaDzA6mvjyI_OPtcrHD_aK8c7~H3eevkm_cgg__vid9750ufBmJ7IQy8_aUc~rH6~YSMCRRI8Euv9wRQL4qLz27pNCt~XHaJat5oMxNwhOENOsdPg87dn~iW6icSK~pnXDDY4uPp8xYJ~tgSumswDc~W_RR4aQ--.webp 225w\" type=\"image\/webp\"><img loading=\"lazy\" decoding=\"async\" class=\"position-absolute w-100 h-100 object-fit-cover\" alt=\"Una interpretaci\u00f3n visual del posible dise\u00f1o de las residencias del Four Seasons Marbella Resort.\" width=\"500\" height=\"500\" src=\"https:\/\/media.panoramamarbella.com\/imgV1\/B95mbh8olwFQm~uCT2wPZMb8hll4wghQQQq6YWg0~c~U_DrmgY8pGP8pqaDzA6mvjyI_OPtcrHD_aK8c7~H3eevkm_cgg__vid9750ufBmJ7IQy8_aUc~rH6~YSMCRRI8Euv9wRQL4qLz27pNCxrpCw0dm~drG9BxZnGIknFV9On2W6I29aN8IZNhH~K.jpg\"><\/picture>\t\t\t\t<\/figure>\n\t\t\t<\/a>\n\t\t\t\t\t<\/div>\n\t\t\t\t<div class=\"col\">\n\t\t\t\t\t\t<a data-fancybox=\"wp-gallery\" href=\"https:\/\/media.panoramamarbella.com\/imgV1\/B95mbh8olwFQm~uCT2wPZMb8hll4wghQQQq6YWg0~c~U_DrmgY8pGP8pqaDzA6mvjyI_OPtcrHD_aK8c7~H3eevjKTe5XLNf1mHh_a9GdYvIh1IO~vVx4KK81CrdkKeSOEq7437DfXxYaJWtptyiVVsE3rOEFWG_IFzq06DJRc3OnYL_RowodD9Z83LAEKk-.jpg\">\n\t\t\t\t<figure class=\"ratio ratio-1x1 mb-0\">\n\t\t\t\t\t<picture><source width=\"500\" height=\"500\" srcset=\"https:\/\/media.panoramamarbella.com\/imgV1\/B95mbh8olwFQm~uCT2wPZMb8hll4wghQQQq6YWg0~c~U_DrmgY8pGP8pqaDzA6mvjyI_OPtcrHD_aK8c7~H3eevjKTe5XLNf1mHh_a9GdYvIh1IO~vVx4KK81CrdkKeSOEq7437DfXxYaJWtptiWFxFvOaX11h2N9QHiL9Slcz7BBAy8748F3cmf1AYBJmahChtKK2kd8x~O_f0x5349WQ--.webp 500w,https:\/\/media.panoramamarbella.com\/imgV1\/B95mbh8olwFQm~uCT2wPZMb8hll4wghQQQq6YWg0~c~U_DrmgY8pGP8pqaDzA6mvjyI_OPtcrHD_aK8c7~H3eevjKTe5XLNf1mHh_a9GdYvIh1IO~vVx4KK81CrdkKeSOEq7437DfXxYaJWtpt9jX9EtY~Hhs9UqJY3_BzjZXxhT_Y~NRSz0iObdp~RKGXpIbl6BSzC14DqjWmfjUneUag--.webp 225w\" type=\"image\/webp\"><img loading=\"lazy\" decoding=\"async\" class=\"position-absolute w-100 h-100 object-fit-cover\" alt=\"Una interpretaci\u00f3n visual del posible dise\u00f1o de las residencias del Four Seasons Marbella Resort.\" width=\"500\" height=\"500\" src=\"https:\/\/media.panoramamarbella.com\/imgV1\/B95mbh8olwFQm~uCT2wPZMb8hll4wghQQQq6YWg0~c~U_DrmgY8pGP8pqaDzA6mvjyI_OPtcrHD_aK8c7~H3eevjKTe5XLNf1mHh_a9GdYvIh1IO~vVx4KK81CrdkKeSOEq7437DfXxYaJWtptiWFxFvOaX11h2N9QHiL8rTirV9IOq0uc3SGN9lhHMJ.jpg\"><\/picture>\t\t\t\t<\/figure>\n\t\t\t<\/a>\n\t\t\t\t\t<\/div>\n\t\t\t\t<div class=\"col\">\n\t\t\t\t\t\t<a data-fancybox=\"wp-gallery\" href=\"https:\/\/media.panoramamarbella.com\/imgV1\/B95mbh8olwFQm~uCT2wPZMb8hll4wghQQQq6YWg0~c~U_DrmgY8pGP8pqaDzA6mvjyI_OPtcrHD_aK8c7~H3eevi1qGvRRMxpzecIn5xcPW3f7viXeCSQG5UvUV6EGylovlAjRhW9x6c9VM2YkEO7_UuFHuJGY8AL4IKzUnrFAtPRlZ6BQmD9G1MRufd9_o-.jpg\">\n\t\t\t\t<figure class=\"ratio ratio-1x1 mb-0\">\n\t\t\t\t\t<picture><source width=\"500\" height=\"500\" srcset=\"https:\/\/media.panoramamarbella.com\/imgV1\/B95mbh8olwFQm~uCT2wPZMb8hll4wghQQQq6YWg0~c~U_DrmgY8pGP8pqaDzA6mvjyI_OPtcrHD_aK8c7~H3eevi1qGvRRMxpzecIn5xcPW3f7viXeCSQG5UvUV6EGylovlAjRhW9x6c9VM2YkWNuWrD0Hnl0PQuBenb2qhBSDpTjQQXZqPCwFUxEr0puhV3krCCvCr0M~DAVFZRD0Y1WQ--.webp 500w,https:\/\/media.panoramamarbella.com\/imgV1\/B95mbh8olwFQm~uCT2wPZMb8hll4wghQQQq6YWg0~c~U_DrmgY8pGP8pqaDzA6mvjyI_OPtcrHD_aK8c7~H3eevi1qGvRRMxpzecIn5xcPW3f7viXeCSQG5UvUV6EGylovlAjRhW9x6c9VM2YkJUNnrWG8WmJU9M75f8t7lndQWIzp0abbROENDTbKDbs822lxuHFGSs63wp68qRK5lQyQ--.webp 225w\" type=\"image\/webp\"><img loading=\"lazy\" decoding=\"async\" class=\"position-absolute w-100 h-100 object-fit-cover\" alt=\"Una interpretaci\u00f3n visual del posible dise\u00f1o de las residencias del Four Seasons Marbella Resort.\" width=\"500\" height=\"500\" src=\"https:\/\/media.panoramamarbella.com\/imgV1\/B95mbh8olwFQm~uCT2wPZMb8hll4wghQQQq6YWg0~c~U_DrmgY8pGP8pqaDzA6mvjyI_OPtcrHD_aK8c7~H3eevi1qGvRRMxpzecIn5xcPW3f7viXeCSQG5UvUV6EGylovlAjRhW9x6c9VM2YkWNuWrD0Hnl0PQuBenb2rarwp7aXSGrRx4r7O7aWPD2.jpg\"><\/picture>\t\t\t\t<\/figure>\n\t\t\t<\/a>\n\t\t\t\t\t<\/div>\n\t\t\t\t<div class=\"col\">\n\t\t\t\t\t\t<a data-fancybox=\"wp-gallery\" href=\"https:\/\/media.panoramamarbella.com\/imgV1\/B95mbh8olwFQm~uCT2wPZMb8hll4wghQQQq6YWg0~c~U_DrmgY8pGP8pqaDzA6mvjyI_OPtcrHD_aK8c7~H3eevhxvL0u_nXfcbeChjPYhwBZ68e3CIyGbQ5s9ntYrvmd5kRjcnFFJD0xXWhtQXDYwWNuz0Gn5wnVj7DvkMrJm4vcU_oGqg66o4PpvJkU1E-.jpg\">\n\t\t\t\t<figure class=\"ratio ratio-1x1 mb-0\">\n\t\t\t\t\t<picture><source width=\"500\" height=\"500\" srcset=\"https:\/\/media.panoramamarbella.com\/imgV1\/B95mbh8olwFQm~uCT2wPZMb8hll4wghQQQq6YWg0~c~U_DrmgY8pGP8pqaDzA6mvjyI_OPtcrHD_aK8c7~H3eevhxvL0u_nXfcbeChjPYhwBZ68e3CIyGbQ5s9ntYrvmd5kRjcnFFJD0xXWhtQETAHsLl7FsSMZD1392nhtZIyTdt34Juhhyp0e8CbtcneYMSklUvV0AcdbNnvJWOJxQdQ--.webp 500w,https:\/\/media.panoramamarbella.com\/imgV1\/B95mbh8olwFQm~uCT2wPZMb8hll4wghQQQq6YWg0~c~U_DrmgY8pGP8pqaDzA6mvjyI_OPtcrHD_aK8c7~H3eevhxvL0u_nXfcbeChjPYhwBZ68e3CIyGbQ5s9ntYrvmd5kRjcnFFJD0xXWhtQaztf4WA01YzHZy0eLY6Wuxo3Vi3emKnT1qzMf6y2vPOyFpTa32Lc6byEHWUdZSmVpkzA--.webp 225w\" type=\"image\/webp\"><img loading=\"lazy\" decoding=\"async\" class=\"position-absolute w-100 h-100 object-fit-cover\" alt=\"Una interpretaci\u00f3n visual del posible dise\u00f1o de las residencias del Four Seasons Marbella Resort.\" width=\"500\" height=\"500\" src=\"https:\/\/media.panoramamarbella.com\/imgV1\/B95mbh8olwFQm~uCT2wPZMb8hll4wghQQQq6YWg0~c~U_DrmgY8pGP8pqaDzA6mvjyI_OPtcrHD_aK8c7~H3eevhxvL0u_nXfcbeChjPYhwBZ68e3CIyGbQ5s9ntYrvmd5kRjcnFFJD0xXWhtQETAHsLl7FsSMZD1392ngWvx2smY_UQdZJQ9m3hnuWK.jpg\"><\/picture>\t\t\t\t<\/figure>\n\t\t\t<\/a>\n\t\t\t\t\t<\/div>\n\t\t\t<\/div>\n\n\n\n<h3 class=\"wp-block-heading\">Gastronom\u00eda de clase mundial en Four Seasons Marbella<\/h3>\n\n\n\n<p class=\"wp-block-paragraph\">Tambi\u00e9n se construir\u00e1 un complejo de estilo \u201cpueblo\u201d con seis o siete restaurantes, un club de playa privado y un restaurante para los hu\u00e9spedes del hotel y los propietarios privados en el lado este de los 720 metros lineales de primera l\u00ednea de playa que dispone el complejo. Tambi\u00e9n se construir\u00e1 un club de playa p\u00fablico y un restaurante en el lado oeste del lugar, que elevar\u00e1 el lujo de Marbella a un nuevo nivel sin precedentes.<\/p>\n\n\n<blockquote class=\"wp-block-acf-blockquote\">\n    <p>Four Seasons Marbella representa el reconocimiento a un nivel mundial del destino tur\u00edstico de alta calidad que es Marbella hoy, conduciendo a Marbella a una nueva era de lujo<\/p>\n    \n<\/blockquote>\n\n\n\n<h3 class=\"wp-block-heading\">Chefs de renombre y experiencias culinarias \u00fanicas<\/h3>\n\n\n\n<p class=\"wp-block-paragraph\">Las opciones gastron\u00f3micas del hotel ser\u00e1n un punto destacado, ofreciendo un viaje culinario a trav\u00e9s de sabores locales e internacionales. Chefs de renombre estar\u00e1n al frente de sus restaurantes, brindando una mezcla de cocina andaluza tradicional y creaciones gastron\u00f3micas innovadoras. Los hu\u00e9spedes pueden disfrutar de cenas al aire libre junto a la piscina, comidas elegantes en el restaurante principal o bocados casuales en las elegantes \u00e1reas de lounge, todo complementado con una extensa selecci\u00f3n de vinos finos y c\u00f3cteles artesanales.<\/p>\n\n\n\n<h2 class=\"wp-block-heading\">Bienestar y relajaci\u00f3n en el Spa de Four Seasons Marbella<\/h2>\n\n\n\n<p class=\"wp-block-paragraph\">Adem\u00e1s de alojamientos lujosos y gastronom\u00eda exquisita, el Four Seasons Marbella contar\u00e1 con un spa y centro de bienestar de clase mundial. Este oasis sereno ofrecer\u00e1 una variedad de tratamientos dise\u00f1ados para rejuvenecer el cuerpo y la mente, incorporando tanto t\u00e9cnicas modernas como tradiciones de bienestar antiguas. Los hu\u00e9spedes pueden disfrutar de terapias personalizadas, relajarse en las saunas y salas de vapor, o darse un chapuz\u00f3n refrescante en las piscinas interiores y exteriores.<\/p>\n\n\n\n<h3 class=\"wp-block-heading\">Instalaciones para eventos y conferencias.<\/h3>\n\n\n\n<p class=\"wp-block-paragraph\">El hotel Four Seasons en Marbella tambi\u00e9n atender\u00e1 las necesidades de negocios y eventos con sus instalaciones de conferencias y banquetes de \u00faltima generaci\u00f3n. Ya sea para organizar una reuni\u00f3n corporativa, una boda lujosa o una reuni\u00f3n \u00edntima, los espacios vers\u00e1tiles del hotel y su equipo dedicado a la planificaci\u00f3n de eventos asegurar\u00e1n que cada ocasi\u00f3n se ejecute a la perfecci\u00f3n.<\/p>\n\n\n\n<h2 class=\"wp-block-heading\">Descubre Marbella con el Four Seasons Marbella<\/h2>\n\n\n\n<p class=\"wp-block-paragraph\">M\u00e1s all\u00e1 del hotel, los hu\u00e9spedes pueden explorar las vibrantes ofertas culturales y recreativas de Marbella. Desde el encanto hist\u00f3rico del Casco Antiguo hasta el glamuroso puerto de Puerto Ban\u00fas, Marbella presenta una rica variedad de experiencias. El servicio de conserjer\u00eda del hotel estar\u00e1 disponible para curar itinerarios a medida, asegurando que los hu\u00e9spedes puedan sumergirse plenamente en la cultura y las atracciones locales.<\/p>\n\n\n\n<h3 class=\"wp-block-heading\">Four Seasons Marbella: redefiniendo el lujo en la Costa del Sol.<\/h3>\n\n\n\n<p class=\"wp-block-paragraph\">La llegada del Four Seasons Hotel y las \u201c<a href=\"https:\/\/www.panoramamarbella.com\/es\/news\/residencias-de-marca-en-marbella\" type=\"post\" id=\"777\">branded residences<\/a>\u201d que lo acompa\u00f1an est\u00e1n destinadas a redefinir el lujo en la Costa del Sol. Con sus alojamientos excepcionales, comodidades de clase mundial y ubicaci\u00f3n privilegiada, promete ser un refugio de elegancia y confort para los viajeros m\u00e1s exigentes de todo el mundo. Y es una de las noticias m\u00e1s importantes que ha recibido Marbella durante d\u00e9cadas y representa el reconocimiento a nivel mundial del destino tur\u00edstico de alta calidad que es Marbella hoy, conduciendo a Marbella a una nueva era de lujo.<\/p>\n\n\n\n<h3 class=\"wp-block-heading\" id=\"update\">Historial de actualizaciones de Four Seasons Marbella<\/h3>\n\n\n\n<ul class=\"wp-block-list\">\n<li><strong>Febrero 2026<\/strong><br>Con la aprobaci\u00f3n del proyecto de urbanizaci\u00f3n por parte del Ayuntamiento de Marbella, el proyecto Four Seasons Marbella entra en una nueva fase clave dentro de su desarrollo. Esta actualizaci\u00f3n recoge los datos urban\u00edsticos m\u00e1s recientes, la planificaci\u00f3n estimada y el alcance completo del macroproyecto.<\/li>\n\n\n\n<li><strong>Enero 2026<\/strong><br><strong>La preventa de Four Seasons Marbella est\u00e1 prevista para la primera mitad de 2027<\/strong>, con la posibilidad de realizar reservas anticipadas. Las primeras entregas est\u00e1n previstas para finales de 2029 y la <strong>finalizaci\u00f3n total est\u00e1 prevista para 2031-2032<\/strong>, siempre que se complete el proceso de planificaci\u00f3n en 2027.<\/li>\n\n\n\n<li><strong>Agosto 2025<\/strong><br>Se espera que las preventas comiencen a principios de 2026, probablemente con opciones de reserva previa. Las licencias de construcci\u00f3n deber\u00edan concederse a finales de ese a\u00f1o, y las primeras fases deber\u00edan completarse a finales de 2028. Se prev\u00e9 que la obra est\u00e9 totalmente terminada a finales de 2031, aunque los plazos siguen siendo provisionales a la espera de la aprobaci\u00f3n definitiva del plan a finales de 2025.<\/li>\n\n\n\n<li><strong>Julio 2024<\/strong>:<br>En relaci\u00f3n con las recientes noticias sobre ocupantes ilegales que viven en un edificio abandonado en una peque\u00f1a parcela frente al mar, se nos ha asegurado que este problema se resolver\u00e1 mucho antes de que comience la construcci\u00f3n.<\/li>\n<\/ul>\n\n\n<hr class=\"w-75 mt-3 mt-md-5 mb-3 mb-md-6 mx-auto border-1 border-secondary opacity-50\">\n\n\n\n<h2 class=\"wp-block-heading\" id=\"register-interest\">Registre su inter\u00e9s<\/h2>\n\n\n\n<div class=\"contact-only bg-light wp-block-acf-contactform\">\n\t\t<div class=\"position-relative\">\n\t\t<span id=\"inm-contact-form\" class=\"position-absolute\" style=\"top:-130px\"><\/span>\n\t<\/div>\n\t\t\n\t\t<script src=\"https:\/\/www.google.com\/recaptcha\/api.js?render=6LeWOaYZAAAAAGZM7q40J51QMau9I_gs19mp9lZJ&#038;hl=es\"><\/script>\n\t\n<form id=\"contact_form_1\" class=\"needs-validation h-100 d-flex flex-column p-4 p-md-5\" data-contact=\"contact_form_1\" action=\"localhost\" method=\"POST\" novalidate>\n\t<strong class=\"h3 align-self-start\">Registre su inter\u00e9s en las residencias Four Seasons Marbella.<\/strong><p class=\"mb-5\">Solicite informaci\u00f3n sobre Four Seasons Marbella Resort. Nuestro equipo tambi\u00e9n puede sugerirle viviendas comparables de estilo resort y de marca en la zona.<\/p>\t<span id=\"contact_form_1-result\" data-stext=\"source\" data-source=\"contact\"><\/span>\n\t<input type=\"hidden\" name=\"success\" value=\"\/es\/exito?source=info\" \/>\n\t<input type=\"hidden\" name=\"lang\" value=\"es\" \/>\n\t<input type=\"hidden\" name=\"agency\" value=\"399\" \/>\n\t<input type=\"hidden\" name=\"recipient\" value=\"info\" \/>\n\t<input type=\"hidden\" name=\"source\" value=\"https:\/\/www.panoramamarbella.com\/es\/wp-json\/wp\/v2\/posts\/6263\" \/>\n\t<input type=\"hidden\" name=\"subject\" value=\"Information Request (ES)\" \/>\n\t\t\t<input type=\"hidden\" name=\"origin\" value=\"Four Seasons Marbella\" \/>\n\t\t<div class=\"row g-3\">\n\t\t<div class=\"col-md-6\">\n\t\t\t<label class=\"form-label\" for=\"name\">Nombre*<\/label>\n\t\t\t<input id=\"name\" name=\"name\" type=\"text\" class=\"form-control\" autocomplete=\"off\" required data-error=\"Nombre requerido\">\n\t\t<\/div>\n\t\t<div class=\"col-md-6\">\n\t\t\t<label class=\"form-label\" for=\"name\">Apellido*<\/label>\n\t\t\t<input id=\"lastname\" name=\"lastname\" type=\"text\" class=\"form-control\" autocomplete=\"off\" required data-error=\"Apellido\">\n\t\t<\/div>\n\t\t<div class=\"col-12\">\n\t\t\t<label class=\"form-label\" for=\"email\">Correo electr\u00f3nico*<\/label>\n\t\t\t<input id=\"email\" name=\"email\" type=\"email\" class=\"form-control\" autocomplete=\"off\" required data-error=\"Correo electr\u00f3nico requerido\">\n\t\t<\/div>\n\t\t\t\t<div class=\"col-md-6\">\n\t\t\t<label class=\"form-label\" for=\"phone\">N\u00famero de tel\u00e9fono <small><\/small><\/label>\n\t\t\t<input id=\"phone\" name=\"intphone\" type=\"tel\" class=\"form-control\" autocomplete=\"off\" placeholder=\"Tel\u00e9fono\" required data-error=\"Los n\u00fameros de tel\u00e9fono deben tener entre 8 y 20 d\u00edgitos\" pattern=\"(?:\\d\\s*){4,}\">\n\t\t<\/div>\n\t\t<div class=\"col-md-6\">\n\t\t\t<label class=\"form-label\">Mejor hora para llamar <small><\/small><\/label>\n\t\t\t<select class=\"form-select\" name=\"time\">\n\t\t\t\t<option selected>Cualquier momento<\/option>\n\t\t\t\t<option value=\"1\">Por la ma\u00f1ana<\/option>\n\t\t\t\t<option value=\"2\">Por la tarde<\/option>\n\t\t\t\t<option value=\"3\">Por la noche<\/option>\n\t\t\t<\/select>\n\t\t<\/div>\n\t\t<div class=\"col-12\">\n\t\t\t<label for=\"address\" class=\"form-label\">Direcci\u00f3n <small><\/small><\/label>\n\t\t\t<input id=\"address\" name=\"address\" type=\"text\" class=\"form-control\" \/>\n\t\t<\/div>\n\t\t<div class=\"col-12\">\n\t\t\t<label for=\"formComment\" class=\"form-label\">Mensaje<\/label>\n\t\t\t<textarea class=\"form-control\" placeholder=\"Deje su comentario aqu\u00ed\" name=\"comment\" id=\"formComment\" maxlength=\"8000\" rows=\"5\"><\/textarea>\n\t\t<\/div>\n\t\t\t\t<div class=\"col-12\">\n\t\t\t<div class=\"form-check\">\n\t\t\t\t<input type=\"checkbox\" class=\"form-check-input\" id=\"contact_form_1-customCheck1\" name=\"privacy_policy\" required data-error=\"Campo obligatorio\">\n\t\t\t\t<label class=\"form-check-label\" for=\"contact_form_1-customCheck1\">Acepto la <a target=\"_blank\" class=\"text-decoration-none\" href=\"https:\/\/www.panoramamarbella.com\/es\/politica-de-privacidad\">Condiciones generales<\/a><\/label>\n\t\t\t<\/div>\n\t\t\t<div class=\"form-check\">\n\t\t\t\t<input type=\"checkbox\" class=\"form-check-input\" id=\"contact_form_1-customCheck2\" name=\"commercial_information\">\n\t\t\t\t<label class=\"form-check-label\" for=\"contact_form_1-customCheck2\">Acepto recibir comunicaciones de Panorama<\/label>\n\t\t\t<\/div>\n\t\t<\/div>\n\t<\/div>\n\t<button data-ids=\"contact_form_1\" data-lang=\"es\" data-sitekey=\"6LeWOaYZAAAAAGZM7q40J51QMau9I_gs19mp9lZJ\" class=\"align-self-start btn btn-primary px-4 py-2 mt-4 g-recaptcha\" role=\"button\" aria-label=\"Send\">Enviar<\/button>\n<\/form><\/div>\n\n\n<hr class=\"w-75 mt-3 mt-md-5 mb-3 mb-md-6 mx-auto border-2 border-secondary opacity-50\">\n\n\n\n<h2 class=\"wp-block-heading\">Preguntas Frecuentes sobre Four Seasons Resort Marbella<\/h2>\n\n\n\t<div class=\"position-relative\">\n\t\t\t\t\t<h3>\u00bfD\u00f3nde estar\u00e1 ubicado el Four Seasons Marbella Resort?<\/h3>\n\t\t\t<p>El proyecto est\u00e1 previsto en la zona de R\u00edo Real\/El Pinar, en Marbella Este, en la Costa del Sol, cerca de la ciudad de Marbella y del corredor costero oriental.<\/p>\n\t\t\t\t\t<h3>\u00bfSe ha confirmado oficialmente que Four Seasons ser\u00e1 el operador?<\/h3>\n\t\t\t<p>Las comunicaciones p\u00fablicas describen el proyecto como un complejo tur\u00edstico Four Seasons. Al igual que ocurre con muchos proyectos hoteleros internacionales, los detalles operativos pueden evolucionar a medida que se superan los hitos.<\/p>\n\t\t\t\t\t<h3>\u00bfQui\u00e9n est\u00e1 detr\u00e1s del proyecto?<\/h3>\n\t\t\t<p>La informaci\u00f3n disponible p\u00fablicamente asocia el proyecto con Immobel y Fort Partners, y tambi\u00e9n se hace referencia p\u00fablica a la atribuci\u00f3n del dise\u00f1o.<\/p>\n\t\t\t\t\t<h3>\u00bfQui\u00e9n es el arquitecto?<\/h3>\n\t\t\t<p>Richard Meier ha sido mencionado p\u00fablicamente en las comunicaciones del proyecto.<\/p>\n\t\t\t\t\t<h3>\u00bfQu\u00e9 incluir\u00e1 el complejo tur\u00edstico?<\/h3>\n\t\t\t<p>Las descripciones p\u00fablicas hacen referencia a un entorno de resort de lujo con residencias de marca y m\u00faltiples componentes de estilo de vida, como restaurantes, bienestar, ocio e instalaciones relacionadas con la playa.<\/p>\n\t\t\t\t\t<h3>\u00bfQu\u00e9 son las residencias de marca y por qu\u00e9 son importantes?<\/h3>\n\t\t\t<p>Las residencias de marca son viviendas vinculadas a una marca hotelera, que suelen ofrecer servicios y est\u00e1ndares de gesti\u00f3n propios de un hotel. Para muchos compradores, el valor reside en la consistencia del servicio, las comodidades para el estilo de vida y el control de calidad impulsado por la marca.<\/p>\n\t\t\t\t\t<h3>\u00bfCu\u00e1l es el estado actual de la planificaci\u00f3n?<\/h3>\n\t\t\t<p>Las p\u00e1ginas p\u00fablicas del proyecto han indicado que el proyecto se encuentra en fase de dise\u00f1o\/planificaci\u00f3n, y se han descrito los pasos necesarios para obtener los permisos requeridos. En el caso de los grandes proyectos, el progreso suele producirse por fases.<\/p>\n\t\t\t\t\t<h3>\u00bfCu\u00e1ndo comenzar\u00e1 y terminar\u00e1 la construcci\u00f3n?<\/h3>\n\t\t\t<p>Una ficha informativa sobre el proyecto p\u00fablico ha hecho referencia a un periodo de construcci\u00f3n comprendido entre el segundo trimestre de 2024 y el tercer trimestre de 2029. Por otra parte, el seguimiento del mercado y las realidades de las fases pueden dar lugar a diferentes estimaciones de entrega, especialmente en lo que respecta a las fases residenciales.<\/p>\n\t\t\t\t\t<h3>\u00bfCu\u00e1ndo podr\u00edan comenzar las preventas?<\/h3>\n\t\t\t<p>El momento de la preventa suele estar vinculado a la claridad de las licencias y a las decisiones sobre las fases. El seguimiento basado en el mercado sugiere una posible ventana de lanzamiento en 2027, pero no se trata de una fecha oficial.<\/p>\n\t\t\t\t\t<h3>\u00bfCu\u00e1ndo podr\u00edan entregarse las primeras residencias?<\/h3>\n\t\t\t<p>Las estimaciones basadas en el mercado sugieren que las primeras entregas podr\u00edan realizarse en 2029, y que la finalizaci\u00f3n completa podr\u00eda prolongarse hasta 2031-2032, dependiendo de las fases y los permisos.<\/p>\n\t\t\t\t\t<h3>\u00bfSe publicar\u00e1n los precios?<\/h3>\n\t\t\t<p>No se ha publicado ninguna lista oficial de precios. El precio final suele depender de la combinaci\u00f3n de unidades, las especificaciones, los servicios y la estrategia de lanzamiento confirmada.<\/p>\n\t\t\t\t\t<h3>\u00bfC\u00f3mo puedo manifestar mi inter\u00e9s por las residencias Four Seasons Marbella?<\/h3>\n\t\t\t<p>Puede ponerse en <a href=\"https:\/\/www.panoramamarbella.com\/es\/news\/four-seasons-marbella#register-interest\">contacto con Panorama<\/a> para manifestar su inter\u00e9s y hablar sobre viviendas comparables de marca o vinculadas a complejos tur\u00edsticos que ya est\u00e1n disponibles en Marbella.<\/p>\n\t\t\t\t\t<h3>\u00bfCu\u00e1les son las alternativas m\u00e1s cercanas al Four Seasons Marbella mientras tanto?<\/h3>\n\t\t\t<p>Marbella ofrece varios complejos tur\u00edsticos de lujo y urbanizaciones de marca. Panorama puede recomendarle las opciones m\u00e1s adecuadas en funci\u00f3n de su zona preferida, los servicios y su perfil de inversi\u00f3n.<\/p>\n\t\t\t<\/div>\n\n","protected":false},"excerpt":{"rendered":"<p>Four Seasons Marbella: el nuevo resort de lujo sin precedentes con vistas al Mediterr\u00e1neo, exclusivas residencias y servicios excepcionales.<\/p>\n","protected":false},"author":7,"featured_media":4889,"comment_status":"closed","ping_status":"closed","sticky":false,"template":"","format":"standard","meta":{"_acf_changed":false,"footnotes":""},"categories":[44],"tags":[],"class_list":["post-6263","post","type-post","status-publish","format-standard","has-post-thumbnail","hentry","category-noticias-sector-inmobiliario"],"acf":[],"_links":{"self":[{"href":"https:\/\/www.panoramamarbella.com\/es\/wp-json\/wp\/v2\/posts\/6263","targetHints":{"allow":["GET"]}}],"collection":[{"href":"https:\/\/www.panoramamarbella.com\/es\/wp-json\/wp\/v2\/posts"}],"about":[{"href":"https:\/\/www.panoramamarbella.com\/es\/wp-json\/wp\/v2\/types\/post"}],"author":[{"embeddable":true,"href":"https:\/\/www.panoramamarbella.com\/es\/wp-json\/wp\/v2\/users\/7"}],"replies":[{"embeddable":true,"href":"https:\/\/www.panoramamarbella.com\/es\/wp-json\/wp\/v2\/comments?post=6263"}],"version-history":[{"count":1,"href":"https:\/\/www.panoramamarbella.com\/es\/wp-json\/wp\/v2\/posts\/6263\/revisions"}],"predecessor-version":[{"id":52406,"href":"https:\/\/www.panoramamarbella.com\/es\/wp-json\/wp\/v2\/posts\/6263\/revisions\/52406"}],"wp:featuredmedia":[{"embeddable":true,"href":"https:\/\/www.panoramamarbella.com\/es\/wp-json\/wp\/v2\/media\/4889"}],"wp:attachment":[{"href":"https:\/\/www.panoramamarbella.com\/es\/wp-json\/wp\/v2\/media?parent=6263"}],"wp:term":[{"taxonomy":"category","embeddable":true,"href":"https:\/\/www.panoramamarbella.com\/es\/wp-json\/wp\/v2\/categories?post=6263"},{"taxonomy":"post_tag","embeddable":true,"href":"https:\/\/www.panoramamarbella.com\/es\/wp-json\/wp\/v2\/tags?post=6263"}],"curies":[{"name":"wp","href":"https:\/\/api.w.org\/{rel}","templated":true}]}}