{"id":682,"date":"2023-11-24T14:18:00","date_gmt":"2023-11-24T13:18:00","guid":{"rendered":"https:\/\/www.panoramamarbella.com\/?p=682"},"modified":"2024-09-30T14:57:41","modified_gmt":"2024-09-30T12:57:41","slug":"malaga-mejor-ciudad-para-vivir","status":"publish","type":"post","link":"https:\/\/www.panoramamarbella.com\/es\/news\/malaga-mejor-ciudad-para-vivir","title":{"rendered":"M\u00e1laga coronada como la mejor ciudad para vivir y trabajar en 2023 seg\u00fan los expatriados"},"content":{"rendered":"\n<h2 class=\"wp-block-heading\">M\u00e1laga mejor ciudad para vivir y trabajar en 2023<\/h2>\n\n\n\n<p>InterNations, la mayor comunidad global de personas que viven y trabajan en el extranjero acaba de lanzar su informe anual que sit\u00faa a M\u00e1laga como la mejor ciudad para trabajar y vivir en 2023. Este galard\u00f3n no s\u00f3lo corona a M\u00e1laga como el principal destino para residir, sino que tambi\u00e9n subraya su incomparable atractivo como pr\u00f3spero centro de trabajo y productividad.<\/p>\n\n\n\n<ul class=\"table-index list-unstyled p-4 p-lg-5 ms-0 bg-light\"><li class=\"text-uppercase fw-bold mb-3\">Tabla de contenidos<\/li><li><a href=\"#malaga+mejor+ciudad+para+vivir+y+trabajar+en+2023\">\nM\u00e1laga mejor ciudad para vivir y trabajar en 2023\n<\/a><\/li>\n<li><a href=\"#malaga+destino+privilegiado+para+vivir+y+trabajar\">\nM\u00e1laga, destino privilegiado para vivir y trabajar\n<\/a><\/li>\n<li><a href=\"#sostenibilidad+y+calidad+de+vida+el+compromiso+de+malaga+con+el+bienestar\">\nSostenibilidad y calidad de vida: El compromiso de M\u00e1laga con el bienestar\n<\/a><\/li><\/ul>\n\n\n\n<h2 class=\"wp-block-heading\">M\u00e1laga, destino privilegiado para vivir y trabajar<\/h2>\n\n\n\n<p>Enclavada a lo largo de la pintoresca Costa del Sol, M\u00e1laga ha su rico patrimonio cultural con las comodidades modernas, creando un creando un encantador tapiz que satisface las diversas necesidades de sus residentes. Desde la desde la hist\u00f3rica Alcazaba, con vistas al Mediterr\u00e1neo, hasta la escena art\u00edstica contempor\u00e1neo que florece en sus calles, M\u00e1laga ofrece una armoniosa yuxtaposici\u00f3n de tradici\u00f3n e innovaci\u00f3n.<\/p>\n\n\n\n<h3 class=\"wp-block-heading\">Tradici\u00f3n e innovaci\u00f3n: El encantador tapiz de M\u00e1laga<\/h3>\n\n\n\n<p>El encanto de la ciudad va m\u00e1s all\u00e1 de su atractivo est\u00e9tico, ya que cuenta con una econom\u00eda s\u00f3lida y un ambiente acogedor. El panorama empresarial de M\u00e1laga est\u00e1 marcado por una din\u00e1mica fusi\u00f3n de de industrias, fomentando un clima en el que prosperan la creatividad y el esp\u00edritu emprendedor.<\/p>\n\n\n\t<figure class=\"wp-caption aligncenter wp-block-acf-wpimage\">\n\t<picture><source width=\"500\" height=\"254\" srcset=\"https:\/\/media.panoramamarbella.com\/imgV1\/B95mbh8olwFQm~uCT2wPZMb8hll4wghQQQq6YWg0~c~U_DrmgY8pGP8pqaDzA6mvjyI_OPtcrHD_aKxCvYKLjbWY_x1XFrKD~wtUitt82zVEYQSoIZMS6qmwNthh_IydnAMEeLOqCnhGtMHLUfMpwpniqRSQuh1P1ndXFdGRxP4ZZ7hMo2tTTkihqgaoAtemzHRhDFIqWw--.webp 500w\" type=\"image\/webp\"><img decoding=\"async\" class=\"img-fluid\" loading=\"lazy\" width=\"500\" height=\"254\" alt=\"M\u00e1laga mejor ciudad para vivir y trabajar\" src=\"https:\/\/media.panoramamarbella.com\/imgV1\/B95mbh8olwFQm~uCT2wPZMb8hll4wghQQQq6YWg0~c~U_DrmgY8pGP8pqaDzA6mvjyI_OPtcrHD_aKxCvYKLjbWY_x1XFrKD~wtUitt82zVEYQSoIZMS6qmwNthh_IydnAMEeLOqCnhGtMHLUfMpwpniqQqz1x5_zrTOjsCJ6bZd1~gg.webp\"><\/picture>\t\t\t<figcaption class=\"wp-caption-text\">\n\t\tVista panor\u00e1mica de M\u00e1laga\t\t<\/figcaption>\n\t\t\t<\/figure>\n\t\n\n\n<h3 class=\"wp-block-heading\">Prosperar en M\u00e1laga: una econom\u00eda s\u00f3lida y un ambiente acogedor<\/h3>\n\n\n\n<p>El compromiso de M\u00e1laga con la sostenibilidad y la calidad de vida no ha pasado desapercibido, ya que la ciudad invierte continuamente en espacios verdes, transporte p\u00fablico eficiente e iniciativas que promueven el bienestar de la comunidad. Su compromiso con un estilo de vida equilibrado, unido a un clima clima mediterr\u00e1neo que invita a las actividades al aire libre durante todo el a\u00f1o, contribuye al estatus de la ciudad como un lugar id\u00edlico al que llamar hogar.<\/p>\n\n\n\n<h2 class=\"wp-block-heading\">Sostenibilidad y calidad de vida: El compromiso de M\u00e1laga con el bienestar<\/h2>\n\n\n\n<p>Mientras el mundo reconoce el ascenso de M\u00e1laga a lo m\u00e1s alto de la lista de las Mejores Ciudades del Mundo para Vivir y Trabajar, la ciudad es un de la perfecta fusi\u00f3n de historia y progreso, convirti\u00e9ndola en un ejemplo mundial para quienes buscan una vida de plenitud y logros.<\/p>\n\n\n\n<p>Lea\u00a0<a href=\"https:\/\/www.forbes.com\/sites\/laurabegleybloom\/2023\/11\/19\/ranked-the-worlds-20-best-cities-to-live-according-to-expats\/\" target=\"_blank\" rel=\"noreferrer noopener nofollow\">aqu\u00ed el art\u00edculo completo en ingl\u00e9s\u00a0<\/a>publicado por Forbes el 19 de noviembre de 2023<\/p>\n","protected":false},"excerpt":{"rendered":"<p>InterNations, la mayor comunidad mundial de personas que viven y trabajan en el extranjero, acaba de lanzar su informe anual en el que sit\u00faa a M\u00e1laga (Espa\u00f1a) como la mejor ciudad para trabajar y vivir en 2023. Lee algunos de los factores que han hecho que esta famosa comunidad elija M\u00e1laga.<\/p>\n","protected":false},"author":8,"featured_media":671,"comment_status":"closed","ping_status":"closed","sticky":false,"template":"","format":"standard","meta":{"_acf_changed":false,"footnotes":""},"categories":[3],"tags":[],"class_list":["post-682","post","type-post","status-publish","format-standard","has-post-thumbnail","hentry","category-panorama-es"],"acf":[],"_links":{"self":[{"href":"https:\/\/www.panoramamarbella.com\/es\/wp-json\/wp\/v2\/posts\/682","targetHints":{"allow":["GET"]}}],"collection":[{"href":"https:\/\/www.panoramamarbella.com\/es\/wp-json\/wp\/v2\/posts"}],"about":[{"href":"https:\/\/www.panoramamarbella.com\/es\/wp-json\/wp\/v2\/types\/post"}],"author":[{"embeddable":true,"href":"https:\/\/www.panoramamarbella.com\/es\/wp-json\/wp\/v2\/users\/8"}],"replies":[{"embeddable":true,"href":"https:\/\/www.panoramamarbella.com\/es\/wp-json\/wp\/v2\/comments?post=682"}],"version-history":[{"count":1,"href":"https:\/\/www.panoramamarbella.com\/es\/wp-json\/wp\/v2\/posts\/682\/revisions"}],"predecessor-version":[{"id":7288,"href":"https:\/\/www.panoramamarbella.com\/es\/wp-json\/wp\/v2\/posts\/682\/revisions\/7288"}],"wp:featuredmedia":[{"embeddable":true,"href":"https:\/\/www.panoramamarbella.com\/es\/wp-json\/wp\/v2\/media\/671"}],"wp:attachment":[{"href":"https:\/\/www.panoramamarbella.com\/es\/wp-json\/wp\/v2\/media?parent=682"}],"wp:term":[{"taxonomy":"category","embeddable":true,"href":"https:\/\/www.panoramamarbella.com\/es\/wp-json\/wp\/v2\/categories?post=682"},{"taxonomy":"post_tag","embeddable":true,"href":"https:\/\/www.panoramamarbella.com\/es\/wp-json\/wp\/v2\/tags?post=682"}],"curies":[{"name":"wp","href":"https:\/\/api.w.org\/{rel}","templated":true}]}}