{"id":8333,"date":"2024-11-15T14:19:49","date_gmt":"2024-11-15T13:19:49","guid":{"rendered":"https:\/\/www.panoramamarbella.com\/?p=8333"},"modified":"2026-03-25T11:42:32","modified_gmt":"2026-03-25T10:42:32","slug":"chris-clover-empresario-del-ano-2024","status":"publish","type":"post","link":"https:\/\/www.panoramamarbella.com\/es\/news\/chris-clover-empresario-del-ano-2024","title":{"rendered":"Christopher Clover nombrado \u00abEmpresario del A\u00f1o 2024\u00bb por el CIT Marbella"},"content":{"rendered":"\n\n<h2 class=\"wp-block-heading\">XXIV Premios Empresariales CIT Marbella<\/h2>\n\n\n<div class=\"lead\"><p>CIT Marbella, la asociaci\u00f3n empresarial m\u00e1s prestigiosa de Marbella, celebr\u00f3 la XXIV edici\u00f3n de sus Premios Empresariales el pasado 29 de noviembre en el Puente Romano Beach Resort de Marbella.<\/p>\n<p>Este evento anual celebra la dedicaci\u00f3n e impacto de figuras clave en la comunidad empresarial de la Costa del Sol. Este a\u00f1o, uno de los galardones m\u00e1s notables, el Premio Empresario, se otorg\u00f3 a Christopher Clover, director general de Panorama, la agencia inmobiliaria de lujo m\u00e1s antigua y consolidada de Marbella.<\/p>\n<p>ACTUALIZACI\u00d3N: 21 de mayo. <a href=\"#awards\">Discurso de Christopher<\/a><\/p>\n<\/div>\n\n\n<ul class=\"table-index list-unstyled p-4 p-lg-5 ms-0 bg-light\"><li class=\"text-uppercase fw-bold mb-3\">Tabla de contenidos<\/li><li><a href=\"#xxiv+premios+empresariales+cit+marbella\">\nXXIV Premios Empresariales CIT Marbella\n<\/a><\/li>\n<li><a href=\"#el+discurso+de+christopher\">\nEl discurso de Christopher\n<\/a><\/li>\n<li><a href=\"#panorama+mas+de+cinco+decadas+de+liderazgo+en+marbella\">\nPanorama, m\u00e1s de cinco d\u00e9cadas de liderazgo en Marbella\n<\/a><\/li>\n<li><a href=\"#un+reconocimiento+a+su+contribucion+y+liderazgo+etico\">\nUn reconocimiento a su contribuci\u00f3n y liderazgo \u00e9tico\n<\/a><\/li>\n<li><a href=\"#panorama+y+el+desarrollo+de+la+marca+marbella\">\nPanorama y el desarrollo de la marca Marbella\n<\/a><\/li>\n<li><a href=\"#un+premio+a+su+dedicacion+y+vision+de+futuro\">\nUn premio a su dedicaci\u00f3n y visi\u00f3n de futuro\n<\/a><\/li>\n<li><a href=\"#otros+galardonados+en+la+xxiv+edicion+de+los+premios+empresariales+cit+marbella\">\nOtros galardonados en la XXIV edici\u00f3n de los Premios Empresariales CIT Marbella\n<\/a><\/li><\/ul>\n\n\n\n<iframe loading=\"lazy\" width=\"100%\" height=\"560\" src=\"https:\/\/www.youtube.com\/embed\/P4wuSPMNDTM?si=1xR0KXuEfWMWHTAv\" title=\"YouTube video player\" frameborder=\"0\" allow=\"accelerometer; autoplay; clipboard-write; encrypted-media; gyroscope; picture-in-picture; web-share\" referrerpolicy=\"strict-origin-when-cross-origin\" allowfullscreen><\/iframe>\n\n\n\n<h2 class=\"wp-block-heading\" id=\"awards\">El discurso de Christopher<\/h2>\n\n\n\n<iframe src=\"https:\/\/www.youtube.com\/embed\/xth8hlg5aY4?si=wMzDtdTRipKUAenJ\" title=\"CIT Marbella Awards\" frameborder=\"0\" allow=\"accelerometer; autoplay; clipboard-write; encrypted-media; gyroscope; picture-in-picture; web-share\" referrerpolicy=\"strict-origin-when-cross-origin\" allowfullscreen style=\"aspect-ratio:16\/9; object-fit:cover;width: 100%\"><\/iframe>\n\n\n\n<h2 class=\"wp-block-heading\">Panorama, m\u00e1s de cinco d\u00e9cadas de liderazgo en Marbella<\/h2>\n\n\n\t<figure class=\"wp-caption alignright wp-block-acf-wpimage\">\n\t<picture><source width=\"600\" height=\"600\" srcset=\"https:\/\/media.panoramamarbella.com\/imgV1\/B95mbh8olwFQm~uCT2wPZMb8hll4wghQQQq6YWg0~c~U_DrmgY8pGP8pqaDzA6mvjyI_OPtcrHD_aKxCvYPkzERQWtdzoufUYkpEDbdkzBltVetBqQs9X0A_Jrnapg9GNaMgwiJqhbCr7lUvwCPKT8wM3ZX_YY_XBRN_7~xK5QgQcFY5wbAOeinT24HuVHaj.webp 600w\" type=\"image\/webp\"><img decoding=\"async\" class=\"img-fluid\" loading=\"lazy\" width=\"600\" height=\"600\" alt=\"Christopher Clover, Director General de Panorama Properties\" src=\"https:\/\/media.panoramamarbella.com\/imgV1\/B95mbh8olwFQm~uCT2wPZMb8hll4wghQQQq6YWg0~c~U_DrmgY8pGP8pqaDzA6mvjyI_OPtcrHD_aKxCvYPkzERQWtdzoufUYkpEDbdkzBltVetBqQs9X0A_Jrnapg9GNaMgwiJqhbCr7lUv3phr3eA1LNIlPcqb6QrMfHQ-.jpg\"><\/picture>\t\t\t<figcaption class=\"wp-caption-text\">\n\t\tChristopher Clover\t\t<\/figcaption>\n\t\t\t<\/figure>\n\t\n\n\n<p class=\"wp-block-paragraph\"><a href=\"https:\/\/www.panoramamarbella.com\/es\/sobre-nosotros\/equipo\/christopher-clover\">Christopher Clover<\/a> y Panorama han construido un legado en Marbella marcado por el compromiso, el liderazgo y una visi\u00f3n de futuro. <a href=\"https:\/\/www.panoramamarbella.com\/es\/sobre-nosotros\/como-panorama-empezo-en-marbella\">Desde su llegada en los a\u00f1os setenta<\/a> para dirigir una peque\u00f1a sucursal del negocio familiar, Clover ha transformado a Panorama en <a href=\"https:\/\/www.panoramamarbella.com\/es\/sobre-nosotros\">la agencia inmobiliaria m\u00e1s antigua y respetada de la regi\u00f3n<\/a>, especializada en la venta y alquiler de viviendas de lujo. <\/p>\n\n\n\n<p class=\"clearfix wp-block-paragraph\"><a href=\"https:\/\/www.panoramamarbella.com\/es\/sobre-nosotros\/familia-inmobiliaria-mas-de-120-anos\">La historia familiar<\/a> en el sector, que se remonta a 1904 en Chicago, ha servido de base sobre la cual Clover ha construido la reputaci\u00f3n de Panorama en cuanto a dedicaci\u00f3n, profesionalismo y pr\u00e1cticas \u00e9ticas.<\/p>\n\n\n\n<p class=\"wp-block-paragraph\">Este premio del CIT Marbella resalta el papel fundamental que Christopher Clover, junto con sus hijos <a href=\"https:\/\/www.panoramamarbella.com\/es\/sobre-nosotros\/equipo\/katinka-clover\" data-type=\"agents\" data-id=\"1120\">Katinka<\/a> y <a href=\"https:\/\/www.panoramamarbella.com\/es\/sobre-nosotros\/equipo\/alex-clover\" data-type=\"agents\" data-id=\"2261\">Alex<\/a>, y su <a href=\"https:\/\/www.panoramamarbella.com\/es\/sobre-nosotros\/equipo\" data-type=\"page\" data-id=\"5098\">equipo<\/a>, han jugado en el desarrollo de un mercado inmobiliario de lujo que valora la transparencia, la calidad y una comprensi\u00f3n profunda de las expectativas de los clientes. <\/p>\n\n\n\n<p class=\"wp-block-paragraph\">Su capacidad para adaptarse a los cambios del sector, manteniendo los valores esenciales de la empresa, ha mantenido a Panorama en la vanguardia de la industria.<\/p>\n\n\n\t<figure class=\"wp-caption aligncenter wp-block-acf-wpimage\">\n\t<picture><source width=\"900\" height=\"450\" srcset=\"https:\/\/media.panoramamarbella.com\/imgV1\/B95mbh8olwFQm~uCT2wPZMb8hll4wghQQQq6YWg0~c~U_DrmgY8pGP8pqaDzA6mvjyI_OPtcrHD_aKxCvYPlv9pjTXvzbh2dZZ~ic5xzjSigpngKAnpnxh_Z6VoyZIgKfD55qLsUwfKGcp~B3p6UE_r_L7Ekti1Wv~bacsPOeIJhxHjQ0n2zja4J~5yVxc948g6hpvHy4A--.webp 900w\" type=\"image\/webp\"><img decoding=\"async\" class=\"img-fluid\" loading=\"lazy\" width=\"900\" height=\"450\" alt=\"Christopher Clover recibiendo el premio\" src=\"https:\/\/media.panoramamarbella.com\/imgV1\/B95mbh8olwFQm~uCT2wPZMb8hll4wghQQQq6YWg0~c~U_DrmgY8pGP8pqaDzA6mvjyI_OPtcrHD_aKxCvYPlv9pjTXvzbh2dZZ~ic5xzjSigpngKAnpnxh_Z6VoyZIgKfD55qLsUwfKGcp~B3p6UE_r_L6_~GhvhUahDnjvKZgQ~xeRN.jpg\"><\/picture>\t\t\t<figcaption class=\"wp-caption-text\">\n\t\tChristopher Clover recibiendo el galard\u00f3n\t\t<\/figcaption>\n\t\t\t<\/figure>\n\t\n\n\n<h2 class=\"wp-block-heading\">Un reconocimiento a su contribuci\u00f3n y liderazgo \u00e9tico<\/h2>\n\n\n\n<p class=\"wp-block-paragraph\">El Premio Empresario no solo es un reconocimiento al \u00e9xito comercial de Christopher Clover, sino tambi\u00e9n a su \u00e9tica de trabajo y a los valores que ha inculcado en Panorama. A lo largo de los a\u00f1os, ha transformado la empresa en una autoridad de confianza en una industria que exige adaptabilidad y un compromiso continuo con las mejores pr\u00e1cticas. Clover ha sido pionero en la adopci\u00f3n de altos est\u00e1ndares en el sector inmobiliario espa\u00f1ol, <a href=\"https:\/\/www.panoramamarbella.com\/es\/news\/marbella-mejor-destino-europeo\">elevando la reputaci\u00f3n global de Marbella como destino de lujo<\/a>.<\/p>\n\n\n\t<figure class=\"wp-caption aligncenter wp-block-acf-wpimage\">\n\t<picture><source width=\"900\" height=\"614\" srcset=\"https:\/\/media.panoramamarbella.com\/imgV1\/B95mbh8olwFQm~uCT2wPZMb8hll4wghQQQq6YWg0~c~U_DrmgY8pGP8pqaDzA6mvjyI_OPtcrHD_aKxCvYPlv9tiLi1osSjQTgMBCDZENU7wDUGcymPGj_jfyoVljkM744nqkVW3rl9LAl~O2iqZaXHoh_4u6pNxAxe5YWyuv667iVBYf2HxjqJp17NC7h0ukajWZA~BYUYq1C_uls8-.webp 900w\" type=\"image\/webp\"><img decoding=\"async\" class=\"img-fluid\" loading=\"lazy\" width=\"900\" height=\"614\" alt=\"Todos los premiados en la gala\" src=\"https:\/\/media.panoramamarbella.com\/imgV1\/B95mbh8olwFQm~uCT2wPZMb8hll4wghQQQq6YWg0~c~U_DrmgY8pGP8pqaDzA6mvjyI_OPtcrHD_aKxCvYPlv9tiLi1osSjQTgMBCDZENU7wDUGcymPGj_jfyoVljkM744nqkVW3rl9LAl~O2iqZaXHoh_4u6pNxAxentdkO5AyevqWcavF__5Piaw--.jpg\"><\/picture>\t\t\t<figcaption class=\"wp-caption-text\">\n\t\tTodos los premiados en la gala\t\t<\/figcaption>\n\t\t\t<\/figure>\n\t\n\n\n<h2 class=\"wp-block-heading\">Panorama y el desarrollo de la marca Marbella<\/h2>\n\n\n\n<p class=\"wp-block-paragraph\">Panorama ha desempe\u00f1ado un papel crucial en posicionar a Marbella como un destino de lujo y sofisticaci\u00f3n. Con un <a href=\"https:\/\/www.panoramamarbella.com\/es\/sobre-nosotros\/equipo\">equipo multiling\u00fce de 28 profesionales<\/a> en sus <a href=\"https:\/\/www.panoramamarbella.com\/es\/sobre-nosotros\/oficinas-panorama\">oficinas estrat\u00e9gicamente ubicadas en la Milla de Oro<\/a>, la agencia ofrece un servicio exclusivo y personalizado que va mucho m\u00e1s all\u00e1 de las simples transacciones inmobiliarias. Este enfoque se ha convertido en un sello distintivo bajo el liderazgo de Christopher Clover, quien ha hecho de la transparencia y la atenci\u00f3n al detalle los pilares de su negocio.<\/p>\n\n\n\n<p class=\"wp-block-paragraph\">A trav\u00e9s de su <a href=\"https:\/\/www.panoramamarbella.com\/es\/informe-mercado-inmobiliario-marbella\">Informe anual del Mercado Inmobiliario de Marbella<\/a>, <a href=\"https:\/\/www.panoramamarbella.com\/es\/guia-del-comprador-en-marbella\" data-type=\"page\" data-id=\"5087\">gu\u00edas para compradores<\/a> y <a href=\"https:\/\/www.panoramamarbella.com\/es\/guia-del-vendedor-en-marbella\" data-type=\"page\" data-id=\"5089\">vendedores<\/a>, y otros an\u00e1lisis exhaustivos, Clover ha contribuido activamente a educar tanto a clientes como a <a href=\"https:\/\/www.panoramamarbella.com\/es\/asesoramiento-inversiones-inmobiliarias\" data-type=\"page\" data-id=\"5081\">inversores en Marbella<\/a>, ofreciendo una perspectiva fundamentada y completa del mercado. Este compromiso continuo con servicios de asesor\u00eda de alta calidad es una de las razones por las que Panorama ha mantenido su posici\u00f3n de liderazgo en el sector.<\/p>\n\n\n\n<h2 class=\"wp-block-heading\">Un premio a su dedicaci\u00f3n y visi\u00f3n de futuro<\/h2>\n\n\n\n<p class=\"wp-block-paragraph\">El Premio Empresario que Christopher Clover recibi\u00f3 en la XXIV edici\u00f3n de los Premios Empresariales CIT Marbella simboliza no solo un logro personal, sino tambi\u00e9n un triunfo para Panorama. Este reconocimiento celebra una carrera dedicada al avance y profesionalizaci\u00f3n del sector inmobiliario de lujo y a la promoci\u00f3n de Marbella como un lugar excepcional para vivir y disfrutar. Gracias a su liderazgo y visi\u00f3n, Panorama sigue siendo un referente internacional y una fuente de confianza para quienes buscan una <a href=\"\/es\/propiedades\">propiedad en la Costa del Sol<\/a>.<\/p>\n\n\n\n<p class=\"wp-block-paragraph\">Con este premio, CIT Marbella honra a un l\u00edder empresarial que, con esfuerzo y dedicaci\u00f3n, ha dejado una marca imborrable en la regi\u00f3n. Felicidades a Christopher Clover y a todo el equipo de Panorama por este merecido reconocimiento y por seguir elevando el perfil de Marbella en el panorama inmobiliario mundial.<\/p>\n\n\n\n<h2 class=\"wp-block-heading\">Otros galardonados en la XXIV edici\u00f3n de los Premios Empresariales CIT Marbella<\/h2>\n\n\n\n<p class=\"wp-block-paragraph\">Adem\u00e1s de <strong>Christopher Clover<\/strong>, los Premios Empresariales CIT Marbella reconocieron a:<\/p>\n\n\n\n<ul class=\"wp-block-list\">\n<li> El <strong>Cuerpo Nacional de Polic\u00eda<\/strong> por sus 200 a\u00f1os de servicio con el <strong>Premio Institucional<\/strong>. <\/li>\n\n\n\n<li>El <strong>Hotel Don Pepe Gran Meli\u00e1<\/strong> recibi\u00f3 el <strong>Premio Especial Luis Cierco a la Promoci\u00f3n Tur\u00edstica de Marbella<\/strong>, destacando su impacto en el turismo de lujo. <\/li>\n\n\n\n<li>Finalmente, el <strong>Premio a la Innovaci\u00f3n Empresarial<\/strong> se otorg\u00f3 a <strong>Internalia Group<\/strong> por sus avances en soluciones de gesti\u00f3n m\u00f3vil.<\/li>\n<\/ul>\n\n\n\n<p class=\"wp-block-paragraph\">Fuente:<br><a href=\"https:\/\/citmarbella.es\/noticias\/christopher-clover-el-cuerpo-nacional-de-policia-hotel-don-pepe-gran-melia-e-internalia-group-xxiv-premios-empresariales-cit-marbella\/\" target=\"_blank\" rel=\"noreferrer noopener nofollow\">citmarbella.es<\/a><\/p>\n\n\n\n\n\n\n<p class=\"wp-block-paragraph\"><\/p>\n","protected":false},"excerpt":{"rendered":"<p>Christopher Clover, director general de Panorama, fue galardonado en el evento del CIT Marbella el 29 de noviembre, en reconocimiento a su dedicaci\u00f3n y contribuci\u00f3n al mercado inmobiliario de lujo de Marbella.<\/p>\n","protected":false},"author":3,"featured_media":8305,"comment_status":"closed","ping_status":"closed","sticky":false,"template":"","format":"standard","meta":{"_acf_changed":false,"footnotes":""},"categories":[208],"tags":[],"class_list":["post-8333","post","type-post","status-publish","format-standard","has-post-thumbnail","hentry","category-distinciones-de-panorama"],"acf":[],"_links":{"self":[{"href":"https:\/\/www.panoramamarbella.com\/es\/wp-json\/wp\/v2\/posts\/8333","targetHints":{"allow":["GET"]}}],"collection":[{"href":"https:\/\/www.panoramamarbella.com\/es\/wp-json\/wp\/v2\/posts"}],"about":[{"href":"https:\/\/www.panoramamarbella.com\/es\/wp-json\/wp\/v2\/types\/post"}],"author":[{"embeddable":true,"href":"https:\/\/www.panoramamarbella.com\/es\/wp-json\/wp\/v2\/users\/3"}],"replies":[{"embeddable":true,"href":"https:\/\/www.panoramamarbella.com\/es\/wp-json\/wp\/v2\/comments?post=8333"}],"version-history":[{"count":1,"href":"https:\/\/www.panoramamarbella.com\/es\/wp-json\/wp\/v2\/posts\/8333\/revisions"}],"predecessor-version":[{"id":17262,"href":"https:\/\/www.panoramamarbella.com\/es\/wp-json\/wp\/v2\/posts\/8333\/revisions\/17262"}],"wp:featuredmedia":[{"embeddable":true,"href":"https:\/\/www.panoramamarbella.com\/es\/wp-json\/wp\/v2\/media\/8305"}],"wp:attachment":[{"href":"https:\/\/www.panoramamarbella.com\/es\/wp-json\/wp\/v2\/media?parent=8333"}],"wp:term":[{"taxonomy":"category","embeddable":true,"href":"https:\/\/www.panoramamarbella.com\/es\/wp-json\/wp\/v2\/categories?post=8333"},{"taxonomy":"post_tag","embeddable":true,"href":"https:\/\/www.panoramamarbella.com\/es\/wp-json\/wp\/v2\/tags?post=8333"}],"curies":[{"name":"wp","href":"https:\/\/api.w.org\/{rel}","templated":true}]}}