{"id":9845,"date":"2024-12-20T13:40:09","date_gmt":"2024-12-20T12:40:09","guid":{"rendered":"https:\/\/www.panoramamarbella.com\/?p=9845"},"modified":"2024-12-20T13:41:01","modified_gmt":"2024-12-20T12:41:01","slug":"diseno-para-hogares-en-marbella","status":"publish","type":"post","link":"https:\/\/www.panoramamarbella.com\/es\/news\/diseno-para-hogares-en-marbella","title":{"rendered":"Descubre 8 tendencias actuales en dise\u00f1o para hogares en Marbella"},"content":{"rendered":"\n\n<h2 class=\"wp-block-heading\">Interiores de lujo: descubre las tendencias m\u00e1s destacadas en dise\u00f1o para hogares en Marbella.<\/h2>\n\n\n<div class=\"lead\"><p>Marbella, con sus costas ba\u00f1adas por el sol y su atemporal encanto mediterr\u00e1neo, ha sido durante mucho tiempo un refugio para la vida de lujo. En el dise\u00f1o de interiores, las viviendas de este glamuroso para\u00edso costero reflejan no solo el gusto personal, sino tambi\u00e9n una profunda conexi\u00f3n con el entorno que las rodea.<\/p>\n<\/div>\n\n\n<ul class=\"table-index list-unstyled p-4 p-lg-5 ms-0 bg-light\"><li class=\"text-uppercase fw-bold mb-3\">Tabla de contenidos<\/li><li><a href=\"#interiores+de+lujo+descubre+las+tendencias+mas+destacadas+en+diseno+para+hogares+en+marbella\">\nInteriores de lujo: descubre las tendencias m\u00e1s destacadas en dise\u00f1o para hogares en Marbella.\n<\/a><\/li>\n<li><a href=\"#aumenta+el+valor+con+reformas+y+las+ultimas+tendencias+en+diseno+para+hogares+en+marbella\">\nAumenta el valor con reformas y las \u00faltimas tendencias en dise\u00f1o para hogares en Marbella\n<\/a><\/li>\n<li><a href=\"#1+materiales+y+texturas+naturales\">\n1. Materiales y texturas naturales\n<\/a><\/li>\n<li><a href=\"#espacios+de+vida+interiorexterior\">\nEspacios de vida interior-exterior\n<\/a><\/li>\n<li><a href=\"#3+azules+mediterraneos+y+tonos+costeros\">\n3. Azules mediterr\u00e1neos y tonos costeros\n<\/a><\/li>\n<li><a href=\"#4+lujo+sostenible\">\n4. Lujo sostenible\n<\/a><\/li>\n<li><a href=\"#5+formas+organicas+y+atrevidas\">\n5. Formas org\u00e1nicas y atrevidas\n<\/a><\/li>\n<li><a href=\"#6+iluminacion+llamativa\">\n6. Iluminaci\u00f3n llamativa\n<\/a><\/li>\n<li><a href=\"#7+influencias+artesanales+y+locales\">\n7. Influencias artesanales y locales\n<\/a><\/li>\n<li><a href=\"#8+minimalismo+con+un+toque+mediterraneo\">\n8. Minimalismo con un toque mediterr\u00e1neo\n<\/a><\/li>\n<li><a href=\"#principales+tendencias+en+diseno+para+inspirar+tu+renovacion+en+marbella\">\nPrincipales tendencias en dise\u00f1o para inspirar tu renovaci\u00f3n en Marbella\n<\/a><\/li><\/ul>\n\n\n\t<figure class=\"wp-caption aligncenter wp-block-acf-wpimage\">\n\t<picture><source width=\"900\" height=\"600\" srcset=\"https:\/\/media.panoramamarbella.com\/imgV1\/B95mbh8olwFQm~uCT2wPZMb8hll4wghQQQq6YWg0~c~U_DrmgY8pGP8pqaDzA6mvjyI_OPtcrHD_aKxCvYPm8lQyaoYAy2thiUKabYdouYNGas4MwuZhAxScaDC3leRIIUQvPZap0eNT8rryDgOZgYCTlf2OU0aKUvPl1mpq8I_2rQfGTm0HGVctAcYQhJQ-.webp 900w\" type=\"image\/webp\"><img decoding=\"async\" class=\"img-fluid\" loading=\"lazy\" width=\"900\" height=\"600\" alt=\"Detalle de un ba\u00f1o decorado de lujo\" src=\"https:\/\/media.panoramamarbella.com\/imgV1\/B95mbh8olwFQm~uCT2wPZMb8hll4wghQQQq6YWg0~c~U_DrmgY8pGP8pqaDzA6mvjyI_OPtcrHD_aKxCvYPm8lQyaoYAy2thiUKabYdouYNGas4MwuZhAxScaDC3leRIIUQvPZap0eNT8rrsoXCwH_Ziq~lon8cyziTqXA--.jpg\"><\/picture>\t\t\t<figcaption class=\"wp-caption-text\">\n\t\tUtilizar colores que conecten con el entorno\t\t<\/figcaption>\n\t\t\t<\/figure>\n\t\n\n\n<h2 class=\"wp-block-heading\">Aumenta el valor con reformas y las \u00faltimas tendencias en dise\u00f1o para hogares en Marbella<\/h2>\n\n\n\n<p>Renovar o reformar es una oportunidad fant\u00e1stica para los vendedores, ya que pueden a\u00f1adir un valor significativo a su propiedad y garantizar un mejor precio cuando llegue el momento de vender. Tambi\u00e9n es una opci\u00f3n ideal para los compradores que acaban de adquirir una vivienda y necesitan reformarla, renovarla o ampliarla para adaptarla a su estilo de vida so\u00f1ado.<\/p>\n\n\n\n<p>Con la llegada de la nueva temporada, exploramos las \u00faltimas tendencias en dise\u00f1o de interiores que complementan a la perfecci\u00f3n el estilo de vida mediterr\u00e1neo y el legado arquitect\u00f3nico de Marbella.<\/p>\n\n\n\n<h2 class=\"wp-block-heading\">1. Materiales y texturas naturales<\/h2>\n\n\n\n<p>El uso de materiales naturales sigue dominando el mundo del dise\u00f1o de interiores, y los hogares de Marbella no son una excepci\u00f3n. Piense en piedra, madera y rat\u00e1n, que aportan calidez y autenticidad a cualquier espacio. Texturas naturales como el lino y el yute a\u00f1aden profundidad mientras mantienen una est\u00e9tica ligera y aireada.<\/p>\n\n\n\t<figure class=\"wp-caption aligncenter wp-block-acf-wpimage\">\n\t<picture><source width=\"900\" height=\"504\" srcset=\"https:\/\/media.panoramamarbella.com\/imgV1\/B95mbh8olwFQm~uCT2wPZMb8hll4wghQQQq6YWg0~c~U_DrmgY8pGP8pqaDzA6mvjyI_OPtcrHD_aKxCvYPm8lQyaoYAy2thiUKabYdouYNFN3_w1w6a8oqLjPQiszLxurcacKeZgJtWchnEcSJ2EPVMeTFOkcIT7hRQjQcnhyciyUi3V__O5YqOVUMGGO4-.webp 900w\" type=\"image\/webp\"><img decoding=\"async\" class=\"img-fluid\" loading=\"lazy\" width=\"900\" height=\"504\" alt=\"Tendencia de dise\u00f1o para el estilo de decoraci\u00f3n mediterr\u00e1neo\" src=\"https:\/\/media.panoramamarbella.com\/imgV1\/B95mbh8olwFQm~uCT2wPZMb8hll4wghQQQq6YWg0~c~U_DrmgY8pGP8pqaDzA6mvjyI_OPtcrHD_aKxCvYPm8lQyaoYAy2thiUKabYdouYNFN3_w1w6a8oqLjPQiszLxurcacKeZgJtWchnaS4rbAb7jvd4rMINqQ6byig--.jpg\"><\/picture>\t\t\t<figcaption class=\"wp-caption-text\">\n\t\tLas texturas naturales aportan calidez\t\t<\/figcaption>\n\t\t\t<\/figure>\n\t\n\n\n<p>Incorpora vigas de madera, paredes de piedra o suelos de terracota para lograr una combinaci\u00f3n armoniosa entre la arquitectura mediterr\u00e1nea tradicional y el lujo moderno. Combina estos elementos con muebles suaves en tonos neutros para un aspecto cohesionado.<\/p>\n\n\n\n<h2 class=\"wp-block-heading\">Espacios de vida interior-exterior<\/h2>\n\n\n\n<p>Con el envidiable clima de Marbella, la frontera entre los espacios interiores y exteriores se difumina cada vez m\u00e1s. Los dise\u00f1adores est\u00e1n apostando por transiciones fluidas mediante paredes de cristal correderas, dise\u00f1os de planta abierta y terrazas cubiertas que funcionan como extensiones del sal\u00f3n.<\/p>\n\n\n\t<figure class=\"wp-caption aligncenter wp-block-acf-wpimage\">\n\t<picture><source width=\"900\" height=\"643\" srcset=\"https:\/\/media.panoramamarbella.com\/imgV1\/B95mbh8olwFQm~uCT2wPZMb8hll4wghQQQq6YWg0~c~U_DrmgY8pGP8pqaDzA6mvjyI_OPtcrHD_aKxCvYPm8lQyaoYAy2thiUKabYdouYNEfFisu7rggo9x36N7DqmZMOWHVp~JHOSTTTh3Y36tmFP~35kkhKTCVshmsVAXVnQvJO4~Vaw0VMwSfc53P0I-.webp 900w\" type=\"image\/webp\"><img decoding=\"async\" class=\"img-fluid\" loading=\"lazy\" width=\"900\" height=\"643\" alt=\"Terraza decorada para combinar con los colores azules de la Piscina\" src=\"https:\/\/media.panoramamarbella.com\/imgV1\/B95mbh8olwFQm~uCT2wPZMb8hll4wghQQQq6YWg0~c~U_DrmgY8pGP8pqaDzA6mvjyI_OPtcrHD_aKxCvYPm8lQyaoYAy2thiUKabYdouYNEfFisu7rggo9x36N7DqmZMOWHVp~JHOSTTThp3OhsmEMyMNZ8Z0xxvoKhrQ--.jpg\"><\/picture>\t\t\t<figcaption class=\"wp-caption-text\">\n\t\tLos espacios interiores y exteriores se funden\t\t<\/figcaption>\n\t\t\t<\/figure>\n\t\n\n\n<p>Decora estos espacios con c\u00f3modos sof\u00e1s de exterior, cojines texturizados y l\u00e1mparas de dise\u00f1o para garantizar confort sin renunciar al estilo. La incorporaci\u00f3n de vegetaci\u00f3n exuberante o jardines verticales refuerza a\u00fan m\u00e1s la conexi\u00f3n con la naturaleza.<\/p>\n\n\n\n<h2 class=\"wp-block-heading\">3. Azules mediterr\u00e1neos y tonos costeros<\/h2>\n\n\n\n<p>Las paletas de colores inspiradas en el mar est\u00e1n de moda, con diferentes tonos de azul como protagonistas. Desde el azul marino profundo hasta el suave aguamarina, estos matices evocan la esencia relajante del Mediterr\u00e1neo.<\/p>\n\n\n\t<figure class=\"wp-caption aligncenter wp-block-acf-wpimage\">\n\t<picture><source width=\"900\" height=\"504\" srcset=\"https:\/\/media.panoramamarbella.com\/imgV1\/B95mbh8olwFQm~uCT2wPZMb8hll4wghQQQq6YWg0~c~U_DrmgY8pGP8pqaDzA6mvjyI_OPtcrHD_aKxCvYPm8lQyaoYAy2thiUKabYdouYNDTNl0p0VSz_9GgJYdWYTa~VHz1InK71mOAZ5c0jgkOALEqdhJAzf5o69s~JVQtQLWhh8foUfvccuQxOcZwg4-.webp 900w\" type=\"image\/webp\"><img decoding=\"async\" class=\"img-fluid\" loading=\"lazy\" width=\"900\" height=\"504\" alt=\"Una relajada paleta de colores costeros con muestras textiles y de pintura, paneles de l\u00e1minas y azulejos\" src=\"https:\/\/media.panoramamarbella.com\/imgV1\/B95mbh8olwFQm~uCT2wPZMb8hll4wghQQQq6YWg0~c~U_DrmgY8pGP8pqaDzA6mvjyI_OPtcrHD_aKxCvYPm8lQyaoYAy2thiUKabYdouYNDTNl0p0VSz_9GgJYdWYTa~VHz1InK71mOAZ5CnkdtwZdSxQ7O5txWVpvZ_A--.jpg\"><\/picture>\t\t\t<figcaption class=\"wp-caption-text\">\n\t\tUna relajada paleta de colores costeros con muestras textiles y de pintura, paneles de l\u00e1minas y azulejos\t\t<\/figcaption>\n\t\t\t<\/figure>\n\t\n\n\n<p>Combina acentos azules con blancos n\u00edtidos y beige arena para lograr un ambiente fresco y aireado. Utiliza estos tonos en alfombras, mantas o arte mural para a\u00f1adir un toque sutil pero impactante que haga referencia a los paisajes costeros de Marbella.<\/p>\n\n\n\n<h2 class=\"wp-block-heading\">4. Lujo sostenible<\/h2>\n\n\n\n<p>La sostenibilidad es una prioridad creciente tanto para propietarios como para dise\u00f1adores. Las casas de lujo en Marbella est\u00e1n adoptando materiales ecol\u00f3gicos y caracter\u00edsticas energ\u00e9ticamente eficientes sin sacrificar la opulencia.<\/p>\n\n\n\t<figure class=\"wp-caption aligncenter wp-block-acf-wpimage\">\n\t<picture><source width=\"900\" height=\"450\" srcset=\"https:\/\/media.panoramamarbella.com\/imgV1\/B95mbh8olwFQm~uCT2wPZMb8hll4wghQQQq6YWg0~c~U_DrmgY8pGP8pqaDzA6mvjyI_OPtcrHD_aKxCvYPm8lQyaoYAy2thiUKabYdouYNCkueb_rcBaTO0A8Qfju1SlsKTZoY8O76M9Z09ucFdOxdMa0~95AzGZOMVBwqbLm43XtULniHFb4x8SOSvJN0-.webp 900w\" type=\"image\/webp\"><img decoding=\"async\" class=\"img-fluid\" loading=\"lazy\" width=\"900\" height=\"450\" alt=\"Mesa de centro de madera reciclada\" src=\"https:\/\/media.panoramamarbella.com\/imgV1\/B95mbh8olwFQm~uCT2wPZMb8hll4wghQQQq6YWg0~c~U_DrmgY8pGP8pqaDzA6mvjyI_OPtcrHD_aKxCvYPm8lQyaoYAy2thiUKabYdouYNCkueb_rcBaTO0A8Qfju1SlsKTZoY8O76M9Z0jMKQdv4~V_QgByjT7N2re1A--.jpg\"><\/picture>\t\t\t<figcaption class=\"wp-caption-text\">\n\t\tMesa de centro de madera reciclada\t\t<\/figcaption>\n\t\t\t<\/figure>\n\t\n\n\n<p>Busca maderas recicladas, textiles org\u00e1nicos e iluminaci\u00f3n solar. Incorporar muebles recuperados o piezas artesanales hechas a mano a\u00f1ade car\u00e1cter al tiempo que apoya pr\u00e1cticas sostenibles.<\/p>\n\n\n<article class=\"col w-100 position-relative wp-block-acf-banner\">\n    <div class=\"d-flex flex-wrap flex-column flex-xl-row align-items-start align-items-xl-end gap-4 w-100 bg-secondary text-white p-4\">\n        <div class=\"d-flex flex-column\">\n\t\t\t            <a href=\"https:\/\/www.panoramamarbella.com\/es\/boletin-de-viviendas-en-venta\" class=\"stretched-link text-white text-decoration-none\" title=\"\u00bfLe est\u00e1 gustando este art\u00edculo?\">\n\t\t\t\t<h2 class=\"text-white mb-3\">\u00bfLe est\u00e1 gustando este art\u00edculo?<\/h2>            <\/a>\n\t\t\t            <p class=\"mb-0\">\n                Suscr\u00edbase a nuestro bolet\u00edn para disfrutar de art\u00edculos interesantes, contenido exclusivo y las \u00faltimas noticias del sector inmobiliario.            <\/p>\n\t\t\t        <\/div>\n\t\t        <span class=\"btn btn-outline-light ms-xl-auto\">Bolet\u00edn de Panorama<\/span>\n\t\t    <\/div>\n<\/article>\n\n\n\n\n<h2 class=\"wp-block-heading\">5. Formas org\u00e1nicas y atrevidas<\/h2>\n\n\n\n<p>El mobiliario curvo y las formas org\u00e1nicas est\u00e1n marcando tendencia en el dise\u00f1o de interiores. Sof\u00e1s con bordes redondeados de marcas como Roche Bobois o B&amp;B Italia, espejos arqueados de Anthropologie y alfombras circulares de Ligne Roset suavizan el aspecto general, creando una atm\u00f3sfera acogedora y relajada.<\/p>\n\n\n\t<figure class=\"wp-caption aligncenter wp-block-acf-wpimage\">\n\t<picture><source width=\"900\" height=\"504\" srcset=\"https:\/\/media.panoramamarbella.com\/imgV1\/B95mbh8olwFQm~uCT2wPZMb8hll4wghQQQq6YWg0~c~U_DrmgY8pGP8pqaDzA6mvjyI_OPtcrHD_aKxCvYPm8lQyaoYAy2thiUKabYdouYNBh86Aemt8RymewDU72iCbsFOj_zdqPk6hzGWUabW9Ixm3wEUKxgQzRSaAhki4ME2QunE3D6OZAusCZYYNaFo-.webp 900w\" type=\"image\/webp\"><img decoding=\"async\" class=\"img-fluid\" loading=\"lazy\" width=\"900\" height=\"504\" alt=\"Roche Bobois \u00abSal\u00f3n del Amor\u00bb\" src=\"https:\/\/media.panoramamarbella.com\/imgV1\/B95mbh8olwFQm~uCT2wPZMb8hll4wghQQQq6YWg0~c~U_DrmgY8pGP8pqaDzA6mvjyI_OPtcrHD_aKxCvYPm8lQyaoYAy2thiUKabYdouYNBh86Aemt8RymewDU72iCbsFOj_zdqPk6hzGWK6C49ObmlSvWaaCvkWdTxog--.jpg\"><\/picture>\t\t\t<figcaption class=\"wp-caption-text\">\n\t\tRoche Bobois \u00abSal\u00f3n del Amor\u00bb\t\t<\/figcaption>\n\t\t\t<\/figure>\n\t\n\n\n<p>Estas formas contrastan maravillosamente con la arquitectura angular que a menudo se encuentra en las villas de Marbella, equilibrando las l\u00edneas rectas con un toque de suavidad.<\/p>\n\n\n\n<h2 class=\"wp-block-heading\">6. Iluminaci\u00f3n llamativa<\/h2>\n\n\n\n<p>La iluminaci\u00f3n se ha convertido en una caracter\u00edstica clave en los interiores de lujo, con piezas audaces que tambi\u00e9n funcionan como obras de arte. L\u00e1mparas colgantes con dise\u00f1os intrincados, l\u00e1mparas de pie de gran tama\u00f1o y candelabros son particularmente populares. Piensa en Lee Broom, Tom Dixon o Flos para dise\u00f1os impresionantes que elevan cualquier espacio.<\/p>\n\n\n\t<figure class=\"wp-caption aligncenter wp-block-acf-wpimage\">\n\t<picture><source width=\"900\" height=\"546\" srcset=\"https:\/\/media.panoramamarbella.com\/imgV1\/B95mbh8olwFQm~uCT2wPZMb8hll4wghQQQq6YWg0~c~U_DrmgY8pGP8pqaDzA6mvjyI_OPtcrHD_aKxCvYPm8lQyaoYAy2thiUKabYdouYNA2V_KB7pS3Iuf5eAdnmOG9biiOrOzdIIwckAhOPCi4p3KPjYqgZ4kG_b_OEpjjdaZwpz~8bn2lnV7gr_5lWs-.webp 900w\" type=\"image\/webp\"><img decoding=\"async\" class=\"img-fluid\" loading=\"lazy\" width=\"900\" height=\"546\" alt=\"Luz anular de Lee Broom (izquierda) y mini luz creciente (derecha)\" src=\"https:\/\/media.panoramamarbella.com\/imgV1\/B95mbh8olwFQm~uCT2wPZMb8hll4wghQQQq6YWg0~c~U_DrmgY8pGP8pqaDzA6mvjyI_OPtcrHD_aKxCvYPm8lQyaoYAy2thiUKabYdouYNA2V_KB7pS3Iuf5eAdnmOG9biiOrOzdIIwckA~qs46gEVL2taPZrdKwy4oIw--.jpg\"><\/picture>\t\t\t<figcaption class=\"wp-caption-text\">\n\t\tLuz anular de Lee Broom (izquierda) y mini luz creciente (derecha)\t\t<\/figcaption>\n\t\t\t<\/figure>\n\t\n\n\n<p>Superpone la iluminaci\u00f3n con opciones regulables para crear el ambiente perfecto en cada ocasi\u00f3n, desde almuerzos soleados hasta veladas \u00edntimas.<\/p>\n\n\n\n<h2 class=\"wp-block-heading\">7. Influencias artesanales y locales<\/h2>\n\n\n\n<p>La decoraci\u00f3n y el mobiliario hechos a mano que reflejan la herencia andaluza aportan un toque \u00fanico a los hogares de Marbella. Desde azulejos cer\u00e1micos dise\u00f1ados con intrincados detalles hasta textiles tejidos localmente, estos elementos celebran la rica cultura de la regi\u00f3n.<\/p>\n\n\n\t<figure class=\"wp-caption aligncenter wp-block-acf-wpimage\">\n\t<picture><source width=\"900\" height=\"504\" srcset=\"https:\/\/media.panoramamarbella.com\/imgV1\/B95mbh8olwFQm~uCT2wPZMb8hll4wghQQQq6YWg0~c~U_DrmgY8pGP8pqaDzA6mvjyI_OPtcrHD_aKxCvYPm8lQyaoYAy2thiUKabYdouYNPFx2c7FXDvSnHvKvFVtxYxxGiuRqh58KPqoLsSckT6bSGMYP7UxxA_CzV2fbqIZ4Vh2hc7LoCinJg_bRaQEo-.webp 900w\" type=\"image\/webp\"><img decoding=\"async\" class=\"img-fluid\" loading=\"lazy\" width=\"900\" height=\"504\" alt=\"Los azulejos de cer\u00e1mica hechos a mano a\u00f1aden un toque especial\" src=\"https:\/\/media.panoramamarbella.com\/imgV1\/B95mbh8olwFQm~uCT2wPZMb8hll4wghQQQq6YWg0~c~U_DrmgY8pGP8pqaDzA6mvjyI_OPtcrHD_aKxCvYPm8lQyaoYAy2thiUKabYdouYNPFx2c7FXDvSnHvKvFVtxYxxGiuRqh58KPqoLyUpNRqA0Wbj7JOPIPxqIdrQ--.jpg\"><\/picture>\t\t\t<figcaption class=\"wp-caption-text\">\n\t\tLos azulejos de cer\u00e1mica hechos a mano a\u00f1aden un toque especial\t\t<\/figcaption>\n\t\t\t<\/figure>\n\t\n\n\n<p>Considera invertir en muebles a medida o colaborar con artesanos locales para llenar tu hogar con piezas \u00fanicas que cuenten una historia.<\/p>\n\n\n\n<h2 class=\"wp-block-heading\">8. Minimalismo con un toque mediterr\u00e1neo<\/h2>\n\n\n\n<p>l minimalismo sigue siendo una tendencia clave, pero en Marbella se enriquece con un aire mediterr\u00e1neo. L\u00edneas limpias, espacios despejados y tonos neutros se equilibran con paredes texturizadas, cestas de mimbre y macetas de terracota con olivos.<\/p>\n\n\n\n<p>Este enfoque crea una atm\u00f3sfera elegante pero relajada, perfecta para el estilo de vida de Marbella.<\/p>\n\n\n\n<p>Al combinar materiales naturales, pr\u00e1cticas sostenibles e influencias mediterr\u00e1neas, los propietarios pueden crear espacios que sean a la vez elegantes y profundamente conectados con su entorno.<\/p>\n\n\n\t<figure class=\"wp-caption aligncenter wp-block-acf-wpimage\">\n\t<picture><source width=\"900\" height=\"636\" srcset=\"https:\/\/media.panoramamarbella.com\/imgV1\/B95mbh8olwFQm~uCT2wPZMb8hll4wghQQQq6YWg0~c~U_DrmgY8pGP8pqaDzA6mvjyI_OPtcrHD_aKxCvYPm8lQyaoYAy2thiUKabYdouYNOINoDtpS95~H_aycdzY6mKpKuuU5Lp0fmX~Uq2tAn7ir26AEUc3~2cGklaHZ603h3k3dvjivwgeeYTjydanQ-.webp 900w\" type=\"image\/webp\"><img decoding=\"async\" class=\"img-fluid\" loading=\"lazy\" width=\"900\" height=\"636\" alt=\"Silla Roll de Kettal\" src=\"https:\/\/media.panoramamarbella.com\/imgV1\/B95mbh8olwFQm~uCT2wPZMb8hll4wghQQQq6YWg0~c~U_DrmgY8pGP8pqaDzA6mvjyI_OPtcrHD_aKxCvYPm8lQyaoYAy2thiUKabYdouYNOINoDtpS95~H_aycdzY6mKpKuuU5Lp0fmX~U08aJnoWwlXfadgq1NvQIIdw--.jpg\"><\/picture>\t\t\t<figcaption class=\"wp-caption-text\">\n\t\tSilla Roll de Kettal\t\t<\/figcaption>\n\t\t\t<\/figure>\n\t\n\n\n<h2 class=\"wp-block-heading\">Principales tendencias en dise\u00f1o para inspirar tu renovaci\u00f3n en Marbella<\/h2>\n\n\n\n<p>Ya sea que est\u00e9s renovando una villa frente al mar o actualizando tu moderno \u00e1tico, estas tendencias ofrecen inspiraci\u00f3n infinita para llevar la esencia de la belleza de Marbella al interior de tu hogar.<\/p>\n\n\n\n<h3 class=\"wp-block-heading\">Asesoramiento experto con Panorama.<\/h3>\n\n\n\n<p>To help you turn your vision into reality, <a href=\"https:\/\/www.panoramamarbella.com\/es\/servicios-al-cliente\" data-type=\"page\" data-id=\"3711\">Panorama\u2019s Client Services Department<\/a>, led by Jo Borda, is here to guide you every step of the way.<\/p>\n\n\n\n<p>Para ayudarte a hacer realidad tu visi\u00f3n, el Departamento de <a href=\"https:\/\/www.panoramamarbella.com\/es\/servicios-al-cliente\" data-type=\"page\" data-id=\"5065\">Servicios al Cliente de Panorama<\/a>, liderado por Jo Borda, est\u00e1 aqu\u00ed para guiarte en cada paso del camino.<\/p>\n\n\n\n<p>Podemos conectarte con los mejores dise\u00f1adores, arquitectos y empresas especializadas que han logrado resultados sobresalientes para nuestros clientes. Desde comparar presupuestos de diferentes empresas constructoras hasta facilitar presentaciones con proveedores de confianza, todo sin comisiones ni incrementos de precio, Panorama garantiza que tu proyecto se gestione con excelencia y transparencia. Al fin y al cabo, en un lugar tan impresionante como Marbella, los interiores deben ser tan extraordinarios como las vistas exteriores.<\/p>\n\n\n\n<div class=\"contact-only bg-light mt-0 wp-block-acf-contactform\">\n\t\t<div class=\"position-relative\">\n\t\t<span id=\"inm-contact-form\" class=\"position-absolute\" style=\"top:-130px\"><\/span>\n\t<\/div>\n\t\t\n\t\t<script src=\"https:\/\/www.google.com\/recaptcha\/api.js?render=6LeWOaYZAAAAAGZM7q40J51QMau9I_gs19mp9lZJ&#038;hl=es\"><\/script>\n\t\n<form id=\"contact_form_1\" class=\"needs-validation h-100 d-flex flex-column p-4 p-md-5\" data-contact=\"contact_form_1\" action=\"localhost\" method=\"POST\" novalidate>\n\t<strong class=\"h3 align-self-start\">Contacta con el Servicio al Cliente de Panorama<\/strong><p class=\"mb-5\">Env\u00edenos sus datos de contacto y cu\u00e9ntenos un poco sobre su idea o proyecto. Un miembro de nuestro equipo se pondr\u00e1 en contacto con usted. Estamos aqu\u00ed para ayudarte a dar vida a tus ideas y hacer realidad tu visi\u00f3n.<\/p>\t<span id=\"contact_form_1-result\" data-stext=\"source\" data-source=\"contact\"><\/span>\n\t<input type=\"hidden\" name=\"success\" value=\"\/es\/exito?source=info\" \/>\n\t<input type=\"hidden\" name=\"lang\" value=\"es\" \/>\n\t<input type=\"hidden\" name=\"agency\" value=\"399\" \/>\n\t<input type=\"hidden\" name=\"recipient\" value=\"info\" \/>\n\t<input type=\"hidden\" name=\"source\" value=\"https:\/\/www.panoramamarbella.com\/es\/wp-json\/wp\/v2\/posts\/9845\" \/>\n\t<input type=\"hidden\" name=\"subject\" value=\"Information Request (ES)\" \/>\n\t\t\t<input type=\"hidden\" name=\"origin\" value=\"Descubre 8 tendencias actuales en dise\u00f1o para hogares en Marbella\" \/>\n\t\t<div class=\"row g-3\">\n\t\t<div class=\"col-md-6\">\n\t\t\t<label class=\"form-label\" for=\"name\">Nombre*<\/label>\n\t\t\t<input id=\"name\" name=\"name\" type=\"text\" class=\"form-control\" autocomplete=\"off\" required data-error=\"Nombre requerido\">\n\t\t<\/div>\n\t\t<div class=\"col-md-6\">\n\t\t\t<label class=\"form-label\" for=\"name\">Apellido*<\/label>\n\t\t\t<input id=\"lastname\" name=\"lastname\" type=\"text\" class=\"form-control\" autocomplete=\"off\" required data-error=\"Apellido\">\n\t\t<\/div>\n\t\t<div class=\"col-12\">\n\t\t\t<label class=\"form-label\" for=\"email\">Correo electr\u00f3nico*<\/label>\n\t\t\t<input id=\"email\" name=\"email\" type=\"email\" class=\"form-control\" autocomplete=\"off\" required data-error=\"Correo electr\u00f3nico requerido\">\n\t\t<\/div>\n\t\t\t\t<div class=\"col-md-6\">\n\t\t\t<label class=\"form-label\" for=\"phone\">N\u00famero de tel\u00e9fono <small><\/small><\/label>\n\t\t\t<input id=\"phone\" name=\"intphone\" type=\"tel\" class=\"form-control\" autocomplete=\"off\" placeholder=\"Tel\u00e9fono\" required data-error=\"Los n\u00fameros de tel\u00e9fono deben tener entre 8 y 20 d\u00edgitos\" pattern=\"(?:\\d\\s*){4,}\">\n\t\t<\/div>\n\t\t<div class=\"col-md-6\">\n\t\t\t<label class=\"form-label\">Mejor hora para llamar <small><\/small><\/label>\n\t\t\t<select class=\"form-select\" name=\"time\">\n\t\t\t\t<option selected>Cualquier momento<\/option>\n\t\t\t\t<option value=\"1\">Por la ma\u00f1ana<\/option>\n\t\t\t\t<option value=\"2\">Por la tarde<\/option>\n\t\t\t\t<option value=\"3\">Por la noche<\/option>\n\t\t\t<\/select>\n\t\t<\/div>\n\t\t<div class=\"col-12\">\n\t\t\t<label for=\"address\" class=\"form-label\">Direcci\u00f3n <small><\/small><\/label>\n\t\t\t<input id=\"address\" name=\"address\" type=\"text\" class=\"form-control\" \/>\n\t\t<\/div>\n\t\t<div class=\"col-12\">\n\t\t\t<label for=\"formComment\" class=\"form-label\">Mensaje<\/label>\n\t\t\t<textarea class=\"form-control\" placeholder=\"Deje su comentario aqu\u00ed\" name=\"comment\" id=\"formComment\" maxlength=\"8000\" rows=\"5\"><\/textarea>\n\t\t<\/div>\n\t\t\t\t<div class=\"col-12\">\n\t\t\t<div class=\"form-check\">\n\t\t\t\t<input type=\"checkbox\" class=\"form-check-input\" id=\"contact_form_1-customCheck1\" name=\"privacy_policy\" required data-error=\"Campo obligatorio\">\n\t\t\t\t<label class=\"form-check-label\" for=\"contact_form_1-customCheck1\">Acepto la <a target=\"_blank\" class=\"text-decoration-none\" href=\"https:\/\/www.panoramamarbella.com\/privacy-policy\">Condiciones generales<\/a><\/label>\n\t\t\t<\/div>\n\t\t\t<div class=\"form-check\">\n\t\t\t\t<input type=\"checkbox\" class=\"form-check-input\" id=\"contact_form_1-customCheck2\" name=\"commercial_information\">\n\t\t\t\t<label class=\"form-check-label\" for=\"contact_form_1-customCheck2\">Acepto recibir comunicaciones de Panorama<\/label>\n\t\t\t<\/div>\n\t\t<\/div>\n\t<\/div>\n\t<button data-ids=\"contact_form_1\" data-lang=\"es\" data-sitekey=\"6LeWOaYZAAAAAGZM7q40J51QMau9I_gs19mp9lZJ\" class=\"align-self-start btn btn-primary px-4 py-2 mt-4 g-recaptcha\" role=\"button\" aria-label=\"Send\">Enviar<\/button>\n<\/form><\/div>\n\n\n\n\n<section class=\"hero hero-styled position-relative mt-7 py-lg-5 overflow-hidden wp-block-acf-herostyled\">\n\t<div class=\"container d-flex flex-column-reverse flex-lg-row-reverse align-items-lg-start\">\n\t\t<div class=\"hero-text z-1\">\n\t\t\t<p class=\"fw-semibold fs-6 mb-2\">Quiz\u00e1s le pueda interesar<\/p><h2 class=\"h1 mt-0 mb-3\">\u00bfC\u00f3mo vender su casa m\u00e1s rapido y por m\u00e1s dinero?<\/h2><p class=\"fw-light fs-5\">Algunas ideas para ayudarle a vender su propiedad m\u00e1s r\u00e1pido invirtiendo en una reforma que mejore su imagen y aumente su valor. Desde peque\u00f1os cambios est\u00e9ticos hasta renovaciones completas, cada detalle cuenta para atraer a los compradores adecuados.<\/p>\n<ul class=\"mw-100 d-flex flex-column flex-lg-row flex-lg-wrap gap-3 list-unstyled mt-5 mb-0\">\n    <li><a class=\"btn btn-primary w-100 px-4 py-2\" href=\"https:\/\/www.panoramamarbella.com\/es\/news\/vender-tu-vivienda-mas-rapido\">Venda su casa m\u00e1s r\u00e1pido<\/a><\/li><\/ul>\n\t\t<\/div>\n\t\t<figure class=\"hero-image position-relative w-100 ratio ratio-4x3 mb-5\">\n\t\t\t<picture><source sizes=\"(max-width: 575px) calc(100vw - 24px), (max-width: 767px) 516px, (max-width: 991px) 696px, (max-width: 1199) 453px, (max-width: 1399) 570px, 570px\" width=\"696\" height=\"522\" srcset=\"https:\/\/media.panoramamarbella.com\/imgV1\/B95mbh8olwFQm~uCT2wPZMb8hll4wghQQQq6YWg0~c~U_DrmgY8pGP8pqaDzA6mvjyI_OPtcrHD_aKxCvYKKgTdZepAooaPh1tI8nUAOpn~dscsqWEtHVoZTlrAZ~LvK60BeglJL0bbUE~uJoCS2GEKVW4mtTTcLk0qITNUDTq1d_YCle7Er2Ux83LBKQ9agA3uwUFxPOgg-.webp 696w,https:\/\/media.panoramamarbella.com\/imgV1\/B95mbh8olwFQm~uCT2wPZMb8hll4wghQQQq6YWg0~c~U_DrmgY8pGP8pqaDzA6mvjyI_OPtcrHD_aKxCvYKKgTdZepAooaPh1tI8nUAOpn~dscsqWEtHVoZTlrAZ~LvK60BeglJI8pa5kOaQwkLLBbl_SF8~Tzzo3tAiVasNITfPfVrHV48NuISx8R4UjQcnvewEOSHGn1c-.webp 570w\" type=\"image\/webp\"><img decoding=\"async\" class=\"position-absolute top-0 w-100 h-100 object-fit-cover shadow\" loading=\"lazy\" alt=\"How to sell your property faster, and for more money\" width=\"696\" height=\"522\" src=\"https:\/\/media.panoramamarbella.com\/imgV1\/B95mbh8olwFQm~uCT2wPZMb8hll4wghQQQq6YWg0~c~U_DrmgY8pGP8pqaDzA6mvjyI_OPtcrHD_aKxCvYKKgTdZepAooaPh1tI8nUAOpn~dscsqWEtHVoZTlrAZ~LvK60BeglJL0bbUE~uJoCS2GEKVW4mzue4tE18Jxs9ndck7Ir4MOA--.jpg\"><\/picture>\t\t\t\t\t<\/figure>\n\t\t<svg class=\"d-none d-lg-block position-absolute end-0 z-0 h-100 opacity-15\" fill=\"currentColor\" viewBox=\"0 0 155 134\">\n\t\t\t<use href=\"https:\/\/www.panoramamarbella.com\/wp-content\/themes\/panoramamarbella\/dist\/src\/images\/icons.svg#svgWorldPanorama\"><\/use>\n\t\t<\/svg>\n\t<\/div>\n<\/section>\n\n","protected":false},"excerpt":{"rendered":"<p>Las \u00faltimas tendencias en dise\u00f1o de interiores que complementan el estilo mediterr\u00e1neo y la herencia arquitect\u00f3nica de Marbella.<\/p>\n","protected":false},"author":6,"featured_media":9781,"comment_status":"closed","ping_status":"closed","sticky":false,"template":"","format":"standard","meta":{"_acf_changed":false,"footnotes":""},"categories":[40],"tags":[],"class_list":["post-9845","post","type-post","status-publish","format-standard","has-post-thumbnail","hentry","category-estilo-de-vida-en-marbella"],"acf":[],"_links":{"self":[{"href":"https:\/\/www.panoramamarbella.com\/es\/wp-json\/wp\/v2\/posts\/9845","targetHints":{"allow":["GET"]}}],"collection":[{"href":"https:\/\/www.panoramamarbella.com\/es\/wp-json\/wp\/v2\/posts"}],"about":[{"href":"https:\/\/www.panoramamarbella.com\/es\/wp-json\/wp\/v2\/types\/post"}],"author":[{"embeddable":true,"href":"https:\/\/www.panoramamarbella.com\/es\/wp-json\/wp\/v2\/users\/6"}],"replies":[{"embeddable":true,"href":"https:\/\/www.panoramamarbella.com\/es\/wp-json\/wp\/v2\/comments?post=9845"}],"version-history":[{"count":1,"href":"https:\/\/www.panoramamarbella.com\/es\/wp-json\/wp\/v2\/posts\/9845\/revisions"}],"predecessor-version":[{"id":9940,"href":"https:\/\/www.panoramamarbella.com\/es\/wp-json\/wp\/v2\/posts\/9845\/revisions\/9940"}],"wp:featuredmedia":[{"embeddable":true,"href":"https:\/\/www.panoramamarbella.com\/es\/wp-json\/wp\/v2\/media\/9781"}],"wp:attachment":[{"href":"https:\/\/www.panoramamarbella.com\/es\/wp-json\/wp\/v2\/media?parent=9845"}],"wp:term":[{"taxonomy":"category","embeddable":true,"href":"https:\/\/www.panoramamarbella.com\/es\/wp-json\/wp\/v2\/categories?post=9845"},{"taxonomy":"post_tag","embeddable":true,"href":"https:\/\/www.panoramamarbella.com\/es\/wp-json\/wp\/v2\/tags?post=9845"}],"curies":[{"name":"wp","href":"https:\/\/api.w.org\/{rel}","templated":true}]}}