{"id":10495,"date":"2024-12-17T11:33:04","date_gmt":"2024-12-17T10:33:04","guid":{"rendered":"https:\/\/www.panoramamarbella.com\/news\/marbella-perfecto-trabajo-remoto"},"modified":"2026-03-19T16:17:53","modified_gmt":"2026-03-19T15:17:53","slug":"marbella-parfait-travail-a-distance","status":"publish","type":"post","link":"https:\/\/www.panoramamarbella.com\/fr\/news\/marbella-parfait-travail-a-distance","title":{"rendered":"Pourquoi Marbella est l&rsquo;endroit parfait pour travailler \u00e0 distance"},"content":{"rendered":"\n\n<h2 class=\"wp-block-heading\">Pourquoi Marbella est l&rsquo;endroit id\u00e9al pour travailler \u00e0 distance<\/h2>\n\n\n<div class=\"lead\"><div class=\"flex max-w-full flex-col flex-grow\">\n<div class=\"min-h-8 text-message flex w-full flex-col items-end gap-2 whitespace-normal break-words text-start [.text-message+&amp;]:mt-5\" dir=\"auto\" data-message-author-role=\"assistant\" data-message-id=\"9ed381fa-25e0-4847-a441-98abf183e814\" data-message-model-slug=\"gpt-4o\">\n<div class=\"flex w-full flex-col gap-1 empty:hidden first:pt-[3px]\">\n<div class=\"markdown prose w-full break-words dark:prose-invert light\">\n<p>Marbella s\u00e9duit tout le monde pour une raison irr\u00e9sistible : sa qualit\u00e9 de vie exceptionnelle. Avec l\u2019essor mondial du t\u00e9l\u00e9travail, les nomades num\u00e9riques profitent de la libert\u00e9 de choisir leur bureau id\u00e9al, et l\u2019Espagne se positionne comme l\u2019une des destinations les plus attractives, surpassant largement d\u2019autres pays.<\/p>\n<\/div>\n<\/div>\n<\/div>\n<\/div>\n<\/div>\n\n\n<ul class=\"table-index list-unstyled p-4 p-lg-5 ms-0 bg-light\"><li class=\"text-uppercase fw-bold mb-3\">Table des mati\u00e8res<\/li><li><a href=\"#pourquoi+marbella+est+lendroit+ideal+pour+travailler+a+distance\">\nPourquoi Marbella est l'endroit id\u00e9al pour travailler \u00e0 distance\n<\/a><\/li>\n<li><a href=\"#que+revelent+les+donnees\">\nQue r\u00e9v\u00e8lent les donn\u00e9es?\n<\/a><\/li>\n<li><a href=\"#lequilibre+parfait+entre+travail+et+loisirs++services+et+style+de+vie+a+marbella\">\nL'\u00e9quilibre parfait entre travail et loisirs : services et style de vie \u00e0 Marbella\n<\/a><\/li>\n<li><a href=\"#infrastructure+internet+sure+et+fiable\">\nInfrastructure Internet s\u00fbre et fiable\n<\/a><\/li>\n<li><a href=\"#tout+a+portee+de+main\">\nTout \u00e0 port\u00e9e de main\n<\/a><\/li><\/ul>\n\n\n\n<h2 class=\"wp-block-heading\">Que r\u00e9v\u00e8lent les donn\u00e9es?<\/h2>\n\n\n\n<p>En 2023, l\u2019Espagne a lanc\u00e9 strat\u00e9giquement son <a href=\"https:\/\/www.exteriores.gob.es\/Consulados\/londres\/en\/ServiciosConsulares\/Paginas\/Consular\/Digital-Nomad-Visa.aspx\" target=\"_blank\" rel=\"noreferrer noopener nofollow\">Visa pour Nomades Num\u00e9riques<\/a>, se positionnant rapidement comme la destination pr\u00e9f\u00e9r\u00e9e des travailleurs \u00e0 distance dans le monde entier. En 2024, elle a \u00e9t\u00e9 reconnue comme le meilleur pays au monde pour les nomades num\u00e9riques vivant \u00e0 l\u2019\u00e9tranger, selon le Global Digital Nomad Report. Ce classement s\u2019est bas\u00e9 sur 12 indicateurs cl\u00e9s r\u00e9partis en cinq domaines fondamentaux : les co\u00fbts du visa, les avantages du visa, la qualit\u00e9 de vie, l\u2019environnement \u00e9conomique et la technologie et l\u2019innovation. Ces donn\u00e9es confirment de mani\u00e8re \u00e9clatante le leadership de l\u2019Espagne dans ce domaine.<\/p>\n\n\n\t<figure class=\"wp-caption aligncenter wp-block-acf-wpimage\">\n\t<picture><source width=\"1170\" height=\"573.3\" srcset=\"https:\/\/media.panoramamarbella.com\/imgV1\/B95mbh8olwFQm~uCT2wPZMb8hll4wghQQQq6YWg0~c~U_DrmgY8pGP8pqaDzA6mvjyI_OPtcrHD_aKxCvYPm8krNC2bpCBevflXqkKpPNdSzjAV0tv0jtwk_fFdke_fJfI5QNns3OskSsQhsO2iFqMc0YjBgCpUilBUYXkPnoWlSeMAposa~AsGlwJ0AtOcs.webp 1170w\" type=\"image\/webp\"><img decoding=\"async\" class=\"img-fluid\" loading=\"lazy\" width=\"1200\" height=\"588\" alt=\"Classement des pays.\" src=\"https:\/\/media.panoramamarbella.com\/imgV1\/B95mbh8olwFQm~uCT2wPZMb8hll4wghQQQq6YWg0~c~U_DrmgY8pGP8pqaDzA6mvjyI_OPtcrHD_aKxCvYPm8krNC2bpCBevflXqkKpPNdSzjAV0tv0jtwk_fFdke_fJfI5QNns3OskSsQhsJS~Neu4xRUkeGsOP76Jcbps-.jpg\"><\/picture>\t\t\t<figcaption class=\"wp-caption-text\">\n\t\tMeilleurs destinations pour travailler \u00e0 distance\t\t<\/figcaption>\n\t\t\t<\/figure>\n\t\n\n\n<p>Comme preuve suppl\u00e9mentaire, <a href=\"https:\/\/www.panoramamarbella.com\/fr\/news\/marbella-meilleure-destination-europeenne-2024\">Marbella a \u00e9t\u00e9 \u00e9lue Meilleure Destination Europ\u00e9enne 2024<\/a>, selon un sondage mondial auquel ont particip\u00e9 1 million de votants issus de 172 pays. La commune a surpass\u00e9 des lieux aussi prestigieux que Monaco (2e), Malte (3e) et Gen\u00e8ve (4e), consolidant ainsi sa position en tant que destination de classe mondiale.<\/p>\n\n\n\t<figure class=\"wp-caption aligncenter wp-block-acf-wpimage\">\n\t<picture><source width=\"900\" height=\"605\" srcset=\"https:\/\/media.panoramamarbella.com\/imgV1\/B95mbh8olwFQm~uCT2wPZMb8hll4wghQQQq6YWg0~c~U_DrmgY8pGP8pqaDzA6mvjyI_OPtcrHD_aKxCvYPm8lUVHDgVTcNx47bKJffilnKkBfbDrIlFzSRkNDaGeEB7vC~2bu9FANAhZiLtyjPqM0JKWmBo6THFi2AyT8SDLJ_Y9bhAW44hjRyzd~xoO204t0GNQLImqEwC8U83S7NjtA--.webp 900w\" type=\"image\/webp\"><img decoding=\"async\" class=\"img-fluid\" loading=\"lazy\" width=\"900\" height=\"605\" alt=\"Marbella, meilleure destination europ\u00e9enne\" src=\"https:\/\/media.panoramamarbella.com\/imgV1\/B95mbh8olwFQm~uCT2wPZMb8hll4wghQQQq6YWg0~c~U_DrmgY8pGP8pqaDzA6mvjyI_OPtcrHD_aKxCvYPm8lUVHDgVTcNx47bKJffilnKkBfbDrIlFzSRkNDaGeEB7vC~2bu9FANAhZiLtyjPqM0JKWmBo6THFi2AyT9rXNfjJHQEJwL6NKh2ImJ_u.jpg\"><\/picture>\t\t<\/figure>\n\t\n\n\n<h2 class=\"wp-block-heading\">L&rsquo;\u00e9quilibre parfait entre travail et loisirs : services et style de vie \u00e0 Marbella<\/h2>\n\n\n\n<p>Marbella transcende sa r\u00e9putation de destination exclusive pour l&rsquo;\u00e9lite. Bien que les superyachts et les villas de luxe fassent partie de son charme, ce qui d\u00e9finit r\u00e9ellement cet endroit, c\u2019est son approche novatrice du bien-vivre.<\/p>\n\n\n\n<p>La mentalit\u00e9 andalouse de \u00ab travailler pour vivre \u00bb plut\u00f4t que \u00ab vivre pour travailler \u00bb se combine parfaitement avec l\u2019esprit entrepreneurial de Marbella. Ici, la productivit\u00e9 ne se fait pas au d\u00e9triment du bien-\u00eatre personnel, mais gr\u00e2ce \u00e0 une combinaison harmonieuse de travail et de loisirs, de productivit\u00e9 et de d\u00e9tente.<br><br><strong>Les \u00e9l\u00e9ments cl\u00e9s de ce style de vie \u00e9quilibr\u00e9 incluent:<\/strong><\/p>\n\n\n\n<h3 class=\"wp-block-heading\">Un climat doux et accueillant:<\/h3>\n\n\n\n<p>Le climat m\u00e9diterran\u00e9en et le microclimat unique de Marbella, gr\u00e2ce \u00e0 sa position au sud et \u00e0 la protection de la Sierra Blanca, en font une destination attrayante pour ceux qui recherchent le soleil et la chaleur tout au long de l&rsquo;ann\u00e9e. Avec plus de 320 jours de soleil par an, vivre en plein air devient tout simplement naturel. Cela est particuli\u00e8rement pr\u00e9cieux pour les travailleurs \u00e0 distance, qui passent souvent la majorit\u00e9 de leur temps \u00e0 l&rsquo;int\u00e9rieur et dans un certain isolement. La culture de Marbella encourage les activit\u00e9s en plein air, les interactions sociales et offre de nombreuses opportunit\u00e9s de r\u00e9seautage et de rencontres.<\/p>\n\n\n\n<h3 class=\"wp-block-heading\">Des services de premi\u00e8re classe:<\/h3>\n\n\n\n<h4 class=\"wp-block-heading\">Propri\u00e9t\u00e9s<\/h4>\n\n\n\n<p>Le march\u00e9 immobilier de <a href=\"https:\/\/www.panoramamarbella.com\/fr\/proprietes\/luxe\">Marbella regorge de propri\u00e9t\u00e9s de luxe<\/a> : des <a href=\"https:\/\/www.panoramamarbella.com\/fr\/proprietes\/appartements-habitats\/plage\">appartements modernes en bord de mer <\/a>aux <a href=\"https:\/\/www.panoramamarbella.com\/fr\/proprietes\/maisons-de-ville\">charmantes maisons <\/a>dans des villages historiques, en passant par des <a href=\"https:\/\/www.panoramamarbella.com\/fr\/proprietes\/villas-maisons-isolee\">villas et chalets impressionnants<\/a> dot\u00e9s de toutes les commodit\u00e9s imaginables, beaucoup offrant des vues panoramiques sur la mer M\u00e9diterran\u00e9e et la nature environnante. Rien ne vaut un bureau \u00e0 domicile avec une vue spectaculaire\u2026<\/p>\n\n\n\n<h4 class=\"wp-block-heading\">Shopping et gastronomie<\/h4>\n\n\n\n<p>L&rsquo;offre culinaire de la ville est tout aussi vari\u00e9e qu&rsquo;impressionnante, avec des options allant de restaurants \u00e9toil\u00e9s au guide Michelin \u00e0 des chiringuitos informels sur la plage, en passant par la meilleure cuisine internationale et fusion du pays. Des chefs de renom et des restaurants cinq \u00e9toiles aux bars \u00e0 tapas traditionnels et aux caf\u00e9s de quartier, une chose est s\u00fbre : vous trouverez toujours des plats frais et de qualit\u00e9. M\u00eame dans les \u00e9tablissements les plus abordables, vous pouvez compter sur un excellent caf\u00e9, des plats traditionnels andalous, des repas faits maison et des produits locaux d&rsquo;exception.<br><\/p>\n\n\n\t<figure class=\"wp-caption aligncenter wp-block-acf-wpimage\">\n\t<picture><source width=\"900\" height=\"600\" srcset=\"https:\/\/media.panoramamarbella.com\/imgV1\/B95mbh8olwFQm~uCT2wPZMb8hll4wghQQQq6YWg0~c~U_DrmgY8pGP8pqaDzA6mvjyI_OPtcrHD_aKxCvYPm8lyM7DZ83HSv4dlmi0W3lDmcZ_hn6BoWznuClyNR_4ZDJa35RtCfaMc4f1Y~AetjKtmBgMQ~XbA8XSSq54l3To9U~BFxR6T4CpmqKJUlFSFQGBbYQWUxRAzEacLozUP6.webp 900w\" type=\"image\/webp\"><img decoding=\"async\" class=\"img-fluid\" loading=\"lazy\" width=\"900\" height=\"600\" alt=\"Shopping de cr\u00e9ateurs \u00e0 Puerto Ban\u00fas\" src=\"https:\/\/media.panoramamarbella.com\/imgV1\/B95mbh8olwFQm~uCT2wPZMb8hll4wghQQQq6YWg0~c~U_DrmgY8pGP8pqaDzA6mvjyI_OPtcrHD_aKxCvYPm8lyM7DZ83HSv4dlmi0W3lDmcZ_hn6BoWznuClyNR_4ZDJa35RtCfaMc4f1Y~AetjKtmBgMQ~XbA8XSSq_ZL~CUjmZbmZKBZ1aTAJYzk-.jpg\"><\/picture>\t\t<\/figure>\n\t\n\n\n<p>Et puis, il y a le shopping. Des grands magasins comme El Corte Ingl\u00e9s et La Ca\u00f1ada, o\u00f9 vous pouvez trouver pratiquement tout ce dont vous avez besoin en un seul endroit, aux boutiques exclusives qui ornent les \u00e9l\u00e9gantes rues pav\u00e9es de Marbella. Sans oublier le glamour de <a href=\"https:\/\/www.panoramamarbella.com\/fr\/zones\/puerto-banus\">Puerto Ban\u00fas<\/a>, mondialement connu pour offrir le nec plus ultra de la mode haut de gamme et des marques de cr\u00e9ateurs.<\/p>\n\n\n\n<p>Marbella est un paradis pour les amateurs de shopping, avec des options pour tous les go\u00fbts, allant des achats pratiques et abordables aux exp\u00e9riences de luxe uniques.<\/p>\n\n\n\n<h4 class=\"wp-block-heading\">Loisirs et activit\u00e9s saines <\/h4>\n\n\n\n<p>Au-del\u00e0 du shopping et de la gastronomie, Marbella se distingue par la promotion d\u2019un style de vie sain et actif. La ville dispose de nombreux gymnases, studios de yoga, centres de bien-\u00eatre et spas de luxe, dont beaucoup sont int\u00e9gr\u00e9s dans les complexes touristiques et les propri\u00e9t\u00e9s les plus exclusifs.<\/p>\n\n\n\n<p>Pour les amateurs d\u2019activit\u00e9s de plein air, Marbella est un v\u00e9ritable paradis. Ici, il est facile de profiter de vos passe-temps favoris et d\u2019en d\u00e9couvrir de nouveaux, qu\u2019il s\u2019agisse des <a href=\"https:\/\/www.panoramamarbella.com\/fr\/news\/terrains-de-golf-la-costa-del-sol\">nombreux parcours de golf de renomm\u00e9e mondiale sur la Costa del Sol<\/a>, des sentiers de randonn\u00e9e dans les montagnes voisines de la Sierra Blanca, du cyclisme, de l\u2019\u00e9quitation ou des sports nautiques.<\/p>\n\n\n\n<p>Gr\u00e2ce \u00e0 sa proximit\u00e9 avec la mer M\u00e9diterran\u00e9e, Marbella b\u00e9n\u00e9ficie d&rsquo;eaux beaucoup plus calmes par rapport aux c\u00f4tes voisines, ce qui en fait une destination id\u00e9ale pour se d\u00e9tendre et pratiquer des activit\u00e9s nautiques.<br><\/p>\n\n\n\t<figure class=\"wp-caption aligncenter wp-block-acf-wpimage\">\n\t<picture><source width=\"900\" height=\"600\" srcset=\"https:\/\/media.panoramamarbella.com\/imgV1\/B95mbh8olwFQm~uCT2wPZMb8hll4wghQQQq6YWg0~c~U_DrmgY8pGP8pqaDzA6mvjyI_OPtcrHD_aKxCvYPm8kwq1RKMl37mymLPKxKBi~8xGmR3V6aj4LtFCpEMWOX49ZuK1pAfj7AcGYZcqNUx7f_0okbQfWx3~MhFBaLcDa4dGryQ.webp 900w\" type=\"image\/webp\"><img decoding=\"async\" class=\"img-fluid\" loading=\"lazy\" width=\"900\" height=\"600\" alt=\"Tarifa est id\u00e9ale pour les surfeurs et les amoureux de la plage.\" src=\"https:\/\/media.panoramamarbella.com\/imgV1\/B95mbh8olwFQm~uCT2wPZMb8hll4wghQQQq6YWg0~c~U_DrmgY8pGP8pqaDzA6mvjyI_OPtcrHD_aKxCvYPm8kwq1RKMl37mymLPKxKBi~8xGmR3V6aj4LtFCpEMWOX469M0t6lrWAw~MwDGc34~fLo-.jpg\"><\/picture>\t\t<\/figure>\n\t\n\n\n<h4 class=\"wp-block-heading\">Pour les amateurs de vagues et de windsurf <\/h4>\n\n\n\n<p>Si vous recherchez des vagues id\u00e9ales pour le windsurf, il vous suffit de parcourir une heure vers l&rsquo;ouest le long de la c\u00f4te pour arriver \u00e0 Tarifa, sur la Costa de la Luz, juste apr\u00e8s Gibraltar. Vous y d\u00e9couvrirez les eaux cristallines et turquoise de l&rsquo;oc\u00e9an Atlantique, bord\u00e9es de vastes plages de sable blanc. La ville de Tarifa elle-m\u00eame regorge de charme architectural et d\u2019histoire, tandis que sa plage est parsem\u00e9e de chiringuitos originaux et d\u2019h\u00f4tels-boutiques exclusifs.<\/p>\n\n\n\n<p>Ce havre de paix est connu comme la <strong>Capitale Europ\u00e9enne du kitesurf <\/strong>et figure parmi les meilleures destinations au monde pour les surfeurs. Avec plus de 300 jours de vent par an et plus de 60 \u00e9coles de kiteboarding, Tarifa est un v\u00e9ritable paradis pour les amateurs de glisse.<\/p>\n\n\n\n<h3 class=\"wp-block-heading\">Soins m\u00e9dicaux de premier ordre.<\/h3>\n\n\n\n<p>L\u2019Espagne figure parmi les pays disposant des meilleurs syst\u00e8mes de sant\u00e9 au monde, et Marbella ne fait pas exception. <strong>L\u2019H\u00f4pital Costa del Sol<\/strong>, dot\u00e9 de 400 lits, se distingue par la qualit\u00e9 de ses soins et ses services adapt\u00e9s aux \u00e9trangers. Cet h\u00f4pital public est reconnu pour ses infrastructures compl\u00e8tes de formation et de recherche. Bien que son service des urgences re\u00e7oive un afflux important de patients pendant les mois d\u2019\u00e9t\u00e9, il g\u00e8re cette demande avec efficacit\u00e9, offrant ainsi tranquillit\u00e9 et s\u00e9curit\u00e9 aux r\u00e9sidents comme aux visiteurs.<\/p>\n\n\n\t<figure class=\"wp-caption aligncenter wp-block-acf-wpimage\">\n\t<picture><source width=\"900\" height=\"675\" srcset=\"https:\/\/media.panoramamarbella.com\/imgV1\/B95mbh8olwFQm~uCT2wPZMb8hll4wghQQQq6YWg0~c~U_DrmgY8pGP8pqaDzA6mvjyI_OPtcrHD_aKxCvYPm8lAmYJL2ZI4UBqRRZKKWfs~Hy0sthMKhNCvKSfzfX~Cxk~Ey7oHVJNCKJWV5m~n2kyF2UT6Ogwm9whwYCeqgeAJ1oW~UOOKC.webp 900w\" type=\"image\/webp\"><img decoding=\"async\" class=\"img-fluid\" loading=\"lazy\" width=\"900\" height=\"675\" alt=\"soins de sant\u00e9\" src=\"https:\/\/media.panoramamarbella.com\/imgV1\/B95mbh8olwFQm~uCT2wPZMb8hll4wghQQQq6YWg0~c~U_DrmgY8pGP8pqaDzA6mvjyI_OPtcrHD_aKxCvYPm8lAmYJL2ZI4UBqRRZKKWfs~Hy0sthMKhNCvKSfzfX~Cxk~Ey8GxD_igH5dzYAuFAnqLiCAM-.jpg\"><\/picture>\t\t<\/figure>\n\t\n\n\n<h4 class=\"wp-block-heading\">Le syst\u00e8me de sant\u00e9 en Espagne<\/h4>\n\n\n\n<p>Le syst\u00e8me de sant\u00e9 en Espagne est principalement financ\u00e9 par les cotisations \u00e0 la s\u00e9curit\u00e9 sociale, bien qu&rsquo;une assurance priv\u00e9e soit \u00e9galement disponible pour ceux qui ne sont pas couverts par le syst\u00e8me public. Quel que soit le statut d&rsquo;assurance, toute personne en Espagne a le droit de recevoir des soins d&rsquo;urgence.<\/p>\n\n\n\n<h4 class=\"wp-block-heading\">H\u00f4pitaux priv\u00e9s sur la Costa del Sol<\/h4>\n\n\n\n<p>Sur la Costa del Sol, les h\u00f4pitaux priv\u00e9s, tels que l&rsquo;<strong>H\u00f4pital Quir\u00f3n Marbella<\/strong> et le <strong>Hospit\u00e9n Estepona<\/strong>, sont con\u00e7us pour ceux qui recherchent des soins plus sp\u00e9cialis\u00e9s ou de luxe. Le <strong>Quir\u00f3n Marbella<\/strong>, qui fait partie du principal groupe hospitalier priv\u00e9 d\u2019Espagne, offre une large gamme de services, allant des soins g\u00e9n\u00e9raux aux traitements esth\u00e9tiques et aux services de fertilit\u00e9, avec en prime de magnifiques vues sur la mer.<\/p>\n\n\n\n<p>Quant \u00e0 l\u2019<strong>Hospit\u00e9n Estepona<\/strong>, qui fait partie d\u2019un groupe international, il est r\u00e9put\u00e9 pour la rapidit\u00e9 de ses services et sa technologie de pointe, ce qui en fait une option id\u00e9ale pour ceux qui recherchent des soins m\u00e9dicaux efficaces et modernes.<\/p>\n\n\n\n<p class=\"mkt-link\">Consultez notre article d\u00e9di\u00e9 \u00e0 la <a href=\"https:\/\/www.panoramamarbella.com\/fr\/news\/hopitaux-a-marbella\" data-type=\"post\" data-id=\"39915\">H\u00f4pitaux \u00e0 Marbella et sur la Costa del Sol<\/a> pour en savoir plus.<\/p>\n\n\n\n<h2 class=\"wp-block-heading\">Infrastructure Internet s\u00fbre et fiable<\/h2>\n\n\n\n<p>Pour tout nomade num\u00e9rique ou travailleur \u00e0 distance, disposer d&rsquo;une connexion Internet fiable est essentiel. Marbella excelle dans ce domaine. La ville offre une infrastructure Internet solide, avec la majorit\u00e9 des espaces de coworking, des caf\u00e9s et des h\u00f4tels proposant des connexions Wi-Fi rapides et stables.<\/p>\n\n\n\n<p>De plus, de nombreuses zones r\u00e9sidentielles sont \u00e9quip\u00e9es de fibre optique, permettant de profiter de connexions \u00e0 haut d\u00e9bit id\u00e9ales pour les appels vid\u00e9o, le travail dans le cloud et le transfert de fichiers volumineux. Cela fait de Marbella une destination parfaite pour ceux qui ont besoin d&rsquo;une technologie fiable pour leur travail \u00e0 distance.<br><\/p>\n\n\n\t<figure class=\"wp-caption aligncenter wp-block-acf-wpimage\">\n\t<picture><source width=\"900\" height=\"675\" srcset=\"https:\/\/media.panoramamarbella.com\/imgV1\/B95mbh8olwFQm~uCT2wPZMb8hll4wghQQQq6YWg0~c~U_DrmgY8pGP8pqaDzA6mvjyI_OPtcrHD_aKxCvYPm8kvmAuaZ04Cugn8HFx9~PdHxu1uonEMeevl5fM6OkZR_xLRzsMV8ol~A_~j8RSVamG3COMbHl85hjDUh5j6LWAeHkbpdj8loy9q0XSW_1Gh1wDBx6lv5Z2s-.webp 900w\" type=\"image\/webp\"><img decoding=\"async\" class=\"img-fluid\" loading=\"lazy\" width=\"900\" height=\"675\" alt=\"Connexion Internet stable au bord de la piscine.\" src=\"https:\/\/media.panoramamarbella.com\/imgV1\/B95mbh8olwFQm~uCT2wPZMb8hll4wghQQQq6YWg0~c~U_DrmgY8pGP8pqaDzA6mvjyI_OPtcrHD_aKxCvYPm8kvmAuaZ04Cugn8HFx9~PdHxu1uonEMeevl5fM6OkZR_xLRzsMV8ol~A_~j8RSVamG3COMbZjlVzmMMedK8LZ96rEV4RhQ--.jpg\"><\/picture>\t\t<\/figure>\n\t\n\n\n<h4 class=\"wp-block-heading\">Connexion dans les zones rurales : Starlink et am\u00e9liorations futures<\/h4>\n\n\n\n<p>Pour ceux qui pr\u00e9f\u00e8rent des propri\u00e9t\u00e9s entour\u00e9es par la nature, o\u00f9 la confidentialit\u00e9 et l\u2019espace sont des priorit\u00e9s, il est possible d\u2019installer l\u2019internet satellite Starlink, une option de plus en plus populaire dans les zones rurales. Avec l\u2019accent croissant mis par l\u2019Espagne sur l\u2019am\u00e9lioration de son infrastructure num\u00e9rique, les travailleurs \u00e0 distance peuvent s\u2019attendre \u00e0 une connectivit\u00e9 et \u00e0 des services encore plus solides dans un avenir proche, faisant de Marbella un choix judicieux pour ceux qui d\u00e9pendent fortement d\u2019Internet pour leur travail.<br><\/p>\n\n\n\n<h2 class=\"wp-block-heading\">Tout \u00e0 port\u00e9e de main<\/h2>\n\n\n\n<p>L&rsquo;une des principales raisons pour lesquelles les gens vivent dans des villes ou des villages plus anim\u00e9s est la pr\u00e9sence d&rsquo;opportunit\u00e9s professionnelles et de connexions de transport, mais lorsque vous \u00eates un travailleur \u00e0 distance, cette dynamique change. Marbella offre le meilleur des deux mondes : un rythme de vie d\u00e9tendu et plus lent sans compromettre la commodit\u00e9. Bien qu&rsquo;elle soit un havre c\u00f4tier paisible par rapport \u00e0 l&rsquo;agitation des grandes villes, tout ce dont vous avez besoin se trouve \u00e0 port\u00e9e de main. M\u00eame l&rsquo;a\u00e9roport international de M\u00e1laga n&rsquo;est qu&rsquo;\u00e0 40 minutes en voiture, et l&rsquo;a\u00e9roport de Gibraltar, un peu plus \u00e9loign\u00e9, est \u00e0 une heure de route dans la direction oppos\u00e9e.<br><\/p>\n\n\n\t<figure class=\"wp-caption aligncenter wp-block-acf-wpimage\">\n\t<picture><source width=\"900\" height=\"600\" srcset=\"https:\/\/media.panoramamarbella.com\/imgV1\/B95mbh8olwFQm~uCT2wPZMb8hll4wghQQQq6YWg0~c~U_DrmgY8pGP8pqaDzA6mvjyI_OPtcrHD_aKxCvYPm8lUVAg5ENCEET5iPbXfvrfatXkicHHPVgqdOkTO5UnpeR6EQ~PPwXfQgsXnavyglEBIkgdzRYB32uickNhlZbJiLNP5h.webp 900w\" type=\"image\/webp\"><img decoding=\"async\" class=\"img-fluid\" loading=\"lazy\" width=\"900\" height=\"600\" alt=\"Vue sur M\u00e1laga.\" src=\"https:\/\/media.panoramamarbella.com\/imgV1\/B95mbh8olwFQm~uCT2wPZMb8hll4wghQQQq6YWg0~c~U_DrmgY8pGP8pqaDzA6mvjyI_OPtcrHD_aKxCvYPm8lUVAg5ENCEET5iPbXfvrfatXkicHHPVgqdOkTO5UnpeWWam5U8Hu4PxARZ~mbTdCcI-.jpg\"><\/picture>\t\t<\/figure>\n\t\n\n\n<p>L&rsquo;environnement charmant de Marbella offre un acc\u00e8s facile aux commodit\u00e9s quotidiennes dans un cadre sans stress, sans avoir l&rsquo;impression de manquer quelque chose. Le meilleur de tout, c&rsquo;est que la proximit\u00e9 de la <a href=\"https:\/\/www.panoramamarbella.com\/fr\/news\/malaga-meilleure-ville-vivre-travailler\">ville de M\u00e1laga<\/a> permet un acc\u00e8s direct \u00e0 son histoire vibrante, sa riche culture et ses innombrables \u00e9v\u00e9nements. Remplie de galeries d&rsquo;art, de mus\u00e9es et de th\u00e9\u00e2tres, vous pouvez explorer des lieux embl\u00e9matiques comme le Mus\u00e9e Picasso, l&rsquo;impressionnante forteresse de l&rsquo;Alcazaba ou le dynamique Mercado de Atarazanas, tous situ\u00e9s \u00e0 quelques minutes les uns des autres \u2013 parfait pour ces moments o\u00f9 vous cherchez un peu d&rsquo;excitation urbaine.<\/p>\n\n\n\n<p>Avec sa combinaison d&rsquo;excellentes commodit\u00e9s, une communaut\u00e9 d&rsquo;expatri\u00e9s dynamique, une infrastructure moderne et un climat id\u00e9al, Marbella s&rsquo;est fermement \u00e9tablie comme l&rsquo;une des principales destinations pour les travailleurs \u00e0 distance.<br><\/p>\n\n\n<article class=\"col w-100 position-relative wp-block-acf-banner\">\n    <div class=\"d-flex flex-wrap flex-column flex-xl-row align-items-start align-items-xl-end gap-4 w-100 bg-secondary text-white p-4\">\n        <div class=\"d-flex flex-column\">\n\t\t\t            <a href=\"https:\/\/www.panoramamarbella.com\/fr\/bulletin-information-sur-immobilier\" class=\"stretched-link text-white text-decoration-none\" title=\"Vous aimez ce que vous lisez ?\">\n\t\t\t\t<h2 class=\"text-white mb-3\">Vous aimez ce que vous lisez ?<\/h2>            <\/a>\n\t\t\t            <p class=\"mb-0\">\n                Abonnez-vous \u00e0 notre newsletter pour profiter d&rsquo;articles int\u00e9ressants, de contenus exclusifs et des derni\u00e8res actualit\u00e9s du secteur immobilier.            <\/p>\n\t\t\t        <\/div>\n\t\t        <span class=\"btn btn-outline-light ms-xl-auto\">Bulletin de Panorama<\/span>\n\t\t    <\/div>\n<\/article>\n\n\n\n\n\n\n\n<p><\/p>\n","protected":false},"excerpt":{"rendered":"<p>Les nomades num\u00e9riques peuvent choisir leur lieu de travail id\u00e9al, et Marbella est devenue l&rsquo;une de leurs destinations pr\u00e9f\u00e9r\u00e9es.<\/p>\n","protected":false},"author":3,"featured_media":9664,"comment_status":"closed","ping_status":"closed","sticky":false,"template":"","format":"standard","meta":{"_acf_changed":false,"footnotes":""},"categories":[41],"tags":[35],"class_list":["post-10495","post","type-post","status-publish","format-standard","has-post-thumbnail","hentry","category-style-de-vie-a-marbella","tag-cpt-3"],"acf":[],"_links":{"self":[{"href":"https:\/\/www.panoramamarbella.com\/fr\/wp-json\/wp\/v2\/posts\/10495","targetHints":{"allow":["GET"]}}],"collection":[{"href":"https:\/\/www.panoramamarbella.com\/fr\/wp-json\/wp\/v2\/posts"}],"about":[{"href":"https:\/\/www.panoramamarbella.com\/fr\/wp-json\/wp\/v2\/types\/post"}],"author":[{"embeddable":true,"href":"https:\/\/www.panoramamarbella.com\/fr\/wp-json\/wp\/v2\/users\/3"}],"replies":[{"embeddable":true,"href":"https:\/\/www.panoramamarbella.com\/fr\/wp-json\/wp\/v2\/comments?post=10495"}],"version-history":[{"count":1,"href":"https:\/\/www.panoramamarbella.com\/fr\/wp-json\/wp\/v2\/posts\/10495\/revisions"}],"predecessor-version":[{"id":40230,"href":"https:\/\/www.panoramamarbella.com\/fr\/wp-json\/wp\/v2\/posts\/10495\/revisions\/40230"}],"wp:featuredmedia":[{"embeddable":true,"href":"https:\/\/www.panoramamarbella.com\/fr\/wp-json\/wp\/v2\/media\/9664"}],"wp:attachment":[{"href":"https:\/\/www.panoramamarbella.com\/fr\/wp-json\/wp\/v2\/media?parent=10495"}],"wp:term":[{"taxonomy":"category","embeddable":true,"href":"https:\/\/www.panoramamarbella.com\/fr\/wp-json\/wp\/v2\/categories?post=10495"},{"taxonomy":"post_tag","embeddable":true,"href":"https:\/\/www.panoramamarbella.com\/fr\/wp-json\/wp\/v2\/tags?post=10495"}],"curies":[{"name":"wp","href":"https:\/\/api.w.org\/{rel}","templated":true}]}}