{"id":13370,"date":"2025-03-04T16:09:49","date_gmt":"2025-03-04T15:09:49","guid":{"rendered":"https:\/\/www.panoramamarbella.com\/?p=13370"},"modified":"2025-03-05T10:01:31","modified_gmt":"2025-03-05T09:01:31","slug":"immobilier-marche-luxe-marbella","status":"publish","type":"post","link":"https:\/\/www.panoramamarbella.com\/fr\/news\/immobilier-marche-luxe-marbella","title":{"rendered":"Le march\u00e9 de l&rsquo;immobilier de luxe de la Costa del Sol d\u00e9passe les 3,2 milliards d&rsquo;euros en 2024"},"content":{"rendered":"\n\n<h2 class=\"wp-block-heading\">Le Triangle d&rsquo;Or brille lors d&rsquo;une ann\u00e9e record pour l&rsquo;immobilier de luxe sur la Costa del Sol<\/h2>\n\n\n\n<ul class=\"table-index list-unstyled p-4 p-lg-5 ms-0 bg-light\"><li class=\"text-uppercase fw-bold mb-3\">Table des mati\u00e8res<\/li><li><a href=\"#le+triangle+dor+brille+lors+dune+annee+record+pour+limmobilier+de+luxe+sur+la+costa+del+sol\">\nLe Triangle d'Or brille lors d'une ann\u00e9e record pour l'immobilier de luxe sur la Costa del Sol\n<\/a><\/li>\n<li><a href=\"#marbella+en+tete\">\nMarbella en t\u00eate\n<\/a><\/li>\n<li><a href=\"#qui+achete\">\nQui ach\u00e8te?\n<\/a><\/li>\n<li><a href=\"#audela+du+residentiel+lessor+des+investissements+hoteliers\">\nAu-del\u00e0 du r\u00e9sidentiel: l\u2019essor des investissements h\u00f4teliers\n<\/a><\/li>\n<li><a href=\"#quels+sont+les+moteurs+de+cette+croissance\">\nQuels sont les moteurs de cette croissance?\n<\/a><\/li>\n<li><a href=\"#des+perspectives+prometteuses+pour+2025\">\nDes perspectives prometteuses pour 2025\n<\/a><\/li>\n<li><a href=\"#trouvez+votre+maison+ideale+avec+panorama\">\nTrouvez votre maison id\u00e9ale avec Panorama\n<\/a><\/li>\n<li><a href=\"#sources\">\nSources\n<\/a><\/li><\/ul>\n\n\n\n<p>Le march\u00e9 immobilier de luxe de la Costa del Sol a connu une croissance exceptionnelle, avec des investissements atteignant 3,2 milliards d\u2019euros en 2024, soit une augmentation remarquable de 20 % par rapport \u00e0 l\u2019ann\u00e9e pr\u00e9c\u00e9dente. Cette progression impressionnante est principalement port\u00e9e par le prestigieux Triangle d\u2019Or regroupant Marbella, Estepona et Benahav\u00eds, qui renforcent leur statut de destinations incontournables pour les investissements immobiliers haut de gamme.<\/p>\n\n\n\t<figure class=\"wp-caption aligncenter wp-block-acf-wpimage\">\n\t<picture><source width=\"900\" height=\"600\" srcset=\"https:\/\/media.panoramamarbella.com\/imgV1\/B95mbh8olwFQm~uCT2wPZMb8hll4wghQQQq6YWg0~c~U_DrmgY8pGP8pqaDzA6mvjyI_OPtcrHD_aKxDZZGyEbiE4bHw04492j7ZtsyKsQvvuzsmP0zWkjCvJh5ui6gq5BJ6oNTpa7OiLxMhai~RJFKX7xDmyaNODo8Z2pB1rVlYNckB8MB~Czcv2EQ5qbxJdvoEfQDfHA--.webp 900w\" type=\"image\/webp\"><img decoding=\"async\" class=\"img-fluid\" loading=\"lazy\" width=\"900\" height=\"600\" alt=\"Un yacht naviguant sur la Costa del Sol vu depuis un point de vue sur la mer. Le Triangle d&#039;Or\" src=\"https:\/\/media.panoramamarbella.com\/imgV1\/B95mbh8olwFQm~uCT2wPZMb8hll4wghQQQq6YWg0~c~U_DrmgY8pGP8pqaDzA6mvjyI_OPtcrHD_aKxDZZGyEbiE4bHw04492j7ZtsyKsQvvuzsmP0zWkjCvJh5ui6gq5BJ6oNTpa7OiLxMhai~RJFKX7w5vdrkFcbatk9YsVk5S9~J6.jpg\"><\/picture>\t\t<\/figure>\n\t\n\n\n<h2 class=\"wp-block-heading\">Marbella en t\u00eate<\/h2>\n\n\n\n<p>Marbella se positionne comme la leader du march\u00e9 immobilier de luxe en Espagne, repr\u00e9sentant la moiti\u00e9 des investissements de luxe dans la r\u00e9gion, avec un impressionnant volume de ventes de 1,6 milliard d\u2019euros. Cette localit\u00e9 exclusive continue d\u2019attirer des acheteurs exigeants en qu\u00eate d\u2019exclusivit\u00e9 et de sophistication dans l\u2019un des endroits les plus convoit\u00e9s d\u2019Europe. Qu\u2019il s\u2019agisse de ses terrains de golf de classe mondiale, de sa gastronomie r\u00e9compens\u00e9e par des \u00e9toiles Michelin ou de ses plages immacul\u00e9es, les investisseurs reconnaissent l\u2019immense valeur des <a href=\"https:\/\/www.panoramamarbella.com\/fr\/proprietes\/marbella\">propri\u00e9t\u00e9s \u00e0 vendre \u00e0 Marbella<\/a> en tant qu\u2019actifs privil\u00e9gi\u00e9s dans l\u2019un des march\u00e9s immobiliers les plus prestigieux d\u2019Europe.<\/p>\n\n\n\n<p>Juste derri\u00e8re Marbella, Estepona a consolid\u00e9 sa position en tant que r\u00e9f\u00e9rence majeure sur le march\u00e9 immobilier de luxe, en contribuant avec un impressionnant investissement de 800 millions d\u2019euros dans les propri\u00e9t\u00e9s exclusives de la r\u00e9gion. Cette vibrante ville c\u00f4ti\u00e8re continue d\u2019attirer des acheteurs en qu\u00eate d\u2019un \u00e9quilibre entre l\u2019\u00e9l\u00e9gance moderne et le charme andalou traditionnel, faisant des <a href=\"https:\/\/www.panoramamarbella.com\/fr\/proprietes\/estepona\">propri\u00e9t\u00e9s \u00e0 vendre \u00e0 Estepona<\/a> des biens hautement convoit\u00e9s.<\/p>\n\n\n\n<p>Pendant ce temps, la pittoresque Benahav\u00eds compl\u00e8te le renomm\u00e9 Triangle d\u2019Or avec 500 millions d\u2019euros de transactions immobili\u00e8res de luxe. R\u00e9put\u00e9e pour ses paysages spectaculaires, ses terrains de golf de classe mondiale et ses lotissements priv\u00e9s exclusifs, les <a href=\"https:\/\/www.panoramamarbella.com\/fr\/proprietes\/benahavis\">propri\u00e9t\u00e9s \u00e0 vendre \u00e0 Benahav\u00eds<\/a> offrent une opportunit\u00e9 exceptionnelle \u00e0 ceux qui souhaitent investir dans l\u2019un des enclaves les plus prestigieux d\u2019Espagne.<\/p>\n\n\n\t<figure class=\"wp-caption aligncenter wp-block-acf-wpimage\">\n\t<picture><source width=\"900\" height=\"600\" srcset=\"https:\/\/media.panoramamarbella.com\/imgV1\/B95mbh8olwFQm~uCT2wPZMb8hll4wghQQQq6YWg0~c~U_DrmgY8pGP8pqaDzA6mvjyI_OPtcrHD_aKxDZZGyEbiE4bHw04492j7ZtsyKsQvvuzsmP0zVQ1Y4BKEQZYK4dopWG_qhUNNQ~gCxs2UDi99rRNYzvlWSFPrhNDtEnoUD8OodNL~~4vTGyCRcf5tz109cOM4jqQ--.webp 900w\" type=\"image\/webp\"><img decoding=\"async\" class=\"img-fluid\" loading=\"lazy\" width=\"900\" height=\"600\" alt=\"Les entrepreneurs technologiques repr\u00e9sentent 30 % des acheteurs de luxe\" src=\"https:\/\/media.panoramamarbella.com\/imgV1\/B95mbh8olwFQm~uCT2wPZMb8hll4wghQQQq6YWg0~c~U_DrmgY8pGP8pqaDzA6mvjyI_OPtcrHD_aKxDZZGyEbiE4bHw04492j7ZtsyKsQvvuzsmP0zVQ1Y4BKEQZYK4dopWG_qhUNNQ~gCxs2UDi99rRMgvUtNF6b7IHGaTBNAGzElR.jpg\"><\/picture>\t\t\t<figcaption class=\"wp-caption-text\">\n\t\tLes entrepreneurs du secteur technologique repr\u00e9sentent 30 % des acheteurs de biens de luxe\t\t<\/figcaption>\n\t\t\t<\/figure>\n\t\n\n\n<h2 class=\"wp-block-heading\">Qui ach\u00e8te?<\/h2>\n\n\n\n<p>L\u2019attrait de la Costa del Sol pour les investisseurs internationaux reste ind\u00e9fectible, 90 % des achats de propri\u00e9t\u00e9s de luxe en 2024 \u00e9tant r\u00e9alis\u00e9s par des acheteurs \u00e9trangers. Cette diversit\u00e9 souligne la r\u00e9putation mondiale de la r\u00e9gion en tant que destination de premier choix pour l\u2019immobilier haut de gamme.<\/p>\n\n\n\n<p>Le profil des acheteurs r\u00e9v\u00e8le des tendances int\u00e9ressantes quant aux investisseurs sur la Costa del Sol:<\/p>\n\n\n\n<ul class=\"wp-block-list\">\n<li><strong>Les entrepreneurs du secteur technologique<\/strong> arrivent en t\u00eate, repr\u00e9sentant 30 % des acheteurs de biens de luxe<\/li>\n\n\n\n<li><strong>Les nomades num\u00e9riques<\/strong>, s\u00e9duits par le mode de vie m\u00e9diterran\u00e9en, comptent pour 25 % des acquisitions<\/li>\n\n\n\n<li><strong>Les sportifs de haut niveau<\/strong> repr\u00e9sentent 20 % des achats<\/li>\n<\/ul>\n\n\n\n<p>Une croissance significative de l\u2019investissement est observ\u00e9e chez les acheteurs am\u00e9ricains et moyen-orientaux.<\/p>\n\n\n\t<figure class=\"wp-caption aligncenter wp-block-acf-wpimage\">\n\t<picture><source width=\"900\" height=\"600\" srcset=\"https:\/\/media.panoramamarbella.com\/imgV1\/B95mbh8olwFQm~uCT2wPZMb8hll4wghQQQq6YWg0~c~U_DrmgY8pGP8pqaDzA6mvjyI_OPtcrHD_aKxDZZGyEbiE4bHw04492j7ZtsyKsQvvuzsmP0zUSs6BRHfWRn8fzaE5jfqEoT1wQhKudEUrYe~uTqWz1uB6uTOdubnGxtoMVqBNkRlIZ2UETd0hRWxhlcgfylrjFA--.webp 900w\" type=\"image\/webp\"><img decoding=\"async\" class=\"img-fluid\" loading=\"lazy\" width=\"900\" height=\"600\" alt=\"La Costa del Sol est la troisi\u00e8me destination pr\u00e9f\u00e9r\u00e9e pour les investissements h\u00f4teliers en Espagne continentale\" src=\"https:\/\/media.panoramamarbella.com\/imgV1\/B95mbh8olwFQm~uCT2wPZMb8hll4wghQQQq6YWg0~c~U_DrmgY8pGP8pqaDzA6mvjyI_OPtcrHD_aKxDZZGyEbiE4bHw04492j7ZtsyKsQvvuzsmP0zUSs6BRHfWRn8fzaE5jfqEoT1wQhKudEUrYe~uTrsqB4uLxlAi~8_N2U_JYqK0.jpg\"><\/picture>\t\t\t<figcaption class=\"wp-caption-text\">\n\t\tLa Costa del Sol est la troisi\u00e8me destination pr\u00e9f\u00e9r\u00e9e pour les investissements h\u00f4teliers en Espagne continentale\t\t<\/figcaption>\n\t\t\t<\/figure>\n\t\n\n\n<h2 class=\"wp-block-heading\">Au-del\u00e0 du r\u00e9sidentiel: l\u2019essor des investissements h\u00f4teliers<\/h2>\n\n\n\n<p>L\u2019essor du march\u00e9 immobilier de luxe ne se limite pas aux propri\u00e9t\u00e9s r\u00e9sidentielles. Le secteur h\u00f4telier de la province de Malaga a attir\u00e9 560 millions d\u2019euros d\u2019investissements en 2023, faisant de la Costa del Sol la troisi\u00e8me destination pr\u00e9f\u00e9r\u00e9e pour l\u2019investissement h\u00f4telier en Espagne continentale, juste apr\u00e8s Madrid et Barcelone.<\/p>\n\n\n\n<p>Les investisseurs \u00e9trangers ont jou\u00e9 un r\u00f4le cl\u00e9 dans ce segment, repr\u00e9sentant 60 % des transactions h\u00f4teli\u00e8res. Depuis 2018, la Costa del Sol a attir\u00e9 environ 1,88 milliard d\u2019euros d\u2019investissements h\u00f4teliers, avec 82 transactions portant sur quelque 12 000 chambres, ce qui t\u00e9moigne de la confiance des investisseurs dans le potentiel de croissance \u00e0 long terme de la r\u00e9gion.<\/p>\n\n\n\t<figure class=\"wp-caption aligncenter wp-block-acf-wpimage\">\n\t<picture><source width=\"900\" height=\"600\" srcset=\"https:\/\/media.panoramamarbella.com\/imgV1\/B95mbh8olwFQm~uCT2wPZMb8hll4wghQQQq6YWg0~c~U_DrmgY8pGP8pqaDzA6mvjyI_OPtcrHD_aKxDZZGyEbiE4bHw04492j7ZtsyKsQvvuzsmP0zTDLOKVtnU5XDPvV5pX7NgZyeLcoCn1575OYko2C3lyaTKzZQ05ybvFyH0j5zq9UO2lAcp2fS~24OoCTUCLiLt~g--.webp 900w\" type=\"image\/webp\"><img decoding=\"async\" class=\"img-fluid\" loading=\"lazy\" width=\"900\" height=\"600\" alt=\"L&#039;emplacement de la Costa del Sol, avec un acc\u00e8s rapide et facile au reste de l&#039;Europe, est un moteur de croissance\" src=\"https:\/\/media.panoramamarbella.com\/imgV1\/B95mbh8olwFQm~uCT2wPZMb8hll4wghQQQq6YWg0~c~U_DrmgY8pGP8pqaDzA6mvjyI_OPtcrHD_aKxDZZGyEbiE4bHw04492j7ZtsyKsQvvuzsmP0zTDLOKVtnU5XDPvV5pX7NgZyeLcoCn1575OYko2DO7r_dEAlsRGwivJE2kzOk_.jpg\"><\/picture>\t\t\t<figcaption class=\"wp-caption-text\">\n\t\tLa situation strat\u00e9gique de la Costa del Sol, avec un acc\u00e8s rapide et facile au reste de l\u2019Europe, est un facteur cl\u00e9 de croissance\t\t<\/figcaption>\n\t\t\t<\/figure>\n\t\n\n\n<h2 class=\"wp-block-heading\">Quels sont les moteurs de cette croissance?<\/h2>\n\n\n\n<ul class=\"wp-block-list\">\n<li><strong>Des politiques fiscales avantageuses<\/strong>, incluant un imp\u00f4t sur le revenu plafonn\u00e9 \u00e0 24 % pour les r\u00e9sidents hors UE poss\u00e9dant des entreprises \u00e0 l\u2019\u00e9tranger.<\/li>\n\n\n\n<li><strong>Un cadre de vie attractif<\/strong>, associant climat m\u00e9diterran\u00e9en, infrastructures de classe mondiale et richesse culturelle.<\/li>\n\n\n\n<li><strong>Une localisation strat\u00e9gique<\/strong>, offrant une excellente connectivit\u00e9 internationale.<\/li>\n\n\n\n<li><strong>Un large \u00e9ventail de biens immobiliers<\/strong>, allant des villas en bord de mer aux retraites en montagne.<\/li>\n<\/ul>\n\n\n\n<h2 class=\"wp-block-heading\">Des perspectives prometteuses pour 2025<\/h2>\n\n\n\n<p>\u00c0 l\u2019horizon 2025, Marbella devrait continuer d\u2019affirmer son statut d\u2019excellence mondiale sur le march\u00e9 immobilier de luxe, avec un secteur en constante \u00e9volution int\u00e9grant des innovations de pointe, des caract\u00e9ristiques durables et une exclusivit\u00e9 exceptionnelle.<\/p>\n\n\n<article class=\"col w-100 position-relative wp-block-acf-banner\">\n    <div class=\"d-flex flex-wrap flex-column flex-xl-row align-items-start align-items-xl-end gap-4 w-100 bg-secondary text-white p-4\">\n        <div class=\"d-flex flex-column\">\n\t\t\t            <a href=\"https:\/\/www.panoramamarbella.com\/fr\/bulletin-information-sur-immobilier\" class=\"stretched-link text-white text-decoration-none\" title=\"Vous aimez ce que vous lisez?\">\n\t\t\t\t<h2 class=\"text-white mb-3\">Vous aimez ce que vous lisez?<\/h2>            <\/a>\n\t\t\t            <p class=\"mb-0\">\n                Abonnez-vous \u00e0 notre newsletter pour des articles captivants, du contenu exclusif et les derni\u00e8res actualit\u00e9s.            <\/p>\n\t\t\t        <\/div>\n\t\t        <span class=\"btn btn-outline-light ms-xl-auto\">Bulletin Panorama<\/span>\n\t\t    <\/div>\n<\/article>\n\n\n\n\n<h2 class=\"wp-block-heading\">Trouvez votre maison id\u00e9ale avec Panorama<\/h2>\n\n\n\n<p>Pour d\u00e9couvrir les meilleures propri\u00e9t\u00e9s \u00e0 vendre dans le Triangle d\u2019Or, consultez notre s\u00e9lection compl\u00e8te de biens immobiliers \u00e0 Marbella, Estepona et Benahav\u00eds, ou mieux encore, contactez notre \u00e9quipe de vente afin que nous puissions vous accompagner dans la recherche de votre r\u00e9sidence de r\u00eave. Nous serions ravis de vous aider!<\/p>\n\n\n\n<div class=\"contact-only bg-light mt-0 wp-block-acf-contactform\">\n\t\t<div class=\"position-relative\">\n\t\t<span id=\"inm-contact-form\" class=\"position-absolute\" style=\"top:-130px\"><\/span>\n\t<\/div>\n\t\t\n\t\t<script src=\"https:\/\/www.google.com\/recaptcha\/api.js?render=6LeWOaYZAAAAAGZM7q40J51QMau9I_gs19mp9lZJ&#038;hl=fr\"><\/script>\n\t\n<form id=\"contact_form_1\" class=\"needs-validation h-100 d-flex flex-column p-4 p-md-5\" data-contact=\"contact_form_1\" action=\"localhost\" method=\"POST\" novalidate>\n\t<strong class=\"h3 align-self-start\">Contactez Panorama d\u00e8s aujourd\u2019hui!<\/strong><p class=\"mb-5\">Explorez des annonces exclusives pour investir dans des propri\u00e9t\u00e9s haut de gamme avec la meilleure \u00e9quipe de vente.<\/p>\t<span id=\"contact_form_1-result\" data-stext=\"source\" data-source=\"contact\"><\/span>\n\t<input type=\"hidden\" name=\"success\" value=\"\/fr\/success?source=info\" \/>\n\t<input type=\"hidden\" name=\"lang\" value=\"fr\" \/>\n\t<input type=\"hidden\" name=\"agency\" value=\"399\" \/>\n\t<input type=\"hidden\" name=\"recipient\" value=\"info\" \/>\n\t<input type=\"hidden\" name=\"source\" value=\"https:\/\/www.panoramamarbella.com\/fr\/wp-json\/wp\/v2\/posts\/13370\" \/>\n\t<input type=\"hidden\" name=\"subject\" value=\"Information Request (FR)\" \/>\n\t\t\t<input type=\"hidden\" name=\"origin\" value=\"Le march\u00e9 de l&rsquo;immobilier de luxe de la Costa del Sol d\u00e9passe les 3,2 milliards d&rsquo;euros en 2024\" \/>\n\t\t<div class=\"row g-3\">\n\t\t<div class=\"col-md-6\">\n\t\t\t<label class=\"form-label\" for=\"name\">Pr\u00e9nom*<\/label>\n\t\t\t<input id=\"name\" name=\"name\" type=\"text\" class=\"form-control\" autocomplete=\"off\" required data-error=\"Nom requis\">\n\t\t<\/div>\n\t\t<div class=\"col-md-6\">\n\t\t\t<label class=\"form-label\" for=\"name\">Nom de famille*<\/label>\n\t\t\t<input id=\"lastname\" name=\"lastname\" type=\"text\" class=\"form-control\" autocomplete=\"off\" required data-error=\"Nom de famille\">\n\t\t<\/div>\n\t\t<div class=\"col-12\">\n\t\t\t<label class=\"form-label\" for=\"email\">E-mail*<\/label>\n\t\t\t<input id=\"email\" name=\"email\" type=\"email\" class=\"form-control\" autocomplete=\"off\" required data-error=\"E-mail requis\">\n\t\t<\/div>\n\t\t\t\t<div class=\"col-md-6\">\n\t\t\t<label class=\"form-label\" for=\"phone\">Num\u00e9ro de t\u00e9l\u00e9phone <small><\/small><\/label>\n\t\t\t<input id=\"phone\" name=\"intphone\" type=\"tel\" class=\"form-control\" autocomplete=\"off\" placeholder=\"T\u00e9l\u00e9phone\" required data-error=\"Les num\u00e9ros de t\u00e9l\u00e9phone doivent comporter entre 8 et 20 chiffres\" pattern=\"(?:\\d\\s*){4,}\">\n\t\t<\/div>\n\t\t<div class=\"col-md-6\">\n\t\t\t<label class=\"form-label\">Meilleur moment pour appeler <small><\/small><\/label>\n\t\t\t<select class=\"form-select\" name=\"time\">\n\t\t\t\t<option selected>\u00c0 tout moment<\/option>\n\t\t\t\t<option value=\"1\">Le matin<\/option>\n\t\t\t\t<option value=\"2\">L&rsquo;apr\u00e8s-midi<\/option>\n\t\t\t\t<option value=\"3\">Le soir<\/option>\n\t\t\t<\/select>\n\t\t<\/div>\n\t\t<div class=\"col-12\">\n\t\t\t<label for=\"address\" class=\"form-label\">Adresse <small><\/small><\/label>\n\t\t\t<input id=\"address\" name=\"address\" type=\"text\" class=\"form-control\" \/>\n\t\t<\/div>\n\t\t<div class=\"col-12\">\n\t\t\t<label for=\"formComment\" class=\"form-label\">Message<\/label>\n\t\t\t<textarea class=\"form-control\" placeholder=\"Laissez un commentaire ici\" name=\"comment\" id=\"formComment\" maxlength=\"8000\" rows=\"5\"><\/textarea>\n\t\t<\/div>\n\t\t\t\t<div class=\"col-12\">\n\t\t\t<div class=\"form-check\">\n\t\t\t\t<input type=\"checkbox\" class=\"form-check-input\" id=\"contact_form_1-customCheck1\" name=\"privacy_policy\" required data-error=\"Champ obligatoire\">\n\t\t\t\t<label class=\"form-check-label\" for=\"contact_form_1-customCheck1\">J&rsquo;accepte le <a target=\"_blank\" class=\"text-decoration-none\" href=\"https:\/\/www.panoramamarbella.com\/privacy-policy\">Conditions g\u00e9n\u00e9rales d&rsquo;utilisation<\/a><\/label>\n\t\t\t<\/div>\n\t\t\t<div class=\"form-check\">\n\t\t\t\t<input type=\"checkbox\" class=\"form-check-input\" id=\"contact_form_1-customCheck2\" name=\"commercial_information\">\n\t\t\t\t<label class=\"form-check-label\" for=\"contact_form_1-customCheck2\">J&rsquo;accepte de recevoir des communications de Panorama<\/label>\n\t\t\t<\/div>\n\t\t<\/div>\n\t<\/div>\n\t<button data-ids=\"contact_form_1\" data-lang=\"fr\" data-sitekey=\"6LeWOaYZAAAAAGZM7q40J51QMau9I_gs19mp9lZJ\" class=\"align-self-start btn btn-primary px-4 py-2 mt-4 g-recaptcha\" role=\"button\" aria-label=\"Send\">Envoyer<\/button>\n<\/form><\/div>\n\n\n\n<h2 class=\"wp-block-heading\">Sources<\/h2>\n\n\n\n<p>Euroweekly News:<br><a href=\"https:\/\/euroweeklynews.com\/2025\/01\/11\/luxury-property-market-in-costa-del-sol-sees-massive-20-investment-increase-to-over-3-2-billion-euros\/\" target=\"_blank\" rel=\"noreferrer noopener nofollow\">Le march\u00e9 immobilier de luxe sur la Costa del Sol enregistre une augmentation massive des investissements de 20 %, d\u00e9passant les 3,2 milliards d\u2019euros.<\/a><\/p>\n\n\n\n\n\t\t<section class=\"container wp-block-acf-inmpropselection\">\n\t\t\t<h2>Propri\u00e9t\u00e9s vedettes \u00e0 Marbella, Estepona et Benahav\u00eds<\/h2>\t\t\t<div class=\"row row-cols-1 row-cols-lg-3 gy-5 g-xxl-5\">\n\t\t\t\t\n\n<article class=\"col card-properties position-relative d-flex flex-column\">\n\t<div id=\"carouselCardProperties-1-0\" class=\"card-properties-images carousel slide carousel-fade lazy\" data-bs-ride=\"carousel\" data-bs-interval=\"200000\" data-id=\"561570\">\n\t\t<div class=\"carousel-inner\">\n\t\t\t<figure class=\"carousel-item mb-0 active ratio ratio-4x3\">\n\t\t\t\t<picture><source sizes=\"(max-width: 575px) calc(100vw - 24px), (max-width: 767px) 516px, (max-width: 991px) 696px, (max-width: 1199px) 296px, (max-width: 1399px) 356px, 400px\" width=\"696\" height=\"522\" srcset=\"https:\/\/media.panoramamarbella.com\/imgV1\/B95mbh8olwFQm~uCUaVOI2kQT0hb0a8sZ9turUNfnwtvuccYCzs0YVPfPbfkc2VnnN1JFDpkYaGfw1gJsS~5h5FsnySJxtShztVRUpvJ_PE1kV5Zd1femNRFNQqQGmXzgWpzuDZ10Fsm2daw35aEYxNykLTz~Bv2Z264gu2Hwv6vjOyyC0hJimLT0gb~hVOrOG6J~HvE6akcRtiobbJkbPWnK7vq~nYazQkPIDA1Sh9UnzPaCX9WowscgTFyyDMQK6inJg1A6G5Z5SqIfZfaTe1lWalZ6xW8pfH6d0MGOBw9WzliqWwN7zE4w2CS6Ir52utC00_bK~w~xskQ4CWnYH1a8y2ziLbvA~IMACriZWHk6OungFJfAsmm0sIqFSM0Tghz6tS5aBhAlOvKXIrx_3M6VV2mopQ9b0Z3a7iY3Xnzl8bn5mO3dJcAUz3Au4UsiVft~MHaAJi4PBc8SuZe.webp 696w,https:\/\/media.panoramamarbella.com\/imgV1\/B95mbh8olwFQm~uCUaVOI2kQT0hb0a8sZ9turUNfnwtvuccYCzs0YVPfPbfkc2VnnN1JFDpkYaGfw1gJsS~5h5FsnySJxtShztVRUpvJ_PE1kV5Zd1femNRFNQqQGmXzgWpzuDZ10Fsm2daw35aEYxNykLTz~Bv2Z264gu2HwL4c1gudWX3cMWS7rc8Ex8FEGW835IngZit1oQKd0Kj1thrxGhf3LMpVm~wZlyGie_Ka1f4ODhXgju39hd6E9jsxgBdb30NHOFciXVV_h1rwXMRb6iufZa~htKvAx5RCD9lzkoIfM5sJCEG0ybcjZeMiLimU4XQB~ozpZ2~nnz6qxAUq7ZI7P3A6NhDyOK78MuSN0D5EINlqqSyAYdBx8hpz0rqoxdVj7YXBugNM4lNKOdPS1hHJdp6lcYtbQuiWyRs1CwgUyPfUSrZ8TNIL2~xffs6SK6XBtX4ugweouaQz.webp 400w\" type=\"image\/webp\"><img decoding=\"async\" class=\"position-absolute w-100 h-100 object-fit-cover\" alt=\"Villa contemporaine luxueuse avec vue imprenable sur la mer et les montagnes \u00e0 El Madro\u00f1al, Benahav\u00eds\" loading=\"lazy\" width=\"696\" height=\"522\" src=\"https:\/\/media.panoramamarbella.com\/imgV1\/B95mbh8olwFQm~uCUaVOI2kQT0hb0a8sZ9turUNfnwtvuccYCzs0YVPfPbfkc2VnnN1JFDpkYaGfw1gJsS~5h5FsnySJxtShztVRUpvJ_PE1kV5Zd1femNRFNQqQGmXzgWpzuDZ10Fsm2daw35aEYxNykLTz~Bv2Z264gu2Hwv6vjOyyC0hJimLT0gb~mx0XvRQ9ZDxkGlfZeHPsA6QEhWGlZUiPA2TMEW7TuTjN9IpJLmvRjLHs9Yx3fl1XJAr6YFfSem8XS6je3CzQ6V1WNPix04OP8Ol7D8tkq359AFsD8C~I5vc_sVTyxqzOUtLLWuWyVCTpL2nbRDVajcLT~CAqxs3uiZwqc12LF9vr7Y1LizHfnH1Vi77CeZxm9kelt77uPfkj2aeozf4LJTxFCvEQRIIJ~cwJ0YaoDr7l7gxADrra57GTYmmRtcs-.jpg\"><\/picture>\t\t\t<\/figure>\n\t\t\t\t\t\t<span class=\"card-properties-ref position-absolute z-2 bottom-0 end-0 bg-white text-primary py-1 px-3 me-3\">\n\t\t\t\tPANR-15141\t\t\t<\/span>\n\t\t\t<button class=\"card-properties-portfolio d-flex align-items-center justify-content-center position-absolute z-3 end-0 text-white bg-primary me-3 border-0 px-0\" data-pfl-id=\"561570\" data-pfl-filter=\"sale\" aria-label=\"Add to portfolio\">\n\t\t\t\t<svg width=\"18\" fill=\"currentColor\" viewBox=\"0 0 512 512\">\n\t\t\t\t\t<use href=\"https:\/\/www.panoramamarbella.com\/wp-content\/themes\/panoramamarbella\/dist\/src\/images\/icons.svg#svgHeart\"><\/use>\n\t\t\t\t<\/svg>\n\t\t\t\t<svg width=\"18\" fill=\"currentColor\" viewBox=\"0 0 512 512\">\n\t\t\t\t\t<use href=\"https:\/\/www.panoramamarbella.com\/wp-content\/themes\/panoramamarbella\/dist\/src\/images\/icons.svg#svgHeartIn\"><\/use>\n\t\t\t\t<\/svg>\n\t\t\t<\/button>\n\t\t<\/div>\n\t\t\t\t<button\n\t\t\tclass=\"carousel-control-prev\"\n\t\t\ttype=\"button\"\n\t\t\tdata-bs-target=\"#carouselCardProperties-1-0\"\n\t\t\tdata-bs-slide=\"prev\">\n\t\t\t<span class=\"carousel-control-prev-icon\" aria-hidden=\"true\"><\/span>\n\t\t\t<span class=\"visually-hidden\">Pr\u00e9c\u00e9dent<\/span>\n\t\t<\/button>\n\t\t<button\n\t\t\tclass=\"carousel-control-next\"\n\t\t\ttype=\"button\"\n\t\t\tdata-bs-target=\"#carouselCardProperties-1-0\"\n\t\t\tdata-bs-slide=\"next\">\n\t\t\t<span class=\"carousel-control-next-icon\" aria-hidden=\"true\"><\/span>\n\t\t\t<span class=\"visually-hidden\">Suivant<\/span>\n\t\t<\/button>\n\t\t\t<\/div>\n\t<div class=\"d-flex flex-column h-100 px-3 py-4 shadow\">\n\t\t\t\t<h3 class=\"card-properties-title mb-3\">\n\t\t\t<a class=\"stretched-link\" href=\"\/fr\/proprietes\/benahavis\/el-madronal\/villas-maisons-isolee\/PANR-15141\">\n\t\t\t\tVilla contemporaine luxueuse avec vue imprenable sur la mer et les montagnes \u00e0 El Madro\u00f1al, Benahav\u00eds\t\t\t<\/a>\n\t\t<\/h3>\n\t\t<p class=\"mb-3 text-black-dark\">El Madro\u00f1al, Benahavis<\/p>\n\t\t\t\t\t\t<p class=\"card-properties-description mb-3\">\n\t\t\tSitu\u00e9e dans la communaut\u00e9 exclusive et s\u00e9curis\u00e9e d&#039;El Madro\u00f1al, cette villa moderne magnifiquement r\u00e9nov\u00e9e offre un m\u00e9lange in\u00e9gal\u00e9 de confidentialit\u00e9, d&#039;\u00e9l\u00e9gance et de vues \u00e0 couper le souffle. Entour\u00e9e de vieux pins corses et perch\u00e9e&#8230;\t\t<\/p>\n\t\t\t\t<span class=\"card-properties-price mt-auto\">\n\t\t\t\n\t\t\t<span class=\"card-properties-price mt-auto\" data-original-price=\"4450000\">4\u202f450\u202f000\u00a0\u20ac<\/span>\n\t\t\t\t<\/span>\n\t\t\t\t<ul class=\"card-properties-features list-unstyled d-flex flex-wrap align-items-center gap-3 pt-3 border-top mt-3 mb-0\">\n\t\t\t<li class=\"d-flex align-items-center\">8 Chambres<\/li><li class=\"d-flex align-items-center\">7 Bains<\/li>\t\t\t\t<li class=\"d-flex align-items-center\">\n\t\t\t\t\t <span class=\"me-1\" data-original-value=\"598\" data-original-unit=\"m&#038;sup2\">598 m&sup2;<\/span>Total\t\t\t\t<\/li>\n\t\t\t\t\t\t\t<li class=\"d-flex align-items-center\">\n\t\t\t\t\t <span class=\"me-1\" data-original-value=\"1865\" data-original-unit=\"m&#038;sup2\">1\u202f865 m&sup2;<\/span>Terrain\t\t\t\t<\/li>\n\t\t\t\t\t\t\t\t<li class=\"d-flex align-items-center\">\n\t\t\t\t\t <span class=\"me-1\" data-original-value=\"523\" data-original-unit=\"m&#038;sup2\">523 m&sup2;<\/span>Construit\t\t\t\t<\/li>\n\t\t\t\t\t\t\t<li class=\"d-flex align-items-center\">\n\t\t\t\t\t <span class=\"me-1\" data-original-value=\"75\" data-original-unit=\"m&#038;sup2\">75 m&sup2;<\/span>Terrasses\t\t\t\t<\/li>\n\t\t\t\t\t<\/ul>\n\t\t\t<\/div>\n<\/article>\n\n\t\t\t<\/div>\n\t\t\t\t\t<\/section>\n\t\t\n","protected":false},"excerpt":{"rendered":"<p>Le march\u00e9 immobilier de luxe de la Costa del Sol a connu une hausse extraordinaire, avec des investissements atteignant 3,2 milliards d&rsquo;euros en 2024.<\/p>\n","protected":false},"author":7,"featured_media":13340,"comment_status":"closed","ping_status":"closed","sticky":false,"template":"","format":"standard","meta":{"_acf_changed":false,"footnotes":""},"categories":[45],"tags":[35],"class_list":["post-13370","post","type-post","status-publish","format-standard","has-post-thumbnail","hentry","category-actualites-secteur-immobilier","tag-cpt-3"],"acf":[],"_links":{"self":[{"href":"https:\/\/www.panoramamarbella.com\/fr\/wp-json\/wp\/v2\/posts\/13370","targetHints":{"allow":["GET"]}}],"collection":[{"href":"https:\/\/www.panoramamarbella.com\/fr\/wp-json\/wp\/v2\/posts"}],"about":[{"href":"https:\/\/www.panoramamarbella.com\/fr\/wp-json\/wp\/v2\/types\/post"}],"author":[{"embeddable":true,"href":"https:\/\/www.panoramamarbella.com\/fr\/wp-json\/wp\/v2\/users\/7"}],"replies":[{"embeddable":true,"href":"https:\/\/www.panoramamarbella.com\/fr\/wp-json\/wp\/v2\/comments?post=13370"}],"version-history":[{"count":1,"href":"https:\/\/www.panoramamarbella.com\/fr\/wp-json\/wp\/v2\/posts\/13370\/revisions"}],"predecessor-version":[{"id":13464,"href":"https:\/\/www.panoramamarbella.com\/fr\/wp-json\/wp\/v2\/posts\/13370\/revisions\/13464"}],"wp:featuredmedia":[{"embeddable":true,"href":"https:\/\/www.panoramamarbella.com\/fr\/wp-json\/wp\/v2\/media\/13340"}],"wp:attachment":[{"href":"https:\/\/www.panoramamarbella.com\/fr\/wp-json\/wp\/v2\/media?parent=13370"}],"wp:term":[{"taxonomy":"category","embeddable":true,"href":"https:\/\/www.panoramamarbella.com\/fr\/wp-json\/wp\/v2\/categories?post=13370"},{"taxonomy":"post_tag","embeddable":true,"href":"https:\/\/www.panoramamarbella.com\/fr\/wp-json\/wp\/v2\/tags?post=13370"}],"curies":[{"name":"wp","href":"https:\/\/api.w.org\/{rel}","templated":true}]}}