{"id":16895,"date":"2025-05-16T14:45:35","date_gmt":"2025-05-16T12:45:35","guid":{"rendered":"https:\/\/www.panoramamarbella.com\/?p=16895"},"modified":"2025-06-04T14:50:04","modified_gmt":"2025-06-04T12:50:04","slug":"programmes-de-luxe-durables","status":"publish","type":"post","link":"https:\/\/www.panoramamarbella.com\/fr\/news\/programmes-de-luxe-durables","title":{"rendered":"L\u2019essor des programmes immobiliers de luxe durables \u00e0 Marbella"},"content":{"rendered":"\n\n<h2 class=\"wp-block-heading\">Habitations de luxe durables: programmes \u00e9coresponsables dans la r\u00e9gion de Marbella<\/h2>\n\n\n<div class=\"lead\"><p>Ces derni\u00e8res ann\u00e9es, la Costa del Sol a connu une transformation notable de son march\u00e9 immobilier de luxe. La durabilit\u00e9 est devenue une priorit\u00e9, un facteur cl\u00e9 dans le d\u00e9veloppement de certaines des nouvelles <a href=\"https:\/\/www.panoramamarbella.com\/fr\/developpements\">promotions les plus exclusives de Marbella<\/a>.<\/p>\n<p>Les investisseurs et acheteurs sont de plus en plus nombreux \u00e0 rechercher des propri\u00e9t\u00e9s alliant style de vie luxueux et responsabilit\u00e9 environnementale. En r\u00e9ponse, les promoteurs proposent d\u00e9sormais des projets de luxe durables qui marient harmonieusement opulence et conscience \u00e9cologique.<\/p>\n<\/div>\n\n\n<ul class=\"table-index list-unstyled p-4 p-lg-5 ms-0 bg-light\"><li class=\"text-uppercase fw-bold mb-3\">Table des mati\u00e8res<\/li><li><a href=\"#habitations+de+luxe+durables+programmes+ecoresponsables+dans+la+region+de+marbella\">\nHabitations de luxe durables: programmes \u00e9coresponsables dans la r\u00e9gion de Marbella\n<\/a><\/li>\n<li><a href=\"#the+sky+appartements+et+villas\">\nThe Sky: appartements et villas\n<\/a><\/li>\n<li><a href=\"#the+view+marbella++benahavis\">\nThe View Marbella \u2013 Benahav\u00eds\n<\/a><\/li>\n<li><a href=\"#vista+lago+residences++real+de+la+quinta+benahavis\">\nVista Lago Residences \u2013 Real de la Quinta, Benahav\u00eds\n<\/a><\/li>\n<li><a href=\"#palo+alto++ojen+marbella\">\nPalo Alto \u2013 Oj\u00e9n, Marbella\n<\/a><\/li>\n<li><a href=\"#paysage+reglementaire+en+espagne\">\nPaysage r\u00e9glementaire en Espagne\n<\/a><\/li><\/ul>\n\n\n\t<figure class=\"wp-caption aligncenter wp-block-acf-wpimage\">\n\t<picture><source width=\"900\" height=\"600\" srcset=\"https:\/\/media.panoramamarbella.com\/imgV1\/B95mbh8olwFQm~uCT2wPZMb8hll4wghQQQq6YWg0~c~U_DrmgY8pGP8pqaDzA6mvjyI_OPtcrHD_aKxDZZG0LHa5wH5qm4NY0jQuT2cUSEs_xa0vA2qSprSBzfoLVJgx4VPiB0e~VtTJgN71AhBp9UTehmWVKmdsGCQivIc1lFeXPYpsK4DQvvJEDT2Ao9veo8t3L~EUh5AyT6s-.webp 900w\" type=\"image\/webp\"><img decoding=\"async\" class=\"img-fluid\" loading=\"lazy\" width=\"900\" height=\"600\" alt=\"Ic\u00f4ne d&#039;une maison avec une \u00e9chelle d&#039;efficacit\u00e9 \u00e9nerg\u00e9tique \u00e0 l&#039;int\u00e9rieur, allant du rouge (le moins efficace) au vert fonc\u00e9 (le plus efficace), repr\u00e9sentant la performance \u00e9nerg\u00e9tique d&#039;une maison.\" src=\"https:\/\/media.panoramamarbella.com\/imgV1\/B95mbh8olwFQm~uCT2wPZMb8hll4wghQQQq6YWg0~c~U_DrmgY8pGP8pqaDzA6mvjyI_OPtcrHD_aKxDZZG0LHa5wH5qm4NY0jQuT2cUSEs_xa0vA2qSprSBzfoLVJgx4VPiB0e~VtTJgN71AhBp9UTehmWVKmdyrCQB2IaMfNh8SdwFdbtXJg--.jpg\"><\/picture>\t\t\t<figcaption class=\"wp-caption-text\">\n\t\tLes logements durables repr\u00e9sentent un investissement judicieux\t\t<\/figcaption>\n\t\t\t<\/figure>\n\t\n\n\n<p>Lorsqu\u2019il s\u2019agit de vie de luxe, le facteur climatique est devenu un \u00e9l\u00e9ment central dans les d\u00e9cisions immobili\u00e8res. Pour ceux qui cherchent leur place au soleil, les nouveaux programmes de luxe durables de la Costa del Sol offrent bien plus qu\u2019un logement : ils offrent l\u2019opportunit\u00e9 de participer \u00e0 un avenir plus durable pour ce cher paradis m\u00e9diterran\u00e9en.<\/p>\n\n\n\n<p>Voici quelques-uns des programmes les plus en vue du moment:<\/p>\n\n\n\n<h2 class=\"wp-block-heading\">The Sky: <a href=\"https:\/\/www.panoramamarbella.com\/fr\/developpements\/benahavis\/PANR-00586G\">appartements<\/a> et <a href=\"https:\/\/www.panoramamarbella.com\/fr\/developpements\/benahavis\/la-alqueria\/PANR-00598G\">villas<\/a><\/h2>\n\n\n\t<figure class=\"wp-caption aligncenter wp-block-acf-wpimage\">\n\t<picture><source width=\"900\" height=\"507\" srcset=\"https:\/\/media.panoramamarbella.com\/imgV1\/B95mbh8olwFQm~uCT2wPZMb8hll4wghQQQq6YWg0~c~U_DrmgY8pGP8pqaDzA6mvjyI_OPtcrHD_aKxDZZG0LHX3Ud09mvDNrculmhnkgQiGUuGqhh1Hn7NK0lWuXpTsWFwCbtltQFZINKvgzcMjs_72I5O~PLfF5Q6euYZ~av1fJw~iw5h4CvDmyInqcOCUoxm4I7YxREpBtXI-.webp 900w\" type=\"image\/webp\"><img decoding=\"async\" class=\"img-fluid\" loading=\"lazy\" width=\"900\" height=\"507\" alt=\"programmes de luxe durables. Villa de luxe moderne au cr\u00e9puscule avec une piscine \u00e0 d\u00e9bordement illumin\u00e9e, un \u00e9l\u00e9gant coin salon ext\u00e9rieur et une vue panoramique sur le littoral et les lumi\u00e8res de la ville.\" src=\"https:\/\/media.panoramamarbella.com\/imgV1\/B95mbh8olwFQm~uCT2wPZMb8hll4wghQQQq6YWg0~c~U_DrmgY8pGP8pqaDzA6mvjyI_OPtcrHD_aKxDZZG0LHX3Ud09mvDNrculmhnkgQiGUuGqhh1Hn7NK0lWuXpTsWFwCbtltQFZINKvgzcMjs_72I5O~PLfbcQsTo4lG2~z5eyp2rFKRpw--.jpg\"><\/picture>\t\t\t<figcaption class=\"wp-caption-text\">\n\t\tThe Sky Marbella est \u00e9quip\u00e9 de syst\u00e8mes CVC \u00e0 haute efficacit\u00e9 \u00e9nerg\u00e9tique\t\t<\/figcaption>\n\t\t\t<\/figure>\n\t\n\n\n<p>The Sky Marbella est un programme exclusif compos\u00e9 de 50 appartements de luxe et de 16 villas, con\u00e7u par le cabinet malagu\u00e8ne Teodoro Cabrilla. Les appartements, de 2 \u00e0 4 chambres, disposent de piscines priv\u00e9es et donnent acc\u00e8s \u00e0 des \u00e9quipements tels qu\u2019un club social, une piscine int\u00e9rieure, une salle de sport, un spa, des espaces de coworking et un court de padel. Les villas, con\u00e7ues par Manuel Burgos, offrent de 5 \u00e0 6 chambres, des piscines \u00e0 d\u00e9bordement priv\u00e9es, un spa, des salles de cin\u00e9ma, des espaces de divertissement et des caves \u00e0 vin. La durabilit\u00e9 est un \u00e9l\u00e9ment central du projet, avec des syst\u00e8mes de climatisation \u00e9co\u00e9nerg\u00e9tiques qui minimisent la consommation sans recourir \u00e0 des panneaux solaires.<\/p>\n\n\n\n<h2 class=\"wp-block-heading\"><a href=\"https:\/\/www.panoramamarbella.com\/fr\/developpements\/benahavis\/the-view-marbella\/PANR-00589G\">The View Marbella<\/a> \u2013 Benahav\u00eds<\/h2>\n\n\n\t<figure class=\"wp-caption aligncenter wp-block-acf-wpimage\">\n\t<picture><source width=\"900\" height=\"539\" srcset=\"https:\/\/media.panoramamarbella.com\/imgV1\/B95mbh8olwFQm~uCT2wPZMb8hll4wghQQQq6YWg0~c~U_DrmgY8pGP8pqaDzA6mvjyI_OPtcrHD_aKxDZZG0LHQVO8cDmoJhRC3AaT7j2zcJrPQINy8dZcwFWR_2jG7mIov1cII06YDjl1Z2Wq02hZAdEwwMa3VwSYGPGNaVRhg6wtUtVHhsdGWHHEtKZf3msOUQx4l0YfRv~kE-.webp 900w\" type=\"image\/webp\"><img decoding=\"async\" class=\"img-fluid\" loading=\"lazy\" width=\"900\" height=\"539\" alt=\"Spacieuse terrasse incurv\u00e9e \u00e0 The View Marbella, un d\u00e9veloppement r\u00e9sidentiel de luxe, avec des balustrades en verre et des vues panoramiques sur la mer M\u00e9diterran\u00e9e, des jardins paysagers et une grande piscine commune.\" src=\"https:\/\/media.panoramamarbella.com\/imgV1\/B95mbh8olwFQm~uCT2wPZMb8hll4wghQQQq6YWg0~c~U_DrmgY8pGP8pqaDzA6mvjyI_OPtcrHD_aKxDZZG0LHQVO8cDmoJhRC3AaT7j2zcJrPQINy8dZcwFWR_2jG7mIov1cII06YDjl1Z2Wq02hZAdEwwMa3VuH9qIWQeBultsgEgloOifNQ--.jpg\"><\/picture>\t\t\t<figcaption class=\"wp-caption-text\">\n\t\tThe View Marbella, avec une classification \u00e9nerg\u00e9tique de classe A\t\t<\/figcaption>\n\t\t\t<\/figure>\n\t\n\n\n<p>Situ\u00e9 dans le quartier de La Alborada, \u00e0 Benahav\u00eds, le programme exclusif The View Marbella, d\u00e9velopp\u00e9 par Wilma Sierra Blanca, propose des appartements avec une certification \u00e9nerg\u00e9tique de classe A. Le design int\u00e8gre le syst\u00e8me de construction Sismo, qui am\u00e9liore l\u2019isolation et r\u00e9duit la consommation d\u2019\u00e9nergie de plus de 35 %. Des sources d\u2019\u00e9nergie renouvelables, telles que les panneaux solaires et les syst\u00e8mes a\u00e9rothermiques, sont utilis\u00e9es pour le chauffage, la climatisation et la production d\u2019eau chaude. En outre, le programme dispose d\u2019un centre de bien-\u00eatre et d\u2019un spa cinq \u00e9toiles, comprenant une piscine int\u00e9rieure de 25 m\u00e8tres, une salle de sport, un sauna et un hammam, le tout con\u00e7u selon des crit\u00e8res de durabilit\u00e9.<\/p>\n\n\n\n<p>Cela peut vous int\u00e9resser :<br><a href=\"https:\/\/www.panoramamarbella.com\/fr\/news\/diagnostic-performance-energetique-espagne\">Certificat de performance \u00e9nerg\u00e9tique en Espagne<\/a><\/p>\n\n\n\n<h2 class=\"wp-block-heading\"><a href=\"https:\/\/www.panoramamarbella.com\/fr\/proprietes\/benahavis\/real-de-la-quinta\/villas-maisons-isolee\/PANR-12114\">Vista Lago Residences<\/a> \u2013 Real de la Quinta, Benahav\u00eds<\/h2>\n\n\n\t<figure class=\"wp-caption aligncenter wp-block-acf-wpimage\">\n\t<picture><source width=\"900\" height=\"675\" srcset=\"https:\/\/media.panoramamarbella.com\/imgV1\/B95mbh8olwFQm~uCT2wPZMb8hll4wghQQQq6YWg0~c~U_DrmgY8pGP8pqaDzA6mvjyI_OPtcrHD_aKxDZZG0LHMmrjdTPN5K0Wlcw7EZrIkitHUXNpKO14SRg8OtYUpX3~Y5ELt4UOQh5KFPhSdyNCntk8mb~r6Pck7YVKCLj17xSuJgAh8EAAu_uhy~VoQo~anip8AXh5yvFLU-.webp 900w\" type=\"image\/webp\"><img decoding=\"async\" class=\"img-fluid\" loading=\"lazy\" width=\"900\" height=\"675\" alt=\"\u00c9l\u00e9gant espace de vie ouvert \u00e0 Vista Lago Residences \u00e0 Real de la Quinta, Benahav\u00eds, avec une circulation int\u00e9rieure-ext\u00e9rieure harmonieuse, un mobilier design et une vue panoramique sur la mer M\u00e9diterran\u00e9e, la c\u00f4te de Marbella et les montagnes environnantes.\" src=\"https:\/\/media.panoramamarbella.com\/imgV1\/B95mbh8olwFQm~uCT2wPZMb8hll4wghQQQq6YWg0~c~U_DrmgY8pGP8pqaDzA6mvjyI_OPtcrHD_aKxDZZG0LHMmrjdTPN5K0Wlcw7EZrIkitHUXNpKO14SRg8OtYUpX3~Y5ELt4UOQh5KFPhSdyNCntk8mb~r6RZSN8fDLXuaBGhwfDdL4l2w--.jpg\"><\/picture>\t\t\t<figcaption class=\"wp-caption-text\">\n\t\tVista Lago Residences est con\u00e7u pour une efficacit\u00e9 \u00e9nerg\u00e9tique maximale\t\t<\/figcaption>\n\t\t\t<\/figure>\n\t\n\n\n<p>Vista Lago Residences, d\u00e9velopp\u00e9e par BRIGHT, se situe dans le complexe de 200 hectares de Real de la Quinta, le premier en Espagne \u00e0 avoir obtenu le certificat d\u2019infrastructure BREEAM. Ce programme exclusif est en cours de certification BREEAM pour la phase de conception, avec pour objectif d\u2019atteindre la note \u00ab Excellent \u00bb. Chaque villa est con\u00e7ue pour une efficacit\u00e9 \u00e9nerg\u00e9tique maximale, avec des installations photovolta\u00efques de 8 kW, des syst\u00e8mes a\u00e9rothermiques et une isolation avanc\u00e9e. La conservation de l\u2019eau est assur\u00e9e par le traitement des eaux grises, la collecte des eaux de pluie et des syst\u00e8mes d\u2019irrigation efficaces. Les villas int\u00e8grent \u00e9galement une technologie domotique, des potagers biologiques et sont construites avec des mat\u00e9riaux durables, garantissant une alliance harmonieuse entre luxe et durabilit\u00e9.<\/p>\n\n\n\n<p>Les r\u00e9sidents peuvent profiter de toutes les installations de Real de la Quinta : un lac de 35 000 m\u00b2 pour pratiquer des sports nautiques non motoris\u00e9s comme le kayak, la natation, le paddle ou l\u2019aviron ; un parcours de golf autour du lac ; un club social avec restaurant et bar exclusifs ; un centre de bien-\u00eatre ; des courts de tennis et de padel, entre autres nombreuses options. Les vues sont exceptionnelles, s\u2019\u00e9tendant sur toute la M\u00e9diterran\u00e9e jusqu\u2019\u00e0 Gibraltar et la c\u00f4te africaine.<\/p>\n\n\n\n<h2 class=\"wp-block-heading\"><a href=\"https:\/\/www.panoramamarbella.com\/fr\/proprietes\/ojen\/palo-alto\">Palo Alto<\/a> \u2013 Oj\u00e9n, Marbella<\/h2>\n\n\n\t<figure class=\"wp-caption aligncenter wp-block-acf-wpimage\">\n\t<picture><source width=\"900\" height=\"600\" srcset=\"https:\/\/media.panoramamarbella.com\/imgV1\/B95mbh8olwFQm~uCT2wPZMb8hll4wghQQQq6YWg0~c~U_DrmgY8pGP8pqaDzA6mvjyI_OPtcrHD_aKxDZZG0LHJmzOwF~trs~Cl7tqp8Y5y3oGXG9XSE0Ib6oIuK~BMjioqAaROJ3pL7jpYTwNVhORERV_owlU3pvqnEIQ1XBDFMYteiut1PFd5QILRwt2Zv_yKwjsyOMUN8jNU-.webp 900w\" type=\"image\/webp\"><img decoding=\"async\" class=\"img-fluid\" loading=\"lazy\" width=\"900\" height=\"600\" alt=\"Immeuble d&#039;appartements contemporain \u00e0 Palo Alto \u00e0 Oj\u00e9n, Marbella, pr\u00e9sentant une architecture blanche \u00e9pur\u00e9e, des terrasses spacieuses avec balustrades en verre, des jardins paysagers et des vues panoramiques sur les collines et les montagnes environnantes.\" src=\"https:\/\/media.panoramamarbella.com\/imgV1\/B95mbh8olwFQm~uCT2wPZMb8hll4wghQQQq6YWg0~c~U_DrmgY8pGP8pqaDzA6mvjyI_OPtcrHD_aKxDZZG0LHJmzOwF~trs~Cl7tqp8Y5y3oGXG9XSE0Ib6oIuK~BMjioqAaROJ3pL7jpYTwNVhORERV_owlU33WidT70Axpeu00EbvIQMRxA--.jpg\"><\/picture>\t\t\t<figcaption class=\"wp-caption-text\">\n\t\tPalo Alto est situ\u00e9 juste au nord du centre de Marbella\t\t<\/figcaption>\n\t\t\t<\/figure>\n\t\n\n\n<p>Palo Alto est une communaut\u00e9 ferm\u00e9e situ\u00e9e dans les collines d\u2019Oj\u00e9n, juste au nord du centre de Marbella. Sur ses 50 hectares, seuls 20 sont urbanis\u00e9s, ce qui permet de pr\u00e9server l\u2019environnement naturel. Ce programme exclusif s\u2019est engag\u00e9 \u00e0 r\u00e9duire la pollution de l\u2019air de pr\u00e8s de 90 % et adopte une philosophie \u00e9cologique, avec pour objectif clair la certification BREEAM.<\/p>\n\n\n\n<p>Le projet comprend 160 appartements et penthouses r\u00e9partis dans quatre complexes contemporains : Los Pinsapos, Las Jacarandas, Los Almendros et Los Eucaliptos. Les r\u00e9sidents b\u00e9n\u00e9ficient d\u2019installations telles qu\u2019un club de sant\u00e9 avec spa et salle de sport, des espaces de coworking, un march\u00e9 bio, des infrastructures \u00e9questres et des services de conciergerie. Les logements, de 2 \u00e0 4 chambres, offrent des vues panoramiques sur la mer M\u00e9diterran\u00e9e et la Sierra de las Nieves.<\/p>\n\n\n<article class=\"col w-100 position-relative mb-5 wp-block-acf-banner\">\n    <div class=\"d-flex flex-wrap flex-column flex-xl-row align-items-start align-items-xl-end gap-4 w-100 bg-secondary text-white p-4\">\n        <div class=\"d-flex flex-column\">\n\t\t\t            <a href=\"https:\/\/www.panoramamarbella.com\/fr\/bulletin-information-sur-immobilier\" class=\"stretched-link text-white text-decoration-none\" title=\"Vous aimez ce que vous lisez?\">\n\t\t\t\t<h2 class=\"text-white mb-3\">Vous aimez ce que vous lisez?<\/h2>            <\/a>\n\t\t\t            <p class=\"mb-0\">\n                Abonnez-vous \u00e0 notre newsletter pour des articles captivants, du contenu exclusif et les derni\u00e8res actualit\u00e9s.            <\/p>\n\t\t\t        <\/div>\n\t\t        <span class=\"btn btn-outline-light ms-xl-auto\">Bulletin Panorama<\/span>\n\t\t    <\/div>\n<\/article>\n\n\n\n\n<h2 class=\"wp-block-heading\">Paysage r\u00e9glementaire en Espagne<\/h2>\n\n\n\n<p>\u00c0 mesure que l\u2019Espagne adopte des r\u00e9glementations de construction de plus en plus strictes, en accord avec les objectifs de durabilit\u00e9 de l\u2019Union europ\u00e9enne et une prise de conscience croissante des consommateurs, il est \u00e0 pr\u00e9voir que le design \u00e9cologique devienne la norme plut\u00f4t que l\u2019exception dans le march\u00e9 immobilier de luxe.<\/p>\n\n\n\t<figure class=\"wp-caption aligncenter wp-block-acf-wpimage\">\n\t<picture><source width=\"900\" height=\"600\" srcset=\"https:\/\/media.panoramamarbella.com\/imgV1\/B95mbh8olwFQm~uCT2wPZMb8hll4wghQQQq6YWg0~c~U_DrmgY8pGP8pqaDzA6mvjyI_OPtcrHD_aKxDZZG0LHFyEfxqm6aJR_Qx5kxwtt~xpM6Ih7crgsasPGe5qHTppYlRzOf5YlLKgokDswecZ_CIoc~EetpedR1VJ8neCEZ5oj7k5jqareu_ir5Ghu4Pri2a~QR7R14VA00-.webp 900w\" type=\"image\/webp\"><img decoding=\"async\" class=\"img-fluid\" loading=\"lazy\" width=\"900\" height=\"600\" alt=\"Gros plan de la main d&#039;une personne touchant un panneau solaire, symbolisant l&#039;\u00e9nergie propre, la durabilit\u00e9 et la technologie renouvelable moderne.\" src=\"https:\/\/media.panoramamarbella.com\/imgV1\/B95mbh8olwFQm~uCT2wPZMb8hll4wghQQQq6YWg0~c~U_DrmgY8pGP8pqaDzA6mvjyI_OPtcrHD_aKxDZZG0LHFyEfxqm6aJR_Qx5kxwtt~xpM6Ih7crgsasPGe5qHTppYlRzOf5YlLKgokDswecZ_CIoc~EetpAc8HU83L_J2hLf5dwBLwImg--.jpg\"><\/picture>\t\t\t<figcaption class=\"wp-caption-text\">\n\t\tLa Costa del Sol est id\u00e9alement positionn\u00e9e pour r\u00e9pondre et m\u00eame d\u00e9passer les exigences de la directive europ\u00e9enne sur la performance \u00e9nerg\u00e9tique des b\u00e2timents\t\t<\/figcaption>\n\t\t\t<\/figure>\n\t\n\n\n<p>La mise en \u0153uvre en Espagne de la Directive europ\u00e9enne sur la performance \u00e9nerg\u00e9tique des b\u00e2timents (EPBD) exigera qu\u2019\u00e0 partir de 2026, tous les nouveaux b\u00e2timents soient \u00e0 consommation d\u2019\u00e9nergie quasi nulle (nZEB). Gr\u00e2ce \u00e0 son ensoleillement abondant et \u00e0 son climat doux, la Costa del Sol est id\u00e9alement plac\u00e9e pour r\u00e9pondre \u00e0 ces normes, voire les d\u00e9passer, gr\u00e2ce \u00e0 une conception passive et \u00e0 l\u2019utilisation d\u2019\u00e9nergies renouvelables.<\/p>\n\n\n\n<p>Si tu souhaites d\u00e9couvrir d\u2019autres programmes durables et villas \u00e9cologiques \u00e0 Marbella et dans les environs, n\u2019h\u00e9site pas \u00e0 nous contacter. Nous serons ravis de te tenir inform\u00e9 des derni\u00e8res propri\u00e9t\u00e9s parfaitement adapt\u00e9es \u00e0 tes besoins.<\/p>\n\n\n\n<div class=\"contact-only bg-light wp-block-acf-contactform\">\n\t\t<div class=\"position-relative\">\n\t\t<span id=\"inm-contact-form\" class=\"position-absolute\" style=\"top:-130px\"><\/span>\n\t<\/div>\n\t\t\n\t\t<script src=\"https:\/\/www.google.com\/recaptcha\/api.js?render=6LeWOaYZAAAAAGZM7q40J51QMau9I_gs19mp9lZJ&#038;hl=fr\"><\/script>\n\t\n<form id=\"contact_form_1\" class=\"needs-validation h-100 d-flex flex-column p-4 p-md-5\" data-contact=\"contact_form_1\" action=\"localhost\" method=\"POST\" novalidate>\n\t<strong class=\"h3 align-self-start\">Votre nouveau chez-vous vous attend. Contactez-nous d\u00e8s aujourd\u2019hui.<\/strong><p class=\"mb-5\">Marbella propose une nouvelle g\u00e9n\u00e9ration de logements alliant luxe, design et durabilit\u00e9. Si vous souhaitez acqu\u00e9rir une propri\u00e9t\u00e9 moderne et \u00e9conome en \u00e9nergie, en harmonie avec son environnement, notre \u00e9quipe est pr\u00eate \u00e0 vous accompagner.<\/p>\t<span id=\"contact_form_1-result\" data-stext=\"source\" data-source=\"contact\"><\/span>\n\t<input type=\"hidden\" name=\"success\" value=\"\/fr\/success?source=listings\" \/>\n\t<input type=\"hidden\" name=\"lang\" value=\"fr\" \/>\n\t<input type=\"hidden\" name=\"agency\" value=\"399\" \/>\n\t<input type=\"hidden\" name=\"recipient\" value=\"listings\" \/>\n\t<input type=\"hidden\" name=\"source\" value=\"https:\/\/www.panoramamarbella.com\/fr\/wp-json\/wp\/v2\/posts\/16895\" \/>\n\t<input type=\"hidden\" name=\"subject\" value=\"Listing Request (FR)\" \/>\n\t\t\t<input type=\"hidden\" name=\"origin\" value=\"L\u2019essor des programmes immobiliers de luxe durables \u00e0 Marbella\" \/>\n\t\t<div class=\"row g-3\">\n\t\t<div class=\"col-md-6\">\n\t\t\t<label class=\"form-label\" for=\"name\">Pr\u00e9nom*<\/label>\n\t\t\t<input id=\"name\" name=\"name\" type=\"text\" class=\"form-control\" autocomplete=\"off\" required data-error=\"Nom requis\">\n\t\t<\/div>\n\t\t<div class=\"col-md-6\">\n\t\t\t<label class=\"form-label\" for=\"name\">Nom de famille*<\/label>\n\t\t\t<input id=\"lastname\" name=\"lastname\" type=\"text\" class=\"form-control\" autocomplete=\"off\" required data-error=\"Nom de famille\">\n\t\t<\/div>\n\t\t<div class=\"col-12\">\n\t\t\t<label class=\"form-label\" for=\"email\">E-mail*<\/label>\n\t\t\t<input id=\"email\" name=\"email\" type=\"email\" class=\"form-control\" autocomplete=\"off\" required data-error=\"E-mail requis\">\n\t\t<\/div>\n\t\t\t\t<div class=\"col-md-6\">\n\t\t\t<label class=\"form-label\" for=\"phone\">Num\u00e9ro de t\u00e9l\u00e9phone <small><\/small><\/label>\n\t\t\t<input id=\"phone\" name=\"intphone\" type=\"tel\" class=\"form-control\" autocomplete=\"off\" placeholder=\"T\u00e9l\u00e9phone\" required data-error=\"Les num\u00e9ros de t\u00e9l\u00e9phone doivent comporter entre 8 et 20 chiffres\" pattern=\"(?:\\d\\s*){4,}\">\n\t\t<\/div>\n\t\t<div class=\"col-md-6\">\n\t\t\t<label class=\"form-label\">Meilleur moment pour appeler <small><\/small><\/label>\n\t\t\t<select class=\"form-select\" name=\"time\">\n\t\t\t\t<option selected>\u00c0 tout moment<\/option>\n\t\t\t\t<option value=\"1\">Le matin<\/option>\n\t\t\t\t<option value=\"2\">L&rsquo;apr\u00e8s-midi<\/option>\n\t\t\t\t<option value=\"3\">Le soir<\/option>\n\t\t\t<\/select>\n\t\t<\/div>\n\t\t<div class=\"col-12\">\n\t\t\t<label for=\"address\" class=\"form-label\">Adresse <small><\/small><\/label>\n\t\t\t<input id=\"address\" name=\"address\" type=\"text\" class=\"form-control\" \/>\n\t\t<\/div>\n\t\t<div class=\"col-12\">\n\t\t\t<label for=\"formComment\" class=\"form-label\">Message<\/label>\n\t\t\t<textarea class=\"form-control\" placeholder=\"Laissez un commentaire ici\" name=\"comment\" id=\"formComment\" maxlength=\"8000\" rows=\"5\"><\/textarea>\n\t\t<\/div>\n\t\t\t\t<div class=\"col-12\">\n\t\t\t<div class=\"form-check\">\n\t\t\t\t<input type=\"checkbox\" class=\"form-check-input\" id=\"contact_form_1-customCheck1\" name=\"privacy_policy\" required data-error=\"Champ obligatoire\">\n\t\t\t\t<label class=\"form-check-label\" for=\"contact_form_1-customCheck1\">J&rsquo;accepte le <a target=\"_blank\" class=\"text-decoration-none\" href=\"https:\/\/www.panoramamarbella.com\/privacy-policy\">Conditions g\u00e9n\u00e9rales d&rsquo;utilisation<\/a><\/label>\n\t\t\t<\/div>\n\t\t\t<div class=\"form-check\">\n\t\t\t\t<input type=\"checkbox\" class=\"form-check-input\" id=\"contact_form_1-customCheck2\" name=\"commercial_information\">\n\t\t\t\t<label class=\"form-check-label\" for=\"contact_form_1-customCheck2\">J&rsquo;accepte de recevoir des communications de Panorama<\/label>\n\t\t\t<\/div>\n\t\t<\/div>\n\t<\/div>\n\t<button data-ids=\"contact_form_1\" data-lang=\"fr\" data-sitekey=\"6LeWOaYZAAAAAGZM7q40J51QMau9I_gs19mp9lZJ\" class=\"align-self-start btn btn-primary px-4 py-2 mt-4 g-recaptcha\" role=\"button\" aria-label=\"Send\">Envoyer<\/button>\n<\/form><\/div>\n\n","protected":false},"excerpt":{"rendered":"<p>De plus en plus d\u2019acheteurs souhaitent investir dans des logements durables, et les promoteurs r\u00e9pondent avec des projets innovants qui allient luxe et conscience \u00e9cologique.<\/p>\n","protected":false},"author":7,"featured_media":16808,"comment_status":"closed","ping_status":"closed","sticky":false,"template":"","format":"standard","meta":{"_acf_changed":false,"footnotes":""},"categories":[45],"tags":[],"class_list":["post-16895","post","type-post","status-publish","format-standard","has-post-thumbnail","hentry","category-actualites-secteur-immobilier"],"acf":[],"_links":{"self":[{"href":"https:\/\/www.panoramamarbella.com\/fr\/wp-json\/wp\/v2\/posts\/16895","targetHints":{"allow":["GET"]}}],"collection":[{"href":"https:\/\/www.panoramamarbella.com\/fr\/wp-json\/wp\/v2\/posts"}],"about":[{"href":"https:\/\/www.panoramamarbella.com\/fr\/wp-json\/wp\/v2\/types\/post"}],"author":[{"embeddable":true,"href":"https:\/\/www.panoramamarbella.com\/fr\/wp-json\/wp\/v2\/users\/7"}],"replies":[{"embeddable":true,"href":"https:\/\/www.panoramamarbella.com\/fr\/wp-json\/wp\/v2\/comments?post=16895"}],"version-history":[{"count":1,"href":"https:\/\/www.panoramamarbella.com\/fr\/wp-json\/wp\/v2\/posts\/16895\/revisions"}],"predecessor-version":[{"id":17544,"href":"https:\/\/www.panoramamarbella.com\/fr\/wp-json\/wp\/v2\/posts\/16895\/revisions\/17544"}],"wp:featuredmedia":[{"embeddable":true,"href":"https:\/\/www.panoramamarbella.com\/fr\/wp-json\/wp\/v2\/media\/16808"}],"wp:attachment":[{"href":"https:\/\/www.panoramamarbella.com\/fr\/wp-json\/wp\/v2\/media?parent=16895"}],"wp:term":[{"taxonomy":"category","embeddable":true,"href":"https:\/\/www.panoramamarbella.com\/fr\/wp-json\/wp\/v2\/categories?post=16895"},{"taxonomy":"post_tag","embeddable":true,"href":"https:\/\/www.panoramamarbella.com\/fr\/wp-json\/wp\/v2\/tags?post=16895"}],"curies":[{"name":"wp","href":"https:\/\/api.w.org\/{rel}","templated":true}]}}