{"id":18254,"date":"2025-06-23T09:30:59","date_gmt":"2025-06-23T07:30:59","guid":{"rendered":"https:\/\/www.panoramamarbella.com\/?p=18254"},"modified":"2025-06-23T09:32:08","modified_gmt":"2025-06-23T07:32:08","slug":"5-escapades-de-charme","status":"publish","type":"post","link":"https:\/\/www.panoramamarbella.com\/fr\/news\/5-escapades-de-charme","title":{"rendered":"5 escapades de charme \u00e0 moins de 2 heures de Marbella"},"content":{"rendered":"\n\n<h2 class=\"wp-block-heading\">5 destinations d\u2019un autre monde \u00e0 moins de 2 heures de Marbella<\/h2>\n\n\n<div class=\"lead\"><p>L\u2019un des nombreux avantages de vivre sur la Costa del Sol, c\u2019est la vari\u00e9t\u00e9 d\u2019escapades incroyables \u00e0 port\u00e9e de main. Pas besoin de prendre l\u2019avion pour avoir l\u2019impression de se d\u00e9tendre sur une plage des Cara\u00efbes, de randonner dans les Alpes suisses ou de faire du kayak dans des grottes karstiques dignes d\u2019un parc national d\u2019Asie du Sud-Est.<\/p>\n<\/div>\n\n\n<ul class=\"table-index list-unstyled p-4 p-lg-5 ms-0 bg-light\"><li class=\"text-uppercase fw-bold mb-3\">Table des mati\u00e8res<\/li><li><a href=\"#5+destinations+dun+autre+monde+a+moins+de+2+heures+de+marbella\">\n5 destinations d\u2019un autre monde \u00e0 moins de 2 heures de Marbella\n<\/a><\/li>\n<li><a href=\"#tarifa\">\nTarifa\n<\/a><\/li>\n<li><a href=\"#casares\">\nCasares\n<\/a><\/li>\n<li><a href=\"#nerja\">\nNerja\n<\/a><\/li>\n<li><a href=\"#benaojan\">\nBenaoj\u00e1n\n<\/a><\/li>\n<li><a href=\"#cortes+de+la+frontera\">\nCortes de la Frontera\n<\/a><\/li>\n<li><a href=\"#cinq+facons+de+rompre+avec+la+routine+sans+quitter+landalousie\">\nCinq fa\u00e7ons de rompre avec la routine sans quitter l\u2019Andalousie\n<\/a><\/li><\/ul>\n\n\n\t<figure class=\"wp-caption aligncenter wp-block-acf-wpimage\">\n\t<picture><source width=\"900\" height=\"675\" srcset=\"https:\/\/media.panoramamarbella.com\/imgV1\/B95mbh8olwFQm~uCT2wPZMb8hll4wghQQQq6YWg0~c~U_DrmgY8pGP8pqaDzA6mvjyI_OPtcrHD_aKxDZZG3IGMWNWDgREJh0UYh7pPLVhRtpsUXXO79xbw0lyXj~Xfqrn1zKqmBYMiKU8~5DwDd2SdMWh58rCwZYAHxADx17ps9VF9xfa8f67DSMdPyfndkJs4ttZuHIfNPJ9ZbaASWNJbJ8araXA--.webp 900w\" type=\"image\/webp\"><img decoding=\"async\" class=\"img-fluid\" loading=\"lazy\" width=\"900\" height=\"675\" alt=\"Escapades de charme. Un champ de fleurs sauvages jaunes parsem\u00e9 de coquelicots rouges, parsem\u00e9 d&#039;oliviers centenaires sous un ciel bleu clair. En arri\u00e8re-plan, une colline rocheuse avec des b\u00e2timents nich\u00e9s parmi les arbres compl\u00e8te le tableau naturel.\" src=\"https:\/\/media.panoramamarbella.com\/imgV1\/B95mbh8olwFQm~uCT2wPZMb8hll4wghQQQq6YWg0~c~U_DrmgY8pGP8pqaDzA6mvjyI_OPtcrHD_aKxDZZG3IGMWNWDgREJh0UYh7pPLVhRtpsUXXO79xbw0lyXj~Xfqrn1zKqmBYMiKU8~5DwDd2SdMWh58rCwZYAHxADx17ps9VEEqBHDhv6XzY40n8J1OlizC.jpg\"><\/picture>\t\t<\/figure>\n\t\n\n\n<h2 class=\"wp-block-heading\">Tarifa<\/h2>\n\n\n\n<p>Un joyau c\u00f4tier de la province de Cadix et l\u2019une des escapades de charme les plus spectaculaires de la Costa de la Luz, o\u00f9 la mer M\u00e9diterran\u00e9e rencontre l\u2019oc\u00e9an Atlantique.<\/p>\n\n\n\t<figure class=\"wp-caption aligncenter wp-block-acf-wpimage\">\n\t<picture><source width=\"900\" height=\"600\" srcset=\"https:\/\/media.panoramamarbella.com\/imgV1\/B95mbh8olwFQm~uCT2wPZMb8hll4wghQQQq6YWg0~c~U_DrmgY8pGP8pqaDzA6mvjyI_OPtcrHD_aKxDZZG3IGADgopOgr4ZzBOu0Nysk436Zqui0pGO1f6KhyMHern4N_w87skDe~2GiSncAHDNm~TYl72inhFPqTUYm_PhgBEdm7Lf9hcP4WuSL0k1W2xyyr4orUt27~TGL4jrHW_TD2sNJHym~g--.webp 900w\" type=\"image\/webp\"><img decoding=\"async\" class=\"img-fluid\" loading=\"lazy\" width=\"900\" height=\"600\" alt=\"En regardant vers Tarifa, une longue all\u00e9e pav\u00e9e s&#039;\u00e9tend \u00e0 perte de vue, bord\u00e9e de bancs en b\u00e9ton. \u00c0 droite de la route, la mer M\u00e9diterran\u00e9e et \u00e0 gauche, l&#039;oc\u00e9an Atlantique. En arri\u00e8re-plan, le littoral, les immeubles de la ville et les collines se dressent sous un ciel bleu azur.\" src=\"https:\/\/media.panoramamarbella.com\/imgV1\/B95mbh8olwFQm~uCT2wPZMb8hll4wghQQQq6YWg0~c~U_DrmgY8pGP8pqaDzA6mvjyI_OPtcrHD_aKxDZZG3IGADgopOgr4ZzBOu0Nysk436Zqui0pGO1f6KhyMHern4N_w87skDe~2GiSncAHDNm~TYl72inhFPqTUYm_PhgBEdm6zmbSic4Jk1If2JU4RxMpym.jpg\"><\/picture>\t\t\t<figcaption class=\"wp-caption-text\">\n\t\tEn direction de Tarifa, la mer M\u00e9diterran\u00e9e s\u2019\u00e9tend sur la droite de la route et l\u2019oc\u00e9an Atlantique sur la gauche\t\t<\/figcaption>\n\t\t\t<\/figure>\n\t\n\n\n<p>Connue comme la \u00ab\u202fcapitale europ\u00e9enne du kitesurf\u202f\u00bb, Tarifa se trouve \u00e0 environ 70 km \u00e0 l\u2019ouest de Marbella, soit environ 1h15 de route via l\u2019AP-7 et la N-340. C\u2019est l\u2019un des meilleurs endroits au monde pour pratiquer le kitesurf et la planche \u00e0 voile, en particulier sur les plages de <a href=\"https:\/\/www.google.com\/maps\/place\/Playa+Valdevaqueros\/@36.0648412,-5.6854112,15z\/data=!4m15!1m8!3m7!1s0xd0c8bb6f417f43d:0xb3f2d035ff4cd963!2s11380+Valdevaqueros,+C%C3%A1diz!3b1!8m2!3d36.0663956!4d-5.6773011!16s%2Fm%2F0r4kmvf!3m5!1s0xd0c8a4c70db6539:0xc4cf800a81b036b6!8m2!3d36.0689622!4d-5.6912931!16s%2Fg%2F11c57nfnfm?entry=ttu&amp;g_ep=EgoyMDI1MDYxNi4wIKXMDSoASAFQAw%3D%3D\" target=\"_blank\" rel=\"noreferrer noopener nofollow\">Valdevaqueros<\/a> et de <a href=\"https:\/\/www.google.com\/maps\/place\/Playa+de+Los+Lances\/@36.0359405,-5.6258145,15z\/data=!3m1!4b1!4m6!3m5!1s0xd0c8e9f30ec9259:0xdc406a749980f1ea!8m2!3d36.0351695!4d-5.623453!16s%2Fm%2F0r4pnxx?entry=ttu&amp;g_ep=EgoyMDI1MDYxNi4wIKXMDSoASAFQAw%3D%3D\" target=\"_blank\" rel=\"noreferrer noopener nofollow\">Los Lances<\/a>, qui accueillent plusieurs \u00e9coles de surf renomm\u00e9es, adapt\u00e9es aussi bien aux d\u00e9butants qu\u2019aux surfeurs exp\u00e9riment\u00e9s. \u00c0 l\u2019extr\u00e9mit\u00e9 de la plage de Valdevaqueros, on peut grimper sur les impressionnantes dunes de sable, voire l<a href=\"https:\/\/www.google.com\/maps\/place\/Duna+De+Valdevaqueros\/@36.0673197,-5.6988508,17z\/data=!3m1!4b1!4m6!3m5!1s0xd0c8a4f13a69ad7:0x69faa2f7279c19c2!8m2!3d36.0673197!4d-5.6988508!16s%2Fg%2F11bxdzn4hg?entry=ttu&amp;g_ep=EgoyMDI1MDYxNi4wIKXMDSoASAFQAw%3D%3D\" target=\"_blank\" rel=\"noreferrer noopener nofollow\">es traverser en voiture<\/a> par la route A-2325. Une autre plage id\u00e9ale, plus tranquille et avec ses propres dunes, est la <a href=\"https:\/\/www.google.com\/maps\/place\/Bolonia+Beach\/@36.082836,-5.7671712,16z\/data=!3m1!4b1!4m6!3m5!1s0xd0c60536b4b02b5:0xb17c1122f1f629c5!8m2!3d36.084097!4d-5.7666869!16s%2Fg%2F1q5bn77n7?entry=ttu&amp;g_ep=EgoyMDI1MDYxNi4wIKXMDSoASAFQAw%3D%3D\" target=\"_blank\" rel=\"noreferrer noopener nofollow\">plage de Bologne<\/a>. Juste derri\u00e8re, on peut explorer les impressionnantes ruines romaines de <a href=\"https:\/\/www.google.com\/maps\/place\/Baelo+Claudia\/@36.0905816,-5.773402,16z\/data=!3m1!4b1!4m6!3m5!1s0xd0c605252ca33af:0xc5fb01af4f247b2c!8m2!3d36.088828!4d-5.7727096!16zL20vMGJyNW55?entry=ttu&amp;g_ep=EgoyMDI1MDYxNi4wIKXMDSoASAFQAw%3D%3D\" target=\"_blank\" rel=\"noreferrer noopener nofollow\">Baelo Claudia<\/a>, avec son th\u00e9\u00e2tre, ses colonnes et son aqueduc bien conserv\u00e9s.<\/p>\n\n\n\t<figure class=\"wp-caption aligncenter wp-block-acf-wpimage\">\n\t<picture><source width=\"900\" height=\"532\" srcset=\"https:\/\/media.panoramamarbella.com\/imgV1\/B95mbh8olwFQm~uCT2wPZMb8hll4wghQQQq6YWg0~c~U_DrmgY8pGP8pqaDzA6mvjyI_OPtcrHD_aKxDZZG3IGE2_1KTEKeWbP0viU824egxagNcz0e7iaUsReCMKQ0Zz2VqeHu6r_vzlUOBBNlQDaBSmrBe4sFxjhdznxr1LJDns1Qvm21BDX936pEpWLoyLbUVyWsAPo2ejKIQZ5s1F256pCz6lg--.webp 900w\" type=\"image\/webp\"><img decoding=\"async\" class=\"img-fluid\" loading=\"lazy\" width=\"900\" height=\"532\" alt=\"Des cavaliers et un chien traversent des dunes de sable dor\u00e9 sous un ciel bleu azur, avec les sommets des montagnes en arri\u00e8re-plan. Un paysage c\u00f4tier paisible pr\u00e8s de Tarifa, m\u00ealant mer, sable et nature.\" src=\"https:\/\/media.panoramamarbella.com\/imgV1\/B95mbh8olwFQm~uCT2wPZMb8hll4wghQQQq6YWg0~c~U_DrmgY8pGP8pqaDzA6mvjyI_OPtcrHD_aKxDZZG3IGE2_1KTEKeWbP0viU824egxagNcz0e7iaUsReCMKQ0Zz2VqeHu6r_vzlUOBBNlQDaBSmrBe4sFxjhdznxr1LJDns0rbL3p0NC6Hrds07JSSg1Yw.jpg\"><\/picture>\t\t\t<figcaption class=\"wp-caption-text\">\n\t\tLes chevaux gravissent les dunes de Tarifa\t\t<\/figcaption>\n\t\t\t<\/figure>\n\t\n\n\n<p>Baigne-toi dans des eaux cristallines couleur turquoise, grimpe des dunes de sable dor\u00e9, observe les baleines dans le d\u00e9troit de Gibraltar et fais une balade \u00e0 cheval au coucher du soleil le long de la plage. S\u00e9journe dans des h\u00f4tels pleins de charme au style d\u00e9contract\u00e9 comme l\u2019Hurricane Hotel ou le Punta Sur, ou vis ton escapade comme un v\u00e9ritable surfeur dans l\u2019un des nombreux campings de la r\u00e9gion.<\/p>\n\n\n\n<h2 class=\"wp-block-heading\">Casares<\/h2>\n\n\n\n<p>\u00c0 seulement 45 minutes de Marbella, en prenant la direction de l\u2019int\u00e9rieur des terres depuis Estepona par l\u2019AP7 et la MA8300, se trouve ce magnifique village blanc perch\u00e9 au sommet d\u2019une colline, offrant une vue digne d\u2019un conte de f\u00e9es sur la vall\u00e9e du Genal. Si tu recherches des panoramas spectaculaires et un bon endroit pour observer les rapaces, <a href=\"https:\/\/www.google.com\/maps\/place\/Mirador+del+Tajo+de+la+Plan%C3%A1\/@36.4425161,-5.2744163,3a,75y,90t\/data=!3m8!1e2!3m6!1sCIHM0ogKEICAgIDk1YDDBw!2e10!3e12!6shttps:%2F%2Flh3.googleusercontent.com%2Fgeougc-cs%2FAB3l90BK3Et8f6phRZsGVT__Yg0Tgzbxjyp_HSbgxj0IyuhvmNXrAc2AOthyFXwzbzL1jKo-Nl_TIhYJvm_JWU70K19WiJGmLOt-shPIO4uDmIn-MK3bc3fdaKylgrZvgxzi2b0YCaDS!7i4032!8i3024!4m7!3m6!1s0xd0cd960e1c18167:0x2c37bb3f57262bc0!8m2!3d36.4425161!4d-5.2744163!10e5!16s%2Fg%2F11g0dh4_nk?entry=ttu&amp;g_ep=EgoyMDI1MDYxNi4wIKXMDSoASAFQAw%3D%3D\" target=\"_blank\" rel=\"noreferrer noopener nofollow\">le belv\u00e9d\u00e8re au sommet<\/a> est l\u2019un des meilleurs de la r\u00e9gion. Accroch\u00e9 \u00e0 une pente escarp\u00e9e, Casares incarne l\u2019esth\u00e9tique classique des villages blancs, avec une beaut\u00e9 particuli\u00e8rement saisissante. Vu de loin, ses maisons blanchies \u00e0 la chaux semblent empil\u00e9es comme des cubes de sucre, sous la silhouette de l\u2019\u00e9glise de l\u2019Encarnaci\u00f3n, construite en 1505, et des ruines d\u2019un ch\u00e2teau arabe au sommet de la colline.<\/p>\n\n\n\t<figure class=\"wp-caption aligncenter wp-block-acf-wpimage\">\n\t<picture><source width=\"900\" height=\"486\" srcset=\"https:\/\/media.panoramamarbella.com\/imgV1\/B95mbh8olwFQm~uCT2wPZMb8hll4wghQQQq6YWg0~c~U_DrmgY8pGP8pqaDzA6mvjyI_OPtcrHD_aKxDZZG3IGaVy6zWPxjrPh9kcMYZUNN8fRYEGiiltOR8LYhhXqQsFoiIJkFYQP0oYfU8eG0r76Tqha9zD9guKMciojUNH6jIz_mJhumrwfDvQYqHZPZDrBxTJMkgqjWJoWo~kZE0XQgFVuXBTA--.webp 900w\" type=\"image\/webp\"><img decoding=\"async\" class=\"img-fluid\" loading=\"lazy\" width=\"900\" height=\"486\" alt=\"Vue panoramique d&#039;un village blanc andalou traditionnel perch\u00e9 sur une colline, avec son clocher et les ruines d&#039;un ch\u00e2teau au sommet. Des collines verdoyantes et des \u00e9oliennes au loin s&#039;\u00e9tendent \u00e0 l&#039;horizon sous un ciel partiellement nuageux.\" src=\"https:\/\/media.panoramamarbella.com\/imgV1\/B95mbh8olwFQm~uCT2wPZMb8hll4wghQQQq6YWg0~c~U_DrmgY8pGP8pqaDzA6mvjyI_OPtcrHD_aKxDZZG3IGaVy6zWPxjrPh9kcMYZUNN8fRYEGiiltOR8LYhhXqQsFoiIJkFYQP0oYfU8eG0r76Tqha9zD9guKMciojUNH6jIz~cMDgGK0krI5NDN0~ZXzQ~S.jpg\"><\/picture>\t\t\t<figcaption class=\"wp-caption-text\">\n\t\tFl\u00e2ne dans le village de Casares pour profiter de vues magnifiques, d\u2019arcs andalous, de jardins pleins de charme et de boutiques pleines de caract\u00e8re\t\t<\/figcaption>\n\t\t\t<\/figure>\n\t\n\n\n<p>La pente du labyrinthe de ruelles qui traverse le village n\u2019est pas accessible \u00e0 tout le monde, mais l\u2019effort en vaut largement la peine. Consid\u00e9r\u00e9 comme l\u2019une des plus belles balades \u00e0 travers un village espagnol, avec ses arcs andalous, ses jardins myst\u00e9rieux et ses boutiques pleines de charme, c\u2019est surtout la vue depuis le sommet qui en fait tout l\u2019attrait.<\/p>\n\n\n\n<p>Apr\u00e8s avoir explor\u00e9 le village \u00e0 ton rythme (sans oublier la visite des ruines du ch\u00e2teau), il reste encore de nombreuses merveilles \u00e0 d\u00e9couvrir dans les environs. Au fond de la vall\u00e9e, au bord de la rivi\u00e8re Manilva et \u00e0 environ <a href=\"https:\/\/www.google.com\/maps\/dir\/Casares,+29690,+M%C3%A1laga,+Spain\/Ba%C3%B1os+de+la+Hedionda+de+Casares+-+Espacio+Natural,+29690+Casares,+M%C3%A1laga,+Spain\/@36.4163685,-5.3171906,13z\/data=!3m1!4b1!4m14!4m13!1m5!1m1!1s0xd0cd9014e5a8eb7:0xbcbfd387f8fc960a!2m2!1d-5.2730149!2d36.4439273!1m5!1m1!1s0xd0cdbae65ff1c89:0xfdd0775b477e9e31!2m2!1d-5.2615082!2d36.3964828!3e0?entry=ttu&amp;g_ep=EgoyMDI1MDYxNi4wIKXMDSoASAFQAw%3D%3D\" target=\"_blank\" rel=\"noreferrer noopener nofollow\">20 minutes en voiture<\/a> du village de Casares, se trouvent des sources sulfureuses o\u00f9, selon la l\u00e9gende, Jules C\u00e9sar lui-m\u00eame se serait baign\u00e9. Ouvertes au public, ces sources permettent de s\u2019y baigner (si l\u2019on supporte l\u2019odeur du soufre) ou simplement d\u2019admirer le pont romain et l\u2019aqueduc tout proche.<\/p>\n\n\n\n<h2 class=\"wp-block-heading\">Nerja<\/h2>\n\n\n\n<p>Perch\u00e9e sur un promontoire, Nerja offre des vues spectaculaires sur le paysage m\u00e9diterran\u00e9en, \u00e0 l\u2019extr\u00e9mit\u00e9 orientale de la Costa del Sol. Fais du kayak et du snorkeling dans des criques aux eaux cristallines et visite les grottes de Nerja, une merveille g\u00e9ologique aux stalactites de taille cath\u00e9drale et aux peintures pr\u00e9historiques.<\/p>\n\n\n\t<figure class=\"wp-caption aligncenter wp-block-acf-wpimage\">\n\t<picture><source width=\"900\" height=\"600\" srcset=\"https:\/\/media.panoramamarbella.com\/imgV1\/B95mbh8olwFQm~uCT2wPZMb8hll4wghQQQq6YWg0~c~U_DrmgY8pGP8pqaDzA6mvjyI_OPtcrHD_aKxDZZG3IGeECFL4mGUqTy0Abl89mDdeQsWgq6tflfQ6Z6qFr3chfyj97k4GPU7hwkPj8FQ23XIflr_ch2G6k~LmRu4LSty0~gziwxmthunNSANDN4xAuHu4xTL09GCS7ywX8HV9HQfou6F70w--.webp 900w\" type=\"image\/webp\"><img decoding=\"async\" class=\"img-fluid\" loading=\"lazy\" width=\"900\" height=\"600\" alt=\"Vue int\u00e9rieure d&#039;une grotte illumin\u00e9e aux impressionnantes stalactites et stalagmites. Les visiteurs empruntent un sentier balis\u00e9, \u00e9clips\u00e9s par les imposantes formations rocheuses de cette merveille souterraine naturelle.\" src=\"https:\/\/media.panoramamarbella.com\/imgV1\/B95mbh8olwFQm~uCT2wPZMb8hll4wghQQQq6YWg0~c~U_DrmgY8pGP8pqaDzA6mvjyI_OPtcrHD_aKxDZZG3IGeECFL4mGUqTy0Abl89mDdeQsWgq6tflfQ6Z6qFr3chfyj97k4GPU7hwkPj8FQ23XIflr_ch2G6k~LmRu4LSty0~hKbexUKi~pNv~g_IV2LBi6l.jpg\"><\/picture>\t\t\t<figcaption class=\"wp-caption-text\">\n\t\tLes grottes de Nerja valent sans aucun doute le d\u00e9tour\t\t<\/figcaption>\n\t\t\t<\/figure>\n\t\n\n\n<p>\u00c0 une heure de route vers l\u2019est en longeant la c\u00f4te depuis Marbella, Nerja se vante de son embl\u00e9matique <a href=\"https:\/\/www.google.com\/maps\/place\/Pl.+Balc%C3%B3n+de+Europa,+29780,+M%C3%A1laga\/@36.7447025,-3.8758226,17z\/data=!3m1!4b1!4m6!3m5!1s0xd7225120c94fca9:0xf21d1914dd392ab9!8m2!3d36.7447025!4d-3.8758226!16s%2Fg%2F11x9m1w51?entry=ttu&amp;g_ep=EgoyMDI1MDYxNi4wIKXMDSoASAFQAw%3D%3D\" target=\"_blank\" rel=\"noreferrer noopener nofollow\">Balc\u00f3n de Europa<\/a>, un c\u00e9l\u00e8bre belv\u00e9d\u00e8re o\u00f9 les vastes vues sur la mer se confondent avec la courbe de l\u2019horizon m\u00e9diterran\u00e9en. Depuis le mirador, on descend jusqu\u2019\u00e0 la plage de sable de Burriana, avec ses chiringuitos, ses locations de kayaks et sa promenade anim\u00e9e.<\/p>\n\n\n\n<p>Pour une petite gourmandise, arr\u00eate-toi \u00e0 la populaire boulangerie NYABAKAT, qui propose des p\u00e2tisseries su\u00e9doises tout juste sorties du four et des caf\u00e9s sp\u00e9ciaux, id\u00e9alement situ\u00e9e en bord de mer, dans la rue Camino de Burriana. Plus \u00e0 l\u2019est se trouvent les grottes de Nerja, un r\u00e9seau de cavernes qui s\u2019\u00e9tend sur environ 5 km, connu pour ses peintures pal\u00e9olithiques vieilles de 42 000 ans, r\u00e9alis\u00e9es sur d\u2019immenses stalactites. Apr\u00e8s avoir explor\u00e9 ces merveilles souterraines, tu peux go\u00fbter le doux vin local de muscat dans une bodega <a href=\"https:\/\/www.google.com\/maps\/dir\/Nerja,+29780,+M%C3%A1laga,+Spain\/Frigiliana,+29788,+M%C3%A1laga,+Spain\/@36.7754408,-3.9078679,14z\/data=!4m14!4m13!1m5!1m1!1s0xd72251226dc9a3d:0xe8a542008b9b37b8!2m2!1d-3.8727496!2d36.756395!1m5!1m1!1s0xd7224b09423f143:0x907177a88feb8605!2m2!1d-3.8947061!2d36.7908751!3e0?entry=ttu&amp;g_ep=EgoyMDI1MDYxNi4wIKXMDSoASAFQAw%3D%3D\" target=\"_blank\" rel=\"noreferrer noopener nofollow\">pr\u00e8s du village de Frigiliana<\/a>, avant de revenir par la pittoresque route c\u00f4ti\u00e8re. Si tu restes quelques jours, il existe une superbe <a href=\"https:\/\/www.malaga.es\/fr\/laprovincia\/naturaleza\/lis_cd-6606\/grande-randonnee-de-malaga-gr-249-etape-05-nerja-frigiliana\" target=\"_blank\" rel=\"noreferrer noopener nofollow\">randonn\u00e9e de 15 km reliant Frigiliana aux grottes de Nerja<\/a>, suivant une partie du trac\u00e9 du GR249 et traversant la rivi\u00e8re Ch\u00edllar.<\/p>\n\n\n\n<h2 class=\"wp-block-heading\">Benaoj\u00e1n<\/h2>\n\n\n\n<p>Construit en deux zones bien distinctes \u00e0 l\u2019extr\u00e9mit\u00e9 nord de la Sierra de L\u00edbar, Benaoj\u00e1n comprend le noyau d\u2019origine du village, accroch\u00e9 \u00e0 une pente escarp\u00e9e, ainsi qu\u2019un hameau plus bas qui s\u2019\u00e9tend autour de la gare du vallon du Guadiaro.<\/p>\n\n\n\t<figure class=\"wp-caption aligncenter wp-block-acf-wpimage\">\n\t<picture><source width=\"900\" height=\"593\" srcset=\"https:\/\/media.panoramamarbella.com\/imgV1\/B95mbh8olwFQm~uCT2wPZMb8hll4wghQQQq6YWg0~c~U_DrmgY8pGP8pqaDzA6mvjyI_OPtcrHD_aKxDZZG3IGSIjvD81kVa7N0kbVFIKKjay7WVqI6heuL9JJZR~yzTUAQ8xKiJVg_VIzl7BZ7ryC3r_kJnzv~_PpsCeLCHHjXCDxq0BfDFijOcNIVODILeGq6YhCclUeP~Hb~581Gg7mdkvk2xyw--.webp 900w\" type=\"image\/webp\"><img decoding=\"async\" class=\"img-fluid\" loading=\"lazy\" width=\"900\" height=\"593\" alt=\"Vue panoramique d&#039;une vall\u00e9e verdoyante entour\u00e9e de montagnes escarp\u00e9es sous un ciel bleu vif, avec des maisons blanchies \u00e0 la chaux d&#039;un petit village andalou nich\u00e9 parmi les collines.\" src=\"https:\/\/media.panoramamarbella.com\/imgV1\/B95mbh8olwFQm~uCT2wPZMb8hll4wghQQQq6YWg0~c~U_DrmgY8pGP8pqaDzA6mvjyI_OPtcrHD_aKxDZZG3IGSIjvD81kVa7N0kbVFIKKjay7WVqI6heuL9JJZR~yzTUAQ8xKiJVg_VIzl7BZ7ryC3r_kJnzv~_PpsCeLCHHjXCDwSwTw~zu97gYwKt8w0x__m~.jpg\"><\/picture>\t\t\t<figcaption class=\"wp-caption-text\">\n\t\tBenaoj\u00e1n \u00e0 gauche, et la partie la plus petite du village, \u00ab\u202fEstaci\u00f3n de Benaoj\u00e1n\u202f\u00bb, \u00e0 droite\t\t<\/figcaption>\n\t\t\t<\/figure>\n\t\n\n\n<p>Situ\u00e9 au pied d\u2019un impressionnant paysage karstique de calcaire, \u00e0 1h45 \u00e0 l\u2019int\u00e9rieur des terres depuis Marbella, Benaoj\u00e1n est un v\u00e9ritable paradis pour les randonneurs. Ses sentiers traversent des formations karstiques empil\u00e9es et spectaculaires, de vastes prairies couvertes de hautes herbes, des oliveraies verdoyantes sur des pentes parsem\u00e9es de fleurs sauvages et des rivi\u00e8res aux eaux turquoise. Parfois, on se croirait en Suisse\u202f; d\u2019autres fois, on a l\u2019impression d\u2019\u00eatre sur une autre plan\u00e8te.<\/p>\n\n\n\n<p>Juste en contrebas du village se trouve une ligne de chemin de fer l\u00e9gendaire, peut-\u00eatre l\u2019\u00e9l\u00e9ment le plus embl\u00e9matique de la r\u00e9gion\u202f: la ligne Algeciras\u2013Ronda, affectueusement surnomm\u00e9e le \u00ab\u202fchemin de fer de Mr. Henderson\u202f\u00bb, du nom de l\u2019ing\u00e9nieur britannique qui en a soutenu la construction dans les ann\u00e9es 1890. Cet itin\u00e9raire ferroviaire romantique peut \u00eatre suivi \u00e0 pied sur un tron\u00e7on de 7,5 km, qui commence \u00e0 l\u2019ancienne gare et m\u00e8ne jusqu\u2019\u00e0 Jimera de L\u00edbar \u2014 une randonn\u00e9e de difficult\u00e9 mod\u00e9r\u00e9e qui dure environ trois heures et demie. Tout aussi fascinant est le sentier qui va de la gare de Benaoj\u00e1n jusqu\u2019\u00e0 la <a href=\"https:\/\/www.cuevadelapileta.es\/\" target=\"_blank\" rel=\"noreferrer noopener nofollow\">grotte de la Pileta<\/a>\u202f: une boucle de 7 km menant \u00e0 de l\u2019art rupestre pr\u00e9historique, des salles souterraines et de spectaculaires formations karstiques de la vall\u00e9e.<\/p>\n\n\n\t<figure class=\"wp-caption aligncenter wp-block-acf-wpimage\">\n\t<picture><source width=\"900\" height=\"627\" srcset=\"https:\/\/media.panoramamarbella.com\/imgV1\/B95mbh8olwFQm~uCT2wPZMb8hll4wghQQQq6YWg0~c~U_DrmgY8pGP8pqaDzA6mvjyI_OPtcrHD_aKxDZZG3IGWbp9mfyA9iOLVB2vJwrJx4FwsC0yrHS2cAkKnMq8bErbpvzhw40m4SZGJfvV7Sd4vqi9QxfnSlWZPeaV4qNtvIaltE5TjkvPA4fkRiD~fmoEZ3bco9XcSnPQgkl0UGFLBK5W4d9w--.webp 900w\" type=\"image\/webp\"><img decoding=\"async\" class=\"img-fluid\" loading=\"lazy\" width=\"900\" height=\"627\" alt=\"Sentier de montagne sinueux, entour\u00e9 de pics calcaires escarp\u00e9s et d&#039;une v\u00e9g\u00e9tation \u00e9parse sous un ciel bleu azur. On aper\u00e7oit des randonneurs au loin, ajoutant une dimension suppl\u00e9mentaire au paysage spectaculaire.\" src=\"https:\/\/media.panoramamarbella.com\/imgV1\/B95mbh8olwFQm~uCT2wPZMb8hll4wghQQQq6YWg0~c~U_DrmgY8pGP8pqaDzA6mvjyI_OPtcrHD_aKxDZZG3IGWbp9mfyA9iOLVB2vJwrJx4FwsC0yrHS2cAkKnMq8bErbpvzhw40m4SZGJfvV7Sd4vqi9QxfnSlWZPeaV4qNtvIakWJTzFjYeJ6lfsg_9lX0Ab~.jpg\"><\/picture>\t\t\t<figcaption class=\"wp-caption-text\">\n\t\tL\u2019impressionnant paysage karstique de calcaire\t\t<\/figcaption>\n\t\t\t<\/figure>\n\t\n\n\n<p>Un arr\u00eat incontournable lors d\u2019une visite \u00e0 Benaoj\u00e1n est le restaurant et h\u00f4tel <a href=\"https:\/\/www.molinodelsanto.com\/\" target=\"_blank\" rel=\"noreferrer noopener nofollow\">Molino del Santo<\/a>, un ancien moulin \u00e0 eau du XVIIIe si\u00e8cle magnifiquement restaur\u00e9, qui propose une cuisine andalouse cr\u00e9ative dans un cadre en bord de rivi\u00e8re, o\u00f9 le bruit des rapides emplit l\u2019air. Sa charmante terrasse en plein air, orn\u00e9e de fleurs et donnant sur les oliveraies, offre un d\u00e9cor incroyablement pittoresque pour d\u00e9jeuner ou d\u00eener.<\/p>\n\n\n\n<h2 class=\"wp-block-heading\">Cortes de la Frontera<\/h2>\n\n\n\n<p>Cortes de la Frontera se situe \u00e0 la lisi\u00e8re du <a href=\"https:\/\/www.google.com\/search?sca_esv=e293ca8d199e0e1f&amp;hl=en&amp;gl=uk&amp;output=search&amp;kgmid=\/m\/0279rkl&amp;q=Parque+Natural+Los+Alcornocales&amp;shndl=30&amp;shem=lcuae,lspt16,uaasie&amp;source=sh\/x\/loc\/uni\/m1\/1&amp;kgs=f82b4f1dec19d636\" target=\"_blank\" rel=\"noreferrer noopener nofollow\">parc naturel des Alcornocales<\/a>, qui abrite la plus grande for\u00eat de ch\u00eanes-li\u00e8ges d\u2019Europe. Avec une superficie de plus de 170 km\u00b2, sa commune est l\u2019une des plus vastes de la province de Malaga.<\/p>\n\n\n\t<figure class=\"wp-caption aligncenter wp-block-acf-wpimage\">\n\t<picture><source width=\"900\" height=\"600\" srcset=\"https:\/\/media.panoramamarbella.com\/imgV1\/B95mbh8olwFQm~uCT2wPZMb8hll4wghQQQq6YWg0~c~U_DrmgY8pGP8pqaDzA6mvjyI_OPtcrHD_aKxDZZG3IGpiz2O~chQlh1iTs_rYqQRWd_Oxdf5TuwswPoOBRH0~Ng6ecAiWWr2YqNMk2zQffNAK~c3wSSCGvEMVOywvvQAYvUGjk078cg3zGz2F62VIA3qhZ99H39E~x4BdL~larffDKsi5eA--.webp 900w\" type=\"image\/webp\"><img decoding=\"async\" class=\"img-fluid\" loading=\"lazy\" width=\"900\" height=\"600\" alt=\"Charmant village blanchi \u00e0 la chaux nich\u00e9 au milieu de collines verdoyantes et de champs en terrasses, avec en toile de fond des montagnes imposantes sous un ciel bleu vif.\" src=\"https:\/\/media.panoramamarbella.com\/imgV1\/B95mbh8olwFQm~uCT2wPZMb8hll4wghQQQq6YWg0~c~U_DrmgY8pGP8pqaDzA6mvjyI_OPtcrHD_aKxDZZG3IGpiz2O~chQlh1iTs_rYqQRWd_Oxdf5TuwswPoOBRH0~Ng6ecAiWWr2YqNMk2zQffNAK~c3wSSCGvEMVOywvvQAYvV9TOFzB_S38eYKpx6jBHYtk.jpg\"><\/picture>\t\t\t<figcaption class=\"wp-caption-text\">\n\t\tL\u2019impressionnant environnement qui entoure Cortes de la Frontera\t\t<\/figcaption>\n\t\t\t<\/figure>\n\t\n\n\n<p>\u00c0 seulement <a href=\"https:\/\/www.google.com\/maps\/dir\/Benaoj%C3%A1n,+29370,+M%C3%A1laga,+Spain\/29380+Cortes+de+la+Frontera,+M%C3%A1laga,+Spain\/@36.6598353,-5.2924843,12z\/data=!4m14!4m13!1m5!1m1!1s0xd0d3a4340d74f67:0xe7345d0b6a34aa5f!2m2!1d-5.2508157!2d36.7209221!1m5!1m1!1s0xd0d23a8749946ed:0x76c16dc50cce8751!2m2!1d-5.3422793!2d36.6173439!3e0?entry=ttu&amp;g_ep=EgoyMDI1MDYxNi4wIKXMDSoASAFQAw%3D%3D\" target=\"_blank\" rel=\"noreferrer noopener nofollow\">25 minutes en voiture depuis Benaoj\u00e1n<\/a>, en empruntant la route MA-8041 qui suit le cours de la rivi\u00e8re Guadiaro et passe \u00e0 droite de la grotte de la Pileta, on arrive rapidement \u00e0 la commune de Cortes de la Frontera. Son territoire communal s\u2019\u00e9tend presque enti\u00e8rement dans le parc naturel des Alcornocales, une r\u00e9serve de biosph\u00e8re de 1\u202f677 km\u00b2, connue pour abriter l\u2019une des for\u00eats de ch\u00eanes-li\u00e8ges les plus vastes et les plus riches en biodiversit\u00e9 du monde.<\/p>\n\n\n\t<figure class=\"wp-caption aligncenter wp-block-acf-wpimage\">\n\t<picture><source width=\"900\" height=\"600\" srcset=\"https:\/\/media.panoramamarbella.com\/imgV1\/B95mbh8olwFQm~uCT2wPZMb8hll4wghQQQq6YWg0~c~U_DrmgY8pGP8pqaDzA6mvjyI_OPtcrHD_aKxDZZG3IGtW3i6J5vlRcrOOnwLwJT~OIWq~MuwiEnQVAfX8QlYLpCbtpwB~wHTdbKmeyd9dZGmGABsr4yBxRMcj~9GuEjIge1cqkPkTemnkCkK6vL9MluDd5StX4uuKehnzyK3V_EHE1c0SYQ--.webp 900w\" type=\"image\/webp\"><img decoding=\"async\" class=\"img-fluid\" loading=\"lazy\" width=\"900\" height=\"600\" alt=\"Gros plan d&#039;un groupe de petits champignons brun rouge\u00e2tre poussant sur une branche d&#039;arbre moussue, avec un arri\u00e8re-plan forestier l\u00e9g\u00e8rement flou.\" src=\"https:\/\/media.panoramamarbella.com\/imgV1\/B95mbh8olwFQm~uCT2wPZMb8hll4wghQQQq6YWg0~c~U_DrmgY8pGP8pqaDzA6mvjyI_OPtcrHD_aKxDZZG3IGtW3i6J5vlRcrOOnwLwJT~OIWq~MuwiEnQVAfX8QlYLpCbtpwB~wHTdbKmeyd9dZGmGABsr4yBxRMcj~9GuEjIge0kKuT3RKPpgXLw4YBb9h6F4.jpg\"><\/picture>\t\t\t<figcaption class=\"wp-caption-text\">\n\t\tDans les for\u00eats, on peut trouver de nombreuses vari\u00e9t\u00e9s de champignons\t\t<\/figcaption>\n\t\t\t<\/figure>\n\t\n\n\n<p>Le parc naturel offre un r\u00e9seau de sentiers pour tous les niveaux : des balades faciles \u00e0 travers les for\u00eats de majestueux ch\u00eanes-li\u00e8ges aux ascensions plus exigeantes jusqu\u2019au <em>Pico del Aljibe<\/em> (1 092 m). Dans le village, l\u2019h\u00f4tel de ville du XVIIIe si\u00e8cle est un bel exemple d\u2019architecture n\u00e9oclassique, tandis que l\u2019\u00e9glise <em>Nuestra Se\u00f1ora del Rosario<\/em> domine une paisible place bord\u00e9e de restaurants traditionnels familiaux, parfaits pour savourer des rago\u00fbts de gibier et des plats \u00e0 base de champignons sauvages apr\u00e8s une journ\u00e9e de randonn\u00e9e.<\/p>\n\n\n<article class=\"col w-100 position-relative mb-5 wp-block-acf-banner\">\n    <div class=\"d-flex flex-wrap flex-column flex-xl-row align-items-start align-items-xl-end gap-4 w-100 bg-secondary text-white p-4\">\n        <div class=\"d-flex flex-column\">\n\t\t\t            <a href=\"https:\/\/www.panoramamarbella.com\/fr\/bulletin-information-sur-immobilier\" class=\"stretched-link text-white text-decoration-none\" title=\"Vous aimez ce que vous lisez?\">\n\t\t\t\t<h2 class=\"text-white mb-3\">Vous aimez ce que vous lisez?<\/h2>            <\/a>\n\t\t\t            <p class=\"mb-0\">\n                Abonnez-vous \u00e0 notre newsletter pour des articles captivants, du contenu exclusif et les derni\u00e8res actualit\u00e9s.            <\/p>\n\t\t\t        <\/div>\n\t\t        <span class=\"btn btn-outline-light ms-xl-auto\">Bulletin Panorama<\/span>\n\t\t    <\/div>\n<\/article>\n\n\n\n\n<h2 class=\"wp-block-heading\">Cinq fa\u00e7ons de rompre avec la routine sans quitter l\u2019Andalousie<\/h2>\n\n\n\n<p>Chacune de ces destinations est id\u00e9ale pour une escapade \u00e0 la journ\u00e9e ou le temps d\u2019un week-end, et te permet de d\u00e9couvrir l\u2019incroyable diversit\u00e9 qui rend cette r\u00e9gion d\u2019Andalousie si sp\u00e9ciale. Des plages m\u00e9diterran\u00e9ennes aux sommets montagneux, des grottes pr\u00e9historiques aux ruines romaines, le patrimoine naturel et culturel de la r\u00e9gion offre des possibilit\u00e9s infinies d\u2019exploration.<\/p>\n\n\n\n<p>Alors, la prochaine fois que tu ressentiras le besoin de changer d\u2019air et de t\u2019\u00e9loigner du glamour du littoral de Marbella, souviens-toi que l\u2019aventure t\u2019attend \u00e0 seulement quelques kilom\u00e8tres. Pr\u00e9pare un pique-nique, chausse tes bottes de randonn\u00e9e ou glisse ton maillot de bain dans le sac \u00e0 dos. La seule question qui reste est : laquelle de ces escapades vas-tu d\u00e9couvrir en premier ?<\/p>\n\n\n\n<p>Si tu cherches \u00e0 acheter une propri\u00e9t\u00e9 sur la Costa del Sol, chez Panorama nous disposons de plus de 55 ans d\u2019exp\u00e9rience sur le march\u00e9 et pouvons t\u2019aider \u00e0 trouver la maison de tes r\u00eaves. <a href=\"https:\/\/www.panoramamarbella.com\/fr\/collections-de-proprietes\">Consulte notre s\u00e9lection de propri\u00e9t\u00e9s de luxe<\/a> ou <a href=\"https:\/\/www.panoramamarbella.com\/fr\/contactez\">contacte-nous<\/a> pour recevoir des conseils personnalis\u00e9s.<\/p>\n\n\n\n\n\t\t<section class=\"container wp-block-acf-inmpropselection\">\n\t\t\t<h2>D\u00e9couvre le meilleur de Panorama<\/h2>\t\t\t<div class=\"row row-cols-1 row-cols-lg-3 gy-5 g-xxl-5\">\n\t\t\t\t\n<article class=\"col card-properties position-relative d-flex flex-column\">\n\t<div id=\"carouselCardProperties-1-0\" class=\"card-properties-images carousel slide carousel-fade lazy\" data-bs-ride=\"carousel\" data-bs-interval=\"200000\" data-id=\"698664\">\n\t\t<div class=\"carousel-inner\">\n\t\t\t<figure class=\"carousel-item mb-0 active ratio ratio-4x3\">\n\t\t\t\t<picture><source sizes=\"(max-width: 575px) calc(100vw - 24px), (max-width: 767px) 516px, (max-width: 991px) 696px, (max-width: 1199px) 296px, (max-width: 1399px) 356px, 400px\" width=\"696\" height=\"522\" srcset=\"https:\/\/media.panoramamarbella.com\/imgV1\/B95mbh8olwFQm~uCUaVOI2kQT0hb0a8sZ9turUNfnwtvuccYCzs0YVPfPbfkc2VnnN1JFDpkYaGfw1gJsS~5hOu8ClA27V6xVP6zyKoKPS1Mn7WRHYZMLWv_YHD73v3wTA8HWCCOpMnXwN2uAr5VSPiSO7karRIMiZTPqCu_dZ5fuWR0YCW6_1pG5Bl~Hp5WroeZ3HQAZ5bJuMGEOv79bl9k214P5Nw2k7gr9ANpozAASAFpx51KqYb~IgRpbC3Nm7LGaJqZPuy9KH5g7qzcuC2cvd8aXgZUiX05nn3MiVFBu3_R0uApWqg0GDDTU7GVpDHN0uiwmWHOPGRGcV19lVB5JeSIN5bWCc0XpEoi3uZ0T3eXN37TL0i518tYi19KAllVsHHd0sbTDHyPO_Nw~4KnnSNcB9zdZy_Falf9Nm2Qd8UylRZPY3Up0552~WYpYFfMu6~cQQhix6~xJmlu.webp 696w,https:\/\/media.panoramamarbella.com\/imgV1\/B95mbh8olwFQm~uCUaVOI2kQT0hb0a8sZ9turUNfnwtvuccYCzs0YVPfPbfkc2VnnN1JFDpkYaGfw1gJsS~5hOu8ClA27V6xVP6zyKoKPS1Mn7WRHYZMLWv_YHD73v3wTA8HWCCOpMnXwN2uAr5VSPiSO7karRIMiZTPqCu_dxsgwbeNJ3yUNRGy~HNlq7dkSM2WX~69OJOJ5Rf_OC19ofiiJFxHjWv2u3u0P4hi6O0xoN_eKF2nSgtPXKVIDb6vkB7sMfUcYSFaA8MkPym_Gpt83~i_ztzET0MbhzNjsKTdK5NbqRNgl5yWC5YxwwmAj1QP7QCWT0mNwDbjKvcT6HKFDihRXrRi~rK1hGgEsn~KGSB8yKC8a2ZAlw1Y0g7iH3vxsT0JHikRupGzmmtHsrKXqc6p8M2~T5e5ifxWDLJfJRqdDdAaQRy8mbVTKnDv_ya2ucuiMT0AMrtAXM~J.webp 400w\" type=\"image\/webp\"><img decoding=\"async\" class=\"position-absolute w-100 h-100 object-fit-cover\" alt=\"Appartement unique en rez-de-chauss\u00e9e avec vue sur la mer dans les Jardins Japonais de Marina Puente Romano\" loading=\"lazy\" width=\"696\" height=\"522\" src=\"https:\/\/media.panoramamarbella.com\/imgV1\/B95mbh8olwFQm~uCUaVOI2kQT0hb0a8sZ9turUNfnwtvuccYCzs0YVPfPbfkc2VnnN1JFDpkYaGfw1gJsS~5hOu8ClA27V6xVP6zyKoKPS1Mn7WRHYZMLWv_YHD73v3wTA8HWCCOpMnXwN2uAr5VSPiSO7karRIMiZTPqCu_dZ5fuWR0YCW6_1pG5Bl~AOWCKsfURyq35vm55dIauvG9uVaSivcgS4ajblndO75z1CH0f2jKmqCp4xxFvz8SGfsGZsvJDXqx_1ZOdq6C3Ciw5BdH3mBMTlmpWiwr03l4R5h6rIkh70WK8PZkn3TMc7aMyNa5IHcJVNmTEhV8AxRljU0iGmAWvH9H8Jc12IGx0P0jWsreOMhWj1MxEo9KATyoLWCUe5JwyP7SYClFp7YUmD7e40GOUqwrJuzlqrEiOyMmHv7XqSzouqYV54M-.jpg\"><\/picture>\t\t\t<\/figure>\n\t\t\t\t\t\t<span class=\"card-properties-tag position-absolute z-2 top-0 start-0 bg-secondary text-white py-1 px-3 ms-3\">\n\t\t\t\tEn vedette\t\t\t<\/span>\n\t\t\t\t\t\t<span class=\"card-properties-ref position-absolute z-2 bottom-0 end-0 bg-white text-primary py-1 px-3 me-3\">\n\t\t\t\tPANR-16359\t\t\t<\/span>\n\t\t\t<button class=\"card-properties-portfolio d-flex align-items-center justify-content-center position-absolute z-3 end-0 text-white bg-primary me-3 border-0 px-0\" data-pfl-id=\"698664\" data-pfl-filter=\"sale\" aria-label=\"Add to portfolio\">\n\t\t\t\t<svg width=\"18\" fill=\"currentColor\" viewBox=\"0 0 512 512\">\n\t\t\t\t\t<use href=\"https:\/\/www.panoramamarbella.com\/wp-content\/themes\/panoramamarbella\/dist\/src\/images\/icons.svg#svgHeart\"><\/use>\n\t\t\t\t<\/svg>\n\t\t\t\t<svg width=\"18\" fill=\"currentColor\" viewBox=\"0 0 512 512\">\n\t\t\t\t\t<use href=\"https:\/\/www.panoramamarbella.com\/wp-content\/themes\/panoramamarbella\/dist\/src\/images\/icons.svg#svgHeartIn\"><\/use>\n\t\t\t\t<\/svg>\n\t\t\t<\/button>\n\t\t<\/div>\n\t\t\t\t<button\n\t\t\tclass=\"carousel-control-prev\"\n\t\t\ttype=\"button\"\n\t\t\tdata-bs-target=\"#carouselCardProperties-1-0\"\n\t\t\tdata-bs-slide=\"prev\">\n\t\t\t<span class=\"carousel-control-prev-icon\" aria-hidden=\"true\"><\/span>\n\t\t\t<span class=\"visually-hidden\">Pr\u00e9c\u00e9dent<\/span>\n\t\t<\/button>\n\t\t<button\n\t\t\tclass=\"carousel-control-next\"\n\t\t\ttype=\"button\"\n\t\t\tdata-bs-target=\"#carouselCardProperties-1-0\"\n\t\t\tdata-bs-slide=\"next\">\n\t\t\t<span class=\"carousel-control-next-icon\" aria-hidden=\"true\"><\/span>\n\t\t\t<span class=\"visually-hidden\">Suivant<\/span>\n\t\t<\/button>\n\t\t\t<\/div>\n\t<div class=\"d-flex flex-column h-100 px-3 py-4 shadow\">\n\t\t\t\t<h3 class=\"card-properties-title mb-3\">\n\t\t\t<a class=\"stretched-link\" href=\"\/fr\/proprietes\/marbella\/marbella-golden-mile\/marina-puente-romano\/appartements-habitats\/PANR-16359\">\n\t\t\t\tAppartement unique en rez-de-chauss\u00e9e avec vue sur la mer dans les Jardins Japonais de Marina Puente Romano\t\t\t<\/a>\n\t\t<\/h3>\n\t\t<p class=\"mb-3 text-black-dark\">Marina Puente Romano, Marbella Golden Mile<\/p>\n\t\t\t\t\t\t<p class=\"card-properties-description mb-3\">\n\t\t\tD\u00e9couvrez le summum du luxe sans effort dans cet appartement sur\u00e9lev\u00e9 en rez-de-chauss\u00e9e, expos\u00e9 sud-ouest, nich\u00e9 au sein de l\u2019embl\u00e9matique Puente Romano Beach Resort and Spa \u2014 l\u2019une des adresses les plus prestigieuses et recherch\u00e9es&#8230;\t\t<\/p>\n\t\t\t\t<span class=\"card-properties-price mt-auto\">\n\t\t\t\n\t\t\t<span class=\"card-properties-price mt-auto\" data-original-price=\"4950000\">4\u202f950\u202f000\u00a0\u20ac<\/span>\n\t\t\t\t<\/span>\n\t\t\t\t<ul class=\"card-properties-features list-unstyled d-flex flex-wrap align-items-center gap-3 pt-3 border-top mt-3 mb-0\">\n\t\t\t<li class=\"d-flex align-items-center\">3 Chambres<\/li><li class=\"d-flex align-items-center\">3 Bains<\/li>\t\t\t\t<li class=\"d-flex align-items-center\">\n\t\t\t\t\t <span class=\"me-1\" data-original-value=\"180\" data-original-unit=\"m&#038;sup2\">180 m&sup2;<\/span>Total\t\t\t\t<\/li>\n\t\t\t\t\t\t\t<li class=\"d-flex align-items-center\">\n\t\t\t\t\t <span class=\"me-1\" data-original-value=\"140\" data-original-unit=\"m&#038;sup2\">140 m&sup2;<\/span>Construit\t\t\t\t<\/li>\n\t\t\t\t\t\t\t<li class=\"d-flex align-items-center\">\n\t\t\t\t\t <span class=\"me-1\" data-original-value=\"40\" data-original-unit=\"m&#038;sup2\">40 m&sup2;<\/span>Terrasses\t\t\t\t<\/li>\n\t\t\t\t\t<\/ul>\n\t\t\t<\/div>\n<\/article>\n\n\n<article class=\"col card-properties position-relative d-flex flex-column\">\n\t<div id=\"carouselCardProperties-1-1\" class=\"card-properties-images carousel slide carousel-fade lazy\" data-bs-ride=\"carousel\" data-bs-interval=\"200000\" data-id=\"697691\">\n\t\t<div class=\"carousel-inner\">\n\t\t\t<figure class=\"carousel-item mb-0 active ratio ratio-4x3\">\n\t\t\t\t<picture><source sizes=\"(max-width: 575px) calc(100vw - 24px), (max-width: 767px) 516px, (max-width: 991px) 696px, (max-width: 1199px) 296px, (max-width: 1399px) 356px, 400px\" width=\"696\" height=\"522\" srcset=\"https:\/\/media.panoramamarbella.com\/imgV1\/B95mbh8olwFQm~uCUaVOI2kQT0hb0a8sZ9turUNfnwtvuccYCzs0YVPfPbfkc2VnnN1JFDpkYaGfw1gJsS~5hOu9X5J_GGESH79I62csjOueuTbhRLPEQEkioevvhdrpjaWZvyQirO9yl0pilvxoweqB_Ivhe0U_Jy8EpEUkkIerqgeQoKU1mQB5R7jXZ4z2~yGHtb6~CBhi84a2F0raVYWLu7HUrDtit56FaP4OzvluUMGSwtGFlSJjr8yarAflGi10pMdlOSw4pYbz1aqK6iIVhkYwfTShqk4tM8jcl3NydxgqIaQ5Hr3LCHJIjKmxTaM1YMrEvaemAODXyC~Axri4wdZFcJwZbcVOP6nZFqFub0gDbEaJ8ewY0NDjqGgCUFpu9RkXt5X2GSkuGu1KRN9zum7V9133uqsztpj3Tuu9VQfPyxoXd8UjT0SxZc5xix8YhCigEA3G9dEBKBQ2.webp 696w,https:\/\/media.panoramamarbella.com\/imgV1\/B95mbh8olwFQm~uCUaVOI2kQT0hb0a8sZ9turUNfnwtvuccYCzs0YVPfPbfkc2VnnN1JFDpkYaGfw1gJsS~5hOu9X5J_GGESH79I62csjOueuTbhRLPEQEkioevvhdrpjaWZvyQirO9yl0pilvxoweqB_Ivhe0U_Jy8EpEUkko1a78AnfDVp7Xlsgx3km_Rd47QqHGmTwbNqdRjMS62fS8JkHMlnjYi2Wtt450XydYXva8FoZJ25irlVO5Ob7WT2ai1w6Lt5Xskty6pLQlJxFmgZgJeqWTkfUbXDR1VHOqoNnqF4XSbRybXd4uMgVBoJgOCP8Pclw0gYC8Q12nBtMMEN1IEFdpKdFxHfuKC25RIEs5LT1WXuLWTNQdbX6ZFeI5ljV9FbJzAQWoXuA3_2bpay0lG_RdcVguU4wa~kZ90i1jVqD~4CMzTkUDnsFBpBXUK49EKzkx6U2GFqJIdV.webp 400w\" type=\"image\/webp\"><img decoding=\"async\" class=\"position-absolute w-100 h-100 object-fit-cover\" alt=\"Appartement \u00e9l\u00e9gant et spacieux \u00e0 Monte Para\u00edso, Marbella Golden Mile\" loading=\"lazy\" width=\"696\" height=\"522\" src=\"https:\/\/media.panoramamarbella.com\/imgV1\/B95mbh8olwFQm~uCUaVOI2kQT0hb0a8sZ9turUNfnwtvuccYCzs0YVPfPbfkc2VnnN1JFDpkYaGfw1gJsS~5hOu9X5J_GGESH79I62csjOueuTbhRLPEQEkioevvhdrpjaWZvyQirO9yl0pilvxoweqB_Ivhe0U_Jy8EpEUkkIerqgeQoKU1mQB5R7jXeWxKG4WFc0r0jyU19QwVg7FsBvsfoxVA5XgamVQrf_jARna9MwfGJ_sIy1TKvV_QvlsFKBbK~zX3vf_~yOuUhkGrWmJzk8aU07AVE9I41NTOfjcdfUJtORtzA_2sDztu73S3KXN9Rtr2rbiH_L2c4QOcSN1mofbCoiWIzmfLY6aEGmmMTYaeRyhsYnHOtCu1fX~dj5QBcJYiVpHwfmSiIlKruSq2F76orZwAj9Dx_4UUWOealiWClosu_VCJtYs-.jpg\"><\/picture>\t\t\t<\/figure>\n\t\t\t\t\t\t<span class=\"card-properties-ref position-absolute z-2 bottom-0 end-0 bg-white text-primary py-1 px-3 me-3\">\n\t\t\t\tPANR-16340\t\t\t<\/span>\n\t\t\t<button class=\"card-properties-portfolio d-flex align-items-center justify-content-center position-absolute z-3 end-0 text-white bg-primary me-3 border-0 px-0\" data-pfl-id=\"697691\" data-pfl-filter=\"sale\" aria-label=\"Add to portfolio\">\n\t\t\t\t<svg width=\"18\" fill=\"currentColor\" viewBox=\"0 0 512 512\">\n\t\t\t\t\t<use href=\"https:\/\/www.panoramamarbella.com\/wp-content\/themes\/panoramamarbella\/dist\/src\/images\/icons.svg#svgHeart\"><\/use>\n\t\t\t\t<\/svg>\n\t\t\t\t<svg width=\"18\" fill=\"currentColor\" viewBox=\"0 0 512 512\">\n\t\t\t\t\t<use href=\"https:\/\/www.panoramamarbella.com\/wp-content\/themes\/panoramamarbella\/dist\/src\/images\/icons.svg#svgHeartIn\"><\/use>\n\t\t\t\t<\/svg>\n\t\t\t<\/button>\n\t\t<\/div>\n\t\t\t\t<button\n\t\t\tclass=\"carousel-control-prev\"\n\t\t\ttype=\"button\"\n\t\t\tdata-bs-target=\"#carouselCardProperties-1-1\"\n\t\t\tdata-bs-slide=\"prev\">\n\t\t\t<span class=\"carousel-control-prev-icon\" aria-hidden=\"true\"><\/span>\n\t\t\t<span class=\"visually-hidden\">Pr\u00e9c\u00e9dent<\/span>\n\t\t<\/button>\n\t\t<button\n\t\t\tclass=\"carousel-control-next\"\n\t\t\ttype=\"button\"\n\t\t\tdata-bs-target=\"#carouselCardProperties-1-1\"\n\t\t\tdata-bs-slide=\"next\">\n\t\t\t<span class=\"carousel-control-next-icon\" aria-hidden=\"true\"><\/span>\n\t\t\t<span class=\"visually-hidden\">Suivant<\/span>\n\t\t<\/button>\n\t\t\t<\/div>\n\t<div class=\"d-flex flex-column h-100 px-3 py-4 shadow\">\n\t\t\t\t<h3 class=\"card-properties-title mb-3\">\n\t\t\t<a class=\"stretched-link\" href=\"\/fr\/proprietes\/marbella\/marbella-golden-mile\/monte-paraiso\/appartements-habitats\/PANR-16340\">\n\t\t\t\tAppartement \u00e9l\u00e9gant et spacieux \u00e0 Monte Para\u00edso, Marbella Golden Mile\t\t\t<\/a>\n\t\t<\/h3>\n\t\t<p class=\"mb-3 text-black-dark\">Monte Paraiso, Marbella Golden Mile<\/p>\n\t\t\t\t\t\t<p class=\"card-properties-description mb-3\">\n\t\t\tCet appartement magnifiquement r\u00e9nov\u00e9 se situe dans la prestigieuse communaut\u00e9 de Monte Para\u00edso sur le Golden Mile de Marbella, l\u2019une des adresses les plus pris\u00e9es de la Costa del Sol. Plac\u00e9 dans une position privil\u00e9gi\u00e9e,&#8230;\t\t<\/p>\n\t\t\t\t<span class=\"card-properties-price mt-auto\">\n\t\t\t\n\t\t\t<span class=\"card-properties-price mt-auto\" data-original-price=\"2450000\">2\u202f450\u202f000\u00a0\u20ac<\/span>\n\t\t\t\t<\/span>\n\t\t\t\t<ul class=\"card-properties-features list-unstyled d-flex flex-wrap align-items-center gap-3 pt-3 border-top mt-3 mb-0\">\n\t\t\t<li class=\"d-flex align-items-center\">4 Chambres<\/li><li class=\"d-flex align-items-center\">4 Bains<\/li>\t\t\t\t<li class=\"d-flex align-items-center\">\n\t\t\t\t\t <span class=\"me-1\" data-original-value=\"210\" data-original-unit=\"m&#038;sup2\">210 m&sup2;<\/span>Total\t\t\t\t<\/li>\n\t\t\t\t\t\t\t<li class=\"d-flex align-items-center\">\n\t\t\t\t\t <span class=\"me-1\" data-original-value=\"169\" data-original-unit=\"m&#038;sup2\">169 m&sup2;<\/span>Construit\t\t\t\t<\/li>\n\t\t\t\t\t\t\t<li class=\"d-flex align-items-center\">\n\t\t\t\t\t <span class=\"me-1\" data-original-value=\"41\" data-original-unit=\"m&#038;sup2\">41 m&sup2;<\/span>Terrasses\t\t\t\t<\/li>\n\t\t\t\t\t<\/ul>\n\t\t\t<\/div>\n<\/article>\n\n\n<article class=\"col card-properties position-relative d-flex flex-column\">\n\t<div id=\"carouselCardProperties-1-2\" class=\"card-properties-images carousel slide carousel-fade lazy\" data-bs-ride=\"carousel\" data-bs-interval=\"200000\" data-id=\"695118\">\n\t\t<div class=\"carousel-inner\">\n\t\t\t<figure class=\"carousel-item mb-0 active ratio ratio-4x3\">\n\t\t\t\t<picture><source sizes=\"(max-width: 575px) calc(100vw - 24px), (max-width: 767px) 516px, (max-width: 991px) 696px, (max-width: 1199px) 296px, (max-width: 1399px) 356px, 400px\" width=\"696\" height=\"522\" srcset=\"https:\/\/media.panoramamarbella.com\/imgV1\/B95mbh8olwFQm~uCUaVOI2kQT0hb0a8sZ9turUNfnwtvuccYCzs0YVPfPbfkc2VnnN1JFDpkYaGfw1gJsS~5hOu4DEBG602B7yC1Jdp3y4TeOLY1Z1ydnyCUtrZ_cg55b9oh_lBvgazy5O2g1_gcM1Mn1Ow5PKX57OmbI4LX9N1iZovDKdS7h2NKdCmu5rv2j3N5kmwyemzDviQCpZfh8oYiiycDfthWmsViL7m2SGu22dk3pYQwmonTGBVTMPnpok2iLA1s~Ez31zUif6YQ_T1RuoX8YUYJ0hQjxiqdRuucVt_OV_0Tl11ziS7D3b0Qd5l9W7j8Z4YL392tHHQG2gq1L1DgtsKT8tHn77MvpaJlRCzlgLMcCKysTnNdVP9IFQrByMRnnF4eaC3bt86MY2cYZuOXeqBkzJ2Ev9TcMExrVWMRzqF5ThzENfAa_I4hfSoSfqyAk0wmYOg1NDJy.webp 696w,https:\/\/media.panoramamarbella.com\/imgV1\/B95mbh8olwFQm~uCUaVOI2kQT0hb0a8sZ9turUNfnwtvuccYCzs0YVPfPbfkc2VnnN1JFDpkYaGfw1gJsS~5hOu4DEBG602B7yC1Jdp3y4TeOLY1Z1ydnyCUtrZ_cg55b9oh_lBvgazy5O2g1_gcM1Mn1Ow5PKX57OmbI4LX9vV4DQRVSkKDaK19Ew4ElBmV0iOMk_NmyAmobpJPaFYwCu3B5bDun3QbHKzcYLvzSIuDZ3g98DrfEuIwz21OE2ZEymoJg8jIcw2xyI2zCddCF3qd_N~1h7kTkFJcvqprSbJHgOvrGVPnj1PIbpSCoyLlpuM3oUYQYVg0QWDoSF34Wglv94UbOb08lyB5qtaSpaPoEAdU~gdcy_Bvah5MHGMC9bs2ibOaPQNoru87QTYhswDc540iAW~w89r1Ohcmgp~06Qj7bqMU_2qMaIPt~uP6jOM3GQjIAQ4evOsAaWJt.webp 400w\" type=\"image\/webp\"><img decoding=\"async\" class=\"position-absolute w-100 h-100 object-fit-cover\" alt=\"Villa moderne avec vues spectaculaires sur la mer et la montagne \u00e0 La Finca de Marbella\" loading=\"lazy\" width=\"696\" height=\"522\" src=\"https:\/\/media.panoramamarbella.com\/imgV1\/B95mbh8olwFQm~uCUaVOI2kQT0hb0a8sZ9turUNfnwtvuccYCzs0YVPfPbfkc2VnnN1JFDpkYaGfw1gJsS~5hOu4DEBG602B7yC1Jdp3y4TeOLY1Z1ydnyCUtrZ_cg55b9oh_lBvgazy5O2g1_gcM1Mn1Ow5PKX57OmbI4LX9N1iZovDKdS7h2NKdCmu_IcCCbamB32OI8CN8lT5QSl0X~nNxhFpfCwovvgWNQudb7Q2RN5O2Ue2kLBWgvuDn_tZS1ODfuw~1DW3x0aSvYWwofvNJMZmUSD~oV~HuQFMu_Ch8UCZyJhUQ0qAb6W4nOpxht4ph2ixgaTIBXNYtZtZIIoxHHJpTe2~AXkZNfZPNT559CE_jHvDjrElZuXHkXdKkoSVl7bOp0ygRdmxuoIfkV~_j2Dwr_yQ1MoO1ryTQV2aTqeJxTeLv3cFgV8-.jpg\"><\/picture>\t\t\t<\/figure>\n\t\t\t\t\t\t<span class=\"card-properties-ref position-absolute z-2 bottom-0 end-0 bg-white text-primary py-1 px-3 me-3\">\n\t\t\t\tPANR-16316\t\t\t<\/span>\n\t\t\t<button class=\"card-properties-portfolio d-flex align-items-center justify-content-center position-absolute z-3 end-0 text-white bg-primary me-3 border-0 px-0\" data-pfl-id=\"695118\" data-pfl-filter=\"sale\" aria-label=\"Add to portfolio\">\n\t\t\t\t<svg width=\"18\" fill=\"currentColor\" viewBox=\"0 0 512 512\">\n\t\t\t\t\t<use href=\"https:\/\/www.panoramamarbella.com\/wp-content\/themes\/panoramamarbella\/dist\/src\/images\/icons.svg#svgHeart\"><\/use>\n\t\t\t\t<\/svg>\n\t\t\t\t<svg width=\"18\" fill=\"currentColor\" viewBox=\"0 0 512 512\">\n\t\t\t\t\t<use href=\"https:\/\/www.panoramamarbella.com\/wp-content\/themes\/panoramamarbella\/dist\/src\/images\/icons.svg#svgHeartIn\"><\/use>\n\t\t\t\t<\/svg>\n\t\t\t<\/button>\n\t\t<\/div>\n\t\t\t\t<button\n\t\t\tclass=\"carousel-control-prev\"\n\t\t\ttype=\"button\"\n\t\t\tdata-bs-target=\"#carouselCardProperties-1-2\"\n\t\t\tdata-bs-slide=\"prev\">\n\t\t\t<span class=\"carousel-control-prev-icon\" aria-hidden=\"true\"><\/span>\n\t\t\t<span class=\"visually-hidden\">Pr\u00e9c\u00e9dent<\/span>\n\t\t<\/button>\n\t\t<button\n\t\t\tclass=\"carousel-control-next\"\n\t\t\ttype=\"button\"\n\t\t\tdata-bs-target=\"#carouselCardProperties-1-2\"\n\t\t\tdata-bs-slide=\"next\">\n\t\t\t<span class=\"carousel-control-next-icon\" aria-hidden=\"true\"><\/span>\n\t\t\t<span class=\"visually-hidden\">Suivant<\/span>\n\t\t<\/button>\n\t\t\t<\/div>\n\t<div class=\"d-flex flex-column h-100 px-3 py-4 shadow\">\n\t\t\t\t<h3 class=\"card-properties-title mb-3\">\n\t\t\t<a class=\"stretched-link\" href=\"\/fr\/proprietes\/marbella\/marbella-est\/la-finca-de-marbella\/villas-maisons-isolee\/PANR-16316\">\n\t\t\t\tVilla moderne avec vues spectaculaires sur la mer et la montagne \u00e0 La Finca de Marbella\t\t\t<\/a>\n\t\t<\/h3>\n\t\t<p class=\"mb-3 text-black-dark\">La Finca de Marbella, Marbella Est<\/p>\n\t\t\t\t\t\t<p class=\"card-properties-description mb-3\">\n\t\t\tImpressionnante villa au design contemporain situ\u00e9e \u00e0 La Finca de Marbella, une communaut\u00e9 ferm\u00e9e exclusive \u00e0 l\u2019est de Marbella avec s\u00e9curit\u00e9 nocturne. La propri\u00e9t\u00e9 dispose de 609 m\u00b2 construits sur un terrain de 652 m\u00b2&#8230;\t\t<\/p>\n\t\t\t\t<span class=\"card-properties-price mt-auto\">\n\t\t\t\n\t\t\t<span class=\"card-properties-price mt-auto\" data-original-price=\"3095000\">3\u202f095\u202f000\u00a0\u20ac<\/span>\n\t\t\t\t<\/span>\n\t\t\t\t<ul class=\"card-properties-features list-unstyled d-flex flex-wrap align-items-center gap-3 pt-3 border-top mt-3 mb-0\">\n\t\t\t<li class=\"d-flex align-items-center\">5 Chambres<\/li><li class=\"d-flex align-items-center\">5 Bains<\/li>\t\t\t\t<li class=\"d-flex align-items-center\">\n\t\t\t\t\t <span class=\"me-1\" data-original-value=\"609\" data-original-unit=\"m&#038;sup2\">609 m&sup2;<\/span>Total\t\t\t\t<\/li>\n\t\t\t\t\t\t\t<li class=\"d-flex align-items-center\">\n\t\t\t\t\t <span class=\"me-1\" data-original-value=\"652\" data-original-unit=\"m&#038;sup2\">652 m&sup2;<\/span>Terrain\t\t\t\t<\/li>\n\t\t\t\t\t\t\t\t<li class=\"d-flex align-items-center\">\n\t\t\t\t\t <span class=\"me-1\" data-original-value=\"400\" data-original-unit=\"m&#038;sup2\">400 m&sup2;<\/span>Construit\t\t\t\t<\/li>\n\t\t\t\t\t\t\t<li class=\"d-flex align-items-center\">\n\t\t\t\t\t <span class=\"me-1\" data-original-value=\"209\" data-original-unit=\"m&#038;sup2\">209 m&sup2;<\/span>Terrasses\t\t\t\t<\/li>\n\t\t\t\t\t<\/ul>\n\t\t\t<\/div>\n<\/article>\n\t\t\t<\/div>\n\t\t\t<ul class=\"mw-100 d-flex flex-column flex-lg-row flex-lg-wrap justify-content-center gap-3 list-unstyled mt-5 mb-0\">\n    <li><a class=\"btn btn-primary w-100 px-4 py-2\" href=\"https:\/\/www.panoramamarbella.com\/fr\/proprietes\">Propri\u00e9t\u00e9s \u00e0 vendre<\/a><\/li><\/ul>\n\t\t<\/section>\n\t\t\n","protected":false},"excerpt":{"rendered":"<p>L\u2019un des nombreux avantages de vivre \u00e0 Marbella, c\u2019est la grande vari\u00e9t\u00e9 d\u2019escapades incroyables \u00e0 port\u00e9e de main.<\/p>\n","protected":false},"author":3,"featured_media":17943,"comment_status":"closed","ping_status":"closed","sticky":false,"template":"","format":"standard","meta":{"_acf_changed":false,"footnotes":""},"categories":[41],"tags":[],"class_list":["post-18254","post","type-post","status-publish","format-standard","has-post-thumbnail","hentry","category-style-de-vie-a-marbella"],"acf":[],"_links":{"self":[{"href":"https:\/\/www.panoramamarbella.com\/fr\/wp-json\/wp\/v2\/posts\/18254","targetHints":{"allow":["GET"]}}],"collection":[{"href":"https:\/\/www.panoramamarbella.com\/fr\/wp-json\/wp\/v2\/posts"}],"about":[{"href":"https:\/\/www.panoramamarbella.com\/fr\/wp-json\/wp\/v2\/types\/post"}],"author":[{"embeddable":true,"href":"https:\/\/www.panoramamarbella.com\/fr\/wp-json\/wp\/v2\/users\/3"}],"replies":[{"embeddable":true,"href":"https:\/\/www.panoramamarbella.com\/fr\/wp-json\/wp\/v2\/comments?post=18254"}],"version-history":[{"count":1,"href":"https:\/\/www.panoramamarbella.com\/fr\/wp-json\/wp\/v2\/posts\/18254\/revisions"}],"predecessor-version":[{"id":18601,"href":"https:\/\/www.panoramamarbella.com\/fr\/wp-json\/wp\/v2\/posts\/18254\/revisions\/18601"}],"wp:featuredmedia":[{"embeddable":true,"href":"https:\/\/www.panoramamarbella.com\/fr\/wp-json\/wp\/v2\/media\/17943"}],"wp:attachment":[{"href":"https:\/\/www.panoramamarbella.com\/fr\/wp-json\/wp\/v2\/media?parent=18254"}],"wp:term":[{"taxonomy":"category","embeddable":true,"href":"https:\/\/www.panoramamarbella.com\/fr\/wp-json\/wp\/v2\/categories?post=18254"},{"taxonomy":"post_tag","embeddable":true,"href":"https:\/\/www.panoramamarbella.com\/fr\/wp-json\/wp\/v2\/tags?post=18254"}],"curies":[{"name":"wp","href":"https:\/\/api.w.org\/{rel}","templated":true}]}}