{"id":18818,"date":"2025-06-26T17:36:13","date_gmt":"2025-06-26T15:36:13","guid":{"rendered":"https:\/\/www.panoramamarbella.com\/?p=18818"},"modified":"2025-06-26T17:41:13","modified_gmt":"2025-06-26T15:41:13","slug":"les-5-meilleures-plages-de-malaga","status":"publish","type":"post","link":"https:\/\/www.panoramamarbella.com\/fr\/news\/les-5-meilleures-plages-de-malaga","title":{"rendered":"Les 5 plus belles plages de la province de M\u00e1laga"},"content":{"rendered":"\n\n<h2 class=\"wp-block-heading\">National Geographic r\u00e9v\u00e8le les 5 plages incontournables de M\u00e1laga<\/h2>\n\n\n<div class=\"lead\"><p>La province de M\u00e1laga, situ\u00e9e sur la Costa del Sol, fait partie de la r\u00e9gion andalouse du sud de l\u2019Espagne et constitue l\u2019une des zones les plus pris\u00e9es du littoral m\u00e9diterran\u00e9en. Elle b\u00e9n\u00e9ficie de plus de 300 jours de soleil par an et d\u2019un climat doux qui permet de profiter des activit\u00e9s en plein air tout au long de l\u2019ann\u00e9e, faisant des journ\u00e9es \u00e0 la plage un v\u00e9ritable art de vivre.<\/p>\n<\/div>\n\n\n<ul class=\"table-index list-unstyled p-4 p-lg-5 ms-0 bg-light\"><li class=\"text-uppercase fw-bold mb-3\">Table des mati\u00e8res<\/li><li><a href=\"#national+geographic+revele+les+5+plages+incontournables+de+malaga\">\nNational Geographic r\u00e9v\u00e8le les 5 plages incontournables de M\u00e1laga\n<\/a><\/li>\n<li><a href=\"#les+plages+de+malaga+qui+ont+conquis+le+coeur+de+national+geographic\">\nLes plages de M\u00e1laga qui ont conquis le c\u0153ur de National Geographic\n<\/a><\/li>\n<li><a href=\"#plage+de+calahonda+nerja\">\nPlage de Calahonda, Nerja\n<\/a><\/li>\n<li><a href=\"#plage+de+maro+nerja\">\nPlage de Maro, Nerja\n<\/a><\/li>\n<li><a href=\"#situee+aux+abords+de+nerja+la+cote+de+maro+fait+partie+du+parc+naturel+des+falaises+de+marocerro+gordo+un+littoral+protege+repute+pour+sa+beaute+sauvage+et+son+importance+ecologique+la+plage+de+maro+est+un+veritable+refuge+pour+la+vie+marine+ideale+pour+les+amateurs+de+plongee+avec+tuba+mais+si+tu+preferes+simplement+te+detendre+sur+le+sable+en+admirant+la+mediterranee+et+les+falaises+environnantes+cest+lendroit+parfait+pour+une+escapade+au+coeur+de+la+nature+dans+un+cadre+encore+preserve+moins+urbanisee+et+plus+isolee+elle+se+trouve+a+environ+1h25+de+marbella++un+lieu+ideal+pour+les+esprits+aventuriers\">\nSitu\u00e9e aux abords de Nerja, la c\u00f4te de Maro fait partie du Parc naturel des falaises de Maro-Cerro Gordo, un littoral prot\u00e9g\u00e9 r\u00e9put\u00e9 pour sa beaut\u00e9 sauvage et son importance \u00e9cologique. La plage de Maro est un v\u00e9ritable refuge pour la vie marine, id\u00e9ale pour les amateurs de plong\u00e9e avec tuba. Mais si tu pr\u00e9f\u00e8res simplement te d\u00e9tendre sur le sable en admirant la M\u00e9diterran\u00e9e et les falaises environnantes, c\u2019est l\u2019endroit parfait pour une escapade au c\u0153ur de la nature, dans un cadre encore pr\u00e9serv\u00e9. Moins urbanis\u00e9e et plus isol\u00e9e, elle se trouve \u00e0 environ 1h25 de Marbella \u2014 un lieu id\u00e9al pour les esprits aventuriers.\n<\/a><\/li>\n<li><a href=\"#plage+de+la+caleta+malaga\">\nPlage de La Caleta, M\u00e1laga\n<\/a><\/li>\n<li><a href=\"#dunes+dartola+marbella\">\nDunes d\u2019Artola, Marbella\n<\/a><\/li>\n<li><a href=\"#plage+du+penon+del+cuervo+malaga\">\nPlage du Pe\u00f1\u00f3n del Cuervo, M\u00e1laga\n<\/a><\/li><\/ul>\n\n\n\n<h2 class=\"wp-block-heading\">Les plages de M\u00e1laga qui ont conquis le c\u0153ur de National Geographic<\/h2>\n\n\n\n<p>Le vaste littoral andalou s\u2019\u00e9tend sur plus de 1 100 kilom\u00e8tres, de la mer M\u00e9diterran\u00e9e \u00e0 l\u2019oc\u00e9an Atlantique, et regorge d\u2019escapades c\u00f4ti\u00e8res spectaculaires, d\u2019Almer\u00eda \u00e0 Huelva. Il ne manque pas de plages magnifiques parmi lesquelles choisir, y compris certaines des plus belles de la province de M\u00e1laga. Pour affiner la s\u00e9lection aux 20 meilleures, National Geographic a publi\u00e9 son propre classement dans un <a href=\"https:\/\/viajes.nationalgeographic.com.es\/a\/playas-mas-bonitas-andalucia_11726\" target=\"_blank\" rel=\"noreferrer noopener nofollow\">article<\/a> r\u00e9cent.<\/p>\n\n\n\n<p>Dans ce reportage, cinq plages de la province de M\u00e1laga se distinguent et m\u00e9ritent une mention sp\u00e9ciale. Ne manque pas de les ajouter \u00e0 ta liste des plages incontournables de M\u00e1laga.<\/p>\n\n\n\t<figure class=\"wp-caption aligncenter wp-block-acf-wpimage\">\n\t<picture><source width=\"900\" height=\"600\" srcset=\"https:\/\/media.panoramamarbella.com\/imgV1\/B95mbh8olwFQm~uCT2wPZMb8hll4wghQQQq6YWg0~c~U_DrmgY8pGP8pqaDzA6mvjyI_OPtcrHD_aKxDZZG3IGMWKwHKHnQ55dAEWUKbcPRJlaC8lkzElEyjoHnDmYk7qByQyekcjwlTXcBiSqNF2EJzIEGf9~jPmAXJOFHDtdH0uNn4NTdTn5minw10JHCtuZI5CXgfDJFugfqszIxGrA--.webp 900w\" type=\"image\/webp\"><img decoding=\"async\" class=\"img-fluid\" loading=\"lazy\" width=\"900\" height=\"600\" alt=\"plages de M\u00e1laga. plage pittoresque de Nerja, Malaga, encadr\u00e9e par des falaises spectaculaires, des b\u00e2timents blanchis \u00e0 la chaux et les montagnes de la Sierra Almijara en arri\u00e8re-plan, sous un ciel bleu clair\" src=\"https:\/\/media.panoramamarbella.com\/imgV1\/B95mbh8olwFQm~uCT2wPZMb8hll4wghQQQq6YWg0~c~U_DrmgY8pGP8pqaDzA6mvjyI_OPtcrHD_aKxDZZG3IGMWKwHKHnQ55dAEWUKbcPRJlaC8lkzElEyjoHnDmYk7qByQyekcjwlTXcBiSqNF2EJzIEGf9~jPmAXJOE~3NLP2IcyVxfh5QhEJXaSX.jpg\"><\/picture>\t\t\t<figcaption class=\"wp-caption-text\">\n\t\tPlage de Calahonda, \u00e0 Nerja. Photo de Maciek Piankowski\t\t<\/figcaption>\n\t\t\t<\/figure>\n\t\n\n\n<h2 class=\"wp-block-heading\">Plage de Calahonda, Nerja<\/h2>\n\n\n\n<p>La <strong><a href=\"https:\/\/www.google.com\/maps\/place\/Playa+de+la+Calahonda\/@36.7451154,-3.8746127,1805m\/data=!3m2!1e3!4b1!4m6!3m5!1s0xd72250d94cd3637:0x6eeb6d24cad4ccf2!8m2!3d36.744898!4d-3.8749959!16s%2Fg%2F11cn69yt6_?entry=ttu&amp;g_ep=EgoyMDI1MDYyMy4yIKXMDSoASAFQAw%3D%3D\" target=\"_blank\" rel=\"noreferrer noopener nofollow\">plage de Calahonda<\/a><\/strong> est la carte postale de Nerja, nich\u00e9e juste en contrebas du c\u00e9l\u00e8bre <strong><a href=\"https:\/\/www.google.com\/maps\/place\/Balc%C3%B3n+de+Europa\/@36.7446241,-3.878326,902m\/data=!3m1!1e3!4m10!1m2!2m1!1sBalcon+de+europa!3m6!1s0xd7225cab7307489:0x3399e76d9a2f587e!8m2!3d36.7442334!4d-3.8754156!15sChBCYWxjb24gZGUgZXVyb3BhWhIiEGJhbGNvbiBkZSBldXJvcGGSARBvYnNlcnZhdGlvbl9kZWNrqgFHCg0vZy8xMWJ6dF9tOTJiEAEyHhABIhpDCoWxNj0i3DUB6F7gnKgKC3HUTLzldMRAxzIUEAIiEGJhbGNvbiBkZSBldXJvcGHgAQA!16s%2Fg%2F11bzt_m92b?entry=ttu&amp;g_ep=EgoyMDI1MDYyMy4yIKXMDSoASAFQAw%3D%3D\" target=\"_blank\" rel=\"noreferrer noopener nofollow\">balcon de l\u2019Europe<\/a><\/strong>. Avec son charme de village de p\u00eacheurs, ses barques color\u00e9es et son acc\u00e8s par un escalier escarp\u00e9, elle ressemble davantage \u00e0 une crique secr\u00e8te qu\u2019\u00e0 une plage urbaine. Sa petite taille la rend chaleureuse et parfaite pour une baignade rapide apr\u00e8s avoir fl\u00e2n\u00e9 dans le centre anim\u00e9 de la ville. De chaque c\u00f4t\u00e9, on d\u00e9couvre de spectaculaires formations rocheuses et une vue d\u00e9gag\u00e9e sur la M\u00e9diterran\u00e9e. Depuis Marbella, il faut compter environ 1h30 de route en direction de l\u2019est.<\/p>\n\n\n\t<figure class=\"wp-caption aligncenter wp-block-acf-wpimage\">\n\t<picture><source width=\"900\" height=\"600\" srcset=\"https:\/\/media.panoramamarbella.com\/imgV1\/B95mbh8olwFQm~uCT2wPZMb8hll4wghQQQq6YWg0~c~U_DrmgY8pGP8pqaDzA6mvjyI_OPtcrHD_aKxDZZG3IGADnA3hcuioLpjUTTZKlKkrZ4fvlg8ermaTiiGb9fWJHim4Lqui0f1q4BKcUqmnNkmFxKRuE8PJhPYGEJ3MEufhW7GsZ3wrTk44IitBlf0Lpx4fF6DTTxFNcYV9bNvqdw--.webp 900w\" type=\"image\/webp\"><img decoding=\"async\" class=\"img-fluid\" loading=\"lazy\" width=\"900\" height=\"600\" alt=\"Une crique de plage paisible sur la Costa del Sol, \u00e0 Malaga, avec des baigneurs, des parasols color\u00e9s, des eaux bleues claires et des falaises verdoyantes entourant le rivage sous un ciel l\u00e9g\u00e8rement nuageux.\" src=\"https:\/\/media.panoramamarbella.com\/imgV1\/B95mbh8olwFQm~uCT2wPZMb8hll4wghQQQq6YWg0~c~U_DrmgY8pGP8pqaDzA6mvjyI_OPtcrHD_aKxDZZG3IGADnA3hcuioLpjUTTZKlKkrZ4fvlg8ermaTiiGb9fWJHim4Lqui0f1q4BKcUqmnNkmFxKRuE8PJhPYGEIN9r6rTKSP9k47uB2N85mZb.jpg\"><\/picture>\t\t\t<figcaption class=\"wp-caption-text\">\n\t\tLa plage de Maro est entour\u00e9e de nature\t\t<\/figcaption>\n\t\t\t<\/figure>\n\t\n\n\n<h2 class=\"wp-block-heading\">Plage de Maro, Nerja<\/h2>\n\n\n\n<p>Situ\u00e9e aux abords de Nerja, la <strong><a href=\"https:\/\/www.google.com\/maps\/place\/Cliffs+of+Maro-Cerro+Gordo\/@36.7462962,-3.7816093,902m\/data=!3m2!1e3!4b1!4m6!3m5!1s0xd72263c799307e1:0x4465195f414a24c!8m2!3d36.7462962!4d-3.7816093!16s%2Fg%2F120qkw4w?entry=ttu&amp;g_ep=EgoyMDI1MDYyMy4yIKXMDSoASAFQAw%3D%3D\" target=\"_blank\" rel=\"noreferrer noopener nofollow\">c\u00f4te de Maro fait partie du Parc naturel des falaises de Maro-Cerro Gordo<\/a><\/strong>, un littoral prot\u00e9g\u00e9 r\u00e9put\u00e9 pour sa beaut\u00e9 sauvage et son importance \u00e9cologique. La <strong><a href=\"https:\/\/www.google.com\/maps\/place\/Playa+de+Maro\/@36.7538998,-3.834481,3609m\/data=!3m1!1e3!4m16!1m8!3m7!1s0xd7225ca2145e149:0xf0860b908eaf5519!2s29787+Maro,+M%C3%A1laga!3b1!8m2!3d36.7584503!4d-3.8432651!16s%2Fg%2F122_gb9j!3m6!1s0xd7225c5f714adc1:0x8f745fd77ab9baa4!8m2!3d36.7539476!4d-3.8342822!15sCg1Db3N0YSBkZSBNYXJvIgOIAQFaDyINY29zdGEgZGUgbWFyb5IBBWJlYWNoqgFAEAEqCSIFY29zdGEoADIeEAEiGklbO623fPZ8jgQj7wM6DP73iSYaSci7d2RJMhEQAiINY29zdGEgZGUgbWFyb-ABAA!16s%2Fg%2F11xc8c5t3?entry=ttu&amp;g_ep=EgoyMDI1MDYyMy4yIKXMDSoASAFQAw%3D%3D\" target=\"_blank\" rel=\"noreferrer noopener nofollow\">plage de Maro<\/a><\/strong> est un v\u00e9ritable refuge pour la vie marine, id\u00e9ale pour les amateurs de plong\u00e9e avec tuba. Mais si tu pr\u00e9f\u00e8res simplement te d\u00e9tendre sur le sable en admirant la M\u00e9diterran\u00e9e et les falaises environnantes, c\u2019est l\u2019endroit parfait pour une escapade au c\u0153ur de la nature, dans un cadre encore pr\u00e9serv\u00e9. Moins urbanis\u00e9e et plus isol\u00e9e, elle se trouve \u00e0 environ 1h25 de Marbella \u2014 un lieu id\u00e9al pour les esprits aventuriers.<\/p>\n\n\n\t<figure class=\"wp-caption aligncenter wp-block-acf-wpimage\">\n\t<picture><source width=\"900\" height=\"675\" srcset=\"https:\/\/media.panoramamarbella.com\/imgV1\/B95mbh8olwFQm~uCT2wPZMb8hll4wghQQQq6YWg0~c~U_DrmgY8pGP8pqaDzA6mvjyI_OPtcrHD_aKxDZZG3IGE25RjZBXpm3_b~KKXbO4Kkj353Bv2QRa_84_wTc8NU6u0r6vZtNen_XK8EV6sViSmFBX30w4Hw~jgcYrNvwjfp38kt3nHXSBJlu~~g3KdavDd_nC4BWZYcsWTJim2P7Q--.webp 900w\" type=\"image\/webp\"><img decoding=\"async\" class=\"img-fluid\" loading=\"lazy\" width=\"900\" height=\"675\" alt=\"Coucher de soleil sur une plage bord\u00e9e de palmiers dans la ville de Malaga, avec des vagues douces, une lumi\u00e8re dor\u00e9e et des silhouettes de grues au loin pr\u00e8s du port.\" src=\"https:\/\/media.panoramamarbella.com\/imgV1\/B95mbh8olwFQm~uCT2wPZMb8hll4wghQQQq6YWg0~c~U_DrmgY8pGP8pqaDzA6mvjyI_OPtcrHD_aKxDZZG3IGE25RjZBXpm3_b~KKXbO4Kkj353Bv2QRa_84_wTc8NU6u0r6vZtNen_XK8EV6sViSmFBX30w4Hw~jgcYq2nBZKms1z0OLHDXCWXHAlP.jpg\"><\/picture>\t\t\t<figcaption class=\"wp-caption-text\">\n\t\tLa Caleta, une plage id\u00e9ale pour les familles\t\t<\/figcaption>\n\t\t\t<\/figure>\n\t\n\n\n<h2 class=\"wp-block-heading\">Plage de La Caleta, M\u00e1laga<\/h2>\n\n\n\n<p><strong><a href=\"https:\/\/www.google.com\/maps\/place\/Playa+La+Caleta\/@36.7211746,-4.3996497,903m\/data=!3m1!1e3!4m15!1m8!3m7!1s0xd72f7e0b61cf827:0x654c829ed7950ae0!2sLa+Caleta,+Este,+29016+M%C3%A1laga!3b1!8m2!3d36.7208718!4d-4.4051563!16s%2Fg%2F120vyywv!3m5!1s0xd7259e3811d0ce5:0xad211685a7e4da79!8m2!3d36.7223605!4d-4.3943407!16s%2Fg%2F11mnmmcy7b?entry=ttu&amp;g_ep=EgoyMDI1MDYyMy4yIKXMDSoASAFQAw%3D%3D\" target=\"_blank\" rel=\"noreferrer noopener nofollow\">La Caleta<\/a><\/strong> est l\u2019une des plages pr\u00e9f\u00e9r\u00e9es des Malagu\u00e8nes. Elle b\u00e9n\u00e9ficie d\u2019un emplacement strat\u00e9gique entre le centre-ville et le quartier \u00e9l\u00e9gant d\u2019El Limonar. C\u2019est l\u2019endroit id\u00e9al si tu s\u00e9journes \u00e0 M\u00e1laga et recherches une plage qui allie ambiance locale et acc\u00e8s facile. La promenade est bord\u00e9e de caf\u00e9s, de pistes cyclables et de palmiers, tandis que la plage elle-m\u00eame offre des eaux calmes, ce qui en fait une option particuli\u00e8rement adapt\u00e9e aux familles. Depuis Marbella, il faut compter environ 50 minutes en voiture, ce qui en fait une excellente id\u00e9e de sortie \u00e0 la journ\u00e9e avec tous les atouts d\u2019un cadre urbain.<\/p>\n\n\n\t<figure class=\"wp-caption aligncenter wp-block-acf-wpimage\">\n\t<picture><source width=\"900\" height=\"508\" srcset=\"https:\/\/media.panoramamarbella.com\/imgV1\/B95mbh8olwFQm~uCT2wPZMb8hll4wghQQQq6YWg0~c~U_DrmgY8pGP8pqaDzA6mvjyI_OPtcrHD_aKxDZZG3IGaV1Wli7zEZXkgeTKzAF8hUTscJ1anISg87FPHzuLyPlgnUqCc2PzwrhdEyxiOVwgloQvEw914~BtDBsYtgHqvqY~NxvVq1SktcmbQ8a_vZ_pb3IXrb8LjaghinY88zeg--.webp 900w\" type=\"image\/webp\"><img decoding=\"async\" class=\"img-fluid\" loading=\"lazy\" width=\"900\" height=\"508\" alt=\"Promenade en bois menant \u00e0 une plage sauvage de Malaga au coucher du soleil, avec un ciel color\u00e9, des dunes c\u00f4ti\u00e8res et des vagues venant de la mer.\" src=\"https:\/\/media.panoramamarbella.com\/imgV1\/B95mbh8olwFQm~uCT2wPZMb8hll4wghQQQq6YWg0~c~U_DrmgY8pGP8pqaDzA6mvjyI_OPtcrHD_aKxDZZG3IGaV1Wli7zEZXkgeTKzAF8hUTscJ1anISg87FPHzuLyPlgnUqCc2PzwrhdEyxiOVwgloQvEw914~BtDBsZViG2BGrEpVuWyxmieLdPWx.jpg\"><\/picture>\t\t\t<figcaption class=\"wp-caption-text\">\n\t\tLes dunes d\u2019Artola se trouvent \u00e0 seulement 15 minutes du centre de Marbella\t\t<\/figcaption>\n\t\t\t<\/figure>\n\t\n\n\n<h2 class=\"wp-block-heading\">Dunes d\u2019Artola, Marbella<\/h2>\n\n\n\n<p>\u00c0 seulement 15 minutes du centre de Marbella, <strong><a href=\"https:\/\/www.google.com\/maps\/place\/Cabopino+Beach\/@36.4849222,-4.7483499,905m\/data=!3m2!1e3!4b1!4m6!3m5!1s0xd7320387444acd7:0xa6c7b1887c91361f!8m2!3d36.4845625!4d-4.7436806!16s%2Fg%2F1214m2m4?entry=ttu&amp;g_ep=EgoyMDI1MDYyMy4yIKXMDSoASAFQAw%3D%3D\" target=\"_blank\" rel=\"noreferrer noopener nofollow\">Artola-Cabopino<\/a><\/strong> offre une atmosph\u00e8re bien diff\u00e9rente de celle des plages les plus glamour de la ville. Cette zone naturelle prot\u00e9g\u00e9e abrite des dunes de sable ondoyantes, une flore autochtone et une ambiance paisible. Une passerelle en bois traverse les dunes, parfaite pour une promenade pittoresque avant de se rafra\u00eechir dans la mer. <strong><a href=\"https:\/\/www.google.com\/maps\/place\/La+Torre+de+Los+Ladrones\/@36.485247,-4.7433187,905m\/data=!3m2!1e3!4b1!4m6!3m5!1s0xd73203980ad22ed:0x9c38ee5777ef43cf!8m2!3d36.485247!4d-4.7433187!16s%2Fm%2F0c3w71p?entry=ttu&amp;g_ep=EgoyMDI1MDYyMy4yIKXMDSoASAFQAw%3D%3D\" target=\"_blank\" rel=\"noreferrer noopener nofollow\">La Torre Ladrones<\/a><\/strong>, une tour de guet du XVI\u1d49 si\u00e8cle, apporte une touche culturelle \u00e0 la visite. C\u2019est aussi l\u2019une des rares plages de la c\u00f4te \u00e0 disposer d\u2019une zone naturiste, ce qui attire un public vari\u00e9 et cr\u00e9e une ambiance d\u00e9tendue et naturelle.<\/p>\n\n\n\t<figure class=\"wp-caption aligncenter wp-block-acf-wpimage\">\n\t<picture><source width=\"900\" height=\"600\" srcset=\"https:\/\/media.panoramamarbella.com\/imgV1\/B95mbh8olwFQm~uCT2wPZMb8hll4wghQQQq6YWg0~c~U_DrmgY8pGP8pqaDzA6mvjyI_OPtcrHD_aKxDZZG3IGeEFtf5qH1dVue0~ynRZyhIcra_oVM5QW9wdDUqdtrDLCvCMgQE66kz2OtDLNmbn2IU3XLDtQbIjMNN0pboaqmL25KuTm7uCGKbkA8ZTCLpM9Pf4O7swKiAS5CWmbbwkQ--.webp 900w\" type=\"image\/webp\"><img decoding=\"async\" class=\"img-fluid\" loading=\"lazy\" width=\"900\" height=\"600\" alt=\"P\u00eacheurs sur une plage de sable tranquille \u00e0 Malaga avec une grande formation rocheuse dans la mer, des eaux bleues calmes et des montagnes visibles au loin sous un ciel clair.\" src=\"https:\/\/media.panoramamarbella.com\/imgV1\/B95mbh8olwFQm~uCT2wPZMb8hll4wghQQQq6YWg0~c~U_DrmgY8pGP8pqaDzA6mvjyI_OPtcrHD_aKxDZZG3IGeEFtf5qH1dVue0~ynRZyhIcra_oVM5QW9wdDUqdtrDLCvCMgQE66kz2OtDLNmbn2IU3XLDtQbIjMNN0ohCT36hpzi~OvMHU7oMdusp.jpg\"><\/picture>\t\t\t<figcaption class=\"wp-caption-text\">\n\t\tLe Pe\u00f1\u00f3n del Cuervo est l\u2019endroit pr\u00e9f\u00e9r\u00e9 des habitants\t\t<\/figcaption>\n\t\t\t<\/figure>\n\t\n\n\n<h2 class=\"wp-block-heading\">Plage du Pe\u00f1\u00f3n del Cuervo, M\u00e1laga<\/h2>\n\n\n\n<p>Traduit par \u00ab\u202fle Rocher du Corbeau\u202f\u00bb, cette plage tire son nom du grand rocher qui divise le rivage. Situ\u00e9e \u00e0 l\u2019extr\u00e9mit\u00e9 est de la ville de M\u00e1laga, la plage du <strong><a href=\"https:\/\/www.google.com\/maps\/place\/Pe%C3%B1%C3%B3n+del+Cuervo\/@36.712072,-4.3459087,7222m\/data=!3m1!1e3!4m15!1m7!3m6!1s0xd7259e7e048f415:0x480319c9fc61baf0!2sPlaya+Pe%C3%B1on+del+Cuervo!8m2!3d36.7129016!4d-4.3352296!16s%2Fg%2F121bw8xh!3m6!1s0xd7259e780cf93a1:0x41c89b95515ea0c3!8m2!3d36.7116008!4d-4.3358488!15sChJQZcOxw7NuIGRlbCBDdWVydm-SAQlwZW5pbnN1bGGqAToQATIeEAEiGgxx-hHGEOHlUKbGMFGeI5Rrcfje8TeNx3OmMhYQAiIScGXDscOzbiBkZWwgY3VlcnZv4AEA!16s%2Fg%2F122bxp64?entry=ttu&amp;g_ep=EgoyMDI1MDYyMy4yIKXMDSoASAFQAw%3D%3D\" target=\"_blank\" rel=\"noreferrer noopener nofollow\">Pe\u00f1\u00f3n del Cuervo<\/a><\/strong> offre une ambiance plus rustique et familiale, id\u00e9ale pour les pique-niques. C\u2019est l\u2019un des endroits pr\u00e9f\u00e9r\u00e9s des locaux pour faire des barbecues le week-end et profiter de baignades tranquilles. On y trouve peu d\u2019infrastructures touristiques, mais c\u2019est justement ce qui fait son charme. Un petit sentier m\u00e8ne depuis le parking, et la plage dispose de zones ombrag\u00e9es ainsi que d\u2019espaces am\u00e9nag\u00e9s pour les barbecues. Depuis Marbella, il faut un peu plus d\u2019une heure en voiture.<\/p>\n\n\n<article class=\"col w-100 position-relative mb-5 wp-block-acf-banner\">\n    <div class=\"d-flex flex-wrap flex-column flex-xl-row align-items-start align-items-xl-end gap-4 w-100 bg-secondary text-white p-4\">\n        <div class=\"d-flex flex-column\">\n\t\t\t            <a href=\"https:\/\/www.panoramamarbella.com\/fr\/bulletin-information-sur-immobilier\" class=\"stretched-link text-white text-decoration-none\" title=\"Vous aimez ce que vous lisez?\">\n\t\t\t\t<h2 class=\"text-white mb-3\">Vous aimez ce que vous lisez?<\/h2>            <\/a>\n\t\t\t            <p class=\"mb-0\">\n                Abonnez-vous \u00e0 notre newsletter pour des articles captivants, du contenu exclusif et les derni\u00e8res actualit\u00e9s.            <\/p>\n\t\t\t        <\/div>\n\t\t        <span class=\"btn btn-outline-light ms-xl-auto\">Bulletin Panorama<\/span>\n\t\t    <\/div>\n<\/article>\n\n\n\n\n<p>Souviens-toi : une vraie journ\u00e9e de plage, c\u2019est quand tu perds la notion du temps\u2026<\/p>\n\n\n\n<p>Si tu envisages d\u2019acheter une propri\u00e9t\u00e9 \u00e0 Marbella ou dans les environs, n\u2019h\u00e9site pas \u00e0 <strong><a href=\"https:\/\/www.panoramamarbella.com\/fr\/contactez\" target=\"_blank\" rel=\"noreferrer noopener nofollow\">contacter notre \u00e9quipe<\/a><\/strong> chaleureuse : nous serons ravis de t\u2019aider \u00e0 trouver la maison de tes r\u00eaves sur la Costa del Sol.ol.<\/p>\n\n\n\n\n\t\t<section class=\"container wp-block-acf-inmpropselection\">\n\t\t\t<h2>Des propri\u00e9t\u00e9s avec une \u00e2me de bord de mer<\/h2>\t\t\t<div class=\"row row-cols-1 row-cols-lg-3 gy-5 g-xxl-5\">\n\t\t\t\t\n<article class=\"col card-properties position-relative d-flex flex-column\">\n\t<div id=\"carouselCardProperties-1-0\" class=\"card-properties-images carousel slide carousel-fade lazy\" data-bs-ride=\"carousel\" data-bs-interval=\"200000\" data-id=\"698664\">\n\t\t<div class=\"carousel-inner\">\n\t\t\t<figure class=\"carousel-item mb-0 active ratio ratio-4x3\">\n\t\t\t\t<picture><source sizes=\"(max-width: 575px) calc(100vw - 24px), (max-width: 767px) 516px, (max-width: 991px) 696px, (max-width: 1199px) 296px, (max-width: 1399px) 356px, 400px\" width=\"696\" height=\"522\" srcset=\"https:\/\/media.panoramamarbella.com\/imgV1\/B95mbh8olwFQm~uCUaVOI2kQT0hb0a8sZ9turUNfnwtvuccYCzs0YVPfPbfkc2VnnN1JFDpkYaGfw1gJsS~5hOu8ClA27V6xVP6zyKoKPS1Mn7WRHYZMLWv_YHD73v3wTA8HWCCOpMnXwN2uAr5VSPiSO7karRIMiZTPqCu_dZ5fuWR0YCW6_1pG5Bl~Hp5WroeZ3HQAZ5bJuMGEOv79bl9k214P5Nw2k7gr9ANpozAASAFpx51KqYb~IgRpbC3Nm7LGaJqZPuy9KH5g7qzcuC2cvd8aXgZUiX05nn3MiVFBu3_R0uApWqg0GDDTU7GVpDHN0uiwmWHOPGRGcV19lVB5JeSIN5bWCc0XpEoi3uZ0T3eXN37TL0i518tYi19KAllVsHHd0sbTDHyPO_Nw~4KnnSNcB9zdZy_Falf9Nm2Qd8UylRZPY3Up0552~WYpYFfMu6~cQQhix6~xJmlu.webp 696w,https:\/\/media.panoramamarbella.com\/imgV1\/B95mbh8olwFQm~uCUaVOI2kQT0hb0a8sZ9turUNfnwtvuccYCzs0YVPfPbfkc2VnnN1JFDpkYaGfw1gJsS~5hOu8ClA27V6xVP6zyKoKPS1Mn7WRHYZMLWv_YHD73v3wTA8HWCCOpMnXwN2uAr5VSPiSO7karRIMiZTPqCu_dxsgwbeNJ3yUNRGy~HNlq7dkSM2WX~69OJOJ5Rf_OC19ofiiJFxHjWv2u3u0P4hi6O0xoN_eKF2nSgtPXKVIDb6vkB7sMfUcYSFaA8MkPym_Gpt83~i_ztzET0MbhzNjsKTdK5NbqRNgl5yWC5YxwwmAj1QP7QCWT0mNwDbjKvcT6HKFDihRXrRi~rK1hGgEsn~KGSB8yKC8a2ZAlw1Y0g7iH3vxsT0JHikRupGzmmtHsrKXqc6p8M2~T5e5ifxWDLJfJRqdDdAaQRy8mbVTKnDv_ya2ucuiMT0AMrtAXM~J.webp 400w\" type=\"image\/webp\"><img decoding=\"async\" class=\"position-absolute w-100 h-100 object-fit-cover\" alt=\"Appartement unique en rez-de-chauss\u00e9e avec vue sur la mer dans les Jardins Japonais de Marina Puente Romano\" loading=\"lazy\" width=\"696\" height=\"522\" src=\"https:\/\/media.panoramamarbella.com\/imgV1\/B95mbh8olwFQm~uCUaVOI2kQT0hb0a8sZ9turUNfnwtvuccYCzs0YVPfPbfkc2VnnN1JFDpkYaGfw1gJsS~5hOu8ClA27V6xVP6zyKoKPS1Mn7WRHYZMLWv_YHD73v3wTA8HWCCOpMnXwN2uAr5VSPiSO7karRIMiZTPqCu_dZ5fuWR0YCW6_1pG5Bl~AOWCKsfURyq35vm55dIauvG9uVaSivcgS4ajblndO75z1CH0f2jKmqCp4xxFvz8SGfsGZsvJDXqx_1ZOdq6C3Ciw5BdH3mBMTlmpWiwr03l4R5h6rIkh70WK8PZkn3TMc7aMyNa5IHcJVNmTEhV8AxRljU0iGmAWvH9H8Jc12IGx0P0jWsreOMhWj1MxEo9KATyoLWCUe5JwyP7SYClFp7YUmD7e40GOUqwrJuzlqrEiOyMmHv7XqSzouqYV54M-.jpg\"><\/picture>\t\t\t<\/figure>\n\t\t\t\t\t\t<span class=\"card-properties-tag position-absolute z-2 top-0 start-0 bg-secondary text-white py-1 px-3 ms-3\">\n\t\t\t\tEn vedette\t\t\t<\/span>\n\t\t\t\t\t\t<span class=\"card-properties-ref position-absolute z-2 bottom-0 end-0 bg-white text-primary py-1 px-3 me-3\">\n\t\t\t\tPANR-16359\t\t\t<\/span>\n\t\t\t<button class=\"card-properties-portfolio d-flex align-items-center justify-content-center position-absolute z-3 end-0 text-white bg-primary me-3 border-0 px-0\" data-pfl-id=\"698664\" data-pfl-filter=\"sale\" aria-label=\"Add to portfolio\">\n\t\t\t\t<svg width=\"18\" fill=\"currentColor\" viewBox=\"0 0 512 512\">\n\t\t\t\t\t<use href=\"https:\/\/www.panoramamarbella.com\/wp-content\/themes\/panoramamarbella\/dist\/src\/images\/icons.svg#svgHeart\"><\/use>\n\t\t\t\t<\/svg>\n\t\t\t\t<svg width=\"18\" fill=\"currentColor\" viewBox=\"0 0 512 512\">\n\t\t\t\t\t<use href=\"https:\/\/www.panoramamarbella.com\/wp-content\/themes\/panoramamarbella\/dist\/src\/images\/icons.svg#svgHeartIn\"><\/use>\n\t\t\t\t<\/svg>\n\t\t\t<\/button>\n\t\t<\/div>\n\t\t\t\t<button\n\t\t\tclass=\"carousel-control-prev\"\n\t\t\ttype=\"button\"\n\t\t\tdata-bs-target=\"#carouselCardProperties-1-0\"\n\t\t\tdata-bs-slide=\"prev\">\n\t\t\t<span class=\"carousel-control-prev-icon\" aria-hidden=\"true\"><\/span>\n\t\t\t<span class=\"visually-hidden\">Pr\u00e9c\u00e9dent<\/span>\n\t\t<\/button>\n\t\t<button\n\t\t\tclass=\"carousel-control-next\"\n\t\t\ttype=\"button\"\n\t\t\tdata-bs-target=\"#carouselCardProperties-1-0\"\n\t\t\tdata-bs-slide=\"next\">\n\t\t\t<span class=\"carousel-control-next-icon\" aria-hidden=\"true\"><\/span>\n\t\t\t<span class=\"visually-hidden\">Suivant<\/span>\n\t\t<\/button>\n\t\t\t<\/div>\n\t<div class=\"d-flex flex-column h-100 px-3 py-4 shadow\">\n\t\t\t\t<h3 class=\"card-properties-title mb-3\">\n\t\t\t<a class=\"stretched-link\" href=\"\/fr\/proprietes\/marbella\/marbella-golden-mile\/marina-puente-romano\/appartements-habitats\/PANR-16359\">\n\t\t\t\tAppartement unique en rez-de-chauss\u00e9e avec vue sur la mer dans les Jardins Japonais de Marina Puente Romano\t\t\t<\/a>\n\t\t<\/h3>\n\t\t<p class=\"mb-3 text-black-dark\">Marina Puente Romano, Marbella Golden Mile<\/p>\n\t\t\t\t\t\t<p class=\"card-properties-description mb-3\">\n\t\t\tD\u00e9couvrez le summum du luxe sans effort dans cet appartement sur\u00e9lev\u00e9 en rez-de-chauss\u00e9e, expos\u00e9 sud-ouest, nich\u00e9 au sein de l\u2019embl\u00e9matique Puente Romano Beach Resort and Spa \u2014 l\u2019une des adresses les plus prestigieuses et recherch\u00e9es&#8230;\t\t<\/p>\n\t\t\t\t<span class=\"card-properties-price mt-auto\">\n\t\t\t\n\t\t\t<span class=\"card-properties-price mt-auto\" data-original-price=\"4950000\">4\u202f950\u202f000\u00a0\u20ac<\/span>\n\t\t\t\t<\/span>\n\t\t\t\t<ul class=\"card-properties-features list-unstyled d-flex flex-wrap align-items-center gap-3 pt-3 border-top mt-3 mb-0\">\n\t\t\t<li class=\"d-flex align-items-center\">3 Chambres<\/li><li class=\"d-flex align-items-center\">3 Bains<\/li>\t\t\t\t<li class=\"d-flex align-items-center\">\n\t\t\t\t\t <span class=\"me-1\" data-original-value=\"180\" data-original-unit=\"m&#038;sup2\">180 m&sup2;<\/span>Total\t\t\t\t<\/li>\n\t\t\t\t\t\t\t<li class=\"d-flex align-items-center\">\n\t\t\t\t\t <span class=\"me-1\" data-original-value=\"140\" data-original-unit=\"m&#038;sup2\">140 m&sup2;<\/span>Construit\t\t\t\t<\/li>\n\t\t\t\t\t\t\t<li class=\"d-flex align-items-center\">\n\t\t\t\t\t <span class=\"me-1\" data-original-value=\"40\" data-original-unit=\"m&#038;sup2\">40 m&sup2;<\/span>Terrasses\t\t\t\t<\/li>\n\t\t\t\t\t<\/ul>\n\t\t\t<\/div>\n<\/article>\n\n\n<article class=\"col card-properties position-relative d-flex flex-column\">\n\t<div id=\"carouselCardProperties-1-1\" class=\"card-properties-images carousel slide carousel-fade lazy\" data-bs-ride=\"carousel\" data-bs-interval=\"200000\" data-id=\"697691\">\n\t\t<div class=\"carousel-inner\">\n\t\t\t<figure class=\"carousel-item mb-0 active ratio ratio-4x3\">\n\t\t\t\t<picture><source sizes=\"(max-width: 575px) calc(100vw - 24px), (max-width: 767px) 516px, (max-width: 991px) 696px, (max-width: 1199px) 296px, (max-width: 1399px) 356px, 400px\" width=\"696\" height=\"522\" srcset=\"https:\/\/media.panoramamarbella.com\/imgV1\/B95mbh8olwFQm~uCUaVOI2kQT0hb0a8sZ9turUNfnwtvuccYCzs0YVPfPbfkc2VnnN1JFDpkYaGfw1gJsS~5hOu9X5J_GGESH79I62csjOueuTbhRLPEQEkioevvhdrpjaWZvyQirO9yl0pilvxoweqB_Ivhe0U_Jy8EpEUkkIerqgeQoKU1mQB5R7jXZ4z2~yGHtb6~CBhi84a2F0raVYWLu7HUrDtit56FaP4OzvluUMGSwtGFlSJjr8yarAflGi10pMdlOSw4pYbz1aqK6iIVhkYwfTShqk4tM8jcl3NydxgqIaQ5Hr3LCHJIjKmxTaM1YMrEvaemAODXyC~Axri4wdZFcJwZbcVOP6nZFqFub0gDbEaJ8ewY0NDjqGgCUFpu9RkXt5X2GSkuGu1KRN9zum7V9133uqsztpj3Tuu9VQfPyxoXd8UjT0SxZc5xix8YhCigEA3G9dEBKBQ2.webp 696w,https:\/\/media.panoramamarbella.com\/imgV1\/B95mbh8olwFQm~uCUaVOI2kQT0hb0a8sZ9turUNfnwtvuccYCzs0YVPfPbfkc2VnnN1JFDpkYaGfw1gJsS~5hOu9X5J_GGESH79I62csjOueuTbhRLPEQEkioevvhdrpjaWZvyQirO9yl0pilvxoweqB_Ivhe0U_Jy8EpEUkko1a78AnfDVp7Xlsgx3km_Rd47QqHGmTwbNqdRjMS62fS8JkHMlnjYi2Wtt450XydYXva8FoZJ25irlVO5Ob7WT2ai1w6Lt5Xskty6pLQlJxFmgZgJeqWTkfUbXDR1VHOqoNnqF4XSbRybXd4uMgVBoJgOCP8Pclw0gYC8Q12nBtMMEN1IEFdpKdFxHfuKC25RIEs5LT1WXuLWTNQdbX6ZFeI5ljV9FbJzAQWoXuA3_2bpay0lG_RdcVguU4wa~kZ90i1jVqD~4CMzTkUDnsFBpBXUK49EKzkx6U2GFqJIdV.webp 400w\" type=\"image\/webp\"><img decoding=\"async\" class=\"position-absolute w-100 h-100 object-fit-cover\" alt=\"Appartement \u00e9l\u00e9gant et spacieux \u00e0 Monte Para\u00edso, Marbella Golden Mile\" loading=\"lazy\" width=\"696\" height=\"522\" src=\"https:\/\/media.panoramamarbella.com\/imgV1\/B95mbh8olwFQm~uCUaVOI2kQT0hb0a8sZ9turUNfnwtvuccYCzs0YVPfPbfkc2VnnN1JFDpkYaGfw1gJsS~5hOu9X5J_GGESH79I62csjOueuTbhRLPEQEkioevvhdrpjaWZvyQirO9yl0pilvxoweqB_Ivhe0U_Jy8EpEUkkIerqgeQoKU1mQB5R7jXeWxKG4WFc0r0jyU19QwVg7FsBvsfoxVA5XgamVQrf_jARna9MwfGJ_sIy1TKvV_QvlsFKBbK~zX3vf_~yOuUhkGrWmJzk8aU07AVE9I41NTOfjcdfUJtORtzA_2sDztu73S3KXN9Rtr2rbiH_L2c4QOcSN1mofbCoiWIzmfLY6aEGmmMTYaeRyhsYnHOtCu1fX~dj5QBcJYiVpHwfmSiIlKruSq2F76orZwAj9Dx_4UUWOealiWClosu_VCJtYs-.jpg\"><\/picture>\t\t\t<\/figure>\n\t\t\t\t\t\t<span class=\"card-properties-ref position-absolute z-2 bottom-0 end-0 bg-white text-primary py-1 px-3 me-3\">\n\t\t\t\tPANR-16340\t\t\t<\/span>\n\t\t\t<button class=\"card-properties-portfolio d-flex align-items-center justify-content-center position-absolute z-3 end-0 text-white bg-primary me-3 border-0 px-0\" data-pfl-id=\"697691\" data-pfl-filter=\"sale\" aria-label=\"Add to portfolio\">\n\t\t\t\t<svg width=\"18\" fill=\"currentColor\" viewBox=\"0 0 512 512\">\n\t\t\t\t\t<use href=\"https:\/\/www.panoramamarbella.com\/wp-content\/themes\/panoramamarbella\/dist\/src\/images\/icons.svg#svgHeart\"><\/use>\n\t\t\t\t<\/svg>\n\t\t\t\t<svg width=\"18\" fill=\"currentColor\" viewBox=\"0 0 512 512\">\n\t\t\t\t\t<use href=\"https:\/\/www.panoramamarbella.com\/wp-content\/themes\/panoramamarbella\/dist\/src\/images\/icons.svg#svgHeartIn\"><\/use>\n\t\t\t\t<\/svg>\n\t\t\t<\/button>\n\t\t<\/div>\n\t\t\t\t<button\n\t\t\tclass=\"carousel-control-prev\"\n\t\t\ttype=\"button\"\n\t\t\tdata-bs-target=\"#carouselCardProperties-1-1\"\n\t\t\tdata-bs-slide=\"prev\">\n\t\t\t<span class=\"carousel-control-prev-icon\" aria-hidden=\"true\"><\/span>\n\t\t\t<span class=\"visually-hidden\">Pr\u00e9c\u00e9dent<\/span>\n\t\t<\/button>\n\t\t<button\n\t\t\tclass=\"carousel-control-next\"\n\t\t\ttype=\"button\"\n\t\t\tdata-bs-target=\"#carouselCardProperties-1-1\"\n\t\t\tdata-bs-slide=\"next\">\n\t\t\t<span class=\"carousel-control-next-icon\" aria-hidden=\"true\"><\/span>\n\t\t\t<span class=\"visually-hidden\">Suivant<\/span>\n\t\t<\/button>\n\t\t\t<\/div>\n\t<div class=\"d-flex flex-column h-100 px-3 py-4 shadow\">\n\t\t\t\t<h3 class=\"card-properties-title mb-3\">\n\t\t\t<a class=\"stretched-link\" href=\"\/fr\/proprietes\/marbella\/marbella-golden-mile\/monte-paraiso\/appartements-habitats\/PANR-16340\">\n\t\t\t\tAppartement \u00e9l\u00e9gant et spacieux \u00e0 Monte Para\u00edso, Marbella Golden Mile\t\t\t<\/a>\n\t\t<\/h3>\n\t\t<p class=\"mb-3 text-black-dark\">Monte Paraiso, Marbella Golden Mile<\/p>\n\t\t\t\t\t\t<p class=\"card-properties-description mb-3\">\n\t\t\tCet appartement magnifiquement r\u00e9nov\u00e9 se situe dans la prestigieuse communaut\u00e9 de Monte Para\u00edso sur le Golden Mile de Marbella, l\u2019une des adresses les plus pris\u00e9es de la Costa del Sol. Plac\u00e9 dans une position privil\u00e9gi\u00e9e,&#8230;\t\t<\/p>\n\t\t\t\t<span class=\"card-properties-price mt-auto\">\n\t\t\t\n\t\t\t<span class=\"card-properties-price mt-auto\" data-original-price=\"2450000\">2\u202f450\u202f000\u00a0\u20ac<\/span>\n\t\t\t\t<\/span>\n\t\t\t\t<ul class=\"card-properties-features list-unstyled d-flex flex-wrap align-items-center gap-3 pt-3 border-top mt-3 mb-0\">\n\t\t\t<li class=\"d-flex align-items-center\">4 Chambres<\/li><li class=\"d-flex align-items-center\">4 Bains<\/li>\t\t\t\t<li class=\"d-flex align-items-center\">\n\t\t\t\t\t <span class=\"me-1\" data-original-value=\"210\" data-original-unit=\"m&#038;sup2\">210 m&sup2;<\/span>Total\t\t\t\t<\/li>\n\t\t\t\t\t\t\t<li class=\"d-flex align-items-center\">\n\t\t\t\t\t <span class=\"me-1\" data-original-value=\"169\" data-original-unit=\"m&#038;sup2\">169 m&sup2;<\/span>Construit\t\t\t\t<\/li>\n\t\t\t\t\t\t\t<li class=\"d-flex align-items-center\">\n\t\t\t\t\t <span class=\"me-1\" data-original-value=\"41\" data-original-unit=\"m&#038;sup2\">41 m&sup2;<\/span>Terrasses\t\t\t\t<\/li>\n\t\t\t\t\t<\/ul>\n\t\t\t<\/div>\n<\/article>\n\n\n<article class=\"col card-properties position-relative d-flex flex-column\">\n\t<div id=\"carouselCardProperties-1-2\" class=\"card-properties-images carousel slide carousel-fade lazy\" data-bs-ride=\"carousel\" data-bs-interval=\"200000\" data-id=\"695118\">\n\t\t<div class=\"carousel-inner\">\n\t\t\t<figure class=\"carousel-item mb-0 active ratio ratio-4x3\">\n\t\t\t\t<picture><source sizes=\"(max-width: 575px) calc(100vw - 24px), (max-width: 767px) 516px, (max-width: 991px) 696px, (max-width: 1199px) 296px, (max-width: 1399px) 356px, 400px\" width=\"696\" height=\"522\" srcset=\"https:\/\/media.panoramamarbella.com\/imgV1\/B95mbh8olwFQm~uCUaVOI2kQT0hb0a8sZ9turUNfnwtvuccYCzs0YVPfPbfkc2VnnN1JFDpkYaGfw1gJsS~5hOu4DEBG602B7yC1Jdp3y4TeOLY1Z1ydnyCUtrZ_cg55b9oh_lBvgazy5O2g1_gcM1Mn1Ow5PKX57OmbI4LX9N1iZovDKdS7h2NKdCmu5rv2j3N5kmwyemzDviQCpZfh8oYiiycDfthWmsViL7m2SGu22dk3pYQwmonTGBVTMPnpok2iLA1s~Ez31zUif6YQ_T1RuoX8YUYJ0hQjxiqdRuucVt_OV_0Tl11ziS7D3b0Qd5l9W7j8Z4YL392tHHQG2gq1L1DgtsKT8tHn77MvpaJlRCzlgLMcCKysTnNdVP9IFQrByMRnnF4eaC3bt86MY2cYZuOXeqBkzJ2Ev9TcMExrVWMRzqF5ThzENfAa_I4hfSoSfqyAk0wmYOg1NDJy.webp 696w,https:\/\/media.panoramamarbella.com\/imgV1\/B95mbh8olwFQm~uCUaVOI2kQT0hb0a8sZ9turUNfnwtvuccYCzs0YVPfPbfkc2VnnN1JFDpkYaGfw1gJsS~5hOu4DEBG602B7yC1Jdp3y4TeOLY1Z1ydnyCUtrZ_cg55b9oh_lBvgazy5O2g1_gcM1Mn1Ow5PKX57OmbI4LX9vV4DQRVSkKDaK19Ew4ElBmV0iOMk_NmyAmobpJPaFYwCu3B5bDun3QbHKzcYLvzSIuDZ3g98DrfEuIwz21OE2ZEymoJg8jIcw2xyI2zCddCF3qd_N~1h7kTkFJcvqprSbJHgOvrGVPnj1PIbpSCoyLlpuM3oUYQYVg0QWDoSF34Wglv94UbOb08lyB5qtaSpaPoEAdU~gdcy_Bvah5MHGMC9bs2ibOaPQNoru87QTYhswDc540iAW~w89r1Ohcmgp~06Qj7bqMU_2qMaIPt~uP6jOM3GQjIAQ4evOsAaWJt.webp 400w\" type=\"image\/webp\"><img decoding=\"async\" class=\"position-absolute w-100 h-100 object-fit-cover\" alt=\"Villa moderne avec vues spectaculaires sur la mer et la montagne \u00e0 La Finca de Marbella\" loading=\"lazy\" width=\"696\" height=\"522\" src=\"https:\/\/media.panoramamarbella.com\/imgV1\/B95mbh8olwFQm~uCUaVOI2kQT0hb0a8sZ9turUNfnwtvuccYCzs0YVPfPbfkc2VnnN1JFDpkYaGfw1gJsS~5hOu4DEBG602B7yC1Jdp3y4TeOLY1Z1ydnyCUtrZ_cg55b9oh_lBvgazy5O2g1_gcM1Mn1Ow5PKX57OmbI4LX9N1iZovDKdS7h2NKdCmu_IcCCbamB32OI8CN8lT5QSl0X~nNxhFpfCwovvgWNQudb7Q2RN5O2Ue2kLBWgvuDn_tZS1ODfuw~1DW3x0aSvYWwofvNJMZmUSD~oV~HuQFMu_Ch8UCZyJhUQ0qAb6W4nOpxht4ph2ixgaTIBXNYtZtZIIoxHHJpTe2~AXkZNfZPNT559CE_jHvDjrElZuXHkXdKkoSVl7bOp0ygRdmxuoIfkV~_j2Dwr_yQ1MoO1ryTQV2aTqeJxTeLv3cFgV8-.jpg\"><\/picture>\t\t\t<\/figure>\n\t\t\t\t\t\t<span class=\"card-properties-ref position-absolute z-2 bottom-0 end-0 bg-white text-primary py-1 px-3 me-3\">\n\t\t\t\tPANR-16316\t\t\t<\/span>\n\t\t\t<button class=\"card-properties-portfolio d-flex align-items-center justify-content-center position-absolute z-3 end-0 text-white bg-primary me-3 border-0 px-0\" data-pfl-id=\"695118\" data-pfl-filter=\"sale\" aria-label=\"Add to portfolio\">\n\t\t\t\t<svg width=\"18\" fill=\"currentColor\" viewBox=\"0 0 512 512\">\n\t\t\t\t\t<use href=\"https:\/\/www.panoramamarbella.com\/wp-content\/themes\/panoramamarbella\/dist\/src\/images\/icons.svg#svgHeart\"><\/use>\n\t\t\t\t<\/svg>\n\t\t\t\t<svg width=\"18\" fill=\"currentColor\" viewBox=\"0 0 512 512\">\n\t\t\t\t\t<use href=\"https:\/\/www.panoramamarbella.com\/wp-content\/themes\/panoramamarbella\/dist\/src\/images\/icons.svg#svgHeartIn\"><\/use>\n\t\t\t\t<\/svg>\n\t\t\t<\/button>\n\t\t<\/div>\n\t\t\t\t<button\n\t\t\tclass=\"carousel-control-prev\"\n\t\t\ttype=\"button\"\n\t\t\tdata-bs-target=\"#carouselCardProperties-1-2\"\n\t\t\tdata-bs-slide=\"prev\">\n\t\t\t<span class=\"carousel-control-prev-icon\" aria-hidden=\"true\"><\/span>\n\t\t\t<span class=\"visually-hidden\">Pr\u00e9c\u00e9dent<\/span>\n\t\t<\/button>\n\t\t<button\n\t\t\tclass=\"carousel-control-next\"\n\t\t\ttype=\"button\"\n\t\t\tdata-bs-target=\"#carouselCardProperties-1-2\"\n\t\t\tdata-bs-slide=\"next\">\n\t\t\t<span class=\"carousel-control-next-icon\" aria-hidden=\"true\"><\/span>\n\t\t\t<span class=\"visually-hidden\">Suivant<\/span>\n\t\t<\/button>\n\t\t\t<\/div>\n\t<div class=\"d-flex flex-column h-100 px-3 py-4 shadow\">\n\t\t\t\t<h3 class=\"card-properties-title mb-3\">\n\t\t\t<a class=\"stretched-link\" href=\"\/fr\/proprietes\/marbella\/marbella-est\/la-finca-de-marbella\/villas-maisons-isolee\/PANR-16316\">\n\t\t\t\tVilla moderne avec vues spectaculaires sur la mer et la montagne \u00e0 La Finca de Marbella\t\t\t<\/a>\n\t\t<\/h3>\n\t\t<p class=\"mb-3 text-black-dark\">La Finca de Marbella, Marbella Est<\/p>\n\t\t\t\t\t\t<p class=\"card-properties-description mb-3\">\n\t\t\tImpressionnante villa au design contemporain situ\u00e9e \u00e0 La Finca de Marbella, une communaut\u00e9 ferm\u00e9e exclusive \u00e0 l\u2019est de Marbella avec s\u00e9curit\u00e9 nocturne. La propri\u00e9t\u00e9 dispose de 609 m\u00b2 construits sur un terrain de 652 m\u00b2&#8230;\t\t<\/p>\n\t\t\t\t<span class=\"card-properties-price mt-auto\">\n\t\t\t\n\t\t\t<span class=\"card-properties-price mt-auto\" data-original-price=\"3095000\">3\u202f095\u202f000\u00a0\u20ac<\/span>\n\t\t\t\t<\/span>\n\t\t\t\t<ul class=\"card-properties-features list-unstyled d-flex flex-wrap align-items-center gap-3 pt-3 border-top mt-3 mb-0\">\n\t\t\t<li class=\"d-flex align-items-center\">5 Chambres<\/li><li class=\"d-flex align-items-center\">5 Bains<\/li>\t\t\t\t<li class=\"d-flex align-items-center\">\n\t\t\t\t\t <span class=\"me-1\" data-original-value=\"609\" data-original-unit=\"m&#038;sup2\">609 m&sup2;<\/span>Total\t\t\t\t<\/li>\n\t\t\t\t\t\t\t<li class=\"d-flex align-items-center\">\n\t\t\t\t\t <span class=\"me-1\" data-original-value=\"652\" data-original-unit=\"m&#038;sup2\">652 m&sup2;<\/span>Terrain\t\t\t\t<\/li>\n\t\t\t\t\t\t\t\t<li class=\"d-flex align-items-center\">\n\t\t\t\t\t <span class=\"me-1\" data-original-value=\"400\" data-original-unit=\"m&#038;sup2\">400 m&sup2;<\/span>Construit\t\t\t\t<\/li>\n\t\t\t\t\t\t\t<li class=\"d-flex align-items-center\">\n\t\t\t\t\t <span class=\"me-1\" data-original-value=\"209\" data-original-unit=\"m&#038;sup2\">209 m&sup2;<\/span>Terrasses\t\t\t\t<\/li>\n\t\t\t\t\t<\/ul>\n\t\t\t<\/div>\n<\/article>\n\t\t\t<\/div>\n\t\t\t<ul class=\"mw-100 d-flex flex-column flex-lg-row flex-lg-wrap justify-content-center gap-3 list-unstyled mt-5 mb-0\">\n    <li><a class=\"btn btn-primary w-100 px-4 py-2\" href=\"https:\/\/www.panoramamarbella.com\/fr\/proprietes\">Propri\u00e9t\u00e9s \u00e0 vendre \u00e0 Marbella et dans les environs<\/a><\/li><\/ul>\n\t\t<\/section>\n\t\t\n","protected":false},"excerpt":{"rendered":"<p>Mets tes lunettes de soleil, d\u00e9plie ta serviette et pr\u00e9pare-toi \u00e0 tomber amoureux de la Costa del Sol.<\/p>\n","protected":false},"author":7,"featured_media":18743,"comment_status":"closed","ping_status":"closed","sticky":false,"template":"","format":"standard","meta":{"_acf_changed":false,"footnotes":""},"categories":[41],"tags":[],"class_list":["post-18818","post","type-post","status-publish","format-standard","has-post-thumbnail","hentry","category-style-de-vie-a-marbella"],"acf":[],"_links":{"self":[{"href":"https:\/\/www.panoramamarbella.com\/fr\/wp-json\/wp\/v2\/posts\/18818","targetHints":{"allow":["GET"]}}],"collection":[{"href":"https:\/\/www.panoramamarbella.com\/fr\/wp-json\/wp\/v2\/posts"}],"about":[{"href":"https:\/\/www.panoramamarbella.com\/fr\/wp-json\/wp\/v2\/types\/post"}],"author":[{"embeddable":true,"href":"https:\/\/www.panoramamarbella.com\/fr\/wp-json\/wp\/v2\/users\/7"}],"replies":[{"embeddable":true,"href":"https:\/\/www.panoramamarbella.com\/fr\/wp-json\/wp\/v2\/comments?post=18818"}],"version-history":[{"count":1,"href":"https:\/\/www.panoramamarbella.com\/fr\/wp-json\/wp\/v2\/posts\/18818\/revisions"}],"predecessor-version":[{"id":19177,"href":"https:\/\/www.panoramamarbella.com\/fr\/wp-json\/wp\/v2\/posts\/18818\/revisions\/19177"}],"wp:featuredmedia":[{"embeddable":true,"href":"https:\/\/www.panoramamarbella.com\/fr\/wp-json\/wp\/v2\/media\/18743"}],"wp:attachment":[{"href":"https:\/\/www.panoramamarbella.com\/fr\/wp-json\/wp\/v2\/media?parent=18818"}],"wp:term":[{"taxonomy":"category","embeddable":true,"href":"https:\/\/www.panoramamarbella.com\/fr\/wp-json\/wp\/v2\/categories?post=18818"},{"taxonomy":"post_tag","embeddable":true,"href":"https:\/\/www.panoramamarbella.com\/fr\/wp-json\/wp\/v2\/tags?post=18818"}],"curies":[{"name":"wp","href":"https:\/\/api.w.org\/{rel}","templated":true}]}}