{"id":20279,"date":"2025-07-18T12:39:39","date_gmt":"2025-07-18T10:39:39","guid":{"rendered":"https:\/\/www.panoramamarbella.com\/?p=20279"},"modified":"2025-08-28T17:58:54","modified_gmt":"2025-08-28T15:58:54","slug":"gipe-garantie-achat-marbella","status":"publish","type":"post","link":"https:\/\/www.panoramamarbella.com\/fr\/news\/gipe-garantie-achat-marbella","title":{"rendered":"GIPE: votre garantie lors de l&rsquo;achat d&rsquo;une propri\u00e9t\u00e9 \u00e0 Marbella"},"content":{"rendered":"\n\n<h2 class=\"wp-block-heading\">Pourquoi le GIPE est important lors de l\u2019achat d\u2019un bien immobilier \u00e0 Marbella<\/h2>\n\n\n<div class=\"lead\"><p>Tout au long de sa carri\u00e8re, Christopher Clover, PDG de Panorama Marbella, a d\u00e9fendu la transparence, le professionnalisme et la confiance dans le secteur immobilier. Son affiliation de longue date au GIPE refl\u00e8te son profond respect \u00e0 la fois pour le cadre juridique et pour les normes \u00e9thiques de la pratique immobili\u00e8re en Espagne.<\/p>\n<p>Christopher a toujours estim\u00e9 que le secteur immobilier devait r\u00e9pondre \u00e0 des exigences \u00e9lev\u00e9es, et devenir membre du GIPE a donc \u00e9t\u00e9 une \u00e9tape naturelle dans le d\u00e9veloppement de son activit\u00e9 \u00e0 Marbella. Cette accr\u00e9ditation professionnelle t\u00e9moigne de son engagement s\u00e9rieux envers la conformit\u00e9 l\u00e9gale et les pratiques \u00e9thiques dans la vente, l\u2019investissement et le conseil immobilier.<\/p>\n<\/div>\n\n\t<figure class=\"wp-caption aligncenter wp-block-acf-wpimage\">\n\t<picture><source width=\"900\" height=\"675\" srcset=\"https:\/\/media.panoramamarbella.com\/imgV1\/B95mbh8olwFQm~uCT2wPZMb8hll4wghQQQq6YWg0~c~U_DrmgY8pGP8pqaDzA6mvjyI_OPtcrHD_aKxDZZG2jrD7dveU4uJi3pO7WaK3RTB9Bygso3Ajl1g4j~L8X2_b_pEbXnUQmglM7ZFzjkZw~YK_fqWtgYjWQtgDokdDwYBjYHgByLt~GgB0iVXm09mtfdg-.webp 900w\" type=\"image\/webp\"><img decoding=\"async\" class=\"img-fluid\" loading=\"lazy\" width=\"900\" height=\"675\" alt=\"Tout au long de sa carri\u00e8re, Christopher Clover, PDG de Panorama Marbella, a \u00e9t\u00e9 un ardent d\u00e9fenseur de la transparence, du professionnalisme et de la confiance dans le secteur immobilier. Sa longue affiliation \u00e0 GIPE et sa qualification d\u2019API refl\u00e8tent son profond respect pour le cadre juridique et les normes \u00e9thiques de la pratique immobili\u00e8re en Espagne. A lo largo de su carrera, Christopher Clover, CEO de Panorama Marbella, ha sido un firme defensor de la transparencia, la profesionalidad y la confianza en el sector inmobiliario. Su larga trayectoria en GIPE y su certificaci\u00f3n API reflejan su profundo respeto por el marco legal y los est\u00e1ndares \u00e9ticos del sector inmobiliario en Espa\u00f1a. Christopher siempre ha cre\u00eddo que el sector inmobiliario debe adherirse a los m\u00e1s altos est\u00e1ndares. Por lo tanto, convertirse en miembro de GIPE y obtener la certificaci\u00f3n API fueron pasos naturales para el desarrollo de su negocio en Marbella. Estas acreditaciones profesionales demuestran su compromiso con el cumplimiento legal y la pr\u00e1ctica \u00e9tica en los \u00e1mbitos de la venta, la inversi\u00f3n y la consultor\u00eda inmobiliaria.\" src=\"https:\/\/media.panoramamarbella.com\/imgV1\/B95mbh8olwFQm~uCT2wPZMb8hll4wghQQQq6YWg0~c~U_DrmgY8pGP8pqaDzA6mvjyI_OPtcrHD_aKxDZZG2jrD7dveU4uJi3pO7WaK3RTB9Bygso3Ajl1g4j~L8X2_b_pEbXnUQmglM7ZFzjkZus0WlSCknsmX7ex9LewZeEA--.jpg\"><\/picture>\t\t\t<figcaption class=\"wp-caption-text\">\n\t\tChristopher Clover, PDG de Panorama, a toujours estim\u00e9 que le secteur devait r\u00e9pondre \u00e0 des exigences \u00e9lev\u00e9es.\t\t<\/figcaption>\n\t\t\t<\/figure>\n\t\n\n\n<ul class=\"table-index list-unstyled p-4 p-lg-5 ms-0 bg-light\"><li class=\"text-uppercase fw-bold mb-3\">Table des mati\u00e8res<\/li><li><a href=\"#pourquoi+le+gipe+est+important+lors+de+lachat+dun+bien+immobilier+a+marbella\">\nPourquoi le GIPE est important lors de l\u2019achat d\u2019un bien immobilier \u00e0 Marbella\n<\/a><\/li>\n<li><a href=\"#reconnu+reglemente+respecte\">\nReconnu, R\u00e9glement\u00e9, Respect\u00e9\n<\/a><\/li>\n<li><a href=\"#questce+que+le+gipe\">\nQu'est-ce que le GIPE?\n<\/a><\/li>\n<li><a href=\"#un+heritage+de+professionnalisme\">\nUn h\u00e9ritage de professionnalisme\n<\/a><\/li>\n<li><a href=\"#une+nouvelle+ere+pour+le+gipe\">\nUne nouvelle \u00e8re pour le GIPE\n<\/a><\/li>\n<li><a href=\"#pourquoi+cela+compte+pour+les+clients+de+panorama\">\nPourquoi cela compte pour les clients de Panorama\n<\/a><\/li>\n<li><a href=\"#une+agence+de+confiance\">\nUne agence de confiance\n<\/a><\/li><\/ul>\n\n\n\n<h2 class=\"wp-block-heading\">Reconnu, R\u00e9glement\u00e9, Respect\u00e9<\/h2>\n\n\n\n<h2 class=\"wp-block-heading\">Qu&rsquo;est-ce que le GIPE?<\/h2>\n\n\n\n<p>GIPE signifie Gestores Inmobiliarios Profesionales Europeos <em>Gestionnaires Immobiliers Professionnels Europ\u00e9ens<\/em>. Il s\u2019agit de l\u2019une des associations professionnelles d\u2019agents immobiliers les plus respect\u00e9es d\u2019Espagne. Fond\u00e9 en 1985, le GIPE exige de ses membres qu\u2019ils d\u00e9montrent une expertise juridique et technique approfondie en mati\u00e8re immobili\u00e8re en Espagne, qu\u2019ils respectent un code de d\u00e9ontologie strict et qu\u2019ils disposent d\u2019une assurance de responsabilit\u00e9 civile professionnelle.<\/p>\n\n\n\t<figure class=\"wp-caption aligncenter wp-block-acf-wpimage\">\n\t<picture><source width=\"900\" height=\"600\" srcset=\"https:\/\/media.panoramamarbella.com\/imgV1\/B95mbh8olwFQm~uCT2wPZMb8hll4wghQQQq6YWg0~c~U_DrmgY8pGP8pqaDzA6mvjyI_OPtcrHD_aKxDZZG2jrOIDGPe8zkNGjYyVfQf4DZteG4CLfHJ3y3UkmMft5j1K2Ae~6IUM4eboKFIfzj8nCNVZP5tsAVStkAp2541HSMmryV0gw4e4SfvHHofR824nMg-.webp 900w\" type=\"image\/webp\"><img decoding=\"async\" class=\"img-fluid\" loading=\"lazy\" width=\"900\" height=\"600\" alt=\"GIPE a \u00e9t\u00e9 cr\u00e9\u00e9 pour mettre de l&#039;ordre dans le secteur immobilier\" src=\"https:\/\/media.panoramamarbella.com\/imgV1\/B95mbh8olwFQm~uCT2wPZMb8hll4wghQQQq6YWg0~c~U_DrmgY8pGP8pqaDzA6mvjyI_OPtcrHD_aKxDZZG2jrOIDGPe8zkNGjYyVfQf4DZteG4CLfHJ3y3UkmMft5j1K2Ae~6IUM4eboKFIfzjiIJKy0ngwuPa1uJM_RaTEmQ--.jpg\"><\/picture>\t\t\t<figcaption class=\"wp-caption-text\">\n\t\tLe GIPE a \u00e9t\u00e9 cr\u00e9\u00e9 pour apporter de l\u2019ordre au secteur immobilier\t\t<\/figcaption>\n\t\t\t<\/figure>\n\t\n\n\n<h2 class=\"wp-block-heading\">Un h\u00e9ritage de professionnalisme<\/h2>\n\n\n\n<p>Fond\u00e9 en 1985, le GIPE a \u00e9t\u00e9 cr\u00e9\u00e9 pour apporter de l\u2019ordre, de la formation et de la cr\u00e9dibilit\u00e9 \u00e0 un secteur immobilier alors largement non r\u00e9glement\u00e9. Au fur et \u00e0 mesure du d\u00e9veloppement du march\u00e9 immobilier espagnol, le GIPE a jou\u00e9 un r\u00f4le cl\u00e9 dans l\u2019\u00e9tablissement de normes professionnelles et de connaissances juridiques parmi les agents immobiliers. Au fil des d\u00e9cennies, l\u2019organisation s\u2019est \u00e9tendue \u00e0 l\u2019\u00e9chelle nationale, offrant \u00e0 ses membres des ressources \u00e9ducatives, des certifications et un r\u00e9seau professionnel.<\/p>\n\n\n\n<h2 class=\"wp-block-heading\">Une nouvelle \u00e8re pour le GIPE<\/h2>\n\n\n\n<p>En 2023, le GIPE a connu une transformation historique, modernisant sa structure de gouvernance et \u00e9largissant sa mission afin de servir un r\u00e9seau plus large de professionnels de l\u2019immobilier. L\u2019association a perfectionn\u00e9 sa plateforme num\u00e9rique, rationalis\u00e9 ses programmes de formation et adopt\u00e9 une approche plus inclusive et tourn\u00e9e vers l\u2019avenir pour accompagner les agents dans le march\u00e9 immobilier en constante \u00e9volution. Ce renouveau a renforc\u00e9 le r\u00f4le du GIPE en tant que voix de r\u00e9f\u00e9rence pour le professionnalisme dans l\u2019immobilier espagnol.<\/p>\n\n\n\t<figure class=\"wp-caption aligncenter wp-block-acf-wpimage\">\n\t<picture><source width=\"900\" height=\"506\" srcset=\"https:\/\/media.panoramamarbella.com\/imgV1\/B95mbh8olwFQm~uCT2wPZMb8hll4wghQQQq6YWg0~c~U_DrmgY8pGP8pqaDzA6mvjyI_OPtcrHD_aKxDZZG2jrJp7O7bH0ZghW_d4GszRzpsn8cxlf3IQMVGGT4fmlMKU~iAcqoeypoz5zdapCKvJd7tNnbwaPnAnvSgr9NtEAuDDzUllEGWxXiw2_c~EYXcWYU-.webp 900w\" type=\"image\/webp\"><img decoding=\"async\" class=\"img-fluid\" loading=\"lazy\" width=\"900\" height=\"506\" alt=\"La r\u00e9cente modernisation du GIPE a renforc\u00e9 son r\u00f4le de porte-parole du professionnalisme\" src=\"https:\/\/media.panoramamarbella.com\/imgV1\/B95mbh8olwFQm~uCT2wPZMb8hll4wghQQQq6YWg0~c~U_DrmgY8pGP8pqaDzA6mvjyI_OPtcrHD_aKxDZZG2jrJp7O7bH0ZghW_d4GszRzpsn8cxlf3IQMVGGT4fmlMKU~iAcqoeypoz5zdapCKxGMUENKBKVcYCxTs_CEi3UA--.jpg\"><\/picture>\t\t\t<figcaption class=\"wp-caption-text\">\n\t\tLa modernisation r\u00e9cente du GIPE a renforc\u00e9 son r\u00f4le de porte-voix du professionnalisme\t\t<\/figcaption>\n\t\t\t<\/figure>\n\t\n\n\n<h2 class=\"wp-block-heading\">Pourquoi cela compte pour les clients de Panorama<\/h2>\n\n\n\n<h3 class=\"wp-block-heading\">1. Tranquillit\u00e9.<\/h3>\n\n\n\n<p>L\u2019adh\u00e9sion au GIPE impose le respect de r\u00e9glementations strictes ainsi que la souscription d\u2019une assurance de responsabilit\u00e9 civile professionnelle. Cela signifie que les clients de Panorama b\u00e9n\u00e9ficient des services d\u2019un expert de confiance, pleinement responsable, dans l\u2019immobilier espagnol.<\/p>\n\n\n\n<h3 class=\"wp-block-heading\">2. Autorit\u00e9 locale.<\/h3>\n\n\n\n<p>Les qualifications de Christopher lui permettent d\u2019accompagner ses clients avec assurance dans des processus juridiques et administratifs complexes, en particulier ceux qui s\u2019installent depuis l\u2019\u00e9tranger.<\/p>\n\n\n\n<h3 class=\"wp-block-heading\">3. Une base de connaissances continuellement mise \u00e0 jour.<\/h3>\n\n\n\n<p>En tant que membre du GIPE, Christopher se tient inform\u00e9 des derni\u00e8res lois, r\u00e9glementations et bonnes pratiques du secteur immobilier espagnol.<\/p>\n\n\n\t<figure class=\"wp-caption aligncenter wp-block-acf-wpimage\">\n\t<picture><source width=\"900\" height=\"568\" srcset=\"https:\/\/media.panoramamarbella.com\/imgV1\/B95mbh8olwFQm~uCT2wPZMb8hll4wghQQQq6YWg0~c~U_DrmgY8pGP8pqaDzA6mvjyI_OPtcrHD_aKxDZZG1gO4vSHLGqoMN6EL1FN~ENv74ZLpAIEArHKup8qzcZgiLz3H504iULmN8SfFCBrfdsQikrDejn7l3s_21mzIpq_Ahy4R5pSM_m7DjY7qxsP6UCngHAhyaEA9JZ3k-.webp 900w\" type=\"image\/webp\"><img decoding=\"async\" class=\"img-fluid\" loading=\"lazy\" width=\"900\" height=\"568\" alt=\"Vue de l&#039;immeuble de bureaux Panorama sur le Golden Mile de Marbella, entour\u00e9 de verdure et surplombant la mer M\u00e9diterran\u00e9e en arri\u00e8re-plan.\" src=\"https:\/\/media.panoramamarbella.com\/imgV1\/B95mbh8olwFQm~uCT2wPZMb8hll4wghQQQq6YWg0~c~U_DrmgY8pGP8pqaDzA6mvjyI_OPtcrHD_aKxDZZG1gO4vSHLGqoMN6EL1FN~ENv74ZLpAIEArHKup8qzcZgiLz3H504iULmN8SfFCBrfdsQikrDejn7lpqzmCmE9bGkm__sP0YqotzQ--.jpg\"><\/picture>\t\t\t<figcaption class=\"wp-caption-text\">\n\t\tLe si\u00e8ge de Panorama est situ\u00e9 en face du Marbella Club Hotel, au c\u0153ur de la Golden Mile\t\t<\/figcaption>\n\t\t\t<\/figure>\n\t\n\n\n<h2 class=\"wp-block-heading\">Une agence de confiance<\/h2>\n\n\n\n<p>Panorama reste la plus ancienne et la plus respect\u00e9e agence immobili\u00e8re de Marbella. Cet h\u00e9ritage repose non seulement sur l\u2019exp\u00e9rience, mais aussi sur la garantie que chaque transaction est men\u00e9e avec professionnalisme, transparence et rigueur juridique.<\/p>\n\n\n\n<p>Vous souhaitez en savoir plus sur l\u2019\u00e9quipe de professionnels de Panorama ? <a href=\"https:\/\/www.panoramamarbella.com\/fr\/a-propos\/equipe-panorama\">Visitez notre page d\u00e9di\u00e9e<\/a>.<\/p>\n\n\n<article class=\"col w-100 position-relative mb-5 wp-block-acf-banner\">\n    <div class=\"d-flex flex-wrap flex-column flex-xl-row align-items-start align-items-xl-end gap-4 w-100 bg-secondary text-white p-4\">\n        <div class=\"d-flex flex-column\">\n\t\t\t            <a href=\"https:\/\/www.panoramamarbella.com\/fr\/bulletin-information-sur-immobilier\" class=\"stretched-link text-white text-decoration-none\" title=\"Vous aimez ce que vous lisez?\">\n\t\t\t\t<h2 class=\"text-white mb-3\">Vous aimez ce que vous lisez?<\/h2>            <\/a>\n\t\t\t            <p class=\"mb-0\">\n                Abonnez-vous \u00e0 notre newsletter pour des articles captivants, du contenu exclusif et les derni\u00e8res actualit\u00e9s.            <\/p>\n\t\t\t        <\/div>\n\t\t        <span class=\"btn btn-outline-light ms-xl-auto\">Bulletin Panorama<\/span>\n\t\t    <\/div>\n<\/article>\n\n\n","protected":false},"excerpt":{"rendered":"<p>Les accr\u00e9ditations du GIPE garantissent confiance, clart\u00e9 juridique et accompagnement expert pour votre achat immobilier \u00e0 Marbella.<\/p>\n","protected":false},"author":3,"featured_media":20208,"comment_status":"closed","ping_status":"closed","sticky":false,"template":"","format":"standard","meta":{"_acf_changed":false,"footnotes":""},"categories":[209],"tags":[],"class_list":["post-20279","post","type-post","status-publish","format-standard","has-post-thumbnail","hentry","category-distinctions-panorama"],"acf":[],"_links":{"self":[{"href":"https:\/\/www.panoramamarbella.com\/fr\/wp-json\/wp\/v2\/posts\/20279","targetHints":{"allow":["GET"]}}],"collection":[{"href":"https:\/\/www.panoramamarbella.com\/fr\/wp-json\/wp\/v2\/posts"}],"about":[{"href":"https:\/\/www.panoramamarbella.com\/fr\/wp-json\/wp\/v2\/types\/post"}],"author":[{"embeddable":true,"href":"https:\/\/www.panoramamarbella.com\/fr\/wp-json\/wp\/v2\/users\/3"}],"replies":[{"embeddable":true,"href":"https:\/\/www.panoramamarbella.com\/fr\/wp-json\/wp\/v2\/comments?post=20279"}],"version-history":[{"count":1,"href":"https:\/\/www.panoramamarbella.com\/fr\/wp-json\/wp\/v2\/posts\/20279\/revisions"}],"predecessor-version":[{"id":22784,"href":"https:\/\/www.panoramamarbella.com\/fr\/wp-json\/wp\/v2\/posts\/20279\/revisions\/22784"}],"wp:featuredmedia":[{"embeddable":true,"href":"https:\/\/www.panoramamarbella.com\/fr\/wp-json\/wp\/v2\/media\/20208"}],"wp:attachment":[{"href":"https:\/\/www.panoramamarbella.com\/fr\/wp-json\/wp\/v2\/media?parent=20279"}],"wp:term":[{"taxonomy":"category","embeddable":true,"href":"https:\/\/www.panoramamarbella.com\/fr\/wp-json\/wp\/v2\/categories?post=20279"},{"taxonomy":"post_tag","embeddable":true,"href":"https:\/\/www.panoramamarbella.com\/fr\/wp-json\/wp\/v2\/tags?post=20279"}],"curies":[{"name":"wp","href":"https:\/\/api.w.org\/{rel}","templated":true}]}}