{"id":20857,"date":"2024-09-23T14:41:00","date_gmt":"2024-09-23T12:41:00","guid":{"rendered":"https:\/\/www.panoramamarbella.com\/?p=20857"},"modified":"2025-07-25T14:41:33","modified_gmt":"2025-07-25T12:41:33","slug":"panorama-sassocie-a-john-d-wood","status":"publish","type":"post","link":"https:\/\/www.panoramamarbella.com\/fr\/news\/panorama-sassocie-a-john-d-wood","title":{"rendered":"Panorama s\u2019associe \u00e0 la soci\u00e9t\u00e9 britannique John D Wood &amp; Co."},"content":{"rendered":"\n\n<h2 class=\"wp-block-heading\">Panorama s\u2019associe \u00e0 John D Wood &amp; Co., combinant 200 ans d\u2019exp\u00e9rience<\/h2>\n\n\n<div class=\"lead\"><p>Panorama est fier de s\u2019associer \u00e0 John D Wood &amp; Co., une agence immobili\u00e8re britannique de premier plan. Cette collaboration marque une nouvelle \u00e8re d\u2019excellence dans le secteur immobilier, r\u00e9unissant plus de 200 ans d\u2019exp\u00e9rience pour offrir un service in\u00e9gal\u00e9 aux clients au Royaume-Uni comme \u00e0 Marbella, en Espagne.<\/p>\n<p>Avec plus de 50 ans d\u2019exp\u00e9rience et une pr\u00e9sence bien \u00e9tablie \u00e0 Marbella, Panorama est la plus ancienne agence immobili\u00e8re de la r\u00e9gion, reconnue pour sa connaissance approfondie du march\u00e9 local et son service exceptionnel. Cette alliance renforce le profil international de Panorama, offrant aux clients un acc\u00e8s direct \u00e0 des propri\u00e9t\u00e9s haut de gamme et \u00e0 un conseil expert \u00e0 l\u2019\u00e9chelle mondiale, en accord avec l\u2019engagement commun pour l\u2019excellence.<\/p>\n<\/div>\n\n\t<figure class=\"wp-caption aligncenter wp-block-acf-wpimage\">\n\t<picture><source width=\"900\" height=\"622\" srcset=\"https:\/\/media.panoramamarbella.com\/imgV1\/B95mbh8olwFQm~uCT2wPZMb8hll4wghQQQq6YWg0~c~U_DrmgY8pGP8pqaDzA6mvjyI_OPtcrHD_aKxDZZG2jrD7a7t_rrMSKyV_XxLiYw11LtBm6vT~mgx3BsOOnqINMRJ9gclDpkO5nWdg53wInqmdVlGwztTVqSFBiVmeVIqBG8khIrqV_m1AZyvD.webp 900w\" type=\"image\/webp\"><img decoding=\"async\" class=\"img-fluid\" loading=\"lazy\" width=\"900\" height=\"622\" alt=\"Vue panoramique du centre de Londres au coucher du soleil, avec la Tamise, le Tower Bridge et la skyline embl\u00e9matique, agr\u00e9ment\u00e9e de b\u00e2timents comme le Walkie Talkie et le Gherkin. John D Wood &amp; Co. poss\u00e8de plus de 150 ans d&#039;exp\u00e9rience et repr\u00e9sente plus de 100\u00a0000 propri\u00e9t\u00e9s dans le monde.\" src=\"https:\/\/media.panoramamarbella.com\/imgV1\/B95mbh8olwFQm~uCT2wPZMb8hll4wghQQQq6YWg0~c~U_DrmgY8pGP8pqaDzA6mvjyI_OPtcrHD_aKxDZZG2jrD7a7t_rrMSKyV_XxLiYw11LtBm6vT~mgx3BsOOnqINMRJ9gclDpkO5gyk8uV_DLtofbZf4OhGsCuc-.jpg\"><\/picture>\t\t\t<figcaption class=\"wp-caption-text\">\n\t\tAvec plus de 150 ans d\u2019exp\u00e9rience, John D Wood repr\u00e9sente plus de 100.000 propri\u00e9t\u00e9s dans le monde entier.\t\t<\/figcaption>\n\t\t\t<\/figure>\n\t\n\n\n<p>Pour John D Wood &amp; Co., ce partenariat repr\u00e9sente \u00e9galement une transformation majeure. Il leur permet d\u2019offrir \u00e0 leurs clients des opportunit\u00e9s incomparables \u00e0 Marbella, l\u2019une des destinations les plus pris\u00e9es d\u2019Europe pour l\u2019investissement et les loisirs. Cette collaboration garantit \u00e0 leurs clients un accompagnement exceptionnel et un acc\u00e8s \u00e0 des propri\u00e9t\u00e9s exclusives, soutenus par l\u2019expertise locale et la r\u00e9putation bien \u00e9tablie de Panorama.<\/p>\n\n\n\n<p>Polly Ogden Duffy, Directrice G\u00e9n\u00e9rale de John D Wood &amp; Co., a comment\u00e9 :<\/p>\n\n\n<blockquote class=\"testimonial bg-secondary bg-opacity-10 text-dark wp-block-acf-blockquote\">\n    <p>Notre collaboration avec Panorama repr\u00e9sente une \u00e9tape importante dans l\u2019expansion de notre pr\u00e9sence internationale. Ensemble, nous offrirons \u00e0 nos clients un service exceptionnel et un acc\u00e8s \u00e0 des propri\u00e9t\u00e9s exclusives, tant au Royaume-Uni qu\u2019\u00e0 Marbella. Nous sommes tr\u00e8s enthousiastes quant aux opportunit\u00e9s que cette alliance apporte.<\/p>\n    \n<\/blockquote>\n\n\n\t<figure class=\"wp-caption aligncenter wp-block-acf-wpimage\">\n\t<picture><source width=\"900\" height=\"632\" srcset=\"https:\/\/media.panoramamarbella.com\/imgV1\/B95mbh8olwFQm~uCT2wPZMb8hll4wghQQQq6YWg0~c~U_DrmgY8pGP8pqaDzA6mvjyI_OPtcrHD_aKxDZZG2jrOIEV0hzBLIjzlALqccoTWwFz3Rsg67Wqb_~cjJNKmiHri2kjVFB3ex~zltP2InnfjAKPx6X80HCsYYqaJhJXbpkyJLQABrfJUEap8y.webp 900w\" type=\"image\/webp\"><img decoding=\"async\" class=\"img-fluid\" loading=\"lazy\" width=\"900\" height=\"632\" alt=\"\u00c0 gauche (de gauche \u00e0 droite) : Robert Green, directeur de John D Wood &amp; Co., Chris Clover, directeur g\u00e9n\u00e9ral de Panorama, Alfonso Mu\u00f1oz, directeur adjoint des ventes chez Panorama, Alasdair Hedley, responsable international chez John D Wood &amp; Co. et \u00e0 droite : Polly Ogden Duffy, directrice g\u00e9n\u00e9rale de John D Wood &amp; Co.\" src=\"https:\/\/media.panoramamarbella.com\/imgV1\/B95mbh8olwFQm~uCT2wPZMb8hll4wghQQQq6YWg0~c~U_DrmgY8pGP8pqaDzA6mvjyI_OPtcrHD_aKxDZZG2jrOIEV0hzBLIjzlALqccoTWwFz3Rsg67Wqb_~cjJNKmiHri2kjVFB3ex4dtMsJvltdRMMVBZpsLXKAA-.jpg\"><\/picture>\t\t\t<figcaption class=\"wp-caption-text\">\n\t\t\u00c0 gauche (de gauche \u00e0 droite) : Robert Green, Directeur chez John D Wood &#038; Co. ; Chris Clover, Directeur G\u00e9n\u00e9ral de Panorama ; Alfonso Mu\u00f1oz, Directeur Adjoint des Ventes chez Panorama ; Alasdair Hedley, Responsable International chez John D Wood &#038; Co. Et \u00e0 droite : Polly Ogden Duffy, Directrice G\u00e9n\u00e9rale de John D Wood &#038; Co.\t\t<\/figcaption>\n\t\t\t<\/figure>\n\t\n\n\n<p>Alasdair Hedley, Jefe Internacional en John D Wood &amp; Co., a\u00f1adi\u00f3:<\/p>\n\n\n<blockquote class=\"testimonial bg-secondary bg-opacity-10 text-dark wp-block-acf-blockquote\">\n    <p>Cette alliance avec Panorama nous permet d\u2019offrir \u00e0 nos clients des opportunit\u00e9s incomparables \u00e0 Marbella, en leur garantissant l\u2019acc\u00e8s aux meilleures propri\u00e9t\u00e9s ainsi qu\u2019un accompagnement par des experts ayant une connaissance approfondie du march\u00e9 local.<\/p>\n    \n<\/blockquote>\n\n\n\n<p>Christopher Clover, Directeur G\u00e9n\u00e9ral de Panorama, d\u00e9clare :<\/p>\n\n\n<blockquote class=\"testimonial bg-secondary bg-opacity-10 text-dark wp-block-acf-blockquote\">\n    <p>Panorama, dont les origines professionnelles remontent \u00e0 1904 avec la premi\u00e8re agence immobili\u00e8re fond\u00e9e par mon grand-p\u00e8re \u00e0 Chicago, partage des valeurs professionnelles essentielles avec John D. Wood. Travailler avec nos \u00e9quipes respectives, hautement qualifi\u00e9es, nous permettra d\u2019\u00e9largir notre march\u00e9 \u00e0 des clients qui s\u2019identifient \u00e0 ces valeurs communes et qui recherchent le service immobilier le plus professionnel et exp\u00e9riment\u00e9 possible dans la r\u00e9gion de Marbella.<\/p>\n    \n<\/blockquote>\n\n\n\n<p><strong>Vous souhaitez acheter ou vendre une propri\u00e9t\u00e9 de luxe \u00e0 Marbella ?<\/strong><\/p>\n\n\n\n<p><a href=\"https:\/\/www.panoramamarbella.com\/fr\/collections-de-proprietes\">D\u00e9couvrez notre s\u00e9lection de biens exclusifs<\/a> ou <a href=\"https:\/\/www.panoramamarbella.com\/fr\/contactez\">contactez nos conseillers experts.<\/a><\/p>\n\n","protected":false},"excerpt":{"rendered":"<p>Panorama s\u2019associe \u00e0 la soci\u00e9t\u00e9 britannique John D Wood &#038; Co., renfor\u00e7ant les services immobiliers \u00e0 l\u2019\u00e9chelle internationale \u00e0 Marbella et au Royaume-Uni.<\/p>\n","protected":false},"author":3,"featured_media":20817,"comment_status":"closed","ping_status":"closed","sticky":false,"template":"","format":"standard","meta":{"_acf_changed":false,"footnotes":""},"categories":[209],"tags":[],"class_list":["post-20857","post","type-post","status-publish","format-standard","has-post-thumbnail","hentry","category-distinctions-panorama"],"acf":[],"_links":{"self":[{"href":"https:\/\/www.panoramamarbella.com\/fr\/wp-json\/wp\/v2\/posts\/20857","targetHints":{"allow":["GET"]}}],"collection":[{"href":"https:\/\/www.panoramamarbella.com\/fr\/wp-json\/wp\/v2\/posts"}],"about":[{"href":"https:\/\/www.panoramamarbella.com\/fr\/wp-json\/wp\/v2\/types\/post"}],"author":[{"embeddable":true,"href":"https:\/\/www.panoramamarbella.com\/fr\/wp-json\/wp\/v2\/users\/3"}],"replies":[{"embeddable":true,"href":"https:\/\/www.panoramamarbella.com\/fr\/wp-json\/wp\/v2\/comments?post=20857"}],"version-history":[{"count":1,"href":"https:\/\/www.panoramamarbella.com\/fr\/wp-json\/wp\/v2\/posts\/20857\/revisions"}],"predecessor-version":[{"id":20924,"href":"https:\/\/www.panoramamarbella.com\/fr\/wp-json\/wp\/v2\/posts\/20857\/revisions\/20924"}],"wp:featuredmedia":[{"embeddable":true,"href":"https:\/\/www.panoramamarbella.com\/fr\/wp-json\/wp\/v2\/media\/20817"}],"wp:attachment":[{"href":"https:\/\/www.panoramamarbella.com\/fr\/wp-json\/wp\/v2\/media?parent=20857"}],"wp:term":[{"taxonomy":"category","embeddable":true,"href":"https:\/\/www.panoramamarbella.com\/fr\/wp-json\/wp\/v2\/categories?post=20857"},{"taxonomy":"post_tag","embeddable":true,"href":"https:\/\/www.panoramamarbella.com\/fr\/wp-json\/wp\/v2\/tags?post=20857"}],"curies":[{"name":"wp","href":"https:\/\/api.w.org\/{rel}","templated":true}]}}