{"id":22180,"date":"2025-08-22T11:49:06","date_gmt":"2025-08-22T09:49:06","guid":{"rendered":"https:\/\/www.panoramamarbella.com\/?p=22180"},"modified":"2025-09-04T15:49:12","modified_gmt":"2025-09-04T13:49:12","slug":"premier-open-house-de-marbella","status":"publish","type":"post","link":"https:\/\/www.panoramamarbella.com\/fr\/news\/premier-open-house-de-marbella","title":{"rendered":"La premi\u00e8re open house de Marbella a eu lieu en 1982, organis\u00e9e par Panorama"},"content":{"rendered":"\n\n<h2 class=\"wp-block-heading\">Panorama a marqu\u00e9 un tournant en 1982 avec la premi\u00e8re open house de Marbella<\/h2>\n\n\n<div class=\"lead\"><p>En 1982, Panorama s\u2019est de nouveau assur\u00e9 une place dans l\u2019histoire immobili\u00e8re de Marbella en organisant la premi\u00e8re open house de la Costa del Sol, un \u00e9v\u00e9nement novateur qui a red\u00e9fini la collaboration dans le secteur et \u00e9tabli de nouveaux standards pour la commercialisation des propri\u00e9t\u00e9s dans la r\u00e9gion.<\/p>\n<p>\u00c0 cette \u00e9poque, Marbella cherchait encore son rythme. Les agences gardaient jalousement leurs portefeuilles, et la collaboration entre concurrents \u00e9tait l\u2019exception plut\u00f4t que la r\u00e8gle. Mais Panorama avait une philosophie diff\u00e9rente. Christopher Clover et son \u00e9quipe croyaient que partager \u00e9tait la cl\u00e9 pour vendre. Partager le savoir, partager les biens et, oui, m\u00eame partager les commissions. Une vision fond\u00e9e sur la confiance et sur des relations \u00e0 long terme, plut\u00f4t que sur des gains imm\u00e9diats.<\/p>\n<\/div>\n\n\n<p>Ci-dessous, un reel d\u2019un r\u00e9cent Open House organis\u00e9 par Panorama :<\/p>\n\n\n\n<div style=\"display: flex; justify-content: center; align-items: center; margin: 20px 0;\">\n  <div style=\"position: relative; width: 360px; height: 640px; overflow: hidden; background: #000; border-radius: 12px; box-shadow: 0 4px 12px rgba(0,0,0,0.2);\">\n    <iframe \n      src=\"https:\/\/www.youtube.com\/embed\/QPhQpnr31vU\" \n      title=\"YouTube video player\" \n      frameborder=\"0\" \n      allow=\"accelerometer; autoplay; clipboard-write; encrypted-media; gyroscope; picture-in-picture; web-share\" \n      allowfullscreen\n      style=\"position: absolute; top: 0; left: 0; width: 100%; height: 100%; border: 0;\">\n    <\/iframe>\n  <\/div>\n<\/div>\n\n\n\n<p>Cette ann\u00e9e-l\u00e0, Panorama a d\u00e9cid\u00e9 de tenter quelque chose qui n\u2019avait encore jamais \u00e9t\u00e9 vu sur la Costa del Sol : inviter d\u2019autres agents \u00e0 visiter l\u2019une de ses propri\u00e9t\u00e9s. Pas des acheteurs, mais des agents. L\u2019id\u00e9e ? Plus de professionnels connaissaient la maison, plus de potentiels acheteurs en entendraient parler\u2026 et tout le monde en sortirait gagnant.<\/p>\n\n\n\n<p>Ce fut un pari audacieux, men\u00e9 par la dynamique et perspicace Vicky de Rivera, une agente form\u00e9e en Californie qui venait tout juste de faire de Marbella son nouveau foyer. Le cadre choisi fut une magnifique r\u00e9sidence \u00e0 Las Brisas del Golf, un secteur que Panorama connaissait \u00e0 la perfection.<\/p>\n\n\n\n<p>\u00c0 la fin de cette journ\u00e9e, quelque chose avait chang\u00e9 sur le march\u00e9 immobilier de Marbella. L\u2019open house \u00e9tait arriv\u00e9\u2026 et avec lui, une nouvelle \u00e8re de coop\u00e9ration.<\/p>\n\n\n\t<figure class=\"wp-caption aligncenter wp-block-acf-wpimage\">\n\t<picture><source width=\"900\" height=\"675\" srcset=\"https:\/\/media.panoramamarbella.com\/imgV1\/B95mbh8olwFQm~uCT2wPZMb8hll4wghQQQq6YWg0~c~U_DrmgY8pGP8pqaDzA6mvjyI_OPtcrHD_aKxDZZG5_0ri45qNa7MxqzyITtm3SLVkrKxCW_YUAuIh60SqvY5Lqdija93oVbiVOqNzpSP1tBUxtF8N76chadsWmkeAXYb4dJv3FWSHKy2nFaF2KPtfW_EQWkFBPtLFiEoE.webp 900w\" type=\"image\/webp\"><img decoding=\"async\" class=\"img-fluid\" loading=\"lazy\" width=\"900\" height=\"675\" alt=\"Christopher Clover, directeur g\u00e9n\u00e9ral de Panorama Properties, est assis dans un fauteuil moderne, v\u00eatu d&#039;un costume bleu et d&#039;une cravate ray\u00e9e, dans un bureau lumineux. \u00c0 c\u00f4t\u00e9 de lui, des tables d&#039;appoint avec des magazines et un bol d\u00e9coratif, tandis que le mur et la vitrine sont orn\u00e9s d&#039;affiches et de photographies de propri\u00e9t\u00e9s de luxe.\" src=\"https:\/\/media.panoramamarbella.com\/imgV1\/B95mbh8olwFQm~uCT2wPZMb8hll4wghQQQq6YWg0~c~U_DrmgY8pGP8pqaDzA6mvjyI_OPtcrHD_aKxDZZG5_0ri45qNa7MxqzyITtm3SLVkrKxCW_YUAuIh60SqvY5Lqdija93oVbiVOqNzpSP1tBUxtF8N76chd_DuyMEv4CinxZlDl8GnxDI-.jpg\"><\/picture>\t\t\t<figcaption class=\"wp-caption-text\">\n\t\tPanorama a ouvert ses portes \u00e0 Marbella en 1970, sous l\u2019impulsion de Christopher Clover\t\t<\/figcaption>\n\t\t\t<\/figure>\n\t\n\n\n<p>Paroles de Christopher Clover, Directeur G\u00e9n\u00e9ral et Pr\u00e9sident du Conseil:<\/p>\n\n\n<blockquote class=\"testimonial bg-secondary bg-opacity-10 text-dark wp-block-acf-blockquote\">\n    <p>L\u2019une des R\u00e8gles d\u2019Or du secteur immobilier est que, en travaillant avec d\u2019autres agents dans un syst\u00e8me de partage de commissions, nous \u00e9largissons non seulement les possibilit\u00e9s de trouver le bien id\u00e9al pour nos clients acheteurs lorsque nous pr\u00e9sentons les propri\u00e9t\u00e9s d\u2019autres agents, mais, en m\u00eame temps, lorsque nous mettons un bien en vente, nous veillons \u00e0 ce que d\u2019autres agents le connaissent et le proposent \u00e0 leurs clients. Cela garantit non seulement la meilleure visibilit\u00e9 possible sur le march\u00e9, mais nous permet aussi, bien souvent, de le vendre plus rapidement.<\/p>\n    \n<\/blockquote>\n\n\n\t<figure class=\"wp-caption aligncenter wp-block-acf-wpimage\">\n\t<picture><source width=\"900\" height=\"504\" srcset=\"https:\/\/media.panoramamarbella.com\/imgV1\/B95mbh8olwFQm~uCT2wPZMb8hll4wghQQQq6YWg0~c~U_DrmgY8pGP8pqaDzA6mvjyI_OPtcrHD_aKxDZZG5_0sTqwC5T30NSorrU2lbl2Jbe~pKtAzCYtJmDSslbaFOpHswXDFzvqcE4SbmbI4YIeohDtnfAp2HRMDM18J~FkRU5ovZforVcxJ4dvzzk4RWOs1E8CaaUWopt5Ni.webp 900w\" type=\"image\/webp\"><img decoding=\"async\" class=\"img-fluid\" loading=\"lazy\" width=\"900\" height=\"504\" alt=\"Des visiteurs se prom\u00e8nent dans une maison moderne et lumineuse lors d&#039;une journ\u00e9e portes ouvertes. La lumi\u00e8re naturelle, le parquet et les plantes d&#039;int\u00e9rieur cr\u00e9ent une atmosph\u00e8re chaleureuse. Les journ\u00e9es portes ouvertes sont une pratique courante aux \u00c9tats-Unis depuis le d\u00e9but du XXe si\u00e8cle.\" src=\"https:\/\/media.panoramamarbella.com\/imgV1\/B95mbh8olwFQm~uCT2wPZMb8hll4wghQQQq6YWg0~c~U_DrmgY8pGP8pqaDzA6mvjyI_OPtcrHD_aKxDZZG5_0sTqwC5T30NSorrU2lbl2Jbe~pKtAzCYtJmDSslbaFOpHswXDFzvqcE4SbmbI4YIeohDtnfAp2HWqTxpakE7dlVXzce3ODqENU-.jpg\"><\/picture>\t\t\t<figcaption class=\"wp-caption-text\">\n\t\tDes visiteurs parcourant une maison moderne et lumineuse lors d\u2019un \u00e9v\u00e9nement open house, avec une lumi\u00e8re naturelle, des sols en bois et des plantes d\u2019int\u00e9rieur cr\u00e9ant une atmosph\u00e8re accueillante. Les open houses sont une pratique courante aux \u00c9tats-Unis depuis le d\u00e9but du XX\u1d49 si\u00e8cle\t\t<\/figcaption>\n\t\t\t<\/figure>\n\t\n\n\n<p>Bien entendu, le concept lui-m\u00eame avait vu le jour plus t\u00f4t \u00e0 l\u2019\u00e9tranger. Le premier \u00e9v\u00e9nement enregistr\u00e9 sous le format <em>open house<\/em> a eu lieu en Australie en <strong>1901<\/strong>, suivi d\u2019annonces similaires \u00e0 New York en <strong>1904<\/strong>. Par co\u00efncidence, la m\u00eame ann\u00e9e, le grand-p\u00e8re de Christopher, Burtt B. Clover, ouvrit sa premi\u00e8re agence immobili\u00e8re \u00e0 Chicago. Dans les ann\u00e9es 1920 et 1930, les <em>open houses<\/em> \u00e9taient d\u00e9j\u00e0 un outil de vente largement reconnu aux \u00c9tats-Unis et, durant les ann\u00e9es prosp\u00e8res de l\u2019apr\u00e8s-guerre, dans les d\u00e9cennies 1940 et 1950, ils se sont impos\u00e9s comme un \u00e9l\u00e9ment essentiel du marketing immobilier traditionnel.<\/p>\n\n\n\n<p>Marbella a peut-\u00eatre mis un peu plus de temps que les \u00c9tats-Unis \u00e0 adopter cette pratique, mais le fait que Vicky vienne de Californie et que Christopher Clover lui-m\u00eame soit am\u00e9ricain a donn\u00e9 \u00e0 Panorama l\u2019avantage \u2014 et la vision \u2014 d\u2019\u00eatre le premier \u00e0 l\u2019introduire sur la Costa del Sol.<\/p>\n\n\n\n<p>Ce premier <em>open house<\/em> a eu lieu il y a d\u00e9j\u00e0 plusieurs d\u00e9cennies, mais son esprit continue d\u2019inspirer Panorama aujourd\u2019hui : un engagement envers l\u2019ouverture, la collaboration et la priorit\u00e9 absolue accord\u00e9e aux clients et \u00e0 leurs propri\u00e9t\u00e9s, plac\u00e9s au c\u0153ur m\u00eame de l\u2019histoire.<\/p>\n\n\n<article class=\"col w-100 position-relative mb-5 wp-block-acf-banner\">\n    <div class=\"d-flex flex-wrap flex-column flex-xl-row align-items-start align-items-xl-end gap-4 w-100 bg-secondary text-white p-4\">\n        <div class=\"d-flex flex-column\">\n\t\t\t            <a href=\"https:\/\/www.panoramamarbella.com\/fr\/bulletin-information-sur-immobilier\" class=\"stretched-link text-white text-decoration-none\" title=\"Vous aimez ce que vous lisez?\">\n\t\t\t\t<h2 class=\"text-white mb-3\">Vous aimez ce que vous lisez?<\/h2>            <\/a>\n\t\t\t            <p class=\"mb-0\">\n                Abonnez-vous \u00e0 notre newsletter pour des articles captivants, du contenu exclusif et les derni\u00e8res actualit\u00e9s.            <\/p>\n\t\t\t        <\/div>\n\t\t        <span class=\"btn btn-outline-light ms-xl-auto\">Bulletin Panorama<\/span>\n\t\t    <\/div>\n<\/article>\n\n\n","protected":false},"excerpt":{"rendered":"<p>En 1982, Panorama a organis\u00e9 la premi\u00e8re open house de Marbella, devenant pionnier de la collaboration et transformant le secteur immobilier sur la Costa del Sol.<\/p>\n","protected":false},"author":7,"featured_media":22149,"comment_status":"closed","ping_status":"closed","sticky":false,"template":"","format":"standard","meta":{"_acf_changed":false,"footnotes":""},"categories":[209],"tags":[],"class_list":["post-22180","post","type-post","status-publish","format-standard","has-post-thumbnail","hentry","category-distinctions-panorama"],"acf":[],"_links":{"self":[{"href":"https:\/\/www.panoramamarbella.com\/fr\/wp-json\/wp\/v2\/posts\/22180","targetHints":{"allow":["GET"]}}],"collection":[{"href":"https:\/\/www.panoramamarbella.com\/fr\/wp-json\/wp\/v2\/posts"}],"about":[{"href":"https:\/\/www.panoramamarbella.com\/fr\/wp-json\/wp\/v2\/types\/post"}],"author":[{"embeddable":true,"href":"https:\/\/www.panoramamarbella.com\/fr\/wp-json\/wp\/v2\/users\/7"}],"replies":[{"embeddable":true,"href":"https:\/\/www.panoramamarbella.com\/fr\/wp-json\/wp\/v2\/comments?post=22180"}],"version-history":[{"count":1,"href":"https:\/\/www.panoramamarbella.com\/fr\/wp-json\/wp\/v2\/posts\/22180\/revisions"}],"predecessor-version":[{"id":23146,"href":"https:\/\/www.panoramamarbella.com\/fr\/wp-json\/wp\/v2\/posts\/22180\/revisions\/23146"}],"wp:featuredmedia":[{"embeddable":true,"href":"https:\/\/www.panoramamarbella.com\/fr\/wp-json\/wp\/v2\/media\/22149"}],"wp:attachment":[{"href":"https:\/\/www.panoramamarbella.com\/fr\/wp-json\/wp\/v2\/media?parent=22180"}],"wp:term":[{"taxonomy":"category","embeddable":true,"href":"https:\/\/www.panoramamarbella.com\/fr\/wp-json\/wp\/v2\/categories?post=22180"},{"taxonomy":"post_tag","embeddable":true,"href":"https:\/\/www.panoramamarbella.com\/fr\/wp-json\/wp\/v2\/tags?post=22180"}],"curies":[{"name":"wp","href":"https:\/\/api.w.org\/{rel}","templated":true}]}}