{"id":22526,"date":"2025-07-22T12:24:13","date_gmt":"2025-07-22T10:24:13","guid":{"rendered":"https:\/\/www.panoramamarbella.com\/news\/rotary-club-marbella"},"modified":"2025-08-26T15:13:17","modified_gmt":"2025-08-26T13:13:17","slug":"rotary-club-marbella","status":"publish","type":"post","link":"https:\/\/www.panoramamarbella.com\/fr\/news\/rotary-club-marbella","title":{"rendered":"Christopher Clover : 12 ans avec le Rotary Club Marbella"},"content":{"rendered":"\n\n<h2 class=\"wp-block-heading\">Christopher Clover : membre actif du Rotary Club Marbella pendant 12 ans<\/h2>\n\n\n<div class=\"lead\"><p>Pendant plus d\u2019une d\u00e9cennie, Christopher Clover, Directeur G\u00e9n\u00e9ral et Pr\u00e9sident du Conseil de Panorama, a incarn\u00e9 la devise du Rotary Club \u00ab Servir d\u2019abord \u00bb. Bien qu\u2019il ait conclu son adh\u00e9sion apr\u00e8s douze ans, son engagement perdure \u00e0 travers les nombreuses initiatives qui continuent de b\u00e9n\u00e9ficier aux habitants de Marbella.<\/p>\n<\/div>\n\n\n<ul class=\"table-index list-unstyled p-4 p-lg-5 ms-0 bg-light\"><li class=\"text-uppercase fw-bold mb-3\">Table des mati\u00e8res<\/li><li><a href=\"#christopher+clover++membre+actif+du+rotary+club+marbella+pendant+12+ans\">\nChristopher Clover : membre actif du Rotary Club Marbella pendant 12 ans\n<\/a><\/li>\n<li><a href=\"#christopher+clover++12+ans+avec+le+rotary+club+marbella\">\nChristopher Clover : 12 ans avec le Rotary Club Marbella\n<\/a><\/li>\n<li><a href=\"#laction+du+rotary+club+marbella\">\nL\u2019action du Rotary Club Marbella\n<\/a><\/li>\n<li><a href=\"#pourquoi+cela+compte+pour+les+clients+de+panorama\">\nPourquoi cela compte pour les clients de Panorama\n<\/a><\/li>\n<li><a href=\"#faire+la+difference+depuis+plus+dun+siecle\">\nFaire la diff\u00e9rence depuis plus d\u2019un si\u00e8cle\n<\/a><\/li><\/ul>\n\n\n\t<figure class=\"wp-caption aligncenter wp-block-acf-wpimage\">\n\t<picture><source width=\"900\" height=\"600\" srcset=\"https:\/\/media.panoramamarbella.com\/imgV1\/B95mbh8olwFQm~uCT2wPZMb8hll4wghQQQq6YWg0~c~U_DrmgY8pGP8pqaDzA6mvjyI_OPtcrHD_aKxDZZG2jrOIC9r19o_467tc4E3DWp4_s4s0e8jy3G_NqARAbBr359EVmzeMXjy2xCQcT~H1P_YX1UkLkDKiI1sdaM7esodtHnW8IUz7Ju~fRvYfax5L5KEJoFA01FUPYaLSS4f~.webp 900w\" type=\"image\/webp\"><img decoding=\"async\" class=\"img-fluid\" loading=\"lazy\" width=\"900\" height=\"600\" alt=\"Une personne re\u00e7oit une bo\u00eete de produits d&#039;\u00e9picerie frais \u00e0 la porte, comprenant des l\u00e9gumes-feuilles, des herbes, des fruits et une baguette, d&#039;un livreur portant des gants.\" src=\"https:\/\/media.panoramamarbella.com\/imgV1\/B95mbh8olwFQm~uCT2wPZMb8hll4wghQQQq6YWg0~c~U_DrmgY8pGP8pqaDzA6mvjyI_OPtcrHD_aKxDZZG2jrOIC9r19o_467tc4E3DWp4_s4s0e8jy3G_NqARAbBr359EVmzeMXjy2xCQcT~H1P_YX1UkLkDKiI1sddi5I3BhhhTlJDOFdwWikOB4-.jpg\"><\/picture>\t\t<\/figure>\n\t\n\n\n<p>Christopher a particip\u00e9 activement au soutien de ces projets, aidant en particulier \u00e0 obtenir d\u2019importantes contributions pour l\u2019action caritative.<\/p>\n\n\n\n<h2 class=\"wp-block-heading\">Christopher Clover : 12 ans avec le Rotary Club Marbella<\/h2>\n\n\n\n<p>Pendant douze ans, Christopher Clover, Directeur G\u00e9n\u00e9ral et Pr\u00e9sident du Conseil de Panorama, a \u00e9t\u00e9 membre actif du Rotary Club Marbella. Durant cette p\u00e9riode, il a contribu\u00e9 \u00e0 des initiatives dans les domaines de l\u2019\u00e9ducation, de la sant\u00e9, de l\u2019environnement et du soutien aux familles dans le besoin. Christopher a surtout collabor\u00e9 \u00e0 la collecte de fonds importants pour des initiatives caritatives locales.<\/p>\n\n\n\n<h2 class=\"wp-block-heading\">L\u2019action du Rotary Club Marbella<\/h2>\n\n\n\n<p>En tant que membre de Rotary International, le club Rotary de Marbella se concentre sur les besoins locaux. Parmi ses projets, on retrouve :<\/p>\n\n\n\n<ul class=\"wp-block-list\">\n<li>Bourses et soutien aux \u00e9coles disposant de ressources limit\u00e9es<\/li>\n\n\n\n<li>Partenariats avec les banques alimentaires pour aider les familles vuln\u00e9rables<\/li>\n\n\n\n<li>Journ\u00e9es de sant\u00e9 avec d\u00e9pistages et vaccinations gratuits<\/li>\n\n\n\n<li>Programmes de leadership et de mentorat pour les jeunes<\/li>\n\n\n\n<li>Nettoyages c\u00f4tiers et journ\u00e9es de plantation d\u2019arbres<\/li>\n<\/ul>\n\n\n\t<figure class=\"wp-caption aligncenter wp-block-acf-wpimage\">\n\t<picture><source width=\"900\" height=\"450\" srcset=\"https:\/\/media.panoramamarbella.com\/imgV1\/B95mbh8olwFQm~uCT2wPZMb8hll4wghQQQq6YWg0~c~U_DrmgY8pGP8pqaDzA6mvjyI_OPtcrHD_aKxDZZG2jrJp67OYWlUnRxJAQXIrBU7TaOpB82OLtV_mhIbRrOnRNeDo6rnSj3FTmYwBHABLCt9G3CPmWnSaMMkC~zA6eFcTelzuZK454yiFW0iHT~6CF8iDDBewbkqr02B0EEyn.webp 900w\" type=\"image\/webp\"><img decoding=\"async\" class=\"img-fluid\" loading=\"lazy\" width=\"900\" height=\"450\" alt=\"Des b\u00e9n\u00e9voles portant des gants ramassent des d\u00e9chets plastiques et des d\u00e9tritus sur l&#039;herbe d&#039;un parc lors d&#039;une activit\u00e9 de nettoyage communautaire.\" src=\"https:\/\/media.panoramamarbella.com\/imgV1\/B95mbh8olwFQm~uCT2wPZMb8hll4wghQQQq6YWg0~c~U_DrmgY8pGP8pqaDzA6mvjyI_OPtcrHD_aKxDZZG2jrJp67OYWlUnRxJAQXIrBU7TaOpB82OLtV_mhIbRrOnRNeDo6rnSj3FTmYwBHABLCt9G3CPmWnSaMMkC4VLvJq4bNw04Giq~8dx~CjQ-.jpg\"><\/picture>\t\t\t<figcaption class=\"wp-caption-text\">\n\t\tNettoyage des d\u00e9chets dans les parcs et sur les plages de Marbella\t\t<\/figcaption>\n\t\t\t<\/figure>\n\t\n\n\n<p>Christopher a soutenu ces efforts, contribuant \u00e0 obtenir des financements pour l\u2019action caritative du club.<\/p>\n\n\n\n<h2 class=\"wp-block-heading\">Pourquoi cela compte pour les clients de Panorama<\/h2>\n\n\n\n<p>Cet engagement de longue dur\u00e9e refl\u00e8te les valeurs de Panorama : aller au-del\u00e0 de l\u2019immobilier, t\u00e9moigner d\u2019un r\u00e9el int\u00e9r\u00eat pour le bien-\u00eatre de la communaut\u00e9 de Marbella et maintenir un engagement constant en faveur de la solidarit\u00e9.<\/p>\n\n\n\n<h2 class=\"wp-block-heading\">Faire la diff\u00e9rence depuis plus d\u2019un si\u00e8cle<\/h2>\n\n\n\n<p>Depuis plus de 120 ans, Rotary International transforme l\u2019esprit d\u2019amiti\u00e9 professionnelle en actions qui changent le monde. Ce qui a commenc\u00e9 en 1905 dans un petit bureau de Chicago, par la rencontre de quatre professionnels partageant la m\u00eame vision, est rapidement devenu un mouvement qui construit des \u00e9coles dans des villages recul\u00e9s, apporte de l\u2019eau potable aux communaut\u00e9s touch\u00e9es par la s\u00e9cheresse et propose des op\u00e9rations de la cataracte redonnant la vue dans le monde entier.<\/p>\n\n\n\n<p>Les rotariens ont mobilis\u00e9 des millions de b\u00e9n\u00e9voles pour \u00e9radiquer la polio, r\u00e9duisant les cas \u00e0 seulement quelques-uns dans le monde. Ils encouragent le leadership des jeunes gr\u00e2ce \u00e0 des bourses et des programmes de mentorat, sauvent des vies avec des collectes de sang et des \u00e9quipes de secours en cas de catastrophe, et ont m\u00eame plant\u00e9 des millions d\u2019arbres pour prot\u00e9ger notre plan\u00e8te.<\/p>\n\n\n\n<p>Pour en savoir plus sur le Rotary Marbella, visitez : <a href=\"https:\/\/rotaryclubmarbella.es\/\" target=\"_blank\" rel=\"noreferrer noopener nofollow\">rotaryclubmarbella.es<\/a><\/p>\n\n\n\t<figure class=\"wp-caption aligncenter wp-block-acf-wpimage\">\n\t<picture><source width=\"900\" height=\"506\" srcset=\"https:\/\/media.panoramamarbella.com\/imgV1\/B95mbh8olwFQm~uCT2wPZMb8hll4wghQQQq6YWg0~c~U_DrmgY8pGP8pqaDzA6mvjyI_OPtcrHD_aKxDZZG2jrRiDKD9OlnLHAodM2OtLfLDSYTfza35c6fcm10KACD6hunsHylf5Mgkm8qASpML7cn1cPdkiKc0LQXrHHmB31012hu8JJA_8FVgGc6L2uqh1KMWhOHDgveiEXk~jAWU.webp 900w\" type=\"image\/webp\"><img decoding=\"async\" class=\"img-fluid\" loading=\"lazy\" width=\"900\" height=\"506\" alt=\"Rotary Club Marbella. Un enseignant souriant aide un jeune gar\u00e7on en fauteuil roulant \u00e0 faire ses devoirs dans une salle de classe.\" src=\"https:\/\/media.panoramamarbella.com\/imgV1\/B95mbh8olwFQm~uCT2wPZMb8hll4wghQQQq6YWg0~c~U_DrmgY8pGP8pqaDzA6mvjyI_OPtcrHD_aKxDZZG2jrRiDKD9OlnLHAodM2OtLfLDSYTfza35c6fcm10KACD6hunsHylf5Mgkm8qASpML7cn1cPdkiKc0LQXrAnYYkaSLSOGCG1jYmdRsApI-.jpg\"><\/picture>\t\t\t<figcaption class=\"wp-caption-text\">\n\t\tPlus de 1,4 million de rotariens dans plus de 200 pays transforment des vies\t\t<\/figcaption>\n\t\t\t<\/figure>\n\t\n\n<article class=\"col w-100 position-relative mb-5 wp-block-acf-banner\">\n    <div class=\"d-flex flex-wrap flex-column flex-xl-row align-items-start align-items-xl-end gap-4 w-100 bg-secondary text-white p-4\">\n        <div class=\"d-flex flex-column\">\n\t\t\t            <a href=\"https:\/\/www.panoramamarbella.com\/fr\/bulletin-information-sur-immobilier\" class=\"stretched-link text-white text-decoration-none\" title=\"Vous aimez ce que vous lisez?\">\n\t\t\t\t<h2 class=\"text-white mb-3\">Vous aimez ce que vous lisez?<\/h2>            <\/a>\n\t\t\t            <p class=\"mb-0\">\n                Abonnez-vous \u00e0 notre newsletter pour des articles captivants, du contenu exclusif et les derni\u00e8res actualit\u00e9s.            <\/p>\n\t\t\t        <\/div>\n\t\t        <span class=\"btn btn-outline-light ms-xl-auto\">Bulletin Panorama<\/span>\n\t\t    <\/div>\n<\/article>\n\n\n","protected":false},"excerpt":{"rendered":"<p>Les 12 ann\u00e9es de Christopher Clover au Rotary Club de Marbella ont \u00e9t\u00e9 marqu\u00e9es par une action ayant un grand impact dans les domaines de l\u2019\u00e9ducation, de la sant\u00e9 et de l\u2019environnement.<\/p>\n","protected":false},"author":7,"featured_media":22491,"comment_status":"closed","ping_status":"closed","sticky":false,"template":"","format":"standard","meta":{"_acf_changed":false,"footnotes":""},"categories":[209],"tags":[],"class_list":["post-22526","post","type-post","status-publish","format-standard","has-post-thumbnail","hentry","category-distinctions-panorama"],"acf":[],"_links":{"self":[{"href":"https:\/\/www.panoramamarbella.com\/fr\/wp-json\/wp\/v2\/posts\/22526","targetHints":{"allow":["GET"]}}],"collection":[{"href":"https:\/\/www.panoramamarbella.com\/fr\/wp-json\/wp\/v2\/posts"}],"about":[{"href":"https:\/\/www.panoramamarbella.com\/fr\/wp-json\/wp\/v2\/types\/post"}],"author":[{"embeddable":true,"href":"https:\/\/www.panoramamarbella.com\/fr\/wp-json\/wp\/v2\/users\/7"}],"replies":[{"embeddable":true,"href":"https:\/\/www.panoramamarbella.com\/fr\/wp-json\/wp\/v2\/comments?post=22526"}],"version-history":[{"count":1,"href":"https:\/\/www.panoramamarbella.com\/fr\/wp-json\/wp\/v2\/posts\/22526\/revisions"}],"predecessor-version":[{"id":22544,"href":"https:\/\/www.panoramamarbella.com\/fr\/wp-json\/wp\/v2\/posts\/22526\/revisions\/22544"}],"wp:featuredmedia":[{"embeddable":true,"href":"https:\/\/www.panoramamarbella.com\/fr\/wp-json\/wp\/v2\/media\/22491"}],"wp:attachment":[{"href":"https:\/\/www.panoramamarbella.com\/fr\/wp-json\/wp\/v2\/media?parent=22526"}],"wp:term":[{"taxonomy":"category","embeddable":true,"href":"https:\/\/www.panoramamarbella.com\/fr\/wp-json\/wp\/v2\/categories?post=22526"},{"taxonomy":"post_tag","embeddable":true,"href":"https:\/\/www.panoramamarbella.com\/fr\/wp-json\/wp\/v2\/tags?post=22526"}],"curies":[{"name":"wp","href":"https:\/\/api.w.org\/{rel}","templated":true}]}}