{"id":37717,"date":"2025-03-24T10:03:18","date_gmt":"2025-03-24T09:03:18","guid":{"rendered":"https:\/\/www.panoramamarbella.com\/news\/5-vinotecas-en-marbella"},"modified":"2026-03-11T10:19:09","modified_gmt":"2026-03-11T09:19:09","slug":"5-bars-a-vin-a-marbella","status":"publish","type":"post","link":"https:\/\/www.panoramamarbella.com\/fr\/news\/5-bars-a-vin-a-marbella","title":{"rendered":"Vous aimez le vin? Voici 5 bars \u00e0 vin \u00e0 Marbella \u00e0 ne pas manquer \u00e0 Marbella"},"content":{"rendered":"\n\n<h2 class=\"wp-block-heading\">La meilleure exp\u00e9rience autour du vin : des bars \u00e0 vin \u00e0 Marbella pour savourer un verre unique<\/h2>\n\n\n\n<p>Pour les passionn\u00e9s d\u2019\u0153nophilie, nous avons s\u00e9lectionn\u00e9 quelques-uns des meilleurs bars \u00e0 vin de Marbella \u00e0 ajouter \u00e0 votre liste d\u2019adresses incontournables. Pour ceux qui ne connaissent pas le terme \u00ab \u0153nophilie \u00bb, il vient des mots grecs signifiant \u00ab vin \u00bb (oinos) et \u00ab amour \u00bb (-philia). En termes simples, cela signifie tout simplement appr\u00e9cier un bon verre de vin. Que vous vous d\u00e9finissiez comme amateur de vin, aficionado ou connaisseur, vous avez sans doute une pr\u00e9f\u00e9rence pour certaines r\u00e9gions viticoles, certains c\u00e9pages ou certaines m\u00e9thodes de production, et vous ne manquez jamais une occasion de parcourir la carte des vins!<\/p>\n\n\n\n<ul class=\"table-index list-unstyled p-4 p-lg-5 ms-0 bg-light\"><li class=\"text-uppercase fw-bold mb-3\">Table des mati\u00e8res<\/li><li><a href=\"#la+meilleure+experience+autour+du+vin++des+bars+a+vin+a+marbella+pour+savourer+un+verre+unique\">\nLa meilleure exp\u00e9rience autour du vin : des bars \u00e0 vin \u00e0 Marbella pour savourer un verre unique\n<\/a><\/li>\n<li><a href=\"#les+bars+a+vin+incontournables+de+marbella\">\nLes bars \u00e0 vin incontournables de Marbella\n<\/a><\/li>\n<li><a href=\"#vinacoteca+castillejos\">\nVinacoteca Castillejos\n<\/a><\/li>\n<li><a href=\"#dwine\">\nD-Wine\n<\/a><\/li>\n<li><a href=\"#casa+curro+taverne++casa+curro+boutique\">\nCasa Curro Taverne &amp; Casa Curro Boutique\n<\/a><\/li>\n<li><a href=\"#hotel+puente+romano\">\nHotel Puente Romano\n<\/a><\/li>\n<li><a href=\"#subtil\">\nSubtil\n<\/a><\/li>\n<li><a href=\"#marbella+une+destination+pour+tous+les+gouts\">\nMarbella, une destination pour tous les go\u00fbts\n<\/a><\/li><\/ul>\n\n\n\n<h2 class=\"wp-block-heading\">Les bars \u00e0 vin incontournables de Marbella<\/h2>\n\n\n\t<figure class=\"wp-caption aligncenter wp-block-acf-wpimage\">\n\t<picture><source width=\"600\" height=\"306\" srcset=\"https:\/\/media.panoramamarbella.com\/imgV1\/B95mbh8olwFQm~uCT2wPZMb8hll4wghQQQq6YWg0~c~U_DrmgY8pGP8pqaDzA6mvjyI_OPtcrHD_aKxDZZGyEag8y_7_Jbz5fUl0lhJY0aMq8ngqcG0CqRNwiXGyXd2iHdHSS2qzhERSXIzW2FJJtjMLiOx3BCf53~Qna0NoOSlmkkGab6M6h7zEKU9IZdJMdRIsRIa6.webp 600w\" type=\"image\/webp\"><img decoding=\"async\" class=\"img-fluid\" loading=\"lazy\" width=\"600\" height=\"306\" alt=\"Bars \u00e0 vin \u00e0 Marbella. Vinoteca Castillejos Marbella. Image d\u2019un bar \u00e0 vin avec des \u00e9tag\u00e8res remplies de bouteilles, des tables de d\u00e9gustation en bois et une atmosph\u00e8re chaleureuse.\" src=\"https:\/\/media.panoramamarbella.com\/imgV1\/B95mbh8olwFQm~uCT2wPZMb8hll4wghQQQq6YWg0~c~U_DrmgY8pGP8pqaDzA6mvjyI_OPtcrHD_aKxDZZGyEag8y_7_Jbz5fUl0lhJY0aMq8ngqcG0CqRNwiXGyXd2iHdHSS2qzhERSXIzW2FJJtjMLluFILOFNG9owzOUSmeWnNuA-.jpg\"><\/picture>\t\t\t<figcaption class=\"wp-caption-text\">\n\t\tVinoteca Castillejos Marbella\t\t<\/figcaption>\n\t\t\t<\/figure>\n\t\n\n\n<h2 class=\"wp-block-heading\">Vinacoteca Castillejos<\/h2>\n\n\n\n<p><strong>Niveau 1<\/strong>: Un excellent point de d\u00e9part avec une d\u00e9gustation simple dans un espace intimiste et une s\u00e9lection g\u00e9n\u00e9reuse.<\/p>\n\n\n\n<p>Situ\u00e9e dans le charmant centre historique de Marbella, Vinacoteca Castillejos est une petite adresse pleine de charme qui propose plus de 400 vins soigneusement s\u00e9lectionn\u00e9s, venus d\u2019Espagne et du monde entier. Que vous ayez envie de d\u00e9couvrir de nouvelles vari\u00e9t\u00e9s lors de l\u2019une de leurs d\u00e9gustations ou simplement de savourer un ou deux verres accompagn\u00e9s de tapas fra\u00eeches, son atmosph\u00e8re accueillante et authentique vous plongera dans la culture locale d\u00e8s la premi\u00e8re demi-gorg\u00e9e. L\u2019\u00e9tablissement propose \u00e9galement une s\u00e9lection de spiritueux pour ceux qui ont envie de quelque chose d\u2019un peu diff\u00e9rent.<\/p>\n\n\n\n<ul class=\"wp-block-list\">\n<li><strong>Page web<\/strong>: <a href=\"https:\/\/www.vinacotecacastillejos.com\/\" target=\"_blank\" rel=\"noreferrer noopener nofollow\">vinacotecacastillejos.com<\/a><\/li>\n\n\n\n<li><strong>Adresse<\/strong>: Calle Castillejos, 4, Local 1, 29601 Marbella, M\u00e1laga, Spain<\/li>\n<\/ul>\n\n\n\t<figure class=\"wp-caption aligncenter wp-block-acf-wpimage\">\n\t<picture><source width=\"900\" height=\"677\" srcset=\"https:\/\/media.panoramamarbella.com\/imgV1\/B95mbh8olwFQm~uCT2wPZMb8hll4wghQQQq6YWg0~c~U_DrmgY8pGP8pqaDzA6mvjyI_OPtcrHD_aKxDZZGyEag8y_7_Jbz5fUl0lhJY0aMq8ngqcG47uEHxWs2VffHcrWHlKSrQjDiSZZfy6OQCPmmd~58Yxw1X3RQpRkhp3L52v11~y5aKc_kasQUvBAaC8ggeSQWz.webp 900w\" type=\"image\/webp\"><img decoding=\"async\" class=\"img-fluid\" loading=\"lazy\" width=\"900\" height=\"677\" alt=\"Bars \u00e0 vin \u00e0 Marbella. Une table chaleureuse dress\u00e9e avec des verres \u00e0 vin et un verre d\u2019eau, avec un \u00e9clairage doux \u00e0 l\u2019arri\u00e8re-plan cr\u00e9ant une atmosph\u00e8re intime dans un bar \u00e0 vin ou un restaurant.\" src=\"https:\/\/media.panoramamarbella.com\/imgV1\/B95mbh8olwFQm~uCT2wPZMb8hll4wghQQQq6YWg0~c~U_DrmgY8pGP8pqaDzA6mvjyI_OPtcrHD_aKxDZZGyEag8y_7_Jbz5fUl0lhJY0aMq8ngqcG47uEHxWs2VffHcrWHlKSrQjDiSZZfy6OQCPmmd4bDPBBDtHuQiifP4Ju9yEX8-.jpg\"><\/picture>\t\t<\/figure>\n\t\n\n\n<h2 class=\"wp-block-heading\">D-Wine<\/h2>\n\n\n\n<p><strong>Niveau 4 <\/strong>: Une v\u00e9ritable destination pour les amateurs de vin en qu\u00eate d\u2019un choix impressionnant.<\/p>\n\n\n\n<p>Situ\u00e9 juste \u00e0 l\u2019ouest de Marbella, en direction de Puerto Ban\u00fas, D-Wine s\u2019est forg\u00e9 une r\u00e9putation comme l\u2019une des adresses vinicoles les plus respect\u00e9es de la Costa del Sol. Associant un restaurant \u00e9l\u00e9gant \u00e0 une boutique sp\u00e9cialis\u00e9e, l\u2019\u00e9tablissement abrite des milliers de bouteilles issues des grandes r\u00e9gions viticoles espagnoles, aux c\u00f4t\u00e9s d\u2019\u00e9tiquettes internationales soigneusement s\u00e9lectionn\u00e9es. Le magazine Fine Wine lui a d\u00e9cern\u00e9 en 2019 le titre convoit\u00e9 de \u00ab World\u2019s Best Wine List \u00bb, consid\u00e9r\u00e9 comme l\u2019\u00e9quivalent, pour les sommeliers, des \u00e9toiles Michelin ; les prix \u00ab World\u2019s Best Wine Lists \u00bb repr\u00e9sentent la distinction la plus rigoureuse et prestigieuse du secteur en mati\u00e8re de carte des vins.<\/p>\n\n\n\n<p>L\u2019atmosph\u00e8re est raffin\u00e9e tout en restant accueillante, parfaite aussi bien pour un verre d\u00e9tendu au bar que pour une soir\u00e9e compl\u00e8te autour d\u2019accords mets et vins. Des plats m\u00e9diterran\u00e9ens et des tapas cr\u00e9atives compl\u00e8tent l\u2019impressionnante cave, tandis qu\u2019un personnel comp\u00e9tent guide les clients dans leur choix. Avec l\u2019une des s\u00e9lections de vins les plus \u00e9tendues de Marbella, D-Wine offre d\u2019innombrables occasions de d\u00e9couvrir une nouvelle saveur favorite \u00e0 chaque visite.<\/p>\n\n\n\n<ul class=\"wp-block-list\">\n<li><strong>Page web<\/strong>: <a href=\"https:\/\/d-winecollection.com\/\" data-type=\"link\" data-id=\"https:\/\/d-winecollection.com\/\" target=\"_blank\" rel=\"noreferrer noopener nofollow\">d-wine.es<\/a><\/li>\n\n\n\n<li><strong>Adresse<\/strong>: Av. Fontanilla, local 7, 29602 Marbella, M\u00e1laga, Spain<\/li>\n<\/ul>\n\n\n\t<figure class=\"wp-caption aligncenter wp-block-acf-wpimage\">\n\t<picture><source width=\"900\" height=\"508\" srcset=\"https:\/\/media.panoramamarbella.com\/imgV1\/B95mbh8olwFQm~uCT2wPZMb8hll4wghQQQq6YWg0~c~U_DrmgY8pGP8pqaDzA6mvjyI_OPtcrHD_aKxDZZGyEag8y_7_Jbz5fUl0lhJY0aMq8ngqcG8xc43fmDO4HFbhp_0N8VaMFtFe2wHx47~sO0ajagHEbKz4fPcrW4OHlEa~_TtG9L2sp3uBWOysxs7HiDloHK8t.webp 900w\" type=\"image\/webp\"><img decoding=\"async\" class=\"img-fluid\" loading=\"lazy\" width=\"900\" height=\"508\" alt=\"Bars \u00e0 vin \u00e0 Marbella. La Taberna Casa Curro &amp; La Tienda Casa Curro. Un collage d\u2019images pr\u00e9sentant un bar \u00e0 vin ou un restaurant \u00e0 Marbella, avec des plats tels que des crevettes, du jambon affin\u00e9, du fromage et des olives, une s\u00e9lection de boissons et une atmosph\u00e8re chaleureuse et anim\u00e9e. Les images mettent \u00e9galement en valeur l\u2019int\u00e9rieur et l\u2019ext\u00e9rieur de l\u2019\u00e9tablissement, avec une enseigne portant l\u2019inscription \u00ab TABERNA \u00bb.\" src=\"https:\/\/media.panoramamarbella.com\/imgV1\/B95mbh8olwFQm~uCT2wPZMb8hll4wghQQQq6YWg0~c~U_DrmgY8pGP8pqaDzA6mvjyI_OPtcrHD_aKxDZZGyEag8y_7_Jbz5fUl0lhJY0aMq8ngqcG8xc43fmDO4HFbhp_0N8VaMFtFe2wHx47~sO0ajdGuhJKoAp1JHLs0kuxZiZGQ-.jpg\"><\/picture>\t\t<\/figure>\n\t\n\n\n<h2 class=\"wp-block-heading\">Casa Curro Taverne &amp; Casa Curro Boutique<\/h2>\n\n\n\n<p><strong>Niveau 3<\/strong> : Parmi les bars \u00e0 vin \u00e0 Marbella, plongez au c\u0153ur de la culture espagnole en d\u00e9couvrant deux \u00e9tablissements c\u00f4te \u00e0 c\u00f4te, tr\u00e8s appr\u00e9ci\u00e9s des locaux.<\/p>\n\n\n\n<p>Ces c\u00e9l\u00e8bres bars \u00e0 vin sont situ\u00e9s dans la vieille ville de Marbella, \u00e0 \u00e9gale distance du parc de l\u2019Alameda et de la Plaza de los Naranjos. Casa Curro Taverne et Casa Curro Boutique forment un seul et m\u00eame \u00e9tablissement divis\u00e9 en deux espaces, situ\u00e9s l\u2019un en face de l\u2019autre dans la m\u00eame rue. La Taverne est id\u00e9ale pour une pause rapide, avec ses tables hautes pouvant accueillir de 4 \u00e0 12 personnes et son petit bar pour deux. Son ambiance chaleureuse est parfaite pour un verre improvis\u00e9.<\/p>\n\n\n\t<figure class=\"wp-caption aligncenter wp-block-acf-wpimage\">\n\t<picture><source width=\"900\" height=\"508\" srcset=\"https:\/\/media.panoramamarbella.com\/imgV1\/B95mbh8olwFQm~uCT2wPZMb8hll4wghQQQq6YWg0~c~U_DrmgY8pGP8pqaDzA6mvjyI_OPtcrHD_aKxDZZGyEag8y_7_Jbz5fUl0lhJY0aMq8ngqcGhT39Sb0u33pcF3qeJSfvc~2ZKBYcow_~DKkMV~OKM64v4T8UekDd6zadYRhQJlMsjb5VXeNjrb2WycNSlUqEHW.webp 900w\" type=\"image\/webp\"><img decoding=\"async\" class=\"img-fluid\" loading=\"lazy\" width=\"900\" height=\"508\" alt=\"Bars \u00e0 vin \u00e0 Marbella. Un collage d&#039;images d&#039;un bar \u00e0 vin ou d&#039;un restaurant moderne, pr\u00e9sentant un comptoir \u00e9l\u00e9gant, des cocktails cr\u00e9atifs, des plats gastronomiques comme des toasts gourmands, et une ambiance chaleureuse avec des tables en bois et un d\u00e9cor \u00e9l\u00e9gant.\" src=\"https:\/\/media.panoramamarbella.com\/imgV1\/B95mbh8olwFQm~uCT2wPZMb8hll4wghQQQq6YWg0~c~U_DrmgY8pGP8pqaDzA6mvjyI_OPtcrHD_aKxDZZGyEag8y_7_Jbz5fUl0lhJY0aMq8ngqcGhT39Sb0u33pcF3qeJSfvc~2ZKBYcow_~DKkMV~JjQLsZZXJeIdNebBJum2bEM-.jpg\"><\/picture>\t\t<\/figure>\n\t\n\n\n<p>En face, sur la gauche, se trouve le nouvel espace La Tienda, qui offre une atmosph\u00e8re plus paisible. On y trouve \u00e9galement des tables hautes pour des groupes allant jusqu\u2019\u00e0 6 personnes, ainsi qu\u2019un espace bar plus vaste, autour de la cuisine, o\u00f9 vous pourrez regarder des chefs experts pr\u00e9parer de v\u00e9ritables cr\u00e9ations irr\u00e9sistibles.<\/p>\n\n\n\n<ul class=\"wp-block-list\">\n<li><strong>Page web:<\/strong> <a href=\"https:\/\/grupocasacurro.com\/en\/tienda-casa-curro\/#pll_switcher\" target=\"_blank\" rel=\"noreferrer noopener nofollow\">grupocasacurro.com<\/a><\/li>\n\n\n\n<li><strong>Adresse<\/strong>: C. Pantale\u00f3n, 7, 29601 Marbella, M\u00e1laga, Spain<\/li>\n<\/ul>\n\n\n\t<figure class=\"wp-caption aligncenter wp-block-acf-wpimage\">\n\t<picture><source width=\"900\" height=\"368\" srcset=\"https:\/\/media.panoramamarbella.com\/imgV1\/B95mbh8olwFQm~uCT2wPZMb8hll4wghQQQq6YWg0~c~U_DrmgY8pGP8pqaDzA6mvjyI_OPtcrHD_aKxDZZGyEag8y_7_Jbz5fUl0lhJY0aMq8ngqcGlXvU6dTk3OlzhSBq1wTjip2BUGmWCwB17jvsMlwf7tzItJ3pg250Gov_VZRhcbnmitwHjJL~fV~zKN3JHdik_Q.webp 900w\" type=\"image\/webp\"><img decoding=\"async\" class=\"img-fluid\" loading=\"lazy\" width=\"900\" height=\"368\" alt=\"Bars \u00e0 vin \u00e0 Marbella. Puente Romano Wine Cellar. Une cave \u00e0 vin avec des \u00e9tag\u00e8res en bois soigneusement organis\u00e9es, remplies de diff\u00e9rentes bouteilles, et un espace central d\u2019exposition avec des verres \u00e0 vin et une s\u00e9lection de bouteilles, cr\u00e9ant une atmosph\u00e8re \u00e9l\u00e9gante et sophistiqu\u00e9e.\" src=\"https:\/\/media.panoramamarbella.com\/imgV1\/B95mbh8olwFQm~uCT2wPZMb8hll4wghQQQq6YWg0~c~U_DrmgY8pGP8pqaDzA6mvjyI_OPtcrHD_aKxDZZGyEag8y_7_Jbz5fUl0lhJY0aMq8ngqcGlXvU6dTk3OlzhSBq1wTjip2BUGmWCwB17jvsMl39JUfE93JKgWHh00iy~Hvbo-.jpg\"><\/picture>\t\t<\/figure>\n\t\n\n\n<h2 class=\"wp-block-heading\">Hotel Puente Romano<\/h2>\n\n\n\n<p><strong>Niveau sup\u00e9rieur<\/strong> : Parmi les bars \u00e0 vin \u00e0 Marbella, une exp\u00e9rience qui va au-del\u00e0 des attentes, avec quelques-uns des vins les plus exquis et la gastronomie raffin\u00e9e que la r\u00e9gion puisse offrir.<\/p>\n\n\n\n<p>Le Puente Romano Beach Resort ambitionne de devenir une r\u00e9f\u00e9rence majeure dans le monde du vin et de s\u2019imposer parmi les bars \u00e0 vin \u00e0 Marbella les plus exclusifs. Cet h\u00f4tel de luxe de Marbella a cr\u00e9\u00e9 une cave \u00e0 vin centralis\u00e9e dirig\u00e9e par le sommelier du resort, Alejandro Marcos.<\/p>\n\n\n\n<p>Cette cave approvisionne plus de 20 restaurants au sein du complexe et abrite plus d\u2019un millier de bouteilles soigneusement s\u00e9lectionn\u00e9es, ce qui en fait l\u2019une des exp\u00e9riences les plus remarquables parmi les bars \u00e0 vin \u00e0 Marbella. On y trouve certains des vins les plus recherch\u00e9s ainsi que de rares pi\u00e8ces de collection qui ne sont m\u00eame pas disponibles \u00e0 l\u2019achat. Bien que l\u2019acc\u00e8s \u00e0 cette cave soit exclusivement r\u00e9serv\u00e9 aux clients de l\u2019h\u00f4tel, un espace est pr\u00e9vu pour des d\u00e9gustations de groupe.<\/p>\n\n\n\n<p>Cependant, pour d\u00e9couvrir nombre de ces vins, il vous suffit de choisir l\u2019un des restaurants haut de gamme de Puente Romano, une adresse incontournable parmi les bars \u00e0 vin \u00e0 Marbella, et de faire accompagner votre s\u00e9lection par quelques-uns des meilleurs plats que cette r\u00e9gion d\u2019Espagne a \u00e0 offrir.<\/p>\n\n\n\n<ul class=\"wp-block-list\">\n<li><strong>Page web<\/strong>: <a href=\"https:\/\/www.puenteromano.com\/\" data-type=\"link\" data-id=\"https:\/\/www.puenteromano.com\/\" target=\"_blank\" rel=\"noreferrer noopener nofollow\">puenteromano.com<\/a><\/li>\n\n\n\n<li><strong>Adresse<\/strong>: Bulevar Principe Alfonso von Hohenlohe, s\/n 29602 Marbella, M\u00e1laga, Spain<\/li>\n<\/ul>\n\n\n\t<figure class=\"wp-caption aligncenter wp-block-acf-wpimage\">\n\t<picture><source width=\"900\" height=\"450\" srcset=\"https:\/\/media.panoramamarbella.com\/imgV1\/B95mbh8olwFQm~uCT2wPZMb8hll4wghQQQq6YWg0~c~U_DrmgY8pGP8pqaDzA6mvjyI_OPtcrHD_aKxDZZGyEag8y_7_Jbz5fUl0lhJY0aMq8ngqcGrmmVv8C9SFI9pVOG5EfzrpYogEFXMVedI1eEDTwhKQsTvEjrYmL_6uZiI~HYCBJHFHCbcONVFjrew5MnS~4WqL.webp 900w\" type=\"image\/webp\"><img decoding=\"async\" class=\"img-fluid\" loading=\"lazy\" width=\"900\" height=\"450\" alt=\"Bars \u00e0 vin \u00e0 Marbella. Subtil. Une personne versant du vin rouge dans un verre au bar \u00e0 vin Subtil, avec le logo de l\u2019\u00e9tablissement visible sur le verre et, en arri\u00e8re-plan flou, des personnes profitant de l\u2019ambiance.\" src=\"https:\/\/media.panoramamarbella.com\/imgV1\/B95mbh8olwFQm~uCT2wPZMb8hll4wghQQQq6YWg0~c~U_DrmgY8pGP8pqaDzA6mvjyI_OPtcrHD_aKxDZZGyEag8y_7_Jbz5fUl0lhJY0aMq8ngqcGrmmVv8C9SFI9pVOG5EfzrpYogEFXMVedI1eEDT3BJHIEneo0i9iok4fw~R93c-.jpg\"><\/picture>\t\t<\/figure>\n\t\n\n\n<h2 class=\"wp-block-heading\">Subtil<\/h2>\n\n\n\n<p><strong>Niveau bonus <\/strong>: \u00ab On vient de d\u00e9couvrir un petit bijou local \u00bb \u2013 un vrai plaisir pour ceux qui se trouvent \u00e0 l\u2019est de Marbella.<\/p>\n\n\n\n<p>Si vous \u00eates dans l\u2019est de Marbella et que vous cherchez \u00e0 vous d\u00e9tendre autour d\u2019une superbe s\u00e9lection de vins dans une atmosph\u00e8re accueillante, Subtil, \u00e0 Elviria, m\u00e9rite clairement une place sur votre liste. V\u00e9ritable petit bijou chic pour les amateurs de vin en qu\u00eate d\u2019une exp\u00e9rience authentique et d\u00e9tendue, ce bar \u00e0 vin propose une s\u00e9lection soign\u00e9e de vins naturels et de produits artisanaux, avec \u00e0 la fois des favoris espagnols et des \u00e9tiquettes internationales. L\u2019espace lui-m\u00eame offre une ambiance moderne et cosy qui invite \u00e0 prolonger le moment autour d\u2019un verre, que ce soit pour une sortie d\u00e9contract\u00e9e ou une d\u00e9gustation plus sp\u00e9ciale. Ici, tout tourne autour de la qualit\u00e9 et de l\u2019authenticit\u00e9, faisant de chaque gorg\u00e9e une occasion de d\u00e9couvrir les nuances naturelles et le savoir-faire qui se cachent derri\u00e8re chaque bouteille.<\/p>\n\n\n\n<ul class=\"wp-block-list\">\n<li><strong>Page web<\/strong>: <a href=\"https:\/\/justnaturallywine.com\/en\/subtil-marbella\/\" data-type=\"link\" data-id=\"https:\/\/justnaturallywine.com\/en\/subtil-marbella\/\" target=\"_blank\" rel=\"noreferrer noopener nofollow\">justnaturallywine.com<\/a><\/li>\n\n\n\n<li><strong>Adresse<\/strong>: Centro Comercial Pinares de Elviria Local 20B, Marbella, M\u00e1laga, Spain<a href=\"https:\/\/justnaturallywine.com\/en\/subtil-marbella\/\" target=\"_blank\" rel=\"noopener\"><strong><br><\/strong><\/a><\/li>\n<\/ul>\n\n\n\n<h2 class=\"wp-block-heading\">Marbella, une destination pour tous les go\u00fbts<\/h2>\n\n\n\n<p>Que vous soyez un amateur de vin chevronn\u00e9 ou que vous commenciez tout juste \u00e0 d\u00e9couvrir l\u2019univers du vin, Marbella offre quelque chose pour tous les palais et toutes les pr\u00e9f\u00e9rences. Des cadres andalous intimes et authentiques de la vieille ville aux exp\u00e9riences exclusives 5 \u00e9toiles comme celles propos\u00e9es dans les nombreux \u00e9tablissements haut de gamme de Puente Romano, chaque lieu apporte son propre charme unique \u00e0 la sc\u00e8ne viticole anim\u00e9e de la ville.<\/p>\n\n\n\n<p>Pour ceux qui recherchent une exp\u00e9rience gastronomique v\u00e9ritablement exceptionnelle, les <a href=\"https:\/\/www.panoramamarbella.com\/fr\/news\/restaurants-etoiles-michelin\" data-type=\"link\" data-id=\"https:\/\/www.panoramamarbella.com\/fr\/news\/restaurants-etoiles-michelin\">restaurants \u00e9toil\u00e9s Michelin de Marbella<\/a> sont incontournables et proposent une cuisine exquise pour accompagner votre voyage \u0153nologique.<\/p>\n\n\n\n<p>Alors, levez votre verre \u00e0 de nouvelles d\u00e9couvertes et \u00e0 des soir\u00e9es m\u00e9morables au fil de votre exploration. Votre prochaine bouteille pr\u00e9f\u00e9r\u00e9e vous attend peut-\u00eatre juste au coin de la rue, dans l\u2019une des charmantes rues de Marbella. <strong>\u00a1Salud!<\/strong><\/p>\n\n\n<article class=\"col w-100 position-relative wp-block-acf-banner\">\n    <div class=\"d-flex flex-wrap flex-column flex-xl-row align-items-start align-items-xl-end gap-4 w-100 bg-secondary text-white p-4\">\n        <div class=\"d-flex flex-column\">\n\t\t\t            <a href=\"https:\/\/www.panoramamarbella.com\/fr\/bulletin-information-sur-immobilier\" class=\"stretched-link text-white text-decoration-none\" title=\"Vous avez aim\u00e9 ce que vous avez lu?\">\n\t\t\t\t<h2 class=\"text-white mb-3\">Vous avez aim\u00e9 ce que vous avez lu?<\/h2>            <\/a>\n\t\t\t            <p class=\"mb-0\">\n                Abonnez-vous \u00e0 notre newsletter pour recevoir des articles captivants, du contenu exclusif et les derni\u00e8res actualit\u00e9s.            <\/p>\n\t\t\t        <\/div>\n\t\t        <span class=\"btn btn-outline-light ms-xl-auto\">Bolet\u00edn Panorama<\/span>\n\t\t    <\/div>\n<\/article>\n\n\n\n\n\n\n\t\t<section class=\"container wp-block-acf-inmpropselection\">\n\t\t\t<h2>D\u00e9couvrez nos propri\u00e9t\u00e9s \u00e0 Marbella et commencez \u00e0 planifier le style de vie de vos sue\u00f1os aujourd&rsquo;hui m\u00eame.<\/h2>\t\t\t<div class=\"row row-cols-1 row-cols-lg-3 gy-5 g-xxl-5\">\n\t\t\t\t\n<article class=\"col card-properties position-relative d-flex flex-column\">\n\t<div id=\"carouselCardProperties-1-0\" class=\"card-properties-images carousel slide carousel-fade lazy\" data-bs-ride=\"carousel\" data-bs-interval=\"200000\" data-id=\"698664\">\n\t\t<div class=\"carousel-inner\">\n\t\t\t<figure class=\"carousel-item mb-0 active ratio ratio-4x3\">\n\t\t\t\t<picture><source sizes=\"(max-width: 575px) calc(100vw - 24px), (max-width: 767px) 516px, (max-width: 991px) 696px, (max-width: 1199px) 296px, (max-width: 1399px) 356px, 400px\" width=\"696\" height=\"522\" srcset=\"https:\/\/media.panoramamarbella.com\/imgV1\/B95mbh8olwFQm~uCUaVOI2kQT0hb0a8sZ9turUNfnwtvuccYCzs0YVPfPbfkc2VnnN1JFDpkYaGfw1gJsS~5hOu8ClA27V6xVP6zyKoKPS1Mn7WRHYZMLWv_YHD73v3wTA8HWCCOpMnXwN2uAr5VSPiSO7karRIMiZTPqCu_dZ5fuWR0YCW6_1pG5Bl~Hp5WroeZ3HQAZ5bJuMGEOv79bl9k214P5Nw2k7gr9ANpozAASAFpx51KqYb~IgRpbC3Nm7LGaJqZPuy9KH5g7qzcuC2cvd8aXgZUiX05nn3MiVFBu3_R0uApWqg0GDDTU7GVpDHN0uiwmWHOPGRGcV19lVB5JeSIN5bWCc0XpEoi3uZ0T3eXN37TL0i518tYi19KAllVsHHd0sbTDHyPO_Nw~4KnnSNcB9zdZy_Falf9Nm2Qd8UylRZPY3Up0552~WYpYFfMu6~cQQhix6~xJmlu.webp 696w,https:\/\/media.panoramamarbella.com\/imgV1\/B95mbh8olwFQm~uCUaVOI2kQT0hb0a8sZ9turUNfnwtvuccYCzs0YVPfPbfkc2VnnN1JFDpkYaGfw1gJsS~5hOu8ClA27V6xVP6zyKoKPS1Mn7WRHYZMLWv_YHD73v3wTA8HWCCOpMnXwN2uAr5VSPiSO7karRIMiZTPqCu_dxsgwbeNJ3yUNRGy~HNlq7dkSM2WX~69OJOJ5Rf_OC19ofiiJFxHjWv2u3u0P4hi6O0xoN_eKF2nSgtPXKVIDb6vkB7sMfUcYSFaA8MkPym_Gpt83~i_ztzET0MbhzNjsKTdK5NbqRNgl5yWC5YxwwmAj1QP7QCWT0mNwDbjKvcT6HKFDihRXrRi~rK1hGgEsn~KGSB8yKC8a2ZAlw1Y0g7iH3vxsT0JHikRupGzmmtHsrKXqc6p8M2~T5e5ifxWDLJfJRqdDdAaQRy8mbVTKnDv_ya2ucuiMT0AMrtAXM~J.webp 400w\" type=\"image\/webp\"><img decoding=\"async\" class=\"position-absolute w-100 h-100 object-fit-cover\" alt=\"Appartement unique en rez-de-chauss\u00e9e avec vue sur la mer dans les Jardins Japonais de Marina Puente Romano\" loading=\"lazy\" width=\"696\" height=\"522\" src=\"https:\/\/media.panoramamarbella.com\/imgV1\/B95mbh8olwFQm~uCUaVOI2kQT0hb0a8sZ9turUNfnwtvuccYCzs0YVPfPbfkc2VnnN1JFDpkYaGfw1gJsS~5hOu8ClA27V6xVP6zyKoKPS1Mn7WRHYZMLWv_YHD73v3wTA8HWCCOpMnXwN2uAr5VSPiSO7karRIMiZTPqCu_dZ5fuWR0YCW6_1pG5Bl~AOWCKsfURyq35vm55dIauvG9uVaSivcgS4ajblndO75z1CH0f2jKmqCp4xxFvz8SGfsGZsvJDXqx_1ZOdq6C3Ciw5BdH3mBMTlmpWiwr03l4R5h6rIkh70WK8PZkn3TMc7aMyNa5IHcJVNmTEhV8AxRljU0iGmAWvH9H8Jc12IGx0P0jWsreOMhWj1MxEo9KATyoLWCUe5JwyP7SYClFp7YUmD7e40GOUqwrJuzlqrEiOyMmHv7XqSzouqYV54M-.jpg\"><\/picture>\t\t\t<\/figure>\n\t\t\t\t\t\t<span class=\"card-properties-tag position-absolute z-2 top-0 start-0 bg-secondary text-white py-1 px-3 ms-3\">\n\t\t\t\tEn vedette\t\t\t<\/span>\n\t\t\t\t\t\t<span class=\"card-properties-ref position-absolute z-2 bottom-0 end-0 bg-white text-primary py-1 px-3 me-3\">\n\t\t\t\tPANR-16359\t\t\t<\/span>\n\t\t\t<button class=\"card-properties-portfolio d-flex align-items-center justify-content-center position-absolute z-3 end-0 text-white bg-primary me-3 border-0 px-0\" data-pfl-id=\"698664\" data-pfl-filter=\"sale\" aria-label=\"Add to portfolio\">\n\t\t\t\t<svg width=\"18\" fill=\"currentColor\" viewBox=\"0 0 512 512\">\n\t\t\t\t\t<use href=\"https:\/\/www.panoramamarbella.com\/wp-content\/themes\/panoramamarbella\/dist\/src\/images\/icons.svg#svgHeart\"><\/use>\n\t\t\t\t<\/svg>\n\t\t\t\t<svg width=\"18\" fill=\"currentColor\" viewBox=\"0 0 512 512\">\n\t\t\t\t\t<use href=\"https:\/\/www.panoramamarbella.com\/wp-content\/themes\/panoramamarbella\/dist\/src\/images\/icons.svg#svgHeartIn\"><\/use>\n\t\t\t\t<\/svg>\n\t\t\t<\/button>\n\t\t<\/div>\n\t\t\t\t<button\n\t\t\tclass=\"carousel-control-prev\"\n\t\t\ttype=\"button\"\n\t\t\tdata-bs-target=\"#carouselCardProperties-1-0\"\n\t\t\tdata-bs-slide=\"prev\">\n\t\t\t<span class=\"carousel-control-prev-icon\" aria-hidden=\"true\"><\/span>\n\t\t\t<span class=\"visually-hidden\">Pr\u00e9c\u00e9dent<\/span>\n\t\t<\/button>\n\t\t<button\n\t\t\tclass=\"carousel-control-next\"\n\t\t\ttype=\"button\"\n\t\t\tdata-bs-target=\"#carouselCardProperties-1-0\"\n\t\t\tdata-bs-slide=\"next\">\n\t\t\t<span class=\"carousel-control-next-icon\" aria-hidden=\"true\"><\/span>\n\t\t\t<span class=\"visually-hidden\">Suivant<\/span>\n\t\t<\/button>\n\t\t\t<\/div>\n\t<div class=\"d-flex flex-column h-100 px-3 py-4 shadow\">\n\t\t\t\t<h3 class=\"card-properties-title mb-3\">\n\t\t\t<a class=\"stretched-link\" href=\"\/fr\/proprietes\/marbella\/marbella-golden-mile\/marina-puente-romano\/appartements-habitats\/PANR-16359\">\n\t\t\t\tAppartement unique en rez-de-chauss\u00e9e avec vue sur la mer dans les Jardins Japonais de Marina Puente Romano\t\t\t<\/a>\n\t\t<\/h3>\n\t\t<p class=\"mb-3 text-black-dark\">Marina Puente Romano, Marbella Golden Mile<\/p>\n\t\t\t\t\t\t<p class=\"card-properties-description mb-3\">\n\t\t\tD\u00e9couvrez le summum du luxe sans effort dans cet appartement sur\u00e9lev\u00e9 en rez-de-chauss\u00e9e, expos\u00e9 sud-ouest, nich\u00e9 au sein de l\u2019embl\u00e9matique Puente Romano Beach Resort and Spa \u2014 l\u2019une des adresses les plus prestigieuses et recherch\u00e9es&#8230;\t\t<\/p>\n\t\t\t\t<span class=\"card-properties-price mt-auto\">\n\t\t\t\n\t\t\t<span class=\"card-properties-price mt-auto\" data-original-price=\"4950000\">4\u202f950\u202f000\u00a0\u20ac<\/span>\n\t\t\t\t<\/span>\n\t\t\t\t<ul class=\"card-properties-features list-unstyled d-flex flex-wrap align-items-center gap-3 pt-3 border-top mt-3 mb-0\">\n\t\t\t<li class=\"d-flex align-items-center\">3 Chambres<\/li><li class=\"d-flex align-items-center\">3 Bains<\/li>\t\t\t\t<li class=\"d-flex align-items-center\">\n\t\t\t\t\t <span class=\"me-1\" data-original-value=\"180\" data-original-unit=\"m&#038;sup2\">180 m&sup2;<\/span>Total\t\t\t\t<\/li>\n\t\t\t\t\t\t\t<li class=\"d-flex align-items-center\">\n\t\t\t\t\t <span class=\"me-1\" data-original-value=\"140\" data-original-unit=\"m&#038;sup2\">140 m&sup2;<\/span>Construit\t\t\t\t<\/li>\n\t\t\t\t\t\t\t<li class=\"d-flex align-items-center\">\n\t\t\t\t\t <span class=\"me-1\" data-original-value=\"40\" data-original-unit=\"m&#038;sup2\">40 m&sup2;<\/span>Terrasses\t\t\t\t<\/li>\n\t\t\t\t\t<\/ul>\n\t\t\t<\/div>\n<\/article>\n\n\n<article class=\"col card-properties position-relative d-flex flex-column\">\n\t<div id=\"carouselCardProperties-1-1\" class=\"card-properties-images carousel slide carousel-fade lazy\" data-bs-ride=\"carousel\" data-bs-interval=\"200000\" data-id=\"695118\">\n\t\t<div class=\"carousel-inner\">\n\t\t\t<figure class=\"carousel-item mb-0 active ratio ratio-4x3\">\n\t\t\t\t<picture><source sizes=\"(max-width: 575px) calc(100vw - 24px), (max-width: 767px) 516px, (max-width: 991px) 696px, (max-width: 1199px) 296px, (max-width: 1399px) 356px, 400px\" width=\"696\" height=\"522\" srcset=\"https:\/\/media.panoramamarbella.com\/imgV1\/B95mbh8olwFQm~uCUaVOI2kQT0hb0a8sZ9turUNfnwtvuccYCzs0YVPfPbfkc2VnnN1JFDpkYaGfw1gJsS~5hOu4DEBG602B7yC1Jdp3y4TeOLY1Z1ydnyCUtrZ_cg55b9oh_lBvgazy5O2g1_gcM1Mn1Ow5PKX57OmbI4LX9N1iZovDKdS7h2NKdCmu5rv2j3N5kmwyemzDviQCpZfh8oYiiycDfthWmsViL7m2SGu22dk3pYQwmonTGBVTMPnpok2iLA1s~Ez31zUif6YQ_T1RuoX8YUYJ0hQjxiqdRuucVt_OV_0Tl11ziS7D3b0Qd5l9W7j8Z4YL392tHHQG2gq1L1DgtsKT8tHn77MvpaJlRCzlgLMcCKysTnNdVP9IFQrByMRnnF4eaC3bt86MY2cYZuOXeqBkzJ2Ev9TcMExrVWMRzqF5ThzENfAa_I4hfSoSfqyAk0wmYOg1NDJy.webp 696w,https:\/\/media.panoramamarbella.com\/imgV1\/B95mbh8olwFQm~uCUaVOI2kQT0hb0a8sZ9turUNfnwtvuccYCzs0YVPfPbfkc2VnnN1JFDpkYaGfw1gJsS~5hOu4DEBG602B7yC1Jdp3y4TeOLY1Z1ydnyCUtrZ_cg55b9oh_lBvgazy5O2g1_gcM1Mn1Ow5PKX57OmbI4LX9vV4DQRVSkKDaK19Ew4ElBmV0iOMk_NmyAmobpJPaFYwCu3B5bDun3QbHKzcYLvzSIuDZ3g98DrfEuIwz21OE2ZEymoJg8jIcw2xyI2zCddCF3qd_N~1h7kTkFJcvqprSbJHgOvrGVPnj1PIbpSCoyLlpuM3oUYQYVg0QWDoSF34Wglv94UbOb08lyB5qtaSpaPoEAdU~gdcy_Bvah5MHGMC9bs2ibOaPQNoru87QTYhswDc540iAW~w89r1Ohcmgp~06Qj7bqMU_2qMaIPt~uP6jOM3GQjIAQ4evOsAaWJt.webp 400w\" type=\"image\/webp\"><img decoding=\"async\" class=\"position-absolute w-100 h-100 object-fit-cover\" alt=\"Villa moderne avec vues spectaculaires sur la mer et la montagne \u00e0 La Finca de Marbella\" loading=\"lazy\" width=\"696\" height=\"522\" src=\"https:\/\/media.panoramamarbella.com\/imgV1\/B95mbh8olwFQm~uCUaVOI2kQT0hb0a8sZ9turUNfnwtvuccYCzs0YVPfPbfkc2VnnN1JFDpkYaGfw1gJsS~5hOu4DEBG602B7yC1Jdp3y4TeOLY1Z1ydnyCUtrZ_cg55b9oh_lBvgazy5O2g1_gcM1Mn1Ow5PKX57OmbI4LX9N1iZovDKdS7h2NKdCmu_IcCCbamB32OI8CN8lT5QSl0X~nNxhFpfCwovvgWNQudb7Q2RN5O2Ue2kLBWgvuDn_tZS1ODfuw~1DW3x0aSvYWwofvNJMZmUSD~oV~HuQFMu_Ch8UCZyJhUQ0qAb6W4nOpxht4ph2ixgaTIBXNYtZtZIIoxHHJpTe2~AXkZNfZPNT559CE_jHvDjrElZuXHkXdKkoSVl7bOp0ygRdmxuoIfkV~_j2Dwr_yQ1MoO1ryTQV2aTqeJxTeLv3cFgV8-.jpg\"><\/picture>\t\t\t<\/figure>\n\t\t\t\t\t\t<span class=\"card-properties-ref position-absolute z-2 bottom-0 end-0 bg-white text-primary py-1 px-3 me-3\">\n\t\t\t\tPANR-16316\t\t\t<\/span>\n\t\t\t<button class=\"card-properties-portfolio d-flex align-items-center justify-content-center position-absolute z-3 end-0 text-white bg-primary me-3 border-0 px-0\" data-pfl-id=\"695118\" data-pfl-filter=\"sale\" aria-label=\"Add to portfolio\">\n\t\t\t\t<svg width=\"18\" fill=\"currentColor\" viewBox=\"0 0 512 512\">\n\t\t\t\t\t<use href=\"https:\/\/www.panoramamarbella.com\/wp-content\/themes\/panoramamarbella\/dist\/src\/images\/icons.svg#svgHeart\"><\/use>\n\t\t\t\t<\/svg>\n\t\t\t\t<svg width=\"18\" fill=\"currentColor\" viewBox=\"0 0 512 512\">\n\t\t\t\t\t<use href=\"https:\/\/www.panoramamarbella.com\/wp-content\/themes\/panoramamarbella\/dist\/src\/images\/icons.svg#svgHeartIn\"><\/use>\n\t\t\t\t<\/svg>\n\t\t\t<\/button>\n\t\t<\/div>\n\t\t\t\t<button\n\t\t\tclass=\"carousel-control-prev\"\n\t\t\ttype=\"button\"\n\t\t\tdata-bs-target=\"#carouselCardProperties-1-1\"\n\t\t\tdata-bs-slide=\"prev\">\n\t\t\t<span class=\"carousel-control-prev-icon\" aria-hidden=\"true\"><\/span>\n\t\t\t<span class=\"visually-hidden\">Pr\u00e9c\u00e9dent<\/span>\n\t\t<\/button>\n\t\t<button\n\t\t\tclass=\"carousel-control-next\"\n\t\t\ttype=\"button\"\n\t\t\tdata-bs-target=\"#carouselCardProperties-1-1\"\n\t\t\tdata-bs-slide=\"next\">\n\t\t\t<span class=\"carousel-control-next-icon\" aria-hidden=\"true\"><\/span>\n\t\t\t<span class=\"visually-hidden\">Suivant<\/span>\n\t\t<\/button>\n\t\t\t<\/div>\n\t<div class=\"d-flex flex-column h-100 px-3 py-4 shadow\">\n\t\t\t\t<h3 class=\"card-properties-title mb-3\">\n\t\t\t<a class=\"stretched-link\" href=\"\/fr\/proprietes\/marbella\/marbella-est\/la-finca-de-marbella\/villas-maisons-isolee\/PANR-16316\">\n\t\t\t\tVilla moderne avec vues spectaculaires sur la mer et la montagne \u00e0 La Finca de Marbella\t\t\t<\/a>\n\t\t<\/h3>\n\t\t<p class=\"mb-3 text-black-dark\">La Finca de Marbella, Marbella Est<\/p>\n\t\t\t\t\t\t<p class=\"card-properties-description mb-3\">\n\t\t\tImpressionnante villa au design contemporain situ\u00e9e \u00e0 La Finca de Marbella, une communaut\u00e9 ferm\u00e9e exclusive \u00e0 l\u2019est de Marbella avec s\u00e9curit\u00e9 nocturne. La propri\u00e9t\u00e9 dispose de 609 m\u00b2 construits sur un terrain de 652 m\u00b2&#8230;\t\t<\/p>\n\t\t\t\t<span class=\"card-properties-price mt-auto\">\n\t\t\t\n\t\t\t<span class=\"card-properties-price mt-auto\" data-original-price=\"3095000\">3\u202f095\u202f000\u00a0\u20ac<\/span>\n\t\t\t\t<\/span>\n\t\t\t\t<ul class=\"card-properties-features list-unstyled d-flex flex-wrap align-items-center gap-3 pt-3 border-top mt-3 mb-0\">\n\t\t\t<li class=\"d-flex align-items-center\">5 Chambres<\/li><li class=\"d-flex align-items-center\">5 Bains<\/li>\t\t\t\t<li class=\"d-flex align-items-center\">\n\t\t\t\t\t <span class=\"me-1\" data-original-value=\"609\" data-original-unit=\"m&#038;sup2\">609 m&sup2;<\/span>Total\t\t\t\t<\/li>\n\t\t\t\t\t\t\t<li class=\"d-flex align-items-center\">\n\t\t\t\t\t <span class=\"me-1\" data-original-value=\"652\" data-original-unit=\"m&#038;sup2\">652 m&sup2;<\/span>Terrain\t\t\t\t<\/li>\n\t\t\t\t\t\t\t\t<li class=\"d-flex align-items-center\">\n\t\t\t\t\t <span class=\"me-1\" data-original-value=\"400\" data-original-unit=\"m&#038;sup2\">400 m&sup2;<\/span>Construit\t\t\t\t<\/li>\n\t\t\t\t\t\t\t<li class=\"d-flex align-items-center\">\n\t\t\t\t\t <span class=\"me-1\" data-original-value=\"209\" data-original-unit=\"m&#038;sup2\">209 m&sup2;<\/span>Terrasses\t\t\t\t<\/li>\n\t\t\t\t\t<\/ul>\n\t\t\t<\/div>\n<\/article>\n\n\n<article class=\"col card-properties position-relative d-flex flex-column\">\n\t<div id=\"carouselCardProperties-1-2\" class=\"card-properties-images carousel slide carousel-fade lazy\" data-bs-ride=\"carousel\" data-bs-interval=\"200000\" data-id=\"693005\">\n\t\t<div class=\"carousel-inner\">\n\t\t\t<figure class=\"carousel-item mb-0 active ratio ratio-4x3\">\n\t\t\t\t<picture><source sizes=\"(max-width: 575px) calc(100vw - 24px), (max-width: 767px) 516px, (max-width: 991px) 696px, (max-width: 1199px) 296px, (max-width: 1399px) 356px, 400px\" width=\"696\" height=\"522\" srcset=\"https:\/\/media.panoramamarbella.com\/imgV1\/B95mbh8olwFQm~uCUaVOI2kQT0hb0a8sZ9turUNfnwtvuccYCzs0YVPfPbfkc2VnnN1JFDpkYaGfw1gJsS~5hOp6Va7l8qiXSigRxLaNuxD6YlUNlb9CuZrq~AQx7pYPCFVPBNpyX378yd_NQq5xkYxdsiQfxKXbyr0ytrL6Q4RI4FVuFoI3gpz_s1htrTYxZufXidr0_DOej0dHrGOWGSDCBuQcoWSih5CzeI32T8Yx~OKmgDSXoJEF8G~TRYIuU_nYqaxc7AtEvGkZy8YMB3MwWR3nT4tXFJb8whYQOb69PFlblwBNb0Q0fFEe41uRSgKnxV67MlooAvX~Kd58_60eF_5hSWx8g~fPUmKz0PAV06ao86uTISAmUe4zd7MyGVHD3TOaDy4Aa6MotadfbBNm2SGYE~JjU3vKI32KVN2WmqsV0BMSOmESmv4Sgn3m9MrVioV17LJu2m9FWFOC.webp 696w,https:\/\/media.panoramamarbella.com\/imgV1\/B95mbh8olwFQm~uCUaVOI2kQT0hb0a8sZ9turUNfnwtvuccYCzs0YVPfPbfkc2VnnN1JFDpkYaGfw1gJsS~5hOp6Va7l8qiXSigRxLaNuxD6YlUNlb9CuZrq~AQx7pYPCFVPBNpyX378yd_NQq5xkYxdsiQfxKXbyr0ytrL6QQ2eHZ3fEkH4dLMi6bnpwUQ0zgRpGhsH5Vh8ibDYM6oOcvfByVrHNQaWEqPTXPdNAisGlNTzMt5sl5t2fwaSDjmrWqkdNDGVwQ0b5cNwirkwt3~Ev~qEV9GyuZ1Gn1yfT~O6gZDC2dX8plIJRCZlf0k4LI_ijBWAMR0YIRXwL~HSt86w9zLnqxIlxR61Nl80HModbRJRviLuSqsDtvvKy2VhtYTAYtVj~5PD~JfhS0LrQD1pCjmVvYzPmodyPyoiKId4m5h9kHaORV7_WDvzEcj8u2WRLhihIISI8wrGplw4.webp 400w\" type=\"image\/webp\"><img decoding=\"async\" class=\"position-absolute w-100 h-100 object-fit-cover\" alt=\"Appartement triplex avec piscine priv\u00e9e et vue sur la mer \u00e0 Benal\u00fas, sur le Golden Mile\" loading=\"lazy\" width=\"696\" height=\"522\" src=\"https:\/\/media.panoramamarbella.com\/imgV1\/B95mbh8olwFQm~uCUaVOI2kQT0hb0a8sZ9turUNfnwtvuccYCzs0YVPfPbfkc2VnnN1JFDpkYaGfw1gJsS~5hOp6Va7l8qiXSigRxLaNuxD6YlUNlb9CuZrq~AQx7pYPCFVPBNpyX378yd_NQq5xkYxdsiQfxKXbyr0ytrL6Q4RI4FVuFoI3gpz_s1hts5WnJWOpQZ4c7tAi72BINNZvISz491l04SlHZf5tQfBP9PpCt5CQSPkrqCd6jsoDQQDz8GXao_8yCVVr83~ZlZ5KVpdWgTm7YVsg6YFCKkbtTat96mlsGHbDXvFeLVU8tW7bLt02ZgppVC9RLQAWpSPdU~WPPLyPAdSP3CZ6issdhoSK32iJJyGCZjPw44vGx9A1oTvwmniLcczJ6IfP0BwhsBcGA~3YDPzEF6jOyTPmGtjQeD2pZztdtyOw6kI-.jpg\"><\/picture>\t\t\t<\/figure>\n\t\t\t\t\t\t<span class=\"card-properties-ref position-absolute z-2 bottom-0 end-0 bg-white text-primary py-1 px-3 me-3\">\n\t\t\t\tPANR-16292\t\t\t<\/span>\n\t\t\t<button class=\"card-properties-portfolio d-flex align-items-center justify-content-center position-absolute z-3 end-0 text-white bg-primary me-3 border-0 px-0\" data-pfl-id=\"693005\" data-pfl-filter=\"sale\" aria-label=\"Add to portfolio\">\n\t\t\t\t<svg width=\"18\" fill=\"currentColor\" viewBox=\"0 0 512 512\">\n\t\t\t\t\t<use href=\"https:\/\/www.panoramamarbella.com\/wp-content\/themes\/panoramamarbella\/dist\/src\/images\/icons.svg#svgHeart\"><\/use>\n\t\t\t\t<\/svg>\n\t\t\t\t<svg width=\"18\" fill=\"currentColor\" viewBox=\"0 0 512 512\">\n\t\t\t\t\t<use href=\"https:\/\/www.panoramamarbella.com\/wp-content\/themes\/panoramamarbella\/dist\/src\/images\/icons.svg#svgHeartIn\"><\/use>\n\t\t\t\t<\/svg>\n\t\t\t<\/button>\n\t\t<\/div>\n\t\t\t\t<button\n\t\t\tclass=\"carousel-control-prev\"\n\t\t\ttype=\"button\"\n\t\t\tdata-bs-target=\"#carouselCardProperties-1-2\"\n\t\t\tdata-bs-slide=\"prev\">\n\t\t\t<span class=\"carousel-control-prev-icon\" aria-hidden=\"true\"><\/span>\n\t\t\t<span class=\"visually-hidden\">Pr\u00e9c\u00e9dent<\/span>\n\t\t<\/button>\n\t\t<button\n\t\t\tclass=\"carousel-control-next\"\n\t\t\ttype=\"button\"\n\t\t\tdata-bs-target=\"#carouselCardProperties-1-2\"\n\t\t\tdata-bs-slide=\"next\">\n\t\t\t<span class=\"carousel-control-next-icon\" aria-hidden=\"true\"><\/span>\n\t\t\t<span class=\"visually-hidden\">Suivant<\/span>\n\t\t<\/button>\n\t\t\t<\/div>\n\t<div class=\"d-flex flex-column h-100 px-3 py-4 shadow\">\n\t\t\t\t<h3 class=\"card-properties-title mb-3\">\n\t\t\t<a class=\"stretched-link\" href=\"\/fr\/proprietes\/marbella\/marbella-golden-mile\/benalus\/appartements-habitats\/PANR-16292\">\n\t\t\t\tAppartement triplex avec piscine priv\u00e9e et vue sur la mer \u00e0 Benal\u00fas, sur le Golden Mile\t\t\t<\/a>\n\t\t<\/h3>\n\t\t<p class=\"mb-3 text-black-dark\">Benal\u00fas, Marbella Golden Mile<\/p>\n\t\t\t\t\t\t<p class=\"card-properties-description mb-3\">\n\t\t\tSitu\u00e9 le long de l\u2019embl\u00e9matique Golden Mile de Marbella, Benal\u00fas est une enclave r\u00e9sidentielle exclusive qui allie \u00e0 la perfection \u00e9l\u00e9gance architecturale contemporaine et emplacement d\u2019exception \u00e0 c\u00f4t\u00e9 du prestigieux secteur Puente Romano. Compos\u00e9e de&#8230;\t\t<\/p>\n\t\t\t\t<span class=\"card-properties-price mt-auto\">\n\t\t\t\n\t\t\t<span class=\"card-properties-price mt-auto\" data-original-price=\"4450000\">4\u202f450\u202f000\u00a0\u20ac<\/span>\n\t\t\t\t<\/span>\n\t\t\t\t<ul class=\"card-properties-features list-unstyled d-flex flex-wrap align-items-center gap-3 pt-3 border-top mt-3 mb-0\">\n\t\t\t<li class=\"d-flex align-items-center\">4 Chambres<\/li><li class=\"d-flex align-items-center\">4 Bains<\/li>\t\t\t\t<li class=\"d-flex align-items-center\">\n\t\t\t\t\t <span class=\"me-1\" data-original-value=\"748\" data-original-unit=\"m&#038;sup2\">748 m&sup2;<\/span>Total\t\t\t\t<\/li>\n\t\t\t\t\t\t\t<li class=\"d-flex align-items-center\">\n\t\t\t\t\t <span class=\"me-1\" data-original-value=\"157\" data-original-unit=\"m&#038;sup2\">157 m&sup2;<\/span>Terrain\t\t\t\t<\/li>\n\t\t\t\t\t\t\t\t<li class=\"d-flex align-items-center\">\n\t\t\t\t\t <span class=\"me-1\" data-original-value=\"482\" data-original-unit=\"m&#038;sup2\">482 m&sup2;<\/span>Construit\t\t\t\t<\/li>\n\t\t\t\t\t\t\t<li class=\"d-flex align-items-center\">\n\t\t\t\t\t <span class=\"me-1\" data-original-value=\"266\" data-original-unit=\"m&#038;sup2\">266 m&sup2;<\/span>Terrasses\t\t\t\t<\/li>\n\t\t\t\t\t<\/ul>\n\t\t\t<\/div>\n<\/article>\n\t\t\t<\/div>\n\t\t\t<ul class=\"mw-100 d-flex flex-column flex-lg-row flex-lg-wrap justify-content-center gap-3 list-unstyled mt-5 mb-0\">\n    <li><a class=\"btn btn-primary w-100 px-4 py-2\" href=\"https:\/\/www.panoramamarbella.com\/fr\/proprietes\/marbella\">Properties for sale in Marbella<\/a><\/li><\/ul>\n\t\t<\/section>\n\t\t","protected":false},"excerpt":{"rendered":"<p>Que vous soyez un amateur de vin exp\u00e9riment\u00e9 ou au d\u00e9but de votre d\u00e9couverte, Marbella a quelque chose \u00e0 offrir \u00e0 tous les palais<\/p>\n","protected":false},"author":7,"featured_media":14400,"comment_status":"closed","ping_status":"closed","sticky":false,"template":"","format":"standard","meta":{"_acf_changed":false,"footnotes":""},"categories":[41],"tags":[],"class_list":["post-37717","post","type-post","status-publish","format-standard","has-post-thumbnail","hentry","category-style-de-vie-a-marbella"],"acf":[],"_links":{"self":[{"href":"https:\/\/www.panoramamarbella.com\/fr\/wp-json\/wp\/v2\/posts\/37717","targetHints":{"allow":["GET"]}}],"collection":[{"href":"https:\/\/www.panoramamarbella.com\/fr\/wp-json\/wp\/v2\/posts"}],"about":[{"href":"https:\/\/www.panoramamarbella.com\/fr\/wp-json\/wp\/v2\/types\/post"}],"author":[{"embeddable":true,"href":"https:\/\/www.panoramamarbella.com\/fr\/wp-json\/wp\/v2\/users\/7"}],"replies":[{"embeddable":true,"href":"https:\/\/www.panoramamarbella.com\/fr\/wp-json\/wp\/v2\/comments?post=37717"}],"version-history":[{"count":1,"href":"https:\/\/www.panoramamarbella.com\/fr\/wp-json\/wp\/v2\/posts\/37717\/revisions"}],"predecessor-version":[{"id":38135,"href":"https:\/\/www.panoramamarbella.com\/fr\/wp-json\/wp\/v2\/posts\/37717\/revisions\/38135"}],"wp:featuredmedia":[{"embeddable":true,"href":"https:\/\/www.panoramamarbella.com\/fr\/wp-json\/wp\/v2\/media\/14400"}],"wp:attachment":[{"href":"https:\/\/www.panoramamarbella.com\/fr\/wp-json\/wp\/v2\/media?parent=37717"}],"wp:term":[{"taxonomy":"category","embeddable":true,"href":"https:\/\/www.panoramamarbella.com\/fr\/wp-json\/wp\/v2\/categories?post=37717"},{"taxonomy":"post_tag","embeddable":true,"href":"https:\/\/www.panoramamarbella.com\/fr\/wp-json\/wp\/v2\/tags?post=37717"}],"curies":[{"name":"wp","href":"https:\/\/api.w.org\/{rel}","templated":true}]}}