{"id":37752,"date":"2026-03-11T10:00:00","date_gmt":"2026-03-11T09:00:00","guid":{"rendered":"https:\/\/www.panoramamarbella.com\/?p=37752"},"modified":"2026-03-19T12:56:11","modified_gmt":"2026-03-19T11:56:11","slug":"teletravailler-a-marbella","status":"publish","type":"post","link":"https:\/\/www.panoramamarbella.com\/fr\/news\/teletravailler-a-marbella","title":{"rendered":"Pourquoi Marbella est id\u00e9ale pour le t\u00e9l\u00e9travail en Europe"},"content":{"rendered":"\n\n<h2 class=\"wp-block-heading\">Si vous pouvez t\u00e9l\u00e9travailler depuis n\u2019importe o\u00f9, pourquoi Marbella ?<\/h2>\n\n\n<div class=\"lead\"><p>Sans avoir besoin de vivre \u00e0 proximit\u00e9 des centres de bureaux traditionnels, les professionnels en t\u00e9l\u00e9travail se trouvent face \u00e0 un choix privil\u00e9gi\u00e9, et l\u2019Espagne a rendu cette d\u00e9cision particuli\u00e8rement simple.<\/p>\n<p>Ces derni\u00e8res ann\u00e9es, nous avons constat\u00e9 une hausse progressive du nombre de professionnels travaillant \u00e0 distance depuis Marbella. De plus en plus de personnes ne d\u00e9pendent plus d\u2019un seul lieu de bureau, tandis que leurs entreprises op\u00e8rent au-del\u00e0 des fronti\u00e8res, que leurs \u00e9quipes sont r\u00e9parties dans diff\u00e9rents pays et que le travail hybride ou enti\u00e8rement \u00e0 distance est d\u00e9sormais devenu une pratique courante \u00e0 travers toute l\u2019Europe.<\/p>\n<\/div>\n\n\n<ul class=\"table-index list-unstyled p-4 p-lg-5 ms-0 bg-light\"><li class=\"text-uppercase fw-bold mb-3\">Table des mati\u00e8res<\/li><li><a href=\"#si+vous+pouvez+teletravailler+depuis+nimporte+ou+pourquoi+marbella+\">\nSi vous pouvez t\u00e9l\u00e9travailler depuis n\u2019importe o\u00f9, pourquoi Marbella ?\n<\/a><\/li>\n<li><a href=\"#les+dernieres+donnees\">\nLes derni\u00e8res donn\u00e9es\n<\/a><\/li>\n<li><a href=\"#lespagne+a+facilite+les+choses\">\nL\u2019Espagne a facilit\u00e9 les choses\n<\/a><\/li>\n<li><a href=\"#marbella+est+une+base+europeenne+pratique+dans+un+cadre+mediterraneen+de+reve\">\nMarbella est une base europ\u00e9enne pratique dans un cadre m\u00e9diterran\u00e9en de r\u00eave\n<\/a><\/li>\n<li><a href=\"#vous+envisagez+de+vous+installer+a+marbella+\">\nVous envisagez de vous installer \u00e0 Marbella ?\n<\/a><\/li><\/ul>\n\n\n\t<figure class=\"wp-caption aligncenter wp-block-acf-wpimage\">\n\t<picture><source width=\"900\" height=\"600\" srcset=\"https:\/\/media.panoramamarbella.com\/imgV1\/B95mbh8olwFQm~uCT2wPZMb8hll4wghQQQq6YWg0~c~U_DrmgY8pGP8pqaDzA6mvjyI_OPtcrHD_aKxAUQWwUa3uDFYpJKRNHwc45ztfp_OK01SO7KJ_HDPnINEa5rTDCiTOo6hGpxGEApYOWRld~w2Tbky9gV01qzqNmwxPUL7NgXtX1jJhP3rd3BUG3xxbIFQ~_5WhiGZYZe9cXnejmrg-.webp 900w\" type=\"image\/webp\"><img decoding=\"async\" class=\"img-fluid\" loading=\"lazy\" width=\"900\" height=\"600\" alt=\"Une femme savourant un caf\u00e9 sur une terrasse avec vue sur la mer, avec un ordinateur portable au lever du soleil, illustrant le style de vie d\u00e9tendu de Marbella, propice au travail depuis n\u2019importe o\u00f9.\" src=\"https:\/\/media.panoramamarbella.com\/imgV1\/B95mbh8olwFQm~uCT2wPZMb8hll4wghQQQq6YWg0~c~U_DrmgY8pGP8pqaDzA6mvjyI_OPtcrHD_aKxAUQWwUa3uDFYpJKRNHwc45ztfp_OK01SO7KJ_HDPnINEa5rTDCiTOo6hGpxGEApYOWRld~w2Tbky9gV01qzqNmwxRhByIKRh~Nn01w162H7iB6g--.jpg\"><\/picture>\t\t\t<figcaption class=\"wp-caption-text\">\n\t\tL\u2019Espagne a facilit\u00e9 la possibilit\u00e9 de s\u2019installer en tant que t\u00e9l\u00e9travailleur ou \u00ab nomade digital \u00bb\t\t<\/figcaption>\n\t\t\t<\/figure>\n\t\n\n\n<h2 class=\"wp-block-heading\">Les derni\u00e8res donn\u00e9es<\/h2>\n\n\n\n<p>Dans l\u2019ensemble de l\u2019Union europ\u00e9enne, environ 22 % des personnes en emploi ont travaill\u00e9 depuis leur domicile au moins une partie du temps en 2023, selon les <a href=\"https:\/\/ec.europa.eu\/eurostat\/databrowser\/view\/lfsa_ehomp__custom_12158505\/default\/table?utm\" target=\"_blank\" rel=\"noreferrer noopener nofollow\">derni\u00e8res donn\u00e9es d\u2019Eurostat<\/a> sur les personnes occupant un emploi et travaillant \u00e0 domicile selon leur statut professionnel.<\/p>\n\n\n\n<p>En Espagne, les statistiques officielles de l\u2019<a href=\"https:\/\/www.ine.es\/dynt3\/inebase\/en\/index.htm?padre=8335&amp;utm\" target=\"_blank\" rel=\"noreferrer noopener nofollow\">INE<\/a> sur le travail \u00e0 distance montrent que le t\u00e9l\u00e9travail reste une composante stable du march\u00e9 du travail, avec des donn\u00e9es d\u00e9taill\u00e9es selon le profil d\u00e9mographique et le type d\u2019activit\u00e9.<\/p>\n\n\n\n<p>Les donn\u00e9es de l\u2019<a href=\"https:\/\/www.ons.gov.uk\/employmentandlabourmarket\/peopleinwork\/employmentandemployeetypes\/articles\/whohasaccesstohybridworkingreatbritain\/2025-06-11?utm\" target=\"_blank\" rel=\"noreferrer noopener nofollow\">Office for National Statistics<\/a> du Royaume-Uni montrent que le travail hybride reste pleinement ancr\u00e9 dans les pratiques professionnelles, avec plus d\u2019un quart des travailleurs concern\u00e9s par des modalit\u00e9s hybrides au d\u00e9but de l\u2019ann\u00e9e 2025.<\/p>\n\n\n\t<figure class=\"wp-caption aligncenter wp-block-acf-wpimage\">\n\t<picture><source width=\"900\" height=\"545\" srcset=\"https:\/\/media.panoramamarbella.com\/imgV1\/B95mbh8olwFQm~uCT2wPZMb8hll4wghQQQq6YWg0~c~U_DrmgY8pGP8pqaDzA6mvjyI_OPtcrHD_aKxAUQWwUa4ymleJao9Z3HPbthT7FIs96fHaV14oOYSi3UyUI~cVURm74NLBg59AHiVrjfPw5ou9jQqR~XwZCdTeMUXXDWeVbW6C12Jw7tBX8g5WrxeA659ht64XNE1_MIPuh71wejs-.webp 900w\" type=\"image\/webp\"><img decoding=\"async\" class=\"img-fluid\" loading=\"lazy\" width=\"900\" height=\"545\" alt=\"Illustration d\u2019un r\u00e9seau num\u00e9rique mondial avec des ic\u00f4nes d\u2019utilisateurs connect\u00e9s sur une carte du monde, repr\u00e9sentant le travail \u00e0 distance, la connectivit\u00e9 internationale et une activit\u00e9 professionnelle ind\u00e9pendante du lieu.\" src=\"https:\/\/media.panoramamarbella.com\/imgV1\/B95mbh8olwFQm~uCT2wPZMb8hll4wghQQQq6YWg0~c~U_DrmgY8pGP8pqaDzA6mvjyI_OPtcrHD_aKxAUQWwUa4ymleJao9Z3HPbthT7FIs96fHaV14oOYSi3UyUI~cVURm74NLBg59AHiVrjfPw5ou9jQqR~XwZCdTeMUXJ37sTeQQ_29mCEMa1TiHIHw--.jpg\"><\/picture>\t\t\t<figcaption class=\"wp-caption-text\">\n\t\tDans l\u2019Union europ\u00e9enne, plus de 22 % des travailleurs t\u00e9l\u00e9travaillent\t\t<\/figcaption>\n\t\t\t<\/figure>\n\t\n\n\n<h2 class=\"wp-block-heading\">L\u2019Espagne a facilit\u00e9 les choses<\/h2>\n\n\n\n<p>Parall\u00e8lement aux \u00e9volutions plus larges des modes de travail \u00e0 travers l\u2019Europe, l\u2019Espagne a instaur\u00e9 en 2023 un cadre juridique clair pour les professionnels travaillant \u00e0 distance : le visa pour nomades digitaux. Dans le cadre de sa loi sur les start-ups, ce visa permet aux ressortissants non membres de l\u2019UE qui travaillent \u00e0 distance pour des entreprises bas\u00e9es hors d\u2019Espagne de r\u00e9sider dans le pays.<\/p>\n\n\n\n<p>Ce visa formalise une r\u00e9alit\u00e9 qui avait d\u00e9j\u00e0 commenc\u00e9 \u00e0 s\u2019imposer naturellement. Les professionnels dissociaient d\u00e9sormais l\u2019endroit o\u00f9 ils gagnent leur vie de celui o\u00f9 ils choisissent de vivre, et l\u2019Espagne a su se positionner pour r\u00e9pondre \u00e0 cette nouvelle organisation.<\/p>\n\n\n\n<p>Pour les citoyens de l\u2019UE, la libert\u00e9 de circulation facilite d\u00e9j\u00e0 l\u2019installation. Pour les ressortissants hors UE, le visa pour nomades digitaux a apport\u00e9 s\u00e9curit\u00e9 et clart\u00e9. Le r\u00e9sultat n\u2019est pas une vague de nomades de passage, mais une int\u00e9gration progressive de professionnels \u00e0 mobilit\u00e9 internationale dans des march\u00e9s \u00e9tablis comme Marbella.<\/p>\n\n\n\t<figure class=\"wp-caption aligncenter wp-block-acf-wpimage\">\n\t<picture><source width=\"900\" height=\"600\" srcset=\"https:\/\/media.panoramamarbella.com\/imgV1\/B95mbh8olwFQm~uCT2wPZMb8hll4wghQQQq6YWg0~c~U_DrmgY8pGP8pqaDzA6mvjyI_OPtcrHD_aKxAUQWwUa_KxxG60KGW8xfS6j1ToXi15sEW23joJgGkpR2LuGT6Lox3BXb~RRvQL8pGpev2VXvrUTXRlbULHQqFcl9nQz9iDAGtQzeDX1RFrDTNWCCKdMv7bHMlghXq2Gv95D8VYm4-.webp 900w\" type=\"image\/webp\"><img decoding=\"async\" class=\"img-fluid\" loading=\"lazy\" width=\"900\" height=\"600\" alt=\"Vue depuis le hublot d\u2019un avion au coucher du soleil, avec l\u2019aile au-dessus du littoral, symbolisant la facilit\u00e9 des voyages internationaux et l\u2019accessibilit\u00e9 mondiale de Marbella.\" src=\"https:\/\/media.panoramamarbella.com\/imgV1\/B95mbh8olwFQm~uCT2wPZMb8hll4wghQQQq6YWg0~c~U_DrmgY8pGP8pqaDzA6mvjyI_OPtcrHD_aKxAUQWwUa_KxxG60KGW8xfS6j1ToXi15sEW23joJgGkpR2LuGT6Lox3BXb~RRvQL8pGpev2VXvrUTXRlbULHQqFcl95JzWvPENSoKx45IB0uq1nRw--.jpg\"><\/picture>\t\t\t<figcaption class=\"wp-caption-text\">\n\t\tAvec le \u00ab visa pour nomades digitaux \u00bb, s\u2019installer devient simple aussi bien pour les ressortissants non membres de l\u2019UE que pour les citoyens de l\u2019UE\t\t<\/figcaption>\n\t\t\t<\/figure>\n\t\n\n<article class=\"col w-100 position-relative mb-5 wp-block-acf-banner\">\n    <div class=\"d-flex flex-wrap flex-column flex-xl-row align-items-start align-items-xl-end gap-4 w-100 bg-secondary text-white p-4\">\n        <div class=\"d-flex flex-column\">\n\t\t\t            <a href=\"https:\/\/www.panoramamarbella.com\/fr\/bulletin-information-sur-immobilier\" class=\"stretched-link text-white text-decoration-none\" title=\"Vous aimez ce que vous lisez?\">\n\t\t\t\t<h2 class=\"text-white mb-3\">Vous aimez ce que vous lisez?<\/h2>            <\/a>\n\t\t\t            <p class=\"mb-0\">\n                Abonnez-vous \u00e0 notre newsletter pour des articles captivants, du contenu exclusif et les derni\u00e8res actualit\u00e9s.            <\/p>\n\t\t\t        <\/div>\n\t\t        <span class=\"btn btn-outline-light ms-xl-auto\">Bulletin Panorama<\/span>\n\t\t    <\/div>\n<\/article>\n\n\n\n\n<h2 class=\"wp-block-heading\">Marbella est une base europ\u00e9enne pratique dans un cadre m\u00e9diterran\u00e9en de r\u00eave<\/h2>\n\n\n\n<p>Marbella b\u00e9n\u00e9ficie en moyenne d\u2019environ 320 jours d\u2019ensoleillement par an, avec des temp\u00e9ratures diurnes en hiver g\u00e9n\u00e9ralement comprises entre 17 et 19 \u00b0C. Le sud de l\u2019Espagne reste l\u2019une des r\u00e9gions les plus ensoleill\u00e9es d\u2019Europe, et Marbella s\u00e9duit tout particuli\u00e8rement gr\u00e2ce \u00e0 son microclimat unique, d\u00fb \u00e0 la protection de la Sierra Blanca, la cha\u00eene de montagnes qui dessine son horizon.<\/p>\n\n\n\n<p>Bien entendu, une d\u00e9cision de s\u2019installer ailleurs ne d\u00e9pend pas seulement de ce qu\u2019un lieu inspire, mais aussi de son c\u00f4t\u00e9 pratique pour y vivre et y travailler. L\u2019Espagne obtient r\u00e9guli\u00e8rement de bons r\u00e9sultats dans les classements internationaux en mati\u00e8re de sant\u00e9 et d\u2019esp\u00e9rance de vie. Sur la Costa del Sol, les services m\u00e9dicaux, publics comme priv\u00e9s, sont bien \u00e9tablis. (Pour en savoir plus sur les soins de <a href=\"https:\/\/www.panoramamarbella.com\/fr\/news\/hopitaux-a-marbella\" data-type=\"post\" data-id=\"39915\">H\u00f4pitaux \u00e0 Marbella et sur la Costa del Sol<\/a>).<\/p>\n\n\n\t<figure class=\"wp-caption aligncenter wp-block-acf-wpimage\">\n\t<picture><source width=\"900\" height=\"600\" srcset=\"https:\/\/media.panoramamarbella.com\/imgV1\/B95mbh8olwFQm~uCT2wPZMb8hll4wghQQQq6YWg0~c~U_DrmgY8pGP8pqaDzA6mvjyI_OPtcrHD_aKxAUQWwUah50APKguZf46qWm4VguLW9RJi5n0S5gfZxwTsDD2NHE4J~Aig3~ns7rlolxG52yuw4Q8nFFVbLxTz4f3_9YLgCIY_pUPc3RqeqvewAoqoJgucatxnEgtNvEkLJBIkkDQY-.webp 900w\" type=\"image\/webp\"><img decoding=\"async\" class=\"img-fluid\" loading=\"lazy\" width=\"900\" height=\"600\" alt=\"Une femme se d\u00e9tendant sur une terrasse ensoleill\u00e9e, \u00e0 c\u00f4t\u00e9 d\u2019un ordinateur portable et de palmiers, refl\u00e9tant l\u2019\u00e9quilibre qu\u2019offre Marbella entre t\u00e9l\u00e9travail et art de vivre en plein air.\" src=\"https:\/\/media.panoramamarbella.com\/imgV1\/B95mbh8olwFQm~uCT2wPZMb8hll4wghQQQq6YWg0~c~U_DrmgY8pGP8pqaDzA6mvjyI_OPtcrHD_aKxAUQWwUah50APKguZf46qWm4VguLW9RJi5n0S5gfZxwTsDD2NHE4J~Aig3~ns7rlolxG52yuw4Q8nFFVbLxTz4f3_jjrPZIcj5PQaCQ2ss31LE1g--.jpg\"><\/picture>\t\t\t<figcaption class=\"wp-caption-text\">\n\t\tLes r\u00e9seaux de fibre optique \u00e0 haut d\u00e9bit de Marbella r\u00e9pondent aux exigences pratiques du t\u00e9l\u00e9travail\t\t<\/figcaption>\n\t\t\t<\/figure>\n\t\n\n\n<p>L\u2019infrastructure num\u00e9rique est tout aussi fiable. Les r\u00e9seaux de fibre optique \u00e0 haut d\u00e9bit sont largement d\u00e9ploy\u00e9s \u00e0 Marbella, r\u00e9pondant pleinement aux besoins pratiques du travail hybride et enti\u00e8rement \u00e0 distance. <a href=\"https:\/\/www.aena.es\/en\/malaga-costa-del-sol.html\" target=\"_blank\" rel=\"noreferrer noopener nofollow\">L\u2019a\u00e9roport de Malaga-Costa del Sol<\/a>, situ\u00e9 \u00e0 seulement 45 minutes de Marbella, continue d\u2019offrir une vaste connectivit\u00e9 europ\u00e9enne, permettant aux professionnels de rester \u00e9troitement li\u00e9s aux principaux centres d\u2019affaires tout en profitant d\u2019une grande qualit\u00e9 de vie sur la c\u00f4te m\u00e9diterran\u00e9enne.<\/p>\n\n\n\n<p>Pour de nombreux professionnels b\u00e9n\u00e9ficiant d\u2019une r\u00e9elle flexibilit\u00e9 g\u00e9ographique, il ne s\u2019agit pas seulement d\u2019un choix de style de vie, mais d\u2019une d\u00e9cision m\u00fbrement r\u00e9fl\u00e9chie.<\/p>\n\n\n\n<p>Si vous souhaitez en savoir plus sur les raisons pour lesquelles Marbella est l\u2019endroit id\u00e9al pour t\u00e9l\u00e9travailler, <a href=\"https:\/\/www.panoramamarbella.com\/fr\/news\/marbella-parfait-travail-a-distance\">cliquez ici<\/a>.<\/p>\n\n\n\n<h2 class=\"wp-block-heading\">Vous envisagez de vous installer \u00e0 Marbella ?<\/h2>\n\n\n\n<p>Depuis plus de 55 ans, PANORAMA conseille des acheteurs internationaux sur la Costa del Sol. Des locations haut de gamme \u00e0 l\u2019acquisition de biens immobiliers, nous offrons un accompagnement expert, adapt\u00e9 \u00e0 vos projets.<\/p>\n\n\n\n<p>Contactez-nous d\u00e8s aujourd\u2019hui sur WhatsApp : (+34) 952 822 111 ou envoyez-nous un e-mail \u00e0 l\u2019adresse suivante : info@panorama.es<\/p>\n\n\n\n<div class=\"contact-only bg-light wp-block-acf-contactform\">\n\t\t<div class=\"position-relative\">\n\t\t<span id=\"inm-contact-form\" class=\"position-absolute\" style=\"top:-130px\"><\/span>\n\t<\/div>\n\t\t\n\t\t<script src=\"https:\/\/www.google.com\/recaptcha\/api.js?render=6LeWOaYZAAAAAGZM7q40J51QMau9I_gs19mp9lZJ&#038;hl=fr\"><\/script>\n\t\n<form id=\"contact_form_1\" class=\"needs-validation h-100 d-flex flex-column p-4 p-md-5\" data-contact=\"contact_form_1\" action=\"localhost\" method=\"POST\" novalidate>\n\t<strong class=\"h3 align-self-start\">Votre nouveau chez-vous vous attend. Contactez-nous d\u00e8s aujourd\u2019hui<\/strong><p class=\"mb-5\">Marbella offre une nouvelle g\u00e9n\u00e9ration de logements. Si vous souhaitez acqu\u00e9rir un bien immobilier, notre \u00e9quipe est pr\u00eate \u00e0 vous accompagner.<\/p>\t<span id=\"contact_form_1-result\" data-stext=\"source\" data-source=\"contact\"><\/span>\n\t<input type=\"hidden\" name=\"success\" value=\"\/fr\/success?source=info\" \/>\n\t<input type=\"hidden\" name=\"lang\" value=\"fr\" \/>\n\t<input type=\"hidden\" name=\"agency\" value=\"399\" \/>\n\t<input type=\"hidden\" name=\"recipient\" value=\"info\" \/>\n\t<input type=\"hidden\" name=\"source\" value=\"https:\/\/www.panoramamarbella.com\/fr\/wp-json\/wp\/v2\/posts\/37752\" \/>\n\t<input type=\"hidden\" name=\"subject\" value=\"Information Request (FR)\" \/>\n\t\t\t<input type=\"hidden\" name=\"origin\" value=\"Pourquoi Marbella est id\u00e9ale pour le t\u00e9l\u00e9travail en Europe\" \/>\n\t\t<div class=\"row g-3\">\n\t\t<div class=\"col-md-6\">\n\t\t\t<label class=\"form-label\" for=\"name\">Pr\u00e9nom*<\/label>\n\t\t\t<input id=\"name\" name=\"name\" type=\"text\" class=\"form-control\" autocomplete=\"off\" required data-error=\"Nom requis\">\n\t\t<\/div>\n\t\t<div class=\"col-md-6\">\n\t\t\t<label class=\"form-label\" for=\"name\">Nom de famille*<\/label>\n\t\t\t<input id=\"lastname\" name=\"lastname\" type=\"text\" class=\"form-control\" autocomplete=\"off\" required data-error=\"Nom de famille\">\n\t\t<\/div>\n\t\t<div class=\"col-12\">\n\t\t\t<label class=\"form-label\" for=\"email\">E-mail*<\/label>\n\t\t\t<input id=\"email\" name=\"email\" type=\"email\" class=\"form-control\" autocomplete=\"off\" required data-error=\"E-mail requis\">\n\t\t<\/div>\n\t\t\t\t<div class=\"col-md-6\">\n\t\t\t<label class=\"form-label\" for=\"phone\">Num\u00e9ro de t\u00e9l\u00e9phone <small><\/small><\/label>\n\t\t\t<input id=\"phone\" name=\"intphone\" type=\"tel\" class=\"form-control\" autocomplete=\"off\" placeholder=\"T\u00e9l\u00e9phone\" required data-error=\"Les num\u00e9ros de t\u00e9l\u00e9phone doivent comporter entre 8 et 20 chiffres\" pattern=\"(?:\\d\\s*){4,}\">\n\t\t<\/div>\n\t\t<div class=\"col-md-6\">\n\t\t\t<label class=\"form-label\">Meilleur moment pour appeler <small><\/small><\/label>\n\t\t\t<select class=\"form-select\" name=\"time\">\n\t\t\t\t<option selected>\u00c0 tout moment<\/option>\n\t\t\t\t<option value=\"1\">Le matin<\/option>\n\t\t\t\t<option value=\"2\">L&rsquo;apr\u00e8s-midi<\/option>\n\t\t\t\t<option value=\"3\">Le soir<\/option>\n\t\t\t<\/select>\n\t\t<\/div>\n\t\t<div class=\"col-12\">\n\t\t\t<label for=\"address\" class=\"form-label\">Adresse <small><\/small><\/label>\n\t\t\t<input id=\"address\" name=\"address\" type=\"text\" class=\"form-control\" \/>\n\t\t<\/div>\n\t\t<div class=\"col-12\">\n\t\t\t<label for=\"formComment\" class=\"form-label\">Message<\/label>\n\t\t\t<textarea class=\"form-control\" placeholder=\"Laissez un commentaire ici\" name=\"comment\" id=\"formComment\" maxlength=\"8000\" rows=\"5\"><\/textarea>\n\t\t<\/div>\n\t\t\t\t<div class=\"col-12\">\n\t\t\t<div class=\"form-check\">\n\t\t\t\t<input type=\"checkbox\" class=\"form-check-input\" id=\"contact_form_1-customCheck1\" name=\"privacy_policy\" required data-error=\"Champ obligatoire\">\n\t\t\t\t<label class=\"form-check-label\" for=\"contact_form_1-customCheck1\">J&rsquo;accepte le <a target=\"_blank\" class=\"text-decoration-none\" href=\"https:\/\/www.panoramamarbella.com\/privacy-policy\">Conditions g\u00e9n\u00e9rales d&rsquo;utilisation<\/a><\/label>\n\t\t\t<\/div>\n\t\t\t<div class=\"form-check\">\n\t\t\t\t<input type=\"checkbox\" class=\"form-check-input\" id=\"contact_form_1-customCheck2\" name=\"commercial_information\">\n\t\t\t\t<label class=\"form-check-label\" for=\"contact_form_1-customCheck2\">J&rsquo;accepte de recevoir des communications de Panorama<\/label>\n\t\t\t<\/div>\n\t\t<\/div>\n\t<\/div>\n\t<button data-ids=\"contact_form_1\" data-lang=\"fr\" data-sitekey=\"6LeWOaYZAAAAAGZM7q40J51QMau9I_gs19mp9lZJ\" class=\"align-self-start btn btn-primary px-4 py-2 mt-4 g-recaptcha\" role=\"button\" aria-label=\"Send\">Envoyer<\/button>\n<\/form><\/div>\n\n\n\n\n\t\t<section class=\"container wp-block-acf-inmpropselection\">\n\t\t\t<h2>Trouvez l\u2019endroit id\u00e9al \u00e0 Marbella pour vivre et travailler<\/h2>\t\t\t<div class=\"row row-cols-1 row-cols-lg-3 gy-5 g-xxl-5\">\n\t\t\t\t\n<article class=\"col card-properties position-relative d-flex flex-column\">\n\t<div id=\"carouselCardProperties-1-0\" class=\"card-properties-images carousel slide carousel-fade lazy\" data-bs-ride=\"carousel\" data-bs-interval=\"200000\" data-id=\"698664\">\n\t\t<div class=\"carousel-inner\">\n\t\t\t<figure class=\"carousel-item mb-0 active ratio ratio-4x3\">\n\t\t\t\t<picture><source sizes=\"(max-width: 575px) calc(100vw - 24px), (max-width: 767px) 516px, (max-width: 991px) 696px, (max-width: 1199px) 296px, (max-width: 1399px) 356px, 400px\" width=\"696\" height=\"522\" srcset=\"https:\/\/media.panoramamarbella.com\/imgV1\/B95mbh8olwFQm~uCUaVOI2kQT0hb0a8sZ9turUNfnwtvuccYCzs0YVPfPbfkc2VnnN1JFDpkYaGfw1gJsS~5hOu8ClA27V6xVP6zyKoKPS1Mn7WRHYZMLWv_YHD73v3wTA8HWCCOpMnXwN2uAr5VSPiSO7karRIMiZTPqCu_dZ5fuWR0YCW6_1pG5Bl~Hp5WroeZ3HQAZ5bJuMGEOv79bl9k214P5Nw2k7gr9ANpozAASAFpx51KqYb~IgRpbC3Nm7LGaJqZPuy9KH5g7qzcuC2cvd8aXgZUiX05nn3MiVFBu3_R0uApWqg0GDDTU7GVpDHN0uiwmWHOPGRGcV19lVB5JeSIN5bWCc0XpEoi3uZ0T3eXN37TL0i518tYi19KAllVsHHd0sbTDHyPO_Nw~4KnnSNcB9zdZy_Falf9Nm2Qd8UylRZPY3Up0552~WYpYFfMu6~cQQhix6~xJmlu.webp 696w,https:\/\/media.panoramamarbella.com\/imgV1\/B95mbh8olwFQm~uCUaVOI2kQT0hb0a8sZ9turUNfnwtvuccYCzs0YVPfPbfkc2VnnN1JFDpkYaGfw1gJsS~5hOu8ClA27V6xVP6zyKoKPS1Mn7WRHYZMLWv_YHD73v3wTA8HWCCOpMnXwN2uAr5VSPiSO7karRIMiZTPqCu_dxsgwbeNJ3yUNRGy~HNlq7dkSM2WX~69OJOJ5Rf_OC19ofiiJFxHjWv2u3u0P4hi6O0xoN_eKF2nSgtPXKVIDb6vkB7sMfUcYSFaA8MkPym_Gpt83~i_ztzET0MbhzNjsKTdK5NbqRNgl5yWC5YxwwmAj1QP7QCWT0mNwDbjKvcT6HKFDihRXrRi~rK1hGgEsn~KGSB8yKC8a2ZAlw1Y0g7iH3vxsT0JHikRupGzmmtHsrKXqc6p8M2~T5e5ifxWDLJfJRqdDdAaQRy8mbVTKnDv_ya2ucuiMT0AMrtAXM~J.webp 400w\" type=\"image\/webp\"><img decoding=\"async\" class=\"position-absolute w-100 h-100 object-fit-cover\" alt=\"Appartement unique en rez-de-chauss\u00e9e avec vue sur la mer dans les Jardins Japonais de Marina Puente Romano\" loading=\"lazy\" width=\"696\" height=\"522\" src=\"https:\/\/media.panoramamarbella.com\/imgV1\/B95mbh8olwFQm~uCUaVOI2kQT0hb0a8sZ9turUNfnwtvuccYCzs0YVPfPbfkc2VnnN1JFDpkYaGfw1gJsS~5hOu8ClA27V6xVP6zyKoKPS1Mn7WRHYZMLWv_YHD73v3wTA8HWCCOpMnXwN2uAr5VSPiSO7karRIMiZTPqCu_dZ5fuWR0YCW6_1pG5Bl~AOWCKsfURyq35vm55dIauvG9uVaSivcgS4ajblndO75z1CH0f2jKmqCp4xxFvz8SGfsGZsvJDXqx_1ZOdq6C3Ciw5BdH3mBMTlmpWiwr03l4R5h6rIkh70WK8PZkn3TMc7aMyNa5IHcJVNmTEhV8AxRljU0iGmAWvH9H8Jc12IGx0P0jWsreOMhWj1MxEo9KATyoLWCUe5JwyP7SYClFp7YUmD7e40GOUqwrJuzlqrEiOyMmHv7XqSzouqYV54M-.jpg\"><\/picture>\t\t\t<\/figure>\n\t\t\t\t\t\t<span class=\"card-properties-tag position-absolute z-2 top-0 start-0 bg-secondary text-white py-1 px-3 ms-3\">\n\t\t\t\tEn vedette\t\t\t<\/span>\n\t\t\t\t\t\t<span class=\"card-properties-ref position-absolute z-2 bottom-0 end-0 bg-white text-primary py-1 px-3 me-3\">\n\t\t\t\tPANR-16359\t\t\t<\/span>\n\t\t\t<button class=\"card-properties-portfolio d-flex align-items-center justify-content-center position-absolute z-3 end-0 text-white bg-primary me-3 border-0 px-0\" data-pfl-id=\"698664\" data-pfl-filter=\"sale\" aria-label=\"Add to portfolio\">\n\t\t\t\t<svg width=\"18\" fill=\"currentColor\" viewBox=\"0 0 512 512\">\n\t\t\t\t\t<use href=\"https:\/\/www.panoramamarbella.com\/wp-content\/themes\/panoramamarbella\/dist\/src\/images\/icons.svg#svgHeart\"><\/use>\n\t\t\t\t<\/svg>\n\t\t\t\t<svg width=\"18\" fill=\"currentColor\" viewBox=\"0 0 512 512\">\n\t\t\t\t\t<use href=\"https:\/\/www.panoramamarbella.com\/wp-content\/themes\/panoramamarbella\/dist\/src\/images\/icons.svg#svgHeartIn\"><\/use>\n\t\t\t\t<\/svg>\n\t\t\t<\/button>\n\t\t<\/div>\n\t\t\t\t<button\n\t\t\tclass=\"carousel-control-prev\"\n\t\t\ttype=\"button\"\n\t\t\tdata-bs-target=\"#carouselCardProperties-1-0\"\n\t\t\tdata-bs-slide=\"prev\">\n\t\t\t<span class=\"carousel-control-prev-icon\" aria-hidden=\"true\"><\/span>\n\t\t\t<span class=\"visually-hidden\">Pr\u00e9c\u00e9dent<\/span>\n\t\t<\/button>\n\t\t<button\n\t\t\tclass=\"carousel-control-next\"\n\t\t\ttype=\"button\"\n\t\t\tdata-bs-target=\"#carouselCardProperties-1-0\"\n\t\t\tdata-bs-slide=\"next\">\n\t\t\t<span class=\"carousel-control-next-icon\" aria-hidden=\"true\"><\/span>\n\t\t\t<span class=\"visually-hidden\">Suivant<\/span>\n\t\t<\/button>\n\t\t\t<\/div>\n\t<div class=\"d-flex flex-column h-100 px-3 py-4 shadow\">\n\t\t\t\t<h3 class=\"card-properties-title mb-3\">\n\t\t\t<a class=\"stretched-link\" href=\"\/fr\/proprietes\/marbella\/marbella-golden-mile\/marina-puente-romano\/appartements-habitats\/PANR-16359\">\n\t\t\t\tAppartement unique en rez-de-chauss\u00e9e avec vue sur la mer dans les Jardins Japonais de Marina Puente Romano\t\t\t<\/a>\n\t\t<\/h3>\n\t\t<p class=\"mb-3 text-black-dark\">Marina Puente Romano, Marbella Golden Mile<\/p>\n\t\t\t\t\t\t<p class=\"card-properties-description mb-3\">\n\t\t\tD\u00e9couvrez le summum du luxe sans effort dans cet appartement sur\u00e9lev\u00e9 en rez-de-chauss\u00e9e, expos\u00e9 sud-ouest, nich\u00e9 au sein de l\u2019embl\u00e9matique Puente Romano Beach Resort and Spa \u2014 l\u2019une des adresses les plus prestigieuses et recherch\u00e9es&#8230;\t\t<\/p>\n\t\t\t\t<span class=\"card-properties-price mt-auto\">\n\t\t\t\n\t\t\t<span class=\"card-properties-price mt-auto\" data-original-price=\"4950000\">4\u202f950\u202f000\u00a0\u20ac<\/span>\n\t\t\t\t<\/span>\n\t\t\t\t<ul class=\"card-properties-features list-unstyled d-flex flex-wrap align-items-center gap-3 pt-3 border-top mt-3 mb-0\">\n\t\t\t<li class=\"d-flex align-items-center\">3 Chambres<\/li><li class=\"d-flex align-items-center\">3 Bains<\/li>\t\t\t\t<li class=\"d-flex align-items-center\">\n\t\t\t\t\t <span class=\"me-1\" data-original-value=\"180\" data-original-unit=\"m&#038;sup2\">180 m&sup2;<\/span>Total\t\t\t\t<\/li>\n\t\t\t\t\t\t\t<li class=\"d-flex align-items-center\">\n\t\t\t\t\t <span class=\"me-1\" data-original-value=\"140\" data-original-unit=\"m&#038;sup2\">140 m&sup2;<\/span>Construit\t\t\t\t<\/li>\n\t\t\t\t\t\t\t<li class=\"d-flex align-items-center\">\n\t\t\t\t\t <span class=\"me-1\" data-original-value=\"40\" data-original-unit=\"m&#038;sup2\">40 m&sup2;<\/span>Terrasses\t\t\t\t<\/li>\n\t\t\t\t\t<\/ul>\n\t\t\t<\/div>\n<\/article>\n\n\n<article class=\"col card-properties position-relative d-flex flex-column\">\n\t<div id=\"carouselCardProperties-1-1\" class=\"card-properties-images carousel slide carousel-fade lazy\" data-bs-ride=\"carousel\" data-bs-interval=\"200000\" data-id=\"697691\">\n\t\t<div class=\"carousel-inner\">\n\t\t\t<figure class=\"carousel-item mb-0 active ratio ratio-4x3\">\n\t\t\t\t<picture><source sizes=\"(max-width: 575px) calc(100vw - 24px), (max-width: 767px) 516px, (max-width: 991px) 696px, (max-width: 1199px) 296px, (max-width: 1399px) 356px, 400px\" width=\"696\" height=\"522\" srcset=\"https:\/\/media.panoramamarbella.com\/imgV1\/B95mbh8olwFQm~uCUaVOI2kQT0hb0a8sZ9turUNfnwtvuccYCzs0YVPfPbfkc2VnnN1JFDpkYaGfw1gJsS~5hOu9X5J_GGESH79I62csjOueuTbhRLPEQEkioevvhdrpjaWZvyQirO9yl0pilvxoweqB_Ivhe0U_Jy8EpEUkkIerqgeQoKU1mQB5R7jXZ4z2~yGHtb6~CBhi84a2F0raVYWLu7HUrDtit56FaP4OzvluUMGSwtGFlSJjr8yarAflGi10pMdlOSw4pYbz1aqK6iIVhkYwfTShqk4tM8jcl3NydxgqIaQ5Hr3LCHJIjKmxTaM1YMrEvaemAODXyC~Axri4wdZFcJwZbcVOP6nZFqFub0gDbEaJ8ewY0NDjqGgCUFpu9RkXt5X2GSkuGu1KRN9zum7V9133uqsztpj3Tuu9VQfPyxoXd8UjT0SxZc5xix8YhCigEA3G9dEBKBQ2.webp 696w,https:\/\/media.panoramamarbella.com\/imgV1\/B95mbh8olwFQm~uCUaVOI2kQT0hb0a8sZ9turUNfnwtvuccYCzs0YVPfPbfkc2VnnN1JFDpkYaGfw1gJsS~5hOu9X5J_GGESH79I62csjOueuTbhRLPEQEkioevvhdrpjaWZvyQirO9yl0pilvxoweqB_Ivhe0U_Jy8EpEUkko1a78AnfDVp7Xlsgx3km_Rd47QqHGmTwbNqdRjMS62fS8JkHMlnjYi2Wtt450XydYXva8FoZJ25irlVO5Ob7WT2ai1w6Lt5Xskty6pLQlJxFmgZgJeqWTkfUbXDR1VHOqoNnqF4XSbRybXd4uMgVBoJgOCP8Pclw0gYC8Q12nBtMMEN1IEFdpKdFxHfuKC25RIEs5LT1WXuLWTNQdbX6ZFeI5ljV9FbJzAQWoXuA3_2bpay0lG_RdcVguU4wa~kZ90i1jVqD~4CMzTkUDnsFBpBXUK49EKzkx6U2GFqJIdV.webp 400w\" type=\"image\/webp\"><img decoding=\"async\" class=\"position-absolute w-100 h-100 object-fit-cover\" alt=\"Appartement \u00e9l\u00e9gant et spacieux \u00e0 Monte Para\u00edso, Marbella Golden Mile\" loading=\"lazy\" width=\"696\" height=\"522\" src=\"https:\/\/media.panoramamarbella.com\/imgV1\/B95mbh8olwFQm~uCUaVOI2kQT0hb0a8sZ9turUNfnwtvuccYCzs0YVPfPbfkc2VnnN1JFDpkYaGfw1gJsS~5hOu9X5J_GGESH79I62csjOueuTbhRLPEQEkioevvhdrpjaWZvyQirO9yl0pilvxoweqB_Ivhe0U_Jy8EpEUkkIerqgeQoKU1mQB5R7jXeWxKG4WFc0r0jyU19QwVg7FsBvsfoxVA5XgamVQrf_jARna9MwfGJ_sIy1TKvV_QvlsFKBbK~zX3vf_~yOuUhkGrWmJzk8aU07AVE9I41NTOfjcdfUJtORtzA_2sDztu73S3KXN9Rtr2rbiH_L2c4QOcSN1mofbCoiWIzmfLY6aEGmmMTYaeRyhsYnHOtCu1fX~dj5QBcJYiVpHwfmSiIlKruSq2F76orZwAj9Dx_4UUWOealiWClosu_VCJtYs-.jpg\"><\/picture>\t\t\t<\/figure>\n\t\t\t\t\t\t<span class=\"card-properties-ref position-absolute z-2 bottom-0 end-0 bg-white text-primary py-1 px-3 me-3\">\n\t\t\t\tPANR-16340\t\t\t<\/span>\n\t\t\t<button class=\"card-properties-portfolio d-flex align-items-center justify-content-center position-absolute z-3 end-0 text-white bg-primary me-3 border-0 px-0\" data-pfl-id=\"697691\" data-pfl-filter=\"sale\" aria-label=\"Add to portfolio\">\n\t\t\t\t<svg width=\"18\" fill=\"currentColor\" viewBox=\"0 0 512 512\">\n\t\t\t\t\t<use href=\"https:\/\/www.panoramamarbella.com\/wp-content\/themes\/panoramamarbella\/dist\/src\/images\/icons.svg#svgHeart\"><\/use>\n\t\t\t\t<\/svg>\n\t\t\t\t<svg width=\"18\" fill=\"currentColor\" viewBox=\"0 0 512 512\">\n\t\t\t\t\t<use href=\"https:\/\/www.panoramamarbella.com\/wp-content\/themes\/panoramamarbella\/dist\/src\/images\/icons.svg#svgHeartIn\"><\/use>\n\t\t\t\t<\/svg>\n\t\t\t<\/button>\n\t\t<\/div>\n\t\t\t\t<button\n\t\t\tclass=\"carousel-control-prev\"\n\t\t\ttype=\"button\"\n\t\t\tdata-bs-target=\"#carouselCardProperties-1-1\"\n\t\t\tdata-bs-slide=\"prev\">\n\t\t\t<span class=\"carousel-control-prev-icon\" aria-hidden=\"true\"><\/span>\n\t\t\t<span class=\"visually-hidden\">Pr\u00e9c\u00e9dent<\/span>\n\t\t<\/button>\n\t\t<button\n\t\t\tclass=\"carousel-control-next\"\n\t\t\ttype=\"button\"\n\t\t\tdata-bs-target=\"#carouselCardProperties-1-1\"\n\t\t\tdata-bs-slide=\"next\">\n\t\t\t<span class=\"carousel-control-next-icon\" aria-hidden=\"true\"><\/span>\n\t\t\t<span class=\"visually-hidden\">Suivant<\/span>\n\t\t<\/button>\n\t\t\t<\/div>\n\t<div class=\"d-flex flex-column h-100 px-3 py-4 shadow\">\n\t\t\t\t<h3 class=\"card-properties-title mb-3\">\n\t\t\t<a class=\"stretched-link\" href=\"\/fr\/proprietes\/marbella\/marbella-golden-mile\/monte-paraiso\/appartements-habitats\/PANR-16340\">\n\t\t\t\tAppartement \u00e9l\u00e9gant et spacieux \u00e0 Monte Para\u00edso, Marbella Golden Mile\t\t\t<\/a>\n\t\t<\/h3>\n\t\t<p class=\"mb-3 text-black-dark\">Monte Paraiso, Marbella Golden Mile<\/p>\n\t\t\t\t\t\t<p class=\"card-properties-description mb-3\">\n\t\t\tCet appartement magnifiquement r\u00e9nov\u00e9 se situe dans la prestigieuse communaut\u00e9 de Monte Para\u00edso sur le Golden Mile de Marbella, l\u2019une des adresses les plus pris\u00e9es de la Costa del Sol. Plac\u00e9 dans une position privil\u00e9gi\u00e9e,&#8230;\t\t<\/p>\n\t\t\t\t<span class=\"card-properties-price mt-auto\">\n\t\t\t\n\t\t\t<span class=\"card-properties-price mt-auto\" data-original-price=\"2450000\">2\u202f450\u202f000\u00a0\u20ac<\/span>\n\t\t\t\t<\/span>\n\t\t\t\t<ul class=\"card-properties-features list-unstyled d-flex flex-wrap align-items-center gap-3 pt-3 border-top mt-3 mb-0\">\n\t\t\t<li class=\"d-flex align-items-center\">4 Chambres<\/li><li class=\"d-flex align-items-center\">4 Bains<\/li>\t\t\t\t<li class=\"d-flex align-items-center\">\n\t\t\t\t\t <span class=\"me-1\" data-original-value=\"210\" data-original-unit=\"m&#038;sup2\">210 m&sup2;<\/span>Total\t\t\t\t<\/li>\n\t\t\t\t\t\t\t<li class=\"d-flex align-items-center\">\n\t\t\t\t\t <span class=\"me-1\" data-original-value=\"169\" data-original-unit=\"m&#038;sup2\">169 m&sup2;<\/span>Construit\t\t\t\t<\/li>\n\t\t\t\t\t\t\t<li class=\"d-flex align-items-center\">\n\t\t\t\t\t <span class=\"me-1\" data-original-value=\"41\" data-original-unit=\"m&#038;sup2\">41 m&sup2;<\/span>Terrasses\t\t\t\t<\/li>\n\t\t\t\t\t<\/ul>\n\t\t\t<\/div>\n<\/article>\n\n\n<article class=\"col card-properties position-relative d-flex flex-column\">\n\t<div id=\"carouselCardProperties-1-2\" class=\"card-properties-images carousel slide carousel-fade lazy\" data-bs-ride=\"carousel\" data-bs-interval=\"200000\" data-id=\"695118\">\n\t\t<div class=\"carousel-inner\">\n\t\t\t<figure class=\"carousel-item mb-0 active ratio ratio-4x3\">\n\t\t\t\t<picture><source sizes=\"(max-width: 575px) calc(100vw - 24px), (max-width: 767px) 516px, (max-width: 991px) 696px, (max-width: 1199px) 296px, (max-width: 1399px) 356px, 400px\" width=\"696\" height=\"522\" srcset=\"https:\/\/media.panoramamarbella.com\/imgV1\/B95mbh8olwFQm~uCUaVOI2kQT0hb0a8sZ9turUNfnwtvuccYCzs0YVPfPbfkc2VnnN1JFDpkYaGfw1gJsS~5hOu4DEBG602B7yC1Jdp3y4TeOLY1Z1ydnyCUtrZ_cg55b9oh_lBvgazy5O2g1_gcM1Mn1Ow5PKX57OmbI4LX9N1iZovDKdS7h2NKdCmu5rv2j3N5kmwyemzDviQCpZfh8oYiiycDfthWmsViL7m2SGu22dk3pYQwmonTGBVTMPnpok2iLA1s~Ez31zUif6YQ_T1RuoX8YUYJ0hQjxiqdRuucVt_OV_0Tl11ziS7D3b0Qd5l9W7j8Z4YL392tHHQG2gq1L1DgtsKT8tHn77MvpaJlRCzlgLMcCKysTnNdVP9IFQrByMRnnF4eaC3bt86MY2cYZuOXeqBkzJ2Ev9TcMExrVWMRzqF5ThzENfAa_I4hfSoSfqyAk0wmYOg1NDJy.webp 696w,https:\/\/media.panoramamarbella.com\/imgV1\/B95mbh8olwFQm~uCUaVOI2kQT0hb0a8sZ9turUNfnwtvuccYCzs0YVPfPbfkc2VnnN1JFDpkYaGfw1gJsS~5hOu4DEBG602B7yC1Jdp3y4TeOLY1Z1ydnyCUtrZ_cg55b9oh_lBvgazy5O2g1_gcM1Mn1Ow5PKX57OmbI4LX9vV4DQRVSkKDaK19Ew4ElBmV0iOMk_NmyAmobpJPaFYwCu3B5bDun3QbHKzcYLvzSIuDZ3g98DrfEuIwz21OE2ZEymoJg8jIcw2xyI2zCddCF3qd_N~1h7kTkFJcvqprSbJHgOvrGVPnj1PIbpSCoyLlpuM3oUYQYVg0QWDoSF34Wglv94UbOb08lyB5qtaSpaPoEAdU~gdcy_Bvah5MHGMC9bs2ibOaPQNoru87QTYhswDc540iAW~w89r1Ohcmgp~06Qj7bqMU_2qMaIPt~uP6jOM3GQjIAQ4evOsAaWJt.webp 400w\" type=\"image\/webp\"><img decoding=\"async\" class=\"position-absolute w-100 h-100 object-fit-cover\" alt=\"Villa moderne avec vues spectaculaires sur la mer et la montagne \u00e0 La Finca de Marbella\" loading=\"lazy\" width=\"696\" height=\"522\" src=\"https:\/\/media.panoramamarbella.com\/imgV1\/B95mbh8olwFQm~uCUaVOI2kQT0hb0a8sZ9turUNfnwtvuccYCzs0YVPfPbfkc2VnnN1JFDpkYaGfw1gJsS~5hOu4DEBG602B7yC1Jdp3y4TeOLY1Z1ydnyCUtrZ_cg55b9oh_lBvgazy5O2g1_gcM1Mn1Ow5PKX57OmbI4LX9N1iZovDKdS7h2NKdCmu_IcCCbamB32OI8CN8lT5QSl0X~nNxhFpfCwovvgWNQudb7Q2RN5O2Ue2kLBWgvuDn_tZS1ODfuw~1DW3x0aSvYWwofvNJMZmUSD~oV~HuQFMu_Ch8UCZyJhUQ0qAb6W4nOpxht4ph2ixgaTIBXNYtZtZIIoxHHJpTe2~AXkZNfZPNT559CE_jHvDjrElZuXHkXdKkoSVl7bOp0ygRdmxuoIfkV~_j2Dwr_yQ1MoO1ryTQV2aTqeJxTeLv3cFgV8-.jpg\"><\/picture>\t\t\t<\/figure>\n\t\t\t\t\t\t<span class=\"card-properties-ref position-absolute z-2 bottom-0 end-0 bg-white text-primary py-1 px-3 me-3\">\n\t\t\t\tPANR-16316\t\t\t<\/span>\n\t\t\t<button class=\"card-properties-portfolio d-flex align-items-center justify-content-center position-absolute z-3 end-0 text-white bg-primary me-3 border-0 px-0\" data-pfl-id=\"695118\" data-pfl-filter=\"sale\" aria-label=\"Add to portfolio\">\n\t\t\t\t<svg width=\"18\" fill=\"currentColor\" viewBox=\"0 0 512 512\">\n\t\t\t\t\t<use href=\"https:\/\/www.panoramamarbella.com\/wp-content\/themes\/panoramamarbella\/dist\/src\/images\/icons.svg#svgHeart\"><\/use>\n\t\t\t\t<\/svg>\n\t\t\t\t<svg width=\"18\" fill=\"currentColor\" viewBox=\"0 0 512 512\">\n\t\t\t\t\t<use href=\"https:\/\/www.panoramamarbella.com\/wp-content\/themes\/panoramamarbella\/dist\/src\/images\/icons.svg#svgHeartIn\"><\/use>\n\t\t\t\t<\/svg>\n\t\t\t<\/button>\n\t\t<\/div>\n\t\t\t\t<button\n\t\t\tclass=\"carousel-control-prev\"\n\t\t\ttype=\"button\"\n\t\t\tdata-bs-target=\"#carouselCardProperties-1-2\"\n\t\t\tdata-bs-slide=\"prev\">\n\t\t\t<span class=\"carousel-control-prev-icon\" aria-hidden=\"true\"><\/span>\n\t\t\t<span class=\"visually-hidden\">Pr\u00e9c\u00e9dent<\/span>\n\t\t<\/button>\n\t\t<button\n\t\t\tclass=\"carousel-control-next\"\n\t\t\ttype=\"button\"\n\t\t\tdata-bs-target=\"#carouselCardProperties-1-2\"\n\t\t\tdata-bs-slide=\"next\">\n\t\t\t<span class=\"carousel-control-next-icon\" aria-hidden=\"true\"><\/span>\n\t\t\t<span class=\"visually-hidden\">Suivant<\/span>\n\t\t<\/button>\n\t\t\t<\/div>\n\t<div class=\"d-flex flex-column h-100 px-3 py-4 shadow\">\n\t\t\t\t<h3 class=\"card-properties-title mb-3\">\n\t\t\t<a class=\"stretched-link\" href=\"\/fr\/proprietes\/marbella\/marbella-est\/la-finca-de-marbella\/villas-maisons-isolee\/PANR-16316\">\n\t\t\t\tVilla moderne avec vues spectaculaires sur la mer et la montagne \u00e0 La Finca de Marbella\t\t\t<\/a>\n\t\t<\/h3>\n\t\t<p class=\"mb-3 text-black-dark\">La Finca de Marbella, Marbella Est<\/p>\n\t\t\t\t\t\t<p class=\"card-properties-description mb-3\">\n\t\t\tImpressionnante villa au design contemporain situ\u00e9e \u00e0 La Finca de Marbella, une communaut\u00e9 ferm\u00e9e exclusive \u00e0 l\u2019est de Marbella avec s\u00e9curit\u00e9 nocturne. La propri\u00e9t\u00e9 dispose de 609 m\u00b2 construits sur un terrain de 652 m\u00b2&#8230;\t\t<\/p>\n\t\t\t\t<span class=\"card-properties-price mt-auto\">\n\t\t\t\n\t\t\t<span class=\"card-properties-price mt-auto\" data-original-price=\"3095000\">3\u202f095\u202f000\u00a0\u20ac<\/span>\n\t\t\t\t<\/span>\n\t\t\t\t<ul class=\"card-properties-features list-unstyled d-flex flex-wrap align-items-center gap-3 pt-3 border-top mt-3 mb-0\">\n\t\t\t<li class=\"d-flex align-items-center\">5 Chambres<\/li><li class=\"d-flex align-items-center\">5 Bains<\/li>\t\t\t\t<li class=\"d-flex align-items-center\">\n\t\t\t\t\t <span class=\"me-1\" data-original-value=\"609\" data-original-unit=\"m&#038;sup2\">609 m&sup2;<\/span>Total\t\t\t\t<\/li>\n\t\t\t\t\t\t\t<li class=\"d-flex align-items-center\">\n\t\t\t\t\t <span class=\"me-1\" data-original-value=\"652\" data-original-unit=\"m&#038;sup2\">652 m&sup2;<\/span>Terrain\t\t\t\t<\/li>\n\t\t\t\t\t\t\t\t<li class=\"d-flex align-items-center\">\n\t\t\t\t\t <span class=\"me-1\" data-original-value=\"400\" data-original-unit=\"m&#038;sup2\">400 m&sup2;<\/span>Construit\t\t\t\t<\/li>\n\t\t\t\t\t\t\t<li class=\"d-flex align-items-center\">\n\t\t\t\t\t <span class=\"me-1\" data-original-value=\"209\" data-original-unit=\"m&#038;sup2\">209 m&sup2;<\/span>Terrasses\t\t\t\t<\/li>\n\t\t\t\t\t<\/ul>\n\t\t\t<\/div>\n<\/article>\n\t\t\t<\/div>\n\t\t\t<ul class=\"mw-100 d-flex flex-column flex-lg-row flex-lg-wrap justify-content-center gap-3 list-unstyled mt-5 mb-0\">\n    <li><a class=\"btn btn-primary w-100 px-4 py-2\" href=\"https:\/\/www.panoramamarbella.com\/fr\/proprietes\/marbella\">Biens \u00e0 vendre<\/a><\/li><\/ul>\n\t\t<\/section>\n\t\t\n","protected":false},"excerpt":{"rendered":"<p>Le travail \u00e0 distance et hybride transforme les lieux de vie des professionnels. D\u00e9couvrez pourquoi Marbella offre une base europ\u00e9enne stable et bien connect\u00e9e.<\/p>\n","protected":false},"author":3,"featured_media":37255,"comment_status":"closed","ping_status":"closed","sticky":false,"template":"","format":"standard","meta":{"_acf_changed":false,"footnotes":""},"categories":[41],"tags":[],"class_list":["post-37752","post","type-post","status-publish","format-standard","has-post-thumbnail","hentry","category-style-de-vie-a-marbella"],"acf":[],"_links":{"self":[{"href":"https:\/\/www.panoramamarbella.com\/fr\/wp-json\/wp\/v2\/posts\/37752","targetHints":{"allow":["GET"]}}],"collection":[{"href":"https:\/\/www.panoramamarbella.com\/fr\/wp-json\/wp\/v2\/posts"}],"about":[{"href":"https:\/\/www.panoramamarbella.com\/fr\/wp-json\/wp\/v2\/types\/post"}],"author":[{"embeddable":true,"href":"https:\/\/www.panoramamarbella.com\/fr\/wp-json\/wp\/v2\/users\/3"}],"replies":[{"embeddable":true,"href":"https:\/\/www.panoramamarbella.com\/fr\/wp-json\/wp\/v2\/comments?post=37752"}],"version-history":[{"count":1,"href":"https:\/\/www.panoramamarbella.com\/fr\/wp-json\/wp\/v2\/posts\/37752\/revisions"}],"predecessor-version":[{"id":40168,"href":"https:\/\/www.panoramamarbella.com\/fr\/wp-json\/wp\/v2\/posts\/37752\/revisions\/40168"}],"wp:featuredmedia":[{"embeddable":true,"href":"https:\/\/www.panoramamarbella.com\/fr\/wp-json\/wp\/v2\/media\/37255"}],"wp:attachment":[{"href":"https:\/\/www.panoramamarbella.com\/fr\/wp-json\/wp\/v2\/media?parent=37752"}],"wp:term":[{"taxonomy":"category","embeddable":true,"href":"https:\/\/www.panoramamarbella.com\/fr\/wp-json\/wp\/v2\/categories?post=37752"},{"taxonomy":"post_tag","embeddable":true,"href":"https:\/\/www.panoramamarbella.com\/fr\/wp-json\/wp\/v2\/tags?post=37752"}],"curies":[{"name":"wp","href":"https:\/\/api.w.org\/{rel}","templated":true}]}}