{"id":38239,"date":"2023-08-15T17:05:00","date_gmt":"2023-08-15T15:05:00","guid":{"rendered":"https:\/\/www.panoramamarbella.com\/news\/design-hills-marbella-dolce-gabbana"},"modified":"2026-03-11T16:08:52","modified_gmt":"2026-03-11T15:08:52","slug":"design-hills-marbella-residences","status":"publish","type":"post","link":"https:\/\/www.panoramamarbella.com\/fr\/news\/design-hills-marbella-residences","title":{"rendered":"Design Hills Marbella : un aper\u00e7u des r\u00e9sidences de luxe de Dolce &amp; Gabbana"},"content":{"rendered":"\n\n<h2 class=\"wp-block-heading\">D\u00e9couvrez Design Hills Marbella<\/h2>\n\n\n\n<p>Marbella est une destination r\u00e9sidentielle \u00e0 la mode, il n&rsquo;est donc pas surprenant que Dolce &amp; Gabbana ait choisi cette ville pour ses d\u00e9buts europ\u00e9ens dans l&rsquo;immobilier avec ses Branded Residences : Design Hills Marbella.<\/p>\n\n\n\n<ul class=\"table-index list-unstyled p-4 p-lg-5 ms-0 bg-light\"><li class=\"text-uppercase fw-bold mb-3\">Table des mati\u00e8res<\/li><li><a href=\"#decouvrez+design+hills+marbella\">\nD\u00e9couvrez Design Hills Marbella\n<\/a><\/li>\n<li><a href=\"#prix+de+design+hills+marbella\">\nPrix de Design Hills Marbella\n<\/a><\/li>\n<li><a href=\"#un+partenariat+exclusif\">\nUn partenariat exclusif\n<\/a><\/li>\n<li><a href=\"#galerie+dimages\">\nGalerie d\u2019images\n<\/a><\/li>\n<li><a href=\"#curieux+ou+envie+den+savoir+plus+sur+design+hills+marbella\">\nCurieux ou envie d\u2019en savoir plus sur Design Hills Marbella?\n<\/a><\/li>\n<li><a href=\"#articles+lies\">\nArticles li\u00e9s\n<\/a><\/li>\n<li><a href=\"#questions+frequentes+sur+design+hills+marbella\">\nQuestions fr\u00e9quentes sur Design Hills Marbella\n<\/a><\/li><\/ul>\n\n\n\n<h3 class=\"wp-block-heading\">Emplacement strat\u00e9gique sur le Golden Mile de Marbella<\/h3>\n\n\n\n<p>Id\u00e9alement situ\u00e9 dans le \u00ab Designer District \u00bb de Marbella, Design Hills by Dolce &amp; Gabbana se trouve sur la route d\u2019Ist\u00e1n, sur le Golden Mile, le long de Las Lomas del Marbella Club, \u00e0 seulement 1 minute en voiture du c\u00e9l\u00e8bre Puente Romano Beach Resort and Spa et \u00e0 2 minutes de route de la plage.<\/p>\n\n\n\n<iframe loading=\"lazy\" src=\"https:\/\/www.google.com\/maps\/d\/embed?mid=1RoLR0NpHv3CMNSaVYLyeG5MDJ6xN60E&#038;hl=es&#038;ehbc=2E312F&#038;noprof=1\" width=\"100%\" height=\"360\"><\/iframe>\n\n\n\n<h3 class=\"wp-block-heading\">Espaces de vie luxueux<\/h3>\n\n\n\n<p>Les 92 r\u00e9sidences de luxe pr\u00e9vues \u00e0 Design Hills Marbella seront r\u00e9parties sur un terrain de 90 000 m\u00e8tres carr\u00e9s et offriront des surfaces allant de 280 \u00e0 900 m\u00e8tres carr\u00e9s. Leur ambition est de cr\u00e9er des r\u00e9sidences r\u00e9parties dans cinq b\u00e2timents entour\u00e9s de jardins et de piscines \u00e0 d\u00e9bordement, s\u2019\u00e9tendant sur 500 m\u00e8tres le long d\u2019une colline \u00e0 une altitude moyenne de 40 m\u00e8tres au-dessus du niveau de la mer, rendant les vues encore plus attrayantes.<\/p>\n\n\n\n<p>Chaque b\u00e2timent est con\u00e7u comme un escalier vers la M\u00e9diterran\u00e9e, avec une fa\u00e7ade en c\u00e9ramique \u00e9maill\u00e9e blanche rendant hommage \u00e0 l\u2019architecture locale. Les premiers visuels du projet montrent que ces fa\u00e7ades ont \u00e9t\u00e9 minutieusement pens\u00e9es comme des \u00e9crans, offrant \u00e0 la fois intimit\u00e9 et confort thermique.<\/p>\n\n\n\n<h4 class=\"wp-block-heading\">Des \u00e9l\u00e9ments de design magistraux<\/h4>\n\n\n\n<p>L\u2019un des points forts de ces appartements de luxe sera constitu\u00e9 par les suites parentales avec dressings et salles de bains privatives donnant sur la mer.<\/p>\n\n\n\n<h4 class=\"wp-block-heading\">Prestations \u00e9tendues<\/h4>\n\n\n\n<p>La liste des prestations est vaste : salles de massage et de maquillage, spacieux espaces de vie et de repas ouverts sur des espaces ext\u00e9rieurs privatifs avec vue sur la c\u00f4te, terrasses en rooftop avec piscines et bains de soleil, logements pour le personnel, salles de divertissement, syst\u00e8mes domotiques exclusifs permettant aux r\u00e9sidences de rester connect\u00e9es 24h\/24 \u00e0 la r\u00e9ception et \u00e0 l\u2019\u00e9quipe d\u2019hospitality exclusive. De plus, la plupart des r\u00e9sidences b\u00e9n\u00e9ficieront d\u2019un acc\u00e8s par ascenseurs priv\u00e9s ou semi-priv\u00e9s.<\/p>\n\n\n\n<h4 class=\"wp-block-heading\">Une approche de design collaborative<\/h4>\n\n\n\n<p>Ces r\u00e9sidences seront meubl\u00e9es avec des pi\u00e8ces exclusives de la ligne Casa, dans un univers de couleurs et d\u2019imprim\u00e9s pens\u00e9 pour les passionn\u00e9s de mode. Le projet s\u2019est \u00e9galement entour\u00e9 de Fresh Architectures (pour la fa\u00e7ade), Storage Milano (pour les int\u00e9rieurs) et The One Atelier comme studio principal de design.<\/p>\n\n\n\t<figure class=\"wp-caption aligncenter wp-block-acf-wpimage\">\n\t<picture><source width=\"900\" height=\"450\" srcset=\"https:\/\/media.panoramamarbella.com\/imgV1\/B95mbh8olwFQm~uCT2wPZMb8hll4wghQQQq6YWg0~c~U_DrmgY8pGP8pqaDzA6mvjyI_OPtcrHD_aKxFyjefZj1P4yShEKx7G9PaBUWVkKCRuTlNa18wVBJKFtV6WAkmF~E4Izb9dv77PUHxDBNoEZEoFqEwdiX9OXPm0vXkzy8iJquijzy6nXBQwXuEiWAfzMHvkQ--.webp 900w\" type=\"image\/webp\"><img decoding=\"async\" class=\"img-fluid\" loading=\"lazy\" width=\"900\" height=\"450\" alt=\"Installations de gym \u00e0 Design Hills Marbella by Dolce &amp; Gabbana\" src=\"https:\/\/media.panoramamarbella.com\/imgV1\/B95mbh8olwFQm~uCT2wPZMb8hll4wghQQQq6YWg0~c~U_DrmgY8pGP8pqaDzA6mvjyI_OPtcrHD_aKxFyjefZj1P4yShEKx7G9PaBUWVkKCRuTlNa18wVBJKFtV6WAkmF~E4Izb9dv77PUHxDBNoEY_sdylolyheJxLARWYF27W_.jpg\"><\/picture>\t\t\t<figcaption class=\"wp-caption-text\">\n\t\tInstallations de gym \u00e0 Design Hills by Dolce &#038; Gabbana\t\t<\/figcaption>\n\t\t\t<\/figure>\n\t\n\n\n<h3 class=\"wp-block-heading\">Des \u00e9quipements de loisirs incomparables<\/h3>\n\n\n\n<p>Le complexe r\u00e9sidentiel disposera d\u2019une large gamme de services, dont des terrains de padel, un centre de fitness enti\u00e8rement \u00e9quip\u00e9, une salle de sport ext\u00e9rieure en bois, un ring de boxe pour adultes et enfants, des espaces exclusifs de m\u00e9ditation, yoga et Pilates, des simulateurs de golf, des terrains de basket int\u00e9rieurs, le premier terrain couvert de football 5&#215;5 en gazon artificiel de Marbella, un spa avec centre de bien-\u00eatre \u2014 les programmes sportifs \u00e9tant le dernier ajout aux h\u00e9bergements exclusifs \u2014, un parcours aquatique, un centre de beaut\u00e9, un salon de coiffure et un barber shop.<\/p>\n\n\n\n<p>On y trouvera \u00e9galement un cin\u00e9ma commun, un espace bar et cocktails, une cave \u00e0 vin, un salon \u00e0 cigares, des salles priv\u00e9es de r\u00e9union et de conf\u00e9rence \u00e9quip\u00e9es d\u2019\u00e9crans, un espace biblioth\u00e8que et des salles polyvalentes pour c\u00e9l\u00e9brations et \u00e9v\u00e9nements priv\u00e9s. Sans oublier une zone d\u00e9di\u00e9e \u00e0 la promenade des chiens avec des installations pour leur prise en charge.<\/p>\n\n\n\n<p>Le complexe, qui occupera un terrain de 90 000 m\u00e8tres carr\u00e9s, accueillera aussi un Pool Club avec une grande piscine \u00e0 d\u00e9bordement surplombant la mer, une piscine chauff\u00e9e, un solarium avec lits privatifs et transats, et m\u00eame son propre glacier de style food truck.<\/p>\n\n\n\n<p>L\u2019offre sera compl\u00e9t\u00e9e par un boulevard commercial r\u00e9unissant certaines des plus grandes marques internationales de luxe ainsi que des restaurants signatures.<\/p>\n\n\n\n<h2 class=\"wp-block-heading\">Prix de Design Hills Marbella<\/h2>\n\n\n\n<p>Mis \u00e0 jour en ao\u00fbt 2025<\/p>\n\n\n\n<p>Prix \u00e0 partir de 4 795 000 \u20ac pour les appartements, 6 950 000 \u20ac pour les rez-de-chauss\u00e9e et 7 700 000 \u20ac pour les penthouses, avec peut-\u00eatre la possibilit\u00e9 de cr\u00e9er des penthouses sur mesure pour les acheteurs les plus exigeants. Il faudra toutefois attendre 2026 pour que les r\u00e9sidences D&amp;G deviennent une r\u00e9alit\u00e9 dans le Designer District de Marbella.<\/p>\n\n\n\n<h2 class=\"wp-block-heading\">Un partenariat exclusif<\/h2>\n\n\n\n<p>Le promoteur choisi, \u00e9galement \u00e0 l\u2019origine des villas ultra-luxueuses de Fendi et Karl Lagerfeld sur le Golden Mile de Marbella, a pr\u00e9sent\u00e9 le projet Design Hills en pr\u00e9sence de Domenico Dolce et de son fr\u00e8re Alfonso Dolce, CEO de Dolce &amp; Gabbana, \u00e0 La Cabane by D&amp;G, situ\u00e9e dans l\u2019h\u00f4tel Los Monteros Spa &amp; Golf Resort et exploit\u00e9e gr\u00e2ce \u00e0 une collaboration entre le chef de renomm\u00e9e internationale Dani Garc\u00eda et Grupo Mosh.<\/p>\n\n\n\n<h3 class=\"wp-block-heading\">Le savoir-faire italien<\/h3>\n\n\n\n<p>En tant qu\u2019ambassadeurs du savoir-faire italien, D&amp;G tient \u00e0 ce que ce projet refl\u00e8te son engagement envers la qualit\u00e9. Domenico Dolce supervise personnellement chaque d\u00e9tail, depuis la s\u00e9lection des mat\u00e9riaux jusqu\u2019aux premi\u00e8res images des r\u00e9sidences rendues publiques, ainsi que les noms qui identifieront les b\u00e2timents du complexe, encore \u00e0 d\u00e9finir mais pens\u00e9s pour avoir un sens dans le contexte marbell\u00ed.<\/p>\n\n\n\n<h3 class=\"wp-block-heading\">Le choix de Marbella<\/h3>\n\n\n\n<p>Alors, pourquoi avoir choisi Marbella comme destination pour ce projet phare ? La ville c\u00f4ti\u00e8re est devenue la premi\u00e8re destination r\u00e9sidentielle de la M\u00e9diterran\u00e9e, avec son soleil, ses plages, ses habitants et son atmosph\u00e8re vibrante, autant d\u2019\u00e9l\u00e9ments qui ont convaincu D&amp;G d\u2019y porter son attention. De plus, leur partenariat avec le promoteur local haut de gamme Sierra Blanca Estates, qualifi\u00e9 de relation \u00ab family to family \u00bb par Alfonso Dolce, renforce encore l\u2019attrait du projet. Fedele Usai, directeur marketing de D&amp;G, a \u00e9galement soulign\u00e9 que la cr\u00e9dibilit\u00e9 du promoteur espagnol \u00e9tait essentielle au succ\u00e8s du projet.<\/p>\n\n\n\n<h2 class=\"wp-block-heading\">Galerie d\u2019images<\/h2>\n\n\n \n\t<div class=\"wp-gallery row row-cols-2 row-cols-lg-3 row-cols-xxl-4 g-3 mb-4\">\n\t\t\t\t<div class=\"col\">\n\t\t\t\t\t\t<a data-fancybox=\"wp-gallery\" href=\"https:\/\/media.panoramamarbella.com\/imgV1\/B95mbh8olwFQm~uCT2wPZMb8hll4wghQQQq6YWg0~c~U_DrmgY8pGP8pqaDzA6mvjyI_OPtcrHD_aKxFyjefZj4K6UmdAT9oxi5ykKjG_t6~UjtujUViVOnRksvvhKRo5PZyysFjf8rkbwqsal~~oGKWAmOh3CRu5MSlQO0lp44vIkyw1rxNFudXo~ifWWmRoMqarH0pihcxKz75GuMwuszWrgD_~hNXdnHVNMsgYw--.jpg\">\n\t\t\t\t<figure class=\"ratio ratio-1x1 mb-0\">\n\t\t\t\t\t<picture><source width=\"500\" height=\"500\" srcset=\"https:\/\/media.panoramamarbella.com\/imgV1\/B95mbh8olwFQm~uCT2wPZMb8hll4wghQQQq6YWg0~c~U_DrmgY8pGP8pqaDzA6mvjyI_OPtcrHD_aKxFyjefZj4K6UmdAT9oxi5ykKjG_t6~UjtujUViVOnRksvvhKRo5PZyysFjf8rkbwqsal~~oGKWAmOh3CRu5MSlQO0lp44vIkyw1rxNFudXo~ifXS~DsrxW~_YBaafJ0HE8jD~Xwrus0R7MJeEGB~lX_5zzdqDxsTttLs2UzgXRV_F2Isg5.webp 500w,https:\/\/media.panoramamarbella.com\/imgV1\/B95mbh8olwFQm~uCT2wPZMb8hll4wghQQQq6YWg0~c~U_DrmgY8pGP8pqaDzA6mvjyI_OPtcrHD_aKxFyjefZj4K6UmdAT9oxi5ykKjG_t6~UjtujUViVOnRksvvhKRo5PZyysFjf8rkbwqsal~~oGKWAmOh3CRu5MSlQO0lp44vIkyw1rxNFudXo~ifWqlGwfASV~cs7ymYkdPq2ZcmHyNnJ0vUAjH_Wss5TxgA0iRf8q1ojyA17yqWb4LsKW90.webp 225w\" type=\"image\/webp\"><img loading=\"lazy\" decoding=\"async\" class=\"position-absolute w-100 h-100 object-fit-cover\" alt=\"R\u00e9sidences de luxe Dolce &amp; Gabbana \u00e0 Marbella : Design Hills\" width=\"500\" height=\"500\" src=\"https:\/\/media.panoramamarbella.com\/imgV1\/B95mbh8olwFQm~uCT2wPZMb8hll4wghQQQq6YWg0~c~U_DrmgY8pGP8pqaDzA6mvjyI_OPtcrHD_aKxFyjefZj4K6UmdAT9oxi5ykKjG_t6~UjtujUViVOnRksvvhKRo5PZyysFjf8rkbwqsal~~oGKWAmOh3CRu5MSlQO0lp44vIkyw1rxNFudXo~ifXS~DsrxW~_YBaafJ0HE8koHcoeJkIfAyKhQ8UGTNJjY-.jpg\"><\/picture>\t\t\t\t<\/figure>\n\t\t\t<\/a>\n\t\t\t\t\t<\/div>\n\t\t\t\t<div class=\"col\">\n\t\t\t\t\t\t<a data-fancybox=\"wp-gallery\" href=\"https:\/\/media.panoramamarbella.com\/imgV1\/B95mbh8olwFQm~uCT2wPZMb8hll4wghQQQq6YWg0~c~U_DrmgY8pGP8pqaDzA6mvjyI_OPtcrHD_aKxFyjefZj4AxkzQPj2Tnnmtyjh6~V_pc03hnpLU6ClJ2kqwsrr~7__OrGz4GWWCe9UDy~T5NI2KXJOqtsd7xJgPY7~uugZBiFSx8hUjXEjX~UbswUl3D2iM277hql2bwfwmUSY-.webp\">\n\t\t\t\t<figure class=\"ratio ratio-1x1 mb-0\">\n\t\t\t\t\t<picture><source width=\"350\" height=\"350\" srcset=\"https:\/\/media.panoramamarbella.com\/imgV1\/B95mbh8olwFQm~uCT2wPZMb8hll4wghQQQq6YWg0~c~U_DrmgY8pGP8pqaDzA6mvjyI_OPtcrHD_aKxFyjefZj4AxkzQPj2Tnnmtyjh6~V_pc03hnpLU6ClJ2kqwsrr~7__OrGz4GWWCe9UDy~T5NI2KXJOqtsd7xJgPY73xzD5~TgbG81oSm6DIIu8oTdWHzqxlFahCdaeA5sl6oJF5tUz2dB0e6M3KGMRT49ZpKg--.webp 350w,https:\/\/media.panoramamarbella.com\/imgV1\/B95mbh8olwFQm~uCT2wPZMb8hll4wghQQQq6YWg0~c~U_DrmgY8pGP8pqaDzA6mvjyI_OPtcrHD_aKxFyjefZj4AxkzQPj2Tnnmtyjh6~V_pc03hnpLU6ClJ2kqwsrr~7__OrGz4GWWCe9UDy~T5NI2KXJOqtsd7xJgPY7wqNkaVlzw14~SEDppyzn58jRCUnyxNwj5if28RJq_JoJxnLDu_6q25uRcv5ozU89VxUA--.webp 225w\" type=\"image\/webp\"><img loading=\"lazy\" decoding=\"async\" class=\"position-absolute w-100 h-100 object-fit-cover\" alt=\"Salons luxueusement d\u00e9cor\u00e9s par Dolce &amp; Gabbana\" width=\"350\" height=\"350\" src=\"https:\/\/media.panoramamarbella.com\/imgV1\/B95mbh8olwFQm~uCT2wPZMb8hll4wghQQQq6YWg0~c~U_DrmgY8pGP8pqaDzA6mvjyI_OPtcrHD_aKxFyjefZj4AxkzQPj2Tnnmtyjh6~V_pc03hnpLU6ClJ2kqwsrr~7__OrGz4GWWCe9UDy~T5NI2KXJOqtsd7xJgPY73xzD5~TgbG81oSm6DIIvHwrc8NjY8LJRWPJSDlD5ZE.webp\"><\/picture>\t\t\t\t<\/figure>\n\t\t\t<\/a>\n\t\t\t\t\t<\/div>\n\t\t\t\t<div class=\"col\">\n\t\t\t\t\t\t<a data-fancybox=\"wp-gallery\" href=\"https:\/\/media.panoramamarbella.com\/imgV1\/B95mbh8olwFQm~uCT2wPZMb8hll4wghQQQq6YWg0~c~U_DrmgY8pGP8pqaDzA6mvjyI_OPtcrHD_aKxFyjefZj4AxkzQPj2Tnnmtyjh6~V_pc03hnpLU6ClJ2kqwsrr~7__OrGz5vi8flS~DmE4KBrl~fRvJjsjJRuO9pWBpzF3olOYrXKQSdTfMQpbpUHSRwxDK1TU3gr7i8Yem6fE-.webp\">\n\t\t\t\t<figure class=\"ratio ratio-1x1 mb-0\">\n\t\t\t\t\t<picture><source width=\"350\" height=\"350\" srcset=\"https:\/\/media.panoramamarbella.com\/imgV1\/B95mbh8olwFQm~uCT2wPZMb8hll4wghQQQq6YWg0~c~U_DrmgY8pGP8pqaDzA6mvjyI_OPtcrHD_aKxFyjefZj4AxkzQPj2Tnnmtyjh6~V_pc03hnpLU6ClJ2kqwsrr~7__OrGz5vi8flS~DmE4KBrl~fRvJjsjJRuO9pWK_AioDQhdlH8NTCSgRYrK8bz5PnKdYNStcQqglRZDZCe4L~1sdGneQMc6pDTDVFvkpLQ--.webp 350w,https:\/\/media.panoramamarbella.com\/imgV1\/B95mbh8olwFQm~uCT2wPZMb8hll4wghQQQq6YWg0~c~U_DrmgY8pGP8pqaDzA6mvjyI_OPtcrHD_aKxFyjefZj4AxkzQPj2Tnnmtyjh6~V_pc03hnpLU6ClJ2kqwsrr~7__OrGz5vi8flS~DmE4KBrl~fRvJjsjJRuO9pWP7bQZYOqwdHu~0aFf73_vgM65kYhZdGjU7iGHRCSY6P_O0RB4VXzqq4aWy0IBDpj7GjA--.webp 225w\" type=\"image\/webp\"><img loading=\"lazy\" decoding=\"async\" class=\"position-absolute w-100 h-100 object-fit-cover\" alt=\"Mat\u00e9riaux de construction de la plus haute qualit\u00e9\" width=\"350\" height=\"350\" src=\"https:\/\/media.panoramamarbella.com\/imgV1\/B95mbh8olwFQm~uCT2wPZMb8hll4wghQQQq6YWg0~c~U_DrmgY8pGP8pqaDzA6mvjyI_OPtcrHD_aKxFyjefZj4AxkzQPj2Tnnmtyjh6~V_pc03hnpLU6ClJ2kqwsrr~7__OrGz5vi8flS~DmE4KBrl~fRvJjsjJRuO9pWK_AioDQhdlH8NTCSgRYqyZyB9om_8un7JndUyxI_LM.webp\"><\/picture>\t\t\t\t<\/figure>\n\t\t\t<\/a>\n\t\t\t\t\t<\/div>\n\t\t\t\t<div class=\"col\">\n\t\t\t\t\t\t<a data-fancybox=\"wp-gallery\" href=\"https:\/\/media.panoramamarbella.com\/imgV1\/B95mbh8olwFQm~uCT2wPZMb8hll4wghQQQq6YWg0~c~U_DrmgY8pGP8pqaDzA6mvjyI_OPtcrHD_aKxFyjefZj4AxkzQPj2Tnnmtyjh6~V_pc03hnpLU6ClJ2kqwsrr~7__OrGz_9RgYWFaIDMo00J8LAXjb8aBFvRFDihx6Gb27j0qqA~pd0OVj47Ou5jMvWE2UOHW2V6FUaygkd_s-.webp\">\n\t\t\t\t<figure class=\"ratio ratio-1x1 mb-0\">\n\t\t\t\t\t<picture><source width=\"350\" height=\"350\" srcset=\"https:\/\/media.panoramamarbella.com\/imgV1\/B95mbh8olwFQm~uCT2wPZMb8hll4wghQQQq6YWg0~c~U_DrmgY8pGP8pqaDzA6mvjyI_OPtcrHD_aKxFyjefZj4AxkzQPj2Tnnmtyjh6~V_pc03hnpLU6ClJ2kqwsrr~7__OrGz_9RgYWFaIDMo00J8LAXjb8aBFvRFDih49meYBqKw3qcsuPmIN8GejL37ofoQMhoqqHYCwUxum0nq7FaBGf8sWZDljQ5qRw4yC0Q--.webp 350w,https:\/\/media.panoramamarbella.com\/imgV1\/B95mbh8olwFQm~uCT2wPZMb8hll4wghQQQq6YWg0~c~U_DrmgY8pGP8pqaDzA6mvjyI_OPtcrHD_aKxFyjefZj4AxkzQPj2Tnnmtyjh6~V_pc03hnpLU6ClJ2kqwsrr~7__OrGz_9RgYWFaIDMo00J8LAXjb8aBFvRFDih_liCDO4Ksw_OvH0cgLH2DfLYBYEx479oGTNuA~QMZEM8jV2KPW5KEUiT9uWheXhybIrw--.webp 225w\" type=\"image\/webp\"><img loading=\"lazy\" decoding=\"async\" class=\"position-absolute w-100 h-100 object-fit-cover\" alt=\"R\u00e9sidences de marque. R\u00e9sidences de marque \u00e0 Marbella : nouveau projet Design Hills by Dolce &amp; Gabbana\" width=\"350\" height=\"350\" src=\"https:\/\/media.panoramamarbella.com\/imgV1\/B95mbh8olwFQm~uCT2wPZMb8hll4wghQQQq6YWg0~c~U_DrmgY8pGP8pqaDzA6mvjyI_OPtcrHD_aKxFyjefZj4AxkzQPj2Tnnmtyjh6~V_pc03hnpLU6ClJ2kqwsrr~7__OrGz_9RgYWFaIDMo00J8LAXjb8aBFvRFDih49meYBqKw3qcsuPmIN8HnBkkspuPZgOaqy0umw6gkC.webp\"><\/picture>\t\t\t\t<\/figure>\n\t\t\t<\/a>\n\t\t\t\t\t<\/div>\n\t\t\t\t<div class=\"col\">\n\t\t\t\t\t\t<a data-fancybox=\"wp-gallery\" href=\"https:\/\/media.panoramamarbella.com\/imgV1\/B95mbh8olwFQm~uCT2wPZMb8hll4wghQQQq6YWg0~c~U_DrmgY8pGP8pqaDzA6mvjyI_OPtcrHD_aKxFyjefZj4AxkzQPj2Tnnmtyjh6~V_pc03hnpLU6ClJ2kqwsrr~7__OrGz~aau9L6_Zno7ZM5XuP55CyfjSOSIRa7ZDRd5jsCyUwgB4K~4RFkBsQK7KsTNmLffaopI4v3LCpHg-.webp\">\n\t\t\t\t<figure class=\"ratio ratio-1x1 mb-0\">\n\t\t\t\t\t<picture><source width=\"350\" height=\"350\" srcset=\"https:\/\/media.panoramamarbella.com\/imgV1\/B95mbh8olwFQm~uCT2wPZMb8hll4wghQQQq6YWg0~c~U_DrmgY8pGP8pqaDzA6mvjyI_OPtcrHD_aKxFyjefZj4AxkzQPj2Tnnmtyjh6~V_pc03hnpLU6ClJ2kqwsrr~7__OrGz~aau9L6_Zno7ZM5XuP55CyfjSOSIRa7RB5Zc1LZJQlBIhPlqGzc68Dve8O6OwEwXurw9lXoh99FxJvvGXuWEn0dBe3l21NxXmnw--.webp 350w,https:\/\/media.panoramamarbella.com\/imgV1\/B95mbh8olwFQm~uCT2wPZMb8hll4wghQQQq6YWg0~c~U_DrmgY8pGP8pqaDzA6mvjyI_OPtcrHD_aKxFyjefZj4AxkzQPj2Tnnmtyjh6~V_pc03hnpLU6ClJ2kqwsrr~7__OrGz~aau9L6_Zno7ZM5XuP55CyfjSOSIRa7UPmAMJtTdygFazV8CRUUr8uCcAHT1vFIgHd8oAYD81S6k~9ZzAm1yAZlCWg4fQbboV2w--.webp 225w\" type=\"image\/webp\"><img loading=\"lazy\" decoding=\"async\" class=\"position-absolute w-100 h-100 object-fit-cover\" alt=\"Terrasses avec d\u00e9tails et carreaux inspir\u00e9s de la M\u00e9diterran\u00e9e\" width=\"350\" height=\"350\" src=\"https:\/\/media.panoramamarbella.com\/imgV1\/B95mbh8olwFQm~uCT2wPZMb8hll4wghQQQq6YWg0~c~U_DrmgY8pGP8pqaDzA6mvjyI_OPtcrHD_aKxFyjefZj4AxkzQPj2Tnnmtyjh6~V_pc03hnpLU6ClJ2kqwsrr~7__OrGz~aau9L6_Zno7ZM5XuP55CyfjSOSIRa7RB5Zc1LZJQlBIhPlqGzdAKzZGmgwEV9f2HGD4wLgrW.webp\"><\/picture>\t\t\t\t<\/figure>\n\t\t\t<\/a>\n\t\t\t\t\t<\/div>\n\t\t\t\t<div class=\"col\">\n\t\t\t\t\t\t<a data-fancybox=\"wp-gallery\" href=\"https:\/\/media.panoramamarbella.com\/imgV1\/B95mbh8olwFQm~uCT2wPZMb8hll4wghQQQq6YWg0~c~U_DrmgY8pGP8pqaDzA6mvjyI_OPtcrHD_aKxFyjefZj4AxkzQPj2Tnnmtyjh6~V_pc03hnpLU6ClJ2kqwsrr~7__OrGz86u7AFDFWmom1JA9rEYp3Q1EWgEViq2~yJeLpF9ku~H1jsIrVGHMg40vhGHWG2LnrZktlBjSPK6Q-.webp\">\n\t\t\t\t<figure class=\"ratio ratio-1x1 mb-0\">\n\t\t\t\t\t<picture><source width=\"350\" height=\"350\" srcset=\"https:\/\/media.panoramamarbella.com\/imgV1\/B95mbh8olwFQm~uCT2wPZMb8hll4wghQQQq6YWg0~c~U_DrmgY8pGP8pqaDzA6mvjyI_OPtcrHD_aKxFyjefZj4AxkzQPj2Tnnmtyjh6~V_pc03hnpLU6ClJ2kqwsrr~7__OrGz86u7AFDFWmom1JA9rEYp3Q1EWgEViq228~VJ2GFCu6s6aGMglYYgiI6A_tdzoT1ITxWgqe_NxaePvcpanryVUKv9K~yb8AB6dVA--.webp 350w,https:\/\/media.panoramamarbella.com\/imgV1\/B95mbh8olwFQm~uCT2wPZMb8hll4wghQQQq6YWg0~c~U_DrmgY8pGP8pqaDzA6mvjyI_OPtcrHD_aKxFyjefZj4AxkzQPj2Tnnmtyjh6~V_pc03hnpLU6ClJ2kqwsrr~7__OrGz86u7AFDFWmom1JA9rEYp3Q1EWgEViq2yVO64YfRKJnkUxO~BlbT~9jMB1crRuLbyJ2zHqnLcz7hC7~YSvTCP0F3loZg38UmHbFA--.webp 225w\" type=\"image\/webp\"><img loading=\"lazy\" decoding=\"async\" class=\"position-absolute w-100 h-100 object-fit-cover\" alt=\"Vue des piscines de Design Hills Marbella\" width=\"350\" height=\"350\" src=\"https:\/\/media.panoramamarbella.com\/imgV1\/B95mbh8olwFQm~uCT2wPZMb8hll4wghQQQq6YWg0~c~U_DrmgY8pGP8pqaDzA6mvjyI_OPtcrHD_aKxFyjefZj4AxkzQPj2Tnnmtyjh6~V_pc03hnpLU6ClJ2kqwsrr~7__OrGz86u7AFDFWmom1JA9rEYp3Q1EWgEViq228~VJ2GFCu6s6aGMglYZalNlhTz5QLvKUXQ7KzPXnM.webp\"><\/picture>\t\t\t\t<\/figure>\n\t\t\t<\/a>\n\t\t\t\t\t<\/div>\n\t\t\t<\/div>\n\n\n\n<h2 class=\"wp-block-heading\">Curieux ou envie d\u2019en savoir plus sur Design Hills Marbella?<\/h2>\n\n\n\n<p>Souhaitez-vous voir comment ce projet progresse ou demander plus d\u2019informations?<\/p>\n\n\n\n<div class=\"contact-only bg-light wp-block-acf-contactform\">\n\t\t<div class=\"position-relative\">\n\t\t<span id=\"inm-contact-form\" class=\"position-absolute\" style=\"top:-130px\"><\/span>\n\t<\/div>\n\t\t\n\t\t<script src=\"https:\/\/www.google.com\/recaptcha\/api.js?render=6LeWOaYZAAAAAGZM7q40J51QMau9I_gs19mp9lZJ&#038;hl=fr\"><\/script>\n\t\n<form id=\"contact_form_1\" class=\"needs-validation h-100 d-flex flex-column p-4 p-md-5\" data-contact=\"contact_form_1\" action=\"localhost\" method=\"POST\" novalidate>\n\t<strong class=\"h3 align-self-start\">Enregistrez votre int\u00e9r\u00eat pour les r\u00e9sidences Design Hills Marbella<\/strong><p class=\"mb-5\">Demandez des informations sur Design Hills Marbella.<\/p>\t<span id=\"contact_form_1-result\" data-stext=\"source\" data-source=\"contact\"><\/span>\n\t<input type=\"hidden\" name=\"success\" value=\"\/fr\/success?source=info\" \/>\n\t<input type=\"hidden\" name=\"lang\" value=\"fr\" \/>\n\t<input type=\"hidden\" name=\"agency\" value=\"399\" \/>\n\t<input type=\"hidden\" name=\"recipient\" value=\"info\" \/>\n\t<input type=\"hidden\" name=\"source\" value=\"https:\/\/www.panoramamarbella.com\/fr\/wp-json\/wp\/v2\/posts\/38239\" \/>\n\t<input type=\"hidden\" name=\"subject\" value=\"Information Request (FR)\" \/>\n\t\t\t<input type=\"hidden\" name=\"origin\" value=\"Design Hills Marbella : un aper\u00e7u des r\u00e9sidences de luxe de Dolce &amp; Gabbana\" \/>\n\t\t<div class=\"row g-3\">\n\t\t<div class=\"col-md-6\">\n\t\t\t<label class=\"form-label\" for=\"name\">Pr\u00e9nom*<\/label>\n\t\t\t<input id=\"name\" name=\"name\" type=\"text\" class=\"form-control\" autocomplete=\"off\" required data-error=\"Nom requis\">\n\t\t<\/div>\n\t\t<div class=\"col-md-6\">\n\t\t\t<label class=\"form-label\" for=\"name\">Nom de famille*<\/label>\n\t\t\t<input id=\"lastname\" name=\"lastname\" type=\"text\" class=\"form-control\" autocomplete=\"off\" required data-error=\"Nom de famille\">\n\t\t<\/div>\n\t\t<div class=\"col-12\">\n\t\t\t<label class=\"form-label\" for=\"email\">E-mail*<\/label>\n\t\t\t<input id=\"email\" name=\"email\" type=\"email\" class=\"form-control\" autocomplete=\"off\" required data-error=\"E-mail requis\">\n\t\t<\/div>\n\t\t\t\t<div class=\"col-md-6\">\n\t\t\t<label class=\"form-label\" for=\"phone\">Num\u00e9ro de t\u00e9l\u00e9phone <small><\/small><\/label>\n\t\t\t<input id=\"phone\" name=\"intphone\" type=\"tel\" class=\"form-control\" autocomplete=\"off\" placeholder=\"T\u00e9l\u00e9phone\" required data-error=\"Les num\u00e9ros de t\u00e9l\u00e9phone doivent comporter entre 8 et 20 chiffres\" pattern=\"(?:\\d\\s*){4,}\">\n\t\t<\/div>\n\t\t<div class=\"col-md-6\">\n\t\t\t<label class=\"form-label\">Meilleur moment pour appeler <small><\/small><\/label>\n\t\t\t<select class=\"form-select\" name=\"time\">\n\t\t\t\t<option selected>\u00c0 tout moment<\/option>\n\t\t\t\t<option value=\"1\">Le matin<\/option>\n\t\t\t\t<option value=\"2\">L&rsquo;apr\u00e8s-midi<\/option>\n\t\t\t\t<option value=\"3\">Le soir<\/option>\n\t\t\t<\/select>\n\t\t<\/div>\n\t\t<div class=\"col-12\">\n\t\t\t<label for=\"address\" class=\"form-label\">Adresse <small><\/small><\/label>\n\t\t\t<input id=\"address\" name=\"address\" type=\"text\" class=\"form-control\" \/>\n\t\t<\/div>\n\t\t<div class=\"col-12\">\n\t\t\t<label for=\"formComment\" class=\"form-label\">Message<\/label>\n\t\t\t<textarea class=\"form-control\" placeholder=\"Laissez un commentaire ici\" name=\"comment\" id=\"formComment\" maxlength=\"8000\" rows=\"5\"><\/textarea>\n\t\t<\/div>\n\t\t\t\t<div class=\"col-12\">\n\t\t\t<div class=\"form-check\">\n\t\t\t\t<input type=\"checkbox\" class=\"form-check-input\" id=\"contact_form_1-customCheck1\" name=\"privacy_policy\" required data-error=\"Champ obligatoire\">\n\t\t\t\t<label class=\"form-check-label\" for=\"contact_form_1-customCheck1\">J&rsquo;accepte le <a target=\"_blank\" class=\"text-decoration-none\" href=\"https:\/\/www.panoramamarbella.com\/privacy-policy\">Conditions g\u00e9n\u00e9rales d&rsquo;utilisation<\/a><\/label>\n\t\t\t<\/div>\n\t\t\t<div class=\"form-check\">\n\t\t\t\t<input type=\"checkbox\" class=\"form-check-input\" id=\"contact_form_1-customCheck2\" name=\"commercial_information\">\n\t\t\t\t<label class=\"form-check-label\" for=\"contact_form_1-customCheck2\">J&rsquo;accepte de recevoir des communications de Panorama<\/label>\n\t\t\t<\/div>\n\t\t<\/div>\n\t<\/div>\n\t<button data-ids=\"contact_form_1\" data-lang=\"fr\" data-sitekey=\"6LeWOaYZAAAAAGZM7q40J51QMau9I_gs19mp9lZJ\" class=\"align-self-start btn btn-primary px-4 py-2 mt-4 g-recaptcha\" role=\"button\" aria-label=\"Send\">Envoyer<\/button>\n<\/form><\/div>\n\n\n\n<h2 class=\"wp-block-heading\">Articles li\u00e9s<\/h2>\n\n\n\n<p class=\"mkt-link\">D\u00e9couvrez notre article sur <a href=\"https:\/\/www.panoramamarbella.com\/fr\/news\/residences-de-marque-a-marbella\" data-type=\"post\" data-id=\"714\">R\u00e9sidences de marque \u00e0 Marbella<\/a>.<\/p>\n\n\n\n<h2 class=\"wp-block-heading\">Questions fr\u00e9quentes sur Design Hills Marbella<\/h2>\n\n\n\t<div class=\"position-relative\">\n\t\t\t\t\t<h3>O\u00f9 se trouve Design Hills Marbella ?<\/h3>\n\t\t\t<p>Design Hills est situ\u00e9 sur le Golden Mile de Marbella, dans la zone de la route d\u2019Ist\u00e1n \/ Las Lomas du Marbella Club, juste derri\u00e8re Puente Romano. Selon le site officiel du projet et l\u2019article de Panorama, il se trouve \u00e0 seulement quelques minutes de Puente Romano, de la plage, de Puerto Ban\u00fas et du centre-ville de Marbella, ce qui constitue une part importante de son attrait.<\/p>\n\t\t\t\t\t<h3>What makes Design Hills Marbella different from other luxury developments on the Golden Mile?<\/h3>\n\t\t\t<p>Design Hills Marbella se distingue par l\u2019alliance entre un emplacement privil\u00e9gi\u00e9 sur le Golden Mile et un concept r\u00e9sidentiel de marque fa\u00e7onn\u00e9 par Dolce &#038; Gabbana. Au lieu de proposer uniquement des logements haut de gamme, le projet se pr\u00e9sente comme une exp\u00e9rience r\u00e9sidentielle enti\u00e8rement pens\u00e9e, avec une identit\u00e9 design forte, des prestations exclusives et une approche du luxe davantage inspir\u00e9e par l\u2019univers de la mode.<\/p>\n\t\t\t\t\t<h3>Quel type de logements et de prestations Design Hills Marbella proposera-t-il ?<\/h3>\n\t\t\t<p>Les informations officielles du projet d\u00e9crivent Design Hills comme un ensemble de 92 r\u00e9sidences grand format sur un terrain de pr\u00e8s de 90 000 m\u00e8tres carr\u00e9s, avec des logements allant d\u2019environ 280 \u00e0 900 m\u00e8tres carr\u00e9s. Parmi les caract\u00e9ristiques pr\u00e9vues figurent des int\u00e9rieurs Dolce &#038; Gabbana Casa, des suites parentales avec vue sur la mer, des espaces ext\u00e9rieurs privatifs et des prestations de style resort telles que des \u00e9quipements sportifs, des espaces spa et bien-\u00eatre, un club priv\u00e9, un pool club, des espaces pour enfants et un boulevard commercial avec des marques de luxe et une offre de restauration signature.<\/p>\n\t\t\t\t\t<h3>Comment Design Hills pourrait-il influencer le march\u00e9 immobilier de luxe \u00e0 Marbella ?<\/h3>\n\t\t\t<p>En tant que l\u2019un des projets r\u00e9sidentiels de marque les plus m\u00e9diatis\u00e9s de Marbella, Design Hills pourrait renforcer davantage le positionnement de la zone sur le march\u00e9 mondial de l\u2019immobilier prime. Ce type de d\u00e9veloppement tend souvent \u00e0 \u00e9lever les attentes en mati\u00e8re de design, de services et d\u2019exclusivit\u00e9, tout en attirant une nouvelle attention internationale sur le Golden Mile.<\/p>\n\t\t\t<\/div>\n\n\n\n\n\t\t<section class=\"container wp-block-acf-inmpropselection\">\n\t\t\t<h2>Unit\u00e9s disponibles \u00e0 la vente dans ce programme immobilier<\/h2>\t\t\t<div class=\"row row-cols-1 row-cols-lg-3 gy-5 g-xxl-5\">\n\t\t\t\t\n<article class=\"col card-properties position-relative d-flex flex-column\">\n\t<div id=\"carouselCardProperties-1-0\" class=\"card-properties-images carousel slide carousel-fade lazy\" data-bs-ride=\"carousel\" data-bs-interval=\"200000\" data-id=\"611151\">\n\t\t<div class=\"carousel-inner\">\n\t\t\t<figure class=\"carousel-item mb-0 active ratio ratio-4x3\">\n\t\t\t\t<picture><source sizes=\"(max-width: 575px) calc(100vw - 24px), (max-width: 767px) 516px, (max-width: 991px) 696px, (max-width: 1199px) 296px, (max-width: 1399px) 356px, 400px\" width=\"696\" height=\"522\" srcset=\"https:\/\/media.panoramamarbella.com\/imgV1\/B95mbh8olwFQm~uCUaVOI2kQT0hb0a8sZ9turUNfnwtvuccYCzs0YVPfPbfkc2VnnN1JFDpkYaGfw1gJsS~5h5U9DEciMmDP2h8e1C93F2lTuMzE0AiZDc0mKchJxCew0Gu8twBtbTjuQdxWe_HofGe8VjF2TlYr4APzm7k~vJkMO7O1zlXuw7V9oKj6Snvffa1kdMMQlLNsOCDQCBCAeQT_z0ShmrqXa8LzqxGn4i34cSq8sTcI3zPTyOQe~PwXqfh36zuhL~XcwaSoxBgrPfQi86QqGmYC~gy_lb6f4g9q8JyjjxrVbNw7Crz64U3yCfr7OGNZxNItdrkBDL8K7bEqBxqfE3nQt4hpHP4F5VDVl3xonLfsDUpIsHBPgXiQAcKT_Nl5pQqmaD4YRqy9LzclztmUwzUXvGKphbqcmM5zTzkB2mDxXqvlrT3laxU2229eg8ww_lAprErkCT3G.webp 696w,https:\/\/media.panoramamarbella.com\/imgV1\/B95mbh8olwFQm~uCUaVOI2kQT0hb0a8sZ9turUNfnwtvuccYCzs0YVPfPbfkc2VnnN1JFDpkYaGfw1gJsS~5h5U9DEciMmDP2h8e1C93F2lTuMzE0AiZDc0mKchJxCew0Gu8twBtbTjuQdxWe_HofGe8VjF2TlYr4APzm7k~vrDlEVBpp1wEhjBSYJJ6_JN3obd4IGn5LftvtqdDK6MF7JvMe7qaXRLN0pacdVXX2Lp8W5pQDqNk43gX142H~FXeA6JnqxWLR1ZMKsHHMTsW8E4XY9RHRk_ko0CUJN544HoYyRQEhZ3YYsymvqFdgdzIuPY3kERX3lIjsKft09Cah2Jisoiyjhy~SUzi1ZRZUGyXFaYZUwuPApeySKDDbZbxuT7Ff4GzIoZV~kAywEfK1RB7W5MwWm6ztkaNsZAzacQUXQPMkD0PkpXe2Vvh5YzlKTuy_Zivzn~j6JPCzozk.webp 400w\" type=\"image\/webp\"><img decoding=\"async\" class=\"position-absolute w-100 h-100 object-fit-cover\" alt=\"Appartement design de cinq chambres dans un complexe luxueux haut de gamme\" loading=\"lazy\" width=\"696\" height=\"522\" src=\"https:\/\/media.panoramamarbella.com\/imgV1\/B95mbh8olwFQm~uCUaVOI2kQT0hb0a8sZ9turUNfnwtvuccYCzs0YVPfPbfkc2VnnN1JFDpkYaGfw1gJsS~5h5U9DEciMmDP2h8e1C93F2lTuMzE0AiZDc0mKchJxCew0Gu8twBtbTjuQdxWe_HofGe8VjF2TlYr4APzm7k~vJkMO7O1zlXuw7V9oKj6VEmkHxjRy9eTQ94AkaNTUjjRDq3s99M7vouzceUGaLevW7KE23CHIyHpIXf6faKUU4pZ4Gkdu38pGn4BXt7jJLNMY_BXxvtBZTA~bdHL8X4KgSnvzPbeLNglkRpljr0gwW5EVyc4lnZMonxplSr~jyPNQqkCiIy9kvZE6kMdx3pGySshXhGbjI~D5MXBObaSFbimwkQSR4AQ2SBcgrh8sNnlpvveUOARODlsxpMYYfjL6vl64eCABo7Z0JqvFFA-.jpg\"><\/picture>\t\t\t<\/figure>\n\t\t\t\t\t\t<span class=\"card-properties-ref position-absolute z-2 bottom-0 end-0 bg-white text-primary py-1 px-3 me-3\">\n\t\t\t\tPANR-15562\t\t\t<\/span>\n\t\t\t<button class=\"card-properties-portfolio d-flex align-items-center justify-content-center position-absolute z-3 end-0 text-white bg-primary me-3 border-0 px-0\" data-pfl-id=\"611151\" data-pfl-filter=\"sale\" aria-label=\"Add to portfolio\">\n\t\t\t\t<svg width=\"18\" fill=\"currentColor\" viewBox=\"0 0 512 512\">\n\t\t\t\t\t<use href=\"https:\/\/www.panoramamarbella.com\/wp-content\/themes\/panoramamarbella\/dist\/src\/images\/icons.svg#svgHeart\"><\/use>\n\t\t\t\t<\/svg>\n\t\t\t\t<svg width=\"18\" fill=\"currentColor\" viewBox=\"0 0 512 512\">\n\t\t\t\t\t<use href=\"https:\/\/www.panoramamarbella.com\/wp-content\/themes\/panoramamarbella\/dist\/src\/images\/icons.svg#svgHeartIn\"><\/use>\n\t\t\t\t<\/svg>\n\t\t\t<\/button>\n\t\t<\/div>\n\t\t\t\t<button\n\t\t\tclass=\"carousel-control-prev\"\n\t\t\ttype=\"button\"\n\t\t\tdata-bs-target=\"#carouselCardProperties-1-0\"\n\t\t\tdata-bs-slide=\"prev\">\n\t\t\t<span class=\"carousel-control-prev-icon\" aria-hidden=\"true\"><\/span>\n\t\t\t<span class=\"visually-hidden\">Pr\u00e9c\u00e9dent<\/span>\n\t\t<\/button>\n\t\t<button\n\t\t\tclass=\"carousel-control-next\"\n\t\t\ttype=\"button\"\n\t\t\tdata-bs-target=\"#carouselCardProperties-1-0\"\n\t\t\tdata-bs-slide=\"next\">\n\t\t\t<span class=\"carousel-control-next-icon\" aria-hidden=\"true\"><\/span>\n\t\t\t<span class=\"visually-hidden\">Suivant<\/span>\n\t\t<\/button>\n\t\t\t<\/div>\n\t<div class=\"d-flex flex-column h-100 px-3 py-4 shadow\">\n\t\t\t\t<h3 class=\"card-properties-title mb-3\">\n\t\t\t<a class=\"stretched-link\" href=\"\/fr\/proprietes\/marbella\/marbella-golden-mile\/design-hills-dolce-gabbana\/appartements-habitats\/PANR-15562\">\n\t\t\t\tAppartement design de cinq chambres dans un complexe luxueux haut de gamme\t\t\t<\/a>\n\t\t<\/h3>\n\t\t<p class=\"mb-3 text-black-dark\">Design Hills Dolce &#038; Gabbana, Marbella Golden Mile<\/p>\n\t\t\t\t\t\t<p class=\"card-properties-description mb-3\">\n\t\t\tSitu\u00e9 dans le quartier prestigieux du Golden Mile de Marbella, ce superbe appartement au troisi\u00e8me \u00e9tage offre un style de vie v\u00e9ritablement raffin\u00e9. Parfaitement positionn\u00e9 \u00e0 seulement 10 minutes \u00e0 pied de la plage, cette&#8230;\t\t<\/p>\n\t\t\t\t<span class=\"card-properties-price mt-auto\">\n\t\t\t\n\t\t\t<span class=\"card-properties-price mt-auto\" data-original-price=\"\">Prix sur demande<\/span>\n\t\t\t\t<\/span>\n\t\t\t\t<ul class=\"card-properties-features list-unstyled d-flex flex-wrap align-items-center gap-3 pt-3 border-top mt-3 mb-0\">\n\t\t\t<li class=\"d-flex align-items-center\">5 Chambres<\/li><li class=\"d-flex align-items-center\">5 Bains<\/li>\t\t\t\t<li class=\"d-flex align-items-center\">\n\t\t\t\t\t <span class=\"me-1\" data-original-value=\"379\" data-original-unit=\"m&#038;sup2\">379 m&sup2;<\/span>Total\t\t\t\t<\/li>\n\t\t\t\t\t\t\t<li class=\"d-flex align-items-center\">\n\t\t\t\t\t <span class=\"me-1\" data-original-value=\"252\" data-original-unit=\"m&#038;sup2\">252 m&sup2;<\/span>Construit\t\t\t\t<\/li>\n\t\t\t\t\t\t\t<li class=\"d-flex align-items-center\">\n\t\t\t\t\t <span class=\"me-1\" data-original-value=\"127\" data-original-unit=\"m&#038;sup2\">127 m&sup2;<\/span>Terrasses\t\t\t\t<\/li>\n\t\t\t\t\t<\/ul>\n\t\t\t<\/div>\n<\/article>\n\n\n<article class=\"col card-properties position-relative d-flex flex-column\">\n\t<div id=\"carouselCardProperties-1-1\" class=\"card-properties-images carousel slide carousel-fade lazy\" data-bs-ride=\"carousel\" data-bs-interval=\"200000\" data-id=\"550906\">\n\t\t<div class=\"carousel-inner\">\n\t\t\t<figure class=\"carousel-item mb-0 active ratio ratio-4x3\">\n\t\t\t\t<picture><source sizes=\"(max-width: 575px) calc(100vw - 24px), (max-width: 767px) 516px, (max-width: 991px) 696px, (max-width: 1199px) 296px, (max-width: 1399px) 356px, 400px\" width=\"696\" height=\"522\" srcset=\"https:\/\/media.panoramamarbella.com\/imgV1\/B95mbh8olwFQm~uCUaVOI2kQT0hb0a8sZ9turUNfnwtvuccYCzs0YVPfPbfkc2VnnN1JFDpkYaGfw1gJsS~5h5CGAgGXHRRVxGEh84ThSEfRsw~r23j5pg~IYP2irKQXxDkk4K5U1Pzk9mgkTR4h8kaV9ro4HuBXoyN7KClfOmjIAyUA6cCK9NczTv6aBXEMDPwAesATqkdGjiOedJ2Ftd4hxeGnxR5fZB3IL4umWaZvsmaBiB6DmpL4QzCJaB~5c__nsuAW6TWQ94nlH7a1olHrPHRYJBfzbOoIO0Tc0h3c6KyTkty9Ak71Rc~qLabOv3oNte5C5PuJYsOL_PM678t3j0pJPoOvS8wNouB~cBLv2RFwAwMUHivvTpuVynWh7JfebfXwF_CYEyIfKRTtLPMYNXr0OoNdzNl1WOrDc_V1LPxfgacqRZXn0tqwa6kvRDLRtzG7Hyj10qQ3J8KA.webp 696w,https:\/\/media.panoramamarbella.com\/imgV1\/B95mbh8olwFQm~uCUaVOI2kQT0hb0a8sZ9turUNfnwtvuccYCzs0YVPfPbfkc2VnnN1JFDpkYaGfw1gJsS~5h5CGAgGXHRRVxGEh84ThSEfRsw~r23j5pg~IYP2irKQXxDkk4K5U1Pzk9mgkTR4h8kaV9ro4HuBXoyN7KClfOGUHYpxJ5sOB5m58Wrws6ta7IyzIH2UGgwfy_OZFzrFErJHlZ1aNSq8LUz55Pe6fLhvOtJDJbp~7vJGup0Ud45FUjKBWeaKEh5aReB5vu~_wJKv6azserzzOJZX30eQKLFLJ9Bj6b86Xf~id9BvQPzBL4fI1eXw2UwBR0r6_yD7XGTnHcAEzXQiAe99JCWVPVjqlVbf6AtCb4zvw~sHmW2HDltW915jf6VHLQdxIdZrp7_sFXLbILINMD4hqs60H89DSg8tGWGP0oB_5N~v5JJkAh~NB8gzkFB6yzedALY3L.webp 400w\" type=\"image\/webp\"><img decoding=\"async\" class=\"position-absolute w-100 h-100 object-fit-cover\" alt=\"Appartement sophistiqu\u00e9 avec vues spectaculaires dans une communaut\u00e9 de luxe sur le Golden Mile\" loading=\"lazy\" width=\"696\" height=\"522\" src=\"https:\/\/media.panoramamarbella.com\/imgV1\/B95mbh8olwFQm~uCUaVOI2kQT0hb0a8sZ9turUNfnwtvuccYCzs0YVPfPbfkc2VnnN1JFDpkYaGfw1gJsS~5h5CGAgGXHRRVxGEh84ThSEfRsw~r23j5pg~IYP2irKQXxDkk4K5U1Pzk9mgkTR4h8kaV9ro4HuBXoyN7KClfOmjIAyUA6cCK9NczTv6aG_K5AmoxQuEWaQLQmFgae7NcY7FnPEFuEyFjPDZNu66nOmXGRsI_rbR7t1JFPLza0B77uzDkOYDu9u67MmuvxzDk06Zua1YtP5WZeWmDZgqSLHkhoFwS2rhilvlX_Rsz~2MmeBb2fbFphlkO9MtCJh0NH0rEteyaK8ojJj6SaXdYLpTNTq2qxT7JAJ4wUgPTERNmM9tjHdwBX6FauxlYD4U5SbNu4TyLR8WsUeroPBE84uzLJKvpfWqcfnRLetc-.jpg\"><\/picture>\t\t\t<\/figure>\n\t\t\t\t\t\t<span class=\"card-properties-ref position-absolute z-2 bottom-0 end-0 bg-white text-primary py-1 px-3 me-3\">\n\t\t\t\tPANR-15041\t\t\t<\/span>\n\t\t\t<button class=\"card-properties-portfolio d-flex align-items-center justify-content-center position-absolute z-3 end-0 text-white bg-primary me-3 border-0 px-0\" data-pfl-id=\"550906\" data-pfl-filter=\"sale\" aria-label=\"Add to portfolio\">\n\t\t\t\t<svg width=\"18\" fill=\"currentColor\" viewBox=\"0 0 512 512\">\n\t\t\t\t\t<use href=\"https:\/\/www.panoramamarbella.com\/wp-content\/themes\/panoramamarbella\/dist\/src\/images\/icons.svg#svgHeart\"><\/use>\n\t\t\t\t<\/svg>\n\t\t\t\t<svg width=\"18\" fill=\"currentColor\" viewBox=\"0 0 512 512\">\n\t\t\t\t\t<use href=\"https:\/\/www.panoramamarbella.com\/wp-content\/themes\/panoramamarbella\/dist\/src\/images\/icons.svg#svgHeartIn\"><\/use>\n\t\t\t\t<\/svg>\n\t\t\t<\/button>\n\t\t<\/div>\n\t\t\t\t<button\n\t\t\tclass=\"carousel-control-prev\"\n\t\t\ttype=\"button\"\n\t\t\tdata-bs-target=\"#carouselCardProperties-1-1\"\n\t\t\tdata-bs-slide=\"prev\">\n\t\t\t<span class=\"carousel-control-prev-icon\" aria-hidden=\"true\"><\/span>\n\t\t\t<span class=\"visually-hidden\">Pr\u00e9c\u00e9dent<\/span>\n\t\t<\/button>\n\t\t<button\n\t\t\tclass=\"carousel-control-next\"\n\t\t\ttype=\"button\"\n\t\t\tdata-bs-target=\"#carouselCardProperties-1-1\"\n\t\t\tdata-bs-slide=\"next\">\n\t\t\t<span class=\"carousel-control-next-icon\" aria-hidden=\"true\"><\/span>\n\t\t\t<span class=\"visually-hidden\">Suivant<\/span>\n\t\t<\/button>\n\t\t\t<\/div>\n\t<div class=\"d-flex flex-column h-100 px-3 py-4 shadow\">\n\t\t\t\t<h3 class=\"card-properties-title mb-3\">\n\t\t\t<a class=\"stretched-link\" href=\"\/fr\/proprietes\/marbella\/marbella-golden-mile\/design-hills-dolce-gabbana\/appartements-habitats\/PANR-15041\">\n\t\t\t\tAppartement sophistiqu\u00e9 avec vues spectaculaires dans une communaut\u00e9 de luxe sur le Golden Mile\t\t\t<\/a>\n\t\t<\/h3>\n\t\t<p class=\"mb-3 text-black-dark\">Design Hills Dolce &#038; Gabbana, Marbella Golden Mile<\/p>\n\t\t\t\t\t\t<p class=\"card-properties-description mb-3\">\n\t\t\tCet \u00e9l\u00e9gant appartement au premier \u00e9tage est situ\u00e9 dans l\u2019un des quartiers r\u00e9sidentiels les plus prestigieux du Golden Mile de Marbella, offrant un style de vie luxueux dans un emplacement in\u00e9gal\u00e9. \u00c0 seulement 10 minutes&#8230;\t\t<\/p>\n\t\t\t\t<span class=\"card-properties-price mt-auto\">\n\t\t\t\n\t\t\t<span class=\"card-properties-price mt-auto\" data-original-price=\"\">Prix sur demande<\/span>\n\t\t\t\t<\/span>\n\t\t\t\t<ul class=\"card-properties-features list-unstyled d-flex flex-wrap align-items-center gap-3 pt-3 border-top mt-3 mb-0\">\n\t\t\t<li class=\"d-flex align-items-center\">4 Chambres<\/li><li class=\"d-flex align-items-center\">4 Bains<\/li>\t\t\t\t<li class=\"d-flex align-items-center\">\n\t\t\t\t\t <span class=\"me-1\" data-original-value=\"340\" data-original-unit=\"m&#038;sup2\">340 m&sup2;<\/span>Total\t\t\t\t<\/li>\n\t\t\t\t\t\t\t<li class=\"d-flex align-items-center\">\n\t\t\t\t\t <span class=\"me-1\" data-original-value=\"230\" data-original-unit=\"m&#038;sup2\">230 m&sup2;<\/span>Construit\t\t\t\t<\/li>\n\t\t\t\t\t\t\t<li class=\"d-flex align-items-center\">\n\t\t\t\t\t <span class=\"me-1\" data-original-value=\"110\" data-original-unit=\"m&#038;sup2\">110 m&sup2;<\/span>Terrasses\t\t\t\t<\/li>\n\t\t\t\t\t<\/ul>\n\t\t\t<\/div>\n<\/article>\n\n\n<article class=\"col card-properties position-relative d-flex flex-column\">\n\t<div id=\"carouselCardProperties-1-2\" class=\"card-properties-images carousel slide carousel-fade lazy\" data-bs-ride=\"carousel\" data-bs-interval=\"200000\" data-id=\"500156\">\n\t\t<div class=\"carousel-inner\">\n\t\t\t<figure class=\"carousel-item mb-0 active ratio ratio-4x3\">\n\t\t\t\t<picture><source sizes=\"(max-width: 575px) calc(100vw - 24px), (max-width: 767px) 516px, (max-width: 991px) 696px, (max-width: 1199px) 296px, (max-width: 1399px) 356px, 400px\" width=\"696\" height=\"522\" srcset=\"https:\/\/media.panoramamarbella.com\/imgV1\/B95mbh8olwFQm~uCUaVOI2kQT0hb0a8sZ9turUNfnwtvuccYCzs0YVPfPbfkc2VnnN1JFDpkYaGfw1gJsS~5hpdivnal~tPhS0QbYa9cZPl5ZC1BtDcAgIjoQMrHojhsxbrpF8ki4iAQM3pmbBIhUWcVz28eDemp8K4Gu2mLJ_jK33sjmkKGH3OXO2jgvj~9UVBqnxDjpph0Tzp~HkA5~kDyUG8zHnoVNOFnhyMdgaeIpte~vOKHM1QQWLAjvwUjt1OxXQkmCKJEAfAAN9fFBfEaA9KNDaqDiKKRP3dwlf6StLMrGoYdYJECtlnHb4ciq~jHHzBun_j_VBdHYGpa2wXVBMr65Ghv50eG1Bwwp6MQ2HNPAza0aPtteu92sPokWhj2bklAC6bOLMWWEF4JVCrXz9Hk1rQnFhXHWR728Tyqp16qeruAO4KsiDKiftdNTJSNvSRTT_ZUY67YSIOS.webp 696w,https:\/\/media.panoramamarbella.com\/imgV1\/B95mbh8olwFQm~uCUaVOI2kQT0hb0a8sZ9turUNfnwtvuccYCzs0YVPfPbfkc2VnnN1JFDpkYaGfw1gJsS~5hpdivnal~tPhS0QbYa9cZPl5ZC1BtDcAgIjoQMrHojhsxbrpF8ki4iAQM3pmbBIhUWcVz28eDemp8K4Gu2mLJUAnXyKB1WFrNLkc1GBw4MrKpAX33UHzPO66x5JF6X8iiJa9C3MpPYraa3qeS948yz2cHixjjqXWGa8XEfBMK46oa8iXcuWthSTkTYvEzEjVr2dCQUO2AhQtIF5dZvHddtXQC0jzD0e4waDEUpTqKFvgoYiEJlMEVkaMECRytmvXHP4yFaB1oa9Y9~G~cGIPNkmdQVgVf26cf5zMtDapQUY9GHjrewdSU66dqRWiGUMoCvxTZQ5hoD_m6lqw6V~7xwX1jzKJzjcIUlr9HwLVzlhlmaRrMwd0~dSu2iMiW5Dg.webp 400w\" type=\"image\/webp\"><img decoding=\"async\" class=\"position-absolute w-100 h-100 object-fit-cover\" alt=\"Appartement duplex de luxe avec jardin et piscine priv\u00e9e dans un complexe sign\u00e9 Dolce &amp; Gabbana\" loading=\"lazy\" width=\"696\" height=\"522\" src=\"https:\/\/media.panoramamarbella.com\/imgV1\/B95mbh8olwFQm~uCUaVOI2kQT0hb0a8sZ9turUNfnwtvuccYCzs0YVPfPbfkc2VnnN1JFDpkYaGfw1gJsS~5hpdivnal~tPhS0QbYa9cZPl5ZC1BtDcAgIjoQMrHojhsxbrpF8ki4iAQM3pmbBIhUWcVz28eDemp8K4Gu2mLJ_jK33sjmkKGH3OXO2jgoI1iDV7CbEzuP1Qqsa41Asqdcm8xIkUwqkOhbviGOuiHOG~1Evkr2AaYCWDBshmZyp1Vsd53medofyoDe4LSJoRqiu7X66nvm6tSg~KfbnR0Uudev4UWGiUwaXnxcZWKqhq~~EPDWinsjfQpTGVWpUok11BoCOD830~DKrmKaMujOxHwhB~PnJELfG4cWBdtxsk6UQc8~6RuHUnguJMOBpXmeIW9crHiKH2er0wc6e61jA7odD6JWP5lB~EMNOw-.jpg\"><\/picture>\t\t\t<\/figure>\n\t\t\t\t\t\t<span class=\"card-properties-ref position-absolute z-2 bottom-0 end-0 bg-white text-primary py-1 px-3 me-3\">\n\t\t\t\tPANR-14492\t\t\t<\/span>\n\t\t\t<button class=\"card-properties-portfolio d-flex align-items-center justify-content-center position-absolute z-3 end-0 text-white bg-primary me-3 border-0 px-0\" data-pfl-id=\"500156\" data-pfl-filter=\"sale\" aria-label=\"Add to portfolio\">\n\t\t\t\t<svg width=\"18\" fill=\"currentColor\" viewBox=\"0 0 512 512\">\n\t\t\t\t\t<use href=\"https:\/\/www.panoramamarbella.com\/wp-content\/themes\/panoramamarbella\/dist\/src\/images\/icons.svg#svgHeart\"><\/use>\n\t\t\t\t<\/svg>\n\t\t\t\t<svg width=\"18\" fill=\"currentColor\" viewBox=\"0 0 512 512\">\n\t\t\t\t\t<use href=\"https:\/\/www.panoramamarbella.com\/wp-content\/themes\/panoramamarbella\/dist\/src\/images\/icons.svg#svgHeartIn\"><\/use>\n\t\t\t\t<\/svg>\n\t\t\t<\/button>\n\t\t<\/div>\n\t\t\t\t<button\n\t\t\tclass=\"carousel-control-prev\"\n\t\t\ttype=\"button\"\n\t\t\tdata-bs-target=\"#carouselCardProperties-1-2\"\n\t\t\tdata-bs-slide=\"prev\">\n\t\t\t<span class=\"carousel-control-prev-icon\" aria-hidden=\"true\"><\/span>\n\t\t\t<span class=\"visually-hidden\">Pr\u00e9c\u00e9dent<\/span>\n\t\t<\/button>\n\t\t<button\n\t\t\tclass=\"carousel-control-next\"\n\t\t\ttype=\"button\"\n\t\t\tdata-bs-target=\"#carouselCardProperties-1-2\"\n\t\t\tdata-bs-slide=\"next\">\n\t\t\t<span class=\"carousel-control-next-icon\" aria-hidden=\"true\"><\/span>\n\t\t\t<span class=\"visually-hidden\">Suivant<\/span>\n\t\t<\/button>\n\t\t\t<\/div>\n\t<div class=\"d-flex flex-column h-100 px-3 py-4 shadow\">\n\t\t\t\t<h3 class=\"card-properties-title mb-3\">\n\t\t\t<a class=\"stretched-link\" href=\"\/fr\/proprietes\/marbella\/marbella-golden-mile\/design-hills-dolce-gabbana\/appartements-habitats\/PANR-14492\">\n\t\t\t\tAppartement duplex de luxe avec jardin et piscine priv\u00e9e dans un complexe sign\u00e9 Dolce &amp; Gabbana\t\t\t<\/a>\n\t\t<\/h3>\n\t\t<p class=\"mb-3 text-black-dark\">Design Hills Dolce &#038; Gabbana, Marbella Golden Mile<\/p>\n\t\t\t\t\t\t<p class=\"card-properties-description mb-3\">\n\t\t\tSitu\u00e9 au c\u0153ur de la prestigieuse Golden Mile de Marbella, cet exceptionnel appartement duplex de trois chambres incarne le summum du raffinement c\u00f4tier. Nich\u00e9 dans une r\u00e9sidence s\u00e9curis\u00e9e de grand standing \u00e0 seulement 10 minutes&#8230;\t\t<\/p>\n\t\t\t\t<span class=\"card-properties-price mt-auto\">\n\t\t\t\n\t\t\t<span class=\"card-properties-price mt-auto\" data-original-price=\"\">Prix sur demande<\/span>\n\t\t\t\t<\/span>\n\t\t\t\t<ul class=\"card-properties-features list-unstyled d-flex flex-wrap align-items-center gap-3 pt-3 border-top mt-3 mb-0\">\n\t\t\t<li class=\"d-flex align-items-center\">3 Chambres<\/li><li class=\"d-flex align-items-center\">3 Bains<\/li>\t\t\t\t<li class=\"d-flex align-items-center\">\n\t\t\t\t\t <span class=\"me-1\" data-original-value=\"434\" data-original-unit=\"m&#038;sup2\">434 m&sup2;<\/span>Total\t\t\t\t<\/li>\n\t\t\t\t\t\t\t<li class=\"d-flex align-items-center\">\n\t\t\t\t\t <span class=\"me-1\" data-original-value=\"119\" data-original-unit=\"m&#038;sup2\">119 m&sup2;<\/span>Terrain\t\t\t\t<\/li>\n\t\t\t\t\t\t\t\t<li class=\"d-flex align-items-center\">\n\t\t\t\t\t <span class=\"me-1\" data-original-value=\"424\" data-original-unit=\"m&#038;sup2\">424 m&sup2;<\/span>Construit\t\t\t\t<\/li>\n\t\t\t\t\t\t\t<li class=\"d-flex align-items-center\">\n\t\t\t\t\t <span class=\"me-1\" data-original-value=\"10\" data-original-unit=\"m&#038;sup2\">10 m&sup2;<\/span>Terrasses\t\t\t\t<\/li>\n\t\t\t\t\t<\/ul>\n\t\t\t<\/div>\n<\/article>\n\t\t\t<\/div>\n\t\t\t<ul class=\"mw-100 d-flex flex-column flex-lg-row flex-lg-wrap justify-content-center gap-3 list-unstyled mt-5 mb-0\">\n    <li><a class=\"btn btn-primary w-100 px-4 py-2\" href=\"https:\/\/www.panoramamarbella.com\/fr\/proprietes\/marbella\/marbella-golden-mile\/design-hills-dolce--gabbana\">Propri\u00e9t\u00e9s \u00e0 vendre dans ce secteur<\/a><\/li><\/ul>\n\t\t<\/section>\n\t\t\n","protected":false},"excerpt":{"rendered":"<p>D\u00e9couvrez \u00e0 Design Hills Marbella l\u2019alliance exquise du luxe et du raffinement dans le nouveau projet de Dolce &#038; Gabbana \u00e0 Marbella.<\/p>\n","protected":false},"author":8,"featured_media":813,"comment_status":"closed","ping_status":"closed","sticky":false,"template":"","format":"standard","meta":{"_acf_changed":false,"footnotes":""},"categories":[45],"tags":[],"class_list":["post-38239","post","type-post","status-publish","format-standard","has-post-thumbnail","hentry","category-actualites-secteur-immobilier"],"acf":[],"_links":{"self":[{"href":"https:\/\/www.panoramamarbella.com\/fr\/wp-json\/wp\/v2\/posts\/38239","targetHints":{"allow":["GET"]}}],"collection":[{"href":"https:\/\/www.panoramamarbella.com\/fr\/wp-json\/wp\/v2\/posts"}],"about":[{"href":"https:\/\/www.panoramamarbella.com\/fr\/wp-json\/wp\/v2\/types\/post"}],"author":[{"embeddable":true,"href":"https:\/\/www.panoramamarbella.com\/fr\/wp-json\/wp\/v2\/users\/8"}],"replies":[{"embeddable":true,"href":"https:\/\/www.panoramamarbella.com\/fr\/wp-json\/wp\/v2\/comments?post=38239"}],"version-history":[{"count":1,"href":"https:\/\/www.panoramamarbella.com\/fr\/wp-json\/wp\/v2\/posts\/38239\/revisions"}],"predecessor-version":[{"id":38370,"href":"https:\/\/www.panoramamarbella.com\/fr\/wp-json\/wp\/v2\/posts\/38239\/revisions\/38370"}],"wp:featuredmedia":[{"embeddable":true,"href":"https:\/\/www.panoramamarbella.com\/fr\/wp-json\/wp\/v2\/media\/813"}],"wp:attachment":[{"href":"https:\/\/www.panoramamarbella.com\/fr\/wp-json\/wp\/v2\/media?parent=38239"}],"wp:term":[{"taxonomy":"category","embeddable":true,"href":"https:\/\/www.panoramamarbella.com\/fr\/wp-json\/wp\/v2\/categories?post=38239"},{"taxonomy":"post_tag","embeddable":true,"href":"https:\/\/www.panoramamarbella.com\/fr\/wp-json\/wp\/v2\/tags?post=38239"}],"curies":[{"name":"wp","href":"https:\/\/api.w.org\/{rel}","templated":true}]}}