{"id":38459,"date":"2023-11-27T10:06:00","date_gmt":"2023-11-27T09:06:00","guid":{"rendered":"https:\/\/www.panoramamarbella.com\/news\/branded-residences-in-marbella"},"modified":"2026-03-12T16:58:54","modified_gmt":"2026-03-12T15:58:54","slug":"residences-de-marque-a-marbella","status":"publish","type":"post","link":"https:\/\/www.panoramamarbella.com\/fr\/news\/residences-de-marque-a-marbella","title":{"rendered":"R\u00e9sidences de marque \u00e0 Marbella"},"content":{"rendered":"\n\n<h2 class=\"wp-block-heading\">Un aper\u00e7u des nouvelles r\u00e9sidences de marque \u00e0 Marbella en cours de construction<\/h2>\n\n\n\n<p>Les r\u00e9sidences de marque ont connu un essor consid\u00e9rable ces derni\u00e8res ann\u00e9es aupr\u00e8s des acheteurs fortun\u00e9s. Pourtant, le concept n\u2019est pas nouveau et remonte aux ann\u00e9es folles, lorsqu\u2019un h\u00f4tel embl\u00e9matique de la Cinqui\u00e8me Avenue \u00e0 New York annon\u00e7a la mise en vente de 165 appartements luxueux avec tous les avantages d\u2019un s\u00e9jour dans un h\u00f4tel cinq \u00e9toiles.<\/p>\n\n\n\n<ul class=\"table-index list-unstyled p-4 p-lg-5 ms-0 bg-light\"><li class=\"text-uppercase fw-bold mb-3\">Table des mati\u00e8res<\/li><li><a href=\"#un+apercu+des+nouvelles+residences+de+marque+a+marbella+en+cours+de+construction\">\nUn aper\u00e7u des nouvelles r\u00e9sidences de marque \u00e0 Marbella en cours de construction\n<\/a><\/li>\n<li><a href=\"#les+residences+de+marque+arrivent+a+marbella\">\nLes r\u00e9sidences de marque arrivent \u00e0 Marbella\n<\/a><\/li>\n<li><a href=\"#que+sont+les+residences+de+marque\">\nQue sont les r\u00e9sidences de marque?\n<\/a><\/li>\n<li><a href=\"#marbella+design+hills+by+dolce++gabbana\">\nMarbella Design Hills by Dolce &amp; Gabbana\n<\/a><\/li>\n<li><a href=\"#epic+marbella+by+fendi+casa\">\nEPIC Marbella by Fendi Casa\n<\/a><\/li>\n<li><a href=\"#karl+lagerfeld+villas\">\nKarl Lagerfeld Villas\n<\/a><\/li>\n<li><a href=\"#lattrait+international+delie+saab+villas+marbella+by+urbania\">\nL\u2019attrait international d\u2019Elie Saab Villas Marbella by Urbania\n<\/a><\/li>\n<li><a href=\"#four+seasons+marbella\">\nFour Seasons Marbella\n<\/a><\/li>\n<li><a href=\"#tierra+viva+marbella+benahavis+darglobal+automobili+lamborghini\">\nTierra Viva Marbella Benahav\u00eds DarGlobal Automobili Lamborghini\n<\/a><\/li>\n<li><a href=\"#finca+cortesin+marea+interiors+by+missoni\">\nFinca Cortesin, Marea Interiors by Missoni\n<\/a><\/li>\n<li><a href=\"#w+resort+marbella+by+marriott\">\nW Resort Marbella by Marriott\n<\/a><\/li><\/ul>\n\n\n\n<h2 class=\"wp-block-heading\">Les r\u00e9sidences de marque arrivent \u00e0 Marbella<\/h2>\n\n\n\n<p>On compte aujourd\u2019hui plus de 400 projets de r\u00e9sidences de marque \u00e0 travers le monde. Si la plupart sont li\u00e9es \u00e0 des enseignes h\u00f4teli\u00e8res, d\u2019autres se sont associ\u00e9es \u00e0 des marques de luxe aussi diverses que Versace, Porsche ou Armani. Et d\u00e9sormais \u00e0 Marbella, Automobili Lamborghini, Dolce &amp; Gabbana, Fendi Casa, Elie Saab, Karl Lagerfeld et d\u2019autres encore.<\/p>\n\n\n\n<h2 class=\"wp-block-heading\">Que sont les r\u00e9sidences de marque?<\/h2>\n\n\n\n<p>Les r\u00e9sidences de marque sont en r\u00e9alit\u00e9 le fruit d\u2019un partenariat entre une marque reconnue et des promoteurs confirm\u00e9s et sophistiqu\u00e9s, au <strong>b\u00e9n\u00e9fice de toutes les parties<\/strong>.<\/p>\n\n\n\n<p>Les r\u00e9sidences de marque garantissent aux acqu\u00e9reurs le plus haut niveau de qualit\u00e9 en mati\u00e8re de design, de finitions et d\u2019installations techniques disponible dans le monde.<\/p>\n\n\n\n<h3 class=\"wp-block-heading\">Les avantages des r\u00e9sidences de marque<\/h3>\n\n\n\n<ul class=\"wp-block-list\">\n<li><strong>La marque b\u00e9n\u00e9ficie<\/strong> d\u2019une visibilit\u00e9 consid\u00e9rable, ainsi que des revenus issus des redevances de licence et d\u2019un approfondissement de la relation avec sa client\u00e8le.<\/li>\n\n\n\n<li><strong>Le promoteur b\u00e9n\u00e9ficie<\/strong> de la possibilit\u00e9 de diff\u00e9rencier son produit des autres sur le march\u00e9, d\u2019\u00e9largir sa client\u00e8le en y int\u00e9grant les adeptes de la marque concern\u00e9e, d\u2019appliquer un prix premium gr\u00e2ce au prestige de la marque, ainsi que du sentiment de garantie per\u00e7u par l\u2019acheteur lorsqu\u2019il acquiert un produit de qualit\u00e9 associ\u00e9 \u00e0 une marque.<\/li>\n\n\n\n<li><strong>L\u2019acheteur b\u00e9n\u00e9ficie<\/strong> d\u2019une qualit\u00e9 extr\u00eamement \u00e9lev\u00e9e et d\u2019une attention m\u00e9ticuleuse port\u00e9e aux d\u00e9tails, impos\u00e9es par la marque dans tous les aspects de la construction, du d\u00e9veloppement lui-m\u00eame et de sa gestion une fois le projet achev\u00e9 ; de prestations de design et de finitions de niveau international ; du prestige associ\u00e9 \u00e0 la marque ; ainsi que d\u2019un potentiel locatif accru gr\u00e2ce \u00e0 cette association.<\/li>\n<\/ul>\n\n\n\n<p>Plongeons \u00e0 pr\u00e9sent dans les nouveaux d\u00e9veloppements luxueux et en vogue \u00e0 Marbella.<\/p>\n\n\n\n<h2 class=\"wp-block-heading\">Marbella Design Hills by Dolce &amp; Gabbana<\/h2>\n\n\n\t<figure class=\"wp-caption aligncenter wp-block-acf-wpimage\">\n\t<picture><source width=\"700\" height=\"350\" srcset=\"https:\/\/media.panoramamarbella.com\/imgV1\/B95mbh8olwFQm~uCT2wPZMb8hll4wghQQQq6YWg0~c~U_DrmgY8pGP8pqaDzA6mvjyI_OPtcrHD_aKxFyjefZj4AxkzQPj2Tnnmtyjh6~V_pc03hnpLU6ClJ2kqwsrr~7__OrGz_9RgYWFaIDMo00J8fjZt1GKi3PxAFrw9TEO~tvR4bRf3ZAgzxiNlJbkIXNor5j6OYXPyqNo_5sa4goTP51FJy.webp 700w\" type=\"image\/webp\"><img decoding=\"async\" class=\"img-fluid\" loading=\"lazy\" width=\"700\" height=\"350\" alt=\"R\u00e9sidences de marque. R\u00e9sidences de marque \u00e0 Marbella : nouveau projet Design Hills by Dolce &amp; Gabbana\" src=\"https:\/\/media.panoramamarbella.com\/imgV1\/B95mbh8olwFQm~uCT2wPZMb8hll4wghQQQq6YWg0~c~U_DrmgY8pGP8pqaDzA6mvjyI_OPtcrHD_aKxFyjefZj4AxkzQPj2Tnnmtyjh6~V_pc03hnpLU6ClJ2kqwsrr~7__OrGz_9RgYWFaIDMo00J8fjZt1GKi3PxAFrw9TEO~to_arCLP12kwfnOinT9j6L4w-.webp\"><\/picture>\t\t\t<figcaption class=\"wp-caption-text\">\n\t\tMarbella Design Hills by Dolce &#038; Gabbana\t\t<\/figcaption>\n\t\t\t<\/figure>\n\t\n\n\n<p>Dolce &amp; Gabbana a lanc\u00e9 son premier projet immobilier de marque en Europe, baptis\u00e9 \u00ab Marbella Design Hills \u00bb, situ\u00e9 sur le Golden Mile de Marbella. Ce d\u00e9veloppement exclusif comprend 92 r\u00e9sidences de luxe r\u00e9parties sur 90 000 m\u00e8tres carr\u00e9s, con\u00e7ues dans une esth\u00e9tique m\u00e9diterran\u00e9enne et dot\u00e9es d\u2019\u00e9quipements de pointe. Ces logements, offrant de superbes vues sur la mer, disposent notamment d\u2019ascenseurs privatifs, de piscines en rooftop et d\u2019int\u00e9rieurs opulents.<\/p>\n\n\n\n<p>Le projet r\u00e9unit de grands architectes et designers avec l\u2019ambition de fixer un nouveau standard du luxe r\u00e9sidentiel \u00e0 Marbella. La livraison est pr\u00e9vue pour 2026, avec des prix allant de 3 \u00e0 20 millions d\u2019euros.<\/p>\n\n\n\n<p>Marbella Design Hills repr\u00e9sente une expansion importante de la marque Dolce &amp; Gabbana sur le march\u00e9 de l\u2019immobilier de luxe, en associant son style embl\u00e9matique \u00e0 un design r\u00e9sidentiel haut de gamme. Ce projet confirme le statut de Marbella comme l\u2019une des grandes destinations europ\u00e9ennes du luxe r\u00e9sidentiel.<\/p>\n\n\n\n<p>Plus d\u2019informations sur ce projet : <a href=\"https:\/\/www.panoramamarbella.com\/fr\/news\/design-hills-marbella-residences\" data-type=\"post\" data-id=\"708\">Design Hills Marbella by Dolce &amp; Gabbana<\/a>.<\/p>\n\n\n\n<p>D\u00e9couvrez-en plus sur ce nouveau programme : <a href=\"https:\/\/www.panoramamarbella.com\/fr\/developpements\/marbella\/marbella-golden-mile\/design-hills-dolce-gabbana\/PANR-00552G\" data-type=\"link\" data-id=\"https:\/\/www.panoramamarbella.com\/fr\/developpements\/marbella\/marbella-golden-mile\/design-hills-dolce-gabbana\/PANR-00552G\">Design Hills New Development<\/a>.<\/p>\n\n\n\n<p>Consultez les <a href=\"https:\/\/www.panoramamarbella.com\/fr\/proprietes\/marbella\/marbella-golden-mile\/design-hills-dolce--gabbana\" data-type=\"link\" data-id=\"https:\/\/www.panoramamarbella.com\/fr\/proprietes\/marbella\/marbella-golden-mile\/design-hills-dolce--gabbana\">propri\u00e9t\u00e9s \u00e0 vendre \u00e0 Marbella Design Hills by Dolce &amp; Gabbana<\/a>.<\/p>\n\n\n<article class=\"col w-100 position-relative mb-5 wp-block-acf-banner\">\n    <div class=\"d-flex flex-wrap flex-column flex-xl-row align-items-start align-items-xl-end gap-4 w-100 bg-secondary text-white p-4\">\n        <div class=\"d-flex flex-column\">\n\t\t\t            <a href=\"https:\/\/www.panoramamarbella.com\/fr\/bulletin-information-sur-immobilier\" class=\"stretched-link text-white text-decoration-none\" title=\"Vous avez aim\u00e9 ce que vous avez lu ?\">\n\t\t\t\t<h2 class=\"text-white mb-3\">Vous avez aim\u00e9 ce que vous avez lu ?<\/h2>            <\/a>\n\t\t\t            <p class=\"mb-0\">\n                Abonnez-vous \u00e0 notre newsletter pour recevoir des articles captivants, du contenu exclusif et les derni\u00e8res actualit\u00e9s.            <\/p>\n\t\t\t        <\/div>\n\t\t        <span class=\"btn btn-outline-light ms-xl-auto\">Panorama newsletter<\/span>\n\t\t    <\/div>\n<\/article>\n\n\n\n\n<h2 class=\"wp-block-heading\">EPIC Marbella by Fendi Casa<\/h2>\n\n\n\t<figure class=\"wp-caption aligncenter wp-block-acf-wpimage\">\n\t<picture><source width=\"700\" height=\"350\" srcset=\"https:\/\/media.panoramamarbella.com\/imgV1\/B95mbh8olwFQm~uCT2wPZMb8hll4wghQQQq6YWg0~c~U_DrmgY8pGP8pqaDzA6mvjyI_OPtcrHD_aKxCvYKLjaBOlpc8KhuSbyB_fYHdsZO0XQ3WJvhCJkSyvKXUGbsaAS5RKA3IHwuCKqVEEbItmPmLnh8kUckrKwxyxih5ftabAvCpOsOChsR7Q~DqQGn3kzIgRYFHJlffBJQD.webp 700w\" type=\"image\/webp\"><img decoding=\"async\" class=\"img-fluid\" loading=\"lazy\" width=\"700\" height=\"350\" alt=\"R\u00e9sidences de marque. EPIC Marbella by FENDI Casa\" src=\"https:\/\/media.panoramamarbella.com\/imgV1\/B95mbh8olwFQm~uCT2wPZMb8hll4wghQQQq6YWg0~c~U_DrmgY8pGP8pqaDzA6mvjyI_OPtcrHD_aKxCvYKLjaBOlpc8KhuSbyB_fYHdsZO0XQ3WJvhCJkSyvKXUGbsaAS5RKA3IHwuCKqVEEbItmPmLnh8kUckrNd0mY~XsVkRmiX5X8KsnWxU-.webp\"><\/picture>\t\t\t<figcaption class=\"wp-caption-text\">\n\t\tEPIC MARBELLA meubl\u00e9 par FENDI CASA\t\t<\/figcaption>\n\t\t\t<\/figure>\n\t\n\n\n<p>Il s\u2019agit d\u2019un projet impressionnant de propri\u00e9t\u00e9s exceptionnelles, un concept unique d\u2019appartements et de penthouses de luxe con\u00e7us et d\u00e9cor\u00e9s par la prestigieuse marque italienne FENDI CASA.<\/p>\n\n\n\n<p>Ce projet, une premi\u00e8re sur la c\u00f4te m\u00e9diterran\u00e9enne du sud de l&rsquo;Espagne, allie l&rsquo;ADN d&rsquo;une marque de mode embl\u00e9matique \u00e0 des propri\u00e9t\u00e9s d&rsquo;exception qui red\u00e9finissent le luxe.<\/p>\n\n\n\n<p>Ce projet phare voit Sierra Blanca Estates et FENDI CASA conjuguer leur expertise et leur r\u00e9putation, forg\u00e9es au fil des ann\u00e9es, pour offrir une exp\u00e9rience r\u00e9sidentielle de marque d&rsquo;une qualit\u00e9 sans pr\u00e9c\u00e9dent.<\/p>\n\n\n\n<p>Its 56 extraordinary properties sit on a 48,000m2 plot just 800 metres from the beach. With five-star services on tap, residents can enjoy living in the finest branded residences in Spain. It provides owners with an all-encompassing and exclusive branded experience, from the architectural design, interior detailing and choice of luxury materials to the premium facilities and services available exclusively to residents.<\/p>\n\n\n\n<p>Ce concept en pleine \u00e9volution dans l\u2019immobilier de luxe ne consiste pas simplement \u00e0 apposer le nom d\u2019une marque sur un b\u00e2timent. Il s\u2019agit de faire entrer l\u2019essence et la valeur de la marque dans chaque \u00e9l\u00e9ment du design des r\u00e9sidences et dans l\u2019exp\u00e9rience de vie qu\u2019elles proposent. Les propri\u00e9taires peuvent concevoir certains \u00e9l\u00e9ments de leur maison avec l\u2019\u00e9quipe cr\u00e9ative de FENDI CASA et trouver l\u2019inspiration en visitant le si\u00e8ge de la maison \u00e0 Rome.<\/p>\n\n\n \n\t<div class=\"wp-gallery row row-cols-2 row-cols-lg-3 row-cols-xxl-4 g-3 mb-4\">\n\t\t\t\t<div class=\"col\">\n\t\t\t\t\t\t<a data-fancybox=\"wp-gallery\" href=\"https:\/\/media.panoramamarbella.com\/imgV1\/B95mbh8olwFQm~uCT2wPZMb8hll4wghQQQq6YWg0~c~U_DrmgY8pGP8pqaDzA6mvjyI_OPtcrHD_aKxCvYKLjaBOlpc8K9RugrMtBQHvCvW45rkt2854EAQHLlBNvVfnQOD3QhAzxMe4UpXzCMbwm_33VB9py6dSrnMh2R_okMik.webp\">\n\t\t\t\t<figure class=\"ratio ratio-1x1 mb-0\">\n\t\t\t\t\t<picture><source width=\"333\" height=\"333\" srcset=\"https:\/\/media.panoramamarbella.com\/imgV1\/B95mbh8olwFQm~uCT2wPZMb8hll4wghQQQq6YWg0~c~U_DrmgY8pGP8pqaDzA6mvjyI_OPtcrHD_aKxCvYKLjaBOlpc8K9RugrMtBQHvCvW45rkt2854EAQHLlBNvVflNrso~2cRC6qeuquSkY2PeUqIR5yVdmiJppHphn_an8t4lklX46tuw92MM1Gyl6VoshA-.webp 333w,https:\/\/media.panoramamarbella.com\/imgV1\/B95mbh8olwFQm~uCT2wPZMb8hll4wghQQQq6YWg0~c~U_DrmgY8pGP8pqaDzA6mvjyI_OPtcrHD_aKxCvYKLjaBOlpc8K9RugrMtBQHvCvW45rkt2854EAQHLlBNvVfkFpP3wgemVqOyiguhqaGwbnnYpqYR~KnyAtCDIdyWSHzk_~p9uDDmkMW4sIJKYv9XV20-.webp 225w\" type=\"image\/webp\"><img loading=\"lazy\" decoding=\"async\" class=\"position-absolute w-100 h-100 object-fit-cover\" alt=\"R\u00e9sidences de marque. EPIC Marbella, nouvelles r\u00e9sidences de marque\" width=\"333\" height=\"333\" src=\"https:\/\/media.panoramamarbella.com\/imgV1\/B95mbh8olwFQm~uCT2wPZMb8hll4wghQQQq6YWg0~c~U_DrmgY8pGP8pqaDzA6mvjyI_OPtcrHD_aKxCvYKLjaBOlpc8K9RugrMtBQHvCvW45rkt2854EAQHLlBNvVflNrso~2cRC6qeuquSkY2RZgIJMQ42sXRb9Cye02pY6Q--.webp\"><\/picture>\t\t\t\t<\/figure>\n\t\t\t<\/a>\n\t\t\t\t\t<\/div>\n\t\t\t\t<div class=\"col\">\n\t\t\t\t\t\t<a data-fancybox=\"wp-gallery\" href=\"https:\/\/media.panoramamarbella.com\/imgV1\/B95mbh8olwFQm~uCT2wPZMb8hll4wghQQQq6YWg0~c~U_DrmgY8pGP8pqaDzA6mvjyI_OPtcrHD_aKxCvYKLjaBOlpc8KhuSbyB_fYHdpaH6CXyvC1tDbY511wISkCfq6urEiFkQviQX3glVvsg3KbZiQBK6aOLs6sR1_mHmD1rjhZyE06Ra_9izNm3lzaHA69m0w6c-.webp\">\n\t\t\t\t<figure class=\"ratio ratio-1x1 mb-0\">\n\t\t\t\t\t<picture><source width=\"333\" height=\"333\" srcset=\"https:\/\/media.panoramamarbella.com\/imgV1\/B95mbh8olwFQm~uCT2wPZMb8hll4wghQQQq6YWg0~c~U_DrmgY8pGP8pqaDzA6mvjyI_OPtcrHD_aKxCvYKLjaBOlpc8KhuSbyB_fYHdpaH6CXyvC1tDbY511wISkCfq6urEiFkQviQX3glVvsg3KbZiQBCN~z_DPjazUFV0_5J8cWOVFqzLuNPwG2~n270wYMSqx~FMiGSK5ajXbwoBuFH8E6cQOw--.webp 333w,https:\/\/media.panoramamarbella.com\/imgV1\/B95mbh8olwFQm~uCT2wPZMb8hll4wghQQQq6YWg0~c~U_DrmgY8pGP8pqaDzA6mvjyI_OPtcrHD_aKxCvYKLjaBOlpc8KhuSbyB_fYHdpaH6CXyvC1tDbY511wISkCfq6urEiFkQviQX3glVvsg3KbZiQBGBO~6QxhsE~OnODFlkVZMa_KQ81w2s~dP52QY4SiX4Ym4nnWuw3fD6~mzavScduPDFCQ--.webp 225w\" type=\"image\/webp\"><img loading=\"lazy\" decoding=\"async\" class=\"position-absolute w-100 h-100 object-fit-cover\" alt=\"R\u00e9sidences de marque. EPIC Marbella, vue de la salle de sport\" width=\"333\" height=\"333\" src=\"https:\/\/media.panoramamarbella.com\/imgV1\/B95mbh8olwFQm~uCT2wPZMb8hll4wghQQQq6YWg0~c~U_DrmgY8pGP8pqaDzA6mvjyI_OPtcrHD_aKxCvYKLjaBOlpc8KhuSbyB_fYHdpaH6CXyvC1tDbY511wISkCfq6urEiFkQviQX3glVvsg3KbZiQBCN~z_DPjazUFV0_5J8cX3C_dcIC6m0yF_Q4u1woH54.webp\"><\/picture>\t\t\t\t<\/figure>\n\t\t\t<\/a>\n\t\t\t\t\t<\/div>\n\t\t\t<\/div>\n\n\n\n<p>Les \u00e9quipements de loisirs comprennent un spa et centre de bien-\u00eatre magnifiquement con\u00e7u, ainsi qu\u2019un espace sportif int\u00e9rieur multifonction avec terrain de basket professionnel, simulateur de golf et les derniers \u00e9quipements Technogym.<\/p>\n\n\n\n<p>D\u00e9couvrez le <a href=\"https:\/\/www.panoramamarbella.com\/fr\/developpements\/marbella\/marbella-golden-mile\/epic-marbella\/PANR-00480G\" data-type=\"link\" data-id=\"https:\/\/www.panoramamarbella.com\/fr\/developpements\/marbella\/marbella-golden-mile\/epic-marbella\/PANR-00480G\">projet EPIC Marbella by Fendi<\/a>.<\/p>\n\n\n\n<p>Consultez toutes les <a href=\"https:\/\/www.panoramamarbella.com\/fr\/proprietes\/marbella\/marbella-golden-mile\/epic-marbella\" data-type=\"link\" data-id=\"https:\/\/www.panoramamarbella.com\/fr\/proprietes\/marbella\/marbella-golden-mile\/epic-marbella\">propri\u00e9t\u00e9s actuellement \u00e0 vendre \u00e0 EPIC Marbella<\/a>.<\/p>\n\n\n\n<h2 class=\"wp-block-heading\">Karl Lagerfeld Villas<\/h2>\n\n\n\t<figure class=\"wp-caption aligncenter wp-block-acf-wpimage\">\n\t<picture><source width=\"500\" height=\"250\" srcset=\"https:\/\/media.panoramamarbella.com\/imgV1\/B95mbh8olwFQm~uCT2wPZMb8hll4wghQQQq6YWg0~c~U_DrmgY8pGP8pqaDzA6mvjyI_OPtcrHD_aKxCvYKLja78~RbmB0KkCEgw5cknPgoloYfhrqmQUKW3HHVNBSp3mgMooVpkDQNOGL0u_QMCo2eVm2p24toOwFT9N_1ZoLmzEhvEvpZow2aJHRFZ8BGg~CrX3wVjmch0vplijSlCVTGRowUWFBs-.webp 500w\" type=\"image\/webp\"><img decoding=\"async\" class=\"img-fluid\" loading=\"lazy\" width=\"500\" height=\"250\" alt=\"R\u00e9sidences de marque. Karl Lagerfeld Villas. R\u00e9sidences de marque \u00e0 Marbella\" src=\"https:\/\/media.panoramamarbella.com\/imgV1\/B95mbh8olwFQm~uCT2wPZMb8hll4wghQQQq6YWg0~c~U_DrmgY8pGP8pqaDzA6mvjyI_OPtcrHD_aKxCvYKLja78~RbmB0KkCEgw5cknPgoloYfhrqmQUKW3HHVNBSp3mgMooVpkDQNOGL0u_QMCo2eVm2p24toOwFT9N_1ZoLmzEhvar0drgnazDSCLO3dEJE5ANQ--.webp\"><\/picture>\t\t\t<figcaption class=\"wp-caption-text\">\n\t\tKarl Lagerfeld Villas\t\t<\/figcaption>\n\t\t\t<\/figure>\n\t\n\n\n<p><strong>Cinq maisons exclusives, parfaitement int\u00e9gr\u00e9es dans la v\u00e9g\u00e9tation luxuriante du Golden Mile de Marbella.<\/strong><\/p>\n\n\n\n<p>Karl Lagerfeld Villas est n\u00e9 de la passion de Karl pour l\u2019architecture, le design int\u00e9rieur et le d\u00e9passement constant des limites de l\u2019innovation. Cet environnement pens\u00e9 comme un v\u00e9ritable style de vie int\u00e8gre harmonieusement le paysage local gr\u00e2ce \u00e0 une architecture en hauteur et \u00e0 une attention port\u00e9e \u00e0 la durabilit\u00e9. Les mat\u00e9riaux naturels permettent aux espaces de se fondre dans leur environnement, brouillant les fronti\u00e8res artistiques entre int\u00e9rieur et ext\u00e9rieur. Cette oasis de luxe b\u00e9n\u00e9ficie d\u2019un emplacement strat\u00e9gique entre les montagnes et le littoral m\u00e9diterran\u00e9en, offrant \u00e0 ses r\u00e9sidents des vues panoramiques sous tous les angles.<\/p>\n\n\n\n<p>Contactez Panorama pour plus d\u2019informations sur Karl Lagerfeld Villas.<\/p>\n\n\n\t<figure class=\"wp-caption aligncenter wp-block-acf-wpimage\">\n\t<picture><source width=\"700\" height=\"350\" srcset=\"https:\/\/media.panoramamarbella.com\/imgV1\/B95mbh8olwFQm~uCT2wPZMb8hll4wghQQQq6YWg0~c~U_DrmgY8pGP8pqaDzA6mvjyI_OPtcrHD_aKxCvYKLjaBS5aI9s_gOb3VZqvNGUlOKNe7yIXfuO7UWp5V5WoPlVkV10CpxaA7pQJbjozmrvzAw8MmavLIdetzJzGTOxgCfoHxDnJpeOvwUSaVK72fTa6LJd~cBdqk-.webp 700w\" type=\"image\/webp\"><img decoding=\"async\" class=\"img-fluid\" loading=\"lazy\" width=\"700\" height=\"350\" alt=\"R\u00e9sidences de marque. Elie Saab Villas Marbella\" src=\"https:\/\/media.panoramamarbella.com\/imgV1\/B95mbh8olwFQm~uCT2wPZMb8hll4wghQQQq6YWg0~c~U_DrmgY8pGP8pqaDzA6mvjyI_OPtcrHD_aKxCvYKLjaBS5aI9s_gOb3VZqvNGUlOKNe7yIXfuO7UWp5V5WoPlVkV10CpxaA7pQJbjozmrvzAw8MmE2ddQILmlHYqkroH4moUlyw--.webp\"><\/picture>\t\t\t<figcaption class=\"wp-caption-text\">\n\t\tElie Saab Villas Marbella\t\t<\/figcaption>\n\t\t\t<\/figure>\n\t\n\n\n<h2 class=\"wp-block-heading\">L\u2019attrait international d\u2019Elie Saab Villas Marbella by Urbania<\/h2>\n\n\n\n<p>Les acheteurs d\u2019aujourd\u2019hui recherchent une esth\u00e9tique contemporaine qui associe technologie moderne et lignes \u00e9pur\u00e9es au charme du style m\u00e9diterran\u00e9en et au bien-\u00eatre apport\u00e9 par une approche plus naturelle.<\/p>\n\n\n\n<p>Urbania a relev\u00e9 ce d\u00e9fi avec l\u2019enthousiasme et la conviction caract\u00e9ristiques d\u2019un innovateur. Le CEO Tom\u00e1s Gasset et son \u00e9quipe ont longuement r\u00e9fl\u00e9chi \u00e0 ce que devait \u00eatre et offrir une telle maison, ainsi qu\u2019\u00e0 l\u2019endroit o\u00f9 elle devait se situer.<\/p>\n\n\n\n<p>Le r\u00e9sultat : ELIE SAAB VILLAS MARBELLA.<\/p>\n\n\n\t<figure class=\"wp-caption aligncenter wp-block-acf-wpimage\">\n\t<picture><source width=\"700\" height=\"350\" srcset=\"https:\/\/media.panoramamarbella.com\/imgV1\/B95mbh8olwFQm~uCT2wPZMb8hll4wghQQQq6YWg0~c~U_DrmgY8pGP8pqaDzA6mvjyI_OPtcrHD_aKxCvYKLjaBS5aI9s_gOb3VZqvNGUlOKNe7yIXfuO7UVccEkuvchICvu_RCLgJla99fjdMxlMbrdKaE313ZeP14RAK76amOonbg0X1Fk3g_Vjs4jFkyPcjx20rAqSSdQCI2KMA--.webp 700w\" type=\"image\/webp\"><img decoding=\"async\" class=\"img-fluid\" loading=\"lazy\" width=\"700\" height=\"350\" alt=\"R\u00e9sidences de marque \u00e0 Marbella : Elie Saab Villas\" src=\"https:\/\/media.panoramamarbella.com\/imgV1\/B95mbh8olwFQm~uCT2wPZMb8hll4wghQQQq6YWg0~c~U_DrmgY8pGP8pqaDzA6mvjyI_OPtcrHD_aKxCvYKLjaBS5aI9s_gOb3VZqvNGUlOKNe7yIXfuO7UVccEkuvchICvu_RCLgJla99fjdMxlMbrdKaE313ZeP0BYWnnjOyDcKLTGpo1fuzpr.webp\"><\/picture>\t\t\t<figcaption class=\"wp-caption-text\">\n\t\tElie Saab Villas, vue de la piscine\t\t<\/figcaption>\n\t\t\t<\/figure>\n\t\n\n\n<h3 class=\"wp-block-heading\">L\u2019exclusivit\u00e9 par le design<\/h3>\n\n\n\n<p>Parmi les premiers \u00e0 cr\u00e9er un d\u00e9veloppement co-brand\u00e9 sur la Costa del Sol, Urbania a suivi son instinct et sa conviction pour s\u00e9duire la grande maison internationale de haute couture ELIE SAAB et collaborer \u00e0 la cr\u00e9ation d\u2019un nouveau concept de villas de luxe.<\/p>\n\n\n\n<p>Les cinq magnifiques villas proposent une interpr\u00e9tation renouvel\u00e9e du luxe m\u00e9diterran\u00e9en du XXIe si\u00e8cle, en int\u00e9grant la philosophie de design d\u2019ELIE SAAB dans le cadre de Marbella.<\/p>\n\n\n\n<h3 class=\"wp-block-heading\">La sophistication d\u2019Ibiza \u00e0 Marbella<\/h3>\n\n\n\n<p>La fra\u00eecheur des villas embl\u00e9matiques d\u2019Ibiza a servi d\u2019inspiration \u00e0 ces maisons, avec la volont\u00e9 d\u2019offrir aux acqu\u00e9reurs une nouvelle option inspirante pour le luxe r\u00e9sidentiel \u00e0 Marbella. Avec 1 000 m2 construits sur des parcelles de 2 000 m2, le design des villas fragmente habilement les volumes pour cr\u00e9er des espaces de vie particuli\u00e8rement accueillants et intimistes.<\/p>\n\n\n\n<p>Les villas sont situ\u00e9es \u00e0 Cascada de Camoj\u00e1n, entour\u00e9es d\u2019un paysage montagneux prot\u00e9g\u00e9 tout en \u00e9tant \u00e0 seulement quelques minutes du centre de Marbella. L\u2019une de leurs caract\u00e9ristiques les plus remarquables est la vue sur la mer M\u00e9diterran\u00e9e, Gibraltar et l\u2019Afrique.<\/p>\n\n\n\n<p>Urbania peut \u00eatre fier d\u2019avoir cr\u00e9\u00e9 une collection d\u2019exception de villas remarquablement pens\u00e9es, qui orientent le luxe r\u00e9sidentiel \u00e0 Marbella vers une direction nouvelle et enthousiasmante.<\/p>\n\n\n\n<p>Cliquez ici pour plus d\u2019informations sur Elie Saab Villas.<\/p>\n\n\n\n<h2 class=\"wp-block-heading\">Four Seasons Marbella<\/h2>\n\n\n\n<p>Le d\u00e9veloppement <strong><em>Four Seasons<\/em><\/strong>, con\u00e7u par l\u2019architecte de renomm\u00e9e mondiale Richard Meier, pr\u00e9voit de commencer sa construction en 2026. Le projet comprendra un h\u00f4tel Four Seasons de 165 chambres et suites, 260 r\u00e9sidences priv\u00e9es et 40 villas du plus haut niveau de qualit\u00e9 et de design, le tout sous gestion Four Seasons.<\/p>\n\n\n\n<p><a href=\"https:\/\/www.panoramamarbella.com\/fr\/news\/le-four-seasons-resort-marbella\" data-type=\"link\" data-id=\"https:\/\/www.panoramamarbella.com\/fr\/news\/le-four-seasons-resort-marbella\">Cliquez ici pour plus d\u2019informations sur Four Seasons Resort Marbella<\/a>.<\/p>\n\n\n\t<figure class=\"wp-caption aligncenter wp-block-acf-wpimage\">\n\t<picture><source width=\"700\" height=\"350\" srcset=\"https:\/\/media.panoramamarbella.com\/imgV1\/B95mbh8olwFQm~uCT2wPZMb8hll4wghQQQq6YWg0~c~U_DrmgY8pGP8pqaDzA6mvjyI_OPtcrHD_aKxCvYKLjbGFM9qbHw~Kwc2WTJePZd0OYp3bYQqXALWh9A025eYxq8EqpLcAcPIobV3S29SDoxjwxeV0uhMYUAFfDWRGdzFUcgbdUkvGBdVKHN5MlRPY_kTVYizr.webp 700w\" type=\"image\/webp\"><img decoding=\"async\" class=\"img-fluid\" loading=\"lazy\" width=\"700\" height=\"350\" alt=\"R\u00e9sidences de marque \u00e0 Marbella. Tierra Viva Benahav\u00eds, Marbella\" src=\"https:\/\/media.panoramamarbella.com\/imgV1\/B95mbh8olwFQm~uCT2wPZMb8hll4wghQQQq6YWg0~c~U_DrmgY8pGP8pqaDzA6mvjyI_OPtcrHD_aKxCvYKLjbGFM9qbHw~Kwc2WTJePZd0OYp3bYQqXALWh9A025eYxq8EqpLcAcPIobV3S29SDoxjw25li2Uat5E6k1RmseDDvZsI-.webp\"><\/picture>\t\t\t<figcaption class=\"wp-caption-text\">\n\t\tTierra Viva Lamborghini \u00e0 Benahav\u00eds\t\t<\/figcaption>\n\t\t\t<\/figure>\n\t\n\n\n<h2 class=\"wp-block-heading\">Tierra Viva Marbella Benahav\u00eds DarGlobal Automobili Lamborghini<\/h2>\n\n\n\n<p>Un projet unique, dont le design s\u2019inspire d\u2019Automobili Lamborghini, v\u00e9ritable prodige architectural r\u00e9alis\u00e9 par DarGlobal, la branche internationale de Dar Al Arkan Development, la c\u00e9l\u00e8bre soci\u00e9t\u00e9 immobili\u00e8re saoudienne cot\u00e9e, qui fait ici ses d\u00e9buts en Espagne.<\/p>\n\n\n\n<p>Le projet se situe dans un emplacement privil\u00e9gi\u00e9 \u00e0 Benahav\u00eds, nich\u00e9 dans les collines de Los Jaralillos, \u00e0 seulement quelques minutes en voiture de tous les services et \u00e0 15 minutes de Marbella.<\/p>\n\n\n\t<figure class=\"wp-caption aligncenter wp-block-acf-wpimage\">\n\t<picture><source width=\"500\" height=\"205\" srcset=\"https:\/\/media.panoramamarbella.com\/imgV1\/B95mbh8olwFQm~uCT2wPZMb8hll4wghQQQq6YWg0~c~U_DrmgY8pGP8pqaDzA6mvjyI_OPtcrHD_aKxCvYKLjbGFM9qbHw~Kwc2WTJb0hYx0Z~F518GDoDr88F4FaokgYoTcfja5m5EWRXkqyN4HDh~QVywiHud5OOChG66HtgUq5LWqShhc9hG8HCG1Koicd1Rasm28vTJEnveJQDpbJA--.webp 500w\" type=\"image\/webp\"><img decoding=\"async\" class=\"img-fluid\" loading=\"lazy\" width=\"500\" height=\"205\" alt=\"R\u00e9sidences de marque \u00e0 Marbella. Tierra Viva Lamborghini Benahav\u00eds\" src=\"https:\/\/media.panoramamarbella.com\/imgV1\/B95mbh8olwFQm~uCT2wPZMb8hll4wghQQQq6YWg0~c~U_DrmgY8pGP8pqaDzA6mvjyI_OPtcrHD_aKxCvYKLjbGFM9qbHw~Kwc2WTJb0hYx0Z~F518GDoDr88F4FaokgYoTcfja5m5EWRXkqyN4HDh~QVywiHud5OOChG7DBBLoAq4RBjfSGeRjlNGDi.webp\"><\/picture>\t\t\t<figcaption class=\"wp-caption-text\">\n\t\tTierra Viva Lamborghini, Benahav\u00eds, Marbella\t\t<\/figcaption>\n\t\t\t<\/figure>\n\t\n\n\n<p>Il s\u2019agit d\u2019un projet compos\u00e9 de 53 superbes maisons avec trois typologies de villas, de quatre, cinq et six chambres, sur des terrains allant de 1 000 \u00e0 2 881 m2.<\/p>\n\n\n\n<p>Construites avec soin \u00e0 diff\u00e9rents niveaux sur les collines, les villas profitent de vues sur la mer, les montagnes et les terrains de golf. Elles disposent d\u2019une s\u00e9curit\u00e9 24h\/24, de vid\u00e9osurveillance et d\u2019un service complet de conciergerie. Les maisons comprennent des cuisines enti\u00e8rement meubl\u00e9es et \u00e9quip\u00e9es, des piscines, un cin\u00e9ma, un spa avec sauna et bain turc, une salle polyvalente, un ascenseur et une cave \u00e0 vin.<\/p>\n\n\n\n<p><a href=\"https:\/\/www.panoramamarbella.com\/fr\/developpements\/benahavis\/PANR-00532G\" data-type=\"link\" data-id=\"https:\/\/www.panoramamarbella.com\/fr\/developpements\/benahavis\/PANR-00532G\">Cliquez ici pour plus d\u2019informations sur Tierra Viva by Lamborghini<\/a>.<\/p>\n\n\n\t<figure class=\"wp-caption aligncenter wp-block-acf-wpimage\">\n\t<picture><source width=\"700\" height=\"350\" srcset=\"https:\/\/media.panoramamarbella.com\/imgV1\/B95mbh8olwFQm~uCT2wPZMb8hll4wghQQQq6YWg0~c~U_DrmgY8pGP8pqaDzA6mvjyI_OPtcrHD_aKxCvYKLjaPaO72hbzmS~mSUopAWXkF3Gq3F9n9EH_X7hoJx83ZgK1BxbXa0reaBmWxDRToMF1r6RPXxP8iJ886CZoZroGvPTfpqtHD7SU7x3xU9ciOHah_Ko7SmGvc-.webp 700w\" type=\"image\/webp\"><img decoding=\"async\" class=\"img-fluid\" loading=\"lazy\" width=\"700\" height=\"350\" alt=\"R\u00e9sidences de marque. Finca Cortesin by Missoni\" src=\"https:\/\/media.panoramamarbella.com\/imgV1\/B95mbh8olwFQm~uCT2wPZMb8hll4wghQQQq6YWg0~c~U_DrmgY8pGP8pqaDzA6mvjyI_OPtcrHD_aKxCvYKLjaPaO72hbzmS~mSUopAWXkF3Gq3F9n9EH_X7hoJx83ZgK1BxbXa0reaBmWxDRToMF1r6RPXvbZm8hzbxHUY9jmDOBSpx7A--.webp\"><\/picture>\t\t\t<figcaption class=\"wp-caption-text\">\n\t\tFinca Cortesin by Missoni\t\t<\/figcaption>\n\t\t\t<\/figure>\n\t\n\n\n<h2 class=\"wp-block-heading\">Finca Cortesin, Marea Interiors by Missoni<\/h2>\n\n\n\n<p>Finca Cortesin, Marea Interiors by Missoni est un nouveau projet situ\u00e9 \u00e0 c\u00f4t\u00e9 de l\u2019h\u00f4tel 5* Finca Cortesin, au design minimaliste et b\u00e9n\u00e9ficiant d\u2019un emplacement privil\u00e9gi\u00e9 avec vues panoramiques sur la mer, les montagnes, le golf et Gibraltar. Il se compose de 4 blocs et de 64 appartements en rez-de-chauss\u00e9e, premier \u00e9tage et penthouse, avec 2, 3 et 4 chambres.<\/p>\n\n\n\n<p><a href=\"https:\/\/www.panoramamarbella.com\/fr\/developpements\/casares\/casares-del-sol-casares-golf\/finca-cortesin\/PANR-00544G\" data-type=\"link\" data-id=\"https:\/\/www.panoramamarbella.com\/fr\/developpements\/casares\/casares-del-sol-casares-golf\/finca-cortesin\/PANR-00544G\">Cliquez ici pour plus d\u2019informations sur Marea by Missoni<\/a>.<\/p>\n\n\n\n<h2 class=\"wp-block-heading\">W Resort Marbella by Marriott<\/h2>\n\n\n\n<p>La marque <strong><em>W <\/em><\/strong>de Marriott d\u00e9veloppe le <strong><em>W Resort Marbella<\/em><\/strong>, un complexe h\u00f4telier et r\u00e9sidentiel de 200 millions d\u2019euros sur l\u2019un des derniers terrains en bord de mer encore disponibles dans la commune. Le projet comprendra un h\u00f4tel W de luxe avec 186 chambres, deux b\u00e2timents avec 89 appartements et 109 r\u00e9sidences haut de gamme suppl\u00e9mentaires, le tout g\u00e9r\u00e9 par Marriott.<\/p>\n\n\n\n<p><strong><em>Banyan Tree <\/em><\/strong>apportera son concept vibrant aux collines surplombant Marbella avec l\u2019ouverture d\u2019Angsana Real de La Quinta en 2026. En plus de 90 chambres et suites int\u00e9gr\u00e9es \u00e0 la nature, le projet proposera des Angsana Branded Residences avec des prestations telles qu\u2019une cour priv\u00e9e, une piscine, ainsi que des services quotidiens de housekeeping et de maintenance.<\/p>\n\n\n\n<div class=\"contact-only bg-light wp-block-acf-contactform\">\n\t\t<div class=\"position-relative\">\n\t\t<span id=\"inm-contact-form\" class=\"position-absolute\" style=\"top:-130px\"><\/span>\n\t<\/div>\n\t\t\n\t\t<script src=\"https:\/\/www.google.com\/recaptcha\/api.js?render=6LeWOaYZAAAAAGZM7q40J51QMau9I_gs19mp9lZJ&#038;hl=fr\"><\/script>\n\t\n<form id=\"contact_form_1\" class=\"needs-validation h-100 d-flex flex-column p-4 p-md-5\" data-contact=\"contact_form_1\" action=\"localhost\" method=\"POST\" novalidate>\n\t<strong class=\"h3 align-self-start\">Vous recherchez une nouvelle r\u00e9sidence de marque ? Contactez-nous d\u00e8s aujourd\u2019hui<\/strong><p class=\"mb-5\">Marbella propose une nouvelle g\u00e9n\u00e9ration de logements. Notre \u00e9quipe est pr\u00eate \u00e0 vous accompagner.<\/p>\t<span id=\"contact_form_1-result\" data-stext=\"source\" data-source=\"contact\"><\/span>\n\t<input type=\"hidden\" name=\"success\" value=\"\/fr\/success?source=info\" \/>\n\t<input type=\"hidden\" name=\"lang\" value=\"fr\" \/>\n\t<input type=\"hidden\" name=\"agency\" value=\"399\" \/>\n\t<input type=\"hidden\" name=\"recipient\" value=\"info\" \/>\n\t<input type=\"hidden\" name=\"source\" value=\"https:\/\/www.panoramamarbella.com\/fr\/wp-json\/wp\/v2\/posts\/38459\" \/>\n\t<input type=\"hidden\" name=\"subject\" value=\"Information Request (FR)\" \/>\n\t\t\t<input type=\"hidden\" name=\"origin\" value=\"R\u00e9sidences de marque \u00e0 Marbella\" \/>\n\t\t<div class=\"row g-3\">\n\t\t<div class=\"col-md-6\">\n\t\t\t<label class=\"form-label\" for=\"name\">Pr\u00e9nom*<\/label>\n\t\t\t<input id=\"name\" name=\"name\" type=\"text\" class=\"form-control\" autocomplete=\"off\" required data-error=\"Nom requis\">\n\t\t<\/div>\n\t\t<div class=\"col-md-6\">\n\t\t\t<label class=\"form-label\" for=\"name\">Nom de famille*<\/label>\n\t\t\t<input id=\"lastname\" name=\"lastname\" type=\"text\" class=\"form-control\" autocomplete=\"off\" required data-error=\"Nom de famille\">\n\t\t<\/div>\n\t\t<div class=\"col-12\">\n\t\t\t<label class=\"form-label\" for=\"email\">E-mail*<\/label>\n\t\t\t<input id=\"email\" name=\"email\" type=\"email\" class=\"form-control\" autocomplete=\"off\" required data-error=\"E-mail requis\">\n\t\t<\/div>\n\t\t\t\t<div class=\"col-md-6\">\n\t\t\t<label class=\"form-label\" for=\"phone\">Num\u00e9ro de t\u00e9l\u00e9phone <small><\/small><\/label>\n\t\t\t<input id=\"phone\" name=\"intphone\" type=\"tel\" class=\"form-control\" autocomplete=\"off\" placeholder=\"T\u00e9l\u00e9phone\" required data-error=\"Les num\u00e9ros de t\u00e9l\u00e9phone doivent comporter entre 8 et 20 chiffres\" pattern=\"(?:\\d\\s*){4,}\">\n\t\t<\/div>\n\t\t<div class=\"col-md-6\">\n\t\t\t<label class=\"form-label\">Meilleur moment pour appeler <small><\/small><\/label>\n\t\t\t<select class=\"form-select\" name=\"time\">\n\t\t\t\t<option selected>\u00c0 tout moment<\/option>\n\t\t\t\t<option value=\"1\">Le matin<\/option>\n\t\t\t\t<option value=\"2\">L&rsquo;apr\u00e8s-midi<\/option>\n\t\t\t\t<option value=\"3\">Le soir<\/option>\n\t\t\t<\/select>\n\t\t<\/div>\n\t\t<div class=\"col-12\">\n\t\t\t<label for=\"address\" class=\"form-label\">Adresse <small><\/small><\/label>\n\t\t\t<input id=\"address\" name=\"address\" type=\"text\" class=\"form-control\" \/>\n\t\t<\/div>\n\t\t<div class=\"col-12\">\n\t\t\t<label for=\"formComment\" class=\"form-label\">Message<\/label>\n\t\t\t<textarea class=\"form-control\" placeholder=\"Laissez un commentaire ici\" name=\"comment\" id=\"formComment\" maxlength=\"8000\" rows=\"5\"><\/textarea>\n\t\t<\/div>\n\t\t\t\t<div class=\"col-12\">\n\t\t\t<div class=\"form-check\">\n\t\t\t\t<input type=\"checkbox\" class=\"form-check-input\" id=\"contact_form_1-customCheck1\" name=\"privacy_policy\" required data-error=\"Champ obligatoire\">\n\t\t\t\t<label class=\"form-check-label\" for=\"contact_form_1-customCheck1\">J&rsquo;accepte le <a target=\"_blank\" class=\"text-decoration-none\" href=\"https:\/\/www.panoramamarbella.com\/privacy-policy\">Conditions g\u00e9n\u00e9rales d&rsquo;utilisation<\/a><\/label>\n\t\t\t<\/div>\n\t\t\t<div class=\"form-check\">\n\t\t\t\t<input type=\"checkbox\" class=\"form-check-input\" id=\"contact_form_1-customCheck2\" name=\"commercial_information\">\n\t\t\t\t<label class=\"form-check-label\" for=\"contact_form_1-customCheck2\">J&rsquo;accepte de recevoir des communications de Panorama<\/label>\n\t\t\t<\/div>\n\t\t<\/div>\n\t<\/div>\n\t<button data-ids=\"contact_form_1\" data-lang=\"fr\" data-sitekey=\"6LeWOaYZAAAAAGZM7q40J51QMau9I_gs19mp9lZJ\" class=\"align-self-start btn btn-primary px-4 py-2 mt-4 g-recaptcha\" role=\"button\" aria-label=\"Send\">Envoyer<\/button>\n<\/form><\/div>\n\n","protected":false},"excerpt":{"rendered":"<p>D\u00e9couvrez le summum du raffinement avec les r\u00e9sidences de marque \u00e0 Marbella cr\u00e9\u00e9es en collaboration avec des maisons prestigieuses.<\/p>\n","protected":false},"author":8,"featured_media":717,"comment_status":"closed","ping_status":"closed","sticky":false,"template":"","format":"standard","meta":{"_acf_changed":false,"footnotes":""},"categories":[45],"tags":[],"class_list":["post-38459","post","type-post","status-publish","format-standard","has-post-thumbnail","hentry","category-actualites-secteur-immobilier"],"acf":[],"_links":{"self":[{"href":"https:\/\/www.panoramamarbella.com\/fr\/wp-json\/wp\/v2\/posts\/38459","targetHints":{"allow":["GET"]}}],"collection":[{"href":"https:\/\/www.panoramamarbella.com\/fr\/wp-json\/wp\/v2\/posts"}],"about":[{"href":"https:\/\/www.panoramamarbella.com\/fr\/wp-json\/wp\/v2\/types\/post"}],"author":[{"embeddable":true,"href":"https:\/\/www.panoramamarbella.com\/fr\/wp-json\/wp\/v2\/users\/8"}],"replies":[{"embeddable":true,"href":"https:\/\/www.panoramamarbella.com\/fr\/wp-json\/wp\/v2\/comments?post=38459"}],"version-history":[{"count":1,"href":"https:\/\/www.panoramamarbella.com\/fr\/wp-json\/wp\/v2\/posts\/38459\/revisions"}],"predecessor-version":[{"id":38748,"href":"https:\/\/www.panoramamarbella.com\/fr\/wp-json\/wp\/v2\/posts\/38459\/revisions\/38748"}],"wp:featuredmedia":[{"embeddable":true,"href":"https:\/\/www.panoramamarbella.com\/fr\/wp-json\/wp\/v2\/media\/717"}],"wp:attachment":[{"href":"https:\/\/www.panoramamarbella.com\/fr\/wp-json\/wp\/v2\/media?parent=38459"}],"wp:term":[{"taxonomy":"category","embeddable":true,"href":"https:\/\/www.panoramamarbella.com\/fr\/wp-json\/wp\/v2\/categories?post=38459"},{"taxonomy":"post_tag","embeddable":true,"href":"https:\/\/www.panoramamarbella.com\/fr\/wp-json\/wp\/v2\/tags?post=38459"}],"curies":[{"name":"wp","href":"https:\/\/api.w.org\/{rel}","templated":true}]}}