{"id":39580,"date":"2020-12-11T18:07:00","date_gmt":"2020-12-11T17:07:00","guid":{"rendered":"https:\/\/www.panoramamarbella.com\/?p=39580"},"modified":"2026-04-22T17:28:51","modified_gmt":"2026-04-22T15:28:51","slug":"bureau-a-puente-romano-marbella","status":"publish","type":"post","link":"https:\/\/www.panoramamarbella.com\/fr\/news\/bureau-a-puente-romano-marbella","title":{"rendered":"Panorama inaugure son bureau phare \u00e0 Puente Romano, marquant 50 ans d\u2019excellence"},"content":{"rendered":"\n\n<h2 class=\"wp-block-heading\">Inauguration du nouveau bureau de Panorama \u00e0 Puente Romano<\/h2>\n\n\n\n<h3 class=\"wp-block-heading\">Inauguration et contexte<\/h3>\n\n\n<div class=\"lead\"><p>L\u2019inauguration des nouveaux locaux phares r\u00e9nov\u00e9s de Panorama \u00e0 Puente Romano a marqu\u00e9 un moment particuli\u00e8rement appropri\u00e9 dans le demi-si\u00e8cle de pr\u00e9sence de l\u2019entreprise \u00e0 Marbella.<\/p>\n<\/div>\n\n\n<p>Le 11 d\u00e9cembre 2020, la maire de Marbella, \u00c1ngeles Mu\u00f1oz, a officiellement inaugur\u00e9 le bureau, saluant l\u2019activit\u00e9 ininterrompue de Panorama depuis 1970 ainsi que le r\u00f4le de l\u2019entreprise dans l\u2019\u00e9volution du march\u00e9 immobilier prime moderne le long du Golden Mile.<\/p>\n\n\n\t<figure class=\"wp-caption aligncenter wp-block-acf-wpimage\">\n\t<picture><source width=\"900\" height=\"600\" srcset=\"https:\/\/media.panoramamarbella.com\/imgV1\/B95mbh8olwFQm~uCT2wPZMb8hll4wghQQQq6YWg0~c~U_DrmgY8pGP8pqaDzA6mvjyI_OPtcrHD_aKxGDYdR9g2dY12KR8WIwrVw5AmhEjtBMmHT4PmGVj~uuKXAgi~2m21PBBruwmorDBIqIFFk1Ki_cN0cKzi0Y5SnL~Kck6DrsP~_vH2aQMC1H6oq910UxscIGV~mjqA-.webp 900w\" type=\"image\/webp\"><img decoding=\"async\" class=\"img-fluid\" loading=\"lazy\" width=\"900\" height=\"600\" alt=\"Bureau \u00e0 Puente Romano. Christopher Clover et la maire de Marbella, \u00c1ngeles Mu\u00f1oz, 11 d\u00e9cembre 2020\" src=\"https:\/\/media.panoramamarbella.com\/imgV1\/B95mbh8olwFQm~uCT2wPZMb8hll4wghQQQq6YWg0~c~U_DrmgY8pGP8pqaDzA6mvjyI_OPtcrHD_aKxGDYdR9g2dY12KR8WIwrVw5AmhEjtBMmHT4PmGVj~uuKXAgi~2m21PBBruwmorDBIqIFFk1Ki_cN0CpPXyvKMb~XpuVY0_bvwWNQ--.jpg\"><\/picture>\t\t\t<figcaption class=\"wp-caption-text\">\n\t\tChristopher Clover et la maire de Marbella, \u00c1ngeles Mu\u00f1oz, 11 d\u00e9cembre 2020\t\t<\/figcaption>\n\t\t\t<\/figure>\n\t\n\n\n<ul class=\"table-index list-unstyled p-4 p-lg-5 ms-0 bg-light\"><li class=\"text-uppercase fw-bold mb-3\">Table des mati\u00e8res<\/li><li><a href=\"#inauguration+du+nouveau+bureau+de+panorama+a+puente+romano\">\nInauguration du nouveau bureau de Panorama \u00e0 Puente Romano\n<\/a><\/li>\n<li><a href=\"#design+realisation+et+technologie\">\nDesign, r\u00e9alisation et technologie\n<\/a><\/li>\n<li><a href=\"#des+emplacements+strategiques+au+coeur+de+la+zone+ultraprime+de+marbella\">\nDes emplacements strat\u00e9giques au c\u0153ur de la zone ultra-prime de Marbella\n<\/a><\/li><\/ul>\n\n\n\n<h2 class=\"wp-block-heading\">Design, r\u00e9alisation et technologie<\/h2>\n\n\n\n<p>Con\u00e7u comme un salon calme et contemporain d\u00e9di\u00e9 \u00e0 des \u00e9changes immobiliers s\u00e9rieux, le bureau a \u00e9t\u00e9 imagin\u00e9 par <a href=\"https:\/\/www.mp-ac.es\/about-us.html\" data-type=\"link\" data-id=\"https:\/\/www.mp-ac.es\/about-us.html\" target=\"_blank\" rel=\"noreferrer noopener nofollow\">Jean Pierre Martel<\/a>, le m\u00eame designer de luxe \u00e0 l\u2019origine de nombreux espaces embl\u00e9matiques de Puente Romano Marbella et de Nobu Marbella. Le projet a \u00e9t\u00e9 ex\u00e9cut\u00e9 selon des standards exigeants par <a href=\"https:\/\/amconstrucciones.com\/\" target=\"_blank\" data-type=\"link\" data-id=\"https:\/\/amconstrucciones.com\/\" rel=\"noreferrer noopener nofollow\">AM Construcciones<\/a> et men\u00e9 sous la direction d\u2019<a href=\"https:\/\/www.panoramamarbella.com\/fr\/a-propos\/equipe-panorama\/alex-clover\" data-type=\"link\" data-id=\"https:\/\/www.panoramamarbella.com\/fr\/a-propos\/equipe-panorama\/alex-clover\">Alex Clover<\/a>. La technologie s\u2019int\u00e8gre discr\u00e8tement \u00e0 l\u2019exp\u00e9rience : des vitrines num\u00e9riques de qualit\u00e9 retail pr\u00e9sentent les biens et les informations de march\u00e9, avec une mise \u00e0 jour toutes les quelques secondes \u2014 Panorama \u00e9tant la seule agence immobili\u00e8re de Marbella \u00e0 utiliser ce format.<\/p>\n\n\n\n<p>Au c\u0153ur du bureau, une fresque r\u00e9tro\u00e9clair\u00e9e unique de huit m\u00e8tres repr\u00e9sentant le littoral de Marbella \u2014 une cr\u00e9ation sur mesure compos\u00e9e de plus de quatre-vingts photographies a\u00e9riennes assembl\u00e9es \u2014 fait \u00e0 la fois office d\u2019\u0153uvre d\u2019art et de rep\u00e8re, structurant les \u00e9changes autour de l\u2019emplacement, de la topographie et des vues.<\/p>\n\n\n\n<h3 class=\"wp-block-heading\">Galerie d\u2019images<\/h3>\n\n\n \n\t<div class=\"wp-gallery row row-cols-2 row-cols-lg-3 row-cols-xxl-4 g-3 mb-4\">\n\t\t\t\t<div class=\"col\">\n\t\t\t\t\t\t<a data-fancybox=\"wp-gallery\" href=\"https:\/\/media.panoramamarbella.com\/imgV1\/B95mbh8olwFQm~uCT2wPZMb8hll4wghQQQq6YWg0~c~U_DrmgY8pGP8pqaDzA6mvjyI_OPtcrHD_aKxGDYdR9l7tutT1eIMW3GTXWBWCwh2wnL38kMwTPkCBAYFsIlTyjkvhgMPuWDvSkKfVOn0TZM85MmP8~0O9rQ--.jpg\">\n\t\t\t\t<figure class=\"ratio ratio-1x1 mb-0\">\n\t\t\t\t\t<picture><source width=\"500\" height=\"500\" srcset=\"https:\/\/media.panoramamarbella.com\/imgV1\/B95mbh8olwFQm~uCT2wPZMb8hll4wghQQQq6YWg0~c~U_DrmgY8pGP8pqaDzA6mvjyI_OPtcrHD_aKxGDYdR9l7tutT1eIMW3GTXWBWCwh2wnL38kMwTOmnMNDLb~ExCo5wdI9AeCal8sKgE0fWQNj784E~2putSHZrYNHcbPQIrNJCJxPOM0Nfb.webp 500w,https:\/\/media.panoramamarbella.com\/imgV1\/B95mbh8olwFQm~uCT2wPZMb8hll4wghQQQq6YWg0~c~U_DrmgY8pGP8pqaDzA6mvjyI_OPtcrHD_aKxGDYdR9l7tutT1eIMW3GTXWBWCwh2wnL38kMwTPRmxVZSCCCW6l2p~~nZkNGH~tfUR7EKsB2whqzCm_iaMoF7JXbPU94Y0r_4_5HTEJb2T.webp 225w\" type=\"image\/webp\"><img loading=\"lazy\" decoding=\"async\" class=\"position-absolute w-100 h-100 object-fit-cover\" alt=\"Bureau \u00e0 Puente Romano. Chris, Katinka et Alex Clover, avec les personnes responsables de la conception et de la r\u00e9alisation du projet du bureau Panorama \u00e0 Puente Romano.\" width=\"500\" height=\"500\" src=\"https:\/\/media.panoramamarbella.com\/imgV1\/B95mbh8olwFQm~uCT2wPZMb8hll4wghQQQq6YWg0~c~U_DrmgY8pGP8pqaDzA6mvjyI_OPtcrHD_aKxGDYdR9l7tutT1eIMW3GTXWBWCwh2wnL38kMwTOmnMNDLb~ExCo5wdI9AeFy9Hlr62XtgJJmo32JfNeHU-.jpg\"><\/picture>\t\t\t\t<\/figure>\n\t\t\t<\/a>\n\t\t\t\t\t<\/div>\n\t\t\t\t<div class=\"col\">\n\t\t\t\t\t\t<a data-fancybox=\"wp-gallery\" href=\"https:\/\/media.panoramamarbella.com\/imgV1\/B95mbh8olwFQm~uCT2wPZMb8hll4wghQQQq6YWg0~c~U_DrmgY8pGP8pqaDzA6mvjyI_OPtcrHD_aKxGDYdR9g2dY12KR8WIwrVw5AmhEjtBMmHT4PmGVj~uuKXAgi~2m21PBA6FIZmnJ1de~Jxn6hvgu10eZCvY7jDjQa7ZtVrT1Gm~vkWTsxmrOGl9IUeXfg--.jpg\">\n\t\t\t\t<figure class=\"ratio ratio-1x1 mb-0\">\n\t\t\t\t\t<picture><source width=\"500\" height=\"500\" srcset=\"https:\/\/media.panoramamarbella.com\/imgV1\/B95mbh8olwFQm~uCT2wPZMb8hll4wghQQQq6YWg0~c~U_DrmgY8pGP8pqaDzA6mvjyI_OPtcrHD_aKxGDYdR9g2dY12KR8WIwrVw5AmhEjtBMmHT4PmGVj~uuKXAgi~2m21PBA6FIZmnJ1de~Jxn7kHyiIab3wyoDiJKfsvA3F0SrnhW0XEuBe~BkqtkPQjDmNc8h0fPzsuzPkaKq~ZaGcpa.webp 500w,https:\/\/media.panoramamarbella.com\/imgV1\/B95mbh8olwFQm~uCT2wPZMb8hll4wghQQQq6YWg0~c~U_DrmgY8pGP8pqaDzA6mvjyI_OPtcrHD_aKxGDYdR9g2dY12KR8WIwrVw5AmhEjtBMmHT4PmGVj~uuKXAgi~2m21PBA6FIZmnJ1de~Jxn6fP7ZB4TGFfvNG8UKOg7mhlHqke9x6cpNNjv6DuNZuXnw3ehmQj9~YNmmO2mouFFWlOv.webp 225w\" type=\"image\/webp\"><img loading=\"lazy\" decoding=\"async\" class=\"position-absolute w-100 h-100 object-fit-cover\" alt=\"Bureau \u00e0 Puente Romano. Christopher Clover et la maire de Marbella, \u00c1ngeles Mu\u00f1oz, 11 d\u00e9cembre 2020\" width=\"500\" height=\"500\" src=\"https:\/\/media.panoramamarbella.com\/imgV1\/B95mbh8olwFQm~uCT2wPZMb8hll4wghQQQq6YWg0~c~U_DrmgY8pGP8pqaDzA6mvjyI_OPtcrHD_aKxGDYdR9g2dY12KR8WIwrVw5AmhEjtBMmHT4PmGVj~uuKXAgi~2m21PBA6FIZmnJ1de~Jxn7kHyiIab3wyoDiJKfsvAwimFBACibRMKt0oT20AEAUM-.jpg\"><\/picture>\t\t\t\t<\/figure>\n\t\t\t<\/a>\n\t\t\t\t\t<\/div>\n\t\t\t\t<div class=\"col\">\n\t\t\t\t\t\t<a data-fancybox=\"wp-gallery\" href=\"https:\/\/media.panoramamarbella.com\/imgV1\/B95mbh8olwFQm~uCT2wPZMb8hll4wghQQQq6YWg0~c~U_DrmgY8pGP8pqaDzA6mvjyI_OPtcrHD_aKxGDYdR9l7viURMQKseg8pt_ngJXOqZaQ0Qe5JL0FXwvhesS2pGhJ_Mab13ZkngPhM5bz979OC5z2N6t7EDYQ--.jpg\">\n\t\t\t\t<figure class=\"ratio ratio-1x1 mb-0\">\n\t\t\t\t\t<picture><source width=\"500\" height=\"500\" srcset=\"https:\/\/media.panoramamarbella.com\/imgV1\/B95mbh8olwFQm~uCT2wPZMb8hll4wghQQQq6YWg0~c~U_DrmgY8pGP8pqaDzA6mvjyI_OPtcrHD_aKxGDYdR9l7viURMQKseg8pt_ngJXOqZaQ0Qe5JL1KT40hnkBXtTP~r0fbWuHZ0gufuu3JDekcoglQXN5MdJNgM5Ig91oYkPQ7YIZL~wqc6K.webp 500w,https:\/\/media.panoramamarbella.com\/imgV1\/B95mbh8olwFQm~uCT2wPZMb8hll4wghQQQq6YWg0~c~U_DrmgY8pGP8pqaDzA6mvjyI_OPtcrHD_aKxGDYdR9l7viURMQKseg8pt_ngJXOqZaQ0Qe5JL09s~1uaRbzD2vg~nrOC9zYQmwHEWcirD0nRBzkrIw9oqBSIBre3QvmWQqcZ6PVErTFAZ.webp 225w\" type=\"image\/webp\"><img loading=\"lazy\" decoding=\"async\" class=\"position-absolute w-100 h-100 object-fit-cover\" alt=\"Bureau \u00e0 Puente Romano. Christopher, Katinka et Alex Clover avec la maire de Marbella, \u00c1ngeles Mu\u00f1oz, \u00e0 l\u2019entr\u00e9e du nouveau bureau.\" width=\"500\" height=\"500\" src=\"https:\/\/media.panoramamarbella.com\/imgV1\/B95mbh8olwFQm~uCT2wPZMb8hll4wghQQQq6YWg0~c~U_DrmgY8pGP8pqaDzA6mvjyI_OPtcrHD_aKxGDYdR9l7viURMQKseg8pt_ngJXOqZaQ0Qe5JL1KT40hnkBXtTP~r0fbWuA45utBdoc1zgwQgNN6WVyE0-.jpg\"><\/picture>\t\t\t\t<\/figure>\n\t\t\t<\/a>\n\t\t\t\t\t<\/div>\n\t\t\t\t<div class=\"col\">\n\t\t\t\t\t\t<a data-fancybox=\"wp-gallery\" href=\"https:\/\/media.panoramamarbella.com\/imgV1\/B95mbh8olwFQm~uCT2wPZMb8hll4wghQQQq6YWg0~c~U_DrmgY8pGP8pqaDzA6mvjyI_OPtcrHD_aKxGDYdR9l7uuTU1RX5TvO5yYKR_NmnwKq4GbTZagP2pUOR7fhiuBJBub0XgCplSqAZI8l6yQc2mvIk~y_ggKw--.jpg\">\n\t\t\t\t<figure class=\"ratio ratio-1x1 mb-0\">\n\t\t\t\t\t<picture><source width=\"500\" height=\"500\" srcset=\"https:\/\/media.panoramamarbella.com\/imgV1\/B95mbh8olwFQm~uCT2wPZMb8hll4wghQQQq6YWg0~c~U_DrmgY8pGP8pqaDzA6mvjyI_OPtcrHD_aKxGDYdR9l7uuTU1RX5TvO5yYKR_NmnwKq4GbTZahJFbIXLywql1vwa7aT6bnJabBNRZoZHXcSM33CewN7dZIsfYRujDQ0IGF9LiXOBQdKmC.webp 500w,https:\/\/media.panoramamarbella.com\/imgV1\/B95mbh8olwFQm~uCT2wPZMb8hll4wghQQQq6YWg0~c~U_DrmgY8pGP8pqaDzA6mvjyI_OPtcrHD_aKxGDYdR9l7uuTU1RX5TvO5yYKR_NmnwKq4GbTZagzMxsxR6fMA4RnapS~g6zUiGrKwSXahcvzWqmt3SjSjqRB32EcyHzqAnwUNc0G2p_Lnk.webp 225w\" type=\"image\/webp\"><img loading=\"lazy\" decoding=\"async\" class=\"position-absolute w-100 h-100 object-fit-cover\" alt=\"Bureau \u00e0 Puente Romano. Presse locale et internationale le jour de l\u2019inauguration du bureau Panorama \u00e0 Puente Romano\" width=\"500\" height=\"500\" src=\"https:\/\/media.panoramamarbella.com\/imgV1\/B95mbh8olwFQm~uCT2wPZMb8hll4wghQQQq6YWg0~c~U_DrmgY8pGP8pqaDzA6mvjyI_OPtcrHD_aKxGDYdR9l7uuTU1RX5TvO5yYKR_NmnwKq4GbTZahJFbIXLywql1vwa7aT6bgn~4LHo~cVdhyETPQg77hHU-.jpg\"><\/picture>\t\t\t\t<\/figure>\n\t\t\t<\/a>\n\t\t\t\t\t<\/div>\n\t\t\t<\/div>\n\n\n\n<h2 class=\"wp-block-heading\">Des emplacements strat\u00e9giques au c\u0153ur de la zone ultra-prime de Marbella<\/h2>\n\n\n\n<p>Le bureau phare \u00e0 Puente Romano, situ\u00e9 juste \u00e0 c\u00f4t\u00e9 de la r\u00e9ception du Nobu Marbella, offre un acc\u00e8s \u00e0 la fois depuis le resort et depuis la rue pour les clients de l\u2019h\u00f4tel, les clients locaux de longue date et les visiteurs internationaux. Il est compl\u00e9t\u00e9 par un second bureau Panorama situ\u00e9 en face du Marbella Club Hotel.<\/p>\n\n\n\n<p>L\u2019intention est autant pratique que repr\u00e9sentative : un cadre \u00e0 la hauteur des biens trait\u00e9s, un espace priv\u00e9 pour les r\u00e9unions li\u00e9es \u00e0 des transactions complexes, un acc\u00e8s imm\u00e9diat pour les demandes qualifi\u00e9es et une approche centr\u00e9e sur la gouvernance \u2014 <a href=\"https:\/\/www.panoramamarbella.com\/fr\/news\/politique-dindependance-panorama\" data-type=\"post\" data-id=\"39432\">propri\u00e9t\u00e9 ind\u00e9pendante<\/a> et <a href=\"https:\/\/www.panoramamarbella.com\/fr\/news\/agence-panorama-agreee-rics\">r\u00e9gulation RICS<\/a> \u2014 en ligne avec les standards attendus par les familles priv\u00e9es, les family offices et les institutions actives sur les march\u00e9s prime europ\u00e9ens.<\/p>\n\n\n\n<p>En savoir plus sur les <a href=\"https:\/\/www.panoramamarbella.com\/fr\/a-propos\/bureaux-panorama\" data-type=\"link\" data-id=\"https:\/\/www.panoramamarbella.com\/fr\/a-propos\/bureaux-panorama\">bureaux de Panorama \u00e0 Marbella.<\/a><\/p>\n\n","protected":false},"excerpt":{"rendered":"<p>Bureau \u00e0 Puente Romano : le bureau phare de Panorama, inaugur\u00e9 en 2020, c\u00e9l\u00e8bre 50 ans d\u2019excellence dans l\u2019immobilier \u00e0 Marbella.<\/p>\n","protected":false},"author":7,"featured_media":4791,"comment_status":"closed","ping_status":"closed","sticky":false,"template":"","format":"standard","meta":{"_acf_changed":false,"footnotes":""},"categories":[209],"tags":[],"class_list":["post-39580","post","type-post","status-publish","format-standard","has-post-thumbnail","hentry","category-distinctions-panorama"],"acf":[],"_links":{"self":[{"href":"https:\/\/www.panoramamarbella.com\/fr\/wp-json\/wp\/v2\/posts\/39580","targetHints":{"allow":["GET"]}}],"collection":[{"href":"https:\/\/www.panoramamarbella.com\/fr\/wp-json\/wp\/v2\/posts"}],"about":[{"href":"https:\/\/www.panoramamarbella.com\/fr\/wp-json\/wp\/v2\/types\/post"}],"author":[{"embeddable":true,"href":"https:\/\/www.panoramamarbella.com\/fr\/wp-json\/wp\/v2\/users\/7"}],"replies":[{"embeddable":true,"href":"https:\/\/www.panoramamarbella.com\/fr\/wp-json\/wp\/v2\/comments?post=39580"}],"version-history":[{"count":2,"href":"https:\/\/www.panoramamarbella.com\/fr\/wp-json\/wp\/v2\/posts\/39580\/revisions"}],"predecessor-version":[{"id":43872,"href":"https:\/\/www.panoramamarbella.com\/fr\/wp-json\/wp\/v2\/posts\/39580\/revisions\/43872"}],"wp:featuredmedia":[{"embeddable":true,"href":"https:\/\/www.panoramamarbella.com\/fr\/wp-json\/wp\/v2\/media\/4791"}],"wp:attachment":[{"href":"https:\/\/www.panoramamarbella.com\/fr\/wp-json\/wp\/v2\/media?parent=39580"}],"wp:term":[{"taxonomy":"category","embeddable":true,"href":"https:\/\/www.panoramamarbella.com\/fr\/wp-json\/wp\/v2\/categories?post=39580"},{"taxonomy":"post_tag","embeddable":true,"href":"https:\/\/www.panoramamarbella.com\/fr\/wp-json\/wp\/v2\/tags?post=39580"}],"curies":[{"name":"wp","href":"https:\/\/api.w.org\/{rel}","templated":true}]}}