{"id":40217,"date":"2025-01-02T14:10:55","date_gmt":"2025-01-02T13:10:55","guid":{"rendered":"https:\/\/www.panoramamarbella.com\/news\/los-tres-reyes-magos"},"modified":"2026-03-19T16:58:45","modified_gmt":"2026-03-19T15:58:45","slug":"les-rois-mages-a-marbella","status":"publish","type":"post","link":"https:\/\/www.panoramamarbella.com\/fr\/news\/les-rois-mages-a-marbella","title":{"rendered":"Les Rois mages : en Espagne, les f\u00eates continuent au-del\u00e0 du 25 d\u00e9cembre"},"content":{"rendered":"\n\n<h2 class=\"wp-block-heading\">Le No\u00ebl prolong\u00e9 de Marbella : la c\u00e9l\u00e9bration des Rois mages<\/h2>\n\n\n<div class=\"lead\"><p>En Espagne, la p\u00e9riode de No\u00ebl se prolonge bien apr\u00e8s le 25 d\u00e9cembre, avec la parade des Rois mages, la \u00ab Cabalgata de Reyes \u00bb, le 5 janvier, suivie du jour des Rois mages, \u00ab D\u00eda de los Reyes Magos \u00bb, jour f\u00e9ri\u00e9 national le 6 janvier.<\/p>\n<\/div>\n\n\n<p>Dans des r\u00e9gions comme Marbella et la Costa del Sol, les festivit\u00e9s sont particuli\u00e8rement remarquables, m\u00ealant coutumes anciennes et atmosph\u00e8re moderne et cosmopolite. Des d\u00e9fil\u00e9s empreints de magie aux traditions familiales pleines d\u2019\u00e9motion, cette p\u00e9riode offre un aper\u00e7u unique de l\u2019esprit durable des f\u00eates espagnoles.<\/p>\n\n\n\n<ul class=\"table-index list-unstyled p-4 p-lg-5 ms-0 bg-light\"><li class=\"text-uppercase fw-bold mb-3\">Table des mati\u00e8res<\/li><li><a href=\"#le+noel+prolonge+de+marbella++la+celebration+des+rois+mages\">\nLe No\u00ebl prolong\u00e9 de Marbella : la c\u00e9l\u00e9bration des Rois mages\n<\/a><\/li>\n<li><a href=\"#4+janvier++une+arrivee+spectaculaire+a+marbella\">\n4 janvier : une arriv\u00e9e spectaculaire \u00e0 Marbella\n<\/a><\/li>\n<li><a href=\"#6+janvier++le+jour+des+rois+mages+un+jour+ferie+national\">\n6 janvier : le jour des Rois mages, un jour f\u00e9ri\u00e9 national\n<\/a><\/li>\n<li><a href=\"#ecrire+au+pere+noel+et+aux+rois+mages\">\n\u00c9crire au P\u00e8re No\u00ebl et aux Rois mages\n<\/a><\/li>\n<li><a href=\"#lhistoire+du+jour+des+rois+mages+en+espagne\">\nL\u2019histoire du jour des Rois mages en Espagne\n<\/a><\/li><\/ul>\n\n\n\n<h2 class=\"wp-block-heading\">4 janvier : une arriv\u00e9e spectaculaire \u00e0 Marbella<\/h2>\n\n\n\n<p>Les c\u00e9l\u00e9brations commencent de mani\u00e8re spectaculaire le 4 janvier avec une tradition locale tr\u00e8s particuli\u00e8re :<strong> les Rois mages arrivent en bateau au Puerto Deportivo de Marbella \u00e0 17h00<\/strong>, o\u00f9 ils sont officiellement accueillis par la maire avant de traverser la ville dans des voitures anciennes d\u00e9capotables. Ce parcours les conduit jusqu\u2019\u00e0 l\u2019Ayuntamiento historique, dans la vieille ville de Marbella, cr\u00e9ant un spectacle passionnant pour les habitants comme pour les visiteurs. En arrivant sur la Plaza de la Iglesia aux c\u00f4t\u00e9s de la Garde royale, les autorit\u00e9s locales remettent solennellement aux Rois mages les cl\u00e9s de la ville, et ceux-ci passent ensuite la nuit au ch\u00e2teau de Marbella pour pr\u00e9parer le d\u00e9fil\u00e9 du lendemain.<\/p>\n\n\n\n<p>5 janvier : la parade des Rois mages<\/p>\n\n\n\n<p>Les rues de Marbella s\u2019animent le 5 janvier avec la spectaculaire parade des Rois mages, qui d\u00e9bute \u00e0<strong> 18h00 sur l\u2019Avenida Ricardo Soriano<\/strong>. Le cort\u00e8ge part du Pirul\u00ed \u2014 une tour en bronze embl\u00e9matique situ\u00e9e pr\u00e8s du Palais des Congr\u00e8s \u2014 et suit l\u2019avenue principale jusqu\u2019\u00e0 l\u2019Avenida Severo Ochoa, pr\u00e8s de l\u2019h\u00f4pital Quir\u00f3n.<\/p>\n\n\n\t<figure class=\"wp-caption aligncenter wp-block-acf-wpimage\">\n\t<picture><source width=\"900\" height=\"504\" srcset=\"https:\/\/media.panoramamarbella.com\/imgV1\/B95mbh8olwFQm~uCT2wPZMb8hll4wghQQQq6YWg0~c~U_DrmgY8pGP8pqaDzA6mvjyI_OPtcrHD_aKxDZZGw8oamJk0U2vdChkcEiw9tZ6qitKj1UTX2AgVQ4nER6DFoTKlJe~MPOWxlnhJsH5NsBN__Chk0iQbjc8AJr9wwGuCXQZw1gk8b4rB1U25O7iSwy19vWIGp7w--.webp 900w\" type=\"image\/webp\"><img decoding=\"async\" class=\"img-fluid\" loading=\"lazy\" width=\"900\" height=\"504\" alt=\"Jeune fille regardant la parade des Rois mages \u00e0 Marbella\" src=\"https:\/\/media.panoramamarbella.com\/imgV1\/B95mbh8olwFQm~uCT2wPZMb8hll4wghQQQq6YWg0~c~U_DrmgY8pGP8pqaDzA6mvjyI_OPtcrHD_aKxDZZGw8oamJk0U2vdChkcEiw9tZ6qitKj1UTX2AgVQ4nER6DFoTKlJe~MPOWxlnhJsH5NsBN__Cge1oEgH3yw8fDLAYqA5xB2x.jpg\"><\/picture>\t\t\t<figcaption class=\"wp-caption-text\">\n\t\tLa parade des Rois mages\t\t<\/figcaption>\n\t\t\t<\/figure>\n\t\n\n\n<p>Avec ses chars \u00e9labor\u00e9s, ses artistes costum\u00e9s et le groupe musical de Marbella, le d\u00e9fil\u00e9 transforme la ville en un v\u00e9ritable carnaval d\u2019enthousiasme. Les Rois mages \u2014 Melchior, Gaspard et Balthazar \u2014 m\u00e8nent le cort\u00e8ge, distribuant des bonbons et de petits cadeaux \u00e0 la foule. Les familles arrivent t\u00f4t le long du parcours pour trouver les meilleures places et apportent des sacs suppl\u00e9mentaires pour recueillir les friandises et jouets lanc\u00e9s depuis les chars. Pour se garer facilement, la Calle Jacinto Benavente est une option appr\u00e9ci\u00e9e des habitants.<\/p>\n\n\n\n<h2 class=\"wp-block-heading\">6 janvier : le jour des Rois mages, un jour f\u00e9ri\u00e9 national<\/h2>\n\n\n\n<p>Le 6 janvier, les familles espagnoles poursuivent les c\u00e9l\u00e9brations en ouvrant les cadeaux apport\u00e9s par les Rois mages. Une tradition particuli\u00e8re entoure le <strong>Rosc\u00f3n de Reyes<\/strong>, une brioche en forme de couronne qui cache une surprise \u2014 g\u00e9n\u00e9ralement une petite figurine de J\u00e9sus. Celui qui trouve cette figurine devient le \u00ab roi de la maison \u00bb pour la journ\u00e9e. Comme il s\u2019agit d\u2019un jour f\u00e9ri\u00e9 national, les commerces ferment, ce qui permet aux familles de profiter pleinement de leurs traditions.<\/p>\n\n\n\t<figure class=\"wp-caption aligncenter wp-block-acf-wpimage\">\n\t<picture><source width=\"900\" height=\"600\" srcset=\"https:\/\/media.panoramamarbella.com\/imgV1\/B95mbh8olwFQm~uCT2wPZMb8hll4wghQQQq6YWg0~c~U_DrmgY8pGP8pqaDzA6mvjyI_OPtcrHD_aKxDZZGw8oBZcIvDoPxIXK2Y9YjcV9Emk0dPp_ki8KtcBGH_ZcyME~eVKEE_RUeCnKhB6YI09NLB55SkUDBJ0QW4JEbF6k9PW4GiC5GWCBp_BhPk.webp 900w\" type=\"image\/webp\"><img decoding=\"async\" class=\"img-fluid\" loading=\"lazy\" width=\"900\" height=\"600\" alt=\"les Rois mages + Rosc\u00f3n de Reyes, g\u00e2teau traditionnel\" src=\"https:\/\/media.panoramamarbella.com\/imgV1\/B95mbh8olwFQm~uCT2wPZMb8hll4wghQQQq6YWg0~c~U_DrmgY8pGP8pqaDzA6mvjyI_OPtcrHD_aKxDZZGw8oBZcIvDoPxIXK2Y9YjcV9Emk0dPp_ki8KtcBGH_ZcyME~eVKEE_RUeCguhdfKdZYcQzYlWJaosyXm8-.jpg\"><\/picture>\t\t\t<figcaption class=\"wp-caption-text\">\n\t\tRoscon de Reyes\t\t<\/figcaption>\n\t\t\t<\/figure>\n\t\n\n\n<p>Fait int\u00e9ressant, le calendrier de cette f\u00eate a donn\u00e9 lieu \u00e0 une adaptation moderne assez particuli\u00e8re. Comme le 7 janvier marque souvent la rentr\u00e9e scolaire et que les enfants ont peu de temps pour profiter de leurs nouveaux jouets, de nombreuses familles espagnoles r\u00e9partissent d\u00e9sormais les cadeaux entre le 25 d\u00e9cembre et le 6 janvier. Comme aiment le dire les habitants, c\u2019est l\u00e0 l\u2019un des avantages de vivre \u00e0 Marbella : une souplesse qui permet de prolonger la joie des f\u00eates.<\/p>\n\n\n\t<figure class=\"wp-caption alignright wp-block-acf-wpimage\">\n\t<picture><source width=\"900\" height=\"1270\" srcset=\"https:\/\/media.panoramamarbella.com\/imgV1\/B95mbh8olwFQm~uCT2wPZMb8hll4wghQQQq6YWg0~c~U_DrmgY8pGP8pqaDzA6mvjyI_OPtcrHD_aKxDZZGw8pGfir2FO2DGS2lmoiK6bhqsdUpYmqlmAbTCViN5L5781eSNlhlVAUtXUq9rqYdxdQOOpBiAJ6fknwNFku0u~NW7P51l0RwhF_nn.webp 900w\" type=\"image\/webp\"><img decoding=\"async\" class=\"img-fluid\" loading=\"lazy\" width=\"900\" height=\"1270\" alt=\"cartero real\" src=\"https:\/\/media.panoramamarbella.com\/imgV1\/B95mbh8olwFQm~uCT2wPZMb8hll4wghQQQq6YWg0~c~U_DrmgY8pGP8pqaDzA6mvjyI_OPtcrHD_aKxDZZGw8pGfir2FO2DGS2lmoiK6bhqsdUpYmqlmAbTCViN5L5781eSNlhlVH9QIX73GocUiHGnk4HHQ_ro-.jpg\"><\/picture>\t\t\t<figcaption class=\"wp-caption-text\">\n\t\tLa famille royale Carter\t\t<\/figcaption>\n\t\t\t<\/figure>\n\t\n\n\n<h2 class=\"wp-block-heading\">\u00c9crire au P\u00e8re No\u00ebl et aux Rois mages<\/h2>\n\n\n\n<p>Tout comme les enfants d\u2019autres r\u00e9gions du monde \u00e9crivent au P\u00e8re No\u00ebl, les enfants espagnols r\u00e9digent leurs lettres aux Rois mages. \u00c0 Marbella, cette tradition prend une dimension encore plus sp\u00e9ciale avec la \u00ab Casa del Cartero Real \u00bb, la maison du facteur royal, situ\u00e9e dans le Parque de la Alameda.<\/p>\n\n\n\n<p>L\u00e0, les enfants peuvent poster leurs lettres et partager leurs souhaits de No\u00ebl ainsi que leurs espoirs pour le jour des Rois mages. C\u2019est une exp\u00e9rience magique qui renforce encore l\u2019excitation de la p\u00e9riode des f\u00eates.<\/p>\n\n\n\n<h2 class=\"wp-block-heading\">L\u2019histoire du jour des Rois mages en Espagne<\/h2>\n\n\n\n<p>Les origines du jour des Rois mages remontent au r\u00e9cit biblique des Mages, ou sages venus d\u2019Orient, qui se rendirent \u00e0 Bethl\u00e9em avec de l\u2019or, de l\u2019encens et de la myrrhe pour l\u2019enfant J\u00e9sus. Ce r\u00e9cit inspira les communaut\u00e9s ib\u00e9riques m\u00e9di\u00e9vales \u00e0 c\u00e9l\u00e9brer l\u2019\u00c9piphanie par des c\u00e9r\u00e9monies religieuses.<\/p>\n\n\n\t<figure class=\"wp-caption aligncenter wp-block-acf-wpimage\">\n\t<picture><source width=\"900\" height=\"504\" srcset=\"https:\/\/media.panoramamarbella.com\/imgV1\/B95mbh8olwFQm~uCT2wPZMb8hll4wghQQQq6YWg0~c~U_DrmgY8pGP8pqaDzA6mvjyI_OPtcrHD_aKxDZZGw8oamJk0U2vdChkcEiw9tZ6q8zZvIKEMHKkmN8zIjjSXATrHptHsx_Ar~n5gQ9QnuRWATMPoQaDTp_9RI_b1DOSTZDjM8dHO1BEHQr~tUhfTiLqHf.webp 900w\" type=\"image\/webp\"><img decoding=\"async\" class=\"img-fluid\" loading=\"lazy\" width=\"900\" height=\"504\" alt=\"Les Rois mages et l\u2019Enfant J\u00e9sus\" src=\"https:\/\/media.panoramamarbella.com\/imgV1\/B95mbh8olwFQm~uCT2wPZMb8hll4wghQQQq6YWg0~c~U_DrmgY8pGP8pqaDzA6mvjyI_OPtcrHD_aKxDZZGw8oamJk0U2vdChkcEiw9tZ6q8zZvIKEMHKkmN8zIjjSXATrHptHsx_Ar~n5gQ9QnuW8SvCrn41mH685UfhpSPQKU-.jpg\"><\/picture>\t\t\t<figcaption class=\"wp-caption-text\">\n\t\tLes Rois mages et l\u2019Enfant J\u00e9sus\t\t<\/figcaption>\n\t\t\t<\/figure>\n\t\n\n\n<p>Ce qui n\u2019\u00e9tait au d\u00e9part qu\u2019une observance religieuse \u00e9volua progressivement en une f\u00eate culturelle plus large qui marqua profond\u00e9ment l\u2019imaginaire des communaut\u00e9s espagnoles. Au XIXe si\u00e8cle, la c\u00e9l\u00e9bration avait d\u00e9j\u00e0 d\u00e9velopp\u00e9 des caract\u00e9ristiques distinctives comme les grands d\u00e9fil\u00e9s de rue, la tradition des lettres et la distribution de cadeaux \u00e0 l\u2019\u00e9chelle de la communaut\u00e9.<\/p>\n\n\n\n<p>Dans l\u2019Espagne contemporaine, le jour des Rois mages repr\u00e9sente bien plus qu\u2019une simple f\u00eate. C\u2019est une expression profonde de l\u2019identit\u00e9 culturelle, qui relie les traditions religieuses du pass\u00e9 aux c\u00e9l\u00e9brations familiales d\u2019aujourd\u2019hui. Cette journ\u00e9e symbolise la g\u00e9n\u00e9rosit\u00e9, l\u2019unit\u00e9 de la communaut\u00e9 et la continuit\u00e9 de pratiques culturelles anciennes propres \u00e0 la soci\u00e9t\u00e9 espagnole.<\/p>\n\n\n\n<p>Dans des r\u00e9gions comme Marbella et la Costa del Sol, cette c\u00e9l\u00e9bration reste un t\u00e9moignage vivant de continuit\u00e9 culturelle. Elle transforme un ancien r\u00e9cit biblique en une exp\u00e9rience inclusive et actuelle, reliant les g\u00e9n\u00e9rations \u00e0 travers des traditions partag\u00e9es de joie, d\u2019attente et de c\u00e9l\u00e9bration collective.<\/p>\n\n\n<article class=\"col w-100 position-relative wp-block-acf-banner\">\n    <div class=\"d-flex flex-wrap flex-column flex-xl-row align-items-start align-items-xl-end gap-4 w-100 bg-secondary text-white p-4\">\n        <div class=\"d-flex flex-column\">\n\t\t\t            <a href=\"https:\/\/www.panoramamarbella.com\/fr\/bulletin-information-sur-immobilier\" class=\"stretched-link text-white text-decoration-none\" title=\"Vous aimez ce que vous lisez ?\">\n\t\t\t\t<h2 class=\"text-white mb-3\">Vous aimez ce que vous lisez ?<\/h2>            <\/a>\n\t\t\t            <p class=\"mb-0\">\n                Abonnez-vous \u00e0 notre newsletter pour recevoir des articles captivants, du contenu exclusif et les derni\u00e8res actualit\u00e9s.            <\/p>\n\t\t\t        <\/div>\n\t\t        <span class=\"btn btn-outline-light ms-xl-auto\">Panorama Newsletter<\/span>\n\t\t    <\/div>\n<\/article>\n\n\n\n\n<p><a href=\"https:\/\/www.panoramamarbella.com\/holiday-rentals\"><br><strong><br><\/strong><\/a><\/p>\n\n\n\n","protected":false},"excerpt":{"rendered":"<p>Nous d\u00e9couvrons les c\u00e9l\u00e9brations traditionnelles de l\u2019\u00c9piphanie et des Rois mages.<\/p>\n","protected":false},"author":3,"featured_media":9882,"comment_status":"closed","ping_status":"closed","sticky":false,"template":"","format":"standard","meta":{"_acf_changed":false,"footnotes":""},"categories":[41],"tags":[],"class_list":["post-40217","post","type-post","status-publish","format-standard","has-post-thumbnail","hentry","category-style-de-vie-a-marbella"],"acf":[],"_links":{"self":[{"href":"https:\/\/www.panoramamarbella.com\/fr\/wp-json\/wp\/v2\/posts\/40217","targetHints":{"allow":["GET"]}}],"collection":[{"href":"https:\/\/www.panoramamarbella.com\/fr\/wp-json\/wp\/v2\/posts"}],"about":[{"href":"https:\/\/www.panoramamarbella.com\/fr\/wp-json\/wp\/v2\/types\/post"}],"author":[{"embeddable":true,"href":"https:\/\/www.panoramamarbella.com\/fr\/wp-json\/wp\/v2\/users\/3"}],"replies":[{"embeddable":true,"href":"https:\/\/www.panoramamarbella.com\/fr\/wp-json\/wp\/v2\/comments?post=40217"}],"version-history":[{"count":1,"href":"https:\/\/www.panoramamarbella.com\/fr\/wp-json\/wp\/v2\/posts\/40217\/revisions"}],"predecessor-version":[{"id":40258,"href":"https:\/\/www.panoramamarbella.com\/fr\/wp-json\/wp\/v2\/posts\/40217\/revisions\/40258"}],"wp:featuredmedia":[{"embeddable":true,"href":"https:\/\/www.panoramamarbella.com\/fr\/wp-json\/wp\/v2\/media\/9882"}],"wp:attachment":[{"href":"https:\/\/www.panoramamarbella.com\/fr\/wp-json\/wp\/v2\/media?parent=40217"}],"wp:term":[{"taxonomy":"category","embeddable":true,"href":"https:\/\/www.panoramamarbella.com\/fr\/wp-json\/wp\/v2\/categories?post=40217"},{"taxonomy":"post_tag","embeddable":true,"href":"https:\/\/www.panoramamarbella.com\/fr\/wp-json\/wp\/v2\/tags?post=40217"}],"curies":[{"name":"wp","href":"https:\/\/api.w.org\/{rel}","templated":true}]}}