{"id":44404,"date":"2026-04-27T10:49:46","date_gmt":"2026-04-27T08:49:46","guid":{"rendered":"https:\/\/www.panoramamarbella.com\/?p=44404"},"modified":"2026-04-27T16:52:42","modified_gmt":"2026-04-27T14:52:42","slug":"nouveautes-a-marbella","status":"publish","type":"post","link":"https:\/\/www.panoramamarbella.com\/fr\/news\/nouveautes-a-marbella","title":{"rendered":"Marbella inaugure la saison : ouvertures, lifestyle et exp\u00e9riences incontournables"},"content":{"rendered":"\n\n<h2 class=\"wp-block-heading\">Nouveaut\u00e9s \u00e0 Marbella : restaurants, beach clubs et r\u00e9ouverture d\u2019un h\u00f4tel embl\u00e9matique<\/h2>\n\n\n<div class=\"lead\"><p>Marbella arrive avec de nombreuses nouveaut\u00e9s cette ann\u00e9e. De nouveaux restaurants, de nouveaux beach clubs et la r\u00e9ouverture d\u2019un h\u00f4tel tr\u00e8s appr\u00e9ci\u00e9 marquent d\u00e9j\u00e0 la saison.<\/p>\n<\/div>\n\n\n<ul class=\"table-index list-unstyled p-4 p-lg-5 ms-0 bg-light\"><li class=\"text-uppercase fw-bold mb-3\">Table des mati\u00e8res<\/li><li><a href=\"#nouveautes+a+marbella++restaurants+beach+clubs+et+reouverture+dun+hotel+emblematique\">\nNouveaut\u00e9s \u00e0 Marbella : restaurants, beach clubs et r\u00e9ouverture d\u2019un h\u00f4tel embl\u00e9matique\n<\/a><\/li>\n<li><a href=\"#nouveautes+a+marbella++les+dernieres+ouvertures+a+connaitre\">\nNouveaut\u00e9s \u00e0 Marbella : les derni\u00e8res ouvertures \u00e0 conna\u00eetre\n<\/a><\/li>\n<li><a href=\"#restez+informe+des+nouveautes+du+marche+immobilier+de+marbella+avec+panorama\">\nRestez inform\u00e9 des nouveaut\u00e9s du march\u00e9 immobilier de Marbella avec Panorama\n<\/a><\/li>\n<li><a href=\"#questions+frequentes+sur+les+nouvelles+ouvertures+a+marbella\">\nQuestions fr\u00e9quentes sur les nouvelles ouvertures \u00e0 Marbella\n<\/a><\/li><\/ul>\n\n\n\n<h2 class=\"wp-block-heading\">Nouveaut\u00e9s \u00e0 Marbella : les derni\u00e8res ouvertures \u00e0 conna\u00eetre<\/h2>\n\n\n\n<h3 class=\"wp-block-heading\">La Petite Maison | Restaurant<\/h3>\n\n\n\t<figure class=\"wp-caption aligncenter wp-block-acf-wpimage\">\n\t<picture><source width=\"900\" height=\"353\" srcset=\"https:\/\/media.panoramamarbella.com\/imgV1\/B95mbh8olwFQm~uCT2wPZMb8hll4wghQQQq6YWg0~c~U_DrmgY8pGP8pqaDzA6mvjyI_OPtcrHD_aKxAUQW30SOrqLQdYOBdc9Tm54n3zjtcWqw4_gQ7XAg8RyKPWOo~JV_dVe_XB~ikNZ_nTHxIEVJq9SmrZcq4uEuLtBdpSKXE1XM1Fa03awZuD5fQpgxiSA--.webp 900w\" type=\"image\/webp\"><img decoding=\"async\" class=\"img-fluid\" loading=\"lazy\" width=\"900\" height=\"353\" alt=\"Nouveaut\u00e9s \u00e0 Marbella. Int\u00e9rieur \u00e9l\u00e9gant d\u2019un restaurant en bord de mer, avec des tables rondes napp\u00e9es de blanc, des assises aux tons neutres, des tables dress\u00e9es \u00e0 la lueur des bougies, et une vue sur la mer \u00e0 travers de grandes baies vitr\u00e9es, avec des palmiers \u00e0 l\u2019ext\u00e9rieur.\" src=\"https:\/\/media.panoramamarbella.com\/imgV1\/B95mbh8olwFQm~uCT2wPZMb8hll4wghQQQq6YWg0~c~U_DrmgY8pGP8pqaDzA6mvjyI_OPtcrHD_aKxAUQW30SOrqLQdYOBdc9Tm54n3zjtcWqw4_gQ7XAg8RyKPWOo~JV_dVe_XB~ikNZ_nTGI6vY0tQwtAvg7Cia3ezzyY.jpg\"><\/picture>\t\t\t<figcaption class=\"wp-caption-text\">\n\t\tGastronomie de la Riviera fran\u00e7aise sur le Mile d\u2019Or\t\t<\/figcaption>\n\t\t\t<\/figure>\n\t\n\n\n<p>Situ\u00e9e dans les jardins de Puente Romano, La Petite Maison apporte \u00e0 Marbella son style franco-m\u00e9diterran\u00e9en caract\u00e9ristique, centr\u00e9 sur la cuisine de Nice et de la C\u00f4te d\u2019Azur. Sa carte repose sur des ingr\u00e9dients frais et de grande qualit\u00e9, avec une attention particuli\u00e8re port\u00e9e aux plats l\u00e9gers con\u00e7us pour \u00eatre partag\u00e9s, des entr\u00e9es pleines de saveurs aux viandes et poissons grill\u00e9s.<\/p>\n\n\n\n<p>L\u2019espace reprend l\u2019esth\u00e9tique bien connue de la marque : lumineux, \u00e9l\u00e9gant et d\u00e9contract\u00e9, avec une belle continuit\u00e9 entre int\u00e9rieur et ext\u00e9rieur qui s\u2019accorde parfaitement au climat de Marbella. C\u2019est une addition naturelle \u00e0 la sc\u00e8ne gastronomique de Puente Romano, offrant une proposition raffin\u00e9e mais sans pr\u00e9tention, en parfaite harmonie avec la mani\u00e8re de profiter de la gastronomie ici.<\/p>\n\n\n\n<p>R\u00e9servations ouvertes : <a href=\"https:\/\/www.puenteromano.com\/dining-drinks\/la-petite-maison\/\" target=\"_blank\" rel=\"noreferrer noopener nofollow\">La Petite Maison<\/a>.<\/p>\n\n\n\n<h3 class=\"wp-block-heading\">TATEL Marbella | Restaurant<\/h3>\n\n\n\t<figure class=\"wp-caption aligncenter wp-block-acf-wpimage\">\n\t<picture><source width=\"900\" height=\"416\" srcset=\"https:\/\/media.panoramamarbella.com\/imgV1\/B95mbh8olwFQm~uCT2wPZMb8hll4wghQQQq6YWg0~c~U_DrmgY8pGP8pqaDzA6mvjyI_OPtcrHD_aKxAUQW30SCN2qkhLNg1B81N3lE1O~PSUcU7Y9NeARdpWPa2XOhKWH_1soK7N5xtW~cG9co62ssnJUGAip~88vW9O7mPPDGi~N_OMHNalu2eV5ewfac-.webp 900w\" type=\"image\/webp\"><img decoding=\"async\" class=\"img-fluid\" loading=\"lazy\" width=\"900\" height=\"416\" alt=\"Enseigne murale ext\u00e9rieure de TATEL Marbella, avec le logo du restaurant et le message \u00ab ouverture prochaine \u00bb, encadr\u00e9e de verdure et de fleurs roses.\" src=\"https:\/\/media.panoramamarbella.com\/imgV1\/B95mbh8olwFQm~uCT2wPZMb8hll4wghQQQq6YWg0~c~U_DrmgY8pGP8pqaDzA6mvjyI_OPtcrHD_aKxAUQW30SCN2qkhLNg1B81N3lE1O~PSUcU7Y9NeARdpWPa2XOhKWH_1soK7N5xtW~cYR11ppszb9qnFksJWbBc4NQ--.jpg\"><\/picture>\t\t\t<figcaption class=\"wp-caption-text\">\n\t\tCe restaurant espagnol aux racines c\u00e9l\u00e8bres ouvrira prochainement\t\t<\/figcaption>\n\t\t\t<\/figure>\n\t\n\n\n<p>TATEL ouvrira prochainement \u00e0 Marbella, dans l\u2019historique Villa Tiberio, sur le Mile d\u2019Or, apportant avec lui une solide r\u00e9putation internationale dans la haute cuisine. Lanc\u00e9 \u00e0 l\u2019origine en 2014, TATEL appartient \u00e0 un partenariat qui r\u00e9unit Rafa Nadal et Pau Gasol, aux c\u00f4t\u00e9s du chanteur Enrique Iglesias et de la star du football Cristiano Ronaldo.<\/p>\n\n\n\n<p>Faisant partie de Mabel Hospitality, ce groupe de c\u00e9l\u00e9brit\u00e9s a port\u00e9 sa cuisine espagnole sur la sc\u00e8ne internationale, avec des restaurants dans des destinations de premier plan telles que Duba\u00ef, Riyad, le Mexique, Ibiza, Madrid et Beverly Hills.<\/p>\n\n\n\n<p>L\u2019exp\u00e9rience est con\u00e7ue pour \u00e9voluer tout au long de la journ\u00e9e, fonctionnant pendant les heures de lumi\u00e8re comme un espace plus d\u00e9tendu de style piscine et beach club, avant de se transformer en v\u00e9ritable restaurant et lieu de soir\u00e9e.<\/p>\n\n\n\n<p>Prochainement, d\u00e9couvrez-en plus : <a href=\"https:\/\/tatelrestaurants.com\/en\/\" target=\"_blank\" rel=\"noreferrer noopener nofollow\">Restaurant TATEL<\/a>.<\/p>\n\n\n\n<h3 class=\"wp-block-heading\">Sabine Beach | Beach Club<\/h3>\n\n\n\t<figure class=\"wp-caption aligncenter wp-block-acf-wpimage\">\n\t<picture><source width=\"900\" height=\"600\" srcset=\"https:\/\/media.panoramamarbella.com\/imgV1\/B95mbh8olwFQm~uCT2wPZMb8hll4wghQQQq6YWg0~c~U_DrmgY8pGP8pqaDzA6mvjyI_OPtcrHD_aKxAUQW30SGKCwO_uJJGd~TJzudHt3a9SP68hAaXc3BLTGfTnoadreQYmLF4j2mrUhVjx_3GfuAN4mplEci9d~c516S4nmypX8WT6NOT60bv9c3ur7A-.webp 900w\" type=\"image\/webp\"><img decoding=\"async\" class=\"img-fluid\" loading=\"lazy\" width=\"900\" height=\"600\" alt=\"Tumbonas de un lujoso beach club sobre la arena, bajo sombrillas de paja, junto al mar, con aguas tranquilas y un cielo azul despejado.\" src=\"https:\/\/media.panoramamarbella.com\/imgV1\/B95mbh8olwFQm~uCT2wPZMb8hll4wghQQQq6YWg0~c~U_DrmgY8pGP8pqaDzA6mvjyI_OPtcrHD_aKxAUQW30SGKCwO_uJJGd~TJzudHt3a9SP68hAaXc3BLTGfTnoadreQYmLF4j2mrUhV9eKIq5wmMxkgUdmEz66xV~g--.jpg\"><\/picture>\t\t\t<figcaption class=\"wp-caption-text\">\n\t\tUne proposition plus calme et soign\u00e9e pour profiter de la gastronomie en bord de mer\t\t<\/figcaption>\n\t\t\t<\/figure>\n\t\n\n\n<p>Sabine Beach s\u2019articule autour d\u2019un rythme plus paisible, en int\u00e9grant naturellement restaurant, bar et lits de plage. Le cadre est simple et parfaitement pens\u00e9, avec des vues d\u00e9gag\u00e9es, une belle lumi\u00e8re naturelle et une connexion tr\u00e8s proche avec la mer.<\/p>\n\n\n\n<p>La carte met l\u2019accent sur des plats m\u00e9diterran\u00e9ens frais et l\u00e9gers, avec le poisson et les fruits de mer comme protagonistes, id\u00e9als pour de longs d\u00e9jeuners et des soir\u00e9es d\u00e9tendues. Une s\u00e9lection musicale soign\u00e9e assur\u00e9e par des DJs en direct accompagne l\u2019ambiance sans s\u2019imposer, cr\u00e9ant un espace relaxant, convivial et o\u00f9 l\u2019on a envie de rester.<\/p>\n\n\n\n<p>R\u00e9servez votre espace en bord de mer : <a href=\"https:\/\/www.sabinebeachmarbella.com\/\" target=\"_blank\" rel=\"noreferrer noopener nofollow\">Sabine Beach<\/a>.<\/p>\n\n\n\n<h3 class=\"wp-block-heading\">Don Carlos Marbella | H\u00f4tel 5 \u00e9toiles<\/h3>\n\n\n\t<figure class=\"wp-caption aligncenter wp-block-acf-wpimage\">\n\t<picture><source width=\"900\" height=\"571\" srcset=\"https:\/\/media.panoramamarbella.com\/imgV1\/B95mbh8olwFQm~uCT2wPZMb8hll4wghQQQq6YWg0~c~U_DrmgY8pGP8pqaDzA6mvjyI_OPtcrHD_aKxAUQW30SY2~9nzj0IgYK5hgsjgRJYf0VWVTPeyT_FJkYHRCc4MaZc6sZwWFmdKwbLSXQHjX4CmSY8qA67Rom6URXdLehTARvyHs~h1V4hBAOnoU0g-.webp 900w\" type=\"image\/webp\"><img decoding=\"async\" class=\"img-fluid\" loading=\"lazy\" width=\"900\" height=\"571\" alt=\"Terrasse de restaurant lumineuse et \u00e9l\u00e9gante, avec des chaises en rotin, des tables rondes en marbre, des parasols jaunes ray\u00e9s et une vue sur la piscine dans un cadre de resort raffin\u00e9.\" src=\"https:\/\/media.panoramamarbella.com\/imgV1\/B95mbh8olwFQm~uCT2wPZMb8hll4wghQQQq6YWg0~c~U_DrmgY8pGP8pqaDzA6mvjyI_OPtcrHD_aKxAUQW30SY2~9nzj0IgYK5hgsjgRJYf0VWVTPeyT_FJkYHRCc4MaZc6sZwWFmdKwbLMelt_KQThvudvn6DrdwXt8w--.jpg\"><\/picture>\t\t\t<figcaption class=\"wp-caption-text\">\n\t\tUn h\u00f4tel embl\u00e9matique revient avec une nouvelle orientation\t\t<\/figcaption>\n\t\t\t<\/figure>\n\t\n\n\n<p>Inaugur\u00e9 pour la premi\u00e8re fois en 1969, l\u2019H\u00f4tel Don Carlos est rapidement devenu l\u2019un des \u00e9tablissements les plus embl\u00e9matiques de Marbella, situ\u00e9 dans de vastes jardins en bord de mer \u00e0 Elviria. Pendant des d\u00e9cennies, il a \u00e9t\u00e9 une r\u00e9f\u00e9rence pour les visiteurs internationaux, connu pour son envergure, ses jardins et sa longue pr\u00e9sence sur la c\u00f4te.<\/p>\n\n\n\n<p>Aujourd\u2019hui, apr\u00e8s avoir ferm\u00e9 en 2022 pour une vaste r\u00e9novation repr\u00e9sentant un investissement de plus de 43 millions d\u2019euros, l\u2019h\u00f4tel a rouvert avec une attention renouvel\u00e9e port\u00e9e au design, au service et \u00e0 l\u2019exp\u00e9rience globale. Cette mise \u00e0 jour l\u2019adapte aux attentes actuelles, tout en conservant le cadre qui l\u2019a rendu si c\u00e9l\u00e8bre d\u00e8s le d\u00e9part.<\/p>\n\n\n\n<p>Son retour renforce \u00e9galement l\u2019attrait de Marbella Est, une zone o\u00f9 les investissements dans les h\u00f4tels et les infrastructures se sont d\u00e9velopp\u00e9s de mani\u00e8re constante. Plus qu\u2019une simple r\u00e9novation, il marque le retour de l\u2019un des noms historiques de Marbella, d\u00e9sormais pr\u00eat \u00e0 accueillir une nouvelle g\u00e9n\u00e9ration de visiteurs.<\/p>\n\n\n\n<p>D\u00e9couvrez les installations : <a href=\"https:\/\/doncarlosresort.com\/es\/\" target=\"_blank\" rel=\"noreferrer noopener nofollow\">Don Carlos Resort<\/a>.<\/p>\n\n\n\n<h3 class=\"wp-block-heading\">Nube | Beach Club<\/h3>\n\n\n\t<figure class=\"wp-caption aligncenter wp-block-acf-wpimage\">\n\t<picture><source width=\"900\" height=\"600\" srcset=\"https:\/\/media.panoramamarbella.com\/imgV1\/B95mbh8olwFQm~uCT2wPZMb8hll4wghQQQq6YWg0~c~U_DrmgY8pGP8pqaDzA6mvjyI_OPtcrHD_aKxAUQW30SGKCwO_uJJGd~TJzudHt3a9SP68hAaXc3BLTGfTnoadreQYmLF4j2mrUhVjx_3GfuAN4mplEci9d~c516S4nmypX8WT6NOT60bv9c3ur7A-.webp 900w\" type=\"image\/webp\"><img decoding=\"async\" class=\"img-fluid\" loading=\"lazy\" width=\"900\" height=\"600\" alt=\"Lits de plage d\u2019un beach club de luxe sur le sable, sous des parasols en chaume, au bord de la mer, avec des vagues calmes et un ciel bleu d\u00e9gag\u00e9.\" src=\"https:\/\/media.panoramamarbella.com\/imgV1\/B95mbh8olwFQm~uCT2wPZMb8hll4wghQQQq6YWg0~c~U_DrmgY8pGP8pqaDzA6mvjyI_OPtcrHD_aKxAUQW30SGKCwO_uJJGd~TJzudHt3a9SP68hAaXc3BLTGfTnoadreQYmLF4j2mrUhV9eKIq5wmMxkgUdmEz66xV~g--.jpg\"><\/picture>\t\t\t<figcaption class=\"wp-caption-text\">\n\t\tOuverture initiale le 1er mai 2026\t\t<\/figcaption>\n\t\t\t<\/figure>\n\t\n\n\n<p>Situ\u00e9 sur le littoral d\u2019Estepona, Nube apporte une nouvelle image et une approche fra\u00eeche \u00e0 la sc\u00e8ne des beach clubs. L\u2019espace mise sur des textures naturelles, des tons doux et des agencements ouverts et lumineux, cr\u00e9ant une atmosph\u00e8re calme et agr\u00e9able d\u00e8s l\u2019arriv\u00e9e. Le club comprend un restaurant m\u00e9diterran\u00e9en, un beach club, une piscine, des espaces de d\u00e9tente en bord de plage, une terrasse, un karaok\u00e9 lounge et une discoth\u00e8que.<\/p>\n\n\n\n<p>Le concept repose sur une exp\u00e9rience tout au long de la journ\u00e9e, chaque espace ayant sa propre ambiance. Les matin\u00e9es et les d\u00e9buts d\u2019apr\u00e8s-midi sont plac\u00e9s sous le signe de la d\u00e9tente, avec des lits de plage, des vues sur la mer et une carte centr\u00e9e sur les fruits de mer frais, les grillades et des plats plus l\u00e9gers. \u00c0 mesure que la journ\u00e9e avance, l\u2019\u00e9nergie monte, avec de la musique, des cocktails et une atmosph\u00e8re plus conviviale jusque dans la soir\u00e9e.<\/p>\n\n\n\n<p>R\u00e9servez votre exp\u00e9rience : <a href=\"https:\/\/nubeestepona.es\/\" target=\"_blank\" rel=\"noreferrer noopener nofollow\">Nube Estepona<\/a><\/p>\n\n\n<article class=\"col w-100 position-relative mb-5 wp-block-acf-banner\">\n    <div class=\"d-flex flex-wrap flex-column flex-xl-row align-items-start align-items-xl-end gap-4 w-100 bg-secondary text-white p-4\">\n        <div class=\"d-flex flex-column\">\n\t\t\t            <a href=\"https:\/\/www.panoramamarbella.com\/fr\/bulletin-information-sur-immobilier\" class=\"stretched-link text-white text-decoration-none\" title=\"Vous aimez ce que vous lisez ?\">\n\t\t\t\t<h2 class=\"text-white mb-3\">Vous aimez ce que vous lisez ?<\/h2>            <\/a>\n\t\t\t            <p class=\"mb-0\">\n                Abonnez-vous \u00e0 notre newsletter pour recevoir des articles captivants, du contenu exclusif et les derni\u00e8res actualit\u00e9s.            <\/p>\n\t\t\t        <\/div>\n\t\t        <span class=\"btn btn-outline-light ms-xl-auto\">Panorama newsletter<\/span>\n\t\t    <\/div>\n<\/article>\n\n\n\n\n<h2 class=\"wp-block-heading\">Restez inform\u00e9 des nouveaut\u00e9s du march\u00e9 immobilier de Marbella avec Panorama<\/h2>\n\n\n\n<p>Que vous soyez attir\u00e9 par les <a href=\"https:\/\/www.panoramamarbella.com\/fr\/news\/residences-de-marque-a-marbella\">r\u00e9sidences de marque<\/a>, que vous souhaitiez d\u00e9couvrir des quartiers \u00e9mergents ou que vous vous int\u00e9ressiez aux <a href=\"https:\/\/www.panoramamarbella.com\/fr\/news\/programmes-de-luxe-durables\">villas de promotions de luxe durables<\/a> de derni\u00e8re g\u00e9n\u00e9ration, nous pouvons vous aider \u00e0 trouver une propri\u00e9t\u00e9 qui corresponde \u00e0 votre style de vie id\u00e9al \u00e0 Marbella.<\/p>\n\n\n\n<h2 class=\"wp-block-heading\">Questions fr\u00e9quentes sur les nouvelles ouvertures \u00e0 Marbella<\/h2>\n\n\n\t<div class=\"position-relative\">\n\t\t\t\t\t<h3>Quelles sont les nouveaut\u00e9s \u00e0 Marbella en 2026 ?<\/h3>\n\t\t\t<p>Les derni\u00e8res ouvertures \u00e0 Marbella pour 2026 incluent de nouveaux restaurants, des beach clubs et la r\u00e9ouverture de l\u2019embl\u00e9matique Don Carlos Marbella. Parmi les adresses les plus remarquables figurent La Petite Maison \u00e0 Puente Romano, TATEL Marbella sur le Mile d\u2019Or, Sabine Beach et le Don Carlos r\u00e9cemment rouvert \u00e0 Elviria.<\/p>\n\t\t\t\t\t<h3>Quels nouveaux restaurants ouvrent \u00e0 Marbella ?<\/h3>\n\t\t\t<p>Parmi les ouvertures de restaurants les plus remarquables figurent La Petite Maison, qui apporte son concept franco-m\u00e9diterran\u00e9en \u00e0 Puente Romano, et TATEL Marbella, qui ouvrira prochainement \u00e0 la Villa Tiberio, sur le Mile d\u2019Or.<\/p>\n\t\t\t\t\t<h3>Qu\u2019est-ce qui rend Sabine Beach si sp\u00e9cial ?<\/h3>\n\t\t\t<p>Sabine Beach offre une exp\u00e9rience en bord de mer plus d\u00e9tendue et soign\u00e9e, r\u00e9unissant restaurant, bar et lits de plage dans un m\u00eame espace. Sa carte m\u00e9diterran\u00e9enne, ses vues sur la mer et son atmosph\u00e8re discr\u00e8te en font une option id\u00e9ale pour de longs d\u00e9jeuners et des apr\u00e8s-midis tranquilles sur la c\u00f4te.<\/p>\n\t\t\t\t\t<h3>Le Don Carlos Marbella a-t-il rouvert ?<\/h3>\n\t\t\t<p>Oui, le Don Carlos Marbella a rouvert apr\u00e8s avoir ferm\u00e9 en 2022 pour une importante r\u00e9novation. L\u2019h\u00f4tel, inaugur\u00e9 \u00e0 l\u2019origine en 1969, revient avec une attention renouvel\u00e9e port\u00e9e au design, au service et \u00e0 l\u2019exp\u00e9rience client, tout en conservant son cadre en bord de mer qui a fait sa renomm\u00e9e.<\/p>\n\t\t\t\t\t<h3>Pourquoi la r\u00e9ouverture du Don Carlos est-elle importante pour Marbella Est ?<\/h3>\n\t\t\t<p>Le retour du Don Carlos renforce la position de Marbella Est comme une zone b\u00e9n\u00e9ficiant d\u2019investissements croissants dans les h\u00f4tels et les infrastructures. Il ne s\u2019agit pas seulement de la r\u00e9ouverture d\u2019un h\u00f4tel embl\u00e9matique, mais aussi d\u2019un signe de confiance continue dans cette partie de la c\u00f4te.<\/p>\n\t\t\t<\/div>\n\n\n\n\n\t\t<section class=\"container wp-block-acf-inmpropselection\">\n\t\t\t<h2>Marbella d\u00e9voile de nouvelles ouvertures et des propri\u00e9t\u00e9s irr\u00e9sistibles<\/h2>\t\t\t<div class=\"row row-cols-1 row-cols-lg-3 gy-5 g-xxl-5\">\n\t\t\t\t\n<article class=\"col card-properties position-relative d-flex flex-column\">\n\t<div id=\"carouselCardProperties-1-0\" class=\"card-properties-images carousel slide carousel-fade lazy\" data-bs-ride=\"carousel\" data-bs-interval=\"200000\" data-id=\"698664\">\n\t\t<div class=\"carousel-inner\">\n\t\t\t<figure class=\"carousel-item mb-0 active ratio ratio-4x3\">\n\t\t\t\t<picture><source sizes=\"(max-width: 575px) calc(100vw - 24px), (max-width: 767px) 516px, (max-width: 991px) 696px, (max-width: 1199px) 296px, (max-width: 1399px) 356px, 400px\" width=\"696\" height=\"522\" srcset=\"https:\/\/media.panoramamarbella.com\/imgV1\/B95mbh8olwFQm~uCUaVOI2kQT0hb0a8sZ9turUNfnwtvuccYCzs0YVPfPbfkc2VnnN1JFDpkYaGfw1gJsS~5hOu8ClA27V6xVP6zyKoKPS1Mn7WRHYZMLWv_YHD73v3wTA8HWCCOpMnXwN2uAr5VSPiSO7karRIMiZTPqCu_dZ5fuWR0YCW6_1pG5Bl~Hp5WroeZ3HQAZ5bJuMGEOv79bl9k214P5Nw2k7gr9ANpozAASAFpx51KqYb~IgRpbC3Nm7LGaJqZPuy9KH5g7qzcuC2cvd8aXgZUiX05nn3MiVFBu3_R0uApWqg0GDDTU7GVpDHN0uiwmWHOPGRGcV19lVB5JeSIN5bWCc0XpEoi3uZ0T3eXN37TL0i518tYi19KAllVsHHd0sbTDHyPO_Nw~4KnnSNcB9zdZy_Falf9Nm2Qd8UylRZPY3Up0552~WYpYFfMu6~cQQhix6~xJmlu.webp 696w,https:\/\/media.panoramamarbella.com\/imgV1\/B95mbh8olwFQm~uCUaVOI2kQT0hb0a8sZ9turUNfnwtvuccYCzs0YVPfPbfkc2VnnN1JFDpkYaGfw1gJsS~5hOu8ClA27V6xVP6zyKoKPS1Mn7WRHYZMLWv_YHD73v3wTA8HWCCOpMnXwN2uAr5VSPiSO7karRIMiZTPqCu_dxsgwbeNJ3yUNRGy~HNlq7dkSM2WX~69OJOJ5Rf_OC19ofiiJFxHjWv2u3u0P4hi6O0xoN_eKF2nSgtPXKVIDb6vkB7sMfUcYSFaA8MkPym_Gpt83~i_ztzET0MbhzNjsKTdK5NbqRNgl5yWC5YxwwmAj1QP7QCWT0mNwDbjKvcT6HKFDihRXrRi~rK1hGgEsn~KGSB8yKC8a2ZAlw1Y0g7iH3vxsT0JHikRupGzmmtHsrKXqc6p8M2~T5e5ifxWDLJfJRqdDdAaQRy8mbVTKnDv_ya2ucuiMT0AMrtAXM~J.webp 400w\" type=\"image\/webp\"><img decoding=\"async\" class=\"position-absolute w-100 h-100 object-fit-cover\" alt=\"Appartement unique en rez-de-chauss\u00e9e avec vue sur la mer dans les Jardins Japonais de Marina Puente Romano\" loading=\"lazy\" width=\"696\" height=\"522\" src=\"https:\/\/media.panoramamarbella.com\/imgV1\/B95mbh8olwFQm~uCUaVOI2kQT0hb0a8sZ9turUNfnwtvuccYCzs0YVPfPbfkc2VnnN1JFDpkYaGfw1gJsS~5hOu8ClA27V6xVP6zyKoKPS1Mn7WRHYZMLWv_YHD73v3wTA8HWCCOpMnXwN2uAr5VSPiSO7karRIMiZTPqCu_dZ5fuWR0YCW6_1pG5Bl~AOWCKsfURyq35vm55dIauvG9uVaSivcgS4ajblndO75z1CH0f2jKmqCp4xxFvz8SGfsGZsvJDXqx_1ZOdq6C3Ciw5BdH3mBMTlmpWiwr03l4R5h6rIkh70WK8PZkn3TMc7aMyNa5IHcJVNmTEhV8AxRljU0iGmAWvH9H8Jc12IGx0P0jWsreOMhWj1MxEo9KATyoLWCUe5JwyP7SYClFp7YUmD7e40GOUqwrJuzlqrEiOyMmHv7XqSzouqYV54M-.jpg\"><\/picture>\t\t\t<\/figure>\n\t\t\t\t\t\t<span class=\"card-properties-tag position-absolute z-2 top-0 start-0 bg-secondary text-white py-1 px-3 ms-3\">\n\t\t\t\tEn vedette\t\t\t<\/span>\n\t\t\t\t\t\t<span class=\"card-properties-ref position-absolute z-2 bottom-0 end-0 bg-white text-primary py-1 px-3 me-3\">\n\t\t\t\tPANR-16359\t\t\t<\/span>\n\t\t\t<button class=\"card-properties-portfolio d-flex align-items-center justify-content-center position-absolute z-3 end-0 text-white bg-primary me-3 border-0 px-0\" data-pfl-id=\"698664\" data-pfl-filter=\"sale\" aria-label=\"Add to portfolio\">\n\t\t\t\t<svg width=\"18\" fill=\"currentColor\" viewBox=\"0 0 512 512\">\n\t\t\t\t\t<use href=\"https:\/\/www.panoramamarbella.com\/wp-content\/themes\/panoramamarbella\/dist\/src\/images\/icons.svg#svgHeart\"><\/use>\n\t\t\t\t<\/svg>\n\t\t\t\t<svg width=\"18\" fill=\"currentColor\" viewBox=\"0 0 512 512\">\n\t\t\t\t\t<use href=\"https:\/\/www.panoramamarbella.com\/wp-content\/themes\/panoramamarbella\/dist\/src\/images\/icons.svg#svgHeartIn\"><\/use>\n\t\t\t\t<\/svg>\n\t\t\t<\/button>\n\t\t<\/div>\n\t\t\t\t<button\n\t\t\tclass=\"carousel-control-prev\"\n\t\t\ttype=\"button\"\n\t\t\tdata-bs-target=\"#carouselCardProperties-1-0\"\n\t\t\tdata-bs-slide=\"prev\">\n\t\t\t<span class=\"carousel-control-prev-icon\" aria-hidden=\"true\"><\/span>\n\t\t\t<span class=\"visually-hidden\">Pr\u00e9c\u00e9dent<\/span>\n\t\t<\/button>\n\t\t<button\n\t\t\tclass=\"carousel-control-next\"\n\t\t\ttype=\"button\"\n\t\t\tdata-bs-target=\"#carouselCardProperties-1-0\"\n\t\t\tdata-bs-slide=\"next\">\n\t\t\t<span class=\"carousel-control-next-icon\" aria-hidden=\"true\"><\/span>\n\t\t\t<span class=\"visually-hidden\">Suivant<\/span>\n\t\t<\/button>\n\t\t\t<\/div>\n\t<div class=\"d-flex flex-column h-100 px-3 py-4 shadow\">\n\t\t\t\t<h3 class=\"card-properties-title mb-3\">\n\t\t\t<a class=\"stretched-link\" href=\"\/fr\/proprietes\/marbella\/marbella-golden-mile\/marina-puente-romano\/appartements-habitats\/PANR-16359\">\n\t\t\t\tAppartement unique en rez-de-chauss\u00e9e avec vue sur la mer dans les Jardins Japonais de Marina Puente Romano\t\t\t<\/a>\n\t\t<\/h3>\n\t\t<p class=\"mb-3 text-black-dark\">Marina Puente Romano, Marbella Golden Mile<\/p>\n\t\t\t\t\t\t<p class=\"card-properties-description mb-3\">\n\t\t\tD\u00e9couvrez le summum du luxe sans effort dans cet appartement sur\u00e9lev\u00e9 en rez-de-chauss\u00e9e, expos\u00e9 sud-ouest, nich\u00e9 au sein de l\u2019embl\u00e9matique Puente Romano Beach Resort and Spa \u2014 l\u2019une des adresses les plus prestigieuses et recherch\u00e9es&#8230;\t\t<\/p>\n\t\t\t\t<span class=\"card-properties-price mt-auto\">\n\t\t\t\n\t\t\t<span class=\"card-properties-price mt-auto\" data-original-price=\"4950000\">4\u202f950\u202f000\u00a0\u20ac<\/span>\n\t\t\t\t<\/span>\n\t\t\t\t<ul class=\"card-properties-features list-unstyled d-flex flex-wrap align-items-center gap-3 pt-3 border-top mt-3 mb-0\">\n\t\t\t<li class=\"d-flex align-items-center\">3 Chambres<\/li><li class=\"d-flex align-items-center\">3 Bains<\/li>\t\t\t\t<li class=\"d-flex align-items-center\">\n\t\t\t\t\t <span class=\"me-1\" data-original-value=\"180\" data-original-unit=\"m&#038;sup2\">180 m&sup2;<\/span>Total\t\t\t\t<\/li>\n\t\t\t\t\t\t\t<li class=\"d-flex align-items-center\">\n\t\t\t\t\t <span class=\"me-1\" data-original-value=\"140\" data-original-unit=\"m&#038;sup2\">140 m&sup2;<\/span>Construit\t\t\t\t<\/li>\n\t\t\t\t\t\t\t<li class=\"d-flex align-items-center\">\n\t\t\t\t\t <span class=\"me-1\" data-original-value=\"40\" data-original-unit=\"m&#038;sup2\">40 m&sup2;<\/span>Terrasses\t\t\t\t<\/li>\n\t\t\t\t\t<\/ul>\n\t\t\t<\/div>\n<\/article>\n\n\n<article class=\"col card-properties position-relative d-flex flex-column\">\n\t<div id=\"carouselCardProperties-1-1\" class=\"card-properties-images carousel slide carousel-fade lazy\" data-bs-ride=\"carousel\" data-bs-interval=\"200000\" data-id=\"698452\">\n\t\t<div class=\"carousel-inner\">\n\t\t\t<figure class=\"carousel-item mb-0 active ratio ratio-4x3\">\n\t\t\t\t<picture><source sizes=\"(max-width: 575px) calc(100vw - 24px), (max-width: 767px) 516px, (max-width: 991px) 696px, (max-width: 1199px) 296px, (max-width: 1399px) 356px, 400px\" width=\"696\" height=\"522\" srcset=\"https:\/\/media.panoramamarbella.com\/imgV1\/B95mbh8olwFQm~uCUaVOI2kQT0hb0a8sZ9turUNfnwtvuccYCzs0YVPfPbfkc2VnnN1JFDpkYaGfw1gJsS~5hOu8AUZEQTHg7CLRX_1curmO2wUT0oMrRL1uiJLedOIKDN8v93fz93HwFQv7mvDjXTJ7lOrU4l83PE~Y7~g4uSwzq7fwptUkt8il_H0dUfDMbhzRCHO11LkysK_bxmVac4BLYh_a2hSE6xc4RNhtWQy0GnsnoQrJccDe7cp8t7Ce6UlO1DWqwXSJYUCDuwP7QwoWCJkTw27ijwwwpB98FcoNDGs~dLIP7I2GDa3nOd4g1SjhL97WDkXGdj2aFX5fwQPpaxEz9JYPNAHCS8LI6VPreTQIillN_1gkADuMHYT2CJSd5rwzlKJJZqM2B1EGJzPLGXSc9ooOUU7qL2ig99dCjaK189Pp7TsIOGVaDX9oXhEFrF_Ia4RltvugvjBP.webp 696w,https:\/\/media.panoramamarbella.com\/imgV1\/B95mbh8olwFQm~uCUaVOI2kQT0hb0a8sZ9turUNfnwtvuccYCzs0YVPfPbfkc2VnnN1JFDpkYaGfw1gJsS~5hOu8AUZEQTHg7CLRX_1curmO2wUT0oMrRL1uiJLedOIKDN8v93fz93HwFQv7mvDjXTJ7lOrU4l83PE~Y7~g4u~df~Tano1nt9Ue6uk~XBWFCGo8b5uz9KD25B9Qw7evRA8SqFZq34AgCn5JX6EuhbeRrvvPVHMrvFUE2AO7h4SlLQw6ob~_m94R0S7sqNgkVrMEquSzkE9nasFMmps2VzAHYdSAQ2wTz4HwlOQKPdZH_kxNfiyNr1LkWz6W0SPGJz_J5jSuIrO8m9wUmUgBw7W4bVwwlZXewN8w4PgVWe867xysmy5y9aWPRh5yB7zWFKCmqm7usE_2JL120Zpd5k0n~nRNSy0VF9XmSJWinpqt3IAb2BAerv9YNOwzXXZg6.webp 400w\" type=\"image\/webp\"><img decoding=\"async\" class=\"position-absolute w-100 h-100 object-fit-cover\" alt=\"Appartement impeccable avec vue sur la mer \u00e0 Bahia del Velerin, Estepona\" loading=\"lazy\" width=\"696\" height=\"522\" src=\"https:\/\/media.panoramamarbella.com\/imgV1\/B95mbh8olwFQm~uCUaVOI2kQT0hb0a8sZ9turUNfnwtvuccYCzs0YVPfPbfkc2VnnN1JFDpkYaGfw1gJsS~5hOu8AUZEQTHg7CLRX_1curmO2wUT0oMrRL1uiJLedOIKDN8v93fz93HwFQv7mvDjXTJ7lOrU4l83PE~Y7~g4uSwzq7fwptUkt8il_H0dT~d80FU6rzBEPKVvi7_9uKyowpu_WM6HzT2BejtGMxY4Ue4yJKg6tygbAbOs4O2zuBdhFbcIhyEehd0GrogCmXKavWLN_n86mIIQdIrcaS0D4WN6WOtwoDECcJPnCoGASy5m1KGKXUks15kVrhZufydUhekpIBkQZbMRjCpoPPH~gROlE7YzRlNm41NdY7EbPR9x5kL9_LwgSvVMZ6RHdRXrOZjwX9fLz9QxqTZ1Osni6X7J~ihA36h0OX6JJb8-.jpg\"><\/picture>\t\t\t<\/figure>\n\t\t\t\t\t\t<span class=\"card-properties-ref position-absolute z-2 bottom-0 end-0 bg-white text-primary py-1 px-3 me-3\">\n\t\t\t\tPANR-16352\t\t\t<\/span>\n\t\t\t<button class=\"card-properties-portfolio d-flex align-items-center justify-content-center position-absolute z-3 end-0 text-white bg-primary me-3 border-0 px-0\" data-pfl-id=\"698452\" data-pfl-filter=\"sale\" aria-label=\"Add to portfolio\">\n\t\t\t\t<svg width=\"18\" fill=\"currentColor\" viewBox=\"0 0 512 512\">\n\t\t\t\t\t<use href=\"https:\/\/www.panoramamarbella.com\/wp-content\/themes\/panoramamarbella\/dist\/src\/images\/icons.svg#svgHeart\"><\/use>\n\t\t\t\t<\/svg>\n\t\t\t\t<svg width=\"18\" fill=\"currentColor\" viewBox=\"0 0 512 512\">\n\t\t\t\t\t<use href=\"https:\/\/www.panoramamarbella.com\/wp-content\/themes\/panoramamarbella\/dist\/src\/images\/icons.svg#svgHeartIn\"><\/use>\n\t\t\t\t<\/svg>\n\t\t\t<\/button>\n\t\t<\/div>\n\t\t\t\t<button\n\t\t\tclass=\"carousel-control-prev\"\n\t\t\ttype=\"button\"\n\t\t\tdata-bs-target=\"#carouselCardProperties-1-1\"\n\t\t\tdata-bs-slide=\"prev\">\n\t\t\t<span class=\"carousel-control-prev-icon\" aria-hidden=\"true\"><\/span>\n\t\t\t<span class=\"visually-hidden\">Pr\u00e9c\u00e9dent<\/span>\n\t\t<\/button>\n\t\t<button\n\t\t\tclass=\"carousel-control-next\"\n\t\t\ttype=\"button\"\n\t\t\tdata-bs-target=\"#carouselCardProperties-1-1\"\n\t\t\tdata-bs-slide=\"next\">\n\t\t\t<span class=\"carousel-control-next-icon\" aria-hidden=\"true\"><\/span>\n\t\t\t<span class=\"visually-hidden\">Suivant<\/span>\n\t\t<\/button>\n\t\t\t<\/div>\n\t<div class=\"d-flex flex-column h-100 px-3 py-4 shadow\">\n\t\t\t\t<h3 class=\"card-properties-title mb-3\">\n\t\t\t<a class=\"stretched-link\" href=\"\/fr\/proprietes\/estepona\/estepona-est\/bahia-del-velerin\/appartements-habitats\/PANR-16352\">\n\t\t\t\tAppartement impeccable avec vue sur la mer \u00e0 Bahia del Velerin, Estepona\t\t\t<\/a>\n\t\t<\/h3>\n\t\t<p class=\"mb-3 text-black-dark\">Bah\u00eda del Veler\u00edn, Estepona Est<\/p>\n\t\t\t\t\t\t<p class=\"card-properties-description mb-3\">\n\t\t\tCet appartement en premi\u00e8re ligne de plage a \u00e9t\u00e9 enti\u00e8rement r\u00e9nov\u00e9 et transform\u00e9 en une r\u00e9sidence exceptionnelle, r\u00e9alis\u00e9e avec des mat\u00e9riaux de la plus haute qualit\u00e9 et un design contemporain raffin\u00e9. Situ\u00e9 dans l\u2019un des&#8230;\t\t<\/p>\n\t\t\t\t<span class=\"card-properties-price mt-auto\">\n\t\t\t\n\t\t\t<span class=\"card-properties-price mt-auto\" data-original-price=\"1895000\">1\u202f895\u202f000\u00a0\u20ac<\/span>\n\t\t\t\t<\/span>\n\t\t\t\t<ul class=\"card-properties-features list-unstyled d-flex flex-wrap align-items-center gap-3 pt-3 border-top mt-3 mb-0\">\n\t\t\t<li class=\"d-flex align-items-center\">3 Chambres<\/li><li class=\"d-flex align-items-center\">2 Bains<\/li>\t\t\t\t<li class=\"d-flex align-items-center\">\n\t\t\t\t\t <span class=\"me-1\" data-original-value=\"145\" data-original-unit=\"m&#038;sup2\">145 m&sup2;<\/span>Total\t\t\t\t<\/li>\n\t\t\t\t\t\t\t<li class=\"d-flex align-items-center\">\n\t\t\t\t\t <span class=\"me-1\" data-original-value=\"122\" data-original-unit=\"m&#038;sup2\">122 m&sup2;<\/span>Construit\t\t\t\t<\/li>\n\t\t\t\t\t\t\t<li class=\"d-flex align-items-center\">\n\t\t\t\t\t <span class=\"me-1\" data-original-value=\"23\" data-original-unit=\"m&#038;sup2\">23 m&sup2;<\/span>Terrasses\t\t\t\t<\/li>\n\t\t\t\t\t<\/ul>\n\t\t\t<\/div>\n<\/article>\n\n\n<article class=\"col card-properties position-relative d-flex flex-column\">\n\t<div id=\"carouselCardProperties-1-2\" class=\"card-properties-images carousel slide carousel-fade lazy\" data-bs-ride=\"carousel\" data-bs-interval=\"200000\" data-id=\"697691\">\n\t\t<div class=\"carousel-inner\">\n\t\t\t<figure class=\"carousel-item mb-0 active ratio ratio-4x3\">\n\t\t\t\t<picture><source sizes=\"(max-width: 575px) calc(100vw - 24px), (max-width: 767px) 516px, (max-width: 991px) 696px, (max-width: 1199px) 296px, (max-width: 1399px) 356px, 400px\" width=\"696\" height=\"522\" srcset=\"https:\/\/media.panoramamarbella.com\/imgV1\/B95mbh8olwFQm~uCUaVOI2kQT0hb0a8sZ9turUNfnwtvuccYCzs0YVPfPbfkc2VnnN1JFDpkYaGfw1gJsS~5hOu9X5J_GGESH79I62csjOueuTbhRLPEQEkioevvhdrpjaWZvyQirO9yl0pilvxoweqB_Ivhe0U_Jy8EpEUkkIerqgeQoKU1mQB5R7jXZ4z2~yGHtb6~CBhi84a2F0raVYWLu7HUrDtit56FaP4OzvluUMGSwtGFlSJjr8yarAflGi10pMdlOSw4pYbz1aqK6iIVhkYwfTShqk4tM8jcl3NydxgqIaQ5Hr3LCHJIjKmxTaM1YMrEvaemAODXyC~Axri4wdZFcJwZbcVOP6nZFqFub0gDbEaJ8ewY0NDjqGgCUFpu9RkXt5X2GSkuGu1KRN9zum7V9133uqsztpj3Tuu9VQfPyxoXd8UjT0SxZc5xix8YhCigEA3G9dEBKBQ2.webp 696w,https:\/\/media.panoramamarbella.com\/imgV1\/B95mbh8olwFQm~uCUaVOI2kQT0hb0a8sZ9turUNfnwtvuccYCzs0YVPfPbfkc2VnnN1JFDpkYaGfw1gJsS~5hOu9X5J_GGESH79I62csjOueuTbhRLPEQEkioevvhdrpjaWZvyQirO9yl0pilvxoweqB_Ivhe0U_Jy8EpEUkko1a78AnfDVp7Xlsgx3km_Rd47QqHGmTwbNqdRjMS62fS8JkHMlnjYi2Wtt450XydYXva8FoZJ25irlVO5Ob7WT2ai1w6Lt5Xskty6pLQlJxFmgZgJeqWTkfUbXDR1VHOqoNnqF4XSbRybXd4uMgVBoJgOCP8Pclw0gYC8Q12nBtMMEN1IEFdpKdFxHfuKC25RIEs5LT1WXuLWTNQdbX6ZFeI5ljV9FbJzAQWoXuA3_2bpay0lG_RdcVguU4wa~kZ90i1jVqD~4CMzTkUDnsFBpBXUK49EKzkx6U2GFqJIdV.webp 400w\" type=\"image\/webp\"><img decoding=\"async\" class=\"position-absolute w-100 h-100 object-fit-cover\" alt=\"Appartement \u00e9l\u00e9gant et spacieux \u00e0 Monte Para\u00edso, Marbella Golden Mile\" loading=\"lazy\" width=\"696\" height=\"522\" src=\"https:\/\/media.panoramamarbella.com\/imgV1\/B95mbh8olwFQm~uCUaVOI2kQT0hb0a8sZ9turUNfnwtvuccYCzs0YVPfPbfkc2VnnN1JFDpkYaGfw1gJsS~5hOu9X5J_GGESH79I62csjOueuTbhRLPEQEkioevvhdrpjaWZvyQirO9yl0pilvxoweqB_Ivhe0U_Jy8EpEUkkIerqgeQoKU1mQB5R7jXeWxKG4WFc0r0jyU19QwVg7FsBvsfoxVA5XgamVQrf_jARna9MwfGJ_sIy1TKvV_QvlsFKBbK~zX3vf_~yOuUhkGrWmJzk8aU07AVE9I41NTOfjcdfUJtORtzA_2sDztu73S3KXN9Rtr2rbiH_L2c4QOcSN1mofbCoiWIzmfLY6aEGmmMTYaeRyhsYnHOtCu1fX~dj5QBcJYiVpHwfmSiIlKruSq2F76orZwAj9Dx_4UUWOealiWClosu_VCJtYs-.jpg\"><\/picture>\t\t\t<\/figure>\n\t\t\t\t\t\t<span class=\"card-properties-ref position-absolute z-2 bottom-0 end-0 bg-white text-primary py-1 px-3 me-3\">\n\t\t\t\tPANR-16340\t\t\t<\/span>\n\t\t\t<button class=\"card-properties-portfolio d-flex align-items-center justify-content-center position-absolute z-3 end-0 text-white bg-primary me-3 border-0 px-0\" data-pfl-id=\"697691\" data-pfl-filter=\"sale\" aria-label=\"Add to portfolio\">\n\t\t\t\t<svg width=\"18\" fill=\"currentColor\" viewBox=\"0 0 512 512\">\n\t\t\t\t\t<use href=\"https:\/\/www.panoramamarbella.com\/wp-content\/themes\/panoramamarbella\/dist\/src\/images\/icons.svg#svgHeart\"><\/use>\n\t\t\t\t<\/svg>\n\t\t\t\t<svg width=\"18\" fill=\"currentColor\" viewBox=\"0 0 512 512\">\n\t\t\t\t\t<use href=\"https:\/\/www.panoramamarbella.com\/wp-content\/themes\/panoramamarbella\/dist\/src\/images\/icons.svg#svgHeartIn\"><\/use>\n\t\t\t\t<\/svg>\n\t\t\t<\/button>\n\t\t<\/div>\n\t\t\t\t<button\n\t\t\tclass=\"carousel-control-prev\"\n\t\t\ttype=\"button\"\n\t\t\tdata-bs-target=\"#carouselCardProperties-1-2\"\n\t\t\tdata-bs-slide=\"prev\">\n\t\t\t<span class=\"carousel-control-prev-icon\" aria-hidden=\"true\"><\/span>\n\t\t\t<span class=\"visually-hidden\">Pr\u00e9c\u00e9dent<\/span>\n\t\t<\/button>\n\t\t<button\n\t\t\tclass=\"carousel-control-next\"\n\t\t\ttype=\"button\"\n\t\t\tdata-bs-target=\"#carouselCardProperties-1-2\"\n\t\t\tdata-bs-slide=\"next\">\n\t\t\t<span class=\"carousel-control-next-icon\" aria-hidden=\"true\"><\/span>\n\t\t\t<span class=\"visually-hidden\">Suivant<\/span>\n\t\t<\/button>\n\t\t\t<\/div>\n\t<div class=\"d-flex flex-column h-100 px-3 py-4 shadow\">\n\t\t\t\t<h3 class=\"card-properties-title mb-3\">\n\t\t\t<a class=\"stretched-link\" href=\"\/fr\/proprietes\/marbella\/marbella-golden-mile\/monte-paraiso\/appartements-habitats\/PANR-16340\">\n\t\t\t\tAppartement \u00e9l\u00e9gant et spacieux \u00e0 Monte Para\u00edso, Marbella Golden Mile\t\t\t<\/a>\n\t\t<\/h3>\n\t\t<p class=\"mb-3 text-black-dark\">Monte Paraiso, Marbella Golden Mile<\/p>\n\t\t\t\t\t\t<p class=\"card-properties-description mb-3\">\n\t\t\tCet appartement magnifiquement r\u00e9nov\u00e9 se situe dans la prestigieuse communaut\u00e9 de Monte Para\u00edso sur le Golden Mile de Marbella, l\u2019une des adresses les plus pris\u00e9es de la Costa del Sol. Plac\u00e9 dans une position privil\u00e9gi\u00e9e,&#8230;\t\t<\/p>\n\t\t\t\t<span class=\"card-properties-price mt-auto\">\n\t\t\t\n\t\t\t<span class=\"card-properties-price mt-auto\" data-original-price=\"2450000\">2\u202f450\u202f000\u00a0\u20ac<\/span>\n\t\t\t\t<\/span>\n\t\t\t\t<ul class=\"card-properties-features list-unstyled d-flex flex-wrap align-items-center gap-3 pt-3 border-top mt-3 mb-0\">\n\t\t\t<li class=\"d-flex align-items-center\">4 Chambres<\/li><li class=\"d-flex align-items-center\">4 Bains<\/li>\t\t\t\t<li class=\"d-flex align-items-center\">\n\t\t\t\t\t <span class=\"me-1\" data-original-value=\"210\" data-original-unit=\"m&#038;sup2\">210 m&sup2;<\/span>Total\t\t\t\t<\/li>\n\t\t\t\t\t\t\t<li class=\"d-flex align-items-center\">\n\t\t\t\t\t <span class=\"me-1\" data-original-value=\"169\" data-original-unit=\"m&#038;sup2\">169 m&sup2;<\/span>Construit\t\t\t\t<\/li>\n\t\t\t\t\t\t\t<li class=\"d-flex align-items-center\">\n\t\t\t\t\t <span class=\"me-1\" data-original-value=\"41\" data-original-unit=\"m&#038;sup2\">41 m&sup2;<\/span>Terrasses\t\t\t\t<\/li>\n\t\t\t\t\t<\/ul>\n\t\t\t<\/div>\n<\/article>\n\t\t\t<\/div>\n\t\t\t<ul class=\"mw-100 d-flex flex-column flex-lg-row flex-lg-wrap justify-content-center gap-3 list-unstyled mt-5 mb-0\">\n    <li><a class=\"btn btn-primary w-100 px-4 py-2\" href=\"https:\/\/www.panoramamarbella.com\/fr\/proprietes\">Propri\u00e9t\u00e9s \u00e0 vendre<\/a><\/li><\/ul>\n\t\t<\/section>\n\t\t\n","protected":false},"excerpt":{"rendered":"<p>D\u00e9couvrez les nouvelles ouvertures de Marbella pour 2026, des restaurants et beach clubs au retour du Don Carlos.<\/p>\n","protected":false},"author":7,"featured_media":44079,"comment_status":"closed","ping_status":"closed","sticky":false,"template":"","format":"standard","meta":{"_acf_changed":false,"footnotes":""},"categories":[41],"tags":[],"class_list":["post-44404","post","type-post","status-publish","format-standard","has-post-thumbnail","hentry","category-style-de-vie-a-marbella"],"acf":[],"_links":{"self":[{"href":"https:\/\/www.panoramamarbella.com\/fr\/wp-json\/wp\/v2\/posts\/44404","targetHints":{"allow":["GET"]}}],"collection":[{"href":"https:\/\/www.panoramamarbella.com\/fr\/wp-json\/wp\/v2\/posts"}],"about":[{"href":"https:\/\/www.panoramamarbella.com\/fr\/wp-json\/wp\/v2\/types\/post"}],"author":[{"embeddable":true,"href":"https:\/\/www.panoramamarbella.com\/fr\/wp-json\/wp\/v2\/users\/7"}],"replies":[{"embeddable":true,"href":"https:\/\/www.panoramamarbella.com\/fr\/wp-json\/wp\/v2\/comments?post=44404"}],"version-history":[{"count":46,"href":"https:\/\/www.panoramamarbella.com\/fr\/wp-json\/wp\/v2\/posts\/44404\/revisions"}],"predecessor-version":[{"id":44965,"href":"https:\/\/www.panoramamarbella.com\/fr\/wp-json\/wp\/v2\/posts\/44404\/revisions\/44965"}],"wp:featuredmedia":[{"embeddable":true,"href":"https:\/\/www.panoramamarbella.com\/fr\/wp-json\/wp\/v2\/media\/44079"}],"wp:attachment":[{"href":"https:\/\/www.panoramamarbella.com\/fr\/wp-json\/wp\/v2\/media?parent=44404"}],"wp:term":[{"taxonomy":"category","embeddable":true,"href":"https:\/\/www.panoramamarbella.com\/fr\/wp-json\/wp\/v2\/categories?post=44404"},{"taxonomy":"post_tag","embeddable":true,"href":"https:\/\/www.panoramamarbella.com\/fr\/wp-json\/wp\/v2\/tags?post=44404"}],"curies":[{"name":"wp","href":"https:\/\/api.w.org\/{rel}","templated":true}]}}