{"id":45051,"date":"2026-04-30T09:00:00","date_gmt":"2026-04-30T07:00:00","guid":{"rendered":"https:\/\/www.panoramamarbella.com\/?p=45051"},"modified":"2026-04-28T14:07:12","modified_gmt":"2026-04-28T12:07:12","slug":"plan-durbanisme-de-marbella","status":"publish","type":"post","link":"https:\/\/www.panoramamarbella.com\/fr\/news\/plan-durbanisme-de-marbella","title":{"rendered":"Plan d&rsquo;urbanisme de Marbella : ce que les acheteurs doivent savoir"},"content":{"rendered":"\n\n<h2 class=\"wp-block-heading\">Ce que le nouveau plan d&rsquo;urbanisme de Marbella signifie pour les acheteurs immobiliers<\/h2>\n\n\n<div class=\"lead\"><p>Marbella met \u00e0 jour son cadre urbanistique, en cr\u00e9ant une structure plus claire quant \u00e0 la classification et \u00e0 l\u2019am\u00e9nagement des terrains, et en am\u00e9liorant la visibilit\u00e9 sur ce qui peut \u00eatre construit et sur l\u2019\u00e9volution possible des diff\u00e9rents quartiers.<\/p>\n<\/div>\n\n\n<ul class=\"table-index list-unstyled p-4 p-lg-5 ms-0 bg-light\"><li class=\"text-uppercase fw-bold mb-3\">Table des mati\u00e8res<\/li><li><a href=\"#ce+que+le+nouveau+plan+durbanisme+de+marbella+signifie+pour+les+acheteurs+immobiliers\">\nCe que le nouveau plan d'urbanisme de Marbella signifie pour les acheteurs immobiliers\n<\/a><\/li>\n<li><a href=\"#pgom+et+pou++comprendre+le+nouveau+systeme\">\nPGOM et POU : comprendre le nouveau syst\u00e8me\n<\/a><\/li>\n<li><a href=\"#situation+de+marbella+en+2026\">\nSituation de Marbella en 2026\n<\/a><\/li>\n<li><a href=\"#pourquoi+estce+important+lors+de+lachat+dune+propriete+\">\nPourquoi est-ce important lors de l\u2019achat d\u2019une propri\u00e9t\u00e9 ?\n<\/a><\/li>\n<li><a href=\"#que+doivent+faire+les+acheteurs+maintenant+\">\nQue doivent faire les acheteurs maintenant ?\n<\/a><\/li>\n<li><a href=\"#panorama+peut+vous+accompagner+tout+au+long+du+processus\">\nPanorama peut vous accompagner tout au long du processus\n<\/a><\/li>\n<li><a href=\"#questions+frequentes+sur+lurbanisme+a+marbella\">\nQuestions fr\u00e9quentes sur l\u2019urbanisme \u00e0 Marbella\n<\/a><\/li><\/ul>\n\n\n\n<h2 class=\"wp-block-heading\">PGOM et POU : comprendre le nouveau syst\u00e8me<\/h2>\n\n\n\n<p>Le nouveau mod\u00e8le urbanistique de Marbella repose sur la l\u00e9gislation r\u00e9gionale, la LISTA (<a href=\"https:\/\/www.boe.es\/buscar\/doc.php?id=BOE-A-2021-20916\" target=\"_blank\" rel=\"noreferrer noopener nofollow\">Loi 7\/2021 relative \u00e0 l\u2019Impulsion pour la durabilit\u00e9 du territoire d\u2019Andalousie<\/a>), qui remplace l\u2019ancien syst\u00e8me fond\u00e9 sur un plan unique par deux documents distincts.<\/p>\n\n\n\n<p>Le PGOM (Plan General de Ordenaci\u00f3n Municipal) est le plan g\u00e9n\u00e9ral d\u2019am\u00e9nagement municipal qui d\u00e9finit l\u2019orientation globale de la commune. Il \u00e9tablit la classification des sols, les zones de croissance, les infrastructures et les protections environnementales, avec une attention accrue port\u00e9e au d\u00e9veloppement durable et \u00e0 l\u2019utilisation du sol \u00e0 long terme, refl\u00e9tant des \u00e9volutions plus larges dans la mani\u00e8re dont la croissance urbaine est g\u00e9r\u00e9e en Espagne.<\/p>\n\n\n\n<p>Le POU (Plan de Ordenaci\u00f3n Urbana) est le plan d\u2019urbanisme qui applique ces r\u00e8gles \u00e0 l\u2019\u00e9chelle locale. Il d\u00e9termine ce qui peut \u00eatre construit sur des parcelles sp\u00e9cifiques, notamment la densit\u00e9, les limites de hauteur et les usages autoris\u00e9s.<\/p>\n\n\n\n<p>Pour les acheteurs, le POU est, en d\u00e9finitive, le document qui d\u00e9termine ce qui peut \u00eatre construit autour d\u2019une propri\u00e9t\u00e9.<\/p>\n\n\n\t<figure class=\"wp-caption aligncenter wp-block-acf-wpimage\">\n\t<picture><source width=\"900\" height=\"450\" srcset=\"https:\/\/media.panoramamarbella.com\/imgV1\/B95mbh8olwFQm~uCT2wPZMb8hll4wghQQQq6YWg0~c~U_DrmgY8pGP8pqaDzA6mvjyI_OPtcrHD_aKxAUQW30SOrq6kCjMHNr2qYfx_ik7Y0IAPP~mhIBMcvejAntRdZckBke07i4q7TvNmJbYEbbE~hsFFIalGx9EVLIsKqhMbAGhAkuCiifp_F54SW0U_01f6lQVaxOWU-.webp 900w\" type=\"image\/webp\"><img decoding=\"async\" class=\"img-fluid\" loading=\"lazy\" width=\"900\" height=\"450\" alt=\"Plan d&#039;urbanisme de Marbella. Gros plan d\u2019un architecte ou d\u2019un urbaniste annotant des d\u00e9tails sur un plan d\u2019urbanisme \u00e0 l\u2019aide d\u2019un stylo.\" src=\"https:\/\/media.panoramamarbella.com\/imgV1\/B95mbh8olwFQm~uCT2wPZMb8hll4wghQQQq6YWg0~c~U_DrmgY8pGP8pqaDzA6mvjyI_OPtcrHD_aKxAUQW30SOrq6kCjMHNr2qYfx_ik7Y0IAPP~mhIBMcvejAntRdZckBke07i4q7TvNmJbYEbbE~hsFFWla7u2UgKK8~3OWYH9_ZIWQ--.jpg\"><\/picture>\t\t<\/figure>\n\t\n\n\n<h2 class=\"wp-block-heading\">Situation de Marbella en 2026<\/h2>\n\n\n\n<p>En 2026, le PGOM de Marbella a re\u00e7u l\u2019approbation de la Junta de Andaluc\u00eda et reste en attente de l\u2019approbation finale de la mairie.<\/p>\n\n\n\n<p>Tant que cette approbation n\u2019est pas finalis\u00e9e et publi\u00e9e officiellement, le cadre urbanistique actuel, largement fond\u00e9 sur le syst\u00e8me de 1986, reste en vigueur.<\/p>\n\n\n\n<p>Le POU devrait suivre, avec une approbation initiale pr\u00e9vue au cours de l\u2019ann\u00e9e 2026 et une approbation d\u00e9finitive probablement entre 2027 et 2028.<\/p>\n\n\n\n<h2 class=\"wp-block-heading\">Pourquoi est-ce important lors de l\u2019achat d\u2019une propri\u00e9t\u00e9 ?<\/h2>\n\n\n\n<p>La situation urbanistique influence bien plus que la propri\u00e9t\u00e9 elle-m\u00eame. Elle affecte ce qui peut se passer dans les environs et la mani\u00e8re dont un quartier peut \u00e9voluer au fil du temps.<\/p>\n\n\n\n<p>Les changements pr\u00e9vus dans le nouveau cadre peuvent avoir une incidence sur :<\/p>\n\n\n\n<ul class=\"wp-block-list\">\n<li>la densit\u00e9 de construction sur les parcelles voisines<\/li>\n\n\n\n<li>la protection des vues<\/li>\n\n\n\n<li>les usages autoris\u00e9s dans la zone<\/li>\n\n\n\n<li>le positionnement et la valeur \u00e0 long terme<\/li>\n<\/ul>\n\n\n\n<p>Le nouveau syst\u00e8me est con\u00e7u pour apporter plus de clart\u00e9 sur ce qui peut ou ne peut pas \u00eatre construit. Pour l\u2019instant, toutefois, tout achat doit \u00eatre fond\u00e9 sur le cadre juridique en vigueur.<\/p>\n\n\n\t<figure class=\"wp-caption aligncenter wp-block-acf-wpimage\">\n\t<picture><source width=\"900\" height=\"536\" srcset=\"https:\/\/media.panoramamarbella.com\/imgV1\/B95mbh8olwFQm~uCT2wPZMb8hll4wghQQQq6YWg0~c~U_DrmgY8pGP8pqaDzA6mvjyI_OPtcrHD_aKxAUQW30SCN2bcFaE34SkxwNOXhVeC7Gg2_631e14aWNSaYfg8cC3bnQypQryZVAQTpcwYEwlshDa8A09AVUI3kCtPQrgCrDYE4mkNTWu2kOcV~2OsJ1FQ4LUTlZaI-.webp 900w\" type=\"image\/webp\"><img decoding=\"async\" class=\"img-fluid\" loading=\"lazy\" width=\"900\" height=\"536\" alt=\"Maquette d\u2019une maison dor\u00e9e se distinguant parmi des maisons miniatures blanches, symbolisant une propri\u00e9t\u00e9 distinctive sur le march\u00e9 immobilier.\" src=\"https:\/\/media.panoramamarbella.com\/imgV1\/B95mbh8olwFQm~uCT2wPZMb8hll4wghQQQq6YWg0~c~U_DrmgY8pGP8pqaDzA6mvjyI_OPtcrHD_aKxAUQW30SCN2bcFaE34SkxwNOXhVeC7Gg2_631e14aWNSaYfg8cC3bnQypQryZVAQTpcwYEwlshDa8eJOmRhabrqlUxum3G7u4p6g--.jpg\"><\/picture>\t\t<\/figure>\n\t\n\n\n<h2 class=\"wp-block-heading\">Que doivent faire les acheteurs maintenant ?<\/h2>\n\n\n\n<p>Pour \u00e9valuer correctement une propri\u00e9t\u00e9 et son environnement, les acheteurs souhaitant acqu\u00e9rir un bien \u00e0 Marbella devraient :<\/p>\n\n\n\n<ul class=\"wp-block-list\">\n<li>confirmer la classification urbanistique actuelle de la propri\u00e9t\u00e9<\/li>\n\n\n\n<li>v\u00e9rifier les licences et la situation juridique<\/li>\n\n\n\n<li>comprendre comment le PGOM propos\u00e9 peut affecter l\u2019environnement de la propri\u00e9t\u00e9<\/li>\n<\/ul>\n\n\n\n<p>Depuis le <a href=\"https:\/\/nuevoplan.marbella.es\/\" target=\"_blank\" rel=\"noreferrer noopener nofollow\">portail d\u2019urbanisme de Marbella<\/a>, vous pouvez acc\u00e9der au nouveau cadre urbanistique.<\/p>\n\n\n\n<h2 class=\"wp-block-heading\">Panorama peut vous accompagner tout au long du processus<\/h2>\n\n\n\n<p>Nous pouvons vous aider \u00e0 vous orienter tout au long du processus d\u2019achat, en veillant \u00e0 ce que tous les aspects cl\u00e9s, des questions juridiques et urbanistiques au contexte plus large de la propri\u00e9t\u00e9, soient clairement compris avant de prendre une d\u00e9cision.<\/p>\n\n\n\n<p>Pour approfondir le processus d\u2019acquisition d\u2019une propri\u00e9t\u00e9 \u00e0 Marbella, notre <a href=\"https:\/\/www.panoramamarbella.com\/fr\/guide-acheteur\">Guide pour les acheteurs<\/a> offre une analyse experte d\u00e9taill\u00e9e.<\/p>\n\n\n<article class=\"col w-100 position-relative mb-5 wp-block-acf-banner\">\n    <div class=\"d-flex flex-wrap flex-column flex-xl-row align-items-start align-items-xl-end gap-4 w-100 bg-secondary text-white p-4\">\n        <div class=\"d-flex flex-column\">\n\t\t\t            <a href=\"https:\/\/www.panoramamarbella.com\/fr\/bulletin-information-sur-immobilier\" class=\"stretched-link text-white text-decoration-none\" title=\"Vous aimez ce que vous lisez ?\">\n\t\t\t\t<h2 class=\"text-white mb-3\">Vous aimez ce que vous lisez ?<\/h2>            <\/a>\n\t\t\t            <p class=\"mb-0\">\n                Abonnez-vous \u00e0 notre newsletter pour recevoir des articles captivants, du contenu exclusif et les derni\u00e8res actualit\u00e9s.            <\/p>\n\t\t\t        <\/div>\n\t\t        <span class=\"btn btn-outline-light ms-xl-auto\">Panorama newsletter<\/span>\n\t\t    <\/div>\n<\/article>\n\n\n\n\n<h2 class=\"wp-block-heading\">Questions fr\u00e9quentes sur l\u2019urbanisme \u00e0 Marbella<\/h2>\n\n\n\t<div class=\"position-relative\">\n\t\t\t\t\t<h3>Quelle est la diff\u00e9rence entre le PGOM et le POU ?<\/h3>\n\t\t\t<p>Le PGOM \u00e9tablit la strat\u00e9gie urbanistique g\u00e9n\u00e9rale de Marbella, y compris la classification des sols et les zones de croissance. Le POU d\u00e9finit les r\u00e8gles d\u00e9taill\u00e9es \u00e0 l\u2019\u00e9chelle locale, notamment ce qui peut \u00eatre construit sur des parcelles sp\u00e9cifiques.<\/p>\n\t\t\t\t\t<h3>Dois-je tenir compte du nouveau PGOM lors de l\u2019achat d\u2019une propri\u00e9t\u00e9 \u00e0 Marbella ?<\/h3>\n\t\t\t<p>Oui, il est toujours pr\u00e9f\u00e9rable d\u2019\u00eatre bien inform\u00e9. M\u00eame si les achats restent fond\u00e9s sur le cadre juridique en vigueur, comprendre comment le plan propos\u00e9 peut affecter les parcelles voisines et le d\u00e9veloppement futur aidera \u00e0 d\u00e9terminer le positionnement de la propri\u00e9t\u00e9 \u00e0 long terme.<\/p>\n\t\t\t\t\t<h3>Le nouveau plan d\u2019urbanisme de Marbella affectera-t-il les propri\u00e9t\u00e9s existantes ?<\/h3>\n\t\t\t<p>Il peut affecter la mani\u00e8re dont les zones environnantes se d\u00e9velopperont \u00e0 l\u2019avenir, notamment en mati\u00e8re de densit\u00e9, d\u2019usages autoris\u00e9s et de constructibilit\u00e9. Cependant, il ne modifie pas automatiquement la situation juridique des propri\u00e9t\u00e9s existantes.<\/p>\n\t\t\t\t\t<h3>Quelles v\u00e9rifications urbanistiques dois-je effectuer avant d\u2019acheter une propri\u00e9t\u00e9 \u00e0 Marbella ?<\/h3>\n\t\t\t<p>Au minimum, il convient de confirmer la classification urbanistique de la propri\u00e9t\u00e9 au moyen d\u2019un certificat d\u2019urbanisme, de v\u00e9rifier que les permis de construire et les licences de premi\u00e8re occupation sont valides, et de s\u2019assurer que la propri\u00e9t\u00e9 correspond \u00e0 la fois aux informations du Registre foncier et aux donn\u00e9es du Cadastre.<br \/>\nTambi\u00e9n es importante entender c\u00f3mo el PGOM propuesto puede afectar a las parcelas cercanas, especialmente en t\u00e9rminos de edificabilidad y densidad futuras.<\/p>\n\t\t\t\t\t<h3>O\u00f9 puis-je consulter les nouveaux documents d\u2019urbanisme de Marbella ?<\/h3>\n\t\t\t<p>Le cadre propos\u00e9 est disponible sur le portail officiel d\u2019urbanisme de Marbella, o\u00f9 les utilisateurs peuvent consulter les informations urbanistiques les plus r\u00e9centes publi\u00e9es par la mairie.<\/p>\n\t\t\t<\/div>\n\n\n\n\n\t\t<section class=\"container wp-block-acf-inmpropselection\">\n\t\t\t<h2>Trouvez le lieu id\u00e9al o\u00f9 vivre \u00e0 Marbella<\/h2>\t\t\t<div class=\"row row-cols-1 row-cols-lg-3 gy-5 g-xxl-5\">\n\t\t\t\t\n<article class=\"col card-properties position-relative d-flex flex-column\">\n\t<div id=\"carouselCardProperties-1-0\" class=\"card-properties-images carousel slide carousel-fade lazy\" data-bs-ride=\"carousel\" data-bs-interval=\"200000\" data-id=\"698664\">\n\t\t<div class=\"carousel-inner\">\n\t\t\t<figure class=\"carousel-item mb-0 active ratio ratio-4x3\">\n\t\t\t\t<picture><source sizes=\"(max-width: 575px) calc(100vw - 24px), (max-width: 767px) 516px, (max-width: 991px) 696px, (max-width: 1199px) 296px, (max-width: 1399px) 356px, 400px\" width=\"696\" height=\"522\" srcset=\"https:\/\/media.panoramamarbella.com\/imgV1\/B95mbh8olwFQm~uCUaVOI2kQT0hb0a8sZ9turUNfnwtvuccYCzs0YVPfPbfkc2VnnN1JFDpkYaGfw1gJsS~5hOu8ClA27V6xVP6zyKoKPS1Mn7WRHYZMLWv_YHD73v3wTA8HWCCOpMnXwN2uAr5VSPiSO7karRIMiZTPqCu_dZ5fuWR0YCW6_1pG5Bl~Hp5WroeZ3HQAZ5bJuMGEOv79bl9k214P5Nw2k7gr9ANpozAASAFpx51KqYb~IgRpbC3Nm7LGaJqZPuy9KH5g7qzcuC2cvd8aXgZUiX05nn3MiVFBu3_R0uApWqg0GDDTU7GVpDHN0uiwmWHOPGRGcV19lVB5JeSIN5bWCc0XpEoi3uZ0T3eXN37TL0i518tYi19KAllVsHHd0sbTDHyPO_Nw~4KnnSNcB9zdZy_Falf9Nm2Qd8UylRZPY3Up0552~WYpYFfMu6~cQQhix6~xJmlu.webp 696w,https:\/\/media.panoramamarbella.com\/imgV1\/B95mbh8olwFQm~uCUaVOI2kQT0hb0a8sZ9turUNfnwtvuccYCzs0YVPfPbfkc2VnnN1JFDpkYaGfw1gJsS~5hOu8ClA27V6xVP6zyKoKPS1Mn7WRHYZMLWv_YHD73v3wTA8HWCCOpMnXwN2uAr5VSPiSO7karRIMiZTPqCu_dxsgwbeNJ3yUNRGy~HNlq7dkSM2WX~69OJOJ5Rf_OC19ofiiJFxHjWv2u3u0P4hi6O0xoN_eKF2nSgtPXKVIDb6vkB7sMfUcYSFaA8MkPym_Gpt83~i_ztzET0MbhzNjsKTdK5NbqRNgl5yWC5YxwwmAj1QP7QCWT0mNwDbjKvcT6HKFDihRXrRi~rK1hGgEsn~KGSB8yKC8a2ZAlw1Y0g7iH3vxsT0JHikRupGzmmtHsrKXqc6p8M2~T5e5ifxWDLJfJRqdDdAaQRy8mbVTKnDv_ya2ucuiMT0AMrtAXM~J.webp 400w\" type=\"image\/webp\"><img decoding=\"async\" class=\"position-absolute w-100 h-100 object-fit-cover\" alt=\"Appartement unique en rez-de-chauss\u00e9e avec vue sur la mer dans les Jardins Japonais de Marina Puente Romano\" loading=\"lazy\" width=\"696\" height=\"522\" src=\"https:\/\/media.panoramamarbella.com\/imgV1\/B95mbh8olwFQm~uCUaVOI2kQT0hb0a8sZ9turUNfnwtvuccYCzs0YVPfPbfkc2VnnN1JFDpkYaGfw1gJsS~5hOu8ClA27V6xVP6zyKoKPS1Mn7WRHYZMLWv_YHD73v3wTA8HWCCOpMnXwN2uAr5VSPiSO7karRIMiZTPqCu_dZ5fuWR0YCW6_1pG5Bl~AOWCKsfURyq35vm55dIauvG9uVaSivcgS4ajblndO75z1CH0f2jKmqCp4xxFvz8SGfsGZsvJDXqx_1ZOdq6C3Ciw5BdH3mBMTlmpWiwr03l4R5h6rIkh70WK8PZkn3TMc7aMyNa5IHcJVNmTEhV8AxRljU0iGmAWvH9H8Jc12IGx0P0jWsreOMhWj1MxEo9KATyoLWCUe5JwyP7SYClFp7YUmD7e40GOUqwrJuzlqrEiOyMmHv7XqSzouqYV54M-.jpg\"><\/picture>\t\t\t<\/figure>\n\t\t\t\t\t\t<span class=\"card-properties-tag position-absolute z-2 top-0 start-0 bg-secondary text-white py-1 px-3 ms-3\">\n\t\t\t\tEn vedette\t\t\t<\/span>\n\t\t\t\t\t\t<span class=\"card-properties-ref position-absolute z-2 bottom-0 end-0 bg-white text-primary py-1 px-3 me-3\">\n\t\t\t\tPANR-16359\t\t\t<\/span>\n\t\t\t<button class=\"card-properties-portfolio d-flex align-items-center justify-content-center position-absolute z-3 end-0 text-white bg-primary me-3 border-0 px-0\" data-pfl-id=\"698664\" data-pfl-filter=\"sale\" aria-label=\"Add to portfolio\">\n\t\t\t\t<svg width=\"18\" fill=\"currentColor\" viewBox=\"0 0 512 512\">\n\t\t\t\t\t<use href=\"https:\/\/www.panoramamarbella.com\/wp-content\/themes\/panoramamarbella\/dist\/src\/images\/icons.svg#svgHeart\"><\/use>\n\t\t\t\t<\/svg>\n\t\t\t\t<svg width=\"18\" fill=\"currentColor\" viewBox=\"0 0 512 512\">\n\t\t\t\t\t<use href=\"https:\/\/www.panoramamarbella.com\/wp-content\/themes\/panoramamarbella\/dist\/src\/images\/icons.svg#svgHeartIn\"><\/use>\n\t\t\t\t<\/svg>\n\t\t\t<\/button>\n\t\t<\/div>\n\t\t\t\t<button\n\t\t\tclass=\"carousel-control-prev\"\n\t\t\ttype=\"button\"\n\t\t\tdata-bs-target=\"#carouselCardProperties-1-0\"\n\t\t\tdata-bs-slide=\"prev\">\n\t\t\t<span class=\"carousel-control-prev-icon\" aria-hidden=\"true\"><\/span>\n\t\t\t<span class=\"visually-hidden\">Pr\u00e9c\u00e9dent<\/span>\n\t\t<\/button>\n\t\t<button\n\t\t\tclass=\"carousel-control-next\"\n\t\t\ttype=\"button\"\n\t\t\tdata-bs-target=\"#carouselCardProperties-1-0\"\n\t\t\tdata-bs-slide=\"next\">\n\t\t\t<span class=\"carousel-control-next-icon\" aria-hidden=\"true\"><\/span>\n\t\t\t<span class=\"visually-hidden\">Suivant<\/span>\n\t\t<\/button>\n\t\t\t<\/div>\n\t<div class=\"d-flex flex-column h-100 px-3 py-4 shadow\">\n\t\t\t\t<h3 class=\"card-properties-title mb-3\">\n\t\t\t<a class=\"stretched-link\" href=\"\/fr\/proprietes\/marbella\/marbella-golden-mile\/marina-puente-romano\/appartements-habitats\/PANR-16359\">\n\t\t\t\tAppartement unique en rez-de-chauss\u00e9e avec vue sur la mer dans les Jardins Japonais de Marina Puente Romano\t\t\t<\/a>\n\t\t<\/h3>\n\t\t<p class=\"mb-3 text-black-dark\">Marina Puente Romano, Marbella Golden Mile<\/p>\n\t\t\t\t\t\t<p class=\"card-properties-description mb-3\">\n\t\t\tD\u00e9couvrez le summum du luxe sans effort dans cet appartement sur\u00e9lev\u00e9 en rez-de-chauss\u00e9e, expos\u00e9 sud-ouest, nich\u00e9 au sein de l\u2019embl\u00e9matique Puente Romano Beach Resort and Spa \u2014 l\u2019une des adresses les plus prestigieuses et recherch\u00e9es&#8230;\t\t<\/p>\n\t\t\t\t<span class=\"card-properties-price mt-auto\">\n\t\t\t\n\t\t\t<span class=\"card-properties-price mt-auto\" data-original-price=\"4950000\">4\u202f950\u202f000\u00a0\u20ac<\/span>\n\t\t\t\t<\/span>\n\t\t\t\t<ul class=\"card-properties-features list-unstyled d-flex flex-wrap align-items-center gap-3 pt-3 border-top mt-3 mb-0\">\n\t\t\t<li class=\"d-flex align-items-center\">3 Chambres<\/li><li class=\"d-flex align-items-center\">3 Bains<\/li>\t\t\t\t<li class=\"d-flex align-items-center\">\n\t\t\t\t\t <span class=\"me-1\" data-original-value=\"180\" data-original-unit=\"m&#038;sup2\">180 m&sup2;<\/span>Total\t\t\t\t<\/li>\n\t\t\t\t\t\t\t<li class=\"d-flex align-items-center\">\n\t\t\t\t\t <span class=\"me-1\" data-original-value=\"140\" data-original-unit=\"m&#038;sup2\">140 m&sup2;<\/span>Construit\t\t\t\t<\/li>\n\t\t\t\t\t\t\t<li class=\"d-flex align-items-center\">\n\t\t\t\t\t <span class=\"me-1\" data-original-value=\"40\" data-original-unit=\"m&#038;sup2\">40 m&sup2;<\/span>Terrasses\t\t\t\t<\/li>\n\t\t\t\t\t<\/ul>\n\t\t\t<\/div>\n<\/article>\n\n\n<article class=\"col card-properties position-relative d-flex flex-column\">\n\t<div id=\"carouselCardProperties-1-1\" class=\"card-properties-images carousel slide carousel-fade lazy\" data-bs-ride=\"carousel\" data-bs-interval=\"200000\" data-id=\"697691\">\n\t\t<div class=\"carousel-inner\">\n\t\t\t<figure class=\"carousel-item mb-0 active ratio ratio-4x3\">\n\t\t\t\t<picture><source sizes=\"(max-width: 575px) calc(100vw - 24px), (max-width: 767px) 516px, (max-width: 991px) 696px, (max-width: 1199px) 296px, (max-width: 1399px) 356px, 400px\" width=\"696\" height=\"522\" srcset=\"https:\/\/media.panoramamarbella.com\/imgV1\/B95mbh8olwFQm~uCUaVOI2kQT0hb0a8sZ9turUNfnwtvuccYCzs0YVPfPbfkc2VnnN1JFDpkYaGfw1gJsS~5hOu9X5J_GGESH79I62csjOueuTbhRLPEQEkioevvhdrpjaWZvyQirO9yl0pilvxoweqB_Ivhe0U_Jy8EpEUkkIerqgeQoKU1mQB5R7jXZ4z2~yGHtb6~CBhi84a2F0raVYWLu7HUrDtit56FaP4OzvluUMGSwtGFlSJjr8yarAflGi10pMdlOSw4pYbz1aqK6iIVhkYwfTShqk4tM8jcl3NydxgqIaQ5Hr3LCHJIjKmxTaM1YMrEvaemAODXyC~Axri4wdZFcJwZbcVOP6nZFqFub0gDbEaJ8ewY0NDjqGgCUFpu9RkXt5X2GSkuGu1KRN9zum7V9133uqsztpj3Tuu9VQfPyxoXd8UjT0SxZc5xix8YhCigEA3G9dEBKBQ2.webp 696w,https:\/\/media.panoramamarbella.com\/imgV1\/B95mbh8olwFQm~uCUaVOI2kQT0hb0a8sZ9turUNfnwtvuccYCzs0YVPfPbfkc2VnnN1JFDpkYaGfw1gJsS~5hOu9X5J_GGESH79I62csjOueuTbhRLPEQEkioevvhdrpjaWZvyQirO9yl0pilvxoweqB_Ivhe0U_Jy8EpEUkko1a78AnfDVp7Xlsgx3km_Rd47QqHGmTwbNqdRjMS62fS8JkHMlnjYi2Wtt450XydYXva8FoZJ25irlVO5Ob7WT2ai1w6Lt5Xskty6pLQlJxFmgZgJeqWTkfUbXDR1VHOqoNnqF4XSbRybXd4uMgVBoJgOCP8Pclw0gYC8Q12nBtMMEN1IEFdpKdFxHfuKC25RIEs5LT1WXuLWTNQdbX6ZFeI5ljV9FbJzAQWoXuA3_2bpay0lG_RdcVguU4wa~kZ90i1jVqD~4CMzTkUDnsFBpBXUK49EKzkx6U2GFqJIdV.webp 400w\" type=\"image\/webp\"><img decoding=\"async\" class=\"position-absolute w-100 h-100 object-fit-cover\" alt=\"Appartement \u00e9l\u00e9gant et spacieux \u00e0 Monte Para\u00edso, Marbella Golden Mile\" loading=\"lazy\" width=\"696\" height=\"522\" src=\"https:\/\/media.panoramamarbella.com\/imgV1\/B95mbh8olwFQm~uCUaVOI2kQT0hb0a8sZ9turUNfnwtvuccYCzs0YVPfPbfkc2VnnN1JFDpkYaGfw1gJsS~5hOu9X5J_GGESH79I62csjOueuTbhRLPEQEkioevvhdrpjaWZvyQirO9yl0pilvxoweqB_Ivhe0U_Jy8EpEUkkIerqgeQoKU1mQB5R7jXeWxKG4WFc0r0jyU19QwVg7FsBvsfoxVA5XgamVQrf_jARna9MwfGJ_sIy1TKvV_QvlsFKBbK~zX3vf_~yOuUhkGrWmJzk8aU07AVE9I41NTOfjcdfUJtORtzA_2sDztu73S3KXN9Rtr2rbiH_L2c4QOcSN1mofbCoiWIzmfLY6aEGmmMTYaeRyhsYnHOtCu1fX~dj5QBcJYiVpHwfmSiIlKruSq2F76orZwAj9Dx_4UUWOealiWClosu_VCJtYs-.jpg\"><\/picture>\t\t\t<\/figure>\n\t\t\t\t\t\t<span class=\"card-properties-ref position-absolute z-2 bottom-0 end-0 bg-white text-primary py-1 px-3 me-3\">\n\t\t\t\tPANR-16340\t\t\t<\/span>\n\t\t\t<button class=\"card-properties-portfolio d-flex align-items-center justify-content-center position-absolute z-3 end-0 text-white bg-primary me-3 border-0 px-0\" data-pfl-id=\"697691\" data-pfl-filter=\"sale\" aria-label=\"Add to portfolio\">\n\t\t\t\t<svg width=\"18\" fill=\"currentColor\" viewBox=\"0 0 512 512\">\n\t\t\t\t\t<use href=\"https:\/\/www.panoramamarbella.com\/wp-content\/themes\/panoramamarbella\/dist\/src\/images\/icons.svg#svgHeart\"><\/use>\n\t\t\t\t<\/svg>\n\t\t\t\t<svg width=\"18\" fill=\"currentColor\" viewBox=\"0 0 512 512\">\n\t\t\t\t\t<use href=\"https:\/\/www.panoramamarbella.com\/wp-content\/themes\/panoramamarbella\/dist\/src\/images\/icons.svg#svgHeartIn\"><\/use>\n\t\t\t\t<\/svg>\n\t\t\t<\/button>\n\t\t<\/div>\n\t\t\t\t<button\n\t\t\tclass=\"carousel-control-prev\"\n\t\t\ttype=\"button\"\n\t\t\tdata-bs-target=\"#carouselCardProperties-1-1\"\n\t\t\tdata-bs-slide=\"prev\">\n\t\t\t<span class=\"carousel-control-prev-icon\" aria-hidden=\"true\"><\/span>\n\t\t\t<span class=\"visually-hidden\">Pr\u00e9c\u00e9dent<\/span>\n\t\t<\/button>\n\t\t<button\n\t\t\tclass=\"carousel-control-next\"\n\t\t\ttype=\"button\"\n\t\t\tdata-bs-target=\"#carouselCardProperties-1-1\"\n\t\t\tdata-bs-slide=\"next\">\n\t\t\t<span class=\"carousel-control-next-icon\" aria-hidden=\"true\"><\/span>\n\t\t\t<span class=\"visually-hidden\">Suivant<\/span>\n\t\t<\/button>\n\t\t\t<\/div>\n\t<div class=\"d-flex flex-column h-100 px-3 py-4 shadow\">\n\t\t\t\t<h3 class=\"card-properties-title mb-3\">\n\t\t\t<a class=\"stretched-link\" href=\"\/fr\/proprietes\/marbella\/marbella-golden-mile\/monte-paraiso\/appartements-habitats\/PANR-16340\">\n\t\t\t\tAppartement \u00e9l\u00e9gant et spacieux \u00e0 Monte Para\u00edso, Marbella Golden Mile\t\t\t<\/a>\n\t\t<\/h3>\n\t\t<p class=\"mb-3 text-black-dark\">Monte Paraiso, Marbella Golden Mile<\/p>\n\t\t\t\t\t\t<p class=\"card-properties-description mb-3\">\n\t\t\tCet appartement magnifiquement r\u00e9nov\u00e9 se situe dans la prestigieuse communaut\u00e9 de Monte Para\u00edso sur le Golden Mile de Marbella, l\u2019une des adresses les plus pris\u00e9es de la Costa del Sol. Plac\u00e9 dans une position privil\u00e9gi\u00e9e,&#8230;\t\t<\/p>\n\t\t\t\t<span class=\"card-properties-price mt-auto\">\n\t\t\t\n\t\t\t<span class=\"card-properties-price mt-auto\" data-original-price=\"2450000\">2\u202f450\u202f000\u00a0\u20ac<\/span>\n\t\t\t\t<\/span>\n\t\t\t\t<ul class=\"card-properties-features list-unstyled d-flex flex-wrap align-items-center gap-3 pt-3 border-top mt-3 mb-0\">\n\t\t\t<li class=\"d-flex align-items-center\">4 Chambres<\/li><li class=\"d-flex align-items-center\">4 Bains<\/li>\t\t\t\t<li class=\"d-flex align-items-center\">\n\t\t\t\t\t <span class=\"me-1\" data-original-value=\"210\" data-original-unit=\"m&#038;sup2\">210 m&sup2;<\/span>Total\t\t\t\t<\/li>\n\t\t\t\t\t\t\t<li class=\"d-flex align-items-center\">\n\t\t\t\t\t <span class=\"me-1\" data-original-value=\"169\" data-original-unit=\"m&#038;sup2\">169 m&sup2;<\/span>Construit\t\t\t\t<\/li>\n\t\t\t\t\t\t\t<li class=\"d-flex align-items-center\">\n\t\t\t\t\t <span class=\"me-1\" data-original-value=\"41\" data-original-unit=\"m&#038;sup2\">41 m&sup2;<\/span>Terrasses\t\t\t\t<\/li>\n\t\t\t\t\t<\/ul>\n\t\t\t<\/div>\n<\/article>\n\n\n<article class=\"col card-properties position-relative d-flex flex-column\">\n\t<div id=\"carouselCardProperties-1-2\" class=\"card-properties-images carousel slide carousel-fade lazy\" data-bs-ride=\"carousel\" data-bs-interval=\"200000\" data-id=\"695118\">\n\t\t<div class=\"carousel-inner\">\n\t\t\t<figure class=\"carousel-item mb-0 active ratio ratio-4x3\">\n\t\t\t\t<picture><source sizes=\"(max-width: 575px) calc(100vw - 24px), (max-width: 767px) 516px, (max-width: 991px) 696px, (max-width: 1199px) 296px, (max-width: 1399px) 356px, 400px\" width=\"696\" height=\"522\" srcset=\"https:\/\/media.panoramamarbella.com\/imgV1\/B95mbh8olwFQm~uCUaVOI2kQT0hb0a8sZ9turUNfnwtvuccYCzs0YVPfPbfkc2VnnN1JFDpkYaGfw1gJsS~5hOu4DEBG602B7yC1Jdp3y4TeOLY1Z1ydnyCUtrZ_cg55b9oh_lBvgazy5O2g1_gcM1Mn1Ow5PKX57OmbI4LX9N1iZovDKdS7h2NKdCmu5rv2j3N5kmwyemzDviQCpZfh8oYiiycDfthWmsViL7m2SGu22dk3pYQwmonTGBVTMPnpok2iLA1s~Ez31zUif6YQ_T1RuoX8YUYJ0hQjxiqdRuucVt_OV_0Tl11ziS7D3b0Qd5l9W7j8Z4YL392tHHQG2gq1L1DgtsKT8tHn77MvpaJlRCzlgLMcCKysTnNdVP9IFQrByMRnnF4eaC3bt86MY2cYZuOXeqBkzJ2Ev9TcMExrVWMRzqF5ThzENfAa_I4hfSoSfqyAk0wmYOg1NDJy.webp 696w,https:\/\/media.panoramamarbella.com\/imgV1\/B95mbh8olwFQm~uCUaVOI2kQT0hb0a8sZ9turUNfnwtvuccYCzs0YVPfPbfkc2VnnN1JFDpkYaGfw1gJsS~5hOu4DEBG602B7yC1Jdp3y4TeOLY1Z1ydnyCUtrZ_cg55b9oh_lBvgazy5O2g1_gcM1Mn1Ow5PKX57OmbI4LX9vV4DQRVSkKDaK19Ew4ElBmV0iOMk_NmyAmobpJPaFYwCu3B5bDun3QbHKzcYLvzSIuDZ3g98DrfEuIwz21OE2ZEymoJg8jIcw2xyI2zCddCF3qd_N~1h7kTkFJcvqprSbJHgOvrGVPnj1PIbpSCoyLlpuM3oUYQYVg0QWDoSF34Wglv94UbOb08lyB5qtaSpaPoEAdU~gdcy_Bvah5MHGMC9bs2ibOaPQNoru87QTYhswDc540iAW~w89r1Ohcmgp~06Qj7bqMU_2qMaIPt~uP6jOM3GQjIAQ4evOsAaWJt.webp 400w\" type=\"image\/webp\"><img decoding=\"async\" class=\"position-absolute w-100 h-100 object-fit-cover\" alt=\"Villa moderne avec vues spectaculaires sur la mer et la montagne \u00e0 La Finca de Marbella\" loading=\"lazy\" width=\"696\" height=\"522\" src=\"https:\/\/media.panoramamarbella.com\/imgV1\/B95mbh8olwFQm~uCUaVOI2kQT0hb0a8sZ9turUNfnwtvuccYCzs0YVPfPbfkc2VnnN1JFDpkYaGfw1gJsS~5hOu4DEBG602B7yC1Jdp3y4TeOLY1Z1ydnyCUtrZ_cg55b9oh_lBvgazy5O2g1_gcM1Mn1Ow5PKX57OmbI4LX9N1iZovDKdS7h2NKdCmu_IcCCbamB32OI8CN8lT5QSl0X~nNxhFpfCwovvgWNQudb7Q2RN5O2Ue2kLBWgvuDn_tZS1ODfuw~1DW3x0aSvYWwofvNJMZmUSD~oV~HuQFMu_Ch8UCZyJhUQ0qAb6W4nOpxht4ph2ixgaTIBXNYtZtZIIoxHHJpTe2~AXkZNfZPNT559CE_jHvDjrElZuXHkXdKkoSVl7bOp0ygRdmxuoIfkV~_j2Dwr_yQ1MoO1ryTQV2aTqeJxTeLv3cFgV8-.jpg\"><\/picture>\t\t\t<\/figure>\n\t\t\t\t\t\t<span class=\"card-properties-ref position-absolute z-2 bottom-0 end-0 bg-white text-primary py-1 px-3 me-3\">\n\t\t\t\tPANR-16316\t\t\t<\/span>\n\t\t\t<button class=\"card-properties-portfolio d-flex align-items-center justify-content-center position-absolute z-3 end-0 text-white bg-primary me-3 border-0 px-0\" data-pfl-id=\"695118\" data-pfl-filter=\"sale\" aria-label=\"Add to portfolio\">\n\t\t\t\t<svg width=\"18\" fill=\"currentColor\" viewBox=\"0 0 512 512\">\n\t\t\t\t\t<use href=\"https:\/\/www.panoramamarbella.com\/wp-content\/themes\/panoramamarbella\/dist\/src\/images\/icons.svg#svgHeart\"><\/use>\n\t\t\t\t<\/svg>\n\t\t\t\t<svg width=\"18\" fill=\"currentColor\" viewBox=\"0 0 512 512\">\n\t\t\t\t\t<use href=\"https:\/\/www.panoramamarbella.com\/wp-content\/themes\/panoramamarbella\/dist\/src\/images\/icons.svg#svgHeartIn\"><\/use>\n\t\t\t\t<\/svg>\n\t\t\t<\/button>\n\t\t<\/div>\n\t\t\t\t<button\n\t\t\tclass=\"carousel-control-prev\"\n\t\t\ttype=\"button\"\n\t\t\tdata-bs-target=\"#carouselCardProperties-1-2\"\n\t\t\tdata-bs-slide=\"prev\">\n\t\t\t<span class=\"carousel-control-prev-icon\" aria-hidden=\"true\"><\/span>\n\t\t\t<span class=\"visually-hidden\">Pr\u00e9c\u00e9dent<\/span>\n\t\t<\/button>\n\t\t<button\n\t\t\tclass=\"carousel-control-next\"\n\t\t\ttype=\"button\"\n\t\t\tdata-bs-target=\"#carouselCardProperties-1-2\"\n\t\t\tdata-bs-slide=\"next\">\n\t\t\t<span class=\"carousel-control-next-icon\" aria-hidden=\"true\"><\/span>\n\t\t\t<span class=\"visually-hidden\">Suivant<\/span>\n\t\t<\/button>\n\t\t\t<\/div>\n\t<div class=\"d-flex flex-column h-100 px-3 py-4 shadow\">\n\t\t\t\t<h3 class=\"card-properties-title mb-3\">\n\t\t\t<a class=\"stretched-link\" href=\"\/fr\/proprietes\/marbella\/marbella-est\/la-finca-de-marbella\/villas-maisons-isolee\/PANR-16316\">\n\t\t\t\tVilla moderne avec vues spectaculaires sur la mer et la montagne \u00e0 La Finca de Marbella\t\t\t<\/a>\n\t\t<\/h3>\n\t\t<p class=\"mb-3 text-black-dark\">La Finca de Marbella, Marbella Est<\/p>\n\t\t\t\t\t\t<p class=\"card-properties-description mb-3\">\n\t\t\tImpressionnante villa au design contemporain situ\u00e9e \u00e0 La Finca de Marbella, une communaut\u00e9 ferm\u00e9e exclusive \u00e0 l\u2019est de Marbella avec s\u00e9curit\u00e9 nocturne. La propri\u00e9t\u00e9 dispose de 609 m\u00b2 construits sur un terrain de 652 m\u00b2&#8230;\t\t<\/p>\n\t\t\t\t<span class=\"card-properties-price mt-auto\">\n\t\t\t\n\t\t\t<span class=\"card-properties-price mt-auto\" data-original-price=\"3095000\">3\u202f095\u202f000\u00a0\u20ac<\/span>\n\t\t\t\t<\/span>\n\t\t\t\t<ul class=\"card-properties-features list-unstyled d-flex flex-wrap align-items-center gap-3 pt-3 border-top mt-3 mb-0\">\n\t\t\t<li class=\"d-flex align-items-center\">5 Chambres<\/li><li class=\"d-flex align-items-center\">5 Bains<\/li>\t\t\t\t<li class=\"d-flex align-items-center\">\n\t\t\t\t\t <span class=\"me-1\" data-original-value=\"609\" data-original-unit=\"m&#038;sup2\">609 m&sup2;<\/span>Total\t\t\t\t<\/li>\n\t\t\t\t\t\t\t<li class=\"d-flex align-items-center\">\n\t\t\t\t\t <span class=\"me-1\" data-original-value=\"652\" data-original-unit=\"m&#038;sup2\">652 m&sup2;<\/span>Terrain\t\t\t\t<\/li>\n\t\t\t\t\t\t\t\t<li class=\"d-flex align-items-center\">\n\t\t\t\t\t <span class=\"me-1\" data-original-value=\"400\" data-original-unit=\"m&#038;sup2\">400 m&sup2;<\/span>Construit\t\t\t\t<\/li>\n\t\t\t\t\t\t\t<li class=\"d-flex align-items-center\">\n\t\t\t\t\t <span class=\"me-1\" data-original-value=\"209\" data-original-unit=\"m&#038;sup2\">209 m&sup2;<\/span>Terrasses\t\t\t\t<\/li>\n\t\t\t\t\t<\/ul>\n\t\t\t<\/div>\n<\/article>\n\t\t\t<\/div>\n\t\t\t<ul class=\"mw-100 d-flex flex-column flex-lg-row flex-lg-wrap justify-content-center gap-3 list-unstyled mt-5 mb-0\">\n    <li><a class=\"btn btn-primary w-100 px-4 py-2\" href=\"https:\/\/www.panoramamarbella.com\/fr\/proprietes\/marbella\">Propri\u00e9t\u00e9s \u00e0 vendre \u00e0 Marbella<\/a><\/li><\/ul>\n\t\t<\/section>\n\t\t\n","protected":false},"excerpt":{"rendered":"<p>Nous expliquons le nouveau plan d\u2019urbanisme de Marbella, son impact sur les acheteurs, les r\u00e8gles d\u2019am\u00e9nagement et les v\u00e9rifications \u00e0 effectuer avant d\u2019acheter.<\/p>\n","protected":false},"author":3,"featured_media":44890,"comment_status":"closed","ping_status":"closed","sticky":false,"template":"","format":"standard","meta":{"_acf_changed":false,"footnotes":""},"categories":[4],"tags":[],"class_list":["post-45051","post","type-post","status-publish","format-standard","has-post-thumbnail","hentry","category-panorama-fr"],"acf":[],"_links":{"self":[{"href":"https:\/\/www.panoramamarbella.com\/fr\/wp-json\/wp\/v2\/posts\/45051","targetHints":{"allow":["GET"]}}],"collection":[{"href":"https:\/\/www.panoramamarbella.com\/fr\/wp-json\/wp\/v2\/posts"}],"about":[{"href":"https:\/\/www.panoramamarbella.com\/fr\/wp-json\/wp\/v2\/types\/post"}],"author":[{"embeddable":true,"href":"https:\/\/www.panoramamarbella.com\/fr\/wp-json\/wp\/v2\/users\/3"}],"replies":[{"embeddable":true,"href":"https:\/\/www.panoramamarbella.com\/fr\/wp-json\/wp\/v2\/comments?post=45051"}],"version-history":[{"count":30,"href":"https:\/\/www.panoramamarbella.com\/fr\/wp-json\/wp\/v2\/posts\/45051\/revisions"}],"predecessor-version":[{"id":45106,"href":"https:\/\/www.panoramamarbella.com\/fr\/wp-json\/wp\/v2\/posts\/45051\/revisions\/45106"}],"wp:featuredmedia":[{"embeddable":true,"href":"https:\/\/www.panoramamarbella.com\/fr\/wp-json\/wp\/v2\/media\/44890"}],"wp:attachment":[{"href":"https:\/\/www.panoramamarbella.com\/fr\/wp-json\/wp\/v2\/media?parent=45051"}],"wp:term":[{"taxonomy":"category","embeddable":true,"href":"https:\/\/www.panoramamarbella.com\/fr\/wp-json\/wp\/v2\/categories?post=45051"},{"taxonomy":"post_tag","embeddable":true,"href":"https:\/\/www.panoramamarbella.com\/fr\/wp-json\/wp\/v2\/tags?post=45051"}],"curies":[{"name":"wp","href":"https:\/\/api.w.org\/{rel}","templated":true}]}}