{"id":45375,"date":"2026-05-03T09:00:00","date_gmt":"2026-05-03T07:00:00","guid":{"rendered":"https:\/\/www.panoramamarbella.com\/?p=45375"},"modified":"2026-04-30T17:31:28","modified_gmt":"2026-04-30T15:31:28","slug":"marbella-vs-ibiza-immobiliers","status":"publish","type":"post","link":"https:\/\/www.panoramamarbella.com\/fr\/news\/marbella-vs-ibiza-immobiliers","title":{"rendered":"Marbella vs Ibiza : quel destin de luxe offre un meilleur rapport qualit\u00e9-prix sur une grande place?"},"content":{"rendered":"\n<h2 class=\"wp-block-heading\">Comparer Marbella et Ibiza comme march\u00e9s immobiliers <\/h2>\n\n\n<div class=\"lead\"><p>Comment deux des destinations de luxe les plus \u00e9tablies d\u2019Espagne se comparent en tant que march\u00e9s immobiliers.<!-- wp:paragraph --><\/p>\n<\/div>\n\n\n<h3 class=\"wp-block-heading\">Marbella et Ibiza comme investissements \u00e0 long terme<\/h3>\n\n\n\n<p>L\u2019Espagne a r\u00e9cemment gagn\u00e9 en visibilit\u00e9 sur la sc\u00e8ne mondiale, se classant comme la premi\u00e8re destination d\u2019investissement en Europe dans la <a href=\"https:\/\/www.cbre.com\/insights\/reports\/european-investor-intentions-survey-2026\" target=\"_blank\" rel=\"noreferrer noopener nofollow\">CBRE European Investor Intentions Survey 2026<\/a>, alors que le sentiment des investisseurs s\u2019am\u00e9liore dans un contexte de stabilisation des prix et d\u2019environnement de capitaux plus actif.<\/p>\n\n\n\n<p>Dans ce contexte, Marbella et Ibiza b\u00e9n\u00e9ficient toutes deux d\u2019un fort attrait mondial aupr\u00e8s des acheteurs ultra-fortun\u00e9s (UHNW). Elles repr\u00e9sentent toutefois deux trajectoires distinctes au sein d\u2019un portefeuille immobilier de luxe.<\/p>\n\n\n\n<p>La diff\u00e9rence appara\u00eet plus clairement lorsque l\u2019on observe le fonctionnement de chaque march\u00e9, de la saisonnalit\u00e9 et de l\u2019usage \u00e0 la demande et \u00e0 la r\u00e9silience \u00e0 long terme.<\/p>\n\n\n\n<ul class=\"table-index list-unstyled p-4 p-lg-5 ms-0 bg-light\"><li class=\"text-uppercase fw-bold mb-3\">Table des mati\u00e8res<\/li><li><a href=\"#comparer+marbella+et+ibiza+comme+marches+immobiliers\">\nComparer Marbella et Ibiza comme march\u00e9s immobiliers \n<\/a><\/li>\n<li><a href=\"#saisonnalite+versus+regularite\">\nSaisonnalit\u00e9 versus r\u00e9gularit\u00e9\n<\/a><\/li>\n<li><a href=\"#structure+du+marche+et+offre\">\nStructure du march\u00e9 et offre\n<\/a><\/li>\n<li><a href=\"#demande+et+profil+locatif\">\nDemande et profil locatif\n<\/a><\/li>\n<li><a href=\"#accessibilite+et+infrastructures\">\nAccessibilit\u00e9 et infrastructures\n<\/a><\/li>\n<li><a href=\"#laquelle+offre+la+meilleure+valeur+a+long+terme+\">\nLaquelle offre la meilleure valeur \u00e0 long terme ?\n<\/a><\/li>\n<li><a href=\"#faq++propriete+a+marbella+vs+ibiza\">\nFAQ : propri\u00e9t\u00e9 \u00e0 Marbella vs Ibiza\n<\/a><\/li><\/ul>\n\n\n\n<h2 class=\"wp-block-heading\">Saisonnalit\u00e9 versus r\u00e9gularit\u00e9<\/h2>\n\n\n\t<figure class=\"wp-caption aligncenter wp-block-acf-wpimage\">\n\t<picture><source width=\"900\" height=\"467\" srcset=\"https:\/\/media.panoramamarbella.com\/imgV1\/B95mbh8olwFQm~uCT2wPZMb8hll4wghQQQq6YWg0~c~U_DrmgY8pGP8pqaDzA6mvjyI_OPtcrHD_aKxAUQW30SOrq6kCjMHNr2rG~SwUYSu_os15tdAg5lTA01~eiKV033Nzf0~WUIp5LbtniQVOL_5if2T8IxVUP76omw0lmeXni2PiP0vhHell0GN4gFZ4Mn41.webp 900w\" type=\"image\/webp\"><img decoding=\"async\" class=\"img-fluid\" loading=\"lazy\" width=\"900\" height=\"467\" alt=\"Eaux turquoise et yachts refl\u00e9tant le style de vie c\u00f4tier de Marbella vs Ibiza\" src=\"https:\/\/media.panoramamarbella.com\/imgV1\/B95mbh8olwFQm~uCT2wPZMb8hll4wghQQQq6YWg0~c~U_DrmgY8pGP8pqaDzA6mvjyI_OPtcrHD_aKxAUQW30SOrq6kCjMHNr2rG~SwUYSu_os15tdAg5lTA01~eiKV033Nzf0~WUIp5LbtniQVOMWhVexJR9HSTB1qOYiWrsjY-.jpg\"><\/picture>\t\t\t<figcaption class=\"wp-caption-text\">\n\t\tCala Vadella \u00e0 Ibiza, une retraite saisonni\u00e8re tr\u00e8s pris\u00e9e<br \/>\r\n\t\t<\/figcaption>\n\t\t\t<\/figure>\n\t\n\n\n<p>La saisonnalit\u00e9 constitue l\u2019une des lignes de s\u00e9paration les plus nettes entre les deux march\u00e9s. En bref, Ibiza fonctionne g\u00e9n\u00e9ralement comme une retraite saisonni\u00e8re, tandis que les propri\u00e9t\u00e9s \u00e0 Marbella sont plus souvent utilis\u00e9es \u00e0 plusieurs p\u00e9riodes de l\u2019ann\u00e9e.<\/p>\n\n\n\n<p>Ibiza a accueilli environ 3,7 millions de visiteurs en 2025, dont une grande part concentr\u00e9e entre juin et septembre. L\u2019\u00e9conomie de l\u2019\u00eele, les liaisons a\u00e9riennes et le march\u00e9 locatif sont fortement orient\u00e9s vers cette p\u00e9riode de pointe, avec une activit\u00e9 qui diminue sensiblement en dehors des mois d\u2019\u00e9t\u00e9.<\/p>\n\n\n\n<p>Marbella suit une courbe plus large. Si l\u2019\u00e9t\u00e9 reste la saison la plus anim\u00e9e, la demande s\u2019\u00e9tend tout au long de l\u2019ann\u00e9e, soutenue par des r\u00e9sidents \u00e0 temps plein et des propri\u00e9taires internationaux s\u00e9journant sur de longues p\u00e9riodes.<\/p>\n\n\n\n<p>La Costa del Sol a accueilli environ 14 millions de visiteurs en 2025, ce qui refl\u00e8te l\u2019ampleur et la r\u00e9gularit\u00e9 de sa base touristique, aux c\u00f4t\u00e9s d\u2019un march\u00e9 r\u00e9sidentiel solide. La m\u00eame ann\u00e9e, les acheteurs \u00e9trangers ont repr\u00e9sent\u00e9 environ 32,75 % de l\u2019ensemble des transactions immobili\u00e8res dans la province de M\u00e1laga.<\/p>\n\n\n\n<p class=\"mkt-link\">Plongez plus en profondeur dans les chiffres avec le <a href=\"https:\/\/www.panoramamarbella.com\/fr\/rapport-de-marche\" data-type=\"page\" data-id=\"32357\">Rapport sur le march\u00e9 immobilier de Marbella 2026<\/a><\/p>\n\n\n\n<h2 class=\"wp-block-heading\">Structure du march\u00e9 et offre<\/h2>\n\n\n\n<figure class=\"wp-caption position-relative wp-block-acf-propertyimage\">\n\t<div class=\"ratio ratio-16x9\">\n\t\t<picture><source width=\"1200\" srcset=\"https:\/\/media.panoramamarbella.com\/imgV1\/B95mbh8olwFQm~uCUaVOI2kQT0hb0a8sZ9turUNfnwtvuccYCzs0YVPfPbfkc2VnnN1JFDpkYaGfw1gJsS~5h5O8Z0HXaOyBpa~NmnXS8fcVZg32rweVxXglwHyZVJur1a_d_irbFx_zp8tn0mJ1qMt4iESHkxAEi3Sb5BbQZXkbGClnNNqcTZhJrIoIz~aAQLnKRyAtBofyUYI0cNrSJd_vqnfONQCG.webp 1200w\" type=\"image\/webp\"><img decoding=\"async\" class=\"image-fit position-absolute w-100 h-100\" alt=\"Villa dans Rocio de Nag\u00fceles, Marbella Golden Mile PANR-15371\" width=\"1200\" src=\"https:\/\/media.panoramamarbella.com\/imgV1\/B95mbh8olwFQm~uCUaVOI2kQT0hb0a8sZ9turUNfnwtvuccYCzs0YVPfPbfkc2VnnN1JFDpkYaGfw1gJsS~5h5O8Z0HXaOyBpa~NmnXS8fcVZg32rweVxXglwHyZVJur1a_d_irbFx_zp8tn0mJ1qMt4iESHkxAEi3Sb5BbQZXkbGClnKvXysPRazHr_tU8lKAWcsZE-.jpg\"><\/picture>\t\t\t<\/div>\n\t\t<figcaption class=\"wp-caption-text\">\n\t\tImage : <a class=\"stretched-link\" href=\"\/fr\/proprietes\/marbella\/marbella-golden-mile\/rocio-de-nagueles\/villas-maisons-isolee\/PANR-15371\" title=\"Plus d'informations sur cette propri\u00e9t\u00e9\">Villa dans Rocio de Nag\u00fceles, Marbella Golden Mile PANR-15371<\/a>\n\t<\/figcaption>\n<\/figure>\n\n\n\n<p>Le march\u00e9 d\u2019Ibiza est fa\u00e7onn\u00e9 par une disponibilit\u00e9 fonci\u00e8re limit\u00e9e et des r\u00e8gles d\u2019urbanisme strictes, qui continuent de soutenir la hausse des prix dans les zones prime. Bien que l\u2019\u00eele figure parmi les march\u00e9s de luxe les plus performants d\u2019Europe, l\u2019offre demeure tr\u00e8s contrainte, en particulier pour les villas avec vue sur la mer ou licences locatives \u00e9tablies.<\/p>\n\n\n\n<p>Cela limite naturellement l\u2019activit\u00e9 transactionnelle, avec relativement peu de biens arrivant sur le march\u00e9 chaque ann\u00e9e.<\/p>\n\n\n\n<p>Marbella pr\u00e9sente un march\u00e9 plus nuanc\u00e9 et, bien que des zones prime comme la Golden Mile connaissent une hausse des prix port\u00e9e par une offre limit\u00e9e, l\u2019ensemble de la r\u00e9gion, y compris Estepona et Benahav\u00eds, offre aux acheteurs davantage de choix, de vari\u00e9t\u00e9 et de disponibilit\u00e9 qu\u2019Ibiza.<\/p>\n\n\n\n<p class=\"mkt-link\">D\u00e9couvrez des propri\u00e9t\u00e9s de luxe \u00e0 <a href=\"https:\/\/www.panoramamarbella.com\/fr\/proprietes\/estepona\">Estepona<\/a>, <a href=\"https:\/\/www.panoramamarbella.com\/fr\/proprietes\/benahavis\">Benahav\u00eds <\/a>et sur la <a href=\"https:\/\/www.panoramamarbella.com\/fr\/proprietes\/marbella\/marbella-golden-mile\">Golden Mile de Marbella<\/a><\/p>\n\n\n\n<h2 class=\"wp-block-heading\">Demande et profil locatif<\/h2>\n\n\n\n<p>Cette superbe villa est actuellement disponible \u00e0 Marbella en location longue dur\u00e9e, id\u00e9alement situ\u00e9e \u00e0 seulement quelques minutes \u00e0 pied des commodit\u00e9s de Nueva Andaluc\u00eda.<\/p>\n\n\n<a href=\"https:\/\/www.panoramamarbella.com\/es\/alquileres\/marbella\/nueva-andalucia\/villas-y-chalets\/PANR-16056\" title=\"Villa en alquiler en Nueva Andaluc\u00eda\">\t<figure class=\"wp-caption aligncenter wp-block-acf-wpimage\">\n\t<picture><source width=\"900\" height=\"600\" srcset=\"https:\/\/media.panoramamarbella.com\/imgV1\/B95mbh8olwFQm~uCT2wPZMb8hll4wghQQQq6YWg0~c~U_DrmgY8pGP8pqaDzA6mvjyI_OPtcrHD_aKxAUQW2lV9zTHav0bWfLcJ5VO9tycoQuBMJ7NO1mSb02kG7uG5_ootfb4ybOy9a7bcGLksutGtqINineYANr8cwvMi458bjC5xRlA_47NgtOGQxRs0GOA--.webp 900w\" type=\"image\/webp\"><img decoding=\"async\" class=\"img-fluid\" loading=\"lazy\" width=\"900\" height=\"600\" alt=\"Villa \u00e0 louer \u00e0 Nueva Andaluc\u00eda PANR-16056\" src=\"https:\/\/media.panoramamarbella.com\/imgV1\/B95mbh8olwFQm~uCT2wPZMb8hll4wghQQQq6YWg0~c~U_DrmgY8pGP8pqaDzA6mvjyI_OPtcrHD_aKxAUQW2lV9zTHav0bWfLcJ5VO9tycoQuBMJ7NO1mSb02kG7uG5_ootfb4ybOy9a7bcGLlUj4864Hcwtymi95vXmeHB7.jpg\"><\/picture>\t\t\t<figcaption class=\"wp-caption-text\">\n\t\tVilla \u00e0 louer \u00e0 Nueva Andaluc\u00eda PANR-16056\t\t<\/figcaption>\n\t\t\t<\/figure>\n\t<\/a>\n\n\n<p>La demande \u00e0 Ibiza est principalement internationale et port\u00e9e par le style de vie, centr\u00e9e sur la r\u00e9sidence secondaire et les biens pr\u00e9sentant un fort potentiel locatif. L\u2019intimit\u00e9, l\u2019emplacement et la raret\u00e9 de l\u2019offre restent des moteurs essentiels de la valeur. Le march\u00e9 locatif refl\u00e8te cette tendance, avec certains des tarifs saisonniers les plus \u00e9lev\u00e9s d\u2019Espagne, mais les revenus se concentrent sur une courte fen\u00eatre estivale. La r\u00e9glementation s\u2019est \u00e9galement durcie, avec une baisse marqu\u00e9e du nombre de locations touristiques de courte dur\u00e9e en 2025, atteignant dans certains cas pr\u00e8s de 50 %.<\/p>\n\n\n\n<p>Marbella attire un \u00e9ventail plus large d\u2019acheteurs. Aux c\u00f4t\u00e9s des propri\u00e9taires de r\u00e9sidences secondaires, le march\u00e9 comprend des familles en mobilit\u00e9, des entrepreneurs et des r\u00e9sidents semi-permanents, cr\u00e9ant ainsi une base de demande plus diversifi\u00e9e. Cela se refl\u00e8te dans le march\u00e9 locatif, o\u00f9 la demande d\u00e9passe la haute saison estivale et s\u2019\u00e9tend aux locations de longue et moyenne dur\u00e9e, aux s\u00e9jours hivernaux et aux locations li\u00e9es \u00e0 une relocation.<\/p>\n\n\n\n<p>En cons\u00e9quence, le profil locatif de Marbella d\u00e9pend moins de la saisonnalit\u00e9, avec un potentiel de revenus r\u00e9parti plus r\u00e9guli\u00e8rement sur l\u2019ensemble de l\u2019ann\u00e9e.<\/p>\n\n\n\n<p class=\"mkt-link\">Parcourez la s\u00e9lection prime de <a href=\"https:\/\/www.panoramamarbella.com\/fr\/locations\/marbella\">locations longue dur\u00e9e \u00e0 Marbella de Panorama<\/a><\/p>\n\n\n<article class=\"col w-100 position-relative mb-5 wp-block-acf-banner\">\n    <div class=\"d-flex flex-wrap flex-column flex-xl-row align-items-start align-items-xl-end gap-4 w-100 bg-secondary text-white p-4\">\n        <div class=\"d-flex flex-column\">\n\t\t\t            <a href=\"https:\/\/www.panoramamarbella.com\/fr\/bulletin-information-sur-immobilier\" class=\"stretched-link text-white text-decoration-none\" title=\"Vous aimez ce que vous lisez ?\">\n\t\t\t\t<h2 class=\"text-white mb-3\">Vous aimez ce que vous lisez ?<\/h2>            <\/a>\n\t\t\t            <p class=\"mb-0\">\n                Abonnez-vous \u00e0 notre newsletter pour recevoir des articles captivants, du contenu exclusif et les derni\u00e8res actualit\u00e9s.            <\/p>\n\t\t\t        <\/div>\n\t\t        <span class=\"btn btn-outline-light ms-xl-auto\">Panorama newsletter<\/span>\n\t\t    <\/div>\n<\/article>\n\n\n\n\n<h2 class=\"wp-block-heading\">Accessibilit\u00e9 et infrastructures<\/h2>\n\n\n\t<figure class=\"wp-caption aligncenter wp-block-acf-wpimage\">\n\t<picture><source width=\"900\" height=\"600\" srcset=\"https:\/\/media.panoramamarbella.com\/imgV1\/B95mbh8olwFQm~uCT2wPZMb8hll4wghQQQq6YWg0~c~U_DrmgY8pGP8pqaDzA6mvjyI_OPtcrHD_aKxAUQW30SY2~NyJ4KZdEotoMJCZaWAljqiDsbxB5nUcPmIByAUA4XWyEfVTX_yOuR4rD3gvokL4pCAZTs7lyQp8yIdni4zMeHLEDPAz5VKofaVD_hw1Tgwx.webp 900w\" type=\"image\/webp\"><img decoding=\"async\" class=\"img-fluid\" loading=\"lazy\" width=\"900\" height=\"600\" alt=\"Voyageurs arrivant pour une comparaison du style de vie Marbella vs Ibiza ax\u00e9e sur la vie m\u00e9diterran\u00e9enne et la connectivit\u00e9\" src=\"https:\/\/media.panoramamarbella.com\/imgV1\/B95mbh8olwFQm~uCT2wPZMb8hll4wghQQQq6YWg0~c~U_DrmgY8pGP8pqaDzA6mvjyI_OPtcrHD_aKxAUQW30SY2~NyJ4KZdEotoMJCZaWAljqiDsbxB5nUcPmIByAUA4XWyEfVTX_yOuR4rD3gvvEFwdWmbJTphwyi1Y9N_4b4-.jpg\"><\/picture>\t\t\t<figcaption class=\"wp-caption-text\">\n\t\tLes d\u00e9placements, les infrastructures et la logistique donnent l\u2019avantage \u00e0 Marbella<br \/>\r\n\t\t<\/figcaption>\n\t\t\t<\/figure>\n\t\n\n\n<p>Ibiza offre un style de vie exceptionnel en tant que destination insulaire exotique, mais cela s\u2019accompagne de ce que beaucoup appellent une \u00ab prime insulaire \u00bb : le temps, le co\u00fbt et la logistique suppl\u00e9mentaires li\u00e9s \u00e0 un environnement plus isol\u00e9.<\/p>\n\n\n\n<p>Bien que l\u2019a\u00e9roport d\u2019Ibiza (IBZ) soit bien desservi pendant la haute saison, les options de vol diminuent sensiblement durant les mois d\u2019hiver. Pour les propri\u00e9taires internationaux, cela signifie souvent d\u00e9pendre de correspondances via Madrid ou Barcelone, allongeant les temps de trajet hors de la p\u00e9riode estivale.<\/p>\n\n\n\n<p>Le d\u00e9veloppement et la r\u00e9novation des biens exigent \u00e9galement davantage de planification. Les mat\u00e9riaux non disponibles localement doivent arriver par ferry, ce qui ajoute g\u00e9n\u00e9ralement \u00e0 la fois du co\u00fbt et du temps aux projets. La disponibilit\u00e9 saisonni\u00e8re de la main-d\u2019\u0153uvre peut aussi affecter les d\u00e9lais, les entrepreneurs repartant vers le continent pour travailler pendant la basse saison.<\/p>\n\n\n\n<p>Marbella, en revanche, offre l\u2019attrait d\u2019un art de vivre m\u00e9diterran\u00e9en au sud de l\u2019Europe, avec l\u2019avantage suppl\u00e9mentaire d\u2019\u00eatre \u00e9galement une destination continentale b\u00e9n\u00e9ficiant d\u2019un acc\u00e8s toute l\u2019ann\u00e9e via l\u2019a\u00e9roport de M\u00e1laga (AGP) et le r\u00e9seau routier europ\u00e9en, sans d\u00e9pendre de la disponibilit\u00e9 des vols ni des horaires de ferry. Elle fonctionne comme une ville pleinement \u00e9tablie, soutenue par un large choix d\u2019\u00e9coles internationales, d\u2019excellents soins de sant\u00e9 et un dense r\u00e9seau de services professionnels.<\/p>\n\n\n\n<p class=\"mkt-link\">D\u00e9couvrez les meilleurs <a href=\"https:\/\/www.panoramamarbella.com\/fr\/news\/hopitaux-a-marbella\" data-type=\"post\" data-id=\"39915\">h\u00f4pitaux et soins m\u00e9dicaux \u00e0 Marbella et sur la Costa del Sol<\/a><\/p>\n\n\n\n<h2 class=\"wp-block-heading\">Laquelle offre la meilleure valeur \u00e0 long terme ?<\/h2>\n\n\n\t<figure class=\"wp-caption aligncenter wp-block-acf-wpimage\">\n\t<picture><source width=\"900\" height=\"451\" srcset=\"https:\/\/media.panoramamarbella.com\/imgV1\/B95mbh8olwFQm~uCT2wPZMb8hll4wghQQQq6YWg0~c~U_DrmgY8pGP8pqaDzA6mvjyI_OPtcrHD_aKxAUQW2lVllA3midVArh0Avn5PxhgCzYDD8ITMpn4_JuV6lNciciRDmj6rHAWoAw0U_~VJoNORAFmb_ERUVTlar5GOr0sPm63TekCFxN1YYkCOqJ3wI5A--.webp 900w\" type=\"image\/webp\"><img decoding=\"async\" class=\"img-fluid\" loading=\"lazy\" width=\"900\" height=\"451\" alt=\"Vue a\u00e9rienne du littoral de Marbella et de la montagne La Concha avec un graphique en forme de fl\u00e8che ascendante repr\u00e9sentant la croissance du march\u00e9 immobilier.\" src=\"https:\/\/media.panoramamarbella.com\/imgV1\/B95mbh8olwFQm~uCT2wPZMb8hll4wghQQQq6YWg0~c~U_DrmgY8pGP8pqaDzA6mvjyI_OPtcrHD_aKxAUQW2lVllA3midVArh0Avn5PxhgCzYDD8ITMpn4_JuV6lNciciRDmj6rHAWoAw0U_~UwzsHdij7tzsMhZ9o9HakxA.jpg\"><\/picture>\t\t\t<figcaption class=\"wp-caption-text\">\n\t\tMarbella occupe la position la plus solide\t\t<\/figcaption>\n\t\t\t<\/figure>\n\t\n\n\n<p>Pour les acheteurs ax\u00e9s sur la valeur \u00e0 long terme, en particulier ceux qui recherchent une utilisation r\u00e9guli\u00e8re, l\u2019accessibilit\u00e9 et la liquidit\u00e9, Marbella repr\u00e9sente l\u2019option la plus compl\u00e8te, en offrant un environnement flexible et r\u00e9silient pour la propri\u00e9t\u00e9.<\/p>\n\n\n\n<p>Ibiza, quant \u00e0 elle, demeure l\u2019un des march\u00e9s de r\u00e9sidences secondaires les plus exclusifs d\u2019Europe, o\u00f9 l\u2019offre limit\u00e9e et la forte demande mondiale continuent de soutenir la hausse des prix, particuli\u00e8rement sur le segment le plus haut de gamme.<\/p>\n\n\n\n<p>Dans l\u2019ensemble, Marbella occupe la position la plus solide, combinant l\u2019attrait d\u2019une retraite m\u00e9diterran\u00e9enne avec les avantages d\u2019une vie \u00e0 l\u2019ann\u00e9e, ce qui en fait l\u2019un des emplacements les plus convaincants du sud de l\u2019Europe.<\/p>\n\n\n\n<p class=\"mkt-link\">D\u00e9couvrez \u00e0 quoi vous attendre lors de l\u2019achat d\u2019un bien immobilier \u00e0 Marbella avec notre <a href=\"https:\/\/www.panoramamarbella.com\/fr\/guide-acheteur\" data-type=\"page\" data-id=\"5152\">guide complet de l\u2019acheteur<\/a><\/p>\n\n\n\n<h2 class=\"wp-block-heading\">FAQ : propri\u00e9t\u00e9 \u00e0 Marbella vs Ibiza<\/h2>\n\n\n\t<div class=\"position-relative\">\n\t\t\t\t\t<h3>Marbella ou Ibiza est-elle meilleure pour investir dans l\u2019immobilier ?<\/h3>\n\t\t\t<p>Marbella offre g\u00e9n\u00e9ralement une plus grande flexibilit\u00e9 \u00e0 long terme gr\u00e2ce \u00e0 une demande pr\u00e9sente toute l\u2019ann\u00e9e et \u00e0 une base d\u2019acheteurs plus large, tandis qu\u2019Ibiza d\u00e9pend davantage de l\u2019offre et de la saisonnalit\u00e9.<\/p>\n\t\t\t\t\t<h3>Pourquoi l\u2019immobilier \u00e0 Ibiza est-il si cher ?<\/h3>\n\t\t\t<p>La disponibilit\u00e9 fonci\u00e8re limit\u00e9e, des r\u00e8gles d\u2019urbanisme strictes et une forte demande internationale continuent de soutenir des prix \u00e9lev\u00e9s, en particulier pour les villas prime.<\/p>\n\t\t\t\t\t<h3>Marbella est-elle un bon endroit pour acheter un bien immobilier \u00e0 long terme ?<\/h3>\n\t\t\t<p>Oui. Marbella combine attrait du style de vie et infrastructures actives toute l\u2019ann\u00e9e, ce qui la rend adapt\u00e9e \u00e0 un usage personnel comme \u00e0 un investissement \u00e0 long terme.<\/p>\n\t\t\t\t\t<h3>Peut-on louer un bien immobilier \u00e0 Marbella toute l\u2019ann\u00e9e ?<\/h3>\n\t\t\t<p>Oui, Marbella conna\u00eet une demande au-del\u00e0 de la saison estivale, notamment pour les locations longue dur\u00e9e, les s\u00e9jours d\u2019hiver et les locations li\u00e9es \u00e0 une relocation.<\/p>\n\t\t\t<\/div>\n\n\n\n<div class=\"contact-only bg-light wp-block-acf-contactform\">\n\t\t<div class=\"position-relative\">\n\t\t<span id=\"inm-contact-form\" class=\"position-absolute\" style=\"top:-130px\"><\/span>\n\t<\/div>\n\t\t\n\t\t<script src=\"https:\/\/www.google.com\/recaptcha\/api.js?render=6LeWOaYZAAAAAGZM7q40J51QMau9I_gs19mp9lZJ&#038;hl=fr\"><\/script>\n\t\n<form id=\"contact_form_1\" class=\"needs-validation h-100 d-flex flex-column p-4 p-md-5\" data-contact=\"contact_form_1\" action=\"localhost\" method=\"POST\" novalidate>\n\t<strong class=\"h3 align-self-start\">Votre nouveau chez-vous vous attend. Contactez-nous d\u00e8s aujourd\u2019hui<\/strong><p class=\"mb-5\">Marbella propose une nouvelle g\u00e9n\u00e9ration de logements. Si vous souhaitez acqu\u00e9rir un bien immobilier, notre \u00e9quipe est pr\u00eate \u00e0 vous accompagner.<\/p>\t<span id=\"contact_form_1-result\" data-stext=\"source\" data-source=\"contact\"><\/span>\n\t<input type=\"hidden\" name=\"success\" value=\"\/fr\/success?source=info\" \/>\n\t<input type=\"hidden\" name=\"lang\" value=\"fr\" \/>\n\t<input type=\"hidden\" name=\"agency\" value=\"399\" \/>\n\t<input type=\"hidden\" name=\"recipient\" value=\"info\" \/>\n\t<input type=\"hidden\" name=\"source\" value=\"https:\/\/www.panoramamarbella.com\/fr\/wp-json\/wp\/v2\/posts\/45375\" \/>\n\t<input type=\"hidden\" name=\"subject\" value=\"Information Request (FR)\" \/>\n\t\t\t<input type=\"hidden\" name=\"origin\" value=\"Marbella vs Ibiza : quel destin de luxe offre un meilleur rapport qualit\u00e9-prix sur une grande place?\" \/>\n\t\t<div class=\"row g-3\">\n\t\t<div class=\"col-md-6\">\n\t\t\t<label class=\"form-label\" for=\"name\">Pr\u00e9nom*<\/label>\n\t\t\t<input id=\"name\" name=\"name\" type=\"text\" class=\"form-control\" autocomplete=\"off\" required data-error=\"Nom requis\">\n\t\t<\/div>\n\t\t<div class=\"col-md-6\">\n\t\t\t<label class=\"form-label\" for=\"name\">Nom de famille*<\/label>\n\t\t\t<input id=\"lastname\" name=\"lastname\" type=\"text\" class=\"form-control\" autocomplete=\"off\" required data-error=\"Nom de famille\">\n\t\t<\/div>\n\t\t<div class=\"col-12\">\n\t\t\t<label class=\"form-label\" for=\"email\">E-mail*<\/label>\n\t\t\t<input id=\"email\" name=\"email\" type=\"email\" class=\"form-control\" autocomplete=\"off\" required data-error=\"E-mail requis\">\n\t\t<\/div>\n\t\t\t\t<div class=\"col-md-6\">\n\t\t\t<label class=\"form-label\" for=\"phone\">Num\u00e9ro de t\u00e9l\u00e9phone <small><\/small><\/label>\n\t\t\t<input id=\"phone\" name=\"intphone\" type=\"tel\" class=\"form-control\" autocomplete=\"off\" placeholder=\"T\u00e9l\u00e9phone\" required data-error=\"Les num\u00e9ros de t\u00e9l\u00e9phone doivent comporter entre 8 et 20 chiffres\" pattern=\"(?:\\d\\s*){4,}\">\n\t\t<\/div>\n\t\t<div class=\"col-md-6\">\n\t\t\t<label class=\"form-label\">Meilleur moment pour appeler <small><\/small><\/label>\n\t\t\t<select class=\"form-select\" name=\"time\">\n\t\t\t\t<option selected>\u00c0 tout moment<\/option>\n\t\t\t\t<option value=\"1\">Le matin<\/option>\n\t\t\t\t<option value=\"2\">L&rsquo;apr\u00e8s-midi<\/option>\n\t\t\t\t<option value=\"3\">Le soir<\/option>\n\t\t\t<\/select>\n\t\t<\/div>\n\t\t<div class=\"col-12\">\n\t\t\t<label for=\"address\" class=\"form-label\">Adresse <small><\/small><\/label>\n\t\t\t<input id=\"address\" name=\"address\" type=\"text\" class=\"form-control\" \/>\n\t\t<\/div>\n\t\t<div class=\"col-12\">\n\t\t\t<label for=\"formComment\" class=\"form-label\">Message<\/label>\n\t\t\t<textarea class=\"form-control\" placeholder=\"Laissez un commentaire ici\" name=\"comment\" id=\"formComment\" maxlength=\"8000\" rows=\"5\"><\/textarea>\n\t\t<\/div>\n\t\t\t\t<div class=\"col-12\">\n\t\t\t<div class=\"form-check\">\n\t\t\t\t<input type=\"checkbox\" class=\"form-check-input\" id=\"contact_form_1-customCheck1\" name=\"privacy_policy\" required data-error=\"Champ obligatoire\">\n\t\t\t\t<label class=\"form-check-label\" for=\"contact_form_1-customCheck1\">J&rsquo;accepte le <a target=\"_blank\" class=\"text-decoration-none\" href=\"https:\/\/www.panoramamarbella.com\/privacy-policy\">Conditions g\u00e9n\u00e9rales d&rsquo;utilisation<\/a><\/label>\n\t\t\t<\/div>\n\t\t\t<div class=\"form-check\">\n\t\t\t\t<input type=\"checkbox\" class=\"form-check-input\" id=\"contact_form_1-customCheck2\" name=\"commercial_information\">\n\t\t\t\t<label class=\"form-check-label\" for=\"contact_form_1-customCheck2\">J&rsquo;accepte de recevoir des communications de Panorama<\/label>\n\t\t\t<\/div>\n\t\t<\/div>\n\t<\/div>\n\t<button data-ids=\"contact_form_1\" data-lang=\"fr\" data-sitekey=\"6LeWOaYZAAAAAGZM7q40J51QMau9I_gs19mp9lZJ\" class=\"align-self-start btn btn-primary px-4 py-2 mt-4 g-recaptcha\" role=\"button\" aria-label=\"Send\">Envoyer<\/button>\n<\/form><\/div>\n","protected":false},"excerpt":{"rendered":"<p>Comment Marbella vs Ibiza se comparent comme march\u00e9s immobiliers, du style de vie et de la demande \u00e0 la valeur \u00e0 long terme.<\/p>\n","protected":false},"author":3,"featured_media":45276,"comment_status":"closed","ping_status":"closed","sticky":false,"template":"","format":"standard","meta":{"_acf_changed":false,"footnotes":""},"categories":[45],"tags":[],"class_list":["post-45375","post","type-post","status-publish","format-standard","has-post-thumbnail","hentry","category-actualites-secteur-immobilier"],"acf":[],"_links":{"self":[{"href":"https:\/\/www.panoramamarbella.com\/fr\/wp-json\/wp\/v2\/posts\/45375","targetHints":{"allow":["GET"]}}],"collection":[{"href":"https:\/\/www.panoramamarbella.com\/fr\/wp-json\/wp\/v2\/posts"}],"about":[{"href":"https:\/\/www.panoramamarbella.com\/fr\/wp-json\/wp\/v2\/types\/post"}],"author":[{"embeddable":true,"href":"https:\/\/www.panoramamarbella.com\/fr\/wp-json\/wp\/v2\/users\/3"}],"replies":[{"embeddable":true,"href":"https:\/\/www.panoramamarbella.com\/fr\/wp-json\/wp\/v2\/comments?post=45375"}],"version-history":[{"count":15,"href":"https:\/\/www.panoramamarbella.com\/fr\/wp-json\/wp\/v2\/posts\/45375\/revisions"}],"predecessor-version":[{"id":45504,"href":"https:\/\/www.panoramamarbella.com\/fr\/wp-json\/wp\/v2\/posts\/45375\/revisions\/45504"}],"wp:featuredmedia":[{"embeddable":true,"href":"https:\/\/www.panoramamarbella.com\/fr\/wp-json\/wp\/v2\/media\/45276"}],"wp:attachment":[{"href":"https:\/\/www.panoramamarbella.com\/fr\/wp-json\/wp\/v2\/media?parent=45375"}],"wp:term":[{"taxonomy":"category","embeddable":true,"href":"https:\/\/www.panoramamarbella.com\/fr\/wp-json\/wp\/v2\/categories?post=45375"},{"taxonomy":"post_tag","embeddable":true,"href":"https:\/\/www.panoramamarbella.com\/fr\/wp-json\/wp\/v2\/tags?post=45375"}],"curies":[{"name":"wp","href":"https:\/\/api.w.org\/{rel}","templated":true}]}}