{"id":54241,"date":"2026-09-03T14:19:54","date_gmt":"2026-09-03T12:19:54","guid":{"rendered":"https:\/\/www.panoramamarbella.com\/?p=54241"},"modified":"2026-09-03T14:20:27","modified_gmt":"2026-09-03T12:20:27","slug":"meilleures-plages-marbella","status":"publish","type":"post","link":"https:\/\/www.panoramamarbella.com\/fr\/news\/meilleures-plages-marbella","title":{"rendered":"Meilleures plages de Marbella : la s\u00e9lection de Panorama"},"content":{"rendered":"\n\n<h2 class=\"wp-block-heading\">Quelles sont les meilleures plages de la r\u00e9gion de Marbella<\/h2>\n\n\n<div class=\"lead\"><p>Avec 24 plages r\u00e9parties sur 27 kilom\u00e8tres de littoral, Marbella offre une plage pour presque tous les types de journ\u00e9es au bord de la M\u00e9diterran\u00e9e.<\/p>\n<\/div>\n\n\n<p class=\"wp-block-paragraph\">Le littoral de Marbella change de caract\u00e8re avec une rapidit\u00e9 surprenante. Autour de Puerto Ban\u00fas et du Golden Mile, les plages sont \u00e9troitement li\u00e9es aux h\u00f4tels, restaurants et beach clubs ; dans le centre de Marbella, la promenade maritime et la vieille ville ne sont jamais loin ; puis, plus \u00e0 l\u2019est, le littoral s\u2019ouvre sur de plus longues \u00e9tendues de sable, des dunes et des quartiers r\u00e9sidentiels plus calmes.<\/p>\n\n\n\n<p class=\"wp-block-paragraph\">Demandez \u00e0 cinq personnes \u00e0 Marbella quelle est leur plage pr\u00e9f\u00e9r\u00e9e et vous obtiendrez probablement cinq r\u00e9ponses diff\u00e9rentes. Notre s\u00e9lection des meilleures plages de Marbella suit le littoral d\u2019ouest en est, en mettant en avant les endroits qui se distinguent par leur emplacement, leur atmosph\u00e8re, leurs \u00e9quipements et leur environnement.<\/p>\n\n\n\n<ul class=\"table-index list-unstyled p-4 p-lg-5 ms-0 bg-light\"><li class=\"text-uppercase fw-bold mb-3\">Table des mati\u00e8res<\/li><li><a href=\"#quelles+sont+les+meilleures+plages+de+la+region+de+marbella\">\nQuelles sont les meilleures plages de la r\u00e9gion de Marbella\n<\/a><\/li>\n<li><a href=\"#carte+des+plages\">\nCarte des plages\n<\/a><\/li>\n<li><a href=\"#le+meilleur+de+chacune\">\nLe meilleur de chacune\n<\/a><\/li>\n<li><a href=\"#les+6+meilleures+plages+de+marbella+selon+panorama\">\nLes 6 meilleures plages de Marbella selon Panorama\n<\/a><\/li>\n<li><a href=\"#ou+peuton+pratiquer+des+sports+nautiques+a+marbella+\">\nO\u00f9 peut-on pratiquer des sports nautiques \u00e0 Marbella ?\n<\/a><\/li>\n<li><a href=\"#maisons+en+bord+de+mer+a+vendre+a+marbella\">\nMaisons en bord de mer \u00e0 vendre \u00e0 Marbella\n<\/a><\/li>\n<li><a href=\"#faq+sur+les+meilleures+plages+de+marbella\">\nFAQ sur les meilleures plages de Marbella\n<\/a><\/li><\/ul>\n\n\n\n<h2 class=\"wp-block-heading\">Carte des plages<\/h2>\n\n\n\n<iframe loading=\"lazy\" src=\"https:\/\/www.google.com\/maps\/d\/u\/0\/embed?mid=1oXbc0qWQNgAMP74lnbRDvaID4RMLM10&#038;ehbc=2E312F&#038;noprof=1\" width=\"100%\" height=\"480\"><\/iframe>\n\n\n\n<h2 class=\"wp-block-heading\">Le meilleur de chacune<\/h2>\n\n\n\n<table class=\"table table-bordered table-striped\"><thead><tr><th>Plage<\/th><th>Id\u00e9ale pour<\/th><\/tr><\/thead><tbody><tr><td>Puerto Ban\u00fas<\/td><td>Le style de vie de Ban\u00fas, les eaux calmes et les vues<\/td><\/tr><tr><td>Nag\u00fceles<\/td><td>Le Golden Mile et la vie baln\u00e9aire de luxe<\/td><\/tr><tr><td>Venus<\/td><td>La proximit\u00e9 de la vieille ville de Marbella<\/td><\/tr><tr><td>Los Monteros<\/td><td>L\u2019espace et les beach clubs de Marbella Est<\/td><\/tr><tr><td>Real de Zaragoza<\/td><td>Les longues journ\u00e9es \u00e0 la plage et les restaurants en bord de mer<\/td><\/tr><tr><td>Artola-Cabopino<\/td><td>La nature, les familles et les paysages<\/td><\/tr><\/tbody><\/table>\n\n\n\n<h2 class=\"wp-block-heading\">Les 6 meilleures plages de Marbella selon Panorama<\/h2>\n\n\n\n<p class=\"wp-block-paragraph\">Notre s\u00e9lection repose sur ce qui rend chaque plage particuli\u00e8rement sp\u00e9ciale, en tenant compte de facteurs tels que l\u2019emplacement, l\u2019atmosph\u00e8re, l\u2019accessibilit\u00e9, les \u00e9quipements et restaurants \u00e0 proximit\u00e9, l\u2019espace, l\u2019environnement naturel et le type d\u2019exp\u00e9rience baln\u00e9aire qu\u2019elle offre.<\/p>\n\n\n\n<h3 class=\"wp-block-heading\">1. Plage de Puerto Ban\u00fas<\/h3>\n\n\n\n<p class=\"wp-block-paragraph\"><em>La meilleure plage de Marbella pour le style de vie de Ban\u00fas<\/em><\/p>\n\n\n\t<figure class=\"wp-caption aligncenter wp-block-acf-wpimage\">\n\t<picture><source width=\"900\" height=\"675\" srcset=\"https:\/\/media.panoramamarbella.com\/imgV1\/B95mbh8olwFQm~uCT2wPZMb8hll4wghQQQq6YWg0~c~U_DrmgY8pGP8pqaDzA6mvjyI_OPtcrHD_aKxAUQW6tHwW9wepwDe6pOL0rlLEqmq9S9QkGyPABxnEk0XdAKx36VEMGYDl~rCOiVx8v2ZR9gIuuHndWWq65YgOC0FFElYi15pt_6xuxH_eUNhcRcjbUVk072v~pvwY7g--.webp 900w\" type=\"image\/webp\"><img decoding=\"async\" class=\"img-fluid\" loading=\"lazy\" width=\"900\" height=\"675\" alt=\"L\u2019une des meilleures plages de Marbella, avec son sable dor\u00e9, ses parasols traditionnels, ses eaux bleues et limpides et ses vues sur la montagne de La Concha.\" src=\"https:\/\/media.panoramamarbella.com\/imgV1\/B95mbh8olwFQm~uCT2wPZMb8hll4wghQQQq6YWg0~c~U_DrmgY8pGP8pqaDzA6mvjyI_OPtcrHD_aKxAUQW6tHwW9wepwDe6pOL0rlLEqmq9S9QkGyPABxnEk0XdAKx36VEMGYDl~rCOiVx8v2ZR9gIuuHndWXQD0dAHGT2LaiAP_3IwGmtW.jpg\"><\/picture>\t\t<\/figure>\n\t\n\n\n<p class=\"wp-block-paragraph\"><strong>La plage de Puerto Ban\u00fas<\/strong> se trouve imm\u00e9diatement \u00e0 l\u2019est du port de plaisance et compte parmi les plages les plus reconnaissables de Marbella, avec des eaux calmes et abrit\u00e9es et des vues d\u00e9gag\u00e9es sur La Concha.<\/p>\n\n\n\n<p class=\"wp-block-paragraph\">La plage b\u00e9n\u00e9ficie de la distinction Q de Qualit\u00e9 Touristique et son emplacement permet de combiner tr\u00e8s facilement baignade et bain de soleil avec une visite de <a href=\"https:\/\/www.panoramamarbella.com\/fr\/zones\/puerto-banus\" data-type=\"areas\" data-id=\"7510\">Puerto Ban\u00fas<\/a>.<\/p>\n\n\n\n<p class=\"wp-block-paragraph\">Restaurants, boutiques, sports nautiques et le c\u00e9l\u00e8bre port de plaisance de luxe sont tous accessibles en quelques minutes \u00e0 pied, ce qui en fait l\u2019une des meilleures plages pour profiter pleinement du style de vie de Ban\u00fas.<\/p>\n\n\n\n<p class=\"mkt-link wp-block-paragraph\">D\u00e9couvrez notre s\u00e9lection de <a href=\"https:\/\/www.panoramamarbella.com\/fr\/proprietes\/marbella\/puerto-banus\/plage\">propri\u00e9t\u00e9s en bord de mer \u00e0 vendre \u00e0 Puerto Ban\u00fas<\/a>.<\/p>\n\n\n\n<h3 class=\"wp-block-heading\">2. Plage de Nag\u00fceles<\/h3>\n\n\n\n<p class=\"wp-block-paragraph\"><em>Le plus beau tron\u00e7on de plage du Golden Mile de Marbella<\/em><\/p>\n\n\n\t<figure class=\"wp-caption aligncenter wp-block-acf-wpimage\">\n\t<picture><source width=\"900\" height=\"855\" srcset=\"https:\/\/media.panoramamarbella.com\/imgV1\/B95mbh8olwFQm~uCT2wPZMb8hll4wghQQQq6YWg0~c~U_DrmgY8pGP8pqaDzA6mvjyI_OPtcrHD_aKxAUQW6tH9GiYYpCfO3TBDg7~tgnuUO4g2MCLsmVRVuNsSauYhlUDbzY6u31MIOnpYW~BH7dLsP~8F2jOh0Q71QsTIb~2nBt90tTL3z7u8Ud7Bv3FM0dKNCFZtwTtgicQ--.webp 900w\" type=\"image\/webp\"><img decoding=\"async\" class=\"img-fluid\" loading=\"lazy\" width=\"900\" height=\"855\" alt=\"Vue panoramique a\u00e9rienne d\u2019une plage de Marbella avec un port de plaisance, les eaux turquoise de la M\u00e9diterran\u00e9e et la montagne de La Concha dominant le littoral.\" src=\"https:\/\/media.panoramamarbella.com\/imgV1\/B95mbh8olwFQm~uCT2wPZMb8hll4wghQQQq6YWg0~c~U_DrmgY8pGP8pqaDzA6mvjyI_OPtcrHD_aKxAUQW6tH9GiYYpCfO3TBDg7~tgnuUO4g2MCLsmVRVuNsSauYhlUDbzY6u31MIOnpYW~BH7dLsP~8F2jPaqWSWDvezTkw_HwP7k~8pC.jpg\"><\/picture>\t\t\t<figcaption class=\"wp-caption-text\">\n\t\tLa plage de Nag\u00fceles sur le Golden Mile de Marbella, avec le complexe de faible hauteur Puente Romano derri\u00e8re le rivage et La Concha s\u2019\u00e9levant au-dessus du littoral\t\t<\/figcaption>\n\t\t\t<\/figure>\n\t\n\n\n<p class=\"wp-block-paragraph\">Pour vivre l\u2019exp\u00e9rience baln\u00e9aire classique du <a href=\"https:\/\/www.panoramamarbella.com\/fr\/zones\/le-mille-dor-de-marbella\">Marbella Golden Mile<\/a>, il est difficile de faire mieux que les plages voisines de Nag\u00fceles et Casablanca. La plage de Nag\u00fceles s\u2019\u00e9tend directement devant <a href=\"https:\/\/www.panoramamarbella.com\/fr\/zones\/le-mille-dor-de-marbella\/puente-romano\">Puente Romano<\/a>, tandis que la plage voisine de Casablanca se poursuit devant le <a href=\"https:\/\/www.marbellaclub.com\/\" target=\"_blank\" rel=\"noreferrer noopener nofollow\">Marbella Club<\/a>.<\/p>\n\n\n\n<p class=\"wp-block-paragraph\">Ensemble, les deux plages sont certifi\u00e9es<a href=\"https:\/\/www.panoramamarbella.com\/fr\/news\/plages-pavillon-bleu-a-malaga\" data-type=\"post\" data-id=\"47278\"> Pavillon Bleu<\/a> et b\u00e9n\u00e9ficient \u00e9galement toutes les deux de la distinction Q de Qualit\u00e9 Touristique. Nag\u00fceles propose \u00e9galement, en saison, une assistance \u00e0 la baignade pour les personnes \u00e0 mobilit\u00e9 r\u00e9duite.<\/p>\n\n\n\n<p class=\"wp-block-paragraph\">Ce tron\u00e7on offre \u00e9galement un acc\u00e8s direct au Paseo Mar\u00edtimo ainsi qu\u2019un vaste choix d\u2019excellents bars et restaurants en bord de mer.<\/p>\n\n\n\n<p class=\"wp-block-paragraph\">Depuis ici, vous pouvez marcher vers l\u2019est en direction du centre de Marbella ou vers l\u2019ouest en direction de<\/p>\n\n\n\n<p class=\"mkt-link wp-block-paragraph\">D\u00e9couvrez notre s\u00e9lection de <a href=\"https:\/\/www.panoramamarbella.com\/fr\/proprietes\/marbella\/marbella-golden-mile\/plage\">propri\u00e9t\u00e9s en bord de mer sur le Golden Mile<\/a>.<\/p>\n\n\n\n<h3 class=\"wp-block-heading\">3. Plage de Venus<\/h3>\n\n\n\n<p class=\"wp-block-paragraph\"><em>La meilleure plage pr\u00e8s de la vieille ville de Marbella<\/em><\/p>\n\n\n\t<figure class=\"wp-caption aligncenter wp-block-acf-wpimage\">\n\t<picture><source width=\"900\" height=\"600\" srcset=\"https:\/\/media.panoramamarbella.com\/imgV1\/B95mbh8olwFQm~uCT2wPZMb8hll4wghQQQq6YWg0~c~U_DrmgY8pGP8pqaDzA6mvjyI_OPtcrHD_aKxAUQW6tH554oNzoELtiV0Ti6RNaYZFOwspmepN6TdKU5vMZAZiMompYTXCLcxfZm31uAHQL887emc6EqvFlS8OFbTo6njLv41XJ4r6wIA9U1jthRPtfw_9HEuaop4vBw--.webp 900w\" type=\"image\/webp\"><img decoding=\"async\" class=\"img-fluid\" loading=\"lazy\" width=\"900\" height=\"600\" alt=\"Vue de la promenade maritime de Marbella, de la plage de sable, du port de plaisance, des palmiers et du littoral m\u00e9diterran\u00e9en sous un ciel d\u00e9gag\u00e9.\" src=\"https:\/\/media.panoramamarbella.com\/imgV1\/B95mbh8olwFQm~uCT2wPZMb8hll4wghQQQq6YWg0~c~U_DrmgY8pGP8pqaDzA6mvjyI_OPtcrHD_aKxAUQW6tH554oNzoELtiV0Ti6RNaYZFOwspmepN6TdKU5vMZAZiMompYTXCLcxfZm31uAHQL887emc6ErWEAha0nFU9ZbUHCauyRw92.jpg\"><\/picture>\t\t\t<figcaption class=\"wp-caption-text\">\n\t\tLa plage de Venus dans le centre de Marbella, \u00e0 c\u00f4t\u00e9 du Puerto Deportivo. Situ\u00e9e \u00e0 quelques minutes \u00e0 pied de l\u2019Avenida del Mar et de la vieille ville\t\t<\/figcaption>\n\t\t\t<\/figure>\n\t\n\n\n<p class=\"wp-block-paragraph\">Juste \u00e0 l\u2019est du port de plaisance central de Marbella, la <strong>plage de Venus<\/strong> est l\u2019une des plages les plus faciles d\u2019acc\u00e8s depuis le c\u0153ur de la ville.<\/p>\n\n\n\n<p class=\"wp-block-paragraph\">La plage se trouve directement en contrebas de <strong>l\u2019Avenida del Mar<\/strong>, l\u2019avenue pav\u00e9e de marbre bord\u00e9e de sculptures en bronze de Salvador Dal\u00ed. Suivez-la \u00e0 travers le Parque de la Alameda, traversez la route et vous arriverez \u00e0 l\u2019entr\u00e9e de la vieille ville de Marbella.<\/p>\n\n\n\n<p class=\"wp-block-paragraph\">Venus partage le label Pavillon Bleu avec la plage voisine de La Bajadilla et b\u00e9n\u00e9ficie \u00e9galement de la distinction Q de Qualit\u00e9 Touristique.<\/p>\n\n\n\n<p class=\"wp-block-paragraph\">Sa situation centrale permet de combiner tr\u00e8s facilement la plage, la vieille ville, les restaurants et la promenade maritime au cours d\u2019une m\u00eame journ\u00e9e.<\/p>\n\n\n\n<p class=\"mkt-link wp-block-paragraph\">Vous visitez Marbella ? Ne <a href=\"https:\/\/www.panoramamarbella.com\/fr\/news\/attractions-de-marbella\" data-type=\"link\" data-id=\"https:\/\/www.panoramamarbella.com\/news\/marbella-attractions\">manquez pas les meilleures attractions de Marbella<\/a>.<\/p>\n\n\n\n<h3 class=\"wp-block-heading\">4. Plage de Los Monteros<\/h3>\n\n\n\n<p class=\"wp-block-paragraph\"><em>La meilleure plage de Marbella pour profiter de grands espaces<\/em><\/p>\n\n\n\t<figure class=\"wp-caption aligncenter wp-block-acf-wpimage\">\n\t<picture><source width=\"900\" height=\"681\" srcset=\"https:\/\/media.panoramamarbella.com\/imgV1\/B95mbh8olwFQm~uCT2wPZMb8hll4wghQQQq6YWg0~c~U_DrmgY8pGP8pqaDzA6mvjyI_OPtcrHD_aKxAUQW6tHnc3WXpXR2US~gwyV~LJhlOkMS3FNGlnxDslHQmL0a5UM5LuCMHnJghcxIGSFkb4RNk6Lfd7yFYBZYwOnxGd8Ay~qwPbgGwUDbF~VbCD_FVe7EdjHON5g1D9w--.webp 900w\" type=\"image\/webp\"><img decoding=\"async\" class=\"img-fluid\" loading=\"lazy\" width=\"900\" height=\"681\" alt=\"Longue plage de sable \u00e0 Marbella avec des dunes, des vagues calmes et de superbes vues sur les montagnes de la Costa del Sol.\" src=\"https:\/\/media.panoramamarbella.com\/imgV1\/B95mbh8olwFQm~uCT2wPZMb8hll4wghQQQq6YWg0~c~U_DrmgY8pGP8pqaDzA6mvjyI_OPtcrHD_aKxAUQW6tHnc3WXpXR2US~gwyV~LJhlOkMS3FNGlnxDslHQmL0a5UM5LuCMHnJghcxIGSFkb4RNk6Lfd7z~59HiYuh08EDZbkZxk4bDD.jpg\"><\/picture>\t\t\t<figcaption class=\"wp-caption-text\">\n\t\tLa plage de Los Monteros \u00e0 Marbella Est, o\u00f9 un large littoral sablonneux rencontre des dunes prot\u00e9g\u00e9es\t\t<\/figcaption>\n\t\t\t<\/figure>\n\t\n\n\n<p class=\"wp-block-paragraph\">\u00c0 mesure que le littoral s\u2019ouvre \u00e0 l\u2019est du centre de Marbella, <strong>Los Montero<\/strong>s offre une exp\u00e9rience baln\u00e9aire sensiblement plus spacieuse.<\/p>\n\n\n\n<p class=\"wp-block-paragraph\">La zone est bord\u00e9e par l\u2019une des communaut\u00e9s r\u00e9sidentielles de luxe les plus \u00e9tablies de Marbella Est, ainsi que par <a href=\"https:\/\/www.kimptonlosmonterosmarbella.com\/en\/\" target=\"_blank\" rel=\"noreferrer noopener nofollow\">Kimpton Los Monteros<\/a> Marbella et l\u2019embl\u00e9matique <a href=\"https:\/\/lacabanemarbella.com\/en\/\" target=\"_blank\" rel=\"noreferrer noopener nofollow\">beach club La Cabane<\/a>, redessin\u00e9 en collaboration avec Dolce &amp; Gabbana et proposant une cuisine sign\u00e9e Dani Garc\u00eda.<\/p>\n\n\n\n<p class=\"wp-block-paragraph\">En poursuivant vers l\u2019est, le tron\u00e7on de <strong>plage adjacent<\/strong> devient plus naturel autour de <strong>La Adelfa<\/strong>, o\u00f9 la plage est bord\u00e9e par la Duna La Adelfa prot\u00e9g\u00e9e, qui fait partie de la r\u00e9serve \u00e9cologique de dunes de Marbella.<\/p>\n\n\n\n<p class=\"wp-block-paragraph\">Les deux tron\u00e7ons voisins sont regroup\u00e9s sous l\u2019appellation Pavillon Bleu Los Monteros-Las Adelfas, formant l\u2019une des sections les plus ouvertes et les plus vari\u00e9es de Marbella Est. La zone b\u00e9n\u00e9ficie \u00e9galement de la distinction Q de Qualit\u00e9 Touristique.<\/p>\n\n\n\n<p class=\"mkt-link wp-block-paragraph\">Les beach clubs de cette zone sont mondialement connus ; consultez notre guide des <a href=\"https:\/\/www.panoramamarbella.com\/fr\/news\/meilleurs-beach-clubs-marbella-est\" data-type=\"link\" data-id=\"https:\/\/www.panoramamarbella.com\/fr\/news\/meilleurs-beach-clubs-marbella-est\">meilleurs beach clubs de Marbella Est<\/a>.<\/p>\n\n\n\n<h3 class=\"wp-block-heading\">5. Plage Real de Zaragoza<\/h3>\n\n\n\n<p class=\"wp-block-paragraph\"><em>La meilleure plage de Marbella pour une d\u00e9tente absolue<\/em><\/p>\n\n\n\t<figure class=\"wp-caption aligncenter wp-block-acf-wpimage\">\n\t<picture><source width=\"900\" height=\"599\" srcset=\"https:\/\/media.panoramamarbella.com\/imgV1\/B95mbh8olwFQm~uCT2wPZMb8hll4wghQQQq6YWg0~c~U_DrmgY8pGP8pqaDzA6mvjyI_OPtcrHD_aKxAUQW6tHh8MZWIZux5Ct7g7fJ2L2Su3bJyE9vmdJ0z_eMAtK~96sb_zEv1jTdd5OK6QDbWmbPIKUivnvE32LoZEMOLQgfQ3yPKxyOKQAEKoVBDzk7lYALqyel7OxGvJA--.webp 900w\" type=\"image\/webp\"><img decoding=\"async\" class=\"img-fluid\" loading=\"lazy\" width=\"900\" height=\"599\" alt=\"Les meilleures plages de Marbella offrent de superbes vues sur la montagne de La Concha, du sable dor\u00e9, des palmiers et des eaux cristallines de la M\u00e9diterran\u00e9e.\" src=\"https:\/\/media.panoramamarbella.com\/imgV1\/B95mbh8olwFQm~uCT2wPZMb8hll4wghQQQq6YWg0~c~U_DrmgY8pGP8pqaDzA6mvjyI_OPtcrHD_aKxAUQW6tHh8MZWIZux5Ct7g7fJ2L2Su3bJyE9vmdJ0z_eMAtK~96sb_zEv1jTdd5OK6QDbWmbPIKUivnu9TpusldWpSRvAJSDzN5DmX.jpg\"><\/picture>\t\t<\/figure>\n\t\n\n\n<p class=\"wp-block-paragraph\"><strong>La plage Real de Zaragoza<\/strong> donne l\u2019impression de d\u00e9couvrir un joyau secret. Si votre id\u00e9e d\u2019une belle journ\u00e9e \u00e0 la plage consiste \u00e0 arriver le matin et \u00e0 ne repartir qu\u2019apr\u00e8s le d\u00eener, il est difficile de faire mieux.<\/p>\n\n\n\n<p class=\"wp-block-paragraph\">La plage offre une concentration exceptionnellement int\u00e9ressante d\u2019endroits o\u00f9 manger et boire, au bord du sable doux et des vagues anim\u00e9es. <a href=\"https:\/\/laplagecasanis.com\/\" target=\"_blank\" rel=\"noreferrer noopener nofollow\">La Plage Casanis<\/a>, <a href=\"https:\/\/www.beachhousemarbella.com\/\" target=\"_blank\" rel=\"noreferrer noopener nofollow\">The Beach House<\/a>, <a href=\"https:\/\/sirokobeach.com\/\" target=\"_blank\" rel=\"noreferrer noopener nofollow\">Siroko Beach<\/a>, <a href=\"https:\/\/www.sabinebeachmarbella.com\/\" target=\"_blank\" rel=\"noreferrer noopener nofollow\">Sabine Beach<\/a> et <a href=\"https:\/\/syltmarbella.com\/en.html#top\" target=\"_blank\" rel=\"noreferrer noopener nofollow\">SYLT Beach Bar<\/a> ne sont que quelques-unes des excellentes adresses pour manger et profiter de transats le long de ce tron\u00e7on.<\/p>\n\n\n\n<p class=\"wp-block-paragraph\">C\u2019est un excellent exemple de ce que Marbella Est sait particuli\u00e8rement bien offrir : de vastes plages, des quartiers r\u00e9sidentiels en retrait et d\u2019excellents restaurants en bord de mer sans avoir besoin de rejoindre des zones tr\u00e8s fr\u00e9quent\u00e9es.<\/p>\n\n\n\n<p class=\"wp-block-paragraph\">La plage Real de Zaragoza b\u00e9n\u00e9ficie de la distinction Q de Qualit\u00e9 Touristique et propose une assistance \u00e0 la baignade en saison.<\/p>\n\n\n\n<p class=\"mkt-link wp-block-paragraph\">D\u00e9couvrez notre collection de <a href=\"https:\/\/www.panoramamarbella.com\/fr\/proprietes\/marbella\/marbella-est\/plage\">propri\u00e9t\u00e9s prime en bord de mer \u00e0 Marbella Est<\/a>.<\/p>\n\n\n\n<h3 class=\"wp-block-heading\">6. Plage d\u2019Artola-Cabopino<\/h3>\n\n\n\n<p class=\"wp-block-paragraph\"><em>La meilleure plage de Marbella pour la nature<\/em><\/p>\n\n\n\t<figure class=\"wp-caption aligncenter wp-block-acf-wpimage\">\n\t<picture><source width=\"900\" height=\"506\" srcset=\"https:\/\/media.panoramamarbella.com\/imgV1\/B95mbh8olwFQm~uCT2wPZMb8hll4wghQQQq6YWg0~c~U_DrmgY8pGP8pqaDzA6mvjyI_OPtcrHD_aKxAUQW6tHvTwx_lnx5bCQEGniGa94719sJTKeJf3JB~4OjQuYK5E8MdGNwsKCgTFK4VZe3pASyvkvWpAkqsvfsi3N7TG5oqGbjkxxKn_plylsJ3sqaO_hiCe1uhFhE0CQ--.webp 900w\" type=\"image\/webp\"><img decoding=\"async\" class=\"img-fluid\" loading=\"lazy\" width=\"900\" height=\"506\" alt=\"Vue a\u00e9rienne du littoral de Marbella avec des plages de sable, des eaux turquoise et les montagnes de Sierra Blanca \u00e0 l\u2019arri\u00e8re-plan.\" src=\"https:\/\/media.panoramamarbella.com\/imgV1\/B95mbh8olwFQm~uCT2wPZMb8hll4wghQQQq6YWg0~c~U_DrmgY8pGP8pqaDzA6mvjyI_OPtcrHD_aKxAUQW6tHvTwx_lnx5bCQEGniGa94719sJTKeJf3JB~4OjQuYK5E8MdGNwsKCgTFK4VZe3pASyvkvWpAlScmyeyplw6Wk8jczXpb8xb.jpg\"><\/picture>\t\t\t<figcaption class=\"wp-caption-text\">\n\t\tVue a\u00e9rienne de la plage de Cabopino \u00e0 Marbella Est, encadr\u00e9e par les dunes d\u2019Artola, Torre Ladrones et les montagnes au loin\t\t<\/figcaption>\n\t\t\t<\/figure>\n\t\n\n\n<p class=\"wp-block-paragraph\">\u00c0 l\u2019extr\u00e9mit\u00e9 la plus orientale de Marbella, Artola-Cabopino s\u2019ouvre sur davantage de dunes et de larges bancs de sable.<\/p>\n\n\n\n<p class=\"wp-block-paragraph\">Juste derri\u00e8re la plage se trouvent les Dunas de Artola, un monument naturel prot\u00e9g\u00e9 et l\u2019un des derniers grands syst\u00e8mes dunaires de ce type encore pr\u00e9serv\u00e9s dans la province de M\u00e1laga.<\/p>\n\n\n\n<p class=\"wp-block-paragraph\">Des passerelles en bois traversent les dunes en direction de la mer, tandis que la tour de guet Torre Ladrones et le port de plaisance de Cabopino offrent de nombreux points d\u2019int\u00e9r\u00eat \u00e0 d\u00e9couvrir au-del\u00e0 du sable.<\/p>\n\n\n\n<p class=\"wp-block-paragraph\">La plage b\u00e9n\u00e9ficie du Pavillon Bleu et propose \u00e9galement une assistance \u00e0 la baignade en saison, notamment des <a href=\"https:\/\/www.surinenglish.com\/malaga\/marbella-san-pedro\/the-beaches-marbella-have-nine-assisted-bathing-20260421102058-nt.html\" target=\"_blank\" rel=\"noreferrer noopener nofollow\">fauteuils amphibies<\/a> et des \u00e9quipements destin\u00e9s \u00e0 aider les personnes \u00e0 mobilit\u00e9 r\u00e9duite \u00e0 acc\u00e9der \u00e0 l\u2019eau.<\/p>\n\n\n\n<p class=\"wp-block-paragraph\">C\u2019est une derni\u00e8re \u00e9tape parfaitement adapt\u00e9e \u00e0 cet itin\u00e9raire vers l\u2019est, l\u00e0 o\u00f9 le littoral urbanis\u00e9 de Marbella laisse place aux dunes, aux zones bois\u00e9es et \u00e0 un cadre plus naturel.<\/p>\n\n\n\n<p class=\"mkt-link wp-block-paragraph\"><a href=\"https:\/\/www.panoramamarbella.com\/fr\/news\/investissement-resort-marbella-est\">Marbella Est conna\u00eet une nouvelle vague d\u2019investissements<\/a>, d\u00e9couvrez ses principaux projets.<\/p>\n\n\n<article class=\"col w-100 position-relative wp-block-acf-banner\">\n    <div class=\"d-flex flex-wrap flex-column flex-xl-row align-items-start align-items-xl-end gap-4 w-100 bg-secondary text-white p-4\">\n        <div class=\"d-flex flex-column\">\n\t\t\t            <a href=\"https:\/\/www.panoramamarbella.com\/fr\/bulletin-information-sur-immobilier\" class=\"stretched-link text-white text-decoration-none\" title=\"Vous aimez ce que vous venez de lire ?\">\n\t\t\t\t<h2 class=\"text-white mb-3\">Vous aimez ce que vous venez de lire ?<\/h2>            <\/a>\n\t\t\t            <p class=\"mb-0\">\n                Abonnez-vous \u00e0 notre newsletter pour recevoir des articles int\u00e9ressants, du contenu exclusif et les derni\u00e8res actualit\u00e9s.            <\/p>\n\t\t\t        <\/div>\n\t\t        <span class=\"btn btn-outline-light ms-xl-auto\">Panorama newsletter<\/span>\n\t\t    <\/div>\n<\/article>\n\n\n\n\n<h2 class=\"wp-block-heading\">O\u00f9 peut-on pratiquer des sports nautiques \u00e0 Marbella ?<\/h2>\n\n\n\t<figure class=\"wp-caption aligncenter wp-block-acf-wpimage\">\n\t<picture><source width=\"900\" height=\"353\" srcset=\"https:\/\/media.panoramamarbella.com\/imgV1\/B95mbh8olwFQm~uCT2wPZMb8hll4wghQQQq6YWg0~c~U_DrmgY8pGP8pqaDzA6mvjyI_OPtcrHD_aKxAUQW6tHoOheFPqMFmTHemu8Gdsb_jY86aHEuYX2N7_8zUd421esrazv~MBEYBwiLcajRH672swUSnz~KFpHBU3V9V1gVqOt69rh9bP3p83Mad3ctxv2IwogUoOg8YOA--.webp 900w\" type=\"image\/webp\"><img decoding=\"async\" class=\"img-fluid\" loading=\"lazy\" width=\"900\" height=\"353\" alt=\"Hors-bord et activit\u00e9 de parachute ascensionnel au-dessus de la mer M\u00e9diterran\u00e9e, avec le littoral de Marbella et les montagnes au loin.\" src=\"https:\/\/media.panoramamarbella.com\/imgV1\/B95mbh8olwFQm~uCT2wPZMb8hll4wghQQQq6YWg0~c~U_DrmgY8pGP8pqaDzA6mvjyI_OPtcrHD_aKxAUQW6tHoOheFPqMFmTHemu8Gdsb_jY86aHEuYX2N7_8zUd421esrazv~MBEYBwiLcajRH672swUSnz_zBOhON6mzsFNUK4xQknei4.jpg\"><\/picture>\t\t\t<figcaption class=\"wp-caption-text\">\n\t\tParachute ascensionnel depuis Puente Romano\t\t<\/figcaption>\n\t\t\t<\/figure>\n\t\n\n\n<p class=\"wp-block-paragraph\">Parfois, une journ\u00e9e \u00e0 la plage a besoin d\u2019un peu d\u2019adr\u00e9naline. Marbella propose de tout, du paddle et du kayak au jet-ski, au parachute ascensionnel, \u00e0 la voile et aux excursions en bateau.<\/p>\n\n\n\n<p class=\"wp-block-paragraph\">\u00c0 Puerto Ban\u00fas, <a href=\"https:\/\/www.watersportsbanus.com\/\" target=\"_blank\" rel=\"noreferrer noopener nofollow\">Water Sports Ban\u00fas<\/a> est une bonne option qui op\u00e8re directement depuis la plage. Dans le centre de Marbella, <a href=\"https:\/\/www.marbellasportsboat.com\/en\/\" target=\"_blank\" rel=\"noreferrer noopener nofollow\">Marbella Sport Boats<\/a> est accessible depuis le port de plaisance principal (Puerto Deportivo) et propose des jet-skis ainsi que la location de bateaux.<\/p>\n\n\n\n<p class=\"wp-block-paragraph\">De nombreux beach clubs et resorts en bord de mer de Marbella proposent \u00e9galement des sports nautiques pendant la haute saison, des p\u00e9dalos avec toboggans aquatiques et bou\u00e9es bananes aux jet-skis et kayaks.<\/p>\n\n\n\n<p class=\"wp-block-paragraph\">Des resorts comme <a href=\"https:\/\/www.puenteromano.com\/selected-experiences\/water-sports\/\" target=\"_blank\" rel=\"noreferrer noopener nofollow\">Puente Romano<\/a> proposent \u00e9galement de l\u2019e-foil, du parachute ascensionnel et du paddle, tandis que <a href=\"https:\/\/www.marbellaclub.com\/explore\/water-sports\" target=\"_blank\" rel=\"noreferrer noopener nofollow\">Marbella Club<\/a> dispose de sa propre station de sports nautiques avec des eFoils et des planches \u00e0 propulsion \u00e9lectrique.<\/p>\n\n\n\n<p class=\"wp-block-paragraph\">Pour passer une journ\u00e9e plus longue en mer, Puerto Ban\u00fas et le port de plaisance de Marbella constituent tous deux des points de d\u00e9part pratiques pour des sorties en voilier, des locations priv\u00e9es de yachts et des excursions le long du littoral.<\/p>\n\n\n\n<article class=\"banner-2x position-relative col w-100\">\n\t<div class=\"position-relative z-1 d-flex flex-wrap flex-column justify-content-center align-items-center gap-4 w-100 text-white p-6\">\n\t\t\t\t\t<a href=\"https:\/\/www.panoramamarbella.com\/fr\/news\/experiences-en-yacht-a-marbella\" class=\"stretched-link text-white text-decoration-none\" title=\"Location de yacht priv\u00e9 et voile \u00e0 Marbella.\">\n\t\t\t\t<h2 class=\"h1 text-white text-center mb-0\">Location de yacht priv\u00e9 et voile \u00e0 Marbella.<\/h2>\t\t\t<\/a>\n\t\t\t\t\t<p class=\"lead text-center mb-0\">\n\t\t\t\tLe littoral m\u00e9diterran\u00e9en de Marbella se d\u00e9couvre id\u00e9alement depuis la mer.\t\t\t<\/p>\n\t\t\t\t<span class=\"btn btn-lg px-4 btn-primary\">Lire le guide complet<\/span>\n\t<\/div>\n\t\t<figure class='position-absolute top-0 h-100 z-0'>\n\t\t<picture><source width=\"1296\" height=\"729\" srcset=\"https:\/\/media.panoramamarbella.com\/imgV1\/B95mbh8olwFQm~uCT2wPZMb8hll4wghQQQq6YWg0~c~U_DrmgY8pGP8pqaDzA6mvjyI_OPtcrHD_aKxDZZG1gL~N~FtCn75E8Placd2OWBXIRmMobCUTXZJ5iDiLBr4BJQZSZcqJopAlkjvmMGn~~6OZBCfzwslSGYboe28C4PH8oh4GELXEn4bZUaZklw--.webp 1296w\" type=\"image\/webp\"><img decoding=\"async\" class=\"w-100 h-100 object-fit-cover\" title=\"Location de yacht priv\u00e9 et voile \u00e0 Marbella.\" alt=\"Vue a\u00e9rienne d&#039;un yacht de luxe filant \u00e0 travers les eaux bleues profondes de la M\u00e9diterran\u00e9e, laissant une tra\u00een\u00e9e blanche dans son sillage.\" width=\"1296\" src=\"https:\/\/media.panoramamarbella.com\/imgV1\/B95mbh8olwFQm~uCT2wPZMb8hll4wghQQQq6YWg0~c~U_DrmgY8pGP8pqaDzA6mvjyI_OPtcrHD_aKxDZZG1gL~N~FtCn75E8Placd2OWBXIRmMobCUTXZJ5iDiLBr4BJQZSZcqJopAlkiVVI466Hl85P~LvvNdDbBWn.jpg\"><\/picture>\t<\/figure>\n\t<\/article>\n\n\n\n\n<h2 class=\"wp-block-heading\">Maisons en bord de mer \u00e0 vendre \u00e0 Marbella<\/h2>\n\n\n\t\t<section class=\"container wp-block-acf-inmpropselection\">\n\t\t\t\t\t\t<div class=\"row row-cols-1 row-cols-lg-3 gy-5 g-xxl-5\">\n\t\t\t\t\n<article class=\"col card-properties position-relative d-flex flex-column\">\n\t<div id=\"carouselCardProperties-1-0\" class=\"card-properties-images carousel slide carousel-fade lazy\" data-bs-ride=\"carousel\" data-bs-interval=\"200000\" data-id=\"721804\">\n\t\t<div class=\"carousel-inner\">\n\t\t\t<figure class=\"carousel-item mb-0 active ratio ratio-4x3\">\n\t\t\t\t<picture><source sizes=\"(max-width: 575px) calc(100vw - 24px), (max-width: 767px) 516px, (max-width: 991px) 696px, (max-width: 1199px) 296px, (max-width: 1399px) 356px, 400px\" width=\"696\" height=\"522\" srcset=\"https:\/\/media.panoramamarbella.com\/imgV1\/B95mbh8olwFQm~uCUaVOI2kQT0hb0a8sZ9turUNfnwtvuccYCzs0YVPfPbfkc2VnnN1JFDpkYaGfw1gJsS~5hO3BSyw8UUMY5dBraGXTBaxF6BxC9QGTZpblCCcS7Cq33W77y5OZkio0nnNpk0o8AFZuizj7Qtfvlof_fWeYwukesHFh6osnx2J334wDRQobRYhUP6Og4vv80zWi5TPG8TYK2BqBLIH4Mqb8~ewql~rpaf68Dy9rIzOEt8kXJqLuYczbYmbhdGo__3EbiQn1~nD2_tD7_2gJMDBlRUiPlNTH1sz0~jnPbBfiRuoMgKy2r8FC1NCdvpaIANoFC7~ebaMokTr1PnuINj9rU4DO42KVFqCvM3_xTVMwSVWvyVWea5R35ZPTeC5v5jEYpquzi_odzX~r_y433KyTcSny6ZXgHAHyPYtJE2GPRHUKrYDKdfE1ulv31wu5ID39cC~N.webp 696w,https:\/\/media.panoramamarbella.com\/imgV1\/B95mbh8olwFQm~uCUaVOI2kQT0hb0a8sZ9turUNfnwtvuccYCzs0YVPfPbfkc2VnnN1JFDpkYaGfw1gJsS~5hO3BSyw8UUMY5dBraGXTBaxF6BxC9QGTZpblCCcS7Cq33W77y5OZkio0nnNpk0o8AFZuizj7Qtfvlof_fWeYwFOfd6McyOhmuoDmf4lZLAHM3yjNB42_~o5w4r3TvSfJyOJB7vBTIHYwJ4Xm_w7BU6Nx2~hpj9xzZxKRWtHI6j~VgFQzMX7bynaguoO5bi2f4qJoEOU3EkODjqBs1BC9yoYB5EZke1xyVIhW~vbdCpVzmOomrAYbELaqXsyodvDuSQrDjJxBVCVmFMtjkCVRnzsCiDQ0RAZg5VlKzyuPh8OQ5LtjNZ4zWwTf7MpsSHj~ZWe7xcxKEErbKrzhpyoL5_YN3JcFuo2FcLg5OqhMj1qGoclgzYY~YFvmENYzg74E.webp 400w\" type=\"image\/webp\"><img decoding=\"async\" class=\"position-absolute w-100 h-100 object-fit-cover\" alt=\"Villa \u00e9l\u00e9gante en bord de mer \u00e0 Guadalmina Baja avec une intimit\u00e9 exceptionnelle et un design contemporain\" loading=\"lazy\" width=\"696\" height=\"522\" src=\"https:\/\/media.panoramamarbella.com\/imgV1\/B95mbh8olwFQm~uCUaVOI2kQT0hb0a8sZ9turUNfnwtvuccYCzs0YVPfPbfkc2VnnN1JFDpkYaGfw1gJsS~5hO3BSyw8UUMY5dBraGXTBaxF6BxC9QGTZpblCCcS7Cq33W77y5OZkio0nnNpk0o8AFZuizj7Qtfvlof_fWeYwukesHFh6osnx2J334wDWw8JVtE4NzI0Rnp2Nwrl9J9naEYjUeI4bVeI4dsGVxDf1j9bpuyI3CyP5gQfVgq8uAX21TWXdW6TyjQac_P1A_B9wketyY2cwVrzAJMb2E0lP9BrDYX8~F~CEvrygIfNIdfq4DN1QwpZXa0O8JmKE~pxPn5Se4pbAZ5j2KiJUhPeAkyFvw8pgkCveRp_Ae~XxYFabLkSPD3QLaDFkRZo8Ruo1DwWt0WVvO24EnuAzGmQrw8yNy5UxpdQA3tqEtA-.jpg\"><\/picture>\t\t\t<\/figure>\n\t\t\t\t\t\t<span class=\"card-properties-ref position-absolute z-2 bottom-0 end-0 bg-white text-primary py-1 px-3 me-3\">\n\t\t\t\tPANR-16538\t\t\t<\/span>\n\t\t\t<button class=\"card-properties-portfolio d-flex align-items-center justify-content-center position-absolute z-3 end-0 text-white bg-primary me-3 border-0 px-0\" data-pfl-id=\"721804\" data-pfl-filter=\"sale\" aria-label=\"Add to portfolio\">\n\t\t\t\t<svg width=\"18\" fill=\"currentColor\" viewBox=\"0 0 512 512\">\n\t\t\t\t\t<use href=\"https:\/\/www.panoramamarbella.com\/wp-content\/themes\/panoramamarbella\/dist\/src\/images\/icons.svg#svgHeart\"><\/use>\n\t\t\t\t<\/svg>\n\t\t\t\t<svg width=\"18\" fill=\"currentColor\" viewBox=\"0 0 512 512\">\n\t\t\t\t\t<use href=\"https:\/\/www.panoramamarbella.com\/wp-content\/themes\/panoramamarbella\/dist\/src\/images\/icons.svg#svgHeartIn\"><\/use>\n\t\t\t\t<\/svg>\n\t\t\t<\/button>\n\t\t<\/div>\n\t\t\t\t<button\n\t\t\tclass=\"carousel-control-prev\"\n\t\t\ttype=\"button\"\n\t\t\tdata-bs-target=\"#carouselCardProperties-1-0\"\n\t\t\tdata-bs-slide=\"prev\">\n\t\t\t<span class=\"carousel-control-prev-icon\" aria-hidden=\"true\"><\/span>\n\t\t\t<span class=\"visually-hidden\">Pr\u00e9c\u00e9dent<\/span>\n\t\t<\/button>\n\t\t<button\n\t\t\tclass=\"carousel-control-next\"\n\t\t\ttype=\"button\"\n\t\t\tdata-bs-target=\"#carouselCardProperties-1-0\"\n\t\t\tdata-bs-slide=\"next\">\n\t\t\t<span class=\"carousel-control-next-icon\" aria-hidden=\"true\"><\/span>\n\t\t\t<span class=\"visually-hidden\">Suivant<\/span>\n\t\t<\/button>\n\t\t\t<\/div>\n\t<div class=\"d-flex flex-column h-100 px-3 py-4 shadow\">\n\t\t\t\t<a class=\"h5 mt-0 stretched-link text-decoration-none\" href=\"\/fr\/proprietes\/san-pedro-de-alcantara\/guadalmina-baja\/villas-maisons-isolee\/PANR-16538\" style=\"margin-top: 0!important;margin-bottom: 1rem!important; font-size: 1.25rem!important;\">\n\t\t\tGuadalmina Baja, San Pedro de Alcantara\t\t<\/a>\n\t\t\t\t\t\t<span class=\"card-properties-price mt-auto\" style=\"font-size: 1rem;\">\n\t\t\t\n\t\t\t<span class=\"card-properties-price mt-auto\" data-original-price=\"8750000\">8\u202f750\u202f000\u00a0\u20ac<\/span>\n\t\t\t\t<\/span>\n\t\t\t<\/div>\n<\/article>\n\n\n<article class=\"col card-properties position-relative d-flex flex-column\">\n\t<div id=\"carouselCardProperties-1-1\" class=\"card-properties-images carousel slide carousel-fade lazy\" data-bs-ride=\"carousel\" data-bs-interval=\"200000\" data-id=\"704174\">\n\t\t<div class=\"carousel-inner\">\n\t\t\t<figure class=\"carousel-item mb-0 active ratio ratio-4x3\">\n\t\t\t\t<picture><source sizes=\"(max-width: 575px) calc(100vw - 24px), (max-width: 767px) 516px, (max-width: 991px) 696px, (max-width: 1199px) 296px, (max-width: 1399px) 356px, 400px\" width=\"696\" height=\"522\" srcset=\"https:\/\/media.panoramamarbella.com\/imgV1\/B95mbh8olwFQm~uCUaVOI2kQT0hb0a8sZ9turUNfnwtvuccYCzs0YVPfPbfkc2VnnN1JFDpkYaGfw1gJsS~5hOzeCYN1CJowUyBmENRFJHocC~UIRIGZdhiuoaeLWEXvXh~CKp3KycygRDXox6Ke_CBonRSdL3LNKPtmVYEsyz8VcCVMBvsyg4sklyICAmyM_~rbxjdonAChH3DL2RsoA47aoCLUe1ynHAhsRWu1lYp8PxvCmPIfSM1~dZq6kBldojD6KyLbCDKZzPAdZKNTy~YmdAIZyIau~APQG4xHflZYYpQpiMonTYlNYewGl0W4IJEnSqjj5EsbJJR3dq75ZMXP8Vhq8enVmOZOGxPC4hp1SqXefk69aChkXRvfMGiweaM7gc1LncHM1e1wX_uVrbhgGYoNTjPLxGZSJJ92TeUNoEd6h1M4GoD~iZKXgcJZsPg_mxizfHSZK40mWHQ_.webp 696w,https:\/\/media.panoramamarbella.com\/imgV1\/B95mbh8olwFQm~uCUaVOI2kQT0hb0a8sZ9turUNfnwtvuccYCzs0YVPfPbfkc2VnnN1JFDpkYaGfw1gJsS~5hOzeCYN1CJowUyBmENRFJHocC~UIRIGZdhiuoaeLWEXvXh~CKp3KycygRDXox6Ke_CBonRSdL3LNKPtmVYEsyeTgEC_zPBiEpY~YsjNNcBrMCRjPZOBGqsiv9I26z9vx2y0F5oLSdxlQb_nO1JoYOxBYrE85_3mmZJjSsOVaeMPMZEaMvmlfN7LvB53708Ts2ic_GjxD~yIG0ti64sqUF6igsJb~YHGwlZ24Rh_MkzhZKQBb9haTTeoe1f~4s8KZ4rk2x5RP_YJLIiF6ixUu71lyruheNFkyS5JVcGIGuOdihBt__ALrZ0JMXReOUCGEvrXmGqyLqgqOecW4JAlgR6~MxmRUwhvPCetZo0NRaTS6dKe6M1v3FhP81eCVd81I.webp 400w\" type=\"image\/webp\"><img decoding=\"async\" class=\"position-absolute w-100 h-100 object-fit-cover\" alt=\"Villa spacieuse avec un potentiel de r\u00e9novation exceptionnel \u00e0 Cancelada Beach\" loading=\"lazy\" width=\"696\" height=\"522\" src=\"https:\/\/media.panoramamarbella.com\/imgV1\/B95mbh8olwFQm~uCUaVOI2kQT0hb0a8sZ9turUNfnwtvuccYCzs0YVPfPbfkc2VnnN1JFDpkYaGfw1gJsS~5hOzeCYN1CJowUyBmENRFJHocC~UIRIGZdhiuoaeLWEXvXh~CKp3KycygRDXox6Ke_CBonRSdL3LNKPtmVYEsyz8VcCVMBvsyg4sklyICHErd0rJu04rdmQhk3VkRk_P1lNON29gcwglWDfEKsQK8g8aChvSOMtrsP~7CV5I~xdJNDeyHwxwBq43TOJNP~ZcQxum_ayi7Y4IW8Hg~dkYSOBZnJ8F0DE9~zQ6ntYT7E0s2AYy5_R9bUfCgsc_6KzIX1ZrbG6eUeEy~TNMDxS4w8EPDFvCHoGQgjvIuVYdlV2ej1uRRwsr2sYLF~JTlJ2egPpHzDg6uUZUgc6HuNWhkriB9P2U2z_BEjYoDXRQ-.jpg\"><\/picture>\t\t\t<\/figure>\n\t\t\t\t\t\t<span class=\"card-properties-ref position-absolute z-2 bottom-0 end-0 bg-white text-primary py-1 px-3 me-3\">\n\t\t\t\tPANR-16404\t\t\t<\/span>\n\t\t\t<button class=\"card-properties-portfolio d-flex align-items-center justify-content-center position-absolute z-3 end-0 text-white bg-primary me-3 border-0 px-0\" data-pfl-id=\"704174\" data-pfl-filter=\"sale\" aria-label=\"Add to portfolio\">\n\t\t\t\t<svg width=\"18\" fill=\"currentColor\" viewBox=\"0 0 512 512\">\n\t\t\t\t\t<use href=\"https:\/\/www.panoramamarbella.com\/wp-content\/themes\/panoramamarbella\/dist\/src\/images\/icons.svg#svgHeart\"><\/use>\n\t\t\t\t<\/svg>\n\t\t\t\t<svg width=\"18\" fill=\"currentColor\" viewBox=\"0 0 512 512\">\n\t\t\t\t\t<use href=\"https:\/\/www.panoramamarbella.com\/wp-content\/themes\/panoramamarbella\/dist\/src\/images\/icons.svg#svgHeartIn\"><\/use>\n\t\t\t\t<\/svg>\n\t\t\t<\/button>\n\t\t<\/div>\n\t\t\t\t<button\n\t\t\tclass=\"carousel-control-prev\"\n\t\t\ttype=\"button\"\n\t\t\tdata-bs-target=\"#carouselCardProperties-1-1\"\n\t\t\tdata-bs-slide=\"prev\">\n\t\t\t<span class=\"carousel-control-prev-icon\" aria-hidden=\"true\"><\/span>\n\t\t\t<span class=\"visually-hidden\">Pr\u00e9c\u00e9dent<\/span>\n\t\t<\/button>\n\t\t<button\n\t\t\tclass=\"carousel-control-next\"\n\t\t\ttype=\"button\"\n\t\t\tdata-bs-target=\"#carouselCardProperties-1-1\"\n\t\t\tdata-bs-slide=\"next\">\n\t\t\t<span class=\"carousel-control-next-icon\" aria-hidden=\"true\"><\/span>\n\t\t\t<span class=\"visually-hidden\">Suivant<\/span>\n\t\t<\/button>\n\t\t\t<\/div>\n\t<div class=\"d-flex flex-column h-100 px-3 py-4 shadow\">\n\t\t\t\t<a class=\"h5 mt-0 stretched-link text-decoration-none\" href=\"\/fr\/proprietes\/estepona\/estepona-est\/cancelada\/villas-maisons-isolee\/PANR-16404\" style=\"margin-top: 0!important;margin-bottom: 1rem!important; font-size: 1.25rem!important;\">\n\t\t\tCancelada, Estepona Est\t\t<\/a>\n\t\t\t\t\t\t<span class=\"card-properties-price mt-auto\" style=\"font-size: 1rem;\">\n\t\t\t\n\t\t\t<span class=\"card-properties-price mt-auto\" data-original-price=\"2400000\">2\u202f400\u202f000\u00a0\u20ac<\/span>\n\t\t\t\t<\/span>\n\t\t\t<\/div>\n<\/article>\n\n\n<article class=\"col card-properties position-relative d-flex flex-column\">\n\t<div id=\"carouselCardProperties-1-2\" class=\"card-properties-images carousel slide carousel-fade lazy\" data-bs-ride=\"carousel\" data-bs-interval=\"200000\" data-id=\"702531\">\n\t\t<div class=\"carousel-inner\">\n\t\t\t<figure class=\"carousel-item mb-0 active ratio ratio-4x3\">\n\t\t\t\t<picture><source sizes=\"(max-width: 575px) calc(100vw - 24px), (max-width: 767px) 516px, (max-width: 991px) 696px, (max-width: 1199px) 296px, (max-width: 1399px) 356px, 400px\" width=\"696\" height=\"522\" srcset=\"https:\/\/media.panoramamarbella.com\/imgV1\/B95mbh8olwFQm~uCUaVOI2kQT0hb0a8sZ9turUNfnwtvuccYCzs0YVPfPbfkc2VnnN1JFDpkYaGfw1gJsS~5hOuwZT3X1w9E08wOjg8eXpXhsqC6dI2SiEN9R7rvtzZF1AiYOHHV4xmV5OGjj97oGkwvoICHOebZnLF0ysLnDedNoK2Qiu7VAKx6S0oENOUJKoT1~uOxYwe4sJGKDgCUq48EZ~eYcLgRop8Q9wN4Wi0xHMg4t7lNfuswJ4UPHFTQvnb0VkoxiypCyBy85sReOMSmjMGz0Dfzmz4Y_DKyLoOy9~vzMkD1EqLxQ2RSbKQfw2zOZ_OXK8zTBl61siOR2HMa8rUDPEM7Ud3ZIIRus5F7L3SpFj9lxJJ0~48vaEYUBKxJpXo0DlfWhMFQDLHT7J_hrGaVsmMuzx1t8jZay7gBzWAxFCxjU2zTmYWb29PF1pJ08fDOX2WIV33518vk.webp 696w,https:\/\/media.panoramamarbella.com\/imgV1\/B95mbh8olwFQm~uCUaVOI2kQT0hb0a8sZ9turUNfnwtvuccYCzs0YVPfPbfkc2VnnN1JFDpkYaGfw1gJsS~5hOuwZT3X1w9E08wOjg8eXpXhsqC6dI2SiEN9R7rvtzZF1AiYOHHV4xmV5OGjj97oGkwvoICHOebZnLF0ysLnD1fegWO7YYp7rmDasxZyYGZpvsyrp8r9ykJ~SuP6iB8Scaszy6eViks0nsRO77G_jtRSDTYMi69352FpEgmbDjcQg1RaQ8si_uxP~ztzq6XmG7oQBgMvlodX8xtqRYIq2V7vWA9nQ0edIIFROZw7MTNFaq6FgUhHC9ffdDXVOwXpWxWMQ59J0TsAsysErBiOGjf8qdn1MdGpp5r1UEVxiXxXR2FtwC3l1Tl357HJWYpyyUfWCBjYmpMcxqXz6W1XMQJytyuGFG7lxDsrspRHilpv9uS35TCdaHpmdGN8jXZF.webp 400w\" type=\"image\/webp\"><img decoding=\"async\" class=\"position-absolute w-100 h-100 object-fit-cover\" alt=\"Programme en bord de mer de 3 villas modernes dans le prestigieux quartier r\u00e9sidentiel de Cortijo Blanco\" loading=\"lazy\" width=\"696\" height=\"522\" src=\"https:\/\/media.panoramamarbella.com\/imgV1\/B95mbh8olwFQm~uCUaVOI2kQT0hb0a8sZ9turUNfnwtvuccYCzs0YVPfPbfkc2VnnN1JFDpkYaGfw1gJsS~5hOuwZT3X1w9E08wOjg8eXpXhsqC6dI2SiEN9R7rvtzZF1AiYOHHV4xmV5OGjj97oGkwvoICHOebZnLF0ysLnDedNoK2Qiu7VAKx6S0oEKuLlsu4VPoX9wzlwb6TTsSuuc30MquATO4tSPkaZenErkkiBBtupYbxhS_GEqDmXOa_4uvAPhm26lEMKAFd4pol~wRkCnvcUy8PVr2~_hbADCUBYuhYtOfmaXcC4OotXzzRRqXn_gC8uGwzjwX4pcU0M_6FVAMiOCNYQQLrtPJQC~vbHDcE1j7Q25LbikBppRrd~RgguVuHIJZ~E_YYbwPP6JtlQtbWteJ_38d6CyZBtnKsHDAqE2AaNFPM4FHs-.jpg\"><\/picture>\t\t\t<\/figure>\n\t\t\t\t\t\t<span class=\"card-properties-ref position-absolute z-2 bottom-0 end-0 bg-white text-primary py-1 px-3 me-3\">\n\t\t\t\tPANR-16391\t\t\t<\/span>\n\t\t\t<button class=\"card-properties-portfolio d-flex align-items-center justify-content-center position-absolute z-3 end-0 text-white bg-primary me-3 border-0 px-0\" data-pfl-id=\"702531\" data-pfl-filter=\"sale\" aria-label=\"Add to portfolio\">\n\t\t\t\t<svg width=\"18\" fill=\"currentColor\" viewBox=\"0 0 512 512\">\n\t\t\t\t\t<use href=\"https:\/\/www.panoramamarbella.com\/wp-content\/themes\/panoramamarbella\/dist\/src\/images\/icons.svg#svgHeart\"><\/use>\n\t\t\t\t<\/svg>\n\t\t\t\t<svg width=\"18\" fill=\"currentColor\" viewBox=\"0 0 512 512\">\n\t\t\t\t\t<use href=\"https:\/\/www.panoramamarbella.com\/wp-content\/themes\/panoramamarbella\/dist\/src\/images\/icons.svg#svgHeartIn\"><\/use>\n\t\t\t\t<\/svg>\n\t\t\t<\/button>\n\t\t<\/div>\n\t\t\t\t<button\n\t\t\tclass=\"carousel-control-prev\"\n\t\t\ttype=\"button\"\n\t\t\tdata-bs-target=\"#carouselCardProperties-1-2\"\n\t\t\tdata-bs-slide=\"prev\">\n\t\t\t<span class=\"carousel-control-prev-icon\" aria-hidden=\"true\"><\/span>\n\t\t\t<span class=\"visually-hidden\">Pr\u00e9c\u00e9dent<\/span>\n\t\t<\/button>\n\t\t<button\n\t\t\tclass=\"carousel-control-next\"\n\t\t\ttype=\"button\"\n\t\t\tdata-bs-target=\"#carouselCardProperties-1-2\"\n\t\t\tdata-bs-slide=\"next\">\n\t\t\t<span class=\"carousel-control-next-icon\" aria-hidden=\"true\"><\/span>\n\t\t\t<span class=\"visually-hidden\">Suivant<\/span>\n\t\t<\/button>\n\t\t\t<\/div>\n\t<div class=\"d-flex flex-column h-100 px-3 py-4 shadow\">\n\t\t\t\t<a class=\"h5 mt-0 stretched-link text-decoration-none\" href=\"\/fr\/proprietes\/san-pedro-de-alcantara\/cortijo-blanco\/villas-maisons-isolee\/PANR-16391\" style=\"margin-top: 0!important;margin-bottom: 1rem!important; font-size: 1.25rem!important;\">\n\t\t\tCortijo Blanco, San Pedro de Alcantara\t\t<\/a>\n\t\t\t\t\t\t<span class=\"card-properties-price mt-auto\" style=\"font-size: 1rem;\">\n\t\t\t\n\t\t\t<span class=\"card-properties-price mt-auto\" data-original-price=\"4290000\">4\u202f290\u202f000\u00a0\u20ac<\/span>\n\t\t\t\t<\/span>\n\t\t\t<\/div>\n<\/article>\n\t\t\t<\/div>\n\t\t\t<ul class=\"mw-100 d-flex flex-column flex-lg-row flex-lg-wrap justify-content-center gap-3 list-unstyled mt-5 mb-0\">\n    <li><a class=\"btn btn-primary w-100 px-4 py-2\" href=\"https:\/\/www.panoramamarbella.com\/fr\/proprietes\/villas-maisons-isolee\/plage\">Lee la gu\u00eda completa<\/a><\/li><\/ul>\n\t\t<\/section>\n\t\t\n\n\n<h2 class=\"wp-block-heading\">FAQ sur les meilleures plages de Marbella<\/h2>\n\n\n\t<div class=\"position-relative\">\n\t\t\t\t\t<h3>Quelle est la meilleure plage de Marbella pour les familles ?<\/h3>\n\t\t\t<p>Cabopino, Puerto Ban\u00fas et Nag\u00fceles sont toutes d\u2019excellentes options, offrant un m\u00e9lange d\u2019eaux calmes, de plages de sable, de services \u00e0 proximit\u00e9 et d\u2019un acc\u00e8s facile aux restaurants et promenades.<\/p>\n\t\t\t\t\t<h3>Existe-t-il des plages acceptant les chiens \u00e0 Marbella ?<\/h3>\n\t\t\t<p>Oui. Pendant la haute saison, les chiens sont autoris\u00e9s dans les zones d\u00e9sign\u00e9es d\u2019El Pinillo et Ventura del Mar. En dehors de la saison estivale de baignade, les chiens sont g\u00e9n\u00e9ralement \u00e9galement autoris\u00e9s sur les autres plages de Marbella.<\/p>\n\t\t\t\t\t<h3>O\u00f9 est-il le plus facile de se garer pour aller \u00e0 la plage \u00e0 Marbella ?<\/h3>\n\t\t\t<p>Le stationnement est g\u00e9n\u00e9ralement plus facile \u00e0 Marbella Est, avec des parkings publics disponibles \u00e0 Real de Zaragoza et Cabopino. Le centre de Marbella et Puerto Ban\u00fas disposent de davantage d\u2019options de stationnement public et priv\u00e9 payant.<\/p>\n\t\t\t\t\t<h3>Quelle plage de Marbella a les eaux les plus calmes ?<\/h3>\n\t\t\t<p>La plage de Puerto Ban\u00fas est l\u2019une des plus calmes gr\u00e2ce \u00e0 sa baie abrit\u00e9e.<\/p>\n\t\t\t\t\t<h3>Quelle est la meilleure plage pr\u00e8s de la vieille ville de Marbella ?<\/h3>\n\t\t\t<p>La plage de Venus est l\u2019une des plus proches, directement en contrebas de l\u2019Avenida del Mar.<\/p>\n\t\t\t\t\t<h3>O\u00f9 se trouvent les meilleures plages de Marbella Est ?<\/h3>\n\t\t\t<p>Los Monteros, La Adelfa, Real de Zaragoza et Cabopino comptent parmi les meilleures plages de Marbella Est.<\/p>\n\t\t\t\t\t<h3>Quelle plage de Marbella est la meilleure pour les restaurants ?<\/h3>\n\t\t\t<p>Real de Zaragoza est particuli\u00e8rement adapt\u00e9e aux repas en bord de mer, tandis que Nag\u00fceles b\u00e9n\u00e9ficie d\u2019excellents restaurants du Golden Mile \u00e0 proximit\u00e9, comme Chiringuito at Puente Romano.<\/p>\n\t\t\t\t\t<h3>Peut-on marcher de Puerto Ban\u00fas \u00e0 Marbella en longeant la c\u00f4te ?<\/h3>\n\t\t\t<p>Oui. Le Paseo Mar\u00edtimo relie Puerto Ban\u00fas au Golden Mile et au centre de Marbella.<\/p>\n\t\t\t\t\t<h3>Quelles plages de Marbella ont le Pavillon Bleu ?<\/h3>\n\t\t\t<p>Cabopino, El Cable, El Faro, La Fontanilla, Nag\u00fceles-Casablanca, Los Monteros-Las Adelfas, San Pedro Alc\u00e1ntara-Guadalmina et Venus-Bajadilla.<\/p>\n\t\t\t<\/div>\n\n","protected":false},"excerpt":{"rendered":"<p>Des dunes prot\u00e9g\u00e9es aux longues plages de sable, en passant par les plages centrales et les restaurants en bord de mer, voici quelques-unes des meilleures plages de Marbella.<\/p>\n","protected":false},"author":7,"featured_media":54159,"comment_status":"closed","ping_status":"closed","sticky":false,"template":"","format":"standard","meta":{"_acf_changed":false,"footnotes":""},"categories":[41],"tags":[],"class_list":["post-54241","post","type-post","status-publish","format-standard","has-post-thumbnail","hentry","category-style-de-vie-a-marbella"],"acf":[],"_links":{"self":[{"href":"https:\/\/www.panoramamarbella.com\/fr\/wp-json\/wp\/v2\/posts\/54241","targetHints":{"allow":["GET"]}}],"collection":[{"href":"https:\/\/www.panoramamarbella.com\/fr\/wp-json\/wp\/v2\/posts"}],"about":[{"href":"https:\/\/www.panoramamarbella.com\/fr\/wp-json\/wp\/v2\/types\/post"}],"author":[{"embeddable":true,"href":"https:\/\/www.panoramamarbella.com\/fr\/wp-json\/wp\/v2\/users\/7"}],"replies":[{"embeddable":true,"href":"https:\/\/www.panoramamarbella.com\/fr\/wp-json\/wp\/v2\/comments?post=54241"}],"version-history":[{"count":12,"href":"https:\/\/www.panoramamarbella.com\/fr\/wp-json\/wp\/v2\/posts\/54241\/revisions"}],"predecessor-version":[{"id":54257,"href":"https:\/\/www.panoramamarbella.com\/fr\/wp-json\/wp\/v2\/posts\/54241\/revisions\/54257"}],"wp:featuredmedia":[{"embeddable":true,"href":"https:\/\/www.panoramamarbella.com\/fr\/wp-json\/wp\/v2\/media\/54159"}],"wp:attachment":[{"href":"https:\/\/www.panoramamarbella.com\/fr\/wp-json\/wp\/v2\/media?parent=54241"}],"wp:term":[{"taxonomy":"category","embeddable":true,"href":"https:\/\/www.panoramamarbella.com\/fr\/wp-json\/wp\/v2\/categories?post=54241"},{"taxonomy":"post_tag","embeddable":true,"href":"https:\/\/www.panoramamarbella.com\/fr\/wp-json\/wp\/v2\/tags?post=54241"}],"curies":[{"name":"wp","href":"https:\/\/api.w.org\/{rel}","templated":true}]}}