{"id":7715,"date":"2024-10-08T17:00:00","date_gmt":"2024-10-08T15:00:00","guid":{"rendered":"https:\/\/www.panoramamarbella.com\/?p=7715"},"modified":"2024-10-11T17:37:46","modified_gmt":"2024-10-11T15:37:46","slug":"maison-de-vos-reves-a-benahavis","status":"publish","type":"post","link":"https:\/\/www.panoramamarbella.com\/fr\/news\/maison-de-vos-reves-a-benahavis","title":{"rendered":"La maison de vos r\u00eaves \u00e0 Benahav\u00eds"},"content":{"rendered":"\n\n<h2 class=\"wp-block-heading\">Vivre en toute tranquillit\u00e9<\/h2>\n\n\n<div class=\"lead\"><p>L\u2019un des principaux avantages de vivre dans la r\u00e9gion de Marbella est que vous \u00eates toujours \u00e0 10-15 minutes \u00e0 peine de la tranquillit\u00e9 absolue. Depuis les impressionnantes collines de Benahav\u00eds, avec leurs fascinantes cascades, rivi\u00e8res et sentiers naturels, jusqu\u2019au paradis exclusif du Marbella Club Golf Resort et ses d\u00e9pendances, il est \u00e9vident que la nature joue un r\u00f4le fondamental dans notre qualit\u00e9 de vie. En r\u00e9alit\u00e9, un style de vie ne peut pas \u00eatre consid\u00e9r\u00e9 comme \u2018luxueux\u2019 sans l\u2019abondance de ce milieu naturel.<\/p>\n<\/div>\n\n\n<ul class=\"table-index list-unstyled p-4 p-lg-5 ms-0 bg-light\"><li class=\"text-uppercase fw-bold mb-3\">Table des mati\u00e8res<\/li><li><a href=\"#vivre+en+toute+tranquillite\">\nVivre en toute tranquillit\u00e9\n<\/a><\/li>\n<li><a href=\"#ideale+pour+ceux+qui+recherchent+la+deconnexion+tout+en+restant+a+proximite\">\nId\u00e9ale pour ceux qui recherchent la d\u00e9connexion, tout en restant \u00e0 proximit\u00e9\n<\/a><\/li>\n<li><a href=\"#un+style+de+vie+de+luxe+entoure+de+nature\">\nUn style de vie de luxe entour\u00e9 de nature\n<\/a><\/li>\n<li><a href=\"#plus+quun+logement++un+joyau+andalou\">\nPlus qu\u2019un logement : un joyau andalou\n<\/a><\/li><\/ul>\n\n\n\n<h2 class=\"wp-block-heading\">Id\u00e9ale pour ceux qui recherchent la d\u00e9connexion, tout en restant \u00e0 proximit\u00e9<\/h2>\n\n\n\n<p>Benahav\u00eds est situ\u00e9e \u00e0 une courte distance en voiture de la ville p\u00e9tillante de Marbella, et offre la combinaison parfaite entre prestige et s\u00e9r\u00e9nit\u00e9. Bien que le paysage soit connu pour sa v\u00e9g\u00e9tation exub\u00e9rante, ses gorges profondes et ses piscines d\u2019eau fra\u00eeche, elle est \u00e9galement consid\u00e9r\u00e9e comme le coin gastronomique de l\u2019Andalousie, car elle abrite la majeure concentration de restaurants de haute qualit\u00e9 de la r\u00e9gion.<\/p>\n\n\n\t<figure class=\"wp-caption aligncenter wp-block-acf-wpimage\">\n\t<picture><source width=\"900\" height=\"600\" srcset=\"https:\/\/media.panoramamarbella.com\/imgV1\/B95mbh8olwFQm~uCT2wPZMb8hll4wghQQQq6YWg0~c~U_DrmgY8pGP8pqaDzA6mvjyI_OPtcrHD_aKxCvYPkzEX9RzJmjAg_tnXLlqBllJKYRZvmPyhLCj9020YP2LfZxZTq9kwkmkrAhY5rwt~veVIt7p~kxTtoTWQXDK51AIAmh23xziIKxwhxjT0VZq_B.webp 900w\" type=\"image\/webp\"><img decoding=\"async\" class=\"img-fluid\" loading=\"lazy\" width=\"900\" height=\"600\" alt=\"Rond-point \u00e0 l&#039;entr\u00e9e de Benahav\u00eds\" src=\"https:\/\/media.panoramamarbella.com\/imgV1\/B95mbh8olwFQm~uCT2wPZMb8hll4wghQQQq6YWg0~c~U_DrmgY8pGP8pqaDzA6mvjyI_OPtcrHD_aKxCvYPkzEX9RzJmjAg_tnXLlqBllJKYRZvmPyhLCj9020YP2LfZxZTq9kwkmkrAhY5r3OcwAnKdxGm2n8HzHdFqAY4-.jpg\"><\/picture>\t\t\t<figcaption class=\"wp-caption-text\">\n\t\tRond-point \u00e0 l&rsquo;entr\u00e9e de Benahav\u00eds\t\t<\/figcaption>\n\t\t\t<\/figure>\n\t\n\n\n<p>Benahav\u00eds est l\u2019une des municipalit\u00e9s de la Costa del Sol qui a su conserver ses traditions locales et sa culture, tout en demeurant l\u2019une des plus riches d\u2019Espagne. Cela est d\u00fb notamment aux complexes r\u00e9sidentiels iconiques et luxueux et aux promotions immobili\u00e8res telles qu\u2019El Madro\u00f1al, La Zagaleta et Monte Mayor, qui sont dispers\u00e9es dans la r\u00e9gion.<\/p>\n\n\n\n<p>Au c\u0153ur de la communaut\u00e9 se trouve le charmant village de Benahav\u00eds, avec son attrait de carte postale r\u00e9tro. Ses rues sont remplies de restaurants inond\u00e9s par le soleil, avec leurs tables aux \u00e9l\u00e9gantes nappes blanches, qui invitent les convives \u00e0 profiter de l\u2019ambiance magique des nuits andalouses.<\/p>\n\n\n\n<h2 class=\"wp-block-heading\">Un style de vie de luxe entour\u00e9 de nature<\/h2>\n\n\n\n<p>L\u2019attrait de vivre \u00e0 Marbella et Benahav\u00eds va bien au-del\u00e0 des logements et propri\u00e9t\u00e9s luxueuses et de toutes les facilit\u00e9s modernes de haut niveau. Elles repr\u00e9sentent l\u2019int\u00e9gration parfaite de la nature dans la vie de tous les jours. Des zones comme Monte Mayor, avec ses villas spectaculaires, vous permettent de vous r\u00e9veiller avec le chant des oiseaux, et profiter de vues panoramiques sur les montagnes et la mer \u00e0 l\u2019horizon, avec des rivi\u00e8res comme le Guadalmansa longeant votre domaine. La majorit\u00e9 de ces complexes r\u00e9sidentiels ont \u00e9t\u00e9 con\u00e7us pour compl\u00e9menter votre environnement naturel, offrant non seulement de l\u2019intimit\u00e9, mais aussi une v\u00e9ritable sensation de refuge.<\/p>\n\n\n\n<h3 class=\"wp-block-heading\">La nature et les loisirs \u00e0 votre porte.<\/h3>\n\n\n\n<p>Les amateurs de golf trouveront ici une symbiose parfaite entre la nature et les loisirs. Marbella Club Golf Resort, La Zagaleta et Los Arqueros ne sont que quelques exemples des prestigieux terrains qui se trouvent dans ces vertes vall\u00e9es, o\u00f9 jouer au golf est une exp\u00e9rience immersive dans la nature, beaucoup plus qu\u2019une journ\u00e9e conventionnelle \u00e0 la campagne.<\/p>\n\n\n\t<figure class=\"wp-caption aligncenter wp-block-acf-wpimage\">\n\t<picture><source width=\"900\" height=\"600\" srcset=\"https:\/\/media.panoramamarbella.com\/imgV1\/B95mbh8olwFQm~uCT2wPZMb8hll4wghQQQq6YWg0~c~U_DrmgY8pGP8pqaDzA6mvjyI_OPtcrHD_aKxCvYPkzEDQuJ9nwW4GMppSMnbxxEdgaJtOBw5JQcZfFoAfwPre4VD9V7xxUA4tf6uZIxcKccHu0gDdgCLpUpDb_TMHDU9gxab1DeFIakUgJYhvYGL8~IRa.webp 900w\" type=\"image\/webp\"><img decoding=\"async\" class=\"img-fluid\" loading=\"lazy\" width=\"900\" height=\"600\" alt=\"Marbella Club Resort. Terrains de golf \u00e0 proximit\u00e9 de cette zone\" src=\"https:\/\/media.panoramamarbella.com\/imgV1\/B95mbh8olwFQm~uCT2wPZMb8hll4wghQQQq6YWg0~c~U_DrmgY8pGP8pqaDzA6mvjyI_OPtcrHD_aKxCvYPkzEDQuJ9nwW4GMppSMnbxxEdgaJtOBw5JQcZfFoAfwPre4VD9V7xxUA4tf6uZIxcKbx7d4Edk~tRjEFB4sNKQ9g0-.jpg\"><\/picture>\t\t\t<figcaption class=\"wp-caption-text\">\n\t\tMarbella Club Resort\t\t<\/figcaption>\n\t\t\t<\/figure>\n\t\n\n\n<h3 class=\"wp-block-heading\">Plus qu&rsquo;une maison : un investissement dans un style de vie.<\/h3>\n\n\n\n<p>L\u2019achat d\u2019un logement \u00e0 Benahav\u00eds est beaucoup plus qu\u2019une simple acquisition immobili\u00e8re ; c\u2019est la porte d\u2019entr\u00e9e \u00e0 un style de vie o\u00f9 le luxe et la nature se combinent de mani\u00e8re harmonieuse. C\u00e9l\u00e8bre pour son exclusivit\u00e9, Benahav\u00eds abrite quelques-unes des propri\u00e9t\u00e9s et domaines les plus majestueux, reflet d\u2019un mode de vie de haut niveau. Elle est donc la destination id\u00e9ale pour ceux qui recherchent un maximum de raffinement dans leur foyer.<\/p>\n\n\n\n<p>Bien qu\u2019il existe de nombreuses options pour trouver votre maison de r\u00eave dans le paradis de Benahav\u00eds, aucune n\u2019est comparable \u00e0 ce <strong>chef d\u2019\u0153uvre andalou<\/strong>.<\/p>\n\n\n\t<figure class=\"wp-caption aligncenter wp-block-acf-wpimage\">\n\t<picture><source width=\"900\" height=\"558\" srcset=\"https:\/\/media.panoramamarbella.com\/imgV1\/B95mbh8olwFQm~uCT2wPZMb8hll4wghQQQq6YWg0~c~U_DrmgY8pGP8pqaDzA6mvjyI_OPtcrHD_aKxCvYPkzEK2Eay~13ZXDpnkSIiZaW~kCFil_fqUsWSNwu_ZOo9cAr4aWxLCkOeh73QC~U1EG1c1Zh0vFoQMb6F9VVpxBdW3FVDnSBCgAHBuxgKsINCUfCBx.webp 900w\" type=\"image\/webp\"><img decoding=\"async\" class=\"img-fluid\" loading=\"lazy\" width=\"900\" height=\"558\" alt=\"Activit\u00e9s \u00e9questres pr\u00e8s de Benahav\u00eds\" src=\"https:\/\/media.panoramamarbella.com\/imgV1\/B95mbh8olwFQm~uCT2wPZMb8hll4wghQQQq6YWg0~c~U_DrmgY8pGP8pqaDzA6mvjyI_OPtcrHD_aKxCvYPkzEK2Eay~13ZXDpnkSIiZaW~kCFil_fqUsWSNwu_ZOo9cAr4aWxLCkOeh73QC~U1EBYg81dwFQxWC2S3ZeTHl4ZM-.jpg\"><\/picture>\t\t\t<figcaption class=\"wp-caption-text\">\n\t\tActivit\u00e9s \u00e9questres pr\u00e8s de Benahav\u00eds\t\t<\/figcaption>\n\t\t\t<\/figure>\n\t\n\n\n<h2 class=\"wp-block-heading\">Plus qu\u2019un logement : un joyau andalou<\/h2>\n\n\n\n<p>Esta villa de ensue\u00f1o, situada en la zona de Monte Mayor, ofrece lo mejor de Andaluc\u00eda.<\/p>\n\n\n\n<h3 class=\"wp-block-heading\">Situation : la nature est omnipr\u00e9sente.<\/h3>\n\n\n\n<p>Cette villa de r\u00eave, situ\u00e9e dans la zone de Monte Mayor, vous offre ce qu\u2019il y a de mieux en Andalousie. Situ\u00e9e dans un complexe priv\u00e9 surveill\u00e9 en permanence, aux portes d\u2019un parc naturel, la villa se trouve \u00e0 6 km \u00e0 peine du village de Benahav\u00eds, et \u00e0 7 km des plages au drapeau bleu de la c\u00f4te. Dans cet environnement spectaculaire, vous ne serez jamais loin de rien, tout en \u00e9tant submerg\u00e9 dans un oasis naturel.<\/p>\n\n\n \n\t<div class=\"wp-gallery row row-cols-2 row-cols-lg-3 row-cols-xxl-4 g-3 mb-4\">\n\t\t\t\t<div class=\"col\">\n\t\t\t\t\t\t<a data-fancybox=\"wp-gallery\" href=\"https:\/\/media.panoramamarbella.com\/imgV1\/B95mbh8olwFQm~uCT2wPZMb8hll4wghQQQq6YWg0~c~U_DrmgY8pGP8pqaDzA6mvjyI_OPtcrHD_aKxCvYPkzFSTjF~qT1roN1ueiIC2Fas1fSUV2hpL5rFJGjbMDipc7Nt5odSFiz5S3dvuZlPJIf7x~tnx6JUUunmr31ahMFhMbqv7wjM-.jpg\">\n\t\t\t\t<figure class=\"ratio ratio-1x1 mb-0\">\n\t\t\t\t\t<picture><source width=\"500\" height=\"500\" srcset=\"https:\/\/media.panoramamarbella.com\/imgV1\/B95mbh8olwFQm~uCT2wPZMb8hll4wghQQQq6YWg0~c~U_DrmgY8pGP8pqaDzA6mvjyI_OPtcrHD_aKxCvYPkzFSTjF~qT1roN1ueiIC2Fas1fSUV2hpL5rFJGjbMDipc7Nt5odDu68ZJe38oSTD5FDH44LKks8kQsz~9j7OSVnRz9kiNfA~VjmsK9YDrVZ8oxs~PXmswXw--.webp 500w,https:\/\/media.panoramamarbella.com\/imgV1\/B95mbh8olwFQm~uCT2wPZMb8hll4wghQQQq6YWg0~c~U_DrmgY8pGP8pqaDzA6mvjyI_OPtcrHD_aKxCvYPkzFSTjF~qT1roN1ueiIC2Fas1fSUV2hpL5rFJGjbMDipc7Nt5oddSEnIfi_kijFnXjCh5v4329E~3cHOui0hTgIiQPlC0KNM~RPUB9w2TfV38I5ogq12e4A--.webp 225w\" type=\"image\/webp\"><img loading=\"lazy\" decoding=\"async\" class=\"position-absolute w-100 h-100 object-fit-cover\" alt=\"Vues de la nature \u00e0 Benahavis\" width=\"500\" height=\"500\" src=\"https:\/\/media.panoramamarbella.com\/imgV1\/B95mbh8olwFQm~uCT2wPZMb8hll4wghQQQq6YWg0~c~U_DrmgY8pGP8pqaDzA6mvjyI_OPtcrHD_aKxCvYPkzFSTjF~qT1roN1ueiIC2Fas1fSUV2hpL5rFJGjbMDipc7Nt5odDu68ZJe38oSTD5FDH44KxBRvm8Odt0jc4uxtY0G_ap.jpg\"><\/picture>\t\t\t\t<\/figure>\n\t\t\t<\/a>\n\t\t\t\t\t<\/div>\n\t\t\t\t<div class=\"col\">\n\t\t\t\t\t\t<a data-fancybox=\"wp-gallery\" href=\"https:\/\/media.panoramamarbella.com\/imgV1\/B95mbh8olwFQm~uCT2wPZMb8hll4wghQQQq6YWg0~c~U_DrmgY8pGP8pqaDzA6mvjyI_OPtcrHD_aKxCvYPkzFSTjF~qT1roN1ueiIC2FnOaX__2QrMSFdarsChE8v4ARjFO63Z8nchhPN~zzFRXPS088rViATptSX8z5h8BlsPFbeBdljg-.jpg\">\n\t\t\t\t<figure class=\"ratio ratio-1x1 mb-0\">\n\t\t\t\t\t<picture><source width=\"500\" height=\"500\" srcset=\"https:\/\/media.panoramamarbella.com\/imgV1\/B95mbh8olwFQm~uCT2wPZMb8hll4wghQQQq6YWg0~c~U_DrmgY8pGP8pqaDzA6mvjyI_OPtcrHD_aKxCvYPkzFSTjF~qT1roN1ueiIC2FnOaX__2QrMSFdarsChE8v4ARjFO63KyUWs29e0GVHQgHM7TAIPmg9oOAvWzMN3kSQ~KVtEma7e3CwVlH3LhnjLYcj1qDT4zSw--.webp 500w,https:\/\/media.panoramamarbella.com\/imgV1\/B95mbh8olwFQm~uCT2wPZMb8hll4wghQQQq6YWg0~c~U_DrmgY8pGP8pqaDzA6mvjyI_OPtcrHD_aKxCvYPkzFSTjF~qT1roN1ueiIC2FnOaX__2QrMSFdarsChE8v4ARjFO63VS67XI5og1zxw_0cmLvv6k7ToLf7yqtVGqwq3mwPySz2zyPkAFTHbJuMu~yuHRZOZhbw--.webp 225w\" type=\"image\/webp\"><img loading=\"lazy\" decoding=\"async\" class=\"position-absolute w-100 h-100 object-fit-cover\" alt=\"Vue imprenable sur la nature depuis cette villa \u00e0 Monte Mayor, Benahav\u00eds\" width=\"500\" height=\"500\" src=\"https:\/\/media.panoramamarbella.com\/imgV1\/B95mbh8olwFQm~uCT2wPZMb8hll4wghQQQq6YWg0~c~U_DrmgY8pGP8pqaDzA6mvjyI_OPtcrHD_aKxCvYPkzFSTjF~qT1roN1ueiIC2FnOaX__2QrMSFdarsChE8v4ARjFO63KyUWs29e0GVHQgHM7TAJ2YEHGh3R3ZJFfk6hYoPsCX.jpg\"><\/picture>\t\t\t\t<\/figure>\n\t\t\t<\/a>\n\t\t\t\t\t<\/div>\n\t\t\t\t<div class=\"col\">\n\t\t\t\t\t\t<a data-fancybox=\"wp-gallery\" href=\"https:\/\/media.panoramamarbella.com\/imgV1\/B95mbh8olwFQm~uCT2wPZMb8hll4wghQQQq6YWg0~c~U_DrmgY8pGP8pqaDzA6mvjyI_OPtcrHD_aKxCvYPkzFSTjF~qT1roN1ueiIC2EOhw_pEW8kho9BOEMMghO3QiK1Twz2jIK0vOGXzP1W3TA1jbQmW3JR6xqlNmp_JOPZlT5sQKY0k-.jpg\">\n\t\t\t\t<figure class=\"ratio ratio-1x1 mb-0\">\n\t\t\t\t\t<picture><source width=\"500\" height=\"500\" srcset=\"https:\/\/media.panoramamarbella.com\/imgV1\/B95mbh8olwFQm~uCT2wPZMb8hll4wghQQQq6YWg0~c~U_DrmgY8pGP8pqaDzA6mvjyI_OPtcrHD_aKxCvYPkzFSTjF~qT1roN1ueiIC2EOhw_pEW8kho9BOEMMghO3QiK1Twz2wtTadKpaVZ4YUsduqUQ9MgpOtr0R_ecg6psmjLIQgaHDyuGm4fZQYwK3fbwNfsqd1oxw--.webp 500w,https:\/\/media.panoramamarbella.com\/imgV1\/B95mbh8olwFQm~uCT2wPZMb8hll4wghQQQq6YWg0~c~U_DrmgY8pGP8pqaDzA6mvjyI_OPtcrHD_aKxCvYPkzFSTjF~qT1roN1ueiIC2EOhw_pEW8kho9BOEMMghO3QiK1Twz2tNAGIWQeZskGwUVl~dWCxJcyBHolya6ecLkd~xv3~ZKHoWeXI9_7FUmEpcKmlIcObesg--.webp 225w\" type=\"image\/webp\"><img loading=\"lazy\" decoding=\"async\" class=\"position-absolute w-100 h-100 object-fit-cover\" alt=\"Villa en pleine nature\" width=\"500\" height=\"500\" src=\"https:\/\/media.panoramamarbella.com\/imgV1\/B95mbh8olwFQm~uCT2wPZMb8hll4wghQQQq6YWg0~c~U_DrmgY8pGP8pqaDzA6mvjyI_OPtcrHD_aKxCvYPkzFSTjF~qT1roN1ueiIC2EOhw_pEW8kho9BOEMMghO3QiK1Twz2wtTadKpaVZ4YUsduqUQ82Bf7wl_0QmJKtmkWeTNT9R.jpg\"><\/picture>\t\t\t\t<\/figure>\n\t\t\t<\/a>\n\t\t\t\t\t<\/div>\n\t\t\t\t<div class=\"col\">\n\t\t\t\t\t\t<a data-fancybox=\"wp-gallery\" href=\"https:\/\/media.panoramamarbella.com\/imgV1\/B95mbh8olwFQm~uCT2wPZMb8hll4wghQQQq6YWg0~c~U_DrmgY8pGP8pqaDzA6mvjyI_OPtcrHD_aKxCvYPkzFSTjF~qT1roN1ueiIC2F4jCCktmMBypHPOCV9qcjWLb4dRj9QGX9uMy2e00GUitnYRWHY3GZq9eqarneMrBikGwNEXA0yk-.jpg\">\n\t\t\t\t<figure class=\"ratio ratio-1x1 mb-0\">\n\t\t\t\t\t<picture><source width=\"500\" height=\"500\" srcset=\"https:\/\/media.panoramamarbella.com\/imgV1\/B95mbh8olwFQm~uCT2wPZMb8hll4wghQQQq6YWg0~c~U_DrmgY8pGP8pqaDzA6mvjyI_OPtcrHD_aKxCvYPkzFSTjF~qT1roN1ueiIC2F4jCCktmMBypHPOCV9qcjWLb4dRj9QUtXFBVNHU9l3uhWHl5tub2wq0z~LJsAtLJSVdvjcEz4XA9NkgsOefC5DZOFzHckAXSdQ--.webp 500w,https:\/\/media.panoramamarbella.com\/imgV1\/B95mbh8olwFQm~uCT2wPZMb8hll4wghQQQq6YWg0~c~U_DrmgY8pGP8pqaDzA6mvjyI_OPtcrHD_aKxCvYPkzFSTjF~qT1roN1ueiIC2F4jCCktmMBypHPOCV9qcjWLb4dRj9QJET~H_CqeDpqM48ftd31HKS_LFh9PjAq1w5vEIbtr~PH4FjpDGcZNm5MCxgtd75PM_Ew--.webp 225w\" type=\"image\/webp\"><img loading=\"lazy\" decoding=\"async\" class=\"position-absolute w-100 h-100 object-fit-cover\" alt=\"Vue sur les montagnes depuis la piscine\" width=\"500\" height=\"500\" src=\"https:\/\/media.panoramamarbella.com\/imgV1\/B95mbh8olwFQm~uCT2wPZMb8hll4wghQQQq6YWg0~c~U_DrmgY8pGP8pqaDzA6mvjyI_OPtcrHD_aKxCvYPkzFSTjF~qT1roN1ueiIC2F4jCCktmMBypHPOCV9qcjWLb4dRj9QUtXFBVNHU9l3uhWHl5tvgkDmL0tgaFag7iSH9iO_ob.jpg\"><\/picture>\t\t\t\t<\/figure>\n\t\t\t<\/a>\n\t\t\t\t\t<\/div>\n\t\t\t<\/div>\n\n\n\n<h3 class=\"wp-block-heading\">Beaucoup d&rsquo;espace pour profiter de\u2026 tout.<\/h3>\n\n\n\n<p>Cette vaste propri\u00e9t\u00e9 de 6 chambres \u00e0 coucher dispose de grandes terrasses, d\u2019une piscine infinie et de jardins de design paysagers qui offrent des vues impressionnantes sur la vall\u00e9e, et sans aucun doute les meilleures sur toute la c\u00f4te.<\/p>\n\n\n \n\t<div class=\"wp-gallery row row-cols-2 row-cols-lg-3 row-cols-xxl-4 g-3 mb-4\">\n\t\t\t\t<div class=\"col\">\n\t\t\t\t\t\t<a data-fancybox=\"wp-gallery\" href=\"https:\/\/media.panoramamarbella.com\/imgV1\/B95mbh8olwFQm~uCT2wPZMb8hll4wghQQQq6YWg0~c~U_DrmgY8pGP8pqaDzA6mvjyI_OPtcrHD_aKxCvYPkzFe4ZCVXEatUt9intrBg79q8SG4sRJOgWlbVZYONPgDsRwhy1AAw2WMVOH1JEp5i_H5Nx4WTkDb29j_Xcfx~Kq12Fg--.jpg\">\n\t\t\t\t<figure class=\"ratio ratio-1x1 mb-0\">\n\t\t\t\t\t<picture><source width=\"500\" height=\"500\" srcset=\"https:\/\/media.panoramamarbella.com\/imgV1\/B95mbh8olwFQm~uCT2wPZMb8hll4wghQQQq6YWg0~c~U_DrmgY8pGP8pqaDzA6mvjyI_OPtcrHD_aKxCvYPkzFe4ZCVXEatUt9intrBg79q8SG4sRJOgWlbVZYONPgDsQ7Fx69TyePSFZ4GWtWrlwrp3csIyEJxt5l3_NfXlmN3lxBYwAHj50h4NbGtdyY~t8enk.webp 500w,https:\/\/media.panoramamarbella.com\/imgV1\/B95mbh8olwFQm~uCT2wPZMb8hll4wghQQQq6YWg0~c~U_DrmgY8pGP8pqaDzA6mvjyI_OPtcrHD_aKxCvYPkzFe4ZCVXEatUt9intrBg79q8SG4sRJOgWlbVZYONPgDsRJGt~tpDFwVt0Hf75IMQ6xmCBBiBS68Jb7TZWHq7GJ3Lowvi72whCiXZ3yKm2EcvNnaD.webp 225w\" type=\"image\/webp\"><img loading=\"lazy\" decoding=\"async\" class=\"position-absolute w-100 h-100 object-fit-cover\" alt=\"Vue ext\u00e9rieure de la villa\" width=\"500\" height=\"500\" src=\"https:\/\/media.panoramamarbella.com\/imgV1\/B95mbh8olwFQm~uCT2wPZMb8hll4wghQQQq6YWg0~c~U_DrmgY8pGP8pqaDzA6mvjyI_OPtcrHD_aKxCvYPkzFe4ZCVXEatUt9intrBg79q8SG4sRJOgWlbVZYONPgDsQ7Fx69TyePSFZ4GWtWrl3O91EPETaxjtzOvQdPkczow-.jpg\"><\/picture>\t\t\t\t<\/figure>\n\t\t\t<\/a>\n\t\t\t\t\t<\/div>\n\t\t\t\t<div class=\"col\">\n\t\t\t\t\t\t<a data-fancybox=\"wp-gallery\" href=\"https:\/\/media.panoramamarbella.com\/imgV1\/B95mbh8olwFQm~uCT2wPZMb8hll4wghQQQq6YWg0~c~U_DrmgY8pGP8pqaDzA6mvjyI_OPtcrHD_aKxCvYPkzFe4ZCVXEatUt9ikfj5WXCbvp3E4IlRsFIvB3UrbeAFxJBYRSJDtyUTqs95xDZNAUfFxyZEmBuT4tPz8yxWib2nD9w--.jpg\">\n\t\t\t\t<figure class=\"ratio ratio-1x1 mb-0\">\n\t\t\t\t\t<picture><source width=\"500\" height=\"500\" srcset=\"https:\/\/media.panoramamarbella.com\/imgV1\/B95mbh8olwFQm~uCT2wPZMb8hll4wghQQQq6YWg0~c~U_DrmgY8pGP8pqaDzA6mvjyI_OPtcrHD_aKxCvYPkzFe4ZCVXEatUt9ikfj5WXCbvp3E4IlRsFIvB3UrbeAFxIEfhB20I9wYNy_mu6Z5iFzWAyIxQaCfuIqf23MuM3yUM3tKnYZxtMGwPxjO1fpLESFYx.webp 500w,https:\/\/media.panoramamarbella.com\/imgV1\/B95mbh8olwFQm~uCT2wPZMb8hll4wghQQQq6YWg0~c~U_DrmgY8pGP8pqaDzA6mvjyI_OPtcrHD_aKxCvYPkzFe4ZCVXEatUt9ikfj5WXCbvp3E4IlRsFIvB3UrbeAFxJxO3SnzSzvggeZegy2NWRfnk_2oVV5gRyYkd2zF~sLu94I7LQqibFy19hkT8O4b_sISt.webp 225w\" type=\"image\/webp\"><img loading=\"lazy\" decoding=\"async\" class=\"position-absolute w-100 h-100 object-fit-cover\" alt=\"Vue panoramique sur la nature depuis le porche de la piscine.\" width=\"500\" height=\"500\" src=\"https:\/\/media.panoramamarbella.com\/imgV1\/B95mbh8olwFQm~uCT2wPZMb8hll4wghQQQq6YWg0~c~U_DrmgY8pGP8pqaDzA6mvjyI_OPtcrHD_aKxCvYPkzFe4ZCVXEatUt9ikfj5WXCbvp3E4IlRsFIvB3UrbeAFxIEfhB20I9wYNy_mu6Z5iCTaJA_X4PUEHxctl2dnp86w-.jpg\"><\/picture>\t\t\t\t<\/figure>\n\t\t\t<\/a>\n\t\t\t\t\t<\/div>\n\t\t\t\t<div class=\"col\">\n\t\t\t\t\t\t<a data-fancybox=\"wp-gallery\" href=\"https:\/\/media.panoramamarbella.com\/imgV1\/B95mbh8olwFQm~uCT2wPZMb8hll4wghQQQq6YWg0~c~U_DrmgY8pGP8pqaDzA6mvjyI_OPtcrHD_aKxCvYPkzFe4ZCVXEatUt9ilae2xK~~bz916v7~sAFCi~DNCuomzGwFXGczdXic0TGHiyw0cyuFPPiJ~nzMpwnL4mWUpceRhOA--.jpg\">\n\t\t\t\t<figure class=\"ratio ratio-1x1 mb-0\">\n\t\t\t\t\t<picture><source width=\"500\" height=\"500\" srcset=\"https:\/\/media.panoramamarbella.com\/imgV1\/B95mbh8olwFQm~uCT2wPZMb8hll4wghQQQq6YWg0~c~U_DrmgY8pGP8pqaDzA6mvjyI_OPtcrHD_aKxCvYPkzFe4ZCVXEatUt9ilae2xK~~bz916v7~sAFCi~DNCuomzH5YOmc~2xpZmQkTo2diw67z063r2KSSLhb02mjUDop0d4VJmb54XiC0PMCgEW~MUu7LC.webp 500w,https:\/\/media.panoramamarbella.com\/imgV1\/B95mbh8olwFQm~uCT2wPZMb8hll4wghQQQq6YWg0~c~U_DrmgY8pGP8pqaDzA6mvjyI_OPtcrHD_aKxCvYPkzFe4ZCVXEatUt9ilae2xK~~bz916v7~sAFCi~DNCuomzGNWIiVhRzpPJZ6mUyLDDiuFPBEa4iLh5wddni~kA8Of7QZl8VEs687cY1neWa0pS~Xrm.webp 225w\" type=\"image\/webp\"><img loading=\"lazy\" decoding=\"async\" class=\"position-absolute w-100 h-100 object-fit-cover\" alt=\"Chambres spacieuses et lumineuses avec une vue fabuleuse\" width=\"500\" height=\"500\" src=\"https:\/\/media.panoramamarbella.com\/imgV1\/B95mbh8olwFQm~uCT2wPZMb8hll4wghQQQq6YWg0~c~U_DrmgY8pGP8pqaDzA6mvjyI_OPtcrHD_aKxCvYPkzFe4ZCVXEatUt9ilae2xK~~bz916v7~sAFCi~DNCuomzH5YOmc~2xpZmQkTo2diw9fvvvgmeHomAxCs~QPS7P1k-.jpg\"><\/picture>\t\t\t\t<\/figure>\n\t\t\t<\/a>\n\t\t\t\t\t<\/div>\n\t\t\t\t<div class=\"col\">\n\t\t\t\t\t\t<a data-fancybox=\"wp-gallery\" href=\"https:\/\/media.panoramamarbella.com\/imgV1\/B95mbh8olwFQm~uCT2wPZMb8hll4wghQQQq6YWg0~c~U_DrmgY8pGP8pqaDzA6mvjyI_OPtcrHD_aKxCvYPkzFe4ZCVXEatUt9iivBWZpHCeKT27QgobH173zQZ8B8HJIApuJFGlAH34ZZ9Z~XZ2cY6c5HsXL30Jgofc~YifA8setw--.jpg\">\n\t\t\t\t<figure class=\"ratio ratio-1x1 mb-0\">\n\t\t\t\t\t<picture><source width=\"500\" height=\"500\" srcset=\"https:\/\/media.panoramamarbella.com\/imgV1\/B95mbh8olwFQm~uCT2wPZMb8hll4wghQQQq6YWg0~c~U_DrmgY8pGP8pqaDzA6mvjyI_OPtcrHD_aKxCvYPkzFe4ZCVXEatUt9iivBWZpHCeKT27QgobH173zQZ8B8HJJA6tbIb03cOgR7gLZj4nJD3urnlsTdkB8Dw~J2cj6SrD89TYU5rlHZuy3JaS4WAWsLZT.webp 500w,https:\/\/media.panoramamarbella.com\/imgV1\/B95mbh8olwFQm~uCT2wPZMb8hll4wghQQQq6YWg0~c~U_DrmgY8pGP8pqaDzA6mvjyI_OPtcrHD_aKxCvYPkzFe4ZCVXEatUt9iivBWZpHCeKT27QgobH173zQZ8B8HJI7YXBMyegDWmnHmtsh61qQKsUA8GVdEKq3oiyWXnNZUuXT9V0u6ujNKQndgUKcF9a_ce.webp 225w\" type=\"image\/webp\"><img loading=\"lazy\" decoding=\"async\" class=\"position-absolute w-100 h-100 object-fit-cover\" alt=\"Des espaces spacieux d\u00e9cor\u00e9s avec un go\u00fbt exquis.\" width=\"500\" height=\"500\" src=\"https:\/\/media.panoramamarbella.com\/imgV1\/B95mbh8olwFQm~uCT2wPZMb8hll4wghQQQq6YWg0~c~U_DrmgY8pGP8pqaDzA6mvjyI_OPtcrHD_aKxCvYPkzFe4ZCVXEatUt9iivBWZpHCeKT27QgobH173zQZ8B8HJJA6tbIb03cOgR7gLZj4nOsVUYllvm1avq0Q1kizidQA-.jpg\"><\/picture>\t\t\t\t<\/figure>\n\t\t\t<\/a>\n\t\t\t\t\t<\/div>\n\t\t\t\t<div class=\"col\">\n\t\t\t\t\t\t<a data-fancybox=\"wp-gallery\" href=\"https:\/\/media.panoramamarbella.com\/imgV1\/B95mbh8olwFQm~uCT2wPZMb8hll4wghQQQq6YWg0~c~U_DrmgY8pGP8pqaDzA6mvjyI_OPtcrHD_aKxCvYPkzFe4ZCVXEatUt9ijJnl8pKGfCfWK3Rw43xH5Mk8SpLNOXnY3HIT112UJJ~5YQtAwgGJLhDOMkSlXVhckqED~mGfoqQ--.jpg\">\n\t\t\t\t<figure class=\"ratio ratio-1x1 mb-0\">\n\t\t\t\t\t<picture><source width=\"500\" height=\"500\" srcset=\"https:\/\/media.panoramamarbella.com\/imgV1\/B95mbh8olwFQm~uCT2wPZMb8hll4wghQQQq6YWg0~c~U_DrmgY8pGP8pqaDzA6mvjyI_OPtcrHD_aKxCvYPkzFe4ZCVXEatUt9ijJnl8pKGfCfWK3Rw43xH5Mk8SpLNOWgE4WcnkIGCahCgb~hBS8BY9puSXAKubE8QvrJG9pNXVVxrM9RO4RYlTpfDmc7eHAP4Q.webp 500w,https:\/\/media.panoramamarbella.com\/imgV1\/B95mbh8olwFQm~uCT2wPZMb8hll4wghQQQq6YWg0~c~U_DrmgY8pGP8pqaDzA6mvjyI_OPtcrHD_aKxCvYPkzFe4ZCVXEatUt9ijJnl8pKGfCfWK3Rw43xH5Mk8SpLNOXca4JWROGca5iXKpCWN2hlWTJt1tMLZ1Av9nZXiux~VD1~00lmAl0MbUH~loQkgqTIQY.webp 225w\" type=\"image\/webp\"><img loading=\"lazy\" decoding=\"async\" class=\"position-absolute w-100 h-100 object-fit-cover\" alt=\"Des couchers de soleil uniques\" width=\"500\" height=\"500\" src=\"https:\/\/media.panoramamarbella.com\/imgV1\/B95mbh8olwFQm~uCT2wPZMb8hll4wghQQQq6YWg0~c~U_DrmgY8pGP8pqaDzA6mvjyI_OPtcrHD_aKxCvYPkzFe4ZCVXEatUt9ijJnl8pKGfCfWK3Rw43xH5Mk8SpLNOWgE4WcnkIGCahCgb~hBS7kROZwL5fAgIsAA2Sx2d4fw-.jpg\"><\/picture>\t\t\t\t<\/figure>\n\t\t\t<\/a>\n\t\t\t\t\t<\/div>\n\t\t\t\t<div class=\"col\">\n\t\t\t\t\t\t<a data-fancybox=\"wp-gallery\" href=\"https:\/\/media.panoramamarbella.com\/imgV1\/B95mbh8olwFQm~uCT2wPZMb8hll4wghQQQq6YWg0~c~U_DrmgY8pGP8pqaDzA6mvjyI_OPtcrHD_aKxCvYPkzFe4ZCVXEatUt9igdwZlqjJvsYWeYoZ~nYvnW6GC1Or7rs4nqJs6LNMk0gWcYUdMptp5eZxPxNS_4gR0Zzwi5Huz1A--.jpg\">\n\t\t\t\t<figure class=\"ratio ratio-1x1 mb-0\">\n\t\t\t\t\t<picture><source width=\"500\" height=\"500\" srcset=\"https:\/\/media.panoramamarbella.com\/imgV1\/B95mbh8olwFQm~uCT2wPZMb8hll4wghQQQq6YWg0~c~U_DrmgY8pGP8pqaDzA6mvjyI_OPtcrHD_aKxCvYPkzFe4ZCVXEatUt9igdwZlqjJvsYWeYoZ~nYvnW6GC1Or7qs5GenLsj88RoZq_~HKVuqqoO4G6PUIj9245KbnPwSL3C7hxxzjMwvglsXcWrMSKlcAy.webp 500w,https:\/\/media.panoramamarbella.com\/imgV1\/B95mbh8olwFQm~uCT2wPZMb8hll4wghQQQq6YWg0~c~U_DrmgY8pGP8pqaDzA6mvjyI_OPtcrHD_aKxCvYPkzFe4ZCVXEatUt9igdwZlqjJvsYWeYoZ~nYvnW6GC1Or7rQ25C3PU5ZStkenJqCJ2SF7zlapdY6UEwNpRloRhiWrj2wxcaOn1xHz~dOqkgebkZvSY.webp 225w\" type=\"image\/webp\"><img loading=\"lazy\" decoding=\"async\" class=\"position-absolute w-100 h-100 object-fit-cover\" alt=\"D\u00eeners en plein air avec la nature comme protagoniste\" width=\"500\" height=\"500\" src=\"https:\/\/media.panoramamarbella.com\/imgV1\/B95mbh8olwFQm~uCT2wPZMb8hll4wghQQQq6YWg0~c~U_DrmgY8pGP8pqaDzA6mvjyI_OPtcrHD_aKxCvYPkzFe4ZCVXEatUt9igdwZlqjJvsYWeYoZ~nYvnW6GC1Or7qs5GenLsj88RoZq_~HKVpN5PoCsOHU~0rpEwVf7XQ9k-.jpg\"><\/picture>\t\t\t\t<\/figure>\n\t\t\t<\/a>\n\t\t\t\t\t<\/div>\n\t\t\t\t<div class=\"col\">\n\t\t\t\t\t\t<a data-fancybox=\"wp-gallery\" href=\"https:\/\/media.panoramamarbella.com\/imgV1\/B95mbh8olwFQm~uCT2wPZMb8hll4wghQQQq6YWg0~c~U_DrmgY8pGP8pqaDzA6mvjyI_OPtcrHD_aKxCvYPkzFe4ZCVXEatUt9ihKXhj5yp5crTa~yaoaPRivDIZL4ywCtjxN6r7~IcQxa5d32TaJzpyiHdnev9SAHoJfX8lbUlmyuc-.jpg\">\n\t\t\t\t<figure class=\"ratio ratio-1x1 mb-0\">\n\t\t\t\t\t<picture><source width=\"500\" height=\"500\" srcset=\"https:\/\/media.panoramamarbella.com\/imgV1\/B95mbh8olwFQm~uCT2wPZMb8hll4wghQQQq6YWg0~c~U_DrmgY8pGP8pqaDzA6mvjyI_OPtcrHD_aKxCvYPkzFe4ZCVXEatUt9ihKXhj5yp5crTa~yaoaPRivDIZL4ywCtw4jjLcDCpdwk~lr3p8ym~KlOcM1bQ20rjO3E8NlH7qC56dmhzjPhGyyiHdosySZwQ4SQ--.webp 500w,https:\/\/media.panoramamarbella.com\/imgV1\/B95mbh8olwFQm~uCT2wPZMb8hll4wghQQQq6YWg0~c~U_DrmgY8pGP8pqaDzA6mvjyI_OPtcrHD_aKxCvYPkzFe4ZCVXEatUt9ihKXhj5yp5crTa~yaoaPRivDIZL4ywCtuP_zAFKWp4Q2~D5PH8lR7hAW6Du6q34fTZwUNyGCSbWJ0ptMkkDNS_DpZVj8LH0HBF6A--.webp 225w\" type=\"image\/webp\"><img loading=\"lazy\" decoding=\"async\" class=\"position-absolute w-100 h-100 object-fit-cover\" alt=\"Salle de cin\u00e9ma dot\u00e9e des meilleures technologies pour une exp\u00e9rience totalement immersive.\" width=\"500\" height=\"500\" src=\"https:\/\/media.panoramamarbella.com\/imgV1\/B95mbh8olwFQm~uCT2wPZMb8hll4wghQQQq6YWg0~c~U_DrmgY8pGP8pqaDzA6mvjyI_OPtcrHD_aKxCvYPkzFe4ZCVXEatUt9ihKXhj5yp5crTa~yaoaPRivDIZL4ywCtw4jjLcDCpdwk~lr3p8ynFc7qIJUeaS6mFDETpqjpuu.jpg\"><\/picture>\t\t\t\t<\/figure>\n\t\t\t<\/a>\n\t\t\t\t\t<\/div>\n\t\t\t\t<div class=\"col\">\n\t\t\t\t\t\t<a data-fancybox=\"wp-gallery\" href=\"https:\/\/media.panoramamarbella.com\/imgV1\/B95mbh8olwFQm~uCT2wPZMb8hll4wghQQQq6YWg0~c~U_DrmgY8pGP8pqaDzA6mvjyI_OPtcrHD_aKxCvYPkzFe4ZCVXEatUt9iu0qI3KZ0Dl_l04AbUJDUQujx0makgb2D2j1ctFTCr0FddBfWS_ddrm5kqmT7v~ab~OJQvWHivbw--.jpg\">\n\t\t\t\t<figure class=\"ratio ratio-1x1 mb-0\">\n\t\t\t\t\t<picture><source width=\"500\" height=\"500\" srcset=\"https:\/\/media.panoramamarbella.com\/imgV1\/B95mbh8olwFQm~uCT2wPZMb8hll4wghQQQq6YWg0~c~U_DrmgY8pGP8pqaDzA6mvjyI_OPtcrHD_aKxCvYPkzFe4ZCVXEatUt9iu0qI3KZ0Dl_l04AbUJDUQujx0makga~h5Qu0J0FmK~EilXgFEgvKN1bS_i5uPF6LAZ6dZEnO23L7C~vtE_QOof~TsLM9BGTCi.webp 500w,https:\/\/media.panoramamarbella.com\/imgV1\/B95mbh8olwFQm~uCT2wPZMb8hll4wghQQQq6YWg0~c~U_DrmgY8pGP8pqaDzA6mvjyI_OPtcrHD_aKxCvYPkzFe4ZCVXEatUt9iu0qI3KZ0Dl_l04AbUJDUQujx0makgbPOYgIysrEVWe_4I_Tf9If8JbltYGEUgKFJT6fHHP_WEVRhfwisUEn1tqLJnSZqhVill.webp 225w\" type=\"image\/webp\"><img loading=\"lazy\" decoding=\"async\" class=\"position-absolute w-100 h-100 object-fit-cover\" alt=\"Cave \u00e0 vin pour conserver une fabuleuse collection de vins\" width=\"500\" height=\"500\" src=\"https:\/\/media.panoramamarbella.com\/imgV1\/B95mbh8olwFQm~uCT2wPZMb8hll4wghQQQq6YWg0~c~U_DrmgY8pGP8pqaDzA6mvjyI_OPtcrHD_aKxCvYPkzFe4ZCVXEatUt9iu0qI3KZ0Dl_l04AbUJDUQujx0makga~h5Qu0J0FmK~EilXgFEnAoO8K1KGqEV8MDzSIRbb74-.jpg\"><\/picture>\t\t\t\t<\/figure>\n\t\t\t<\/a>\n\t\t\t\t\t<\/div>\n\t\t\t<\/div>\n\n\n<article class=\"col w-100 position-relative wp-block-acf-banner\">\n    <div class=\"d-flex flex-wrap flex-column flex-xl-row align-items-start align-items-xl-end gap-4 w-100 bg-secondary text-white p-4\">\n        <div class=\"d-flex flex-column\">\n\t\t\t            <a href=\"https:\/\/www.panoramamarbella.com\/fr\/proprietes\/benahavis\/monte-mayor\/villas-maisons-isolee\/PANR-14851\" class=\"stretched-link text-white text-decoration-none\" title=\"Vous voulez en savoir plus sur cette maison ?\">\n\t\t\t\t<h2 class=\"text-white mb-3\">Vous voulez en savoir plus sur cette maison ?<\/h2>            <\/a>\n\t\t\t            <p class=\"mb-0\">\n                Lisez tous les d\u00e9tails et voyez toutes les images et vid\u00e9os de cette propri\u00e9t\u00e9.            <\/p>\n\t\t\t        <\/div>\n\t\t        <span class=\"btn btn-outline-light ms-xl-auto\">Villa \u00e0 Monte Mayor<\/span>\n\t\t    <\/div>\n<\/article>\n\n\n\n\n\n\t\t<section class=\"container wp-block-acf-inmpropselection\">\n\t\t\t<h2>Autres propri\u00e9t\u00e9s \u00e0 Benahav\u00eds<\/h2>\t\t\t<div class=\"row row-cols-1 row-cols-lg-3 gy-5 g-xxl-5\">\n\t\t\t\t\n<article class=\"col card-properties position-relative d-flex flex-column\">\n\t<div id=\"carouselCardProperties-1-0\" class=\"card-properties-images carousel slide carousel-fade lazy\" data-bs-ride=\"carousel\" data-bs-interval=\"200000\" data-id=\"686693\">\n\t\t<div class=\"carousel-inner\">\n\t\t\t<figure class=\"carousel-item mb-0 active ratio ratio-4x3\">\n\t\t\t\t<picture><source sizes=\"(max-width: 575px) calc(100vw - 24px), (max-width: 767px) 516px, (max-width: 991px) 696px, (max-width: 1199px) 296px, (max-width: 1399px) 356px, 400px\" width=\"696\" height=\"522\" srcset=\"https:\/\/media.panoramamarbella.com\/imgV1\/B95mbh8olwFQm~uCUaVOI2kQT0hb0a8sZ9turUNfnwtvuccYCzs0YVPfPbfkc2VnnN1JFDpkYaGfw1gJsS~5hOp3edd3vihs4HLpZC8dr~l3L~BK~nGOljUb~jEQJ8oVAHTajqY_H8fcWyXldQ1je9mS38W7NsBrfaHYtVqGimaVmvPc2uPAO5SvB2todV_qfNk647Cj9VetiTasTjV6zcmHy1~nG4mScV4sPknwkcWs0hELIYnpnFsDmTWHtEP~eYVl6f7MrHTUAQvk727~zgv0i2Hj_MPRSlJo3i1z_5H2Xcl26_pBDynrvmf0iuaPPwUpWxRb6Sr4rlkR4kuRxD9FJ3QYSCBYUDIudaLJ~f1ot5rbrL3YPI4jH~7El2hZTmw8uyZh0UdHE3I3usuCn2lA1uAl5vden0P6C1y_dYHhhkV31POIAKLKs6E7t6DLJU4BSdARZzJIxIBlii7V.webp 696w,https:\/\/media.panoramamarbella.com\/imgV1\/B95mbh8olwFQm~uCUaVOI2kQT0hb0a8sZ9turUNfnwtvuccYCzs0YVPfPbfkc2VnnN1JFDpkYaGfw1gJsS~5hOp3edd3vihs4HLpZC8dr~l3L~BK~nGOljUb~jEQJ8oVAHTajqY_H8fcWyXldQ1je9mS38W7NsBrfaHYtVqGiLh~9nt_eONv2aix0ZxKiGA58zC0LCdL5kwvtM8qM1clR7D3YGkakaEf~8gV93REf4WHnEe9IjdFyy4DKO_pyB~y0dUErjORpV~5MxDXl6v82T_AmfglXKtrIMO8J~glA1k2iLmsSCXnU8ZaR89r4W2mnOUbm3_7X9rl4FF2qejdw1YPjIdETlkLmEwZSjQ8Fk0JsbvdTZGxSeHKP5Y6yxMVI0aIK6tSNR094qxAbaknXKBpRvqjV3_jEUmlv6IFQ5aVu7KS3bFN9JdFmghaapuL7Nd18BYdYmNJEv5kjjiW.webp 400w\" type=\"image\/webp\"><img decoding=\"async\" class=\"position-absolute w-100 h-100 object-fit-cover\" alt=\"Villa de luxe avec vue panoramique \u00e0 The Hills, Benahav\u00eds\" loading=\"lazy\" width=\"696\" height=\"522\" src=\"https:\/\/media.panoramamarbella.com\/imgV1\/B95mbh8olwFQm~uCUaVOI2kQT0hb0a8sZ9turUNfnwtvuccYCzs0YVPfPbfkc2VnnN1JFDpkYaGfw1gJsS~5hOp3edd3vihs4HLpZC8dr~l3L~BK~nGOljUb~jEQJ8oVAHTajqY_H8fcWyXldQ1je9mS38W7NsBrfaHYtVqGimaVmvPc2uPAO5SvB2toazMEMs2MOsChGOV9qrZ6C0F8r6HMOoV64t0tR4A_IC5aj7JOtaOhv33DnpALToP0PD~qdrpMnwEEzdrhHDo2jXRgN17E6mM1cBAm2Ykr~rTxuLuDGBz5GzD4cemPLzOtgr8xcNx3ESemnRYUS_5KB26L_4AwDddN6sRVGcjsq_HbOON1e8Wp2sHPR8PUMONR2pSvgCXZhZVFTq~tvg8sip3TzAhxab43NY9zNMFevpN7Bf6f6wyiDQgE_HdeLuY-.jpg\"><\/picture>\t\t\t<\/figure>\n\t\t\t\t\t\t<span class=\"card-properties-ref position-absolute z-2 bottom-0 end-0 bg-white text-primary py-1 px-3 me-3\">\n\t\t\t\tPANR-16240\t\t\t<\/span>\n\t\t\t<button class=\"card-properties-portfolio d-flex align-items-center justify-content-center position-absolute z-3 end-0 text-white bg-primary me-3 border-0 px-0\" data-pfl-id=\"686693\" data-pfl-filter=\"sale\" aria-label=\"Add to portfolio\">\n\t\t\t\t<svg width=\"18\" fill=\"currentColor\" viewBox=\"0 0 512 512\">\n\t\t\t\t\t<use href=\"https:\/\/www.panoramamarbella.com\/wp-content\/themes\/panoramamarbella\/dist\/src\/images\/icons.svg#svgHeart\"><\/use>\n\t\t\t\t<\/svg>\n\t\t\t\t<svg width=\"18\" fill=\"currentColor\" viewBox=\"0 0 512 512\">\n\t\t\t\t\t<use href=\"https:\/\/www.panoramamarbella.com\/wp-content\/themes\/panoramamarbella\/dist\/src\/images\/icons.svg#svgHeartIn\"><\/use>\n\t\t\t\t<\/svg>\n\t\t\t<\/button>\n\t\t<\/div>\n\t\t\t\t<button\n\t\t\tclass=\"carousel-control-prev\"\n\t\t\ttype=\"button\"\n\t\t\tdata-bs-target=\"#carouselCardProperties-1-0\"\n\t\t\tdata-bs-slide=\"prev\">\n\t\t\t<span class=\"carousel-control-prev-icon\" aria-hidden=\"true\"><\/span>\n\t\t\t<span class=\"visually-hidden\">Pr\u00e9c\u00e9dent<\/span>\n\t\t<\/button>\n\t\t<button\n\t\t\tclass=\"carousel-control-next\"\n\t\t\ttype=\"button\"\n\t\t\tdata-bs-target=\"#carouselCardProperties-1-0\"\n\t\t\tdata-bs-slide=\"next\">\n\t\t\t<span class=\"carousel-control-next-icon\" aria-hidden=\"true\"><\/span>\n\t\t\t<span class=\"visually-hidden\">Suivant<\/span>\n\t\t<\/button>\n\t\t\t<\/div>\n\t<div class=\"d-flex flex-column h-100 px-3 py-4 shadow\">\n\t\t\t\t<h3 class=\"card-properties-title mb-3\">\n\t\t\t<a class=\"stretched-link\" href=\"\/fr\/proprietes\/benahavis\/the-hills\/villas-maisons-isolee\/PANR-16240\">\n\t\t\t\tVilla de luxe avec vue panoramique \u00e0 The Hills, Benahav\u00eds\t\t\t<\/a>\n\t\t<\/h3>\n\t\t<p class=\"mb-3 text-black-dark\">The Hills, Benahavis<\/p>\n\t\t\t\t\t\t<p class=\"card-properties-description mb-3\">\n\t\t\tSitu\u00e9e dans la communaut\u00e9 ferm\u00e9e exclusive d\u2019El Herrojo Alto, perch\u00e9e au sommet des collines de La Quinta, cette villa contemporaine incarne le summum de l\u2019art de vivre m\u00e9diterran\u00e9en moderne. Offrant des vues panoramiques \u00e0 couper&#8230;\t\t<\/p>\n\t\t\t\t<span class=\"card-properties-price mt-auto\">\n\t\t\t\n\t\t\t<span class=\"card-properties-price mt-auto\" data-original-price=\"9950000\">9\u202f950\u202f000\u00a0\u20ac<\/span>\n\t\t\t\t<\/span>\n\t\t\t\t<ul class=\"card-properties-features list-unstyled d-flex flex-wrap align-items-center gap-3 pt-3 border-top mt-3 mb-0\">\n\t\t\t<li class=\"d-flex align-items-center\">7 Chambres<\/li><li class=\"d-flex align-items-center\">7 Bains<\/li>\t\t\t\t<li class=\"d-flex align-items-center\">\n\t\t\t\t\t <span class=\"me-1\" data-original-value=\"1144\" data-original-unit=\"m&#038;sup2\">1\u202f144 m&sup2;<\/span>Total\t\t\t\t<\/li>\n\t\t\t\t\t\t\t<li class=\"d-flex align-items-center\">\n\t\t\t\t\t <span class=\"me-1\" data-original-value=\"1379\" data-original-unit=\"m&#038;sup2\">1\u202f379 m&sup2;<\/span>Terrain\t\t\t\t<\/li>\n\t\t\t\t\t\t\t\t<li class=\"d-flex align-items-center\">\n\t\t\t\t\t <span class=\"me-1\" data-original-value=\"851\" data-original-unit=\"m&#038;sup2\">851 m&sup2;<\/span>Construit\t\t\t\t<\/li>\n\t\t\t\t\t\t\t<li class=\"d-flex align-items-center\">\n\t\t\t\t\t <span class=\"me-1\" data-original-value=\"293\" data-original-unit=\"m&#038;sup2\">293 m&sup2;<\/span>Terrasses\t\t\t\t<\/li>\n\t\t\t\t\t<\/ul>\n\t\t\t<\/div>\n<\/article>\n\n\n<article class=\"col card-properties position-relative d-flex flex-column\">\n\t<div id=\"carouselCardProperties-1-1\" class=\"card-properties-images carousel slide carousel-fade lazy\" data-bs-ride=\"carousel\" data-bs-interval=\"200000\" data-id=\"681446\">\n\t\t<div class=\"carousel-inner\">\n\t\t\t<figure class=\"carousel-item mb-0 active ratio ratio-4x3\">\n\t\t\t\t<picture><source sizes=\"(max-width: 575px) calc(100vw - 24px), (max-width: 767px) 516px, (max-width: 991px) 696px, (max-width: 1199px) 296px, (max-width: 1399px) 356px, 400px\" width=\"696\" height=\"522\" srcset=\"https:\/\/media.panoramamarbella.com\/imgV1\/B95mbh8olwFQm~uCUaVOI2kQT0hb0a8sZ9turUNfnwtvuccYCzs0YVPfPbfkc2VnnN1JFDpkYaGfw1gJsS~5hOlveWg5q0E3zBWfQXaMjJAOg7raN7bANzQezs1hknOMNABCgfEpF_ZkMaJ1ISBGVmbrLwHwJwyHemJfuYR1fzPtCzgKydMjMAX_UsvEmJnUHk6dDPami_itCy3Hd1uofpAv~PFT~CL6lnjhZWaq_3ffKj2iD7HMhvL8dgM7X~o~zSqjdcchhRsvi7f61IyiFNzBYubqVHwooyCRHC1hEPFI9ofWLOMvWvgs5Ml0iRnITD9OerFuLzXZ_~6dPOqUbi7yZnq085hrR5bCtZH8wpON8xlrriqS7zNPEWPcaNQdfJdDS9bMPP4AapmQ~oRFzIHm1oMqE1JihJZSX922ynJ3y63JxwSp9~TDz9z7ok~ubNsTWa3bBapeW4V9zBit.webp 696w,https:\/\/media.panoramamarbella.com\/imgV1\/B95mbh8olwFQm~uCUaVOI2kQT0hb0a8sZ9turUNfnwtvuccYCzs0YVPfPbfkc2VnnN1JFDpkYaGfw1gJsS~5hOlveWg5q0E3zBWfQXaMjJAOg7raN7bANzQezs1hknOMNABCgfEpF_ZkMaJ1ISBGVmbrLwHwJwyHemJfuYR1fYaiggOZkHZ6oHaF48N1PmWW8WPaK1mfQybL7gheC2b2P92i6sKGEP3Rc3kBfodGwmwH4J8sgew6BZwf4TfVty5bb8RJSLguDNGpSTjQUiSLNwdPRCK_J6Q0EPRRhFsy_ujxGS6LAo5PxzAwzJzvcarbEIeSevGJxhIqYQCS13ndXD80rkdfNeYwcJUZzBR~0dZJr~LYQYEzrFOdoJepyRC_mgtMVFqoOHeejcRh7tvj7p6_F04psEbMgX6zJSzASYkAqU2cKyZ25h226OH~qJGsVSyW1VfiVaBCfIMTzrZO.webp 400w\" type=\"image\/webp\"><img decoding=\"async\" class=\"position-absolute w-100 h-100 object-fit-cover\" alt=\"Villa raffin\u00e9e orient\u00e9e plein sud avec vue panoramique sur la mer et les montagnes \u00e0 Puerto del Almendro, Benahav\u00eds\" loading=\"lazy\" width=\"696\" height=\"522\" src=\"https:\/\/media.panoramamarbella.com\/imgV1\/B95mbh8olwFQm~uCUaVOI2kQT0hb0a8sZ9turUNfnwtvuccYCzs0YVPfPbfkc2VnnN1JFDpkYaGfw1gJsS~5hOlveWg5q0E3zBWfQXaMjJAOg7raN7bANzQezs1hknOMNABCgfEpF_ZkMaJ1ISBGVmbrLwHwJwyHemJfuYR1fzPtCzgKydMjMAX_UsvEhvBKFy7Rqq0UclaclkWhRSJrZ7pRxhyvG_PX91YlC90c1A_WfGojb10zjOy~F~yldbTykGfvqtSQbJYmK2uRh0qOoSinFGgHPWtN3SGpz~IlaAZc5atZ4jA8CirugOC93mxAPMW99SfayAuHEVF6QanU_z_ZsYuhLqLhn8EyJ80YpCDJBTFX7j1lczPN3VpREo10cONmDFdRwf1nEW0j98f2XUeewrDOLQt~fQ9HDvm~IiiIu2DTc8~0VOXQHUM-.jpg\"><\/picture>\t\t\t<\/figure>\n\t\t\t\t\t\t<span class=\"card-properties-ref position-absolute z-2 bottom-0 end-0 bg-white text-primary py-1 px-3 me-3\">\n\t\t\t\tPANR-16189\t\t\t<\/span>\n\t\t\t<button class=\"card-properties-portfolio d-flex align-items-center justify-content-center position-absolute z-3 end-0 text-white bg-primary me-3 border-0 px-0\" data-pfl-id=\"681446\" data-pfl-filter=\"sale\" aria-label=\"Add to portfolio\">\n\t\t\t\t<svg width=\"18\" fill=\"currentColor\" viewBox=\"0 0 512 512\">\n\t\t\t\t\t<use href=\"https:\/\/www.panoramamarbella.com\/wp-content\/themes\/panoramamarbella\/dist\/src\/images\/icons.svg#svgHeart\"><\/use>\n\t\t\t\t<\/svg>\n\t\t\t\t<svg width=\"18\" fill=\"currentColor\" viewBox=\"0 0 512 512\">\n\t\t\t\t\t<use href=\"https:\/\/www.panoramamarbella.com\/wp-content\/themes\/panoramamarbella\/dist\/src\/images\/icons.svg#svgHeartIn\"><\/use>\n\t\t\t\t<\/svg>\n\t\t\t<\/button>\n\t\t<\/div>\n\t\t\t\t<button\n\t\t\tclass=\"carousel-control-prev\"\n\t\t\ttype=\"button\"\n\t\t\tdata-bs-target=\"#carouselCardProperties-1-1\"\n\t\t\tdata-bs-slide=\"prev\">\n\t\t\t<span class=\"carousel-control-prev-icon\" aria-hidden=\"true\"><\/span>\n\t\t\t<span class=\"visually-hidden\">Pr\u00e9c\u00e9dent<\/span>\n\t\t<\/button>\n\t\t<button\n\t\t\tclass=\"carousel-control-next\"\n\t\t\ttype=\"button\"\n\t\t\tdata-bs-target=\"#carouselCardProperties-1-1\"\n\t\t\tdata-bs-slide=\"next\">\n\t\t\t<span class=\"carousel-control-next-icon\" aria-hidden=\"true\"><\/span>\n\t\t\t<span class=\"visually-hidden\">Suivant<\/span>\n\t\t<\/button>\n\t\t\t<\/div>\n\t<div class=\"d-flex flex-column h-100 px-3 py-4 shadow\">\n\t\t\t\t<h3 class=\"card-properties-title mb-3\">\n\t\t\t<a class=\"stretched-link\" href=\"\/fr\/proprietes\/benahavis\/puerto-del-almendro\/villas-maisons-isolee\/PANR-16189\">\n\t\t\t\tVilla raffin\u00e9e orient\u00e9e plein sud avec vue panoramique sur la mer et les montagnes \u00e0 Puerto del Almendro, Benahav\u00eds\t\t\t<\/a>\n\t\t<\/h3>\n\t\t<p class=\"mb-3 text-black-dark\">Puerto del Almendro, Benahavis<\/p>\n\t\t\t\t\t\t<p class=\"card-properties-description mb-3\">\n\t\t\tSitu\u00e9e dans le quartier r\u00e9sidentiel bien \u00e9tabli de Puerto del Almendro \u00e0 Benahav\u00eds, cette villa orient\u00e9e plein sud offre une \u00e9chelle exceptionnelle, une grande intimit\u00e9 et des vues d\u00e9gag\u00e9es sur la c\u00f4te m\u00e9diterran\u00e9enne. \u00c9difi\u00e9e sur&#8230;\t\t<\/p>\n\t\t\t\t<span class=\"card-properties-price mt-auto\">\n\t\t\t\n\t\t\t<span class=\"card-properties-price mt-auto\" data-original-price=\"8250000\">8\u202f250\u202f000\u00a0\u20ac<\/span>\n\t\t\t\t<\/span>\n\t\t\t\t<ul class=\"card-properties-features list-unstyled d-flex flex-wrap align-items-center gap-3 pt-3 border-top mt-3 mb-0\">\n\t\t\t<li class=\"d-flex align-items-center\">9 Chambres<\/li><li class=\"d-flex align-items-center\">9 Bains<\/li>\t\t\t\t<li class=\"d-flex align-items-center\">\n\t\t\t\t\t <span class=\"me-1\" data-original-value=\"1317\" data-original-unit=\"m&#038;sup2\">1\u202f317 m&sup2;<\/span>Total\t\t\t\t<\/li>\n\t\t\t\t\t\t\t<li class=\"d-flex align-items-center\">\n\t\t\t\t\t <span class=\"me-1\" data-original-value=\"7881\" data-original-unit=\"m&#038;sup2\">7\u202f881 m&sup2;<\/span>Terrain\t\t\t\t<\/li>\n\t\t\t\t\t\t\t\t<li class=\"d-flex align-items-center\">\n\t\t\t\t\t <span class=\"me-1\" data-original-value=\"1177\" data-original-unit=\"m&#038;sup2\">1\u202f177 m&sup2;<\/span>Construit\t\t\t\t<\/li>\n\t\t\t\t\t\t\t<li class=\"d-flex align-items-center\">\n\t\t\t\t\t <span class=\"me-1\" data-original-value=\"140\" data-original-unit=\"m&#038;sup2\">140 m&sup2;<\/span>Terrasses\t\t\t\t<\/li>\n\t\t\t\t\t<\/ul>\n\t\t\t<\/div>\n<\/article>\n\n\n<article class=\"col card-properties position-relative d-flex flex-column\">\n\t<div id=\"carouselCardProperties-1-2\" class=\"card-properties-images carousel slide carousel-fade lazy\" data-bs-ride=\"carousel\" data-bs-interval=\"200000\" data-id=\"674653\">\n\t\t<div class=\"carousel-inner\">\n\t\t\t<figure class=\"carousel-item mb-0 active ratio ratio-4x3\">\n\t\t\t\t<picture><source sizes=\"(max-width: 575px) calc(100vw - 24px), (max-width: 767px) 516px, (max-width: 991px) 696px, (max-width: 1199px) 296px, (max-width: 1399px) 356px, 400px\" width=\"696\" height=\"522\" srcset=\"https:\/\/media.panoramamarbella.com\/imgV1\/B95mbh8olwFQm~uCUaVOI2kQT0hb0a8sZ9turUNfnwtvuccYCzs0YVPfPbfkc2VnnN1JFDpkYaGfw1gJsS~5hOllFT3NWiDQnLVc69cRmaRtRnD9FammFvB~qL6QSpi1_bOof5qU15W3Yjf0NG6molgYWlluq3aMVA5lAFhW6DPF~n9zGmPOdDN4YlOhtNA5Q6CZ1tKuics6dLgrrRTs_oHYS8iQocCvU7t1~skZChErdJ690LuAu2oo2WrvWE~H8fPxQgJJn3GpAe5lh83F6EM0j5eRqVwmuSOwDl0wS3tbiy7RSKzlmAjzjIuRVKEEfC39VwLvOxjMgGurdUCPd6Vtk6gjwsTkgsXb96~dZPhMc189gogoc3HBlrsepZd2FssLBXQwsRj9TsicGf51csbmw4S3zd6ifhFwoaL03UzeK5syimhJo7gLwQuDJA47jQv8FNuk0KeMjZln3Des.webp 696w,https:\/\/media.panoramamarbella.com\/imgV1\/B95mbh8olwFQm~uCUaVOI2kQT0hb0a8sZ9turUNfnwtvuccYCzs0YVPfPbfkc2VnnN1JFDpkYaGfw1gJsS~5hOllFT3NWiDQnLVc69cRmaRtRnD9FammFvB~qL6QSpi1_bOof5qU15W3Yjf0NG6molgYWlluq3aMVA5lAFhW6t1jTLplLt9cYgpV02_l_nqfX5hdupCDBs2oXdqYN_m0JH40bZU4j_NUqEYSq69xuYEFBlTBXjVD5artUAuUYkR0FAP6fZEPm04BIj2S5CAnWb~2t5zSbSYqgTrLuOTRvfJj~DVv1tW9dHk~f5gjQgfwrXJIFx72acmgJCR6yFqqr9G1MpMdrZd_p1KLHQQG9vSArsYxfXrwF78GytRX0xANrCklwELcciMONIqAYw7S7kYe7rIzpZHET1yMbFeSg7QJv0CMn~uwR9jnmBGXYme5Lyi3Ev6_u4xsYTzywsIG.webp 400w\" type=\"image\/webp\"><img decoding=\"async\" class=\"position-absolute w-100 h-100 object-fit-cover\" alt=\"Nouveau village contemporain avec une vue panoramique \u00e9tonnante \u00e0 Benahav\u00eds\" loading=\"lazy\" width=\"696\" height=\"522\" src=\"https:\/\/media.panoramamarbella.com\/imgV1\/B95mbh8olwFQm~uCUaVOI2kQT0hb0a8sZ9turUNfnwtvuccYCzs0YVPfPbfkc2VnnN1JFDpkYaGfw1gJsS~5hOllFT3NWiDQnLVc69cRmaRtRnD9FammFvB~qL6QSpi1_bOof5qU15W3Yjf0NG6molgYWlluq3aMVA5lAFhW6DPF~n9zGmPOdDN4YlOhqgP3Py1cqAwFVrn8YKpYa0OiohDn7WTa37BmQSFlxFaG0B0~JM1PUfJb5RDis~MyUxHP8ex3NmemGPo8RaxS3zIIn02Oh3WfIiQDAG8Y86ah~lek2GsAE3zi5GkQ7W4gTQvoT1MDcnXuolUZO3cWrYefNRZ2hK2GH7uB1e82cmSaV0r~exGEKJtdpqnHOv7RL__Lc5BWZZVhGXzy~CDOsiCbJk9cttdcw_IkJYo9t0SAxOnISHkO6n1e9U7KzXU-.jpg\"><\/picture>\t\t\t<\/figure>\n\t\t\t\t\t\t<span class=\"card-properties-ref position-absolute z-2 bottom-0 end-0 bg-white text-primary py-1 px-3 me-3\">\n\t\t\t\tPANR-16126\t\t\t<\/span>\n\t\t\t<button class=\"card-properties-portfolio d-flex align-items-center justify-content-center position-absolute z-3 end-0 text-white bg-primary me-3 border-0 px-0\" data-pfl-id=\"674653\" data-pfl-filter=\"sale\" aria-label=\"Add to portfolio\">\n\t\t\t\t<svg width=\"18\" fill=\"currentColor\" viewBox=\"0 0 512 512\">\n\t\t\t\t\t<use href=\"https:\/\/www.panoramamarbella.com\/wp-content\/themes\/panoramamarbella\/dist\/src\/images\/icons.svg#svgHeart\"><\/use>\n\t\t\t\t<\/svg>\n\t\t\t\t<svg width=\"18\" fill=\"currentColor\" viewBox=\"0 0 512 512\">\n\t\t\t\t\t<use href=\"https:\/\/www.panoramamarbella.com\/wp-content\/themes\/panoramamarbella\/dist\/src\/images\/icons.svg#svgHeartIn\"><\/use>\n\t\t\t\t<\/svg>\n\t\t\t<\/button>\n\t\t<\/div>\n\t\t\t\t<button\n\t\t\tclass=\"carousel-control-prev\"\n\t\t\ttype=\"button\"\n\t\t\tdata-bs-target=\"#carouselCardProperties-1-2\"\n\t\t\tdata-bs-slide=\"prev\">\n\t\t\t<span class=\"carousel-control-prev-icon\" aria-hidden=\"true\"><\/span>\n\t\t\t<span class=\"visually-hidden\">Pr\u00e9c\u00e9dent<\/span>\n\t\t<\/button>\n\t\t<button\n\t\t\tclass=\"carousel-control-next\"\n\t\t\ttype=\"button\"\n\t\t\tdata-bs-target=\"#carouselCardProperties-1-2\"\n\t\t\tdata-bs-slide=\"next\">\n\t\t\t<span class=\"carousel-control-next-icon\" aria-hidden=\"true\"><\/span>\n\t\t\t<span class=\"visually-hidden\">Suivant<\/span>\n\t\t<\/button>\n\t\t\t<\/div>\n\t<div class=\"d-flex flex-column h-100 px-3 py-4 shadow\">\n\t\t\t\t<h3 class=\"card-properties-title mb-3\">\n\t\t\t<a class=\"stretched-link\" href=\"\/fr\/proprietes\/benahavis\/villas-maisons-isolee\/PANR-16126\">\n\t\t\t\tNouveau village contemporain avec une vue panoramique \u00e9tonnante \u00e0 Benahav\u00eds\t\t\t<\/a>\n\t\t<\/h3>\n\t\t<p class=\"mb-3 text-black-dark\">Benahavis<\/p>\n\t\t\t\t\t\t<p class=\"card-properties-description mb-3\">\n\t\t\tUn nouveau d\u00e9veloppement exclusif de 16 villages de luxe, une collection distincte de r\u00e9sidences contemporaines situ\u00e9es dans l&#039;un des quartiers les plus prestigieux de Benahav\u00eds. Situ\u00e9e au sud d&#039;El Madro\u00f1al, \u00e0 la plus haute altitude&#8230;\t\t<\/p>\n\t\t\t\t<span class=\"card-properties-price mt-auto\">\n\t\t\t\n\t\t\t<span class=\"card-properties-price mt-auto\" data-original-price=\"8450000\">8\u202f450\u202f000\u00a0\u20ac<\/span>\n\t\t\t\t<\/span>\n\t\t\t\t<ul class=\"card-properties-features list-unstyled d-flex flex-wrap align-items-center gap-3 pt-3 border-top mt-3 mb-0\">\n\t\t\t<li class=\"d-flex align-items-center\">6 Chambres<\/li><li class=\"d-flex align-items-center\">6 Bains<\/li>\t\t\t\t<li class=\"d-flex align-items-center\">\n\t\t\t\t\t <span class=\"me-1\" data-original-value=\"1167\" data-original-unit=\"m&#038;sup2\">1\u202f167 m&sup2;<\/span>Total\t\t\t\t<\/li>\n\t\t\t\t\t\t\t<li class=\"d-flex align-items-center\">\n\t\t\t\t\t <span class=\"me-1\" data-original-value=\"1614\" data-original-unit=\"m&#038;sup2\">1\u202f614 m&sup2;<\/span>Terrain\t\t\t\t<\/li>\n\t\t\t\t\t\t\t\t<li class=\"d-flex align-items-center\">\n\t\t\t\t\t <span class=\"me-1\" data-original-value=\"920\" data-original-unit=\"m&#038;sup2\">920 m&sup2;<\/span>Construit\t\t\t\t<\/li>\n\t\t\t\t\t\t\t<li class=\"d-flex align-items-center\">\n\t\t\t\t\t <span class=\"me-1\" data-original-value=\"247\" data-original-unit=\"m&#038;sup2\">247 m&sup2;<\/span>Terrasses\t\t\t\t<\/li>\n\t\t\t\t\t<\/ul>\n\t\t\t<\/div>\n<\/article>\n\t\t\t<\/div>\n\t\t\t<ul class=\"mw-100 d-flex flex-column flex-lg-row flex-lg-wrap justify-content-center gap-3 list-unstyled mt-5 mb-0\">\n    <li><a class=\"btn btn-primary w-100 px-4 py-2\" href=\"https:\/\/www.panoramamarbella.com\/fr\/proprietes\/benahavis\/villas-maisons-isolee\">Villas dans Benahav\u00eds<\/a><\/li><\/ul>\n\t\t<\/section>\n\t\t\n","protected":false},"excerpt":{"rendered":"<p>L&rsquo;achat d&rsquo;une maison \u00e0 Benahav\u00eds est bien plus qu&rsquo;un simple achat immobilier, c&rsquo;est l&rsquo;acc\u00e8s \u00e0 un mode de vie o\u00f9 le luxe et la nature se m\u00ealent harmonieusement.<\/p>\n","protected":false},"author":7,"featured_media":7586,"comment_status":"closed","ping_status":"closed","sticky":false,"template":"","format":"standard","meta":{"_acf_changed":false,"footnotes":""},"categories":[41],"tags":[],"class_list":["post-7715","post","type-post","status-publish","format-standard","has-post-thumbnail","hentry","category-style-de-vie-a-marbella"],"acf":[],"_links":{"self":[{"href":"https:\/\/www.panoramamarbella.com\/fr\/wp-json\/wp\/v2\/posts\/7715","targetHints":{"allow":["GET"]}}],"collection":[{"href":"https:\/\/www.panoramamarbella.com\/fr\/wp-json\/wp\/v2\/posts"}],"about":[{"href":"https:\/\/www.panoramamarbella.com\/fr\/wp-json\/wp\/v2\/types\/post"}],"author":[{"embeddable":true,"href":"https:\/\/www.panoramamarbella.com\/fr\/wp-json\/wp\/v2\/users\/7"}],"replies":[{"embeddable":true,"href":"https:\/\/www.panoramamarbella.com\/fr\/wp-json\/wp\/v2\/comments?post=7715"}],"version-history":[{"count":1,"href":"https:\/\/www.panoramamarbella.com\/fr\/wp-json\/wp\/v2\/posts\/7715\/revisions"}],"predecessor-version":[{"id":7925,"href":"https:\/\/www.panoramamarbella.com\/fr\/wp-json\/wp\/v2\/posts\/7715\/revisions\/7925"}],"wp:featuredmedia":[{"embeddable":true,"href":"https:\/\/www.panoramamarbella.com\/fr\/wp-json\/wp\/v2\/media\/7586"}],"wp:attachment":[{"href":"https:\/\/www.panoramamarbella.com\/fr\/wp-json\/wp\/v2\/media?parent=7715"}],"wp:term":[{"taxonomy":"category","embeddable":true,"href":"https:\/\/www.panoramamarbella.com\/fr\/wp-json\/wp\/v2\/categories?post=7715"},{"taxonomy":"post_tag","embeddable":true,"href":"https:\/\/www.panoramamarbella.com\/fr\/wp-json\/wp\/v2\/tags?post=7715"}],"curies":[{"name":"wp","href":"https:\/\/api.w.org\/{rel}","templated":true}]}}