{"id":7921,"date":"2024-10-08T19:00:00","date_gmt":"2024-10-08T17:00:00","guid":{"rendered":"https:\/\/www.panoramamarbella.com\/?p=7921"},"modified":"2026-03-25T12:03:15","modified_gmt":"2026-03-25T11:03:15","slug":"sur-in-english-40e-anniversaire","status":"publish","type":"post","link":"https:\/\/www.panoramamarbella.com\/fr\/news\/sur-in-english-40e-anniversaire","title":{"rendered":"Panorama honor\u00e9 au gala du 40e anniversaire de SUR in English"},"content":{"rendered":"\n<h2 class=\"wp-block-heading\">Le SUR in English f\u00eate ses 40 ans de service<\/h2>\n\n\n<div class=\"lead\"><p>Le 7 octobre 2024, <em>SUR in English<\/em> a c\u00e9l\u00e9br\u00e9 son 40e anniversaire lors d&rsquo;un gala organis\u00e9 \u00e0 l&rsquo;h\u00f4tel Don Pepe Gran Meli\u00e1 de Marbella. Le journal a jou\u00e9 un r\u00f4le important au service de la communaut\u00e9 internationale sur la Costa del Sol au cours des quatre derni\u00e8res d\u00e9cennies, en fournissant des informations et des ressources essentielles aux r\u00e9sidents \u00e9trangers.<\/p>\n<\/div>\n\n\t<figure class=\"wp-caption alignright wp-block-acf-wpimage\">\n\t<picture><source width=\"600\" height=\"594\" srcset=\"https:\/\/media.panoramamarbella.com\/imgV1\/B95mbh8olwFQm~uCT2wPZMb8hll4wghQQQq6YWg0~c~U_DrmgY8pGP8pqaDzA6mvjyI_OPtcrHD_aKxCvYPkzERQWtdz_4xAUFDJPApZK1~Jxqfl74p6vpwZJKBOjNHRZQZ~3sG9PeDphbi5GK~SLuok58y74M~kUSbDuhXg3J8M8OsYr9WT12L5.webp 600w\" type=\"image\/webp\"><img decoding=\"async\" class=\"img-fluid\" loading=\"lazy\" width=\"600\" height=\"594\" alt=\"Discours de Chris Clover au gala Sur in English\" src=\"https:\/\/media.panoramamarbella.com\/imgV1\/B95mbh8olwFQm~uCT2wPZMb8hll4wghQQQq6YWg0~c~U_DrmgY8pGP8pqaDzA6mvjyI_OPtcrHD_aKxCvYPkzERQWtdz_4xAUFDJPApZK1~Jxqfl74p6vpwZJKBOjNHRZQZ~3sG9I2mB3Q9NPycTtD5EBvbWiKg-.jpg\"><\/picture>\t\t\t<figcaption class=\"wp-caption-text\">\n\t\tDiscours de Chris Clover lors du gala du 40e anniversaire de Sur in English\t\t<\/figcaption>\n\t\t\t<\/figure>\n\t\n\n\n<h2 class=\"wp-block-heading\">Panorama : Une pierre angulaire du march\u00e9 immobilier de Marbella<\/h2>\n\n\n\n<p>En tant qu&rsquo;<strong><a href=\"https:\/\/www.panoramamarbella.com\/fr\/a-propos\">agence immobili\u00e8re la plus ancienne de Marbella<\/a><\/strong>, Panorama est une pierre angulaire du march\u00e9 de l&rsquo;immobilier de luxe depuis 1970, offrant une expertise et un service \u00e0 la client\u00e8le in\u00e9gal\u00e9s.<\/p>\n\n\n\n<p class=\"clearfix\">Panorama est un acteur cl\u00e9 du <a href=\"https:\/\/www.panoramamarbella.com\/fr\/a-propos\/comment-panorama-a-commence-a-marbella\">march\u00e9 de l&rsquo;immobilier de luxe depuis 1970<\/a>. Depuis <a href=\"https:\/\/www.panoramamarbella.com\/fr\/a-propos\/plus-de-50-ans-a-marbella\">plus de 50 ans<\/a>, Panorama fournit des conseils d&rsquo;experts et un service in\u00e9gal\u00e9 aux acheteurs et aux vendeurs internationaux, consolidant ainsi son statut de leader de confiance dans la r\u00e9gion.<\/p>\n\n\n\n<p class=\"clearfix\">Le directeur g\u00e9n\u00e9ral <a href=\"https:\/\/www.panoramamarbella.com\/fr\/a-propos\/equipe-panorama\/christopher-clover\">Christopher Clover<\/a>, ainsi que ses enfants <a href=\"https:\/\/www.panoramamarbella.com\/fr\/a-propos\/equipe-panorama\/katinka-clover\">Katinka<\/a> et <a href=\"https:\/\/www.panoramamarbella.com\/fr\/a-propos\/equipe-panorama\/alex-clover\">Alex Clover<\/a>, ont re\u00e7u le prix des mains de Manuel Carde\u00f1a (secr\u00e9taire g\u00e9n\u00e9ral du Parti populaire de Marbella-San Pedro depuis 2001), en reconnaissance de leur r\u00f4le de pionniers parmi les plus importants de la communaut\u00e9 internationale dans le sud de l&rsquo;Espagne.<\/p>\n\n\n\n<h2 class=\"wp-block-heading\">Christopher Clover se penche sur le succ\u00e8s de Panorama<\/h2>\n\n\n\n<p>Lors du gala, Christopher Clover a exprim\u00e9 sa gratitude pour cette reconnaissance, d\u00e9clarant que la philosophie de Panorama a toujours \u00e9t\u00e9 de construire des relations fortes et durables avec ses clients, bas\u00e9es sur la confiance et le professionnalisme. Il a soulign\u00e9 que le succ\u00e8s de l&rsquo;agence \u00e9tait le fruit du travail acharn\u00e9 et du d\u00e9vouement de son \u00e9quipe au fil des ans. Le discours de Clover a soulign\u00e9 l&rsquo;importance des relations avec les clients pour soutenir la croissance de l&rsquo;agence et maintenir son r\u00f4le de leader dans le secteur de l&rsquo;immobilier de luxe \u00e0 Marbella.<\/p>\n\n\n<blockquote class=\"testimonial bg-secondary bg-opacity-10 text-dark wp-block-acf-blockquote\">\n    <p class=\"dropcap\">Depuis plus de cinq d\u00e9cennies, Panorama s&rsquo;efforce d&rsquo;offrir le plus haut niveau de service \u00e0 ses clients, dont beaucoup sont des acheteurs et des vendeurs internationaux. Notre philosophie a toujours \u00e9t\u00e9 d&rsquo;\u00e9tablir des relations durables bas\u00e9es sur la confiance et le professionnalisme. Cette reconnaissance t\u00e9moigne du travail acharn\u00e9 et du d\u00e9vouement de notre \u00e9quipe au fil des ans.<\/p>\n<p>&nbsp;<br \/>\n<strong>Christopher Clover <\/strong><\/p>\n    \n<\/blockquote>\n\n\n\n<h3 class=\"wp-block-heading\">Les premi\u00e8res innovations de Panorama dans les ann\u00e9es 1970.<\/h3>\n\n\n\n<p>Katinka Clover se souvient des d\u00e9buts de Panorama, soulignant son approche pionni\u00e8re avec les premiers vols d&rsquo;inspection pour les acheteurs de biens immobiliers \u00e0 Marbella et l&rsquo;aube du march\u00e9 de l&rsquo;immobilier de luxe. Panorama a toujours \u00e9t\u00e9 \u00e0 la pointe de l&rsquo;innovation, lan\u00e7ant m\u00eame tr\u00e8s t\u00f4t son premier site web. Katinka Clover, qui repr\u00e9sente la quatri\u00e8me g\u00e9n\u00e9ration de sa famille dans l&rsquo;immobilier, a fait part de son enthousiasme et de sa fiert\u00e9 de perp\u00e9tuer l&rsquo;h\u00e9ritage familial.<\/p>\n\n\n<blockquote class=\"testimonial bg-secondary bg-opacity-10 text-dark wp-block-acf-blockquote\">\n    <p class=\"dropcap\">I can&rsquo;t imagine a more exciting business to be in, representing the fourth  generation in real estate amongst our family.<\/p>\n<p>&nbsp;<br \/>\n<strong>Katinka Clover<\/strong><\/p>\n    \n<\/blockquote>\n\n\n\n<h3 class=\"wp-block-heading\">Alex Clover on Marbella\u2019s growing real estate opportunities.<\/h3>\n\n\n\n<p>Alex Clover a soulign\u00e9 l&rsquo;importance de lire le <a href=\"https:\/\/www.panoramamarbella.com\/fr\/rapport-de-marche\">rapport sur le march\u00e9 immobilier de Marbella<\/a> r\u00e9dig\u00e9 par son p\u00e8re, en insistant sur la prochaine vague d&rsquo;investissements internationaux et sur la n\u00e9cessit\u00e9 pour les entreprises locales de se montrer \u00e0 la hauteur.<\/p>\n\n\n<blockquote class=\"testimonial bg-secondary bg-opacity-10 text-dark wp-block-acf-blockquote\">\n    <p class=\"dropcap\">Maintenant que Marbella est solidement ancr\u00e9e sur la carte internationale, les entreprises comme Panorama, les entreprises ind\u00e9pendantes, les entreprises locales qui sont ici depuis un certain temps, vont devoir relever le d\u00e9fi de la concurrence. Marbella est l&rsquo;un des march\u00e9s immobiliers les plus comp\u00e9titifs au monde et Panorama est pr\u00eat \u00e0 relever le d\u00e9fi.<\/p>\n<p>&nbsp;<br \/>\n<strong>Alex Clover<\/strong><\/p>\n    \n<\/blockquote>\n\n\n\n<h2 class=\"wp-block-heading\">Autres personnes honor\u00e9es lors du gala<\/h2>\n\n\n\n<p>Outre le Panorama, d&rsquo;autres institutions ont \u00e9t\u00e9 r\u00e9compens\u00e9es pour leur contribution \u00e0 la r\u00e9gion. <strong>Le d\u00e9partement des r\u00e9sidents \u00e9trangers de Mijas<\/strong>, la <strong>fondation du cimeti\u00e8re anglais de Malaga<\/strong> et la <strong>chambre de commerce britannique<\/strong> ont \u00e9galement \u00e9t\u00e9 r\u00e9compens\u00e9s pour leurs efforts visant \u00e0 soutenir la communaut\u00e9 des expatri\u00e9s et \u00e0 favoriser les liens entre les r\u00e9sidents internationaux et la soci\u00e9t\u00e9 locale.<\/p>\n\n\n\n<h2 class=\"wp-block-heading\">La vision de Panorama pour l&rsquo;avenir de l&rsquo;immobilier \u00e0 Marbella<\/h2>\n\n\n\n<p>Alors que Marbella continue d&rsquo;attirer les investisseurs immobiliers internationaux, Panorama reste \u00e0 l&rsquo;avant-garde, guidant ses clients \u00e0 travers les complexit\u00e9s du <a href=\"https:\/\/www.panoramamarbella.com\/fr\/guide-vendeur\">processus d&rsquo;<\/a> <a href=\"https:\/\/www.panoramamarbella.com\/fr\/guide-acheteur\">achat<\/a> et de <a href=\"https:\/\/www.panoramamarbella.com\/fr\/guide-vendeur\">vente<\/a>. L&rsquo;expertise de l&rsquo;agence et sa pr\u00e9sence de longue date ont consolid\u00e9 sa position de leader sur le <a href=\"https:\/\/www.panoramamarbella.com\/fr\/proprietes\/luxe\">march\u00e9 de l&rsquo;immobilier de luxe<\/a>.<\/p>\n\n\n\n<p>Christopher Clover a soulign\u00e9 l&rsquo;importance que Panorama accorde \u00e0 l&rsquo;avenir \u00e0 la fourniture d&rsquo;un service exceptionnel, afin que <a href=\"https:\/\/www.panoramamarbella.com\/fr\/news\/marbella-meilleure-destination-europeenne-2024\">Marbella reste l&rsquo;une des premi\u00e8res destinations europ\u00e9ennes<\/a> pour la vie et l&rsquo;investissement de luxe.<\/p>\n\n\n\n<h2 class=\"wp-block-heading\">Galerie d&rsquo;images<\/h2>\n\n\n \n\t<div class=\"wp-gallery row row-cols-2 row-cols-lg-3 row-cols-xxl-4 g-3 mb-4\">\n\t\t\t\t<div class=\"col\">\n\t\t\t\t\t\t<a data-fancybox=\"wp-gallery\" href=\"https:\/\/media.panoramamarbella.com\/imgV1\/B95mbh8olwFQm~uCT2wPZMb8hll4wghQQQq6YWg0~c~U_DrmgY8pGP8pqaDzA6mvjyI_OPtcrHD_aKxCvYPkzBe4wa9M0VTtgQLKvFMdEnzQQdZ86e9vkr20zzy9uhqCP92nbftw6FsWvTHv8a2a3W5Dq3l2bt57WA--.jpg\">\n\t\t\t\t<figure class=\"ratio ratio-1x1 mb-0\">\n\t\t\t\t\t<picture><source width=\"500\" height=\"500\" srcset=\"https:\/\/media.panoramamarbella.com\/imgV1\/B95mbh8olwFQm~uCT2wPZMb8hll4wghQQQq6YWg0~c~U_DrmgY8pGP8pqaDzA6mvjyI_OPtcrHD_aKxCvYPkzBe4wa9M0VTtgQLKvFMdEnzQQdZ86e9vltXRPCEZJ50wvhUJA9aua_ABKDKhL4RDzDL78STPdw~ytF3IOfhTm4zEiA6ClRAVY0B1.webp 500w,https:\/\/media.panoramamarbella.com\/imgV1\/B95mbh8olwFQm~uCT2wPZMb8hll4wghQQQq6YWg0~c~U_DrmgY8pGP8pqaDzA6mvjyI_OPtcrHD_aKxCvYPkzBe4wa9M0VTtgQLKvFMdEnzQQdZ86e9vkaTGpVs3LF_1ibEP595fhIKPWpdzrp_boYJ93TLzAtFTq9dHgnfZ2Msw4Ze1_84L37KM.webp 225w\" type=\"image\/webp\"><img loading=\"lazy\" decoding=\"async\" class=\"position-absolute w-100 h-100 object-fit-cover\" alt=\"Sur in English Gala Image 01\" width=\"500\" height=\"500\" src=\"https:\/\/media.panoramamarbella.com\/imgV1\/B95mbh8olwFQm~uCT2wPZMb8hll4wghQQQq6YWg0~c~U_DrmgY8pGP8pqaDzA6mvjyI_OPtcrHD_aKxCvYPkzBe4wa9M0VTtgQLKvFMdEnzQQdZ86e9vltXRPCEZJ50wvhUJA9audToOpVZY9mbW3BghV0FL1Oc-.jpg\"><\/picture>\t\t\t\t<\/figure>\n\t\t\t<\/a>\n\t\t\t\t\t<\/div>\n\t\t\t\t<div class=\"col\">\n\t\t\t\t\t\t<a data-fancybox=\"wp-gallery\" href=\"https:\/\/media.panoramamarbella.com\/imgV1\/B95mbh8olwFQm~uCT2wPZMb8hll4wghQQQq6YWg0~c~U_DrmgY8pGP8pqaDzA6mvjyI_OPtcrHD_aKxCvYPkzBe7Ob~bBsvML3kVZmwMftbkDxTfX26V86OCIxpIySVfC0tfeDKDKbVRJ9UvJNaEFd6TWyRtXN2E0w--.jpg\">\n\t\t\t\t<figure class=\"ratio ratio-1x1 mb-0\">\n\t\t\t\t\t<picture><source width=\"500\" height=\"500\" srcset=\"https:\/\/media.panoramamarbella.com\/imgV1\/B95mbh8olwFQm~uCT2wPZMb8hll4wghQQQq6YWg0~c~U_DrmgY8pGP8pqaDzA6mvjyI_OPtcrHD_aKxCvYPkzBe7Ob~bBsvML3kVZmwMftbkDxTfX26V970hxCjReS7iVw4nD0clqM2oShOHOK6TmObtRaWnA0Loa3Mf5V1yDfxn25GKtNgla~IU.webp 500w,https:\/\/media.panoramamarbella.com\/imgV1\/B95mbh8olwFQm~uCT2wPZMb8hll4wghQQQq6YWg0~c~U_DrmgY8pGP8pqaDzA6mvjyI_OPtcrHD_aKxCvYPkzBe7Ob~bBsvML3kVZmwMftbkDxTfX26V8Cy5rhpsO6UcOpLCMergYfU5cZI8xc_RUsr_zvdu7sqsk2SsyQ69iLH~KzHb91xeizzF.webp 225w\" type=\"image\/webp\"><img loading=\"lazy\" decoding=\"async\" class=\"position-absolute w-100 h-100 object-fit-cover\" alt=\"Sur in English Gala Image 02\" width=\"500\" height=\"500\" src=\"https:\/\/media.panoramamarbella.com\/imgV1\/B95mbh8olwFQm~uCT2wPZMb8hll4wghQQQq6YWg0~c~U_DrmgY8pGP8pqaDzA6mvjyI_OPtcrHD_aKxCvYPkzBe7Ob~bBsvML3kVZmwMftbkDxTfX26V970hxCjReS7iVw4nD0cltv5WP5pXEOTh_dUSFXXF35o-.jpg\"><\/picture>\t\t\t\t<\/figure>\n\t\t\t<\/a>\n\t\t\t\t\t<\/div>\n\t\t\t\t<div class=\"col\">\n\t\t\t\t\t\t<a data-fancybox=\"wp-gallery\" href=\"https:\/\/media.panoramamarbella.com\/imgV1\/B95mbh8olwFQm~uCT2wPZMb8hll4wghQQQq6YWg0~c~U_DrmgY8pGP8pqaDzA6mvjyI_OPtcrHD_aKxCvYPkzBe6RTbaD41TOb8uktasfX8Vdwi9FyqalP9SWTGJzoR~SsbTubTEGP~1r49h9wpMp4jyJoQzuZXzyQ--.jpg\">\n\t\t\t\t<figure class=\"ratio ratio-1x1 mb-0\">\n\t\t\t\t\t<picture><source width=\"500\" height=\"500\" srcset=\"https:\/\/media.panoramamarbella.com\/imgV1\/B95mbh8olwFQm~uCT2wPZMb8hll4wghQQQq6YWg0~c~U_DrmgY8pGP8pqaDzA6mvjyI_OPtcrHD_aKxCvYPkzBe6RTbaD41TOb8uktasfX8Vdwi9FyqakJEhiJFx54slMBSF_V1arGaa~LR_u8pHxeTtT0CY_7uRb_vW01owj5Z97JccRDxLKdK7.webp 500w,https:\/\/media.panoramamarbella.com\/imgV1\/B95mbh8olwFQm~uCT2wPZMb8hll4wghQQQq6YWg0~c~U_DrmgY8pGP8pqaDzA6mvjyI_OPtcrHD_aKxCvYPkzBe6RTbaD41TOb8uktasfX8Vdwi9Fyqal~S~mP0T6llFFKvMR9M7R~14sb8re3z7P2apxhg~OE773y30TafJQVItRQHnsRlC390p.webp 225w\" type=\"image\/webp\"><img loading=\"lazy\" decoding=\"async\" class=\"position-absolute w-100 h-100 object-fit-cover\" alt=\"Chris receives the\" width=\"500\" height=\"500\" src=\"https:\/\/media.panoramamarbella.com\/imgV1\/B95mbh8olwFQm~uCT2wPZMb8hll4wghQQQq6YWg0~c~U_DrmgY8pGP8pqaDzA6mvjyI_OPtcrHD_aKxCvYPkzBe6RTbaD41TOb8uktasfX8Vdwi9FyqakJEhiJFx54slMBSF_V1asgviHDNxGT4F6cdJACSyW3I-.jpg\"><\/picture>\t\t\t\t<\/figure>\n\t\t\t<\/a>\n\t\t\t\t\t<\/div>\n\t\t\t\t<div class=\"col\">\n\t\t\t\t\t\t<a data-fancybox=\"wp-gallery\" href=\"https:\/\/media.panoramamarbella.com\/imgV1\/B95mbh8olwFQm~uCT2wPZMb8hll4wghQQQq6YWg0~c~U_DrmgY8pGP8pqaDzA6mvjyI_OPtcrHD_aKxCvYPkzBe9VR9BgxzaGLWwzLkjGNnet4lYKWF_4KA8Na4vWqPUBaytnVnoxE_R0ovRb1QLel5ahaGMhhPe2A--.jpg\">\n\t\t\t\t<figure class=\"ratio ratio-1x1 mb-0\">\n\t\t\t\t\t<picture><source width=\"500\" height=\"500\" srcset=\"https:\/\/media.panoramamarbella.com\/imgV1\/B95mbh8olwFQm~uCT2wPZMb8hll4wghQQQq6YWg0~c~U_DrmgY8pGP8pqaDzA6mvjyI_OPtcrHD_aKxCvYPkzBe9VR9BgxzaGLWwzLkjGNnet4lYKWF_5AtOHOCOT0W~Z6QCOXRMysTylnR8x6_iUO5QavDjx9kjyBWUOJjFhkE2HN_QZNNtQ7vS.webp 500w,https:\/\/media.panoramamarbella.com\/imgV1\/B95mbh8olwFQm~uCT2wPZMb8hll4wghQQQq6YWg0~c~U_DrmgY8pGP8pqaDzA6mvjyI_OPtcrHD_aKxCvYPkzBe9VR9BgxzaGLWwzLkjGNnet4lYKWF_45f9yiJyA8PHAxGfTXtgbTOpJve5M3E3B~0pa4u_t_ubzge0Ks_FgndNNqwGrUQT1l5l.webp 225w\" type=\"image\/webp\"><img loading=\"lazy\" decoding=\"async\" class=\"position-absolute w-100 h-100 object-fit-cover\" alt=\"Sur in English Gala Image 04\" width=\"500\" height=\"500\" src=\"https:\/\/media.panoramamarbella.com\/imgV1\/B95mbh8olwFQm~uCT2wPZMb8hll4wghQQQq6YWg0~c~U_DrmgY8pGP8pqaDzA6mvjyI_OPtcrHD_aKxCvYPkzBe9VR9BgxzaGLWwzLkjGNnet4lYKWF_5AtOHOCOT0W~Z6QCOXRM1OpDL2w2I5~iQahXKDndYSQ-.jpg\"><\/picture>\t\t\t\t<\/figure>\n\t\t\t<\/a>\n\t\t\t\t\t<\/div>\n\t\t\t\t<div class=\"col\">\n\t\t\t\t\t\t<a data-fancybox=\"wp-gallery\" href=\"https:\/\/media.panoramamarbella.com\/imgV1\/B95mbh8olwFQm~uCT2wPZMb8hll4wghQQQq6YWg0~c~U_DrmgY8pGP8pqaDzA6mvjyI_OPtcrHD_aKxCvYPkzBe8b6gG3jcGHcJ5wZ1YnBm5DO5XaB8CcMjT~1VUjdp6J39UlCxrJPcIgXGFMlS1eO8hA3b7EUI8Cg--.jpg\">\n\t\t\t\t<figure class=\"ratio ratio-1x1 mb-0\">\n\t\t\t\t\t<picture><source width=\"500\" height=\"500\" srcset=\"https:\/\/media.panoramamarbella.com\/imgV1\/B95mbh8olwFQm~uCT2wPZMb8hll4wghQQQq6YWg0~c~U_DrmgY8pGP8pqaDzA6mvjyI_OPtcrHD_aKxCvYPkzBe8b6gG3jcGHcJ5wZ1YnBm5DO5XaB8CdCl_jG8Kn5EFblHEqBztFOOMYELFtfC_vm_hrSqfpYJSjUuPEtsGl38M3z~9EkY1gyYg.webp 500w,https:\/\/media.panoramamarbella.com\/imgV1\/B95mbh8olwFQm~uCT2wPZMb8hll4wghQQQq6YWg0~c~U_DrmgY8pGP8pqaDzA6mvjyI_OPtcrHD_aKxCvYPkzBe8b6gG3jcGHcJ5wZ1YnBm5DO5XaB8CcwjQhR4Ar54~FLvnQwqf0k9_G7qokkR25Mwth5sSrSQLaNm0ujuVdCTonwy90kPe1kpN.webp 225w\" type=\"image\/webp\"><img loading=\"lazy\" decoding=\"async\" class=\"position-absolute w-100 h-100 object-fit-cover\" alt=\"Sur in English Gala Image 05\" width=\"500\" height=\"500\" src=\"https:\/\/media.panoramamarbella.com\/imgV1\/B95mbh8olwFQm~uCT2wPZMb8hll4wghQQQq6YWg0~c~U_DrmgY8pGP8pqaDzA6mvjyI_OPtcrHD_aKxCvYPkzBe8b6gG3jcGHcJ5wZ1YnBm5DO5XaB8CdCl_jG8Kn5EFblHEqBztCn5ZGeUex8C~cZSJp7UXdKw-.jpg\"><\/picture>\t\t\t\t<\/figure>\n\t\t\t<\/a>\n\t\t\t\t\t<\/div>\n\t\t\t<\/div>\n\n\n\n<h2 class=\"wp-block-heading\">Le r\u00f4le de SUR in English dans l&rsquo;\u00e9tablissement de liens entre les communaut\u00e9s<\/h2>\n\n\n\n<p>Le gala n&rsquo;\u00e9tait pas seulement une c\u00e9l\u00e9bration des quatre d\u00e9cennies de service de <em>SUR in English<\/em>, mais aussi une reconnaissance du r\u00f4le vital que des entreprises comme Panorama ont jou\u00e9 dans le fa\u00e7onnement de l&rsquo;identit\u00e9 multiculturelle de la r\u00e9gion. Le journal a permis aux r\u00e9sidents internationaux de rester inform\u00e9s et en contact avec la communaut\u00e9 locale, contribuant ainsi \u00e0 l&rsquo;int\u00e9gration des expatri\u00e9s dans la soci\u00e9t\u00e9 espagnole.<\/p>\n\n\n\n<h2 class=\"wp-block-heading\">L&rsquo;engagement de Panorama en faveur de l&rsquo;innovation et de l&rsquo;excellence<\/h2>\n\n\n\n<p>Pour l&rsquo;avenir, Panorama s&rsquo;engage \u00e0 \u00e9voluer avec son temps tout en maintenant ses valeurs fondamentales de confiance, de professionnalisme et de service \u00e0 la client\u00e8le. Gr\u00e2ce \u00e0 sa connaissance approfondie du march\u00e9 local et \u00e0 son souci constant d&rsquo;obtenir des r\u00e9sultats, Panorama continue d&rsquo;ouvrir la voie de l&rsquo;immobilier de luxe sur la Costa del Sol, en veillant \u00e0 ce que Marbella reste un choix de premier ordre pour les acheteurs de biens immobiliers haut de gamme du monde entier.<\/p>\n\n\n\n<p>Source :<br><a href=\"https:\/\/www.surinenglish.com\/malaga\/costa-sol-celebrates-40th-anniversary-sur-english-20241007213016-nt.html\" target=\"_blank\" rel=\"noreferrer noopener nofollow\">https:\/\/www.surinenglish.com<\/a><\/p>\n","protected":false},"excerpt":{"rendered":"<p>Panorama was honoured at the SUR in English\u2019s 40th-anniversary gala for its more than 50 years of service.<\/p>\n","protected":false},"author":7,"featured_media":7939,"comment_status":"closed","ping_status":"closed","sticky":false,"template":"","format":"standard","meta":{"_acf_changed":false,"footnotes":""},"categories":[209],"tags":[],"class_list":["post-7921","post","type-post","status-publish","format-standard","has-post-thumbnail","hentry","category-distinctions-panorama"],"acf":[],"_links":{"self":[{"href":"https:\/\/www.panoramamarbella.com\/fr\/wp-json\/wp\/v2\/posts\/7921","targetHints":{"allow":["GET"]}}],"collection":[{"href":"https:\/\/www.panoramamarbella.com\/fr\/wp-json\/wp\/v2\/posts"}],"about":[{"href":"https:\/\/www.panoramamarbella.com\/fr\/wp-json\/wp\/v2\/types\/post"}],"author":[{"embeddable":true,"href":"https:\/\/www.panoramamarbella.com\/fr\/wp-json\/wp\/v2\/users\/7"}],"replies":[{"embeddable":true,"href":"https:\/\/www.panoramamarbella.com\/fr\/wp-json\/wp\/v2\/comments?post=7921"}],"version-history":[{"count":1,"href":"https:\/\/www.panoramamarbella.com\/fr\/wp-json\/wp\/v2\/posts\/7921\/revisions"}],"predecessor-version":[{"id":17622,"href":"https:\/\/www.panoramamarbella.com\/fr\/wp-json\/wp\/v2\/posts\/7921\/revisions\/17622"}],"wp:featuredmedia":[{"embeddable":true,"href":"https:\/\/www.panoramamarbella.com\/fr\/wp-json\/wp\/v2\/media\/7939"}],"wp:attachment":[{"href":"https:\/\/www.panoramamarbella.com\/fr\/wp-json\/wp\/v2\/media?parent=7921"}],"wp:term":[{"taxonomy":"category","embeddable":true,"href":"https:\/\/www.panoramamarbella.com\/fr\/wp-json\/wp\/v2\/categories?post=7921"},{"taxonomy":"post_tag","embeddable":true,"href":"https:\/\/www.panoramamarbella.com\/fr\/wp-json\/wp\/v2\/tags?post=7921"}],"curies":[{"name":"wp","href":"https:\/\/api.w.org\/{rel}","templated":true}]}}