{"id":8875,"date":"2024-11-18T15:09:28","date_gmt":"2024-11-18T14:09:28","guid":{"rendered":"https:\/\/www.panoramamarbella.com\/news\/marbella-en-invierno-lugares"},"modified":"2024-11-19T16:28:43","modified_gmt":"2024-11-19T15:28:43","slug":"marbella-en-hiver","status":"publish","type":"post","link":"https:\/\/www.panoramamarbella.com\/fr\/news\/marbella-en-hiver","title":{"rendered":"Marbella en hiver : meilleurs endroits pour profiter du soleil"},"content":{"rendered":"\n\n<h2 class=\"wp-block-heading\">Marbella en hiver<\/h2>\n\n\n<div class=\"lead\"><p>L&rsquo;hiver \u00e0 Marbella est une saison comme nulle autre. Si vous cherchez les meilleurs endroits pour profiter du soleil hivernal, ne cherchez pas plus loin. Alors qu&rsquo;une grande partie de l&rsquo;Europe affronte des temp\u00e9ratures glaciales et des ciels gris, Marbella b\u00e9n\u00e9ficie d&rsquo;un climat doux et d&rsquo;un ensoleillement g\u00e9n\u00e9reux.<\/p>\n<\/div>\n\n\n<ul class=\"table-index list-unstyled p-4 p-lg-5 ms-0 bg-light\"><li class=\"text-uppercase fw-bold mb-3\">Table des mati\u00e8res<\/li><li><a href=\"#marbella+en+hiver\">\nMarbella en hiver\n<\/a><\/li>\n<li><a href=\"#le+climat+de+marbella+en+hiver++a+quoi+sattendre+\">\nLe climat de Marbella en hiver : \u00e0 quoi s\u2019attendre ?\n<\/a><\/li>\n<li><a href=\"#les+tresors+en+plein+air+de+marbella\">\nLes tr\u00e9sors en plein air de Marbella\n<\/a><\/li>\n<li><a href=\"#conseils+pour+profiter+du+soleil+hivernal+a+marbella\">\nConseils pour profiter du soleil hivernal \u00e0 Marbella\n<\/a><\/li>\n<li><a href=\"#ou+manger+a+marbella+pour+profiter+du+soleil+hivernal\">\nO\u00f9 manger \u00e0 Marbella pour profiter du soleil hivernal\n<\/a><\/li>\n<li><a href=\"#conclusion\">\nConclusion\n<\/a><\/li><\/ul>\n\n\n\n<h2 class=\"wp-block-heading\">Le climat de Marbella en hiver : \u00e0 quoi s\u2019attendre ?<\/h2>\n\n\n\t<figure class=\"wp-caption alignright wp-block-acf-wpimage\">\n\t<picture><source width=\"600\" height=\"467\" srcset=\"https:\/\/media.panoramamarbella.com\/imgV1\/B95mbh8olwFQm~uCT2wPZMb8hll4wghQQQq6YWg0~c~U_DrmgY8pGP8pqaDzA6mvjyI_OPtcrHD_aKxCvYPlv4tXSOxIeHKfwn3Aaw~_IPTqFpCLuTKXoIh17gXniN~1tikFtzapjksZdiSPlVkrVMa6_CnuPHBRcAY5qkBho0FpWpoiAc~uIvo_wVIPVxQ-.webp 600w\" type=\"image\/webp\"><img decoding=\"async\" class=\"img-fluid\" loading=\"lazy\" width=\"600\" height=\"467\" alt=\"Prendre un caf\u00e9 sous le soleil d&#039;hiver de Marbella\" src=\"https:\/\/media.panoramamarbella.com\/imgV1\/B95mbh8olwFQm~uCT2wPZMb8hll4wghQQQq6YWg0~c~U_DrmgY8pGP8pqaDzA6mvjyI_OPtcrHD_aKxCvYPlv4tXSOxIeHKfwn3Aaw~_IPTqFpCLuTKXoIh17gXniN~1tikFtzapjksZdiSRojd_1VcBBClsH~2jwkLN4A--.jpg\"><\/picture>\t\t<\/figure>\n\t\n\n\n<p>L\u2019hiver \u00e0 Marbella est r\u00e9put\u00e9 pour sa douceur, avec des temp\u00e9ratures moyennes diurnes oscillant entre 16 \u00b0C et 19 \u00b0C de d\u00e9cembre \u00e0 f\u00e9vrier. Cependant, cette chaleur est souvent ressentie comme encore plus agr\u00e9able gr\u00e2ce \u00e0 l&rsquo;abondance de soleil et au microclimat unique de la r\u00e9gion, prot\u00e9g\u00e9 par les montagnes de la Sierra Blanca.<\/p>\n\n\n\n<p class=\"clearfix\">Cette barri\u00e8re naturelle prot\u00e8ge Marbella des vents froids du nord, permettant ainsi des temp\u00e9ratures plus stables et confortables.<\/p>\n\n\n\n<h3 class=\"wp-block-heading\">Les heures d\u2019ensoleillement.<\/h3>\n\n\n\n<p>Marbella b\u00e9n\u00e9ficie de 5 \u00e0 6 heures de soleil par jour en hiver, bien plus que la majorit\u00e9 des villes d\u2019Europe du Nord. La plupart des journ\u00e9es, le soleil brille intens\u00e9ment de la fin de la matin\u00e9e jusqu\u2019en milieu d\u2019apr\u00e8s-midi, offrant une ambiance printani\u00e8re m\u00eame en plein hiver.<\/p>\n\n\n\n<h3 class=\"wp-block-heading\">L\u2019effet du vent et le microclimat.<\/h3>\n\n\n\n<p>Un des aspects les plus agr\u00e9ables de l\u2019hiver \u00e0 Marbella est qu\u2019en l\u2019absence de vent, la chaleur du soleil permet de profiter confortablement du plein air. M\u00eame en janvier, alors que l\u2019Europe traverse sa p\u00e9riode la plus froide, la c\u00f4te de Marbella peut offrir une sensation de chaleur douce et agr\u00e9able. Cette douceur diminue l\u00e9g\u00e8rement \u00e0 mesure que l\u2019on s\u2019\u00e9loigne vers l\u2019int\u00e9rieur des terres, mais les zones proches de Marbella restent beaucoup plus chaudes que la moyenne des temp\u00e9ratures hivernales en Europe.<\/p>\n\n\n\n<h5 class=\"wp-block-heading\">Un graphique ci-dessous pr\u00e9sente les temp\u00e9ratures moyennes de l\u2019hiver \u00e0 Marbella et met en \u00e9vidence les diff\u00e9rences de temp\u00e9rature entre les zones c\u00f4ti\u00e8res et les r\u00e9gions l\u00e9g\u00e8rement plus \u00e9loign\u00e9es vers l\u2019int\u00e9rieur.<\/h5>\n\n\n\t<figure class=\"wp-caption aligncenter wp-block-acf-wpimage\">\n\t<picture><source width=\"900\" height=\"602\" srcset=\"https:\/\/media.panoramamarbella.com\/imgV1\/B95mbh8olwFQm~uCT2wPZMb8hll4wghQQQq6YWg0~c~U_DrmgY8pGP8pqaDzA6mvjyI_OPtcrHD_aKxCvYPlv4_LowXOkdHrxjpJK_3chacz2s4FHa8Kgdim2ULVChRVUZS3KhN9ro0Ryep9HK~Yf7l_fzEkjCR5AzHfecI1sHJuIAm98_a4_YRmFyjd4Q--.webp 900w\" type=\"image\/webp\"><img decoding=\"async\" class=\"img-fluid\" loading=\"lazy\" width=\"900\" height=\"602\" alt=\"Climat hivernal de Marbella : temp\u00e9ratures maximales moyennes\" src=\"https:\/\/media.panoramamarbella.com\/imgV1\/B95mbh8olwFQm~uCT2wPZMb8hll4wghQQQq6YWg0~c~U_DrmgY8pGP8pqaDzA6mvjyI_OPtcrHD_aKxCvYPlv4_LowXOkdHrxjpJK_3chacz2s4FHa8Kgdim2ULVChRVUZS3KhN9ro0RyfTPQX5PsANlYUhM83msEXPW.jpg\"><\/picture>\t\t\t<figcaption class=\"wp-caption-text\">\n\t\tClimat hivernal de Marbella : temp\u00e9ratures maximales moyennes\t\t<\/figcaption>\n\t\t\t<\/figure>\n\t\n\n\n<h2 class=\"wp-block-heading\">Les tr\u00e9sors en plein air de Marbella<\/h2>\n\n\n\n<p>Voici un guide exclusif pour profiter des tr\u00e9sors en plein air de Marbella, des lieux pittoresques aux d\u00eeners en terrasse avec des vues spectaculaires.<\/p>\n\n\n\t<figure class=\"wp-caption aligncenter wp-block-acf-wpimage\">\n\t<picture><source width=\"900\" height=\"600\" srcset=\"https:\/\/media.panoramamarbella.com\/imgV1\/B95mbh8olwFQm~uCT2wPZMb8hll4wghQQQq6YWg0~c~U_DrmgY8pGP8pqaDzA6mvjyI_OPtcrHD_aKxCvYPlv4RXr5ZaC9DirchfAXJrPHdexBLtWqGd8r2_MtITdGHjlrYZc7RZnmOv2YfJlBZDf2~0Puuao9qCBQ83Ka~~rB_Z5Dx5dBw9TyS_ebej8xBJ.webp 900w\" type=\"image\/webp\"><img decoding=\"async\" class=\"img-fluid\" loading=\"lazy\" width=\"900\" height=\"600\" alt=\"Montagne La Concha \u00e0 Marbella\" src=\"https:\/\/media.panoramamarbella.com\/imgV1\/B95mbh8olwFQm~uCT2wPZMb8hll4wghQQQq6YWg0~c~U_DrmgY8pGP8pqaDzA6mvjyI_OPtcrHD_aKxCvYPlv4RXr5ZaC9DirchfAXJrPHdexBLtWqGd8r2_MtITdGHjlrYZc7RZnmOv2YfJioS2VSMLOOwJey8y7V8VkWM-.jpg\"><\/picture>\t\t<\/figure>\n\t\n\n\n<h3 class=\"wp-block-heading\">1. La montagne de La Concha<\/h3>\n\n\n\n<p>L\u2019un des lieux les plus embl\u00e9matiques de Marbella, la montagne de La Concha, offre des vues incomparables et du soleil tout l\u2019hiver. L\u2019ascension de son sommet est une activit\u00e9 pris\u00e9e des locaux et des visiteurs, r\u00e9compensant les courageux avec des panoramas spectaculaires sur la c\u00f4te. Pour une exp\u00e9rience plus tranquille, explorez les sentiers qui entourent les contreforts de la montagne, o\u00f9 vous pourrez \u00e9galement profiter du soleil et d\u2019un paysage \u00e0 couper le souffle.<\/p>\n\n\n\n<h3 class=\"wp-block-heading\">2. Plaza de los Naranjos.<\/h3>\n\n\n\n<p>Situ\u00e9e au c\u0153ur de la vieille ville de Marbella, la Plaza de los Naranjos est une charmante place bord\u00e9e d\u2019orangers et de caf\u00e9s anim\u00e9s. En hiver, le soleil illumine la place, cr\u00e9ant une ambiance id\u00e9ale pour savourer un caf\u00e9 ou un repas en plein air, entour\u00e9 de l\u2019architecture traditionnelle espagnole. Promenez-vous dans les ruelles \u00e9troites environnantes, o\u00f9 vous d\u00e9couvrirez des boutiques, des galeries d\u2019art et une touche de l\u2019histoire de Marbella.<\/p>\n\n\n\t<figure class=\"wp-caption aligncenter wp-block-acf-wpimage\">\n\t<picture><source width=\"900\" height=\"600\" srcset=\"https:\/\/media.panoramamarbella.com\/imgV1\/B95mbh8olwFQm~uCT2wPZMb8hll4wghQQQq6YWg0~c~U_DrmgY8pGP8pqaDzA6mvjyI_OPtcrHD_aKxCvYPlv5h_YubcEHod8d2Uy~JOLyqAey1ciFJXtMuLR~nfKA_ifp70zpiElJcsZPXMCGT9eSzDhUFBNkTRGxXlNhoumzrUnWoa3fM0ZUnecUb~5QBN.webp 900w\" type=\"image\/webp\"><img decoding=\"async\" class=\"img-fluid\" loading=\"lazy\" width=\"900\" height=\"600\" alt=\"Plage de Puerto Ban\u00fas\" src=\"https:\/\/media.panoramamarbella.com\/imgV1\/B95mbh8olwFQm~uCT2wPZMb8hll4wghQQQq6YWg0~c~U_DrmgY8pGP8pqaDzA6mvjyI_OPtcrHD_aKxCvYPlv5h_YubcEHod8d2Uy~JOLyqAey1ciFJXtMuLR~nfKA_ifp70zpiElJcsZPXMFg429nRZGmDFQ2Cr8Me1jys-.jpg\"><\/picture>\t\t<\/figure>\n\t\n\n\n<h3 class=\"wp-block-heading\">3. La marina de Puerto Ban\u00fas.<\/h3>\n\n\n\n<p><a href=\"https:\/\/www.panoramamarbella.com\/fr\/zones\/puerto-banus\" data-type=\"areas\" data-id=\"7497\">Puerto Ban\u00fas<\/a> est c\u00e9l\u00e8bre pour ses yachts luxueux et sa vie nocturne vibrante, mais c\u2019est aussi un endroit fantastique pour profiter d\u2019une journ\u00e9e ensoleill\u00e9e d\u2019hiver au bord de la mer. Avec sa promenade bord\u00e9e de boutiques, restaurants et caf\u00e9s, c\u2019est le lieu id\u00e9al pour observer les passants et appr\u00e9cier le soleil hivernal. Son ambiance d\u00e9tendue et sa marina scintillante offrent un cadre parfait pour une pause \u00e0 midi.<\/p>\n\n\n\n<h3 class=\"wp-block-heading\">4. Les dunes d\u2019Artola (Playa de Cabopino)<\/h3>\n\n\n\n<p>La plage de Cabopino et les dunes d\u2019Artola adjacentes sont des merveilles naturelles prot\u00e9g\u00e9es de l\u2019urbanisation, id\u00e9ales pour une escapade hivernale. Avec sa large \u00e9tendue de sable et son atmosph\u00e8re paisible, cet endroit est un favori pour prendre le soleil m\u00eame en hiver. Les dunes, travers\u00e9es par des passerelles en bois, offrent une promenade pittoresque en bord de mer. <\/p>\n\n\n\n<p>Arr\u00eatez-vous dans l\u2019un des chiringuitos ouverts toute l\u2019ann\u00e9e pour d\u00e9guster des fruits de mer frais.<\/p>\n\n\n\t<figure class=\"wp-caption aligncenter wp-block-acf-wpimage\">\n\t<picture><source width=\"900\" height=\"490\" srcset=\"https:\/\/media.panoramamarbella.com\/imgV1\/B95mbh8olwFQm~uCT2wPZMb8hll4wghQQQq6YWg0~c~U_DrmgY8pGP8pqaDzA6mvjyI_OPtcrHD_aKxCvYPlv4USTiHxTv3ssr1KQzX_uNF82Eo77Ja2VYnw6phPXMHBKYAYyoMaGWzOloCjE0aGGu4BcxrsuoM3Y79j9aKWxzFaxna9ulr~M~CZW2D2KiIMapg-.webp 900w\" type=\"image\/webp\"><img decoding=\"async\" class=\"img-fluid\" loading=\"lazy\" width=\"900\" height=\"490\" alt=\"Zone du Golden Mile de Marbella\" src=\"https:\/\/media.panoramamarbella.com\/imgV1\/B95mbh8olwFQm~uCT2wPZMb8hll4wghQQQq6YWg0~c~U_DrmgY8pGP8pqaDzA6mvjyI_OPtcrHD_aKxCvYPlv4USTiHxTv3ssr1KQzX_uNF82Eo77Ja2VYnw6phPXMHBKYAYyoMaGWzOloCjE0aYYCNUhDYL3l_1snmVeQ_atg--.jpg\"><\/picture>\t\t<\/figure>\n\t\n\n\n<h3 class=\"wp-block-heading\">5. La Mille d\u2019Or de Marbella.<\/h3>\n\n\n\n<p><a href=\"https:\/\/www.panoramamarbella.com\/fr\/zones\/le-mille-dor-de-marbella\" data-type=\"areas\" data-id=\"1496\">La Mille d\u2019Or<\/a> relie Marbella \u00e0 <a href=\"https:\/\/www.panoramamarbella.com\/fr\/zones\/puerto-banus\">Puerto Ban\u00fas<\/a> et est bord\u00e9e de palmiers, de villas luxueuses et de vues sur la mer. Une promenade le long de ce chemin c\u00f4tier est une mani\u00e8re id\u00e9ale de profiter du soleil hivernal. Les nombreux caf\u00e9s et restaurants avec terrasses en plein air offrent des lieux parfaits pour se d\u00e9tendre et absorber les rayons du soleil. Visitez l\u2019un des clubs de plage exclusifs, comme le c\u00e9l\u00e8bre <a href=\"https:\/\/www.panoramamarbella.com\/fr\/zones\/le-mille-dor-de-marbella\/puente-romano\" data-type=\"areas\" data-id=\"7205\">Puente Romano<\/a> ou le Marbella Club Hotel, pour un d\u00e9jeuner savoureux avec une vue imprenable.<\/p>\n\n\n\t<figure class=\"wp-caption aligncenter wp-block-acf-wpimage\">\n\t<picture><source width=\"900\" height=\"600\" srcset=\"https:\/\/media.panoramamarbella.com\/imgV1\/B95mbh8olwFQm~uCT2wPZMb8hll4wghQQQq6YWg0~c~U_DrmgY8pGP8pqaDzA6mvjyI_OPtcrHD_aKxCvYPlv5uRS2OB~u5u5HlofnQHZ3yBjPvv~ry7eDHu0wM6YgQDxFwuNWNMMmchKC8Ndpd2tJfAShstxC~vLubMBmDLPA5wlrIOCDunGXpjeeX719o-.webp 900w\" type=\"image\/webp\"><img decoding=\"async\" class=\"img-fluid\" loading=\"lazy\" width=\"900\" height=\"600\" alt=\"Bulevar \u00e0 San Pedro de Alc\u00e1ntara\" src=\"https:\/\/media.panoramamarbella.com\/imgV1\/B95mbh8olwFQm~uCT2wPZMb8hll4wghQQQq6YWg0~c~U_DrmgY8pGP8pqaDzA6mvjyI_OPtcrHD_aKxCvYPlv5uRS2OB~u5u5HlofnQHZ3yBjPvv~ry7eDHu0wM6YgQDxFwuNWNMMmchKC8TohpKnlApJhlOmBfIC_uLVw--.jpg\"><\/picture>\t\t<\/figure>\n\t\n\n\n<h3 class=\"wp-block-heading\">6. Boulevard de San Pedro Alc\u00e1ntara.<\/h3>\n\n\n\n<p>Situ\u00e9 \u00e0 quelques minutes de route de Marbella, <a href=\"https:\/\/www.panoramamarbella.com\/fr\/zones\/san-pedro-de-alcantara\" data-type=\"areas\" data-id=\"1468\">San Pedro de Alc\u00e1ntara<\/a> offre son propre charme, notamment le boulevard pi\u00e9ton. Ce lieu est parfait pour une journ\u00e9e en famille, avec des caf\u00e9s et des aires de jeux pour enfants tout au long du chemin. Ses espaces ouverts et ensoleill\u00e9s en font un endroit agr\u00e9able pour se promener, se d\u00e9tendre et profiter du doux hiver de Marbella.<\/p>\n\n\n\t<figure class=\"wp-caption aligncenter wp-block-acf-wpimage\">\n\t<picture><source width=\"900\" height=\"601\" srcset=\"https:\/\/media.panoramamarbella.com\/imgV1\/B95mbh8olwFQm~uCT2wPZMb8hll4wghQQQq6YWg0~c~U_DrmgY8pGP8pqaDzA6mvjyI_OPtcrHD_aKxCvYPlv4USTiHxTv3ssrhA_anfOLvzzlXEVW_lA~Qaqv63AiBQkifvIezRX_Y6HMjEj8z4VRPDq6qTq_WIdKpF8nSVSpPB6O7m92WQnIlkAMs-.webp 900w\" type=\"image\/webp\"><img decoding=\"async\" class=\"img-fluid\" loading=\"lazy\" width=\"900\" height=\"601\" alt=\"Profiter de la plage de Marbella en hiver\" src=\"https:\/\/media.panoramamarbella.com\/imgV1\/B95mbh8olwFQm~uCT2wPZMb8hll4wghQQQq6YWg0~c~U_DrmgY8pGP8pqaDzA6mvjyI_OPtcrHD_aKxCvYPlv4USTiHxTv3ssrhA_anfOLvzzlXEVW_lA~Qaqv63AiBQkifvIezRX_YkVuRUIEgijdfpZLaWNfyHUA--.jpg\"><\/picture>\t\t<\/figure>\n\t\n\n\n<h3 class=\"wp-block-heading\">7. Plage de Los Monteros.<\/h3>\n\n\n\n<p>Pour une exp\u00e9rience paisible et relaxante, dirigez-vous vers la plage de Los Monteros. Moins connue que les autres plages de Marbella, elle est parfaite pour profiter du soleil hivernal en toute tranquillit\u00e9. Avec des vues spectaculaires sur les montagnes et la mer, cette plage est id\u00e9ale pour une journ\u00e9e de lecture ou une balade tranquille au bord de l\u2019eau. Pour une exp\u00e9rience luxueuse, La Cabane Beach Club \u00e0 Los Monteros offre des repas au bord de la piscine dans une atmosph\u00e8re exclusive.<\/p>\n\n\n\n<h2 class=\"wp-block-heading\">Conseils pour profiter du soleil hivernal \u00e0 Marbella<\/h2>\n\n\n\n<h3 class=\"wp-block-heading\">Pr\u00e9voyez des v\u00eatements en couches.<\/h3>\n\n\n\n<p>Bien que le soleil soit chaud, les matin\u00e9es et soir\u00e9es peuvent \u00eatre fra\u00eeches, alors apportez une veste l\u00e9g\u00e8re ou un pull. Les v\u00eatements en couches sont essentiels pour rester \u00e0 l\u2019aise.<\/p>\n\n\n\n<h3 class=\"wp-block-heading\">D\u00eenez en plein air.<\/h3>\n\n\n\n<p>De nombreux restaurants disposent de terrasses chauff\u00e9es, ce qui rend les repas en ext\u00e9rieur agr\u00e9ables m\u00eame apr\u00e8s le coucher du soleil.<\/p>\n\n\n\n<h3 class=\"wp-block-heading\">Consultez l\u2019heure du coucher de soleil.<\/h3>\n\n\n\n<p>Les journ\u00e9es \u00e9tant plus courtes en hiver, planifiez vos activit\u00e9s pour tirer le meilleur parti de la lumi\u00e8re du jour.<\/p>\n\n\n\t<figure class=\"wp-caption aligncenter wp-block-acf-wpimage\">\n\t<picture><source width=\"900\" height=\"601\" srcset=\"https:\/\/media.panoramamarbella.com\/imgV1\/B95mbh8olwFQm~uCT2wPZMb8hll4wghQQQq6YWg0~c~U_DrmgY8pGP8pqaDzA6mvjyI_OPtcrHD_aKxCvYPlv4wgv7xH5hxFooHs9GBHEjlOlEXgDSf_pHOwjbftPESMgW~LaS5S4jbWQXOzNV6ab4HcLUVdIXacjQR6BvuOPjbVqk3sTC44~4QPFKoFoAC3dg--.webp 900w\" type=\"image\/webp\"><img decoding=\"async\" class=\"img-fluid\" loading=\"lazy\" width=\"900\" height=\"601\" alt=\"Restauration dans la plage de Marbella\" src=\"https:\/\/media.panoramamarbella.com\/imgV1\/B95mbh8olwFQm~uCT2wPZMb8hll4wghQQQq6YWg0~c~U_DrmgY8pGP8pqaDzA6mvjyI_OPtcrHD_aKxCvYPlv4wgv7xH5hxFooHs9GBHEjlOlEXgDSf_pHOwjbftPESMgW~LaS5S4jbWQXOzNUDUPEUCMvfjIf9KGaU2PBCY.jpg\"><\/picture>\t\t<\/figure>\n\t\n\n\n<h2 class=\"wp-block-heading\">O\u00f9 manger \u00e0 Marbella pour profiter du soleil hivernal<\/h2>\n\n\n\n<p>Ces lieux offrent non seulement une cuisine d\u00e9licieuse, mais aussi quelques-unes des meilleures vues de Marbella, vous permettant de tirer le meilleur parti des journ\u00e9es ensoleill\u00e9es d\u2019hiver. Profitez du soleil, savourez des mets exquis et \u00e9merveillez-vous devant les panoramas : il n\u2019y a pas de meilleure fa\u00e7on de vivre la magie hivernale de Marbella !<\/p>\n\n\n\n<h3 class=\"wp-block-heading\">The Beach House Marbella.<\/h3>\n\n\n\t<figure class=\"wp-caption alignleft wp-block-acf-wpimage\">\n\t<picture><source width=\"600\" height=\"600\" srcset=\"https:\/\/media.panoramamarbella.com\/imgV1\/B95mbh8olwFQm~uCT2wPZMb8hll4wghQQQq6YWg0~c~U_DrmgY8pGP8pqaDzA6mvjyI_OPtcrHD_aKxCvYPlv5y6tBOSCFw0MW2GReL6lBmhlEXcJPyDYmfUf1ZQIaapsGyENcjym8lnaGhJv_KdZRRhGD1ZeuDRmSMwXoQYV0TTaqIh3yFG5Rtlbm23.webp 600w\" type=\"image\/webp\"><img decoding=\"async\" class=\"img-fluid\" loading=\"lazy\" width=\"600\" height=\"600\" alt=\"The Beach House\" src=\"https:\/\/media.panoramamarbella.com\/imgV1\/B95mbh8olwFQm~uCT2wPZMb8hll4wghQQQq6YWg0~c~U_DrmgY8pGP8pqaDzA6mvjyI_OPtcrHD_aKxCvYPlv5y6tBOSCFw0MW2GReL6lBmhlEXcJPyDYmfUf1ZQIaapsGyENcjym8lndjvgMp7MlnJVzxJ6Vs7cttg-.jpg\"><\/picture>\t\t<\/figure>\n\t\n\n\n<p><em><strong>Localisation<\/strong> :<\/em> La plage de Elviria.<\/p>\n\n\n\n<p><em><strong>Ambiance<\/strong> :<\/em> \u00c9l\u00e9gance d\u00e9contract\u00e9e au bord de la plage.<\/p>\n\n\n\n<p><em><strong>Incontournables<\/strong> :<\/em> Bar de loup grill\u00e9 et cocktails signature.<\/p>\n\n\n\n<p class=\"clearfix\"><em><strong>\u00c0 noter<\/strong>:<\/em> Ce restaurant en bord de mer est r\u00e9put\u00e9 pour son atmosph\u00e8re d\u00e9tendue et ses vues spectaculaires sur la M\u00e9diterran\u00e9e. Les tables en ext\u00e9rieur, directement sur le sable, sont id\u00e9ales pour profiter du soleil hivernal. \u00c0 la tomb\u00e9e de la nuit, quand il commence \u00e0 faire frais, installez-vous pr\u00e8s de leur chemin\u00e9e accueillante.<\/p>\n\n\n\n<p>The Beach House propose une large vari\u00e9t\u00e9 de plats m\u00e9diterran\u00e9ens et internationaux, mettant particuli\u00e8rement l\u2019accent sur les fruits de mer frais.<\/p>\n\n\n\n<h3 class=\"wp-block-heading\">Puente Romano Beach Resort \u2013 Sea Grill.<\/h3>\n\n\n\t<figure class=\"wp-caption alignleft wp-block-acf-wpimage\">\n\t<picture><source width=\"600\" height=\"600\" srcset=\"https:\/\/media.panoramamarbella.com\/imgV1\/B95mbh8olwFQm~uCT2wPZMb8hll4wghQQQq6YWg0~c~U_DrmgY8pGP8pqaDzA6mvjyI_OPtcrHD_aKxCvYPlv5uVu3sLGkZB_UlxJSzxav_TkvP_3LtcU~RXo4~T0WfZk6s044DBBMBhiX3eTqj4grFbbXVECuGA5F9tnF4nEULcbo2Fhg65.webp 600w\" type=\"image\/webp\"><img decoding=\"async\" class=\"img-fluid\" loading=\"lazy\" width=\"600\" height=\"600\" alt=\"Sea Grill Puente Romano\" src=\"https:\/\/media.panoramamarbella.com\/imgV1\/B95mbh8olwFQm~uCT2wPZMb8hll4wghQQQq6YWg0~c~U_DrmgY8pGP8pqaDzA6mvjyI_OPtcrHD_aKxCvYPlv5uVu3sLGkZB_UlxJSzxav_TkvP_3LtcU~RXo4~T0WfZk6s0~faddNnKO4Q2IXqt0ylh9lQ-.jpg\"><\/picture>\t\t<\/figure>\n\t\n\n\n<p><em><strong>Localisation<\/strong> :<\/em> Centre de la <a href=\"https:\/\/www.panoramamarbella.com\/fr\/zones\/le-mille-dor-de-marbella\" data-type=\"areas\" data-id=\"1496\">Mille d\u2019Or de Marbella<\/a>.<\/p>\n\n\n\n<p><em><strong>Ambience<\/strong> :<\/em> Luxe et raffinement.<\/p>\n\n\n\n<p><em><strong>Incontournables<\/strong> :<\/em> Hu\u00eetres, paella et plateaux de fruits de mer frais.<\/p>\n\n\n\n<p class=\"clearfix\"><em><strong>\u00c0 noter<\/strong>:<\/em> Situ\u00e9 dans le prestigieux Puente Romano Beach Resort, Sea Grill propose une exp\u00e9rience culinaire raffin\u00e9e avec des vues spectaculaires sur la mer. Ses terrasses chauff\u00e9es et son cadre \u00e9l\u00e9gant en font un lieu parfait pour un d\u00e9jeuner ou un d\u00eener ensoleill\u00e9 en hiver.<\/p>\n\n\n\n<p>Sp\u00e9cialiste des fruits de mer, Sea Grill est particuli\u00e8rement connu pour ses poissons grill\u00e9s au charbon.<\/p>\n\n\n\n<h3 class=\"wp-block-heading\">Trocadero Playa.<\/h3>\n\n\n\t<figure class=\"wp-caption alignleft wp-block-acf-wpimage\">\n\t<picture><source width=\"600\" height=\"600\" srcset=\"https:\/\/media.panoramamarbella.com\/imgV1\/B95mbh8olwFQm~uCT2wPZMb8hll4wghQQQq6YWg0~c~U_DrmgY8pGP8pqaDzA6mvjyI_OPtcrHD_aKxCvYPlv5ygSBYUIq3t1rbZXps4pj~abLmdHdfGGqvvz8ZGnh~ExRRRHFRGimYCPAdURpXTCz~JWN2biDAvjzRkDrf8PdZzy4XSLvXLsbvb9JQB.webp 600w\" type=\"image\/webp\"><img decoding=\"async\" class=\"img-fluid\" loading=\"lazy\" width=\"600\" height=\"600\" alt=\"Trocadero Playa\" src=\"https:\/\/media.panoramamarbella.com\/imgV1\/B95mbh8olwFQm~uCT2wPZMb8hll4wghQQQq6YWg0~c~U_DrmgY8pGP8pqaDzA6mvjyI_OPtcrHD_aKxCvYPlv5ygSBYUIq3t1rbZXps4pj~abLmdHdfGGqvvz8ZGnh~ExRRRHFRGimYCIgmYX7B9veT~HiuMdTJwecM-.jpg\"><\/picture>\t\t<\/figure>\n\t\n\n\n<p><em><strong>Localisation<\/strong> :<\/em> Marbella Est<\/p>\n\n\n\n<p><em><strong>Ambiance<\/strong> :<\/em> Club de plage rustique-chic.<\/p>\n\n\n\n<p><em><strong>Incontournables<\/strong> :<\/em> Tataki de thon, poulpe grill\u00e9 et cocktails signature.<\/p>\n\n\n\n<p class=\"clearfix\"><em><strong>\u00c0 noter<\/strong><\/em> <em>:<\/em> Trocadero Playa est un lieu embl\u00e9matique face \u00e0 la mer, m\u00e9langeant une ambiance m\u00e9diterran\u00e9enne et tropicale. Avec ses parasols en paille, ses canap\u00e9s confortables et ses vues imprenables sur la mer, c\u2019est l\u2019endroit parfait pour un repas d\u00e9contract\u00e9 en plein air.<\/p>\n\n\n\n<p>Le menu propose une cuisine m\u00e9diterran\u00e9enne avec une touche asiatique dans une atmosph\u00e8re chaleureuse et accueillante.<\/p>\n\n\n\n<h3 class=\"wp-block-heading\">La Milla Marbella.<\/h3>\n\n\n\t<figure class=\"wp-caption alignleft wp-block-acf-wpimage\">\n\t<picture><source width=\"600\" height=\"600\" srcset=\"https:\/\/media.panoramamarbella.com\/imgV1\/B95mbh8olwFQm~uCT2wPZMb8hll4wghQQQq6YWg0~c~U_DrmgY8pGP8pqaDzA6mvjyI_OPtcrHD_aKxCvYPlv4RXr5jnKzXnb0927S8oLRs3qoxQsDMj12WLcxDqVsoXbdnO_xO04aNzSZOZ0LewBPaMRUgLWOKB9NL9DP4Oho4qCcU3KUc6ixyaWmgmu20-.webp 600w\" type=\"image\/webp\"><img decoding=\"async\" class=\"img-fluid\" loading=\"lazy\" width=\"600\" height=\"600\" alt=\"La Milla Marbella\" src=\"https:\/\/media.panoramamarbella.com\/imgV1\/B95mbh8olwFQm~uCT2wPZMb8hll4wghQQQq6YWg0~c~U_DrmgY8pGP8pqaDzA6mvjyI_OPtcrHD_aKxCvYPlv4RXr5jnKzXnb0927S8oLRs3qoxQsDMj12WLcxDqVsoXbdnO_xO04aNzSZOHf29PFY0UvuPqcnCbilSrEA--.jpg\"><\/picture>\t\t<\/figure>\n\t\n\n\n<p><em><strong>Localisation<\/strong> :<\/em> Entre le Marbella Club et <a href=\"https:\/\/www.panoramamarbella.com\/fr\/zones\/le-mille-dor-de-marbella\/puente-romano\" data-type=\"areas\" data-id=\"8096\">Puente Romano<\/a><\/p>\n\n\n\n<p><em><strong>Ambiance<\/strong> :<\/em> Moderne et sophistiqu\u00e9e en bord de mer.<\/p>\n\n\n\n<p><em><strong>Incontournables<\/strong> :<\/em> Gambas rouges de Garrucha, ceviche et poissons de saison.<\/p>\n\n\n\n<p class=\"clearfix\"><em><strong>\u00c0 noter<\/strong><\/em> : La Milla est un \u00e9l\u00e9gant restaurant de plage offrant une vue imprenable sur la mer et une ambiance relaxante. Avec un menu \u00e9tendu de fruits de mer frais et de sp\u00e9cialit\u00e9s andalouses, ce lieu est parfait pour un d\u00e9jeuner ou un d\u00eener hivernal au soleil. Sa terrasse, avec acc\u00e8s direct \u00e0 la plage, offre un cadre id\u00e9al pour se d\u00e9tendre.<\/p>\n\n\n\n<h3 class=\"wp-block-heading\">La Sala by the Sea (r\u00e9ouverture pr\u00e9vue le 23 avril 2025).<\/h3>\n\n\n\t<figure class=\"wp-caption alignleft wp-block-acf-wpimage\">\n\t<picture><source width=\"600\" height=\"600\" srcset=\"https:\/\/media.panoramamarbella.com\/imgV1\/B95mbh8olwFQm~uCT2wPZMb8hll4wghQQQq6YWg0~c~U_DrmgY8pGP8pqaDzA6mvjyI_OPtcrHD_aKxCvYPlv4RXr4YcIVEcVoaosb818QgLRfKCykmyHlt~4Q_ciIbKepV81gxd18_k7qHACtdIUD0WszxEW6to3odrcWN_aJWiw7NSK~J~Bz1emWCCVzaA.webp 600w\" type=\"image\/webp\"><img decoding=\"async\" class=\"img-fluid\" loading=\"lazy\" width=\"600\" height=\"600\" alt=\"La Sala by the Sea\" src=\"https:\/\/media.panoramamarbella.com\/imgV1\/B95mbh8olwFQm~uCT2wPZMb8hll4wghQQQq6YWg0~c~U_DrmgY8pGP8pqaDzA6mvjyI_OPtcrHD_aKxCvYPlv4RXr4YcIVEcVoaosb818QgLRfKCykmyHlt~4Q_ciIbKepV81gxd18_k7qHAFB2Z9cAERvYkk1DPG1V2eaQ-.jpg\"><\/picture>\t\t<\/figure>\n\t\n\n\n<p><em><strong>Localisation<\/strong><\/em> <em>:<\/em> La plage de <a href=\"https:\/\/www.panoramamarbella.com\/fr\/zones\/puerto-banus\">Puerto Ban\u00fas<\/a>.<\/p>\n\n\n\n<p><em><strong>Ambiance<\/strong><\/em> <em>:<\/em> Club de plage anim\u00e9 \u00e0 la d\u00e9coration tha\u00eflandaise.<\/p>\n\n\n\n<p><em><strong>Incontournables<\/strong> :<\/em> Curry vert tha\u00ef, sushi et cocktails signature.<\/p>\n\n\n\n<p class=\"clearfix\"><em><strong>\u00c0 noter<\/strong> :<\/em> La Sala by the Sea apporte une touche tropicale \u00e0 Marbella avec sa d\u00e9coration inspir\u00e9e de la Tha\u00eflande, ses vues sur la plage et son ambiance festive.<\/p>\n\n\n\n<p>Connue pour son atmosph\u00e8re dynamique, ce club est parfait pour ceux qui aiment un cadre plus anim\u00e9. Les tables ext\u00e9rieures offrent une vue directe sur la plage, et le menu propose une vari\u00e9t\u00e9 de plats internationaux.<\/p>\n\n\n\n<h3 class=\"wp-block-heading\">Los Monteros Beach Club \u2013 La Cabane.<\/h3>\n\n\n\t<figure class=\"wp-caption alignleft wp-block-acf-wpimage\">\n\t<picture><source width=\"600\" height=\"600\" srcset=\"https:\/\/media.panoramamarbella.com\/imgV1\/B95mbh8olwFQm~uCT2wPZMb8hll4wghQQQq6YWg0~c~U_DrmgY8pGP8pqaDzA6mvjyI_OPtcrHD_aKxCvYPlv4RXr5ZUZNV8OQpagLR444Jl66Z5XLNueuFF5lNlqCzfYP0GaJDHyGt41ZPTDrXiENx~F3GOf_Cs8sEe5AgjyCzxNIKUZLLSukUt_fNZI1x5ECOZHA--.webp 600w\" type=\"image\/webp\"><img decoding=\"async\" class=\"img-fluid\" loading=\"lazy\" width=\"600\" height=\"600\" alt=\"La Cabane, Los Monteros, Marbella\" src=\"https:\/\/media.panoramamarbella.com\/imgV1\/B95mbh8olwFQm~uCT2wPZMb8hll4wghQQQq6YWg0~c~U_DrmgY8pGP8pqaDzA6mvjyI_OPtcrHD_aKxCvYPlv4RXr5ZUZNV8OQpagLR444Jl66Z5XLNueuFF5lNlqCzfYP0GaJDHyGt41ZPTDrXiEMLPTVShwfcARC503u6Si7hr.jpg\"><\/picture>\t\t<\/figure>\n\t\n\n\n<p><em><strong>Localisation<\/strong> :<\/em> La plage de Los Monteros.<\/p>\n\n\n\n<p><em><strong>Ambiance<\/strong> :<\/em> Club de plage exclusif et luxueux.<\/p>\n\n\n\n<p><em><strong>Incontournables<\/strong> :<\/em> Buffet de fruits de mer avec hu\u00eetres et homard.<\/p>\n\n\n\n<p class=\"clearfix\"><em><strong>\u00c0 noter<\/strong> :<\/em> La Cabane est un club de plage exclusif situ\u00e9 dans l\u2019H\u00f4tel Los Monteros. Sa terrasse spectaculaire offre des vues imprenables sur la M\u00e9diterran\u00e9e, id\u00e9ales pour profiter du soleil hivernal.<\/p>\n\n\n\n<p>Ce club propose une cuisine m\u00e9diterran\u00e9enne ax\u00e9e sur les fruits de mer, avec un espace ext\u00e9rieur parfait pour un d\u00e9jeuner ou une pause relaxante.<\/p>\n\n\n\n<h2 class=\"wp-block-heading\">Conclusion<\/h2>\n\n\n\n<p>L\u2019hiver \u00e0 Marbella est une exp\u00e9rience unique : assez doux pour profiter des activit\u00e9s en plein air, mais assez calme pour \u00e9chapper aux foules.<\/p>\n\n\n\n<p>Ces lieux ensoleill\u00e9s vous permettent de d\u00e9couvrir la beaut\u00e9 de la Costa del Sol tout au long de l\u2019ann\u00e9e. Sortez vos lunettes de soleil, installez-vous \u00e0 une table en terrasse, et laissez le doux hiver de Marbella vous revitaliser.<\/p>\n\n\n<hr class=\"w-75 mt-3 mt-md-5 mb-3 mb-md-6 mx-auto border-2 border-secondary opacity-50\">\n\n\n\n\n\n<section class=\"bg-secondary bg-opacity-10 py-6 mt-7 mb-0 wp-block-acf-inmgridselection\">\n\t<div class=\"container\">\n\t\t<div class=\"d-flex flex-wrap align-items-end justify-content-between gy-3 mb-4\">\n\t\t\t<h2 class=\"mb-0\">Informations sur la r\u00e9gion<\/h2>\t\t<\/div>\n\t\t\t\t<div class=\"row row-cols-1 row-cols-lg-3 gy-5 g-xxl-5\">\n\t\t\t<article class=\"col card-area\">\n    \t<figure class=\"d-flex flex-column align-items-start position-relative\">\n\t\t<picture><source width=\"368\" height=\"490\" srcset=\"https:\/\/media.panoramamarbella.com\/imgV1\/B95mbh8olwFQm~uCT2wPZMb8hll4wghQQQq6YWg0~c~U_DrmgY8pGP8pqaDzA6mvjyI_OPtcrHD_aKxCvYPlv4USTiHxTv3ssr1KQzX_uNF82Eo77Ja2VYnw6phPXNVUOTYgKveA2ytiqKsxlfAz82xgyuCxfkdsl_C2oD7MKxnOhTxVdwU6Z8Y~WMb842rBKiNWShlMpS~UXxo_.webp 368w\" type=\"image\/webp\"><img loading=\"lazy\" decoding=\"async\" class=\"position-absolute w-100 h-100 top-0 start-0 object-fit-cover\" alt=\"Zone du Golden Mile de Marbella\" width=\"368\" height=\"490\" src=\"https:\/\/media.panoramamarbella.com\/imgV1\/B95mbh8olwFQm~uCT2wPZMb8hll4wghQQQq6YWg0~c~U_DrmgY8pGP8pqaDzA6mvjyI_OPtcrHD_aKxCvYPlv4USTiHxTv3ssr1KQzX_uNF82Eo77Ja2VYnw6phPXNVUOTYgKveA2ytiqKsxlfAz82xgyuCxfkdsiZXea4vxO9O6D6BSavsXMuY-.jpg\"><\/picture>\t\t<figcaption class=\"bg-primary text-white fs-6 fw-semibold shadow py-3 px-5 bottom-0 top-100 mt-n4 ms-0 ms-sm-n2 ms-md-n3 z-2\">\n\t\t\t<a\n\t\t\t\thref=\"https:\/\/www.panoramamarbella.com\/fr\/zones\/le-mille-dor-de-marbella\"\n\t\t\t\ttitle=\"Le Mille d\u2019Or de Marbella\"\n\t\t\t\tclass=\"stretched-link\">Le Mille d\u2019Or de Marbella\t\t\t<\/a>\n\t\t<\/figcaption>\n\t\t\t<\/figure>\n    <\/article>\n<article class=\"col card-area\">\n    \t<figure class=\"d-flex flex-column align-items-start position-relative\">\n\t\t<picture><source width=\"376\" height=\"500\" srcset=\"https:\/\/media.panoramamarbella.com\/imgV1\/B95mbh8olwFQm~uCT2wPZMb8hll4wghQQQq6YWg0~c~U_DrmgY8pGP8pqaDzA6mvjyI_OPtcrHD_aKxCvYPkzEmcNO8lTuUB_5MGKQoW1Af2mi1kgoJsd14vcHariBp7jeQx1hZFU35kVizrJuXC~X1m~e6M27JsMCiA7DLoWCTDvaid4k~ArHvQHCIPDnHRfSIMne0xX4OF9UgACqOBfdvb.webp 376w\" type=\"image\/webp\"><img loading=\"lazy\" decoding=\"async\" class=\"position-absolute w-100 h-100 top-0 start-0 object-fit-cover\" alt=\"Vue nocturne de Puerto Ban\u00fas\" width=\"376\" height=\"500\" src=\"https:\/\/media.panoramamarbella.com\/imgV1\/B95mbh8olwFQm~uCT2wPZMb8hll4wghQQQq6YWg0~c~U_DrmgY8pGP8pqaDzA6mvjyI_OPtcrHD_aKxCvYPkzEmcNO8lTuUB_5MGKQoW1Af2mi1kgoJsd14vcHariBp7jeQx1hZFU35kVizrJuXC~X1m~e6M27JsMCiA7DLoRup1CTZ7K_9NCejn0fMNT2o-.jpg\"><\/picture>\t\t<figcaption class=\"bg-primary text-white fs-6 fw-semibold shadow py-3 px-5 bottom-0 top-100 mt-n4 ms-0 ms-sm-n2 ms-md-n3 z-2\">\n\t\t\t<a\n\t\t\t\thref=\"https:\/\/www.panoramamarbella.com\/fr\/zones\/puerto-banus\"\n\t\t\t\ttitle=\"Puerto Ban\u00fas\"\n\t\t\t\tclass=\"stretched-link\">Puerto Ban\u00fas\t\t\t<\/a>\n\t\t<\/figcaption>\n\t\t\t<\/figure>\n    <\/article>\n<article class=\"col card-area\">\n    \t<figure class=\"d-flex flex-column align-items-start position-relative\">\n\t\t<picture><source width=\"400\" height=\"533\" srcset=\"https:\/\/media.panoramamarbella.com\/imgV1\/B95mbh8olwFQm~uCT2wPZMb8hll4wghQQQq6YWg0~c~U_DrmgY8pGP8pqaDzA6mvjyI_OPtcrHD_aKxCvYKHZDv7lIRAh8yW5UTtiHqQhqrSwNNXPGfspLG8ykHT2bF4Y~rmnnwfxRlzKIykHpZk3g~jznYMsc3H4bmUIBUqTNPr6bKXiOXvVe4wxdQlPYFqjFaiTWm46UEG5P55KYpfjQ--.webp 400w\" type=\"image\/webp\"><img loading=\"lazy\" decoding=\"async\" class=\"position-absolute w-100 h-100 top-0 start-0 object-fit-cover\" alt=\"Vue a\u00e9rienne de la zone de l&#039;h\u00f4tel Puente Romano \u00e0 Marbella.\" width=\"400\" height=\"533\" src=\"https:\/\/media.panoramamarbella.com\/imgV1\/B95mbh8olwFQm~uCT2wPZMb8hll4wghQQQq6YWg0~c~U_DrmgY8pGP8pqaDzA6mvjyI_OPtcrHD_aKxCvYKHZDv7lIRAh8yW5UTtiHqQhqrSwNNXPGfspLG8ykHT2bF4Y~rmnnwfxRlzKIykHpZk3g~jznYMsc3H4bmUIAuSKdaFlmDY4nIL2QszXjP3.jpg\"><\/picture>\t\t<figcaption class=\"bg-primary text-white fs-6 fw-semibold shadow py-3 px-5 bottom-0 top-100 mt-n4 ms-0 ms-sm-n2 ms-md-n3 z-2\">\n\t\t\t<a\n\t\t\t\thref=\"https:\/\/www.panoramamarbella.com\/fr\/zones\/le-mille-dor-de-marbella\/puente-romano\"\n\t\t\t\ttitle=\"Puente Romano\"\n\t\t\t\tclass=\"stretched-link\">Puente Romano\t\t\t<\/a>\n\t\t<\/figcaption>\n\t\t\t<\/figure>\n    <\/article>\n<article class=\"col card-area\">\n    \t<figure class=\"d-flex flex-column align-items-start position-relative\">\n\t\t<picture><source width=\"400\" height=\"533\" srcset=\"https:\/\/media.panoramamarbella.com\/imgV1\/B95mbh8olwFQm~uCT2wPZMb8hll4wghQQQq6YWg0~c~U_DrmgY8pGP8pqaDzA6mvjyI_OPtcrHD_aKxCvYKLjbbjAzmJTTrWRZEeHb1hsBeeP8~KViRPIj0BmB9Y8L2U5edCWhHfYsjeSwgxNXK7hUqrTqdJ9GLOoqYznbiHj8h7~Z9~xl_P~wO62CYamji40nfWSHPvEfrOgqzWC8TdPEHG5PU-.webp 400w\" type=\"image\/webp\"><img loading=\"lazy\" decoding=\"async\" class=\"position-absolute w-100 h-100 top-0 start-0 object-fit-cover\" alt=\"Vue a\u00e9rienne de la plage de San Pedro de Alc\u00e1ntara\" width=\"400\" height=\"533\" src=\"https:\/\/media.panoramamarbella.com\/imgV1\/B95mbh8olwFQm~uCT2wPZMb8hll4wghQQQq6YWg0~c~U_DrmgY8pGP8pqaDzA6mvjyI_OPtcrHD_aKxCvYKLjbbjAzmJTTrWRZEeHb1hsBeeP8~KViRPIj0BmB9Y8L2U5edCWhHfYsjeSwgxNXK7hUqrTqdJ9GLOoqYznbiHj8hlawfBXqdMAotNsx4MpsTe2g--.jpg\"><\/picture>\t\t<figcaption class=\"bg-primary text-white fs-6 fw-semibold shadow py-3 px-5 bottom-0 top-100 mt-n4 ms-0 ms-sm-n2 ms-md-n3 z-2\">\n\t\t\t<a\n\t\t\t\thref=\"https:\/\/www.panoramamarbella.com\/fr\/zones\/san-pedro-de-alcantara\"\n\t\t\t\ttitle=\"San Pedro de Alc\u00e1ntara\"\n\t\t\t\tclass=\"stretched-link\">San Pedro de Alc\u00e1ntara\t\t\t<\/a>\n\t\t<\/figcaption>\n\t\t\t<\/figure>\n    <\/article>\n\t\t<\/div>\n\t\t\t<\/div>\n<\/section>\n\n","protected":false},"excerpt":{"rendered":"<p>Envie de journ\u00e9es ensoleill\u00e9es loin du froid ? Installez-vous sur une terrasse ensoleill\u00e9e et laissez l\u2019hiver doux de Marbella vous ravir.<\/p>\n","protected":false},"author":11,"featured_media":8639,"comment_status":"closed","ping_status":"closed","sticky":false,"template":"","format":"standard","meta":{"_acf_changed":false,"footnotes":""},"categories":[41],"tags":[],"class_list":["post-8875","post","type-post","status-publish","format-standard","has-post-thumbnail","hentry","category-style-de-vie-a-marbella"],"acf":[],"_links":{"self":[{"href":"https:\/\/www.panoramamarbella.com\/fr\/wp-json\/wp\/v2\/posts\/8875","targetHints":{"allow":["GET"]}}],"collection":[{"href":"https:\/\/www.panoramamarbella.com\/fr\/wp-json\/wp\/v2\/posts"}],"about":[{"href":"https:\/\/www.panoramamarbella.com\/fr\/wp-json\/wp\/v2\/types\/post"}],"author":[{"embeddable":true,"href":"https:\/\/www.panoramamarbella.com\/fr\/wp-json\/wp\/v2\/users\/11"}],"replies":[{"embeddable":true,"href":"https:\/\/www.panoramamarbella.com\/fr\/wp-json\/wp\/v2\/comments?post=8875"}],"version-history":[{"count":1,"href":"https:\/\/www.panoramamarbella.com\/fr\/wp-json\/wp\/v2\/posts\/8875\/revisions"}],"predecessor-version":[{"id":8945,"href":"https:\/\/www.panoramamarbella.com\/fr\/wp-json\/wp\/v2\/posts\/8875\/revisions\/8945"}],"wp:featuredmedia":[{"embeddable":true,"href":"https:\/\/www.panoramamarbella.com\/fr\/wp-json\/wp\/v2\/media\/8639"}],"wp:attachment":[{"href":"https:\/\/www.panoramamarbella.com\/fr\/wp-json\/wp\/v2\/media?parent=8875"}],"wp:term":[{"taxonomy":"category","embeddable":true,"href":"https:\/\/www.panoramamarbella.com\/fr\/wp-json\/wp\/v2\/categories?post=8875"},{"taxonomy":"post_tag","embeddable":true,"href":"https:\/\/www.panoramamarbella.com\/fr\/wp-json\/wp\/v2\/tags?post=8875"}],"curies":[{"name":"wp","href":"https:\/\/api.w.org\/{rel}","templated":true}]}}