{"id":904,"date":"2020-07-23T15:53:00","date_gmt":"2020-07-23T13:53:00","guid":{"rendered":"https:\/\/www.panoramamarbella.com\/?p=904"},"modified":"2026-03-05T16:14:29","modified_gmt":"2026-03-05T15:14:29","slug":"christopher-clover-president-honoraire-de-la-lpa","status":"publish","type":"post","link":"https:\/\/www.panoramamarbella.com\/fr\/news\/christopher-clover-president-honoraire-de-la-lpa","title":{"rendered":"Christopher Clover, PDG de Panorama, nomm\u00e9 pr\u00e9sident d\u2019honneur de la nouvelle association immobili\u00e8re, LPA"},"content":{"rendered":"\n\n<h2 class=\"wp-block-heading\">Christopher Clover, nomm\u00e9 pr\u00e9sident honoraire de la nouvelle association immobili\u00e8re, LPA.<\/h2>\n\n\n\t<figure class=\"wp-caption alignright wp-block-acf-wpimage\">\n\t<picture><source width=\"400\" height=\"208\" srcset=\"https:\/\/media.panoramamarbella.com\/imgV1\/B95mbh8olwFQm~uCT2wPZMb8hll4wghQQQq6YWg0~c~U_DrmgY8pGP8pqaDzA6mvjyI_OPtcrHD_aKxCvYKLjakv7wFdKQsNaIlkNem4oLDHmY~UgZHfzkbAqz~cjGXlzWnLxoAPiwvKNyNrX7rf_7jtVFqESa2xBJkQB9JevJpjzwjETG_lzo2EUHGBv~Y4oTgfJuEE6rYTSRDrJJkddd2W.webp 400w\" type=\"image\/webp\"><img decoding=\"async\" class=\"img-fluid\" loading=\"lazy\" width=\"400\" height=\"208\" alt=\"Leading Property Agents of Spain, Association des agents immobiliers de la Costa del Sol\" src=\"https:\/\/media.panoramamarbella.com\/imgV1\/B95mbh8olwFQm~uCT2wPZMb8hll4wghQQQq6YWg0~c~U_DrmgY8pGP8pqaDzA6mvjyI_OPtcrHD_aKxCvYKLjakv7wFdKQsNaIlkNem4oLDHmY~UgZHfzkbAqz~cjGXlzWnLxoAPiwvKNyNrX7rf_7jtVFqESa2xBJkQB9JeolredeRbF9oiZHnDAWF~HeE-.jpg\"><\/picture>\t\t\t<figcaption class=\"wp-caption-text\">\n\t\tLeading Property Agents of Spain, Association des agents immobiliers de la Costa del Sol\t\t<\/figcaption>\n\t\t\t<\/figure>\n\t\n\n\n<p>Les agences immobili\u00e8res s\u2019unissent pour cr\u00e9er la LPA, la premi\u00e8re association immobili\u00e8re de la Costa del Sol, et nomment Christopher Clover, PDG de Panorama, pr\u00e9sident d\u2019honneur, en reconnaissance \u00e0 sa trajectoire professionnelle impeccable dans le <a href=\"https:\/\/www.panoramamarbella.com\/fr\/a-propos\/plus-de-50-ans-a-marbella\" data-type=\"link\" data-id=\"https:\/\/www.panoramamarbella.com\/fr\/a-propos\/plus-de-50-ans-a-marbella\">secteur immobilier \u00e0 la Costa del Sol durant plus de 50 ans<\/a>.<\/p>\n\n\n\n<p>La Leading Property Agents of Spain (LPA) s\u2019est fix\u00e9 pour objectif l\u2019excellence dans la promotion et le d\u00e9veloppement du tourisme r\u00e9sidentiel.<\/p>\n\n\n\n<p>L\u2019organisation veillera en outre \u00e0 l\u2019application d\u2019un code de bonnes pratiques dans le secteur.<\/p>\n\n\n\n<ul class=\"table-index list-unstyled p-4 p-lg-5 ms-0 bg-light\"><li class=\"text-uppercase fw-bold mb-3\">Table des mati\u00e8res<\/li><li><a href=\"#christopher+clover+nomme+president+honoraire+de+la+nouvelle+association+immobiliere+lpa\">\nChristopher Clover, nomm\u00e9 pr\u00e9sident honoraire de la nouvelle association immobili\u00e8re, LPA.\n<\/a><\/li>\n<li><a href=\"#presentation+de+lapl\">\nPr\u00e9sentation de l'APL\n<\/a><\/li>\n<li><a href=\"#une+nouvelle+alliance+dagences+immobilieres+vise+a+influencer+lurbanisme+pour+ameliorer+la+vie+en+ville\">\nUne nouvelle alliance d'agences immobili\u00e8res vise \u00e0 influencer l'urbanisme pour am\u00e9liorer la vie en ville\n<\/a><\/li>\n<li><a href=\"#a+propos+de+lpa+spain\">\n\u00c0 propos de LPA Spain\n<\/a><\/li><\/ul>\n\n\n\n<h2 class=\"wp-block-heading\">Pr\u00e9sentation de l&rsquo;APL<\/h2>\n\n\n\n<h3 class=\"wp-block-heading\">Marbella, mardi 21 juillet 2020 :<\/h3>\n\n\n\n<p>Les promoteurs et agences immobili\u00e8res \u00e9tablis \u00e0 Malaga et Cadiz unissent leurs forces pour cr\u00e9er la premi\u00e8re association du secteur \u00e0 la Costa del Sol, la Leading Property Agents of Spain (LPA). L\u2019entit\u00e9 s\u2019est fix\u00e9 un double objectif : d\u2019un c\u00f4t\u00e9, faire la promotion de la Costa del Sol en tant que destination hautement qualifi\u00e9e pour le tourisme r\u00e9sidentiel et, de l\u2019autre, revaloriser le r\u00f4le des agences immobili\u00e8res dans l\u2019implantation et le d\u00e9veloppement de ce tourisme. \u00c0 cette fin, la LPA veillera scrupuleusement au respect des principes d\u00e9ontologiques et \u00e9tiques de l\u2019activit\u00e9 professionnelle de ses membres, en vue de proposer un service personnel et professionnel de la plus haute qualit\u00e9.<\/p>\n\n\n\n<p>L\u2019association fut pr\u00e9sent\u00e9e ce mardi par son pr\u00e9sident, Jos\u00e9 Carlos Le\u00f3n (Nvoga), le pr\u00e9sident d\u2019honneur Christopher Clover (Panorama), le vice-pr\u00e9sident Fausto Mart\u00ednez (FM Consulting), aux c\u00f4t\u00e9s de la maire de Marbella, \u00c1ngeles Mu\u00f1oz. On retrouve parmi ses membres des entreprises de r\u00e9f\u00e9rence et leaders du secteur immobilier sur le littoral andalou. En plus de celles mentionn\u00e9es ci-dessus, Diana Morales Properties, Luc\u00eda Pou, Gilmar, Casa Marbella, Villa Marketing, Drumelia, Nevado et Ban\u00fas Property sont quelques-unes des agences qui font partie du comit\u00e9 d\u2019administration de l\u2019association. Le cabinet P\u00e9rez de Vargas Abogados, qui a donn\u00e9 des conseils pour la cr\u00e9ation de cette nouvelle association, se chargera des fonctions de secr\u00e9tariat et tr\u00e9sorerie. De son c\u00f4t\u00e9, la pr\u00e9sidence honorifique sera assum\u00e9e par Christopher Clover Holzworth, en reconnaissance \u00e0 sa trajectoire professionnelle impeccable durant 50 ans \u00e0 la Costa del Sol par le biais de son agence Panorama.<\/p>\n\n\n\n<h3 class=\"wp-block-heading\">Une initiative du gouvernement andalou<\/h3>\n\n\n\t<figure class=\"wp-caption alignright wp-block-acf-wpimage\">\n\t<picture><source width=\"500\" height=\"376\" srcset=\"https:\/\/media.panoramamarbella.com\/imgV1\/B95mbh8olwFQm~uCT2wPZMb8hll4wghQQQq6YWg0~c~U_DrmgY8pGP8pqaDzA6mvjyI_OPtcrHD_aKxGDYZTAuVTcsgFBM~BH9FuvoJOfTSf6AOL~Jbsuk0xw3uDHGxFJtZNhkaDxMlHqferUpeyQN4i6dXvEwaQfCAs4cLupM90o07dMqmedihBxnTHh9mH3b35fUvSb0SkJrLArwl5oV8CHZHpITCi421GJJCn4EROcQ_Hgv6uIQsVj0JLcuD6IYbMuMO3oIH0~A--.webp 500w\" type=\"image\/webp\"><img decoding=\"async\" class=\"img-fluid\" loading=\"lazy\" width=\"500\" height=\"376\" alt=\"La premi\u00e8re association immobili\u00e8re de la Costa del Sol voit le jour \u00e0 Marbella.\" src=\"https:\/\/media.panoramamarbella.com\/imgV1\/B95mbh8olwFQm~uCT2wPZMb8hll4wghQQQq6YWg0~c~U_DrmgY8pGP8pqaDzA6mvjyI_OPtcrHD_aKxGDYZTAuVTcsgFBM~BH9FuvoJOfTSf6AOL~Jbsuk0xw3uDHGxFJtZNhkaDxMlHqferUpeyQN4i6dXvEwaQfCAs4cLupM90o07dMqmedihBxnTHh9mH3b35fUvSb0SkJrLArwl5oV8CHZHpIS7VjQCGKii3EW4ZZuJgX8Cs.webp\"><\/picture>\t\t\t<figcaption class=\"wp-caption-text\">\n\t\tLa premi\u00e8re association immobili\u00e8re de la Costa del Sol voit le jour \u00e0 Marbella.\t\t<\/figcaption>\n\t\t\t<\/figure>\n\t\n\n\n<p class=\"clearfix\">Selon les explications de ses fondateurs lors d\u2019une conf\u00e9rence de presse, l\u2019association prend de l\u2019avance sur le r\u00e8glement du registre obligatoire des m\u00e9diateurs immobiliers, une initiative du gouvernement autonome d\u2019Andalousie pour veiller \u00e0 la bonne praxis dans le secteur. Le registre \u00e9tait d\u00e9j\u00e0 pr\u00e9vu par la r\u00e9glementation r\u00e9gulatrice du droit au logement (Loi 1\/2010 du 8 mars, huiti\u00e8me disposition), et fut par la suite \u00e9galement inclus dans la loi qui r\u00e8glemente le droit de pr\u00e9emption dans le cas des expulsions de logements dans la r\u00e9gion (Loi 1\/2018, du 26 avril).<\/p>\n\n\n\n<p>Toutefois, le d\u00e9cret de r\u00e8glement du secteur, d\u00e9j\u00e0 soumis au processus d\u2019exposition publique en 2019, est encore en cours d\u2019approbation, et l\u2019association travaillera par cons\u00e9quent pour que ce r\u00e8glement soit une r\u00e9alit\u00e9 dans les plus brefs d\u00e9lais. \u201cLa situation du secteur professionnel immobilier en Espagne requiert un changement urgent, notre industrie a v\u00e9cu des moments difficiles, passant par de nombreux hauts et bas, et concr\u00e8tement \u00e0 Marbella nous avons v\u00e9cu une \u00e9tape que nous souhaitons tous oublier, d\u2019o\u00f9 le besoin de copier d\u2019autres pays o\u00f9 cette profession est r\u00e9glement\u00e9e et fonctionne d\u2019une fa\u00e7on plus ordonn\u00e9e et transparente\u201d, expliqua Le\u00f3n. Le pr\u00e9sident de la nouvelle association souhaita en outre mettre en valeur l\u2019effort des entreprises associ\u00e9es pour constituer \u201cune plate-forme de travail qui sera l\u2019interlocuteur avec les autorit\u00e9s et autres associations dans le but d\u2019atteindre l\u2019excellence dans notre industrie\u201d.<\/p>\n\n\n\n<h2 class=\"wp-block-heading\">Une nouvelle alliance d&rsquo;agences immobili\u00e8res vise \u00e0 influencer l&rsquo;urbanisme pour am\u00e9liorer la vie en ville<\/h2>\n\n\n\n<p>Dans ce sens, la LPA visera \u00e0 encourager et am\u00e9liorer la communication avec les administrations publiques dans les mati\u00e8res li\u00e9es au secteur touristique de vacances et r\u00e9sidentiel de la Costa del Sol, conscients de son importance comme moteur \u00e9conomique de la zone. \u201cLa cr\u00e9ation de la LPA est non seulement un fait historique, elle est aussi primordiale pour notre ville et pour la Costa del Sol, car notre collaboration est fondamentale pour conserver et am\u00e9liorer le tourisme r\u00e9sidentiel de haut standing qui, associ\u00e9 au tourisme de vacances, constituent les principales sources de richesse de notre zone\u201d, souligna Clover. Il indiqua \u00e9galement que l\u2019organisation d\u00e9veloppera cette fonction \u201cen proposant des services professionnels hautement qualifi\u00e9s, ainsi qu\u2019un cadre de s\u00e9curit\u00e9 juridique en mati\u00e8re d\u2019urbanisme qui est en cours de configuration par la corporation municipale actuelle\u201d.<\/p>\n\n\n\n<p>La nouvelle association d\u2019agences immobili\u00e8res aspire d\u00e8s lors \u00e0 devenir un acteur d\u2019exception dans les proc\u00e9dures d\u2019approbation des instruments d\u2019am\u00e9nagement du territoire et de l\u2019urbanisme. Tel qu\u2019il est repris dans ses statuts, elle r\u00e9alisera toujours des actions visant \u00e0 l\u2019am\u00e9lioration des installations et \u00e9quipements existants ou \u00e0 favoriser l\u2019implantation de nouvelles, dans le but d\u2019augmenter les dotations des villes pour les rendre plus habitables et saines.<br>La formation continue et de qualit\u00e9 pour les associ\u00e9s sera un \u00e9l\u00e9ment remarquable de la LPA, en vue de renforcer cette pr\u00e9sence comme acteur indispensable dans le secteur de la construction, en suivant en permanence un code strict de conduite et \u00e9tique professionnelle que les associ\u00e9s s\u2019engagent \u00e0 respecter. L\u2019association organisera des s\u00e9minaires et conf\u00e9rences sur diff\u00e9rents aspects du monde immobilier et urbanistique, de sorte que ses membres puissent offrir des informations et conseils exceptionnels \u00e0 leurs clients. \u201cLa formation est cl\u00e9 pour les entreprises durant les \u00e9poques de changement\u201d, souligna Mart\u00ednez, \u201cet nous avons une opportunit\u00e9 en or pour que la LPA aide ses associ\u00e9s \u00e0 centraliser les efforts en formation et encourager ainsi de nouvelles comp\u00e9tences et connaissances de leurs \u00e9quipes humaines, en plus d\u2019aider les responsables \u00e0 g\u00e9rer et mener le changement vers des mod\u00e8les d\u2019activit\u00e9 s\u2019adaptant le mieux \u00e0 l\u2019ainsi d\u00e9nomm\u00e9e \u2018nouvelle normalit\u00e9\u2019\u201d.<\/p>\n\n\n\n<h2 class=\"wp-block-heading\">\u00c0 propos de LPA Spain<\/h2>\n\n\n\n<p>Web page:&nbsp;<a href=\"https:\/\/www.lpaspain.com\/\" target=\"_blank\" rel=\"noreferrer noopener nofollow\">www.lpaspain.com<\/a><\/p>\n\n\n\n<h3 class=\"wp-block-heading\">Comit\u00e9 de direction :<\/h3>\n\n\n\n<p>PRESIDENT: NVOGA Jos\u00e9 Carlos Le\u00f3<br>HONORARY PRESIDENT: Christopher Clover, Panorama<br>VICE PRESIDENTS : FM CONSULTING Fausto Mart\u00ednez, LUCIA POU PROPERTIES, Lucia Pou, GILMAR, Setareh Mohregi<\/p>\n\n\n\n<h3 class=\"wp-block-heading\">Membres<\/h3>\n\n\n\n<p>PANORAMA, Christopher Clover<br>DIANA MORALES, Mariano Beristain<br>NEVADO REALTY, Gines Garc\u00eda<br>BANUS PROPERTY, Jes\u00fas Garc\u00eda<br>CASA MARBELLA, Wolfgang Schlesier<br>DRUMELIA, Sergey Sinichkin<br>VILLA MARKETING, Miguel Tobar<\/p>\n\n\n\n<p>Publi\u00e9 par Marie-No\u00eblle Comunicaci\u00f3n :<br>prensa@mncomunicacion.com \/ medios@mncomunicacion.com<br><a href=\"https:\/\/www.mncomunicacion.com\" target=\"_blank\" rel=\"noreferrer noopener nofollow\">www.mncomunicacion.com<\/a><\/p>\n\n","protected":false},"excerpt":{"rendered":"<p>Christopher Clover, PDG de Panorama, pr\u00e9sident d\u2019honneur, en reconnaissance \u00e0 sa trajectoire professionnelle impeccable dans le secteur immobilier \u00e0 la Costa del Sol durant plus de 50 ans.<\/p>\n","protected":false},"author":7,"featured_media":886,"comment_status":"closed","ping_status":"closed","sticky":false,"template":"","format":"standard","meta":{"_acf_changed":false,"footnotes":""},"categories":[4],"tags":[],"class_list":["post-904","post","type-post","status-publish","format-standard","has-post-thumbnail","hentry","category-panorama-fr"],"acf":[],"_links":{"self":[{"href":"https:\/\/www.panoramamarbella.com\/fr\/wp-json\/wp\/v2\/posts\/904","targetHints":{"allow":["GET"]}}],"collection":[{"href":"https:\/\/www.panoramamarbella.com\/fr\/wp-json\/wp\/v2\/posts"}],"about":[{"href":"https:\/\/www.panoramamarbella.com\/fr\/wp-json\/wp\/v2\/types\/post"}],"author":[{"embeddable":true,"href":"https:\/\/www.panoramamarbella.com\/fr\/wp-json\/wp\/v2\/users\/7"}],"replies":[{"embeddable":true,"href":"https:\/\/www.panoramamarbella.com\/fr\/wp-json\/wp\/v2\/comments?post=904"}],"version-history":[{"count":1,"href":"https:\/\/www.panoramamarbella.com\/fr\/wp-json\/wp\/v2\/posts\/904\/revisions"}],"predecessor-version":[{"id":37231,"href":"https:\/\/www.panoramamarbella.com\/fr\/wp-json\/wp\/v2\/posts\/904\/revisions\/37231"}],"wp:featuredmedia":[{"embeddable":true,"href":"https:\/\/www.panoramamarbella.com\/fr\/wp-json\/wp\/v2\/media\/886"}],"wp:attachment":[{"href":"https:\/\/www.panoramamarbella.com\/fr\/wp-json\/wp\/v2\/media?parent=904"}],"wp:term":[{"taxonomy":"category","embeddable":true,"href":"https:\/\/www.panoramamarbella.com\/fr\/wp-json\/wp\/v2\/categories?post=904"},{"taxonomy":"post_tag","embeddable":true,"href":"https:\/\/www.panoramamarbella.com\/fr\/wp-json\/wp\/v2\/tags?post=904"}],"curies":[{"name":"wp","href":"https:\/\/api.w.org\/{rel}","templated":true}]}}