{"id":16947,"date":"2025-05-16T14:45:35","date_gmt":"2025-05-16T12:45:35","guid":{"rendered":"https:\/\/www.panoramamarbella.com\/?p=16947"},"modified":"2025-06-04T14:51:35","modified_gmt":"2025-06-04T12:51:35","slug":"duurzame-luxeontwikkelingen","status":"publish","type":"post","link":"https:\/\/www.panoramamarbella.com\/nl\/news\/duurzame-luxeontwikkelingen","title":{"rendered":"De opkomst van duurzame luxeontwikkelingen in Marbella"},"content":{"rendered":"\n\n<h2 class=\"wp-block-heading\">Duurzaam luxe wonen: milieuvriendelijke projecten in de omgeving van Marbella<\/h2>\n\n\n<div class=\"lead\"><p>In de afgelopen jaren heeft de Costa del Sol een opvallende verandering doorgemaakt in de markt voor luxe vastgoed. Duurzaamheid is een prioriteit geworden en een belangrijke factor bij de ontwikkeling van enkele van de meest <a href=\"https:\/\/www.panoramamarbella.com\/nl\/projectontwikkeling\">exclusieve nieuwe projecten in Marbella<\/a>.<\/p>\n<p>Investeerders en huizenkopers vragen steeds vaker om woningen die een luxe levensstijl combineren met milieubewustzijn, en ontwikkelaars spelen hierop in met duurzame luxeontwikkelingen die weelderigheid en ecologische verantwoordelijkheid naadloos verenigen.<\/p>\n<\/div>\n\n\n<ul class=\"table-index list-unstyled p-4 p-lg-5 ms-0 bg-light\"><li class=\"text-uppercase fw-bold mb-3\">Inhoudsopgave<\/li><li><a href=\"#duurzaam+luxe+wonen+milieuvriendelijke+projecten+in+de+omgeving+van+marbella\">\nDuurzaam luxe wonen: milieuvriendelijke projecten in de omgeving van Marbella\n<\/a><\/li>\n<li><a href=\"#the+sky+appartementen+en+villas\">\nThe Sky: appartementen en villa\u2019s\n<\/a><\/li>\n<li><a href=\"#the+view+marbella++benahavis\">\nThe View Marbella \u2013 Benahav\u00eds\n<\/a><\/li>\n<li><a href=\"#vista+lago+residences++real+de+la+quinta+benahavis\">\nVista Lago Residences \u2013 Real de la Quinta, Benahav\u00eds\n<\/a><\/li>\n<li><a href=\"#palo+alto++ojen+marbella\">\nPalo Alto \u2013 Oj\u00e9n, Marbella\n<\/a><\/li>\n<li><a href=\"#het+regelgevingslandschap+in+spanje\">\nHet regelgevingslandschap in Spanje\n<\/a><\/li><\/ul>\n\n\n\t<figure class=\"wp-caption aligncenter wp-block-acf-wpimage\">\n\t<picture><source width=\"900\" height=\"600\" srcset=\"https:\/\/media.panoramamarbella.com\/imgV1\/B95mbh8olwFQm~uCT2wPZMb8hll4wghQQQq6YWg0~c~U_DrmgY8pGP8pqaDzA6mvjyI_OPtcrHD_aKxDZZG0LHa5wH5qm4NY0jQuT2cUSEs_xa0vA2qSprSBzfoLVJgx4VPiB0e~VtTJgN71AhBp9UTehmWVKmdsGCQivIc1lFeXPYpsK4DQvvJEDT2Ao9veo8t3L~EUh5AyT6s-.webp 900w\" type=\"image\/webp\"><img decoding=\"async\" class=\"img-fluid\" loading=\"lazy\" width=\"900\" height=\"600\" alt=\"Pictogram van een huis met daarin een energie-effici\u00ebntieschaal van rood (minst effici\u00ebnt) tot donkergroen (meest effici\u00ebnt). Deze schaal geeft de energieprestaties van een huis weer.\" src=\"https:\/\/media.panoramamarbella.com\/imgV1\/B95mbh8olwFQm~uCT2wPZMb8hll4wghQQQq6YWg0~c~U_DrmgY8pGP8pqaDzA6mvjyI_OPtcrHD_aKxDZZG0LHa5wH5qm4NY0jQuT2cUSEs_xa0vA2qSprSBzfoLVJgx4VPiB0e~VtTJgN71AhBp9UTehmWVKmdyrCQB2IaMfNh8SdwFdbtXJg--.jpg\"><\/picture>\t\t\t<figcaption class=\"wp-caption-text\">\n\t\tDuurzame woningen zijn een slimme investering\t\t<\/figcaption>\n\t\t\t<\/figure>\n\t\n\n\n<p>Als het gaat om luxe wonen, is het klimaat een centraal aandachtspunt geworden bij het nemen van vastgoedbeslissingen. Voor wie op zoek is naar een plek in de zon, bieden de nieuwe duurzame luxeontwikkelingen aan de Costa del Sol meer dan alleen een huis \u2013 ze bieden de mogelijkheid om bij te dragen aan een duurzamere toekomst voor dit geliefde Mediterrane paradijs.<\/p>\n\n\n\n<p>Dit is wat er nu populair is op de markt:<\/p>\n\n\n\n<h2 class=\"wp-block-heading\">The Sky: <a href=\"https:\/\/www.panoramamarbella.com\/nl\/projectontwikkeling\/benahavis\/PANR-00586G\">appartementen<\/a> en <a href=\"https:\/\/www.panoramamarbella.com\/nl\/projectontwikkeling\/benahavis\/la-alqueria\/PANR-00598G\">villa\u2019s<\/a><\/h2>\n\n\n\t<figure class=\"wp-caption aligncenter wp-block-acf-wpimage\">\n\t<picture><source width=\"900\" height=\"507\" srcset=\"https:\/\/media.panoramamarbella.com\/imgV1\/B95mbh8olwFQm~uCT2wPZMb8hll4wghQQQq6YWg0~c~U_DrmgY8pGP8pqaDzA6mvjyI_OPtcrHD_aKxDZZG0LHX3Ud09mvDNrculmhnkgQiGUuGqhh1Hn7NK0lWuXpTsWFwCbtltQFZINKvgzcMjs_72I5O~PLfF5Q6euYZ~av1fJw~iw5h4CvDmyInqcOCUoxm4I7YxREpBtXI-.webp 900w\" type=\"image\/webp\"><img decoding=\"async\" class=\"img-fluid\" loading=\"lazy\" width=\"900\" height=\"507\" alt=\"duurzame luxeontwikkelingen. Moderne luxe villa bij schemering met een verlicht infinity pool, elegante buitenlounge en panoramisch uitzicht over de kustlijn en de stadslichten.\" src=\"https:\/\/media.panoramamarbella.com\/imgV1\/B95mbh8olwFQm~uCT2wPZMb8hll4wghQQQq6YWg0~c~U_DrmgY8pGP8pqaDzA6mvjyI_OPtcrHD_aKxDZZG0LHX3Ud09mvDNrculmhnkgQiGUuGqhh1Hn7NK0lWuXpTsWFwCbtltQFZINKvgzcMjs_72I5O~PLfbcQsTo4lG2~z5eyp2rFKRpw--.jpg\"><\/picture>\t\t\t<figcaption class=\"wp-caption-text\">\n\t\tThe Sky Marbella beschikt over energiezuinige verwarmings-, ventilatie- en airconditioningsystemen (HVAC)\t\t<\/figcaption>\n\t\t\t<\/figure>\n\t\n\n\n<p>The Sky Marbella is een exclusief project bestaande uit 50 luxe appartementen en 16 villa\u2019s, ontworpen door het in M\u00e1laga gevestigde Teodoro Cabrilla Studio. De appartementen, met 2 tot 4 slaapkamers, beschikken over priv\u00e9zwembaden en bieden toegang tot faciliteiten zoals een sociale club, binnenzwembad, fitnessruimte, spa, co-workingruimtes en een padelbaan. De villa\u2019s, ontworpen door Manuel Burgos, hebben 5 tot 6 slaapkamers, priv\u00e9-infinityzwembaden, spa\u2019s, bioscopen, recreatieruimtes en wijnkelders. Duurzaamheid is een integraal onderdeel van het ontwerp, met energiezuinige HVAC-systemen die het energieverbruik minimaliseren zonder dat er zonnepanelen nodig zijn.<\/p>\n\n\n\n<h2 class=\"wp-block-heading\"><a href=\"https:\/\/www.panoramamarbella.com\/nl\/projectontwikkeling\/benahavis\/the-view-marbella\/PANR-00589G\">The View Marbella<\/a> \u2013 Benahav\u00eds<\/h2>\n\n\n\t<figure class=\"wp-caption aligncenter wp-block-acf-wpimage\">\n\t<picture><source width=\"900\" height=\"539\" srcset=\"https:\/\/media.panoramamarbella.com\/imgV1\/B95mbh8olwFQm~uCT2wPZMb8hll4wghQQQq6YWg0~c~U_DrmgY8pGP8pqaDzA6mvjyI_OPtcrHD_aKxDZZG0LHQVO8cDmoJhRC3AaT7j2zcJrPQINy8dZcwFWR_2jG7mIov1cII06YDjl1Z2Wq02hZAdEwwMa3VwSYGPGNaVRhg6wtUtVHhsdGWHHEtKZf3msOUQx4l0YfRv~kE-.webp 900w\" type=\"image\/webp\"><img decoding=\"async\" class=\"img-fluid\" loading=\"lazy\" width=\"900\" height=\"539\" alt=\"Ruim gebogen terras bij The View Marbella, een luxe woonwijk met glazen balustrades en een panoramisch uitzicht over de Middellandse Zee, aangelegde tuinen en een groot gemeenschappelijk zwembad.\" src=\"https:\/\/media.panoramamarbella.com\/imgV1\/B95mbh8olwFQm~uCT2wPZMb8hll4wghQQQq6YWg0~c~U_DrmgY8pGP8pqaDzA6mvjyI_OPtcrHD_aKxDZZG0LHQVO8cDmoJhRC3AaT7j2zcJrPQINy8dZcwFWR_2jG7mIov1cII06YDjl1Z2Wq02hZAdEwwMa3VuH9qIWQeBultsgEgloOifNQ--.jpg\"><\/picture>\t\t\t<figcaption class=\"wp-caption-text\">\n\t\tThe View Marbella met energie-effici\u00ebntieklasse A\t\t<\/figcaption>\n\t\t\t<\/figure>\n\t\n\n\n<p>Gelegen in de wijk La Alborada in Benahav\u00eds, biedt het exclusief project The View Marbella van Wilma Sierra Blanca appartementen met een energie-effici\u00ebntieklasse A. Het ontwerp maakt gebruik van het Sismo Building Technology-systeem, dat de isolatie verbetert en het energieverbruik met meer dan 35% vermindert. Hernieuwbare energiebronnen zoals zonnepanelen en aerothermische systemen zorgen voor verwarming, koeling en warm water. Het complex beschikt ook over een vijfsterren spa- en wellnesscentrum, inclusief een 25 meter lang binnenzwembad, een fitnessruimte, sauna en Turks bad, allemaal ontworpen met duurzaamheid in gedachten.<\/p>\n\n\n\n<p>Mogelijk bent u ook ge\u00efnteresseerd in:<br><a href=\"https:\/\/www.panoramamarbella.com\/nl\/news\/energieprestatiecertificaat-in-spanje\">energieprestatiecertificaat<\/a><\/p>\n\n\n\n<h2 class=\"wp-block-heading\"><a href=\"https:\/\/www.panoramamarbella.com\/nl\/eigendom\/benahavis\/real-de-la-quinta\/villas\/PANR-12114\">Vista Lago Residences<\/a> \u2013 Real de la Quinta, Benahav\u00eds<\/h2>\n\n\n\t<figure class=\"wp-caption aligncenter wp-block-acf-wpimage\">\n\t<picture><source width=\"900\" height=\"675\" srcset=\"https:\/\/media.panoramamarbella.com\/imgV1\/B95mbh8olwFQm~uCT2wPZMb8hll4wghQQQq6YWg0~c~U_DrmgY8pGP8pqaDzA6mvjyI_OPtcrHD_aKxDZZG0LHMmrjdTPN5K0Wlcw7EZrIkitHUXNpKO14SRg8OtYUpX3~Y5ELt4UOQh5KFPhSdyNCntk8mb~r6Pck7YVKCLj17xSuJgAh8EAAu_uhy~VoQo~anip8AXh5yvFLU-.webp 900w\" type=\"image\/webp\"><img decoding=\"async\" class=\"img-fluid\" loading=\"lazy\" width=\"900\" height=\"675\" alt=\"Elegante, open leefruimte bij Vista Lago Residences in Real de la Quinta, Benahav\u00eds, met een naadloze overgang tussen binnen en buiten, designmeubilair en een panoramisch uitzicht op de Middellandse Zee, de kustlijn van Marbella en de omliggende bergen.\" src=\"https:\/\/media.panoramamarbella.com\/imgV1\/B95mbh8olwFQm~uCT2wPZMb8hll4wghQQQq6YWg0~c~U_DrmgY8pGP8pqaDzA6mvjyI_OPtcrHD_aKxDZZG0LHMmrjdTPN5K0Wlcw7EZrIkitHUXNpKO14SRg8OtYUpX3~Y5ELt4UOQh5KFPhSdyNCntk8mb~r6RZSN8fDLXuaBGhwfDdL4l2w--.jpg\"><\/picture>\t\t\t<figcaption class=\"wp-caption-text\">\n\t\tVista Lago Residences is ontworpen voor maximale energie-effici\u00ebntie\t\t<\/figcaption>\n\t\t\t<\/figure>\n\t\n\n\n<p>Vista Lago Residences, ontwikkeld door BRIGHT, ligt in het 200 hectare grote resort Real de la Quinta, het eerste in Spanje dat een BREEAM-infrastructuurcertificaat heeft behaald. Het exclusief project zelf vraagt momenteel de BREEAM-certificering aan voor de ontwerpfase, met als doel de beoordeling &#8220;Excellent&#8221; te verkrijgen. Elke villa is ontworpen voor maximale energie-effici\u00ebntie en beschikt over 8 kW fotovolta\u00efsche installaties, aerothermische systemen en geavanceerde isolatie. Waterbesparing wordt gerealiseerd via de behandeling van grijs water, regenwateropvang en effici\u00ebnte irrigatiesystemen. De villa\u2019s bieden ook smart home-technologie, biologische tuinen en zijn gebouwd met milieuvriendelijke materialen, wat een harmonieuze mix van luxe en duurzaamheid garandeert.<\/p>\n\n\n\n<p>Bewoners kunnen genieten van alle faciliteiten van Real de la Quinta: een meer van 35.000 m\u00b2 waar niet-gemotoriseerde watersporten zoals kajakken, zwemmen, paddleboarden en roeien mogelijk zijn, een golfbaan rondom het meer, een clubhuis met exclusief restaurant en bar, een wellnesscentrum, tennis- en padelbanen en nog veel meer. Het uitzicht is uitzonderlijk en strekt zich uit over de Middellandse Zee tot aan Gibraltar en de Afrikaanse kustlijn.<\/p>\n\n\n\n<h2 class=\"wp-block-heading\"><a href=\"https:\/\/www.panoramamarbella.com\/nl\/eigendom\/ojen\/palo-alto\">Palo Alto<\/a> \u2013 Oj\u00e9n, Marbella<\/h2>\n\n\n\t<figure class=\"wp-caption aligncenter wp-block-acf-wpimage\">\n\t<picture><source width=\"900\" height=\"600\" srcset=\"https:\/\/media.panoramamarbella.com\/imgV1\/B95mbh8olwFQm~uCT2wPZMb8hll4wghQQQq6YWg0~c~U_DrmgY8pGP8pqaDzA6mvjyI_OPtcrHD_aKxDZZG0LHJmzOwF~trs~Cl7tqp8Y5y3oGXG9XSE0Ib6oIuK~BMjioqAaROJ3pL7jpYTwNVhORERV_owlU3pvqnEIQ1XBDFMYteiut1PFd5QILRwt2Zv_yKwjsyOMUN8jNU-.webp 900w\" type=\"image\/webp\"><img decoding=\"async\" class=\"img-fluid\" loading=\"lazy\" width=\"900\" height=\"600\" alt=\"Modern appartementengebouw in Palo Alto in Oj\u00e9n, Marbella, met strakke witte architectuur, ruime terrassen met glazen balustrades, aangelegde tuinen en een schilderachtig uitzicht op de omliggende heuvels en bergen.\" src=\"https:\/\/media.panoramamarbella.com\/imgV1\/B95mbh8olwFQm~uCT2wPZMb8hll4wghQQQq6YWg0~c~U_DrmgY8pGP8pqaDzA6mvjyI_OPtcrHD_aKxDZZG0LHJmzOwF~trs~Cl7tqp8Y5y3oGXG9XSE0Ib6oIuK~BMjioqAaROJ3pL7jpYTwNVhORERV_owlU33WidT70Axpeu00EbvIQMRxA--.jpg\"><\/picture>\t\t\t<figcaption class=\"wp-caption-text\">\n\t\tPalo Alto ligt net ten noorden van het centrum van Marbella\t\t<\/figcaption>\n\t\t\t<\/figure>\n\t\n\n\n<p>Palo Alto is een afgesloten wooncomplex gelegen in de heuvels van Oj\u00e9n, net ten noorden van het centrum van Marbella. Het beslaat 50 hectare, waarvan slechts 20 hectare bebouwd is, waardoor de natuurlijke omgeving behouden blijft. Deze exclusieve ontwikkeling heeft zich gecommitteerd aan een bijna 90% vermindering van luchtvervuiling en een groene filosofie, met als duidelijk doel de BREEAM-certificering.<\/p>\n\n\n\n<p>Het project bestaat uit 160 appartementen en penthouses verdeeld over vier moderne complexen: Los Pinsapos, Las Jacarandas, Los Almendros en Los Eucaliptos. Bewoners genieten van voorzieningen zoals een healthclub met spa en fitnessruimte, co-workingruimtes, een boerenmarkt, paardensportfaciliteiten en conci\u00ebrgediensten. De woningen, met 2 tot 4 slaapkamers, bieden panoramisch uitzicht op de Middellandse Zee en de Sierra de las Nieves.<\/p>\n\n\n<article class=\"col w-100 position-relative wp-block-acf-banner\">\n    <div class=\"d-flex flex-wrap flex-column flex-xl-row align-items-start align-items-xl-end gap-4 w-100 bg-secondary text-white p-4\">\n        <div class=\"d-flex flex-column\">\n\t\t\t            <a href=\"https:\/\/www.panoramamarbella.com\/nl\/newsletter\" class=\"stretched-link text-white text-decoration-none\" title=\"Vond je het leuk om te lezen?\">\n\t\t\t\t<h2 class=\"text-white mb-3\">Vond je het leuk om te lezen?<\/h2>            <\/a>\n\t\t\t            <p class=\"mb-0\">\n                Abonneer je op onze nieuwsbrief voor boeiende artikelen, exclusieve inhoud en de laatste updates.            <\/p>\n\t\t\t        <\/div>\n\t\t        <span class=\"btn btn-outline-light ms-xl-auto\">Panorama Nieuwsbrief<\/span>\n\t\t    <\/div>\n<\/article>\n\n\n\n\n<h2 class=\"wp-block-heading\">Het regelgevingslandschap in Spanje<\/h2>\n\n\n\n<p>Naarmate Spanje steeds strengere bouwvoorschriften invoert die aansluiten bij de duurzaamheidsdoelstellingen van de EU en het bewustzijn onder consumenten groeit, kunnen we verwachten dat milieuvriendelijk ontwerp de norm zal worden in plaats van de uitzondering binnen de luxe vastgoedmarkt.<\/p>\n\n\n\t<figure class=\"wp-caption aligncenter wp-block-acf-wpimage\">\n\t<picture><source width=\"900\" height=\"600\" srcset=\"https:\/\/media.panoramamarbella.com\/imgV1\/B95mbh8olwFQm~uCT2wPZMb8hll4wghQQQq6YWg0~c~U_DrmgY8pGP8pqaDzA6mvjyI_OPtcrHD_aKxDZZG0LHFyEfxqm6aJR_Qx5kxwtt~xpM6Ih7crgsasPGe5qHTppYlRzOf5YlLKgokDswecZ_CIoc~EetpedR1VJ8neCEZ5oj7k5jqareu_ir5Ghu4Pri2a~QR7R14VA00-.webp 900w\" type=\"image\/webp\"><img decoding=\"async\" class=\"img-fluid\" loading=\"lazy\" width=\"900\" height=\"600\" alt=\"Close-up van de hand van een persoon die een zonnepaneel aanraakt. Dit symbool staat voor schone energie, duurzaamheid en moderne, hernieuwbare technologie.\" src=\"https:\/\/media.panoramamarbella.com\/imgV1\/B95mbh8olwFQm~uCT2wPZMb8hll4wghQQQq6YWg0~c~U_DrmgY8pGP8pqaDzA6mvjyI_OPtcrHD_aKxDZZG0LHFyEfxqm6aJR_Qx5kxwtt~xpM6Ih7crgsasPGe5qHTppYlRzOf5YlLKgokDswecZ_CIoc~EetpAc8HU83L_J2hLf5dwBLwImg--.jpg\"><\/picture>\t\t\t<figcaption class=\"wp-caption-text\">\n\t\tDe Costa del Sol is ideaal gepositioneerd om te voldoen aan en zelfs te overtreffen aan de EU-richtlijn voor energieprestatie van gebouwen\t\t<\/figcaption>\n\t\t\t<\/figure>\n\t\n\n\n<p>De implementatie van de EU-richtlijn voor energieprestatie van gebouwen (EPBD) in Spanje zal vanaf 2026 vereisen dat alle nieuwbouw bijna-energieneutrale gebouwen (nZEB) zijn. Dankzij de overvloedige zon en het milde klimaat is de Costa del Sol bij uitstek geschikt om aan deze normen te voldoen en ze zelfs te overtreffen door middel van passief ontwerp en hernieuwbare energie.<\/p>\n\n\n\n<p>Wil je meer weten over duurzame ontwikkelingen en milieuvriendelijke villa\u2019s in Marbella en omgeving? Neem contact met ons op! We houden je graag op de hoogte van de nieuwste aanbiedingen die perfect bij jou passen.<\/p>\n\n\n\n<div class=\"contact-only bg-light wp-block-acf-contactform\">\n\t\t<div class=\"position-relative\">\n\t\t<span id=\"inm-contact-form\" class=\"position-absolute\" style=\"top:-130px\"><\/span>\n\t<\/div>\n\t\t\n\t\t<script src=\"https:\/\/www.google.com\/recaptcha\/api.js?render=6LeWOaYZAAAAAGZM7q40J51QMau9I_gs19mp9lZJ&#038;hl=nl\"><\/script>\n\t\n<form id=\"contact_form_1\" class=\"needs-validation h-100 d-flex flex-column p-4 p-md-5\" data-contact=\"contact_form_1\" action=\"localhost\" method=\"POST\" novalidate>\n\t<strong class=\"h3 align-self-start\">Je nieuwe thuis wacht op je. Neem vandaag nog contact met ons op<\/strong><p class=\"mb-5\">Marbella biedt een nieuwe generatie woningen die luxe, design en duurzaamheid combineren. Als je ge\u00efnteresseerd bent in het aanschaffen van een moderne, energiezuinige woning die in harmonie is met haar omgeving, staat ons team klaar om je te helpen.<\/p>\t<span id=\"contact_form_1-result\" data-stext=\"source\" data-source=\"contact\"><\/span>\n\t<input type=\"hidden\" name=\"success\" value=\"\/nl\/success?source=listings\" \/>\n\t<input type=\"hidden\" name=\"lang\" value=\"nl\" \/>\n\t<input type=\"hidden\" name=\"agency\" value=\"399\" \/>\n\t<input type=\"hidden\" name=\"recipient\" value=\"listings\" \/>\n\t<input type=\"hidden\" name=\"source\" value=\"https:\/\/www.panoramamarbella.com\/nl\/wp-json\/wp\/v2\/posts\/16947\" \/>\n\t<input type=\"hidden\" name=\"subject\" value=\"Listing Request (NL)\" \/>\n\t\t\t<input type=\"hidden\" name=\"origin\" value=\"De opkomst van duurzame luxeontwikkelingen in Marbella\" \/>\n\t\t<div class=\"row g-3\">\n\t\t<div class=\"col-md-6\">\n\t\t\t<label class=\"form-label\" for=\"name\">Voornaam*<\/label>\n\t\t\t<input id=\"name\" name=\"name\" type=\"text\" class=\"form-control\" autocomplete=\"off\" required data-error=\"Naam vereist\">\n\t\t<\/div>\n\t\t<div class=\"col-md-6\">\n\t\t\t<label class=\"form-label\" for=\"name\">Achternaam*<\/label>\n\t\t\t<input id=\"lastname\" name=\"lastname\" type=\"text\" class=\"form-control\" autocomplete=\"off\" required data-error=\"Achternaam\">\n\t\t<\/div>\n\t\t<div class=\"col-12\">\n\t\t\t<label class=\"form-label\" for=\"email\">E-mail*<\/label>\n\t\t\t<input id=\"email\" name=\"email\" type=\"email\" class=\"form-control\" autocomplete=\"off\" required data-error=\"E-mail vereist\">\n\t\t<\/div>\n\t\t\t\t<div class=\"col-md-6\">\n\t\t\t<label class=\"form-label\" for=\"phone\">Telefoonnummer <small><\/small><\/label>\n\t\t\t<input id=\"phone\" name=\"intphone\" type=\"tel\" class=\"form-control\" autocomplete=\"off\" placeholder=\"Telefoon\" required data-error=\"Telefoonnummers moeten tussen de 8 en 20 cijfers bevatten\" pattern=\"(?:\\d\\s*){4,}\">\n\t\t<\/div>\n\t\t<div class=\"col-md-6\">\n\t\t\t<label class=\"form-label\">Beste tijd om te bellen <small><\/small><\/label>\n\t\t\t<select class=\"form-select\" name=\"time\">\n\t\t\t\t<option selected>Elk moment<\/option>\n\t\t\t\t<option value=\"1\">In de ochtend<\/option>\n\t\t\t\t<option value=\"2\">&#8217;s Middags<\/option>\n\t\t\t\t<option value=\"3\">&#8217;s Avonds<\/option>\n\t\t\t<\/select>\n\t\t<\/div>\n\t\t<div class=\"col-12\">\n\t\t\t<label for=\"address\" class=\"form-label\">Adres <small><\/small><\/label>\n\t\t\t<input id=\"address\" name=\"address\" type=\"text\" class=\"form-control\" \/>\n\t\t<\/div>\n\t\t<div class=\"col-12\">\n\t\t\t<label for=\"formComment\" class=\"form-label\">Bericht<\/label>\n\t\t\t<textarea class=\"form-control\" placeholder=\"Laat hier een reactie achter\" name=\"comment\" id=\"formComment\" maxlength=\"8000\" rows=\"5\"><\/textarea>\n\t\t<\/div>\n\t\t\t\t<div class=\"col-12\">\n\t\t\t<div class=\"form-check\">\n\t\t\t\t<input type=\"checkbox\" class=\"form-check-input\" id=\"contact_form_1-customCheck1\" name=\"privacy_policy\" required data-error=\"Verplicht veld\">\n\t\t\t\t<label class=\"form-check-label\" for=\"contact_form_1-customCheck1\">Ik accepteer de <a target=\"_blank\" class=\"text-decoration-none\" href=\"https:\/\/www.panoramamarbella.com\/privacy-policy\">Algemene voorwaarden<\/a><\/label>\n\t\t\t<\/div>\n\t\t\t<div class=\"form-check\">\n\t\t\t\t<input type=\"checkbox\" class=\"form-check-input\" id=\"contact_form_1-customCheck2\" name=\"commercial_information\">\n\t\t\t\t<label class=\"form-check-label\" for=\"contact_form_1-customCheck2\">Ik ga akkoord met het ontvangen van communicatie van Panorama<\/label>\n\t\t\t<\/div>\n\t\t<\/div>\n\t<\/div>\n\t<button data-ids=\"contact_form_1\" data-lang=\"nl\" data-sitekey=\"6LeWOaYZAAAAAGZM7q40J51QMau9I_gs19mp9lZJ\" class=\"align-self-start btn btn-primary px-4 py-2 mt-4 g-recaptcha\" role=\"button\" aria-label=\"Send\">Stuur<\/button>\n<\/form><\/div>\n\n","protected":false},"excerpt":{"rendered":"<p>Steeds meer kopers willen investeren in duurzame woningen en ontwikkelaars reageren met innovatieve projecten die luxe combineren met milieubewustzijn.<\/p>\n","protected":false},"author":7,"featured_media":16807,"comment_status":"closed","ping_status":"closed","sticky":false,"template":"","format":"standard","meta":{"_acf_changed":false,"footnotes":""},"categories":[43],"tags":[],"class_list":["post-16947","post","type-post","status-publish","format-standard","has-post-thumbnail","hentry","category-vastgoedsector-nieuws"],"acf":[],"_links":{"self":[{"href":"https:\/\/www.panoramamarbella.com\/nl\/wp-json\/wp\/v2\/posts\/16947","targetHints":{"allow":["GET"]}}],"collection":[{"href":"https:\/\/www.panoramamarbella.com\/nl\/wp-json\/wp\/v2\/posts"}],"about":[{"href":"https:\/\/www.panoramamarbella.com\/nl\/wp-json\/wp\/v2\/types\/post"}],"author":[{"embeddable":true,"href":"https:\/\/www.panoramamarbella.com\/nl\/wp-json\/wp\/v2\/users\/7"}],"replies":[{"embeddable":true,"href":"https:\/\/www.panoramamarbella.com\/nl\/wp-json\/wp\/v2\/comments?post=16947"}],"version-history":[{"count":1,"href":"https:\/\/www.panoramamarbella.com\/nl\/wp-json\/wp\/v2\/posts\/16947\/revisions"}],"predecessor-version":[{"id":17546,"href":"https:\/\/www.panoramamarbella.com\/nl\/wp-json\/wp\/v2\/posts\/16947\/revisions\/17546"}],"wp:featuredmedia":[{"embeddable":true,"href":"https:\/\/www.panoramamarbella.com\/nl\/wp-json\/wp\/v2\/media\/16807"}],"wp:attachment":[{"href":"https:\/\/www.panoramamarbella.com\/nl\/wp-json\/wp\/v2\/media?parent=16947"}],"wp:term":[{"taxonomy":"category","embeddable":true,"href":"https:\/\/www.panoramamarbella.com\/nl\/wp-json\/wp\/v2\/categories?post=16947"},{"taxonomy":"post_tag","embeddable":true,"href":"https:\/\/www.panoramamarbella.com\/nl\/wp-json\/wp\/v2\/tags?post=16947"}],"curies":[{"name":"wp","href":"https:\/\/api.w.org\/{rel}","templated":true}]}}